{"id":255705,"date":"2019-01-02T07:00:04","date_gmt":"2019-01-02T05:00:04","guid":{"rendered":"http:\/\/ugtcomunicaciones.es\/wordpress\/?p=255705"},"modified":"2018-12-12T15:18:14","modified_gmt":"2018-12-12T13:18:14","slug":"el-supremo-rebaja-mas-de-la-mitad-una-multa-de-la-cnmc-a-vodafone","status":"publish","type":"post","link":"https:\/\/www.ugtcomunicaciones.es\/wordpress\/el-supremo-rebaja-mas-de-la-mitad-una-multa-de-la-cnmc-a-vodafone\/","title":{"rendered":"El Supremo rebaja m\u00e1s de la mitad una multa de la CNMC a Vodafone"},"content":{"rendered":"\n<p class=\"justificado\">El Alto Tribunal, en una sentencia no recurrible de su sala de lo Contencioso-Administrativo, ha atenuado la multa impuesta por la CNMC a Vodafone por no aplicar correctamente las tarifas de roaming aplicadas a sus clientes.<\/p>\n\n\n\n<p class=\"justificado\">El caso comienza en 2012 y versa sobre los productos Red y Base vigentes en aquella \u00e9poca en el porfolio de Vodafone.<\/p>\n\n\n\n<div class=\"wp-block-image\"><figure class=\"alignright\"><img decoding=\"async\" width=\"273\" height=\"127\" data-src=\"http:\/\/ugtcomunicaciones.es\/wordpress\/wp-content\/uploads\/2018\/12\/Alto-tribunal-1.jpg\" alt=\"\" class=\"wp-image-255737 lazyload\" src=\"data:image\/svg+xml;base64,PHN2ZyB3aWR0aD0iMSIgaGVpZ2h0PSIxIiB4bWxucz0iaHR0cDovL3d3dy53My5vcmcvMjAwMC9zdmciPjwvc3ZnPg==\" style=\"--smush-placeholder-width: 273px; --smush-placeholder-aspect-ratio: 273\/127;\" \/><\/figure><\/div>\n\n\n\n<p class=\"justificado\">Seg\u00fan el regulador, entre noviembre de 2012 y junio de 2013, Vodafone vincul\u00f3 por defecto a dichos productos tarifas de roaming internacional de forma no ajustada a la normativa, puesto que el reglamento europeo establece que los operadores deben aplicar <em>\u00abautom\u00e1ticamente una Eurotarifa de voz\u00bb<\/em> y debe ser el cliente el que opte <em>\u00abdeliberadamente\u00bb<\/em> por una tarifa alternativa. <\/p>\n\n\n\n<p class=\"justificado\">As\u00ed, y seg\u00fan el criterio de la CNMC, Vodafone recaud\u00f3 un 128% m\u00e1s de ingresos brutos a los que hubiera ingresado por aplicar la tarifa regulada, lo que constituye una infracci\u00f3n <em>\u00abmuy grave\u00bb<\/em> y por la que sanciona al operador con 3,1 millones de euros. Enel expediente incoado, la CNMC a\u00f1ade que Vodafone incumpli\u00f3 un requisito <em>\u00abesencial\u00bb<\/em> establecido en el reglamento del Roaming durante un per\u00edodo de siete meses y habiendo informado anteriormente la CMT (predecesor de la CNMC) sobre su interpretaci\u00f3n del reglamento sin modificar la compa\u00f1\u00eda su pr\u00e1ctica.<\/p>\n\n\n\n<p class=\"justificado\">En su defensa, Vodafone aleg\u00f3 que sus clientes estaban siempre facultados para requerir un cambio de contrato sin ning\u00fan coste adicional ni penalizaci\u00f3n, subrayando\u00a0adem\u00e1s\u00a0que sus tarifas resultaban\u00a0<strong>el <em>\u201ccomplemento perfecto\u201d <\/em>para el perfil de clientes que hacen uso intensivo de voz y de datos.<\/strong><\/p>\n\n\n\n<p class=\"justificado\">La multa expedida por el regulador fue recurrida judicialmente por Vodafone en 2014, proceso que acaba de finalizar.En su camino hasta el Supremo, la Audiencia Nacional rebaj\u00f3, en primera instancia, la multa a 1,5 millones desde los 3,1 primigenios. La Audiencia sustent\u00f3 esta mengua en el cambio de calificaci\u00f3n de la infracci\u00f3n, que baj\u00f3 de muy grave a grave.<\/p>\n\n\n\n<p class=\"justificado\">Seis a\u00f1os m\u00e1s tarde de los hechos juzgados,el Supremo ha vuelto a modificar la cuant\u00eda de la multa, increment\u00e1ndola en 300.000 euros, hasta los 1,8 millones finales.<\/p>\n\n\n\n<p class=\"justificado\">No obstante, y a pesar de que considera probados todos los hechos imputados por la CNMC, el Supremo aplica la atenuante de la responsabilidad de la Ley General de Telecomunicaciones al considerar acreditado que Vodafone cumpli\u00f3 con la medida cautelar que le impuso el Consejo de la Comisi\u00f3n del Mercado de la Competencia en el procedimiento sancionador. La operadora dej\u00f3 de asociar autom\u00e1ticamente la tarifa de roaming en cuesti\u00f3n a los planes de precios nacionales RED y Base, \u201c<em>sin necesidad de nuevos requerimientos y sin que fuera preciso que la Comisi\u00f3n adoptara medidas adicionales para lograr la implementaci\u00f3n de lo acordado, la desvinculaci\u00f3n de la tarifa de roaming<a href=\"#_ftn1\"><strong>[1]<\/strong><\/a>\u201d<\/em>.<br><\/p>\n\n\n\n<h3 style=\"text-align: right;\"><strong><span style=\"color: #ff0000;\">UGT<\/span> Comunicaciones<\/strong><br><strong>Sector Estatal<\/strong><\/h3>\n\n\n\n<hr class=\"wp-block-separator\"\/>\n\n\n\n<p style=\"font-size:9px\"><a href=\"#_ftnref1\">[1]<\/a> <a href=\"https:\/\/elpais.com\/economia\/2018\/10\/16\/actualidad\/1539693923_274368.html\" target=\"_blank\" rel=\"noreferrer noopener\" aria-label=\"[1] https:\/\/elpais.com\/economia\/2018\/10\/16\/actualidad\/1539693923_274368.html (abre en una nueva pesta\u00f1a)\">https:\/\/elpais.com\/economia\/2018\/10\/16\/actualidad\/1539693923_274368.html<\/a><\/p>\n","protected":false},"excerpt":{"rendered":"<p>El Alto Tribunal, en una sentencia no recurrible de su sala de lo Contencioso-Administrativo, ha atenuado la multa impuesta por la CNMC a Vodafone por no aplicar correctamente las tarifas de roaming aplicadas a sus clientes. El caso comienza en 2012 y versa sobre los productos Red y Base vigentes en aquella \u00e9poca en el [&hellip;]<\/p>\n","protected":false},"author":3,"featured_media":255752,"comment_status":"closed","ping_status":"closed","sticky":false,"template":"","format":"standard","meta":{"footnotes":""},"categories":[13,12],"tags":[],"class_list":["post-255705","post","type-post","status-publish","format-standard","has-post-thumbnail","hentry","category-mercado-comunicaciones","category-regulacion"],"yoast_head":"<!-- This site is optimized with the Yoast SEO Premium plugin v27.3 (Yoast SEO v27.4) - https:\/\/yoast.com\/product\/yoast-seo-premium-wordpress\/ -->\n<title>El Supremo rebaja m\u00e1s de la mitad una multa de la CNMC a Vodafone - UGT Comunicaciones<\/title>\n<meta name=\"description\" content=\"El Alto Tribunal, en una sentencia no recurrible de su sala de lo Contencioso-Administrativo, ha atenuado la multa impuesta por la CNMC a Vodafone\" \/>\n<meta name=\"robots\" content=\"index, follow, max-snippet:-1, max-image-preview:large, max-video-preview:-1\" \/>\n<link rel=\"canonical\" href=\"https:\/\/www.ugtcomunicaciones.es\/wordpress\/el-supremo-rebaja-mas-de-la-mitad-una-multa-de-la-cnmc-a-vodafone\/\" \/>\n<meta property=\"og:locale\" content=\"es_ES\" \/>\n<meta property=\"og:type\" content=\"article\" \/>\n<meta property=\"og:title\" content=\"El Supremo rebaja m\u00e1s de la mitad una multa de la CNMC a Vodafone\" \/>\n<meta property=\"og:description\" content=\"El Alto Tribunal, en una sentencia no recurrible de su sala de lo Contencioso-Administrativo, ha atenuado la multa impuesta por la CNMC a Vodafone\" \/>\n<meta property=\"og:url\" content=\"https:\/\/www.ugtcomunicaciones.es\/wordpress\/el-supremo-rebaja-mas-de-la-mitad-una-multa-de-la-cnmc-a-vodafone\/\" \/>\n<meta property=\"og:site_name\" content=\"UGT Comunicaciones\" \/>\n<meta property=\"article:publisher\" content=\"https:\/\/www.facebook.com\/ugt.comunicaciones\/\" \/>\n<meta property=\"article:published_time\" content=\"2019-01-02T05:00:04+00:00\" \/>\n<meta property=\"og:image\" content=\"https:\/\/www.ugtcomunicaciones.es\/wordpress\/wp-content\/uploads\/2018\/12\/Alto-tribunal-2.jpg\" \/>\n\t<meta property=\"og:image:width\" content=\"600\" \/>\n\t<meta property=\"og:image:height\" content=\"422\" \/>\n\t<meta property=\"og:image:type\" content=\"image\/jpeg\" \/>\n<meta name=\"author\" content=\"UGT\" \/>\n<meta name=\"twitter:card\" content=\"summary_large_image\" \/>\n<meta name=\"twitter:creator\" content=\"@ugtcom\" \/>\n<meta name=\"twitter:site\" content=\"@ugtcom\" \/>\n<meta name=\"twitter:label1\" content=\"Escrito por\" \/>\n\t<meta name=\"twitter:data1\" content=\"UGT\" \/>\n\t<meta name=\"twitter:label2\" content=\"Tiempo de lectura\" \/>\n\t<meta name=\"twitter:data2\" content=\"2 minutos\" \/>\n<script type=\"application\/ld+json\" class=\"yoast-schema-graph\">{\"@context\":\"https:\\\/\\\/schema.org\",\"@graph\":[{\"@type\":\"Article\",\"@id\":\"https:\\\/\\\/www.ugtcomunicaciones.es\\\/wordpress\\\/el-supremo-rebaja-mas-de-la-mitad-una-multa-de-la-cnmc-a-vodafone\\\/#article\",\"isPartOf\":{\"@id\":\"https:\\\/\\\/www.ugtcomunicaciones.es\\\/wordpress\\\/el-supremo-rebaja-mas-de-la-mitad-una-multa-de-la-cnmc-a-vodafone\\\/\"},\"author\":{\"name\":\"UGT\",\"@id\":\"https:\\\/\\\/www.ugtcomunicaciones.es\\\/wordpress\\\/#\\\/schema\\\/person\\\/eba0fc3fe5b444531d94d4368cba89ed\"},\"headline\":\"El Supremo rebaja m\u00e1s de la mitad una multa de la CNMC a Vodafone\",\"datePublished\":\"2019-01-02T05:00:04+00:00\",\"mainEntityOfPage\":{\"@id\":\"https:\\\/\\\/www.ugtcomunicaciones.es\\\/wordpress\\\/el-supremo-rebaja-mas-de-la-mitad-una-multa-de-la-cnmc-a-vodafone\\\/\"},\"wordCount\":484,\"publisher\":{\"@id\":\"https:\\\/\\\/www.ugtcomunicaciones.es\\\/wordpress\\\/#organization\"},\"image\":{\"@id\":\"https:\\\/\\\/www.ugtcomunicaciones.es\\\/wordpress\\\/el-supremo-rebaja-mas-de-la-mitad-una-multa-de-la-cnmc-a-vodafone\\\/#primaryimage\"},\"thumbnailUrl\":\"https:\\\/\\\/www.ugtcomunicaciones.es\\\/wordpress\\\/wp-content\\\/uploads\\\/2018\\\/12\\\/Alto-tribunal-2.jpg\",\"articleSection\":[\"Mercado Comunicaciones\",\"Regulaci\u00f3n\"],\"inLanguage\":\"es\"},{\"@type\":\"WebPage\",\"@id\":\"https:\\\/\\\/www.ugtcomunicaciones.es\\\/wordpress\\\/el-supremo-rebaja-mas-de-la-mitad-una-multa-de-la-cnmc-a-vodafone\\\/\",\"url\":\"https:\\\/\\\/www.ugtcomunicaciones.es\\\/wordpress\\\/el-supremo-rebaja-mas-de-la-mitad-una-multa-de-la-cnmc-a-vodafone\\\/\",\"name\":\"El Supremo rebaja m\u00e1s de la mitad una multa de la CNMC a Vodafone - UGT Comunicaciones\",\"isPartOf\":{\"@id\":\"https:\\\/\\\/www.ugtcomunicaciones.es\\\/wordpress\\\/#website\"},\"primaryImageOfPage\":{\"@id\":\"https:\\\/\\\/www.ugtcomunicaciones.es\\\/wordpress\\\/el-supremo-rebaja-mas-de-la-mitad-una-multa-de-la-cnmc-a-vodafone\\\/#primaryimage\"},\"image\":{\"@id\":\"https:\\\/\\\/www.ugtcomunicaciones.es\\\/wordpress\\\/el-supremo-rebaja-mas-de-la-mitad-una-multa-de-la-cnmc-a-vodafone\\\/#primaryimage\"},\"thumbnailUrl\":\"https:\\\/\\\/www.ugtcomunicaciones.es\\\/wordpress\\\/wp-content\\\/uploads\\\/2018\\\/12\\\/Alto-tribunal-2.jpg\",\"datePublished\":\"2019-01-02T05:00:04+00:00\",\"description\":\"El Alto Tribunal, en una sentencia no recurrible de su sala de lo Contencioso-Administrativo, ha atenuado la multa impuesta por la CNMC a Vodafone\",\"breadcrumb\":{\"@id\":\"https:\\\/\\\/www.ugtcomunicaciones.es\\\/wordpress\\\/el-supremo-rebaja-mas-de-la-mitad-una-multa-de-la-cnmc-a-vodafone\\\/#breadcrumb\"},\"inLanguage\":\"es\",\"potentialAction\":[{\"@type\":\"ReadAction\",\"target\":[\"https:\\\/\\\/www.ugtcomunicaciones.es\\\/wordpress\\\/el-supremo-rebaja-mas-de-la-mitad-una-multa-de-la-cnmc-a-vodafone\\\/\"]}]},{\"@type\":\"ImageObject\",\"inLanguage\":\"es\",\"@id\":\"https:\\\/\\\/www.ugtcomunicaciones.es\\\/wordpress\\\/el-supremo-rebaja-mas-de-la-mitad-una-multa-de-la-cnmc-a-vodafone\\\/#primaryimage\",\"url\":\"https:\\\/\\\/www.ugtcomunicaciones.es\\\/wordpress\\\/wp-content\\\/uploads\\\/2018\\\/12\\\/Alto-tribunal-2.jpg\",\"contentUrl\":\"https:\\\/\\\/www.ugtcomunicaciones.es\\\/wordpress\\\/wp-content\\\/uploads\\\/2018\\\/12\\\/Alto-tribunal-2.jpg\",\"width\":600,\"height\":422,\"caption\":\"Alto tribunal 2\"},{\"@type\":\"BreadcrumbList\",\"@id\":\"https:\\\/\\\/www.ugtcomunicaciones.es\\\/wordpress\\\/el-supremo-rebaja-mas-de-la-mitad-una-multa-de-la-cnmc-a-vodafone\\\/#breadcrumb\",\"itemListElement\":[{\"@type\":\"ListItem\",\"position\":1,\"name\":\"Portada\",\"item\":\"https:\\\/\\\/www.ugtcomunicaciones.es\\\/wordpress\\\/\"},{\"@type\":\"ListItem\",\"position\":2,\"name\":\"El Supremo rebaja m\u00e1s de la mitad una multa de la CNMC a Vodafone\"}]},{\"@type\":\"WebSite\",\"@id\":\"https:\\\/\\\/www.ugtcomunicaciones.es\\\/wordpress\\\/#website\",\"url\":\"https:\\\/\\\/www.ugtcomunicaciones.es\\\/wordpress\\\/\",\"name\":\"UGT Comunicaciones\",\"description\":\"Sindicato de Telecomunicaciones\",\"publisher\":{\"@id\":\"https:\\\/\\\/www.ugtcomunicaciones.es\\\/wordpress\\\/#organization\"},\"potentialAction\":[{\"@type\":\"SearchAction\",\"target\":{\"@type\":\"EntryPoint\",\"urlTemplate\":\"https:\\\/\\\/www.ugtcomunicaciones.es\\\/wordpress\\\/?s={search_term_string}\"},\"query-input\":{\"@type\":\"PropertyValueSpecification\",\"valueRequired\":true,\"valueName\":\"search_term_string\"}}],\"inLanguage\":\"es\"},{\"@type\":\"Organization\",\"@id\":\"https:\\\/\\\/www.ugtcomunicaciones.es\\\/wordpress\\\/#organization\",\"name\":\"UGT Comunicaciones\",\"url\":\"https:\\\/\\\/www.ugtcomunicaciones.es\\\/wordpress\\\/\",\"logo\":{\"@type\":\"ImageObject\",\"inLanguage\":\"es\",\"@id\":\"https:\\\/\\\/www.ugtcomunicaciones.es\\\/wordpress\\\/#\\\/schema\\\/logo\\\/image\\\/\",\"url\":\"https:\\\/\\\/www.ugtcomunicaciones.es\\\/wordpress\\\/wp-content\\\/uploads\\\/2024\\\/04\\\/comunicaciones_logo.png\",\"contentUrl\":\"https:\\\/\\\/www.ugtcomunicaciones.es\\\/wordpress\\\/wp-content\\\/uploads\\\/2024\\\/04\\\/comunicaciones_logo.png\",\"width\":298,\"height\":81,\"caption\":\"UGT Comunicaciones\"},\"image\":{\"@id\":\"https:\\\/\\\/www.ugtcomunicaciones.es\\\/wordpress\\\/#\\\/schema\\\/logo\\\/image\\\/\"},\"sameAs\":[\"https:\\\/\\\/www.facebook.com\\\/ugt.comunicaciones\\\/\",\"https:\\\/\\\/x.com\\\/ugtcom\"]},{\"@type\":\"Person\",\"@id\":\"https:\\\/\\\/www.ugtcomunicaciones.es\\\/wordpress\\\/#\\\/schema\\\/person\\\/eba0fc3fe5b444531d94d4368cba89ed\",\"name\":\"UGT\",\"image\":{\"@type\":\"ImageObject\",\"inLanguage\":\"es\",\"@id\":\"https:\\\/\\\/secure.gravatar.com\\\/avatar\\\/2a16057d620a4c646bcfc171c4f23030879ebbdd346f0525bd5d4a564e57e13d?s=96&d=mm&r=g\",\"url\":\"https:\\\/\\\/secure.gravatar.com\\\/avatar\\\/2a16057d620a4c646bcfc171c4f23030879ebbdd346f0525bd5d4a564e57e13d?s=96&d=mm&r=g\",\"contentUrl\":\"https:\\\/\\\/secure.gravatar.com\\\/avatar\\\/2a16057d620a4c646bcfc171c4f23030879ebbdd346f0525bd5d4a564e57e13d?s=96&d=mm&r=g\",\"caption\":\"UGT\"}}]}<\/script>\n<!-- \/ Yoast SEO Premium plugin. -->","yoast_head_json":{"title":"El Supremo rebaja m\u00e1s de la mitad una multa de la CNMC a Vodafone - UGT Comunicaciones","description":"El Alto Tribunal, en una sentencia no recurrible de su sala de lo Contencioso-Administrativo, ha atenuado la multa impuesta por la CNMC a Vodafone","robots":{"index":"index","follow":"follow","max-snippet":"max-snippet:-1","max-image-preview":"max-image-preview:large","max-video-preview":"max-video-preview:-1"},"canonical":"https:\/\/www.ugtcomunicaciones.es\/wordpress\/el-supremo-rebaja-mas-de-la-mitad-una-multa-de-la-cnmc-a-vodafone\/","og_locale":"es_ES","og_type":"article","og_title":"El Supremo rebaja m\u00e1s de la mitad una multa de la CNMC a Vodafone","og_description":"El Alto Tribunal, en una sentencia no recurrible de su sala de lo Contencioso-Administrativo, ha atenuado la multa impuesta por la CNMC a Vodafone","og_url":"https:\/\/www.ugtcomunicaciones.es\/wordpress\/el-supremo-rebaja-mas-de-la-mitad-una-multa-de-la-cnmc-a-vodafone\/","og_site_name":"UGT Comunicaciones","article_publisher":"https:\/\/www.facebook.com\/ugt.comunicaciones\/","article_published_time":"2019-01-02T05:00:04+00:00","og_image":[{"width":600,"height":422,"url":"https:\/\/www.ugtcomunicaciones.es\/wordpress\/wp-content\/uploads\/2018\/12\/Alto-tribunal-2.jpg","type":"image\/jpeg"}],"author":"UGT","twitter_card":"summary_large_image","twitter_creator":"@ugtcom","twitter_site":"@ugtcom","twitter_misc":{"Escrito por":"UGT","Tiempo de lectura":"2 minutos"},"schema":{"@context":"https:\/\/schema.org","@graph":[{"@type":"Article","@id":"https:\/\/www.ugtcomunicaciones.es\/wordpress\/el-supremo-rebaja-mas-de-la-mitad-una-multa-de-la-cnmc-a-vodafone\/#article","isPartOf":{"@id":"https:\/\/www.ugtcomunicaciones.es\/wordpress\/el-supremo-rebaja-mas-de-la-mitad-una-multa-de-la-cnmc-a-vodafone\/"},"author":{"name":"UGT","@id":"https:\/\/www.ugtcomunicaciones.es\/wordpress\/#\/schema\/person\/eba0fc3fe5b444531d94d4368cba89ed"},"headline":"El Supremo rebaja m\u00e1s de la mitad una multa de la CNMC a Vodafone","datePublished":"2019-01-02T05:00:04+00:00","mainEntityOfPage":{"@id":"https:\/\/www.ugtcomunicaciones.es\/wordpress\/el-supremo-rebaja-mas-de-la-mitad-una-multa-de-la-cnmc-a-vodafone\/"},"wordCount":484,"publisher":{"@id":"https:\/\/www.ugtcomunicaciones.es\/wordpress\/#organization"},"image":{"@id":"https:\/\/www.ugtcomunicaciones.es\/wordpress\/el-supremo-rebaja-mas-de-la-mitad-una-multa-de-la-cnmc-a-vodafone\/#primaryimage"},"thumbnailUrl":"https:\/\/www.ugtcomunicaciones.es\/wordpress\/wp-content\/uploads\/2018\/12\/Alto-tribunal-2.jpg","articleSection":["Mercado Comunicaciones","Regulaci\u00f3n"],"inLanguage":"es"},{"@type":"WebPage","@id":"https:\/\/www.ugtcomunicaciones.es\/wordpress\/el-supremo-rebaja-mas-de-la-mitad-una-multa-de-la-cnmc-a-vodafone\/","url":"https:\/\/www.ugtcomunicaciones.es\/wordpress\/el-supremo-rebaja-mas-de-la-mitad-una-multa-de-la-cnmc-a-vodafone\/","name":"El Supremo rebaja m\u00e1s de la mitad una multa de la CNMC a Vodafone - UGT Comunicaciones","isPartOf":{"@id":"https:\/\/www.ugtcomunicaciones.es\/wordpress\/#website"},"primaryImageOfPage":{"@id":"https:\/\/www.ugtcomunicaciones.es\/wordpress\/el-supremo-rebaja-mas-de-la-mitad-una-multa-de-la-cnmc-a-vodafone\/#primaryimage"},"image":{"@id":"https:\/\/www.ugtcomunicaciones.es\/wordpress\/el-supremo-rebaja-mas-de-la-mitad-una-multa-de-la-cnmc-a-vodafone\/#primaryimage"},"thumbnailUrl":"https:\/\/www.ugtcomunicaciones.es\/wordpress\/wp-content\/uploads\/2018\/12\/Alto-tribunal-2.jpg","datePublished":"2019-01-02T05:00:04+00:00","description":"El Alto Tribunal, en una sentencia no recurrible de su sala de lo Contencioso-Administrativo, ha atenuado la multa impuesta por la CNMC a Vodafone","breadcrumb":{"@id":"https:\/\/www.ugtcomunicaciones.es\/wordpress\/el-supremo-rebaja-mas-de-la-mitad-una-multa-de-la-cnmc-a-vodafone\/#breadcrumb"},"inLanguage":"es","potentialAction":[{"@type":"ReadAction","target":["https:\/\/www.ugtcomunicaciones.es\/wordpress\/el-supremo-rebaja-mas-de-la-mitad-una-multa-de-la-cnmc-a-vodafone\/"]}]},{"@type":"ImageObject","inLanguage":"es","@id":"https:\/\/www.ugtcomunicaciones.es\/wordpress\/el-supremo-rebaja-mas-de-la-mitad-una-multa-de-la-cnmc-a-vodafone\/#primaryimage","url":"https:\/\/www.ugtcomunicaciones.es\/wordpress\/wp-content\/uploads\/2018\/12\/Alto-tribunal-2.jpg","contentUrl":"https:\/\/www.ugtcomunicaciones.es\/wordpress\/wp-content\/uploads\/2018\/12\/Alto-tribunal-2.jpg","width":600,"height":422,"caption":"Alto tribunal 2"},{"@type":"BreadcrumbList","@id":"https:\/\/www.ugtcomunicaciones.es\/wordpress\/el-supremo-rebaja-mas-de-la-mitad-una-multa-de-la-cnmc-a-vodafone\/#breadcrumb","itemListElement":[{"@type":"ListItem","position":1,"name":"Portada","item":"https:\/\/www.ugtcomunicaciones.es\/wordpress\/"},{"@type":"ListItem","position":2,"name":"El Supremo rebaja m\u00e1s de la mitad una multa de la CNMC a Vodafone"}]},{"@type":"WebSite","@id":"https:\/\/www.ugtcomunicaciones.es\/wordpress\/#website","url":"https:\/\/www.ugtcomunicaciones.es\/wordpress\/","name":"UGT Comunicaciones","description":"Sindicato de Telecomunicaciones","publisher":{"@id":"https:\/\/www.ugtcomunicaciones.es\/wordpress\/#organization"},"potentialAction":[{"@type":"SearchAction","target":{"@type":"EntryPoint","urlTemplate":"https:\/\/www.ugtcomunicaciones.es\/wordpress\/?s={search_term_string}"},"query-input":{"@type":"PropertyValueSpecification","valueRequired":true,"valueName":"search_term_string"}}],"inLanguage":"es"},{"@type":"Organization","@id":"https:\/\/www.ugtcomunicaciones.es\/wordpress\/#organization","name":"UGT Comunicaciones","url":"https:\/\/www.ugtcomunicaciones.es\/wordpress\/","logo":{"@type":"ImageObject","inLanguage":"es","@id":"https:\/\/www.ugtcomunicaciones.es\/wordpress\/#\/schema\/logo\/image\/","url":"https:\/\/www.ugtcomunicaciones.es\/wordpress\/wp-content\/uploads\/2024\/04\/comunicaciones_logo.png","contentUrl":"https:\/\/www.ugtcomunicaciones.es\/wordpress\/wp-content\/uploads\/2024\/04\/comunicaciones_logo.png","width":298,"height":81,"caption":"UGT Comunicaciones"},"image":{"@id":"https:\/\/www.ugtcomunicaciones.es\/wordpress\/#\/schema\/logo\/image\/"},"sameAs":["https:\/\/www.facebook.com\/ugt.comunicaciones\/","https:\/\/x.com\/ugtcom"]},{"@type":"Person","@id":"https:\/\/www.ugtcomunicaciones.es\/wordpress\/#\/schema\/person\/eba0fc3fe5b444531d94d4368cba89ed","name":"UGT","image":{"@type":"ImageObject","inLanguage":"es","@id":"https:\/\/secure.gravatar.com\/avatar\/2a16057d620a4c646bcfc171c4f23030879ebbdd346f0525bd5d4a564e57e13d?s=96&d=mm&r=g","url":"https:\/\/secure.gravatar.com\/avatar\/2a16057d620a4c646bcfc171c4f23030879ebbdd346f0525bd5d4a564e57e13d?s=96&d=mm&r=g","contentUrl":"https:\/\/secure.gravatar.com\/avatar\/2a16057d620a4c646bcfc171c4f23030879ebbdd346f0525bd5d4a564e57e13d?s=96&d=mm&r=g","caption":"UGT"}}]}},"_links":{"self":[{"href":"https:\/\/www.ugtcomunicaciones.es\/wordpress\/wp-json\/wp\/v2\/posts\/255705","targetHints":{"allow":["GET"]}}],"collection":[{"href":"https:\/\/www.ugtcomunicaciones.es\/wordpress\/wp-json\/wp\/v2\/posts"}],"about":[{"href":"https:\/\/www.ugtcomunicaciones.es\/wordpress\/wp-json\/wp\/v2\/types\/post"}],"author":[{"embeddable":true,"href":"https:\/\/www.ugtcomunicaciones.es\/wordpress\/wp-json\/wp\/v2\/users\/3"}],"replies":[{"embeddable":true,"href":"https:\/\/www.ugtcomunicaciones.es\/wordpress\/wp-json\/wp\/v2\/comments?post=255705"}],"version-history":[{"count":0,"href":"https:\/\/www.ugtcomunicaciones.es\/wordpress\/wp-json\/wp\/v2\/posts\/255705\/revisions"}],"wp:featuredmedia":[{"embeddable":true,"href":"https:\/\/www.ugtcomunicaciones.es\/wordpress\/wp-json\/wp\/v2\/media\/255752"}],"wp:attachment":[{"href":"https:\/\/www.ugtcomunicaciones.es\/wordpress\/wp-json\/wp\/v2\/media?parent=255705"}],"wp:term":[{"taxonomy":"category","embeddable":true,"href":"https:\/\/www.ugtcomunicaciones.es\/wordpress\/wp-json\/wp\/v2\/categories?post=255705"},{"taxonomy":"post_tag","embeddable":true,"href":"https:\/\/www.ugtcomunicaciones.es\/wordpress\/wp-json\/wp\/v2\/tags?post=255705"}],"curies":[{"name":"wp","href":"https:\/\/api.w.org\/{rel}","templated":true}]}}