{"id":255718,"date":"2019-01-02T07:00:47","date_gmt":"2019-01-02T05:00:47","guid":{"rendered":"http:\/\/ugtcomunicaciones.es\/wordpress\/?p=255718"},"modified":"2018-12-11T14:16:41","modified_gmt":"2018-12-11T12:16:41","slug":"de-verdad-europa-ha-cambiado-de-criterio-para-admitir-fusiones-de-teleco","status":"publish","type":"post","link":"https:\/\/www.ugtcomunicaciones.es\/wordpress\/de-verdad-europa-ha-cambiado-de-criterio-para-admitir-fusiones-de-teleco\/","title":{"rendered":"\u00bfDe verdad Europa ha cambiado de criterio para admitir fusiones de teleco?"},"content":{"rendered":"\n<p class=\"justificado\">Aut\u00e9nticos r\u00edos de tinta han sido vertidos como consecuencia del supuesto cambio de criterio dela Comisi\u00f3n Europea a la hora de evaluar las fusiones entre operadoras de telecomunicaciones. Especialistas, consultoras y medios de comunicaci\u00f3n de toda Europa se han afanado en analizar y valorar el nuevo tratamiento de la fusi\u00f3n entre las holandesas T-Mobile y Tele2<a href=\"#_ftn1\">[1]<\/a>por parte del departamento de Competencia de la Comisi\u00f3n Europea<a href=\"#_ftn2\">[2]<\/a>. Pero, <strong>\u00bfqu\u00e9 hay realmente detr\u00e1s de esta decisi\u00f3n? \u00bfse trata de un verdadero cambio de criterio o de una excepci\u00f3n razonada? \u00bfestamos en los proleg\u00f3menos de una avalancha de fusiones en Europa o solo es una an\u00e9cdota sacada fuera de contexto?<\/strong><\/p>\n\n\n\n<div class=\"wp-block-image\"><figure class=\"alignleft\"><img decoding=\"async\" width=\"352\" height=\"195\" data-src=\"http:\/\/ugtcomunicaciones.es\/wordpress\/wp-content\/uploads\/2018\/12\/fusion-01-02-01-19.jpg\" alt=\"\" class=\"wp-image-255719 lazyload\" data-srcset=\"https:\/\/www.ugtcomunicaciones.es\/wordpress\/wp-content\/uploads\/2018\/12\/fusion-01-02-01-19.jpg 352w, https:\/\/www.ugtcomunicaciones.es\/wordpress\/wp-content\/uploads\/2018\/12\/fusion-01-02-01-19-300x166.jpg 300w\" data-sizes=\"(max-width: 352px) 100vw, 352px\" src=\"data:image\/svg+xml;base64,PHN2ZyB3aWR0aD0iMSIgaGVpZ2h0PSIxIiB4bWxucz0iaHR0cDovL3d3dy53My5vcmcvMjAwMC9zdmciPjwvc3ZnPg==\" style=\"--smush-placeholder-width: 352px; --smush-placeholder-aspect-ratio: 352\/195;\" \/><\/figure><\/div>\n\n\n\n<p class=\"justificado\">Hagamos primero algo de memoria. La actual Comisi\u00f3n Europa, a la que le quedan escasos meses de mandato, primer dato a tener muy en cuenta, tuvo su primer reto regulatorio en 2015, precisamente al inicio de su legislatura, cuando decidi\u00f3 vetar la fusi\u00f3n entre O2 y Three en el Reino Unido. La Comisi\u00f3n aleg\u00f3 que la reducci\u00f3n de cuatro a tres operadores iba en contra de las normas comunitarias de competencia, lo que crear\u00eda una norma t\u00e1cita en este sentido. Aunque no se debe perder de vista que la decisi\u00f3n fue tomada bajo un fort\u00edsimo componente pol\u00edtico, con un Reino Unido a punto de votar lo que posteriormente signific\u00f3 su salida de la Uni\u00f3n Europea. <\/p>\n\n\n\n<p class=\"justificado\">Esta medida, furibundamente defendida por la ahora Comisaria saliente, Margather Vesteger, <em>fille&nbsp;<\/em>terrible del sector, consolid\u00f3 la idea de que las fusiones de operadores en Europa eran inviables, regulatoriamente hablando<a href=\"#_ftn3\">[3]<\/a>,cuando supon\u00eda una reducci\u00f3n significativa en el n\u00famero de competidores locales(especialmente si eran de tres a cuatro<a href=\"#_ftn4\">[4]<\/a>);o en su defecto, las condiciones que se impon\u00edan a dichas fusiones dificultaban tanto su viabilidad, que ning\u00fan operador las consideraba rentables ni asumibles.<\/p>\n\n\n\n<p class=\"justificado\">Sin lugar a dudas, el precedente de O2 y Three en UK, o las fuertes imposiciones a las fusiones de E-Plus y Telef\u00f3nica en Alemania o Jazztel y Orange en Espa\u00f1a (venta de activos,obligaci\u00f3n de itinerancia mayorista nacional, facilitar la entrada de nuevos OMV, etc.<a href=\"#_ftn5\">[5]<\/a>)representaron un fuerte y desalentador condicionante a cualquier iniciativa en este sentido.<\/p>\n\n\n\n<p class=\"justificado\">No obstante, cabe se\u00f1alar que el proceso de consolidaci\u00f3n ha continuado en plena vigencia en Europa, con cada vez m\u00e1s operaciones corporativas de compra, venta y fusi\u00f3n, siempre y cuando s\u00f3lo afectasen a una reducida porci\u00f3n de actores. Los ejemplos en Espa\u00f1a,las cableras de norte<a href=\"#_ftn6\">[6]<\/a>, las sucesivas adquisiciones de M\u00e1sM\u00f3vil (Yoigo, Pepephone y un largo etc\u00e9tera de OMV), o la reciente adquisici\u00f3n de Rep\u00fablica M\u00f3vil por parte de Orange, confirman que el mercado ha seguido muy vivo. <\/p>\n\n\n\n<p class=\"justificado\">Casi cuatro a\u00f1os despu\u00e9s dela fijaci\u00f3n del criterio por parte de la Comisi\u00f3n en el caso brit\u00e1nico, llega un nuevo dictamen sobre una fusi\u00f3n en Holanda, en donde Europa parece aflojar sus exigencias, permitiendo reducir el n\u00famero de operadores locales de cuatro a tres sin obligarles a ceder activos; o como se dice en la jerga sectorial, una <em>\u201caprobaci\u00f3n incondicional sin el requisito de ofrecer remedios\u201d<\/em>,lo que ha disparado los rumores que auguran una nueva avalancha de fusiones a gran escala. Los grandes del sector, actores instalados en multitud de pa\u00edses, parecen visualizar una nueva oportunidad para fusionarse, al eliminarse uno de los principales obst\u00e1culos regulatorios.<\/p>\n\n\n\n<p class=\"justificado\">Pero,<strong> \u00bfqu\u00e9 hay realmente detr\u00e1s de esta decisi\u00f3n? <\/strong>En puridad, no se puede afirmar a\u00fan que estemos ante un cambio de criterio. Primero, porque esta decisi\u00f3n la toma un equipo que no estar\u00e1 a los mandos de la Comisi\u00f3n en muy pocos meses. Qui\u00e9n sabe si el nuevo staff asumir\u00e1 como suya esta nueva forma de ver las fusiones o volver\u00e1 al criterio anterior. Adem\u00e1s, nunca hay que perder de vista a los reguladores nacionales, aveces tan imprevisibles como pueden ser los comunitarios. De hecho, el regulador alem\u00e1n acaba de hacer un movimiento justo en la direcci\u00f3n contraria,al plantear una subasta de frecuencias del 5G claramente inclinada hacia la conformaci\u00f3n de nuevos operadores<a href=\"#_ftn7\">[7]<\/a>.<\/p>\n\n\n\n<p class=\"justificado\"><strong>\u00bfSe trata de un verdadero cambio de criterio o de una excepci\u00f3n razonada? <\/strong>El caso holand\u00e9s, por las propias caracter\u00edsticas del mercado local, no es f\u00e1cilmente exportable al resto de pa\u00edses de la Uni\u00f3n. As\u00ed, la combinaci\u00f3n del tercer y cuarto operador no crea un\u201cgigante\u201d local, sino un actor con el 25% de cuota de mercado y muy lejos a\u00fan del segundo operador, lo que le permitir\u00eda, \u00fanicamente, mantener su actual tercera posici\u00f3n. Adem\u00e1s, Tele2 ya depend\u00eda en gran medida de T-Mobile, puesto que usa la red de esta \u00faltima para dar cobertura completa, por lo que su fusi\u00f3n solo acelera una uni\u00f3n ya considerada de facto. Por \u00faltimo, el clima pol\u00edtico que concluy\u00f3 con el veto de la fusi\u00f3n en UK, <em>brexit<\/em> por medio, ha cambiado sustancialmente, lo que aporta una nueva variable a la dif\u00edcil f\u00f3rmula de predecir que har\u00e1 la nueva Comisi\u00f3n Europa que emane de las elecciones de 2019.<\/p>\n\n\n\n<p class=\"justificado\"><strong>\u00bfEstamos en los proleg\u00f3menos de una avalancha de fusiones en Europa o solo es una an\u00e9cdota sacada fuera de contexto? <\/strong>Es imposible afirmar una cosa o su contraria. No cabe entender el precedente holand\u00e9s como algo anecd\u00f3tico, aunque elevarlo a la categor\u00eda de precedente europeo es, sin duda, exagerar su relevancia.<\/p>\n\n\n\n<p class=\"justificado\">Finalmente, para que se produzca una verdadera avalancha de fusiones continentales entre las grandes operadoras europeas para crear, en palabras de Orange, nuevos \u201ccampeones tecnol\u00f3gicos<a href=\"#_ftn8\">[8]<\/a>\u201d,se tienen que dar una serie de circunstancias nada f\u00e1ciles de concitar: por una parte, que los Estados que a\u00fan manejan a sus operadoras (Alemania y DT, Francia y Orange e Italia y TIM), est\u00e9n dispuestos a dar un paso que puede laminar la nacionalidad de sus empresas y socavar el famoso \u201cefecto sede<a href=\"#_ftn9\">[9]<\/a>\u201d;y por otra parte, que realmente Europa proponga unos criterios para dichas fusiones que las haga rentables y atractivas. Ambas casu\u00edsticas, son f\u00e1ciles deplasmar en un papel, pero tremendamente dif\u00edciles de llevar a la pr\u00e1ctica.<\/p>\n\n\n\n<p class=\"justificado\">En conclusi\u00f3n, algo ha cambiado en el entorno regulatorio, pero a\u00fan no sabemos ni su alcance ni sus repercusiones futuras. S\u00f3lo cabe esperar nuevos acontecimientos.<br><\/p>\n\n\n\n<h3 style=\"text-align: right;\"><strong><span style=\"color: #ff0000;\">UGT<\/span> Comunicaciones<\/strong><br><strong>Sector Estatal<\/strong><\/h3>\n\n\n\n<hr class=\"wp-block-separator\"\/>\n\n\n\n<p style=\"font-size:9px\"><a href=\"#_ftnref1\">[1]<\/a> <a rel=\"noreferrer noopener\" aria-label=\"[1] http:\/\/ugtcomunicaciones.es\/wordpress\/dt-y-tele2-se-fusionan-en-holanda\/ (abre en una nueva pesta\u00f1a)\" href=\"http:\/\/ugtcomunicaciones.es\/wordpress\/dt-y-tele2-se-fusionan-en-holanda\/\" target=\"_blank\">http:\/\/ugtcomunicaciones.es\/wordpress\/dt-y-tele2-se-fusionan-en-holanda\/<\/a><br><a href=\"http:\/\/ugtcomunicaciones.es\/wordpress\/wp-admin\/post.php?post=255718&amp;action=edit#_ftnref2\">[2]<\/a>\u00a0<a rel=\"noreferrer noopener\" href=\"https:\/\/www.telecompaper.com\/news\/ec-says-uncertain-tele2-nl-future-drove-merger-approval-decision--1271140\" target=\"_blank\">https:\/\/www.telecompaper.com\/news\/ec-says-uncertain-tele2-nl-future-drove-merger-approval-decision&#8211;1271140<\/a>,<a rel=\"noreferrer noopener\" href=\"http:\/\/telecoms.com\/493836\/netherlands-falls-to-three-mnos-as-europe-approves-t-mobiletele2-deal\/\" target=\"_blank\">http:\/\/telecoms.com\/493836\/netherlands-falls-to-three-mnos-as-europe-approves-t-mobiletele2-deal\/<\/a>,<a rel=\"noreferrer noopener\" href=\"https:\/\/www.telegeography.com\/products\/commsupdate\/articles\/2018\/11\/28\/ec-greenlights-t-mobile-takeover-of-tele2\/\" target=\"_blank\">https:\/\/www.telegeography.com\/products\/commsupdate\/articles\/2018\/11\/28\/ec-greenlights-t-mobile-takeover-of-tele2\/<\/a>,<a rel=\"noreferrer noopener\" href=\"https:\/\/www.totaltele.com\/501679\/European-Commission-set-to-approve-Deutsche-Telekoms-bid-for-Tele2\" target=\"_blank\">https:\/\/www.totaltele.com\/\/501679\/European-Commission-set-to-approve-Deutsche-Telekoms-bid-for-Tele2<\/a>,<a rel=\"noreferrer noopener\" href=\"https:\/\/www.reuters.com\/article\/us-tele2-m-a-deutsche-telekom-eu-exclusi\/exclusive-deutsche-telekom-to-win-eu-nod-for-dutch-tele2-deal-shares-jump-idUSKCN1NV1TO\" target=\"_blank\">https:\/\/www.reuters.com\/article\/us-tele2-m-a-deutsche-telekom-eu-exclusi\/exclusive-deutsche-telekom-to-win-eu-nod-for-dutch-tele2-deal-shares-jump-idUSKCN1NV1TO<\/a>,<a rel=\"noreferrer noopener\" href=\"https:\/\/www.lightreading.com\/regulation\/ec-signs-off-tele2-t-mobile-merger-in-netherlands\/d\/d-id\/747839\" target=\"_blank\">https:\/\/www.lightreading.com\/regulation\/ec-signs-off-tele2-t-mobile-merger-in-netherlands\/d\/d-id\/747839<\/a><br><a href=\"http:\/\/ugtcomunicaciones.es\/wordpress\/wp-admin\/post.php?post=255718&amp;action=edit#_ftnref3\">[3]<\/a>\u00a0<a rel=\"noreferrer noopener\" href=\"https:\/\/cincodias.elpais.com\/cincodias\/2015\/11\/13\/economia\/1447439663_958784.html\" target=\"_blank\">https:\/\/cincodias.elpais.com\/cincodias\/2015\/11\/13\/economia\/1447439663_958784.html<\/a><br><a href=\"http:\/\/ugtcomunicaciones.es\/wordpress\/wp-admin\/post.php?post=255718&amp;action=edit#_ftnref4\">[4]<\/a>\u00a0<a rel=\"noreferrer noopener\" href=\"http:\/\/www.expansion.com\/blogs\/tecnoestrategias\/2015\/11\/13\/el-cuarto-operador-de-telecos.html\" target=\"_blank\">http:\/\/www.expansion.com\/blogs\/tecnoestrategias\/2015\/11\/13\/el-cuarto-operador-de-telecos.html<\/a><br><a href=\"http:\/\/ugtcomunicaciones.es\/wordpress\/wp-admin\/post.php?post=255718&amp;action=edit#_ftnref5\">[5]<\/a>\u00a0<a rel=\"noreferrer noopener\" href=\"http:\/\/www.smcugt.org\/archivos\/elementos\/2014\/bruselas_aprueba_dos_fusiones_de_una_tacada.pdf\" target=\"_blank\">http:\/\/www.smcugt.org\/archivos\/elementos\/2014\/bruselas_aprueba_dos_fusiones_de_una_tacada.pdf<\/a>;<a href=\"http:\/\/www.expansion.com\/empresas\/tecnologia\/2015\/03\/25\/5512ae2f22601d18208b458d.html\">http:\/\/www.expansion.com\/empresas\/tecnologia\/2015\/03\/25\/5512ae2f22601d18208b458d.html<\/a>\u00a0<br><a href=\"http:\/\/ugtcomunicaciones.es\/wordpress\/wp-admin\/post.php?post=255718&amp;action=edit#_ftnref6\">[6]<\/a>\u00a0<a rel=\"noreferrer noopener\" href=\"http:\/\/ugtcomunicaciones.es\/wordpress\/los-cableros-del-norte-se-unen\/\" target=\"_blank\">http:\/\/ugtcomunicaciones.es\/wordpress\/los-cableros-del-norte-se-unen\/<\/a><br><a href=\"http:\/\/ugtcomunicaciones.es\/wordpress\/wp-admin\/post.php?post=255718&amp;action=edit#_ftnref7\">[7]<\/a>\u00a0<a rel=\"noreferrer noopener\" href=\"https:\/\/www.kippel01.com\/entorno\/telefonica-vodafone-y-deutsche-telekom-critican-el-plan-del-5g-en-alemania.html\" target=\"_blank\">https:\/\/www.kippel01.com\/entorno\/telefonica-vodafone-y-deutsche-telekom-critican-el-plan-del-5g-en-alemania.html<\/a><br><a href=\"http:\/\/ugtcomunicaciones.es\/wordpress\/wp-admin\/post.php?post=255718&amp;action=edit#_ftnref8\">[8]<\/a>\u00a0<a href=\"https:\/\/www.lavanguardia.com\/vida\/20181127\/453208089365\/orange-reclama-derribar-muros-en-europa-para-crear-campeones-tecnologicos.html\">https:\/\/www.lavanguardia.com\/vida\/20181127\/<\/a><a rel=\"noreferrer noopener\" href=\"https:\/\/www.lavanguardia.com\/vida\/20181127\/453208089365\/orange-reclama-derribar-muros-en-europa-para-crear-campeones-tecnologicos.html\" target=\"_blank\">453208089365\/orange-reclama-derribar-muros-en-europa-para-crear-ca<\/a><a href=\"https:\/\/www.lavanguardia.com\/vida\/20181127\/453208089365\/orange-reclama-derribar-muros-en-europa-para-crear-campeones-tecnologicos.html\">mpeones-tecnologicos.html<\/a><br><a href=\"http:\/\/ugtcomunicaciones.es\/wordpress\/wp-admin\/post.php?post=255718&amp;action=edit#_ftnref9\">[9]<\/a>\u00a0<a href=\"https:\/\/www.larazon.es\/blogs\/politica\/la-economia-del-bienestar-para-las-personas\/el-efecto-sede-existe-JC16630393\" target=\"_blank\" rel=\"noreferrer noopener\" aria-label=\"[1] http:\/\/ugtcomunicaciones.es\/wordpress\/dt-y-tele2-se-fusionan-en-holanda\/\n[2]\u00a0https:\/\/www.telecompaper.com\/news\/ec-says-uncertain-tele2-nl-future-drove-merger-approval-decision--1271140,http:\/\/telecoms.com\/493836\/netherlands-falls-to-three-mnos-as-europe-approves-t-mobiletele2-deal\/,https:\/\/www.telegeography.com\/products\/commsupdate\/articles\/2018\/11\/28\/ec-greenlights-t-mobile-takeover-of-tele2\/,https:\/\/www.totaltele.com\/\/501679\/European-Commission-set-to-approve-Deutsche-Telekoms-bid-for-Tele2,https:\/\/www.reuters.com\/article\/us-tele2-m-a-deutsche-telekom-eu-exclusi\/exclusive-deutsche-telekom-to-win-eu-nod-for-dutch-tele2-deal-shares-jump-idUSKCN1NV1TO,https:\/\/www.lightreading.com\/regulation\/ec-signs-off-tele2-t-mobile-merger-in-netherlands\/d\/d-id\/747839\n[3]\u00a0https:\/\/cincodias.elpais.com\/cincodias\/2015\/11\/13\/economia\/1447439663_958784.html\n[4]\u00a0http:\/\/www.expansion.com\/blogs\/tecnoestrategias\/2015\/11\/13\/el-cuarto-operador-de-telecos.html\n[5]\u00a0http:\/\/www.smcugt.org\/archivos\/elementos\/2014\/bruselas_aprueba_dos_fusiones_de_una_tacada.pdf;http:\/\/www.expansion.com\/empresas\/tecnologia\/2015\/03\/25\/5512ae2f22601d18208b458d.html\u00a0\n[6]\u00a0http:\/\/ugtcomunicaciones.es\/wordpress\/los-cableros-del-norte-se-unen\/\n[7]\u00a0https:\/\/www.kippel01.com\/entorno\/telefonica-vodafone-y-deutsche-telekom-critican-el-plan-del-5g-en-alemania.html\n[8]\u00a0https:\/\/www.lavanguardia.com\/vida\/20181127\/453208089365\/orange-reclama-derribar-muros-en-europa-para-crear-campeones-tecnologicos.html\n[9]\u00a0https:\/\/www.larazon.es\/blogs\/politica\/la-economia-del-bienestar-para-las-personas\/el-efecto-sede-existe-JC16630393 (abre en una nueva pesta\u00f1a)\">https:\/\/www.larazon.es\/blogs\/politica\/la-economia-del-bienestar-para-las-personas\/el-efecto-sede-existe-JC16630393<\/a><\/p>\n","protected":false},"excerpt":{"rendered":"<p>Aut\u00e9nticos r\u00edos de tinta han sido vertidos como consecuencia del supuesto cambio de criterio dela Comisi\u00f3n Europea a la hora de evaluar las fusiones entre operadoras de telecomunicaciones. Especialistas, consultoras y medios de comunicaci\u00f3n de toda Europa se han afanado en analizar y valorar el nuevo tratamiento de la fusi\u00f3n entre las holandesas T-Mobile y [&hellip;]<\/p>\n","protected":false},"author":3,"featured_media":255731,"comment_status":"closed","ping_status":"closed","sticky":false,"template":"","format":"standard","meta":{"footnotes":""},"categories":[14,12],"tags":[],"class_list":["post-255718","post","type-post","status-publish","format-standard","has-post-thumbnail","hentry","category-opinion","category-regulacion"],"yoast_head":"<!-- This site is optimized with the Yoast SEO Premium plugin v27.3 (Yoast SEO v27.4) - https:\/\/yoast.com\/product\/yoast-seo-premium-wordpress\/ -->\n<title>\u00bfDe verdad Europa ha cambiado de criterio para admitir fusiones de teleco? - UGT Comunicaciones<\/title>\n<meta name=\"description\" content=\"Aut\u00e9nticos r\u00edos de tinta han sido vertidos como consecuencia del supuesto cambio de criterio dela Comisi\u00f3n Europea a la hora de evaluar las fusiones entre..\" \/>\n<meta name=\"robots\" content=\"index, follow, max-snippet:-1, max-image-preview:large, max-video-preview:-1\" \/>\n<link rel=\"canonical\" href=\"https:\/\/www.ugtcomunicaciones.es\/wordpress\/de-verdad-europa-ha-cambiado-de-criterio-para-admitir-fusiones-de-teleco\/\" \/>\n<meta property=\"og:locale\" content=\"es_ES\" \/>\n<meta property=\"og:type\" content=\"article\" \/>\n<meta property=\"og:title\" content=\"\u00bfDe verdad Europa ha cambiado de criterio para admitir fusiones de teleco?\" \/>\n<meta property=\"og:description\" content=\"Aut\u00e9nticos r\u00edos de tinta han sido vertidos como consecuencia del supuesto cambio de criterio dela Comisi\u00f3n Europea a la hora de evaluar las fusiones entre..\" \/>\n<meta property=\"og:url\" content=\"https:\/\/www.ugtcomunicaciones.es\/wordpress\/de-verdad-europa-ha-cambiado-de-criterio-para-admitir-fusiones-de-teleco\/\" \/>\n<meta property=\"og:site_name\" content=\"UGT Comunicaciones\" \/>\n<meta property=\"article:publisher\" content=\"https:\/\/www.facebook.com\/ugt.comunicaciones\/\" \/>\n<meta property=\"article:published_time\" content=\"2019-01-02T05:00:47+00:00\" \/>\n<meta property=\"og:image\" content=\"https:\/\/www.ugtcomunicaciones.es\/wordpress\/wp-content\/uploads\/2018\/12\/fusion-portada-02-01-19.jpg\" \/>\n\t<meta property=\"og:image:width\" content=\"600\" \/>\n\t<meta property=\"og:image:height\" content=\"200\" \/>\n\t<meta property=\"og:image:type\" content=\"image\/jpeg\" \/>\n<meta name=\"author\" content=\"UGT\" \/>\n<meta name=\"twitter:card\" content=\"summary_large_image\" \/>\n<meta name=\"twitter:creator\" content=\"@ugtcom\" \/>\n<meta name=\"twitter:site\" content=\"@ugtcom\" \/>\n<meta name=\"twitter:label1\" content=\"Escrito por\" \/>\n\t<meta name=\"twitter:data1\" content=\"UGT\" \/>\n\t<meta name=\"twitter:label2\" content=\"Tiempo de lectura\" \/>\n\t<meta name=\"twitter:data2\" content=\"6 minutos\" \/>\n<script type=\"application\/ld+json\" class=\"yoast-schema-graph\">{\"@context\":\"https:\\\/\\\/schema.org\",\"@graph\":[{\"@type\":\"Article\",\"@id\":\"https:\\\/\\\/www.ugtcomunicaciones.es\\\/wordpress\\\/de-verdad-europa-ha-cambiado-de-criterio-para-admitir-fusiones-de-teleco\\\/#article\",\"isPartOf\":{\"@id\":\"https:\\\/\\\/www.ugtcomunicaciones.es\\\/wordpress\\\/de-verdad-europa-ha-cambiado-de-criterio-para-admitir-fusiones-de-teleco\\\/\"},\"author\":{\"name\":\"UGT\",\"@id\":\"https:\\\/\\\/www.ugtcomunicaciones.es\\\/wordpress\\\/#\\\/schema\\\/person\\\/eba0fc3fe5b444531d94d4368cba89ed\"},\"headline\":\"\u00bfDe verdad Europa ha cambiado de criterio para admitir fusiones de teleco?\",\"datePublished\":\"2019-01-02T05:00:47+00:00\",\"mainEntityOfPage\":{\"@id\":\"https:\\\/\\\/www.ugtcomunicaciones.es\\\/wordpress\\\/de-verdad-europa-ha-cambiado-de-criterio-para-admitir-fusiones-de-teleco\\\/\"},\"wordCount\":1223,\"publisher\":{\"@id\":\"https:\\\/\\\/www.ugtcomunicaciones.es\\\/wordpress\\\/#organization\"},\"image\":{\"@id\":\"https:\\\/\\\/www.ugtcomunicaciones.es\\\/wordpress\\\/de-verdad-europa-ha-cambiado-de-criterio-para-admitir-fusiones-de-teleco\\\/#primaryimage\"},\"thumbnailUrl\":\"https:\\\/\\\/www.ugtcomunicaciones.es\\\/wordpress\\\/wp-content\\\/uploads\\\/2018\\\/12\\\/fusion-portada-02-01-19.jpg\",\"articleSection\":[\"Opini\u00f3n\",\"Regulaci\u00f3n\"],\"inLanguage\":\"es\"},{\"@type\":\"WebPage\",\"@id\":\"https:\\\/\\\/www.ugtcomunicaciones.es\\\/wordpress\\\/de-verdad-europa-ha-cambiado-de-criterio-para-admitir-fusiones-de-teleco\\\/\",\"url\":\"https:\\\/\\\/www.ugtcomunicaciones.es\\\/wordpress\\\/de-verdad-europa-ha-cambiado-de-criterio-para-admitir-fusiones-de-teleco\\\/\",\"name\":\"\u00bfDe verdad Europa ha cambiado de criterio para admitir fusiones de teleco? - UGT Comunicaciones\",\"isPartOf\":{\"@id\":\"https:\\\/\\\/www.ugtcomunicaciones.es\\\/wordpress\\\/#website\"},\"primaryImageOfPage\":{\"@id\":\"https:\\\/\\\/www.ugtcomunicaciones.es\\\/wordpress\\\/de-verdad-europa-ha-cambiado-de-criterio-para-admitir-fusiones-de-teleco\\\/#primaryimage\"},\"image\":{\"@id\":\"https:\\\/\\\/www.ugtcomunicaciones.es\\\/wordpress\\\/de-verdad-europa-ha-cambiado-de-criterio-para-admitir-fusiones-de-teleco\\\/#primaryimage\"},\"thumbnailUrl\":\"https:\\\/\\\/www.ugtcomunicaciones.es\\\/wordpress\\\/wp-content\\\/uploads\\\/2018\\\/12\\\/fusion-portada-02-01-19.jpg\",\"datePublished\":\"2019-01-02T05:00:47+00:00\",\"description\":\"Aut\u00e9nticos r\u00edos de tinta han sido vertidos como consecuencia del supuesto cambio de criterio dela Comisi\u00f3n Europea a la hora de evaluar las fusiones entre..\",\"breadcrumb\":{\"@id\":\"https:\\\/\\\/www.ugtcomunicaciones.es\\\/wordpress\\\/de-verdad-europa-ha-cambiado-de-criterio-para-admitir-fusiones-de-teleco\\\/#breadcrumb\"},\"inLanguage\":\"es\",\"potentialAction\":[{\"@type\":\"ReadAction\",\"target\":[\"https:\\\/\\\/www.ugtcomunicaciones.es\\\/wordpress\\\/de-verdad-europa-ha-cambiado-de-criterio-para-admitir-fusiones-de-teleco\\\/\"]}]},{\"@type\":\"ImageObject\",\"inLanguage\":\"es\",\"@id\":\"https:\\\/\\\/www.ugtcomunicaciones.es\\\/wordpress\\\/de-verdad-europa-ha-cambiado-de-criterio-para-admitir-fusiones-de-teleco\\\/#primaryimage\",\"url\":\"https:\\\/\\\/www.ugtcomunicaciones.es\\\/wordpress\\\/wp-content\\\/uploads\\\/2018\\\/12\\\/fusion-portada-02-01-19.jpg\",\"contentUrl\":\"https:\\\/\\\/www.ugtcomunicaciones.es\\\/wordpress\\\/wp-content\\\/uploads\\\/2018\\\/12\\\/fusion-portada-02-01-19.jpg\",\"width\":600,\"height\":200,\"caption\":\"fusion-portada-02-01-19\"},{\"@type\":\"BreadcrumbList\",\"@id\":\"https:\\\/\\\/www.ugtcomunicaciones.es\\\/wordpress\\\/de-verdad-europa-ha-cambiado-de-criterio-para-admitir-fusiones-de-teleco\\\/#breadcrumb\",\"itemListElement\":[{\"@type\":\"ListItem\",\"position\":1,\"name\":\"Portada\",\"item\":\"https:\\\/\\\/www.ugtcomunicaciones.es\\\/wordpress\\\/\"},{\"@type\":\"ListItem\",\"position\":2,\"name\":\"\u00bfDe verdad Europa ha cambiado de criterio para admitir fusiones de teleco?\"}]},{\"@type\":\"WebSite\",\"@id\":\"https:\\\/\\\/www.ugtcomunicaciones.es\\\/wordpress\\\/#website\",\"url\":\"https:\\\/\\\/www.ugtcomunicaciones.es\\\/wordpress\\\/\",\"name\":\"UGT Comunicaciones\",\"description\":\"Sindicato de Telecomunicaciones\",\"publisher\":{\"@id\":\"https:\\\/\\\/www.ugtcomunicaciones.es\\\/wordpress\\\/#organization\"},\"potentialAction\":[{\"@type\":\"SearchAction\",\"target\":{\"@type\":\"EntryPoint\",\"urlTemplate\":\"https:\\\/\\\/www.ugtcomunicaciones.es\\\/wordpress\\\/?s={search_term_string}\"},\"query-input\":{\"@type\":\"PropertyValueSpecification\",\"valueRequired\":true,\"valueName\":\"search_term_string\"}}],\"inLanguage\":\"es\"},{\"@type\":\"Organization\",\"@id\":\"https:\\\/\\\/www.ugtcomunicaciones.es\\\/wordpress\\\/#organization\",\"name\":\"UGT Comunicaciones\",\"url\":\"https:\\\/\\\/www.ugtcomunicaciones.es\\\/wordpress\\\/\",\"logo\":{\"@type\":\"ImageObject\",\"inLanguage\":\"es\",\"@id\":\"https:\\\/\\\/www.ugtcomunicaciones.es\\\/wordpress\\\/#\\\/schema\\\/logo\\\/image\\\/\",\"url\":\"https:\\\/\\\/www.ugtcomunicaciones.es\\\/wordpress\\\/wp-content\\\/uploads\\\/2024\\\/04\\\/comunicaciones_logo.png\",\"contentUrl\":\"https:\\\/\\\/www.ugtcomunicaciones.es\\\/wordpress\\\/wp-content\\\/uploads\\\/2024\\\/04\\\/comunicaciones_logo.png\",\"width\":298,\"height\":81,\"caption\":\"UGT Comunicaciones\"},\"image\":{\"@id\":\"https:\\\/\\\/www.ugtcomunicaciones.es\\\/wordpress\\\/#\\\/schema\\\/logo\\\/image\\\/\"},\"sameAs\":[\"https:\\\/\\\/www.facebook.com\\\/ugt.comunicaciones\\\/\",\"https:\\\/\\\/x.com\\\/ugtcom\"]},{\"@type\":\"Person\",\"@id\":\"https:\\\/\\\/www.ugtcomunicaciones.es\\\/wordpress\\\/#\\\/schema\\\/person\\\/eba0fc3fe5b444531d94d4368cba89ed\",\"name\":\"UGT\",\"image\":{\"@type\":\"ImageObject\",\"inLanguage\":\"es\",\"@id\":\"https:\\\/\\\/secure.gravatar.com\\\/avatar\\\/2a16057d620a4c646bcfc171c4f23030879ebbdd346f0525bd5d4a564e57e13d?s=96&d=mm&r=g\",\"url\":\"https:\\\/\\\/secure.gravatar.com\\\/avatar\\\/2a16057d620a4c646bcfc171c4f23030879ebbdd346f0525bd5d4a564e57e13d?s=96&d=mm&r=g\",\"contentUrl\":\"https:\\\/\\\/secure.gravatar.com\\\/avatar\\\/2a16057d620a4c646bcfc171c4f23030879ebbdd346f0525bd5d4a564e57e13d?s=96&d=mm&r=g\",\"caption\":\"UGT\"}}]}<\/script>\n<!-- \/ Yoast SEO Premium plugin. -->","yoast_head_json":{"title":"\u00bfDe verdad Europa ha cambiado de criterio para admitir fusiones de teleco? - UGT Comunicaciones","description":"Aut\u00e9nticos r\u00edos de tinta han sido vertidos como consecuencia del supuesto cambio de criterio dela Comisi\u00f3n Europea a la hora de evaluar las fusiones entre..","robots":{"index":"index","follow":"follow","max-snippet":"max-snippet:-1","max-image-preview":"max-image-preview:large","max-video-preview":"max-video-preview:-1"},"canonical":"https:\/\/www.ugtcomunicaciones.es\/wordpress\/de-verdad-europa-ha-cambiado-de-criterio-para-admitir-fusiones-de-teleco\/","og_locale":"es_ES","og_type":"article","og_title":"\u00bfDe verdad Europa ha cambiado de criterio para admitir fusiones de teleco?","og_description":"Aut\u00e9nticos r\u00edos de tinta han sido vertidos como consecuencia del supuesto cambio de criterio dela Comisi\u00f3n Europea a la hora de evaluar las fusiones entre..","og_url":"https:\/\/www.ugtcomunicaciones.es\/wordpress\/de-verdad-europa-ha-cambiado-de-criterio-para-admitir-fusiones-de-teleco\/","og_site_name":"UGT Comunicaciones","article_publisher":"https:\/\/www.facebook.com\/ugt.comunicaciones\/","article_published_time":"2019-01-02T05:00:47+00:00","og_image":[{"width":600,"height":200,"url":"https:\/\/www.ugtcomunicaciones.es\/wordpress\/wp-content\/uploads\/2018\/12\/fusion-portada-02-01-19.jpg","type":"image\/jpeg"}],"author":"UGT","twitter_card":"summary_large_image","twitter_creator":"@ugtcom","twitter_site":"@ugtcom","twitter_misc":{"Escrito por":"UGT","Tiempo de lectura":"6 minutos"},"schema":{"@context":"https:\/\/schema.org","@graph":[{"@type":"Article","@id":"https:\/\/www.ugtcomunicaciones.es\/wordpress\/de-verdad-europa-ha-cambiado-de-criterio-para-admitir-fusiones-de-teleco\/#article","isPartOf":{"@id":"https:\/\/www.ugtcomunicaciones.es\/wordpress\/de-verdad-europa-ha-cambiado-de-criterio-para-admitir-fusiones-de-teleco\/"},"author":{"name":"UGT","@id":"https:\/\/www.ugtcomunicaciones.es\/wordpress\/#\/schema\/person\/eba0fc3fe5b444531d94d4368cba89ed"},"headline":"\u00bfDe verdad Europa ha cambiado de criterio para admitir fusiones de teleco?","datePublished":"2019-01-02T05:00:47+00:00","mainEntityOfPage":{"@id":"https:\/\/www.ugtcomunicaciones.es\/wordpress\/de-verdad-europa-ha-cambiado-de-criterio-para-admitir-fusiones-de-teleco\/"},"wordCount":1223,"publisher":{"@id":"https:\/\/www.ugtcomunicaciones.es\/wordpress\/#organization"},"image":{"@id":"https:\/\/www.ugtcomunicaciones.es\/wordpress\/de-verdad-europa-ha-cambiado-de-criterio-para-admitir-fusiones-de-teleco\/#primaryimage"},"thumbnailUrl":"https:\/\/www.ugtcomunicaciones.es\/wordpress\/wp-content\/uploads\/2018\/12\/fusion-portada-02-01-19.jpg","articleSection":["Opini\u00f3n","Regulaci\u00f3n"],"inLanguage":"es"},{"@type":"WebPage","@id":"https:\/\/www.ugtcomunicaciones.es\/wordpress\/de-verdad-europa-ha-cambiado-de-criterio-para-admitir-fusiones-de-teleco\/","url":"https:\/\/www.ugtcomunicaciones.es\/wordpress\/de-verdad-europa-ha-cambiado-de-criterio-para-admitir-fusiones-de-teleco\/","name":"\u00bfDe verdad Europa ha cambiado de criterio para admitir fusiones de teleco? - UGT Comunicaciones","isPartOf":{"@id":"https:\/\/www.ugtcomunicaciones.es\/wordpress\/#website"},"primaryImageOfPage":{"@id":"https:\/\/www.ugtcomunicaciones.es\/wordpress\/de-verdad-europa-ha-cambiado-de-criterio-para-admitir-fusiones-de-teleco\/#primaryimage"},"image":{"@id":"https:\/\/www.ugtcomunicaciones.es\/wordpress\/de-verdad-europa-ha-cambiado-de-criterio-para-admitir-fusiones-de-teleco\/#primaryimage"},"thumbnailUrl":"https:\/\/www.ugtcomunicaciones.es\/wordpress\/wp-content\/uploads\/2018\/12\/fusion-portada-02-01-19.jpg","datePublished":"2019-01-02T05:00:47+00:00","description":"Aut\u00e9nticos r\u00edos de tinta han sido vertidos como consecuencia del supuesto cambio de criterio dela Comisi\u00f3n Europea a la hora de evaluar las fusiones entre..","breadcrumb":{"@id":"https:\/\/www.ugtcomunicaciones.es\/wordpress\/de-verdad-europa-ha-cambiado-de-criterio-para-admitir-fusiones-de-teleco\/#breadcrumb"},"inLanguage":"es","potentialAction":[{"@type":"ReadAction","target":["https:\/\/www.ugtcomunicaciones.es\/wordpress\/de-verdad-europa-ha-cambiado-de-criterio-para-admitir-fusiones-de-teleco\/"]}]},{"@type":"ImageObject","inLanguage":"es","@id":"https:\/\/www.ugtcomunicaciones.es\/wordpress\/de-verdad-europa-ha-cambiado-de-criterio-para-admitir-fusiones-de-teleco\/#primaryimage","url":"https:\/\/www.ugtcomunicaciones.es\/wordpress\/wp-content\/uploads\/2018\/12\/fusion-portada-02-01-19.jpg","contentUrl":"https:\/\/www.ugtcomunicaciones.es\/wordpress\/wp-content\/uploads\/2018\/12\/fusion-portada-02-01-19.jpg","width":600,"height":200,"caption":"fusion-portada-02-01-19"},{"@type":"BreadcrumbList","@id":"https:\/\/www.ugtcomunicaciones.es\/wordpress\/de-verdad-europa-ha-cambiado-de-criterio-para-admitir-fusiones-de-teleco\/#breadcrumb","itemListElement":[{"@type":"ListItem","position":1,"name":"Portada","item":"https:\/\/www.ugtcomunicaciones.es\/wordpress\/"},{"@type":"ListItem","position":2,"name":"\u00bfDe verdad Europa ha cambiado de criterio para admitir fusiones de teleco?"}]},{"@type":"WebSite","@id":"https:\/\/www.ugtcomunicaciones.es\/wordpress\/#website","url":"https:\/\/www.ugtcomunicaciones.es\/wordpress\/","name":"UGT Comunicaciones","description":"Sindicato de Telecomunicaciones","publisher":{"@id":"https:\/\/www.ugtcomunicaciones.es\/wordpress\/#organization"},"potentialAction":[{"@type":"SearchAction","target":{"@type":"EntryPoint","urlTemplate":"https:\/\/www.ugtcomunicaciones.es\/wordpress\/?s={search_term_string}"},"query-input":{"@type":"PropertyValueSpecification","valueRequired":true,"valueName":"search_term_string"}}],"inLanguage":"es"},{"@type":"Organization","@id":"https:\/\/www.ugtcomunicaciones.es\/wordpress\/#organization","name":"UGT Comunicaciones","url":"https:\/\/www.ugtcomunicaciones.es\/wordpress\/","logo":{"@type":"ImageObject","inLanguage":"es","@id":"https:\/\/www.ugtcomunicaciones.es\/wordpress\/#\/schema\/logo\/image\/","url":"https:\/\/www.ugtcomunicaciones.es\/wordpress\/wp-content\/uploads\/2024\/04\/comunicaciones_logo.png","contentUrl":"https:\/\/www.ugtcomunicaciones.es\/wordpress\/wp-content\/uploads\/2024\/04\/comunicaciones_logo.png","width":298,"height":81,"caption":"UGT Comunicaciones"},"image":{"@id":"https:\/\/www.ugtcomunicaciones.es\/wordpress\/#\/schema\/logo\/image\/"},"sameAs":["https:\/\/www.facebook.com\/ugt.comunicaciones\/","https:\/\/x.com\/ugtcom"]},{"@type":"Person","@id":"https:\/\/www.ugtcomunicaciones.es\/wordpress\/#\/schema\/person\/eba0fc3fe5b444531d94d4368cba89ed","name":"UGT","image":{"@type":"ImageObject","inLanguage":"es","@id":"https:\/\/secure.gravatar.com\/avatar\/2a16057d620a4c646bcfc171c4f23030879ebbdd346f0525bd5d4a564e57e13d?s=96&d=mm&r=g","url":"https:\/\/secure.gravatar.com\/avatar\/2a16057d620a4c646bcfc171c4f23030879ebbdd346f0525bd5d4a564e57e13d?s=96&d=mm&r=g","contentUrl":"https:\/\/secure.gravatar.com\/avatar\/2a16057d620a4c646bcfc171c4f23030879ebbdd346f0525bd5d4a564e57e13d?s=96&d=mm&r=g","caption":"UGT"}}]}},"_links":{"self":[{"href":"https:\/\/www.ugtcomunicaciones.es\/wordpress\/wp-json\/wp\/v2\/posts\/255718","targetHints":{"allow":["GET"]}}],"collection":[{"href":"https:\/\/www.ugtcomunicaciones.es\/wordpress\/wp-json\/wp\/v2\/posts"}],"about":[{"href":"https:\/\/www.ugtcomunicaciones.es\/wordpress\/wp-json\/wp\/v2\/types\/post"}],"author":[{"embeddable":true,"href":"https:\/\/www.ugtcomunicaciones.es\/wordpress\/wp-json\/wp\/v2\/users\/3"}],"replies":[{"embeddable":true,"href":"https:\/\/www.ugtcomunicaciones.es\/wordpress\/wp-json\/wp\/v2\/comments?post=255718"}],"version-history":[{"count":0,"href":"https:\/\/www.ugtcomunicaciones.es\/wordpress\/wp-json\/wp\/v2\/posts\/255718\/revisions"}],"wp:featuredmedia":[{"embeddable":true,"href":"https:\/\/www.ugtcomunicaciones.es\/wordpress\/wp-json\/wp\/v2\/media\/255731"}],"wp:attachment":[{"href":"https:\/\/www.ugtcomunicaciones.es\/wordpress\/wp-json\/wp\/v2\/media?parent=255718"}],"wp:term":[{"taxonomy":"category","embeddable":true,"href":"https:\/\/www.ugtcomunicaciones.es\/wordpress\/wp-json\/wp\/v2\/categories?post=255718"},{"taxonomy":"post_tag","embeddable":true,"href":"https:\/\/www.ugtcomunicaciones.es\/wordpress\/wp-json\/wp\/v2\/tags?post=255718"}],"curies":[{"name":"wp","href":"https:\/\/api.w.org\/{rel}","templated":true}]}}