{"id":256156,"date":"2019-01-02T07:00:13","date_gmt":"2019-01-02T05:00:13","guid":{"rendered":"http:\/\/ugtcomunicaciones.es\/wordpress\/?p=256156"},"modified":"2018-12-12T10:57:05","modified_gmt":"2018-12-12T08:57:05","slug":"nota-mensual-cnmc-telecos-septiembre-2018","status":"publish","type":"post","link":"https:\/\/www.ugtcomunicaciones.es\/wordpress\/nota-mensual-cnmc-telecos-septiembre-2018\/","title":{"rendered":"Nota mensual CNMC-Telecos septiembre 2018"},"content":{"rendered":"\n<p class=\"justificado\">Sin lugar a dudas, el sector goza de buena salud: todas las l\u00edneas de negocio se sit\u00faan por encima del 3% de incremento interanual, destacando la banda ancha m\u00f3vil que supera el 4%. Dos cifras marcan el mes de septiembre de 2018: alcanzar los 8 millones de l\u00edneas activas de fibra \u00f3ptica y el mill\u00f3n de portabilidades entre fijo y m\u00f3vil:<\/p>\n\n\n\n<p class=\"justificado\"><strong>Banda Ancha fija:<\/strong><\/p>\n\n\n\n<div class=\"wp-block-image\"><figure class=\"aligncenter\"><img decoding=\"async\" width=\"600\" height=\"205\" data-src=\"http:\/\/ugtcomunicaciones.es\/wordpress\/wp-content\/uploads\/2018\/12\/nota-01-02-01-19.png\" alt=\"\" class=\"wp-image-256157 lazyload\" data-srcset=\"https:\/\/www.ugtcomunicaciones.es\/wordpress\/wp-content\/uploads\/2018\/12\/nota-01-02-01-19.png 600w, https:\/\/www.ugtcomunicaciones.es\/wordpress\/wp-content\/uploads\/2018\/12\/nota-01-02-01-19-300x103.png 300w\" data-sizes=\"(max-width: 600px) 100vw, 600px\" src=\"data:image\/svg+xml;base64,PHN2ZyB3aWR0aD0iMSIgaGVpZ2h0PSIxIiB4bWxucz0iaHR0cDovL3d3dy53My5vcmcvMjAwMC9zdmciPjwvc3ZnPg==\" style=\"--smush-placeholder-width: 600px; --smush-placeholder-aspect-ratio: 600\/205;\" \/><\/figure><\/div>\n\n\n\n<ul class=\"justificado wp-block-list\"><li>Supera por primera vez los 8 millones de conexiones de fibra (7,8), con casi 200.000 l\u00edneas nuevas en septiembre. Gracias a este impulso, la fibra \u00f3ptica ya dobla al ADSL en clientes. La penetraci\u00f3n sube hasta las 31,5 l\u00edneas por cada 100 habitantes.<\/li><\/ul>\n\n\n\n<ul class=\"justificado wp-block-list\"><li>Vodafone sigue pagando su decisi\u00f3n de no emitir el f\u00fatbol: -18.500 l\u00edneas, \u00fanico operador que pierde cuota. Los vencedores: M\u00e1sM\u00f3vil (casi +43.000) y Movistar (+38.800). Orange tambi\u00e9n suma un buen paquete (+23.000), mientras que las OMV contin\u00faan muy discretas (+3.700).<\/li><\/ul>\n\n\n\n<ul class=\"justificado wp-block-list\"><li>Cuotas de mercado: Telef\u00f3nica mantiene el 41%; las distancias entre Orange y Vodafone se consolidan por encima del 5% a favor de la primera yM\u00e1sM\u00f3vil se acerca al 6% (5,78%).<\/li><\/ul>\n\n\n\n<ul class=\"justificado wp-block-list\"><li>\u00a0Telef\u00f3nica sigue con su p\u00e9rdida de cuota de en FTTH: 47,5% (62% de 2016).<\/li><\/ul>\n\n\n\n<div class=\"wp-block-image\"><figure class=\"aligncenter\"><img decoding=\"async\" width=\"600\" height=\"335\" data-src=\"http:\/\/ugtcomunicaciones.es\/wordpress\/wp-content\/uploads\/2018\/12\/nota-02-02-01-19.png\" alt=\"\" class=\"wp-image-256158 lazyload\" data-srcset=\"https:\/\/www.ugtcomunicaciones.es\/wordpress\/wp-content\/uploads\/2018\/12\/nota-02-02-01-19.png 600w, https:\/\/www.ugtcomunicaciones.es\/wordpress\/wp-content\/uploads\/2018\/12\/nota-02-02-01-19-300x168.png 300w\" data-sizes=\"(max-width: 600px) 100vw, 600px\" src=\"data:image\/svg+xml;base64,PHN2ZyB3aWR0aD0iMSIgaGVpZ2h0PSIxIiB4bWxucz0iaHR0cDovL3d3dy53My5vcmcvMjAwMC9zdmciPjwvc3ZnPg==\" style=\"--smush-placeholder-width: 600px; --smush-placeholder-aspect-ratio: 600\/335;\" \/><\/figure><\/div>\n\n\n\n<div class=\"wp-block-image\"><figure class=\"aligncenter\"><img decoding=\"async\" width=\"600\" height=\"327\" data-src=\"http:\/\/ugtcomunicaciones.es\/wordpress\/wp-content\/uploads\/2018\/12\/nota-03-02-01-19.png\" alt=\"\" class=\"wp-image-256159 lazyload\" data-srcset=\"https:\/\/www.ugtcomunicaciones.es\/wordpress\/wp-content\/uploads\/2018\/12\/nota-03-02-01-19.png 600w, https:\/\/www.ugtcomunicaciones.es\/wordpress\/wp-content\/uploads\/2018\/12\/nota-03-02-01-19-300x164.png 300w\" data-sizes=\"(max-width: 600px) 100vw, 600px\" src=\"data:image\/svg+xml;base64,PHN2ZyB3aWR0aD0iMSIgaGVpZ2h0PSIxIiB4bWxucz0iaHR0cDovL3d3dy53My5vcmcvMjAwMC9zdmciPjwvc3ZnPg==\" style=\"--smush-placeholder-width: 600px; --smush-placeholder-aspect-ratio: 600\/327;\" \/><\/figure><\/div>\n\n\n\n<p class=\"justificado\">\u00a0<strong>Telefon\u00eda M\u00f3vil:<\/strong><\/p>\n\n\n\n<ul class=\"justificado wp-block-list\"><li>Otro gran mes, que dobla en crecimiento al anterior: 110.845 altas netas. En consecuencia, la penetraci\u00f3n llega hasta las 114,4 l\u00edneas por cada 100 habitantes (la media de la UE-15 en 2016 era de 127). <\/li><\/ul>\n\n\n\n<ul class=\"justificado wp-block-list\"><li>Como en el mes precedente, la renuncia de Vodafone a comprar los derechos del f\u00fatbol le pasan factura (-72.000), situaci\u00f3n que aprovecha especialmente M\u00e1sM\u00f3vil con unos impresionantes +98.000 l\u00edneas nuevas, Movistar (+66.200) y las OMV(+57.000). Sorprenden los malos datos de Orange: -38.850 l\u00edneas. <\/li><\/ul>\n\n\n\n<ul class=\"justificado wp-block-list\"><li>  Cuotas de mercado: Movistar se mantiene levemente por encima del 30%; Orange 26,12%; Vodafone, 23,82%(acumula m\u00e1s de medio punto de p\u00e9rdida en dos meses); M\u00e1sM\u00f3vil ya supera el 11%y las OMV se sit\u00faan al 8,81%.<\/li><\/ul>\n\n\n\n<div class=\"wp-block-image\"><figure class=\"aligncenter\"><img decoding=\"async\" width=\"598\" height=\"312\" data-src=\"http:\/\/ugtcomunicaciones.es\/wordpress\/wp-content\/uploads\/2018\/12\/nota-04-02-01-19.png\" alt=\"\" class=\"wp-image-256170 lazyload\" data-srcset=\"https:\/\/www.ugtcomunicaciones.es\/wordpress\/wp-content\/uploads\/2018\/12\/nota-04-02-01-19.png 598w, https:\/\/www.ugtcomunicaciones.es\/wordpress\/wp-content\/uploads\/2018\/12\/nota-04-02-01-19-300x157.png 300w\" data-sizes=\"(max-width: 598px) 100vw, 598px\" src=\"data:image\/svg+xml;base64,PHN2ZyB3aWR0aD0iMSIgaGVpZ2h0PSIxIiB4bWxucz0iaHR0cDovL3d3dy53My5vcmcvMjAwMC9zdmciPjwvc3ZnPg==\" style=\"--smush-placeholder-width: 598px; --smush-placeholder-aspect-ratio: 598\/312;\" \/><\/figure><\/div>\n\n\n\n<p class=\"justificado\">En cuanto a la banda ancha m\u00f3vil, un mes completo de contrastes: muy bien Movistar; bien M\u00e1sM\u00f3vil; mediocre Vodafone; mal las OMV y muy mal Orange:<\/p>\n\n\n\n<div class=\"wp-block-image\"><figure class=\"aligncenter\"><img decoding=\"async\" width=\"424\" height=\"140\" data-src=\"http:\/\/ugtcomunicaciones.es\/wordpress\/wp-content\/uploads\/2018\/12\/nota-05-02-01-19.png\" alt=\"\" class=\"wp-image-256171 lazyload\" data-srcset=\"https:\/\/www.ugtcomunicaciones.es\/wordpress\/wp-content\/uploads\/2018\/12\/nota-05-02-01-19.png 424w, https:\/\/www.ugtcomunicaciones.es\/wordpress\/wp-content\/uploads\/2018\/12\/nota-05-02-01-19-300x99.png 300w\" data-sizes=\"(max-width: 424px) 100vw, 424px\" src=\"data:image\/svg+xml;base64,PHN2ZyB3aWR0aD0iMSIgaGVpZ2h0PSIxIiB4bWxucz0iaHR0cDovL3d3dy53My5vcmcvMjAwMC9zdmciPjwvc3ZnPg==\" style=\"--smush-placeholder-width: 424px; --smush-placeholder-aspect-ratio: 424\/140;\" \/><\/figure><\/div>\n\n\n\n<p class=\"justificado\">La penetraci\u00f3n fue de 114 l\u00edneas por cada 100 habitantes. Las l\u00edneas M2M superaron los 5,6 millones, un 16,1% m\u00e1s.<\/p>\n\n\n\n<p class=\"justificado\"><strong>Telefon\u00eda Fija<\/strong><strong>:<\/strong><\/p>\n\n\n\n<p class=\"justificado\">La competencia entre operadores tambi\u00e9n se acentu\u00f3 en la telefon\u00eda fija: la transferencia de clientes entre operadoras fue de 217.139 n\u00fameros fijos, un 24,7%m\u00e1s que en el mismo mes del a\u00f1o anterior. El mes cerr\u00f3 con un total de 19,1 millones de l\u00edneas, con una ganancia de parque de 45.824 l\u00edneas.<\/p>\n\n\n\n<div class=\"wp-block-image\"><figure class=\"aligncenter\"><img decoding=\"async\" width=\"600\" height=\"180\" data-src=\"http:\/\/ugtcomunicaciones.es\/wordpress\/wp-content\/uploads\/2018\/12\/nota-06-02-01-19.png\" alt=\"\" class=\"wp-image-256172 lazyload\" data-srcset=\"https:\/\/www.ugtcomunicaciones.es\/wordpress\/wp-content\/uploads\/2018\/12\/nota-06-02-01-19.png 600w, https:\/\/www.ugtcomunicaciones.es\/wordpress\/wp-content\/uploads\/2018\/12\/nota-06-02-01-19-300x90.png 300w\" data-sizes=\"(max-width: 600px) 100vw, 600px\" src=\"data:image\/svg+xml;base64,PHN2ZyB3aWR0aD0iMSIgaGVpZ2h0PSIxIiB4bWxucz0iaHR0cDovL3d3dy53My5vcmcvMjAwMC9zdmciPjwvc3ZnPg==\" style=\"--smush-placeholder-width: 600px; --smush-placeholder-aspect-ratio: 600\/180;\" \/><\/figure><\/div>\n\n\n\n<h3 style=\"text-align: right;\"><strong><span style=\"color: #ff0000;\">UGT<\/span> Comunicaciones<\/strong><br><strong>Sector Estatal<\/strong><\/h3>\n","protected":false},"excerpt":{"rendered":"<p>Sin lugar a dudas, el sector goza de buena salud: todas las l\u00edneas de negocio se sit\u00faan por encima del 3% de incremento interanual, destacando la banda ancha m\u00f3vil que supera el 4%. Dos cifras marcan el mes de septiembre de 2018: alcanzar los 8 millones de l\u00edneas activas de fibra \u00f3ptica y el mill\u00f3n [&hellip;]<\/p>\n","protected":false},"author":3,"featured_media":241775,"comment_status":"closed","ping_status":"closed","sticky":false,"template":"","format":"standard","meta":{"footnotes":""},"categories":[13,12],"tags":[],"class_list":["post-256156","post","type-post","status-publish","format-standard","has-post-thumbnail","hentry","category-mercado-comunicaciones","category-regulacion"],"yoast_head":"<!-- This site is optimized with the Yoast SEO Premium plugin v27.3 (Yoast SEO v27.4) - https:\/\/yoast.com\/product\/yoast-seo-premium-wordpress\/ -->\n<title>Nota mensual CNMC-Telecos septiembre 2018 - UGT Comunicaciones<\/title>\n<meta name=\"description\" content=\"Sin lugar a dudas, el sector goza de buena salud: todas las l\u00edneas de negocio se sit\u00faan por encima del 3% de incremento interanual, destacando la banda...\" \/>\n<meta name=\"robots\" content=\"index, follow, max-snippet:-1, max-image-preview:large, max-video-preview:-1\" \/>\n<link rel=\"canonical\" href=\"https:\/\/www.ugtcomunicaciones.es\/wordpress\/nota-mensual-cnmc-telecos-septiembre-2018\/\" \/>\n<meta property=\"og:locale\" content=\"es_ES\" \/>\n<meta property=\"og:type\" content=\"article\" \/>\n<meta property=\"og:title\" content=\"Nota mensual CNMC-Telecos septiembre 2018\" \/>\n<meta property=\"og:description\" content=\"Sin lugar a dudas, el sector goza de buena salud: todas las l\u00edneas de negocio se sit\u00faan por encima del 3% de incremento interanual, destacando la banda...\" \/>\n<meta property=\"og:url\" content=\"https:\/\/www.ugtcomunicaciones.es\/wordpress\/nota-mensual-cnmc-telecos-septiembre-2018\/\" \/>\n<meta property=\"og:site_name\" content=\"UGT Comunicaciones\" \/>\n<meta property=\"article:publisher\" content=\"https:\/\/www.facebook.com\/ugt.comunicaciones\/\" \/>\n<meta property=\"article:published_time\" content=\"2019-01-02T05:00:13+00:00\" \/>\n<meta property=\"og:image\" content=\"https:\/\/www.ugtcomunicaciones.es\/wordpress\/wp-content\/uploads\/2018\/11\/nota-mensual-portada-26-11-18.jpg\" \/>\n\t<meta property=\"og:image:width\" content=\"430\" \/>\n\t<meta property=\"og:image:height\" content=\"446\" \/>\n\t<meta property=\"og:image:type\" content=\"image\/jpeg\" \/>\n<meta name=\"author\" content=\"UGT\" \/>\n<meta name=\"twitter:card\" content=\"summary_large_image\" \/>\n<meta name=\"twitter:creator\" content=\"@ugtcom\" \/>\n<meta name=\"twitter:site\" content=\"@ugtcom\" \/>\n<meta name=\"twitter:label1\" content=\"Escrito por\" \/>\n\t<meta name=\"twitter:data1\" content=\"UGT\" \/>\n\t<meta name=\"twitter:label2\" content=\"Tiempo de lectura\" \/>\n\t<meta name=\"twitter:data2\" content=\"2 minutos\" \/>\n<script type=\"application\/ld+json\" class=\"yoast-schema-graph\">{\"@context\":\"https:\\\/\\\/schema.org\",\"@graph\":[{\"@type\":\"Article\",\"@id\":\"https:\\\/\\\/www.ugtcomunicaciones.es\\\/wordpress\\\/nota-mensual-cnmc-telecos-septiembre-2018\\\/#article\",\"isPartOf\":{\"@id\":\"https:\\\/\\\/www.ugtcomunicaciones.es\\\/wordpress\\\/nota-mensual-cnmc-telecos-septiembre-2018\\\/\"},\"author\":{\"name\":\"UGT\",\"@id\":\"https:\\\/\\\/www.ugtcomunicaciones.es\\\/wordpress\\\/#\\\/schema\\\/person\\\/eba0fc3fe5b444531d94d4368cba89ed\"},\"headline\":\"Nota mensual CNMC-Telecos septiembre 2018\",\"datePublished\":\"2019-01-02T05:00:13+00:00\",\"mainEntityOfPage\":{\"@id\":\"https:\\\/\\\/www.ugtcomunicaciones.es\\\/wordpress\\\/nota-mensual-cnmc-telecos-septiembre-2018\\\/\"},\"wordCount\":424,\"publisher\":{\"@id\":\"https:\\\/\\\/www.ugtcomunicaciones.es\\\/wordpress\\\/#organization\"},\"image\":{\"@id\":\"https:\\\/\\\/www.ugtcomunicaciones.es\\\/wordpress\\\/nota-mensual-cnmc-telecos-septiembre-2018\\\/#primaryimage\"},\"thumbnailUrl\":\"https:\\\/\\\/www.ugtcomunicaciones.es\\\/wordpress\\\/wp-content\\\/uploads\\\/2018\\\/11\\\/nota-mensual-portada-26-11-18.jpg\",\"articleSection\":[\"Mercado Comunicaciones\",\"Regulaci\u00f3n\"],\"inLanguage\":\"es\"},{\"@type\":\"WebPage\",\"@id\":\"https:\\\/\\\/www.ugtcomunicaciones.es\\\/wordpress\\\/nota-mensual-cnmc-telecos-septiembre-2018\\\/\",\"url\":\"https:\\\/\\\/www.ugtcomunicaciones.es\\\/wordpress\\\/nota-mensual-cnmc-telecos-septiembre-2018\\\/\",\"name\":\"Nota mensual CNMC-Telecos septiembre 2018 - UGT Comunicaciones\",\"isPartOf\":{\"@id\":\"https:\\\/\\\/www.ugtcomunicaciones.es\\\/wordpress\\\/#website\"},\"primaryImageOfPage\":{\"@id\":\"https:\\\/\\\/www.ugtcomunicaciones.es\\\/wordpress\\\/nota-mensual-cnmc-telecos-septiembre-2018\\\/#primaryimage\"},\"image\":{\"@id\":\"https:\\\/\\\/www.ugtcomunicaciones.es\\\/wordpress\\\/nota-mensual-cnmc-telecos-septiembre-2018\\\/#primaryimage\"},\"thumbnailUrl\":\"https:\\\/\\\/www.ugtcomunicaciones.es\\\/wordpress\\\/wp-content\\\/uploads\\\/2018\\\/11\\\/nota-mensual-portada-26-11-18.jpg\",\"datePublished\":\"2019-01-02T05:00:13+00:00\",\"description\":\"Sin lugar a dudas, el sector goza de buena salud: todas las l\u00edneas de negocio se sit\u00faan por encima del 3% de incremento interanual, destacando la banda...\",\"breadcrumb\":{\"@id\":\"https:\\\/\\\/www.ugtcomunicaciones.es\\\/wordpress\\\/nota-mensual-cnmc-telecos-septiembre-2018\\\/#breadcrumb\"},\"inLanguage\":\"es\",\"potentialAction\":[{\"@type\":\"ReadAction\",\"target\":[\"https:\\\/\\\/www.ugtcomunicaciones.es\\\/wordpress\\\/nota-mensual-cnmc-telecos-septiembre-2018\\\/\"]}]},{\"@type\":\"ImageObject\",\"inLanguage\":\"es\",\"@id\":\"https:\\\/\\\/www.ugtcomunicaciones.es\\\/wordpress\\\/nota-mensual-cnmc-telecos-septiembre-2018\\\/#primaryimage\",\"url\":\"https:\\\/\\\/www.ugtcomunicaciones.es\\\/wordpress\\\/wp-content\\\/uploads\\\/2018\\\/11\\\/nota-mensual-portada-26-11-18.jpg\",\"contentUrl\":\"https:\\\/\\\/www.ugtcomunicaciones.es\\\/wordpress\\\/wp-content\\\/uploads\\\/2018\\\/11\\\/nota-mensual-portada-26-11-18.jpg\",\"width\":430,\"height\":446,\"caption\":\"nota-mensual-portada-26-11-18\"},{\"@type\":\"BreadcrumbList\",\"@id\":\"https:\\\/\\\/www.ugtcomunicaciones.es\\\/wordpress\\\/nota-mensual-cnmc-telecos-septiembre-2018\\\/#breadcrumb\",\"itemListElement\":[{\"@type\":\"ListItem\",\"position\":1,\"name\":\"Portada\",\"item\":\"https:\\\/\\\/www.ugtcomunicaciones.es\\\/wordpress\\\/\"},{\"@type\":\"ListItem\",\"position\":2,\"name\":\"Nota mensual CNMC-Telecos septiembre 2018\"}]},{\"@type\":\"WebSite\",\"@id\":\"https:\\\/\\\/www.ugtcomunicaciones.es\\\/wordpress\\\/#website\",\"url\":\"https:\\\/\\\/www.ugtcomunicaciones.es\\\/wordpress\\\/\",\"name\":\"UGT Comunicaciones\",\"description\":\"Sindicato de Telecomunicaciones\",\"publisher\":{\"@id\":\"https:\\\/\\\/www.ugtcomunicaciones.es\\\/wordpress\\\/#organization\"},\"potentialAction\":[{\"@type\":\"SearchAction\",\"target\":{\"@type\":\"EntryPoint\",\"urlTemplate\":\"https:\\\/\\\/www.ugtcomunicaciones.es\\\/wordpress\\\/?s={search_term_string}\"},\"query-input\":{\"@type\":\"PropertyValueSpecification\",\"valueRequired\":true,\"valueName\":\"search_term_string\"}}],\"inLanguage\":\"es\"},{\"@type\":\"Organization\",\"@id\":\"https:\\\/\\\/www.ugtcomunicaciones.es\\\/wordpress\\\/#organization\",\"name\":\"UGT Comunicaciones\",\"url\":\"https:\\\/\\\/www.ugtcomunicaciones.es\\\/wordpress\\\/\",\"logo\":{\"@type\":\"ImageObject\",\"inLanguage\":\"es\",\"@id\":\"https:\\\/\\\/www.ugtcomunicaciones.es\\\/wordpress\\\/#\\\/schema\\\/logo\\\/image\\\/\",\"url\":\"https:\\\/\\\/www.ugtcomunicaciones.es\\\/wordpress\\\/wp-content\\\/uploads\\\/2024\\\/04\\\/comunicaciones_logo.png\",\"contentUrl\":\"https:\\\/\\\/www.ugtcomunicaciones.es\\\/wordpress\\\/wp-content\\\/uploads\\\/2024\\\/04\\\/comunicaciones_logo.png\",\"width\":298,\"height\":81,\"caption\":\"UGT Comunicaciones\"},\"image\":{\"@id\":\"https:\\\/\\\/www.ugtcomunicaciones.es\\\/wordpress\\\/#\\\/schema\\\/logo\\\/image\\\/\"},\"sameAs\":[\"https:\\\/\\\/www.facebook.com\\\/ugt.comunicaciones\\\/\",\"https:\\\/\\\/x.com\\\/ugtcom\"]},{\"@type\":\"Person\",\"@id\":\"https:\\\/\\\/www.ugtcomunicaciones.es\\\/wordpress\\\/#\\\/schema\\\/person\\\/eba0fc3fe5b444531d94d4368cba89ed\",\"name\":\"UGT\",\"image\":{\"@type\":\"ImageObject\",\"inLanguage\":\"es\",\"@id\":\"https:\\\/\\\/secure.gravatar.com\\\/avatar\\\/2a16057d620a4c646bcfc171c4f23030879ebbdd346f0525bd5d4a564e57e13d?s=96&d=mm&r=g\",\"url\":\"https:\\\/\\\/secure.gravatar.com\\\/avatar\\\/2a16057d620a4c646bcfc171c4f23030879ebbdd346f0525bd5d4a564e57e13d?s=96&d=mm&r=g\",\"contentUrl\":\"https:\\\/\\\/secure.gravatar.com\\\/avatar\\\/2a16057d620a4c646bcfc171c4f23030879ebbdd346f0525bd5d4a564e57e13d?s=96&d=mm&r=g\",\"caption\":\"UGT\"}}]}<\/script>\n<!-- \/ Yoast SEO Premium plugin. -->","yoast_head_json":{"title":"Nota mensual CNMC-Telecos septiembre 2018 - UGT Comunicaciones","description":"Sin lugar a dudas, el sector goza de buena salud: todas las l\u00edneas de negocio se sit\u00faan por encima del 3% de incremento interanual, destacando la banda...","robots":{"index":"index","follow":"follow","max-snippet":"max-snippet:-1","max-image-preview":"max-image-preview:large","max-video-preview":"max-video-preview:-1"},"canonical":"https:\/\/www.ugtcomunicaciones.es\/wordpress\/nota-mensual-cnmc-telecos-septiembre-2018\/","og_locale":"es_ES","og_type":"article","og_title":"Nota mensual CNMC-Telecos septiembre 2018","og_description":"Sin lugar a dudas, el sector goza de buena salud: todas las l\u00edneas de negocio se sit\u00faan por encima del 3% de incremento interanual, destacando la banda...","og_url":"https:\/\/www.ugtcomunicaciones.es\/wordpress\/nota-mensual-cnmc-telecos-septiembre-2018\/","og_site_name":"UGT Comunicaciones","article_publisher":"https:\/\/www.facebook.com\/ugt.comunicaciones\/","article_published_time":"2019-01-02T05:00:13+00:00","og_image":[{"width":430,"height":446,"url":"https:\/\/www.ugtcomunicaciones.es\/wordpress\/wp-content\/uploads\/2018\/11\/nota-mensual-portada-26-11-18.jpg","type":"image\/jpeg"}],"author":"UGT","twitter_card":"summary_large_image","twitter_creator":"@ugtcom","twitter_site":"@ugtcom","twitter_misc":{"Escrito por":"UGT","Tiempo de lectura":"2 minutos"},"schema":{"@context":"https:\/\/schema.org","@graph":[{"@type":"Article","@id":"https:\/\/www.ugtcomunicaciones.es\/wordpress\/nota-mensual-cnmc-telecos-septiembre-2018\/#article","isPartOf":{"@id":"https:\/\/www.ugtcomunicaciones.es\/wordpress\/nota-mensual-cnmc-telecos-septiembre-2018\/"},"author":{"name":"UGT","@id":"https:\/\/www.ugtcomunicaciones.es\/wordpress\/#\/schema\/person\/eba0fc3fe5b444531d94d4368cba89ed"},"headline":"Nota mensual CNMC-Telecos septiembre 2018","datePublished":"2019-01-02T05:00:13+00:00","mainEntityOfPage":{"@id":"https:\/\/www.ugtcomunicaciones.es\/wordpress\/nota-mensual-cnmc-telecos-septiembre-2018\/"},"wordCount":424,"publisher":{"@id":"https:\/\/www.ugtcomunicaciones.es\/wordpress\/#organization"},"image":{"@id":"https:\/\/www.ugtcomunicaciones.es\/wordpress\/nota-mensual-cnmc-telecos-septiembre-2018\/#primaryimage"},"thumbnailUrl":"https:\/\/www.ugtcomunicaciones.es\/wordpress\/wp-content\/uploads\/2018\/11\/nota-mensual-portada-26-11-18.jpg","articleSection":["Mercado Comunicaciones","Regulaci\u00f3n"],"inLanguage":"es"},{"@type":"WebPage","@id":"https:\/\/www.ugtcomunicaciones.es\/wordpress\/nota-mensual-cnmc-telecos-septiembre-2018\/","url":"https:\/\/www.ugtcomunicaciones.es\/wordpress\/nota-mensual-cnmc-telecos-septiembre-2018\/","name":"Nota mensual CNMC-Telecos septiembre 2018 - UGT Comunicaciones","isPartOf":{"@id":"https:\/\/www.ugtcomunicaciones.es\/wordpress\/#website"},"primaryImageOfPage":{"@id":"https:\/\/www.ugtcomunicaciones.es\/wordpress\/nota-mensual-cnmc-telecos-septiembre-2018\/#primaryimage"},"image":{"@id":"https:\/\/www.ugtcomunicaciones.es\/wordpress\/nota-mensual-cnmc-telecos-septiembre-2018\/#primaryimage"},"thumbnailUrl":"https:\/\/www.ugtcomunicaciones.es\/wordpress\/wp-content\/uploads\/2018\/11\/nota-mensual-portada-26-11-18.jpg","datePublished":"2019-01-02T05:00:13+00:00","description":"Sin lugar a dudas, el sector goza de buena salud: todas las l\u00edneas de negocio se sit\u00faan por encima del 3% de incremento interanual, destacando la banda...","breadcrumb":{"@id":"https:\/\/www.ugtcomunicaciones.es\/wordpress\/nota-mensual-cnmc-telecos-septiembre-2018\/#breadcrumb"},"inLanguage":"es","potentialAction":[{"@type":"ReadAction","target":["https:\/\/www.ugtcomunicaciones.es\/wordpress\/nota-mensual-cnmc-telecos-septiembre-2018\/"]}]},{"@type":"ImageObject","inLanguage":"es","@id":"https:\/\/www.ugtcomunicaciones.es\/wordpress\/nota-mensual-cnmc-telecos-septiembre-2018\/#primaryimage","url":"https:\/\/www.ugtcomunicaciones.es\/wordpress\/wp-content\/uploads\/2018\/11\/nota-mensual-portada-26-11-18.jpg","contentUrl":"https:\/\/www.ugtcomunicaciones.es\/wordpress\/wp-content\/uploads\/2018\/11\/nota-mensual-portada-26-11-18.jpg","width":430,"height":446,"caption":"nota-mensual-portada-26-11-18"},{"@type":"BreadcrumbList","@id":"https:\/\/www.ugtcomunicaciones.es\/wordpress\/nota-mensual-cnmc-telecos-septiembre-2018\/#breadcrumb","itemListElement":[{"@type":"ListItem","position":1,"name":"Portada","item":"https:\/\/www.ugtcomunicaciones.es\/wordpress\/"},{"@type":"ListItem","position":2,"name":"Nota mensual CNMC-Telecos septiembre 2018"}]},{"@type":"WebSite","@id":"https:\/\/www.ugtcomunicaciones.es\/wordpress\/#website","url":"https:\/\/www.ugtcomunicaciones.es\/wordpress\/","name":"UGT Comunicaciones","description":"Sindicato de Telecomunicaciones","publisher":{"@id":"https:\/\/www.ugtcomunicaciones.es\/wordpress\/#organization"},"potentialAction":[{"@type":"SearchAction","target":{"@type":"EntryPoint","urlTemplate":"https:\/\/www.ugtcomunicaciones.es\/wordpress\/?s={search_term_string}"},"query-input":{"@type":"PropertyValueSpecification","valueRequired":true,"valueName":"search_term_string"}}],"inLanguage":"es"},{"@type":"Organization","@id":"https:\/\/www.ugtcomunicaciones.es\/wordpress\/#organization","name":"UGT Comunicaciones","url":"https:\/\/www.ugtcomunicaciones.es\/wordpress\/","logo":{"@type":"ImageObject","inLanguage":"es","@id":"https:\/\/www.ugtcomunicaciones.es\/wordpress\/#\/schema\/logo\/image\/","url":"https:\/\/www.ugtcomunicaciones.es\/wordpress\/wp-content\/uploads\/2024\/04\/comunicaciones_logo.png","contentUrl":"https:\/\/www.ugtcomunicaciones.es\/wordpress\/wp-content\/uploads\/2024\/04\/comunicaciones_logo.png","width":298,"height":81,"caption":"UGT Comunicaciones"},"image":{"@id":"https:\/\/www.ugtcomunicaciones.es\/wordpress\/#\/schema\/logo\/image\/"},"sameAs":["https:\/\/www.facebook.com\/ugt.comunicaciones\/","https:\/\/x.com\/ugtcom"]},{"@type":"Person","@id":"https:\/\/www.ugtcomunicaciones.es\/wordpress\/#\/schema\/person\/eba0fc3fe5b444531d94d4368cba89ed","name":"UGT","image":{"@type":"ImageObject","inLanguage":"es","@id":"https:\/\/secure.gravatar.com\/avatar\/2a16057d620a4c646bcfc171c4f23030879ebbdd346f0525bd5d4a564e57e13d?s=96&d=mm&r=g","url":"https:\/\/secure.gravatar.com\/avatar\/2a16057d620a4c646bcfc171c4f23030879ebbdd346f0525bd5d4a564e57e13d?s=96&d=mm&r=g","contentUrl":"https:\/\/secure.gravatar.com\/avatar\/2a16057d620a4c646bcfc171c4f23030879ebbdd346f0525bd5d4a564e57e13d?s=96&d=mm&r=g","caption":"UGT"}}]}},"_links":{"self":[{"href":"https:\/\/www.ugtcomunicaciones.es\/wordpress\/wp-json\/wp\/v2\/posts\/256156","targetHints":{"allow":["GET"]}}],"collection":[{"href":"https:\/\/www.ugtcomunicaciones.es\/wordpress\/wp-json\/wp\/v2\/posts"}],"about":[{"href":"https:\/\/www.ugtcomunicaciones.es\/wordpress\/wp-json\/wp\/v2\/types\/post"}],"author":[{"embeddable":true,"href":"https:\/\/www.ugtcomunicaciones.es\/wordpress\/wp-json\/wp\/v2\/users\/3"}],"replies":[{"embeddable":true,"href":"https:\/\/www.ugtcomunicaciones.es\/wordpress\/wp-json\/wp\/v2\/comments?post=256156"}],"version-history":[{"count":0,"href":"https:\/\/www.ugtcomunicaciones.es\/wordpress\/wp-json\/wp\/v2\/posts\/256156\/revisions"}],"wp:featuredmedia":[{"embeddable":true,"href":"https:\/\/www.ugtcomunicaciones.es\/wordpress\/wp-json\/wp\/v2\/media\/241775"}],"wp:attachment":[{"href":"https:\/\/www.ugtcomunicaciones.es\/wordpress\/wp-json\/wp\/v2\/media?parent=256156"}],"wp:term":[{"taxonomy":"category","embeddable":true,"href":"https:\/\/www.ugtcomunicaciones.es\/wordpress\/wp-json\/wp\/v2\/categories?post=256156"},{"taxonomy":"post_tag","embeddable":true,"href":"https:\/\/www.ugtcomunicaciones.es\/wordpress\/wp-json\/wp\/v2\/tags?post=256156"}],"curies":[{"name":"wp","href":"https:\/\/api.w.org\/{rel}","templated":true}]}}