{"id":259,"date":"2016-07-13T14:01:07","date_gmt":"2016-07-13T13:01:07","guid":{"rendered":"http:\/\/www.ugtcom.h2301842.stratoserver.net\/wordpress\/wordpress\/?p=259"},"modified":"2017-01-24T10:49:52","modified_gmt":"2017-01-24T09:49:52","slug":"firmado-el-convenio-colectivo-de-telyco","status":"publish","type":"post","link":"https:\/\/www.ugtcomunicaciones.es\/wordpress\/firmado-el-convenio-colectivo-de-telyco\/","title":{"rendered":"Firmado el Convenio Colectivo de TELYCO"},"content":{"rendered":"<p style=\"text-align: justify;\"><strong>UGT<\/strong> informa, que en el d\u00eda de hoy se ha firmado el Convenio Colectivo de TELYCO para los a\u00f1os 2016 y 2017.<\/p>\n<p style=\"text-align: justify;\">A continuaci\u00f3n pasamos a detallar los aspectos m\u00e1s importantes del mismo:<\/p>\n<p style=\"text-align: justify;\"><em>&#8211; <\/em><em><strong>VIGENC<\/strong><\/em><em><strong>IA <\/strong><\/em><em><strong>DEL CONVENIO<\/strong><\/em><em>:<\/em><\/p>\n<p style=\"text-align: justify;\"><em>Dos a\u00f1os de vigencia (2016-2017) con la posibilidad de pr\u00f3rroga de un a\u00f1o m\u00e1s. Denuncia autom\u00e1tica del mismo en el caso de no acuerdo de pr\u00f3rroga antes del 1 de Enero del 2018.<\/em><\/p>\n<p style=\"text-align: justify;\"><em>&#8211;\u00a0 <\/em><em><strong>GRUPOS PROFESIONALES:<\/strong><\/em><em>\u00a0<\/em><\/p>\n<p style=\"text-align: justify;\"><em>o\u00a0<\/em><em>Establecimiento de un salario m\u00ednimo de convenio, del salario del Grupo I y Nivel 1 a 700 \u20ac al mes, 10.500 \u20ac al a\u00f1o. <\/em><\/p>\n<p style=\"text-align: justify;\"><em>o\u00a0<\/em><em>Creaci\u00f3n del nivel 0 en el Grupo IV Administrativos, con una salario de 14.800 \u20ac y con promoci\u00f3n a los tres a\u00f1os.<\/em><\/p>\n<p style=\"text-align: justify;\"><em>o <\/em><em>Para Nivel 1 y 2\u00a0 (tramitadores) del Grupo IV, <strong>queda eliminado el tope<\/strong> pudiendo continuar su promoci\u00f3n a nivel 3 y superiores.<\/em><\/p>\n<p style=\"text-align: justify;\"><em>o\u00a0<\/em><em>Comisi\u00f3n de Grupo Profesionales: Se le dota entre otras materias de la capacidad de la Elaboraci\u00f3n de las funciones de cada uno de los Grupos Profesionales.<\/em><\/p>\n<p style=\"text-align: justify;\"><em>&#8211; <\/em><em><strong>COMISION DE FORMACION<\/strong><\/em><\/p>\n<p style=\"text-align: justify;\"><em>Se crea una comisi\u00f3n paritaria de Formaci\u00f3n<\/em><em>\u00a0<\/em><\/p>\n<p style=\"text-align: justify;\"><em>&#8211;\u00a0<\/em><em><strong>JORNADA ANUAL<\/strong><\/em><em>:<\/em><\/p>\n<p style=\"text-align: justify;\"><em>Reducci\u00f3n de la jornada anual en 21 horas dej\u00e1ndola en <strong>1740 horas<\/strong>, no obstante establecen una bolsa de 10 h. para utilizarse si fuera necesario para imprevistos, como campa\u00f1as comerciales extraordinarias. Para esta bolsa se utiliza el criterio de la rotatividad.<\/em><em>\u00a0<\/em><\/p>\n<p style=\"text-align: justify;\"><em>&#8211;\u00a0<\/em><em><strong>TURNOS<\/strong><\/em><em>:<\/em><em>\u00a0<\/em><\/p>\n<p style=\"text-align: justify;\">o <em>T<\/em>urnos de <strong>3 horas como m\u00ednimo<\/strong> de duraci\u00f3n en los turnos partidos.<\/p>\n<p style=\"text-align: justify;\">o Se prioriza los turnos continuos sobre los partidos<\/p>\n<p style=\"text-align: justify;\"><em>o <\/em><em>El periodo de interrupci\u00f3n de los turnos partidos no podr\u00e1 ser inferior a una hora ni superior a cuatro horas.<\/em><\/p>\n<p style=\"text-align: justify;\">o Los turnos ser\u00e1n trimestrales, en todo caso los turnos se deber\u00e1n comunicar durante la \u00faltima semana del mes anterior de que se trate y en cualquier caso antes del d\u00eda 23.<\/p>\n<p style=\"text-align: justify;\">o El Rinc\u00f3n del Vendedor ser\u00e1 dentro del turno de trabajo del trabajador y no dentro de la jornada laboral del trabajador como era hasta ahora.<em>\u00a0<\/em><\/p>\n<p style=\"text-align: justify;\"><em>&#8211; <\/em><em><strong>SABADO LIBRANZA MENSUAL:<\/strong><\/em><\/p>\n<p style=\"text-align: justify;\"><em>Se A\u00f1ade que todo el personal del punto de venta tendr\u00e1 derecho como <strong>m\u00ednimo <\/strong>a un s\u00e1bado al mes.<\/em><\/p>\n<p style=\"text-align: justify;\"><em>\u00a0<\/em><\/p>\n<p style=\"text-align: justify;\"><em>&#8211;\u00a0 <\/em><em><strong>DEVOLUCION FESTIVOS TRABAJADOS<\/strong><\/em><em>:<\/em><\/p>\n<p style=\"text-align: justify;\"><em>Con el fin de garantizar el disfrute de los festivos anuales, en el caso de tener que trabajarlo, este se disfrutar\u00e1 en otro d\u00eda en compensaci\u00f3n al mismo.<\/em><em>\u00a0<\/em><\/p>\n<p style=\"text-align: justify;\"><em>&#8211;\u00a0 <\/em><em><strong>CALENDARIO LABORAL:<\/strong><\/em><em>\u00a0<\/em><\/p>\n<p style=\"text-align: justify;\"><em>o <\/em><em>Se establece un Calendario Laboral de todo el a\u00f1o, antes del inicio del mismo con las vacaciones y los festivos de cada uno de los trabajadores y trabajadoras.<\/em><\/p>\n<p style=\"text-align: justify;\"><em>o <\/em><em>Creaci\u00f3n de la comisi\u00f3n de ordenaci\u00f3n del tiempo de trabajo<\/em><em>\u00a0<\/em><\/p>\n<p style=\"text-align: justify;\"><em>&#8211;\u00a0 <\/em><em><strong>VACACIONES:<\/strong><\/em><em>\u00a0<\/em><\/p>\n<p style=\"text-align: justify;\"><em>o\u00a0<\/em><em>En el fraccionamiento de vacaciones en tres periodos de 10 d\u00edas, siempre comenzar\u00e1n en d\u00eda laborable diferente del s\u00e1bado.<\/em><\/p>\n<p style=\"text-align: justify;\"><em>o <\/em><em>Siempre que la actividad lo permita se podr\u00e1 disfrutar de m\u00e1s de un periodo de vacaciones durante los meses de Junio a Septiembre. <\/em><\/p>\n<p style=\"text-align: justify;\">o Adelantar su planificaci\u00f3n al mes de noviembre del a\u00f1o anterior.<\/p>\n<p style=\"text-align: justify;\">o Prioridad a los trabajadores con hijos menores que, por sus circunstancias personales deban disfrutar las vacaciones en una fecha determinada por estar as\u00ed fijado en una resoluci\u00f3n judicial.<\/p>\n<p style=\"text-align: justify;\">&#8211; <strong><em>PERMISOS RETRIBUIDOS.<\/em><\/strong><strong><em>\u00a0<\/em><\/strong><\/p>\n<p style=\"text-align: justify;\">o Equiparaci\u00f3n De Parejas de Hecho en derechos como el matrimonio.<\/p>\n<p style=\"text-align: justify;\">o Se incluye nuevo permiso por Acciones de voluntariado corporativo.<\/p>\n<p style=\"text-align: justify;\">o Por Accidente o Enfermedad grabe de familiar de hasta segundo grado se podr\u00e1 tener derecho a este permiso durante la duraci\u00f3n del suceso u enfermedad y no desde el momento de hecho causante.<\/p>\n<p style=\"text-align: justify;\"><em>&#8211; <\/em><em><strong>CAMBIO DE FIESTA LOCAL A PERMISO RETRIBUIDO<\/strong><\/em><em>:<\/em><\/p>\n<p style=\"text-align: justify;\"><em>El permiso por fiesta local del anterior convenio pasa a considerarse un d\u00eda de permiso retribuido\u00a0 pudi\u00e9ndose Uno de los tres d\u00edas de los denominados de Asuntos propios\u00a0 fraccionarse en periodos de dos horas al d\u00eda.<\/em><\/p>\n<p style=\"text-align: justify;\"><em>&#8211; <\/em><em><strong>MOVILIDAD:<\/strong><\/em><em>\u00a0<\/em><\/p>\n<p style=\"text-align: justify;\"><em>o <\/em><em>Se primara la voluntariedad sobre los cambios forzosos. <\/em><\/p>\n<p style=\"text-align: justify;\"><em>o <\/em><em>En el caso de que un trabajador sea trasladado de forma forzosa de un centro de trabajo a otro mantendr\u00e1 el periodo de vacaciones que tuviera aprobado.<\/em><\/p>\n<p style=\"text-align: justify;\"><em>o <\/em><em>Solo se podr\u00e1 trasladar a un trabajador o trabajadora una vez al a\u00f1o.<\/em><em>\u00a0<\/em><\/p>\n<p style=\"text-align: justify;\"><em>&#8211; <\/em><em><strong>VIOLENCIA DE GENERO O TERRORISMO.<\/strong><\/em><\/p>\n<p style=\"text-align: justify;\"><em>Nueva cl\u00e1usula de protecci\u00f3n sobre Violencia de Genero o Terrorismo<\/em><\/p>\n<p style=\"text-align: justify;\"><em>&#8211;\u00a0<\/em><em><strong>DISPONIBILIDADES:<\/strong><\/em><\/p>\n<p style=\"text-align: justify;\"><em>Disponibilidad hasta 25 km. cuando los trabajadores hayan optado voluntariamente. En caso de que no haya voluntarios ser\u00e1 rotativa entre los trabajadores y en la misma localidad. En ambos casos esta disponibilidad es para los S\u00e1bados, Domingos y festivos. En caso de disponibilidad para la tarde del s\u00e1bado se pagar\u00e1 10 \u20ac por estar disponible y 20 \u20ac en caso de tener que cubrir alguna incidencia.<\/em><\/p>\n<p style=\"text-align: justify;\"><em>&#8211; <\/em><em><strong>SUBIDA SALARIAL:<\/strong><\/em><\/p>\n<p style=\"text-align: justify;\"><em>Se establece una subida salarial de 1,5 % para los a\u00f1os 2016 y 2017 en la Masa Salarial.<\/em><\/p>\n<p style=\"text-align: justify;\"><em>&#8211; <\/em><em><strong>SEGURO MEDICO COMPLEMENTARIO:<\/strong><\/em><\/p>\n<p style=\"text-align: justify;\"><em>Mediante un Plan de retribuci\u00f3n flexible m\u00e1s una aportaci\u00f3n de 220,00 \u20ac\/a\u00f1o por trabajador\/a por parte de la empresa, la p\u00f3liza del seguro ser\u00e1 15 \u20ac de media al mes por trabajador\/a, que es lo que tendr\u00e1 que abonar cada trabajador\/a y que se descontar\u00e1 de la n\u00f3mina en el caso de suscribir la p\u00f3liza.<\/em><em>\u00a0<\/em><\/p>\n<p style=\"text-align: justify;\"><em>&#8211; <\/em><em><strong>INCLUSI\u00d3N EN EL CEV:<\/strong><\/em><\/p>\n<p style=\"text-align: justify;\"><em>Nueva clausula por las que ambas partes se comprometen a buscar aproximar las condiciones laborales de Telyco al CEV (Convenio de Empresas Vinculadas) de Telef\u00f3nica.<\/em><\/p>\n<p style=\"text-align: justify;\"><em>&#8211; <\/em><em><strong>PAGA DE PRODUCTIVIDAD:<\/strong><\/em><\/p>\n<p style=\"text-align: justify;\"><em>Se establece una paga de productividad para los a\u00f1os 2016 y 2017 que ser\u00e1 abonada en el primer trimestre del 2017 y 2018 respectivamente.<\/em><\/p>\n<p style=\"text-align: justify;\"><em>Si se consigue el valor contemplado presupuestariamente de uno de ellos, dar\u00e1 derecho al cobro lineal de 150 \u20ac, si se consiguen dos 200 \u20ac, si se consiguen tres 250 \u20ac y si se consiguieran los cuatro 300 \u20ac. <\/em><\/p>\n<p style=\"text-align: justify;\"><em>En el caso de que no se alcanzasen los objetivos en ninguno de los cuatro, pero todos ellos hubieran llegado al menos a un 70% de consecuci\u00f3n, se dar\u00e1 el mismo tratamiento que si se hubiese conseguido uno.<\/em><\/p>\n<p style=\"text-align: justify;\"><em>&#8211; <\/em><em><strong>GARANTIA DE EMPLEO:<\/strong><\/em><\/p>\n<p style=\"text-align: justify;\"><em>Se establece una cl\u00e1usula de Garant\u00eda de Empleo en t\u00e9rminos similares a los que estaban reflejados en los anteriores convenios colectivos.<\/em><\/p>\n<p style=\"text-align: justify;\"><em>Desde <\/em><em><strong>UGT <\/strong><\/em><em>hacemos una valoraci\u00f3n positiva de la firma de este convenio, ya que, viendo el Convenio Colectivo como un todo, consideramos que hemos conseguido incluir en el mismo una serie de reivindicaciones importantes de nuestra plataforma como son: la <strong>mejora<\/strong> de la <strong>conciliaci\u00f3n de la vida laboral y personal<\/strong>, el <strong>Seguro M\u00e9dico Complementario<\/strong>, la <strong>Subida Salarial<\/strong>, la <strong>Paga de Productividad<\/strong>, la referencia de <strong>inclusi\u00f3n en el CEV<\/strong> y\u00a0 la <strong>GARANTIA DE EMPLEO<\/strong> aspecto que en repetidas ocasiones hemos manifestado como <strong>irrenunciable para este sindicato<\/strong>,y por lo cual<\/em>los Delegados de <strong>UGT<\/strong> de toda Espa\u00f1a convocados el pasado d\u00eda 6 de Julio se pronunciaron a favor de su firma si se recog\u00edan todas estas condiciones<em>. <\/em><\/p>\n<p style=\"text-align: justify;\">Desde este mismo momento y como hemos hecho en todas las ocasiones pasadas, <strong>UGT<\/strong>\u00a0se pone a vuestra disposici\u00f3n a trav\u00e9s de sus delegados y delegadas, para resolver todas las dudas que nos plante\u00e9is sobre el nuevo Convenio, el plan de retribuci\u00f3n flexible, el Seguro M\u00e9dico y sus coberturas.<\/p>\n","protected":false},"excerpt":{"rendered":"<p>UGT informa, que en el d\u00eda de hoy se ha firmado el Convenio Colectivo de TELYCO para los a\u00f1os 2016 y 2017. A continuaci\u00f3n pasamos a detallar los aspectos m\u00e1s importantes del mismo: &#8211; VIGENCIA DEL CONVENIO: Dos a\u00f1os de vigencia (2016-2017) con la posibilidad de pr\u00f3rroga de un a\u00f1o m\u00e1s. Denuncia autom\u00e1tica del mismo [&hellip;]<\/p>\n","protected":false},"author":3,"featured_media":260,"comment_status":"open","ping_status":"closed","sticky":false,"template":"","format":"standard","meta":{"footnotes":""},"categories":[31,37],"tags":[],"class_list":["post-259","post","type-post","status-publish","format-standard","has-post-thumbnail","hentry","category-telyco","category-telyco-telyco"],"yoast_head":"<!-- This site is optimized with the Yoast SEO Premium plugin v27.3 (Yoast SEO v27.4) - https:\/\/yoast.com\/product\/yoast-seo-premium-wordpress\/ -->\n<title>Firmado el Convenio Colectivo de TELYCO - UGT Comunicaciones<\/title>\n<meta name=\"robots\" content=\"index, follow, max-snippet:-1, max-image-preview:large, max-video-preview:-1\" \/>\n<link rel=\"canonical\" href=\"https:\/\/www.ugtcomunicaciones.es\/wordpress\/firmado-el-convenio-colectivo-de-telyco\/\" \/>\n<meta property=\"og:locale\" content=\"es_ES\" \/>\n<meta property=\"og:type\" content=\"article\" \/>\n<meta property=\"og:title\" content=\"Firmado el Convenio Colectivo de TELYCO\" \/>\n<meta property=\"og:description\" content=\"UGT informa, que en el d\u00eda de hoy se ha firmado el Convenio Colectivo de TELYCO para los a\u00f1os 2016 y 2017. A continuaci\u00f3n pasamos a detallar los aspectos m\u00e1s importantes del mismo: &#8211; VIGENCIA DEL CONVENIO: Dos a\u00f1os de vigencia (2016-2017) con la posibilidad de pr\u00f3rroga de un a\u00f1o m\u00e1s. Denuncia autom\u00e1tica del mismo [&hellip;]\" \/>\n<meta property=\"og:url\" content=\"https:\/\/www.ugtcomunicaciones.es\/wordpress\/firmado-el-convenio-colectivo-de-telyco\/\" \/>\n<meta property=\"og:site_name\" content=\"UGT Comunicaciones\" \/>\n<meta property=\"article:publisher\" content=\"https:\/\/www.facebook.com\/ugt.comunicaciones\/\" \/>\n<meta property=\"article:published_time\" content=\"2016-07-13T13:01:07+00:00\" \/>\n<meta property=\"article:modified_time\" content=\"2017-01-24T09:49:52+00:00\" \/>\n<meta property=\"og:image\" content=\"https:\/\/www.ugtcomunicaciones.es\/wordpress\/wp-content\/uploads\/2016\/11\/el_contrato_de_trabajo.jpg\" \/>\n\t<meta property=\"og:image:width\" content=\"380\" \/>\n\t<meta property=\"og:image:height\" content=\"300\" \/>\n\t<meta property=\"og:image:type\" content=\"image\/jpeg\" \/>\n<meta name=\"author\" content=\"UGT\" \/>\n<meta name=\"twitter:card\" content=\"summary_large_image\" \/>\n<meta name=\"twitter:creator\" content=\"@ugtcom\" \/>\n<meta name=\"twitter:site\" content=\"@ugtcom\" \/>\n<meta name=\"twitter:label1\" content=\"Escrito por\" \/>\n\t<meta name=\"twitter:data1\" content=\"UGT\" \/>\n\t<meta name=\"twitter:label2\" content=\"Tiempo de lectura\" \/>\n\t<meta name=\"twitter:data2\" content=\"6 minutos\" \/>\n<script type=\"application\/ld+json\" class=\"yoast-schema-graph\">{\"@context\":\"https:\\\/\\\/schema.org\",\"@graph\":[{\"@type\":\"Article\",\"@id\":\"https:\\\/\\\/www.ugtcomunicaciones.es\\\/wordpress\\\/firmado-el-convenio-colectivo-de-telyco\\\/#article\",\"isPartOf\":{\"@id\":\"https:\\\/\\\/www.ugtcomunicaciones.es\\\/wordpress\\\/firmado-el-convenio-colectivo-de-telyco\\\/\"},\"author\":{\"name\":\"UGT\",\"@id\":\"https:\\\/\\\/www.ugtcomunicaciones.es\\\/wordpress\\\/#\\\/schema\\\/person\\\/eba0fc3fe5b444531d94d4368cba89ed\"},\"headline\":\"Firmado el Convenio Colectivo de TELYCO\",\"datePublished\":\"2016-07-13T13:01:07+00:00\",\"dateModified\":\"2017-01-24T09:49:52+00:00\",\"mainEntityOfPage\":{\"@id\":\"https:\\\/\\\/www.ugtcomunicaciones.es\\\/wordpress\\\/firmado-el-convenio-colectivo-de-telyco\\\/\"},\"wordCount\":1204,\"commentCount\":0,\"publisher\":{\"@id\":\"https:\\\/\\\/www.ugtcomunicaciones.es\\\/wordpress\\\/#organization\"},\"image\":{\"@id\":\"https:\\\/\\\/www.ugtcomunicaciones.es\\\/wordpress\\\/firmado-el-convenio-colectivo-de-telyco\\\/#primaryimage\"},\"thumbnailUrl\":\"https:\\\/\\\/www.ugtcomunicaciones.es\\\/wordpress\\\/wp-content\\\/uploads\\\/2016\\\/11\\\/el_contrato_de_trabajo.jpg\",\"articleSection\":[\"Telyco\",\"Telyco\"],\"inLanguage\":\"es\",\"potentialAction\":[{\"@type\":\"CommentAction\",\"name\":\"Comment\",\"target\":[\"https:\\\/\\\/www.ugtcomunicaciones.es\\\/wordpress\\\/firmado-el-convenio-colectivo-de-telyco\\\/#respond\"]}]},{\"@type\":\"WebPage\",\"@id\":\"https:\\\/\\\/www.ugtcomunicaciones.es\\\/wordpress\\\/firmado-el-convenio-colectivo-de-telyco\\\/\",\"url\":\"https:\\\/\\\/www.ugtcomunicaciones.es\\\/wordpress\\\/firmado-el-convenio-colectivo-de-telyco\\\/\",\"name\":\"Firmado el Convenio Colectivo de TELYCO - UGT Comunicaciones\",\"isPartOf\":{\"@id\":\"https:\\\/\\\/www.ugtcomunicaciones.es\\\/wordpress\\\/#website\"},\"primaryImageOfPage\":{\"@id\":\"https:\\\/\\\/www.ugtcomunicaciones.es\\\/wordpress\\\/firmado-el-convenio-colectivo-de-telyco\\\/#primaryimage\"},\"image\":{\"@id\":\"https:\\\/\\\/www.ugtcomunicaciones.es\\\/wordpress\\\/firmado-el-convenio-colectivo-de-telyco\\\/#primaryimage\"},\"thumbnailUrl\":\"https:\\\/\\\/www.ugtcomunicaciones.es\\\/wordpress\\\/wp-content\\\/uploads\\\/2016\\\/11\\\/el_contrato_de_trabajo.jpg\",\"datePublished\":\"2016-07-13T13:01:07+00:00\",\"dateModified\":\"2017-01-24T09:49:52+00:00\",\"breadcrumb\":{\"@id\":\"https:\\\/\\\/www.ugtcomunicaciones.es\\\/wordpress\\\/firmado-el-convenio-colectivo-de-telyco\\\/#breadcrumb\"},\"inLanguage\":\"es\",\"potentialAction\":[{\"@type\":\"ReadAction\",\"target\":[\"https:\\\/\\\/www.ugtcomunicaciones.es\\\/wordpress\\\/firmado-el-convenio-colectivo-de-telyco\\\/\"]}]},{\"@type\":\"ImageObject\",\"inLanguage\":\"es\",\"@id\":\"https:\\\/\\\/www.ugtcomunicaciones.es\\\/wordpress\\\/firmado-el-convenio-colectivo-de-telyco\\\/#primaryimage\",\"url\":\"https:\\\/\\\/www.ugtcomunicaciones.es\\\/wordpress\\\/wp-content\\\/uploads\\\/2016\\\/11\\\/el_contrato_de_trabajo.jpg\",\"contentUrl\":\"https:\\\/\\\/www.ugtcomunicaciones.es\\\/wordpress\\\/wp-content\\\/uploads\\\/2016\\\/11\\\/el_contrato_de_trabajo.jpg\",\"width\":380,\"height\":300},{\"@type\":\"BreadcrumbList\",\"@id\":\"https:\\\/\\\/www.ugtcomunicaciones.es\\\/wordpress\\\/firmado-el-convenio-colectivo-de-telyco\\\/#breadcrumb\",\"itemListElement\":[{\"@type\":\"ListItem\",\"position\":1,\"name\":\"Portada\",\"item\":\"https:\\\/\\\/www.ugtcomunicaciones.es\\\/wordpress\\\/\"},{\"@type\":\"ListItem\",\"position\":2,\"name\":\"Firmado el Convenio Colectivo de TELYCO\"}]},{\"@type\":\"WebSite\",\"@id\":\"https:\\\/\\\/www.ugtcomunicaciones.es\\\/wordpress\\\/#website\",\"url\":\"https:\\\/\\\/www.ugtcomunicaciones.es\\\/wordpress\\\/\",\"name\":\"UGT Comunicaciones\",\"description\":\"Sindicato de Telecomunicaciones\",\"publisher\":{\"@id\":\"https:\\\/\\\/www.ugtcomunicaciones.es\\\/wordpress\\\/#organization\"},\"potentialAction\":[{\"@type\":\"SearchAction\",\"target\":{\"@type\":\"EntryPoint\",\"urlTemplate\":\"https:\\\/\\\/www.ugtcomunicaciones.es\\\/wordpress\\\/?s={search_term_string}\"},\"query-input\":{\"@type\":\"PropertyValueSpecification\",\"valueRequired\":true,\"valueName\":\"search_term_string\"}}],\"inLanguage\":\"es\"},{\"@type\":\"Organization\",\"@id\":\"https:\\\/\\\/www.ugtcomunicaciones.es\\\/wordpress\\\/#organization\",\"name\":\"UGT Comunicaciones\",\"url\":\"https:\\\/\\\/www.ugtcomunicaciones.es\\\/wordpress\\\/\",\"logo\":{\"@type\":\"ImageObject\",\"inLanguage\":\"es\",\"@id\":\"https:\\\/\\\/www.ugtcomunicaciones.es\\\/wordpress\\\/#\\\/schema\\\/logo\\\/image\\\/\",\"url\":\"https:\\\/\\\/www.ugtcomunicaciones.es\\\/wordpress\\\/wp-content\\\/uploads\\\/2024\\\/04\\\/comunicaciones_logo.png\",\"contentUrl\":\"https:\\\/\\\/www.ugtcomunicaciones.es\\\/wordpress\\\/wp-content\\\/uploads\\\/2024\\\/04\\\/comunicaciones_logo.png\",\"width\":298,\"height\":81,\"caption\":\"UGT Comunicaciones\"},\"image\":{\"@id\":\"https:\\\/\\\/www.ugtcomunicaciones.es\\\/wordpress\\\/#\\\/schema\\\/logo\\\/image\\\/\"},\"sameAs\":[\"https:\\\/\\\/www.facebook.com\\\/ugt.comunicaciones\\\/\",\"https:\\\/\\\/x.com\\\/ugtcom\"]},{\"@type\":\"Person\",\"@id\":\"https:\\\/\\\/www.ugtcomunicaciones.es\\\/wordpress\\\/#\\\/schema\\\/person\\\/eba0fc3fe5b444531d94d4368cba89ed\",\"name\":\"UGT\",\"image\":{\"@type\":\"ImageObject\",\"inLanguage\":\"es\",\"@id\":\"https:\\\/\\\/secure.gravatar.com\\\/avatar\\\/2a16057d620a4c646bcfc171c4f23030879ebbdd346f0525bd5d4a564e57e13d?s=96&d=mm&r=g\",\"url\":\"https:\\\/\\\/secure.gravatar.com\\\/avatar\\\/2a16057d620a4c646bcfc171c4f23030879ebbdd346f0525bd5d4a564e57e13d?s=96&d=mm&r=g\",\"contentUrl\":\"https:\\\/\\\/secure.gravatar.com\\\/avatar\\\/2a16057d620a4c646bcfc171c4f23030879ebbdd346f0525bd5d4a564e57e13d?s=96&d=mm&r=g\",\"caption\":\"UGT\"}}]}<\/script>\n<!-- \/ Yoast SEO Premium plugin. -->","yoast_head_json":{"title":"Firmado el Convenio Colectivo de TELYCO - UGT Comunicaciones","robots":{"index":"index","follow":"follow","max-snippet":"max-snippet:-1","max-image-preview":"max-image-preview:large","max-video-preview":"max-video-preview:-1"},"canonical":"https:\/\/www.ugtcomunicaciones.es\/wordpress\/firmado-el-convenio-colectivo-de-telyco\/","og_locale":"es_ES","og_type":"article","og_title":"Firmado el Convenio Colectivo de TELYCO","og_description":"UGT informa, que en el d\u00eda de hoy se ha firmado el Convenio Colectivo de TELYCO para los a\u00f1os 2016 y 2017. A continuaci\u00f3n pasamos a detallar los aspectos m\u00e1s importantes del mismo: &#8211; VIGENCIA DEL CONVENIO: Dos a\u00f1os de vigencia (2016-2017) con la posibilidad de pr\u00f3rroga de un a\u00f1o m\u00e1s. Denuncia autom\u00e1tica del mismo [&hellip;]","og_url":"https:\/\/www.ugtcomunicaciones.es\/wordpress\/firmado-el-convenio-colectivo-de-telyco\/","og_site_name":"UGT Comunicaciones","article_publisher":"https:\/\/www.facebook.com\/ugt.comunicaciones\/","article_published_time":"2016-07-13T13:01:07+00:00","article_modified_time":"2017-01-24T09:49:52+00:00","og_image":[{"width":380,"height":300,"url":"https:\/\/www.ugtcomunicaciones.es\/wordpress\/wp-content\/uploads\/2016\/11\/el_contrato_de_trabajo.jpg","type":"image\/jpeg"}],"author":"UGT","twitter_card":"summary_large_image","twitter_creator":"@ugtcom","twitter_site":"@ugtcom","twitter_misc":{"Escrito por":"UGT","Tiempo de lectura":"6 minutos"},"schema":{"@context":"https:\/\/schema.org","@graph":[{"@type":"Article","@id":"https:\/\/www.ugtcomunicaciones.es\/wordpress\/firmado-el-convenio-colectivo-de-telyco\/#article","isPartOf":{"@id":"https:\/\/www.ugtcomunicaciones.es\/wordpress\/firmado-el-convenio-colectivo-de-telyco\/"},"author":{"name":"UGT","@id":"https:\/\/www.ugtcomunicaciones.es\/wordpress\/#\/schema\/person\/eba0fc3fe5b444531d94d4368cba89ed"},"headline":"Firmado el Convenio Colectivo de TELYCO","datePublished":"2016-07-13T13:01:07+00:00","dateModified":"2017-01-24T09:49:52+00:00","mainEntityOfPage":{"@id":"https:\/\/www.ugtcomunicaciones.es\/wordpress\/firmado-el-convenio-colectivo-de-telyco\/"},"wordCount":1204,"commentCount":0,"publisher":{"@id":"https:\/\/www.ugtcomunicaciones.es\/wordpress\/#organization"},"image":{"@id":"https:\/\/www.ugtcomunicaciones.es\/wordpress\/firmado-el-convenio-colectivo-de-telyco\/#primaryimage"},"thumbnailUrl":"https:\/\/www.ugtcomunicaciones.es\/wordpress\/wp-content\/uploads\/2016\/11\/el_contrato_de_trabajo.jpg","articleSection":["Telyco","Telyco"],"inLanguage":"es","potentialAction":[{"@type":"CommentAction","name":"Comment","target":["https:\/\/www.ugtcomunicaciones.es\/wordpress\/firmado-el-convenio-colectivo-de-telyco\/#respond"]}]},{"@type":"WebPage","@id":"https:\/\/www.ugtcomunicaciones.es\/wordpress\/firmado-el-convenio-colectivo-de-telyco\/","url":"https:\/\/www.ugtcomunicaciones.es\/wordpress\/firmado-el-convenio-colectivo-de-telyco\/","name":"Firmado el Convenio Colectivo de TELYCO - UGT Comunicaciones","isPartOf":{"@id":"https:\/\/www.ugtcomunicaciones.es\/wordpress\/#website"},"primaryImageOfPage":{"@id":"https:\/\/www.ugtcomunicaciones.es\/wordpress\/firmado-el-convenio-colectivo-de-telyco\/#primaryimage"},"image":{"@id":"https:\/\/www.ugtcomunicaciones.es\/wordpress\/firmado-el-convenio-colectivo-de-telyco\/#primaryimage"},"thumbnailUrl":"https:\/\/www.ugtcomunicaciones.es\/wordpress\/wp-content\/uploads\/2016\/11\/el_contrato_de_trabajo.jpg","datePublished":"2016-07-13T13:01:07+00:00","dateModified":"2017-01-24T09:49:52+00:00","breadcrumb":{"@id":"https:\/\/www.ugtcomunicaciones.es\/wordpress\/firmado-el-convenio-colectivo-de-telyco\/#breadcrumb"},"inLanguage":"es","potentialAction":[{"@type":"ReadAction","target":["https:\/\/www.ugtcomunicaciones.es\/wordpress\/firmado-el-convenio-colectivo-de-telyco\/"]}]},{"@type":"ImageObject","inLanguage":"es","@id":"https:\/\/www.ugtcomunicaciones.es\/wordpress\/firmado-el-convenio-colectivo-de-telyco\/#primaryimage","url":"https:\/\/www.ugtcomunicaciones.es\/wordpress\/wp-content\/uploads\/2016\/11\/el_contrato_de_trabajo.jpg","contentUrl":"https:\/\/www.ugtcomunicaciones.es\/wordpress\/wp-content\/uploads\/2016\/11\/el_contrato_de_trabajo.jpg","width":380,"height":300},{"@type":"BreadcrumbList","@id":"https:\/\/www.ugtcomunicaciones.es\/wordpress\/firmado-el-convenio-colectivo-de-telyco\/#breadcrumb","itemListElement":[{"@type":"ListItem","position":1,"name":"Portada","item":"https:\/\/www.ugtcomunicaciones.es\/wordpress\/"},{"@type":"ListItem","position":2,"name":"Firmado el Convenio Colectivo de TELYCO"}]},{"@type":"WebSite","@id":"https:\/\/www.ugtcomunicaciones.es\/wordpress\/#website","url":"https:\/\/www.ugtcomunicaciones.es\/wordpress\/","name":"UGT Comunicaciones","description":"Sindicato de Telecomunicaciones","publisher":{"@id":"https:\/\/www.ugtcomunicaciones.es\/wordpress\/#organization"},"potentialAction":[{"@type":"SearchAction","target":{"@type":"EntryPoint","urlTemplate":"https:\/\/www.ugtcomunicaciones.es\/wordpress\/?s={search_term_string}"},"query-input":{"@type":"PropertyValueSpecification","valueRequired":true,"valueName":"search_term_string"}}],"inLanguage":"es"},{"@type":"Organization","@id":"https:\/\/www.ugtcomunicaciones.es\/wordpress\/#organization","name":"UGT Comunicaciones","url":"https:\/\/www.ugtcomunicaciones.es\/wordpress\/","logo":{"@type":"ImageObject","inLanguage":"es","@id":"https:\/\/www.ugtcomunicaciones.es\/wordpress\/#\/schema\/logo\/image\/","url":"https:\/\/www.ugtcomunicaciones.es\/wordpress\/wp-content\/uploads\/2024\/04\/comunicaciones_logo.png","contentUrl":"https:\/\/www.ugtcomunicaciones.es\/wordpress\/wp-content\/uploads\/2024\/04\/comunicaciones_logo.png","width":298,"height":81,"caption":"UGT Comunicaciones"},"image":{"@id":"https:\/\/www.ugtcomunicaciones.es\/wordpress\/#\/schema\/logo\/image\/"},"sameAs":["https:\/\/www.facebook.com\/ugt.comunicaciones\/","https:\/\/x.com\/ugtcom"]},{"@type":"Person","@id":"https:\/\/www.ugtcomunicaciones.es\/wordpress\/#\/schema\/person\/eba0fc3fe5b444531d94d4368cba89ed","name":"UGT","image":{"@type":"ImageObject","inLanguage":"es","@id":"https:\/\/secure.gravatar.com\/avatar\/2a16057d620a4c646bcfc171c4f23030879ebbdd346f0525bd5d4a564e57e13d?s=96&d=mm&r=g","url":"https:\/\/secure.gravatar.com\/avatar\/2a16057d620a4c646bcfc171c4f23030879ebbdd346f0525bd5d4a564e57e13d?s=96&d=mm&r=g","contentUrl":"https:\/\/secure.gravatar.com\/avatar\/2a16057d620a4c646bcfc171c4f23030879ebbdd346f0525bd5d4a564e57e13d?s=96&d=mm&r=g","caption":"UGT"}}]}},"_links":{"self":[{"href":"https:\/\/www.ugtcomunicaciones.es\/wordpress\/wp-json\/wp\/v2\/posts\/259","targetHints":{"allow":["GET"]}}],"collection":[{"href":"https:\/\/www.ugtcomunicaciones.es\/wordpress\/wp-json\/wp\/v2\/posts"}],"about":[{"href":"https:\/\/www.ugtcomunicaciones.es\/wordpress\/wp-json\/wp\/v2\/types\/post"}],"author":[{"embeddable":true,"href":"https:\/\/www.ugtcomunicaciones.es\/wordpress\/wp-json\/wp\/v2\/users\/3"}],"replies":[{"embeddable":true,"href":"https:\/\/www.ugtcomunicaciones.es\/wordpress\/wp-json\/wp\/v2\/comments?post=259"}],"version-history":[{"count":0,"href":"https:\/\/www.ugtcomunicaciones.es\/wordpress\/wp-json\/wp\/v2\/posts\/259\/revisions"}],"wp:featuredmedia":[{"embeddable":true,"href":"https:\/\/www.ugtcomunicaciones.es\/wordpress\/wp-json\/wp\/v2\/media\/260"}],"wp:attachment":[{"href":"https:\/\/www.ugtcomunicaciones.es\/wordpress\/wp-json\/wp\/v2\/media?parent=259"}],"wp:term":[{"taxonomy":"category","embeddable":true,"href":"https:\/\/www.ugtcomunicaciones.es\/wordpress\/wp-json\/wp\/v2\/categories?post=259"},{"taxonomy":"post_tag","embeddable":true,"href":"https:\/\/www.ugtcomunicaciones.es\/wordpress\/wp-json\/wp\/v2\/tags?post=259"}],"curies":[{"name":"wp","href":"https:\/\/api.w.org\/{rel}","templated":true}]}}