{"id":263,"date":"2016-11-30T14:12:49","date_gmt":"2016-11-30T13:12:49","guid":{"rendered":"http:\/\/www.ugtcom.h2301842.stratoserver.net\/wordpress\/wordpress\/?p=263"},"modified":"2017-01-24T10:49:04","modified_gmt":"2017-01-24T09:49:04","slug":"ugt-se-reafirma-como-1a-fuerza-sindical-del-sector-al-ganar-las-elecciones-de-telyco","status":"publish","type":"post","link":"https:\/\/www.ugtcomunicaciones.es\/wordpress\/ugt-se-reafirma-como-1a-fuerza-sindical-del-sector-al-ganar-las-elecciones-de-telyco\/","title":{"rendered":"UGT se reafirma como 1\u00aa fuerza Sindical del Sector al ganar las elecciones de Telyco"},"content":{"rendered":"<p style=\"text-align: justify;\">Los trabajadores y trabajadoras de TELYCO han vuelto a otorgar su\u00a0confianza de forma mayoritaria en UGT, con el objetivo de que lideremos el\u00a0proceso\u00a0negociador del futuro Convenio Colectivo.<\/p>\n<p style=\"text-align: justify;\">Ayer d\u00eda 17, se celebraron elecciones sindicales en Telyco en la circunscripci\u00f3n de Madrid en la que se eligen 13 delegados para el Comit\u00e9 de Empresa.<\/p>\n<p style=\"text-align: justify;\">Estaban llamados a las urnas un total de 482 electores, emiti\u00e9ndose 349 votos v\u00e1lidos, 3 votos nulos y 5 votos en blanco.<\/p>\n<p style=\"text-align: justify;\">La participaci\u00f3n total ha sido del 72,4%. Estos datos, suponen una amplia participaci\u00f3n de la plantilla de Telyco en Madrid en estos comicios lo que evidencia el gran inter\u00e9s de la plantilla por sus condiciones laborales.<\/p>\n<p style=\"text-align: justify;\">Finalmente UGT ha obtenido 194 votos, lo que supone el 57% de los votos v\u00e1lidos<\/p>\n<p style=\"text-align: justify;\">La composici\u00f3n del Comit\u00e9 de Empresa de Madrid queda configurada con 7 delegados de UGT de los 13 posibles.<\/p>\n<p style=\"text-align: justify;\">Los trabajadores y trabajadoras de TELYCO han vuelto a otorgar su\u00a0confianza en UGT, \u00a0plasmada de forma apliamente mayoritaria en el Comit\u00e9 Intercentros, lo que nos otribuye la responsabilidad de liderar la inminente negociaci\u00f3n del Convenio Colectivo<\/p>\n<p style=\"text-align: justify;\">Desde UGT s\u00f3lo nos queda agradecer la enorme participaci\u00f3n de afiliados\/as y trabajadores\/as, as\u00ed como, la confianza depositada en nosotros, que nos permite renovar con toda rotundidad, el compromiso de trabajo, responsabilidad y eficacia que a partir de hoy mismo retomamos con renovada ilusi\u00f3n<\/p>\n","protected":false},"excerpt":{"rendered":"<p>Los trabajadores y trabajadoras de TELYCO han vuelto a otorgar su\u00a0confianza de forma mayoritaria en UGT, con el objetivo de que lideremos el\u00a0proceso\u00a0negociador del futuro Convenio Colectivo. Ayer d\u00eda 17, se celebraron elecciones sindicales en Telyco en la circunscripci\u00f3n de Madrid en la que se eligen 13 delegados para el Comit\u00e9 de Empresa. Estaban llamados [&hellip;]<\/p>\n","protected":false},"author":3,"featured_media":264,"comment_status":"open","ping_status":"closed","sticky":false,"template":"","format":"standard","meta":{"footnotes":""},"categories":[37,31],"tags":[],"class_list":["post-263","post","type-post","status-publish","format-standard","has-post-thumbnail","hentry","category-telyco-telyco","category-telyco"],"yoast_head":"<!-- This site is optimized with the Yoast SEO Premium plugin v27.3 (Yoast SEO v27.4) - https:\/\/yoast.com\/product\/yoast-seo-premium-wordpress\/ -->\n<title>UGT se reafirma como 1\u00aa fuerza Sindical del Sector al ganar las elecciones de Telyco - UGT Comunicaciones<\/title>\n<meta name=\"robots\" content=\"index, follow, max-snippet:-1, max-image-preview:large, max-video-preview:-1\" \/>\n<link rel=\"canonical\" href=\"https:\/\/www.ugtcomunicaciones.es\/wordpress\/ugt-se-reafirma-como-1a-fuerza-sindical-del-sector-al-ganar-las-elecciones-de-telyco\/\" \/>\n<meta property=\"og:locale\" content=\"es_ES\" \/>\n<meta property=\"og:type\" content=\"article\" \/>\n<meta property=\"og:title\" content=\"UGT se reafirma como 1\u00aa fuerza Sindical del Sector al ganar las elecciones de Telyco\" \/>\n<meta property=\"og:description\" content=\"Los trabajadores y trabajadoras de TELYCO han vuelto a otorgar su\u00a0confianza de forma mayoritaria en UGT, con el objetivo de que lideremos el\u00a0proceso\u00a0negociador del futuro Convenio Colectivo. Ayer d\u00eda 17, se celebraron elecciones sindicales en Telyco en la circunscripci\u00f3n de Madrid en la que se eligen 13 delegados para el Comit\u00e9 de Empresa. Estaban llamados [&hellip;]\" \/>\n<meta property=\"og:url\" content=\"https:\/\/www.ugtcomunicaciones.es\/wordpress\/ugt-se-reafirma-como-1a-fuerza-sindical-del-sector-al-ganar-las-elecciones-de-telyco\/\" \/>\n<meta property=\"og:site_name\" content=\"UGT Comunicaciones\" \/>\n<meta property=\"article:publisher\" content=\"https:\/\/www.facebook.com\/ugt.comunicaciones\/\" \/>\n<meta property=\"article:published_time\" content=\"2016-11-30T13:12:49+00:00\" \/>\n<meta property=\"article:modified_time\" content=\"2017-01-24T09:49:04+00:00\" \/>\n<meta property=\"og:image\" content=\"https:\/\/www.ugtcomunicaciones.es\/wordpress\/wp-content\/uploads\/2016\/11\/1370451035_262760_1370451192_noticia_normal.jpg\" \/>\n\t<meta property=\"og:image:width\" content=\"250\" \/>\n\t<meta property=\"og:image:height\" content=\"167\" \/>\n\t<meta property=\"og:image:type\" content=\"image\/jpeg\" \/>\n<meta name=\"author\" content=\"UGT\" \/>\n<meta name=\"twitter:card\" content=\"summary_large_image\" \/>\n<meta name=\"twitter:creator\" content=\"@ugtcom\" \/>\n<meta name=\"twitter:site\" content=\"@ugtcom\" \/>\n<meta name=\"twitter:label1\" content=\"Escrito por\" \/>\n\t<meta name=\"twitter:data1\" content=\"UGT\" \/>\n\t<meta name=\"twitter:label2\" content=\"Tiempo de lectura\" \/>\n\t<meta name=\"twitter:data2\" content=\"1 minuto\" \/>\n<script type=\"application\/ld+json\" class=\"yoast-schema-graph\">{\"@context\":\"https:\\\/\\\/schema.org\",\"@graph\":[{\"@type\":\"Article\",\"@id\":\"https:\\\/\\\/www.ugtcomunicaciones.es\\\/wordpress\\\/ugt-se-reafirma-como-1a-fuerza-sindical-del-sector-al-ganar-las-elecciones-de-telyco\\\/#article\",\"isPartOf\":{\"@id\":\"https:\\\/\\\/www.ugtcomunicaciones.es\\\/wordpress\\\/ugt-se-reafirma-como-1a-fuerza-sindical-del-sector-al-ganar-las-elecciones-de-telyco\\\/\"},\"author\":{\"name\":\"UGT\",\"@id\":\"https:\\\/\\\/www.ugtcomunicaciones.es\\\/wordpress\\\/#\\\/schema\\\/person\\\/eba0fc3fe5b444531d94d4368cba89ed\"},\"headline\":\"UGT se reafirma como 1\u00aa fuerza Sindical del Sector al ganar las elecciones de Telyco\",\"datePublished\":\"2016-11-30T13:12:49+00:00\",\"dateModified\":\"2017-01-24T09:49:04+00:00\",\"mainEntityOfPage\":{\"@id\":\"https:\\\/\\\/www.ugtcomunicaciones.es\\\/wordpress\\\/ugt-se-reafirma-como-1a-fuerza-sindical-del-sector-al-ganar-las-elecciones-de-telyco\\\/\"},\"wordCount\":247,\"commentCount\":0,\"publisher\":{\"@id\":\"https:\\\/\\\/www.ugtcomunicaciones.es\\\/wordpress\\\/#organization\"},\"image\":{\"@id\":\"https:\\\/\\\/www.ugtcomunicaciones.es\\\/wordpress\\\/ugt-se-reafirma-como-1a-fuerza-sindical-del-sector-al-ganar-las-elecciones-de-telyco\\\/#primaryimage\"},\"thumbnailUrl\":\"https:\\\/\\\/www.ugtcomunicaciones.es\\\/wordpress\\\/wp-content\\\/uploads\\\/2016\\\/11\\\/1370451035_262760_1370451192_noticia_normal.jpg\",\"articleSection\":[\"Telyco\",\"Telyco\"],\"inLanguage\":\"es\",\"potentialAction\":[{\"@type\":\"CommentAction\",\"name\":\"Comment\",\"target\":[\"https:\\\/\\\/www.ugtcomunicaciones.es\\\/wordpress\\\/ugt-se-reafirma-como-1a-fuerza-sindical-del-sector-al-ganar-las-elecciones-de-telyco\\\/#respond\"]}]},{\"@type\":\"WebPage\",\"@id\":\"https:\\\/\\\/www.ugtcomunicaciones.es\\\/wordpress\\\/ugt-se-reafirma-como-1a-fuerza-sindical-del-sector-al-ganar-las-elecciones-de-telyco\\\/\",\"url\":\"https:\\\/\\\/www.ugtcomunicaciones.es\\\/wordpress\\\/ugt-se-reafirma-como-1a-fuerza-sindical-del-sector-al-ganar-las-elecciones-de-telyco\\\/\",\"name\":\"UGT se reafirma como 1\u00aa fuerza Sindical del Sector al ganar las elecciones de Telyco - UGT Comunicaciones\",\"isPartOf\":{\"@id\":\"https:\\\/\\\/www.ugtcomunicaciones.es\\\/wordpress\\\/#website\"},\"primaryImageOfPage\":{\"@id\":\"https:\\\/\\\/www.ugtcomunicaciones.es\\\/wordpress\\\/ugt-se-reafirma-como-1a-fuerza-sindical-del-sector-al-ganar-las-elecciones-de-telyco\\\/#primaryimage\"},\"image\":{\"@id\":\"https:\\\/\\\/www.ugtcomunicaciones.es\\\/wordpress\\\/ugt-se-reafirma-como-1a-fuerza-sindical-del-sector-al-ganar-las-elecciones-de-telyco\\\/#primaryimage\"},\"thumbnailUrl\":\"https:\\\/\\\/www.ugtcomunicaciones.es\\\/wordpress\\\/wp-content\\\/uploads\\\/2016\\\/11\\\/1370451035_262760_1370451192_noticia_normal.jpg\",\"datePublished\":\"2016-11-30T13:12:49+00:00\",\"dateModified\":\"2017-01-24T09:49:04+00:00\",\"breadcrumb\":{\"@id\":\"https:\\\/\\\/www.ugtcomunicaciones.es\\\/wordpress\\\/ugt-se-reafirma-como-1a-fuerza-sindical-del-sector-al-ganar-las-elecciones-de-telyco\\\/#breadcrumb\"},\"inLanguage\":\"es\",\"potentialAction\":[{\"@type\":\"ReadAction\",\"target\":[\"https:\\\/\\\/www.ugtcomunicaciones.es\\\/wordpress\\\/ugt-se-reafirma-como-1a-fuerza-sindical-del-sector-al-ganar-las-elecciones-de-telyco\\\/\"]}]},{\"@type\":\"ImageObject\",\"inLanguage\":\"es\",\"@id\":\"https:\\\/\\\/www.ugtcomunicaciones.es\\\/wordpress\\\/ugt-se-reafirma-como-1a-fuerza-sindical-del-sector-al-ganar-las-elecciones-de-telyco\\\/#primaryimage\",\"url\":\"https:\\\/\\\/www.ugtcomunicaciones.es\\\/wordpress\\\/wp-content\\\/uploads\\\/2016\\\/11\\\/1370451035_262760_1370451192_noticia_normal.jpg\",\"contentUrl\":\"https:\\\/\\\/www.ugtcomunicaciones.es\\\/wordpress\\\/wp-content\\\/uploads\\\/2016\\\/11\\\/1370451035_262760_1370451192_noticia_normal.jpg\",\"width\":250,\"height\":167},{\"@type\":\"BreadcrumbList\",\"@id\":\"https:\\\/\\\/www.ugtcomunicaciones.es\\\/wordpress\\\/ugt-se-reafirma-como-1a-fuerza-sindical-del-sector-al-ganar-las-elecciones-de-telyco\\\/#breadcrumb\",\"itemListElement\":[{\"@type\":\"ListItem\",\"position\":1,\"name\":\"Portada\",\"item\":\"https:\\\/\\\/www.ugtcomunicaciones.es\\\/wordpress\\\/\"},{\"@type\":\"ListItem\",\"position\":2,\"name\":\"UGT se reafirma como 1\u00aa fuerza Sindical del Sector al ganar las elecciones de Telyco\"}]},{\"@type\":\"WebSite\",\"@id\":\"https:\\\/\\\/www.ugtcomunicaciones.es\\\/wordpress\\\/#website\",\"url\":\"https:\\\/\\\/www.ugtcomunicaciones.es\\\/wordpress\\\/\",\"name\":\"UGT Comunicaciones\",\"description\":\"Sindicato de Telecomunicaciones\",\"publisher\":{\"@id\":\"https:\\\/\\\/www.ugtcomunicaciones.es\\\/wordpress\\\/#organization\"},\"potentialAction\":[{\"@type\":\"SearchAction\",\"target\":{\"@type\":\"EntryPoint\",\"urlTemplate\":\"https:\\\/\\\/www.ugtcomunicaciones.es\\\/wordpress\\\/?s={search_term_string}\"},\"query-input\":{\"@type\":\"PropertyValueSpecification\",\"valueRequired\":true,\"valueName\":\"search_term_string\"}}],\"inLanguage\":\"es\"},{\"@type\":\"Organization\",\"@id\":\"https:\\\/\\\/www.ugtcomunicaciones.es\\\/wordpress\\\/#organization\",\"name\":\"UGT Comunicaciones\",\"url\":\"https:\\\/\\\/www.ugtcomunicaciones.es\\\/wordpress\\\/\",\"logo\":{\"@type\":\"ImageObject\",\"inLanguage\":\"es\",\"@id\":\"https:\\\/\\\/www.ugtcomunicaciones.es\\\/wordpress\\\/#\\\/schema\\\/logo\\\/image\\\/\",\"url\":\"https:\\\/\\\/www.ugtcomunicaciones.es\\\/wordpress\\\/wp-content\\\/uploads\\\/2024\\\/04\\\/comunicaciones_logo.png\",\"contentUrl\":\"https:\\\/\\\/www.ugtcomunicaciones.es\\\/wordpress\\\/wp-content\\\/uploads\\\/2024\\\/04\\\/comunicaciones_logo.png\",\"width\":298,\"height\":81,\"caption\":\"UGT Comunicaciones\"},\"image\":{\"@id\":\"https:\\\/\\\/www.ugtcomunicaciones.es\\\/wordpress\\\/#\\\/schema\\\/logo\\\/image\\\/\"},\"sameAs\":[\"https:\\\/\\\/www.facebook.com\\\/ugt.comunicaciones\\\/\",\"https:\\\/\\\/x.com\\\/ugtcom\"]},{\"@type\":\"Person\",\"@id\":\"https:\\\/\\\/www.ugtcomunicaciones.es\\\/wordpress\\\/#\\\/schema\\\/person\\\/eba0fc3fe5b444531d94d4368cba89ed\",\"name\":\"UGT\",\"image\":{\"@type\":\"ImageObject\",\"inLanguage\":\"es\",\"@id\":\"https:\\\/\\\/secure.gravatar.com\\\/avatar\\\/2a16057d620a4c646bcfc171c4f23030879ebbdd346f0525bd5d4a564e57e13d?s=96&d=mm&r=g\",\"url\":\"https:\\\/\\\/secure.gravatar.com\\\/avatar\\\/2a16057d620a4c646bcfc171c4f23030879ebbdd346f0525bd5d4a564e57e13d?s=96&d=mm&r=g\",\"contentUrl\":\"https:\\\/\\\/secure.gravatar.com\\\/avatar\\\/2a16057d620a4c646bcfc171c4f23030879ebbdd346f0525bd5d4a564e57e13d?s=96&d=mm&r=g\",\"caption\":\"UGT\"}}]}<\/script>\n<!-- \/ Yoast SEO Premium plugin. -->","yoast_head_json":{"title":"UGT se reafirma como 1\u00aa fuerza Sindical del Sector al ganar las elecciones de Telyco - UGT Comunicaciones","robots":{"index":"index","follow":"follow","max-snippet":"max-snippet:-1","max-image-preview":"max-image-preview:large","max-video-preview":"max-video-preview:-1"},"canonical":"https:\/\/www.ugtcomunicaciones.es\/wordpress\/ugt-se-reafirma-como-1a-fuerza-sindical-del-sector-al-ganar-las-elecciones-de-telyco\/","og_locale":"es_ES","og_type":"article","og_title":"UGT se reafirma como 1\u00aa fuerza Sindical del Sector al ganar las elecciones de Telyco","og_description":"Los trabajadores y trabajadoras de TELYCO han vuelto a otorgar su\u00a0confianza de forma mayoritaria en UGT, con el objetivo de que lideremos el\u00a0proceso\u00a0negociador del futuro Convenio Colectivo. Ayer d\u00eda 17, se celebraron elecciones sindicales en Telyco en la circunscripci\u00f3n de Madrid en la que se eligen 13 delegados para el Comit\u00e9 de Empresa. Estaban llamados [&hellip;]","og_url":"https:\/\/www.ugtcomunicaciones.es\/wordpress\/ugt-se-reafirma-como-1a-fuerza-sindical-del-sector-al-ganar-las-elecciones-de-telyco\/","og_site_name":"UGT Comunicaciones","article_publisher":"https:\/\/www.facebook.com\/ugt.comunicaciones\/","article_published_time":"2016-11-30T13:12:49+00:00","article_modified_time":"2017-01-24T09:49:04+00:00","og_image":[{"width":250,"height":167,"url":"https:\/\/www.ugtcomunicaciones.es\/wordpress\/wp-content\/uploads\/2016\/11\/1370451035_262760_1370451192_noticia_normal.jpg","type":"image\/jpeg"}],"author":"UGT","twitter_card":"summary_large_image","twitter_creator":"@ugtcom","twitter_site":"@ugtcom","twitter_misc":{"Escrito por":"UGT","Tiempo de lectura":"1 minuto"},"schema":{"@context":"https:\/\/schema.org","@graph":[{"@type":"Article","@id":"https:\/\/www.ugtcomunicaciones.es\/wordpress\/ugt-se-reafirma-como-1a-fuerza-sindical-del-sector-al-ganar-las-elecciones-de-telyco\/#article","isPartOf":{"@id":"https:\/\/www.ugtcomunicaciones.es\/wordpress\/ugt-se-reafirma-como-1a-fuerza-sindical-del-sector-al-ganar-las-elecciones-de-telyco\/"},"author":{"name":"UGT","@id":"https:\/\/www.ugtcomunicaciones.es\/wordpress\/#\/schema\/person\/eba0fc3fe5b444531d94d4368cba89ed"},"headline":"UGT se reafirma como 1\u00aa fuerza Sindical del Sector al ganar las elecciones de Telyco","datePublished":"2016-11-30T13:12:49+00:00","dateModified":"2017-01-24T09:49:04+00:00","mainEntityOfPage":{"@id":"https:\/\/www.ugtcomunicaciones.es\/wordpress\/ugt-se-reafirma-como-1a-fuerza-sindical-del-sector-al-ganar-las-elecciones-de-telyco\/"},"wordCount":247,"commentCount":0,"publisher":{"@id":"https:\/\/www.ugtcomunicaciones.es\/wordpress\/#organization"},"image":{"@id":"https:\/\/www.ugtcomunicaciones.es\/wordpress\/ugt-se-reafirma-como-1a-fuerza-sindical-del-sector-al-ganar-las-elecciones-de-telyco\/#primaryimage"},"thumbnailUrl":"https:\/\/www.ugtcomunicaciones.es\/wordpress\/wp-content\/uploads\/2016\/11\/1370451035_262760_1370451192_noticia_normal.jpg","articleSection":["Telyco","Telyco"],"inLanguage":"es","potentialAction":[{"@type":"CommentAction","name":"Comment","target":["https:\/\/www.ugtcomunicaciones.es\/wordpress\/ugt-se-reafirma-como-1a-fuerza-sindical-del-sector-al-ganar-las-elecciones-de-telyco\/#respond"]}]},{"@type":"WebPage","@id":"https:\/\/www.ugtcomunicaciones.es\/wordpress\/ugt-se-reafirma-como-1a-fuerza-sindical-del-sector-al-ganar-las-elecciones-de-telyco\/","url":"https:\/\/www.ugtcomunicaciones.es\/wordpress\/ugt-se-reafirma-como-1a-fuerza-sindical-del-sector-al-ganar-las-elecciones-de-telyco\/","name":"UGT se reafirma como 1\u00aa fuerza Sindical del Sector al ganar las elecciones de Telyco - UGT Comunicaciones","isPartOf":{"@id":"https:\/\/www.ugtcomunicaciones.es\/wordpress\/#website"},"primaryImageOfPage":{"@id":"https:\/\/www.ugtcomunicaciones.es\/wordpress\/ugt-se-reafirma-como-1a-fuerza-sindical-del-sector-al-ganar-las-elecciones-de-telyco\/#primaryimage"},"image":{"@id":"https:\/\/www.ugtcomunicaciones.es\/wordpress\/ugt-se-reafirma-como-1a-fuerza-sindical-del-sector-al-ganar-las-elecciones-de-telyco\/#primaryimage"},"thumbnailUrl":"https:\/\/www.ugtcomunicaciones.es\/wordpress\/wp-content\/uploads\/2016\/11\/1370451035_262760_1370451192_noticia_normal.jpg","datePublished":"2016-11-30T13:12:49+00:00","dateModified":"2017-01-24T09:49:04+00:00","breadcrumb":{"@id":"https:\/\/www.ugtcomunicaciones.es\/wordpress\/ugt-se-reafirma-como-1a-fuerza-sindical-del-sector-al-ganar-las-elecciones-de-telyco\/#breadcrumb"},"inLanguage":"es","potentialAction":[{"@type":"ReadAction","target":["https:\/\/www.ugtcomunicaciones.es\/wordpress\/ugt-se-reafirma-como-1a-fuerza-sindical-del-sector-al-ganar-las-elecciones-de-telyco\/"]}]},{"@type":"ImageObject","inLanguage":"es","@id":"https:\/\/www.ugtcomunicaciones.es\/wordpress\/ugt-se-reafirma-como-1a-fuerza-sindical-del-sector-al-ganar-las-elecciones-de-telyco\/#primaryimage","url":"https:\/\/www.ugtcomunicaciones.es\/wordpress\/wp-content\/uploads\/2016\/11\/1370451035_262760_1370451192_noticia_normal.jpg","contentUrl":"https:\/\/www.ugtcomunicaciones.es\/wordpress\/wp-content\/uploads\/2016\/11\/1370451035_262760_1370451192_noticia_normal.jpg","width":250,"height":167},{"@type":"BreadcrumbList","@id":"https:\/\/www.ugtcomunicaciones.es\/wordpress\/ugt-se-reafirma-como-1a-fuerza-sindical-del-sector-al-ganar-las-elecciones-de-telyco\/#breadcrumb","itemListElement":[{"@type":"ListItem","position":1,"name":"Portada","item":"https:\/\/www.ugtcomunicaciones.es\/wordpress\/"},{"@type":"ListItem","position":2,"name":"UGT se reafirma como 1\u00aa fuerza Sindical del Sector al ganar las elecciones de Telyco"}]},{"@type":"WebSite","@id":"https:\/\/www.ugtcomunicaciones.es\/wordpress\/#website","url":"https:\/\/www.ugtcomunicaciones.es\/wordpress\/","name":"UGT Comunicaciones","description":"Sindicato de Telecomunicaciones","publisher":{"@id":"https:\/\/www.ugtcomunicaciones.es\/wordpress\/#organization"},"potentialAction":[{"@type":"SearchAction","target":{"@type":"EntryPoint","urlTemplate":"https:\/\/www.ugtcomunicaciones.es\/wordpress\/?s={search_term_string}"},"query-input":{"@type":"PropertyValueSpecification","valueRequired":true,"valueName":"search_term_string"}}],"inLanguage":"es"},{"@type":"Organization","@id":"https:\/\/www.ugtcomunicaciones.es\/wordpress\/#organization","name":"UGT Comunicaciones","url":"https:\/\/www.ugtcomunicaciones.es\/wordpress\/","logo":{"@type":"ImageObject","inLanguage":"es","@id":"https:\/\/www.ugtcomunicaciones.es\/wordpress\/#\/schema\/logo\/image\/","url":"https:\/\/www.ugtcomunicaciones.es\/wordpress\/wp-content\/uploads\/2024\/04\/comunicaciones_logo.png","contentUrl":"https:\/\/www.ugtcomunicaciones.es\/wordpress\/wp-content\/uploads\/2024\/04\/comunicaciones_logo.png","width":298,"height":81,"caption":"UGT Comunicaciones"},"image":{"@id":"https:\/\/www.ugtcomunicaciones.es\/wordpress\/#\/schema\/logo\/image\/"},"sameAs":["https:\/\/www.facebook.com\/ugt.comunicaciones\/","https:\/\/x.com\/ugtcom"]},{"@type":"Person","@id":"https:\/\/www.ugtcomunicaciones.es\/wordpress\/#\/schema\/person\/eba0fc3fe5b444531d94d4368cba89ed","name":"UGT","image":{"@type":"ImageObject","inLanguage":"es","@id":"https:\/\/secure.gravatar.com\/avatar\/2a16057d620a4c646bcfc171c4f23030879ebbdd346f0525bd5d4a564e57e13d?s=96&d=mm&r=g","url":"https:\/\/secure.gravatar.com\/avatar\/2a16057d620a4c646bcfc171c4f23030879ebbdd346f0525bd5d4a564e57e13d?s=96&d=mm&r=g","contentUrl":"https:\/\/secure.gravatar.com\/avatar\/2a16057d620a4c646bcfc171c4f23030879ebbdd346f0525bd5d4a564e57e13d?s=96&d=mm&r=g","caption":"UGT"}}]}},"_links":{"self":[{"href":"https:\/\/www.ugtcomunicaciones.es\/wordpress\/wp-json\/wp\/v2\/posts\/263","targetHints":{"allow":["GET"]}}],"collection":[{"href":"https:\/\/www.ugtcomunicaciones.es\/wordpress\/wp-json\/wp\/v2\/posts"}],"about":[{"href":"https:\/\/www.ugtcomunicaciones.es\/wordpress\/wp-json\/wp\/v2\/types\/post"}],"author":[{"embeddable":true,"href":"https:\/\/www.ugtcomunicaciones.es\/wordpress\/wp-json\/wp\/v2\/users\/3"}],"replies":[{"embeddable":true,"href":"https:\/\/www.ugtcomunicaciones.es\/wordpress\/wp-json\/wp\/v2\/comments?post=263"}],"version-history":[{"count":0,"href":"https:\/\/www.ugtcomunicaciones.es\/wordpress\/wp-json\/wp\/v2\/posts\/263\/revisions"}],"wp:featuredmedia":[{"embeddable":true,"href":"https:\/\/www.ugtcomunicaciones.es\/wordpress\/wp-json\/wp\/v2\/media\/264"}],"wp:attachment":[{"href":"https:\/\/www.ugtcomunicaciones.es\/wordpress\/wp-json\/wp\/v2\/media?parent=263"}],"wp:term":[{"taxonomy":"category","embeddable":true,"href":"https:\/\/www.ugtcomunicaciones.es\/wordpress\/wp-json\/wp\/v2\/categories?post=263"},{"taxonomy":"post_tag","embeddable":true,"href":"https:\/\/www.ugtcomunicaciones.es\/wordpress\/wp-json\/wp\/v2\/tags?post=263"}],"curies":[{"name":"wp","href":"https:\/\/api.w.org\/{rel}","templated":true}]}}