{"id":26562,"date":"2017-09-18T08:30:00","date_gmt":"2017-09-18T06:30:00","guid":{"rendered":"http:\/\/ugtcomunicaciones.es\/wordpress\/?p=26562"},"modified":"2017-09-05T16:23:07","modified_gmt":"2017-09-05T14:23:07","slug":"estado-la-brecha-digital-eeuu","status":"publish","type":"post","link":"https:\/\/www.ugtcomunicaciones.es\/wordpress\/estado-la-brecha-digital-eeuu\/","title":{"rendered":"Estado de la Brecha Digital en EEUU"},"content":{"rendered":"<p style=\"text-align: justify;\">El prestigioso Centro de Estudios de Internet Pew<a href=\"#_ftn1\" name=\"_ftnref1\">[1]<\/a> ha publicado recientemente dos amplios estudios sobre dos de las partes m\u00e1s importantes de la Brecha Digital en dicho pa\u00eds: la brecha digital por edad<a href=\"#_ftn2\" name=\"_ftnref2\">[2]<\/a> y la relacionada con las diferencias entre el h\u00e1bitat rural y el urbano<a href=\"#_ftn3\" name=\"_ftnref3\">[3]<\/a>.<\/p>\n<p style=\"text-align: justify;\">Ambos informes vienen a confirmar el buen trabajo que la Administraci\u00f3n Obama realiz\u00f3 durante su mandato para mitigar esta lacra social. Por ejemplo, en el periodo que va desde el a\u00f1o 2000, el n\u00famero de internautas se ha doblado, mientras que las personas mayores, los seniors, han pasado de usar Internet en un porcentaje del 12% a ascender al 67%. Aunque las comparaciones siempre son odiosas, en Espa\u00f1a, en el mismo a\u00f1o 2016, el n\u00famero de Internautas no superaba el 81%<a href=\"#_ftn4\" name=\"_ftnref4\">[4]<\/a> y entre los mayores de 65 a\u00f1os frisaba el 38%<a href=\"#_ftn5\" name=\"_ftnref5\">[5]<\/a>, la mitad que en EEUU. De hecho, hace diez a\u00f1os, s\u00f3lo el 5,1% de los espa\u00f1oles mayores de 65 a\u00f1os usaba Internet:<\/p>\n<p><img decoding=\"async\" class=\"aligncenter wp-image-26563 size-full lazyload\" data-src=\"http:\/\/ugtcomunicaciones.es\/wordpress\/wp-content\/uploads\/2017\/09\/Breecha-digital-EEUU-1.jpg\" alt=\"\" width=\"641\" height=\"311\" data-srcset=\"https:\/\/www.ugtcomunicaciones.es\/wordpress\/wp-content\/uploads\/2017\/09\/Breecha-digital-EEUU-1.jpg 641w, https:\/\/www.ugtcomunicaciones.es\/wordpress\/wp-content\/uploads\/2017\/09\/Breecha-digital-EEUU-1-300x146.jpg 300w, https:\/\/www.ugtcomunicaciones.es\/wordpress\/wp-content\/uploads\/2017\/09\/Breecha-digital-EEUU-1-640x311.jpg 640w\" data-sizes=\"(max-width: 641px) 100vw, 641px\" src=\"data:image\/svg+xml;base64,PHN2ZyB3aWR0aD0iMSIgaGVpZ2h0PSIxIiB4bWxucz0iaHR0cDovL3d3dy53My5vcmcvMjAwMC9zdmciPjwvc3ZnPg==\" style=\"--smush-placeholder-width: 641px; --smush-placeholder-aspect-ratio: 641\/311;\" \/><\/p>\n<p style=\"text-align: justify;\">En cuanto a la otra vertiente, la del h\u00e1bitat, los estadounidenses conectados a Internet mediante banda ancha en zonas rurales han ido creciendo de forma sostenida y paralela a las ciudades, aunque persiste un gap del 10% entre ambos contextos.<\/p>\n<p><img decoding=\"async\" class=\"aligncenter wp-image-26564 size-full lazyload\" data-src=\"http:\/\/ugtcomunicaciones.es\/wordpress\/wp-content\/uploads\/2017\/09\/Breecha-digital-EEUU-2.jpg\" alt=\"\" width=\"642\" height=\"344\" data-srcset=\"https:\/\/www.ugtcomunicaciones.es\/wordpress\/wp-content\/uploads\/2017\/09\/Breecha-digital-EEUU-2.jpg 642w, https:\/\/www.ugtcomunicaciones.es\/wordpress\/wp-content\/uploads\/2017\/09\/Breecha-digital-EEUU-2-300x160.jpg 300w, https:\/\/www.ugtcomunicaciones.es\/wordpress\/wp-content\/uploads\/2017\/09\/Breecha-digital-EEUU-2-640x344.jpg 640w\" data-sizes=\"(max-width: 642px) 100vw, 642px\" src=\"data:image\/svg+xml;base64,PHN2ZyB3aWR0aD0iMSIgaGVpZ2h0PSIxIiB4bWxucz0iaHR0cDovL3d3dy53My5vcmcvMjAwMC9zdmciPjwvc3ZnPg==\" style=\"--smush-placeholder-width: 642px; --smush-placeholder-aspect-ratio: 642\/344;\" \/><\/p>\n<p style=\"text-align: justify;\">Mientras tanto, en Espa\u00f1a, a falta de una estad\u00edstica similar que se pueda comparar de forma directa, el \u00faltimo informe de cobertura de banda ancha<a href=\"#_ftn6\" name=\"_ftnref6\">[6]<\/a> publicado por el Ministerio de Agenda Digital nos indican que las poblaciones de menos 500 habitantes solo logran un 61,2% de cobertura de 2 Mbps.<\/p>\n<p style=\"text-align: justify;\">Es decir, que en Espa\u00f1a le damos cobertura de banda ancha, en zonas muy rurales, a un 61% de la poblaci\u00f3n \u2013oferta-, lo que inevitablemente significa que la adopci\u00f3n real en los hogares debe ser muy inferior \u2013demanda-; mientras que en EEUU un 63% de los hogares s\u00ed tienen ya banda ancha contratada en el hogar.<\/p>\n<p style=\"text-align: justify;\">Ambas cuestiones demuestran que la acci\u00f3n pol\u00edtica es decisiva para acabar con la Brecha Digital. Los numerosos y ambiciosos proyectos liderados por EEUU<a href=\"#_ftn7\" name=\"_ftnref7\">[7]<\/a> tienen su reflejo en la realidad de sus ciudadanos, conformando una sociedad m\u00e1s inclusiva, justa y de progreso.<\/p>\n<p style=\"text-align: justify;\">Huelga recordar lo que ha hecho Espa\u00f1a en este periodo para cerrar la Brecha Digital..\u2026\u00a1nada!<\/p>\n<h4 style=\"text-align: right;\"><strong><span style=\"color: #ff0000;\">UGT<\/span> Comunicaciones<\/strong><\/h4>\n<p><span style=\"font-size: xx-small;\"><br \/>\n<a href=\"#_ftnref1\" name=\"_ftn1\">[1]<\/a> <a href=\"http:\/\/www.pewresearch.org\/\" target=\"_blank\" rel=\"noopener\">http:\/\/www.pewresearch.org\/<\/a><br \/>\n<a href=\"#_ftnref2\" name=\"_ftn2\">[2]<\/a> <a href=\"http:\/\/www.pewinternet.org\/2017\/05\/17\/tech-adoption-climbs-among-older-adults\/\" target=\"_blank\" rel=\"noopener\">http:\/\/www.pewinternet.org\/2017\/05\/17\/tech-adoption-climbs-among-older-adults\/<\/a><br \/>\n<a href=\"#_ftnref3\" name=\"_ftn3\">[3]<\/a> <a href=\"http:\/\/www.pewresearch.org\/fact-tank\/2017\/05\/19\/digital-gap-between-rural-and-nonrural-america-persists\/\" target=\"_blank\" rel=\"noopener\">http:\/\/www.pewresearch.org\/fact-tank\/2017\/05\/19\/digital-gap-between-rural-and-nonrural-america-persists\/<\/a><br \/>\n<a href=\"#_ftnref4\" name=\"_ftn4\">[4]<\/a> <a href=\"http:\/\/ec.europa.eu\/eurostat\/statistics-explained\/index.php\/Digital_economy_and_society_statistics_-_households_and_individuals#Internet_access\" target=\"_blank\" rel=\"noopener\">http:\/\/ec.europa.eu\/eurostat\/statistics-explained\/index.php\/Digital_economy_and_society_statistics_-_households_and_individuals#Internet_access<\/a><br \/>\n<a href=\"#_ftnref5\" name=\"_ftn5\">[5]<\/a> <a href=\"http:\/\/www.ine.es\/jaxi\/Datos.htm?path=\/t25\/p450\/base_2011\/a2016\/l0\/&amp;file=04001.px\" target=\"_blank\" rel=\"noopener\">http:\/\/www.ine.es\/jaxi\/Datos.htm?path=\/t25\/p450\/base_2011\/a2016\/l0\/&amp;file=04001.px<\/a><br \/>\n<a href=\"#_ftnref6\" name=\"_ftn6\">[6]<\/a> <a href=\"http:\/\/www.minetad.gob.es\/telecomunicaciones\/banda-ancha\/cobertura\/Documents\/Cobertura-BA-Mediados2016.pdf\" target=\"_blank\" rel=\"noopener\">http:\/\/www.minetad.gob.es\/telecomunicaciones\/banda-ancha\/cobertura\/Documents\/Cobertura-BA-Mediados2016.pdf<\/a><br \/>\n<a href=\"#_ftnref7\" name=\"_ftn7\">[7]<\/a> <a href=\"http:\/\/ugtcom.h2301842.stratoserver.net\/wordpress\/el-plan-de-eeuu-para-acabar-con-la-brecha-digital\/\" target=\"_blank\" rel=\"noopener\">http:\/\/ugtcom.h2301842.stratoserver.net\/wordpress\/el-plan-de-eeuu-para-acabar-con-la-brecha-digital\/<\/a>, <a href=\"http:\/\/www.smcugt.org\/noticia\/connecthome-el-proyecto-de-obama-para-dar-banda-ancha-a-colectivos-con-dificultades-economicas-id-52184.htm\" target=\"_blank\" rel=\"noopener\">http:\/\/www.smcugt.org\/noticia\/connecthome-el-proyecto-de-obama-para-dar-banda-ancha-a-colectivos-con-dificultades-economicas-id-52184.htm<\/a>, <a href=\"http:\/\/comunicaciones.smcugt.org\/noticia\/eeuu-actualiza-su-servicio-universal-y-lo-convierte-en-el-mejor-del-mundo-id-49220.htm\" target=\"_blank\" rel=\"noopener\">http:\/\/comunicaciones.smcugt.org\/noticia\/eeuu-actualiza-su-servicio-universal-y-lo-convierte-en-el-mejor-del-mundo-id-49220.htm<\/a><\/span><\/p>\n","protected":false},"excerpt":{"rendered":"<p>El prestigioso Centro de Estudios de Internet Pew[1] ha publicado recientemente dos amplios estudios sobre dos de las partes m\u00e1s importantes de la Brecha Digital en dicho pa\u00eds: la brecha digital por edad[2] y la relacionada con las diferencias entre el h\u00e1bitat rural y el urbano[3]. Ambos informes vienen a confirmar el buen trabajo que [&hellip;]<\/p>\n","protected":false},"author":3,"featured_media":26569,"comment_status":"open","ping_status":"closed","sticky":false,"template":"","format":"standard","meta":{"footnotes":""},"categories":[14,12],"tags":[],"class_list":["post-26562","post","type-post","status-publish","format-standard","has-post-thumbnail","hentry","category-opinion","category-regulacion"],"yoast_head":"<!-- This site is optimized with the Yoast SEO Premium plugin v27.3 (Yoast SEO v27.4) - https:\/\/yoast.com\/product\/yoast-seo-premium-wordpress\/ -->\n<title>Estado de la Brecha Digital en EEUU - UGT Comunicaciones<\/title>\n<meta name=\"robots\" content=\"index, follow, max-snippet:-1, max-image-preview:large, max-video-preview:-1\" \/>\n<link rel=\"canonical\" href=\"https:\/\/www.ugtcomunicaciones.es\/wordpress\/estado-la-brecha-digital-eeuu\/\" \/>\n<meta property=\"og:locale\" content=\"es_ES\" \/>\n<meta property=\"og:type\" content=\"article\" \/>\n<meta property=\"og:title\" content=\"Estado de la Brecha Digital en EEUU\" \/>\n<meta property=\"og:description\" content=\"El prestigioso Centro de Estudios de Internet Pew[1] ha publicado recientemente dos amplios estudios sobre dos de las partes m\u00e1s importantes de la Brecha Digital en dicho pa\u00eds: la brecha digital por edad[2] y la relacionada con las diferencias entre el h\u00e1bitat rural y el urbano[3]. Ambos informes vienen a confirmar el buen trabajo que [&hellip;]\" \/>\n<meta property=\"og:url\" content=\"https:\/\/www.ugtcomunicaciones.es\/wordpress\/estado-la-brecha-digital-eeuu\/\" \/>\n<meta property=\"og:site_name\" content=\"UGT Comunicaciones\" \/>\n<meta property=\"article:publisher\" content=\"https:\/\/www.facebook.com\/ugt.comunicaciones\/\" \/>\n<meta property=\"article:published_time\" content=\"2017-09-18T06:30:00+00:00\" \/>\n<meta property=\"og:image\" content=\"https:\/\/www.ugtcomunicaciones.es\/wordpress\/wp-content\/uploads\/2017\/09\/Breecha-digital-EEUU-3.jpg\" \/>\n\t<meta property=\"og:image:width\" content=\"478\" \/>\n\t<meta property=\"og:image:height\" content=\"324\" \/>\n\t<meta property=\"og:image:type\" content=\"image\/jpeg\" \/>\n<meta name=\"author\" content=\"UGT\" \/>\n<meta name=\"twitter:card\" content=\"summary_large_image\" \/>\n<meta name=\"twitter:creator\" content=\"@ugtcom\" \/>\n<meta name=\"twitter:site\" content=\"@ugtcom\" \/>\n<meta name=\"twitter:label1\" content=\"Escrito por\" \/>\n\t<meta name=\"twitter:data1\" content=\"UGT\" \/>\n\t<meta name=\"twitter:label2\" content=\"Tiempo de lectura\" \/>\n\t<meta name=\"twitter:data2\" content=\"2 minutos\" \/>\n<script type=\"application\/ld+json\" class=\"yoast-schema-graph\">{\"@context\":\"https:\\\/\\\/schema.org\",\"@graph\":[{\"@type\":\"Article\",\"@id\":\"https:\\\/\\\/www.ugtcomunicaciones.es\\\/wordpress\\\/estado-la-brecha-digital-eeuu\\\/#article\",\"isPartOf\":{\"@id\":\"https:\\\/\\\/www.ugtcomunicaciones.es\\\/wordpress\\\/estado-la-brecha-digital-eeuu\\\/\"},\"author\":{\"name\":\"UGT\",\"@id\":\"https:\\\/\\\/www.ugtcomunicaciones.es\\\/wordpress\\\/#\\\/schema\\\/person\\\/eba0fc3fe5b444531d94d4368cba89ed\"},\"headline\":\"Estado de la Brecha Digital en EEUU\",\"datePublished\":\"2017-09-18T06:30:00+00:00\",\"mainEntityOfPage\":{\"@id\":\"https:\\\/\\\/www.ugtcomunicaciones.es\\\/wordpress\\\/estado-la-brecha-digital-eeuu\\\/\"},\"wordCount\":462,\"commentCount\":0,\"publisher\":{\"@id\":\"https:\\\/\\\/www.ugtcomunicaciones.es\\\/wordpress\\\/#organization\"},\"image\":{\"@id\":\"https:\\\/\\\/www.ugtcomunicaciones.es\\\/wordpress\\\/estado-la-brecha-digital-eeuu\\\/#primaryimage\"},\"thumbnailUrl\":\"https:\\\/\\\/www.ugtcomunicaciones.es\\\/wordpress\\\/wp-content\\\/uploads\\\/2017\\\/09\\\/Breecha-digital-EEUU-3.jpg\",\"articleSection\":[\"Opini\u00f3n\",\"Regulaci\u00f3n\"],\"inLanguage\":\"es\",\"potentialAction\":[{\"@type\":\"CommentAction\",\"name\":\"Comment\",\"target\":[\"https:\\\/\\\/www.ugtcomunicaciones.es\\\/wordpress\\\/estado-la-brecha-digital-eeuu\\\/#respond\"]}]},{\"@type\":\"WebPage\",\"@id\":\"https:\\\/\\\/www.ugtcomunicaciones.es\\\/wordpress\\\/estado-la-brecha-digital-eeuu\\\/\",\"url\":\"https:\\\/\\\/www.ugtcomunicaciones.es\\\/wordpress\\\/estado-la-brecha-digital-eeuu\\\/\",\"name\":\"Estado de la Brecha Digital en EEUU - UGT Comunicaciones\",\"isPartOf\":{\"@id\":\"https:\\\/\\\/www.ugtcomunicaciones.es\\\/wordpress\\\/#website\"},\"primaryImageOfPage\":{\"@id\":\"https:\\\/\\\/www.ugtcomunicaciones.es\\\/wordpress\\\/estado-la-brecha-digital-eeuu\\\/#primaryimage\"},\"image\":{\"@id\":\"https:\\\/\\\/www.ugtcomunicaciones.es\\\/wordpress\\\/estado-la-brecha-digital-eeuu\\\/#primaryimage\"},\"thumbnailUrl\":\"https:\\\/\\\/www.ugtcomunicaciones.es\\\/wordpress\\\/wp-content\\\/uploads\\\/2017\\\/09\\\/Breecha-digital-EEUU-3.jpg\",\"datePublished\":\"2017-09-18T06:30:00+00:00\",\"breadcrumb\":{\"@id\":\"https:\\\/\\\/www.ugtcomunicaciones.es\\\/wordpress\\\/estado-la-brecha-digital-eeuu\\\/#breadcrumb\"},\"inLanguage\":\"es\",\"potentialAction\":[{\"@type\":\"ReadAction\",\"target\":[\"https:\\\/\\\/www.ugtcomunicaciones.es\\\/wordpress\\\/estado-la-brecha-digital-eeuu\\\/\"]}]},{\"@type\":\"ImageObject\",\"inLanguage\":\"es\",\"@id\":\"https:\\\/\\\/www.ugtcomunicaciones.es\\\/wordpress\\\/estado-la-brecha-digital-eeuu\\\/#primaryimage\",\"url\":\"https:\\\/\\\/www.ugtcomunicaciones.es\\\/wordpress\\\/wp-content\\\/uploads\\\/2017\\\/09\\\/Breecha-digital-EEUU-3.jpg\",\"contentUrl\":\"https:\\\/\\\/www.ugtcomunicaciones.es\\\/wordpress\\\/wp-content\\\/uploads\\\/2017\\\/09\\\/Breecha-digital-EEUU-3.jpg\",\"width\":478,\"height\":324},{\"@type\":\"BreadcrumbList\",\"@id\":\"https:\\\/\\\/www.ugtcomunicaciones.es\\\/wordpress\\\/estado-la-brecha-digital-eeuu\\\/#breadcrumb\",\"itemListElement\":[{\"@type\":\"ListItem\",\"position\":1,\"name\":\"Portada\",\"item\":\"https:\\\/\\\/www.ugtcomunicaciones.es\\\/wordpress\\\/\"},{\"@type\":\"ListItem\",\"position\":2,\"name\":\"Estado de la Brecha Digital en EEUU\"}]},{\"@type\":\"WebSite\",\"@id\":\"https:\\\/\\\/www.ugtcomunicaciones.es\\\/wordpress\\\/#website\",\"url\":\"https:\\\/\\\/www.ugtcomunicaciones.es\\\/wordpress\\\/\",\"name\":\"UGT Comunicaciones\",\"description\":\"Sindicato de Telecomunicaciones\",\"publisher\":{\"@id\":\"https:\\\/\\\/www.ugtcomunicaciones.es\\\/wordpress\\\/#organization\"},\"potentialAction\":[{\"@type\":\"SearchAction\",\"target\":{\"@type\":\"EntryPoint\",\"urlTemplate\":\"https:\\\/\\\/www.ugtcomunicaciones.es\\\/wordpress\\\/?s={search_term_string}\"},\"query-input\":{\"@type\":\"PropertyValueSpecification\",\"valueRequired\":true,\"valueName\":\"search_term_string\"}}],\"inLanguage\":\"es\"},{\"@type\":\"Organization\",\"@id\":\"https:\\\/\\\/www.ugtcomunicaciones.es\\\/wordpress\\\/#organization\",\"name\":\"UGT Comunicaciones\",\"url\":\"https:\\\/\\\/www.ugtcomunicaciones.es\\\/wordpress\\\/\",\"logo\":{\"@type\":\"ImageObject\",\"inLanguage\":\"es\",\"@id\":\"https:\\\/\\\/www.ugtcomunicaciones.es\\\/wordpress\\\/#\\\/schema\\\/logo\\\/image\\\/\",\"url\":\"https:\\\/\\\/www.ugtcomunicaciones.es\\\/wordpress\\\/wp-content\\\/uploads\\\/2024\\\/04\\\/comunicaciones_logo.png\",\"contentUrl\":\"https:\\\/\\\/www.ugtcomunicaciones.es\\\/wordpress\\\/wp-content\\\/uploads\\\/2024\\\/04\\\/comunicaciones_logo.png\",\"width\":298,\"height\":81,\"caption\":\"UGT Comunicaciones\"},\"image\":{\"@id\":\"https:\\\/\\\/www.ugtcomunicaciones.es\\\/wordpress\\\/#\\\/schema\\\/logo\\\/image\\\/\"},\"sameAs\":[\"https:\\\/\\\/www.facebook.com\\\/ugt.comunicaciones\\\/\",\"https:\\\/\\\/x.com\\\/ugtcom\"]},{\"@type\":\"Person\",\"@id\":\"https:\\\/\\\/www.ugtcomunicaciones.es\\\/wordpress\\\/#\\\/schema\\\/person\\\/eba0fc3fe5b444531d94d4368cba89ed\",\"name\":\"UGT\",\"image\":{\"@type\":\"ImageObject\",\"inLanguage\":\"es\",\"@id\":\"https:\\\/\\\/secure.gravatar.com\\\/avatar\\\/2a16057d620a4c646bcfc171c4f23030879ebbdd346f0525bd5d4a564e57e13d?s=96&d=mm&r=g\",\"url\":\"https:\\\/\\\/secure.gravatar.com\\\/avatar\\\/2a16057d620a4c646bcfc171c4f23030879ebbdd346f0525bd5d4a564e57e13d?s=96&d=mm&r=g\",\"contentUrl\":\"https:\\\/\\\/secure.gravatar.com\\\/avatar\\\/2a16057d620a4c646bcfc171c4f23030879ebbdd346f0525bd5d4a564e57e13d?s=96&d=mm&r=g\",\"caption\":\"UGT\"}}]}<\/script>\n<!-- \/ Yoast SEO Premium plugin. -->","yoast_head_json":{"title":"Estado de la Brecha Digital en EEUU - UGT Comunicaciones","robots":{"index":"index","follow":"follow","max-snippet":"max-snippet:-1","max-image-preview":"max-image-preview:large","max-video-preview":"max-video-preview:-1"},"canonical":"https:\/\/www.ugtcomunicaciones.es\/wordpress\/estado-la-brecha-digital-eeuu\/","og_locale":"es_ES","og_type":"article","og_title":"Estado de la Brecha Digital en EEUU","og_description":"El prestigioso Centro de Estudios de Internet Pew[1] ha publicado recientemente dos amplios estudios sobre dos de las partes m\u00e1s importantes de la Brecha Digital en dicho pa\u00eds: la brecha digital por edad[2] y la relacionada con las diferencias entre el h\u00e1bitat rural y el urbano[3]. Ambos informes vienen a confirmar el buen trabajo que [&hellip;]","og_url":"https:\/\/www.ugtcomunicaciones.es\/wordpress\/estado-la-brecha-digital-eeuu\/","og_site_name":"UGT Comunicaciones","article_publisher":"https:\/\/www.facebook.com\/ugt.comunicaciones\/","article_published_time":"2017-09-18T06:30:00+00:00","og_image":[{"width":478,"height":324,"url":"https:\/\/www.ugtcomunicaciones.es\/wordpress\/wp-content\/uploads\/2017\/09\/Breecha-digital-EEUU-3.jpg","type":"image\/jpeg"}],"author":"UGT","twitter_card":"summary_large_image","twitter_creator":"@ugtcom","twitter_site":"@ugtcom","twitter_misc":{"Escrito por":"UGT","Tiempo de lectura":"2 minutos"},"schema":{"@context":"https:\/\/schema.org","@graph":[{"@type":"Article","@id":"https:\/\/www.ugtcomunicaciones.es\/wordpress\/estado-la-brecha-digital-eeuu\/#article","isPartOf":{"@id":"https:\/\/www.ugtcomunicaciones.es\/wordpress\/estado-la-brecha-digital-eeuu\/"},"author":{"name":"UGT","@id":"https:\/\/www.ugtcomunicaciones.es\/wordpress\/#\/schema\/person\/eba0fc3fe5b444531d94d4368cba89ed"},"headline":"Estado de la Brecha Digital en EEUU","datePublished":"2017-09-18T06:30:00+00:00","mainEntityOfPage":{"@id":"https:\/\/www.ugtcomunicaciones.es\/wordpress\/estado-la-brecha-digital-eeuu\/"},"wordCount":462,"commentCount":0,"publisher":{"@id":"https:\/\/www.ugtcomunicaciones.es\/wordpress\/#organization"},"image":{"@id":"https:\/\/www.ugtcomunicaciones.es\/wordpress\/estado-la-brecha-digital-eeuu\/#primaryimage"},"thumbnailUrl":"https:\/\/www.ugtcomunicaciones.es\/wordpress\/wp-content\/uploads\/2017\/09\/Breecha-digital-EEUU-3.jpg","articleSection":["Opini\u00f3n","Regulaci\u00f3n"],"inLanguage":"es","potentialAction":[{"@type":"CommentAction","name":"Comment","target":["https:\/\/www.ugtcomunicaciones.es\/wordpress\/estado-la-brecha-digital-eeuu\/#respond"]}]},{"@type":"WebPage","@id":"https:\/\/www.ugtcomunicaciones.es\/wordpress\/estado-la-brecha-digital-eeuu\/","url":"https:\/\/www.ugtcomunicaciones.es\/wordpress\/estado-la-brecha-digital-eeuu\/","name":"Estado de la Brecha Digital en EEUU - UGT Comunicaciones","isPartOf":{"@id":"https:\/\/www.ugtcomunicaciones.es\/wordpress\/#website"},"primaryImageOfPage":{"@id":"https:\/\/www.ugtcomunicaciones.es\/wordpress\/estado-la-brecha-digital-eeuu\/#primaryimage"},"image":{"@id":"https:\/\/www.ugtcomunicaciones.es\/wordpress\/estado-la-brecha-digital-eeuu\/#primaryimage"},"thumbnailUrl":"https:\/\/www.ugtcomunicaciones.es\/wordpress\/wp-content\/uploads\/2017\/09\/Breecha-digital-EEUU-3.jpg","datePublished":"2017-09-18T06:30:00+00:00","breadcrumb":{"@id":"https:\/\/www.ugtcomunicaciones.es\/wordpress\/estado-la-brecha-digital-eeuu\/#breadcrumb"},"inLanguage":"es","potentialAction":[{"@type":"ReadAction","target":["https:\/\/www.ugtcomunicaciones.es\/wordpress\/estado-la-brecha-digital-eeuu\/"]}]},{"@type":"ImageObject","inLanguage":"es","@id":"https:\/\/www.ugtcomunicaciones.es\/wordpress\/estado-la-brecha-digital-eeuu\/#primaryimage","url":"https:\/\/www.ugtcomunicaciones.es\/wordpress\/wp-content\/uploads\/2017\/09\/Breecha-digital-EEUU-3.jpg","contentUrl":"https:\/\/www.ugtcomunicaciones.es\/wordpress\/wp-content\/uploads\/2017\/09\/Breecha-digital-EEUU-3.jpg","width":478,"height":324},{"@type":"BreadcrumbList","@id":"https:\/\/www.ugtcomunicaciones.es\/wordpress\/estado-la-brecha-digital-eeuu\/#breadcrumb","itemListElement":[{"@type":"ListItem","position":1,"name":"Portada","item":"https:\/\/www.ugtcomunicaciones.es\/wordpress\/"},{"@type":"ListItem","position":2,"name":"Estado de la Brecha Digital en EEUU"}]},{"@type":"WebSite","@id":"https:\/\/www.ugtcomunicaciones.es\/wordpress\/#website","url":"https:\/\/www.ugtcomunicaciones.es\/wordpress\/","name":"UGT Comunicaciones","description":"Sindicato de Telecomunicaciones","publisher":{"@id":"https:\/\/www.ugtcomunicaciones.es\/wordpress\/#organization"},"potentialAction":[{"@type":"SearchAction","target":{"@type":"EntryPoint","urlTemplate":"https:\/\/www.ugtcomunicaciones.es\/wordpress\/?s={search_term_string}"},"query-input":{"@type":"PropertyValueSpecification","valueRequired":true,"valueName":"search_term_string"}}],"inLanguage":"es"},{"@type":"Organization","@id":"https:\/\/www.ugtcomunicaciones.es\/wordpress\/#organization","name":"UGT Comunicaciones","url":"https:\/\/www.ugtcomunicaciones.es\/wordpress\/","logo":{"@type":"ImageObject","inLanguage":"es","@id":"https:\/\/www.ugtcomunicaciones.es\/wordpress\/#\/schema\/logo\/image\/","url":"https:\/\/www.ugtcomunicaciones.es\/wordpress\/wp-content\/uploads\/2024\/04\/comunicaciones_logo.png","contentUrl":"https:\/\/www.ugtcomunicaciones.es\/wordpress\/wp-content\/uploads\/2024\/04\/comunicaciones_logo.png","width":298,"height":81,"caption":"UGT Comunicaciones"},"image":{"@id":"https:\/\/www.ugtcomunicaciones.es\/wordpress\/#\/schema\/logo\/image\/"},"sameAs":["https:\/\/www.facebook.com\/ugt.comunicaciones\/","https:\/\/x.com\/ugtcom"]},{"@type":"Person","@id":"https:\/\/www.ugtcomunicaciones.es\/wordpress\/#\/schema\/person\/eba0fc3fe5b444531d94d4368cba89ed","name":"UGT","image":{"@type":"ImageObject","inLanguage":"es","@id":"https:\/\/secure.gravatar.com\/avatar\/2a16057d620a4c646bcfc171c4f23030879ebbdd346f0525bd5d4a564e57e13d?s=96&d=mm&r=g","url":"https:\/\/secure.gravatar.com\/avatar\/2a16057d620a4c646bcfc171c4f23030879ebbdd346f0525bd5d4a564e57e13d?s=96&d=mm&r=g","contentUrl":"https:\/\/secure.gravatar.com\/avatar\/2a16057d620a4c646bcfc171c4f23030879ebbdd346f0525bd5d4a564e57e13d?s=96&d=mm&r=g","caption":"UGT"}}]}},"_links":{"self":[{"href":"https:\/\/www.ugtcomunicaciones.es\/wordpress\/wp-json\/wp\/v2\/posts\/26562","targetHints":{"allow":["GET"]}}],"collection":[{"href":"https:\/\/www.ugtcomunicaciones.es\/wordpress\/wp-json\/wp\/v2\/posts"}],"about":[{"href":"https:\/\/www.ugtcomunicaciones.es\/wordpress\/wp-json\/wp\/v2\/types\/post"}],"author":[{"embeddable":true,"href":"https:\/\/www.ugtcomunicaciones.es\/wordpress\/wp-json\/wp\/v2\/users\/3"}],"replies":[{"embeddable":true,"href":"https:\/\/www.ugtcomunicaciones.es\/wordpress\/wp-json\/wp\/v2\/comments?post=26562"}],"version-history":[{"count":0,"href":"https:\/\/www.ugtcomunicaciones.es\/wordpress\/wp-json\/wp\/v2\/posts\/26562\/revisions"}],"wp:featuredmedia":[{"embeddable":true,"href":"https:\/\/www.ugtcomunicaciones.es\/wordpress\/wp-json\/wp\/v2\/media\/26569"}],"wp:attachment":[{"href":"https:\/\/www.ugtcomunicaciones.es\/wordpress\/wp-json\/wp\/v2\/media?parent=26562"}],"wp:term":[{"taxonomy":"category","embeddable":true,"href":"https:\/\/www.ugtcomunicaciones.es\/wordpress\/wp-json\/wp\/v2\/categories?post=26562"},{"taxonomy":"post_tag","embeddable":true,"href":"https:\/\/www.ugtcomunicaciones.es\/wordpress\/wp-json\/wp\/v2\/tags?post=26562"}],"curies":[{"name":"wp","href":"https:\/\/api.w.org\/{rel}","templated":true}]}}