{"id":26597,"date":"2017-09-18T08:00:59","date_gmt":"2017-09-18T06:00:59","guid":{"rendered":"http:\/\/ugtcomunicaciones.es\/wordpress\/?p=26597"},"modified":"2017-09-05T14:29:17","modified_gmt":"2017-09-05T12:29:17","slug":"argentina-crea-nuevo-operador-dominante","status":"publish","type":"post","link":"https:\/\/www.ugtcomunicaciones.es\/wordpress\/argentina-crea-nuevo-operador-dominante\/","title":{"rendered":"Argentina crea su nuevo operador dominante"},"content":{"rendered":"<p style=\"text-align: justify;\">El cambio pol\u00edtico que est\u00e1 viviendo argentina, de Kirchner a Macri, como cualquier cuesti\u00f3n que afecta al modo de gobernar un pa\u00eds<a href=\"#_ftn1\" name=\"_ftnref1\">[1]<\/a>, tambi\u00e9n est\u00e1 teniendo repercusiones en el mundo de las telecos del pa\u00eds austral.<\/p>\n<p style=\"text-align: justify;\">Hagamos un poco de historia. Telecom es la empresa heredera de la privatizaci\u00f3n de ENTel en 1990, la compa\u00f1\u00eda p\u00fablica de comunicaciones. En la actualidad presta servicios de telefon\u00eda m\u00f3vil, fija e Internet de banda ancha. Despu\u00e9s de un largo periodo controlada por Telecom Italia, la crisis de \u00e9sta<a href=\"#_ftn2\" name=\"_ftnref2\">[2]<\/a> y su posterior venta a Vivendi<a href=\"#_ftn3\" name=\"_ftnref3\">[3]<\/a>, le oblig\u00f3 a salir de su accionariado<a href=\"#_ftn4\" name=\"_ftnref4\">[4]<\/a>, lo que aprovech\u00f3 el empresario mexicano David Mart\u00ednez para adquirir Telecom Argentina mediante la empresa Fintech<a href=\"#_ftn5\" name=\"_ftnref5\">[5]<\/a>. Telecom Argentina emplea a m\u00e1s de 16.000 personas.<\/p>\n<p style=\"text-align: justify;\">Cablevisi\u00f3n Argentina es una filial del Grupo Clar\u00edn, el conglomerado period\u00edstico m\u00e1s grande de Argentina, enfrentado durante muchos a\u00f1os al Gobierno de Cristina Kirchner, y se dedica a prestar servicios de TV por cable, dando trabajo a cerca de 17.000 trabajadores y trabajadoras.<\/p>\n<p style=\"text-align: justify;\">El periplo accionarial de ambas compa\u00f1\u00edas, junto con el nuevo clima pol\u00edtico pro liberal y la nue<img decoding=\"async\" class=\"alignleft wp-image-26609 size-medium lazyload\" data-src=\"http:\/\/ugtcomunicaciones.es\/wordpress\/wp-content\/uploads\/2017\/09\/argentina-05-09-17-300x91.png\" alt=\"\" width=\"300\" height=\"91\" data-srcset=\"https:\/\/www.ugtcomunicaciones.es\/wordpress\/wp-content\/uploads\/2017\/09\/argentina-05-09-17-300x91.png 300w, https:\/\/www.ugtcomunicaciones.es\/wordpress\/wp-content\/uploads\/2017\/09\/argentina-05-09-17.png 600w\" data-sizes=\"(max-width: 300px) 100vw, 300px\" src=\"data:image\/svg+xml;base64,PHN2ZyB3aWR0aD0iMSIgaGVpZ2h0PSIxIiB4bWxucz0iaHR0cDovL3d3dy53My5vcmcvMjAwMC9zdmciPjwvc3ZnPg==\" style=\"--smush-placeholder-width: 300px; --smush-placeholder-aspect-ratio: 300\/91;\" \/>va ley de telecos argentina, que promover\u00e1 a partir de 2018 la convergencia de productos y servicios<a href=\"#_ftn6\" name=\"_ftnref6\">[6]<\/a>, han propiciado la fusi\u00f3n de ambas, creando el primer operador argentino con cu\u00e1druple play<a href=\"#_ftn7\" name=\"_ftnref7\">[7]<\/a>.<\/p>\n<p style=\"text-align: justify;\">La complementariedad de ambas compa\u00f1\u00edas es evidente: mientras una aporta capilaridad y experiencia en redes de comunicaciones, la otra posee una fort\u00edsima presencia audiovisual.<\/p>\n<p style=\"text-align: justify;\">La empresa fusionada tiene 3,9 millones de l\u00edneas fijas, 19,5 millones de l\u00edneas m\u00f3viles y casi 4 millones de los accesos a banda ancha en todo el pa\u00eds (55% de cuota de mercado), adem\u00e1s de 3,5 millones de usuarios de TV por cable. En comparaci\u00f3n, Telef\u00f3nica Argentina cuenta con unos 6 millones de l\u00edneas fijas y 17 millones de m\u00f3viles y 1,6 millones de accesos de banda ancha. Por su parte, Claro del grupo mexicano Telmex de Carlos Slim tiene alrededor de 21,7 millones de l\u00edneas m\u00f3viles.\u00a0De este modo, la fusi\u00f3n de Telecom-Cablevisi\u00f3n concentrar\u00e1 casi el 60% de los accesos a internet<a href=\"#_ftn8\" name=\"_ftnref8\">[8]<\/a>.<\/p>\n<p style=\"text-align: justify;\">Seg\u00fan la informaci\u00f3n publicada, la empresa fusionada tendr\u00e1 36% de los clientes del mercado de las telecomunicaciones, Telef\u00f3nica el 30% y Claro el 25%. Pero el dato excluye que ya tiene m\u00e1s del doble de los accesos a internet con que cuenta Telef\u00f3nica y que ambas concentran m\u00e1s del 90% de ese mercado, lo que crea un nuevo operador con un poder muy significativo de mercado, sobre todo en ciertas zonas de Argentina; por ejemplo, la fusi\u00f3n Telecom &#8211; Cablevisi\u00f3n dejar\u00e1 95% de la banda ancha fija en manos de un solo operador en la provincia de C\u00f3rdoba<a href=\"#_ftn9\" name=\"_ftnref9\">[9]<\/a>.<\/p>\n<p>&nbsp;<\/p>\n<h3 style=\"text-align: right;\"><span style=\"color: #ff0000;\"><strong>UGT<\/strong><\/span><strong> Comunicaciones<\/strong><\/h3>\n<p><span style=\"font-size: xx-small;\"><a href=\"#_ftnref1\" name=\"_ftn1\">[1]<\/a> <a href=\"http:\/\/ugtcomunicaciones.es\/wordpress\/como-afectara-la-era-trump-al-mundo-de-las-telecos\/\" target=\"_blank\" rel=\"noopener\">http:\/\/ugtcomunicaciones.es\/wordpress\/como-afectara-la-era-trump-al-mundo-de-las-telecos\/<\/a><br \/>\n<a href=\"#_ftnref2\" name=\"_ftn2\">[2]<\/a> <a href=\"http:\/\/www.ugtcomunicacionesasturias.es\/comunicaciones\/archivohistorico\/historico_telefonica\/historico_telefonica_2013\/informes_2013\/otros_informes_2013\/02-07-13%20Informe%20Telecom%20Italia%20hara%20separacion%20funcional%20de%20su%20red.pdf\" target=\"_blank\" rel=\"noopener\">http:\/\/www.ugtcomunicacionesasturias.es\/&#8230;separacion%20funcional%20de%20su%20red.pdf<\/a><br \/>\n<a href=\"#_ftnref3\" name=\"_ftn3\">[3]<\/a> <a href=\"http:\/\/www.elconfidencial.com\/ultima-hora-en-vivo\/2017-05-30\/la-ce-aprueba-con-condiciones-la-compra-de-telecom-italia-por-vivendi_1230438\/\" target=\"_blank\" rel=\"noopener\">http:\/\/www.elconfidencial.com\/ultima-hora-en-vivo\/2017-05-30\/la-ce-aprueba-con-condiciones-la-compra-de-telecom-italia-por-vivendi_1230438\/<\/a><br \/>\n<a href=\"#_ftnref4\" name=\"_ftn4\">[4]<\/a> <a href=\"https:\/\/www.telegeography.com\/products\/commsupdate\/articles\/2016\/03\/09\/telecom-argentina-divestment-complete-telecom-italia-confirms\/\" target=\"_blank\" rel=\"noopener\">https:\/\/www.telegeography.com\/products\/commsupdate\/articles\/2016\/03\/09\/telecom-argentina-divestment-complete-telecom-italia-confirms\/<\/a><br \/>\n<a href=\"#_ftnref5\" name=\"_ftn5\">[5]<\/a> <a href=\"https:\/\/www.clarin.com\/ieco\/economia\/grupo-fintech-quedara-100-control-telecom_0_BkR9Tkije.html\" target=\"_blank\" rel=\"noopener\">https:\/\/www.clarin.com\/ieco\/economia\/grupo-fintech-quedara-100-control-telecom_0_BkR9Tkije.html<\/a><br \/>\n<a href=\"#_ftnref6\" name=\"_ftn6\">[6]<\/a> <a href=\"https:\/\/www.enacom.gob.ar\/leydecomunicaciones\" target=\"_blank\" rel=\"noopener\">https:\/\/www.enacom.gob.ar\/leydecomunicaciones<\/a><br \/>\n<a href=\"#_ftnref7\" name=\"_ftn7\">[7]<\/a> <a href=\"https:\/\/www.clarin.com\/ieco\/economia\/telecom-cablevision-integran-transforman-primer-operador-argentino-cuadruple-play_0_rklgwUVE-.html\" target=\"_blank\" rel=\"noopener\">https:\/\/www.clarin.com\/ieco\/economia\/telecom-cablevision-integran-transforman-primer-operador-argentino-cuadruple-play_0_rklgwUVE-.html<\/a><br \/>\n<a href=\"#_ftnref8\" name=\"_ftn8\">[8]<\/a> <a href=\"http:\/\/www.ambito.com\/888556-telecom-cablevision-fusion-concentra-ya-casi-el-60-de-los-accesos-a-internet\" target=\"_blank\" rel=\"noopener\">http:\/\/www.ambito.com\/888556-telecom-cablevision-fusion-concentra-ya-casi-el-60-de-los-accesos-a-internet<\/a><br \/>\n<a href=\"#_ftnref9\" name=\"_ftn9\">[9]<\/a> <a href=\"https:\/\/infonegocios.info\/enfoque\/la-fusion-telecom-cablevision-dejara-95-de-la-banda-ancha-fija-en-manos-de-un-solo-operador-en-cordoba\" target=\"_blank\" rel=\"noopener\">https:\/\/infonegocios.info\/enfoque\/la-fusion-telecom-cablevision-dejara-95-de-la-banda-ancha-fija-en-manos-de-un-solo-operador-en-cordoba<\/a><\/span><\/p>\n","protected":false},"excerpt":{"rendered":"<p>El cambio pol\u00edtico que est\u00e1 viviendo argentina, de Kirchner a Macri, como cualquier cuesti\u00f3n que afecta al modo de gobernar un pa\u00eds[1], tambi\u00e9n est\u00e1 teniendo repercusiones en el mundo de las telecos del pa\u00eds austral. Hagamos un poco de historia. Telecom es la empresa heredera de la privatizaci\u00f3n de ENTel en 1990, la compa\u00f1\u00eda p\u00fablica [&hellip;]<\/p>\n","protected":false},"author":3,"featured_media":26610,"comment_status":"open","ping_status":"closed","sticky":false,"template":"","format":"standard","meta":{"footnotes":""},"categories":[15,12],"tags":[],"class_list":["post-26597","post","type-post","status-publish","format-standard","has-post-thumbnail","hentry","category-competencia","category-regulacion"],"yoast_head":"<!-- This site is optimized with the Yoast SEO Premium plugin v27.3 (Yoast SEO v27.4) - https:\/\/yoast.com\/product\/yoast-seo-premium-wordpress\/ -->\n<title>Argentina crea su nuevo operador dominante - UGT Comunicaciones<\/title>\n<meta name=\"robots\" content=\"index, follow, max-snippet:-1, max-image-preview:large, max-video-preview:-1\" \/>\n<link rel=\"canonical\" href=\"https:\/\/www.ugtcomunicaciones.es\/wordpress\/argentina-crea-nuevo-operador-dominante\/\" \/>\n<meta property=\"og:locale\" content=\"es_ES\" \/>\n<meta property=\"og:type\" content=\"article\" \/>\n<meta property=\"og:title\" content=\"Argentina crea su nuevo operador dominante\" \/>\n<meta property=\"og:description\" content=\"El cambio pol\u00edtico que est\u00e1 viviendo argentina, de Kirchner a Macri, como cualquier cuesti\u00f3n que afecta al modo de gobernar un pa\u00eds[1], tambi\u00e9n est\u00e1 teniendo repercusiones en el mundo de las telecos del pa\u00eds austral. Hagamos un poco de historia. Telecom es la empresa heredera de la privatizaci\u00f3n de ENTel en 1990, la compa\u00f1\u00eda p\u00fablica [&hellip;]\" \/>\n<meta property=\"og:url\" content=\"https:\/\/www.ugtcomunicaciones.es\/wordpress\/argentina-crea-nuevo-operador-dominante\/\" \/>\n<meta property=\"og:site_name\" content=\"UGT Comunicaciones\" \/>\n<meta property=\"article:publisher\" content=\"https:\/\/www.facebook.com\/ugt.comunicaciones\/\" \/>\n<meta property=\"article:published_time\" content=\"2017-09-18T06:00:59+00:00\" \/>\n<meta property=\"og:image\" content=\"https:\/\/www.ugtcomunicaciones.es\/wordpress\/wp-content\/uploads\/2017\/09\/argentina-01-05-09-17.jpg\" \/>\n\t<meta property=\"og:image:width\" content=\"600\" \/>\n\t<meta property=\"og:image:height\" content=\"358\" \/>\n\t<meta property=\"og:image:type\" content=\"image\/jpeg\" \/>\n<meta name=\"author\" content=\"UGT\" \/>\n<meta name=\"twitter:card\" content=\"summary_large_image\" \/>\n<meta name=\"twitter:creator\" content=\"@ugtcom\" \/>\n<meta name=\"twitter:site\" content=\"@ugtcom\" \/>\n<meta name=\"twitter:label1\" content=\"Escrito por\" \/>\n\t<meta name=\"twitter:data1\" content=\"UGT\" \/>\n\t<meta name=\"twitter:label2\" content=\"Tiempo de lectura\" \/>\n\t<meta name=\"twitter:data2\" content=\"3 minutos\" \/>\n<script type=\"application\/ld+json\" class=\"yoast-schema-graph\">{\"@context\":\"https:\\\/\\\/schema.org\",\"@graph\":[{\"@type\":\"Article\",\"@id\":\"https:\\\/\\\/www.ugtcomunicaciones.es\\\/wordpress\\\/argentina-crea-nuevo-operador-dominante\\\/#article\",\"isPartOf\":{\"@id\":\"https:\\\/\\\/www.ugtcomunicaciones.es\\\/wordpress\\\/argentina-crea-nuevo-operador-dominante\\\/\"},\"author\":{\"name\":\"UGT\",\"@id\":\"https:\\\/\\\/www.ugtcomunicaciones.es\\\/wordpress\\\/#\\\/schema\\\/person\\\/eba0fc3fe5b444531d94d4368cba89ed\"},\"headline\":\"Argentina crea su nuevo operador dominante\",\"datePublished\":\"2017-09-18T06:00:59+00:00\",\"mainEntityOfPage\":{\"@id\":\"https:\\\/\\\/www.ugtcomunicaciones.es\\\/wordpress\\\/argentina-crea-nuevo-operador-dominante\\\/\"},\"wordCount\":541,\"commentCount\":0,\"publisher\":{\"@id\":\"https:\\\/\\\/www.ugtcomunicaciones.es\\\/wordpress\\\/#organization\"},\"image\":{\"@id\":\"https:\\\/\\\/www.ugtcomunicaciones.es\\\/wordpress\\\/argentina-crea-nuevo-operador-dominante\\\/#primaryimage\"},\"thumbnailUrl\":\"https:\\\/\\\/www.ugtcomunicaciones.es\\\/wordpress\\\/wp-content\\\/uploads\\\/2017\\\/09\\\/argentina-01-05-09-17.jpg\",\"articleSection\":[\"Competencia\",\"Regulaci\u00f3n\"],\"inLanguage\":\"es\",\"potentialAction\":[{\"@type\":\"CommentAction\",\"name\":\"Comment\",\"target\":[\"https:\\\/\\\/www.ugtcomunicaciones.es\\\/wordpress\\\/argentina-crea-nuevo-operador-dominante\\\/#respond\"]}]},{\"@type\":\"WebPage\",\"@id\":\"https:\\\/\\\/www.ugtcomunicaciones.es\\\/wordpress\\\/argentina-crea-nuevo-operador-dominante\\\/\",\"url\":\"https:\\\/\\\/www.ugtcomunicaciones.es\\\/wordpress\\\/argentina-crea-nuevo-operador-dominante\\\/\",\"name\":\"Argentina crea su nuevo operador dominante - UGT Comunicaciones\",\"isPartOf\":{\"@id\":\"https:\\\/\\\/www.ugtcomunicaciones.es\\\/wordpress\\\/#website\"},\"primaryImageOfPage\":{\"@id\":\"https:\\\/\\\/www.ugtcomunicaciones.es\\\/wordpress\\\/argentina-crea-nuevo-operador-dominante\\\/#primaryimage\"},\"image\":{\"@id\":\"https:\\\/\\\/www.ugtcomunicaciones.es\\\/wordpress\\\/argentina-crea-nuevo-operador-dominante\\\/#primaryimage\"},\"thumbnailUrl\":\"https:\\\/\\\/www.ugtcomunicaciones.es\\\/wordpress\\\/wp-content\\\/uploads\\\/2017\\\/09\\\/argentina-01-05-09-17.jpg\",\"datePublished\":\"2017-09-18T06:00:59+00:00\",\"breadcrumb\":{\"@id\":\"https:\\\/\\\/www.ugtcomunicaciones.es\\\/wordpress\\\/argentina-crea-nuevo-operador-dominante\\\/#breadcrumb\"},\"inLanguage\":\"es\",\"potentialAction\":[{\"@type\":\"ReadAction\",\"target\":[\"https:\\\/\\\/www.ugtcomunicaciones.es\\\/wordpress\\\/argentina-crea-nuevo-operador-dominante\\\/\"]}]},{\"@type\":\"ImageObject\",\"inLanguage\":\"es\",\"@id\":\"https:\\\/\\\/www.ugtcomunicaciones.es\\\/wordpress\\\/argentina-crea-nuevo-operador-dominante\\\/#primaryimage\",\"url\":\"https:\\\/\\\/www.ugtcomunicaciones.es\\\/wordpress\\\/wp-content\\\/uploads\\\/2017\\\/09\\\/argentina-01-05-09-17.jpg\",\"contentUrl\":\"https:\\\/\\\/www.ugtcomunicaciones.es\\\/wordpress\\\/wp-content\\\/uploads\\\/2017\\\/09\\\/argentina-01-05-09-17.jpg\",\"width\":600,\"height\":358},{\"@type\":\"BreadcrumbList\",\"@id\":\"https:\\\/\\\/www.ugtcomunicaciones.es\\\/wordpress\\\/argentina-crea-nuevo-operador-dominante\\\/#breadcrumb\",\"itemListElement\":[{\"@type\":\"ListItem\",\"position\":1,\"name\":\"Portada\",\"item\":\"https:\\\/\\\/www.ugtcomunicaciones.es\\\/wordpress\\\/\"},{\"@type\":\"ListItem\",\"position\":2,\"name\":\"Argentina crea su nuevo operador dominante\"}]},{\"@type\":\"WebSite\",\"@id\":\"https:\\\/\\\/www.ugtcomunicaciones.es\\\/wordpress\\\/#website\",\"url\":\"https:\\\/\\\/www.ugtcomunicaciones.es\\\/wordpress\\\/\",\"name\":\"UGT Comunicaciones\",\"description\":\"Sindicato de Telecomunicaciones\",\"publisher\":{\"@id\":\"https:\\\/\\\/www.ugtcomunicaciones.es\\\/wordpress\\\/#organization\"},\"potentialAction\":[{\"@type\":\"SearchAction\",\"target\":{\"@type\":\"EntryPoint\",\"urlTemplate\":\"https:\\\/\\\/www.ugtcomunicaciones.es\\\/wordpress\\\/?s={search_term_string}\"},\"query-input\":{\"@type\":\"PropertyValueSpecification\",\"valueRequired\":true,\"valueName\":\"search_term_string\"}}],\"inLanguage\":\"es\"},{\"@type\":\"Organization\",\"@id\":\"https:\\\/\\\/www.ugtcomunicaciones.es\\\/wordpress\\\/#organization\",\"name\":\"UGT Comunicaciones\",\"url\":\"https:\\\/\\\/www.ugtcomunicaciones.es\\\/wordpress\\\/\",\"logo\":{\"@type\":\"ImageObject\",\"inLanguage\":\"es\",\"@id\":\"https:\\\/\\\/www.ugtcomunicaciones.es\\\/wordpress\\\/#\\\/schema\\\/logo\\\/image\\\/\",\"url\":\"https:\\\/\\\/www.ugtcomunicaciones.es\\\/wordpress\\\/wp-content\\\/uploads\\\/2024\\\/04\\\/comunicaciones_logo.png\",\"contentUrl\":\"https:\\\/\\\/www.ugtcomunicaciones.es\\\/wordpress\\\/wp-content\\\/uploads\\\/2024\\\/04\\\/comunicaciones_logo.png\",\"width\":298,\"height\":81,\"caption\":\"UGT Comunicaciones\"},\"image\":{\"@id\":\"https:\\\/\\\/www.ugtcomunicaciones.es\\\/wordpress\\\/#\\\/schema\\\/logo\\\/image\\\/\"},\"sameAs\":[\"https:\\\/\\\/www.facebook.com\\\/ugt.comunicaciones\\\/\",\"https:\\\/\\\/x.com\\\/ugtcom\"]},{\"@type\":\"Person\",\"@id\":\"https:\\\/\\\/www.ugtcomunicaciones.es\\\/wordpress\\\/#\\\/schema\\\/person\\\/eba0fc3fe5b444531d94d4368cba89ed\",\"name\":\"UGT\",\"image\":{\"@type\":\"ImageObject\",\"inLanguage\":\"es\",\"@id\":\"https:\\\/\\\/secure.gravatar.com\\\/avatar\\\/2a16057d620a4c646bcfc171c4f23030879ebbdd346f0525bd5d4a564e57e13d?s=96&d=mm&r=g\",\"url\":\"https:\\\/\\\/secure.gravatar.com\\\/avatar\\\/2a16057d620a4c646bcfc171c4f23030879ebbdd346f0525bd5d4a564e57e13d?s=96&d=mm&r=g\",\"contentUrl\":\"https:\\\/\\\/secure.gravatar.com\\\/avatar\\\/2a16057d620a4c646bcfc171c4f23030879ebbdd346f0525bd5d4a564e57e13d?s=96&d=mm&r=g\",\"caption\":\"UGT\"}}]}<\/script>\n<!-- \/ Yoast SEO Premium plugin. -->","yoast_head_json":{"title":"Argentina crea su nuevo operador dominante - UGT Comunicaciones","robots":{"index":"index","follow":"follow","max-snippet":"max-snippet:-1","max-image-preview":"max-image-preview:large","max-video-preview":"max-video-preview:-1"},"canonical":"https:\/\/www.ugtcomunicaciones.es\/wordpress\/argentina-crea-nuevo-operador-dominante\/","og_locale":"es_ES","og_type":"article","og_title":"Argentina crea su nuevo operador dominante","og_description":"El cambio pol\u00edtico que est\u00e1 viviendo argentina, de Kirchner a Macri, como cualquier cuesti\u00f3n que afecta al modo de gobernar un pa\u00eds[1], tambi\u00e9n est\u00e1 teniendo repercusiones en el mundo de las telecos del pa\u00eds austral. Hagamos un poco de historia. Telecom es la empresa heredera de la privatizaci\u00f3n de ENTel en 1990, la compa\u00f1\u00eda p\u00fablica [&hellip;]","og_url":"https:\/\/www.ugtcomunicaciones.es\/wordpress\/argentina-crea-nuevo-operador-dominante\/","og_site_name":"UGT Comunicaciones","article_publisher":"https:\/\/www.facebook.com\/ugt.comunicaciones\/","article_published_time":"2017-09-18T06:00:59+00:00","og_image":[{"width":600,"height":358,"url":"https:\/\/www.ugtcomunicaciones.es\/wordpress\/wp-content\/uploads\/2017\/09\/argentina-01-05-09-17.jpg","type":"image\/jpeg"}],"author":"UGT","twitter_card":"summary_large_image","twitter_creator":"@ugtcom","twitter_site":"@ugtcom","twitter_misc":{"Escrito por":"UGT","Tiempo de lectura":"3 minutos"},"schema":{"@context":"https:\/\/schema.org","@graph":[{"@type":"Article","@id":"https:\/\/www.ugtcomunicaciones.es\/wordpress\/argentina-crea-nuevo-operador-dominante\/#article","isPartOf":{"@id":"https:\/\/www.ugtcomunicaciones.es\/wordpress\/argentina-crea-nuevo-operador-dominante\/"},"author":{"name":"UGT","@id":"https:\/\/www.ugtcomunicaciones.es\/wordpress\/#\/schema\/person\/eba0fc3fe5b444531d94d4368cba89ed"},"headline":"Argentina crea su nuevo operador dominante","datePublished":"2017-09-18T06:00:59+00:00","mainEntityOfPage":{"@id":"https:\/\/www.ugtcomunicaciones.es\/wordpress\/argentina-crea-nuevo-operador-dominante\/"},"wordCount":541,"commentCount":0,"publisher":{"@id":"https:\/\/www.ugtcomunicaciones.es\/wordpress\/#organization"},"image":{"@id":"https:\/\/www.ugtcomunicaciones.es\/wordpress\/argentina-crea-nuevo-operador-dominante\/#primaryimage"},"thumbnailUrl":"https:\/\/www.ugtcomunicaciones.es\/wordpress\/wp-content\/uploads\/2017\/09\/argentina-01-05-09-17.jpg","articleSection":["Competencia","Regulaci\u00f3n"],"inLanguage":"es","potentialAction":[{"@type":"CommentAction","name":"Comment","target":["https:\/\/www.ugtcomunicaciones.es\/wordpress\/argentina-crea-nuevo-operador-dominante\/#respond"]}]},{"@type":"WebPage","@id":"https:\/\/www.ugtcomunicaciones.es\/wordpress\/argentina-crea-nuevo-operador-dominante\/","url":"https:\/\/www.ugtcomunicaciones.es\/wordpress\/argentina-crea-nuevo-operador-dominante\/","name":"Argentina crea su nuevo operador dominante - UGT Comunicaciones","isPartOf":{"@id":"https:\/\/www.ugtcomunicaciones.es\/wordpress\/#website"},"primaryImageOfPage":{"@id":"https:\/\/www.ugtcomunicaciones.es\/wordpress\/argentina-crea-nuevo-operador-dominante\/#primaryimage"},"image":{"@id":"https:\/\/www.ugtcomunicaciones.es\/wordpress\/argentina-crea-nuevo-operador-dominante\/#primaryimage"},"thumbnailUrl":"https:\/\/www.ugtcomunicaciones.es\/wordpress\/wp-content\/uploads\/2017\/09\/argentina-01-05-09-17.jpg","datePublished":"2017-09-18T06:00:59+00:00","breadcrumb":{"@id":"https:\/\/www.ugtcomunicaciones.es\/wordpress\/argentina-crea-nuevo-operador-dominante\/#breadcrumb"},"inLanguage":"es","potentialAction":[{"@type":"ReadAction","target":["https:\/\/www.ugtcomunicaciones.es\/wordpress\/argentina-crea-nuevo-operador-dominante\/"]}]},{"@type":"ImageObject","inLanguage":"es","@id":"https:\/\/www.ugtcomunicaciones.es\/wordpress\/argentina-crea-nuevo-operador-dominante\/#primaryimage","url":"https:\/\/www.ugtcomunicaciones.es\/wordpress\/wp-content\/uploads\/2017\/09\/argentina-01-05-09-17.jpg","contentUrl":"https:\/\/www.ugtcomunicaciones.es\/wordpress\/wp-content\/uploads\/2017\/09\/argentina-01-05-09-17.jpg","width":600,"height":358},{"@type":"BreadcrumbList","@id":"https:\/\/www.ugtcomunicaciones.es\/wordpress\/argentina-crea-nuevo-operador-dominante\/#breadcrumb","itemListElement":[{"@type":"ListItem","position":1,"name":"Portada","item":"https:\/\/www.ugtcomunicaciones.es\/wordpress\/"},{"@type":"ListItem","position":2,"name":"Argentina crea su nuevo operador dominante"}]},{"@type":"WebSite","@id":"https:\/\/www.ugtcomunicaciones.es\/wordpress\/#website","url":"https:\/\/www.ugtcomunicaciones.es\/wordpress\/","name":"UGT Comunicaciones","description":"Sindicato de Telecomunicaciones","publisher":{"@id":"https:\/\/www.ugtcomunicaciones.es\/wordpress\/#organization"},"potentialAction":[{"@type":"SearchAction","target":{"@type":"EntryPoint","urlTemplate":"https:\/\/www.ugtcomunicaciones.es\/wordpress\/?s={search_term_string}"},"query-input":{"@type":"PropertyValueSpecification","valueRequired":true,"valueName":"search_term_string"}}],"inLanguage":"es"},{"@type":"Organization","@id":"https:\/\/www.ugtcomunicaciones.es\/wordpress\/#organization","name":"UGT Comunicaciones","url":"https:\/\/www.ugtcomunicaciones.es\/wordpress\/","logo":{"@type":"ImageObject","inLanguage":"es","@id":"https:\/\/www.ugtcomunicaciones.es\/wordpress\/#\/schema\/logo\/image\/","url":"https:\/\/www.ugtcomunicaciones.es\/wordpress\/wp-content\/uploads\/2024\/04\/comunicaciones_logo.png","contentUrl":"https:\/\/www.ugtcomunicaciones.es\/wordpress\/wp-content\/uploads\/2024\/04\/comunicaciones_logo.png","width":298,"height":81,"caption":"UGT Comunicaciones"},"image":{"@id":"https:\/\/www.ugtcomunicaciones.es\/wordpress\/#\/schema\/logo\/image\/"},"sameAs":["https:\/\/www.facebook.com\/ugt.comunicaciones\/","https:\/\/x.com\/ugtcom"]},{"@type":"Person","@id":"https:\/\/www.ugtcomunicaciones.es\/wordpress\/#\/schema\/person\/eba0fc3fe5b444531d94d4368cba89ed","name":"UGT","image":{"@type":"ImageObject","inLanguage":"es","@id":"https:\/\/secure.gravatar.com\/avatar\/2a16057d620a4c646bcfc171c4f23030879ebbdd346f0525bd5d4a564e57e13d?s=96&d=mm&r=g","url":"https:\/\/secure.gravatar.com\/avatar\/2a16057d620a4c646bcfc171c4f23030879ebbdd346f0525bd5d4a564e57e13d?s=96&d=mm&r=g","contentUrl":"https:\/\/secure.gravatar.com\/avatar\/2a16057d620a4c646bcfc171c4f23030879ebbdd346f0525bd5d4a564e57e13d?s=96&d=mm&r=g","caption":"UGT"}}]}},"_links":{"self":[{"href":"https:\/\/www.ugtcomunicaciones.es\/wordpress\/wp-json\/wp\/v2\/posts\/26597","targetHints":{"allow":["GET"]}}],"collection":[{"href":"https:\/\/www.ugtcomunicaciones.es\/wordpress\/wp-json\/wp\/v2\/posts"}],"about":[{"href":"https:\/\/www.ugtcomunicaciones.es\/wordpress\/wp-json\/wp\/v2\/types\/post"}],"author":[{"embeddable":true,"href":"https:\/\/www.ugtcomunicaciones.es\/wordpress\/wp-json\/wp\/v2\/users\/3"}],"replies":[{"embeddable":true,"href":"https:\/\/www.ugtcomunicaciones.es\/wordpress\/wp-json\/wp\/v2\/comments?post=26597"}],"version-history":[{"count":0,"href":"https:\/\/www.ugtcomunicaciones.es\/wordpress\/wp-json\/wp\/v2\/posts\/26597\/revisions"}],"wp:featuredmedia":[{"embeddable":true,"href":"https:\/\/www.ugtcomunicaciones.es\/wordpress\/wp-json\/wp\/v2\/media\/26610"}],"wp:attachment":[{"href":"https:\/\/www.ugtcomunicaciones.es\/wordpress\/wp-json\/wp\/v2\/media?parent=26597"}],"wp:term":[{"taxonomy":"category","embeddable":true,"href":"https:\/\/www.ugtcomunicaciones.es\/wordpress\/wp-json\/wp\/v2\/categories?post=26597"},{"taxonomy":"post_tag","embeddable":true,"href":"https:\/\/www.ugtcomunicaciones.es\/wordpress\/wp-json\/wp\/v2\/tags?post=26597"}],"curies":[{"name":"wp","href":"https:\/\/api.w.org\/{rel}","templated":true}]}}