{"id":267034,"date":"2019-01-14T07:00:31","date_gmt":"2019-01-14T05:00:31","guid":{"rendered":"http:\/\/ugtcomunicaciones.es\/wordpress\/?p=267034"},"modified":"2019-01-04T10:50:59","modified_gmt":"2019-01-04T08:50:59","slug":"10-400-despidos-en-verizon","status":"publish","type":"post","link":"https:\/\/www.ugtcomunicaciones.es\/wordpress\/10-400-despidos-en-verizon\/","title":{"rendered":"10.400 despidos en Verizon"},"content":{"rendered":"<p style=\"text-align: justify;\">Sigue la sangr\u00eda mundial de despidos<a href=\"#_ftn1\" name=\"_ftnref1\">[1]<\/a>. Nada hace que cese. Y aunque el titular no nos consuele en exceso, al menos no son los 44.000 que buscaba la operadora en un principio<a href=\"#_ftn2\" name=\"_ftnref2\">[2]<\/a>.<\/p>\n<p style=\"text-align: justify;\"><img decoding=\"async\" class=\"size-full wp-image-223626 alignleft lazyload\" data-src=\"http:\/\/ugtcomunicaciones.es\/wordpress\/wp-content\/uploads\/2018\/10\/verizon_11.jpg\" alt=\"verizon_11\" width=\"246\" height=\"151\" src=\"data:image\/svg+xml;base64,PHN2ZyB3aWR0aD0iMSIgaGVpZ2h0PSIxIiB4bWxucz0iaHR0cDovL3d3dy53My5vcmcvMjAwMC9zdmciPjwvc3ZnPg==\" style=\"--smush-placeholder-width: 246px; --smush-placeholder-aspect-ratio: 246\/151;\" \/>Hagamos un poco de memoria. En octubre de este a\u00f1o, Verizon se dirig\u00eda a sus empleados para \u201cofrecerles\u201d una indemnizaci\u00f3n por despido voluntario tasada en tres semanas por a\u00f1o trabajado hasta un m\u00e1ximo de 60 semanas, como primera parte de un plan de mucha mayor profundidad<a href=\"#_ftn3\" name=\"_ftnref3\">[3]<\/a>. El objetivo de Verizon era alcanzar los 44.000 despidos.<\/p>\n<p style=\"text-align: justify;\">Ya vaticin\u00e1bamos que la oferta iba a tener \u00e9xito, vistas la garant\u00edas y los derechos laborales vigentes en EEUU, y as\u00ed ha sido: el n\u00famero de trabajadores adheridos es casi el 7% de la actual plantilla de la operadora (152.300 empleados<a href=\"#_ftn4\" name=\"_ftnref4\">[4]<\/a>).<\/p>\n<p style=\"text-align: justify;\">La operadora admite en su comunicado<a href=\"#_ftn5\" name=\"_ftnref5\">[5]<\/a> que este <em>Programa de Separaci\u00f3n Voluntaria<\/em> ofrece hasta un m\u00e1ximo 60 semanas de salario como indemnizaci\u00f3n, as\u00ed como una duraci\u00f3n indeterminada de ciertas bonificaciones y beneficios, seg\u00fan la antig\u00fcedad de cada empleado.\u00a0Los primeros voluntarios aceptados comenzar\u00e1n a salir a finales de 2018, a los que seguir\u00e1n otras fechas de salida: marzo, junio y finales de 2019, dependiendo de las necesidades del negocio.<\/p>\n<p style=\"text-align: justify;\">Para Verizon, <em>\u00abEstos cambios est\u00e1n bien planeados y anticipados, y ser\u00e1n perfectos para nuestros clientes [\u2026] Este es un momento en el tiempo, dada nuestra fortaleza financiera y operativa, para comenzar a servir mejor a los clientes con m\u00e1s agilidad, velocidad y flexibilidad\u00bb<\/em>. Para muchos expertos<a href=\"#_ftn6\" name=\"_ftnref6\">[6]<\/a>, en un an\u00e1lisis que compartimos, se trata de volver a echar sobre las espaldas de los trabajadores y sus familias unas desastrosas decisiones empresariales. Las fallidas compras de Yahoo o AOL<a href=\"#_ftn7\" name=\"_ftnref7\">[7]<\/a>, a unos precios claramente desorbitados, han desembocado en este \u201cPlan\u201d para ahorrar costes laborales.<\/p>\n<p style=\"text-align: justify;\">La historia se repite: cuando las empresas toman decisiones acertadas, no quieren repartir sus beneficios en forma de aumentos justos de salarios; cuando yerran en dichas decisiones, la primera medida son los despidos.<\/p>\n<p style=\"text-align: justify;\">Lamentablemente, sobran los ejemplos de ilustran este tipo de actitud, de empresas poco sociales y que usan el mercadeo laboral como forma de tapar su inoperancia<a href=\"#_ftn8\" name=\"_ftnref8\">[8]<\/a>.<\/p>\n<p><a href=\"#_ftnref1\" name=\"_ftn1\">[1]<\/a> <a href=\"http:\/\/comunicaciones.fesmcugt.org\/noticia\/las-principales-telecos-del-mundo-destruyen-84-000-empleos-en-menos-de-dos-anos-id-10464.htm\">http:\/\/comunicaciones.fesmcugt.org\/noticia\/las-principales-telecos-del-mundo-destruyen-84-000-empleos-en-menos-de-dos-anos-id-10464.htm<\/a><\/p>\n<p><a href=\"#_ftnref2\" name=\"_ftn2\">[2]<\/a> <a href=\"http:\/\/ugtcomunicaciones.es\/wordpress\/44-000-despidos-en-verizon-usa\/\">http:\/\/ugtcomunicaciones.es\/wordpress\/44-000-despidos-en-verizon-usa\/<\/a><\/p>\n<p><a href=\"#_ftnref3\" name=\"_ftn3\">[3]<\/a> <a href=\"https:\/\/www.wsj.com\/articles\/verizons-severance-offer-goes-to-about-44-000-employees-1538587179\">https:\/\/www.wsj.com\/articles\/verizons-severance-offer-goes-to-about-44-000-employees-1538587179<\/a><\/p>\n<p><a href=\"#_ftnref4\" name=\"_ftn4\">[4]<\/a> <a href=\"https:\/\/finance.yahoo.com\/news\/verizons-voluntary-layoffs-know-191437731.html\">https:\/\/finance.yahoo.com\/news\/verizons-voluntary-layoffs-know-191437731.html<\/a><\/p>\n<p><a href=\"#_ftnref5\" name=\"_ftn5\">[5]<\/a> <a href=\"https:\/\/www.verizon.com\/about\/news\/verizon-announces-results-voluntary-separation-offer\">https:\/\/www.verizon.com\/about\/news\/verizon-announces-results-voluntary-separation-offer<\/a><\/p>\n<p><a href=\"#_ftnref6\" name=\"_ftn6\">[6]<\/a> <a href=\"https:\/\/www.forbes.com\/sites\/jonathanberr\/2018\/12\/12\/layoffs-loom-at-verizons-oath-in-the-wake-of-4-5-billion-charge\/#7ee896842af9\">https:\/\/www.forbes.com\/sites\/jonathanberr\/2018\/12\/12\/layoffs-loom-at-verizons-oath-in-the-wake-of-4-5-billion-charge\/#7ee896842af9<\/a><\/p>\n<p><a href=\"#_ftnref7\" name=\"_ftn7\">[7]<\/a> <a href=\"https:\/\/arstechnica.com\/information-technology\/2018\/12\/verizon-cuts-10000-jobs-and-admits-its-yahooaol-division-is-a-failure\/\">https:\/\/arstechnica.com\/information-technology\/2018\/12\/verizon-cuts-10000-jobs-and-admits-its-yahooaol-division-is-a-failure\/<\/a><\/p>\n<p><a href=\"#_ftnref8\" name=\"_ftn8\">[8]<\/a> <a href=\"http:\/\/ugtcomunicaciones.es\/wordpress\/bt-uk-13-000-despidos-que-pueden-y-deben-hacerse-de-otra-forma\/\">http:\/\/ugtcomunicaciones.es\/wordpress\/bt-uk-13-000-despidos-que-pueden-y-deben-hacerse-de-otra-forma\/<\/a>; <a href=\"http:\/\/ugtcomunicaciones.es\/wordpress\/el-avispero-de-telecom-italia\/\">http:\/\/ugtcomunicaciones.es\/wordpress\/el-avispero-de-telecom-italia\/<\/a><\/p>\n","protected":false},"excerpt":{"rendered":"<p>Sigue la sangr\u00eda mundial de despidos[1]. Nada hace que cese. Y aunque el titular no nos consuele en exceso, al menos no son los 44.000 que buscaba la operadora en un principio[2]. Hagamos un poco de memoria. En octubre de este a\u00f1o, Verizon se dirig\u00eda a sus empleados para \u201cofrecerles\u201d una indemnizaci\u00f3n por despido voluntario [&hellip;]<\/p>\n","protected":false},"author":3,"featured_media":36931,"comment_status":"closed","ping_status":"closed","sticky":false,"template":"","format":"standard","meta":{"footnotes":""},"categories":[13,12],"tags":[],"class_list":["post-267034","post","type-post","status-publish","format-standard","has-post-thumbnail","hentry","category-mercado-comunicaciones","category-regulacion"],"yoast_head":"<!-- This site is optimized with the Yoast SEO Premium plugin v27.3 (Yoast SEO v27.4) - https:\/\/yoast.com\/product\/yoast-seo-premium-wordpress\/ -->\n<title>10.400 despidos en Verizon - UGT Comunicaciones<\/title>\n<meta name=\"robots\" content=\"index, follow, max-snippet:-1, max-image-preview:large, max-video-preview:-1\" \/>\n<link rel=\"canonical\" href=\"https:\/\/www.ugtcomunicaciones.es\/wordpress\/10-400-despidos-en-verizon\/\" \/>\n<meta property=\"og:locale\" content=\"es_ES\" \/>\n<meta property=\"og:type\" content=\"article\" \/>\n<meta property=\"og:title\" content=\"10.400 despidos en Verizon\" \/>\n<meta property=\"og:description\" content=\"Sigue la sangr\u00eda mundial de despidos[1]. Nada hace que cese. Y aunque el titular no nos consuele en exceso, al menos no son los 44.000 que buscaba la operadora en un principio[2]. Hagamos un poco de memoria. En octubre de este a\u00f1o, Verizon se dirig\u00eda a sus empleados para \u201cofrecerles\u201d una indemnizaci\u00f3n por despido voluntario [&hellip;]\" \/>\n<meta property=\"og:url\" content=\"https:\/\/www.ugtcomunicaciones.es\/wordpress\/10-400-despidos-en-verizon\/\" \/>\n<meta property=\"og:site_name\" content=\"UGT Comunicaciones\" \/>\n<meta property=\"article:publisher\" content=\"https:\/\/www.facebook.com\/ugt.comunicaciones\/\" \/>\n<meta property=\"article:published_time\" content=\"2019-01-14T05:00:31+00:00\" \/>\n<meta property=\"og:image\" content=\"https:\/\/www.ugtcomunicaciones.es\/wordpress\/wp-content\/uploads\/2017\/09\/verizon00.jpg\" \/>\n\t<meta property=\"og:image:width\" content=\"399\" \/>\n\t<meta property=\"og:image:height\" content=\"253\" \/>\n\t<meta property=\"og:image:type\" content=\"image\/jpeg\" \/>\n<meta name=\"author\" content=\"UGT\" \/>\n<meta name=\"twitter:card\" content=\"summary_large_image\" \/>\n<meta name=\"twitter:creator\" content=\"@ugtcom\" \/>\n<meta name=\"twitter:site\" content=\"@ugtcom\" \/>\n<meta name=\"twitter:label1\" content=\"Escrito por\" \/>\n\t<meta name=\"twitter:data1\" content=\"UGT\" \/>\n\t<meta name=\"twitter:label2\" content=\"Tiempo de lectura\" \/>\n\t<meta name=\"twitter:data2\" content=\"2 minutos\" \/>\n<script type=\"application\/ld+json\" class=\"yoast-schema-graph\">{\"@context\":\"https:\\\/\\\/schema.org\",\"@graph\":[{\"@type\":\"Article\",\"@id\":\"https:\\\/\\\/www.ugtcomunicaciones.es\\\/wordpress\\\/10-400-despidos-en-verizon\\\/#article\",\"isPartOf\":{\"@id\":\"https:\\\/\\\/www.ugtcomunicaciones.es\\\/wordpress\\\/10-400-despidos-en-verizon\\\/\"},\"author\":{\"name\":\"UGT\",\"@id\":\"https:\\\/\\\/www.ugtcomunicaciones.es\\\/wordpress\\\/#\\\/schema\\\/person\\\/eba0fc3fe5b444531d94d4368cba89ed\"},\"headline\":\"10.400 despidos en Verizon\",\"datePublished\":\"2019-01-14T05:00:31+00:00\",\"mainEntityOfPage\":{\"@id\":\"https:\\\/\\\/www.ugtcomunicaciones.es\\\/wordpress\\\/10-400-despidos-en-verizon\\\/\"},\"wordCount\":428,\"publisher\":{\"@id\":\"https:\\\/\\\/www.ugtcomunicaciones.es\\\/wordpress\\\/#organization\"},\"image\":{\"@id\":\"https:\\\/\\\/www.ugtcomunicaciones.es\\\/wordpress\\\/10-400-despidos-en-verizon\\\/#primaryimage\"},\"thumbnailUrl\":\"https:\\\/\\\/www.ugtcomunicaciones.es\\\/wordpress\\\/wp-content\\\/uploads\\\/2017\\\/09\\\/verizon00.jpg\",\"articleSection\":[\"Mercado Comunicaciones\",\"Regulaci\u00f3n\"],\"inLanguage\":\"es\"},{\"@type\":\"WebPage\",\"@id\":\"https:\\\/\\\/www.ugtcomunicaciones.es\\\/wordpress\\\/10-400-despidos-en-verizon\\\/\",\"url\":\"https:\\\/\\\/www.ugtcomunicaciones.es\\\/wordpress\\\/10-400-despidos-en-verizon\\\/\",\"name\":\"10.400 despidos en Verizon - UGT Comunicaciones\",\"isPartOf\":{\"@id\":\"https:\\\/\\\/www.ugtcomunicaciones.es\\\/wordpress\\\/#website\"},\"primaryImageOfPage\":{\"@id\":\"https:\\\/\\\/www.ugtcomunicaciones.es\\\/wordpress\\\/10-400-despidos-en-verizon\\\/#primaryimage\"},\"image\":{\"@id\":\"https:\\\/\\\/www.ugtcomunicaciones.es\\\/wordpress\\\/10-400-despidos-en-verizon\\\/#primaryimage\"},\"thumbnailUrl\":\"https:\\\/\\\/www.ugtcomunicaciones.es\\\/wordpress\\\/wp-content\\\/uploads\\\/2017\\\/09\\\/verizon00.jpg\",\"datePublished\":\"2019-01-14T05:00:31+00:00\",\"breadcrumb\":{\"@id\":\"https:\\\/\\\/www.ugtcomunicaciones.es\\\/wordpress\\\/10-400-despidos-en-verizon\\\/#breadcrumb\"},\"inLanguage\":\"es\",\"potentialAction\":[{\"@type\":\"ReadAction\",\"target\":[\"https:\\\/\\\/www.ugtcomunicaciones.es\\\/wordpress\\\/10-400-despidos-en-verizon\\\/\"]}]},{\"@type\":\"ImageObject\",\"inLanguage\":\"es\",\"@id\":\"https:\\\/\\\/www.ugtcomunicaciones.es\\\/wordpress\\\/10-400-despidos-en-verizon\\\/#primaryimage\",\"url\":\"https:\\\/\\\/www.ugtcomunicaciones.es\\\/wordpress\\\/wp-content\\\/uploads\\\/2017\\\/09\\\/verizon00.jpg\",\"contentUrl\":\"https:\\\/\\\/www.ugtcomunicaciones.es\\\/wordpress\\\/wp-content\\\/uploads\\\/2017\\\/09\\\/verizon00.jpg\",\"width\":399,\"height\":253},{\"@type\":\"BreadcrumbList\",\"@id\":\"https:\\\/\\\/www.ugtcomunicaciones.es\\\/wordpress\\\/10-400-despidos-en-verizon\\\/#breadcrumb\",\"itemListElement\":[{\"@type\":\"ListItem\",\"position\":1,\"name\":\"Portada\",\"item\":\"https:\\\/\\\/www.ugtcomunicaciones.es\\\/wordpress\\\/\"},{\"@type\":\"ListItem\",\"position\":2,\"name\":\"10.400 despidos en Verizon\"}]},{\"@type\":\"WebSite\",\"@id\":\"https:\\\/\\\/www.ugtcomunicaciones.es\\\/wordpress\\\/#website\",\"url\":\"https:\\\/\\\/www.ugtcomunicaciones.es\\\/wordpress\\\/\",\"name\":\"UGT Comunicaciones\",\"description\":\"Sindicato de Telecomunicaciones\",\"publisher\":{\"@id\":\"https:\\\/\\\/www.ugtcomunicaciones.es\\\/wordpress\\\/#organization\"},\"potentialAction\":[{\"@type\":\"SearchAction\",\"target\":{\"@type\":\"EntryPoint\",\"urlTemplate\":\"https:\\\/\\\/www.ugtcomunicaciones.es\\\/wordpress\\\/?s={search_term_string}\"},\"query-input\":{\"@type\":\"PropertyValueSpecification\",\"valueRequired\":true,\"valueName\":\"search_term_string\"}}],\"inLanguage\":\"es\"},{\"@type\":\"Organization\",\"@id\":\"https:\\\/\\\/www.ugtcomunicaciones.es\\\/wordpress\\\/#organization\",\"name\":\"UGT Comunicaciones\",\"url\":\"https:\\\/\\\/www.ugtcomunicaciones.es\\\/wordpress\\\/\",\"logo\":{\"@type\":\"ImageObject\",\"inLanguage\":\"es\",\"@id\":\"https:\\\/\\\/www.ugtcomunicaciones.es\\\/wordpress\\\/#\\\/schema\\\/logo\\\/image\\\/\",\"url\":\"https:\\\/\\\/www.ugtcomunicaciones.es\\\/wordpress\\\/wp-content\\\/uploads\\\/2024\\\/04\\\/comunicaciones_logo.png\",\"contentUrl\":\"https:\\\/\\\/www.ugtcomunicaciones.es\\\/wordpress\\\/wp-content\\\/uploads\\\/2024\\\/04\\\/comunicaciones_logo.png\",\"width\":298,\"height\":81,\"caption\":\"UGT Comunicaciones\"},\"image\":{\"@id\":\"https:\\\/\\\/www.ugtcomunicaciones.es\\\/wordpress\\\/#\\\/schema\\\/logo\\\/image\\\/\"},\"sameAs\":[\"https:\\\/\\\/www.facebook.com\\\/ugt.comunicaciones\\\/\",\"https:\\\/\\\/x.com\\\/ugtcom\"]},{\"@type\":\"Person\",\"@id\":\"https:\\\/\\\/www.ugtcomunicaciones.es\\\/wordpress\\\/#\\\/schema\\\/person\\\/eba0fc3fe5b444531d94d4368cba89ed\",\"name\":\"UGT\",\"image\":{\"@type\":\"ImageObject\",\"inLanguage\":\"es\",\"@id\":\"https:\\\/\\\/secure.gravatar.com\\\/avatar\\\/2a16057d620a4c646bcfc171c4f23030879ebbdd346f0525bd5d4a564e57e13d?s=96&d=mm&r=g\",\"url\":\"https:\\\/\\\/secure.gravatar.com\\\/avatar\\\/2a16057d620a4c646bcfc171c4f23030879ebbdd346f0525bd5d4a564e57e13d?s=96&d=mm&r=g\",\"contentUrl\":\"https:\\\/\\\/secure.gravatar.com\\\/avatar\\\/2a16057d620a4c646bcfc171c4f23030879ebbdd346f0525bd5d4a564e57e13d?s=96&d=mm&r=g\",\"caption\":\"UGT\"}}]}<\/script>\n<!-- \/ Yoast SEO Premium plugin. -->","yoast_head_json":{"title":"10.400 despidos en Verizon - UGT Comunicaciones","robots":{"index":"index","follow":"follow","max-snippet":"max-snippet:-1","max-image-preview":"max-image-preview:large","max-video-preview":"max-video-preview:-1"},"canonical":"https:\/\/www.ugtcomunicaciones.es\/wordpress\/10-400-despidos-en-verizon\/","og_locale":"es_ES","og_type":"article","og_title":"10.400 despidos en Verizon","og_description":"Sigue la sangr\u00eda mundial de despidos[1]. Nada hace que cese. Y aunque el titular no nos consuele en exceso, al menos no son los 44.000 que buscaba la operadora en un principio[2]. Hagamos un poco de memoria. En octubre de este a\u00f1o, Verizon se dirig\u00eda a sus empleados para \u201cofrecerles\u201d una indemnizaci\u00f3n por despido voluntario [&hellip;]","og_url":"https:\/\/www.ugtcomunicaciones.es\/wordpress\/10-400-despidos-en-verizon\/","og_site_name":"UGT Comunicaciones","article_publisher":"https:\/\/www.facebook.com\/ugt.comunicaciones\/","article_published_time":"2019-01-14T05:00:31+00:00","og_image":[{"width":399,"height":253,"url":"https:\/\/www.ugtcomunicaciones.es\/wordpress\/wp-content\/uploads\/2017\/09\/verizon00.jpg","type":"image\/jpeg"}],"author":"UGT","twitter_card":"summary_large_image","twitter_creator":"@ugtcom","twitter_site":"@ugtcom","twitter_misc":{"Escrito por":"UGT","Tiempo de lectura":"2 minutos"},"schema":{"@context":"https:\/\/schema.org","@graph":[{"@type":"Article","@id":"https:\/\/www.ugtcomunicaciones.es\/wordpress\/10-400-despidos-en-verizon\/#article","isPartOf":{"@id":"https:\/\/www.ugtcomunicaciones.es\/wordpress\/10-400-despidos-en-verizon\/"},"author":{"name":"UGT","@id":"https:\/\/www.ugtcomunicaciones.es\/wordpress\/#\/schema\/person\/eba0fc3fe5b444531d94d4368cba89ed"},"headline":"10.400 despidos en Verizon","datePublished":"2019-01-14T05:00:31+00:00","mainEntityOfPage":{"@id":"https:\/\/www.ugtcomunicaciones.es\/wordpress\/10-400-despidos-en-verizon\/"},"wordCount":428,"publisher":{"@id":"https:\/\/www.ugtcomunicaciones.es\/wordpress\/#organization"},"image":{"@id":"https:\/\/www.ugtcomunicaciones.es\/wordpress\/10-400-despidos-en-verizon\/#primaryimage"},"thumbnailUrl":"https:\/\/www.ugtcomunicaciones.es\/wordpress\/wp-content\/uploads\/2017\/09\/verizon00.jpg","articleSection":["Mercado Comunicaciones","Regulaci\u00f3n"],"inLanguage":"es"},{"@type":"WebPage","@id":"https:\/\/www.ugtcomunicaciones.es\/wordpress\/10-400-despidos-en-verizon\/","url":"https:\/\/www.ugtcomunicaciones.es\/wordpress\/10-400-despidos-en-verizon\/","name":"10.400 despidos en Verizon - UGT Comunicaciones","isPartOf":{"@id":"https:\/\/www.ugtcomunicaciones.es\/wordpress\/#website"},"primaryImageOfPage":{"@id":"https:\/\/www.ugtcomunicaciones.es\/wordpress\/10-400-despidos-en-verizon\/#primaryimage"},"image":{"@id":"https:\/\/www.ugtcomunicaciones.es\/wordpress\/10-400-despidos-en-verizon\/#primaryimage"},"thumbnailUrl":"https:\/\/www.ugtcomunicaciones.es\/wordpress\/wp-content\/uploads\/2017\/09\/verizon00.jpg","datePublished":"2019-01-14T05:00:31+00:00","breadcrumb":{"@id":"https:\/\/www.ugtcomunicaciones.es\/wordpress\/10-400-despidos-en-verizon\/#breadcrumb"},"inLanguage":"es","potentialAction":[{"@type":"ReadAction","target":["https:\/\/www.ugtcomunicaciones.es\/wordpress\/10-400-despidos-en-verizon\/"]}]},{"@type":"ImageObject","inLanguage":"es","@id":"https:\/\/www.ugtcomunicaciones.es\/wordpress\/10-400-despidos-en-verizon\/#primaryimage","url":"https:\/\/www.ugtcomunicaciones.es\/wordpress\/wp-content\/uploads\/2017\/09\/verizon00.jpg","contentUrl":"https:\/\/www.ugtcomunicaciones.es\/wordpress\/wp-content\/uploads\/2017\/09\/verizon00.jpg","width":399,"height":253},{"@type":"BreadcrumbList","@id":"https:\/\/www.ugtcomunicaciones.es\/wordpress\/10-400-despidos-en-verizon\/#breadcrumb","itemListElement":[{"@type":"ListItem","position":1,"name":"Portada","item":"https:\/\/www.ugtcomunicaciones.es\/wordpress\/"},{"@type":"ListItem","position":2,"name":"10.400 despidos en Verizon"}]},{"@type":"WebSite","@id":"https:\/\/www.ugtcomunicaciones.es\/wordpress\/#website","url":"https:\/\/www.ugtcomunicaciones.es\/wordpress\/","name":"UGT Comunicaciones","description":"Sindicato de Telecomunicaciones","publisher":{"@id":"https:\/\/www.ugtcomunicaciones.es\/wordpress\/#organization"},"potentialAction":[{"@type":"SearchAction","target":{"@type":"EntryPoint","urlTemplate":"https:\/\/www.ugtcomunicaciones.es\/wordpress\/?s={search_term_string}"},"query-input":{"@type":"PropertyValueSpecification","valueRequired":true,"valueName":"search_term_string"}}],"inLanguage":"es"},{"@type":"Organization","@id":"https:\/\/www.ugtcomunicaciones.es\/wordpress\/#organization","name":"UGT Comunicaciones","url":"https:\/\/www.ugtcomunicaciones.es\/wordpress\/","logo":{"@type":"ImageObject","inLanguage":"es","@id":"https:\/\/www.ugtcomunicaciones.es\/wordpress\/#\/schema\/logo\/image\/","url":"https:\/\/www.ugtcomunicaciones.es\/wordpress\/wp-content\/uploads\/2024\/04\/comunicaciones_logo.png","contentUrl":"https:\/\/www.ugtcomunicaciones.es\/wordpress\/wp-content\/uploads\/2024\/04\/comunicaciones_logo.png","width":298,"height":81,"caption":"UGT Comunicaciones"},"image":{"@id":"https:\/\/www.ugtcomunicaciones.es\/wordpress\/#\/schema\/logo\/image\/"},"sameAs":["https:\/\/www.facebook.com\/ugt.comunicaciones\/","https:\/\/x.com\/ugtcom"]},{"@type":"Person","@id":"https:\/\/www.ugtcomunicaciones.es\/wordpress\/#\/schema\/person\/eba0fc3fe5b444531d94d4368cba89ed","name":"UGT","image":{"@type":"ImageObject","inLanguage":"es","@id":"https:\/\/secure.gravatar.com\/avatar\/2a16057d620a4c646bcfc171c4f23030879ebbdd346f0525bd5d4a564e57e13d?s=96&d=mm&r=g","url":"https:\/\/secure.gravatar.com\/avatar\/2a16057d620a4c646bcfc171c4f23030879ebbdd346f0525bd5d4a564e57e13d?s=96&d=mm&r=g","contentUrl":"https:\/\/secure.gravatar.com\/avatar\/2a16057d620a4c646bcfc171c4f23030879ebbdd346f0525bd5d4a564e57e13d?s=96&d=mm&r=g","caption":"UGT"}}]}},"_links":{"self":[{"href":"https:\/\/www.ugtcomunicaciones.es\/wordpress\/wp-json\/wp\/v2\/posts\/267034","targetHints":{"allow":["GET"]}}],"collection":[{"href":"https:\/\/www.ugtcomunicaciones.es\/wordpress\/wp-json\/wp\/v2\/posts"}],"about":[{"href":"https:\/\/www.ugtcomunicaciones.es\/wordpress\/wp-json\/wp\/v2\/types\/post"}],"author":[{"embeddable":true,"href":"https:\/\/www.ugtcomunicaciones.es\/wordpress\/wp-json\/wp\/v2\/users\/3"}],"replies":[{"embeddable":true,"href":"https:\/\/www.ugtcomunicaciones.es\/wordpress\/wp-json\/wp\/v2\/comments?post=267034"}],"version-history":[{"count":0,"href":"https:\/\/www.ugtcomunicaciones.es\/wordpress\/wp-json\/wp\/v2\/posts\/267034\/revisions"}],"wp:featuredmedia":[{"embeddable":true,"href":"https:\/\/www.ugtcomunicaciones.es\/wordpress\/wp-json\/wp\/v2\/media\/36931"}],"wp:attachment":[{"href":"https:\/\/www.ugtcomunicaciones.es\/wordpress\/wp-json\/wp\/v2\/media?parent=267034"}],"wp:term":[{"taxonomy":"category","embeddable":true,"href":"https:\/\/www.ugtcomunicaciones.es\/wordpress\/wp-json\/wp\/v2\/categories?post=267034"},{"taxonomy":"post_tag","embeddable":true,"href":"https:\/\/www.ugtcomunicaciones.es\/wordpress\/wp-json\/wp\/v2\/tags?post=267034"}],"curies":[{"name":"wp","href":"https:\/\/api.w.org\/{rel}","templated":true}]}}