{"id":269477,"date":"2018-12-21T15:04:23","date_gmt":"2018-12-21T13:04:23","guid":{"rendered":"http:\/\/ugtcomunicaciones.es\/wordpress\/?p=269477"},"modified":"2019-01-08T13:49:47","modified_gmt":"2019-01-08T11:49:47","slug":"disciplinas-y-niveles","status":"publish","type":"post","link":"https:\/\/www.ugtcomunicaciones.es\/wordpress\/disciplinas-y-niveles\/","title":{"rendered":"Disciplinas y niveles"},"content":{"rendered":"<p style=\"text-align: justify;\">Una vez que el mapa de disciplinas (52) y el arranque de las mismas ha quedado cerrado y lanzado este oto\u00f1o, toca ahora definir los niveles de distribuci\u00f3n.<\/p>\n<p style=\"text-align: justify;\">El argumento de la empresa es que lo hacen para aplicar pol\u00edticas de RRHH m\u00e1s eficientes y m\u00e1s justas a la plantilla, y para cohesionar la convivencia entre el modelo agile y el tradicional.<\/p>\n<p style=\"text-align: justify;\">Las disciplinas y los niveles definen un mapa funcional que dar\u00eda respuesta a esto y pretenden que medidas discrecionales que toman los Directores y Managers para la promoci\u00f3n, las subidas salariales, la adjudicaci\u00f3n de proyectos \u2026 se transformen en medidas objetivas m\u00e1s justas. Ser\u00e1 una formulaci\u00f3n matem\u00e1tica com\u00fan para todos y con las mismas reglas que incluir\u00e1 aspectos como la experiencia, idiomas, formaci\u00f3n, destrezas \u2026<\/p>\n<p style=\"text-align: justify;\">Con este modelo pretenden que todos tengamos conocimiento de lo que se tiene en cuenta en RRHH para mejorar nuestro nivel de contribuci\u00f3n, el cual determinar\u00e1 la promoci\u00f3n y su combinaci\u00f3n con la disciplina actuar\u00e1 sobre la compensaci\u00f3n y la movilidad.<\/p>\n<p style=\"text-align: justify;\">Las variables, ordenadas por peso de contribuci\u00f3n de menor a mayor, que determinan el nivel de contribuci\u00f3n son:<\/p>\n<ul style=\"text-align: justify;\">\n<li><strong>Formaci\u00f3n y conocimientos<\/strong>: estudios, masters, idiomas, otros. Lo facilita la persona y RRHH lo valida.<\/li>\n<\/ul>\n<ul style=\"text-align: justify;\">\n<li><strong>Experiencia profesional<\/strong>: gesti\u00f3n de equipos, responsabilidad, a\u00f1os de experiencia. Lo facilita la persona y RRHH lo valida.<\/li>\n<\/ul>\n<ul style=\"text-align: justify;\">\n<li><strong>Competencias\/Skills<\/strong>: desempe\u00f1o. Lo facilita el Manager y RRHH lo valida.<\/li>\n<\/ul>\n<ul style=\"text-align: justify;\">\n<li><strong>Impacto en negocio<\/strong>: grupo profesional, equipo que gestiona, criticidad \u2026 Lo facilita RRHH y el Manager y RRHH lo valida.<\/li>\n<\/ul>\n<p style=\"text-align: justify;\">La suma de las 4 determina el nivel de contribuci\u00f3n de cada uno (6 en principio siendo 1 el m\u00e1s alto), pero no se va a dar detalle del m\u00e9todo de c\u00e1lculo. En cualquier caso no se van a dar en ninguna circunstancia demociones.<\/p>\n<p style=\"text-align: justify;\">Desde <strong>UGT<\/strong> hemos pedido conocer el peso de cada una de las variables que determinar\u00e1n nuestro nivel.<\/p>\n<p style=\"text-align: justify;\">Lo que parecer\u00eda indicar este plan de la empresa es que los niveles tendr\u00e1n cierta correspondencia con el grupo profesional de Convenio pero es un tema fuera de Convenio.<\/p>\n<p style=\"text-align: justify;\">Pr\u00f3ximos hitos:<\/p>\n<ul>\n<li style=\"text-align: justify;\">Tras las fiestas estar\u00e1 finalizada la recogida de datos.<\/li>\n<li style=\"text-align: justify;\">El mapeo llevar\u00e1 hasta Marzo.<\/li>\n<li style=\"text-align: justify;\">Previsi\u00f3n de fin y comunicaci\u00f3n a la plantilla a mediados de Marzo.<\/li>\n<\/ul>\n","protected":false},"excerpt":{"rendered":"<p>Una vez que el mapa de disciplinas (52) y el arranque de las mismas ha quedado cerrado y lanzado este oto\u00f1o, toca ahora definir los niveles de distribuci\u00f3n. El argumento de la empresa es que lo hacen para aplicar pol\u00edticas de RRHH m\u00e1s eficientes y m\u00e1s justas a la plantilla, y para cohesionar la convivencia [&hellip;]<\/p>\n","protected":false},"author":3,"featured_media":269478,"comment_status":"closed","ping_status":"closed","sticky":false,"template":"","format":"standard","meta":{"footnotes":""},"categories":[35],"tags":[],"class_list":["post-269477","post","type-post","status-publish","format-standard","has-post-thumbnail","hentry","category-orange"],"yoast_head":"<!-- This site is optimized with the Yoast SEO Premium plugin v27.3 (Yoast SEO v27.4) - https:\/\/yoast.com\/product\/yoast-seo-premium-wordpress\/ -->\n<title>Disciplinas y niveles - UGT Comunicaciones<\/title>\n<meta name=\"robots\" content=\"index, follow, max-snippet:-1, max-image-preview:large, max-video-preview:-1\" \/>\n<link rel=\"canonical\" href=\"https:\/\/www.ugtcomunicaciones.es\/wordpress\/disciplinas-y-niveles\/\" \/>\n<meta property=\"og:locale\" content=\"es_ES\" \/>\n<meta property=\"og:type\" content=\"article\" \/>\n<meta property=\"og:title\" content=\"Disciplinas y niveles\" \/>\n<meta property=\"og:description\" content=\"Una vez que el mapa de disciplinas (52) y el arranque de las mismas ha quedado cerrado y lanzado este oto\u00f1o, toca ahora definir los niveles de distribuci\u00f3n. El argumento de la empresa es que lo hacen para aplicar pol\u00edticas de RRHH m\u00e1s eficientes y m\u00e1s justas a la plantilla, y para cohesionar la convivencia [&hellip;]\" \/>\n<meta property=\"og:url\" content=\"https:\/\/www.ugtcomunicaciones.es\/wordpress\/disciplinas-y-niveles\/\" \/>\n<meta property=\"og:site_name\" content=\"UGT Comunicaciones\" \/>\n<meta property=\"article:publisher\" content=\"https:\/\/www.facebook.com\/ugt.comunicaciones\/\" \/>\n<meta property=\"article:published_time\" content=\"2018-12-21T13:04:23+00:00\" \/>\n<meta property=\"article:modified_time\" content=\"2019-01-08T11:49:47+00:00\" \/>\n<meta property=\"og:image\" content=\"https:\/\/www.ugtcomunicaciones.es\/wordpress\/wp-content\/uploads\/2019\/01\/itinerarios.jpg\" \/>\n\t<meta property=\"og:image:width\" content=\"524\" \/>\n\t<meta property=\"og:image:height\" content=\"491\" \/>\n\t<meta property=\"og:image:type\" content=\"image\/jpeg\" \/>\n<meta name=\"author\" content=\"UGT\" \/>\n<meta name=\"twitter:card\" content=\"summary_large_image\" \/>\n<meta name=\"twitter:creator\" content=\"@ugtcom\" \/>\n<meta name=\"twitter:site\" content=\"@ugtcom\" \/>\n<meta name=\"twitter:label1\" content=\"Escrito por\" \/>\n\t<meta name=\"twitter:data1\" content=\"UGT\" \/>\n\t<meta name=\"twitter:label2\" content=\"Tiempo de lectura\" \/>\n\t<meta name=\"twitter:data2\" content=\"2 minutos\" \/>\n<script type=\"application\/ld+json\" class=\"yoast-schema-graph\">{\"@context\":\"https:\\\/\\\/schema.org\",\"@graph\":[{\"@type\":\"Article\",\"@id\":\"https:\\\/\\\/www.ugtcomunicaciones.es\\\/wordpress\\\/disciplinas-y-niveles\\\/#article\",\"isPartOf\":{\"@id\":\"https:\\\/\\\/www.ugtcomunicaciones.es\\\/wordpress\\\/disciplinas-y-niveles\\\/\"},\"author\":{\"name\":\"UGT\",\"@id\":\"https:\\\/\\\/www.ugtcomunicaciones.es\\\/wordpress\\\/#\\\/schema\\\/person\\\/eba0fc3fe5b444531d94d4368cba89ed\"},\"headline\":\"Disciplinas y niveles\",\"datePublished\":\"2018-12-21T13:04:23+00:00\",\"dateModified\":\"2019-01-08T11:49:47+00:00\",\"mainEntityOfPage\":{\"@id\":\"https:\\\/\\\/www.ugtcomunicaciones.es\\\/wordpress\\\/disciplinas-y-niveles\\\/\"},\"wordCount\":396,\"publisher\":{\"@id\":\"https:\\\/\\\/www.ugtcomunicaciones.es\\\/wordpress\\\/#organization\"},\"image\":{\"@id\":\"https:\\\/\\\/www.ugtcomunicaciones.es\\\/wordpress\\\/disciplinas-y-niveles\\\/#primaryimage\"},\"thumbnailUrl\":\"https:\\\/\\\/www.ugtcomunicaciones.es\\\/wordpress\\\/wp-content\\\/uploads\\\/2019\\\/01\\\/itinerarios.jpg\",\"articleSection\":[\"Grupo MasOrange\"],\"inLanguage\":\"es\"},{\"@type\":\"WebPage\",\"@id\":\"https:\\\/\\\/www.ugtcomunicaciones.es\\\/wordpress\\\/disciplinas-y-niveles\\\/\",\"url\":\"https:\\\/\\\/www.ugtcomunicaciones.es\\\/wordpress\\\/disciplinas-y-niveles\\\/\",\"name\":\"Disciplinas y niveles - UGT Comunicaciones\",\"isPartOf\":{\"@id\":\"https:\\\/\\\/www.ugtcomunicaciones.es\\\/wordpress\\\/#website\"},\"primaryImageOfPage\":{\"@id\":\"https:\\\/\\\/www.ugtcomunicaciones.es\\\/wordpress\\\/disciplinas-y-niveles\\\/#primaryimage\"},\"image\":{\"@id\":\"https:\\\/\\\/www.ugtcomunicaciones.es\\\/wordpress\\\/disciplinas-y-niveles\\\/#primaryimage\"},\"thumbnailUrl\":\"https:\\\/\\\/www.ugtcomunicaciones.es\\\/wordpress\\\/wp-content\\\/uploads\\\/2019\\\/01\\\/itinerarios.jpg\",\"datePublished\":\"2018-12-21T13:04:23+00:00\",\"dateModified\":\"2019-01-08T11:49:47+00:00\",\"breadcrumb\":{\"@id\":\"https:\\\/\\\/www.ugtcomunicaciones.es\\\/wordpress\\\/disciplinas-y-niveles\\\/#breadcrumb\"},\"inLanguage\":\"es\",\"potentialAction\":[{\"@type\":\"ReadAction\",\"target\":[\"https:\\\/\\\/www.ugtcomunicaciones.es\\\/wordpress\\\/disciplinas-y-niveles\\\/\"]}]},{\"@type\":\"ImageObject\",\"inLanguage\":\"es\",\"@id\":\"https:\\\/\\\/www.ugtcomunicaciones.es\\\/wordpress\\\/disciplinas-y-niveles\\\/#primaryimage\",\"url\":\"https:\\\/\\\/www.ugtcomunicaciones.es\\\/wordpress\\\/wp-content\\\/uploads\\\/2019\\\/01\\\/itinerarios.jpg\",\"contentUrl\":\"https:\\\/\\\/www.ugtcomunicaciones.es\\\/wordpress\\\/wp-content\\\/uploads\\\/2019\\\/01\\\/itinerarios.jpg\",\"width\":524,\"height\":491},{\"@type\":\"BreadcrumbList\",\"@id\":\"https:\\\/\\\/www.ugtcomunicaciones.es\\\/wordpress\\\/disciplinas-y-niveles\\\/#breadcrumb\",\"itemListElement\":[{\"@type\":\"ListItem\",\"position\":1,\"name\":\"Portada\",\"item\":\"https:\\\/\\\/www.ugtcomunicaciones.es\\\/wordpress\\\/\"},{\"@type\":\"ListItem\",\"position\":2,\"name\":\"Disciplinas y niveles\"}]},{\"@type\":\"WebSite\",\"@id\":\"https:\\\/\\\/www.ugtcomunicaciones.es\\\/wordpress\\\/#website\",\"url\":\"https:\\\/\\\/www.ugtcomunicaciones.es\\\/wordpress\\\/\",\"name\":\"UGT Comunicaciones\",\"description\":\"Sindicato de Telecomunicaciones\",\"publisher\":{\"@id\":\"https:\\\/\\\/www.ugtcomunicaciones.es\\\/wordpress\\\/#organization\"},\"potentialAction\":[{\"@type\":\"SearchAction\",\"target\":{\"@type\":\"EntryPoint\",\"urlTemplate\":\"https:\\\/\\\/www.ugtcomunicaciones.es\\\/wordpress\\\/?s={search_term_string}\"},\"query-input\":{\"@type\":\"PropertyValueSpecification\",\"valueRequired\":true,\"valueName\":\"search_term_string\"}}],\"inLanguage\":\"es\"},{\"@type\":\"Organization\",\"@id\":\"https:\\\/\\\/www.ugtcomunicaciones.es\\\/wordpress\\\/#organization\",\"name\":\"UGT Comunicaciones\",\"url\":\"https:\\\/\\\/www.ugtcomunicaciones.es\\\/wordpress\\\/\",\"logo\":{\"@type\":\"ImageObject\",\"inLanguage\":\"es\",\"@id\":\"https:\\\/\\\/www.ugtcomunicaciones.es\\\/wordpress\\\/#\\\/schema\\\/logo\\\/image\\\/\",\"url\":\"https:\\\/\\\/www.ugtcomunicaciones.es\\\/wordpress\\\/wp-content\\\/uploads\\\/2024\\\/04\\\/comunicaciones_logo.png\",\"contentUrl\":\"https:\\\/\\\/www.ugtcomunicaciones.es\\\/wordpress\\\/wp-content\\\/uploads\\\/2024\\\/04\\\/comunicaciones_logo.png\",\"width\":298,\"height\":81,\"caption\":\"UGT Comunicaciones\"},\"image\":{\"@id\":\"https:\\\/\\\/www.ugtcomunicaciones.es\\\/wordpress\\\/#\\\/schema\\\/logo\\\/image\\\/\"},\"sameAs\":[\"https:\\\/\\\/www.facebook.com\\\/ugt.comunicaciones\\\/\",\"https:\\\/\\\/x.com\\\/ugtcom\"]},{\"@type\":\"Person\",\"@id\":\"https:\\\/\\\/www.ugtcomunicaciones.es\\\/wordpress\\\/#\\\/schema\\\/person\\\/eba0fc3fe5b444531d94d4368cba89ed\",\"name\":\"UGT\",\"image\":{\"@type\":\"ImageObject\",\"inLanguage\":\"es\",\"@id\":\"https:\\\/\\\/secure.gravatar.com\\\/avatar\\\/2a16057d620a4c646bcfc171c4f23030879ebbdd346f0525bd5d4a564e57e13d?s=96&d=mm&r=g\",\"url\":\"https:\\\/\\\/secure.gravatar.com\\\/avatar\\\/2a16057d620a4c646bcfc171c4f23030879ebbdd346f0525bd5d4a564e57e13d?s=96&d=mm&r=g\",\"contentUrl\":\"https:\\\/\\\/secure.gravatar.com\\\/avatar\\\/2a16057d620a4c646bcfc171c4f23030879ebbdd346f0525bd5d4a564e57e13d?s=96&d=mm&r=g\",\"caption\":\"UGT\"}}]}<\/script>\n<!-- \/ Yoast SEO Premium plugin. -->","yoast_head_json":{"title":"Disciplinas y niveles - UGT Comunicaciones","robots":{"index":"index","follow":"follow","max-snippet":"max-snippet:-1","max-image-preview":"max-image-preview:large","max-video-preview":"max-video-preview:-1"},"canonical":"https:\/\/www.ugtcomunicaciones.es\/wordpress\/disciplinas-y-niveles\/","og_locale":"es_ES","og_type":"article","og_title":"Disciplinas y niveles","og_description":"Una vez que el mapa de disciplinas (52) y el arranque de las mismas ha quedado cerrado y lanzado este oto\u00f1o, toca ahora definir los niveles de distribuci\u00f3n. El argumento de la empresa es que lo hacen para aplicar pol\u00edticas de RRHH m\u00e1s eficientes y m\u00e1s justas a la plantilla, y para cohesionar la convivencia [&hellip;]","og_url":"https:\/\/www.ugtcomunicaciones.es\/wordpress\/disciplinas-y-niveles\/","og_site_name":"UGT Comunicaciones","article_publisher":"https:\/\/www.facebook.com\/ugt.comunicaciones\/","article_published_time":"2018-12-21T13:04:23+00:00","article_modified_time":"2019-01-08T11:49:47+00:00","og_image":[{"width":524,"height":491,"url":"https:\/\/www.ugtcomunicaciones.es\/wordpress\/wp-content\/uploads\/2019\/01\/itinerarios.jpg","type":"image\/jpeg"}],"author":"UGT","twitter_card":"summary_large_image","twitter_creator":"@ugtcom","twitter_site":"@ugtcom","twitter_misc":{"Escrito por":"UGT","Tiempo de lectura":"2 minutos"},"schema":{"@context":"https:\/\/schema.org","@graph":[{"@type":"Article","@id":"https:\/\/www.ugtcomunicaciones.es\/wordpress\/disciplinas-y-niveles\/#article","isPartOf":{"@id":"https:\/\/www.ugtcomunicaciones.es\/wordpress\/disciplinas-y-niveles\/"},"author":{"name":"UGT","@id":"https:\/\/www.ugtcomunicaciones.es\/wordpress\/#\/schema\/person\/eba0fc3fe5b444531d94d4368cba89ed"},"headline":"Disciplinas y niveles","datePublished":"2018-12-21T13:04:23+00:00","dateModified":"2019-01-08T11:49:47+00:00","mainEntityOfPage":{"@id":"https:\/\/www.ugtcomunicaciones.es\/wordpress\/disciplinas-y-niveles\/"},"wordCount":396,"publisher":{"@id":"https:\/\/www.ugtcomunicaciones.es\/wordpress\/#organization"},"image":{"@id":"https:\/\/www.ugtcomunicaciones.es\/wordpress\/disciplinas-y-niveles\/#primaryimage"},"thumbnailUrl":"https:\/\/www.ugtcomunicaciones.es\/wordpress\/wp-content\/uploads\/2019\/01\/itinerarios.jpg","articleSection":["Grupo MasOrange"],"inLanguage":"es"},{"@type":"WebPage","@id":"https:\/\/www.ugtcomunicaciones.es\/wordpress\/disciplinas-y-niveles\/","url":"https:\/\/www.ugtcomunicaciones.es\/wordpress\/disciplinas-y-niveles\/","name":"Disciplinas y niveles - UGT Comunicaciones","isPartOf":{"@id":"https:\/\/www.ugtcomunicaciones.es\/wordpress\/#website"},"primaryImageOfPage":{"@id":"https:\/\/www.ugtcomunicaciones.es\/wordpress\/disciplinas-y-niveles\/#primaryimage"},"image":{"@id":"https:\/\/www.ugtcomunicaciones.es\/wordpress\/disciplinas-y-niveles\/#primaryimage"},"thumbnailUrl":"https:\/\/www.ugtcomunicaciones.es\/wordpress\/wp-content\/uploads\/2019\/01\/itinerarios.jpg","datePublished":"2018-12-21T13:04:23+00:00","dateModified":"2019-01-08T11:49:47+00:00","breadcrumb":{"@id":"https:\/\/www.ugtcomunicaciones.es\/wordpress\/disciplinas-y-niveles\/#breadcrumb"},"inLanguage":"es","potentialAction":[{"@type":"ReadAction","target":["https:\/\/www.ugtcomunicaciones.es\/wordpress\/disciplinas-y-niveles\/"]}]},{"@type":"ImageObject","inLanguage":"es","@id":"https:\/\/www.ugtcomunicaciones.es\/wordpress\/disciplinas-y-niveles\/#primaryimage","url":"https:\/\/www.ugtcomunicaciones.es\/wordpress\/wp-content\/uploads\/2019\/01\/itinerarios.jpg","contentUrl":"https:\/\/www.ugtcomunicaciones.es\/wordpress\/wp-content\/uploads\/2019\/01\/itinerarios.jpg","width":524,"height":491},{"@type":"BreadcrumbList","@id":"https:\/\/www.ugtcomunicaciones.es\/wordpress\/disciplinas-y-niveles\/#breadcrumb","itemListElement":[{"@type":"ListItem","position":1,"name":"Portada","item":"https:\/\/www.ugtcomunicaciones.es\/wordpress\/"},{"@type":"ListItem","position":2,"name":"Disciplinas y niveles"}]},{"@type":"WebSite","@id":"https:\/\/www.ugtcomunicaciones.es\/wordpress\/#website","url":"https:\/\/www.ugtcomunicaciones.es\/wordpress\/","name":"UGT Comunicaciones","description":"Sindicato de Telecomunicaciones","publisher":{"@id":"https:\/\/www.ugtcomunicaciones.es\/wordpress\/#organization"},"potentialAction":[{"@type":"SearchAction","target":{"@type":"EntryPoint","urlTemplate":"https:\/\/www.ugtcomunicaciones.es\/wordpress\/?s={search_term_string}"},"query-input":{"@type":"PropertyValueSpecification","valueRequired":true,"valueName":"search_term_string"}}],"inLanguage":"es"},{"@type":"Organization","@id":"https:\/\/www.ugtcomunicaciones.es\/wordpress\/#organization","name":"UGT Comunicaciones","url":"https:\/\/www.ugtcomunicaciones.es\/wordpress\/","logo":{"@type":"ImageObject","inLanguage":"es","@id":"https:\/\/www.ugtcomunicaciones.es\/wordpress\/#\/schema\/logo\/image\/","url":"https:\/\/www.ugtcomunicaciones.es\/wordpress\/wp-content\/uploads\/2024\/04\/comunicaciones_logo.png","contentUrl":"https:\/\/www.ugtcomunicaciones.es\/wordpress\/wp-content\/uploads\/2024\/04\/comunicaciones_logo.png","width":298,"height":81,"caption":"UGT Comunicaciones"},"image":{"@id":"https:\/\/www.ugtcomunicaciones.es\/wordpress\/#\/schema\/logo\/image\/"},"sameAs":["https:\/\/www.facebook.com\/ugt.comunicaciones\/","https:\/\/x.com\/ugtcom"]},{"@type":"Person","@id":"https:\/\/www.ugtcomunicaciones.es\/wordpress\/#\/schema\/person\/eba0fc3fe5b444531d94d4368cba89ed","name":"UGT","image":{"@type":"ImageObject","inLanguage":"es","@id":"https:\/\/secure.gravatar.com\/avatar\/2a16057d620a4c646bcfc171c4f23030879ebbdd346f0525bd5d4a564e57e13d?s=96&d=mm&r=g","url":"https:\/\/secure.gravatar.com\/avatar\/2a16057d620a4c646bcfc171c4f23030879ebbdd346f0525bd5d4a564e57e13d?s=96&d=mm&r=g","contentUrl":"https:\/\/secure.gravatar.com\/avatar\/2a16057d620a4c646bcfc171c4f23030879ebbdd346f0525bd5d4a564e57e13d?s=96&d=mm&r=g","caption":"UGT"}}]}},"_links":{"self":[{"href":"https:\/\/www.ugtcomunicaciones.es\/wordpress\/wp-json\/wp\/v2\/posts\/269477","targetHints":{"allow":["GET"]}}],"collection":[{"href":"https:\/\/www.ugtcomunicaciones.es\/wordpress\/wp-json\/wp\/v2\/posts"}],"about":[{"href":"https:\/\/www.ugtcomunicaciones.es\/wordpress\/wp-json\/wp\/v2\/types\/post"}],"author":[{"embeddable":true,"href":"https:\/\/www.ugtcomunicaciones.es\/wordpress\/wp-json\/wp\/v2\/users\/3"}],"replies":[{"embeddable":true,"href":"https:\/\/www.ugtcomunicaciones.es\/wordpress\/wp-json\/wp\/v2\/comments?post=269477"}],"version-history":[{"count":0,"href":"https:\/\/www.ugtcomunicaciones.es\/wordpress\/wp-json\/wp\/v2\/posts\/269477\/revisions"}],"wp:featuredmedia":[{"embeddable":true,"href":"https:\/\/www.ugtcomunicaciones.es\/wordpress\/wp-json\/wp\/v2\/media\/269478"}],"wp:attachment":[{"href":"https:\/\/www.ugtcomunicaciones.es\/wordpress\/wp-json\/wp\/v2\/media?parent=269477"}],"wp:term":[{"taxonomy":"category","embeddable":true,"href":"https:\/\/www.ugtcomunicaciones.es\/wordpress\/wp-json\/wp\/v2\/categories?post=269477"},{"taxonomy":"post_tag","embeddable":true,"href":"https:\/\/www.ugtcomunicaciones.es\/wordpress\/wp-json\/wp\/v2\/tags?post=269477"}],"curies":[{"name":"wp","href":"https:\/\/api.w.org\/{rel}","templated":true}]}}