{"id":272893,"date":"2019-01-28T07:00:42","date_gmt":"2019-01-28T05:00:42","guid":{"rendered":"http:\/\/ugtcomunicaciones.es\/wordpress\/?p=272893"},"modified":"2019-01-15T14:31:50","modified_gmt":"2019-01-15T12:31:50","slug":"una-decada-perdida-en-id","status":"publish","type":"post","link":"https:\/\/www.ugtcomunicaciones.es\/wordpress\/una-decada-perdida-en-id\/","title":{"rendered":"Una d\u00e9cada perdida en I+D"},"content":{"rendered":"\n<ul class=\"justificado wp-block-list\"><li>Los datos de la <em>Estad\u00edstica sobre actividades de I+D<\/em> del INE confirma el retraso de\nEspa\u00f1a en t\u00e9rminos de inversi\u00f3n y empleo a nivel internacional. El peso de la\nI+D en el PIB se sit\u00faa en el 1,20%, muy lejos del 1,40% de 2010 y del 3% que\nnos exige Europa en su Estrategia 2020.<\/li><li>La progresi\u00f3n en t\u00e9rminos de inversi\u00f3n se\nfrancamente decepcionante: el total del ejercicio 2017 es inferior a la de 2008,\ncon especial relevancia en el descenso de la inversi\u00f3n p\u00fablica: un -9% desde\n2009.<\/li><li>A pesar del incremento del empleo en I+D en el\n\u00faltimo a\u00f1o, el volumen de personal dedicado a estas actividades sigue siendo\ninferior al de 2008 (215.713 vs. 215.676). La misma conclusi\u00f3n se podr\u00eda\ntrasladar al n\u00famero de investigadores: 133.195 en 2017 por 133.803 en 2009.<\/li><\/ul>\n\n\n\n<p class=\"justificado\"><strong>UGT<\/strong> quiere denunciar el abandono, especialmente desde\nun punto de vista de lo p\u00fablico, de las pol\u00edticas de impulso e inversi\u00f3n en\nInvestigaci\u00f3n y Desarrollo (I+D), una vertiente esencial e imprescindible para\nla progresi\u00f3n y sostenibilidad de la econom\u00eda espa\u00f1ola, y como parte\nfundamental del cambio en el tejido productivo que exige el Sindicato.<\/p>\n\n\n\n<p class=\"justificado\">&nbsp;Los \u00faltimos\nresultados publicados por el INE para el ejercicio 2017 reiteran y confirman el\ninaceptable retraso de Espa\u00f1a en t\u00e9rminos I+D. El peso de esta disciplina en el\nglobal del PIB sigue en ratios de pa\u00edses de tercera categor\u00eda, con un rid\u00edculo\n1,2%. Este guarismo es mejor de la mita de lo recomendado por Europa para\ndentro de s\u00f3lo tres a\u00f1os (3%) y se encuentra muy lejos de los objetivos del\nGobierno (un 2%); con toda seguridad, nuestro pa\u00eds ser\u00e1 incapaz de alcanzar\nestas metas, lo que demuestra la pasividad de pol\u00edticos, reguladores y\nlegisladores para cumplir con sus propias promesas.<\/p>\n\n\n\n<p class=\"justificado\">Precisamente las AAPP, que deber\u00edan ejercer el papel de\nmotor de este cambio del tejido productivo, son las m\u00e1s reticentes a invertir\nen I+D, hasta el punto de invertir menos en el presente que hace una d\u00e9cada. Se\ntrata de un retroceso que nuestra econom\u00eda no se puede permitir si quiere\nprogresar, competitiva y sostenible.<\/p>\n\n\n\n<p class=\"justificado\">Como cab\u00eda esperar, este estancamiento tiene repercusiones\nnegativas sobe el empleo, que sigue en niveles de 2008 y 2009 en cifras de\nempleo dedicado a I+D o de investigadores en esta disciplina. Adem\u00e1s, la\nsubrepresentaci\u00f3n de la mujer en este colectivo sigue sin corregirse: todav\u00eda\nel n\u00famero de hombres casi triplica al de mujeres en el empleo de I+D.<\/p>\n\n\n\n<p class=\"justificado\"><strong>UGT<\/strong> considera que la Pol\u00edtica con may\u00fasculas debe dejarse de discursos vac\u00edos, de promesas sin contenido, que se quedan en meras declaraciones de intenciones sobre \u201cm\u00e1s I+D+i\u201d. Nuestro tejido productivo del presente, pero sobre todo del futuro, necesita acciones concretas; necesita hechos, financiaci\u00f3n y presupuestos. En resumen, necesitamos propuestas para estimular la I+D, pero sobre todo, necesitamos pol\u00edticas p\u00fablicas en I+D de vanguardia, innovadoras y apegadas a las necesidades de sociedad, trabajadores y empresas. \n\n<\/p>\n\n\n\n<h3 style=\"text-align: right;\"><strong><span style=\"color: #ff0000;\">UGT<\/span> Comunicaciones<\/strong><br><strong>Sector Estatal<\/strong><\/h3>\n\n\n\n<p class=\"justificado\"><\/p>\n","protected":false},"excerpt":{"rendered":"<p>Los datos de la Estad\u00edstica sobre actividades de I+D del INE confirma el retraso de Espa\u00f1a en t\u00e9rminos de inversi\u00f3n y empleo a nivel internacional. El peso de la I+D en el PIB se sit\u00faa en el 1,20%, muy lejos del 1,40% de 2010 y del 3% que nos exige Europa en su Estrategia 2020. [&hellip;]<\/p>\n","protected":false},"author":3,"featured_media":272913,"comment_status":"closed","ping_status":"closed","sticky":false,"template":"","format":"standard","meta":{"footnotes":""},"categories":[14,12],"tags":[],"class_list":["post-272893","post","type-post","status-publish","format-standard","has-post-thumbnail","hentry","category-opinion","category-regulacion"],"yoast_head":"<!-- This site is optimized with the Yoast SEO Premium plugin v27.3 (Yoast SEO v27.4) - https:\/\/yoast.com\/product\/yoast-seo-premium-wordpress\/ -->\n<title>Una d\u00e9cada perdida en I+D - UGT Comunicaciones<\/title>\n<meta name=\"description\" content=\"UGT quiere denunciar el abandono, especialmente desde un punto de vista de lo p\u00fablico, de las pol\u00edticas de impulso e inversi\u00f3n en Investigaci\u00f3n y Desarrollo\" \/>\n<meta name=\"robots\" content=\"index, follow, max-snippet:-1, max-image-preview:large, max-video-preview:-1\" \/>\n<link rel=\"canonical\" href=\"https:\/\/www.ugtcomunicaciones.es\/wordpress\/una-decada-perdida-en-id\/\" \/>\n<meta property=\"og:locale\" content=\"es_ES\" \/>\n<meta property=\"og:type\" content=\"article\" \/>\n<meta property=\"og:title\" content=\"Una d\u00e9cada perdida en I+D\" \/>\n<meta property=\"og:description\" content=\"UGT quiere denunciar el abandono, especialmente desde un punto de vista de lo p\u00fablico, de las pol\u00edticas de impulso e inversi\u00f3n en Investigaci\u00f3n y Desarrollo\" \/>\n<meta property=\"og:url\" content=\"https:\/\/www.ugtcomunicaciones.es\/wordpress\/una-decada-perdida-en-id\/\" \/>\n<meta property=\"og:site_name\" content=\"UGT Comunicaciones\" \/>\n<meta property=\"article:publisher\" content=\"https:\/\/www.facebook.com\/ugt.comunicaciones\/\" \/>\n<meta property=\"article:published_time\" content=\"2019-01-28T05:00:42+00:00\" \/>\n<meta property=\"og:image\" content=\"https:\/\/www.ugtcomunicaciones.es\/wordpress\/wp-content\/uploads\/2019\/01\/ID.jpg\" \/>\n\t<meta property=\"og:image:width\" content=\"600\" \/>\n\t<meta property=\"og:image:height\" content=\"600\" \/>\n\t<meta property=\"og:image:type\" content=\"image\/jpeg\" \/>\n<meta name=\"author\" content=\"UGT\" \/>\n<meta name=\"twitter:card\" content=\"summary_large_image\" \/>\n<meta name=\"twitter:creator\" content=\"@ugtcom\" \/>\n<meta name=\"twitter:site\" content=\"@ugtcom\" \/>\n<meta name=\"twitter:label1\" content=\"Escrito por\" \/>\n\t<meta name=\"twitter:data1\" content=\"UGT\" \/>\n\t<meta name=\"twitter:label2\" content=\"Tiempo de lectura\" \/>\n\t<meta name=\"twitter:data2\" content=\"3 minutos\" \/>\n<script type=\"application\/ld+json\" class=\"yoast-schema-graph\">{\"@context\":\"https:\\\/\\\/schema.org\",\"@graph\":[{\"@type\":\"Article\",\"@id\":\"https:\\\/\\\/www.ugtcomunicaciones.es\\\/wordpress\\\/una-decada-perdida-en-id\\\/#article\",\"isPartOf\":{\"@id\":\"https:\\\/\\\/www.ugtcomunicaciones.es\\\/wordpress\\\/una-decada-perdida-en-id\\\/\"},\"author\":{\"name\":\"UGT\",\"@id\":\"https:\\\/\\\/www.ugtcomunicaciones.es\\\/wordpress\\\/#\\\/schema\\\/person\\\/eba0fc3fe5b444531d94d4368cba89ed\"},\"headline\":\"Una d\u00e9cada perdida en I+D\",\"datePublished\":\"2019-01-28T05:00:42+00:00\",\"mainEntityOfPage\":{\"@id\":\"https:\\\/\\\/www.ugtcomunicaciones.es\\\/wordpress\\\/una-decada-perdida-en-id\\\/\"},\"wordCount\":524,\"publisher\":{\"@id\":\"https:\\\/\\\/www.ugtcomunicaciones.es\\\/wordpress\\\/#organization\"},\"image\":{\"@id\":\"https:\\\/\\\/www.ugtcomunicaciones.es\\\/wordpress\\\/una-decada-perdida-en-id\\\/#primaryimage\"},\"thumbnailUrl\":\"https:\\\/\\\/www.ugtcomunicaciones.es\\\/wordpress\\\/wp-content\\\/uploads\\\/2019\\\/01\\\/ID.jpg\",\"articleSection\":[\"Opini\u00f3n\",\"Regulaci\u00f3n\"],\"inLanguage\":\"es\"},{\"@type\":\"WebPage\",\"@id\":\"https:\\\/\\\/www.ugtcomunicaciones.es\\\/wordpress\\\/una-decada-perdida-en-id\\\/\",\"url\":\"https:\\\/\\\/www.ugtcomunicaciones.es\\\/wordpress\\\/una-decada-perdida-en-id\\\/\",\"name\":\"Una d\u00e9cada perdida en I+D - UGT Comunicaciones\",\"isPartOf\":{\"@id\":\"https:\\\/\\\/www.ugtcomunicaciones.es\\\/wordpress\\\/#website\"},\"primaryImageOfPage\":{\"@id\":\"https:\\\/\\\/www.ugtcomunicaciones.es\\\/wordpress\\\/una-decada-perdida-en-id\\\/#primaryimage\"},\"image\":{\"@id\":\"https:\\\/\\\/www.ugtcomunicaciones.es\\\/wordpress\\\/una-decada-perdida-en-id\\\/#primaryimage\"},\"thumbnailUrl\":\"https:\\\/\\\/www.ugtcomunicaciones.es\\\/wordpress\\\/wp-content\\\/uploads\\\/2019\\\/01\\\/ID.jpg\",\"datePublished\":\"2019-01-28T05:00:42+00:00\",\"description\":\"UGT quiere denunciar el abandono, especialmente desde un punto de vista de lo p\u00fablico, de las pol\u00edticas de impulso e inversi\u00f3n en Investigaci\u00f3n y Desarrollo\",\"breadcrumb\":{\"@id\":\"https:\\\/\\\/www.ugtcomunicaciones.es\\\/wordpress\\\/una-decada-perdida-en-id\\\/#breadcrumb\"},\"inLanguage\":\"es\",\"potentialAction\":[{\"@type\":\"ReadAction\",\"target\":[\"https:\\\/\\\/www.ugtcomunicaciones.es\\\/wordpress\\\/una-decada-perdida-en-id\\\/\"]}]},{\"@type\":\"ImageObject\",\"inLanguage\":\"es\",\"@id\":\"https:\\\/\\\/www.ugtcomunicaciones.es\\\/wordpress\\\/una-decada-perdida-en-id\\\/#primaryimage\",\"url\":\"https:\\\/\\\/www.ugtcomunicaciones.es\\\/wordpress\\\/wp-content\\\/uploads\\\/2019\\\/01\\\/ID.jpg\",\"contentUrl\":\"https:\\\/\\\/www.ugtcomunicaciones.es\\\/wordpress\\\/wp-content\\\/uploads\\\/2019\\\/01\\\/ID.jpg\",\"width\":600,\"height\":600,\"caption\":\"I+D\"},{\"@type\":\"BreadcrumbList\",\"@id\":\"https:\\\/\\\/www.ugtcomunicaciones.es\\\/wordpress\\\/una-decada-perdida-en-id\\\/#breadcrumb\",\"itemListElement\":[{\"@type\":\"ListItem\",\"position\":1,\"name\":\"Portada\",\"item\":\"https:\\\/\\\/www.ugtcomunicaciones.es\\\/wordpress\\\/\"},{\"@type\":\"ListItem\",\"position\":2,\"name\":\"Una d\u00e9cada perdida en I+D\"}]},{\"@type\":\"WebSite\",\"@id\":\"https:\\\/\\\/www.ugtcomunicaciones.es\\\/wordpress\\\/#website\",\"url\":\"https:\\\/\\\/www.ugtcomunicaciones.es\\\/wordpress\\\/\",\"name\":\"UGT Comunicaciones\",\"description\":\"Sindicato de Telecomunicaciones\",\"publisher\":{\"@id\":\"https:\\\/\\\/www.ugtcomunicaciones.es\\\/wordpress\\\/#organization\"},\"potentialAction\":[{\"@type\":\"SearchAction\",\"target\":{\"@type\":\"EntryPoint\",\"urlTemplate\":\"https:\\\/\\\/www.ugtcomunicaciones.es\\\/wordpress\\\/?s={search_term_string}\"},\"query-input\":{\"@type\":\"PropertyValueSpecification\",\"valueRequired\":true,\"valueName\":\"search_term_string\"}}],\"inLanguage\":\"es\"},{\"@type\":\"Organization\",\"@id\":\"https:\\\/\\\/www.ugtcomunicaciones.es\\\/wordpress\\\/#organization\",\"name\":\"UGT Comunicaciones\",\"url\":\"https:\\\/\\\/www.ugtcomunicaciones.es\\\/wordpress\\\/\",\"logo\":{\"@type\":\"ImageObject\",\"inLanguage\":\"es\",\"@id\":\"https:\\\/\\\/www.ugtcomunicaciones.es\\\/wordpress\\\/#\\\/schema\\\/logo\\\/image\\\/\",\"url\":\"https:\\\/\\\/www.ugtcomunicaciones.es\\\/wordpress\\\/wp-content\\\/uploads\\\/2024\\\/04\\\/comunicaciones_logo.png\",\"contentUrl\":\"https:\\\/\\\/www.ugtcomunicaciones.es\\\/wordpress\\\/wp-content\\\/uploads\\\/2024\\\/04\\\/comunicaciones_logo.png\",\"width\":298,\"height\":81,\"caption\":\"UGT Comunicaciones\"},\"image\":{\"@id\":\"https:\\\/\\\/www.ugtcomunicaciones.es\\\/wordpress\\\/#\\\/schema\\\/logo\\\/image\\\/\"},\"sameAs\":[\"https:\\\/\\\/www.facebook.com\\\/ugt.comunicaciones\\\/\",\"https:\\\/\\\/x.com\\\/ugtcom\"]},{\"@type\":\"Person\",\"@id\":\"https:\\\/\\\/www.ugtcomunicaciones.es\\\/wordpress\\\/#\\\/schema\\\/person\\\/eba0fc3fe5b444531d94d4368cba89ed\",\"name\":\"UGT\",\"image\":{\"@type\":\"ImageObject\",\"inLanguage\":\"es\",\"@id\":\"https:\\\/\\\/secure.gravatar.com\\\/avatar\\\/2a16057d620a4c646bcfc171c4f23030879ebbdd346f0525bd5d4a564e57e13d?s=96&d=mm&r=g\",\"url\":\"https:\\\/\\\/secure.gravatar.com\\\/avatar\\\/2a16057d620a4c646bcfc171c4f23030879ebbdd346f0525bd5d4a564e57e13d?s=96&d=mm&r=g\",\"contentUrl\":\"https:\\\/\\\/secure.gravatar.com\\\/avatar\\\/2a16057d620a4c646bcfc171c4f23030879ebbdd346f0525bd5d4a564e57e13d?s=96&d=mm&r=g\",\"caption\":\"UGT\"}}]}<\/script>\n<!-- \/ Yoast SEO Premium plugin. -->","yoast_head_json":{"title":"Una d\u00e9cada perdida en I+D - UGT Comunicaciones","description":"UGT quiere denunciar el abandono, especialmente desde un punto de vista de lo p\u00fablico, de las pol\u00edticas de impulso e inversi\u00f3n en Investigaci\u00f3n y Desarrollo","robots":{"index":"index","follow":"follow","max-snippet":"max-snippet:-1","max-image-preview":"max-image-preview:large","max-video-preview":"max-video-preview:-1"},"canonical":"https:\/\/www.ugtcomunicaciones.es\/wordpress\/una-decada-perdida-en-id\/","og_locale":"es_ES","og_type":"article","og_title":"Una d\u00e9cada perdida en I+D","og_description":"UGT quiere denunciar el abandono, especialmente desde un punto de vista de lo p\u00fablico, de las pol\u00edticas de impulso e inversi\u00f3n en Investigaci\u00f3n y Desarrollo","og_url":"https:\/\/www.ugtcomunicaciones.es\/wordpress\/una-decada-perdida-en-id\/","og_site_name":"UGT Comunicaciones","article_publisher":"https:\/\/www.facebook.com\/ugt.comunicaciones\/","article_published_time":"2019-01-28T05:00:42+00:00","og_image":[{"width":600,"height":600,"url":"https:\/\/www.ugtcomunicaciones.es\/wordpress\/wp-content\/uploads\/2019\/01\/ID.jpg","type":"image\/jpeg"}],"author":"UGT","twitter_card":"summary_large_image","twitter_creator":"@ugtcom","twitter_site":"@ugtcom","twitter_misc":{"Escrito por":"UGT","Tiempo de lectura":"3 minutos"},"schema":{"@context":"https:\/\/schema.org","@graph":[{"@type":"Article","@id":"https:\/\/www.ugtcomunicaciones.es\/wordpress\/una-decada-perdida-en-id\/#article","isPartOf":{"@id":"https:\/\/www.ugtcomunicaciones.es\/wordpress\/una-decada-perdida-en-id\/"},"author":{"name":"UGT","@id":"https:\/\/www.ugtcomunicaciones.es\/wordpress\/#\/schema\/person\/eba0fc3fe5b444531d94d4368cba89ed"},"headline":"Una d\u00e9cada perdida en I+D","datePublished":"2019-01-28T05:00:42+00:00","mainEntityOfPage":{"@id":"https:\/\/www.ugtcomunicaciones.es\/wordpress\/una-decada-perdida-en-id\/"},"wordCount":524,"publisher":{"@id":"https:\/\/www.ugtcomunicaciones.es\/wordpress\/#organization"},"image":{"@id":"https:\/\/www.ugtcomunicaciones.es\/wordpress\/una-decada-perdida-en-id\/#primaryimage"},"thumbnailUrl":"https:\/\/www.ugtcomunicaciones.es\/wordpress\/wp-content\/uploads\/2019\/01\/ID.jpg","articleSection":["Opini\u00f3n","Regulaci\u00f3n"],"inLanguage":"es"},{"@type":"WebPage","@id":"https:\/\/www.ugtcomunicaciones.es\/wordpress\/una-decada-perdida-en-id\/","url":"https:\/\/www.ugtcomunicaciones.es\/wordpress\/una-decada-perdida-en-id\/","name":"Una d\u00e9cada perdida en I+D - UGT Comunicaciones","isPartOf":{"@id":"https:\/\/www.ugtcomunicaciones.es\/wordpress\/#website"},"primaryImageOfPage":{"@id":"https:\/\/www.ugtcomunicaciones.es\/wordpress\/una-decada-perdida-en-id\/#primaryimage"},"image":{"@id":"https:\/\/www.ugtcomunicaciones.es\/wordpress\/una-decada-perdida-en-id\/#primaryimage"},"thumbnailUrl":"https:\/\/www.ugtcomunicaciones.es\/wordpress\/wp-content\/uploads\/2019\/01\/ID.jpg","datePublished":"2019-01-28T05:00:42+00:00","description":"UGT quiere denunciar el abandono, especialmente desde un punto de vista de lo p\u00fablico, de las pol\u00edticas de impulso e inversi\u00f3n en Investigaci\u00f3n y Desarrollo","breadcrumb":{"@id":"https:\/\/www.ugtcomunicaciones.es\/wordpress\/una-decada-perdida-en-id\/#breadcrumb"},"inLanguage":"es","potentialAction":[{"@type":"ReadAction","target":["https:\/\/www.ugtcomunicaciones.es\/wordpress\/una-decada-perdida-en-id\/"]}]},{"@type":"ImageObject","inLanguage":"es","@id":"https:\/\/www.ugtcomunicaciones.es\/wordpress\/una-decada-perdida-en-id\/#primaryimage","url":"https:\/\/www.ugtcomunicaciones.es\/wordpress\/wp-content\/uploads\/2019\/01\/ID.jpg","contentUrl":"https:\/\/www.ugtcomunicaciones.es\/wordpress\/wp-content\/uploads\/2019\/01\/ID.jpg","width":600,"height":600,"caption":"I+D"},{"@type":"BreadcrumbList","@id":"https:\/\/www.ugtcomunicaciones.es\/wordpress\/una-decada-perdida-en-id\/#breadcrumb","itemListElement":[{"@type":"ListItem","position":1,"name":"Portada","item":"https:\/\/www.ugtcomunicaciones.es\/wordpress\/"},{"@type":"ListItem","position":2,"name":"Una d\u00e9cada perdida en I+D"}]},{"@type":"WebSite","@id":"https:\/\/www.ugtcomunicaciones.es\/wordpress\/#website","url":"https:\/\/www.ugtcomunicaciones.es\/wordpress\/","name":"UGT Comunicaciones","description":"Sindicato de Telecomunicaciones","publisher":{"@id":"https:\/\/www.ugtcomunicaciones.es\/wordpress\/#organization"},"potentialAction":[{"@type":"SearchAction","target":{"@type":"EntryPoint","urlTemplate":"https:\/\/www.ugtcomunicaciones.es\/wordpress\/?s={search_term_string}"},"query-input":{"@type":"PropertyValueSpecification","valueRequired":true,"valueName":"search_term_string"}}],"inLanguage":"es"},{"@type":"Organization","@id":"https:\/\/www.ugtcomunicaciones.es\/wordpress\/#organization","name":"UGT Comunicaciones","url":"https:\/\/www.ugtcomunicaciones.es\/wordpress\/","logo":{"@type":"ImageObject","inLanguage":"es","@id":"https:\/\/www.ugtcomunicaciones.es\/wordpress\/#\/schema\/logo\/image\/","url":"https:\/\/www.ugtcomunicaciones.es\/wordpress\/wp-content\/uploads\/2024\/04\/comunicaciones_logo.png","contentUrl":"https:\/\/www.ugtcomunicaciones.es\/wordpress\/wp-content\/uploads\/2024\/04\/comunicaciones_logo.png","width":298,"height":81,"caption":"UGT Comunicaciones"},"image":{"@id":"https:\/\/www.ugtcomunicaciones.es\/wordpress\/#\/schema\/logo\/image\/"},"sameAs":["https:\/\/www.facebook.com\/ugt.comunicaciones\/","https:\/\/x.com\/ugtcom"]},{"@type":"Person","@id":"https:\/\/www.ugtcomunicaciones.es\/wordpress\/#\/schema\/person\/eba0fc3fe5b444531d94d4368cba89ed","name":"UGT","image":{"@type":"ImageObject","inLanguage":"es","@id":"https:\/\/secure.gravatar.com\/avatar\/2a16057d620a4c646bcfc171c4f23030879ebbdd346f0525bd5d4a564e57e13d?s=96&d=mm&r=g","url":"https:\/\/secure.gravatar.com\/avatar\/2a16057d620a4c646bcfc171c4f23030879ebbdd346f0525bd5d4a564e57e13d?s=96&d=mm&r=g","contentUrl":"https:\/\/secure.gravatar.com\/avatar\/2a16057d620a4c646bcfc171c4f23030879ebbdd346f0525bd5d4a564e57e13d?s=96&d=mm&r=g","caption":"UGT"}}]}},"_links":{"self":[{"href":"https:\/\/www.ugtcomunicaciones.es\/wordpress\/wp-json\/wp\/v2\/posts\/272893","targetHints":{"allow":["GET"]}}],"collection":[{"href":"https:\/\/www.ugtcomunicaciones.es\/wordpress\/wp-json\/wp\/v2\/posts"}],"about":[{"href":"https:\/\/www.ugtcomunicaciones.es\/wordpress\/wp-json\/wp\/v2\/types\/post"}],"author":[{"embeddable":true,"href":"https:\/\/www.ugtcomunicaciones.es\/wordpress\/wp-json\/wp\/v2\/users\/3"}],"replies":[{"embeddable":true,"href":"https:\/\/www.ugtcomunicaciones.es\/wordpress\/wp-json\/wp\/v2\/comments?post=272893"}],"version-history":[{"count":0,"href":"https:\/\/www.ugtcomunicaciones.es\/wordpress\/wp-json\/wp\/v2\/posts\/272893\/revisions"}],"wp:featuredmedia":[{"embeddable":true,"href":"https:\/\/www.ugtcomunicaciones.es\/wordpress\/wp-json\/wp\/v2\/media\/272913"}],"wp:attachment":[{"href":"https:\/\/www.ugtcomunicaciones.es\/wordpress\/wp-json\/wp\/v2\/media?parent=272893"}],"wp:term":[{"taxonomy":"category","embeddable":true,"href":"https:\/\/www.ugtcomunicaciones.es\/wordpress\/wp-json\/wp\/v2\/categories?post=272893"},{"taxonomy":"post_tag","embeddable":true,"href":"https:\/\/www.ugtcomunicaciones.es\/wordpress\/wp-json\/wp\/v2\/tags?post=272893"}],"curies":[{"name":"wp","href":"https:\/\/api.w.org\/{rel}","templated":true}]}}