{"id":286833,"date":"2019-02-25T01:00:32","date_gmt":"2019-02-24T23:00:32","guid":{"rendered":"http:\/\/ugtcomunicaciones.es\/wordpress\/?p=286833"},"modified":"2019-02-13T13:50:08","modified_gmt":"2019-02-13T11:50:08","slug":"la-posicion-de-espana-en-terminos-de-digitalizacion-es-muy-inferior-a-su-pib","status":"publish","type":"post","link":"https:\/\/www.ugtcomunicaciones.es\/wordpress\/la-posicion-de-espana-en-terminos-de-digitalizacion-es-muy-inferior-a-su-pib\/","title":{"rendered":"La posici\u00f3n de Espa\u00f1a en t\u00e9rminos de digitalizaci\u00f3n es muy inferior a su PIB"},"content":{"rendered":"\n<p class=\"justificado\">La publicaci\u00f3n por parte de la Comisi\u00f3n Europea del \u00cdndice internacional de econom\u00eda y sociedad digital (I-DESI<sup class=\"modern-footnotes-footnote \" data-mfn=\"1\" data-mfn-post-scope=\"000000000000413c0000000000000000_286833\"><a href=\"javascript:void(0)\"  role=\"button\" aria-pressed=\"false\" aria-describedby=\"mfn-content-000000000000413c0000000000000000_286833-1\">1<\/a><\/sup><span id=\"mfn-content-000000000000413c0000000000000000_286833-1\" role=\"tooltip\" class=\"modern-footnotes-footnote__note\" tabindex=\"0\" data-mfn=\"1\"><a href=\"https:\/\/ec.europa.eu\/digital-single-market\/en\/news\/international-digital-economy-and-society-index-2018\" target=\"_blank\" rel=\"noreferrer noopener\" aria-label=\" (abre en una nueva pesta\u00f1a)\">https:\/\/ec.europa.eu\/digital-single-market\/en\/news\/international-digital-economy-and-society-index-2018<\/a>  <\/span>, por sus siglas en ingl\u00e9s) no brinda una nueva oportunidad para situar a nuestro pa\u00eds en el contexto mundial en t\u00e9rminos de competitividad en nuevas tecnolog\u00edas. <\/p>\n\n\n\n<div class=\"wp-block-image\"><figure class=\"alignright\"><img decoding=\"async\" width=\"167\" height=\"109\" data-src=\"http:\/\/ugtcomunicaciones.es\/wordpress\/wp-content\/uploads\/2019\/02\/posicion_1.jpg\" alt=\"\" class=\"wp-image-287304 lazyload\" src=\"data:image\/svg+xml;base64,PHN2ZyB3aWR0aD0iMSIgaGVpZ2h0PSIxIiB4bWxucz0iaHR0cDovL3d3dy53My5vcmcvMjAwMC9zdmciPjwvc3ZnPg==\" style=\"--smush-placeholder-width: 167px; --smush-placeholder-aspect-ratio: 167\/109;\" \/><\/figure><\/div>\n\n\n\n<p>El I-DESI es una extensi\u00f3n del DESI europeo<sup class=\"modern-footnotes-footnote \" data-mfn=\"2\" data-mfn-post-scope=\"000000000000413c0000000000000000_286833\"><a href=\"javascript:void(0)\"  role=\"button\" aria-pressed=\"false\" aria-describedby=\"mfn-content-000000000000413c0000000000000000_286833-2\">2<\/a><\/sup><span id=\"mfn-content-000000000000413c0000000000000000_286833-2\" role=\"tooltip\" class=\"modern-footnotes-footnote__note\" tabindex=\"0\" data-mfn=\"2\"> <br><a href=\"http:\/\/www.ugt.es\/espana-se-ancla-en-su-retraso-digital\">http:\/\/www.ugt.es\/espana-se-ancla-en-su-retraso-digital<\/a><\/span>; as\u00ed, tomando de partida las cinco dimensiones que componen el \u00edndice europeo (conectividad, capital humano, uso de internet y servicios p\u00fablicos digitales), se conforma una comparativa del rendimiento digital de los 28 pa\u00edses de la Uni\u00f3n con otras 17 naciones del mundo, tales como Australia, Brasil, Canad\u00e1, China, Islandia, Israel, Jap\u00f3n, Corea, M\u00e9xico, Noruega, Nueva Zelanda, Noruega, Rusia, Serbia, Suiza, Turqu\u00eda o Estados Unidos.<\/p>\n\n\n\n<div class=\"wp-block-media-text alignwide justificado\"><figure class=\"wp-block-media-text__media\"><img decoding=\"async\" width=\"409\" height=\"405\" data-src=\"http:\/\/ugtcomunicaciones.es\/wordpress\/wp-content\/uploads\/2019\/02\/posicion_2.jpg\" alt=\"\" class=\"wp-image-287316 lazyload\" data-srcset=\"https:\/\/www.ugtcomunicaciones.es\/wordpress\/wp-content\/uploads\/2019\/02\/posicion_2.jpg 409w, https:\/\/www.ugtcomunicaciones.es\/wordpress\/wp-content\/uploads\/2019\/02\/posicion_2-150x150.jpg 150w, https:\/\/www.ugtcomunicaciones.es\/wordpress\/wp-content\/uploads\/2019\/02\/posicion_2-300x297.jpg 300w\" data-sizes=\"(max-width: 409px) 100vw, 409px\" src=\"data:image\/svg+xml;base64,PHN2ZyB3aWR0aD0iMSIgaGVpZ2h0PSIxIiB4bWxucz0iaHR0cDovL3d3dy53My5vcmcvMjAwMC9zdmciPjwvc3ZnPg==\" style=\"--smush-placeholder-width: 409px; --smush-placeholder-aspect-ratio: 409\/405;\" \/><\/figure><div class=\"wp-block-media-text__content\">\n<h4 class=\"wp-block-heading\"><\/h4>\n<\/div><\/div>\n\n\n\n<div style=\"height:15px\" aria-hidden=\"true\" class=\"wp-block-spacer\"><\/div>\n\n\n\n<p class=\"justificado\">Si se parte de la base que Espa\u00f1a ostenta en la actualidad la posici\u00f3n 13\u00aa del mundo por PIB nomina<sup class=\"modern-footnotes-footnote \" data-mfn=\"3\" data-mfn-post-scope=\"000000000000413c0000000000000000_286833\"><a href=\"javascript:void(0)\"  role=\"button\" aria-pressed=\"false\" aria-describedby=\"mfn-content-000000000000413c0000000000000000_286833-3\">3<\/a><\/sup><span id=\"mfn-content-000000000000413c0000000000000000_286833-3\" role=\"tooltip\" class=\"modern-footnotes-footnote__note\" tabindex=\"0\" data-mfn=\"3\"><br><a href=\"https:\/\/es.wikipedia.org\/wiki\/Anexo:Pa%C3%ADses_por_PIB_(nominal)\">https:\/\/es.wikipedia.org\/wiki\/Anexo:Pa%C3%ADses_por_PIB_(nominal)<\/a> <\/span> clasificaci\u00f3n habitualmente usada para conocer la riqueza de un pa\u00eds dentro del contexto econ\u00f3mico mundial, los resultados de Espa\u00f1a en el I-DESI son francamente mediocres.<\/p>\n\n\n\n<p class=\"justificado\">En el ordenamiento global\ndel I-DESI, Espa\u00f1a se encuentra en el puesto vig\u00e9simo, empatada con B\u00e9lgica e\nIrlanda, muy lejos de los pa\u00edses l\u00edderes mundiales en econom\u00eda digital\n(Dinamarca, Corea y Finlandia) y siete puestos por debajo del puesto te\u00f3rico\nque deber\u00eda ostentar. Cabe se\u00f1alar que nos encontramos por encima de la media\nde la UE, pero nos superan ocho pa\u00edses no-UE (Corea, Noruega, Suiza, Australia,\nJap\u00f3n, Canad\u00e1, EEUU y Nueva Zelanda):<\/p>\n\n\n\n<div class=\"wp-block-media-text alignwide\"><figure class=\"wp-block-media-text__media\"><img decoding=\"async\" width=\"265\" height=\"562\" data-src=\"http:\/\/ugtcomunicaciones.es\/wordpress\/wp-content\/uploads\/2019\/02\/posicion_2-2.jpg\" alt=\"\" class=\"wp-image-287379 lazyload\" data-srcset=\"https:\/\/www.ugtcomunicaciones.es\/wordpress\/wp-content\/uploads\/2019\/02\/posicion_2-2.jpg 265w, https:\/\/www.ugtcomunicaciones.es\/wordpress\/wp-content\/uploads\/2019\/02\/posicion_2-2-141x300.jpg 141w, https:\/\/www.ugtcomunicaciones.es\/wordpress\/wp-content\/uploads\/2019\/02\/posicion_2-2-198x420.jpg 198w\" data-sizes=\"(max-width: 265px) 100vw, 265px\" src=\"data:image\/svg+xml;base64,PHN2ZyB3aWR0aD0iMSIgaGVpZ2h0PSIxIiB4bWxucz0iaHR0cDovL3d3dy53My5vcmcvMjAwMC9zdmciPjwvc3ZnPg==\" style=\"--smush-placeholder-width: 265px; --smush-placeholder-aspect-ratio: 265\/562;\" \/><\/figure><div class=\"wp-block-media-text__content\">\n<p class=\"has-large-font-size\"><\/p>\n<\/div><\/div>\n\n\n\n<p class=\"justificado\">La eficiencia digital de\nEspa\u00f1a queda en entredicho al analizar cada dimensi\u00f3n del I-DESI: nunca\nsuperamos la vig\u00e9sima posici\u00f3n, salvo en el apartado referente a servicios\np\u00fablicos digitales.<\/p>\n\n\n\n<p class=\"justificado\">Por ejemplo, en Capital\nHumano somos los 22\u00ba (de 45), empatados con Hungr\u00eda:<\/p>\n\n\n\n<div class=\"wp-block-media-text alignwide\"><figure class=\"wp-block-media-text__media\"><img decoding=\"async\" width=\"206\" height=\"496\" data-src=\"http:\/\/ugtcomunicaciones.es\/wordpress\/wp-content\/uploads\/2019\/02\/posicion_3-1.jpg\" alt=\"\" class=\"wp-image-287380 lazyload\" data-srcset=\"https:\/\/www.ugtcomunicaciones.es\/wordpress\/wp-content\/uploads\/2019\/02\/posicion_3-1.jpg 206w, https:\/\/www.ugtcomunicaciones.es\/wordpress\/wp-content\/uploads\/2019\/02\/posicion_3-1-125x300.jpg 125w, https:\/\/www.ugtcomunicaciones.es\/wordpress\/wp-content\/uploads\/2019\/02\/posicion_3-1-174x420.jpg 174w\" data-sizes=\"(max-width: 206px) 100vw, 206px\" src=\"data:image\/svg+xml;base64,PHN2ZyB3aWR0aD0iMSIgaGVpZ2h0PSIxIiB4bWxucz0iaHR0cDovL3d3dy53My5vcmcvMjAwMC9zdmciPjwvc3ZnPg==\" style=\"--smush-placeholder-width: 206px; --smush-placeholder-aspect-ratio: 206\/496;\" \/><\/figure><div class=\"wp-block-media-text__content\">\n<p class=\"has-large-font-size\"><\/p>\n<\/div><\/div>\n\n\n\n<p>Y en Ciudadan\u00eda Internet (la dimensi\u00f3n\nque analiza la eficiencia de uso de la conexi\u00f3n a Internet, ponderando la\nlectura de noticias, las redes sociales, la banca, las compras online y el\nn\u00famero de dispositivos que se usan), el puesto 25\u00ba de 45 pa\u00edses:<br>\n<\/p>\n\n\n\n<div class=\"wp-block-media-text alignwide\"><figure class=\"wp-block-media-text__media\"><img decoding=\"async\" width=\"217\" height=\"676\" data-src=\"http:\/\/ugtcomunicaciones.es\/wordpress\/wp-content\/uploads\/2019\/02\/posicion_4.jpg\" alt=\"\" class=\"wp-image-287382 lazyload\" data-srcset=\"https:\/\/www.ugtcomunicaciones.es\/wordpress\/wp-content\/uploads\/2019\/02\/posicion_4.jpg 217w, https:\/\/www.ugtcomunicaciones.es\/wordpress\/wp-content\/uploads\/2019\/02\/posicion_4-96x300.jpg 96w, https:\/\/www.ugtcomunicaciones.es\/wordpress\/wp-content\/uploads\/2019\/02\/posicion_4-135x420.jpg 135w\" data-sizes=\"(max-width: 217px) 100vw, 217px\" src=\"data:image\/svg+xml;base64,PHN2ZyB3aWR0aD0iMSIgaGVpZ2h0PSIxIiB4bWxucz0iaHR0cDovL3d3dy53My5vcmcvMjAwMC9zdmciPjwvc3ZnPg==\" style=\"--smush-placeholder-width: 217px; --smush-placeholder-aspect-ratio: 217\/676;\" \/><\/figure><div class=\"wp-block-media-text__content\">\n<p class=\"has-large-font-size\"><\/p>\n<\/div><\/div>\n\n\n\n<p class=\"justificado\">Este retraso, a pesar de\ntener datos muy favorecedores, como el n\u00famero de titulados TIC, se debe a dos\ncausas: el poco empleo que tenemos dedicado a trabajos intensivos del\nconocimiento (un 33% del empleo total; puesto 32) y al poco uso que nuestros\nciudadanos hacen de Internet en t\u00e9rminos comparativos:<\/p>\n\n\n\n<div class=\"wp-block-image\"><figure class=\"aligncenter\"><img decoding=\"async\" width=\"485\" height=\"728\" data-src=\"http:\/\/ugtcomunicaciones.es\/wordpress\/wp-content\/uploads\/2019\/02\/posicion_5.jpg\" alt=\"\" class=\"wp-image-287385 lazyload\" data-srcset=\"https:\/\/www.ugtcomunicaciones.es\/wordpress\/wp-content\/uploads\/2019\/02\/posicion_5.jpg 485w, https:\/\/www.ugtcomunicaciones.es\/wordpress\/wp-content\/uploads\/2019\/02\/posicion_5-200x300.jpg 200w, https:\/\/www.ugtcomunicaciones.es\/wordpress\/wp-content\/uploads\/2019\/02\/posicion_5-280x420.jpg 280w\" data-sizes=\"(max-width: 485px) 100vw, 485px\" src=\"data:image\/svg+xml;base64,PHN2ZyB3aWR0aD0iMSIgaGVpZ2h0PSIxIiB4bWxucz0iaHR0cDovL3d3dy53My5vcmcvMjAwMC9zdmciPjwvc3ZnPg==\" style=\"--smush-placeholder-width: 485px; --smush-placeholder-aspect-ratio: 485\/728;\" \/><\/figure><\/div>\n\n\n\n<p class=\"justificado\">En la \u00fanica clasificaci\u00f3n en\nla que Espa\u00f1a se acerca a su nivel esperable (posici\u00f3n 14) es en la referida a\nConectividad, posicion\u00e1ndonos en un 18\u00ba puesto:<\/p>\n\n\n\n<div class=\"wp-block-media-text alignwide\"><figure class=\"wp-block-media-text__media\"><img decoding=\"async\" width=\"198\" height=\"440\" data-src=\"http:\/\/ugtcomunicaciones.es\/wordpress\/wp-content\/uploads\/2019\/02\/posicion_6.jpg\" alt=\"\" class=\"wp-image-287386 lazyload\" data-srcset=\"https:\/\/www.ugtcomunicaciones.es\/wordpress\/wp-content\/uploads\/2019\/02\/posicion_6.jpg 198w, https:\/\/www.ugtcomunicaciones.es\/wordpress\/wp-content\/uploads\/2019\/02\/posicion_6-135x300.jpg 135w, https:\/\/www.ugtcomunicaciones.es\/wordpress\/wp-content\/uploads\/2019\/02\/posicion_6-189x420.jpg 189w\" data-sizes=\"(max-width: 198px) 100vw, 198px\" src=\"data:image\/svg+xml;base64,PHN2ZyB3aWR0aD0iMSIgaGVpZ2h0PSIxIiB4bWxucz0iaHR0cDovL3d3dy53My5vcmcvMjAwMC9zdmciPjwvc3ZnPg==\" style=\"--smush-placeholder-width: 198px; --smush-placeholder-aspect-ratio: 198\/440;\" \/><\/figure><div class=\"wp-block-media-text__content\">\n<p class=\"has-large-font-size\"><\/p>\n<\/div><\/div>\n\n\n\n<p class=\"justificado\">En conclusi\u00f3n, Espa\u00f1a sigue presentando un sonoro\nsuspenso. Las mejoras en t\u00e9rminos absolutos de algunos apartados son\nirrelevantes ante los avances del resto de pa\u00edses, colocando a Espa\u00f1a muy lejos\ndel lugar que nos corresponder\u00eda por potencial econ\u00f3mico. <\/p>\n\n\n\n<p class=\"justificado\">Para\n<strong>UGT<\/strong> se hace\nimprescindible confeccionar, como m\u00e1xima prioridad y a la mayor urgencia\nposible, medidas que pal\u00eden estas graves disfunciones. Por una parte, resulta\nimprescindible poner en marcha un Plan Nacional de Inclusi\u00f3n Tecnol\u00f3gicaque\ncierre la brecha de competencias y habilidades que sufre nuestra ciudadan\u00eda.\nPor otra, hay que movilizar los recursos necesarios para formar a desempleados\ny trabajadores en activo, a modo de reconversi\u00f3n digital. As\u00ed, se deben ampliar\nlos presupuestos de todas las Administraciones P\u00fablicas para proporcionar la\ncapacitaci\u00f3n necesaria a los desempleados, al objeto de adquirir la\nempleabilidad que requiere un contexto de transformaci\u00f3n tecnol\u00f3gica. Y,\nfinalmente, pero no por ello menos importante, consolidar el Derecho a la Formaci\u00f3n\nProfesional continua en el puesto de trabajo, como parte integral del tiempo de\ntrabajo.<\/p>\n\n\n\n<p class=\"justificado\">Si\nno tomamos estas medidas, el resto de econom\u00edas seguir\u00e1n avanzando,\nmodernizando su tejido productivo, mientras Espa\u00f1a, fiel a su tradici\u00f3n,\nllegar\u00e1 otra vez tarde a una nueva revoluci\u00f3n tecnol\u00f3gica. Y como en anteriores\nocasiones, la ciudadan\u00eda y los trabajadores acabar\u00e1n pagando las consecuencias\nde la inacci\u00f3n, el desconocimiento, la incapacidad y la apat\u00eda de nuestro\nGobierno y del resto de actores legislativos y regulatorios ante semejante\ndesaf\u00edo.<br><\/p>\n\n\n\n<hr class=\"wp-block-separator\"\/>\n\n\n\n<h3 style=\"text-align: right;\"><strong><span style=\"color: #ff0000;\">UGT<\/span> Comunicaciones<\/strong><br><strong>Sector Estatal<\/strong><\/h3>\n","protected":false},"excerpt":{"rendered":"<p>La publicaci\u00f3n por parte de la Comisi\u00f3n Europea del \u00cdndice internacional de econom\u00eda y sociedad digital (I-DESI, por sus siglas en ingl\u00e9s) no brinda una nueva oportunidad para situar a nuestro pa\u00eds en el contexto mundial en t\u00e9rminos de competitividad en nuevas tecnolog\u00edas. El I-DESI es una extensi\u00f3n del DESI europeo; as\u00ed, tomando de partida [&hellip;]<\/p>\n","protected":false},"author":3,"featured_media":287408,"comment_status":"closed","ping_status":"closed","sticky":false,"template":"","format":"standard","meta":{"footnotes":""},"categories":[14,12],"tags":[],"class_list":["post-286833","post","type-post","status-publish","format-standard","has-post-thumbnail","hentry","category-opinion","category-regulacion"],"yoast_head":"<!-- This site is optimized with the Yoast SEO Premium plugin v27.3 (Yoast SEO v27.4) - https:\/\/yoast.com\/product\/yoast-seo-premium-wordpress\/ -->\n<title>La posici\u00f3n de Espa\u00f1a en t\u00e9rminos de digitalizaci\u00f3n es muy inferior a su PIB - UGT Comunicaciones<\/title>\n<meta name=\"description\" content=\"La publicaci\u00f3n por parte de la Comisi\u00f3n Europea del \u00cdndice internacional de econom\u00eda y sociedad digital (I-DESI , por sus siglas en ingl\u00e9s) no brinda una....\" \/>\n<meta name=\"robots\" content=\"index, follow, max-snippet:-1, max-image-preview:large, max-video-preview:-1\" \/>\n<link rel=\"canonical\" href=\"https:\/\/www.ugtcomunicaciones.es\/wordpress\/la-posicion-de-espana-en-terminos-de-digitalizacion-es-muy-inferior-a-su-pib\/\" \/>\n<meta property=\"og:locale\" content=\"es_ES\" \/>\n<meta property=\"og:type\" content=\"article\" \/>\n<meta property=\"og:title\" content=\"La posici\u00f3n de Espa\u00f1a en t\u00e9rminos de digitalizaci\u00f3n es muy inferior a su PIB\" \/>\n<meta property=\"og:description\" content=\"La publicaci\u00f3n por parte de la Comisi\u00f3n Europea del \u00cdndice internacional de econom\u00eda y sociedad digital (I-DESI , por sus siglas en ingl\u00e9s) no brinda una....\" \/>\n<meta property=\"og:url\" content=\"https:\/\/www.ugtcomunicaciones.es\/wordpress\/la-posicion-de-espana-en-terminos-de-digitalizacion-es-muy-inferior-a-su-pib\/\" \/>\n<meta property=\"og:site_name\" content=\"UGT Comunicaciones\" \/>\n<meta property=\"article:publisher\" content=\"https:\/\/www.facebook.com\/ugt.comunicaciones\/\" \/>\n<meta property=\"article:published_time\" content=\"2019-02-24T23:00:32+00:00\" \/>\n<meta property=\"og:image\" content=\"https:\/\/www.ugtcomunicaciones.es\/wordpress\/wp-content\/uploads\/2019\/02\/posicion_7.jpg\" \/>\n\t<meta property=\"og:image:width\" content=\"600\" \/>\n\t<meta property=\"og:image:height\" content=\"349\" \/>\n\t<meta property=\"og:image:type\" content=\"image\/jpeg\" \/>\n<meta name=\"author\" content=\"UGT\" \/>\n<meta name=\"twitter:card\" content=\"summary_large_image\" \/>\n<meta name=\"twitter:creator\" content=\"@ugtcom\" \/>\n<meta name=\"twitter:site\" content=\"@ugtcom\" \/>\n<meta name=\"twitter:label1\" content=\"Escrito por\" \/>\n\t<meta name=\"twitter:data1\" content=\"UGT\" \/>\n\t<meta name=\"twitter:label2\" content=\"Tiempo de lectura\" \/>\n\t<meta name=\"twitter:data2\" content=\"4 minutos\" \/>\n<script type=\"application\/ld+json\" class=\"yoast-schema-graph\">{\"@context\":\"https:\\\/\\\/schema.org\",\"@graph\":[{\"@type\":\"Article\",\"@id\":\"https:\\\/\\\/www.ugtcomunicaciones.es\\\/wordpress\\\/la-posicion-de-espana-en-terminos-de-digitalizacion-es-muy-inferior-a-su-pib\\\/#article\",\"isPartOf\":{\"@id\":\"https:\\\/\\\/www.ugtcomunicaciones.es\\\/wordpress\\\/la-posicion-de-espana-en-terminos-de-digitalizacion-es-muy-inferior-a-su-pib\\\/\"},\"author\":{\"name\":\"UGT\",\"@id\":\"https:\\\/\\\/www.ugtcomunicaciones.es\\\/wordpress\\\/#\\\/schema\\\/person\\\/eba0fc3fe5b444531d94d4368cba89ed\"},\"headline\":\"La posici\u00f3n de Espa\u00f1a en t\u00e9rminos de digitalizaci\u00f3n es muy inferior a su PIB\",\"datePublished\":\"2019-02-24T23:00:32+00:00\",\"mainEntityOfPage\":{\"@id\":\"https:\\\/\\\/www.ugtcomunicaciones.es\\\/wordpress\\\/la-posicion-de-espana-en-terminos-de-digitalizacion-es-muy-inferior-a-su-pib\\\/\"},\"wordCount\":743,\"publisher\":{\"@id\":\"https:\\\/\\\/www.ugtcomunicaciones.es\\\/wordpress\\\/#organization\"},\"image\":{\"@id\":\"https:\\\/\\\/www.ugtcomunicaciones.es\\\/wordpress\\\/la-posicion-de-espana-en-terminos-de-digitalizacion-es-muy-inferior-a-su-pib\\\/#primaryimage\"},\"thumbnailUrl\":\"https:\\\/\\\/www.ugtcomunicaciones.es\\\/wordpress\\\/wp-content\\\/uploads\\\/2019\\\/02\\\/posicion_7.jpg\",\"articleSection\":[\"Opini\u00f3n\",\"Regulaci\u00f3n\"],\"inLanguage\":\"es\"},{\"@type\":\"WebPage\",\"@id\":\"https:\\\/\\\/www.ugtcomunicaciones.es\\\/wordpress\\\/la-posicion-de-espana-en-terminos-de-digitalizacion-es-muy-inferior-a-su-pib\\\/\",\"url\":\"https:\\\/\\\/www.ugtcomunicaciones.es\\\/wordpress\\\/la-posicion-de-espana-en-terminos-de-digitalizacion-es-muy-inferior-a-su-pib\\\/\",\"name\":\"La posici\u00f3n de Espa\u00f1a en t\u00e9rminos de digitalizaci\u00f3n es muy inferior a su PIB - UGT Comunicaciones\",\"isPartOf\":{\"@id\":\"https:\\\/\\\/www.ugtcomunicaciones.es\\\/wordpress\\\/#website\"},\"primaryImageOfPage\":{\"@id\":\"https:\\\/\\\/www.ugtcomunicaciones.es\\\/wordpress\\\/la-posicion-de-espana-en-terminos-de-digitalizacion-es-muy-inferior-a-su-pib\\\/#primaryimage\"},\"image\":{\"@id\":\"https:\\\/\\\/www.ugtcomunicaciones.es\\\/wordpress\\\/la-posicion-de-espana-en-terminos-de-digitalizacion-es-muy-inferior-a-su-pib\\\/#primaryimage\"},\"thumbnailUrl\":\"https:\\\/\\\/www.ugtcomunicaciones.es\\\/wordpress\\\/wp-content\\\/uploads\\\/2019\\\/02\\\/posicion_7.jpg\",\"datePublished\":\"2019-02-24T23:00:32+00:00\",\"description\":\"La publicaci\u00f3n por parte de la Comisi\u00f3n Europea del \u00cdndice internacional de econom\u00eda y sociedad digital (I-DESI , por sus siglas en ingl\u00e9s) no brinda una....\",\"breadcrumb\":{\"@id\":\"https:\\\/\\\/www.ugtcomunicaciones.es\\\/wordpress\\\/la-posicion-de-espana-en-terminos-de-digitalizacion-es-muy-inferior-a-su-pib\\\/#breadcrumb\"},\"inLanguage\":\"es\",\"potentialAction\":[{\"@type\":\"ReadAction\",\"target\":[\"https:\\\/\\\/www.ugtcomunicaciones.es\\\/wordpress\\\/la-posicion-de-espana-en-terminos-de-digitalizacion-es-muy-inferior-a-su-pib\\\/\"]}]},{\"@type\":\"ImageObject\",\"inLanguage\":\"es\",\"@id\":\"https:\\\/\\\/www.ugtcomunicaciones.es\\\/wordpress\\\/la-posicion-de-espana-en-terminos-de-digitalizacion-es-muy-inferior-a-su-pib\\\/#primaryimage\",\"url\":\"https:\\\/\\\/www.ugtcomunicaciones.es\\\/wordpress\\\/wp-content\\\/uploads\\\/2019\\\/02\\\/posicion_7.jpg\",\"contentUrl\":\"https:\\\/\\\/www.ugtcomunicaciones.es\\\/wordpress\\\/wp-content\\\/uploads\\\/2019\\\/02\\\/posicion_7.jpg\",\"width\":600,\"height\":349,\"caption\":\"posicion_7\"},{\"@type\":\"BreadcrumbList\",\"@id\":\"https:\\\/\\\/www.ugtcomunicaciones.es\\\/wordpress\\\/la-posicion-de-espana-en-terminos-de-digitalizacion-es-muy-inferior-a-su-pib\\\/#breadcrumb\",\"itemListElement\":[{\"@type\":\"ListItem\",\"position\":1,\"name\":\"Portada\",\"item\":\"https:\\\/\\\/www.ugtcomunicaciones.es\\\/wordpress\\\/\"},{\"@type\":\"ListItem\",\"position\":2,\"name\":\"La posici\u00f3n de Espa\u00f1a en t\u00e9rminos de digitalizaci\u00f3n es muy inferior a su PIB\"}]},{\"@type\":\"WebSite\",\"@id\":\"https:\\\/\\\/www.ugtcomunicaciones.es\\\/wordpress\\\/#website\",\"url\":\"https:\\\/\\\/www.ugtcomunicaciones.es\\\/wordpress\\\/\",\"name\":\"UGT Comunicaciones\",\"description\":\"Sindicato de Telecomunicaciones\",\"publisher\":{\"@id\":\"https:\\\/\\\/www.ugtcomunicaciones.es\\\/wordpress\\\/#organization\"},\"potentialAction\":[{\"@type\":\"SearchAction\",\"target\":{\"@type\":\"EntryPoint\",\"urlTemplate\":\"https:\\\/\\\/www.ugtcomunicaciones.es\\\/wordpress\\\/?s={search_term_string}\"},\"query-input\":{\"@type\":\"PropertyValueSpecification\",\"valueRequired\":true,\"valueName\":\"search_term_string\"}}],\"inLanguage\":\"es\"},{\"@type\":\"Organization\",\"@id\":\"https:\\\/\\\/www.ugtcomunicaciones.es\\\/wordpress\\\/#organization\",\"name\":\"UGT Comunicaciones\",\"url\":\"https:\\\/\\\/www.ugtcomunicaciones.es\\\/wordpress\\\/\",\"logo\":{\"@type\":\"ImageObject\",\"inLanguage\":\"es\",\"@id\":\"https:\\\/\\\/www.ugtcomunicaciones.es\\\/wordpress\\\/#\\\/schema\\\/logo\\\/image\\\/\",\"url\":\"https:\\\/\\\/www.ugtcomunicaciones.es\\\/wordpress\\\/wp-content\\\/uploads\\\/2024\\\/04\\\/comunicaciones_logo.png\",\"contentUrl\":\"https:\\\/\\\/www.ugtcomunicaciones.es\\\/wordpress\\\/wp-content\\\/uploads\\\/2024\\\/04\\\/comunicaciones_logo.png\",\"width\":298,\"height\":81,\"caption\":\"UGT Comunicaciones\"},\"image\":{\"@id\":\"https:\\\/\\\/www.ugtcomunicaciones.es\\\/wordpress\\\/#\\\/schema\\\/logo\\\/image\\\/\"},\"sameAs\":[\"https:\\\/\\\/www.facebook.com\\\/ugt.comunicaciones\\\/\",\"https:\\\/\\\/x.com\\\/ugtcom\"]},{\"@type\":\"Person\",\"@id\":\"https:\\\/\\\/www.ugtcomunicaciones.es\\\/wordpress\\\/#\\\/schema\\\/person\\\/eba0fc3fe5b444531d94d4368cba89ed\",\"name\":\"UGT\",\"image\":{\"@type\":\"ImageObject\",\"inLanguage\":\"es\",\"@id\":\"https:\\\/\\\/secure.gravatar.com\\\/avatar\\\/2a16057d620a4c646bcfc171c4f23030879ebbdd346f0525bd5d4a564e57e13d?s=96&d=mm&r=g\",\"url\":\"https:\\\/\\\/secure.gravatar.com\\\/avatar\\\/2a16057d620a4c646bcfc171c4f23030879ebbdd346f0525bd5d4a564e57e13d?s=96&d=mm&r=g\",\"contentUrl\":\"https:\\\/\\\/secure.gravatar.com\\\/avatar\\\/2a16057d620a4c646bcfc171c4f23030879ebbdd346f0525bd5d4a564e57e13d?s=96&d=mm&r=g\",\"caption\":\"UGT\"}}]}<\/script>\n<!-- \/ Yoast SEO Premium plugin. -->","yoast_head_json":{"title":"La posici\u00f3n de Espa\u00f1a en t\u00e9rminos de digitalizaci\u00f3n es muy inferior a su PIB - UGT Comunicaciones","description":"La publicaci\u00f3n por parte de la Comisi\u00f3n Europea del \u00cdndice internacional de econom\u00eda y sociedad digital (I-DESI , por sus siglas en ingl\u00e9s) no brinda una....","robots":{"index":"index","follow":"follow","max-snippet":"max-snippet:-1","max-image-preview":"max-image-preview:large","max-video-preview":"max-video-preview:-1"},"canonical":"https:\/\/www.ugtcomunicaciones.es\/wordpress\/la-posicion-de-espana-en-terminos-de-digitalizacion-es-muy-inferior-a-su-pib\/","og_locale":"es_ES","og_type":"article","og_title":"La posici\u00f3n de Espa\u00f1a en t\u00e9rminos de digitalizaci\u00f3n es muy inferior a su PIB","og_description":"La publicaci\u00f3n por parte de la Comisi\u00f3n Europea del \u00cdndice internacional de econom\u00eda y sociedad digital (I-DESI , por sus siglas en ingl\u00e9s) no brinda una....","og_url":"https:\/\/www.ugtcomunicaciones.es\/wordpress\/la-posicion-de-espana-en-terminos-de-digitalizacion-es-muy-inferior-a-su-pib\/","og_site_name":"UGT Comunicaciones","article_publisher":"https:\/\/www.facebook.com\/ugt.comunicaciones\/","article_published_time":"2019-02-24T23:00:32+00:00","og_image":[{"width":600,"height":349,"url":"https:\/\/www.ugtcomunicaciones.es\/wordpress\/wp-content\/uploads\/2019\/02\/posicion_7.jpg","type":"image\/jpeg"}],"author":"UGT","twitter_card":"summary_large_image","twitter_creator":"@ugtcom","twitter_site":"@ugtcom","twitter_misc":{"Escrito por":"UGT","Tiempo de lectura":"4 minutos"},"schema":{"@context":"https:\/\/schema.org","@graph":[{"@type":"Article","@id":"https:\/\/www.ugtcomunicaciones.es\/wordpress\/la-posicion-de-espana-en-terminos-de-digitalizacion-es-muy-inferior-a-su-pib\/#article","isPartOf":{"@id":"https:\/\/www.ugtcomunicaciones.es\/wordpress\/la-posicion-de-espana-en-terminos-de-digitalizacion-es-muy-inferior-a-su-pib\/"},"author":{"name":"UGT","@id":"https:\/\/www.ugtcomunicaciones.es\/wordpress\/#\/schema\/person\/eba0fc3fe5b444531d94d4368cba89ed"},"headline":"La posici\u00f3n de Espa\u00f1a en t\u00e9rminos de digitalizaci\u00f3n es muy inferior a su PIB","datePublished":"2019-02-24T23:00:32+00:00","mainEntityOfPage":{"@id":"https:\/\/www.ugtcomunicaciones.es\/wordpress\/la-posicion-de-espana-en-terminos-de-digitalizacion-es-muy-inferior-a-su-pib\/"},"wordCount":743,"publisher":{"@id":"https:\/\/www.ugtcomunicaciones.es\/wordpress\/#organization"},"image":{"@id":"https:\/\/www.ugtcomunicaciones.es\/wordpress\/la-posicion-de-espana-en-terminos-de-digitalizacion-es-muy-inferior-a-su-pib\/#primaryimage"},"thumbnailUrl":"https:\/\/www.ugtcomunicaciones.es\/wordpress\/wp-content\/uploads\/2019\/02\/posicion_7.jpg","articleSection":["Opini\u00f3n","Regulaci\u00f3n"],"inLanguage":"es"},{"@type":"WebPage","@id":"https:\/\/www.ugtcomunicaciones.es\/wordpress\/la-posicion-de-espana-en-terminos-de-digitalizacion-es-muy-inferior-a-su-pib\/","url":"https:\/\/www.ugtcomunicaciones.es\/wordpress\/la-posicion-de-espana-en-terminos-de-digitalizacion-es-muy-inferior-a-su-pib\/","name":"La posici\u00f3n de Espa\u00f1a en t\u00e9rminos de digitalizaci\u00f3n es muy inferior a su PIB - UGT Comunicaciones","isPartOf":{"@id":"https:\/\/www.ugtcomunicaciones.es\/wordpress\/#website"},"primaryImageOfPage":{"@id":"https:\/\/www.ugtcomunicaciones.es\/wordpress\/la-posicion-de-espana-en-terminos-de-digitalizacion-es-muy-inferior-a-su-pib\/#primaryimage"},"image":{"@id":"https:\/\/www.ugtcomunicaciones.es\/wordpress\/la-posicion-de-espana-en-terminos-de-digitalizacion-es-muy-inferior-a-su-pib\/#primaryimage"},"thumbnailUrl":"https:\/\/www.ugtcomunicaciones.es\/wordpress\/wp-content\/uploads\/2019\/02\/posicion_7.jpg","datePublished":"2019-02-24T23:00:32+00:00","description":"La publicaci\u00f3n por parte de la Comisi\u00f3n Europea del \u00cdndice internacional de econom\u00eda y sociedad digital (I-DESI , por sus siglas en ingl\u00e9s) no brinda una....","breadcrumb":{"@id":"https:\/\/www.ugtcomunicaciones.es\/wordpress\/la-posicion-de-espana-en-terminos-de-digitalizacion-es-muy-inferior-a-su-pib\/#breadcrumb"},"inLanguage":"es","potentialAction":[{"@type":"ReadAction","target":["https:\/\/www.ugtcomunicaciones.es\/wordpress\/la-posicion-de-espana-en-terminos-de-digitalizacion-es-muy-inferior-a-su-pib\/"]}]},{"@type":"ImageObject","inLanguage":"es","@id":"https:\/\/www.ugtcomunicaciones.es\/wordpress\/la-posicion-de-espana-en-terminos-de-digitalizacion-es-muy-inferior-a-su-pib\/#primaryimage","url":"https:\/\/www.ugtcomunicaciones.es\/wordpress\/wp-content\/uploads\/2019\/02\/posicion_7.jpg","contentUrl":"https:\/\/www.ugtcomunicaciones.es\/wordpress\/wp-content\/uploads\/2019\/02\/posicion_7.jpg","width":600,"height":349,"caption":"posicion_7"},{"@type":"BreadcrumbList","@id":"https:\/\/www.ugtcomunicaciones.es\/wordpress\/la-posicion-de-espana-en-terminos-de-digitalizacion-es-muy-inferior-a-su-pib\/#breadcrumb","itemListElement":[{"@type":"ListItem","position":1,"name":"Portada","item":"https:\/\/www.ugtcomunicaciones.es\/wordpress\/"},{"@type":"ListItem","position":2,"name":"La posici\u00f3n de Espa\u00f1a en t\u00e9rminos de digitalizaci\u00f3n es muy inferior a su PIB"}]},{"@type":"WebSite","@id":"https:\/\/www.ugtcomunicaciones.es\/wordpress\/#website","url":"https:\/\/www.ugtcomunicaciones.es\/wordpress\/","name":"UGT Comunicaciones","description":"Sindicato de Telecomunicaciones","publisher":{"@id":"https:\/\/www.ugtcomunicaciones.es\/wordpress\/#organization"},"potentialAction":[{"@type":"SearchAction","target":{"@type":"EntryPoint","urlTemplate":"https:\/\/www.ugtcomunicaciones.es\/wordpress\/?s={search_term_string}"},"query-input":{"@type":"PropertyValueSpecification","valueRequired":true,"valueName":"search_term_string"}}],"inLanguage":"es"},{"@type":"Organization","@id":"https:\/\/www.ugtcomunicaciones.es\/wordpress\/#organization","name":"UGT Comunicaciones","url":"https:\/\/www.ugtcomunicaciones.es\/wordpress\/","logo":{"@type":"ImageObject","inLanguage":"es","@id":"https:\/\/www.ugtcomunicaciones.es\/wordpress\/#\/schema\/logo\/image\/","url":"https:\/\/www.ugtcomunicaciones.es\/wordpress\/wp-content\/uploads\/2024\/04\/comunicaciones_logo.png","contentUrl":"https:\/\/www.ugtcomunicaciones.es\/wordpress\/wp-content\/uploads\/2024\/04\/comunicaciones_logo.png","width":298,"height":81,"caption":"UGT Comunicaciones"},"image":{"@id":"https:\/\/www.ugtcomunicaciones.es\/wordpress\/#\/schema\/logo\/image\/"},"sameAs":["https:\/\/www.facebook.com\/ugt.comunicaciones\/","https:\/\/x.com\/ugtcom"]},{"@type":"Person","@id":"https:\/\/www.ugtcomunicaciones.es\/wordpress\/#\/schema\/person\/eba0fc3fe5b444531d94d4368cba89ed","name":"UGT","image":{"@type":"ImageObject","inLanguage":"es","@id":"https:\/\/secure.gravatar.com\/avatar\/2a16057d620a4c646bcfc171c4f23030879ebbdd346f0525bd5d4a564e57e13d?s=96&d=mm&r=g","url":"https:\/\/secure.gravatar.com\/avatar\/2a16057d620a4c646bcfc171c4f23030879ebbdd346f0525bd5d4a564e57e13d?s=96&d=mm&r=g","contentUrl":"https:\/\/secure.gravatar.com\/avatar\/2a16057d620a4c646bcfc171c4f23030879ebbdd346f0525bd5d4a564e57e13d?s=96&d=mm&r=g","caption":"UGT"}}]}},"_links":{"self":[{"href":"https:\/\/www.ugtcomunicaciones.es\/wordpress\/wp-json\/wp\/v2\/posts\/286833","targetHints":{"allow":["GET"]}}],"collection":[{"href":"https:\/\/www.ugtcomunicaciones.es\/wordpress\/wp-json\/wp\/v2\/posts"}],"about":[{"href":"https:\/\/www.ugtcomunicaciones.es\/wordpress\/wp-json\/wp\/v2\/types\/post"}],"author":[{"embeddable":true,"href":"https:\/\/www.ugtcomunicaciones.es\/wordpress\/wp-json\/wp\/v2\/users\/3"}],"replies":[{"embeddable":true,"href":"https:\/\/www.ugtcomunicaciones.es\/wordpress\/wp-json\/wp\/v2\/comments?post=286833"}],"version-history":[{"count":0,"href":"https:\/\/www.ugtcomunicaciones.es\/wordpress\/wp-json\/wp\/v2\/posts\/286833\/revisions"}],"wp:featuredmedia":[{"embeddable":true,"href":"https:\/\/www.ugtcomunicaciones.es\/wordpress\/wp-json\/wp\/v2\/media\/287408"}],"wp:attachment":[{"href":"https:\/\/www.ugtcomunicaciones.es\/wordpress\/wp-json\/wp\/v2\/media?parent=286833"}],"wp:term":[{"taxonomy":"category","embeddable":true,"href":"https:\/\/www.ugtcomunicaciones.es\/wordpress\/wp-json\/wp\/v2\/categories?post=286833"},{"taxonomy":"post_tag","embeddable":true,"href":"https:\/\/www.ugtcomunicaciones.es\/wordpress\/wp-json\/wp\/v2\/tags?post=286833"}],"curies":[{"name":"wp","href":"https:\/\/api.w.org\/{rel}","templated":true}]}}