{"id":293732,"date":"2019-03-11T07:00:26","date_gmt":"2019-03-11T05:00:26","guid":{"rendered":"http:\/\/ugtcomunicaciones.es\/wordpress\/?p=293732"},"modified":"2019-02-27T14:31:30","modified_gmt":"2019-02-27T12:31:30","slug":"europa-debe-afrontar-con-rigor-los-riesgos-de-la-inteligencia-artificial-en-el-empleo","status":"publish","type":"post","link":"https:\/\/www.ugtcomunicaciones.es\/wordpress\/europa-debe-afrontar-con-rigor-los-riesgos-de-la-inteligencia-artificial-en-el-empleo\/","title":{"rendered":"Europa debe afrontar con rigor los riesgos de la inteligencia artificial en el empleo"},"content":{"rendered":"\n<p class=\"justificado\">La publicaci\u00f3n por parte de la Comisi\u00f3n Europea del \u201cPlan\nCoordinado sobre Inteligencia Artificial\u201d, con el objetivo de apoyar el sello\n\u201cIA fabricada en Europa\u201d, peca, parad\u00f3jicamente, de una inadmisible falta de\ncoordinaci\u00f3n, al hurtar de su estrategia global un aspecto clave para el futuro\nde nuestras econom\u00edas: los efectos que la Inteligencia Artificial (IA) tendr\u00e1 sobre\nel volumen y la calidad del empleo en toda Europa.<\/p>\n\n\n\n<p class=\"justificado\">El citado Plan centra sus esfuerzos en cuatro ejes: aumento\nde la inversi\u00f3n en IA, el\nestablecimiento de un espacio\nde datos europeos, garantizar una IA \u00e9tica, y el fomento del talento sobre\nesta tecnolog\u00eda, pero omite una parte esencial: la posible desaparici\u00f3n de\ncientos de miles, e incluso millones, de puestos de trabajo.<\/p>\n\n\n\n<p class=\"justificado\">As\u00ed, el plan centra toda su acci\u00f3n\nen los posibles beneficios que la IA conllevar\u00eda, como la mejora de la\neficiencia de los negocios, y en la necesidad de crear nuevas titulaciones\nacordes con las necesidades de las empresas, iniciativas ambas muy loables y\ndesde luego importantes, pero se olvida de otra parte sustancial: los riesgos.\nCuando se habla de un \u201cplan coordinado\u201d es obligado contemplar las\noportunidades, pero tambi\u00e9n los peligros. De poco sirve elaborar estrategias\npara la creaci\u00f3n de nuevo empleo si olvidamos a las personas que pueden perder\nel suyo. El plan coordinado omite, deliberadamente, la parte menos amable de la\nInteligencia Artificial.<\/p>\n\n\n<p style=\"text-align: justify;\">Este olvido se hace dif\u00edcil de explicar y entender cuando una de las m\u00e1s importantes Direcciones Generales de la Comisi\u00f3n &#8211; la referida a Empleo, Asuntos Sociales e Inclusi\u00f3n- concluy\u00f3 hace menos de seis meses que el 32% de los empleos actuales en Espa\u00f1a podr\u00eda automatizarse completamente, por casi un 30% que podr\u00eda hacerlo parcialmente. Esto supondr\u00eda que m\u00e1s de la mitad de los actuales puestos de trabajo estar\u00edan afectados por el proceso de automatizaci\u00f3n en la pr\u00f3xima d\u00e9cada (casi 12 millones de empleos). Este estudio fue profundamente analizado en la publicaci\u00f3n <em><a href=\"http:\/\/www.ugt.es\/legislar-para-aprovechar-las-nuevas-tecnologias-sin-dejar-nadie-atras\" target=\"_blank\" rel=\"noreferrer noopener\" aria-label=\" (abre en una nueva pesta\u00f1a)\">\u201cImpacto de la automatizaci\u00f3n en el empleo en Espa\u00f1a\u201d<\/a><\/em>, editada por <span style=\"color: #ff0000;\"><strong>UGT<\/strong><\/span> en noviembre de 2018.<\/p>\n\n\n<p class=\"justificado\">La Comisi\u00f3n Europea, en vez de construir un aut\u00e9ntico plan\nintegral que contemple todos los aspectos relacionados con la IA, y en especial\naquellos relacionados sobre el empleo, los trocea de forma intencionada,\nposponiendo cualquier estrategia a las conclusiones de un Grupo de Expertos de\nAlto Nivel, que tiene previsto dar a conocer sus primeras conclusiones en\nfebrero de 2019, cuatro meses despu\u00e9s de la publicaci\u00f3n de este \u201cPlan\nCoordinado\u201d y a las puertas de las elecciones europeas, lo que dilatar\u00e1\ncualquier toma de decisi\u00f3n como m\u00ednimo un a\u00f1o. Adem\u00e1s, entre los componentes de\neste Grupo no existe ninguna representaci\u00f3n sindical o apegada al mundo laboral\ny al tejido productivo real, lo que vicia cualquier an\u00e1lisis haci\u00e9ndolo, como\nm\u00ednimo, incompleto, cuando no parcial.<\/p>\n\n\n\n<p class=\"justificado\">En resumen, Europa y la Comisi\u00f3n Europea no pueden dar la\nespalda a los riesgos impl\u00edcitos y expl\u00edcitos de la IA sobre el volumen neto de\nempleo y sobre su calidad.<\/p>\n\n\n<p><span style=\"color: #ff0000;\"><strong data-rich-text-format-boundary=\"true\">UGT <\/strong><\/span>propone tres medidas para paliar estas carencias:<\/p>\n\n\n<ul class=\"justificado wp-block-list\"><li>La inclusi\u00f3n de expertos vinculados al mundo de\nlos trabajadores y sus representantes que completen la visi\u00f3n del Grupo de\nExpertos para que sus conclusiones sean lo m\u00e1s cercanas a la realidad cotidiana\ndel trabajo. Cuanto m\u00e1s amplia sea la visi\u00f3n del Grupo de Trabajo m\u00e1s relevantes\nser\u00e1n sus conclusiones.<\/li><\/ul>\n\n\n\n<ul class=\"justificado wp-block-list\"><li>La\npuesta en marcha inmediata de una \u201cEstrategia por el Empleo del Futuro\u201d, de\ncar\u00e1cter europeo, y realmente coordinada con los planes de apoyo a la IA, que\ntenga en cuenta todos los aspectos relacionados con la automatizaci\u00f3n y la\ndigitalizaci\u00f3n del trabajo y que proponga medidas, planes y acciones para\nreciclar y recualificar a la fuerza de trabajo, con la finalidad de\nproporcionar empleabilidad a los trabajadores europeos en este proceso de\ntransformaci\u00f3n digital.<\/li><\/ul>\n\n\n\n<ul class=\"justificado wp-block-list\"><li>Una redefinici\u00f3n de actual <em>Fondo\nEuropeo de Adaptaci\u00f3n a la Globalizaci\u00f3n<\/em> hacia un <em>Fondo de Adaptaci\u00f3n a la Digitalizaci\u00f3n<\/em>, aumentado su aporte\npresupuestario, que sirva para prestar auxilio econ\u00f3mico los Estados Miembros y\nque redunde en la creaci\u00f3n de ayudas a la formaci\u00f3n y readaptaci\u00f3n en\ncompetencias, adem\u00e1s de contener partidas econ\u00f3micas para aquellas personas que\nno puedan adaptarse a los requerimientos del empleo del futuro.<\/li><\/ul>\n\n\n\n<hr class=\"wp-block-separator\"\/>\n\n\n\n<h3 style=\"text-align: right;\"><strong><span style=\"color: #ff0000;\">UGT<\/span> Comunicaciones<\/strong><br><strong>Sector Estatal<\/strong><\/h3>\n","protected":false},"excerpt":{"rendered":"<p>La publicaci\u00f3n por parte de la Comisi\u00f3n Europea del \u201cPlan Coordinado sobre Inteligencia Artificial\u201d, con el objetivo de apoyar el sello \u201cIA fabricada en Europa\u201d, peca, parad\u00f3jicamente, de una inadmisible falta de coordinaci\u00f3n, al hurtar de su estrategia global un aspecto clave para el futuro de nuestras econom\u00edas: los efectos que la Inteligencia Artificial (IA) [&hellip;]<\/p>\n","protected":false},"author":3,"featured_media":293733,"comment_status":"closed","ping_status":"closed","sticky":false,"template":"","format":"standard","meta":{"footnotes":""},"categories":[14,12],"tags":[],"class_list":["post-293732","post","type-post","status-publish","format-standard","has-post-thumbnail","hentry","category-opinion","category-regulacion"],"yoast_head":"<!-- This site is optimized with the Yoast SEO Premium plugin v27.3 (Yoast SEO v27.4) - https:\/\/yoast.com\/product\/yoast-seo-premium-wordpress\/ -->\n<title>Europa debe afrontar con rigor los riesgos de la inteligencia artificial en el empleo - UGT Comunicaciones<\/title>\n<meta name=\"description\" content=\"La publicaci\u00f3n por parte de la Comisi\u00f3n Europea del \u201cPlan Coordinado sobre Inteligencia Artificial\u201d, con el objetivo de apoyar el sello \u201cIA fabricada en ...\" \/>\n<meta name=\"robots\" content=\"index, follow, max-snippet:-1, max-image-preview:large, max-video-preview:-1\" \/>\n<link rel=\"canonical\" href=\"https:\/\/www.ugtcomunicaciones.es\/wordpress\/europa-debe-afrontar-con-rigor-los-riesgos-de-la-inteligencia-artificial-en-el-empleo\/\" \/>\n<meta property=\"og:locale\" content=\"es_ES\" \/>\n<meta property=\"og:type\" content=\"article\" \/>\n<meta property=\"og:title\" content=\"Europa debe afrontar con rigor los riesgos de la inteligencia artificial en el empleo\" \/>\n<meta property=\"og:description\" content=\"La publicaci\u00f3n por parte de la Comisi\u00f3n Europea del \u201cPlan Coordinado sobre Inteligencia Artificial\u201d, con el objetivo de apoyar el sello \u201cIA fabricada en ...\" \/>\n<meta property=\"og:url\" content=\"https:\/\/www.ugtcomunicaciones.es\/wordpress\/europa-debe-afrontar-con-rigor-los-riesgos-de-la-inteligencia-artificial-en-el-empleo\/\" \/>\n<meta property=\"og:site_name\" content=\"UGT Comunicaciones\" \/>\n<meta property=\"article:publisher\" content=\"https:\/\/www.facebook.com\/ugt.comunicaciones\/\" \/>\n<meta property=\"article:published_time\" content=\"2019-03-11T05:00:26+00:00\" \/>\n<meta property=\"og:image\" content=\"https:\/\/www.ugtcomunicaciones.es\/wordpress\/wp-content\/uploads\/2019\/02\/Inteligencia-artificial-1.jpg\" \/>\n\t<meta property=\"og:image:width\" content=\"600\" \/>\n\t<meta property=\"og:image:height\" content=\"570\" \/>\n\t<meta property=\"og:image:type\" content=\"image\/jpeg\" \/>\n<meta name=\"author\" content=\"UGT\" \/>\n<meta name=\"twitter:card\" content=\"summary_large_image\" \/>\n<meta name=\"twitter:creator\" content=\"@ugtcom\" \/>\n<meta name=\"twitter:site\" content=\"@ugtcom\" \/>\n<meta name=\"twitter:label1\" content=\"Escrito por\" \/>\n\t<meta name=\"twitter:data1\" content=\"UGT\" \/>\n\t<meta name=\"twitter:label2\" content=\"Tiempo de lectura\" \/>\n\t<meta name=\"twitter:data2\" content=\"4 minutos\" \/>\n<script type=\"application\/ld+json\" class=\"yoast-schema-graph\">{\"@context\":\"https:\\\/\\\/schema.org\",\"@graph\":[{\"@type\":\"Article\",\"@id\":\"https:\\\/\\\/www.ugtcomunicaciones.es\\\/wordpress\\\/europa-debe-afrontar-con-rigor-los-riesgos-de-la-inteligencia-artificial-en-el-empleo\\\/#article\",\"isPartOf\":{\"@id\":\"https:\\\/\\\/www.ugtcomunicaciones.es\\\/wordpress\\\/europa-debe-afrontar-con-rigor-los-riesgos-de-la-inteligencia-artificial-en-el-empleo\\\/\"},\"author\":{\"name\":\"UGT\",\"@id\":\"https:\\\/\\\/www.ugtcomunicaciones.es\\\/wordpress\\\/#\\\/schema\\\/person\\\/eba0fc3fe5b444531d94d4368cba89ed\"},\"headline\":\"Europa debe afrontar con rigor los riesgos de la inteligencia artificial en el empleo\",\"datePublished\":\"2019-03-11T05:00:26+00:00\",\"mainEntityOfPage\":{\"@id\":\"https:\\\/\\\/www.ugtcomunicaciones.es\\\/wordpress\\\/europa-debe-afrontar-con-rigor-los-riesgos-de-la-inteligencia-artificial-en-el-empleo\\\/\"},\"wordCount\":762,\"publisher\":{\"@id\":\"https:\\\/\\\/www.ugtcomunicaciones.es\\\/wordpress\\\/#organization\"},\"image\":{\"@id\":\"https:\\\/\\\/www.ugtcomunicaciones.es\\\/wordpress\\\/europa-debe-afrontar-con-rigor-los-riesgos-de-la-inteligencia-artificial-en-el-empleo\\\/#primaryimage\"},\"thumbnailUrl\":\"https:\\\/\\\/www.ugtcomunicaciones.es\\\/wordpress\\\/wp-content\\\/uploads\\\/2019\\\/02\\\/Inteligencia-artificial-1.jpg\",\"articleSection\":[\"Opini\u00f3n\",\"Regulaci\u00f3n\"],\"inLanguage\":\"es\"},{\"@type\":\"WebPage\",\"@id\":\"https:\\\/\\\/www.ugtcomunicaciones.es\\\/wordpress\\\/europa-debe-afrontar-con-rigor-los-riesgos-de-la-inteligencia-artificial-en-el-empleo\\\/\",\"url\":\"https:\\\/\\\/www.ugtcomunicaciones.es\\\/wordpress\\\/europa-debe-afrontar-con-rigor-los-riesgos-de-la-inteligencia-artificial-en-el-empleo\\\/\",\"name\":\"Europa debe afrontar con rigor los riesgos de la inteligencia artificial en el empleo - UGT Comunicaciones\",\"isPartOf\":{\"@id\":\"https:\\\/\\\/www.ugtcomunicaciones.es\\\/wordpress\\\/#website\"},\"primaryImageOfPage\":{\"@id\":\"https:\\\/\\\/www.ugtcomunicaciones.es\\\/wordpress\\\/europa-debe-afrontar-con-rigor-los-riesgos-de-la-inteligencia-artificial-en-el-empleo\\\/#primaryimage\"},\"image\":{\"@id\":\"https:\\\/\\\/www.ugtcomunicaciones.es\\\/wordpress\\\/europa-debe-afrontar-con-rigor-los-riesgos-de-la-inteligencia-artificial-en-el-empleo\\\/#primaryimage\"},\"thumbnailUrl\":\"https:\\\/\\\/www.ugtcomunicaciones.es\\\/wordpress\\\/wp-content\\\/uploads\\\/2019\\\/02\\\/Inteligencia-artificial-1.jpg\",\"datePublished\":\"2019-03-11T05:00:26+00:00\",\"description\":\"La publicaci\u00f3n por parte de la Comisi\u00f3n Europea del \u201cPlan Coordinado sobre Inteligencia Artificial\u201d, con el objetivo de apoyar el sello \u201cIA fabricada en ...\",\"breadcrumb\":{\"@id\":\"https:\\\/\\\/www.ugtcomunicaciones.es\\\/wordpress\\\/europa-debe-afrontar-con-rigor-los-riesgos-de-la-inteligencia-artificial-en-el-empleo\\\/#breadcrumb\"},\"inLanguage\":\"es\",\"potentialAction\":[{\"@type\":\"ReadAction\",\"target\":[\"https:\\\/\\\/www.ugtcomunicaciones.es\\\/wordpress\\\/europa-debe-afrontar-con-rigor-los-riesgos-de-la-inteligencia-artificial-en-el-empleo\\\/\"]}]},{\"@type\":\"ImageObject\",\"inLanguage\":\"es\",\"@id\":\"https:\\\/\\\/www.ugtcomunicaciones.es\\\/wordpress\\\/europa-debe-afrontar-con-rigor-los-riesgos-de-la-inteligencia-artificial-en-el-empleo\\\/#primaryimage\",\"url\":\"https:\\\/\\\/www.ugtcomunicaciones.es\\\/wordpress\\\/wp-content\\\/uploads\\\/2019\\\/02\\\/Inteligencia-artificial-1.jpg\",\"contentUrl\":\"https:\\\/\\\/www.ugtcomunicaciones.es\\\/wordpress\\\/wp-content\\\/uploads\\\/2019\\\/02\\\/Inteligencia-artificial-1.jpg\",\"width\":600,\"height\":570,\"caption\":\"Inteligencia artificial-1\"},{\"@type\":\"BreadcrumbList\",\"@id\":\"https:\\\/\\\/www.ugtcomunicaciones.es\\\/wordpress\\\/europa-debe-afrontar-con-rigor-los-riesgos-de-la-inteligencia-artificial-en-el-empleo\\\/#breadcrumb\",\"itemListElement\":[{\"@type\":\"ListItem\",\"position\":1,\"name\":\"Portada\",\"item\":\"https:\\\/\\\/www.ugtcomunicaciones.es\\\/wordpress\\\/\"},{\"@type\":\"ListItem\",\"position\":2,\"name\":\"Europa debe afrontar con rigor los riesgos de la inteligencia artificial en el empleo\"}]},{\"@type\":\"WebSite\",\"@id\":\"https:\\\/\\\/www.ugtcomunicaciones.es\\\/wordpress\\\/#website\",\"url\":\"https:\\\/\\\/www.ugtcomunicaciones.es\\\/wordpress\\\/\",\"name\":\"UGT Comunicaciones\",\"description\":\"Sindicato de Telecomunicaciones\",\"publisher\":{\"@id\":\"https:\\\/\\\/www.ugtcomunicaciones.es\\\/wordpress\\\/#organization\"},\"potentialAction\":[{\"@type\":\"SearchAction\",\"target\":{\"@type\":\"EntryPoint\",\"urlTemplate\":\"https:\\\/\\\/www.ugtcomunicaciones.es\\\/wordpress\\\/?s={search_term_string}\"},\"query-input\":{\"@type\":\"PropertyValueSpecification\",\"valueRequired\":true,\"valueName\":\"search_term_string\"}}],\"inLanguage\":\"es\"},{\"@type\":\"Organization\",\"@id\":\"https:\\\/\\\/www.ugtcomunicaciones.es\\\/wordpress\\\/#organization\",\"name\":\"UGT Comunicaciones\",\"url\":\"https:\\\/\\\/www.ugtcomunicaciones.es\\\/wordpress\\\/\",\"logo\":{\"@type\":\"ImageObject\",\"inLanguage\":\"es\",\"@id\":\"https:\\\/\\\/www.ugtcomunicaciones.es\\\/wordpress\\\/#\\\/schema\\\/logo\\\/image\\\/\",\"url\":\"https:\\\/\\\/www.ugtcomunicaciones.es\\\/wordpress\\\/wp-content\\\/uploads\\\/2024\\\/04\\\/comunicaciones_logo.png\",\"contentUrl\":\"https:\\\/\\\/www.ugtcomunicaciones.es\\\/wordpress\\\/wp-content\\\/uploads\\\/2024\\\/04\\\/comunicaciones_logo.png\",\"width\":298,\"height\":81,\"caption\":\"UGT Comunicaciones\"},\"image\":{\"@id\":\"https:\\\/\\\/www.ugtcomunicaciones.es\\\/wordpress\\\/#\\\/schema\\\/logo\\\/image\\\/\"},\"sameAs\":[\"https:\\\/\\\/www.facebook.com\\\/ugt.comunicaciones\\\/\",\"https:\\\/\\\/x.com\\\/ugtcom\"]},{\"@type\":\"Person\",\"@id\":\"https:\\\/\\\/www.ugtcomunicaciones.es\\\/wordpress\\\/#\\\/schema\\\/person\\\/eba0fc3fe5b444531d94d4368cba89ed\",\"name\":\"UGT\",\"image\":{\"@type\":\"ImageObject\",\"inLanguage\":\"es\",\"@id\":\"https:\\\/\\\/secure.gravatar.com\\\/avatar\\\/2a16057d620a4c646bcfc171c4f23030879ebbdd346f0525bd5d4a564e57e13d?s=96&d=mm&r=g\",\"url\":\"https:\\\/\\\/secure.gravatar.com\\\/avatar\\\/2a16057d620a4c646bcfc171c4f23030879ebbdd346f0525bd5d4a564e57e13d?s=96&d=mm&r=g\",\"contentUrl\":\"https:\\\/\\\/secure.gravatar.com\\\/avatar\\\/2a16057d620a4c646bcfc171c4f23030879ebbdd346f0525bd5d4a564e57e13d?s=96&d=mm&r=g\",\"caption\":\"UGT\"}}]}<\/script>\n<!-- \/ Yoast SEO Premium plugin. -->","yoast_head_json":{"title":"Europa debe afrontar con rigor los riesgos de la inteligencia artificial en el empleo - UGT Comunicaciones","description":"La publicaci\u00f3n por parte de la Comisi\u00f3n Europea del \u201cPlan Coordinado sobre Inteligencia Artificial\u201d, con el objetivo de apoyar el sello \u201cIA fabricada en ...","robots":{"index":"index","follow":"follow","max-snippet":"max-snippet:-1","max-image-preview":"max-image-preview:large","max-video-preview":"max-video-preview:-1"},"canonical":"https:\/\/www.ugtcomunicaciones.es\/wordpress\/europa-debe-afrontar-con-rigor-los-riesgos-de-la-inteligencia-artificial-en-el-empleo\/","og_locale":"es_ES","og_type":"article","og_title":"Europa debe afrontar con rigor los riesgos de la inteligencia artificial en el empleo","og_description":"La publicaci\u00f3n por parte de la Comisi\u00f3n Europea del \u201cPlan Coordinado sobre Inteligencia Artificial\u201d, con el objetivo de apoyar el sello \u201cIA fabricada en ...","og_url":"https:\/\/www.ugtcomunicaciones.es\/wordpress\/europa-debe-afrontar-con-rigor-los-riesgos-de-la-inteligencia-artificial-en-el-empleo\/","og_site_name":"UGT Comunicaciones","article_publisher":"https:\/\/www.facebook.com\/ugt.comunicaciones\/","article_published_time":"2019-03-11T05:00:26+00:00","og_image":[{"width":600,"height":570,"url":"https:\/\/www.ugtcomunicaciones.es\/wordpress\/wp-content\/uploads\/2019\/02\/Inteligencia-artificial-1.jpg","type":"image\/jpeg"}],"author":"UGT","twitter_card":"summary_large_image","twitter_creator":"@ugtcom","twitter_site":"@ugtcom","twitter_misc":{"Escrito por":"UGT","Tiempo de lectura":"4 minutos"},"schema":{"@context":"https:\/\/schema.org","@graph":[{"@type":"Article","@id":"https:\/\/www.ugtcomunicaciones.es\/wordpress\/europa-debe-afrontar-con-rigor-los-riesgos-de-la-inteligencia-artificial-en-el-empleo\/#article","isPartOf":{"@id":"https:\/\/www.ugtcomunicaciones.es\/wordpress\/europa-debe-afrontar-con-rigor-los-riesgos-de-la-inteligencia-artificial-en-el-empleo\/"},"author":{"name":"UGT","@id":"https:\/\/www.ugtcomunicaciones.es\/wordpress\/#\/schema\/person\/eba0fc3fe5b444531d94d4368cba89ed"},"headline":"Europa debe afrontar con rigor los riesgos de la inteligencia artificial en el empleo","datePublished":"2019-03-11T05:00:26+00:00","mainEntityOfPage":{"@id":"https:\/\/www.ugtcomunicaciones.es\/wordpress\/europa-debe-afrontar-con-rigor-los-riesgos-de-la-inteligencia-artificial-en-el-empleo\/"},"wordCount":762,"publisher":{"@id":"https:\/\/www.ugtcomunicaciones.es\/wordpress\/#organization"},"image":{"@id":"https:\/\/www.ugtcomunicaciones.es\/wordpress\/europa-debe-afrontar-con-rigor-los-riesgos-de-la-inteligencia-artificial-en-el-empleo\/#primaryimage"},"thumbnailUrl":"https:\/\/www.ugtcomunicaciones.es\/wordpress\/wp-content\/uploads\/2019\/02\/Inteligencia-artificial-1.jpg","articleSection":["Opini\u00f3n","Regulaci\u00f3n"],"inLanguage":"es"},{"@type":"WebPage","@id":"https:\/\/www.ugtcomunicaciones.es\/wordpress\/europa-debe-afrontar-con-rigor-los-riesgos-de-la-inteligencia-artificial-en-el-empleo\/","url":"https:\/\/www.ugtcomunicaciones.es\/wordpress\/europa-debe-afrontar-con-rigor-los-riesgos-de-la-inteligencia-artificial-en-el-empleo\/","name":"Europa debe afrontar con rigor los riesgos de la inteligencia artificial en el empleo - UGT Comunicaciones","isPartOf":{"@id":"https:\/\/www.ugtcomunicaciones.es\/wordpress\/#website"},"primaryImageOfPage":{"@id":"https:\/\/www.ugtcomunicaciones.es\/wordpress\/europa-debe-afrontar-con-rigor-los-riesgos-de-la-inteligencia-artificial-en-el-empleo\/#primaryimage"},"image":{"@id":"https:\/\/www.ugtcomunicaciones.es\/wordpress\/europa-debe-afrontar-con-rigor-los-riesgos-de-la-inteligencia-artificial-en-el-empleo\/#primaryimage"},"thumbnailUrl":"https:\/\/www.ugtcomunicaciones.es\/wordpress\/wp-content\/uploads\/2019\/02\/Inteligencia-artificial-1.jpg","datePublished":"2019-03-11T05:00:26+00:00","description":"La publicaci\u00f3n por parte de la Comisi\u00f3n Europea del \u201cPlan Coordinado sobre Inteligencia Artificial\u201d, con el objetivo de apoyar el sello \u201cIA fabricada en ...","breadcrumb":{"@id":"https:\/\/www.ugtcomunicaciones.es\/wordpress\/europa-debe-afrontar-con-rigor-los-riesgos-de-la-inteligencia-artificial-en-el-empleo\/#breadcrumb"},"inLanguage":"es","potentialAction":[{"@type":"ReadAction","target":["https:\/\/www.ugtcomunicaciones.es\/wordpress\/europa-debe-afrontar-con-rigor-los-riesgos-de-la-inteligencia-artificial-en-el-empleo\/"]}]},{"@type":"ImageObject","inLanguage":"es","@id":"https:\/\/www.ugtcomunicaciones.es\/wordpress\/europa-debe-afrontar-con-rigor-los-riesgos-de-la-inteligencia-artificial-en-el-empleo\/#primaryimage","url":"https:\/\/www.ugtcomunicaciones.es\/wordpress\/wp-content\/uploads\/2019\/02\/Inteligencia-artificial-1.jpg","contentUrl":"https:\/\/www.ugtcomunicaciones.es\/wordpress\/wp-content\/uploads\/2019\/02\/Inteligencia-artificial-1.jpg","width":600,"height":570,"caption":"Inteligencia artificial-1"},{"@type":"BreadcrumbList","@id":"https:\/\/www.ugtcomunicaciones.es\/wordpress\/europa-debe-afrontar-con-rigor-los-riesgos-de-la-inteligencia-artificial-en-el-empleo\/#breadcrumb","itemListElement":[{"@type":"ListItem","position":1,"name":"Portada","item":"https:\/\/www.ugtcomunicaciones.es\/wordpress\/"},{"@type":"ListItem","position":2,"name":"Europa debe afrontar con rigor los riesgos de la inteligencia artificial en el empleo"}]},{"@type":"WebSite","@id":"https:\/\/www.ugtcomunicaciones.es\/wordpress\/#website","url":"https:\/\/www.ugtcomunicaciones.es\/wordpress\/","name":"UGT Comunicaciones","description":"Sindicato de Telecomunicaciones","publisher":{"@id":"https:\/\/www.ugtcomunicaciones.es\/wordpress\/#organization"},"potentialAction":[{"@type":"SearchAction","target":{"@type":"EntryPoint","urlTemplate":"https:\/\/www.ugtcomunicaciones.es\/wordpress\/?s={search_term_string}"},"query-input":{"@type":"PropertyValueSpecification","valueRequired":true,"valueName":"search_term_string"}}],"inLanguage":"es"},{"@type":"Organization","@id":"https:\/\/www.ugtcomunicaciones.es\/wordpress\/#organization","name":"UGT Comunicaciones","url":"https:\/\/www.ugtcomunicaciones.es\/wordpress\/","logo":{"@type":"ImageObject","inLanguage":"es","@id":"https:\/\/www.ugtcomunicaciones.es\/wordpress\/#\/schema\/logo\/image\/","url":"https:\/\/www.ugtcomunicaciones.es\/wordpress\/wp-content\/uploads\/2024\/04\/comunicaciones_logo.png","contentUrl":"https:\/\/www.ugtcomunicaciones.es\/wordpress\/wp-content\/uploads\/2024\/04\/comunicaciones_logo.png","width":298,"height":81,"caption":"UGT Comunicaciones"},"image":{"@id":"https:\/\/www.ugtcomunicaciones.es\/wordpress\/#\/schema\/logo\/image\/"},"sameAs":["https:\/\/www.facebook.com\/ugt.comunicaciones\/","https:\/\/x.com\/ugtcom"]},{"@type":"Person","@id":"https:\/\/www.ugtcomunicaciones.es\/wordpress\/#\/schema\/person\/eba0fc3fe5b444531d94d4368cba89ed","name":"UGT","image":{"@type":"ImageObject","inLanguage":"es","@id":"https:\/\/secure.gravatar.com\/avatar\/2a16057d620a4c646bcfc171c4f23030879ebbdd346f0525bd5d4a564e57e13d?s=96&d=mm&r=g","url":"https:\/\/secure.gravatar.com\/avatar\/2a16057d620a4c646bcfc171c4f23030879ebbdd346f0525bd5d4a564e57e13d?s=96&d=mm&r=g","contentUrl":"https:\/\/secure.gravatar.com\/avatar\/2a16057d620a4c646bcfc171c4f23030879ebbdd346f0525bd5d4a564e57e13d?s=96&d=mm&r=g","caption":"UGT"}}]}},"_links":{"self":[{"href":"https:\/\/www.ugtcomunicaciones.es\/wordpress\/wp-json\/wp\/v2\/posts\/293732","targetHints":{"allow":["GET"]}}],"collection":[{"href":"https:\/\/www.ugtcomunicaciones.es\/wordpress\/wp-json\/wp\/v2\/posts"}],"about":[{"href":"https:\/\/www.ugtcomunicaciones.es\/wordpress\/wp-json\/wp\/v2\/types\/post"}],"author":[{"embeddable":true,"href":"https:\/\/www.ugtcomunicaciones.es\/wordpress\/wp-json\/wp\/v2\/users\/3"}],"replies":[{"embeddable":true,"href":"https:\/\/www.ugtcomunicaciones.es\/wordpress\/wp-json\/wp\/v2\/comments?post=293732"}],"version-history":[{"count":0,"href":"https:\/\/www.ugtcomunicaciones.es\/wordpress\/wp-json\/wp\/v2\/posts\/293732\/revisions"}],"wp:featuredmedia":[{"embeddable":true,"href":"https:\/\/www.ugtcomunicaciones.es\/wordpress\/wp-json\/wp\/v2\/media\/293733"}],"wp:attachment":[{"href":"https:\/\/www.ugtcomunicaciones.es\/wordpress\/wp-json\/wp\/v2\/media?parent=293732"}],"wp:term":[{"taxonomy":"category","embeddable":true,"href":"https:\/\/www.ugtcomunicaciones.es\/wordpress\/wp-json\/wp\/v2\/categories?post=293732"},{"taxonomy":"post_tag","embeddable":true,"href":"https:\/\/www.ugtcomunicaciones.es\/wordpress\/wp-json\/wp\/v2\/tags?post=293732"}],"curies":[{"name":"wp","href":"https:\/\/api.w.org\/{rel}","templated":true}]}}