{"id":298233,"date":"2019-03-04T09:44:55","date_gmt":"2019-03-04T07:44:55","guid":{"rendered":"http:\/\/ugtcomunicaciones.es\/wordpress\/?p=298233"},"modified":"2019-03-07T11:04:33","modified_gmt":"2019-03-07T09:04:33","slug":"ugt-demanda-mayores-avances-en-materia-de-igualdad","status":"publish","type":"post","link":"https:\/\/www.ugtcomunicaciones.es\/wordpress\/ugt-demanda-mayores-avances-en-materia-de-igualdad\/","title":{"rendered":"UGT demanda mayores avances en materia de igualdad"},"content":{"rendered":"\n<p class=\"justificado\">En el Consejo de Ministros celebrado el pasado viernes se aprob\u00f3 un RDL con una serie de medidas encaminadas a solucionar la igualdad de trato y oportunidades en el empleo y la ocupaci\u00f3n.<\/p>\n\n\n\n<p class=\"justificado\"><br>El RDL aprobado recoge la equiparaci\u00f3n progresiva de los permisos de maternidad y paternidad, siendo el permiso de paternidad de 8 semanas para el 2019, de 12 semanas para el 2020 y finalmente de 16 semanas para el 2021, a partir, claro est\u00e1, de la entrada en vigor de dicho RDL.<\/p>\n\n\n\n<p class=\"justificado\"><br>En materia salarial, las medidas acordadas s\u00f3lo recogen la modificaci\u00f3n del Estatuto de los Trabajadores en el sentido de lo indicado en la Recomendaci\u00f3n de 7 de marzo de 2014, que introduce el concepto de \u201c<strong>trabajo de igual valor<\/strong>\u201d y obligar\u00e1 a las empresas a llevar un registro con los valores de los salarios.<\/p>\n\n\n\n<p class=\"justificado\"><br>Estas medidas sin duda ayudar\u00e1n a reducir la brecha salarial existente entre hombres y mujeres, que actualmente se sit\u00faa en torno al 15% seg\u00fan datos de la OCDE, y mejorar\u00e1 el derecho a la conciliaci\u00f3n de la vida personal y laboral y la corresponsabilidad en el hogar.<\/p>\n\n\n\n<p class=\"justificado\"><br>Pero a&nbsp;<strong>UGT<\/strong>&nbsp;estas medidas nos parecen insuficientes. El pasado mes de octubre de 2018 publicamos el libro \u201cimpulsando la igualdad\u201d, donde marc\u00e1bamos el camino que deber\u00edamos de emprender sindicatos, empresas y Gobierno para avanzar en esta materia, planteando propuestas m\u00e1s ambiciosas que las aprobadas en el Consejo de Ministros.<\/p>\n\n\n\n<p class=\"justificado\"><br>En&nbsp;<strong>UGT<\/strong>&nbsp;plante\u00e1bamos, entre otras medidas, la<strong>&nbsp;erradicaci\u00f3n de la prolongaci\u00f3n de la jornada laboral<\/strong>, o&nbsp;<strong>el derecho a la desconexi\u00f3n digital<\/strong>, &nbsp;cuyo desarrollo&nbsp; hab\u00edamos conseguido acordar previamente en el Grupo&nbsp; Telef\u00f3nica, con el prop\u00f3sito de fomentar la corresponsabilidad en el hogar.<\/p>\n\n\n\n<p class=\"justificado\"><br>Tambi\u00e9n incorporamos a nuestras reivindicaciones, de cara a la negociaci\u00f3n de los distintos Planes de Igualdad,&nbsp;<strong>la equiparaci\u00f3n de los permisos de maternidad y paternidad en 16 semanas para ambos progenitores<\/strong>.<\/p>\n\n\n\n<p class=\"justificado\"><br><strong>UGT<\/strong>&nbsp;apuesta adem\u00e1s por&nbsp;<strong>cambiar la forma del c\u00e1lculo de la retribuci\u00f3n variable<\/strong>&nbsp;para las personas que est\u00e9n en situaci\u00f3n de permiso de maternidad, paternidad o lactancia y reducci\u00f3n de jornada, para que s\u00f3lo se les tome en consideraci\u00f3n la consecuci\u00f3n final de los objetivos marcados, con el fin de evitar la discriminaci\u00f3n de estas personas en su salario variable.<\/p>\n\n\n\n<p class=\"justificado\"><br>Reivindicamos que los&nbsp;<strong>complementos salariales por cargo o funci\u00f3n<\/strong>&nbsp;para las personas que est\u00e9n en una de las situaciones anteriormente descritas no sufran ning\u00fan tipo de reducci\u00f3n.<\/p>\n\n\n\n<p class=\"justificado\"><br><strong>UGT<\/strong>&nbsp;reclama a la empresa altura de miras y, al igual que accedi\u00f3 a sentarse y consensuar nuestra propuesta sobre la Desconexi\u00f3n Digital,&nbsp; acceda a negociar nuestras propuestas en materia de igualdad y conciliaci\u00f3n, completando las medidas que no ha sido capaz de abordar el actual gobierno.<\/p>\n","protected":false},"excerpt":{"rendered":"<p>En el Consejo de Ministros celebrado el pasado viernes se aprob\u00f3 un RDL con una serie de medidas encaminadas a solucionar la igualdad de trato y oportunidades en el empleo y la ocupaci\u00f3n. El RDL aprobado recoge la equiparaci\u00f3n progresiva de los permisos de maternidad y paternidad, siendo el permiso de paternidad de 8 semanas [&hellip;]<\/p>\n","protected":false},"author":3,"featured_media":237854,"comment_status":"closed","ping_status":"closed","sticky":false,"template":"","format":"standard","meta":{"footnotes":""},"categories":[8,25,7,26],"tags":[],"class_list":["post-298233","post","type-post","status-publish","format-standard","has-post-thumbnail","hentry","category-telefonica-cev","category-telefonica","category-telefonica-moviles","category-telefonica-soluciones"],"yoast_head":"<!-- This site is optimized with the Yoast SEO Premium plugin v27.3 (Yoast SEO v27.4) - https:\/\/yoast.com\/product\/yoast-seo-premium-wordpress\/ -->\n<title>UGT demanda mayores avances en materia de igualdad - UGT Comunicaciones<\/title>\n<meta name=\"robots\" content=\"index, follow, max-snippet:-1, max-image-preview:large, max-video-preview:-1\" \/>\n<link rel=\"canonical\" href=\"https:\/\/www.ugtcomunicaciones.es\/wordpress\/ugt-demanda-mayores-avances-en-materia-de-igualdad\/\" \/>\n<meta property=\"og:locale\" content=\"es_ES\" \/>\n<meta property=\"og:type\" content=\"article\" \/>\n<meta property=\"og:title\" content=\"UGT demanda mayores avances en materia de igualdad\" \/>\n<meta property=\"og:description\" content=\"En el Consejo de Ministros celebrado el pasado viernes se aprob\u00f3 un RDL con una serie de medidas encaminadas a solucionar la igualdad de trato y oportunidades en el empleo y la ocupaci\u00f3n. El RDL aprobado recoge la equiparaci\u00f3n progresiva de los permisos de maternidad y paternidad, siendo el permiso de paternidad de 8 semanas [&hellip;]\" \/>\n<meta property=\"og:url\" content=\"https:\/\/www.ugtcomunicaciones.es\/wordpress\/ugt-demanda-mayores-avances-en-materia-de-igualdad\/\" \/>\n<meta property=\"og:site_name\" content=\"UGT Comunicaciones\" \/>\n<meta property=\"article:publisher\" content=\"https:\/\/www.facebook.com\/ugt.comunicaciones\/\" \/>\n<meta property=\"article:published_time\" content=\"2019-03-04T07:44:55+00:00\" \/>\n<meta property=\"article:modified_time\" content=\"2019-03-07T09:04:33+00:00\" \/>\n<meta property=\"og:image\" content=\"https:\/\/www.ugtcomunicaciones.es\/wordpress\/wp-content\/uploads\/2018\/11\/cartel_impulsando.jpg\" \/>\n\t<meta property=\"og:image:width\" content=\"640\" \/>\n\t<meta property=\"og:image:height\" content=\"480\" \/>\n\t<meta property=\"og:image:type\" content=\"image\/jpeg\" \/>\n<meta name=\"author\" content=\"UGT\" \/>\n<meta name=\"twitter:card\" content=\"summary_large_image\" \/>\n<meta name=\"twitter:creator\" content=\"@ugtcom\" \/>\n<meta name=\"twitter:site\" content=\"@ugtcom\" \/>\n<meta name=\"twitter:label1\" content=\"Escrito por\" \/>\n\t<meta name=\"twitter:data1\" content=\"UGT\" \/>\n\t<meta name=\"twitter:label2\" content=\"Tiempo de lectura\" \/>\n\t<meta name=\"twitter:data2\" content=\"2 minutos\" \/>\n<script type=\"application\/ld+json\" class=\"yoast-schema-graph\">{\"@context\":\"https:\\\/\\\/schema.org\",\"@graph\":[{\"@type\":\"Article\",\"@id\":\"https:\\\/\\\/www.ugtcomunicaciones.es\\\/wordpress\\\/ugt-demanda-mayores-avances-en-materia-de-igualdad\\\/#article\",\"isPartOf\":{\"@id\":\"https:\\\/\\\/www.ugtcomunicaciones.es\\\/wordpress\\\/ugt-demanda-mayores-avances-en-materia-de-igualdad\\\/\"},\"author\":{\"name\":\"UGT\",\"@id\":\"https:\\\/\\\/www.ugtcomunicaciones.es\\\/wordpress\\\/#\\\/schema\\\/person\\\/eba0fc3fe5b444531d94d4368cba89ed\"},\"headline\":\"UGT demanda mayores avances en materia de igualdad\",\"datePublished\":\"2019-03-04T07:44:55+00:00\",\"dateModified\":\"2019-03-07T09:04:33+00:00\",\"mainEntityOfPage\":{\"@id\":\"https:\\\/\\\/www.ugtcomunicaciones.es\\\/wordpress\\\/ugt-demanda-mayores-avances-en-materia-de-igualdad\\\/\"},\"wordCount\":494,\"publisher\":{\"@id\":\"https:\\\/\\\/www.ugtcomunicaciones.es\\\/wordpress\\\/#organization\"},\"image\":{\"@id\":\"https:\\\/\\\/www.ugtcomunicaciones.es\\\/wordpress\\\/ugt-demanda-mayores-avances-en-materia-de-igualdad\\\/#primaryimage\"},\"thumbnailUrl\":\"https:\\\/\\\/www.ugtcomunicaciones.es\\\/wordpress\\\/wp-content\\\/uploads\\\/2018\\\/11\\\/cartel_impulsando.jpg\",\"articleSection\":[\"Telef\u00f3nica CEV\",\"Telef\u00f3nica de Espa\u00f1a\",\"Telef\u00f3nica M\u00f3viles\",\"Telef\u00f3nica Soluciones\"],\"inLanguage\":\"es\"},{\"@type\":\"WebPage\",\"@id\":\"https:\\\/\\\/www.ugtcomunicaciones.es\\\/wordpress\\\/ugt-demanda-mayores-avances-en-materia-de-igualdad\\\/\",\"url\":\"https:\\\/\\\/www.ugtcomunicaciones.es\\\/wordpress\\\/ugt-demanda-mayores-avances-en-materia-de-igualdad\\\/\",\"name\":\"UGT demanda mayores avances en materia de igualdad - UGT Comunicaciones\",\"isPartOf\":{\"@id\":\"https:\\\/\\\/www.ugtcomunicaciones.es\\\/wordpress\\\/#website\"},\"primaryImageOfPage\":{\"@id\":\"https:\\\/\\\/www.ugtcomunicaciones.es\\\/wordpress\\\/ugt-demanda-mayores-avances-en-materia-de-igualdad\\\/#primaryimage\"},\"image\":{\"@id\":\"https:\\\/\\\/www.ugtcomunicaciones.es\\\/wordpress\\\/ugt-demanda-mayores-avances-en-materia-de-igualdad\\\/#primaryimage\"},\"thumbnailUrl\":\"https:\\\/\\\/www.ugtcomunicaciones.es\\\/wordpress\\\/wp-content\\\/uploads\\\/2018\\\/11\\\/cartel_impulsando.jpg\",\"datePublished\":\"2019-03-04T07:44:55+00:00\",\"dateModified\":\"2019-03-07T09:04:33+00:00\",\"breadcrumb\":{\"@id\":\"https:\\\/\\\/www.ugtcomunicaciones.es\\\/wordpress\\\/ugt-demanda-mayores-avances-en-materia-de-igualdad\\\/#breadcrumb\"},\"inLanguage\":\"es\",\"potentialAction\":[{\"@type\":\"ReadAction\",\"target\":[\"https:\\\/\\\/www.ugtcomunicaciones.es\\\/wordpress\\\/ugt-demanda-mayores-avances-en-materia-de-igualdad\\\/\"]}]},{\"@type\":\"ImageObject\",\"inLanguage\":\"es\",\"@id\":\"https:\\\/\\\/www.ugtcomunicaciones.es\\\/wordpress\\\/ugt-demanda-mayores-avances-en-materia-de-igualdad\\\/#primaryimage\",\"url\":\"https:\\\/\\\/www.ugtcomunicaciones.es\\\/wordpress\\\/wp-content\\\/uploads\\\/2018\\\/11\\\/cartel_impulsando.jpg\",\"contentUrl\":\"https:\\\/\\\/www.ugtcomunicaciones.es\\\/wordpress\\\/wp-content\\\/uploads\\\/2018\\\/11\\\/cartel_impulsando.jpg\",\"width\":640,\"height\":480,\"caption\":\"impulsando la igualdad\"},{\"@type\":\"BreadcrumbList\",\"@id\":\"https:\\\/\\\/www.ugtcomunicaciones.es\\\/wordpress\\\/ugt-demanda-mayores-avances-en-materia-de-igualdad\\\/#breadcrumb\",\"itemListElement\":[{\"@type\":\"ListItem\",\"position\":1,\"name\":\"Portada\",\"item\":\"https:\\\/\\\/www.ugtcomunicaciones.es\\\/wordpress\\\/\"},{\"@type\":\"ListItem\",\"position\":2,\"name\":\"UGT demanda mayores avances en materia de igualdad\"}]},{\"@type\":\"WebSite\",\"@id\":\"https:\\\/\\\/www.ugtcomunicaciones.es\\\/wordpress\\\/#website\",\"url\":\"https:\\\/\\\/www.ugtcomunicaciones.es\\\/wordpress\\\/\",\"name\":\"UGT Comunicaciones\",\"description\":\"Sindicato de Telecomunicaciones\",\"publisher\":{\"@id\":\"https:\\\/\\\/www.ugtcomunicaciones.es\\\/wordpress\\\/#organization\"},\"potentialAction\":[{\"@type\":\"SearchAction\",\"target\":{\"@type\":\"EntryPoint\",\"urlTemplate\":\"https:\\\/\\\/www.ugtcomunicaciones.es\\\/wordpress\\\/?s={search_term_string}\"},\"query-input\":{\"@type\":\"PropertyValueSpecification\",\"valueRequired\":true,\"valueName\":\"search_term_string\"}}],\"inLanguage\":\"es\"},{\"@type\":\"Organization\",\"@id\":\"https:\\\/\\\/www.ugtcomunicaciones.es\\\/wordpress\\\/#organization\",\"name\":\"UGT Comunicaciones\",\"url\":\"https:\\\/\\\/www.ugtcomunicaciones.es\\\/wordpress\\\/\",\"logo\":{\"@type\":\"ImageObject\",\"inLanguage\":\"es\",\"@id\":\"https:\\\/\\\/www.ugtcomunicaciones.es\\\/wordpress\\\/#\\\/schema\\\/logo\\\/image\\\/\",\"url\":\"https:\\\/\\\/www.ugtcomunicaciones.es\\\/wordpress\\\/wp-content\\\/uploads\\\/2024\\\/04\\\/comunicaciones_logo.png\",\"contentUrl\":\"https:\\\/\\\/www.ugtcomunicaciones.es\\\/wordpress\\\/wp-content\\\/uploads\\\/2024\\\/04\\\/comunicaciones_logo.png\",\"width\":298,\"height\":81,\"caption\":\"UGT Comunicaciones\"},\"image\":{\"@id\":\"https:\\\/\\\/www.ugtcomunicaciones.es\\\/wordpress\\\/#\\\/schema\\\/logo\\\/image\\\/\"},\"sameAs\":[\"https:\\\/\\\/www.facebook.com\\\/ugt.comunicaciones\\\/\",\"https:\\\/\\\/x.com\\\/ugtcom\"]},{\"@type\":\"Person\",\"@id\":\"https:\\\/\\\/www.ugtcomunicaciones.es\\\/wordpress\\\/#\\\/schema\\\/person\\\/eba0fc3fe5b444531d94d4368cba89ed\",\"name\":\"UGT\",\"image\":{\"@type\":\"ImageObject\",\"inLanguage\":\"es\",\"@id\":\"https:\\\/\\\/secure.gravatar.com\\\/avatar\\\/2a16057d620a4c646bcfc171c4f23030879ebbdd346f0525bd5d4a564e57e13d?s=96&d=mm&r=g\",\"url\":\"https:\\\/\\\/secure.gravatar.com\\\/avatar\\\/2a16057d620a4c646bcfc171c4f23030879ebbdd346f0525bd5d4a564e57e13d?s=96&d=mm&r=g\",\"contentUrl\":\"https:\\\/\\\/secure.gravatar.com\\\/avatar\\\/2a16057d620a4c646bcfc171c4f23030879ebbdd346f0525bd5d4a564e57e13d?s=96&d=mm&r=g\",\"caption\":\"UGT\"}}]}<\/script>\n<!-- \/ Yoast SEO Premium plugin. -->","yoast_head_json":{"title":"UGT demanda mayores avances en materia de igualdad - UGT Comunicaciones","robots":{"index":"index","follow":"follow","max-snippet":"max-snippet:-1","max-image-preview":"max-image-preview:large","max-video-preview":"max-video-preview:-1"},"canonical":"https:\/\/www.ugtcomunicaciones.es\/wordpress\/ugt-demanda-mayores-avances-en-materia-de-igualdad\/","og_locale":"es_ES","og_type":"article","og_title":"UGT demanda mayores avances en materia de igualdad","og_description":"En el Consejo de Ministros celebrado el pasado viernes se aprob\u00f3 un RDL con una serie de medidas encaminadas a solucionar la igualdad de trato y oportunidades en el empleo y la ocupaci\u00f3n. El RDL aprobado recoge la equiparaci\u00f3n progresiva de los permisos de maternidad y paternidad, siendo el permiso de paternidad de 8 semanas [&hellip;]","og_url":"https:\/\/www.ugtcomunicaciones.es\/wordpress\/ugt-demanda-mayores-avances-en-materia-de-igualdad\/","og_site_name":"UGT Comunicaciones","article_publisher":"https:\/\/www.facebook.com\/ugt.comunicaciones\/","article_published_time":"2019-03-04T07:44:55+00:00","article_modified_time":"2019-03-07T09:04:33+00:00","og_image":[{"width":640,"height":480,"url":"https:\/\/www.ugtcomunicaciones.es\/wordpress\/wp-content\/uploads\/2018\/11\/cartel_impulsando.jpg","type":"image\/jpeg"}],"author":"UGT","twitter_card":"summary_large_image","twitter_creator":"@ugtcom","twitter_site":"@ugtcom","twitter_misc":{"Escrito por":"UGT","Tiempo de lectura":"2 minutos"},"schema":{"@context":"https:\/\/schema.org","@graph":[{"@type":"Article","@id":"https:\/\/www.ugtcomunicaciones.es\/wordpress\/ugt-demanda-mayores-avances-en-materia-de-igualdad\/#article","isPartOf":{"@id":"https:\/\/www.ugtcomunicaciones.es\/wordpress\/ugt-demanda-mayores-avances-en-materia-de-igualdad\/"},"author":{"name":"UGT","@id":"https:\/\/www.ugtcomunicaciones.es\/wordpress\/#\/schema\/person\/eba0fc3fe5b444531d94d4368cba89ed"},"headline":"UGT demanda mayores avances en materia de igualdad","datePublished":"2019-03-04T07:44:55+00:00","dateModified":"2019-03-07T09:04:33+00:00","mainEntityOfPage":{"@id":"https:\/\/www.ugtcomunicaciones.es\/wordpress\/ugt-demanda-mayores-avances-en-materia-de-igualdad\/"},"wordCount":494,"publisher":{"@id":"https:\/\/www.ugtcomunicaciones.es\/wordpress\/#organization"},"image":{"@id":"https:\/\/www.ugtcomunicaciones.es\/wordpress\/ugt-demanda-mayores-avances-en-materia-de-igualdad\/#primaryimage"},"thumbnailUrl":"https:\/\/www.ugtcomunicaciones.es\/wordpress\/wp-content\/uploads\/2018\/11\/cartel_impulsando.jpg","articleSection":["Telef\u00f3nica CEV","Telef\u00f3nica de Espa\u00f1a","Telef\u00f3nica M\u00f3viles","Telef\u00f3nica Soluciones"],"inLanguage":"es"},{"@type":"WebPage","@id":"https:\/\/www.ugtcomunicaciones.es\/wordpress\/ugt-demanda-mayores-avances-en-materia-de-igualdad\/","url":"https:\/\/www.ugtcomunicaciones.es\/wordpress\/ugt-demanda-mayores-avances-en-materia-de-igualdad\/","name":"UGT demanda mayores avances en materia de igualdad - UGT Comunicaciones","isPartOf":{"@id":"https:\/\/www.ugtcomunicaciones.es\/wordpress\/#website"},"primaryImageOfPage":{"@id":"https:\/\/www.ugtcomunicaciones.es\/wordpress\/ugt-demanda-mayores-avances-en-materia-de-igualdad\/#primaryimage"},"image":{"@id":"https:\/\/www.ugtcomunicaciones.es\/wordpress\/ugt-demanda-mayores-avances-en-materia-de-igualdad\/#primaryimage"},"thumbnailUrl":"https:\/\/www.ugtcomunicaciones.es\/wordpress\/wp-content\/uploads\/2018\/11\/cartel_impulsando.jpg","datePublished":"2019-03-04T07:44:55+00:00","dateModified":"2019-03-07T09:04:33+00:00","breadcrumb":{"@id":"https:\/\/www.ugtcomunicaciones.es\/wordpress\/ugt-demanda-mayores-avances-en-materia-de-igualdad\/#breadcrumb"},"inLanguage":"es","potentialAction":[{"@type":"ReadAction","target":["https:\/\/www.ugtcomunicaciones.es\/wordpress\/ugt-demanda-mayores-avances-en-materia-de-igualdad\/"]}]},{"@type":"ImageObject","inLanguage":"es","@id":"https:\/\/www.ugtcomunicaciones.es\/wordpress\/ugt-demanda-mayores-avances-en-materia-de-igualdad\/#primaryimage","url":"https:\/\/www.ugtcomunicaciones.es\/wordpress\/wp-content\/uploads\/2018\/11\/cartel_impulsando.jpg","contentUrl":"https:\/\/www.ugtcomunicaciones.es\/wordpress\/wp-content\/uploads\/2018\/11\/cartel_impulsando.jpg","width":640,"height":480,"caption":"impulsando la igualdad"},{"@type":"BreadcrumbList","@id":"https:\/\/www.ugtcomunicaciones.es\/wordpress\/ugt-demanda-mayores-avances-en-materia-de-igualdad\/#breadcrumb","itemListElement":[{"@type":"ListItem","position":1,"name":"Portada","item":"https:\/\/www.ugtcomunicaciones.es\/wordpress\/"},{"@type":"ListItem","position":2,"name":"UGT demanda mayores avances en materia de igualdad"}]},{"@type":"WebSite","@id":"https:\/\/www.ugtcomunicaciones.es\/wordpress\/#website","url":"https:\/\/www.ugtcomunicaciones.es\/wordpress\/","name":"UGT Comunicaciones","description":"Sindicato de Telecomunicaciones","publisher":{"@id":"https:\/\/www.ugtcomunicaciones.es\/wordpress\/#organization"},"potentialAction":[{"@type":"SearchAction","target":{"@type":"EntryPoint","urlTemplate":"https:\/\/www.ugtcomunicaciones.es\/wordpress\/?s={search_term_string}"},"query-input":{"@type":"PropertyValueSpecification","valueRequired":true,"valueName":"search_term_string"}}],"inLanguage":"es"},{"@type":"Organization","@id":"https:\/\/www.ugtcomunicaciones.es\/wordpress\/#organization","name":"UGT Comunicaciones","url":"https:\/\/www.ugtcomunicaciones.es\/wordpress\/","logo":{"@type":"ImageObject","inLanguage":"es","@id":"https:\/\/www.ugtcomunicaciones.es\/wordpress\/#\/schema\/logo\/image\/","url":"https:\/\/www.ugtcomunicaciones.es\/wordpress\/wp-content\/uploads\/2024\/04\/comunicaciones_logo.png","contentUrl":"https:\/\/www.ugtcomunicaciones.es\/wordpress\/wp-content\/uploads\/2024\/04\/comunicaciones_logo.png","width":298,"height":81,"caption":"UGT Comunicaciones"},"image":{"@id":"https:\/\/www.ugtcomunicaciones.es\/wordpress\/#\/schema\/logo\/image\/"},"sameAs":["https:\/\/www.facebook.com\/ugt.comunicaciones\/","https:\/\/x.com\/ugtcom"]},{"@type":"Person","@id":"https:\/\/www.ugtcomunicaciones.es\/wordpress\/#\/schema\/person\/eba0fc3fe5b444531d94d4368cba89ed","name":"UGT","image":{"@type":"ImageObject","inLanguage":"es","@id":"https:\/\/secure.gravatar.com\/avatar\/2a16057d620a4c646bcfc171c4f23030879ebbdd346f0525bd5d4a564e57e13d?s=96&d=mm&r=g","url":"https:\/\/secure.gravatar.com\/avatar\/2a16057d620a4c646bcfc171c4f23030879ebbdd346f0525bd5d4a564e57e13d?s=96&d=mm&r=g","contentUrl":"https:\/\/secure.gravatar.com\/avatar\/2a16057d620a4c646bcfc171c4f23030879ebbdd346f0525bd5d4a564e57e13d?s=96&d=mm&r=g","caption":"UGT"}}]}},"_links":{"self":[{"href":"https:\/\/www.ugtcomunicaciones.es\/wordpress\/wp-json\/wp\/v2\/posts\/298233","targetHints":{"allow":["GET"]}}],"collection":[{"href":"https:\/\/www.ugtcomunicaciones.es\/wordpress\/wp-json\/wp\/v2\/posts"}],"about":[{"href":"https:\/\/www.ugtcomunicaciones.es\/wordpress\/wp-json\/wp\/v2\/types\/post"}],"author":[{"embeddable":true,"href":"https:\/\/www.ugtcomunicaciones.es\/wordpress\/wp-json\/wp\/v2\/users\/3"}],"replies":[{"embeddable":true,"href":"https:\/\/www.ugtcomunicaciones.es\/wordpress\/wp-json\/wp\/v2\/comments?post=298233"}],"version-history":[{"count":0,"href":"https:\/\/www.ugtcomunicaciones.es\/wordpress\/wp-json\/wp\/v2\/posts\/298233\/revisions"}],"wp:featuredmedia":[{"embeddable":true,"href":"https:\/\/www.ugtcomunicaciones.es\/wordpress\/wp-json\/wp\/v2\/media\/237854"}],"wp:attachment":[{"href":"https:\/\/www.ugtcomunicaciones.es\/wordpress\/wp-json\/wp\/v2\/media?parent=298233"}],"wp:term":[{"taxonomy":"category","embeddable":true,"href":"https:\/\/www.ugtcomunicaciones.es\/wordpress\/wp-json\/wp\/v2\/categories?post=298233"},{"taxonomy":"post_tag","embeddable":true,"href":"https:\/\/www.ugtcomunicaciones.es\/wordpress\/wp-json\/wp\/v2\/tags?post=298233"}],"curies":[{"name":"wp","href":"https:\/\/api.w.org\/{rel}","templated":true}]}}