{"id":304048,"date":"2019-03-25T07:00:27","date_gmt":"2019-03-25T05:00:27","guid":{"rendered":"http:\/\/ugtcomunicaciones.es\/wordpress\/?p=304048"},"modified":"2019-03-18T11:35:29","modified_gmt":"2019-03-18T09:35:29","slug":"calidad-del-servicio-en-espana-3t2018-2","status":"publish","type":"post","link":"https:\/\/www.ugtcomunicaciones.es\/wordpress\/calidad-del-servicio-en-espana-3t2018-2\/","title":{"rendered":"Calidad del servicio en Espa\u00f1a, 3T2018"},"content":{"rendered":"\n<p class=\"justificado\">La Secretaria de Avance Digital (SEAD, antes conocida como SESIAD) elabora una serie de informes trimestrales<sup class=\"modern-footnotes-footnote \" data-mfn=\"1\" data-mfn-post-scope=\"00000000000041470000000000000000_304048\"><a href=\"javascript:void(0)\"  role=\"button\" aria-pressed=\"false\" aria-describedby=\"mfn-content-00000000000041470000000000000000_304048-1\">1<\/a><\/sup><span id=\"mfn-content-00000000000041470000000000000000_304048-1\" role=\"tooltip\" class=\"modern-footnotes-footnote__note\" tabindex=\"0\" data-mfn=\"1\"> <br><a href=\"http:\/\/www.minetad.gob.es\/telecomunicaciones\/es-ES\/Servicios\/CalidadServicio\/informes\/Paginas\/Informes09.aspx\">http:\/\/www.minetad.gob.es\/telecomunicaciones\/es-ES\/Servicios\/CalidadServicio\/informes\/Paginas\/Informes09.aspx<\/a><\/span> que miden, de forma comparable, la calidad que las operadoras de telecomunicaciones ofrecen a los ciudadanos\/as en Espa\u00f1a. Os hacemos llegar, a modo de resumen, aquellos par\u00e1metros que consideramos m\u00e1s relevantes para poder evaluar, de forma comparativa, la calidad que ofrecen los operadores espa\u00f1oles (nota: la l\u00ednea azul que se destaca en cada gr\u00e1fica corresponde a la media ponderada para cada par\u00e1metro, lo que permite visualizar, de un solo vistazo, si un operador se encuentra por encima, por debajo o en la media ponderada). Finalmente, puntualizar que los \u00fanicos operadores obligados legalmente a facilitar estos datos son aquellos que superan los 20 millones de euros de facturaci\u00f3n anual por la prestaci\u00f3n del servicio telef\u00f3nico fijo, telef\u00f3nico m\u00f3vil o de acceso a Internet, por lo que muchos operadores, especialmente de telefon\u00eda m\u00f3vil, no aparecer\u00e1n en las estad\u00edsticas. <\/p>\n\n\n\n<p class=\"justificado\"> T<strong>iempo de suministro de acceso a la red fija: <\/strong><em>Se define como el tiempo que transcurre desde el instante en que el operador recibe una solicitud v\u00e1lida de suministro del servicio telef\u00f3nico hasta el instante en el que el servicio se encuentra activado y disponible para su uso. Se facilita la medici\u00f3n del tiempo m\u00e1ximo para el 95% de las solicitudes de clientes residenciales con menores tiempos de suministro (percentil 95). Su medici\u00f3n se realiza a partir de los datos de todas las solicitudes de suministro realizadas en el trimestre.<\/em> <em><br> <\/em><\/p>\n\n\n\n<figure class=\"wp-block-image\"><img decoding=\"async\" width=\"609\" height=\"254\" data-src=\"http:\/\/ugtcomunicaciones.es\/wordpress\/wp-content\/uploads\/2019\/03\/calidad_1.jpg\" alt=\"\" class=\"wp-image-304049 lazyload\" data-srcset=\"https:\/\/www.ugtcomunicaciones.es\/wordpress\/wp-content\/uploads\/2019\/03\/calidad_1.jpg 609w, https:\/\/www.ugtcomunicaciones.es\/wordpress\/wp-content\/uploads\/2019\/03\/calidad_1-300x125.jpg 300w\" data-sizes=\"(max-width: 609px) 100vw, 609px\" src=\"data:image\/svg+xml;base64,PHN2ZyB3aWR0aD0iMSIgaGVpZ2h0PSIxIiB4bWxucz0iaHR0cDovL3d3dy53My5vcmcvMjAwMC9zdmciPjwvc3ZnPg==\" style=\"--smush-placeholder-width: 609px; --smush-placeholder-aspect-ratio: 609\/254;\" \/><\/figure>\n\n\n\n<div style=\"height:10px\" aria-hidden=\"true\" class=\"wp-block-spacer\"><\/div>\n\n\n\n<p><br><strong>Tiempo de suministro de accesos a Internet: <\/strong><em>Se define como el tiempo que transcurre desde el instante en el que el operador recibe una solicitud v\u00e1lida de suministro de un acceso a Internet sobre una l\u00ednea en servicio (normalmente, con servicio telef\u00f3nico) hasta el instante en el que el servicio se encuentra activado y disponible para su uso. Se excluye la provisi\u00f3n de accesos que requieran la instalaci\u00f3n de una nueva infraestructura para el suministro exclusivo de servicios de acceso a Internet, la provisi\u00f3n de accesos sobre tecnolog\u00edas de acceso conmutado (dial-up) y la provisi\u00f3n de accesos sobre tecnolog\u00edas que no sean consideradas como relevantes desde el punto de vista de su grado de implantaci\u00f3n en el mercado. Se facilita la medici\u00f3n del tiempo m\u00e1ximo para el 95% de las solicitudes de clientes residenciales con menores tiempos de suministro (percentil 95). Su medici\u00f3n se realiza a partir de los datos de todas las solicitudes de suministro atendidas en el <\/em>     <em>trimestre<\/em>. <\/p>\n\n\n\n<figure class=\"wp-block-image\"><img decoding=\"async\" width=\"642\" height=\"228\" data-src=\"http:\/\/ugtcomunicaciones.es\/wordpress\/wp-content\/uploads\/2019\/03\/calidad_2.jpg\" alt=\"\" class=\"wp-image-304050 lazyload\" data-srcset=\"https:\/\/www.ugtcomunicaciones.es\/wordpress\/wp-content\/uploads\/2019\/03\/calidad_2.jpg 642w, https:\/\/www.ugtcomunicaciones.es\/wordpress\/wp-content\/uploads\/2019\/03\/calidad_2-300x107.jpg 300w, https:\/\/www.ugtcomunicaciones.es\/wordpress\/wp-content\/uploads\/2019\/03\/calidad_2-640x228.jpg 640w\" data-sizes=\"(max-width: 642px) 100vw, 642px\" src=\"data:image\/svg+xml;base64,PHN2ZyB3aWR0aD0iMSIgaGVpZ2h0PSIxIiB4bWxucz0iaHR0cDovL3d3dy53My5vcmcvMjAwMC9zdmciPjwvc3ZnPg==\" style=\"--smush-placeholder-width: 642px; --smush-placeholder-aspect-ratio: 642\/228;\" \/><\/figure>\n\n\n\n<div style=\"height:10px\" aria-hidden=\"true\" class=\"wp-block-spacer\"><\/div>\n\n\n\n<p class=\"justificado\"><strong>Porcentaje\nde avisos de aver\u00eda por l\u00ednea de acceso fijo del servicio telef\u00f3nico fijo y\nservicio de acceso a Internet: <\/strong><em>Se define como la relaci\u00f3n entre los avisos v\u00e1lidos de\naver\u00eda comunicados por los clientes residenciales sobre posibles aver\u00edas en la\nred de acceso del operador y el n\u00famero medio de l\u00edneas en servicio. El n\u00famero\nmedio de l\u00edneas en servicio es obtenido a partir de las l\u00edneas sobre las que se\npresta el servicio telef\u00f3nico o el servicio de acceso a Internet, tanto si \u00e9ste\nes el \u00fanico servicio suministrado, como si sobre la l\u00ednea se proporcionan otros\nservicios. Los avisos de aver\u00eda contabilizados son los referidos al servicio\ntelef\u00f3nico fijo o al servicio de acceso a Internet. Su medici\u00f3n se realiza\ncontabilizando todos los avisos v\u00e1lidos de aver\u00eda recibidos durante el\ntrimestre y el resultado se expresa como un porcentaje<\/em>.<br><\/p>\n\n\n\n<figure class=\"wp-block-image\"><img decoding=\"async\" width=\"642\" height=\"309\" data-src=\"http:\/\/ugtcomunicaciones.es\/wordpress\/wp-content\/uploads\/2019\/03\/calidad_3.jpg\" alt=\"\" class=\"wp-image-304051 lazyload\" data-srcset=\"https:\/\/www.ugtcomunicaciones.es\/wordpress\/wp-content\/uploads\/2019\/03\/calidad_3.jpg 642w, https:\/\/www.ugtcomunicaciones.es\/wordpress\/wp-content\/uploads\/2019\/03\/calidad_3-300x144.jpg 300w, https:\/\/www.ugtcomunicaciones.es\/wordpress\/wp-content\/uploads\/2019\/03\/calidad_3-640x309.jpg 640w\" data-sizes=\"(max-width: 642px) 100vw, 642px\" src=\"data:image\/svg+xml;base64,PHN2ZyB3aWR0aD0iMSIgaGVpZ2h0PSIxIiB4bWxucz0iaHR0cDovL3d3dy53My5vcmcvMjAwMC9zdmciPjwvc3ZnPg==\" style=\"--smush-placeholder-width: 642px; --smush-placeholder-aspect-ratio: 642\/309;\" \/><\/figure>\n\n\n\n<div style=\"height:10px\" aria-hidden=\"true\" class=\"wp-block-spacer\"><\/div>\n\n\n\n<figure class=\"wp-block-image\"><img decoding=\"async\" width=\"642\" height=\"307\" data-src=\"http:\/\/ugtcomunicaciones.es\/wordpress\/wp-content\/uploads\/2019\/03\/calidad_4.jpg\" alt=\"\" class=\"wp-image-304052 lazyload\" data-srcset=\"https:\/\/www.ugtcomunicaciones.es\/wordpress\/wp-content\/uploads\/2019\/03\/calidad_4.jpg 642w, https:\/\/www.ugtcomunicaciones.es\/wordpress\/wp-content\/uploads\/2019\/03\/calidad_4-300x143.jpg 300w, https:\/\/www.ugtcomunicaciones.es\/wordpress\/wp-content\/uploads\/2019\/03\/calidad_4-640x307.jpg 640w\" data-sizes=\"(max-width: 642px) 100vw, 642px\" src=\"data:image\/svg+xml;base64,PHN2ZyB3aWR0aD0iMSIgaGVpZ2h0PSIxIiB4bWxucz0iaHR0cDovL3d3dy53My5vcmcvMjAwMC9zdmciPjwvc3ZnPg==\" style=\"--smush-placeholder-width: 642px; --smush-placeholder-aspect-ratio: 642\/307;\" \/><\/figure>\n\n\n\n<div style=\"height:10px\" aria-hidden=\"true\" class=\"wp-block-spacer\"><\/div>\n\n\n\n<p class=\"justificado\"><strong>Tiempo de\nreparaci\u00f3n de aver\u00edas para l\u00edneas de acceso fijo del servicio telef\u00f3nico fijo y\nservicio de acceso a Internet: <\/strong><em>Se define como el tiempo transcurrido desde el\ninstante en el que se ha notificado por el cliente un aviso de aver\u00eda hasta el\nmomento en que el elemento del servicio, o servicios, se ha restablecido a su\nnormal funcionamiento. Se contemplan las siguientes mediciones:<\/em><\/p>\n\n\n\n<p class=\"justificado\"><em>&#8211; Tiempo m\u00e1ximo para la resoluci\u00f3n del 95% de aver\u00edas\nde menor duraci\u00f3n (percentil 95).<\/em><\/p>\n\n\n\n<p class=\"justificado\"><em>&#8211; Porcentaje de aver\u00edas reparadas en el plazo objetivo\nestablecido por el operador, con indicaci\u00f3n de dicho plazo.<\/em><\/p>\n\n\n\n<p class=\"justificado\">\n \n \n<em>Su medici\u00f3n\nse realiza a partir de los datos de todas las aver\u00edas que afecten al servicio\ntelef\u00f3nico fijo o al servicio de acceso a Internet reparadas en el trimestre.<\/em><strong><em> <\/em><\/strong><\/p>\n\n\n\n<figure class=\"wp-block-image\"><img decoding=\"async\" width=\"576\" height=\"265\" data-src=\"http:\/\/ugtcomunicaciones.es\/wordpress\/wp-content\/uploads\/2019\/03\/calidad_5.jpg\" alt=\"\" class=\"wp-image-304053 lazyload\" data-srcset=\"https:\/\/www.ugtcomunicaciones.es\/wordpress\/wp-content\/uploads\/2019\/03\/calidad_5.jpg 576w, https:\/\/www.ugtcomunicaciones.es\/wordpress\/wp-content\/uploads\/2019\/03\/calidad_5-300x138.jpg 300w\" data-sizes=\"(max-width: 576px) 100vw, 576px\" src=\"data:image\/svg+xml;base64,PHN2ZyB3aWR0aD0iMSIgaGVpZ2h0PSIxIiB4bWxucz0iaHR0cDovL3d3dy53My5vcmcvMjAwMC9zdmciPjwvc3ZnPg==\" style=\"--smush-placeholder-width: 576px; --smush-placeholder-aspect-ratio: 576\/265;\" \/><\/figure>\n\n\n\n<div style=\"height:10px\" aria-hidden=\"true\" class=\"wp-block-spacer\"><\/div>\n\n\n\n<figure class=\"wp-block-image\"><img decoding=\"async\" width=\"551\" height=\"256\" data-src=\"http:\/\/ugtcomunicaciones.es\/wordpress\/wp-content\/uploads\/2019\/03\/calidad_6.jpg\" alt=\"\" class=\"wp-image-304067 lazyload\" data-srcset=\"https:\/\/www.ugtcomunicaciones.es\/wordpress\/wp-content\/uploads\/2019\/03\/calidad_6.jpg 551w, https:\/\/www.ugtcomunicaciones.es\/wordpress\/wp-content\/uploads\/2019\/03\/calidad_6-300x139.jpg 300w\" data-sizes=\"(max-width: 551px) 100vw, 551px\" src=\"data:image\/svg+xml;base64,PHN2ZyB3aWR0aD0iMSIgaGVpZ2h0PSIxIiB4bWxucz0iaHR0cDovL3d3dy53My5vcmcvMjAwMC9zdmciPjwvc3ZnPg==\" style=\"--smush-placeholder-width: 551px; --smush-placeholder-aspect-ratio: 551\/256;\" \/><\/figure>\n\n\n\n<div style=\"height:10px\" aria-hidden=\"true\" class=\"wp-block-spacer\"><\/div>\n\n\n\n<p class=\"justificado\">     <strong><br> Frecuencia de reclamaciones de los clientes: <\/strong><em>Se define como la relaci\u00f3n entre en total de reclamaciones relativas al servicio telef\u00f3nico y\/o al servicio de acceso a Internet, realizadas por los clientes residenciales, y el n\u00famero medio de clientes residenciales activos en el trimestre. Su medici\u00f3n se realiza a partir de los datos de todas las reclamaciones presentadas por los clientes residenciales, por tel\u00e9fono, fax, correo, e-mail, etc. durante el trimestre. A estos efectos se considera como reclamaci\u00f3n cualquier expresi\u00f3n de insatisfacci\u00f3n o una observaci\u00f3n negativa del cliente referida a los mencionados servicios. No debe confundirse con una petici\u00f3n de informaci\u00f3n, consulta t\u00e9cnica o aclaraci\u00f3n solicitada por el cliente a su operador. No se considerar\u00e1 como reclamaci\u00f3n la comunicaci\u00f3n de una aver\u00eda, aunque s\u00ed la reclamaci\u00f3n de un aviso de aver\u00eda. Se <\/em>e<em>fect\u00faan mediciones separadas de este par\u00e1metro para el servicio fijo y el servicio m\u00f3vil.<\/em><strong><br> <\/strong><\/p>\n\n\n\n<figure class=\"wp-block-image\"><img decoding=\"async\" width=\"642\" height=\"195\" data-src=\"http:\/\/ugtcomunicaciones.es\/wordpress\/wp-content\/uploads\/2019\/03\/calidad_7.jpg\" alt=\"\" class=\"wp-image-304068 lazyload\" data-srcset=\"https:\/\/www.ugtcomunicaciones.es\/wordpress\/wp-content\/uploads\/2019\/03\/calidad_7.jpg 642w, https:\/\/www.ugtcomunicaciones.es\/wordpress\/wp-content\/uploads\/2019\/03\/calidad_7-300x91.jpg 300w, https:\/\/www.ugtcomunicaciones.es\/wordpress\/wp-content\/uploads\/2019\/03\/calidad_7-640x195.jpg 640w\" data-sizes=\"(max-width: 642px) 100vw, 642px\" src=\"data:image\/svg+xml;base64,PHN2ZyB3aWR0aD0iMSIgaGVpZ2h0PSIxIiB4bWxucz0iaHR0cDovL3d3dy53My5vcmcvMjAwMC9zdmciPjwvc3ZnPg==\" style=\"--smush-placeholder-width: 642px; --smush-placeholder-aspect-ratio: 642\/195;\" \/><\/figure>\n\n\n\n<div style=\"height:10px\" aria-hidden=\"true\" class=\"wp-block-spacer\"><\/div>\n\n\n\n<figure class=\"wp-block-image\"><img decoding=\"async\" width=\"642\" height=\"231\" data-src=\"http:\/\/ugtcomunicaciones.es\/wordpress\/wp-content\/uploads\/2019\/03\/calidad_8.jpg\" alt=\"\" class=\"wp-image-304069 lazyload\" data-srcset=\"https:\/\/www.ugtcomunicaciones.es\/wordpress\/wp-content\/uploads\/2019\/03\/calidad_8.jpg 642w, https:\/\/www.ugtcomunicaciones.es\/wordpress\/wp-content\/uploads\/2019\/03\/calidad_8-300x108.jpg 300w, https:\/\/www.ugtcomunicaciones.es\/wordpress\/wp-content\/uploads\/2019\/03\/calidad_8-640x231.jpg 640w\" data-sizes=\"(max-width: 642px) 100vw, 642px\" src=\"data:image\/svg+xml;base64,PHN2ZyB3aWR0aD0iMSIgaGVpZ2h0PSIxIiB4bWxucz0iaHR0cDovL3d3dy53My5vcmcvMjAwMC9zdmciPjwvc3ZnPg==\" style=\"--smush-placeholder-width: 642px; --smush-placeholder-aspect-ratio: 642\/231;\" \/><\/figure>\n\n\n\n<div style=\"height:10px\" aria-hidden=\"true\" class=\"wp-block-spacer\"><\/div>\n\n\n\n<p class=\"justificado\"><strong>Tiempo de resoluci\u00f3n de reclamaciones de los clientes: <\/strong><em>Se\ndefine como el tiempo transcurrido entre\nla presentaci\u00f3n por parte de un cliente residencial de una reclamaci\u00f3n relativa\nal servicio telef\u00f3nico y\/o al\nservicio de acceso a Internet y la resoluci\u00f3n por el operador de dicha reclamaci\u00f3n. Su medici\u00f3n se realiza\na partir de los datos de todas las reclamaciones resueltas durante el trimestre. Se ordenan de menor a mayor tiempo de resoluci\u00f3n y se toma el registro correspondiente al 95 % de todas las reclamaciones. El valor de este registro\n(percentil 95) es el valor que publica el operador.<\/em><em>\nSe efect\u00faan mediciones separadas de este par\u00e1metro para el servicio fijo y el\nservicio <\/em>\n \n \n<em>m\u00f3vil.<\/em><\/p>\n\n\n\n<figure class=\"wp-block-image\"><img decoding=\"async\" width=\"642\" height=\"254\" data-src=\"http:\/\/ugtcomunicaciones.es\/wordpress\/wp-content\/uploads\/2019\/03\/calidad_9.jpg\" alt=\"\" class=\"wp-image-304070 lazyload\" data-srcset=\"https:\/\/www.ugtcomunicaciones.es\/wordpress\/wp-content\/uploads\/2019\/03\/calidad_9.jpg 642w, https:\/\/www.ugtcomunicaciones.es\/wordpress\/wp-content\/uploads\/2019\/03\/calidad_9-300x119.jpg 300w, https:\/\/www.ugtcomunicaciones.es\/wordpress\/wp-content\/uploads\/2019\/03\/calidad_9-640x254.jpg 640w\" data-sizes=\"(max-width: 642px) 100vw, 642px\" src=\"data:image\/svg+xml;base64,PHN2ZyB3aWR0aD0iMSIgaGVpZ2h0PSIxIiB4bWxucz0iaHR0cDovL3d3dy53My5vcmcvMjAwMC9zdmciPjwvc3ZnPg==\" style=\"--smush-placeholder-width: 642px; --smush-placeholder-aspect-ratio: 642\/254;\" \/><\/figure>\n\n\n\n<div style=\"height:10px\" aria-hidden=\"true\" class=\"wp-block-spacer\"><\/div>\n\n\n\n<figure class=\"wp-block-image\"><img decoding=\"async\" width=\"642\" height=\"254\" data-src=\"http:\/\/ugtcomunicaciones.es\/wordpress\/wp-content\/uploads\/2019\/03\/calidad_10.jpg\" alt=\"\" class=\"wp-image-304071 lazyload\" data-srcset=\"https:\/\/www.ugtcomunicaciones.es\/wordpress\/wp-content\/uploads\/2019\/03\/calidad_10.jpg 642w, https:\/\/www.ugtcomunicaciones.es\/wordpress\/wp-content\/uploads\/2019\/03\/calidad_10-300x119.jpg 300w, https:\/\/www.ugtcomunicaciones.es\/wordpress\/wp-content\/uploads\/2019\/03\/calidad_10-640x254.jpg 640w\" data-sizes=\"(max-width: 642px) 100vw, 642px\" src=\"data:image\/svg+xml;base64,PHN2ZyB3aWR0aD0iMSIgaGVpZ2h0PSIxIiB4bWxucz0iaHR0cDovL3d3dy53My5vcmcvMjAwMC9zdmciPjwvc3ZnPg==\" style=\"--smush-placeholder-width: 642px; --smush-placeholder-aspect-ratio: 642\/254;\" \/><\/figure>\n\n\n\n<div style=\"height:10px\" aria-hidden=\"true\" class=\"wp-block-spacer\"><\/div>\n\n\n\n<p class=\"justificado\"><strong>Reclamaciones sobre correcci\u00f3n de\nfacturas: <\/strong><em>Relaci\u00f3n entre las facturas que han sido objeto de\nreclamaci\u00f3n sobre su contenido, realizadas por los clientes residenciales,\nrelativas al servicio telef\u00f3nico y\/o al servicio de acceso a Internet y el\nn\u00famero total de facturas emitidas a estos clientes. Su medida se realiza\ncontabilizando el n\u00famero de facturas reclamadas por alg\u00fan aspecto relativo a su\ncontenido durante el trimestre y se expresa en porcentaje.<\/em><strong><em> <\/em><\/strong><em>Se\nefect\u00faan mediciones separadas de este par\u00e1metro para el servicio fijo y el\nservicio m\u00f3vil.<\/em><\/p>\n\n\n\n<figure class=\"wp-block-image\"><img decoding=\"async\" width=\"642\" height=\"257\" data-src=\"http:\/\/ugtcomunicaciones.es\/wordpress\/wp-content\/uploads\/2019\/03\/calidad_11.jpg\" alt=\"\" class=\"wp-image-304072 lazyload\" data-srcset=\"https:\/\/www.ugtcomunicaciones.es\/wordpress\/wp-content\/uploads\/2019\/03\/calidad_11.jpg 642w, https:\/\/www.ugtcomunicaciones.es\/wordpress\/wp-content\/uploads\/2019\/03\/calidad_11-300x120.jpg 300w, https:\/\/www.ugtcomunicaciones.es\/wordpress\/wp-content\/uploads\/2019\/03\/calidad_11-640x257.jpg 640w\" data-sizes=\"(max-width: 642px) 100vw, 642px\" src=\"data:image\/svg+xml;base64,PHN2ZyB3aWR0aD0iMSIgaGVpZ2h0PSIxIiB4bWxucz0iaHR0cDovL3d3dy53My5vcmcvMjAwMC9zdmciPjwvc3ZnPg==\" style=\"--smush-placeholder-width: 642px; --smush-placeholder-aspect-ratio: 642\/257;\" \/><\/figure>\n\n\n\n<div style=\"height:10px\" aria-hidden=\"true\" class=\"wp-block-spacer\"><\/div>\n\n\n\n<figure class=\"wp-block-image\"><img decoding=\"async\" width=\"642\" height=\"250\" data-src=\"http:\/\/ugtcomunicaciones.es\/wordpress\/wp-content\/uploads\/2019\/03\/calidad_12.jpg\" alt=\"\" class=\"wp-image-304073 lazyload\" data-srcset=\"https:\/\/www.ugtcomunicaciones.es\/wordpress\/wp-content\/uploads\/2019\/03\/calidad_12.jpg 642w, https:\/\/www.ugtcomunicaciones.es\/wordpress\/wp-content\/uploads\/2019\/03\/calidad_12-300x117.jpg 300w, https:\/\/www.ugtcomunicaciones.es\/wordpress\/wp-content\/uploads\/2019\/03\/calidad_12-640x250.jpg 640w\" data-sizes=\"(max-width: 642px) 100vw, 642px\" src=\"data:image\/svg+xml;base64,PHN2ZyB3aWR0aD0iMSIgaGVpZ2h0PSIxIiB4bWxucz0iaHR0cDovL3d3dy53My5vcmcvMjAwMC9zdmciPjwvc3ZnPg==\" style=\"--smush-placeholder-width: 642px; --smush-placeholder-aspect-ratio: 642\/250;\" \/><\/figure>\n\n\n\n<div style=\"height:10px\" aria-hidden=\"true\" class=\"wp-block-spacer\"><\/div>\n\n\n\n<p class=\"justificado\"> V<strong>elocidad media global del servicio fijo de acceso a Internet: <\/strong><em>Se obtiene ponderando los valores de velocidad media publicados por cada operador con el n\u00famero total de clientes para cada servicio de acceso a Internet. <\/em><\/p>\n\n\n\n<figure class=\"wp-block-image\"><img decoding=\"async\" width=\"642\" height=\"112\" data-src=\"http:\/\/ugtcomunicaciones.es\/wordpress\/wp-content\/uploads\/2019\/03\/calidad_13.jpg\" alt=\"\" class=\"wp-image-304074 lazyload\" data-srcset=\"https:\/\/www.ugtcomunicaciones.es\/wordpress\/wp-content\/uploads\/2019\/03\/calidad_13.jpg 642w, https:\/\/www.ugtcomunicaciones.es\/wordpress\/wp-content\/uploads\/2019\/03\/calidad_13-300x52.jpg 300w, https:\/\/www.ugtcomunicaciones.es\/wordpress\/wp-content\/uploads\/2019\/03\/calidad_13-640x112.jpg 640w\" data-sizes=\"(max-width: 642px) 100vw, 642px\" src=\"data:image\/svg+xml;base64,PHN2ZyB3aWR0aD0iMSIgaGVpZ2h0PSIxIiB4bWxucz0iaHR0cDovL3d3dy53My5vcmcvMjAwMC9zdmciPjwvc3ZnPg==\" style=\"--smush-placeholder-width: 642px; --smush-placeholder-aspect-ratio: 642\/112;\" \/><\/figure>\n\n\n\n<div style=\"height:10px\" aria-hidden=\"true\" class=\"wp-block-spacer\"><\/div>\n\n\n\n<p class=\"justificado\"><strong>V<\/strong>e<strong>locidad media global del servicio m\u00f3vil de acceso a Internet: <\/strong><em>Se obtiene ponderando los valores de velocidad media publicados por cada operador con el n\u00famero total de clientes para cada servicio de acceso a Internet.<\/em><br><\/p>\n\n\n\n<figure class=\"wp-block-image\"><img decoding=\"async\" width=\"642\" height=\"111\" data-src=\"http:\/\/ugtcomunicaciones.es\/wordpress\/wp-content\/uploads\/2019\/03\/calidad_14.jpg\" alt=\"\" class=\"wp-image-304075 lazyload\" data-srcset=\"https:\/\/www.ugtcomunicaciones.es\/wordpress\/wp-content\/uploads\/2019\/03\/calidad_14.jpg 642w, https:\/\/www.ugtcomunicaciones.es\/wordpress\/wp-content\/uploads\/2019\/03\/calidad_14-300x52.jpg 300w, https:\/\/www.ugtcomunicaciones.es\/wordpress\/wp-content\/uploads\/2019\/03\/calidad_14-640x111.jpg 640w\" data-sizes=\"(max-width: 642px) 100vw, 642px\" src=\"data:image\/svg+xml;base64,PHN2ZyB3aWR0aD0iMSIgaGVpZ2h0PSIxIiB4bWxucz0iaHR0cDovL3d3dy53My5vcmcvMjAwMC9zdmciPjwvc3ZnPg==\" style=\"--smush-placeholder-width: 642px; --smush-placeholder-aspect-ratio: 642\/111;\" \/><\/figure>\n\n\n\n<hr class=\"wp-block-separator\"\/>\n\n\n\n<h3 style=\"text-align: right;\"><strong><span style=\"color: #ff0000;\">UGT<\/span> Comunicaciones<\/strong><br><strong>Sector Estatal<\/strong><\/h3>\n","protected":false},"excerpt":{"rendered":"<p>La Secretaria de Avance Digital (SEAD, antes conocida como SESIAD) elabora una serie de informes trimestrales que miden, de forma comparable, la calidad que las operadoras de telecomunicaciones ofrecen a los ciudadanos\/as en Espa\u00f1a. Os hacemos llegar, a modo de resumen, aquellos par\u00e1metros que consideramos m\u00e1s relevantes para poder evaluar, de forma comparativa, la calidad [&hellip;]<\/p>\n","protected":false},"author":3,"featured_media":227619,"comment_status":"closed","ping_status":"closed","sticky":false,"template":"","format":"standard","meta":{"footnotes":""},"categories":[15,12],"tags":[],"class_list":["post-304048","post","type-post","status-publish","format-standard","has-post-thumbnail","hentry","category-competencia","category-regulacion"],"yoast_head":"<!-- This site is optimized with the Yoast SEO Premium plugin v27.3 (Yoast SEO v27.4) - https:\/\/yoast.com\/product\/yoast-seo-premium-wordpress\/ -->\n<title>Calidad del servicio en Espa\u00f1a, 3T2018 - UGT Comunicaciones<\/title>\n<meta name=\"description\" content=\"La Secretaria de Avance Digital (SEAD, antes conocida como SESIAD) elabora una serie de informes trimestrales que miden, de forma comparable, la calidad...\" \/>\n<meta name=\"robots\" content=\"index, follow, max-snippet:-1, max-image-preview:large, max-video-preview:-1\" \/>\n<link rel=\"canonical\" href=\"https:\/\/www.ugtcomunicaciones.es\/wordpress\/calidad-del-servicio-en-espana-3t2018-2\/\" \/>\n<meta property=\"og:locale\" content=\"es_ES\" \/>\n<meta property=\"og:type\" content=\"article\" \/>\n<meta property=\"og:title\" content=\"Calidad del servicio en Espa\u00f1a, 3T2018\" \/>\n<meta property=\"og:description\" content=\"La Secretaria de Avance Digital (SEAD, antes conocida como SESIAD) elabora una serie de informes trimestrales que miden, de forma comparable, la calidad...\" \/>\n<meta property=\"og:url\" content=\"https:\/\/www.ugtcomunicaciones.es\/wordpress\/calidad-del-servicio-en-espana-3t2018-2\/\" \/>\n<meta property=\"og:site_name\" content=\"UGT Comunicaciones\" \/>\n<meta property=\"article:publisher\" content=\"https:\/\/www.facebook.com\/ugt.comunicaciones\/\" \/>\n<meta property=\"article:published_time\" content=\"2019-03-25T05:00:27+00:00\" \/>\n<meta property=\"og:image\" content=\"https:\/\/www.ugtcomunicaciones.es\/wordpress\/wp-content\/uploads\/2018\/10\/calidad-servicio_15-1-e1539691531693.jpg\" \/>\n\t<meta property=\"og:image:width\" content=\"300\" \/>\n\t<meta property=\"og:image:height\" content=\"200\" \/>\n\t<meta property=\"og:image:type\" content=\"image\/jpeg\" \/>\n<meta name=\"author\" content=\"UGT\" \/>\n<meta name=\"twitter:card\" content=\"summary_large_image\" \/>\n<meta name=\"twitter:creator\" content=\"@ugtcom\" \/>\n<meta name=\"twitter:site\" content=\"@ugtcom\" \/>\n<meta name=\"twitter:label1\" content=\"Escrito por\" \/>\n\t<meta name=\"twitter:data1\" content=\"UGT\" \/>\n\t<meta name=\"twitter:label2\" content=\"Tiempo de lectura\" \/>\n\t<meta name=\"twitter:data2\" content=\"6 minutos\" \/>\n<script type=\"application\/ld+json\" class=\"yoast-schema-graph\">{\"@context\":\"https:\\\/\\\/schema.org\",\"@graph\":[{\"@type\":\"Article\",\"@id\":\"https:\\\/\\\/www.ugtcomunicaciones.es\\\/wordpress\\\/calidad-del-servicio-en-espana-3t2018-2\\\/#article\",\"isPartOf\":{\"@id\":\"https:\\\/\\\/www.ugtcomunicaciones.es\\\/wordpress\\\/calidad-del-servicio-en-espana-3t2018-2\\\/\"},\"author\":{\"name\":\"UGT\",\"@id\":\"https:\\\/\\\/www.ugtcomunicaciones.es\\\/wordpress\\\/#\\\/schema\\\/person\\\/eba0fc3fe5b444531d94d4368cba89ed\"},\"headline\":\"Calidad del servicio en Espa\u00f1a, 3T2018\",\"datePublished\":\"2019-03-25T05:00:27+00:00\",\"mainEntityOfPage\":{\"@id\":\"https:\\\/\\\/www.ugtcomunicaciones.es\\\/wordpress\\\/calidad-del-servicio-en-espana-3t2018-2\\\/\"},\"wordCount\":1213,\"publisher\":{\"@id\":\"https:\\\/\\\/www.ugtcomunicaciones.es\\\/wordpress\\\/#organization\"},\"image\":{\"@id\":\"https:\\\/\\\/www.ugtcomunicaciones.es\\\/wordpress\\\/calidad-del-servicio-en-espana-3t2018-2\\\/#primaryimage\"},\"thumbnailUrl\":\"https:\\\/\\\/www.ugtcomunicaciones.es\\\/wordpress\\\/wp-content\\\/uploads\\\/2018\\\/10\\\/calidad-servicio_15-1-e1539691531693.jpg\",\"articleSection\":[\"Competencia\",\"Regulaci\u00f3n\"],\"inLanguage\":\"es\"},{\"@type\":\"WebPage\",\"@id\":\"https:\\\/\\\/www.ugtcomunicaciones.es\\\/wordpress\\\/calidad-del-servicio-en-espana-3t2018-2\\\/\",\"url\":\"https:\\\/\\\/www.ugtcomunicaciones.es\\\/wordpress\\\/calidad-del-servicio-en-espana-3t2018-2\\\/\",\"name\":\"Calidad del servicio en Espa\u00f1a, 3T2018 - UGT Comunicaciones\",\"isPartOf\":{\"@id\":\"https:\\\/\\\/www.ugtcomunicaciones.es\\\/wordpress\\\/#website\"},\"primaryImageOfPage\":{\"@id\":\"https:\\\/\\\/www.ugtcomunicaciones.es\\\/wordpress\\\/calidad-del-servicio-en-espana-3t2018-2\\\/#primaryimage\"},\"image\":{\"@id\":\"https:\\\/\\\/www.ugtcomunicaciones.es\\\/wordpress\\\/calidad-del-servicio-en-espana-3t2018-2\\\/#primaryimage\"},\"thumbnailUrl\":\"https:\\\/\\\/www.ugtcomunicaciones.es\\\/wordpress\\\/wp-content\\\/uploads\\\/2018\\\/10\\\/calidad-servicio_15-1-e1539691531693.jpg\",\"datePublished\":\"2019-03-25T05:00:27+00:00\",\"description\":\"La Secretaria de Avance Digital (SEAD, antes conocida como SESIAD) elabora una serie de informes trimestrales que miden, de forma comparable, la calidad...\",\"breadcrumb\":{\"@id\":\"https:\\\/\\\/www.ugtcomunicaciones.es\\\/wordpress\\\/calidad-del-servicio-en-espana-3t2018-2\\\/#breadcrumb\"},\"inLanguage\":\"es\",\"potentialAction\":[{\"@type\":\"ReadAction\",\"target\":[\"https:\\\/\\\/www.ugtcomunicaciones.es\\\/wordpress\\\/calidad-del-servicio-en-espana-3t2018-2\\\/\"]}]},{\"@type\":\"ImageObject\",\"inLanguage\":\"es\",\"@id\":\"https:\\\/\\\/www.ugtcomunicaciones.es\\\/wordpress\\\/calidad-del-servicio-en-espana-3t2018-2\\\/#primaryimage\",\"url\":\"https:\\\/\\\/www.ugtcomunicaciones.es\\\/wordpress\\\/wp-content\\\/uploads\\\/2018\\\/10\\\/calidad-servicio_15-1-e1539691531693.jpg\",\"contentUrl\":\"https:\\\/\\\/www.ugtcomunicaciones.es\\\/wordpress\\\/wp-content\\\/uploads\\\/2018\\\/10\\\/calidad-servicio_15-1-e1539691531693.jpg\",\"width\":300,\"height\":200,\"caption\":\"calidad servicio_15\"},{\"@type\":\"BreadcrumbList\",\"@id\":\"https:\\\/\\\/www.ugtcomunicaciones.es\\\/wordpress\\\/calidad-del-servicio-en-espana-3t2018-2\\\/#breadcrumb\",\"itemListElement\":[{\"@type\":\"ListItem\",\"position\":1,\"name\":\"Portada\",\"item\":\"https:\\\/\\\/www.ugtcomunicaciones.es\\\/wordpress\\\/\"},{\"@type\":\"ListItem\",\"position\":2,\"name\":\"Calidad del servicio en Espa\u00f1a, 3T2018\"}]},{\"@type\":\"WebSite\",\"@id\":\"https:\\\/\\\/www.ugtcomunicaciones.es\\\/wordpress\\\/#website\",\"url\":\"https:\\\/\\\/www.ugtcomunicaciones.es\\\/wordpress\\\/\",\"name\":\"UGT Comunicaciones\",\"description\":\"Sindicato de Telecomunicaciones\",\"publisher\":{\"@id\":\"https:\\\/\\\/www.ugtcomunicaciones.es\\\/wordpress\\\/#organization\"},\"potentialAction\":[{\"@type\":\"SearchAction\",\"target\":{\"@type\":\"EntryPoint\",\"urlTemplate\":\"https:\\\/\\\/www.ugtcomunicaciones.es\\\/wordpress\\\/?s={search_term_string}\"},\"query-input\":{\"@type\":\"PropertyValueSpecification\",\"valueRequired\":true,\"valueName\":\"search_term_string\"}}],\"inLanguage\":\"es\"},{\"@type\":\"Organization\",\"@id\":\"https:\\\/\\\/www.ugtcomunicaciones.es\\\/wordpress\\\/#organization\",\"name\":\"UGT Comunicaciones\",\"url\":\"https:\\\/\\\/www.ugtcomunicaciones.es\\\/wordpress\\\/\",\"logo\":{\"@type\":\"ImageObject\",\"inLanguage\":\"es\",\"@id\":\"https:\\\/\\\/www.ugtcomunicaciones.es\\\/wordpress\\\/#\\\/schema\\\/logo\\\/image\\\/\",\"url\":\"https:\\\/\\\/www.ugtcomunicaciones.es\\\/wordpress\\\/wp-content\\\/uploads\\\/2024\\\/04\\\/comunicaciones_logo.png\",\"contentUrl\":\"https:\\\/\\\/www.ugtcomunicaciones.es\\\/wordpress\\\/wp-content\\\/uploads\\\/2024\\\/04\\\/comunicaciones_logo.png\",\"width\":298,\"height\":81,\"caption\":\"UGT Comunicaciones\"},\"image\":{\"@id\":\"https:\\\/\\\/www.ugtcomunicaciones.es\\\/wordpress\\\/#\\\/schema\\\/logo\\\/image\\\/\"},\"sameAs\":[\"https:\\\/\\\/www.facebook.com\\\/ugt.comunicaciones\\\/\",\"https:\\\/\\\/x.com\\\/ugtcom\"]},{\"@type\":\"Person\",\"@id\":\"https:\\\/\\\/www.ugtcomunicaciones.es\\\/wordpress\\\/#\\\/schema\\\/person\\\/eba0fc3fe5b444531d94d4368cba89ed\",\"name\":\"UGT\",\"image\":{\"@type\":\"ImageObject\",\"inLanguage\":\"es\",\"@id\":\"https:\\\/\\\/secure.gravatar.com\\\/avatar\\\/2a16057d620a4c646bcfc171c4f23030879ebbdd346f0525bd5d4a564e57e13d?s=96&d=mm&r=g\",\"url\":\"https:\\\/\\\/secure.gravatar.com\\\/avatar\\\/2a16057d620a4c646bcfc171c4f23030879ebbdd346f0525bd5d4a564e57e13d?s=96&d=mm&r=g\",\"contentUrl\":\"https:\\\/\\\/secure.gravatar.com\\\/avatar\\\/2a16057d620a4c646bcfc171c4f23030879ebbdd346f0525bd5d4a564e57e13d?s=96&d=mm&r=g\",\"caption\":\"UGT\"}}]}<\/script>\n<!-- \/ Yoast SEO Premium plugin. -->","yoast_head_json":{"title":"Calidad del servicio en Espa\u00f1a, 3T2018 - UGT Comunicaciones","description":"La Secretaria de Avance Digital (SEAD, antes conocida como SESIAD) elabora una serie de informes trimestrales que miden, de forma comparable, la calidad...","robots":{"index":"index","follow":"follow","max-snippet":"max-snippet:-1","max-image-preview":"max-image-preview:large","max-video-preview":"max-video-preview:-1"},"canonical":"https:\/\/www.ugtcomunicaciones.es\/wordpress\/calidad-del-servicio-en-espana-3t2018-2\/","og_locale":"es_ES","og_type":"article","og_title":"Calidad del servicio en Espa\u00f1a, 3T2018","og_description":"La Secretaria de Avance Digital (SEAD, antes conocida como SESIAD) elabora una serie de informes trimestrales que miden, de forma comparable, la calidad...","og_url":"https:\/\/www.ugtcomunicaciones.es\/wordpress\/calidad-del-servicio-en-espana-3t2018-2\/","og_site_name":"UGT Comunicaciones","article_publisher":"https:\/\/www.facebook.com\/ugt.comunicaciones\/","article_published_time":"2019-03-25T05:00:27+00:00","og_image":[{"width":300,"height":200,"url":"https:\/\/www.ugtcomunicaciones.es\/wordpress\/wp-content\/uploads\/2018\/10\/calidad-servicio_15-1-e1539691531693.jpg","type":"image\/jpeg"}],"author":"UGT","twitter_card":"summary_large_image","twitter_creator":"@ugtcom","twitter_site":"@ugtcom","twitter_misc":{"Escrito por":"UGT","Tiempo de lectura":"6 minutos"},"schema":{"@context":"https:\/\/schema.org","@graph":[{"@type":"Article","@id":"https:\/\/www.ugtcomunicaciones.es\/wordpress\/calidad-del-servicio-en-espana-3t2018-2\/#article","isPartOf":{"@id":"https:\/\/www.ugtcomunicaciones.es\/wordpress\/calidad-del-servicio-en-espana-3t2018-2\/"},"author":{"name":"UGT","@id":"https:\/\/www.ugtcomunicaciones.es\/wordpress\/#\/schema\/person\/eba0fc3fe5b444531d94d4368cba89ed"},"headline":"Calidad del servicio en Espa\u00f1a, 3T2018","datePublished":"2019-03-25T05:00:27+00:00","mainEntityOfPage":{"@id":"https:\/\/www.ugtcomunicaciones.es\/wordpress\/calidad-del-servicio-en-espana-3t2018-2\/"},"wordCount":1213,"publisher":{"@id":"https:\/\/www.ugtcomunicaciones.es\/wordpress\/#organization"},"image":{"@id":"https:\/\/www.ugtcomunicaciones.es\/wordpress\/calidad-del-servicio-en-espana-3t2018-2\/#primaryimage"},"thumbnailUrl":"https:\/\/www.ugtcomunicaciones.es\/wordpress\/wp-content\/uploads\/2018\/10\/calidad-servicio_15-1-e1539691531693.jpg","articleSection":["Competencia","Regulaci\u00f3n"],"inLanguage":"es"},{"@type":"WebPage","@id":"https:\/\/www.ugtcomunicaciones.es\/wordpress\/calidad-del-servicio-en-espana-3t2018-2\/","url":"https:\/\/www.ugtcomunicaciones.es\/wordpress\/calidad-del-servicio-en-espana-3t2018-2\/","name":"Calidad del servicio en Espa\u00f1a, 3T2018 - UGT Comunicaciones","isPartOf":{"@id":"https:\/\/www.ugtcomunicaciones.es\/wordpress\/#website"},"primaryImageOfPage":{"@id":"https:\/\/www.ugtcomunicaciones.es\/wordpress\/calidad-del-servicio-en-espana-3t2018-2\/#primaryimage"},"image":{"@id":"https:\/\/www.ugtcomunicaciones.es\/wordpress\/calidad-del-servicio-en-espana-3t2018-2\/#primaryimage"},"thumbnailUrl":"https:\/\/www.ugtcomunicaciones.es\/wordpress\/wp-content\/uploads\/2018\/10\/calidad-servicio_15-1-e1539691531693.jpg","datePublished":"2019-03-25T05:00:27+00:00","description":"La Secretaria de Avance Digital (SEAD, antes conocida como SESIAD) elabora una serie de informes trimestrales que miden, de forma comparable, la calidad...","breadcrumb":{"@id":"https:\/\/www.ugtcomunicaciones.es\/wordpress\/calidad-del-servicio-en-espana-3t2018-2\/#breadcrumb"},"inLanguage":"es","potentialAction":[{"@type":"ReadAction","target":["https:\/\/www.ugtcomunicaciones.es\/wordpress\/calidad-del-servicio-en-espana-3t2018-2\/"]}]},{"@type":"ImageObject","inLanguage":"es","@id":"https:\/\/www.ugtcomunicaciones.es\/wordpress\/calidad-del-servicio-en-espana-3t2018-2\/#primaryimage","url":"https:\/\/www.ugtcomunicaciones.es\/wordpress\/wp-content\/uploads\/2018\/10\/calidad-servicio_15-1-e1539691531693.jpg","contentUrl":"https:\/\/www.ugtcomunicaciones.es\/wordpress\/wp-content\/uploads\/2018\/10\/calidad-servicio_15-1-e1539691531693.jpg","width":300,"height":200,"caption":"calidad servicio_15"},{"@type":"BreadcrumbList","@id":"https:\/\/www.ugtcomunicaciones.es\/wordpress\/calidad-del-servicio-en-espana-3t2018-2\/#breadcrumb","itemListElement":[{"@type":"ListItem","position":1,"name":"Portada","item":"https:\/\/www.ugtcomunicaciones.es\/wordpress\/"},{"@type":"ListItem","position":2,"name":"Calidad del servicio en Espa\u00f1a, 3T2018"}]},{"@type":"WebSite","@id":"https:\/\/www.ugtcomunicaciones.es\/wordpress\/#website","url":"https:\/\/www.ugtcomunicaciones.es\/wordpress\/","name":"UGT Comunicaciones","description":"Sindicato de Telecomunicaciones","publisher":{"@id":"https:\/\/www.ugtcomunicaciones.es\/wordpress\/#organization"},"potentialAction":[{"@type":"SearchAction","target":{"@type":"EntryPoint","urlTemplate":"https:\/\/www.ugtcomunicaciones.es\/wordpress\/?s={search_term_string}"},"query-input":{"@type":"PropertyValueSpecification","valueRequired":true,"valueName":"search_term_string"}}],"inLanguage":"es"},{"@type":"Organization","@id":"https:\/\/www.ugtcomunicaciones.es\/wordpress\/#organization","name":"UGT Comunicaciones","url":"https:\/\/www.ugtcomunicaciones.es\/wordpress\/","logo":{"@type":"ImageObject","inLanguage":"es","@id":"https:\/\/www.ugtcomunicaciones.es\/wordpress\/#\/schema\/logo\/image\/","url":"https:\/\/www.ugtcomunicaciones.es\/wordpress\/wp-content\/uploads\/2024\/04\/comunicaciones_logo.png","contentUrl":"https:\/\/www.ugtcomunicaciones.es\/wordpress\/wp-content\/uploads\/2024\/04\/comunicaciones_logo.png","width":298,"height":81,"caption":"UGT Comunicaciones"},"image":{"@id":"https:\/\/www.ugtcomunicaciones.es\/wordpress\/#\/schema\/logo\/image\/"},"sameAs":["https:\/\/www.facebook.com\/ugt.comunicaciones\/","https:\/\/x.com\/ugtcom"]},{"@type":"Person","@id":"https:\/\/www.ugtcomunicaciones.es\/wordpress\/#\/schema\/person\/eba0fc3fe5b444531d94d4368cba89ed","name":"UGT","image":{"@type":"ImageObject","inLanguage":"es","@id":"https:\/\/secure.gravatar.com\/avatar\/2a16057d620a4c646bcfc171c4f23030879ebbdd346f0525bd5d4a564e57e13d?s=96&d=mm&r=g","url":"https:\/\/secure.gravatar.com\/avatar\/2a16057d620a4c646bcfc171c4f23030879ebbdd346f0525bd5d4a564e57e13d?s=96&d=mm&r=g","contentUrl":"https:\/\/secure.gravatar.com\/avatar\/2a16057d620a4c646bcfc171c4f23030879ebbdd346f0525bd5d4a564e57e13d?s=96&d=mm&r=g","caption":"UGT"}}]}},"_links":{"self":[{"href":"https:\/\/www.ugtcomunicaciones.es\/wordpress\/wp-json\/wp\/v2\/posts\/304048","targetHints":{"allow":["GET"]}}],"collection":[{"href":"https:\/\/www.ugtcomunicaciones.es\/wordpress\/wp-json\/wp\/v2\/posts"}],"about":[{"href":"https:\/\/www.ugtcomunicaciones.es\/wordpress\/wp-json\/wp\/v2\/types\/post"}],"author":[{"embeddable":true,"href":"https:\/\/www.ugtcomunicaciones.es\/wordpress\/wp-json\/wp\/v2\/users\/3"}],"replies":[{"embeddable":true,"href":"https:\/\/www.ugtcomunicaciones.es\/wordpress\/wp-json\/wp\/v2\/comments?post=304048"}],"version-history":[{"count":0,"href":"https:\/\/www.ugtcomunicaciones.es\/wordpress\/wp-json\/wp\/v2\/posts\/304048\/revisions"}],"wp:featuredmedia":[{"embeddable":true,"href":"https:\/\/www.ugtcomunicaciones.es\/wordpress\/wp-json\/wp\/v2\/media\/227619"}],"wp:attachment":[{"href":"https:\/\/www.ugtcomunicaciones.es\/wordpress\/wp-json\/wp\/v2\/media?parent=304048"}],"wp:term":[{"taxonomy":"category","embeddable":true,"href":"https:\/\/www.ugtcomunicaciones.es\/wordpress\/wp-json\/wp\/v2\/categories?post=304048"},{"taxonomy":"post_tag","embeddable":true,"href":"https:\/\/www.ugtcomunicaciones.es\/wordpress\/wp-json\/wp\/v2\/tags?post=304048"}],"curies":[{"name":"wp","href":"https:\/\/api.w.org\/{rel}","templated":true}]}}