{"id":328881,"date":"2019-04-26T15:05:43","date_gmt":"2019-04-26T13:05:43","guid":{"rendered":"http:\/\/ugtcomunicaciones.es\/wordpress\/?p=328881"},"modified":"2019-04-30T09:27:27","modified_gmt":"2019-04-30T07:27:27","slug":"ix-reunion-convenio-colectivo","status":"publish","type":"post","link":"https:\/\/www.ugtcomunicaciones.es\/wordpress\/ix-reunion-convenio-colectivo\/","title":{"rendered":"IX Reuni\u00f3n Convenio Colectivo"},"content":{"rendered":"<p style=\"text-align: justify;\">La empresa nos ha trasladado su desaz\u00f3n por entender que la parte social no hemos abandonado ninguna de nuestras reivindicaciones iniciales en esta materia como gesto para acercar posturas, para a continuaci\u00f3n a\u00f1adir que tienen 2 l\u00edneas rojas:<\/p>\n<ul style=\"text-align: justify;\">\n<li><strong>Mantener un tope para no tener garant\u00eda de revisi\u00f3n salarial.<\/strong><\/li>\n<li><strong>Que el EBITDA siga siendo un factor penalizante en algunos salarios aunque no est\u00e9n por encima del tope.<\/strong><\/li>\n<\/ul>\n<p style=\"text-align: justify;\"><span style=\"color: #ff0000;\"><strong>UGT<\/strong><\/span> ha sido clara, desde el inicio hemos hecho m\u00faltiples gestos para acercar posturas, incluso hemos aparcado reivindicaciones de nuestra plataforma al igual que el resto de sindicatos para llegar a acuerdo: incremento de importes de las tablas, revisiones con importes fijos y no porcentajes etc \u2026<\/p>\n<p style=\"text-align: justify;\">Por tanto hemos pedido a la empresa que acerquen posturas tanto en el elemento EBITDA como en el tope y que ellos tambi\u00e9n hagan gestos abandonando la rigidez en la que se han enrocado en estos dos elementos.<strong>\u00a0<\/strong><\/p>\n<p style=\"text-align: justify;\"><strong>La empresa<\/strong> ha hecho una propuesta que pretende devolvernos a 2009 nada menos: <strong>REDISTRIBUIR LA JORNADA PARA TENER S\u00d3LO 2 MESES DE INTENSIVA EN VERANO EN LUGAR DE 3 A CAMBIO DE SALIR ANTES LOS VIERNES, MEDIA HORA<\/strong>.<\/p>\n<p style=\"text-align: justify;\">Lo argumentan en la necesidad de negocio de algunos departamentos de cara a las campa\u00f1as.<\/p>\n<p style=\"text-align: justify;\"><strong>PRETENDEN QUE ALGO QUE AFECTA A UN PORCENTAJE MINIMO SE GENERALICE A MAS DE 3000 TRABAJADORES Y TRABAJADORAS.<\/strong><\/p>\n<p style=\"text-align: justify;\">Claramente es una argumentaci\u00f3n muy d\u00e9bil para <strong>esconder el verdadero motivo<\/strong>: los deseos insaciables de algunos directores por cargarse algo que no les gusta. No hace falta que os digamos como choca esto con la conciliaci\u00f3n.<\/p>\n<p style=\"text-align: justify;\">Nunca, <strong>NUNCA<\/strong>, en estos 10 a\u00f1os la empresa ha reunido a los sindicatos para trasladarle este problema. Entre otras cosas porque el actual convenio ya contempla que si las necesidades de servicio lo requieren se abordar\u00e1 la situaci\u00f3n. Y se ha hecho. <strong>Y no ha pasado nada<\/strong>.<\/p>\n<p style=\"text-align: justify;\"><span style=\"color: #ff0000;\"><strong>UGT<\/strong><\/span> les ha trasladado que esa propuesta es <strong>inaceptable.<\/strong><\/p>\n<p style=\"text-align: justify;\">Para <span style=\"color: #ff0000;\"><strong>UGT<\/strong><\/span> <strong>la jornada de verano es fundamental<\/strong>, queremos progresivamente ampliarlo para que en un futuro <strong>sea la jornada de referencia<\/strong>, y para ello proponemos ir <strong>reduciendo<\/strong> paulatinamente las <strong>horas anuales, ampliar el teletrabajo a 2 d\u00edas o equivalente en horas<\/strong> (pudiendo compaginar ambos formatos), <strong>transformar los d\u00edas de libre disposici\u00f3n en vacaciones y crear una bolsa de 20h<\/strong> anuales de libre disposici\u00f3n, <strong>entrar a partir de las 7h<\/strong> y salir al finalizar nuestra jornada diaria <strong>sin bloqueo de hora de salida<\/strong> como ocurre ahora \u2026<\/p>\n<p style=\"text-align: justify;\">La pr\u00f3xima reuni\u00f3n est\u00e1 prevista para el 9 de Mayo.<\/p>\n","protected":false},"excerpt":{"rendered":"<p>La empresa nos ha trasladado su desaz\u00f3n por entender que la parte social no hemos abandonado ninguna de nuestras reivindicaciones iniciales en esta materia como gesto para acercar posturas, para a continuaci\u00f3n a\u00f1adir que tienen 2 l\u00edneas rojas: Mantener un tope para no tener garant\u00eda de revisi\u00f3n salarial. Que el EBITDA siga siendo un factor [&hellip;]<\/p>\n","protected":false},"author":3,"featured_media":290762,"comment_status":"closed","ping_status":"closed","sticky":false,"template":"","format":"standard","meta":{"footnotes":""},"categories":[35,36],"tags":[],"class_list":["post-328881","post","type-post","status-publish","format-standard","has-post-thumbnail","hentry","category-orange","category-orange_espagne"],"yoast_head":"<!-- This site is optimized with the Yoast SEO Premium plugin v27.3 (Yoast SEO v27.4) - https:\/\/yoast.com\/product\/yoast-seo-premium-wordpress\/ -->\n<title>IX Reuni\u00f3n Convenio Colectivo - UGT Comunicaciones<\/title>\n<meta name=\"robots\" content=\"index, follow, max-snippet:-1, max-image-preview:large, max-video-preview:-1\" \/>\n<link rel=\"canonical\" href=\"https:\/\/www.ugtcomunicaciones.es\/wordpress\/ix-reunion-convenio-colectivo\/\" \/>\n<meta property=\"og:locale\" content=\"es_ES\" \/>\n<meta property=\"og:type\" content=\"article\" \/>\n<meta property=\"og:title\" content=\"IX Reuni\u00f3n Convenio Colectivo\" \/>\n<meta property=\"og:description\" content=\"La empresa nos ha trasladado su desaz\u00f3n por entender que la parte social no hemos abandonado ninguna de nuestras reivindicaciones iniciales en esta materia como gesto para acercar posturas, para a continuaci\u00f3n a\u00f1adir que tienen 2 l\u00edneas rojas: Mantener un tope para no tener garant\u00eda de revisi\u00f3n salarial. Que el EBITDA siga siendo un factor [&hellip;]\" \/>\n<meta property=\"og:url\" content=\"https:\/\/www.ugtcomunicaciones.es\/wordpress\/ix-reunion-convenio-colectivo\/\" \/>\n<meta property=\"og:site_name\" content=\"UGT Comunicaciones\" \/>\n<meta property=\"article:publisher\" content=\"https:\/\/www.facebook.com\/ugt.comunicaciones\/\" \/>\n<meta property=\"article:published_time\" content=\"2019-04-26T13:05:43+00:00\" \/>\n<meta property=\"article:modified_time\" content=\"2019-04-30T07:27:27+00:00\" \/>\n<meta property=\"og:image\" content=\"https:\/\/www.ugtcomunicaciones.es\/wordpress\/wp-content\/uploads\/2019\/02\/reunion-orange-1.jpg\" \/>\n\t<meta property=\"og:image:width\" content=\"600\" \/>\n\t<meta property=\"og:image:height\" content=\"345\" \/>\n\t<meta property=\"og:image:type\" content=\"image\/jpeg\" \/>\n<meta name=\"author\" content=\"UGT\" \/>\n<meta name=\"twitter:card\" content=\"summary_large_image\" \/>\n<meta name=\"twitter:creator\" content=\"@ugtcom\" \/>\n<meta name=\"twitter:site\" content=\"@ugtcom\" \/>\n<meta name=\"twitter:label1\" content=\"Escrito por\" \/>\n\t<meta name=\"twitter:data1\" content=\"UGT\" \/>\n\t<meta name=\"twitter:label2\" content=\"Tiempo de lectura\" \/>\n\t<meta name=\"twitter:data2\" content=\"2 minutos\" \/>\n<script type=\"application\/ld+json\" class=\"yoast-schema-graph\">{\"@context\":\"https:\\\/\\\/schema.org\",\"@graph\":[{\"@type\":\"Article\",\"@id\":\"https:\\\/\\\/www.ugtcomunicaciones.es\\\/wordpress\\\/ix-reunion-convenio-colectivo\\\/#article\",\"isPartOf\":{\"@id\":\"https:\\\/\\\/www.ugtcomunicaciones.es\\\/wordpress\\\/ix-reunion-convenio-colectivo\\\/\"},\"author\":{\"name\":\"UGT\",\"@id\":\"https:\\\/\\\/www.ugtcomunicaciones.es\\\/wordpress\\\/#\\\/schema\\\/person\\\/eba0fc3fe5b444531d94d4368cba89ed\"},\"headline\":\"IX Reuni\u00f3n Convenio Colectivo\",\"datePublished\":\"2019-04-26T13:05:43+00:00\",\"dateModified\":\"2019-04-30T07:27:27+00:00\",\"mainEntityOfPage\":{\"@id\":\"https:\\\/\\\/www.ugtcomunicaciones.es\\\/wordpress\\\/ix-reunion-convenio-colectivo\\\/\"},\"wordCount\":427,\"publisher\":{\"@id\":\"https:\\\/\\\/www.ugtcomunicaciones.es\\\/wordpress\\\/#organization\"},\"image\":{\"@id\":\"https:\\\/\\\/www.ugtcomunicaciones.es\\\/wordpress\\\/ix-reunion-convenio-colectivo\\\/#primaryimage\"},\"thumbnailUrl\":\"https:\\\/\\\/www.ugtcomunicaciones.es\\\/wordpress\\\/wp-content\\\/uploads\\\/2019\\\/02\\\/reunion-orange-1.jpg\",\"articleSection\":[\"Grupo MasOrange\",\"Orange Espa\u00f1a\"],\"inLanguage\":\"es\"},{\"@type\":\"WebPage\",\"@id\":\"https:\\\/\\\/www.ugtcomunicaciones.es\\\/wordpress\\\/ix-reunion-convenio-colectivo\\\/\",\"url\":\"https:\\\/\\\/www.ugtcomunicaciones.es\\\/wordpress\\\/ix-reunion-convenio-colectivo\\\/\",\"name\":\"IX Reuni\u00f3n Convenio Colectivo - UGT Comunicaciones\",\"isPartOf\":{\"@id\":\"https:\\\/\\\/www.ugtcomunicaciones.es\\\/wordpress\\\/#website\"},\"primaryImageOfPage\":{\"@id\":\"https:\\\/\\\/www.ugtcomunicaciones.es\\\/wordpress\\\/ix-reunion-convenio-colectivo\\\/#primaryimage\"},\"image\":{\"@id\":\"https:\\\/\\\/www.ugtcomunicaciones.es\\\/wordpress\\\/ix-reunion-convenio-colectivo\\\/#primaryimage\"},\"thumbnailUrl\":\"https:\\\/\\\/www.ugtcomunicaciones.es\\\/wordpress\\\/wp-content\\\/uploads\\\/2019\\\/02\\\/reunion-orange-1.jpg\",\"datePublished\":\"2019-04-26T13:05:43+00:00\",\"dateModified\":\"2019-04-30T07:27:27+00:00\",\"breadcrumb\":{\"@id\":\"https:\\\/\\\/www.ugtcomunicaciones.es\\\/wordpress\\\/ix-reunion-convenio-colectivo\\\/#breadcrumb\"},\"inLanguage\":\"es\",\"potentialAction\":[{\"@type\":\"ReadAction\",\"target\":[\"https:\\\/\\\/www.ugtcomunicaciones.es\\\/wordpress\\\/ix-reunion-convenio-colectivo\\\/\"]}]},{\"@type\":\"ImageObject\",\"inLanguage\":\"es\",\"@id\":\"https:\\\/\\\/www.ugtcomunicaciones.es\\\/wordpress\\\/ix-reunion-convenio-colectivo\\\/#primaryimage\",\"url\":\"https:\\\/\\\/www.ugtcomunicaciones.es\\\/wordpress\\\/wp-content\\\/uploads\\\/2019\\\/02\\\/reunion-orange-1.jpg\",\"contentUrl\":\"https:\\\/\\\/www.ugtcomunicaciones.es\\\/wordpress\\\/wp-content\\\/uploads\\\/2019\\\/02\\\/reunion-orange-1.jpg\",\"width\":600,\"height\":345},{\"@type\":\"BreadcrumbList\",\"@id\":\"https:\\\/\\\/www.ugtcomunicaciones.es\\\/wordpress\\\/ix-reunion-convenio-colectivo\\\/#breadcrumb\",\"itemListElement\":[{\"@type\":\"ListItem\",\"position\":1,\"name\":\"Portada\",\"item\":\"https:\\\/\\\/www.ugtcomunicaciones.es\\\/wordpress\\\/\"},{\"@type\":\"ListItem\",\"position\":2,\"name\":\"IX Reuni\u00f3n Convenio Colectivo\"}]},{\"@type\":\"WebSite\",\"@id\":\"https:\\\/\\\/www.ugtcomunicaciones.es\\\/wordpress\\\/#website\",\"url\":\"https:\\\/\\\/www.ugtcomunicaciones.es\\\/wordpress\\\/\",\"name\":\"UGT Comunicaciones\",\"description\":\"Sindicato de Telecomunicaciones\",\"publisher\":{\"@id\":\"https:\\\/\\\/www.ugtcomunicaciones.es\\\/wordpress\\\/#organization\"},\"potentialAction\":[{\"@type\":\"SearchAction\",\"target\":{\"@type\":\"EntryPoint\",\"urlTemplate\":\"https:\\\/\\\/www.ugtcomunicaciones.es\\\/wordpress\\\/?s={search_term_string}\"},\"query-input\":{\"@type\":\"PropertyValueSpecification\",\"valueRequired\":true,\"valueName\":\"search_term_string\"}}],\"inLanguage\":\"es\"},{\"@type\":\"Organization\",\"@id\":\"https:\\\/\\\/www.ugtcomunicaciones.es\\\/wordpress\\\/#organization\",\"name\":\"UGT Comunicaciones\",\"url\":\"https:\\\/\\\/www.ugtcomunicaciones.es\\\/wordpress\\\/\",\"logo\":{\"@type\":\"ImageObject\",\"inLanguage\":\"es\",\"@id\":\"https:\\\/\\\/www.ugtcomunicaciones.es\\\/wordpress\\\/#\\\/schema\\\/logo\\\/image\\\/\",\"url\":\"https:\\\/\\\/www.ugtcomunicaciones.es\\\/wordpress\\\/wp-content\\\/uploads\\\/2024\\\/04\\\/comunicaciones_logo.png\",\"contentUrl\":\"https:\\\/\\\/www.ugtcomunicaciones.es\\\/wordpress\\\/wp-content\\\/uploads\\\/2024\\\/04\\\/comunicaciones_logo.png\",\"width\":298,\"height\":81,\"caption\":\"UGT Comunicaciones\"},\"image\":{\"@id\":\"https:\\\/\\\/www.ugtcomunicaciones.es\\\/wordpress\\\/#\\\/schema\\\/logo\\\/image\\\/\"},\"sameAs\":[\"https:\\\/\\\/www.facebook.com\\\/ugt.comunicaciones\\\/\",\"https:\\\/\\\/x.com\\\/ugtcom\"]},{\"@type\":\"Person\",\"@id\":\"https:\\\/\\\/www.ugtcomunicaciones.es\\\/wordpress\\\/#\\\/schema\\\/person\\\/eba0fc3fe5b444531d94d4368cba89ed\",\"name\":\"UGT\",\"image\":{\"@type\":\"ImageObject\",\"inLanguage\":\"es\",\"@id\":\"https:\\\/\\\/secure.gravatar.com\\\/avatar\\\/2a16057d620a4c646bcfc171c4f23030879ebbdd346f0525bd5d4a564e57e13d?s=96&d=mm&r=g\",\"url\":\"https:\\\/\\\/secure.gravatar.com\\\/avatar\\\/2a16057d620a4c646bcfc171c4f23030879ebbdd346f0525bd5d4a564e57e13d?s=96&d=mm&r=g\",\"contentUrl\":\"https:\\\/\\\/secure.gravatar.com\\\/avatar\\\/2a16057d620a4c646bcfc171c4f23030879ebbdd346f0525bd5d4a564e57e13d?s=96&d=mm&r=g\",\"caption\":\"UGT\"}}]}<\/script>\n<!-- \/ Yoast SEO Premium plugin. -->","yoast_head_json":{"title":"IX Reuni\u00f3n Convenio Colectivo - UGT Comunicaciones","robots":{"index":"index","follow":"follow","max-snippet":"max-snippet:-1","max-image-preview":"max-image-preview:large","max-video-preview":"max-video-preview:-1"},"canonical":"https:\/\/www.ugtcomunicaciones.es\/wordpress\/ix-reunion-convenio-colectivo\/","og_locale":"es_ES","og_type":"article","og_title":"IX Reuni\u00f3n Convenio Colectivo","og_description":"La empresa nos ha trasladado su desaz\u00f3n por entender que la parte social no hemos abandonado ninguna de nuestras reivindicaciones iniciales en esta materia como gesto para acercar posturas, para a continuaci\u00f3n a\u00f1adir que tienen 2 l\u00edneas rojas: Mantener un tope para no tener garant\u00eda de revisi\u00f3n salarial. Que el EBITDA siga siendo un factor [&hellip;]","og_url":"https:\/\/www.ugtcomunicaciones.es\/wordpress\/ix-reunion-convenio-colectivo\/","og_site_name":"UGT Comunicaciones","article_publisher":"https:\/\/www.facebook.com\/ugt.comunicaciones\/","article_published_time":"2019-04-26T13:05:43+00:00","article_modified_time":"2019-04-30T07:27:27+00:00","og_image":[{"width":600,"height":345,"url":"https:\/\/www.ugtcomunicaciones.es\/wordpress\/wp-content\/uploads\/2019\/02\/reunion-orange-1.jpg","type":"image\/jpeg"}],"author":"UGT","twitter_card":"summary_large_image","twitter_creator":"@ugtcom","twitter_site":"@ugtcom","twitter_misc":{"Escrito por":"UGT","Tiempo de lectura":"2 minutos"},"schema":{"@context":"https:\/\/schema.org","@graph":[{"@type":"Article","@id":"https:\/\/www.ugtcomunicaciones.es\/wordpress\/ix-reunion-convenio-colectivo\/#article","isPartOf":{"@id":"https:\/\/www.ugtcomunicaciones.es\/wordpress\/ix-reunion-convenio-colectivo\/"},"author":{"name":"UGT","@id":"https:\/\/www.ugtcomunicaciones.es\/wordpress\/#\/schema\/person\/eba0fc3fe5b444531d94d4368cba89ed"},"headline":"IX Reuni\u00f3n Convenio Colectivo","datePublished":"2019-04-26T13:05:43+00:00","dateModified":"2019-04-30T07:27:27+00:00","mainEntityOfPage":{"@id":"https:\/\/www.ugtcomunicaciones.es\/wordpress\/ix-reunion-convenio-colectivo\/"},"wordCount":427,"publisher":{"@id":"https:\/\/www.ugtcomunicaciones.es\/wordpress\/#organization"},"image":{"@id":"https:\/\/www.ugtcomunicaciones.es\/wordpress\/ix-reunion-convenio-colectivo\/#primaryimage"},"thumbnailUrl":"https:\/\/www.ugtcomunicaciones.es\/wordpress\/wp-content\/uploads\/2019\/02\/reunion-orange-1.jpg","articleSection":["Grupo MasOrange","Orange Espa\u00f1a"],"inLanguage":"es"},{"@type":"WebPage","@id":"https:\/\/www.ugtcomunicaciones.es\/wordpress\/ix-reunion-convenio-colectivo\/","url":"https:\/\/www.ugtcomunicaciones.es\/wordpress\/ix-reunion-convenio-colectivo\/","name":"IX Reuni\u00f3n Convenio Colectivo - UGT Comunicaciones","isPartOf":{"@id":"https:\/\/www.ugtcomunicaciones.es\/wordpress\/#website"},"primaryImageOfPage":{"@id":"https:\/\/www.ugtcomunicaciones.es\/wordpress\/ix-reunion-convenio-colectivo\/#primaryimage"},"image":{"@id":"https:\/\/www.ugtcomunicaciones.es\/wordpress\/ix-reunion-convenio-colectivo\/#primaryimage"},"thumbnailUrl":"https:\/\/www.ugtcomunicaciones.es\/wordpress\/wp-content\/uploads\/2019\/02\/reunion-orange-1.jpg","datePublished":"2019-04-26T13:05:43+00:00","dateModified":"2019-04-30T07:27:27+00:00","breadcrumb":{"@id":"https:\/\/www.ugtcomunicaciones.es\/wordpress\/ix-reunion-convenio-colectivo\/#breadcrumb"},"inLanguage":"es","potentialAction":[{"@type":"ReadAction","target":["https:\/\/www.ugtcomunicaciones.es\/wordpress\/ix-reunion-convenio-colectivo\/"]}]},{"@type":"ImageObject","inLanguage":"es","@id":"https:\/\/www.ugtcomunicaciones.es\/wordpress\/ix-reunion-convenio-colectivo\/#primaryimage","url":"https:\/\/www.ugtcomunicaciones.es\/wordpress\/wp-content\/uploads\/2019\/02\/reunion-orange-1.jpg","contentUrl":"https:\/\/www.ugtcomunicaciones.es\/wordpress\/wp-content\/uploads\/2019\/02\/reunion-orange-1.jpg","width":600,"height":345},{"@type":"BreadcrumbList","@id":"https:\/\/www.ugtcomunicaciones.es\/wordpress\/ix-reunion-convenio-colectivo\/#breadcrumb","itemListElement":[{"@type":"ListItem","position":1,"name":"Portada","item":"https:\/\/www.ugtcomunicaciones.es\/wordpress\/"},{"@type":"ListItem","position":2,"name":"IX Reuni\u00f3n Convenio Colectivo"}]},{"@type":"WebSite","@id":"https:\/\/www.ugtcomunicaciones.es\/wordpress\/#website","url":"https:\/\/www.ugtcomunicaciones.es\/wordpress\/","name":"UGT Comunicaciones","description":"Sindicato de Telecomunicaciones","publisher":{"@id":"https:\/\/www.ugtcomunicaciones.es\/wordpress\/#organization"},"potentialAction":[{"@type":"SearchAction","target":{"@type":"EntryPoint","urlTemplate":"https:\/\/www.ugtcomunicaciones.es\/wordpress\/?s={search_term_string}"},"query-input":{"@type":"PropertyValueSpecification","valueRequired":true,"valueName":"search_term_string"}}],"inLanguage":"es"},{"@type":"Organization","@id":"https:\/\/www.ugtcomunicaciones.es\/wordpress\/#organization","name":"UGT Comunicaciones","url":"https:\/\/www.ugtcomunicaciones.es\/wordpress\/","logo":{"@type":"ImageObject","inLanguage":"es","@id":"https:\/\/www.ugtcomunicaciones.es\/wordpress\/#\/schema\/logo\/image\/","url":"https:\/\/www.ugtcomunicaciones.es\/wordpress\/wp-content\/uploads\/2024\/04\/comunicaciones_logo.png","contentUrl":"https:\/\/www.ugtcomunicaciones.es\/wordpress\/wp-content\/uploads\/2024\/04\/comunicaciones_logo.png","width":298,"height":81,"caption":"UGT Comunicaciones"},"image":{"@id":"https:\/\/www.ugtcomunicaciones.es\/wordpress\/#\/schema\/logo\/image\/"},"sameAs":["https:\/\/www.facebook.com\/ugt.comunicaciones\/","https:\/\/x.com\/ugtcom"]},{"@type":"Person","@id":"https:\/\/www.ugtcomunicaciones.es\/wordpress\/#\/schema\/person\/eba0fc3fe5b444531d94d4368cba89ed","name":"UGT","image":{"@type":"ImageObject","inLanguage":"es","@id":"https:\/\/secure.gravatar.com\/avatar\/2a16057d620a4c646bcfc171c4f23030879ebbdd346f0525bd5d4a564e57e13d?s=96&d=mm&r=g","url":"https:\/\/secure.gravatar.com\/avatar\/2a16057d620a4c646bcfc171c4f23030879ebbdd346f0525bd5d4a564e57e13d?s=96&d=mm&r=g","contentUrl":"https:\/\/secure.gravatar.com\/avatar\/2a16057d620a4c646bcfc171c4f23030879ebbdd346f0525bd5d4a564e57e13d?s=96&d=mm&r=g","caption":"UGT"}}]}},"_links":{"self":[{"href":"https:\/\/www.ugtcomunicaciones.es\/wordpress\/wp-json\/wp\/v2\/posts\/328881","targetHints":{"allow":["GET"]}}],"collection":[{"href":"https:\/\/www.ugtcomunicaciones.es\/wordpress\/wp-json\/wp\/v2\/posts"}],"about":[{"href":"https:\/\/www.ugtcomunicaciones.es\/wordpress\/wp-json\/wp\/v2\/types\/post"}],"author":[{"embeddable":true,"href":"https:\/\/www.ugtcomunicaciones.es\/wordpress\/wp-json\/wp\/v2\/users\/3"}],"replies":[{"embeddable":true,"href":"https:\/\/www.ugtcomunicaciones.es\/wordpress\/wp-json\/wp\/v2\/comments?post=328881"}],"version-history":[{"count":0,"href":"https:\/\/www.ugtcomunicaciones.es\/wordpress\/wp-json\/wp\/v2\/posts\/328881\/revisions"}],"wp:featuredmedia":[{"embeddable":true,"href":"https:\/\/www.ugtcomunicaciones.es\/wordpress\/wp-json\/wp\/v2\/media\/290762"}],"wp:attachment":[{"href":"https:\/\/www.ugtcomunicaciones.es\/wordpress\/wp-json\/wp\/v2\/media?parent=328881"}],"wp:term":[{"taxonomy":"category","embeddable":true,"href":"https:\/\/www.ugtcomunicaciones.es\/wordpress\/wp-json\/wp\/v2\/categories?post=328881"},{"taxonomy":"post_tag","embeddable":true,"href":"https:\/\/www.ugtcomunicaciones.es\/wordpress\/wp-json\/wp\/v2\/tags?post=328881"}],"curies":[{"name":"wp","href":"https:\/\/api.w.org\/{rel}","templated":true}]}}