{"id":331,"date":"2016-12-02T12:46:20","date_gmt":"2016-12-02T11:46:20","guid":{"rendered":"http:\/\/www.ugtcom.h2301842.stratoserver.net\/wordpress\/wordpress\/?p=331"},"modified":"2017-09-05T14:26:52","modified_gmt":"2017-09-05T12:26:52","slug":"como-afectara-la-era-trump-al-mundo-de-las-telecos","status":"publish","type":"post","link":"https:\/\/www.ugtcomunicaciones.es\/wordpress\/como-afectara-la-era-trump-al-mundo-de-las-telecos\/","title":{"rendered":"\u00bfC\u00f3mo afectar\u00e1 la era Trump al mundo de las telecos?"},"content":{"rendered":"<p style=\"text-align: justify;\">La elecci\u00f3n de Donald Trump como cuadrag\u00e9simo quinto presidente de los EEUU ha generado un indudable debate pol\u00edtico, econ\u00f3mico y social a lo largo y ancho del orbe. Pero su controvertida elecci\u00f3n como jefe de la primera potencia mundial tambi\u00e9n podr\u00eda tener consecuencias directas e inminentes en nuestro Sector; ya se sabe que cuando EEUU toma un camino nuevo en el entorno de las telecomunicaciones, en m\u00faltiples ocasiones, se contagia a Europa, y por supuesto, a Espa\u00f1a.<\/p>\n<p style=\"text-align: justify;\"><img decoding=\"async\" class=\"td-modal-image wp-image-332 size-full alignleft lazyload\" data-src=\"http:\/\/ugtcomunicaciones.es\/wordpress\/wp-content\/uploads\/2016\/12\/trump1.png\" alt=\"trump1\" width=\"169\" height=\"96\" src=\"data:image\/svg+xml;base64,PHN2ZyB3aWR0aD0iMSIgaGVpZ2h0PSIxIiB4bWxucz0iaHR0cDovL3d3dy53My5vcmcvMjAwMC9zdmciPjwvc3ZnPg==\" style=\"--smush-placeholder-width: 169px; --smush-placeholder-aspect-ratio: 169\/96;\" \/><\/p>\n<p style=\"text-align: justify;\">Eliminados del an\u00e1lisis pronunciamientos imposibles de cumplir por pura din\u00e1mica democr\u00e1tica- como <em>\u201cpedir ayuda a Bill Gates para cerrar partes de Internet<a href=\"#_ftn1\" name=\"_ftnref1\"><strong>[1]<\/strong><\/a>\u201d<\/em>&#8211; lo cierto es que son escasos los posicionamientos del candidato republicano sobre el mercado de los telecos. Bajo nuestro criterio, y a sabiendas de estar en un terreno eminentemente coyuntural, y en muchas ocasiones, salpimentado por la locuacidad del ahora presidente electo, estos son los aspectos donde la Administraci\u00f3n Trump podr\u00eda incidir m\u00e1s:<\/p>\n<ul style=\"text-align: justify;\">\n<li><strong>Inversi\u00f3n en Infraestructuras<\/strong>: Una sus promesas m\u00e1s reconocibles por concreta en cifras: Trump ha prometido invertir 500.000 millones de d\u00f3lares en nuevas infraestructuras para mejorar los sistemas de transporte, agua, <u>telecomunicaciones<\/u> y electricidad de Estados Unidos<a href=\"#_ftn2\" name=\"_ftnref2\">[2]<\/a>. No obstante, esta promesa, que presuntamente llevar\u00eda las redes NGN a todos los rincones de EEUU, sobre todo a entornos rurales que le llevaron hasta la presidencia, no va m\u00e1s all\u00e1 de una propuesta generalista, sin metas espec\u00edficas y sin desglosar en t\u00e9rminos de financiaci\u00f3n y reparto por sectores.<\/li>\n<li><strong>Desregulaci\u00f3n normativa<\/strong>: Es este caso, estamos ante una prerrogativa m\u00e1s ideol\u00f3gica que electoral, apoyada adem\u00e1s por el Partido Republicano, arduo defensor del liberalismo econ\u00f3mico. As\u00ed, Trump ha sido reiteradamente cr\u00edtico con las decisiones del regulador sectorial<a href=\"#_ftn3\" name=\"_ftnref3\">[3]<\/a>, la FCC, al que acusa de intervencionismo innecesario. En consecuencia, ha propuesto cambios en los miembros de dicha agencia. La configuraci\u00f3n de la FCC en los ocho a\u00f1os del mandato Obama, con 3 representantes del Partido Dem\u00f3crata por 2 del Republicano, cambiar\u00e1 con la mayor\u00eda de este \u00faltimo en Senado y C\u00e1mara de Representantes, lo que seguramente derivar\u00e1 una regulaci\u00f3n mucho menos intervencionista y socialmente<a href=\"#_ftn4\" name=\"_ftnref4\">[4]<\/a> menos implicado<a href=\"#_ftn5\" name=\"_ftnref5\">[5]<\/a>. No obstante, aparte de la neutralidad de la red, Trump no ha se\u00f1alado ninguna normativa concreta que le gustar\u00eda modificar.<\/li>\n<li><strong>Neutralidad de la Red<\/strong>: La decisi\u00f3n de la FCC de declarar Internet como un Servicio P\u00fablico, garantizando as\u00ed la Neutralidad de la Red y la libertad en Internet en EEUU<a href=\"#_ftn6\" name=\"_ftnref6\">[6]<\/a>, fue objeto de un feroz rechazo de Trump, llegando a afirmar en twitter<a href=\"#_ftn7\" name=\"_ftnref7\">[7]<\/a> que \u201c<em>El ataque de Obama a Internet es otra toma de poder de arriba abajo. La Neutralidad de la Red es una norma imparcial. Se dirigir\u00e1 [contra] los medios conservadores\u201d<\/em>. Tanto el Presidente como el Partido Republicado han avivado expectativas para revocar la Neutralidad de la Red en 2017<a href=\"#_ftn8\" name=\"_ftnref8\">[8]<\/a>.<\/li>\n<\/ul>\n<p style=\"text-align: justify;\"><img decoding=\"async\" class=\"aligncenter wp-image-333 size-medium lazyload\" data-src=\"http:\/\/ugtcomunicaciones.es\/wordpress\/wp-content\/uploads\/2016\/12\/trump-300x89.png\" alt=\"trump\" width=\"300\" height=\"89\" data-srcset=\"https:\/\/www.ugtcomunicaciones.es\/wordpress\/wp-content\/uploads\/2016\/12\/trump-300x89.png 300w, https:\/\/www.ugtcomunicaciones.es\/wordpress\/wp-content\/uploads\/2016\/12\/trump.png 372w\" data-sizes=\"(max-width: 300px) 100vw, 300px\" src=\"data:image\/svg+xml;base64,PHN2ZyB3aWR0aD0iMSIgaGVpZ2h0PSIxIiB4bWxucz0iaHR0cDovL3d3dy53My5vcmcvMjAwMC9zdmciPjwvc3ZnPg==\" style=\"--smush-placeholder-width: 300px; --smush-placeholder-aspect-ratio: 300\/89;\" \/><\/p>\n<ul style=\"text-align: justify;\">\n<li><strong>Fusiones<\/strong>: Otra cuesti\u00f3n en donde Trump ha sido meridanamente claro: no admite fusiones como la reciente entre AT&amp;T y Time Warner<a href=\"#_ftn9\" name=\"_ftnref9\">[9]<\/a>, llegando a oponerse a la que el sector siga el camino de la consolidaci\u00f3n<a href=\"#_ftn10\" name=\"_ftnref10\">[10]<\/a>. No ser\u00eda la primera vez que una Administraci\u00f3n proh\u00edbe una fusi\u00f3n de estas caracter\u00edsticas, tanto en EEUU<a href=\"#_ftn11\" name=\"_ftnref11\">[11]<\/a> como en Europa<a href=\"#_ftn12\" name=\"_ftnref12\">[12]<\/a>.<\/li>\n<\/ul>\n<p style=\"text-align: justify;\">De todos modos, la falta de un programa claro por parte de la candidatura de Trump, junto con la influencia que puedan ejercer tanto lobbies econ\u00f3micos y sectoriales, como el propio Partido Republicano en ejercicio de su s\u00f3lida mayor\u00eda legislativa, pone un punto de incertidumbre sobre cualquiera de estos aspectos, que hace inviable un vaticinio m\u00ednimamente certero sobre el futuro normativo.<\/p>\n<p style=\"text-align: justify;\">Y todo ello sin descartar que, finalmente, todo acabe en un <em>gatopardismo<\/em> doctrinal, cambi\u00e1ndolo todo para que nada cambie.<\/p>\n<h3 style=\"text-align: right;\"><span style=\"color: #ff0000;\"><strong>UGT<\/strong><\/span><strong> Comunicaciones<\/strong><\/h3>\n<p>&nbsp;<\/p>\n<p><span style=\"font-size: xx-small;\"><a href=\"#_ftnref1\" name=\"_ftn1\">[1]<\/a> <a href=\"http:\/\/money.cnn.com\/2015\/12\/08\/technology\/donald-trump-internet\/\" target=\"_blank\" rel=\"noopener\">http:\/\/money.cnn.com\/2015\/12\/08\/technology\/donald-trump-internet\/<\/a>, <a href=\"http:\/\/www.huffingtonpost.com\/entry\/donald-trump-closing-that-internet-up_us_56679803e4b009377b22f001\" target=\"_blank\" rel=\"noopener\">http:\/\/www.huffingtonpost.com\/entry\/donald-trump-closing-that-internet-up_us_56679803e4b009377b22f001<\/a>, <a href=\"http:\/\/time.com\/4150891\/republican-debate-donald-trump-internet\/\" target=\"_blank\" rel=\"noopener\">http:\/\/time.com\/4150891\/republican-debate-donald-trump-internet\/<\/a><br \/>\n<a href=\"#_ftnref2\" name=\"_ftn2\">[2]<\/a> <a href=\"http:\/\/www.bloomberg.com\/politics\/articles\/2016-08-02\/trump-says-he-ll-spend-more-than-half-trillion-dollars-on-infrastructure\" target=\"_blank\" rel=\"noopener\">http:\/\/www.bloomberg.com\/politics\/articles\/2016-08-02\/trump-says-he-ll-spend-more-than-half-trillion-dollars-on-infrastructure<\/a> y <a href=\"https:\/\/www.donaldjtrump.com\/policies\/an-americas-infrastructure-first-plan\" target=\"_blank\" rel=\"noopener\">https:\/\/www.donaldjtrump.com\/policies\/an-americas-infrastructure-first-plan<\/a><br \/>\n<a href=\"#_ftnref3\" name=\"_ftn3\">[3]<\/a> <a href=\"http:\/\/arstechnica.com\/tech-policy\/2016\/11\/what-the-trump-win-means-for-tech-science-and-beyond\/\" target=\"_blank\" rel=\"noopener\">http:\/\/arstechnica.com\/tech-policy\/2016\/11\/what-the-trump-win-means-for-tech-science-and-beyond\/<\/a><br \/>\n<a href=\"#_ftnref4\" name=\"_ftn4\">[4]<\/a> <a href=\"http:\/\/www.ugtcom.h2301842.stratoserver.net\/wordpress\/noticia\/connecthome-el-proyecto-de-obama-para-dar-banda-ancha-a-colectivos-con-dificultades-economicas-id-52184.htm\" target=\"_blank\" rel=\"noopener\">http:\/\/www.ugtcom.h2301842.stratoserver.net\/wordpress\/noticia\/connecthome-el-proyecto-de-obama-para-dar-banda-ancha-a-colectivos-con-dificultades-economicas-id-52184.htm<\/a><br \/>\n<a href=\"#_ftnref5\" name=\"_ftn5\">[5]<\/a> <a href=\"http:\/\/www.forbes.com\/sites\/haroldfurchtgottroth\/2016\/11\/10\/how-a-trump-fcc-could-deregulate-the-communications-sector\/#77c17f146ebb\" target=\"_blank\" rel=\"noopener\">http:\/\/www.forbes.com\/sites\/haroldfurchtgottroth\/2016\/11\/10\/how-a-trump-fcc-could-deregulate-the-communications-sector\/#77c17f146ebb<\/a><br \/>\n<a href=\"#_ftnref6\" name=\"_ftn6\">[6]<\/a> <a href=\"http:\/\/www.ugtcom.h2301842.stratoserver.net\/wordpress\/noticia\/eeuu-proclama-a-internet-como-servicio-publico-garantizando-la-neutralidad-de-la-red-id-49644.htm\" target=\"_blank\" rel=\"noopener\">http:\/\/www.ugtcom.h2301842.stratoserver.net\/wordpress\/noticia\/eeuu-proclama-a-internet-como-servicio-publico-garantizando-la-neutralidad-de-la-red-id-49644.htm<\/a><br \/>\n<a href=\"#_ftnref7\" name=\"_ftn7\">[7]<\/a> <a href=\"https:\/\/twitter.com\/realDonaldTrump\/status\/532608358508167168\" target=\"_blank\" rel=\"noopener\">https:\/\/twitter.com\/realDonaldTrump\/status\/532608358508167168<\/a><br \/>\n<a href=\"#_ftnref8\" name=\"_ftn8\">[8]<\/a> <a href=\"https:\/\/www.bloomberg.com\/news\/articles\/2016-11-11\/does-net-neutrality-stand-a-chance-in-the-trump-era\" target=\"_blank\" rel=\"noopener\">https:\/\/www.bloomberg.com\/news\/articles\/2016-11-11\/does-net-neutrality-stand-a-chance-in-the-trump-era<\/a><br \/>\n<a href=\"#_ftnref9\" name=\"_ftn9\">[9]<\/a> <a href=\"http:\/\/www.ugtcom.h2301842.stratoserver.net\/wordpress\/archivos\/elementos\/2016\/el_sector_se_reinventa__att_compra_time_warner.pdf\" target=\"_blank\" rel=\"noopener\">http:\/\/www.ugtcom.h2301842.stratoserver.net\/wordpress\/archivos\/elementos\/2016\/el_sector_se_reinventa__att_compra_time_warner.pdf<\/a><br \/>\n<a href=\"#_ftnref10\" name=\"_ftn10\">[10]<\/a> <a href=\"http:\/\/www.wsj.com\/articles\/donald-trumps-victory-throws-doubt-on-at-t-time-warner-deal-net-neutrality-1478696401\" target=\"_blank\" rel=\"noopener\">http:\/\/www.wsj.com\/articles\/donald-trumps-victory-throws-doubt-on-at-t-time-warner-deal-net-neutrality-1478696401<\/a> y <a href=\"http:\/\/money.cnn.com\/2016\/10\/22\/media\/donald-trump-att-time-warner\/\" target=\"_blank\" rel=\"noopener\">http:\/\/money.cnn.com\/2016\/10\/22\/media\/donald-trump-att-time-warner\/<\/a><br \/>\n<a href=\"#_ftnref11\" name=\"_ftn11\">[11]<\/a> <a href=\"http:\/\/cincodias.com\/cincodias\/2011\/08\/31\/empresas\/1314957554_850215.html\" target=\"_blank\" rel=\"noopener\">http:\/\/cincodias.com\/cincodias\/2011\/08\/31\/empresas\/1314957554_850215.html<\/a> o <a href=\"http:\/\/www.ugtcom.h2301842.stratoserver.net\/wordpress\/noticia\/sprint-eeuu-despedira-a-2000-trabajadores-id-47757.htm\" target=\"_blank\" rel=\"noopener\">http:\/\/www.ugtcom.h2301842.stratoserver.net\/wordpress\/noticia\/sprint-eeuu-despedira-a-2000-trabajadores-id-47757.htm<\/a><br \/>\n<a href=\"#_ftnref12\" name=\"_ftn12\">[12]<\/a> <a href=\"http:\/\/www.smcugt.org\/archivos\/elementos\/2016\/la_ce_prohibe_la_venta_de_o2__.pdf\" target=\"_blank\" rel=\"noopener\">http:\/\/www.ugtcom.h2301842.stratoserver.net\/wordpress\/archivos\/elementos\/2016\/la_ce_prohibe_la_venta_de_o2__.pdf<\/a> o <a href=\"http:\/\/www.smcugt.org\/noticia\/la-ce-cambia-el-paso-y-torpedea-las-fusiones-entre-operadoras-moviles-id-52362.htm\" target=\"_blank\" rel=\"noopener\">http:\/\/www.smcugt.org\/noticia\/la-ce-cambia-el-paso-y-torpedea-las-fusiones-entre-operadoras-moviles-id-52362.htm<\/a><\/span><\/p>\n","protected":false},"excerpt":{"rendered":"<p>La elecci\u00f3n de Donald Trump como cuadrag\u00e9simo quinto presidente de los EEUU ha generado un indudable debate pol\u00edtico, econ\u00f3mico y social a lo largo y ancho del orbe. Pero su controvertida elecci\u00f3n como jefe de la primera potencia mundial tambi\u00e9n podr\u00eda tener consecuencias directas e inminentes en nuestro Sector; ya se sabe que cuando EEUU [&hellip;]<\/p>\n","protected":false},"author":3,"featured_media":334,"comment_status":"open","ping_status":"closed","sticky":false,"template":"","format":"standard","meta":{"footnotes":""},"categories":[2,12],"tags":[],"class_list":["post-331","post","type-post","status-publish","format-standard","has-post-thumbnail","hentry","category-featured","category-regulacion"],"yoast_head":"<!-- This site is optimized with the Yoast SEO Premium plugin v27.3 (Yoast SEO v27.4) - https:\/\/yoast.com\/product\/yoast-seo-premium-wordpress\/ -->\n<title>\u00bfC\u00f3mo afectar\u00e1 la era Trump al mundo de las telecos? - UGT Comunicaciones<\/title>\n<meta name=\"robots\" content=\"index, follow, max-snippet:-1, max-image-preview:large, max-video-preview:-1\" \/>\n<link rel=\"canonical\" href=\"https:\/\/www.ugtcomunicaciones.es\/wordpress\/como-afectara-la-era-trump-al-mundo-de-las-telecos\/\" \/>\n<meta property=\"og:locale\" content=\"es_ES\" \/>\n<meta property=\"og:type\" content=\"article\" \/>\n<meta property=\"og:title\" content=\"\u00bfC\u00f3mo afectar\u00e1 la era Trump al mundo de las telecos?\" \/>\n<meta property=\"og:description\" content=\"La elecci\u00f3n de Donald Trump como cuadrag\u00e9simo quinto presidente de los EEUU ha generado un indudable debate pol\u00edtico, econ\u00f3mico y social a lo largo y ancho del orbe. Pero su controvertida elecci\u00f3n como jefe de la primera potencia mundial tambi\u00e9n podr\u00eda tener consecuencias directas e inminentes en nuestro Sector; ya se sabe que cuando EEUU [&hellip;]\" \/>\n<meta property=\"og:url\" content=\"https:\/\/www.ugtcomunicaciones.es\/wordpress\/como-afectara-la-era-trump-al-mundo-de-las-telecos\/\" \/>\n<meta property=\"og:site_name\" content=\"UGT Comunicaciones\" \/>\n<meta property=\"article:publisher\" content=\"https:\/\/www.facebook.com\/ugt.comunicaciones\/\" \/>\n<meta property=\"article:published_time\" content=\"2016-12-02T11:46:20+00:00\" \/>\n<meta property=\"article:modified_time\" content=\"2017-09-05T12:26:52+00:00\" \/>\n<meta property=\"og:image\" content=\"https:\/\/www.ugtcomunicaciones.es\/wordpress\/wp-content\/uploads\/2016\/12\/american-flag-148357.jpg\" \/>\n\t<meta property=\"og:image:width\" content=\"425\" \/>\n\t<meta property=\"og:image:height\" content=\"318\" \/>\n\t<meta property=\"og:image:type\" content=\"image\/jpeg\" \/>\n<meta name=\"author\" content=\"UGT\" \/>\n<meta name=\"twitter:card\" content=\"summary_large_image\" \/>\n<meta name=\"twitter:creator\" content=\"@ugtcom\" \/>\n<meta name=\"twitter:site\" content=\"@ugtcom\" \/>\n<meta name=\"twitter:label1\" content=\"Escrito por\" \/>\n\t<meta name=\"twitter:data1\" content=\"UGT\" \/>\n\t<meta name=\"twitter:label2\" content=\"Tiempo de lectura\" \/>\n\t<meta name=\"twitter:data2\" content=\"4 minutos\" \/>\n<script type=\"application\/ld+json\" class=\"yoast-schema-graph\">{\"@context\":\"https:\\\/\\\/schema.org\",\"@graph\":[{\"@type\":\"Article\",\"@id\":\"https:\\\/\\\/www.ugtcomunicaciones.es\\\/wordpress\\\/como-afectara-la-era-trump-al-mundo-de-las-telecos\\\/#article\",\"isPartOf\":{\"@id\":\"https:\\\/\\\/www.ugtcomunicaciones.es\\\/wordpress\\\/como-afectara-la-era-trump-al-mundo-de-las-telecos\\\/\"},\"author\":{\"name\":\"UGT\",\"@id\":\"https:\\\/\\\/www.ugtcomunicaciones.es\\\/wordpress\\\/#\\\/schema\\\/person\\\/eba0fc3fe5b444531d94d4368cba89ed\"},\"headline\":\"\u00bfC\u00f3mo afectar\u00e1 la era Trump al mundo de las telecos?\",\"datePublished\":\"2016-12-02T11:46:20+00:00\",\"dateModified\":\"2017-09-05T12:26:52+00:00\",\"mainEntityOfPage\":{\"@id\":\"https:\\\/\\\/www.ugtcomunicaciones.es\\\/wordpress\\\/como-afectara-la-era-trump-al-mundo-de-las-telecos\\\/\"},\"wordCount\":811,\"commentCount\":1,\"publisher\":{\"@id\":\"https:\\\/\\\/www.ugtcomunicaciones.es\\\/wordpress\\\/#organization\"},\"image\":{\"@id\":\"https:\\\/\\\/www.ugtcomunicaciones.es\\\/wordpress\\\/como-afectara-la-era-trump-al-mundo-de-las-telecos\\\/#primaryimage\"},\"thumbnailUrl\":\"https:\\\/\\\/www.ugtcomunicaciones.es\\\/wordpress\\\/wp-content\\\/uploads\\\/2016\\\/12\\\/american-flag-148357.jpg\",\"articleSection\":[\"Featured\",\"Regulaci\u00f3n\"],\"inLanguage\":\"es\",\"potentialAction\":[{\"@type\":\"CommentAction\",\"name\":\"Comment\",\"target\":[\"https:\\\/\\\/www.ugtcomunicaciones.es\\\/wordpress\\\/como-afectara-la-era-trump-al-mundo-de-las-telecos\\\/#respond\"]}]},{\"@type\":\"WebPage\",\"@id\":\"https:\\\/\\\/www.ugtcomunicaciones.es\\\/wordpress\\\/como-afectara-la-era-trump-al-mundo-de-las-telecos\\\/\",\"url\":\"https:\\\/\\\/www.ugtcomunicaciones.es\\\/wordpress\\\/como-afectara-la-era-trump-al-mundo-de-las-telecos\\\/\",\"name\":\"\u00bfC\u00f3mo afectar\u00e1 la era Trump al mundo de las telecos? - UGT Comunicaciones\",\"isPartOf\":{\"@id\":\"https:\\\/\\\/www.ugtcomunicaciones.es\\\/wordpress\\\/#website\"},\"primaryImageOfPage\":{\"@id\":\"https:\\\/\\\/www.ugtcomunicaciones.es\\\/wordpress\\\/como-afectara-la-era-trump-al-mundo-de-las-telecos\\\/#primaryimage\"},\"image\":{\"@id\":\"https:\\\/\\\/www.ugtcomunicaciones.es\\\/wordpress\\\/como-afectara-la-era-trump-al-mundo-de-las-telecos\\\/#primaryimage\"},\"thumbnailUrl\":\"https:\\\/\\\/www.ugtcomunicaciones.es\\\/wordpress\\\/wp-content\\\/uploads\\\/2016\\\/12\\\/american-flag-148357.jpg\",\"datePublished\":\"2016-12-02T11:46:20+00:00\",\"dateModified\":\"2017-09-05T12:26:52+00:00\",\"breadcrumb\":{\"@id\":\"https:\\\/\\\/www.ugtcomunicaciones.es\\\/wordpress\\\/como-afectara-la-era-trump-al-mundo-de-las-telecos\\\/#breadcrumb\"},\"inLanguage\":\"es\",\"potentialAction\":[{\"@type\":\"ReadAction\",\"target\":[\"https:\\\/\\\/www.ugtcomunicaciones.es\\\/wordpress\\\/como-afectara-la-era-trump-al-mundo-de-las-telecos\\\/\"]}]},{\"@type\":\"ImageObject\",\"inLanguage\":\"es\",\"@id\":\"https:\\\/\\\/www.ugtcomunicaciones.es\\\/wordpress\\\/como-afectara-la-era-trump-al-mundo-de-las-telecos\\\/#primaryimage\",\"url\":\"https:\\\/\\\/www.ugtcomunicaciones.es\\\/wordpress\\\/wp-content\\\/uploads\\\/2016\\\/12\\\/american-flag-148357.jpg\",\"contentUrl\":\"https:\\\/\\\/www.ugtcomunicaciones.es\\\/wordpress\\\/wp-content\\\/uploads\\\/2016\\\/12\\\/american-flag-148357.jpg\",\"width\":425,\"height\":318},{\"@type\":\"BreadcrumbList\",\"@id\":\"https:\\\/\\\/www.ugtcomunicaciones.es\\\/wordpress\\\/como-afectara-la-era-trump-al-mundo-de-las-telecos\\\/#breadcrumb\",\"itemListElement\":[{\"@type\":\"ListItem\",\"position\":1,\"name\":\"Portada\",\"item\":\"https:\\\/\\\/www.ugtcomunicaciones.es\\\/wordpress\\\/\"},{\"@type\":\"ListItem\",\"position\":2,\"name\":\"\u00bfC\u00f3mo afectar\u00e1 la era Trump al mundo de las telecos?\"}]},{\"@type\":\"WebSite\",\"@id\":\"https:\\\/\\\/www.ugtcomunicaciones.es\\\/wordpress\\\/#website\",\"url\":\"https:\\\/\\\/www.ugtcomunicaciones.es\\\/wordpress\\\/\",\"name\":\"UGT Comunicaciones\",\"description\":\"Sindicato de Telecomunicaciones\",\"publisher\":{\"@id\":\"https:\\\/\\\/www.ugtcomunicaciones.es\\\/wordpress\\\/#organization\"},\"potentialAction\":[{\"@type\":\"SearchAction\",\"target\":{\"@type\":\"EntryPoint\",\"urlTemplate\":\"https:\\\/\\\/www.ugtcomunicaciones.es\\\/wordpress\\\/?s={search_term_string}\"},\"query-input\":{\"@type\":\"PropertyValueSpecification\",\"valueRequired\":true,\"valueName\":\"search_term_string\"}}],\"inLanguage\":\"es\"},{\"@type\":\"Organization\",\"@id\":\"https:\\\/\\\/www.ugtcomunicaciones.es\\\/wordpress\\\/#organization\",\"name\":\"UGT Comunicaciones\",\"url\":\"https:\\\/\\\/www.ugtcomunicaciones.es\\\/wordpress\\\/\",\"logo\":{\"@type\":\"ImageObject\",\"inLanguage\":\"es\",\"@id\":\"https:\\\/\\\/www.ugtcomunicaciones.es\\\/wordpress\\\/#\\\/schema\\\/logo\\\/image\\\/\",\"url\":\"https:\\\/\\\/www.ugtcomunicaciones.es\\\/wordpress\\\/wp-content\\\/uploads\\\/2024\\\/04\\\/comunicaciones_logo.png\",\"contentUrl\":\"https:\\\/\\\/www.ugtcomunicaciones.es\\\/wordpress\\\/wp-content\\\/uploads\\\/2024\\\/04\\\/comunicaciones_logo.png\",\"width\":298,\"height\":81,\"caption\":\"UGT Comunicaciones\"},\"image\":{\"@id\":\"https:\\\/\\\/www.ugtcomunicaciones.es\\\/wordpress\\\/#\\\/schema\\\/logo\\\/image\\\/\"},\"sameAs\":[\"https:\\\/\\\/www.facebook.com\\\/ugt.comunicaciones\\\/\",\"https:\\\/\\\/x.com\\\/ugtcom\"]},{\"@type\":\"Person\",\"@id\":\"https:\\\/\\\/www.ugtcomunicaciones.es\\\/wordpress\\\/#\\\/schema\\\/person\\\/eba0fc3fe5b444531d94d4368cba89ed\",\"name\":\"UGT\",\"image\":{\"@type\":\"ImageObject\",\"inLanguage\":\"es\",\"@id\":\"https:\\\/\\\/secure.gravatar.com\\\/avatar\\\/2a16057d620a4c646bcfc171c4f23030879ebbdd346f0525bd5d4a564e57e13d?s=96&d=mm&r=g\",\"url\":\"https:\\\/\\\/secure.gravatar.com\\\/avatar\\\/2a16057d620a4c646bcfc171c4f23030879ebbdd346f0525bd5d4a564e57e13d?s=96&d=mm&r=g\",\"contentUrl\":\"https:\\\/\\\/secure.gravatar.com\\\/avatar\\\/2a16057d620a4c646bcfc171c4f23030879ebbdd346f0525bd5d4a564e57e13d?s=96&d=mm&r=g\",\"caption\":\"UGT\"}}]}<\/script>\n<!-- \/ Yoast SEO Premium plugin. -->","yoast_head_json":{"title":"\u00bfC\u00f3mo afectar\u00e1 la era Trump al mundo de las telecos? - UGT Comunicaciones","robots":{"index":"index","follow":"follow","max-snippet":"max-snippet:-1","max-image-preview":"max-image-preview:large","max-video-preview":"max-video-preview:-1"},"canonical":"https:\/\/www.ugtcomunicaciones.es\/wordpress\/como-afectara-la-era-trump-al-mundo-de-las-telecos\/","og_locale":"es_ES","og_type":"article","og_title":"\u00bfC\u00f3mo afectar\u00e1 la era Trump al mundo de las telecos?","og_description":"La elecci\u00f3n de Donald Trump como cuadrag\u00e9simo quinto presidente de los EEUU ha generado un indudable debate pol\u00edtico, econ\u00f3mico y social a lo largo y ancho del orbe. Pero su controvertida elecci\u00f3n como jefe de la primera potencia mundial tambi\u00e9n podr\u00eda tener consecuencias directas e inminentes en nuestro Sector; ya se sabe que cuando EEUU [&hellip;]","og_url":"https:\/\/www.ugtcomunicaciones.es\/wordpress\/como-afectara-la-era-trump-al-mundo-de-las-telecos\/","og_site_name":"UGT Comunicaciones","article_publisher":"https:\/\/www.facebook.com\/ugt.comunicaciones\/","article_published_time":"2016-12-02T11:46:20+00:00","article_modified_time":"2017-09-05T12:26:52+00:00","og_image":[{"width":425,"height":318,"url":"https:\/\/www.ugtcomunicaciones.es\/wordpress\/wp-content\/uploads\/2016\/12\/american-flag-148357.jpg","type":"image\/jpeg"}],"author":"UGT","twitter_card":"summary_large_image","twitter_creator":"@ugtcom","twitter_site":"@ugtcom","twitter_misc":{"Escrito por":"UGT","Tiempo de lectura":"4 minutos"},"schema":{"@context":"https:\/\/schema.org","@graph":[{"@type":"Article","@id":"https:\/\/www.ugtcomunicaciones.es\/wordpress\/como-afectara-la-era-trump-al-mundo-de-las-telecos\/#article","isPartOf":{"@id":"https:\/\/www.ugtcomunicaciones.es\/wordpress\/como-afectara-la-era-trump-al-mundo-de-las-telecos\/"},"author":{"name":"UGT","@id":"https:\/\/www.ugtcomunicaciones.es\/wordpress\/#\/schema\/person\/eba0fc3fe5b444531d94d4368cba89ed"},"headline":"\u00bfC\u00f3mo afectar\u00e1 la era Trump al mundo de las telecos?","datePublished":"2016-12-02T11:46:20+00:00","dateModified":"2017-09-05T12:26:52+00:00","mainEntityOfPage":{"@id":"https:\/\/www.ugtcomunicaciones.es\/wordpress\/como-afectara-la-era-trump-al-mundo-de-las-telecos\/"},"wordCount":811,"commentCount":1,"publisher":{"@id":"https:\/\/www.ugtcomunicaciones.es\/wordpress\/#organization"},"image":{"@id":"https:\/\/www.ugtcomunicaciones.es\/wordpress\/como-afectara-la-era-trump-al-mundo-de-las-telecos\/#primaryimage"},"thumbnailUrl":"https:\/\/www.ugtcomunicaciones.es\/wordpress\/wp-content\/uploads\/2016\/12\/american-flag-148357.jpg","articleSection":["Featured","Regulaci\u00f3n"],"inLanguage":"es","potentialAction":[{"@type":"CommentAction","name":"Comment","target":["https:\/\/www.ugtcomunicaciones.es\/wordpress\/como-afectara-la-era-trump-al-mundo-de-las-telecos\/#respond"]}]},{"@type":"WebPage","@id":"https:\/\/www.ugtcomunicaciones.es\/wordpress\/como-afectara-la-era-trump-al-mundo-de-las-telecos\/","url":"https:\/\/www.ugtcomunicaciones.es\/wordpress\/como-afectara-la-era-trump-al-mundo-de-las-telecos\/","name":"\u00bfC\u00f3mo afectar\u00e1 la era Trump al mundo de las telecos? - UGT Comunicaciones","isPartOf":{"@id":"https:\/\/www.ugtcomunicaciones.es\/wordpress\/#website"},"primaryImageOfPage":{"@id":"https:\/\/www.ugtcomunicaciones.es\/wordpress\/como-afectara-la-era-trump-al-mundo-de-las-telecos\/#primaryimage"},"image":{"@id":"https:\/\/www.ugtcomunicaciones.es\/wordpress\/como-afectara-la-era-trump-al-mundo-de-las-telecos\/#primaryimage"},"thumbnailUrl":"https:\/\/www.ugtcomunicaciones.es\/wordpress\/wp-content\/uploads\/2016\/12\/american-flag-148357.jpg","datePublished":"2016-12-02T11:46:20+00:00","dateModified":"2017-09-05T12:26:52+00:00","breadcrumb":{"@id":"https:\/\/www.ugtcomunicaciones.es\/wordpress\/como-afectara-la-era-trump-al-mundo-de-las-telecos\/#breadcrumb"},"inLanguage":"es","potentialAction":[{"@type":"ReadAction","target":["https:\/\/www.ugtcomunicaciones.es\/wordpress\/como-afectara-la-era-trump-al-mundo-de-las-telecos\/"]}]},{"@type":"ImageObject","inLanguage":"es","@id":"https:\/\/www.ugtcomunicaciones.es\/wordpress\/como-afectara-la-era-trump-al-mundo-de-las-telecos\/#primaryimage","url":"https:\/\/www.ugtcomunicaciones.es\/wordpress\/wp-content\/uploads\/2016\/12\/american-flag-148357.jpg","contentUrl":"https:\/\/www.ugtcomunicaciones.es\/wordpress\/wp-content\/uploads\/2016\/12\/american-flag-148357.jpg","width":425,"height":318},{"@type":"BreadcrumbList","@id":"https:\/\/www.ugtcomunicaciones.es\/wordpress\/como-afectara-la-era-trump-al-mundo-de-las-telecos\/#breadcrumb","itemListElement":[{"@type":"ListItem","position":1,"name":"Portada","item":"https:\/\/www.ugtcomunicaciones.es\/wordpress\/"},{"@type":"ListItem","position":2,"name":"\u00bfC\u00f3mo afectar\u00e1 la era Trump al mundo de las telecos?"}]},{"@type":"WebSite","@id":"https:\/\/www.ugtcomunicaciones.es\/wordpress\/#website","url":"https:\/\/www.ugtcomunicaciones.es\/wordpress\/","name":"UGT Comunicaciones","description":"Sindicato de Telecomunicaciones","publisher":{"@id":"https:\/\/www.ugtcomunicaciones.es\/wordpress\/#organization"},"potentialAction":[{"@type":"SearchAction","target":{"@type":"EntryPoint","urlTemplate":"https:\/\/www.ugtcomunicaciones.es\/wordpress\/?s={search_term_string}"},"query-input":{"@type":"PropertyValueSpecification","valueRequired":true,"valueName":"search_term_string"}}],"inLanguage":"es"},{"@type":"Organization","@id":"https:\/\/www.ugtcomunicaciones.es\/wordpress\/#organization","name":"UGT Comunicaciones","url":"https:\/\/www.ugtcomunicaciones.es\/wordpress\/","logo":{"@type":"ImageObject","inLanguage":"es","@id":"https:\/\/www.ugtcomunicaciones.es\/wordpress\/#\/schema\/logo\/image\/","url":"https:\/\/www.ugtcomunicaciones.es\/wordpress\/wp-content\/uploads\/2024\/04\/comunicaciones_logo.png","contentUrl":"https:\/\/www.ugtcomunicaciones.es\/wordpress\/wp-content\/uploads\/2024\/04\/comunicaciones_logo.png","width":298,"height":81,"caption":"UGT Comunicaciones"},"image":{"@id":"https:\/\/www.ugtcomunicaciones.es\/wordpress\/#\/schema\/logo\/image\/"},"sameAs":["https:\/\/www.facebook.com\/ugt.comunicaciones\/","https:\/\/x.com\/ugtcom"]},{"@type":"Person","@id":"https:\/\/www.ugtcomunicaciones.es\/wordpress\/#\/schema\/person\/eba0fc3fe5b444531d94d4368cba89ed","name":"UGT","image":{"@type":"ImageObject","inLanguage":"es","@id":"https:\/\/secure.gravatar.com\/avatar\/2a16057d620a4c646bcfc171c4f23030879ebbdd346f0525bd5d4a564e57e13d?s=96&d=mm&r=g","url":"https:\/\/secure.gravatar.com\/avatar\/2a16057d620a4c646bcfc171c4f23030879ebbdd346f0525bd5d4a564e57e13d?s=96&d=mm&r=g","contentUrl":"https:\/\/secure.gravatar.com\/avatar\/2a16057d620a4c646bcfc171c4f23030879ebbdd346f0525bd5d4a564e57e13d?s=96&d=mm&r=g","caption":"UGT"}}]}},"_links":{"self":[{"href":"https:\/\/www.ugtcomunicaciones.es\/wordpress\/wp-json\/wp\/v2\/posts\/331","targetHints":{"allow":["GET"]}}],"collection":[{"href":"https:\/\/www.ugtcomunicaciones.es\/wordpress\/wp-json\/wp\/v2\/posts"}],"about":[{"href":"https:\/\/www.ugtcomunicaciones.es\/wordpress\/wp-json\/wp\/v2\/types\/post"}],"author":[{"embeddable":true,"href":"https:\/\/www.ugtcomunicaciones.es\/wordpress\/wp-json\/wp\/v2\/users\/3"}],"replies":[{"embeddable":true,"href":"https:\/\/www.ugtcomunicaciones.es\/wordpress\/wp-json\/wp\/v2\/comments?post=331"}],"version-history":[{"count":0,"href":"https:\/\/www.ugtcomunicaciones.es\/wordpress\/wp-json\/wp\/v2\/posts\/331\/revisions"}],"wp:featuredmedia":[{"embeddable":true,"href":"https:\/\/www.ugtcomunicaciones.es\/wordpress\/wp-json\/wp\/v2\/media\/334"}],"wp:attachment":[{"href":"https:\/\/www.ugtcomunicaciones.es\/wordpress\/wp-json\/wp\/v2\/media?parent=331"}],"wp:term":[{"taxonomy":"category","embeddable":true,"href":"https:\/\/www.ugtcomunicaciones.es\/wordpress\/wp-json\/wp\/v2\/categories?post=331"},{"taxonomy":"post_tag","embeddable":true,"href":"https:\/\/www.ugtcomunicaciones.es\/wordpress\/wp-json\/wp\/v2\/tags?post=331"}],"curies":[{"name":"wp","href":"https:\/\/api.w.org\/{rel}","templated":true}]}}