{"id":343199,"date":"2019-05-16T21:30:09","date_gmt":"2019-05-16T19:30:09","guid":{"rendered":"http:\/\/ugtcomunicaciones.es\/wordpress\/?p=343199"},"modified":"2019-05-16T21:36:34","modified_gmt":"2019-05-16T19:36:34","slug":"apoyo-mayoritario-a-los-valores-democraticos","status":"publish","type":"post","link":"https:\/\/www.ugtcomunicaciones.es\/wordpress\/apoyo-mayoritario-a-los-valores-democraticos\/","title":{"rendered":"Apoyo mayoritario a los valores democr\u00e1ticos"},"content":{"rendered":"<p style=\"text-align: justify;\">Tras la celebraci\u00f3n de las elecciones sindicales celebradas el 16 de mayo, los compa\u00f1eros y compa\u00f1eras de Telef\u00f3nica de Espa\u00f1a <strong>hab\u00e9is renovado una vez m\u00e1s vuestra confianza mayoritaria en<\/strong> <strong>UGT<\/strong> para que podamos <strong>liderar la pr\u00f3xima y esencial negociaci\u00f3n colectiva<\/strong> que debe <strong>afianzar nuestras conquistas econ\u00f3micas, laborales y sociales<\/strong> y <strong>proporcionar un escenario estable donde continuar desarroll\u00e1ndonos profesionalmente<\/strong> en el nuevo entorno digital.<\/p>\n<p style=\"text-align: justify;\"><strong>UGT<\/strong> ha pretendido hacer <strong>una campa\u00f1a electoral en positivo<\/strong>, <strong>se\u00f1alando los problemas\u00a0y\u00a0 proponiendo nuestras alternativas<\/strong> limit\u00e1ndonos a responder, en contadas\u00a0 ocasiones, a las <em>fake news<\/em> que detect\u00e1bamos, simplemente <strong>para evitar que el debate sindical se realizara en t\u00e9rminos equ\u00edvocos<\/strong>, como\u00a0 <strong>cuando se proporcionaban datos\u00a0 err\u00f3neos o falsos<\/strong>, o para que <strong>no se divagase\u00a0\u00a0 sobre cuestiones que no son las que se dilucidan en unas elecciones sindicales, <\/strong>\u00a0como nuestro plan de pensiones, tan invocado por algunos en la campa\u00f1a.<\/p>\n<p style=\"text-align: justify;\">Sin embargo, esta se ha visto salpicada por<strong> todo tipo de afirmaciones infundadas, noticias no contrastadas, bulos e incluso insidiosos an\u00f3nimos<\/strong> manipulados contra nuestras siglas y los valores que representamos, evidenciando que, <strong>cuando no hay trabajo realizado, ni gesti\u00f3n, ni logros, ni argumentos, surgen la mentira y la difamaci\u00f3n como instrumento pol\u00edtico, <\/strong>enturbiando la convivencia y, sobre todo,<strong> ensuciando la democracia que tanto esfuerzo nos ha costado construir <\/strong>en nuestro pa\u00eds<strong>.<\/strong><strong>\u00a0<\/strong><\/p>\n<p style=\"text-align: justify;\">El apoyo mayoritario que los trabajadores y trabajadoras hab\u00e9is dado con vuestro voto a <strong>UGT<\/strong><strong> respalda nuestro convencimiento de que los valores democr\u00e1ticos, la sensatez y la responsabilidad son mayoritarios <\/strong>entre los que trabaj\u00e1is a diario construyendo nuestra empresa,<strong> \u00a0<\/strong>creando<strong> espacios de respeto <\/strong>donde tienen plena vigencia<strong> los valores democr\u00e1ticos y la igualdad de derechos, <\/strong>lo que<strong> nos enorgullece y anima a\u00fan m\u00e1s a seguir trabajando para dar cumplimiento al programa de futuro con el que nos hemos comprometido con todos vosotros, <\/strong>para garantizar la\u00a0 estabilidad laboral, la empleabilidad en todas las provincias, una formaci\u00f3n que d\u00e9 respuesta a los nuevos desaf\u00edos digitales,\u00a0 la continuidad de mecanismos de adecuaci\u00f3n de plantillas apoyados en la voluntariedad, la universalidad y no discriminaci\u00f3n ante hipot\u00e9ticos planes de reducci\u00f3n de empleo y la garant\u00eda de un desarrollo profesional y econ\u00f3mico\u00a0 en paralelo al crecimiento de nuestra empresa en la nueva sociedad digital.<\/p>\n","protected":false},"excerpt":{"rendered":"<p>Tras la celebraci\u00f3n de las elecciones sindicales celebradas el 16 de mayo, los compa\u00f1eros y compa\u00f1eras de Telef\u00f3nica de Espa\u00f1a hab\u00e9is renovado una vez m\u00e1s vuestra confianza mayoritaria en UGT para que podamos liderar la pr\u00f3xima y esencial negociaci\u00f3n colectiva que debe afianzar nuestras conquistas econ\u00f3micas, laborales y sociales y proporcionar un escenario estable donde [&hellip;]<\/p>\n","protected":false},"author":3,"featured_media":343200,"comment_status":"closed","ping_status":"closed","sticky":false,"template":"","format":"standard","meta":{"footnotes":""},"categories":[84,83],"tags":[],"class_list":["post-343199","post","type-post","status-publish","format-standard","has-post-thumbnail","hentry","category-comunicados_elecciones_tde","category-elecciones-tde-2019"],"yoast_head":"<!-- This site is optimized with the Yoast SEO Premium plugin v27.3 (Yoast SEO v27.4) - https:\/\/yoast.com\/product\/yoast-seo-premium-wordpress\/ -->\n<title>Apoyo mayoritario a los valores democr\u00e1ticos - UGT Comunicaciones<\/title>\n<meta name=\"robots\" content=\"index, follow, max-snippet:-1, max-image-preview:large, max-video-preview:-1\" \/>\n<link rel=\"canonical\" href=\"https:\/\/www.ugtcomunicaciones.es\/wordpress\/apoyo-mayoritario-a-los-valores-democraticos\/\" \/>\n<meta property=\"og:locale\" content=\"es_ES\" \/>\n<meta property=\"og:type\" content=\"article\" \/>\n<meta property=\"og:title\" content=\"Apoyo mayoritario a los valores democr\u00e1ticos\" \/>\n<meta property=\"og:description\" content=\"Tras la celebraci\u00f3n de las elecciones sindicales celebradas el 16 de mayo, los compa\u00f1eros y compa\u00f1eras de Telef\u00f3nica de Espa\u00f1a hab\u00e9is renovado una vez m\u00e1s vuestra confianza mayoritaria en UGT para que podamos liderar la pr\u00f3xima y esencial negociaci\u00f3n colectiva que debe afianzar nuestras conquistas econ\u00f3micas, laborales y sociales y proporcionar un escenario estable donde [&hellip;]\" \/>\n<meta property=\"og:url\" content=\"https:\/\/www.ugtcomunicaciones.es\/wordpress\/apoyo-mayoritario-a-los-valores-democraticos\/\" \/>\n<meta property=\"og:site_name\" content=\"UGT Comunicaciones\" \/>\n<meta property=\"article:publisher\" content=\"https:\/\/www.facebook.com\/ugt.comunicaciones\/\" \/>\n<meta property=\"article:published_time\" content=\"2019-05-16T19:30:09+00:00\" \/>\n<meta property=\"article:modified_time\" content=\"2019-05-16T19:36:34+00:00\" \/>\n<meta property=\"og:image\" content=\"https:\/\/www.ugtcomunicaciones.es\/wordpress\/wp-content\/uploads\/2019\/05\/votar.jpg\" \/>\n\t<meta property=\"og:image:width\" content=\"640\" \/>\n\t<meta property=\"og:image:height\" content=\"536\" \/>\n\t<meta property=\"og:image:type\" content=\"image\/jpeg\" \/>\n<meta name=\"author\" content=\"UGT\" \/>\n<meta name=\"twitter:card\" content=\"summary_large_image\" \/>\n<meta name=\"twitter:creator\" content=\"@ugtcom\" \/>\n<meta name=\"twitter:site\" content=\"@ugtcom\" \/>\n<meta name=\"twitter:label1\" content=\"Escrito por\" \/>\n\t<meta name=\"twitter:data1\" content=\"UGT\" \/>\n\t<meta name=\"twitter:label2\" content=\"Tiempo de lectura\" \/>\n\t<meta name=\"twitter:data2\" content=\"2 minutos\" \/>\n<script type=\"application\/ld+json\" class=\"yoast-schema-graph\">{\"@context\":\"https:\\\/\\\/schema.org\",\"@graph\":[{\"@type\":\"Article\",\"@id\":\"https:\\\/\\\/www.ugtcomunicaciones.es\\\/wordpress\\\/apoyo-mayoritario-a-los-valores-democraticos\\\/#article\",\"isPartOf\":{\"@id\":\"https:\\\/\\\/www.ugtcomunicaciones.es\\\/wordpress\\\/apoyo-mayoritario-a-los-valores-democraticos\\\/\"},\"author\":{\"name\":\"UGT\",\"@id\":\"https:\\\/\\\/www.ugtcomunicaciones.es\\\/wordpress\\\/#\\\/schema\\\/person\\\/eba0fc3fe5b444531d94d4368cba89ed\"},\"headline\":\"Apoyo mayoritario a los valores democr\u00e1ticos\",\"datePublished\":\"2019-05-16T19:30:09+00:00\",\"dateModified\":\"2019-05-16T19:36:34+00:00\",\"mainEntityOfPage\":{\"@id\":\"https:\\\/\\\/www.ugtcomunicaciones.es\\\/wordpress\\\/apoyo-mayoritario-a-los-valores-democraticos\\\/\"},\"wordCount\":405,\"publisher\":{\"@id\":\"https:\\\/\\\/www.ugtcomunicaciones.es\\\/wordpress\\\/#organization\"},\"image\":{\"@id\":\"https:\\\/\\\/www.ugtcomunicaciones.es\\\/wordpress\\\/apoyo-mayoritario-a-los-valores-democraticos\\\/#primaryimage\"},\"thumbnailUrl\":\"https:\\\/\\\/www.ugtcomunicaciones.es\\\/wordpress\\\/wp-content\\\/uploads\\\/2019\\\/05\\\/votar.jpg\",\"articleSection\":[\"Comunicados Elecciones TdE\",\"Elecciones Telef\u00f3nica 2019\"],\"inLanguage\":\"es\"},{\"@type\":\"WebPage\",\"@id\":\"https:\\\/\\\/www.ugtcomunicaciones.es\\\/wordpress\\\/apoyo-mayoritario-a-los-valores-democraticos\\\/\",\"url\":\"https:\\\/\\\/www.ugtcomunicaciones.es\\\/wordpress\\\/apoyo-mayoritario-a-los-valores-democraticos\\\/\",\"name\":\"Apoyo mayoritario a los valores democr\u00e1ticos - UGT Comunicaciones\",\"isPartOf\":{\"@id\":\"https:\\\/\\\/www.ugtcomunicaciones.es\\\/wordpress\\\/#website\"},\"primaryImageOfPage\":{\"@id\":\"https:\\\/\\\/www.ugtcomunicaciones.es\\\/wordpress\\\/apoyo-mayoritario-a-los-valores-democraticos\\\/#primaryimage\"},\"image\":{\"@id\":\"https:\\\/\\\/www.ugtcomunicaciones.es\\\/wordpress\\\/apoyo-mayoritario-a-los-valores-democraticos\\\/#primaryimage\"},\"thumbnailUrl\":\"https:\\\/\\\/www.ugtcomunicaciones.es\\\/wordpress\\\/wp-content\\\/uploads\\\/2019\\\/05\\\/votar.jpg\",\"datePublished\":\"2019-05-16T19:30:09+00:00\",\"dateModified\":\"2019-05-16T19:36:34+00:00\",\"breadcrumb\":{\"@id\":\"https:\\\/\\\/www.ugtcomunicaciones.es\\\/wordpress\\\/apoyo-mayoritario-a-los-valores-democraticos\\\/#breadcrumb\"},\"inLanguage\":\"es\",\"potentialAction\":[{\"@type\":\"ReadAction\",\"target\":[\"https:\\\/\\\/www.ugtcomunicaciones.es\\\/wordpress\\\/apoyo-mayoritario-a-los-valores-democraticos\\\/\"]}]},{\"@type\":\"ImageObject\",\"inLanguage\":\"es\",\"@id\":\"https:\\\/\\\/www.ugtcomunicaciones.es\\\/wordpress\\\/apoyo-mayoritario-a-los-valores-democraticos\\\/#primaryimage\",\"url\":\"https:\\\/\\\/www.ugtcomunicaciones.es\\\/wordpress\\\/wp-content\\\/uploads\\\/2019\\\/05\\\/votar.jpg\",\"contentUrl\":\"https:\\\/\\\/www.ugtcomunicaciones.es\\\/wordpress\\\/wp-content\\\/uploads\\\/2019\\\/05\\\/votar.jpg\",\"width\":640,\"height\":536},{\"@type\":\"BreadcrumbList\",\"@id\":\"https:\\\/\\\/www.ugtcomunicaciones.es\\\/wordpress\\\/apoyo-mayoritario-a-los-valores-democraticos\\\/#breadcrumb\",\"itemListElement\":[{\"@type\":\"ListItem\",\"position\":1,\"name\":\"Portada\",\"item\":\"https:\\\/\\\/www.ugtcomunicaciones.es\\\/wordpress\\\/\"},{\"@type\":\"ListItem\",\"position\":2,\"name\":\"Apoyo mayoritario a los valores democr\u00e1ticos\"}]},{\"@type\":\"WebSite\",\"@id\":\"https:\\\/\\\/www.ugtcomunicaciones.es\\\/wordpress\\\/#website\",\"url\":\"https:\\\/\\\/www.ugtcomunicaciones.es\\\/wordpress\\\/\",\"name\":\"UGT Comunicaciones\",\"description\":\"Sindicato de Telecomunicaciones\",\"publisher\":{\"@id\":\"https:\\\/\\\/www.ugtcomunicaciones.es\\\/wordpress\\\/#organization\"},\"potentialAction\":[{\"@type\":\"SearchAction\",\"target\":{\"@type\":\"EntryPoint\",\"urlTemplate\":\"https:\\\/\\\/www.ugtcomunicaciones.es\\\/wordpress\\\/?s={search_term_string}\"},\"query-input\":{\"@type\":\"PropertyValueSpecification\",\"valueRequired\":true,\"valueName\":\"search_term_string\"}}],\"inLanguage\":\"es\"},{\"@type\":\"Organization\",\"@id\":\"https:\\\/\\\/www.ugtcomunicaciones.es\\\/wordpress\\\/#organization\",\"name\":\"UGT Comunicaciones\",\"url\":\"https:\\\/\\\/www.ugtcomunicaciones.es\\\/wordpress\\\/\",\"logo\":{\"@type\":\"ImageObject\",\"inLanguage\":\"es\",\"@id\":\"https:\\\/\\\/www.ugtcomunicaciones.es\\\/wordpress\\\/#\\\/schema\\\/logo\\\/image\\\/\",\"url\":\"https:\\\/\\\/www.ugtcomunicaciones.es\\\/wordpress\\\/wp-content\\\/uploads\\\/2024\\\/04\\\/comunicaciones_logo.png\",\"contentUrl\":\"https:\\\/\\\/www.ugtcomunicaciones.es\\\/wordpress\\\/wp-content\\\/uploads\\\/2024\\\/04\\\/comunicaciones_logo.png\",\"width\":298,\"height\":81,\"caption\":\"UGT Comunicaciones\"},\"image\":{\"@id\":\"https:\\\/\\\/www.ugtcomunicaciones.es\\\/wordpress\\\/#\\\/schema\\\/logo\\\/image\\\/\"},\"sameAs\":[\"https:\\\/\\\/www.facebook.com\\\/ugt.comunicaciones\\\/\",\"https:\\\/\\\/x.com\\\/ugtcom\"]},{\"@type\":\"Person\",\"@id\":\"https:\\\/\\\/www.ugtcomunicaciones.es\\\/wordpress\\\/#\\\/schema\\\/person\\\/eba0fc3fe5b444531d94d4368cba89ed\",\"name\":\"UGT\",\"image\":{\"@type\":\"ImageObject\",\"inLanguage\":\"es\",\"@id\":\"https:\\\/\\\/secure.gravatar.com\\\/avatar\\\/2a16057d620a4c646bcfc171c4f23030879ebbdd346f0525bd5d4a564e57e13d?s=96&d=mm&r=g\",\"url\":\"https:\\\/\\\/secure.gravatar.com\\\/avatar\\\/2a16057d620a4c646bcfc171c4f23030879ebbdd346f0525bd5d4a564e57e13d?s=96&d=mm&r=g\",\"contentUrl\":\"https:\\\/\\\/secure.gravatar.com\\\/avatar\\\/2a16057d620a4c646bcfc171c4f23030879ebbdd346f0525bd5d4a564e57e13d?s=96&d=mm&r=g\",\"caption\":\"UGT\"}}]}<\/script>\n<!-- \/ Yoast SEO Premium plugin. -->","yoast_head_json":{"title":"Apoyo mayoritario a los valores democr\u00e1ticos - UGT Comunicaciones","robots":{"index":"index","follow":"follow","max-snippet":"max-snippet:-1","max-image-preview":"max-image-preview:large","max-video-preview":"max-video-preview:-1"},"canonical":"https:\/\/www.ugtcomunicaciones.es\/wordpress\/apoyo-mayoritario-a-los-valores-democraticos\/","og_locale":"es_ES","og_type":"article","og_title":"Apoyo mayoritario a los valores democr\u00e1ticos","og_description":"Tras la celebraci\u00f3n de las elecciones sindicales celebradas el 16 de mayo, los compa\u00f1eros y compa\u00f1eras de Telef\u00f3nica de Espa\u00f1a hab\u00e9is renovado una vez m\u00e1s vuestra confianza mayoritaria en UGT para que podamos liderar la pr\u00f3xima y esencial negociaci\u00f3n colectiva que debe afianzar nuestras conquistas econ\u00f3micas, laborales y sociales y proporcionar un escenario estable donde [&hellip;]","og_url":"https:\/\/www.ugtcomunicaciones.es\/wordpress\/apoyo-mayoritario-a-los-valores-democraticos\/","og_site_name":"UGT Comunicaciones","article_publisher":"https:\/\/www.facebook.com\/ugt.comunicaciones\/","article_published_time":"2019-05-16T19:30:09+00:00","article_modified_time":"2019-05-16T19:36:34+00:00","og_image":[{"width":640,"height":536,"url":"https:\/\/www.ugtcomunicaciones.es\/wordpress\/wp-content\/uploads\/2019\/05\/votar.jpg","type":"image\/jpeg"}],"author":"UGT","twitter_card":"summary_large_image","twitter_creator":"@ugtcom","twitter_site":"@ugtcom","twitter_misc":{"Escrito por":"UGT","Tiempo de lectura":"2 minutos"},"schema":{"@context":"https:\/\/schema.org","@graph":[{"@type":"Article","@id":"https:\/\/www.ugtcomunicaciones.es\/wordpress\/apoyo-mayoritario-a-los-valores-democraticos\/#article","isPartOf":{"@id":"https:\/\/www.ugtcomunicaciones.es\/wordpress\/apoyo-mayoritario-a-los-valores-democraticos\/"},"author":{"name":"UGT","@id":"https:\/\/www.ugtcomunicaciones.es\/wordpress\/#\/schema\/person\/eba0fc3fe5b444531d94d4368cba89ed"},"headline":"Apoyo mayoritario a los valores democr\u00e1ticos","datePublished":"2019-05-16T19:30:09+00:00","dateModified":"2019-05-16T19:36:34+00:00","mainEntityOfPage":{"@id":"https:\/\/www.ugtcomunicaciones.es\/wordpress\/apoyo-mayoritario-a-los-valores-democraticos\/"},"wordCount":405,"publisher":{"@id":"https:\/\/www.ugtcomunicaciones.es\/wordpress\/#organization"},"image":{"@id":"https:\/\/www.ugtcomunicaciones.es\/wordpress\/apoyo-mayoritario-a-los-valores-democraticos\/#primaryimage"},"thumbnailUrl":"https:\/\/www.ugtcomunicaciones.es\/wordpress\/wp-content\/uploads\/2019\/05\/votar.jpg","articleSection":["Comunicados Elecciones TdE","Elecciones Telef\u00f3nica 2019"],"inLanguage":"es"},{"@type":"WebPage","@id":"https:\/\/www.ugtcomunicaciones.es\/wordpress\/apoyo-mayoritario-a-los-valores-democraticos\/","url":"https:\/\/www.ugtcomunicaciones.es\/wordpress\/apoyo-mayoritario-a-los-valores-democraticos\/","name":"Apoyo mayoritario a los valores democr\u00e1ticos - UGT Comunicaciones","isPartOf":{"@id":"https:\/\/www.ugtcomunicaciones.es\/wordpress\/#website"},"primaryImageOfPage":{"@id":"https:\/\/www.ugtcomunicaciones.es\/wordpress\/apoyo-mayoritario-a-los-valores-democraticos\/#primaryimage"},"image":{"@id":"https:\/\/www.ugtcomunicaciones.es\/wordpress\/apoyo-mayoritario-a-los-valores-democraticos\/#primaryimage"},"thumbnailUrl":"https:\/\/www.ugtcomunicaciones.es\/wordpress\/wp-content\/uploads\/2019\/05\/votar.jpg","datePublished":"2019-05-16T19:30:09+00:00","dateModified":"2019-05-16T19:36:34+00:00","breadcrumb":{"@id":"https:\/\/www.ugtcomunicaciones.es\/wordpress\/apoyo-mayoritario-a-los-valores-democraticos\/#breadcrumb"},"inLanguage":"es","potentialAction":[{"@type":"ReadAction","target":["https:\/\/www.ugtcomunicaciones.es\/wordpress\/apoyo-mayoritario-a-los-valores-democraticos\/"]}]},{"@type":"ImageObject","inLanguage":"es","@id":"https:\/\/www.ugtcomunicaciones.es\/wordpress\/apoyo-mayoritario-a-los-valores-democraticos\/#primaryimage","url":"https:\/\/www.ugtcomunicaciones.es\/wordpress\/wp-content\/uploads\/2019\/05\/votar.jpg","contentUrl":"https:\/\/www.ugtcomunicaciones.es\/wordpress\/wp-content\/uploads\/2019\/05\/votar.jpg","width":640,"height":536},{"@type":"BreadcrumbList","@id":"https:\/\/www.ugtcomunicaciones.es\/wordpress\/apoyo-mayoritario-a-los-valores-democraticos\/#breadcrumb","itemListElement":[{"@type":"ListItem","position":1,"name":"Portada","item":"https:\/\/www.ugtcomunicaciones.es\/wordpress\/"},{"@type":"ListItem","position":2,"name":"Apoyo mayoritario a los valores democr\u00e1ticos"}]},{"@type":"WebSite","@id":"https:\/\/www.ugtcomunicaciones.es\/wordpress\/#website","url":"https:\/\/www.ugtcomunicaciones.es\/wordpress\/","name":"UGT Comunicaciones","description":"Sindicato de Telecomunicaciones","publisher":{"@id":"https:\/\/www.ugtcomunicaciones.es\/wordpress\/#organization"},"potentialAction":[{"@type":"SearchAction","target":{"@type":"EntryPoint","urlTemplate":"https:\/\/www.ugtcomunicaciones.es\/wordpress\/?s={search_term_string}"},"query-input":{"@type":"PropertyValueSpecification","valueRequired":true,"valueName":"search_term_string"}}],"inLanguage":"es"},{"@type":"Organization","@id":"https:\/\/www.ugtcomunicaciones.es\/wordpress\/#organization","name":"UGT Comunicaciones","url":"https:\/\/www.ugtcomunicaciones.es\/wordpress\/","logo":{"@type":"ImageObject","inLanguage":"es","@id":"https:\/\/www.ugtcomunicaciones.es\/wordpress\/#\/schema\/logo\/image\/","url":"https:\/\/www.ugtcomunicaciones.es\/wordpress\/wp-content\/uploads\/2024\/04\/comunicaciones_logo.png","contentUrl":"https:\/\/www.ugtcomunicaciones.es\/wordpress\/wp-content\/uploads\/2024\/04\/comunicaciones_logo.png","width":298,"height":81,"caption":"UGT Comunicaciones"},"image":{"@id":"https:\/\/www.ugtcomunicaciones.es\/wordpress\/#\/schema\/logo\/image\/"},"sameAs":["https:\/\/www.facebook.com\/ugt.comunicaciones\/","https:\/\/x.com\/ugtcom"]},{"@type":"Person","@id":"https:\/\/www.ugtcomunicaciones.es\/wordpress\/#\/schema\/person\/eba0fc3fe5b444531d94d4368cba89ed","name":"UGT","image":{"@type":"ImageObject","inLanguage":"es","@id":"https:\/\/secure.gravatar.com\/avatar\/2a16057d620a4c646bcfc171c4f23030879ebbdd346f0525bd5d4a564e57e13d?s=96&d=mm&r=g","url":"https:\/\/secure.gravatar.com\/avatar\/2a16057d620a4c646bcfc171c4f23030879ebbdd346f0525bd5d4a564e57e13d?s=96&d=mm&r=g","contentUrl":"https:\/\/secure.gravatar.com\/avatar\/2a16057d620a4c646bcfc171c4f23030879ebbdd346f0525bd5d4a564e57e13d?s=96&d=mm&r=g","caption":"UGT"}}]}},"_links":{"self":[{"href":"https:\/\/www.ugtcomunicaciones.es\/wordpress\/wp-json\/wp\/v2\/posts\/343199","targetHints":{"allow":["GET"]}}],"collection":[{"href":"https:\/\/www.ugtcomunicaciones.es\/wordpress\/wp-json\/wp\/v2\/posts"}],"about":[{"href":"https:\/\/www.ugtcomunicaciones.es\/wordpress\/wp-json\/wp\/v2\/types\/post"}],"author":[{"embeddable":true,"href":"https:\/\/www.ugtcomunicaciones.es\/wordpress\/wp-json\/wp\/v2\/users\/3"}],"replies":[{"embeddable":true,"href":"https:\/\/www.ugtcomunicaciones.es\/wordpress\/wp-json\/wp\/v2\/comments?post=343199"}],"version-history":[{"count":0,"href":"https:\/\/www.ugtcomunicaciones.es\/wordpress\/wp-json\/wp\/v2\/posts\/343199\/revisions"}],"wp:featuredmedia":[{"embeddable":true,"href":"https:\/\/www.ugtcomunicaciones.es\/wordpress\/wp-json\/wp\/v2\/media\/343200"}],"wp:attachment":[{"href":"https:\/\/www.ugtcomunicaciones.es\/wordpress\/wp-json\/wp\/v2\/media?parent=343199"}],"wp:term":[{"taxonomy":"category","embeddable":true,"href":"https:\/\/www.ugtcomunicaciones.es\/wordpress\/wp-json\/wp\/v2\/categories?post=343199"},{"taxonomy":"post_tag","embeddable":true,"href":"https:\/\/www.ugtcomunicaciones.es\/wordpress\/wp-json\/wp\/v2\/tags?post=343199"}],"curies":[{"name":"wp","href":"https:\/\/api.w.org\/{rel}","templated":true}]}}