{"id":364782,"date":"2019-07-01T07:00:43","date_gmt":"2019-07-01T05:00:43","guid":{"rendered":"http:\/\/ugtcomunicaciones.es\/wordpress\/?p=364782"},"modified":"2019-06-18T12:51:24","modified_gmt":"2019-06-18T10:51:24","slug":"mercado-telecos-febrero-2019-la-banda-ancha-movil-se-convierte-en-la-reina-del-sector","status":"publish","type":"post","link":"https:\/\/www.ugtcomunicaciones.es\/wordpress\/mercado-telecos-febrero-2019-la-banda-ancha-movil-se-convierte-en-la-reina-del-sector\/","title":{"rendered":"Mercado telecos febrero 2019: la banda ancha m\u00f3vil se convierte en la reina del sector"},"content":{"rendered":"<p style=\"text-align: justify;\">El comienzo del a\u00f1o contin\u00faa repitiendo las tendencias: crecimientos sostenidos entorno el 3% de crecimiento, con la voz m\u00f3vil acusando la saturaci\u00f3n, pero compensado con la fuerza de la banda ancha m\u00f3vil, que ya supera los 44 millones de conexiones, por menos de 15 de banda ancha fija. Con estos resultados, la BAM se convierte en la reina del sector por su crecimiento y pujanza:<\/p>\n<p><img decoding=\"async\" class=\"size-full wp-image-364783 aligncenter lazyload\" data-src=\"http:\/\/ugtcomunicaciones.es\/wordpress\/wp-content\/uploads\/2019\/06\/mercadot-01-01-07-19.png\" alt=\"mercadot-01-01-07-19\" width=\"600\" height=\"197\" data-srcset=\"https:\/\/www.ugtcomunicaciones.es\/wordpress\/wp-content\/uploads\/2019\/06\/mercadot-01-01-07-19.png 600w, https:\/\/www.ugtcomunicaciones.es\/wordpress\/wp-content\/uploads\/2019\/06\/mercadot-01-01-07-19-300x99.png 300w\" data-sizes=\"(max-width: 600px) 100vw, 600px\" src=\"data:image\/svg+xml;base64,PHN2ZyB3aWR0aD0iMSIgaGVpZ2h0PSIxIiB4bWxucz0iaHR0cDovL3d3dy53My5vcmcvMjAwMC9zdmciPjwvc3ZnPg==\" style=\"--smush-placeholder-width: 600px; --smush-placeholder-aspect-ratio: 600\/197;\" \/>En cuanto a las cifras por operador, de nuevo, el crecimiento tiene, pr\u00e1cticamente, un solo nombre: M\u00e1sM\u00f3vil. En los segmentos donde crec\u00eda, sigue haci\u00e9ndolo y en aquellos en donde estaba algo m\u00e1s d\u00e9bil, ha conseguido penetrar con \u00e9xito. Telef\u00f3nica no tiene motivos de queja, con crecimientos moderados, pero en general positivos. Muy mal mes para Orange y Vodafone. La primer acusa la competencia de M\u00e1sM\u00f3vil, y la segunda, aunque tiende a aminorar sus p\u00e9rdidas, sigue pagando las consecuencias de no tener el f\u00fatbol. Las OMV siguen fuetes en telefon\u00eda m\u00f3vil (datos y vocal), aunque sin protagonismo en la banda ancha fija.<\/p>\n<p style=\"text-align: justify;\"><strong>Mercado de banda ancha fija<\/strong><\/p>\n<ol style=\"text-align: justify;\">\n<li><strong> Comportamiento mensual BAF<\/strong><\/li>\n<\/ol>\n<p style=\"text-align: justify;\">M\u00e1sM\u00f3vil, simplemente, arrasa: no solo recoge las bajas de todos sus rivales, si no lo que le suma m\u00e1s de 22.000 altas puras. Es decir, podr\u00edamos decir que, no siendo un mal mes para Orange y Vodafone, aun perdiendo clientes, lo cierto es que compar\u00e1ndolo con M\u00e1sM\u00f3vil, todo parece poco:<\/p>\n<p style=\"text-align: justify;\"><img decoding=\"async\" class=\"size-full wp-image-364784 aligncenter lazyload\" data-src=\"http:\/\/ugtcomunicaciones.es\/wordpress\/wp-content\/uploads\/2019\/06\/mercadot-02-01-07-19.png\" alt=\"mercadot-02-01-07-19\" width=\"490\" height=\"305\" data-srcset=\"https:\/\/www.ugtcomunicaciones.es\/wordpress\/wp-content\/uploads\/2019\/06\/mercadot-02-01-07-19.png 490w, https:\/\/www.ugtcomunicaciones.es\/wordpress\/wp-content\/uploads\/2019\/06\/mercadot-02-01-07-19-300x187.png 300w\" data-sizes=\"(max-width: 490px) 100vw, 490px\" src=\"data:image\/svg+xml;base64,PHN2ZyB3aWR0aD0iMSIgaGVpZ2h0PSIxIiB4bWxucz0iaHR0cDovL3d3dy53My5vcmcvMjAwMC9zdmciPjwvc3ZnPg==\" style=\"--smush-placeholder-width: 490px; --smush-placeholder-aspect-ratio: 490\/305;\" \/><\/p>\n<p style=\"text-align: justify;\">La consecuencia de este comportamiento lasta especialmente a Movistar, que baja de los 6 millones de clientes BAF, mientras que M\u00e1sM\u00f3vil reduce levemente su crecimiento mensual de un 4,70 a un 3,74%:<\/p>\n<p><img decoding=\"async\" class=\"size-full wp-image-364785 aligncenter lazyload\" data-src=\"http:\/\/ugtcomunicaciones.es\/wordpress\/wp-content\/uploads\/2019\/06\/mercadot-03-01-07-19.png\" alt=\"mercadot-03-01-07-19\" width=\"600\" height=\"405\" data-srcset=\"https:\/\/www.ugtcomunicaciones.es\/wordpress\/wp-content\/uploads\/2019\/06\/mercadot-03-01-07-19.png 600w, https:\/\/www.ugtcomunicaciones.es\/wordpress\/wp-content\/uploads\/2019\/06\/mercadot-03-01-07-19-300x203.png 300w\" data-sizes=\"(max-width: 600px) 100vw, 600px\" src=\"data:image\/svg+xml;base64,PHN2ZyB3aWR0aD0iMSIgaGVpZ2h0PSIxIiB4bWxucz0iaHR0cDovL3d3dy53My5vcmcvMjAwMC9zdmciPjwvc3ZnPg==\" style=\"--smush-placeholder-width: 600px; --smush-placeholder-aspect-ratio: 600\/405;\" \/>Aunque las cuotas de mercado sigan dominadas por Movistar, se acerca a perder la cifra psicol\u00f3gica del 40%. El primer y segundo puesto mantienen su distancia (por encima de los 5 pp) y M\u00e1sM\u00f3vil ha superado el 7% (un 3,7% hace un a\u00f1o, doblando sus d\u00edgitos):<\/p>\n<p style=\"text-align: justify;\"><img decoding=\"async\" class=\"size-full wp-image-364786 aligncenter lazyload\" data-src=\"http:\/\/ugtcomunicaciones.es\/wordpress\/wp-content\/uploads\/2019\/06\/mercadot-04-01-07-19.png\" alt=\"mercadot-04-01-07-19\" width=\"300\" height=\"327\" data-srcset=\"https:\/\/www.ugtcomunicaciones.es\/wordpress\/wp-content\/uploads\/2019\/06\/mercadot-04-01-07-19.png 300w, https:\/\/www.ugtcomunicaciones.es\/wordpress\/wp-content\/uploads\/2019\/06\/mercadot-04-01-07-19-275x300.png 275w\" data-sizes=\"(max-width: 300px) 100vw, 300px\" src=\"data:image\/svg+xml;base64,PHN2ZyB3aWR0aD0iMSIgaGVpZ2h0PSIxIiB4bWxucz0iaHR0cDovL3d3dy53My5vcmcvMjAwMC9zdmciPjwvc3ZnPg==\" style=\"--smush-placeholder-width: 300px; --smush-placeholder-aspect-ratio: 300\/327;\" \/><\/p>\n<ol style=\"text-align: justify;\" start=\"2\">\n<li><strong> Comportamiento anual BAF<\/strong><\/li>\n<\/ol>\n<p style=\"text-align: justify;\">Como puede verse en la siguiente gr\u00e1fica, las tendencias interanuales son, en casi todos los casos, positivas, aunque d\u00e9biles, salvo M\u00e1sM\u00f3vil, que de nuevo muestra un crecimiento asombroso: +75%. S\u00f3lo Vodafone presenta n\u00fameros rojos:<\/p>\n<p style=\"text-align: justify;\"><img decoding=\"async\" class=\"size-full wp-image-364787 aligncenter lazyload\" data-src=\"http:\/\/ugtcomunicaciones.es\/wordpress\/wp-content\/uploads\/2019\/06\/mercadot-05-01-07-19.png\" alt=\"mercadot-05-01-07-19\" width=\"600\" height=\"312\" data-srcset=\"https:\/\/www.ugtcomunicaciones.es\/wordpress\/wp-content\/uploads\/2019\/06\/mercadot-05-01-07-19.png 600w, https:\/\/www.ugtcomunicaciones.es\/wordpress\/wp-content\/uploads\/2019\/06\/mercadot-05-01-07-19-300x156.png 300w\" data-sizes=\"(max-width: 600px) 100vw, 600px\" src=\"data:image\/svg+xml;base64,PHN2ZyB3aWR0aD0iMSIgaGVpZ2h0PSIxIiB4bWxucz0iaHR0cDovL3d3dy53My5vcmcvMjAwMC9zdmciPjwvc3ZnPg==\" style=\"--smush-placeholder-width: 600px; --smush-placeholder-aspect-ratio: 600\/312;\" \/><\/p>\n<ol style=\"text-align: justify;\" start=\"3\">\n<li><strong> Tecnolog\u00edas<\/strong><\/li>\n<\/ol>\n<p style=\"text-align: justify;\">La inestabilidad del cable HFC vuelve a demostrarse, al perder otras 800 conexiones. La pujanza del FTTH sigue imparable, no solo gracias al trasvase del ADSL, sino tambi\u00e9n por altas puras:<\/p>\n<p style=\"text-align: justify;\"><strong> <img decoding=\"async\" class=\"size-full wp-image-364788 aligncenter lazyload\" data-src=\"http:\/\/ugtcomunicaciones.es\/wordpress\/wp-content\/uploads\/2019\/06\/mercadot-06-01-07-19.png\" alt=\"mercadot-06-01-07-19\" width=\"515\" height=\"302\" data-srcset=\"https:\/\/www.ugtcomunicaciones.es\/wordpress\/wp-content\/uploads\/2019\/06\/mercadot-06-01-07-19.png 515w, https:\/\/www.ugtcomunicaciones.es\/wordpress\/wp-content\/uploads\/2019\/06\/mercadot-06-01-07-19-300x176.png 300w\" data-sizes=\"(max-width: 515px) 100vw, 515px\" src=\"data:image\/svg+xml;base64,PHN2ZyB3aWR0aD0iMSIgaGVpZ2h0PSIxIiB4bWxucz0iaHR0cDovL3d3dy53My5vcmcvMjAwMC9zdmciPjwvc3ZnPg==\" style=\"--smush-placeholder-width: 515px; --smush-placeholder-aspect-ratio: 515\/302;\" \/><\/strong><\/p>\n<p style=\"text-align: justify;\">Sobre el FTTH, desde junio de 2018, la cuota de fibra \u00f3ptica de los operadores alternativos ha superado a la de Telef\u00f3nica, con una clara tendencia a distanciarse a favor de estos \u00faltimos:<\/p>\n<p style=\"text-align: justify;\"><img decoding=\"async\" class=\"size-full wp-image-364803 aligncenter lazyload\" data-src=\"http:\/\/ugtcomunicaciones.es\/wordpress\/wp-content\/uploads\/2019\/06\/mercadot-07-01-07-19.png\" alt=\"mercadot-07-01-07-19\" width=\"600\" height=\"306\" data-srcset=\"https:\/\/www.ugtcomunicaciones.es\/wordpress\/wp-content\/uploads\/2019\/06\/mercadot-07-01-07-19.png 600w, https:\/\/www.ugtcomunicaciones.es\/wordpress\/wp-content\/uploads\/2019\/06\/mercadot-07-01-07-19-300x153.png 300w\" data-sizes=\"(max-width: 600px) 100vw, 600px\" src=\"data:image\/svg+xml;base64,PHN2ZyB3aWR0aD0iMSIgaGVpZ2h0PSIxIiB4bWxucz0iaHR0cDovL3d3dy53My5vcmcvMjAwMC9zdmciPjwvc3ZnPg==\" style=\"--smush-placeholder-width: 600px; --smush-placeholder-aspect-ratio: 600\/306;\" \/><\/p>\n<ol style=\"text-align: justify;\" start=\"4\">\n<li><strong> BAF mayorista<\/strong><\/li>\n<\/ol>\n<p style=\"text-align: justify;\">Se reafirma c\u00f3mo la puesta en servicio del NEBA local<sup class=\"modern-footnotes-footnote \" data-mfn=\"1\" data-mfn-post-scope=\"000000000000413c0000000000000000_364782\"><a href=\"javascript:void(0)\"  role=\"button\" aria-pressed=\"false\" aria-describedby=\"mfn-content-000000000000413c0000000000000000_364782-1\">1<\/a><\/sup><span id=\"mfn-content-000000000000413c0000000000000000_364782-1\" role=\"tooltip\" class=\"modern-footnotes-footnote__note\" tabindex=\"0\" data-mfn=\"1\"><a href=\"https:\/\/www.cnmc.es\/expedientes\/ofedtsa00516\" target=\"_blank\" rel=\"noopener noreferrer\">https:\/\/www.cnmc.es\/expedientes\/ofedtsa00516<\/a><\/span> en 2018 ha disparado su uso por parte de los operadores, en detrimento del cl\u00e1sico bucle desagregado de cobre e incluso del NEBA fibra<sup class=\"modern-footnotes-footnote \" data-mfn=\"2\" data-mfn-post-scope=\"000000000000413c0000000000000000_364782\"><a href=\"javascript:void(0)\"  role=\"button\" aria-pressed=\"false\" aria-describedby=\"mfn-content-000000000000413c0000000000000000_364782-2\">2<\/a><\/sup><span id=\"mfn-content-000000000000413c0000000000000000_364782-2\" role=\"tooltip\" class=\"modern-footnotes-footnote__note\" tabindex=\"0\" data-mfn=\"2\"><a href=\"https:\/\/www.cnmc.es\/node\/368451\" target=\"_blank\" rel=\"noopener noreferrer\">https:\/\/www.cnmc.es\/node\/368451<\/a><\/span>, hasta el punto de que la tipolog\u00eda <em>local<\/em> est\u00e1 a punto de superar al <em>modo fibra<\/em>. El NEBA cobre se mantiene, aunque en descenso continuado:<\/p>\n<p style=\"text-align: justify;\"><strong> <img decoding=\"async\" class=\"size-full wp-image-364804 aligncenter lazyload\" data-src=\"http:\/\/ugtcomunicaciones.es\/wordpress\/wp-content\/uploads\/2019\/06\/mercadot-08-01-07-19.png\" alt=\"mercadot-08-01-07-19\" width=\"600\" height=\"454\" data-srcset=\"https:\/\/www.ugtcomunicaciones.es\/wordpress\/wp-content\/uploads\/2019\/06\/mercadot-08-01-07-19.png 600w, https:\/\/www.ugtcomunicaciones.es\/wordpress\/wp-content\/uploads\/2019\/06\/mercadot-08-01-07-19-300x227.png 300w, https:\/\/www.ugtcomunicaciones.es\/wordpress\/wp-content\/uploads\/2019\/06\/mercadot-08-01-07-19-555x420.png 555w, https:\/\/www.ugtcomunicaciones.es\/wordpress\/wp-content\/uploads\/2019\/06\/mercadot-08-01-07-19-80x60.png 80w, https:\/\/www.ugtcomunicaciones.es\/wordpress\/wp-content\/uploads\/2019\/06\/mercadot-08-01-07-19-100x75.png 100w, https:\/\/www.ugtcomunicaciones.es\/wordpress\/wp-content\/uploads\/2019\/06\/mercadot-08-01-07-19-180x135.png 180w\" data-sizes=\"(max-width: 600px) 100vw, 600px\" src=\"data:image\/svg+xml;base64,PHN2ZyB3aWR0aD0iMSIgaGVpZ2h0PSIxIiB4bWxucz0iaHR0cDovL3d3dy53My5vcmcvMjAwMC9zdmciPjwvc3ZnPg==\" style=\"--smush-placeholder-width: 600px; --smush-placeholder-aspect-ratio: 600\/454;\" \/><\/strong><\/p>\n<p style=\"text-align: justify;\"><strong>\u00a0<\/strong><strong>Mercado de telefon\u00eda m\u00f3vil<\/strong><\/p>\n<ol style=\"text-align: justify;\">\n<li><strong> Comportamiento mensual BAM<\/strong><\/li>\n<\/ol>\n<p style=\"text-align: justify;\">La Banda Ancha M\u00f3vil (BAM) repite el mal mes de Orange (casi 100.000 bajas en dos meses), la mejora de Vodafone (de perder 19.000 el mes pasado a ganar 5.000), la buena salud de Movistar (m\u00e1s de 100.000 altas en dos meses) y el poder\u00edo de M\u00e1sM\u00f3vil, que alcanza las 108.000 altas netas.<\/p>\n<p style=\"text-align: justify;\"><img decoding=\"async\" class=\"size-full wp-image-364805 aligncenter lazyload\" data-src=\"http:\/\/ugtcomunicaciones.es\/wordpress\/wp-content\/uploads\/2019\/06\/mercadot-09-01-07-19.png\" alt=\"mercadot-09-01-07-19\" width=\"480\" height=\"293\" data-srcset=\"https:\/\/www.ugtcomunicaciones.es\/wordpress\/wp-content\/uploads\/2019\/06\/mercadot-09-01-07-19.png 480w, https:\/\/www.ugtcomunicaciones.es\/wordpress\/wp-content\/uploads\/2019\/06\/mercadot-09-01-07-19-300x183.png 300w\" data-sizes=\"(max-width: 480px) 100vw, 480px\" src=\"data:image\/svg+xml;base64,PHN2ZyB3aWR0aD0iMSIgaGVpZ2h0PSIxIiB4bWxucz0iaHR0cDovL3d3dy53My5vcmcvMjAwMC9zdmciPjwvc3ZnPg==\" style=\"--smush-placeholder-width: 480px; --smush-placeholder-aspect-ratio: 480\/293;\" \/><\/p>\n<p style=\"text-align: justify;\">En t\u00e9rminos de cuotas de mercado, las tres principales operadoras se mueven en cifras muy parejas (un 6% de margen m\u00e1ximo), con una M\u00e1sM\u00f3vil que reparte su mercado potencial con las OMV:<\/p>\n<p style=\"text-align: justify;\"><img decoding=\"async\" class=\"size-full wp-image-364806 aligncenter lazyload\" data-src=\"http:\/\/ugtcomunicaciones.es\/wordpress\/wp-content\/uploads\/2019\/06\/mercadot-10-01-07-19.png\" alt=\"mercadot-10-01-07-19\" width=\"275\" height=\"270\" src=\"data:image\/svg+xml;base64,PHN2ZyB3aWR0aD0iMSIgaGVpZ2h0PSIxIiB4bWxucz0iaHR0cDovL3d3dy53My5vcmcvMjAwMC9zdmciPjwvc3ZnPg==\" style=\"--smush-placeholder-width: 275px; --smush-placeholder-aspect-ratio: 275\/270;\" \/><\/p>\n<ol style=\"text-align: justify;\" start=\"2\">\n<li><strong> Comportamiento anual BAM<\/strong><\/li>\n<\/ol>\n<p style=\"text-align: justify;\">La l\u00ednea de negocio de la BAM es sensiblemente diferente a la BAF. La tendencia de crecimiento de M\u00e1sM\u00f3vil es m\u00e1s modesta, al repartirse con las OMV &#8211; aun con mucho predicamento en este segmento- y con una exitosa Movistar. Vodafone se muestra casi plana y Orange es la \u00fanica que maneja resultados negativos:<\/p>\n<p style=\"text-align: justify;\"><img decoding=\"async\" class=\"size-full wp-image-364807 aligncenter lazyload\" data-src=\"http:\/\/ugtcomunicaciones.es\/wordpress\/wp-content\/uploads\/2019\/06\/mercadot-11-01-07-19.png\" alt=\"mercadot-11-01-07-19\" width=\"600\" height=\"336\" data-srcset=\"https:\/\/www.ugtcomunicaciones.es\/wordpress\/wp-content\/uploads\/2019\/06\/mercadot-11-01-07-19.png 600w, https:\/\/www.ugtcomunicaciones.es\/wordpress\/wp-content\/uploads\/2019\/06\/mercadot-11-01-07-19-300x168.png 300w\" data-sizes=\"(max-width: 600px) 100vw, 600px\" src=\"data:image\/svg+xml;base64,PHN2ZyB3aWR0aD0iMSIgaGVpZ2h0PSIxIiB4bWxucz0iaHR0cDovL3d3dy53My5vcmcvMjAwMC9zdmciPjwvc3ZnPg==\" style=\"--smush-placeholder-width: 600px; --smush-placeholder-aspect-ratio: 600\/336;\" \/><\/p>\n<ol style=\"text-align: justify;\" start=\"3\">\n<li><strong>Comportamiento mensual telefon\u00eda m\u00f3vil vocal<\/strong><\/li>\n<\/ol>\n<p style=\"text-align: justify;\">Sin duda, el mercado m\u00e1s saturado y con mayor representatividad de los operadores m\u00e1s peque\u00f1os. De hecho, dos de las principales operadoras retroceden (con mal\u00edsimos resultados para Vodafone y Orange, \u00e9sta \u00faltima reincidente). Movistar se recupera del mal mes precedente y las OMV y M\u00e1sM\u00f3vil siguen sumando.<\/p>\n<p style=\"text-align: justify;\">Las cuotas de mercado son casi id\u00e9nticas al mercado de banda ancha m\u00f3vil, lo que habla bien a las claras de su vinculaci\u00f3n contractual a la hora de trazar portabilidades y altas:<\/p>\n<p style=\"text-align: justify;\"><img decoding=\"async\" class=\"size-full wp-image-364808 aligncenter lazyload\" data-src=\"http:\/\/ugtcomunicaciones.es\/wordpress\/wp-content\/uploads\/2019\/06\/mercadot-12-01-07-19.png\" alt=\"mercadot-12-01-07-19\" width=\"452\" height=\"311\" data-srcset=\"https:\/\/www.ugtcomunicaciones.es\/wordpress\/wp-content\/uploads\/2019\/06\/mercadot-12-01-07-19.png 452w, https:\/\/www.ugtcomunicaciones.es\/wordpress\/wp-content\/uploads\/2019\/06\/mercadot-12-01-07-19-300x206.png 300w\" data-sizes=\"(max-width: 452px) 100vw, 452px\" src=\"data:image\/svg+xml;base64,PHN2ZyB3aWR0aD0iMSIgaGVpZ2h0PSIxIiB4bWxucz0iaHR0cDovL3d3dy53My5vcmcvMjAwMC9zdmciPjwvc3ZnPg==\" style=\"--smush-placeholder-width: 452px; --smush-placeholder-aspect-ratio: 452\/311;\" \/><\/p>\n<p style=\"text-align: justify;\"><img decoding=\"async\" class=\"size-full wp-image-364809 aligncenter lazyload\" data-src=\"http:\/\/ugtcomunicaciones.es\/wordpress\/wp-content\/uploads\/2019\/06\/mercadot-13-01-07-19.png\" alt=\"mercadot-13-01-07-19\" width=\"285\" height=\"268\" src=\"data:image\/svg+xml;base64,PHN2ZyB3aWR0aD0iMSIgaGVpZ2h0PSIxIiB4bWxucz0iaHR0cDovL3d3dy53My5vcmcvMjAwMC9zdmciPjwvc3ZnPg==\" style=\"--smush-placeholder-width: 285px; --smush-placeholder-aspect-ratio: 285\/268;\" \/><\/p>\n<ol style=\"text-align: justify;\" start=\"4\">\n<li><strong> Comportamiento anual telefon\u00eda m\u00f3vil<\/strong><\/li>\n<\/ol>\n<p style=\"text-align: justify;\">M\u00e1sM\u00f3vil no pierde su protagonismo y sube un estratosf\u00e9rico 30%. Orange y Vodafone, sencillamente, muy mal. Movistar resiste y las OMV muestran un comportamiento err\u00e1tico.<\/p>\n<p style=\"text-align: justify;\"><img decoding=\"async\" class=\"size-full wp-image-364810 aligncenter lazyload\" data-src=\"http:\/\/ugtcomunicaciones.es\/wordpress\/wp-content\/uploads\/2019\/06\/mercadot-14-01-07-19.png\" alt=\"mercadot-14-01-07-19\" width=\"600\" height=\"292\" data-srcset=\"https:\/\/www.ugtcomunicaciones.es\/wordpress\/wp-content\/uploads\/2019\/06\/mercadot-14-01-07-19.png 600w, https:\/\/www.ugtcomunicaciones.es\/wordpress\/wp-content\/uploads\/2019\/06\/mercadot-14-01-07-19-300x146.png 300w\" data-sizes=\"(max-width: 600px) 100vw, 600px\" src=\"data:image\/svg+xml;base64,PHN2ZyB3aWR0aD0iMSIgaGVpZ2h0PSIxIiB4bWxucz0iaHR0cDovL3d3dy53My5vcmcvMjAwMC9zdmciPjwvc3ZnPg==\" style=\"--smush-placeholder-width: 600px; --smush-placeholder-aspect-ratio: 600\/292;\" \/><\/p>\n<p style=\"text-align: justify;\"><strong>Mercado de Telefon\u00eda Fija<\/strong><\/p>\n<p style=\"text-align: justify;\">El habitual patito feo, al cada vez representar menor impacto en los ingresos, sigue adem\u00e1s de capa ca\u00edda, con 31.000 l\u00edneas menos, todas del mercado de negocios, con un leve repunte del mercado residencial.<\/p>\n<p style=\"text-align: justify;\"><img decoding=\"async\" class=\"size-full wp-image-364811 aligncenter lazyload\" data-src=\"http:\/\/ugtcomunicaciones.es\/wordpress\/wp-content\/uploads\/2019\/06\/mercadot-15-01-07-19.png\" alt=\"mercadot-15-01-07-19\" width=\"600\" height=\"182\" data-srcset=\"https:\/\/www.ugtcomunicaciones.es\/wordpress\/wp-content\/uploads\/2019\/06\/mercadot-15-01-07-19.png 600w, https:\/\/www.ugtcomunicaciones.es\/wordpress\/wp-content\/uploads\/2019\/06\/mercadot-15-01-07-19-300x91.png 300w\" data-sizes=\"(max-width: 600px) 100vw, 600px\" src=\"data:image\/svg+xml;base64,PHN2ZyB3aWR0aD0iMSIgaGVpZ2h0PSIxIiB4bWxucz0iaHR0cDovL3d3dy53My5vcmcvMjAwMC9zdmciPjwvc3ZnPg==\" style=\"--smush-placeholder-width: 600px; --smush-placeholder-aspect-ratio: 600\/182;\" \/><\/p>\n<p style=\"text-align: justify;\"><strong>Penetraci\u00f3n de servicios<\/strong><\/p>\n<p style=\"text-align: justify;\">L\u00edneas por cada 100\/habitantes y Variaci\u00f3n mensual<\/p>\n<p><img decoding=\"async\" class=\"size-full wp-image-364826 aligncenter lazyload\" data-src=\"http:\/\/ugtcomunicaciones.es\/wordpress\/wp-content\/uploads\/2019\/06\/mercadot-16-01-07-19.png\" alt=\"mercadot-16-01-07-19\" width=\"600\" height=\"59\" data-srcset=\"https:\/\/www.ugtcomunicaciones.es\/wordpress\/wp-content\/uploads\/2019\/06\/mercadot-16-01-07-19.png 600w, https:\/\/www.ugtcomunicaciones.es\/wordpress\/wp-content\/uploads\/2019\/06\/mercadot-16-01-07-19-300x30.png 300w\" data-sizes=\"(max-width: 600px) 100vw, 600px\" src=\"data:image\/svg+xml;base64,PHN2ZyB3aWR0aD0iMSIgaGVpZ2h0PSIxIiB4bWxucz0iaHR0cDovL3d3dy53My5vcmcvMjAwMC9zdmciPjwvc3ZnPg==\" style=\"--smush-placeholder-width: 600px; --smush-placeholder-aspect-ratio: 600\/59;\" \/><\/p>\n<p style=\"text-align: right;\"><span style=\"color: #ff0000;\"><strong><br \/>\nUGT<\/strong><\/span><strong> Comunicaciones<br \/>\nSector Estatal<\/strong><\/p>\n<p>&nbsp;<\/p>\n","protected":false},"excerpt":{"rendered":"<p>El comienzo del a\u00f1o contin\u00faa repitiendo las tendencias: crecimientos sostenidos entorno el 3% de crecimiento, con la voz m\u00f3vil acusando la saturaci\u00f3n, pero compensado con la fuerza de la banda ancha m\u00f3vil, que ya supera los 44 millones de conexiones, por menos de 15 de banda ancha fija. Con estos resultados, la BAM se convierte [&hellip;]<\/p>\n","protected":false},"author":3,"featured_media":364827,"comment_status":"closed","ping_status":"closed","sticky":false,"template":"","format":"standard","meta":{"footnotes":""},"categories":[14,12],"tags":[],"class_list":["post-364782","post","type-post","status-publish","format-standard","has-post-thumbnail","hentry","category-opinion","category-regulacion"],"yoast_head":"<!-- This site is optimized with the Yoast SEO Premium plugin v27.3 (Yoast SEO v27.4) - https:\/\/yoast.com\/product\/yoast-seo-premium-wordpress\/ -->\n<title>Mercado telecos febrero 2019: la banda ancha m\u00f3vil se convierte en la reina del sector - UGT Comunicaciones<\/title>\n<meta name=\"description\" content=\"El comienzo del a\u00f1o contin\u00faa repitiendo las tendencias: crecimientos sostenidos entorno el 3% de crecimiento, con la voz m\u00f3vil acusando la saturaci\u00f3n...\" \/>\n<meta name=\"robots\" content=\"index, follow, max-snippet:-1, max-image-preview:large, max-video-preview:-1\" \/>\n<link rel=\"canonical\" href=\"https:\/\/www.ugtcomunicaciones.es\/wordpress\/mercado-telecos-febrero-2019-la-banda-ancha-movil-se-convierte-en-la-reina-del-sector\/\" \/>\n<meta property=\"og:locale\" content=\"es_ES\" \/>\n<meta property=\"og:type\" content=\"article\" \/>\n<meta property=\"og:title\" content=\"Mercado telecos febrero 2019: la banda ancha m\u00f3vil se convierte en la reina del sector\" \/>\n<meta property=\"og:description\" content=\"El comienzo del a\u00f1o contin\u00faa repitiendo las tendencias: crecimientos sostenidos entorno el 3% de crecimiento, con la voz m\u00f3vil acusando la saturaci\u00f3n...\" \/>\n<meta property=\"og:url\" content=\"https:\/\/www.ugtcomunicaciones.es\/wordpress\/mercado-telecos-febrero-2019-la-banda-ancha-movil-se-convierte-en-la-reina-del-sector\/\" \/>\n<meta property=\"og:site_name\" content=\"UGT Comunicaciones\" \/>\n<meta property=\"article:publisher\" content=\"https:\/\/www.facebook.com\/ugt.comunicaciones\/\" \/>\n<meta property=\"article:published_time\" content=\"2019-07-01T05:00:43+00:00\" \/>\n<meta property=\"og:image\" content=\"https:\/\/www.ugtcomunicaciones.es\/wordpress\/wp-content\/uploads\/2019\/06\/mercadot-portada-01-07-19.jpg\" \/>\n\t<meta property=\"og:image:width\" content=\"600\" \/>\n\t<meta property=\"og:image:height\" content=\"416\" \/>\n\t<meta property=\"og:image:type\" content=\"image\/jpeg\" \/>\n<meta name=\"author\" content=\"UGT\" \/>\n<meta name=\"twitter:card\" content=\"summary_large_image\" \/>\n<meta name=\"twitter:creator\" content=\"@ugtcom\" \/>\n<meta name=\"twitter:site\" content=\"@ugtcom\" \/>\n<meta name=\"twitter:label1\" content=\"Escrito por\" \/>\n\t<meta name=\"twitter:data1\" content=\"UGT\" \/>\n\t<meta name=\"twitter:label2\" content=\"Tiempo de lectura\" \/>\n\t<meta name=\"twitter:data2\" content=\"4 minutos\" \/>\n<script type=\"application\/ld+json\" class=\"yoast-schema-graph\">{\"@context\":\"https:\\\/\\\/schema.org\",\"@graph\":[{\"@type\":\"Article\",\"@id\":\"https:\\\/\\\/www.ugtcomunicaciones.es\\\/wordpress\\\/mercado-telecos-febrero-2019-la-banda-ancha-movil-se-convierte-en-la-reina-del-sector\\\/#article\",\"isPartOf\":{\"@id\":\"https:\\\/\\\/www.ugtcomunicaciones.es\\\/wordpress\\\/mercado-telecos-febrero-2019-la-banda-ancha-movil-se-convierte-en-la-reina-del-sector\\\/\"},\"author\":{\"name\":\"UGT\",\"@id\":\"https:\\\/\\\/www.ugtcomunicaciones.es\\\/wordpress\\\/#\\\/schema\\\/person\\\/eba0fc3fe5b444531d94d4368cba89ed\"},\"headline\":\"Mercado telecos febrero 2019: la banda ancha m\u00f3vil se convierte en la reina del sector\",\"datePublished\":\"2019-07-01T05:00:43+00:00\",\"mainEntityOfPage\":{\"@id\":\"https:\\\/\\\/www.ugtcomunicaciones.es\\\/wordpress\\\/mercado-telecos-febrero-2019-la-banda-ancha-movil-se-convierte-en-la-reina-del-sector\\\/\"},\"wordCount\":871,\"publisher\":{\"@id\":\"https:\\\/\\\/www.ugtcomunicaciones.es\\\/wordpress\\\/#organization\"},\"image\":{\"@id\":\"https:\\\/\\\/www.ugtcomunicaciones.es\\\/wordpress\\\/mercado-telecos-febrero-2019-la-banda-ancha-movil-se-convierte-en-la-reina-del-sector\\\/#primaryimage\"},\"thumbnailUrl\":\"https:\\\/\\\/www.ugtcomunicaciones.es\\\/wordpress\\\/wp-content\\\/uploads\\\/2019\\\/06\\\/mercadot-portada-01-07-19.jpg\",\"articleSection\":[\"Opini\u00f3n\",\"Regulaci\u00f3n\"],\"inLanguage\":\"es\"},{\"@type\":\"WebPage\",\"@id\":\"https:\\\/\\\/www.ugtcomunicaciones.es\\\/wordpress\\\/mercado-telecos-febrero-2019-la-banda-ancha-movil-se-convierte-en-la-reina-del-sector\\\/\",\"url\":\"https:\\\/\\\/www.ugtcomunicaciones.es\\\/wordpress\\\/mercado-telecos-febrero-2019-la-banda-ancha-movil-se-convierte-en-la-reina-del-sector\\\/\",\"name\":\"Mercado telecos febrero 2019: la banda ancha m\u00f3vil se convierte en la reina del sector - UGT Comunicaciones\",\"isPartOf\":{\"@id\":\"https:\\\/\\\/www.ugtcomunicaciones.es\\\/wordpress\\\/#website\"},\"primaryImageOfPage\":{\"@id\":\"https:\\\/\\\/www.ugtcomunicaciones.es\\\/wordpress\\\/mercado-telecos-febrero-2019-la-banda-ancha-movil-se-convierte-en-la-reina-del-sector\\\/#primaryimage\"},\"image\":{\"@id\":\"https:\\\/\\\/www.ugtcomunicaciones.es\\\/wordpress\\\/mercado-telecos-febrero-2019-la-banda-ancha-movil-se-convierte-en-la-reina-del-sector\\\/#primaryimage\"},\"thumbnailUrl\":\"https:\\\/\\\/www.ugtcomunicaciones.es\\\/wordpress\\\/wp-content\\\/uploads\\\/2019\\\/06\\\/mercadot-portada-01-07-19.jpg\",\"datePublished\":\"2019-07-01T05:00:43+00:00\",\"description\":\"El comienzo del a\u00f1o contin\u00faa repitiendo las tendencias: crecimientos sostenidos entorno el 3% de crecimiento, con la voz m\u00f3vil acusando la saturaci\u00f3n...\",\"breadcrumb\":{\"@id\":\"https:\\\/\\\/www.ugtcomunicaciones.es\\\/wordpress\\\/mercado-telecos-febrero-2019-la-banda-ancha-movil-se-convierte-en-la-reina-del-sector\\\/#breadcrumb\"},\"inLanguage\":\"es\",\"potentialAction\":[{\"@type\":\"ReadAction\",\"target\":[\"https:\\\/\\\/www.ugtcomunicaciones.es\\\/wordpress\\\/mercado-telecos-febrero-2019-la-banda-ancha-movil-se-convierte-en-la-reina-del-sector\\\/\"]}]},{\"@type\":\"ImageObject\",\"inLanguage\":\"es\",\"@id\":\"https:\\\/\\\/www.ugtcomunicaciones.es\\\/wordpress\\\/mercado-telecos-febrero-2019-la-banda-ancha-movil-se-convierte-en-la-reina-del-sector\\\/#primaryimage\",\"url\":\"https:\\\/\\\/www.ugtcomunicaciones.es\\\/wordpress\\\/wp-content\\\/uploads\\\/2019\\\/06\\\/mercadot-portada-01-07-19.jpg\",\"contentUrl\":\"https:\\\/\\\/www.ugtcomunicaciones.es\\\/wordpress\\\/wp-content\\\/uploads\\\/2019\\\/06\\\/mercadot-portada-01-07-19.jpg\",\"width\":600,\"height\":416},{\"@type\":\"BreadcrumbList\",\"@id\":\"https:\\\/\\\/www.ugtcomunicaciones.es\\\/wordpress\\\/mercado-telecos-febrero-2019-la-banda-ancha-movil-se-convierte-en-la-reina-del-sector\\\/#breadcrumb\",\"itemListElement\":[{\"@type\":\"ListItem\",\"position\":1,\"name\":\"Portada\",\"item\":\"https:\\\/\\\/www.ugtcomunicaciones.es\\\/wordpress\\\/\"},{\"@type\":\"ListItem\",\"position\":2,\"name\":\"Mercado telecos febrero 2019: la banda ancha m\u00f3vil se convierte en la reina del sector\"}]},{\"@type\":\"WebSite\",\"@id\":\"https:\\\/\\\/www.ugtcomunicaciones.es\\\/wordpress\\\/#website\",\"url\":\"https:\\\/\\\/www.ugtcomunicaciones.es\\\/wordpress\\\/\",\"name\":\"UGT Comunicaciones\",\"description\":\"Sindicato de Telecomunicaciones\",\"publisher\":{\"@id\":\"https:\\\/\\\/www.ugtcomunicaciones.es\\\/wordpress\\\/#organization\"},\"potentialAction\":[{\"@type\":\"SearchAction\",\"target\":{\"@type\":\"EntryPoint\",\"urlTemplate\":\"https:\\\/\\\/www.ugtcomunicaciones.es\\\/wordpress\\\/?s={search_term_string}\"},\"query-input\":{\"@type\":\"PropertyValueSpecification\",\"valueRequired\":true,\"valueName\":\"search_term_string\"}}],\"inLanguage\":\"es\"},{\"@type\":\"Organization\",\"@id\":\"https:\\\/\\\/www.ugtcomunicaciones.es\\\/wordpress\\\/#organization\",\"name\":\"UGT Comunicaciones\",\"url\":\"https:\\\/\\\/www.ugtcomunicaciones.es\\\/wordpress\\\/\",\"logo\":{\"@type\":\"ImageObject\",\"inLanguage\":\"es\",\"@id\":\"https:\\\/\\\/www.ugtcomunicaciones.es\\\/wordpress\\\/#\\\/schema\\\/logo\\\/image\\\/\",\"url\":\"https:\\\/\\\/www.ugtcomunicaciones.es\\\/wordpress\\\/wp-content\\\/uploads\\\/2024\\\/04\\\/comunicaciones_logo.png\",\"contentUrl\":\"https:\\\/\\\/www.ugtcomunicaciones.es\\\/wordpress\\\/wp-content\\\/uploads\\\/2024\\\/04\\\/comunicaciones_logo.png\",\"width\":298,\"height\":81,\"caption\":\"UGT Comunicaciones\"},\"image\":{\"@id\":\"https:\\\/\\\/www.ugtcomunicaciones.es\\\/wordpress\\\/#\\\/schema\\\/logo\\\/image\\\/\"},\"sameAs\":[\"https:\\\/\\\/www.facebook.com\\\/ugt.comunicaciones\\\/\",\"https:\\\/\\\/x.com\\\/ugtcom\"]},{\"@type\":\"Person\",\"@id\":\"https:\\\/\\\/www.ugtcomunicaciones.es\\\/wordpress\\\/#\\\/schema\\\/person\\\/eba0fc3fe5b444531d94d4368cba89ed\",\"name\":\"UGT\",\"image\":{\"@type\":\"ImageObject\",\"inLanguage\":\"es\",\"@id\":\"https:\\\/\\\/secure.gravatar.com\\\/avatar\\\/2a16057d620a4c646bcfc171c4f23030879ebbdd346f0525bd5d4a564e57e13d?s=96&d=mm&r=g\",\"url\":\"https:\\\/\\\/secure.gravatar.com\\\/avatar\\\/2a16057d620a4c646bcfc171c4f23030879ebbdd346f0525bd5d4a564e57e13d?s=96&d=mm&r=g\",\"contentUrl\":\"https:\\\/\\\/secure.gravatar.com\\\/avatar\\\/2a16057d620a4c646bcfc171c4f23030879ebbdd346f0525bd5d4a564e57e13d?s=96&d=mm&r=g\",\"caption\":\"UGT\"}}]}<\/script>\n<!-- \/ Yoast SEO Premium plugin. -->","yoast_head_json":{"title":"Mercado telecos febrero 2019: la banda ancha m\u00f3vil se convierte en la reina del sector - UGT Comunicaciones","description":"El comienzo del a\u00f1o contin\u00faa repitiendo las tendencias: crecimientos sostenidos entorno el 3% de crecimiento, con la voz m\u00f3vil acusando la saturaci\u00f3n...","robots":{"index":"index","follow":"follow","max-snippet":"max-snippet:-1","max-image-preview":"max-image-preview:large","max-video-preview":"max-video-preview:-1"},"canonical":"https:\/\/www.ugtcomunicaciones.es\/wordpress\/mercado-telecos-febrero-2019-la-banda-ancha-movil-se-convierte-en-la-reina-del-sector\/","og_locale":"es_ES","og_type":"article","og_title":"Mercado telecos febrero 2019: la banda ancha m\u00f3vil se convierte en la reina del sector","og_description":"El comienzo del a\u00f1o contin\u00faa repitiendo las tendencias: crecimientos sostenidos entorno el 3% de crecimiento, con la voz m\u00f3vil acusando la saturaci\u00f3n...","og_url":"https:\/\/www.ugtcomunicaciones.es\/wordpress\/mercado-telecos-febrero-2019-la-banda-ancha-movil-se-convierte-en-la-reina-del-sector\/","og_site_name":"UGT Comunicaciones","article_publisher":"https:\/\/www.facebook.com\/ugt.comunicaciones\/","article_published_time":"2019-07-01T05:00:43+00:00","og_image":[{"width":600,"height":416,"url":"https:\/\/www.ugtcomunicaciones.es\/wordpress\/wp-content\/uploads\/2019\/06\/mercadot-portada-01-07-19.jpg","type":"image\/jpeg"}],"author":"UGT","twitter_card":"summary_large_image","twitter_creator":"@ugtcom","twitter_site":"@ugtcom","twitter_misc":{"Escrito por":"UGT","Tiempo de lectura":"4 minutos"},"schema":{"@context":"https:\/\/schema.org","@graph":[{"@type":"Article","@id":"https:\/\/www.ugtcomunicaciones.es\/wordpress\/mercado-telecos-febrero-2019-la-banda-ancha-movil-se-convierte-en-la-reina-del-sector\/#article","isPartOf":{"@id":"https:\/\/www.ugtcomunicaciones.es\/wordpress\/mercado-telecos-febrero-2019-la-banda-ancha-movil-se-convierte-en-la-reina-del-sector\/"},"author":{"name":"UGT","@id":"https:\/\/www.ugtcomunicaciones.es\/wordpress\/#\/schema\/person\/eba0fc3fe5b444531d94d4368cba89ed"},"headline":"Mercado telecos febrero 2019: la banda ancha m\u00f3vil se convierte en la reina del sector","datePublished":"2019-07-01T05:00:43+00:00","mainEntityOfPage":{"@id":"https:\/\/www.ugtcomunicaciones.es\/wordpress\/mercado-telecos-febrero-2019-la-banda-ancha-movil-se-convierte-en-la-reina-del-sector\/"},"wordCount":871,"publisher":{"@id":"https:\/\/www.ugtcomunicaciones.es\/wordpress\/#organization"},"image":{"@id":"https:\/\/www.ugtcomunicaciones.es\/wordpress\/mercado-telecos-febrero-2019-la-banda-ancha-movil-se-convierte-en-la-reina-del-sector\/#primaryimage"},"thumbnailUrl":"https:\/\/www.ugtcomunicaciones.es\/wordpress\/wp-content\/uploads\/2019\/06\/mercadot-portada-01-07-19.jpg","articleSection":["Opini\u00f3n","Regulaci\u00f3n"],"inLanguage":"es"},{"@type":"WebPage","@id":"https:\/\/www.ugtcomunicaciones.es\/wordpress\/mercado-telecos-febrero-2019-la-banda-ancha-movil-se-convierte-en-la-reina-del-sector\/","url":"https:\/\/www.ugtcomunicaciones.es\/wordpress\/mercado-telecos-febrero-2019-la-banda-ancha-movil-se-convierte-en-la-reina-del-sector\/","name":"Mercado telecos febrero 2019: la banda ancha m\u00f3vil se convierte en la reina del sector - UGT Comunicaciones","isPartOf":{"@id":"https:\/\/www.ugtcomunicaciones.es\/wordpress\/#website"},"primaryImageOfPage":{"@id":"https:\/\/www.ugtcomunicaciones.es\/wordpress\/mercado-telecos-febrero-2019-la-banda-ancha-movil-se-convierte-en-la-reina-del-sector\/#primaryimage"},"image":{"@id":"https:\/\/www.ugtcomunicaciones.es\/wordpress\/mercado-telecos-febrero-2019-la-banda-ancha-movil-se-convierte-en-la-reina-del-sector\/#primaryimage"},"thumbnailUrl":"https:\/\/www.ugtcomunicaciones.es\/wordpress\/wp-content\/uploads\/2019\/06\/mercadot-portada-01-07-19.jpg","datePublished":"2019-07-01T05:00:43+00:00","description":"El comienzo del a\u00f1o contin\u00faa repitiendo las tendencias: crecimientos sostenidos entorno el 3% de crecimiento, con la voz m\u00f3vil acusando la saturaci\u00f3n...","breadcrumb":{"@id":"https:\/\/www.ugtcomunicaciones.es\/wordpress\/mercado-telecos-febrero-2019-la-banda-ancha-movil-se-convierte-en-la-reina-del-sector\/#breadcrumb"},"inLanguage":"es","potentialAction":[{"@type":"ReadAction","target":["https:\/\/www.ugtcomunicaciones.es\/wordpress\/mercado-telecos-febrero-2019-la-banda-ancha-movil-se-convierte-en-la-reina-del-sector\/"]}]},{"@type":"ImageObject","inLanguage":"es","@id":"https:\/\/www.ugtcomunicaciones.es\/wordpress\/mercado-telecos-febrero-2019-la-banda-ancha-movil-se-convierte-en-la-reina-del-sector\/#primaryimage","url":"https:\/\/www.ugtcomunicaciones.es\/wordpress\/wp-content\/uploads\/2019\/06\/mercadot-portada-01-07-19.jpg","contentUrl":"https:\/\/www.ugtcomunicaciones.es\/wordpress\/wp-content\/uploads\/2019\/06\/mercadot-portada-01-07-19.jpg","width":600,"height":416},{"@type":"BreadcrumbList","@id":"https:\/\/www.ugtcomunicaciones.es\/wordpress\/mercado-telecos-febrero-2019-la-banda-ancha-movil-se-convierte-en-la-reina-del-sector\/#breadcrumb","itemListElement":[{"@type":"ListItem","position":1,"name":"Portada","item":"https:\/\/www.ugtcomunicaciones.es\/wordpress\/"},{"@type":"ListItem","position":2,"name":"Mercado telecos febrero 2019: la banda ancha m\u00f3vil se convierte en la reina del sector"}]},{"@type":"WebSite","@id":"https:\/\/www.ugtcomunicaciones.es\/wordpress\/#website","url":"https:\/\/www.ugtcomunicaciones.es\/wordpress\/","name":"UGT Comunicaciones","description":"Sindicato de Telecomunicaciones","publisher":{"@id":"https:\/\/www.ugtcomunicaciones.es\/wordpress\/#organization"},"potentialAction":[{"@type":"SearchAction","target":{"@type":"EntryPoint","urlTemplate":"https:\/\/www.ugtcomunicaciones.es\/wordpress\/?s={search_term_string}"},"query-input":{"@type":"PropertyValueSpecification","valueRequired":true,"valueName":"search_term_string"}}],"inLanguage":"es"},{"@type":"Organization","@id":"https:\/\/www.ugtcomunicaciones.es\/wordpress\/#organization","name":"UGT Comunicaciones","url":"https:\/\/www.ugtcomunicaciones.es\/wordpress\/","logo":{"@type":"ImageObject","inLanguage":"es","@id":"https:\/\/www.ugtcomunicaciones.es\/wordpress\/#\/schema\/logo\/image\/","url":"https:\/\/www.ugtcomunicaciones.es\/wordpress\/wp-content\/uploads\/2024\/04\/comunicaciones_logo.png","contentUrl":"https:\/\/www.ugtcomunicaciones.es\/wordpress\/wp-content\/uploads\/2024\/04\/comunicaciones_logo.png","width":298,"height":81,"caption":"UGT Comunicaciones"},"image":{"@id":"https:\/\/www.ugtcomunicaciones.es\/wordpress\/#\/schema\/logo\/image\/"},"sameAs":["https:\/\/www.facebook.com\/ugt.comunicaciones\/","https:\/\/x.com\/ugtcom"]},{"@type":"Person","@id":"https:\/\/www.ugtcomunicaciones.es\/wordpress\/#\/schema\/person\/eba0fc3fe5b444531d94d4368cba89ed","name":"UGT","image":{"@type":"ImageObject","inLanguage":"es","@id":"https:\/\/secure.gravatar.com\/avatar\/2a16057d620a4c646bcfc171c4f23030879ebbdd346f0525bd5d4a564e57e13d?s=96&d=mm&r=g","url":"https:\/\/secure.gravatar.com\/avatar\/2a16057d620a4c646bcfc171c4f23030879ebbdd346f0525bd5d4a564e57e13d?s=96&d=mm&r=g","contentUrl":"https:\/\/secure.gravatar.com\/avatar\/2a16057d620a4c646bcfc171c4f23030879ebbdd346f0525bd5d4a564e57e13d?s=96&d=mm&r=g","caption":"UGT"}}]}},"_links":{"self":[{"href":"https:\/\/www.ugtcomunicaciones.es\/wordpress\/wp-json\/wp\/v2\/posts\/364782","targetHints":{"allow":["GET"]}}],"collection":[{"href":"https:\/\/www.ugtcomunicaciones.es\/wordpress\/wp-json\/wp\/v2\/posts"}],"about":[{"href":"https:\/\/www.ugtcomunicaciones.es\/wordpress\/wp-json\/wp\/v2\/types\/post"}],"author":[{"embeddable":true,"href":"https:\/\/www.ugtcomunicaciones.es\/wordpress\/wp-json\/wp\/v2\/users\/3"}],"replies":[{"embeddable":true,"href":"https:\/\/www.ugtcomunicaciones.es\/wordpress\/wp-json\/wp\/v2\/comments?post=364782"}],"version-history":[{"count":0,"href":"https:\/\/www.ugtcomunicaciones.es\/wordpress\/wp-json\/wp\/v2\/posts\/364782\/revisions"}],"wp:featuredmedia":[{"embeddable":true,"href":"https:\/\/www.ugtcomunicaciones.es\/wordpress\/wp-json\/wp\/v2\/media\/364827"}],"wp:attachment":[{"href":"https:\/\/www.ugtcomunicaciones.es\/wordpress\/wp-json\/wp\/v2\/media?parent=364782"}],"wp:term":[{"taxonomy":"category","embeddable":true,"href":"https:\/\/www.ugtcomunicaciones.es\/wordpress\/wp-json\/wp\/v2\/categories?post=364782"},{"taxonomy":"post_tag","embeddable":true,"href":"https:\/\/www.ugtcomunicaciones.es\/wordpress\/wp-json\/wp\/v2\/tags?post=364782"}],"curies":[{"name":"wp","href":"https:\/\/api.w.org\/{rel}","templated":true}]}}