{"id":36929,"date":"2017-10-02T08:30:09","date_gmt":"2017-10-02T06:30:09","guid":{"rendered":"http:\/\/ugtcomunicaciones.es\/wordpress\/?p=36929"},"modified":"2017-09-27T13:20:47","modified_gmt":"2017-09-27T11:20:47","slug":"la-ciudad-nueva-york-demanda-verizon-incumplir-promesas-despliegue","status":"publish","type":"post","link":"https:\/\/www.ugtcomunicaciones.es\/wordpress\/la-ciudad-nueva-york-demanda-verizon-incumplir-promesas-despliegue\/","title":{"rendered":"La ciudad de Nueva York demanda a Verizon por incumplir sus promesas de despliegue"},"content":{"rendered":"<p style=\"text-align: justify;\"><img decoding=\"async\" class=\"alignleft wp-image-36932 size-medium lazyload\" data-src=\"http:\/\/ugtcomunicaciones.es\/wordpress\/wp-content\/uploads\/2017\/09\/Sin-t\u00edtulo-6-300x125.jpg\" alt=\"\" width=\"300\" height=\"125\" data-srcset=\"https:\/\/www.ugtcomunicaciones.es\/wordpress\/wp-content\/uploads\/2017\/09\/Sin-t\u00edtulo-6-300x125.jpg 300w, https:\/\/www.ugtcomunicaciones.es\/wordpress\/wp-content\/uploads\/2017\/09\/Sin-t\u00edtulo-6.jpg 370w\" data-sizes=\"(max-width: 300px) 100vw, 300px\" src=\"data:image\/svg+xml;base64,PHN2ZyB3aWR0aD0iMSIgaGVpZ2h0PSIxIiB4bWxucz0iaHR0cDovL3d3dy53My5vcmcvMjAwMC9zdmciPjwvc3ZnPg==\" style=\"--smush-placeholder-width: 300px; --smush-placeholder-aspect-ratio: 300\/125;\" \/>El Gobierno de la ciudad de Nueva York (NYC) ha presentado una demanda contra la operadora Verizon, ante la Corte Suprema del estado en Manhattan, por incumplir el acuerdo de despliegue que ambas partes alcanzaron en 2008.<\/p>\n<p style=\"text-align: justify;\">Hace casi una d\u00e9cada, ayuntamiento y teleco suscribieron un acuerdo por el cual Verizon dar\u00eda servicio de su soluci\u00f3n de fibra \u00f3ptica empaquetada a todos los hogares de la ciudad a finales de 2014.<\/p>\n<p style=\"text-align: justify;\">Pero NY estima que Verizon no ha cumplido con dicho compromiso, al dejar a <em>\u201cdecenas de miles\u201d<\/em> de clientes potenciales sin servicio y neg\u00e1ndose a aceptar nuevas solicitudes de otros muchos: <em>\u00abVerizon debe afrontar las consecuencias por romper la confianza de 8,5 millones de neoyorquinos. Verizon prometi\u00f3 que cada hogar en la ciudad tendr\u00eda acceso a su servicio de fibra \u00f3ptica en 2014. Es 2017 y seguimos esperando. No importa cu\u00e1n grande o poderoso seas: no se puede romper una promesa a los neoyorquinos y salirse con la suya\u00bb<\/em>, en palabras de Bill de Blasio<a href=\"#_ftn1\" name=\"_ftnref1\"><sup>[1]<\/sup><\/a>, alcalde de NY.<\/p>\n<p style=\"text-align: justify;\"><img decoding=\"async\" class=\"alignleft wp-image-36931 size-medium lazyload\" data-src=\"http:\/\/ugtcomunicaciones.es\/wordpress\/wp-content\/uploads\/2017\/09\/verizon00-300x190.jpg\" alt=\"\" width=\"300\" height=\"190\" data-srcset=\"https:\/\/www.ugtcomunicaciones.es\/wordpress\/wp-content\/uploads\/2017\/09\/verizon00-300x190.jpg 300w, https:\/\/www.ugtcomunicaciones.es\/wordpress\/wp-content\/uploads\/2017\/09\/verizon00.jpg 399w\" data-sizes=\"(max-width: 300px) 100vw, 300px\" src=\"data:image\/svg+xml;base64,PHN2ZyB3aWR0aD0iMSIgaGVpZ2h0PSIxIiB4bWxucz0iaHR0cDovL3d3dy53My5vcmcvMjAwMC9zdmciPjwvc3ZnPg==\" style=\"--smush-placeholder-width: 300px; --smush-placeholder-aspect-ratio: 300\/190;\" \/>Verizon no niega que un gran n\u00famero de residentes de Nueva York se han visto frustrados por no recibir su conexi\u00f3n, pero la compa\u00f1\u00eda echa la culpa a los propietarios que no han permitido el acceso para la instalaci\u00f3n a trav\u00e9s de su propiedad. A\u00f1ade que la Ciudad est\u00e1 interpretando el contrato de manera diferente a la anterior administraci\u00f3n, en concreto, que no era preciso \u201ccablear\u201d cada hogar, sino que con conectar cada comunidad era suficiente.<\/p>\n<p style=\"text-align: justify;\">Lo cierto es que el ayuntamiento se est\u00e1 haciendo eco de las quejas muchos residentes de la <em>city<\/em>, que se han quejado durante a\u00f1os sobre el pasotismo de Verizon a la hora de atender a sus demandas de conectividad<a href=\"#_ftn2\" name=\"_ftnref2\"><sup>[2]<\/sup><\/a>. Salvo improbable acuerdo<a href=\"#_ftn3\" name=\"_ftnref3\">[3]<\/a>, la disputa se dilucidar\u00e1 en los tribunales.<\/p>\n<p style=\"text-align: right;\"><span style=\"color: #ff0000;\"><strong>UGT<\/strong><\/span><strong> Comunicaciones<\/strong><\/p>\n<p><span style=\"font-size: xx-small;\"><br \/>\n<a href=\"#_ftnref1\" name=\"_ftn1\"><sup>[1]<\/sup><\/a> <a href=\"http:\/\/www1.nyc.gov\/office-of-the-mayor\/news\/146-17\/statement-mayor-de-blasio-city-filing-lawsuit-against-verizon\" target=\"_blank\" rel=\"noopener\">http:\/\/www1.nyc.gov\/office-of-the-mayor\/news\/146-17\/statement-mayor-de-blasio-city-filing-lawsuit-against-verizon<\/a><br \/>\n<a href=\"#_ftnref2\" name=\"_ftn2\"><sup>[2]<\/sup><\/a> <a href=\"https:\/\/www.nytimes.com\/2017\/03\/13\/nyregion\/ny-sues-verizon-fios.html?_r=0\" target=\"_blank\" rel=\"noopener\">https:\/\/www.nytimes.com\/2017\/03\/13\/nyregion\/ny-sues-verizon-fios.html?_r=0<\/a><br \/>\n<a href=\"#_ftnref3\" name=\"_ftn3\">[3]<\/a> Charter, due\u00f1a de Liberty, alcanz\u00f3 un acuerdo en una tesitura parecida: <a href=\"http:\/\/www.manhattantimesnews.com\/charter-to-pay-13-million-settlementcharter-pagara-acuerdo-de-13-millones-de-dolares\/\" target=\"_blank\" rel=\"noopener\">http:\/\/www.manhattantimesnews.com\/charter-to-pay-13-million-settlementcharter-pagara-acuerdo-de-13-millones-de-dolares\/<\/a><\/span><\/p>\n","protected":false},"excerpt":{"rendered":"<p>El Gobierno de la ciudad de Nueva York (NYC) ha presentado una demanda contra la operadora Verizon, ante la Corte Suprema del estado en Manhattan, por incumplir el acuerdo de despliegue que ambas partes alcanzaron en 2008. Hace casi una d\u00e9cada, ayuntamiento y teleco suscribieron un acuerdo por el cual Verizon dar\u00eda servicio de su [&hellip;]<\/p>\n","protected":false},"author":3,"featured_media":36932,"comment_status":"open","ping_status":"closed","sticky":false,"template":"","format":"standard","meta":{"footnotes":""},"categories":[15,12],"tags":[],"class_list":["post-36929","post","type-post","status-publish","format-standard","has-post-thumbnail","hentry","category-competencia","category-regulacion"],"yoast_head":"<!-- This site is optimized with the Yoast SEO Premium plugin v27.3 (Yoast SEO v27.4) - https:\/\/yoast.com\/product\/yoast-seo-premium-wordpress\/ -->\n<title>La ciudad de Nueva York demanda a Verizon por incumplir sus promesas de despliegue - UGT Comunicaciones<\/title>\n<meta name=\"robots\" content=\"index, follow, max-snippet:-1, max-image-preview:large, max-video-preview:-1\" \/>\n<link rel=\"canonical\" href=\"https:\/\/www.ugtcomunicaciones.es\/wordpress\/la-ciudad-nueva-york-demanda-verizon-incumplir-promesas-despliegue\/\" \/>\n<meta property=\"og:locale\" content=\"es_ES\" \/>\n<meta property=\"og:type\" content=\"article\" \/>\n<meta property=\"og:title\" content=\"La ciudad de Nueva York demanda a Verizon por incumplir sus promesas de despliegue\" \/>\n<meta property=\"og:description\" content=\"El Gobierno de la ciudad de Nueva York (NYC) ha presentado una demanda contra la operadora Verizon, ante la Corte Suprema del estado en Manhattan, por incumplir el acuerdo de despliegue que ambas partes alcanzaron en 2008. Hace casi una d\u00e9cada, ayuntamiento y teleco suscribieron un acuerdo por el cual Verizon dar\u00eda servicio de su [&hellip;]\" \/>\n<meta property=\"og:url\" content=\"https:\/\/www.ugtcomunicaciones.es\/wordpress\/la-ciudad-nueva-york-demanda-verizon-incumplir-promesas-despliegue\/\" \/>\n<meta property=\"og:site_name\" content=\"UGT Comunicaciones\" \/>\n<meta property=\"article:publisher\" content=\"https:\/\/www.facebook.com\/ugt.comunicaciones\/\" \/>\n<meta property=\"article:published_time\" content=\"2017-10-02T06:30:09+00:00\" \/>\n<meta property=\"og:image\" content=\"https:\/\/www.ugtcomunicaciones.es\/wordpress\/wp-content\/uploads\/2017\/09\/Sin-t\u00edtulo-6.jpg\" \/>\n\t<meta property=\"og:image:width\" content=\"370\" \/>\n\t<meta property=\"og:image:height\" content=\"154\" \/>\n\t<meta property=\"og:image:type\" content=\"image\/jpeg\" \/>\n<meta name=\"author\" content=\"UGT\" \/>\n<meta name=\"twitter:card\" content=\"summary_large_image\" \/>\n<meta name=\"twitter:creator\" content=\"@ugtcom\" \/>\n<meta name=\"twitter:site\" content=\"@ugtcom\" \/>\n<meta name=\"twitter:label1\" content=\"Escrito por\" \/>\n\t<meta name=\"twitter:data1\" content=\"UGT\" \/>\n\t<meta name=\"twitter:label2\" content=\"Tiempo de lectura\" \/>\n\t<meta name=\"twitter:data2\" content=\"2 minutos\" \/>\n<script type=\"application\/ld+json\" class=\"yoast-schema-graph\">{\"@context\":\"https:\\\/\\\/schema.org\",\"@graph\":[{\"@type\":\"Article\",\"@id\":\"https:\\\/\\\/www.ugtcomunicaciones.es\\\/wordpress\\\/la-ciudad-nueva-york-demanda-verizon-incumplir-promesas-despliegue\\\/#article\",\"isPartOf\":{\"@id\":\"https:\\\/\\\/www.ugtcomunicaciones.es\\\/wordpress\\\/la-ciudad-nueva-york-demanda-verizon-incumplir-promesas-despliegue\\\/\"},\"author\":{\"name\":\"UGT\",\"@id\":\"https:\\\/\\\/www.ugtcomunicaciones.es\\\/wordpress\\\/#\\\/schema\\\/person\\\/eba0fc3fe5b444531d94d4368cba89ed\"},\"headline\":\"La ciudad de Nueva York demanda a Verizon por incumplir sus promesas de despliegue\",\"datePublished\":\"2017-10-02T06:30:09+00:00\",\"mainEntityOfPage\":{\"@id\":\"https:\\\/\\\/www.ugtcomunicaciones.es\\\/wordpress\\\/la-ciudad-nueva-york-demanda-verizon-incumplir-promesas-despliegue\\\/\"},\"wordCount\":354,\"commentCount\":0,\"publisher\":{\"@id\":\"https:\\\/\\\/www.ugtcomunicaciones.es\\\/wordpress\\\/#organization\"},\"image\":{\"@id\":\"https:\\\/\\\/www.ugtcomunicaciones.es\\\/wordpress\\\/la-ciudad-nueva-york-demanda-verizon-incumplir-promesas-despliegue\\\/#primaryimage\"},\"thumbnailUrl\":\"https:\\\/\\\/www.ugtcomunicaciones.es\\\/wordpress\\\/wp-content\\\/uploads\\\/2017\\\/09\\\/Sin-t\u00edtulo-6.jpg\",\"articleSection\":[\"Competencia\",\"Regulaci\u00f3n\"],\"inLanguage\":\"es\",\"potentialAction\":[{\"@type\":\"CommentAction\",\"name\":\"Comment\",\"target\":[\"https:\\\/\\\/www.ugtcomunicaciones.es\\\/wordpress\\\/la-ciudad-nueva-york-demanda-verizon-incumplir-promesas-despliegue\\\/#respond\"]}]},{\"@type\":\"WebPage\",\"@id\":\"https:\\\/\\\/www.ugtcomunicaciones.es\\\/wordpress\\\/la-ciudad-nueva-york-demanda-verizon-incumplir-promesas-despliegue\\\/\",\"url\":\"https:\\\/\\\/www.ugtcomunicaciones.es\\\/wordpress\\\/la-ciudad-nueva-york-demanda-verizon-incumplir-promesas-despliegue\\\/\",\"name\":\"La ciudad de Nueva York demanda a Verizon por incumplir sus promesas de despliegue - UGT Comunicaciones\",\"isPartOf\":{\"@id\":\"https:\\\/\\\/www.ugtcomunicaciones.es\\\/wordpress\\\/#website\"},\"primaryImageOfPage\":{\"@id\":\"https:\\\/\\\/www.ugtcomunicaciones.es\\\/wordpress\\\/la-ciudad-nueva-york-demanda-verizon-incumplir-promesas-despliegue\\\/#primaryimage\"},\"image\":{\"@id\":\"https:\\\/\\\/www.ugtcomunicaciones.es\\\/wordpress\\\/la-ciudad-nueva-york-demanda-verizon-incumplir-promesas-despliegue\\\/#primaryimage\"},\"thumbnailUrl\":\"https:\\\/\\\/www.ugtcomunicaciones.es\\\/wordpress\\\/wp-content\\\/uploads\\\/2017\\\/09\\\/Sin-t\u00edtulo-6.jpg\",\"datePublished\":\"2017-10-02T06:30:09+00:00\",\"breadcrumb\":{\"@id\":\"https:\\\/\\\/www.ugtcomunicaciones.es\\\/wordpress\\\/la-ciudad-nueva-york-demanda-verizon-incumplir-promesas-despliegue\\\/#breadcrumb\"},\"inLanguage\":\"es\",\"potentialAction\":[{\"@type\":\"ReadAction\",\"target\":[\"https:\\\/\\\/www.ugtcomunicaciones.es\\\/wordpress\\\/la-ciudad-nueva-york-demanda-verizon-incumplir-promesas-despliegue\\\/\"]}]},{\"@type\":\"ImageObject\",\"inLanguage\":\"es\",\"@id\":\"https:\\\/\\\/www.ugtcomunicaciones.es\\\/wordpress\\\/la-ciudad-nueva-york-demanda-verizon-incumplir-promesas-despliegue\\\/#primaryimage\",\"url\":\"https:\\\/\\\/www.ugtcomunicaciones.es\\\/wordpress\\\/wp-content\\\/uploads\\\/2017\\\/09\\\/Sin-t\u00edtulo-6.jpg\",\"contentUrl\":\"https:\\\/\\\/www.ugtcomunicaciones.es\\\/wordpress\\\/wp-content\\\/uploads\\\/2017\\\/09\\\/Sin-t\u00edtulo-6.jpg\",\"width\":370,\"height\":154},{\"@type\":\"BreadcrumbList\",\"@id\":\"https:\\\/\\\/www.ugtcomunicaciones.es\\\/wordpress\\\/la-ciudad-nueva-york-demanda-verizon-incumplir-promesas-despliegue\\\/#breadcrumb\",\"itemListElement\":[{\"@type\":\"ListItem\",\"position\":1,\"name\":\"Portada\",\"item\":\"https:\\\/\\\/www.ugtcomunicaciones.es\\\/wordpress\\\/\"},{\"@type\":\"ListItem\",\"position\":2,\"name\":\"La ciudad de Nueva York demanda a Verizon por incumplir sus promesas de despliegue\"}]},{\"@type\":\"WebSite\",\"@id\":\"https:\\\/\\\/www.ugtcomunicaciones.es\\\/wordpress\\\/#website\",\"url\":\"https:\\\/\\\/www.ugtcomunicaciones.es\\\/wordpress\\\/\",\"name\":\"UGT Comunicaciones\",\"description\":\"Sindicato de Telecomunicaciones\",\"publisher\":{\"@id\":\"https:\\\/\\\/www.ugtcomunicaciones.es\\\/wordpress\\\/#organization\"},\"potentialAction\":[{\"@type\":\"SearchAction\",\"target\":{\"@type\":\"EntryPoint\",\"urlTemplate\":\"https:\\\/\\\/www.ugtcomunicaciones.es\\\/wordpress\\\/?s={search_term_string}\"},\"query-input\":{\"@type\":\"PropertyValueSpecification\",\"valueRequired\":true,\"valueName\":\"search_term_string\"}}],\"inLanguage\":\"es\"},{\"@type\":\"Organization\",\"@id\":\"https:\\\/\\\/www.ugtcomunicaciones.es\\\/wordpress\\\/#organization\",\"name\":\"UGT Comunicaciones\",\"url\":\"https:\\\/\\\/www.ugtcomunicaciones.es\\\/wordpress\\\/\",\"logo\":{\"@type\":\"ImageObject\",\"inLanguage\":\"es\",\"@id\":\"https:\\\/\\\/www.ugtcomunicaciones.es\\\/wordpress\\\/#\\\/schema\\\/logo\\\/image\\\/\",\"url\":\"https:\\\/\\\/www.ugtcomunicaciones.es\\\/wordpress\\\/wp-content\\\/uploads\\\/2024\\\/04\\\/comunicaciones_logo.png\",\"contentUrl\":\"https:\\\/\\\/www.ugtcomunicaciones.es\\\/wordpress\\\/wp-content\\\/uploads\\\/2024\\\/04\\\/comunicaciones_logo.png\",\"width\":298,\"height\":81,\"caption\":\"UGT Comunicaciones\"},\"image\":{\"@id\":\"https:\\\/\\\/www.ugtcomunicaciones.es\\\/wordpress\\\/#\\\/schema\\\/logo\\\/image\\\/\"},\"sameAs\":[\"https:\\\/\\\/www.facebook.com\\\/ugt.comunicaciones\\\/\",\"https:\\\/\\\/x.com\\\/ugtcom\"]},{\"@type\":\"Person\",\"@id\":\"https:\\\/\\\/www.ugtcomunicaciones.es\\\/wordpress\\\/#\\\/schema\\\/person\\\/eba0fc3fe5b444531d94d4368cba89ed\",\"name\":\"UGT\",\"image\":{\"@type\":\"ImageObject\",\"inLanguage\":\"es\",\"@id\":\"https:\\\/\\\/secure.gravatar.com\\\/avatar\\\/2a16057d620a4c646bcfc171c4f23030879ebbdd346f0525bd5d4a564e57e13d?s=96&d=mm&r=g\",\"url\":\"https:\\\/\\\/secure.gravatar.com\\\/avatar\\\/2a16057d620a4c646bcfc171c4f23030879ebbdd346f0525bd5d4a564e57e13d?s=96&d=mm&r=g\",\"contentUrl\":\"https:\\\/\\\/secure.gravatar.com\\\/avatar\\\/2a16057d620a4c646bcfc171c4f23030879ebbdd346f0525bd5d4a564e57e13d?s=96&d=mm&r=g\",\"caption\":\"UGT\"}}]}<\/script>\n<!-- \/ Yoast SEO Premium plugin. -->","yoast_head_json":{"title":"La ciudad de Nueva York demanda a Verizon por incumplir sus promesas de despliegue - UGT Comunicaciones","robots":{"index":"index","follow":"follow","max-snippet":"max-snippet:-1","max-image-preview":"max-image-preview:large","max-video-preview":"max-video-preview:-1"},"canonical":"https:\/\/www.ugtcomunicaciones.es\/wordpress\/la-ciudad-nueva-york-demanda-verizon-incumplir-promesas-despliegue\/","og_locale":"es_ES","og_type":"article","og_title":"La ciudad de Nueva York demanda a Verizon por incumplir sus promesas de despliegue","og_description":"El Gobierno de la ciudad de Nueva York (NYC) ha presentado una demanda contra la operadora Verizon, ante la Corte Suprema del estado en Manhattan, por incumplir el acuerdo de despliegue que ambas partes alcanzaron en 2008. Hace casi una d\u00e9cada, ayuntamiento y teleco suscribieron un acuerdo por el cual Verizon dar\u00eda servicio de su [&hellip;]","og_url":"https:\/\/www.ugtcomunicaciones.es\/wordpress\/la-ciudad-nueva-york-demanda-verizon-incumplir-promesas-despliegue\/","og_site_name":"UGT Comunicaciones","article_publisher":"https:\/\/www.facebook.com\/ugt.comunicaciones\/","article_published_time":"2017-10-02T06:30:09+00:00","og_image":[{"width":370,"height":154,"url":"https:\/\/www.ugtcomunicaciones.es\/wordpress\/wp-content\/uploads\/2017\/09\/Sin-t\u00edtulo-6.jpg","type":"image\/jpeg"}],"author":"UGT","twitter_card":"summary_large_image","twitter_creator":"@ugtcom","twitter_site":"@ugtcom","twitter_misc":{"Escrito por":"UGT","Tiempo de lectura":"2 minutos"},"schema":{"@context":"https:\/\/schema.org","@graph":[{"@type":"Article","@id":"https:\/\/www.ugtcomunicaciones.es\/wordpress\/la-ciudad-nueva-york-demanda-verizon-incumplir-promesas-despliegue\/#article","isPartOf":{"@id":"https:\/\/www.ugtcomunicaciones.es\/wordpress\/la-ciudad-nueva-york-demanda-verizon-incumplir-promesas-despliegue\/"},"author":{"name":"UGT","@id":"https:\/\/www.ugtcomunicaciones.es\/wordpress\/#\/schema\/person\/eba0fc3fe5b444531d94d4368cba89ed"},"headline":"La ciudad de Nueva York demanda a Verizon por incumplir sus promesas de despliegue","datePublished":"2017-10-02T06:30:09+00:00","mainEntityOfPage":{"@id":"https:\/\/www.ugtcomunicaciones.es\/wordpress\/la-ciudad-nueva-york-demanda-verizon-incumplir-promesas-despliegue\/"},"wordCount":354,"commentCount":0,"publisher":{"@id":"https:\/\/www.ugtcomunicaciones.es\/wordpress\/#organization"},"image":{"@id":"https:\/\/www.ugtcomunicaciones.es\/wordpress\/la-ciudad-nueva-york-demanda-verizon-incumplir-promesas-despliegue\/#primaryimage"},"thumbnailUrl":"https:\/\/www.ugtcomunicaciones.es\/wordpress\/wp-content\/uploads\/2017\/09\/Sin-t\u00edtulo-6.jpg","articleSection":["Competencia","Regulaci\u00f3n"],"inLanguage":"es","potentialAction":[{"@type":"CommentAction","name":"Comment","target":["https:\/\/www.ugtcomunicaciones.es\/wordpress\/la-ciudad-nueva-york-demanda-verizon-incumplir-promesas-despliegue\/#respond"]}]},{"@type":"WebPage","@id":"https:\/\/www.ugtcomunicaciones.es\/wordpress\/la-ciudad-nueva-york-demanda-verizon-incumplir-promesas-despliegue\/","url":"https:\/\/www.ugtcomunicaciones.es\/wordpress\/la-ciudad-nueva-york-demanda-verizon-incumplir-promesas-despliegue\/","name":"La ciudad de Nueva York demanda a Verizon por incumplir sus promesas de despliegue - UGT Comunicaciones","isPartOf":{"@id":"https:\/\/www.ugtcomunicaciones.es\/wordpress\/#website"},"primaryImageOfPage":{"@id":"https:\/\/www.ugtcomunicaciones.es\/wordpress\/la-ciudad-nueva-york-demanda-verizon-incumplir-promesas-despliegue\/#primaryimage"},"image":{"@id":"https:\/\/www.ugtcomunicaciones.es\/wordpress\/la-ciudad-nueva-york-demanda-verizon-incumplir-promesas-despliegue\/#primaryimage"},"thumbnailUrl":"https:\/\/www.ugtcomunicaciones.es\/wordpress\/wp-content\/uploads\/2017\/09\/Sin-t\u00edtulo-6.jpg","datePublished":"2017-10-02T06:30:09+00:00","breadcrumb":{"@id":"https:\/\/www.ugtcomunicaciones.es\/wordpress\/la-ciudad-nueva-york-demanda-verizon-incumplir-promesas-despliegue\/#breadcrumb"},"inLanguage":"es","potentialAction":[{"@type":"ReadAction","target":["https:\/\/www.ugtcomunicaciones.es\/wordpress\/la-ciudad-nueva-york-demanda-verizon-incumplir-promesas-despliegue\/"]}]},{"@type":"ImageObject","inLanguage":"es","@id":"https:\/\/www.ugtcomunicaciones.es\/wordpress\/la-ciudad-nueva-york-demanda-verizon-incumplir-promesas-despliegue\/#primaryimage","url":"https:\/\/www.ugtcomunicaciones.es\/wordpress\/wp-content\/uploads\/2017\/09\/Sin-t\u00edtulo-6.jpg","contentUrl":"https:\/\/www.ugtcomunicaciones.es\/wordpress\/wp-content\/uploads\/2017\/09\/Sin-t\u00edtulo-6.jpg","width":370,"height":154},{"@type":"BreadcrumbList","@id":"https:\/\/www.ugtcomunicaciones.es\/wordpress\/la-ciudad-nueva-york-demanda-verizon-incumplir-promesas-despliegue\/#breadcrumb","itemListElement":[{"@type":"ListItem","position":1,"name":"Portada","item":"https:\/\/www.ugtcomunicaciones.es\/wordpress\/"},{"@type":"ListItem","position":2,"name":"La ciudad de Nueva York demanda a Verizon por incumplir sus promesas de despliegue"}]},{"@type":"WebSite","@id":"https:\/\/www.ugtcomunicaciones.es\/wordpress\/#website","url":"https:\/\/www.ugtcomunicaciones.es\/wordpress\/","name":"UGT Comunicaciones","description":"Sindicato de Telecomunicaciones","publisher":{"@id":"https:\/\/www.ugtcomunicaciones.es\/wordpress\/#organization"},"potentialAction":[{"@type":"SearchAction","target":{"@type":"EntryPoint","urlTemplate":"https:\/\/www.ugtcomunicaciones.es\/wordpress\/?s={search_term_string}"},"query-input":{"@type":"PropertyValueSpecification","valueRequired":true,"valueName":"search_term_string"}}],"inLanguage":"es"},{"@type":"Organization","@id":"https:\/\/www.ugtcomunicaciones.es\/wordpress\/#organization","name":"UGT Comunicaciones","url":"https:\/\/www.ugtcomunicaciones.es\/wordpress\/","logo":{"@type":"ImageObject","inLanguage":"es","@id":"https:\/\/www.ugtcomunicaciones.es\/wordpress\/#\/schema\/logo\/image\/","url":"https:\/\/www.ugtcomunicaciones.es\/wordpress\/wp-content\/uploads\/2024\/04\/comunicaciones_logo.png","contentUrl":"https:\/\/www.ugtcomunicaciones.es\/wordpress\/wp-content\/uploads\/2024\/04\/comunicaciones_logo.png","width":298,"height":81,"caption":"UGT Comunicaciones"},"image":{"@id":"https:\/\/www.ugtcomunicaciones.es\/wordpress\/#\/schema\/logo\/image\/"},"sameAs":["https:\/\/www.facebook.com\/ugt.comunicaciones\/","https:\/\/x.com\/ugtcom"]},{"@type":"Person","@id":"https:\/\/www.ugtcomunicaciones.es\/wordpress\/#\/schema\/person\/eba0fc3fe5b444531d94d4368cba89ed","name":"UGT","image":{"@type":"ImageObject","inLanguage":"es","@id":"https:\/\/secure.gravatar.com\/avatar\/2a16057d620a4c646bcfc171c4f23030879ebbdd346f0525bd5d4a564e57e13d?s=96&d=mm&r=g","url":"https:\/\/secure.gravatar.com\/avatar\/2a16057d620a4c646bcfc171c4f23030879ebbdd346f0525bd5d4a564e57e13d?s=96&d=mm&r=g","contentUrl":"https:\/\/secure.gravatar.com\/avatar\/2a16057d620a4c646bcfc171c4f23030879ebbdd346f0525bd5d4a564e57e13d?s=96&d=mm&r=g","caption":"UGT"}}]}},"_links":{"self":[{"href":"https:\/\/www.ugtcomunicaciones.es\/wordpress\/wp-json\/wp\/v2\/posts\/36929","targetHints":{"allow":["GET"]}}],"collection":[{"href":"https:\/\/www.ugtcomunicaciones.es\/wordpress\/wp-json\/wp\/v2\/posts"}],"about":[{"href":"https:\/\/www.ugtcomunicaciones.es\/wordpress\/wp-json\/wp\/v2\/types\/post"}],"author":[{"embeddable":true,"href":"https:\/\/www.ugtcomunicaciones.es\/wordpress\/wp-json\/wp\/v2\/users\/3"}],"replies":[{"embeddable":true,"href":"https:\/\/www.ugtcomunicaciones.es\/wordpress\/wp-json\/wp\/v2\/comments?post=36929"}],"version-history":[{"count":0,"href":"https:\/\/www.ugtcomunicaciones.es\/wordpress\/wp-json\/wp\/v2\/posts\/36929\/revisions"}],"wp:featuredmedia":[{"embeddable":true,"href":"https:\/\/www.ugtcomunicaciones.es\/wordpress\/wp-json\/wp\/v2\/media\/36932"}],"wp:attachment":[{"href":"https:\/\/www.ugtcomunicaciones.es\/wordpress\/wp-json\/wp\/v2\/media?parent=36929"}],"wp:term":[{"taxonomy":"category","embeddable":true,"href":"https:\/\/www.ugtcomunicaciones.es\/wordpress\/wp-json\/wp\/v2\/categories?post=36929"},{"taxonomy":"post_tag","embeddable":true,"href":"https:\/\/www.ugtcomunicaciones.es\/wordpress\/wp-json\/wp\/v2\/tags?post=36929"}],"curies":[{"name":"wp","href":"https:\/\/api.w.org\/{rel}","templated":true}]}}