{"id":370,"date":"2016-12-09T11:16:21","date_gmt":"2016-12-09T10:16:21","guid":{"rendered":"http:\/\/www.ugtcom.h2301842.stratoserver.net\/wordpress\/wordpress\/?p=370"},"modified":"2017-06-28T08:21:49","modified_gmt":"2017-06-28T07:21:49","slug":"alemania-redobla-la-inversion-en-redes-de-ultima-generacion","status":"publish","type":"post","link":"https:\/\/www.ugtcomunicaciones.es\/wordpress\/alemania-redobla-la-inversion-en-redes-de-ultima-generacion\/","title":{"rendered":"Alemania redobla la inversi\u00f3n en redes de \u00faltima generaci\u00f3n"},"content":{"rendered":"<p style=\"text-align: justify;\">La mayor potencia econ\u00f3mica de Europa no ceja en su intento de liderar el despliegue de redes de nueva generaci\u00f3n.<\/p>\n<p style=\"text-align: justify;\">Si hace un a\u00f1o inform\u00e1bamos de c\u00f3mo el Gobierno teut\u00f3n consegu\u00eda la autorizaci\u00f3n de Bruselas para inyectar 2.700 millones de euros en ayudas p\u00fablicas a la banda ancha<a href=\"http:\/\/comunicaciones.smcugt.org\/noticia\/alemania-redobla-la-inversion-en-redes-de-ultima-generacion-id-55508.htm#_ftn1\" name=\"_ftnref1\">[1]<\/a>, dinero proveniente de la licitaci\u00f3n del segundo dividendo digital sobre la banda de 700 MHz<a href=\"http:\/\/comunicaciones.smcugt.org\/noticia\/alemania-redobla-la-inversion-en-redes-de-ultima-generacion-id-55508.htm#_ftn2\" name=\"_ftnref2\">[2]<\/a>, el Ministerio de Infraestructuras Digitales acaba de ampliar dicho presupuesto en 1.300 millones m\u00e1s<a href=\"http:\/\/comunicaciones.smcugt.org\/noticia\/alemania-redobla-la-inversion-en-redes-de-ultima-generacion-id-55508.htm#_ftn3\" name=\"_ftnref3\">[3]<\/a>, alcanzando as\u00ed la astron\u00f3mica cifra de 4.000 millones de euros.<\/p>\n<p style=\"text-align: justify;\">Con estos 4.000 millones, Alemania quiere proporcionar cobertura universal de 50 Mbps por todo el pa\u00eds en 2018. En la actualidad, dicho acceso est\u00e1 disponible para el 70% de los hogares alemanes.<\/p>\n<p style=\"text-align: justify;\">Esta ampliaci\u00f3n del presupuesto est\u00e1 motivada por las numerosas solicitudes de las Administraciones P\u00fablicas locales situadas en zonas blancas \u2013 \u00e1reas no servidas por ning\u00fan proveedor de comunicaciones- que han aumentado ostensiblemente sus necesidades de conectividad.<\/p>\n<p style=\"text-align: justify;\">Las subvenciones se otorgan directamente a dichas autoridades locales, que luego pueden actuar de dos maneras: apoyando financieramente a un operador de telecomunicaciones que luego abrir\u00e1 sus infraestructuras a terceros, o mediante la instalaci\u00f3n de redes de banda ancha por s\u00ed mismos, que luego tambi\u00e9n alquilar\u00e1n a terceros interesados. La m\u00e1xima ayuda por proyecto ser\u00e1 de 15 millones de euros.<\/p>\n<p style=\"text-align: justify;\">Como ya hemos apuntado en multitud de ocasiones<a href=\"http:\/\/comunicaciones.smcugt.org\/noticia\/alemania-redobla-la-inversion-en-redes-de-ultima-generacion-id-55508.htm#_ftn4\" name=\"_ftnref4\">[4]<\/a>, las comparaciones son siempre odiosas, pero tambi\u00e9n necesarias.<\/p>\n<p style=\"text-align: justify;\">Y debemos insistir en lo mismo: mientras <strong>toda Europa realiza desembolsos milmillonarios para proporcionar conectividad de vanguardia a sus ciudadanos, Espa\u00f1a habilita unas partidas m\u00ednimas y claramente insuficientes de 63 millones de euros en 2015<a href=\"http:\/\/comunicaciones.smcugt.org\/noticia\/alemania-redobla-la-inversion-en-redes-de-ultima-generacion-id-55508.htm#_ftn5\" name=\"_ftnref5\">[5]<\/a><\/strong>.<\/p>\n<p style=\"text-align: justify;\">As\u00ed es imposible que Espa\u00f1a se coloque en el nivel que le corresponde en cobertura universal de banda ancha de alta velocidad. No podemos decirlo ni m\u00e1s alto ni m\u00e1s claro<a href=\"http:\/\/comunicaciones.smcugt.org\/noticia\/alemania-redobla-la-inversion-en-redes-de-ultima-generacion-id-55508.htm#_ftn6\" name=\"_ftnref6\">[6]<\/a>: <strong>es perentorio y urgente que el pr\u00f3ximo Gobierno introduzca en su agenda la inclusi\u00f3n digital y un nuevo plan de Ayudas P\u00fablicas a la banda ancha que universalice el acceso a Internet.<\/strong><\/p>\n<p>&nbsp;<\/p>\n<p><a href=\"http:\/\/comunicaciones.smcugt.org\/noticia\/alemania-redobla-la-inversion-en-redes-de-ultima-generacion-id-55508.htm#_ftnref1\" name=\"_ftn1\">[1]<\/a><a href=\"http:\/\/www.ugtcomunicaciones.es\/noticia\/alemania-tendra-50-mbps-para-todos-en-2018-id-52742.htm\">http:\/\/www.ugtcomunicaciones.es\/noticia\/alemania-tendra-50-mbps-para-todos-en-2018-id-52742.htm<\/a>, <a href=\"http:\/\/www.ugtcomunicaciones.es\/noticia\/bruselas-da-el-visto-bueno-a-las-multimillonarias-ayudas-publicas-de-alemania-id-51893.htm\">http:\/\/www.ugtcomunicaciones.es\/noticia\/bruselas-da-el-visto-bueno-a-las-multimillonarias-ayudas-publicas-de-alemania-id-51893.htm<\/a><\/p>\n<p><a href=\"http:\/\/comunicaciones.smcugt.org\/noticia\/alemania-redobla-la-inversion-en-redes-de-ultima-generacion-id-55508.htm#_ftnref2\" name=\"_ftn2\">[2]<\/a><a href=\"http:\/\/comunicaciones.smcugt.org\/noticia\/alemania-usara-la-banda-de-los-700-mhz-para-dar-cobertura-universal-de-50-mbps-id-49651.htm\">http:\/\/comunicaciones.smcugt.org\/noticia\/alemania-usara-la-banda-de-los-700-mhz-para-dar-cobertura-universal-de-50-mbps-id-49651.htm<\/a><\/p>\n<p><a href=\"http:\/\/comunicaciones.smcugt.org\/noticia\/alemania-redobla-la-inversion-en-redes-de-ultima-generacion-id-55508.htm#_ftnref3\" name=\"_ftn3\">[3]<\/a><a href=\"http:\/\/www.bmvi.de\/SharedDocs\/DE\/Artikel\/DG\/dobrindt-investitionen-breitbandausbau.html\">http:\/\/www.bmvi.de\/SharedDocs\/DE\/Artikel\/DG\/dobrindt-investitionen-breitbandausbau.html<\/a><\/p>\n<p><a href=\"http:\/\/comunicaciones.smcugt.org\/noticia\/alemania-redobla-la-inversion-en-redes-de-ultima-generacion-id-55508.htm#_ftnref4\" name=\"_ftn4\">[4]<\/a><a href=\"http:\/\/www.ugtcomunicaciones.es\/noticia\/suecia-destina-400-millones-de-euros-a-ayudas-publicas-a-la-banda-ancha-id-51643.htm\">http:\/\/www.ugtcomunicaciones.es\/noticia\/suecia-destina-400-millones-de-euros-a-ayudas-publicas-a-la-banda-ancha-id-51643.htm<\/a>, <a href=\"http:\/\/comunicaciones.smcugt.org\/noticia\/austria-espana-y-las-ayudas-publicas-a-la-banda-ancha-id-48183.htm\">http:\/\/comunicaciones.smcugt.org\/noticia\/austria-espana-y-las-ayudas-publicas-a-la-banda-ancha-id-48183.htm<\/a>, <a href=\"http:\/\/www.ugtcomunicaciones.es\/archivos\/elementos\/2015\/paso_al_frente_en_italia.pdf\">http:\/\/www.ugtcomunicaciones.es\/archivos\/elementos\/2015\/paso_al_frente_en_italia.pdf<\/a><\/p>\n<p><a href=\"http:\/\/comunicaciones.smcugt.org\/noticia\/alemania-redobla-la-inversion-en-redes-de-ultima-generacion-id-55508.htm#_ftnref5\" name=\"_ftn5\">[5]<\/a><a href=\"http:\/\/www.ugtcomunicaciones.es\/archivos\/elementos\/2015\/pauperrimas_ayudas_de_estado.pdf\">http:\/\/www.ugtcomunicaciones.es\/archivos\/elementos\/2015\/pauperrimas_ayudas_de_estado.pdf<\/a><\/p>\n<p><a href=\"http:\/\/comunicaciones.smcugt.org\/noticia\/alemania-redobla-la-inversion-en-redes-de-ultima-generacion-id-55508.htm#_ftnref6\" name=\"_ftn6\">[6]<\/a><a href=\"http:\/\/www.ugtcomunicaciones.es\/archivos\/elementos\/2016\/el_proximo_gobierno_debe_introducir_la_inclusion_digital.pdf\">http:\/\/www.ugtcomunicaciones.es\/archivos\/elementos\/2016\/el_proximo_gobierno_debe_introducir_la_inclusion_digital.<\/a><\/p>\n","protected":false},"excerpt":{"rendered":"<p>La mayor potencia econ\u00f3mica de Europa no ceja en su intento de liderar el despliegue de redes de nueva generaci\u00f3n. Si hace un a\u00f1o inform\u00e1bamos de c\u00f3mo el Gobierno teut\u00f3n consegu\u00eda la autorizaci\u00f3n de Bruselas para inyectar 2.700 millones de euros en ayudas p\u00fablicas a la banda ancha[1], dinero proveniente de la licitaci\u00f3n del segundo [&hellip;]<\/p>\n","protected":false},"author":3,"featured_media":371,"comment_status":"open","ping_status":"closed","sticky":false,"template":"","format":"standard","meta":{"footnotes":""},"categories":[2,12],"tags":[],"class_list":["post-370","post","type-post","status-publish","format-standard","has-post-thumbnail","hentry","category-featured","category-regulacion"],"yoast_head":"<!-- This site is optimized with the Yoast SEO Premium plugin v27.3 (Yoast SEO v27.4) - https:\/\/yoast.com\/product\/yoast-seo-premium-wordpress\/ -->\n<title>Alemania redobla la inversi\u00f3n en redes de \u00faltima generaci\u00f3n - UGT Comunicaciones<\/title>\n<meta name=\"robots\" content=\"index, follow, max-snippet:-1, max-image-preview:large, max-video-preview:-1\" \/>\n<link rel=\"canonical\" href=\"https:\/\/www.ugtcomunicaciones.es\/wordpress\/alemania-redobla-la-inversion-en-redes-de-ultima-generacion\/\" \/>\n<meta property=\"og:locale\" content=\"es_ES\" \/>\n<meta property=\"og:type\" content=\"article\" \/>\n<meta property=\"og:title\" content=\"Alemania redobla la inversi\u00f3n en redes de \u00faltima generaci\u00f3n\" \/>\n<meta property=\"og:description\" content=\"La mayor potencia econ\u00f3mica de Europa no ceja en su intento de liderar el despliegue de redes de nueva generaci\u00f3n. Si hace un a\u00f1o inform\u00e1bamos de c\u00f3mo el Gobierno teut\u00f3n consegu\u00eda la autorizaci\u00f3n de Bruselas para inyectar 2.700 millones de euros en ayudas p\u00fablicas a la banda ancha[1], dinero proveniente de la licitaci\u00f3n del segundo [&hellip;]\" \/>\n<meta property=\"og:url\" content=\"https:\/\/www.ugtcomunicaciones.es\/wordpress\/alemania-redobla-la-inversion-en-redes-de-ultima-generacion\/\" \/>\n<meta property=\"og:site_name\" content=\"UGT Comunicaciones\" \/>\n<meta property=\"article:publisher\" content=\"https:\/\/www.facebook.com\/ugt.comunicaciones\/\" \/>\n<meta property=\"article:published_time\" content=\"2016-12-09T10:16:21+00:00\" \/>\n<meta property=\"article:modified_time\" content=\"2017-06-28T07:21:49+00:00\" \/>\n<meta property=\"og:image\" content=\"https:\/\/www.ugtcomunicaciones.es\/wordpress\/wp-content\/uploads\/2016\/12\/regulador_aleman.jpg\" \/>\n\t<meta property=\"og:image:width\" content=\"214\" \/>\n\t<meta property=\"og:image:height\" content=\"107\" \/>\n\t<meta property=\"og:image:type\" content=\"image\/jpeg\" \/>\n<meta name=\"author\" content=\"UGT\" \/>\n<meta name=\"twitter:card\" content=\"summary_large_image\" \/>\n<meta name=\"twitter:creator\" content=\"@ugtcom\" \/>\n<meta name=\"twitter:site\" content=\"@ugtcom\" \/>\n<meta name=\"twitter:label1\" content=\"Escrito por\" \/>\n\t<meta name=\"twitter:data1\" content=\"UGT\" \/>\n\t<meta name=\"twitter:label2\" content=\"Tiempo de lectura\" \/>\n\t<meta name=\"twitter:data2\" content=\"2 minutos\" \/>\n<script type=\"application\/ld+json\" class=\"yoast-schema-graph\">{\"@context\":\"https:\\\/\\\/schema.org\",\"@graph\":[{\"@type\":\"Article\",\"@id\":\"https:\\\/\\\/www.ugtcomunicaciones.es\\\/wordpress\\\/alemania-redobla-la-inversion-en-redes-de-ultima-generacion\\\/#article\",\"isPartOf\":{\"@id\":\"https:\\\/\\\/www.ugtcomunicaciones.es\\\/wordpress\\\/alemania-redobla-la-inversion-en-redes-de-ultima-generacion\\\/\"},\"author\":{\"name\":\"UGT\",\"@id\":\"https:\\\/\\\/www.ugtcomunicaciones.es\\\/wordpress\\\/#\\\/schema\\\/person\\\/eba0fc3fe5b444531d94d4368cba89ed\"},\"headline\":\"Alemania redobla la inversi\u00f3n en redes de \u00faltima generaci\u00f3n\",\"datePublished\":\"2016-12-09T10:16:21+00:00\",\"dateModified\":\"2017-06-28T07:21:49+00:00\",\"mainEntityOfPage\":{\"@id\":\"https:\\\/\\\/www.ugtcomunicaciones.es\\\/wordpress\\\/alemania-redobla-la-inversion-en-redes-de-ultima-generacion\\\/\"},\"wordCount\":445,\"commentCount\":0,\"publisher\":{\"@id\":\"https:\\\/\\\/www.ugtcomunicaciones.es\\\/wordpress\\\/#organization\"},\"image\":{\"@id\":\"https:\\\/\\\/www.ugtcomunicaciones.es\\\/wordpress\\\/alemania-redobla-la-inversion-en-redes-de-ultima-generacion\\\/#primaryimage\"},\"thumbnailUrl\":\"https:\\\/\\\/www.ugtcomunicaciones.es\\\/wordpress\\\/wp-content\\\/uploads\\\/2016\\\/12\\\/regulador_aleman.jpg\",\"articleSection\":[\"Featured\",\"Regulaci\u00f3n\"],\"inLanguage\":\"es\",\"potentialAction\":[{\"@type\":\"CommentAction\",\"name\":\"Comment\",\"target\":[\"https:\\\/\\\/www.ugtcomunicaciones.es\\\/wordpress\\\/alemania-redobla-la-inversion-en-redes-de-ultima-generacion\\\/#respond\"]}]},{\"@type\":\"WebPage\",\"@id\":\"https:\\\/\\\/www.ugtcomunicaciones.es\\\/wordpress\\\/alemania-redobla-la-inversion-en-redes-de-ultima-generacion\\\/\",\"url\":\"https:\\\/\\\/www.ugtcomunicaciones.es\\\/wordpress\\\/alemania-redobla-la-inversion-en-redes-de-ultima-generacion\\\/\",\"name\":\"Alemania redobla la inversi\u00f3n en redes de \u00faltima generaci\u00f3n - UGT Comunicaciones\",\"isPartOf\":{\"@id\":\"https:\\\/\\\/www.ugtcomunicaciones.es\\\/wordpress\\\/#website\"},\"primaryImageOfPage\":{\"@id\":\"https:\\\/\\\/www.ugtcomunicaciones.es\\\/wordpress\\\/alemania-redobla-la-inversion-en-redes-de-ultima-generacion\\\/#primaryimage\"},\"image\":{\"@id\":\"https:\\\/\\\/www.ugtcomunicaciones.es\\\/wordpress\\\/alemania-redobla-la-inversion-en-redes-de-ultima-generacion\\\/#primaryimage\"},\"thumbnailUrl\":\"https:\\\/\\\/www.ugtcomunicaciones.es\\\/wordpress\\\/wp-content\\\/uploads\\\/2016\\\/12\\\/regulador_aleman.jpg\",\"datePublished\":\"2016-12-09T10:16:21+00:00\",\"dateModified\":\"2017-06-28T07:21:49+00:00\",\"breadcrumb\":{\"@id\":\"https:\\\/\\\/www.ugtcomunicaciones.es\\\/wordpress\\\/alemania-redobla-la-inversion-en-redes-de-ultima-generacion\\\/#breadcrumb\"},\"inLanguage\":\"es\",\"potentialAction\":[{\"@type\":\"ReadAction\",\"target\":[\"https:\\\/\\\/www.ugtcomunicaciones.es\\\/wordpress\\\/alemania-redobla-la-inversion-en-redes-de-ultima-generacion\\\/\"]}]},{\"@type\":\"ImageObject\",\"inLanguage\":\"es\",\"@id\":\"https:\\\/\\\/www.ugtcomunicaciones.es\\\/wordpress\\\/alemania-redobla-la-inversion-en-redes-de-ultima-generacion\\\/#primaryimage\",\"url\":\"https:\\\/\\\/www.ugtcomunicaciones.es\\\/wordpress\\\/wp-content\\\/uploads\\\/2016\\\/12\\\/regulador_aleman.jpg\",\"contentUrl\":\"https:\\\/\\\/www.ugtcomunicaciones.es\\\/wordpress\\\/wp-content\\\/uploads\\\/2016\\\/12\\\/regulador_aleman.jpg\",\"width\":214,\"height\":107,\"caption\":\"Regulaci\u00f3n Alemania\"},{\"@type\":\"BreadcrumbList\",\"@id\":\"https:\\\/\\\/www.ugtcomunicaciones.es\\\/wordpress\\\/alemania-redobla-la-inversion-en-redes-de-ultima-generacion\\\/#breadcrumb\",\"itemListElement\":[{\"@type\":\"ListItem\",\"position\":1,\"name\":\"Portada\",\"item\":\"https:\\\/\\\/www.ugtcomunicaciones.es\\\/wordpress\\\/\"},{\"@type\":\"ListItem\",\"position\":2,\"name\":\"Alemania redobla la inversi\u00f3n en redes de \u00faltima generaci\u00f3n\"}]},{\"@type\":\"WebSite\",\"@id\":\"https:\\\/\\\/www.ugtcomunicaciones.es\\\/wordpress\\\/#website\",\"url\":\"https:\\\/\\\/www.ugtcomunicaciones.es\\\/wordpress\\\/\",\"name\":\"UGT Comunicaciones\",\"description\":\"Sindicato de Telecomunicaciones\",\"publisher\":{\"@id\":\"https:\\\/\\\/www.ugtcomunicaciones.es\\\/wordpress\\\/#organization\"},\"potentialAction\":[{\"@type\":\"SearchAction\",\"target\":{\"@type\":\"EntryPoint\",\"urlTemplate\":\"https:\\\/\\\/www.ugtcomunicaciones.es\\\/wordpress\\\/?s={search_term_string}\"},\"query-input\":{\"@type\":\"PropertyValueSpecification\",\"valueRequired\":true,\"valueName\":\"search_term_string\"}}],\"inLanguage\":\"es\"},{\"@type\":\"Organization\",\"@id\":\"https:\\\/\\\/www.ugtcomunicaciones.es\\\/wordpress\\\/#organization\",\"name\":\"UGT Comunicaciones\",\"url\":\"https:\\\/\\\/www.ugtcomunicaciones.es\\\/wordpress\\\/\",\"logo\":{\"@type\":\"ImageObject\",\"inLanguage\":\"es\",\"@id\":\"https:\\\/\\\/www.ugtcomunicaciones.es\\\/wordpress\\\/#\\\/schema\\\/logo\\\/image\\\/\",\"url\":\"https:\\\/\\\/www.ugtcomunicaciones.es\\\/wordpress\\\/wp-content\\\/uploads\\\/2024\\\/04\\\/comunicaciones_logo.png\",\"contentUrl\":\"https:\\\/\\\/www.ugtcomunicaciones.es\\\/wordpress\\\/wp-content\\\/uploads\\\/2024\\\/04\\\/comunicaciones_logo.png\",\"width\":298,\"height\":81,\"caption\":\"UGT Comunicaciones\"},\"image\":{\"@id\":\"https:\\\/\\\/www.ugtcomunicaciones.es\\\/wordpress\\\/#\\\/schema\\\/logo\\\/image\\\/\"},\"sameAs\":[\"https:\\\/\\\/www.facebook.com\\\/ugt.comunicaciones\\\/\",\"https:\\\/\\\/x.com\\\/ugtcom\"]},{\"@type\":\"Person\",\"@id\":\"https:\\\/\\\/www.ugtcomunicaciones.es\\\/wordpress\\\/#\\\/schema\\\/person\\\/eba0fc3fe5b444531d94d4368cba89ed\",\"name\":\"UGT\",\"image\":{\"@type\":\"ImageObject\",\"inLanguage\":\"es\",\"@id\":\"https:\\\/\\\/secure.gravatar.com\\\/avatar\\\/2a16057d620a4c646bcfc171c4f23030879ebbdd346f0525bd5d4a564e57e13d?s=96&d=mm&r=g\",\"url\":\"https:\\\/\\\/secure.gravatar.com\\\/avatar\\\/2a16057d620a4c646bcfc171c4f23030879ebbdd346f0525bd5d4a564e57e13d?s=96&d=mm&r=g\",\"contentUrl\":\"https:\\\/\\\/secure.gravatar.com\\\/avatar\\\/2a16057d620a4c646bcfc171c4f23030879ebbdd346f0525bd5d4a564e57e13d?s=96&d=mm&r=g\",\"caption\":\"UGT\"}}]}<\/script>\n<!-- \/ Yoast SEO Premium plugin. -->","yoast_head_json":{"title":"Alemania redobla la inversi\u00f3n en redes de \u00faltima generaci\u00f3n - UGT Comunicaciones","robots":{"index":"index","follow":"follow","max-snippet":"max-snippet:-1","max-image-preview":"max-image-preview:large","max-video-preview":"max-video-preview:-1"},"canonical":"https:\/\/www.ugtcomunicaciones.es\/wordpress\/alemania-redobla-la-inversion-en-redes-de-ultima-generacion\/","og_locale":"es_ES","og_type":"article","og_title":"Alemania redobla la inversi\u00f3n en redes de \u00faltima generaci\u00f3n","og_description":"La mayor potencia econ\u00f3mica de Europa no ceja en su intento de liderar el despliegue de redes de nueva generaci\u00f3n. Si hace un a\u00f1o inform\u00e1bamos de c\u00f3mo el Gobierno teut\u00f3n consegu\u00eda la autorizaci\u00f3n de Bruselas para inyectar 2.700 millones de euros en ayudas p\u00fablicas a la banda ancha[1], dinero proveniente de la licitaci\u00f3n del segundo [&hellip;]","og_url":"https:\/\/www.ugtcomunicaciones.es\/wordpress\/alemania-redobla-la-inversion-en-redes-de-ultima-generacion\/","og_site_name":"UGT Comunicaciones","article_publisher":"https:\/\/www.facebook.com\/ugt.comunicaciones\/","article_published_time":"2016-12-09T10:16:21+00:00","article_modified_time":"2017-06-28T07:21:49+00:00","og_image":[{"width":214,"height":107,"url":"https:\/\/www.ugtcomunicaciones.es\/wordpress\/wp-content\/uploads\/2016\/12\/regulador_aleman.jpg","type":"image\/jpeg"}],"author":"UGT","twitter_card":"summary_large_image","twitter_creator":"@ugtcom","twitter_site":"@ugtcom","twitter_misc":{"Escrito por":"UGT","Tiempo de lectura":"2 minutos"},"schema":{"@context":"https:\/\/schema.org","@graph":[{"@type":"Article","@id":"https:\/\/www.ugtcomunicaciones.es\/wordpress\/alemania-redobla-la-inversion-en-redes-de-ultima-generacion\/#article","isPartOf":{"@id":"https:\/\/www.ugtcomunicaciones.es\/wordpress\/alemania-redobla-la-inversion-en-redes-de-ultima-generacion\/"},"author":{"name":"UGT","@id":"https:\/\/www.ugtcomunicaciones.es\/wordpress\/#\/schema\/person\/eba0fc3fe5b444531d94d4368cba89ed"},"headline":"Alemania redobla la inversi\u00f3n en redes de \u00faltima generaci\u00f3n","datePublished":"2016-12-09T10:16:21+00:00","dateModified":"2017-06-28T07:21:49+00:00","mainEntityOfPage":{"@id":"https:\/\/www.ugtcomunicaciones.es\/wordpress\/alemania-redobla-la-inversion-en-redes-de-ultima-generacion\/"},"wordCount":445,"commentCount":0,"publisher":{"@id":"https:\/\/www.ugtcomunicaciones.es\/wordpress\/#organization"},"image":{"@id":"https:\/\/www.ugtcomunicaciones.es\/wordpress\/alemania-redobla-la-inversion-en-redes-de-ultima-generacion\/#primaryimage"},"thumbnailUrl":"https:\/\/www.ugtcomunicaciones.es\/wordpress\/wp-content\/uploads\/2016\/12\/regulador_aleman.jpg","articleSection":["Featured","Regulaci\u00f3n"],"inLanguage":"es","potentialAction":[{"@type":"CommentAction","name":"Comment","target":["https:\/\/www.ugtcomunicaciones.es\/wordpress\/alemania-redobla-la-inversion-en-redes-de-ultima-generacion\/#respond"]}]},{"@type":"WebPage","@id":"https:\/\/www.ugtcomunicaciones.es\/wordpress\/alemania-redobla-la-inversion-en-redes-de-ultima-generacion\/","url":"https:\/\/www.ugtcomunicaciones.es\/wordpress\/alemania-redobla-la-inversion-en-redes-de-ultima-generacion\/","name":"Alemania redobla la inversi\u00f3n en redes de \u00faltima generaci\u00f3n - UGT Comunicaciones","isPartOf":{"@id":"https:\/\/www.ugtcomunicaciones.es\/wordpress\/#website"},"primaryImageOfPage":{"@id":"https:\/\/www.ugtcomunicaciones.es\/wordpress\/alemania-redobla-la-inversion-en-redes-de-ultima-generacion\/#primaryimage"},"image":{"@id":"https:\/\/www.ugtcomunicaciones.es\/wordpress\/alemania-redobla-la-inversion-en-redes-de-ultima-generacion\/#primaryimage"},"thumbnailUrl":"https:\/\/www.ugtcomunicaciones.es\/wordpress\/wp-content\/uploads\/2016\/12\/regulador_aleman.jpg","datePublished":"2016-12-09T10:16:21+00:00","dateModified":"2017-06-28T07:21:49+00:00","breadcrumb":{"@id":"https:\/\/www.ugtcomunicaciones.es\/wordpress\/alemania-redobla-la-inversion-en-redes-de-ultima-generacion\/#breadcrumb"},"inLanguage":"es","potentialAction":[{"@type":"ReadAction","target":["https:\/\/www.ugtcomunicaciones.es\/wordpress\/alemania-redobla-la-inversion-en-redes-de-ultima-generacion\/"]}]},{"@type":"ImageObject","inLanguage":"es","@id":"https:\/\/www.ugtcomunicaciones.es\/wordpress\/alemania-redobla-la-inversion-en-redes-de-ultima-generacion\/#primaryimage","url":"https:\/\/www.ugtcomunicaciones.es\/wordpress\/wp-content\/uploads\/2016\/12\/regulador_aleman.jpg","contentUrl":"https:\/\/www.ugtcomunicaciones.es\/wordpress\/wp-content\/uploads\/2016\/12\/regulador_aleman.jpg","width":214,"height":107,"caption":"Regulaci\u00f3n Alemania"},{"@type":"BreadcrumbList","@id":"https:\/\/www.ugtcomunicaciones.es\/wordpress\/alemania-redobla-la-inversion-en-redes-de-ultima-generacion\/#breadcrumb","itemListElement":[{"@type":"ListItem","position":1,"name":"Portada","item":"https:\/\/www.ugtcomunicaciones.es\/wordpress\/"},{"@type":"ListItem","position":2,"name":"Alemania redobla la inversi\u00f3n en redes de \u00faltima generaci\u00f3n"}]},{"@type":"WebSite","@id":"https:\/\/www.ugtcomunicaciones.es\/wordpress\/#website","url":"https:\/\/www.ugtcomunicaciones.es\/wordpress\/","name":"UGT Comunicaciones","description":"Sindicato de Telecomunicaciones","publisher":{"@id":"https:\/\/www.ugtcomunicaciones.es\/wordpress\/#organization"},"potentialAction":[{"@type":"SearchAction","target":{"@type":"EntryPoint","urlTemplate":"https:\/\/www.ugtcomunicaciones.es\/wordpress\/?s={search_term_string}"},"query-input":{"@type":"PropertyValueSpecification","valueRequired":true,"valueName":"search_term_string"}}],"inLanguage":"es"},{"@type":"Organization","@id":"https:\/\/www.ugtcomunicaciones.es\/wordpress\/#organization","name":"UGT Comunicaciones","url":"https:\/\/www.ugtcomunicaciones.es\/wordpress\/","logo":{"@type":"ImageObject","inLanguage":"es","@id":"https:\/\/www.ugtcomunicaciones.es\/wordpress\/#\/schema\/logo\/image\/","url":"https:\/\/www.ugtcomunicaciones.es\/wordpress\/wp-content\/uploads\/2024\/04\/comunicaciones_logo.png","contentUrl":"https:\/\/www.ugtcomunicaciones.es\/wordpress\/wp-content\/uploads\/2024\/04\/comunicaciones_logo.png","width":298,"height":81,"caption":"UGT Comunicaciones"},"image":{"@id":"https:\/\/www.ugtcomunicaciones.es\/wordpress\/#\/schema\/logo\/image\/"},"sameAs":["https:\/\/www.facebook.com\/ugt.comunicaciones\/","https:\/\/x.com\/ugtcom"]},{"@type":"Person","@id":"https:\/\/www.ugtcomunicaciones.es\/wordpress\/#\/schema\/person\/eba0fc3fe5b444531d94d4368cba89ed","name":"UGT","image":{"@type":"ImageObject","inLanguage":"es","@id":"https:\/\/secure.gravatar.com\/avatar\/2a16057d620a4c646bcfc171c4f23030879ebbdd346f0525bd5d4a564e57e13d?s=96&d=mm&r=g","url":"https:\/\/secure.gravatar.com\/avatar\/2a16057d620a4c646bcfc171c4f23030879ebbdd346f0525bd5d4a564e57e13d?s=96&d=mm&r=g","contentUrl":"https:\/\/secure.gravatar.com\/avatar\/2a16057d620a4c646bcfc171c4f23030879ebbdd346f0525bd5d4a564e57e13d?s=96&d=mm&r=g","caption":"UGT"}}]}},"_links":{"self":[{"href":"https:\/\/www.ugtcomunicaciones.es\/wordpress\/wp-json\/wp\/v2\/posts\/370","targetHints":{"allow":["GET"]}}],"collection":[{"href":"https:\/\/www.ugtcomunicaciones.es\/wordpress\/wp-json\/wp\/v2\/posts"}],"about":[{"href":"https:\/\/www.ugtcomunicaciones.es\/wordpress\/wp-json\/wp\/v2\/types\/post"}],"author":[{"embeddable":true,"href":"https:\/\/www.ugtcomunicaciones.es\/wordpress\/wp-json\/wp\/v2\/users\/3"}],"replies":[{"embeddable":true,"href":"https:\/\/www.ugtcomunicaciones.es\/wordpress\/wp-json\/wp\/v2\/comments?post=370"}],"version-history":[{"count":0,"href":"https:\/\/www.ugtcomunicaciones.es\/wordpress\/wp-json\/wp\/v2\/posts\/370\/revisions"}],"wp:featuredmedia":[{"embeddable":true,"href":"https:\/\/www.ugtcomunicaciones.es\/wordpress\/wp-json\/wp\/v2\/media\/371"}],"wp:attachment":[{"href":"https:\/\/www.ugtcomunicaciones.es\/wordpress\/wp-json\/wp\/v2\/media?parent=370"}],"wp:term":[{"taxonomy":"category","embeddable":true,"href":"https:\/\/www.ugtcomunicaciones.es\/wordpress\/wp-json\/wp\/v2\/categories?post=370"},{"taxonomy":"post_tag","embeddable":true,"href":"https:\/\/www.ugtcomunicaciones.es\/wordpress\/wp-json\/wp\/v2\/tags?post=370"}],"curies":[{"name":"wp","href":"https:\/\/api.w.org\/{rel}","templated":true}]}}