{"id":382,"date":"2016-12-09T11:56:18","date_gmt":"2016-12-09T10:56:18","guid":{"rendered":"http:\/\/www.ugtcom.h2301842.stratoserver.net\/wordpress\/wordpress\/?p=382"},"modified":"2017-01-17T09:52:14","modified_gmt":"2017-01-17T08:52:14","slug":"comcast-multada-por-cobrar-servicios-no-solicitados","status":"publish","type":"post","link":"https:\/\/www.ugtcomunicaciones.es\/wordpress\/comcast-multada-por-cobrar-servicios-no-solicitados\/","title":{"rendered":"Comcast, multada por cobrar servicios no solicitados"},"content":{"rendered":"<p style=\"text-align: justify;\">La operadora Comcast, parte del conglomerado medi\u00e1tico m\u00e1s grande del mundo<a href=\"#_ftn1\" name=\"_ftnref1\">[1]<\/a>, ha recibido la multa m\u00e1s alta interpuesta en EEUU a un operadora de cable: 2,3 millones de d\u00f3lares.<\/p>\n<p style=\"text-align: justify;\">La sanci\u00f3n, aplicada por el regulador FCC<a href=\"#_ftn2\" name=\"_ftnref2\">[2]<\/a> \u2013an\u00e1logo a la CNMC espa\u00f1ola- ha sido como consecuencia de cobrar a sus clientes por servicios o equipos que no hab\u00edan sido solicitados. En concreto, la operadora aplicaba a sus 22 millones de clientes una pol\u00edtica <em>\u00abopci\u00f3n de facturaci\u00f3n negativa\u00bb<\/em>, basada en cobrar servicios adicionales sin haber pedido permiso de forma expl\u00edcita<a href=\"#_ftn3\" name=\"_ftnref3\">[3]<\/a>.<\/p>\n<p style=\"text-align: justify;\">Comcast decidi\u00f3 a\u00f1adir unilateralmente servicios de canales de pago o de grabaci\u00f3n de video, sin informar previamente a sus clientes. La operadora entend\u00eda que si un cliente no cancelaba este servicio no solicitado al poco tiempo del alta, pod\u00eda factur\u00e1rselo sin impedimento, incluso aunque nunca fuese informado de tal inclusi\u00f3n.<\/p>\n<p style=\"text-align: justify;\">Obviamente, el regulador ha reprochado a Comcast esta forma de proceder y multado a la misma por pr\u00e1cticas ilegales, adem\u00e1s de obligar a la operadora a desarrollar un <em>\u00abprograma detallado para la reparaci\u00f3n de cargos en disputa de una manera estandarizada y conveniente\u00bb<\/em>.<\/p>\n<p style=\"text-align: justify;\">Por su parte, Comcast reconoci\u00f3 en un comunicado que <em>\u00aben el pasado, nuestro servicio al cliente deber\u00eda haber sido mejor y nuestras facturas m\u00e1s claras, y los clientes en ocasiones han sido frustrados o confundidos de manera innecesaria<a href=\"#_ftn4\" name=\"_ftnref4\"><strong>[4]<\/strong><\/a>\u00ab<\/em>.<\/p>\n<p style=\"text-align: justify;\">La sanci\u00f3n pone fin a la investigaci\u00f3n abierta hace dos a\u00f1os por la FCC ante las quejas presentadas por m\u00e1s de 1.000 clientes de Comcast entre 2014 y 2015.<\/p>\n<p><a href=\"#_ftnref1\" name=\"_ftn1\">[1]<\/a> <a href=\"https:\/\/es.wikipedia.org\/wiki\/Comcast\">https:\/\/es.wikipedia.org\/wiki\/Comcast<\/a><\/p>\n<p><a href=\"#_ftnref2\" name=\"_ftn2\">[2]<\/a> <a href=\"https:\/\/www.fcc.gov\/document\/comcast-pay-23m-fine-resolve-billing-complaints\">https:\/\/www.fcc.gov\/document\/comcast-pay-23m-fine-resolve-billing-complaints<\/a><\/p>\n<p><a href=\"#_ftnref3\" name=\"_ftn3\">[3]<\/a> <a href=\"http:\/\/www.theverge.com\/2016\/10\/11\/13243020\/comcast-fined-for-billing-products-customers-didnt-order\">http:\/\/www.theverge.com\/2016\/10\/11\/13243020\/comcast-fined-for-billing-products-customers-didnt-order<\/a><\/p>\n<p><a href=\"#_ftnref4\" name=\"_ftn4\">[4]<\/a> <a href=\"http:\/\/corporate.comcast.com\/news-information\/news-feed\/comcast-statement-on-fcc-consent-decree\">http:\/\/corporate.comcast.com\/news-information\/news-feed\/comcast-statement-on-fcc-consent-decree<\/a><\/p>\n","protected":false},"excerpt":{"rendered":"<p>La operadora Comcast, parte del conglomerado medi\u00e1tico m\u00e1s grande del mundo[1], ha recibido la multa m\u00e1s alta interpuesta en EEUU a un operadora de cable: 2,3 millones de d\u00f3lares. La sanci\u00f3n, aplicada por el regulador FCC[2] \u2013an\u00e1logo a la CNMC espa\u00f1ola- ha sido como consecuencia de cobrar a sus clientes por servicios o equipos que [&hellip;]<\/p>\n","protected":false},"author":3,"featured_media":383,"comment_status":"open","ping_status":"closed","sticky":false,"template":"","format":"standard","meta":{"footnotes":""},"categories":[2,12],"tags":[],"class_list":["post-382","post","type-post","status-publish","format-standard","has-post-thumbnail","hentry","category-featured","category-regulacion"],"yoast_head":"<!-- This site is optimized with the Yoast SEO Premium plugin v27.3 (Yoast SEO v27.4) - https:\/\/yoast.com\/product\/yoast-seo-premium-wordpress\/ -->\n<title>Comcast, multada por cobrar servicios no solicitados - UGT Comunicaciones<\/title>\n<meta name=\"robots\" content=\"index, follow, max-snippet:-1, max-image-preview:large, max-video-preview:-1\" \/>\n<link rel=\"canonical\" href=\"https:\/\/www.ugtcomunicaciones.es\/wordpress\/comcast-multada-por-cobrar-servicios-no-solicitados\/\" \/>\n<meta property=\"og:locale\" content=\"es_ES\" \/>\n<meta property=\"og:type\" content=\"article\" \/>\n<meta property=\"og:title\" content=\"Comcast, multada por cobrar servicios no solicitados\" \/>\n<meta property=\"og:description\" content=\"La operadora Comcast, parte del conglomerado medi\u00e1tico m\u00e1s grande del mundo[1], ha recibido la multa m\u00e1s alta interpuesta en EEUU a un operadora de cable: 2,3 millones de d\u00f3lares. La sanci\u00f3n, aplicada por el regulador FCC[2] \u2013an\u00e1logo a la CNMC espa\u00f1ola- ha sido como consecuencia de cobrar a sus clientes por servicios o equipos que [&hellip;]\" \/>\n<meta property=\"og:url\" content=\"https:\/\/www.ugtcomunicaciones.es\/wordpress\/comcast-multada-por-cobrar-servicios-no-solicitados\/\" \/>\n<meta property=\"og:site_name\" content=\"UGT Comunicaciones\" \/>\n<meta property=\"article:publisher\" content=\"https:\/\/www.facebook.com\/ugt.comunicaciones\/\" \/>\n<meta property=\"article:published_time\" content=\"2016-12-09T10:56:18+00:00\" \/>\n<meta property=\"article:modified_time\" content=\"2017-01-17T08:52:14+00:00\" \/>\n<meta property=\"og:image\" content=\"https:\/\/www.ugtcomunicaciones.es\/wordpress\/wp-content\/uploads\/2016\/12\/Comcast-Logo.png\" \/>\n\t<meta property=\"og:image:width\" content=\"1413\" \/>\n\t<meta property=\"og:image:height\" content=\"794\" \/>\n\t<meta property=\"og:image:type\" content=\"image\/png\" \/>\n<meta name=\"author\" content=\"UGT\" \/>\n<meta name=\"twitter:card\" content=\"summary_large_image\" \/>\n<meta name=\"twitter:creator\" content=\"@ugtcom\" \/>\n<meta name=\"twitter:site\" content=\"@ugtcom\" \/>\n<meta name=\"twitter:label1\" content=\"Escrito por\" \/>\n\t<meta name=\"twitter:data1\" content=\"UGT\" \/>\n\t<meta name=\"twitter:label2\" content=\"Tiempo de lectura\" \/>\n\t<meta name=\"twitter:data2\" content=\"1 minuto\" \/>\n<script type=\"application\/ld+json\" class=\"yoast-schema-graph\">{\"@context\":\"https:\\\/\\\/schema.org\",\"@graph\":[{\"@type\":\"Article\",\"@id\":\"https:\\\/\\\/www.ugtcomunicaciones.es\\\/wordpress\\\/comcast-multada-por-cobrar-servicios-no-solicitados\\\/#article\",\"isPartOf\":{\"@id\":\"https:\\\/\\\/www.ugtcomunicaciones.es\\\/wordpress\\\/comcast-multada-por-cobrar-servicios-no-solicitados\\\/\"},\"author\":{\"name\":\"UGT\",\"@id\":\"https:\\\/\\\/www.ugtcomunicaciones.es\\\/wordpress\\\/#\\\/schema\\\/person\\\/eba0fc3fe5b444531d94d4368cba89ed\"},\"headline\":\"Comcast, multada por cobrar servicios no solicitados\",\"datePublished\":\"2016-12-09T10:56:18+00:00\",\"dateModified\":\"2017-01-17T08:52:14+00:00\",\"mainEntityOfPage\":{\"@id\":\"https:\\\/\\\/www.ugtcomunicaciones.es\\\/wordpress\\\/comcast-multada-por-cobrar-servicios-no-solicitados\\\/\"},\"wordCount\":302,\"commentCount\":0,\"publisher\":{\"@id\":\"https:\\\/\\\/www.ugtcomunicaciones.es\\\/wordpress\\\/#organization\"},\"image\":{\"@id\":\"https:\\\/\\\/www.ugtcomunicaciones.es\\\/wordpress\\\/comcast-multada-por-cobrar-servicios-no-solicitados\\\/#primaryimage\"},\"thumbnailUrl\":\"https:\\\/\\\/www.ugtcomunicaciones.es\\\/wordpress\\\/wp-content\\\/uploads\\\/2016\\\/12\\\/Comcast-Logo.png\",\"articleSection\":[\"Featured\",\"Regulaci\u00f3n\"],\"inLanguage\":\"es\",\"potentialAction\":[{\"@type\":\"CommentAction\",\"name\":\"Comment\",\"target\":[\"https:\\\/\\\/www.ugtcomunicaciones.es\\\/wordpress\\\/comcast-multada-por-cobrar-servicios-no-solicitados\\\/#respond\"]}]},{\"@type\":\"WebPage\",\"@id\":\"https:\\\/\\\/www.ugtcomunicaciones.es\\\/wordpress\\\/comcast-multada-por-cobrar-servicios-no-solicitados\\\/\",\"url\":\"https:\\\/\\\/www.ugtcomunicaciones.es\\\/wordpress\\\/comcast-multada-por-cobrar-servicios-no-solicitados\\\/\",\"name\":\"Comcast, multada por cobrar servicios no solicitados - UGT Comunicaciones\",\"isPartOf\":{\"@id\":\"https:\\\/\\\/www.ugtcomunicaciones.es\\\/wordpress\\\/#website\"},\"primaryImageOfPage\":{\"@id\":\"https:\\\/\\\/www.ugtcomunicaciones.es\\\/wordpress\\\/comcast-multada-por-cobrar-servicios-no-solicitados\\\/#primaryimage\"},\"image\":{\"@id\":\"https:\\\/\\\/www.ugtcomunicaciones.es\\\/wordpress\\\/comcast-multada-por-cobrar-servicios-no-solicitados\\\/#primaryimage\"},\"thumbnailUrl\":\"https:\\\/\\\/www.ugtcomunicaciones.es\\\/wordpress\\\/wp-content\\\/uploads\\\/2016\\\/12\\\/Comcast-Logo.png\",\"datePublished\":\"2016-12-09T10:56:18+00:00\",\"dateModified\":\"2017-01-17T08:52:14+00:00\",\"breadcrumb\":{\"@id\":\"https:\\\/\\\/www.ugtcomunicaciones.es\\\/wordpress\\\/comcast-multada-por-cobrar-servicios-no-solicitados\\\/#breadcrumb\"},\"inLanguage\":\"es\",\"potentialAction\":[{\"@type\":\"ReadAction\",\"target\":[\"https:\\\/\\\/www.ugtcomunicaciones.es\\\/wordpress\\\/comcast-multada-por-cobrar-servicios-no-solicitados\\\/\"]}]},{\"@type\":\"ImageObject\",\"inLanguage\":\"es\",\"@id\":\"https:\\\/\\\/www.ugtcomunicaciones.es\\\/wordpress\\\/comcast-multada-por-cobrar-servicios-no-solicitados\\\/#primaryimage\",\"url\":\"https:\\\/\\\/www.ugtcomunicaciones.es\\\/wordpress\\\/wp-content\\\/uploads\\\/2016\\\/12\\\/Comcast-Logo.png\",\"contentUrl\":\"https:\\\/\\\/www.ugtcomunicaciones.es\\\/wordpress\\\/wp-content\\\/uploads\\\/2016\\\/12\\\/Comcast-Logo.png\",\"width\":1413,\"height\":794},{\"@type\":\"BreadcrumbList\",\"@id\":\"https:\\\/\\\/www.ugtcomunicaciones.es\\\/wordpress\\\/comcast-multada-por-cobrar-servicios-no-solicitados\\\/#breadcrumb\",\"itemListElement\":[{\"@type\":\"ListItem\",\"position\":1,\"name\":\"Portada\",\"item\":\"https:\\\/\\\/www.ugtcomunicaciones.es\\\/wordpress\\\/\"},{\"@type\":\"ListItem\",\"position\":2,\"name\":\"Comcast, multada por cobrar servicios no solicitados\"}]},{\"@type\":\"WebSite\",\"@id\":\"https:\\\/\\\/www.ugtcomunicaciones.es\\\/wordpress\\\/#website\",\"url\":\"https:\\\/\\\/www.ugtcomunicaciones.es\\\/wordpress\\\/\",\"name\":\"UGT Comunicaciones\",\"description\":\"Sindicato de Telecomunicaciones\",\"publisher\":{\"@id\":\"https:\\\/\\\/www.ugtcomunicaciones.es\\\/wordpress\\\/#organization\"},\"potentialAction\":[{\"@type\":\"SearchAction\",\"target\":{\"@type\":\"EntryPoint\",\"urlTemplate\":\"https:\\\/\\\/www.ugtcomunicaciones.es\\\/wordpress\\\/?s={search_term_string}\"},\"query-input\":{\"@type\":\"PropertyValueSpecification\",\"valueRequired\":true,\"valueName\":\"search_term_string\"}}],\"inLanguage\":\"es\"},{\"@type\":\"Organization\",\"@id\":\"https:\\\/\\\/www.ugtcomunicaciones.es\\\/wordpress\\\/#organization\",\"name\":\"UGT Comunicaciones\",\"url\":\"https:\\\/\\\/www.ugtcomunicaciones.es\\\/wordpress\\\/\",\"logo\":{\"@type\":\"ImageObject\",\"inLanguage\":\"es\",\"@id\":\"https:\\\/\\\/www.ugtcomunicaciones.es\\\/wordpress\\\/#\\\/schema\\\/logo\\\/image\\\/\",\"url\":\"https:\\\/\\\/www.ugtcomunicaciones.es\\\/wordpress\\\/wp-content\\\/uploads\\\/2024\\\/04\\\/comunicaciones_logo.png\",\"contentUrl\":\"https:\\\/\\\/www.ugtcomunicaciones.es\\\/wordpress\\\/wp-content\\\/uploads\\\/2024\\\/04\\\/comunicaciones_logo.png\",\"width\":298,\"height\":81,\"caption\":\"UGT Comunicaciones\"},\"image\":{\"@id\":\"https:\\\/\\\/www.ugtcomunicaciones.es\\\/wordpress\\\/#\\\/schema\\\/logo\\\/image\\\/\"},\"sameAs\":[\"https:\\\/\\\/www.facebook.com\\\/ugt.comunicaciones\\\/\",\"https:\\\/\\\/x.com\\\/ugtcom\"]},{\"@type\":\"Person\",\"@id\":\"https:\\\/\\\/www.ugtcomunicaciones.es\\\/wordpress\\\/#\\\/schema\\\/person\\\/eba0fc3fe5b444531d94d4368cba89ed\",\"name\":\"UGT\",\"image\":{\"@type\":\"ImageObject\",\"inLanguage\":\"es\",\"@id\":\"https:\\\/\\\/secure.gravatar.com\\\/avatar\\\/2a16057d620a4c646bcfc171c4f23030879ebbdd346f0525bd5d4a564e57e13d?s=96&d=mm&r=g\",\"url\":\"https:\\\/\\\/secure.gravatar.com\\\/avatar\\\/2a16057d620a4c646bcfc171c4f23030879ebbdd346f0525bd5d4a564e57e13d?s=96&d=mm&r=g\",\"contentUrl\":\"https:\\\/\\\/secure.gravatar.com\\\/avatar\\\/2a16057d620a4c646bcfc171c4f23030879ebbdd346f0525bd5d4a564e57e13d?s=96&d=mm&r=g\",\"caption\":\"UGT\"}}]}<\/script>\n<!-- \/ Yoast SEO Premium plugin. -->","yoast_head_json":{"title":"Comcast, multada por cobrar servicios no solicitados - UGT Comunicaciones","robots":{"index":"index","follow":"follow","max-snippet":"max-snippet:-1","max-image-preview":"max-image-preview:large","max-video-preview":"max-video-preview:-1"},"canonical":"https:\/\/www.ugtcomunicaciones.es\/wordpress\/comcast-multada-por-cobrar-servicios-no-solicitados\/","og_locale":"es_ES","og_type":"article","og_title":"Comcast, multada por cobrar servicios no solicitados","og_description":"La operadora Comcast, parte del conglomerado medi\u00e1tico m\u00e1s grande del mundo[1], ha recibido la multa m\u00e1s alta interpuesta en EEUU a un operadora de cable: 2,3 millones de d\u00f3lares. La sanci\u00f3n, aplicada por el regulador FCC[2] \u2013an\u00e1logo a la CNMC espa\u00f1ola- ha sido como consecuencia de cobrar a sus clientes por servicios o equipos que [&hellip;]","og_url":"https:\/\/www.ugtcomunicaciones.es\/wordpress\/comcast-multada-por-cobrar-servicios-no-solicitados\/","og_site_name":"UGT Comunicaciones","article_publisher":"https:\/\/www.facebook.com\/ugt.comunicaciones\/","article_published_time":"2016-12-09T10:56:18+00:00","article_modified_time":"2017-01-17T08:52:14+00:00","og_image":[{"width":1413,"height":794,"url":"https:\/\/www.ugtcomunicaciones.es\/wordpress\/wp-content\/uploads\/2016\/12\/Comcast-Logo.png","type":"image\/png"}],"author":"UGT","twitter_card":"summary_large_image","twitter_creator":"@ugtcom","twitter_site":"@ugtcom","twitter_misc":{"Escrito por":"UGT","Tiempo de lectura":"1 minuto"},"schema":{"@context":"https:\/\/schema.org","@graph":[{"@type":"Article","@id":"https:\/\/www.ugtcomunicaciones.es\/wordpress\/comcast-multada-por-cobrar-servicios-no-solicitados\/#article","isPartOf":{"@id":"https:\/\/www.ugtcomunicaciones.es\/wordpress\/comcast-multada-por-cobrar-servicios-no-solicitados\/"},"author":{"name":"UGT","@id":"https:\/\/www.ugtcomunicaciones.es\/wordpress\/#\/schema\/person\/eba0fc3fe5b444531d94d4368cba89ed"},"headline":"Comcast, multada por cobrar servicios no solicitados","datePublished":"2016-12-09T10:56:18+00:00","dateModified":"2017-01-17T08:52:14+00:00","mainEntityOfPage":{"@id":"https:\/\/www.ugtcomunicaciones.es\/wordpress\/comcast-multada-por-cobrar-servicios-no-solicitados\/"},"wordCount":302,"commentCount":0,"publisher":{"@id":"https:\/\/www.ugtcomunicaciones.es\/wordpress\/#organization"},"image":{"@id":"https:\/\/www.ugtcomunicaciones.es\/wordpress\/comcast-multada-por-cobrar-servicios-no-solicitados\/#primaryimage"},"thumbnailUrl":"https:\/\/www.ugtcomunicaciones.es\/wordpress\/wp-content\/uploads\/2016\/12\/Comcast-Logo.png","articleSection":["Featured","Regulaci\u00f3n"],"inLanguage":"es","potentialAction":[{"@type":"CommentAction","name":"Comment","target":["https:\/\/www.ugtcomunicaciones.es\/wordpress\/comcast-multada-por-cobrar-servicios-no-solicitados\/#respond"]}]},{"@type":"WebPage","@id":"https:\/\/www.ugtcomunicaciones.es\/wordpress\/comcast-multada-por-cobrar-servicios-no-solicitados\/","url":"https:\/\/www.ugtcomunicaciones.es\/wordpress\/comcast-multada-por-cobrar-servicios-no-solicitados\/","name":"Comcast, multada por cobrar servicios no solicitados - UGT Comunicaciones","isPartOf":{"@id":"https:\/\/www.ugtcomunicaciones.es\/wordpress\/#website"},"primaryImageOfPage":{"@id":"https:\/\/www.ugtcomunicaciones.es\/wordpress\/comcast-multada-por-cobrar-servicios-no-solicitados\/#primaryimage"},"image":{"@id":"https:\/\/www.ugtcomunicaciones.es\/wordpress\/comcast-multada-por-cobrar-servicios-no-solicitados\/#primaryimage"},"thumbnailUrl":"https:\/\/www.ugtcomunicaciones.es\/wordpress\/wp-content\/uploads\/2016\/12\/Comcast-Logo.png","datePublished":"2016-12-09T10:56:18+00:00","dateModified":"2017-01-17T08:52:14+00:00","breadcrumb":{"@id":"https:\/\/www.ugtcomunicaciones.es\/wordpress\/comcast-multada-por-cobrar-servicios-no-solicitados\/#breadcrumb"},"inLanguage":"es","potentialAction":[{"@type":"ReadAction","target":["https:\/\/www.ugtcomunicaciones.es\/wordpress\/comcast-multada-por-cobrar-servicios-no-solicitados\/"]}]},{"@type":"ImageObject","inLanguage":"es","@id":"https:\/\/www.ugtcomunicaciones.es\/wordpress\/comcast-multada-por-cobrar-servicios-no-solicitados\/#primaryimage","url":"https:\/\/www.ugtcomunicaciones.es\/wordpress\/wp-content\/uploads\/2016\/12\/Comcast-Logo.png","contentUrl":"https:\/\/www.ugtcomunicaciones.es\/wordpress\/wp-content\/uploads\/2016\/12\/Comcast-Logo.png","width":1413,"height":794},{"@type":"BreadcrumbList","@id":"https:\/\/www.ugtcomunicaciones.es\/wordpress\/comcast-multada-por-cobrar-servicios-no-solicitados\/#breadcrumb","itemListElement":[{"@type":"ListItem","position":1,"name":"Portada","item":"https:\/\/www.ugtcomunicaciones.es\/wordpress\/"},{"@type":"ListItem","position":2,"name":"Comcast, multada por cobrar servicios no solicitados"}]},{"@type":"WebSite","@id":"https:\/\/www.ugtcomunicaciones.es\/wordpress\/#website","url":"https:\/\/www.ugtcomunicaciones.es\/wordpress\/","name":"UGT Comunicaciones","description":"Sindicato de Telecomunicaciones","publisher":{"@id":"https:\/\/www.ugtcomunicaciones.es\/wordpress\/#organization"},"potentialAction":[{"@type":"SearchAction","target":{"@type":"EntryPoint","urlTemplate":"https:\/\/www.ugtcomunicaciones.es\/wordpress\/?s={search_term_string}"},"query-input":{"@type":"PropertyValueSpecification","valueRequired":true,"valueName":"search_term_string"}}],"inLanguage":"es"},{"@type":"Organization","@id":"https:\/\/www.ugtcomunicaciones.es\/wordpress\/#organization","name":"UGT Comunicaciones","url":"https:\/\/www.ugtcomunicaciones.es\/wordpress\/","logo":{"@type":"ImageObject","inLanguage":"es","@id":"https:\/\/www.ugtcomunicaciones.es\/wordpress\/#\/schema\/logo\/image\/","url":"https:\/\/www.ugtcomunicaciones.es\/wordpress\/wp-content\/uploads\/2024\/04\/comunicaciones_logo.png","contentUrl":"https:\/\/www.ugtcomunicaciones.es\/wordpress\/wp-content\/uploads\/2024\/04\/comunicaciones_logo.png","width":298,"height":81,"caption":"UGT Comunicaciones"},"image":{"@id":"https:\/\/www.ugtcomunicaciones.es\/wordpress\/#\/schema\/logo\/image\/"},"sameAs":["https:\/\/www.facebook.com\/ugt.comunicaciones\/","https:\/\/x.com\/ugtcom"]},{"@type":"Person","@id":"https:\/\/www.ugtcomunicaciones.es\/wordpress\/#\/schema\/person\/eba0fc3fe5b444531d94d4368cba89ed","name":"UGT","image":{"@type":"ImageObject","inLanguage":"es","@id":"https:\/\/secure.gravatar.com\/avatar\/2a16057d620a4c646bcfc171c4f23030879ebbdd346f0525bd5d4a564e57e13d?s=96&d=mm&r=g","url":"https:\/\/secure.gravatar.com\/avatar\/2a16057d620a4c646bcfc171c4f23030879ebbdd346f0525bd5d4a564e57e13d?s=96&d=mm&r=g","contentUrl":"https:\/\/secure.gravatar.com\/avatar\/2a16057d620a4c646bcfc171c4f23030879ebbdd346f0525bd5d4a564e57e13d?s=96&d=mm&r=g","caption":"UGT"}}]}},"_links":{"self":[{"href":"https:\/\/www.ugtcomunicaciones.es\/wordpress\/wp-json\/wp\/v2\/posts\/382","targetHints":{"allow":["GET"]}}],"collection":[{"href":"https:\/\/www.ugtcomunicaciones.es\/wordpress\/wp-json\/wp\/v2\/posts"}],"about":[{"href":"https:\/\/www.ugtcomunicaciones.es\/wordpress\/wp-json\/wp\/v2\/types\/post"}],"author":[{"embeddable":true,"href":"https:\/\/www.ugtcomunicaciones.es\/wordpress\/wp-json\/wp\/v2\/users\/3"}],"replies":[{"embeddable":true,"href":"https:\/\/www.ugtcomunicaciones.es\/wordpress\/wp-json\/wp\/v2\/comments?post=382"}],"version-history":[{"count":0,"href":"https:\/\/www.ugtcomunicaciones.es\/wordpress\/wp-json\/wp\/v2\/posts\/382\/revisions"}],"wp:featuredmedia":[{"embeddable":true,"href":"https:\/\/www.ugtcomunicaciones.es\/wordpress\/wp-json\/wp\/v2\/media\/383"}],"wp:attachment":[{"href":"https:\/\/www.ugtcomunicaciones.es\/wordpress\/wp-json\/wp\/v2\/media?parent=382"}],"wp:term":[{"taxonomy":"category","embeddable":true,"href":"https:\/\/www.ugtcomunicaciones.es\/wordpress\/wp-json\/wp\/v2\/categories?post=382"},{"taxonomy":"post_tag","embeddable":true,"href":"https:\/\/www.ugtcomunicaciones.es\/wordpress\/wp-json\/wp\/v2\/tags?post=382"}],"curies":[{"name":"wp","href":"https:\/\/api.w.org\/{rel}","templated":true}]}}