{"id":387518,"date":"2019-07-29T07:00:02","date_gmt":"2019-07-29T05:00:02","guid":{"rendered":"http:\/\/ugtcomunicaciones.es\/wordpress\/?p=387518"},"modified":"2019-07-23T16:17:39","modified_gmt":"2019-07-23T14:17:39","slug":"mercado-telecos-mayo-2019-vodafone-no-remonta-y-movistar-pierde-el-40-de-couta-en-baf","status":"publish","type":"post","link":"https:\/\/www.ugtcomunicaciones.es\/wordpress\/mercado-telecos-mayo-2019-vodafone-no-remonta-y-movistar-pierde-el-40-de-couta-en-baf\/","title":{"rendered":"Mercado telecos mayo 2019: Vodafone no remonta y Movistar pierde el 40% de couta en BAF"},"content":{"rendered":"<p style=\"text-align: justify;\">Nuevamente, el regulador nos brinda unas estad\u00edsticas faltas de continuidad, salt\u00e1ndose dos meses en su publicaci\u00f3n (marzo y abril). En consecuencia, pasaremos de febrero a mayo en este an\u00e1lisis veraniego.<\/p>\n<p style=\"text-align: justify;\">Los principales titulares del mes podr\u00edan ser los mismos que en el \u00faltimo a\u00f1o: M\u00e1sM\u00f3vil absorbe todas las altas, la fibra y la banda ancha m\u00f3vil son las reinas del mercado y el crecimiento de las l\u00edneas de negocio contin\u00faan firmes a raz\u00f3n de un +3% interanual. Sin embargo, en este mes de mayo de 2019 destacan dos cuestiones a\u00f1adidas: c\u00f3mo Vodafone no es capaz de recuperar su sangr\u00eda de clientes y c\u00f3mo Movistar ha perdido la psicol\u00f3gica cifra del 40% de cuota en el mercado de banda ancha fija.<\/p>\n<p><img decoding=\"async\" class=\"size-full wp-image-387519 aligncenter lazyload\" data-src=\"http:\/\/ugtcomunicaciones.es\/wordpress\/wp-content\/uploads\/2019\/07\/mercado-01-29-07-19.png\" alt=\"mercado-01-29-07-19\" width=\"600\" height=\"206\" data-srcset=\"https:\/\/www.ugtcomunicaciones.es\/wordpress\/wp-content\/uploads\/2019\/07\/mercado-01-29-07-19.png 600w, https:\/\/www.ugtcomunicaciones.es\/wordpress\/wp-content\/uploads\/2019\/07\/mercado-01-29-07-19-300x103.png 300w\" data-sizes=\"(max-width: 600px) 100vw, 600px\" src=\"data:image\/svg+xml;base64,PHN2ZyB3aWR0aD0iMSIgaGVpZ2h0PSIxIiB4bWxucz0iaHR0cDovL3d3dy53My5vcmcvMjAwMC9zdmciPjwvc3ZnPg==\" style=\"--smush-placeholder-width: 600px; --smush-placeholder-aspect-ratio: 600\/206;\" \/><\/p>\n<p style=\"text-align: justify;\"><strong>Mercado de banda ancha fija<\/strong><\/p>\n<ol style=\"text-align: justify;\">\n<li><strong> Comportamiento mensual BAF<\/strong><\/li>\n<\/ol>\n<p style=\"text-align: justify;\">M\u00e1s que la capacidad de los amarillos (M\u00e1sM\u00f3vil) por ganar l\u00edneas, llama poderosamente la atenci\u00f3n la facilidad con las que las pierde Vodafone, que con -21.600 l\u00edneas menos se pega un sonoro batacazo. Entre los extremos navegan el resto, todos muy discretos, con los OMV que, como suele ocurrir, la cercan\u00eda del verano les suele sentar bien en t\u00e9rminos de portabilidades:<\/p>\n<p style=\"text-align: justify;\"><img decoding=\"async\" class=\"size-full wp-image-387520 aligncenter lazyload\" data-src=\"http:\/\/ugtcomunicaciones.es\/wordpress\/wp-content\/uploads\/2019\/07\/mercado-02-29-07-19.png\" alt=\"mercado-02-29-07-19\" width=\"524\" height=\"334\" data-srcset=\"https:\/\/www.ugtcomunicaciones.es\/wordpress\/wp-content\/uploads\/2019\/07\/mercado-02-29-07-19.png 524w, https:\/\/www.ugtcomunicaciones.es\/wordpress\/wp-content\/uploads\/2019\/07\/mercado-02-29-07-19-300x191.png 300w\" data-sizes=\"(max-width: 524px) 100vw, 524px\" src=\"data:image\/svg+xml;base64,PHN2ZyB3aWR0aD0iMSIgaGVpZ2h0PSIxIiB4bWxucz0iaHR0cDovL3d3dy53My5vcmcvMjAwMC9zdmciPjwvc3ZnPg==\" style=\"--smush-placeholder-width: 524px; --smush-placeholder-aspect-ratio: 524\/334;\" \/><\/p>\n<p style=\"text-align: justify;\">La consecuencia de este comportamiento es una repetici\u00f3n de la tendencia del M\u00e1sM\u00f3vil (siempre por encima del +3% intermensual) y las dificultades de Vodafone para mantenerse:<\/p>\n<p style=\"text-align: justify;\"><img decoding=\"async\" class=\"size-full wp-image-387521 aligncenter lazyload\" data-src=\"http:\/\/ugtcomunicaciones.es\/wordpress\/wp-content\/uploads\/2019\/07\/mercado-03-29-07-19.png\" alt=\"mercado-03-29-07-19\" width=\"600\" height=\"385\" data-srcset=\"https:\/\/www.ugtcomunicaciones.es\/wordpress\/wp-content\/uploads\/2019\/07\/mercado-03-29-07-19.png 600w, https:\/\/www.ugtcomunicaciones.es\/wordpress\/wp-content\/uploads\/2019\/07\/mercado-03-29-07-19-300x194.png 300w, https:\/\/www.ugtcomunicaciones.es\/wordpress\/wp-content\/uploads\/2019\/07\/mercado-03-29-07-19-341x220.png 341w\" data-sizes=\"(max-width: 600px) 100vw, 600px\" src=\"data:image\/svg+xml;base64,PHN2ZyB3aWR0aD0iMSIgaGVpZ2h0PSIxIiB4bWxucz0iaHR0cDovL3d3dy53My5vcmcvMjAwMC9zdmciPjwvc3ZnPg==\" style=\"--smush-placeholder-width: 600px; --smush-placeholder-aspect-ratio: 600\/385;\" \/><\/p>\n<p style=\"text-align: justify;\">\n<p style=\"text-align: justify;\">Con estas variaciones, las cuotas de mercado presentan significativas novedades: Movistar pierde el 40% por los pelos, pero lo pierde. Vodafone acumula un 4% de descenso interanual, lo que le lleva ya a perder 5,2 pp con Orange en cuota. M\u00e1sM\u00f3vil se acerca al 8%, con un incremento interanual acumulado del 63%, aunque no sea oro todo lo que reluce<sup class=\"modern-footnotes-footnote \" data-mfn=\"1\" data-mfn-post-scope=\"000000000000413c0000000000000000_387518\"><a href=\"javascript:void(0)\"  role=\"button\" aria-pressed=\"false\" aria-describedby=\"mfn-content-000000000000413c0000000000000000_387518-1\">1<\/a><\/sup><span id=\"mfn-content-000000000000413c0000000000000000_387518-1\" role=\"tooltip\" class=\"modern-footnotes-footnote__note\" tabindex=\"0\" data-mfn=\"1\"><a href=\"https:\/\/www.lainformacion.com\/empresas\/golpe-masmovil-portabilidad-perdida-clientes-batalla-low-cost-vodafone\/6507092\/\" target=\"_blank\" rel=\"noopener noreferrer\">https:\/\/www.lainformacion.com\/empresas\/golpe-masmovil-portabilidad-perdida-clientes-batalla-low-cost-vodafone\/6507092\/<\/a><\/span>:<\/p>\n<p><img decoding=\"async\" class=\"size-full wp-image-387522 aligncenter lazyload\" data-src=\"http:\/\/ugtcomunicaciones.es\/wordpress\/wp-content\/uploads\/2019\/07\/mercado-04-29-07-19.png\" alt=\"mercado-04-29-07-19\" width=\"477\" height=\"330\" data-srcset=\"https:\/\/www.ugtcomunicaciones.es\/wordpress\/wp-content\/uploads\/2019\/07\/mercado-04-29-07-19.png 477w, https:\/\/www.ugtcomunicaciones.es\/wordpress\/wp-content\/uploads\/2019\/07\/mercado-04-29-07-19-300x208.png 300w\" data-sizes=\"(max-width: 477px) 100vw, 477px\" src=\"data:image\/svg+xml;base64,PHN2ZyB3aWR0aD0iMSIgaGVpZ2h0PSIxIiB4bWxucz0iaHR0cDovL3d3dy53My5vcmcvMjAwMC9zdmciPjwvc3ZnPg==\" style=\"--smush-placeholder-width: 477px; --smush-placeholder-aspect-ratio: 477\/330;\" \/><\/p>\n<ol style=\"text-align: justify;\" start=\"2\">\n<li><strong> Comportamiento anual BAF<\/strong><\/li>\n<\/ol>\n<p style=\"text-align: justify;\">Sintom\u00e1tico es que s\u00f3lo Vodafone presenta n\u00fameros rojos, lo que alimenta a M\u00e1sM\u00f3vil y a las OMV, que tambi\u00e9n crecen exponencialmente:<\/p>\n<p><img decoding=\"async\" class=\"size-full wp-image-387523 aligncenter lazyload\" data-src=\"http:\/\/ugtcomunicaciones.es\/wordpress\/wp-content\/uploads\/2019\/07\/mercado-05-29-07-19.png\" alt=\"mercado-05-29-07-19\" width=\"600\" height=\"275\" data-srcset=\"https:\/\/www.ugtcomunicaciones.es\/wordpress\/wp-content\/uploads\/2019\/07\/mercado-05-29-07-19.png 600w, https:\/\/www.ugtcomunicaciones.es\/wordpress\/wp-content\/uploads\/2019\/07\/mercado-05-29-07-19-300x138.png 300w\" data-sizes=\"(max-width: 600px) 100vw, 600px\" src=\"data:image\/svg+xml;base64,PHN2ZyB3aWR0aD0iMSIgaGVpZ2h0PSIxIiB4bWxucz0iaHR0cDovL3d3dy53My5vcmcvMjAwMC9zdmciPjwvc3ZnPg==\" style=\"--smush-placeholder-width: 600px; --smush-placeholder-aspect-ratio: 600\/275;\" \/><\/p>\n<ol style=\"text-align: justify;\" start=\"3\">\n<li><strong> Tecnolog\u00edas<\/strong><\/li>\n<\/ol>\n<p style=\"text-align: justify;\">Es tal el poder\u00edo de la fibra que no s\u00f3lo es la \u00fanica tecnolog\u00eda que crece, sino que adem\u00e1s absorbe las p\u00e9rdidas del resto y suma casi todas las altas puras. No hay duda, todo es fibra ya:<\/p>\n<p style=\"text-align: justify;\"><strong> <img decoding=\"async\" class=\"size-full wp-image-387524 aligncenter lazyload\" data-src=\"http:\/\/ugtcomunicaciones.es\/wordpress\/wp-content\/uploads\/2019\/07\/mercado-06-29-07-19.png\" alt=\"mercado-06-29-07-19\" width=\"515\" height=\"346\" data-srcset=\"https:\/\/www.ugtcomunicaciones.es\/wordpress\/wp-content\/uploads\/2019\/07\/mercado-06-29-07-19.png 515w, https:\/\/www.ugtcomunicaciones.es\/wordpress\/wp-content\/uploads\/2019\/07\/mercado-06-29-07-19-300x202.png 300w\" data-sizes=\"(max-width: 515px) 100vw, 515px\" src=\"data:image\/svg+xml;base64,PHN2ZyB3aWR0aD0iMSIgaGVpZ2h0PSIxIiB4bWxucz0iaHR0cDovL3d3dy53My5vcmcvMjAwMC9zdmciPjwvc3ZnPg==\" style=\"--smush-placeholder-width: 515px; --smush-placeholder-aspect-ratio: 515\/346;\" \/><\/strong><\/p>\n<p style=\"text-align: justify;\">Ahondando en este asunto, los alternativos ya pueden considerarse la mayoritarios en t\u00e9rminos acumulados, ya que han alcanzado el 56% de cuota:<\/p>\n<p><img decoding=\"async\" class=\"size-full wp-image-387525 aligncenter lazyload\" data-src=\"http:\/\/ugtcomunicaciones.es\/wordpress\/wp-content\/uploads\/2019\/07\/mercado-07-29-07-19.png\" alt=\"mercado-07-29-07-19\" width=\"600\" height=\"330\" data-srcset=\"https:\/\/www.ugtcomunicaciones.es\/wordpress\/wp-content\/uploads\/2019\/07\/mercado-07-29-07-19.png 600w, https:\/\/www.ugtcomunicaciones.es\/wordpress\/wp-content\/uploads\/2019\/07\/mercado-07-29-07-19-300x165.png 300w\" data-sizes=\"(max-width: 600px) 100vw, 600px\" src=\"data:image\/svg+xml;base64,PHN2ZyB3aWR0aD0iMSIgaGVpZ2h0PSIxIiB4bWxucz0iaHR0cDovL3d3dy53My5vcmcvMjAwMC9zdmciPjwvc3ZnPg==\" style=\"--smush-placeholder-width: 600px; --smush-placeholder-aspect-ratio: 600\/330;\" \/><\/p>\n<ol style=\"text-align: justify;\" start=\"4\">\n<li><strong> BAF mayorista<\/strong><\/li>\n<\/ol>\n<p style=\"text-align: justify;\">La pujanza del NEBA local est\u00e1 pr\u00f3xima a desbancar al NEBA fibra, hecho que podr\u00eda producirse en el mes de junio. El NEBA cobre prosigue su descenso continuado:<\/p>\n<p style=\"text-align: justify;\"><strong> <img decoding=\"async\" class=\"size-full wp-image-387526 aligncenter lazyload\" data-src=\"http:\/\/ugtcomunicaciones.es\/wordpress\/wp-content\/uploads\/2019\/07\/mercado-08-29-07-19.png\" alt=\"mercado-08-29-07-19\" width=\"600\" height=\"454\" data-srcset=\"https:\/\/www.ugtcomunicaciones.es\/wordpress\/wp-content\/uploads\/2019\/07\/mercado-08-29-07-19.png 600w, https:\/\/www.ugtcomunicaciones.es\/wordpress\/wp-content\/uploads\/2019\/07\/mercado-08-29-07-19-300x227.png 300w, https:\/\/www.ugtcomunicaciones.es\/wordpress\/wp-content\/uploads\/2019\/07\/mercado-08-29-07-19-555x420.png 555w, https:\/\/www.ugtcomunicaciones.es\/wordpress\/wp-content\/uploads\/2019\/07\/mercado-08-29-07-19-80x60.png 80w, https:\/\/www.ugtcomunicaciones.es\/wordpress\/wp-content\/uploads\/2019\/07\/mercado-08-29-07-19-100x75.png 100w, https:\/\/www.ugtcomunicaciones.es\/wordpress\/wp-content\/uploads\/2019\/07\/mercado-08-29-07-19-180x135.png 180w\" data-sizes=\"(max-width: 600px) 100vw, 600px\" src=\"data:image\/svg+xml;base64,PHN2ZyB3aWR0aD0iMSIgaGVpZ2h0PSIxIiB4bWxucz0iaHR0cDovL3d3dy53My5vcmcvMjAwMC9zdmciPjwvc3ZnPg==\" style=\"--smush-placeholder-width: 600px; --smush-placeholder-aspect-ratio: 600\/454;\" \/><\/strong><\/p>\n<p style=\"text-align: justify;\"><strong><br \/>\n<\/strong><strong>Mercado de telefon\u00eda m\u00f3vil<\/strong><\/p>\n<ol style=\"text-align: justify;\">\n<li><strong> Comportamiento mensual BAM<\/strong><\/li>\n<\/ol>\n<p style=\"text-align: justify;\">Todos los operadores ganan l\u00edneas, posiblemente empujados por la incipiente campa\u00f1a de verano. No obstante, los grandes ganadores son, como es esperable, M\u00e1sM\u00f3vil y Movistar, aunque con la mitad de altas que la primera. Las OMV tambi\u00e9n presentan un buen mes y Orange, aunque gane l\u00edneas y revierta su mal mes de febrero, destaca como la m\u00e1s floja:<\/p>\n<p style=\"text-align: justify;\"><img decoding=\"async\" class=\"size-full wp-image-387527 aligncenter lazyload\" data-src=\"http:\/\/ugtcomunicaciones.es\/wordpress\/wp-content\/uploads\/2019\/07\/mercado-09-29-07-19.png\" alt=\"mercado-09-29-07-19\" width=\"600\" height=\"254\" data-srcset=\"https:\/\/www.ugtcomunicaciones.es\/wordpress\/wp-content\/uploads\/2019\/07\/mercado-09-29-07-19.png 600w, https:\/\/www.ugtcomunicaciones.es\/wordpress\/wp-content\/uploads\/2019\/07\/mercado-09-29-07-19-300x127.png 300w\" data-sizes=\"(max-width: 600px) 100vw, 600px\" src=\"data:image\/svg+xml;base64,PHN2ZyB3aWR0aD0iMSIgaGVpZ2h0PSIxIiB4bWxucz0iaHR0cDovL3d3dy53My5vcmcvMjAwMC9zdmciPjwvc3ZnPg==\" style=\"--smush-placeholder-width: 600px; --smush-placeholder-aspect-ratio: 600\/254;\" \/><\/p>\n<p style=\"text-align: justify;\">Con estos resultados tan parejos, en t\u00e9rminos de cuotas de mercado, las tres principales operadoras se mueven en cifras muy parejas (un 7% de margen m\u00e1ximo), con una M\u00e1sM\u00f3vil que reparte su mercado potencial con las OMV:<\/p>\n<p style=\"text-align: justify;\"><strong> <img decoding=\"async\" class=\"size-full wp-image-387528 aligncenter lazyload\" data-src=\"http:\/\/ugtcomunicaciones.es\/wordpress\/wp-content\/uploads\/2019\/07\/mercado-10-29-07-19.png\" alt=\"mercado-10-29-07-19\" width=\"301\" height=\"288\" data-srcset=\"https:\/\/www.ugtcomunicaciones.es\/wordpress\/wp-content\/uploads\/2019\/07\/mercado-10-29-07-19.png 301w, https:\/\/www.ugtcomunicaciones.es\/wordpress\/wp-content\/uploads\/2019\/07\/mercado-10-29-07-19-300x288.png 300w\" data-sizes=\"(max-width: 301px) 100vw, 301px\" src=\"data:image\/svg+xml;base64,PHN2ZyB3aWR0aD0iMSIgaGVpZ2h0PSIxIiB4bWxucz0iaHR0cDovL3d3dy53My5vcmcvMjAwMC9zdmciPjwvc3ZnPg==\" style=\"--smush-placeholder-width: 301px; --smush-placeholder-aspect-ratio: 301\/288;\" \/><\/strong><\/p>\n<p style=\"text-align: justify;\"><strong>\u00a0<\/strong><strong>Comportamiento anual BAM<\/strong><\/p>\n<p style=\"text-align: justify;\">Como ya hemos apuntado en informes anteriores, la l\u00ednea de negocio de la BAM es sensiblemente diferente a la BAF. La tendencia de crecimiento de M\u00e1sM\u00f3vil es m\u00e1s modesta, al repartirse con las OMV &#8211; aun con mucho predicamento en este segmento-. Movistar colidera, a mucha distancia de sus directos competidores, con una Vodafone plana y una Orange en negativo:<\/p>\n<p style=\"text-align: justify;\"><img decoding=\"async\" class=\"size-full wp-image-387529 aligncenter lazyload\" data-src=\"http:\/\/ugtcomunicaciones.es\/wordpress\/wp-content\/uploads\/2019\/07\/mercado-11-29-07-19.png\" alt=\"mercado-11-29-07-19\" width=\"600\" height=\"386\" data-srcset=\"https:\/\/www.ugtcomunicaciones.es\/wordpress\/wp-content\/uploads\/2019\/07\/mercado-11-29-07-19.png 600w, https:\/\/www.ugtcomunicaciones.es\/wordpress\/wp-content\/uploads\/2019\/07\/mercado-11-29-07-19-300x194.png 300w, https:\/\/www.ugtcomunicaciones.es\/wordpress\/wp-content\/uploads\/2019\/07\/mercado-11-29-07-19-341x220.png 341w\" data-sizes=\"(max-width: 600px) 100vw, 600px\" src=\"data:image\/svg+xml;base64,PHN2ZyB3aWR0aD0iMSIgaGVpZ2h0PSIxIiB4bWxucz0iaHR0cDovL3d3dy53My5vcmcvMjAwMC9zdmciPjwvc3ZnPg==\" style=\"--smush-placeholder-width: 600px; --smush-placeholder-aspect-ratio: 600\/386;\" \/><\/p>\n<p style=\"text-align: justify;\"><strong>\u00a0<\/strong><\/p>\n<ol style=\"text-align: justify;\" start=\"3\">\n<li><strong> Comportamiento mensual telefon\u00eda m\u00f3vil vocal<\/strong><\/li>\n<\/ol>\n<p style=\"text-align: justify;\">Dos llamativos comportamientos: el incremento de los OMV (+130.000 l\u00edneas) y el baj\u00f3n de Vodafone (-59.000). Entre ellos, todos ganan negocio, con cifras bastante parejas.<\/p>\n<p style=\"text-align: justify;\">Las cuotas de mercado siguen mim\u00e9ticas al mercado de banda ancha m\u00f3vil, lo que habla bien a las claras de su vinculaci\u00f3n contractual a la hora de trazar portabilidades y altas. La suma de OMV y M\u00e1sM\u00f3vil en esta l\u00ednea de negocio supera el 21%.<\/p>\n<p style=\"text-align: justify;\"><img decoding=\"async\" class=\"size-full wp-image-387530 aligncenter lazyload\" data-src=\"http:\/\/ugtcomunicaciones.es\/wordpress\/wp-content\/uploads\/2019\/07\/mercado-12-29-07-19.png\" alt=\"mercado-12-29-07-19\" width=\"480\" height=\"369\" data-srcset=\"https:\/\/www.ugtcomunicaciones.es\/wordpress\/wp-content\/uploads\/2019\/07\/mercado-12-29-07-19.png 480w, https:\/\/www.ugtcomunicaciones.es\/wordpress\/wp-content\/uploads\/2019\/07\/mercado-12-29-07-19-300x231.png 300w\" data-sizes=\"(max-width: 480px) 100vw, 480px\" src=\"data:image\/svg+xml;base64,PHN2ZyB3aWR0aD0iMSIgaGVpZ2h0PSIxIiB4bWxucz0iaHR0cDovL3d3dy53My5vcmcvMjAwMC9zdmciPjwvc3ZnPg==\" style=\"--smush-placeholder-width: 480px; --smush-placeholder-aspect-ratio: 480\/369;\" \/><\/p>\n<p style=\"text-align: justify;\"><img decoding=\"async\" class=\"size-full wp-image-387531 aligncenter lazyload\" data-src=\"http:\/\/ugtcomunicaciones.es\/wordpress\/wp-content\/uploads\/2019\/07\/mercado-13-29-07-19.png\" alt=\"mercado-13-29-07-19\" width=\"283\" height=\"288\" src=\"data:image\/svg+xml;base64,PHN2ZyB3aWR0aD0iMSIgaGVpZ2h0PSIxIiB4bWxucz0iaHR0cDovL3d3dy53My5vcmcvMjAwMC9zdmciPjwvc3ZnPg==\" style=\"--smush-placeholder-width: 283px; --smush-placeholder-aspect-ratio: 283\/288;\" \/><\/p>\n<ol style=\"text-align: justify;\" start=\"4\">\n<li><strong>Comportamiento anual telefon\u00eda m\u00f3vil<\/strong><\/li>\n<\/ol>\n<p style=\"text-align: justify;\">Dos de las operadoras <em>tradicionales<\/em> en negativo, lo que permite a M\u00e1sM\u00f3vil presumir de un magn\u00edfico 25% de incremento interanual.<\/p>\n<p style=\"text-align: justify;\"><img decoding=\"async\" class=\"size-full wp-image-387532 aligncenter lazyload\" data-src=\"http:\/\/ugtcomunicaciones.es\/wordpress\/wp-content\/uploads\/2019\/07\/mercado-14-29-07-19.png\" alt=\"mercado-14-29-07-19\" width=\"600\" height=\"386\" data-srcset=\"https:\/\/www.ugtcomunicaciones.es\/wordpress\/wp-content\/uploads\/2019\/07\/mercado-14-29-07-19.png 600w, https:\/\/www.ugtcomunicaciones.es\/wordpress\/wp-content\/uploads\/2019\/07\/mercado-14-29-07-19-300x194.png 300w, https:\/\/www.ugtcomunicaciones.es\/wordpress\/wp-content\/uploads\/2019\/07\/mercado-14-29-07-19-341x220.png 341w\" data-sizes=\"(max-width: 600px) 100vw, 600px\" src=\"data:image\/svg+xml;base64,PHN2ZyB3aWR0aD0iMSIgaGVpZ2h0PSIxIiB4bWxucz0iaHR0cDovL3d3dy53My5vcmcvMjAwMC9zdmciPjwvc3ZnPg==\" style=\"--smush-placeholder-width: 600px; --smush-placeholder-aspect-ratio: 600\/386;\" \/><\/p>\n<p style=\"text-align: justify;\"><strong>Mercado de Telefon\u00eda Fija<\/strong><\/p>\n<p style=\"text-align: justify;\">Desde principios de a\u00f1o, el mercado de telefon\u00eda fija contin\u00faa con su decadencia, con un descenso tanto global como en sus dos principales segmentos.<\/p>\n<p style=\"text-align: justify;\"><img decoding=\"async\" class=\"size-full wp-image-387543 aligncenter lazyload\" data-src=\"http:\/\/ugtcomunicaciones.es\/wordpress\/wp-content\/uploads\/2019\/07\/mercado-15-29-07-19.png\" alt=\"mercado-15-29-07-19\" width=\"600\" height=\"182\" data-srcset=\"https:\/\/www.ugtcomunicaciones.es\/wordpress\/wp-content\/uploads\/2019\/07\/mercado-15-29-07-19.png 600w, https:\/\/www.ugtcomunicaciones.es\/wordpress\/wp-content\/uploads\/2019\/07\/mercado-15-29-07-19-300x91.png 300w\" data-sizes=\"(max-width: 600px) 100vw, 600px\" src=\"data:image\/svg+xml;base64,PHN2ZyB3aWR0aD0iMSIgaGVpZ2h0PSIxIiB4bWxucz0iaHR0cDovL3d3dy53My5vcmcvMjAwMC9zdmciPjwvc3ZnPg==\" style=\"--smush-placeholder-width: 600px; --smush-placeholder-aspect-ratio: 600\/182;\" \/><\/p>\n<p style=\"text-align: justify;\"><strong>Penetraci\u00f3n de servicios<\/strong><\/p>\n<p style=\"text-align: justify;\">L\u00edneas por cada 100\/habitantes y Variaci\u00f3n mensual<\/p>\n<p><img decoding=\"async\" class=\"size-full wp-image-387544 aligncenter lazyload\" data-src=\"http:\/\/ugtcomunicaciones.es\/wordpress\/wp-content\/uploads\/2019\/07\/mercado-16-29-07-19.png\" alt=\"mercado-16-29-07-19\" width=\"600\" height=\"58\" data-srcset=\"https:\/\/www.ugtcomunicaciones.es\/wordpress\/wp-content\/uploads\/2019\/07\/mercado-16-29-07-19.png 600w, https:\/\/www.ugtcomunicaciones.es\/wordpress\/wp-content\/uploads\/2019\/07\/mercado-16-29-07-19-300x29.png 300w\" data-sizes=\"(max-width: 600px) 100vw, 600px\" src=\"data:image\/svg+xml;base64,PHN2ZyB3aWR0aD0iMSIgaGVpZ2h0PSIxIiB4bWxucz0iaHR0cDovL3d3dy53My5vcmcvMjAwMC9zdmciPjwvc3ZnPg==\" style=\"--smush-placeholder-width: 600px; --smush-placeholder-aspect-ratio: 600\/58;\" \/><\/p>\n<p style=\"text-align: right;\"><span style=\"color: #ff0000;\"><strong>UGT<\/strong><\/span><strong> Comunicaciones<br \/>\nSector Estatal<\/strong><\/p>\n<p style=\"text-align: justify;\">\n","protected":false},"excerpt":{"rendered":"<p>Nuevamente, el regulador nos brinda unas estad\u00edsticas faltas de continuidad, salt\u00e1ndose dos meses en su publicaci\u00f3n (marzo y abril). En consecuencia, pasaremos de febrero a mayo en este an\u00e1lisis veraniego. Los principales titulares del mes podr\u00edan ser los mismos que en el \u00faltimo a\u00f1o: M\u00e1sM\u00f3vil absorbe todas las altas, la fibra y la banda ancha [&hellip;]<\/p>\n","protected":false},"author":3,"featured_media":364827,"comment_status":"closed","ping_status":"closed","sticky":false,"template":"","format":"standard","meta":{"footnotes":""},"categories":[13,12],"tags":[],"class_list":["post-387518","post","type-post","status-publish","format-standard","has-post-thumbnail","hentry","category-mercado-comunicaciones","category-regulacion"],"yoast_head":"<!-- This site is optimized with the Yoast SEO Premium plugin v27.3 (Yoast SEO v27.4) - https:\/\/yoast.com\/product\/yoast-seo-premium-wordpress\/ -->\n<title>Mercado telecos mayo 2019: Vodafone no remonta y Movistar pierde el 40% de couta en BAF - UGT Comunicaciones<\/title>\n<meta name=\"description\" content=\"Nuevamente, el regulador nos brinda unas estad\u00edsticas faltas de continuidad, salt\u00e1ndose dos meses en su publicaci\u00f3n (marzo y abril). En consecuencia,...\" \/>\n<meta name=\"robots\" content=\"index, follow, max-snippet:-1, max-image-preview:large, max-video-preview:-1\" \/>\n<link rel=\"canonical\" href=\"https:\/\/www.ugtcomunicaciones.es\/wordpress\/mercado-telecos-mayo-2019-vodafone-no-remonta-y-movistar-pierde-el-40-de-couta-en-baf\/\" \/>\n<meta property=\"og:locale\" content=\"es_ES\" \/>\n<meta property=\"og:type\" content=\"article\" \/>\n<meta property=\"og:title\" content=\"Mercado telecos mayo 2019: Vodafone no remonta y Movistar pierde el 40% de couta en BAF\" \/>\n<meta property=\"og:description\" content=\"Nuevamente, el regulador nos brinda unas estad\u00edsticas faltas de continuidad, salt\u00e1ndose dos meses en su publicaci\u00f3n (marzo y abril). En consecuencia,...\" \/>\n<meta property=\"og:url\" content=\"https:\/\/www.ugtcomunicaciones.es\/wordpress\/mercado-telecos-mayo-2019-vodafone-no-remonta-y-movistar-pierde-el-40-de-couta-en-baf\/\" \/>\n<meta property=\"og:site_name\" content=\"UGT Comunicaciones\" \/>\n<meta property=\"article:publisher\" content=\"https:\/\/www.facebook.com\/ugt.comunicaciones\/\" \/>\n<meta property=\"article:published_time\" content=\"2019-07-29T05:00:02+00:00\" \/>\n<meta property=\"og:image\" content=\"https:\/\/www.ugtcomunicaciones.es\/wordpress\/wp-content\/uploads\/2019\/06\/mercadot-portada-01-07-19.jpg\" \/>\n\t<meta property=\"og:image:width\" content=\"600\" \/>\n\t<meta property=\"og:image:height\" content=\"416\" \/>\n\t<meta property=\"og:image:type\" content=\"image\/jpeg\" \/>\n<meta name=\"author\" content=\"UGT\" \/>\n<meta name=\"twitter:card\" content=\"summary_large_image\" \/>\n<meta name=\"twitter:creator\" content=\"@ugtcom\" \/>\n<meta name=\"twitter:site\" content=\"@ugtcom\" \/>\n<meta name=\"twitter:label1\" content=\"Escrito por\" \/>\n\t<meta name=\"twitter:data1\" content=\"UGT\" \/>\n\t<meta name=\"twitter:label2\" content=\"Tiempo de lectura\" \/>\n\t<meta name=\"twitter:data2\" content=\"4 minutos\" \/>\n<script type=\"application\/ld+json\" class=\"yoast-schema-graph\">{\"@context\":\"https:\\\/\\\/schema.org\",\"@graph\":[{\"@type\":\"Article\",\"@id\":\"https:\\\/\\\/www.ugtcomunicaciones.es\\\/wordpress\\\/mercado-telecos-mayo-2019-vodafone-no-remonta-y-movistar-pierde-el-40-de-couta-en-baf\\\/#article\",\"isPartOf\":{\"@id\":\"https:\\\/\\\/www.ugtcomunicaciones.es\\\/wordpress\\\/mercado-telecos-mayo-2019-vodafone-no-remonta-y-movistar-pierde-el-40-de-couta-en-baf\\\/\"},\"author\":{\"name\":\"UGT\",\"@id\":\"https:\\\/\\\/www.ugtcomunicaciones.es\\\/wordpress\\\/#\\\/schema\\\/person\\\/eba0fc3fe5b444531d94d4368cba89ed\"},\"headline\":\"Mercado telecos mayo 2019: Vodafone no remonta y Movistar pierde el 40% de couta en BAF\",\"datePublished\":\"2019-07-29T05:00:02+00:00\",\"mainEntityOfPage\":{\"@id\":\"https:\\\/\\\/www.ugtcomunicaciones.es\\\/wordpress\\\/mercado-telecos-mayo-2019-vodafone-no-remonta-y-movistar-pierde-el-40-de-couta-en-baf\\\/\"},\"wordCount\":788,\"publisher\":{\"@id\":\"https:\\\/\\\/www.ugtcomunicaciones.es\\\/wordpress\\\/#organization\"},\"image\":{\"@id\":\"https:\\\/\\\/www.ugtcomunicaciones.es\\\/wordpress\\\/mercado-telecos-mayo-2019-vodafone-no-remonta-y-movistar-pierde-el-40-de-couta-en-baf\\\/#primaryimage\"},\"thumbnailUrl\":\"https:\\\/\\\/www.ugtcomunicaciones.es\\\/wordpress\\\/wp-content\\\/uploads\\\/2019\\\/06\\\/mercadot-portada-01-07-19.jpg\",\"articleSection\":[\"Mercado Comunicaciones\",\"Regulaci\u00f3n\"],\"inLanguage\":\"es\"},{\"@type\":\"WebPage\",\"@id\":\"https:\\\/\\\/www.ugtcomunicaciones.es\\\/wordpress\\\/mercado-telecos-mayo-2019-vodafone-no-remonta-y-movistar-pierde-el-40-de-couta-en-baf\\\/\",\"url\":\"https:\\\/\\\/www.ugtcomunicaciones.es\\\/wordpress\\\/mercado-telecos-mayo-2019-vodafone-no-remonta-y-movistar-pierde-el-40-de-couta-en-baf\\\/\",\"name\":\"Mercado telecos mayo 2019: Vodafone no remonta y Movistar pierde el 40% de couta en BAF - UGT Comunicaciones\",\"isPartOf\":{\"@id\":\"https:\\\/\\\/www.ugtcomunicaciones.es\\\/wordpress\\\/#website\"},\"primaryImageOfPage\":{\"@id\":\"https:\\\/\\\/www.ugtcomunicaciones.es\\\/wordpress\\\/mercado-telecos-mayo-2019-vodafone-no-remonta-y-movistar-pierde-el-40-de-couta-en-baf\\\/#primaryimage\"},\"image\":{\"@id\":\"https:\\\/\\\/www.ugtcomunicaciones.es\\\/wordpress\\\/mercado-telecos-mayo-2019-vodafone-no-remonta-y-movistar-pierde-el-40-de-couta-en-baf\\\/#primaryimage\"},\"thumbnailUrl\":\"https:\\\/\\\/www.ugtcomunicaciones.es\\\/wordpress\\\/wp-content\\\/uploads\\\/2019\\\/06\\\/mercadot-portada-01-07-19.jpg\",\"datePublished\":\"2019-07-29T05:00:02+00:00\",\"description\":\"Nuevamente, el regulador nos brinda unas estad\u00edsticas faltas de continuidad, salt\u00e1ndose dos meses en su publicaci\u00f3n (marzo y abril). En consecuencia,...\",\"breadcrumb\":{\"@id\":\"https:\\\/\\\/www.ugtcomunicaciones.es\\\/wordpress\\\/mercado-telecos-mayo-2019-vodafone-no-remonta-y-movistar-pierde-el-40-de-couta-en-baf\\\/#breadcrumb\"},\"inLanguage\":\"es\",\"potentialAction\":[{\"@type\":\"ReadAction\",\"target\":[\"https:\\\/\\\/www.ugtcomunicaciones.es\\\/wordpress\\\/mercado-telecos-mayo-2019-vodafone-no-remonta-y-movistar-pierde-el-40-de-couta-en-baf\\\/\"]}]},{\"@type\":\"ImageObject\",\"inLanguage\":\"es\",\"@id\":\"https:\\\/\\\/www.ugtcomunicaciones.es\\\/wordpress\\\/mercado-telecos-mayo-2019-vodafone-no-remonta-y-movistar-pierde-el-40-de-couta-en-baf\\\/#primaryimage\",\"url\":\"https:\\\/\\\/www.ugtcomunicaciones.es\\\/wordpress\\\/wp-content\\\/uploads\\\/2019\\\/06\\\/mercadot-portada-01-07-19.jpg\",\"contentUrl\":\"https:\\\/\\\/www.ugtcomunicaciones.es\\\/wordpress\\\/wp-content\\\/uploads\\\/2019\\\/06\\\/mercadot-portada-01-07-19.jpg\",\"width\":600,\"height\":416},{\"@type\":\"BreadcrumbList\",\"@id\":\"https:\\\/\\\/www.ugtcomunicaciones.es\\\/wordpress\\\/mercado-telecos-mayo-2019-vodafone-no-remonta-y-movistar-pierde-el-40-de-couta-en-baf\\\/#breadcrumb\",\"itemListElement\":[{\"@type\":\"ListItem\",\"position\":1,\"name\":\"Portada\",\"item\":\"https:\\\/\\\/www.ugtcomunicaciones.es\\\/wordpress\\\/\"},{\"@type\":\"ListItem\",\"position\":2,\"name\":\"Mercado telecos mayo 2019: Vodafone no remonta y Movistar pierde el 40% de couta en BAF\"}]},{\"@type\":\"WebSite\",\"@id\":\"https:\\\/\\\/www.ugtcomunicaciones.es\\\/wordpress\\\/#website\",\"url\":\"https:\\\/\\\/www.ugtcomunicaciones.es\\\/wordpress\\\/\",\"name\":\"UGT Comunicaciones\",\"description\":\"Sindicato de Telecomunicaciones\",\"publisher\":{\"@id\":\"https:\\\/\\\/www.ugtcomunicaciones.es\\\/wordpress\\\/#organization\"},\"potentialAction\":[{\"@type\":\"SearchAction\",\"target\":{\"@type\":\"EntryPoint\",\"urlTemplate\":\"https:\\\/\\\/www.ugtcomunicaciones.es\\\/wordpress\\\/?s={search_term_string}\"},\"query-input\":{\"@type\":\"PropertyValueSpecification\",\"valueRequired\":true,\"valueName\":\"search_term_string\"}}],\"inLanguage\":\"es\"},{\"@type\":\"Organization\",\"@id\":\"https:\\\/\\\/www.ugtcomunicaciones.es\\\/wordpress\\\/#organization\",\"name\":\"UGT Comunicaciones\",\"url\":\"https:\\\/\\\/www.ugtcomunicaciones.es\\\/wordpress\\\/\",\"logo\":{\"@type\":\"ImageObject\",\"inLanguage\":\"es\",\"@id\":\"https:\\\/\\\/www.ugtcomunicaciones.es\\\/wordpress\\\/#\\\/schema\\\/logo\\\/image\\\/\",\"url\":\"https:\\\/\\\/www.ugtcomunicaciones.es\\\/wordpress\\\/wp-content\\\/uploads\\\/2024\\\/04\\\/comunicaciones_logo.png\",\"contentUrl\":\"https:\\\/\\\/www.ugtcomunicaciones.es\\\/wordpress\\\/wp-content\\\/uploads\\\/2024\\\/04\\\/comunicaciones_logo.png\",\"width\":298,\"height\":81,\"caption\":\"UGT Comunicaciones\"},\"image\":{\"@id\":\"https:\\\/\\\/www.ugtcomunicaciones.es\\\/wordpress\\\/#\\\/schema\\\/logo\\\/image\\\/\"},\"sameAs\":[\"https:\\\/\\\/www.facebook.com\\\/ugt.comunicaciones\\\/\",\"https:\\\/\\\/x.com\\\/ugtcom\"]},{\"@type\":\"Person\",\"@id\":\"https:\\\/\\\/www.ugtcomunicaciones.es\\\/wordpress\\\/#\\\/schema\\\/person\\\/eba0fc3fe5b444531d94d4368cba89ed\",\"name\":\"UGT\",\"image\":{\"@type\":\"ImageObject\",\"inLanguage\":\"es\",\"@id\":\"https:\\\/\\\/secure.gravatar.com\\\/avatar\\\/2a16057d620a4c646bcfc171c4f23030879ebbdd346f0525bd5d4a564e57e13d?s=96&d=mm&r=g\",\"url\":\"https:\\\/\\\/secure.gravatar.com\\\/avatar\\\/2a16057d620a4c646bcfc171c4f23030879ebbdd346f0525bd5d4a564e57e13d?s=96&d=mm&r=g\",\"contentUrl\":\"https:\\\/\\\/secure.gravatar.com\\\/avatar\\\/2a16057d620a4c646bcfc171c4f23030879ebbdd346f0525bd5d4a564e57e13d?s=96&d=mm&r=g\",\"caption\":\"UGT\"}}]}<\/script>\n<!-- \/ Yoast SEO Premium plugin. -->","yoast_head_json":{"title":"Mercado telecos mayo 2019: Vodafone no remonta y Movistar pierde el 40% de couta en BAF - UGT Comunicaciones","description":"Nuevamente, el regulador nos brinda unas estad\u00edsticas faltas de continuidad, salt\u00e1ndose dos meses en su publicaci\u00f3n (marzo y abril). En consecuencia,...","robots":{"index":"index","follow":"follow","max-snippet":"max-snippet:-1","max-image-preview":"max-image-preview:large","max-video-preview":"max-video-preview:-1"},"canonical":"https:\/\/www.ugtcomunicaciones.es\/wordpress\/mercado-telecos-mayo-2019-vodafone-no-remonta-y-movistar-pierde-el-40-de-couta-en-baf\/","og_locale":"es_ES","og_type":"article","og_title":"Mercado telecos mayo 2019: Vodafone no remonta y Movistar pierde el 40% de couta en BAF","og_description":"Nuevamente, el regulador nos brinda unas estad\u00edsticas faltas de continuidad, salt\u00e1ndose dos meses en su publicaci\u00f3n (marzo y abril). En consecuencia,...","og_url":"https:\/\/www.ugtcomunicaciones.es\/wordpress\/mercado-telecos-mayo-2019-vodafone-no-remonta-y-movistar-pierde-el-40-de-couta-en-baf\/","og_site_name":"UGT Comunicaciones","article_publisher":"https:\/\/www.facebook.com\/ugt.comunicaciones\/","article_published_time":"2019-07-29T05:00:02+00:00","og_image":[{"width":600,"height":416,"url":"https:\/\/www.ugtcomunicaciones.es\/wordpress\/wp-content\/uploads\/2019\/06\/mercadot-portada-01-07-19.jpg","type":"image\/jpeg"}],"author":"UGT","twitter_card":"summary_large_image","twitter_creator":"@ugtcom","twitter_site":"@ugtcom","twitter_misc":{"Escrito por":"UGT","Tiempo de lectura":"4 minutos"},"schema":{"@context":"https:\/\/schema.org","@graph":[{"@type":"Article","@id":"https:\/\/www.ugtcomunicaciones.es\/wordpress\/mercado-telecos-mayo-2019-vodafone-no-remonta-y-movistar-pierde-el-40-de-couta-en-baf\/#article","isPartOf":{"@id":"https:\/\/www.ugtcomunicaciones.es\/wordpress\/mercado-telecos-mayo-2019-vodafone-no-remonta-y-movistar-pierde-el-40-de-couta-en-baf\/"},"author":{"name":"UGT","@id":"https:\/\/www.ugtcomunicaciones.es\/wordpress\/#\/schema\/person\/eba0fc3fe5b444531d94d4368cba89ed"},"headline":"Mercado telecos mayo 2019: Vodafone no remonta y Movistar pierde el 40% de couta en BAF","datePublished":"2019-07-29T05:00:02+00:00","mainEntityOfPage":{"@id":"https:\/\/www.ugtcomunicaciones.es\/wordpress\/mercado-telecos-mayo-2019-vodafone-no-remonta-y-movistar-pierde-el-40-de-couta-en-baf\/"},"wordCount":788,"publisher":{"@id":"https:\/\/www.ugtcomunicaciones.es\/wordpress\/#organization"},"image":{"@id":"https:\/\/www.ugtcomunicaciones.es\/wordpress\/mercado-telecos-mayo-2019-vodafone-no-remonta-y-movistar-pierde-el-40-de-couta-en-baf\/#primaryimage"},"thumbnailUrl":"https:\/\/www.ugtcomunicaciones.es\/wordpress\/wp-content\/uploads\/2019\/06\/mercadot-portada-01-07-19.jpg","articleSection":["Mercado Comunicaciones","Regulaci\u00f3n"],"inLanguage":"es"},{"@type":"WebPage","@id":"https:\/\/www.ugtcomunicaciones.es\/wordpress\/mercado-telecos-mayo-2019-vodafone-no-remonta-y-movistar-pierde-el-40-de-couta-en-baf\/","url":"https:\/\/www.ugtcomunicaciones.es\/wordpress\/mercado-telecos-mayo-2019-vodafone-no-remonta-y-movistar-pierde-el-40-de-couta-en-baf\/","name":"Mercado telecos mayo 2019: Vodafone no remonta y Movistar pierde el 40% de couta en BAF - UGT Comunicaciones","isPartOf":{"@id":"https:\/\/www.ugtcomunicaciones.es\/wordpress\/#website"},"primaryImageOfPage":{"@id":"https:\/\/www.ugtcomunicaciones.es\/wordpress\/mercado-telecos-mayo-2019-vodafone-no-remonta-y-movistar-pierde-el-40-de-couta-en-baf\/#primaryimage"},"image":{"@id":"https:\/\/www.ugtcomunicaciones.es\/wordpress\/mercado-telecos-mayo-2019-vodafone-no-remonta-y-movistar-pierde-el-40-de-couta-en-baf\/#primaryimage"},"thumbnailUrl":"https:\/\/www.ugtcomunicaciones.es\/wordpress\/wp-content\/uploads\/2019\/06\/mercadot-portada-01-07-19.jpg","datePublished":"2019-07-29T05:00:02+00:00","description":"Nuevamente, el regulador nos brinda unas estad\u00edsticas faltas de continuidad, salt\u00e1ndose dos meses en su publicaci\u00f3n (marzo y abril). En consecuencia,...","breadcrumb":{"@id":"https:\/\/www.ugtcomunicaciones.es\/wordpress\/mercado-telecos-mayo-2019-vodafone-no-remonta-y-movistar-pierde-el-40-de-couta-en-baf\/#breadcrumb"},"inLanguage":"es","potentialAction":[{"@type":"ReadAction","target":["https:\/\/www.ugtcomunicaciones.es\/wordpress\/mercado-telecos-mayo-2019-vodafone-no-remonta-y-movistar-pierde-el-40-de-couta-en-baf\/"]}]},{"@type":"ImageObject","inLanguage":"es","@id":"https:\/\/www.ugtcomunicaciones.es\/wordpress\/mercado-telecos-mayo-2019-vodafone-no-remonta-y-movistar-pierde-el-40-de-couta-en-baf\/#primaryimage","url":"https:\/\/www.ugtcomunicaciones.es\/wordpress\/wp-content\/uploads\/2019\/06\/mercadot-portada-01-07-19.jpg","contentUrl":"https:\/\/www.ugtcomunicaciones.es\/wordpress\/wp-content\/uploads\/2019\/06\/mercadot-portada-01-07-19.jpg","width":600,"height":416},{"@type":"BreadcrumbList","@id":"https:\/\/www.ugtcomunicaciones.es\/wordpress\/mercado-telecos-mayo-2019-vodafone-no-remonta-y-movistar-pierde-el-40-de-couta-en-baf\/#breadcrumb","itemListElement":[{"@type":"ListItem","position":1,"name":"Portada","item":"https:\/\/www.ugtcomunicaciones.es\/wordpress\/"},{"@type":"ListItem","position":2,"name":"Mercado telecos mayo 2019: Vodafone no remonta y Movistar pierde el 40% de couta en BAF"}]},{"@type":"WebSite","@id":"https:\/\/www.ugtcomunicaciones.es\/wordpress\/#website","url":"https:\/\/www.ugtcomunicaciones.es\/wordpress\/","name":"UGT Comunicaciones","description":"Sindicato de Telecomunicaciones","publisher":{"@id":"https:\/\/www.ugtcomunicaciones.es\/wordpress\/#organization"},"potentialAction":[{"@type":"SearchAction","target":{"@type":"EntryPoint","urlTemplate":"https:\/\/www.ugtcomunicaciones.es\/wordpress\/?s={search_term_string}"},"query-input":{"@type":"PropertyValueSpecification","valueRequired":true,"valueName":"search_term_string"}}],"inLanguage":"es"},{"@type":"Organization","@id":"https:\/\/www.ugtcomunicaciones.es\/wordpress\/#organization","name":"UGT Comunicaciones","url":"https:\/\/www.ugtcomunicaciones.es\/wordpress\/","logo":{"@type":"ImageObject","inLanguage":"es","@id":"https:\/\/www.ugtcomunicaciones.es\/wordpress\/#\/schema\/logo\/image\/","url":"https:\/\/www.ugtcomunicaciones.es\/wordpress\/wp-content\/uploads\/2024\/04\/comunicaciones_logo.png","contentUrl":"https:\/\/www.ugtcomunicaciones.es\/wordpress\/wp-content\/uploads\/2024\/04\/comunicaciones_logo.png","width":298,"height":81,"caption":"UGT Comunicaciones"},"image":{"@id":"https:\/\/www.ugtcomunicaciones.es\/wordpress\/#\/schema\/logo\/image\/"},"sameAs":["https:\/\/www.facebook.com\/ugt.comunicaciones\/","https:\/\/x.com\/ugtcom"]},{"@type":"Person","@id":"https:\/\/www.ugtcomunicaciones.es\/wordpress\/#\/schema\/person\/eba0fc3fe5b444531d94d4368cba89ed","name":"UGT","image":{"@type":"ImageObject","inLanguage":"es","@id":"https:\/\/secure.gravatar.com\/avatar\/2a16057d620a4c646bcfc171c4f23030879ebbdd346f0525bd5d4a564e57e13d?s=96&d=mm&r=g","url":"https:\/\/secure.gravatar.com\/avatar\/2a16057d620a4c646bcfc171c4f23030879ebbdd346f0525bd5d4a564e57e13d?s=96&d=mm&r=g","contentUrl":"https:\/\/secure.gravatar.com\/avatar\/2a16057d620a4c646bcfc171c4f23030879ebbdd346f0525bd5d4a564e57e13d?s=96&d=mm&r=g","caption":"UGT"}}]}},"_links":{"self":[{"href":"https:\/\/www.ugtcomunicaciones.es\/wordpress\/wp-json\/wp\/v2\/posts\/387518","targetHints":{"allow":["GET"]}}],"collection":[{"href":"https:\/\/www.ugtcomunicaciones.es\/wordpress\/wp-json\/wp\/v2\/posts"}],"about":[{"href":"https:\/\/www.ugtcomunicaciones.es\/wordpress\/wp-json\/wp\/v2\/types\/post"}],"author":[{"embeddable":true,"href":"https:\/\/www.ugtcomunicaciones.es\/wordpress\/wp-json\/wp\/v2\/users\/3"}],"replies":[{"embeddable":true,"href":"https:\/\/www.ugtcomunicaciones.es\/wordpress\/wp-json\/wp\/v2\/comments?post=387518"}],"version-history":[{"count":0,"href":"https:\/\/www.ugtcomunicaciones.es\/wordpress\/wp-json\/wp\/v2\/posts\/387518\/revisions"}],"wp:featuredmedia":[{"embeddable":true,"href":"https:\/\/www.ugtcomunicaciones.es\/wordpress\/wp-json\/wp\/v2\/media\/364827"}],"wp:attachment":[{"href":"https:\/\/www.ugtcomunicaciones.es\/wordpress\/wp-json\/wp\/v2\/media?parent=387518"}],"wp:term":[{"taxonomy":"category","embeddable":true,"href":"https:\/\/www.ugtcomunicaciones.es\/wordpress\/wp-json\/wp\/v2\/categories?post=387518"},{"taxonomy":"post_tag","embeddable":true,"href":"https:\/\/www.ugtcomunicaciones.es\/wordpress\/wp-json\/wp\/v2\/tags?post=387518"}],"curies":[{"name":"wp","href":"https:\/\/api.w.org\/{rel}","templated":true}]}}