{"id":409,"date":"2016-12-09T13:36:40","date_gmt":"2016-12-09T12:36:40","guid":{"rendered":"http:\/\/www.ugtcom.h2301842.stratoserver.net\/wordpress\/wordpress\/?p=409"},"modified":"2017-06-28T08:14:46","modified_gmt":"2017-06-28T07:14:46","slug":"los-precios-de-las-telecos-desde-una-perspectiva-historica","status":"publish","type":"post","link":"https:\/\/www.ugtcomunicaciones.es\/wordpress\/los-precios-de-las-telecos-desde-una-perspectiva-historica\/","title":{"rendered":"Los precios de las telecos desde una perspectiva hist\u00f3rica"},"content":{"rendered":"<p style=\"text-align: justify;\">Ya no sorprende la noticia de la subida de los precios de las telecos. Si 2015 cerr\u00f3 con un alza del 0,5%<a href=\"#_ftn1\" name=\"_ftnref1\">[1]<\/a>, el presente ejercicio acabar\u00e1 con un incremento a\u00fan mayor, tal y como atestiguan los datos del IPC publicados por el INE para el mes de cotubre, que cifran el aumento en un +3,2%, por un 0,7% del IPC general:<\/p>\n<p><img decoding=\"async\" class=\"aligncenter wp-image-411 size-full lazyload\" data-src=\"http:\/\/ugtcomunicaciones.es\/wordpress\/wp-content\/uploads\/2016\/12\/precios_telecos_historicos.png\" alt=\"precios_telecos_historicos\" width=\"514\" height=\"146\" data-srcset=\"https:\/\/www.ugtcomunicaciones.es\/wordpress\/wp-content\/uploads\/2016\/12\/precios_telecos_historicos.png 514w, https:\/\/www.ugtcomunicaciones.es\/wordpress\/wp-content\/uploads\/2016\/12\/precios_telecos_historicos-300x85.png 300w, https:\/\/www.ugtcomunicaciones.es\/wordpress\/wp-content\/uploads\/2016\/12\/precios_telecos_historicos-511x146.png 511w\" data-sizes=\"(max-width: 514px) 100vw, 514px\" src=\"data:image\/svg+xml;base64,PHN2ZyB3aWR0aD0iMSIgaGVpZ2h0PSIxIiB4bWxucz0iaHR0cDovL3d3dy53My5vcmcvMjAwMC9zdmciPjwvc3ZnPg==\" style=\"--smush-placeholder-width: 514px; --smush-placeholder-aspect-ratio: 514\/146;\" \/><\/p>\n<p style=\"text-align: justify;\">Como cab\u00eda esperar, esta circunstancia comienza a generar una generalizada corriente de opini\u00f3n que se opone a este ascenso de los precios. Desde <strong>UGT<\/strong><strong> Comunicaciones<\/strong>, sin querer entrar a un debate directo con asociaciones de consumidores ni con la propia ciudadan\u00eda, nos gustar\u00eda aportar un enfoque m\u00e1s amplio, desvinculando del presente inmediato y d\u00e1ndole una perspectiva hist\u00f3rica que permita entrever el comportamiento de los precios desde 1998, a\u00f1o de liberaci\u00f3n de las telecomunicaciones en Europa y Espa\u00f1a.<\/p>\n<p style=\"text-align: justify;\">As\u00ed, si se traza una gr\u00e1fica que describa el comportamiento de los precios en Espa\u00f1a, tanto del \u00edndice general, como de otros relacionados con el sector servicios y el propio referenciado a las comunicaciones, se puede comprobar como el diferencial desde 1998 se cifra en m\u00e1s de un 66% de incremento de la vida por encima de los precios de nuestro Sector. O dicho de otra forma, mientras que el IPC general acumul\u00f3 un ascenso del 41%, los precios de las telecos disminuyeron un 25%, teniendo en cuenta los leves ascensos de 2015 y de 2016:<\/p>\n<p style=\"text-align: justify;\"><img decoding=\"async\" class=\"aligncenter wp-image-412 size-full lazyload\" data-src=\"http:\/\/ugtcomunicaciones.es\/wordpress\/wp-content\/uploads\/2016\/12\/precios_telecos_historicos_.png\" alt=\"precios_telecos_historicos_\" width=\"515\" height=\"418\" data-srcset=\"https:\/\/www.ugtcomunicaciones.es\/wordpress\/wp-content\/uploads\/2016\/12\/precios_telecos_historicos_.png 515w, https:\/\/www.ugtcomunicaciones.es\/wordpress\/wp-content\/uploads\/2016\/12\/precios_telecos_historicos_-300x243.png 300w\" data-sizes=\"(max-width: 515px) 100vw, 515px\" src=\"data:image\/svg+xml;base64,PHN2ZyB3aWR0aD0iMSIgaGVpZ2h0PSIxIiB4bWxucz0iaHR0cDovL3d3dy53My5vcmcvMjAwMC9zdmciPjwvc3ZnPg==\" style=\"--smush-placeholder-width: 515px; --smush-placeholder-aspect-ratio: 515\/418;\" \/><\/p>\n<p style=\"text-align: justify;\">Si la visi\u00f3n la concentramos en las medias anuales, otra forma completamente v\u00e1lida para comprobar el comportamiento de los precios, desde 2002 siempre se ha registrado un descenso de precios, con dos salvedades: el a\u00f1o 2007, con un \u00edndice plano, y en 2008, con un lev\u00edsimo incremento del 0,2%. Por el contrario, el resto de ejercicios, los descensos han sido m\u00e1s acusados, con el periodo comprendido entre 2012 y 2016, que acumul\u00f3 una bajada de m\u00e1s de 13,5 p.p.<\/p>\n<p style=\"text-align: justify;\"><img decoding=\"async\" class=\"aligncenter wp-image-413 size-full lazyload\" data-src=\"http:\/\/ugtcomunicaciones.es\/wordpress\/wp-content\/uploads\/2016\/12\/precios_telecos_historicos3.png\" alt=\"precios_telecos_historicos3\" width=\"917\" height=\"426\" data-srcset=\"https:\/\/www.ugtcomunicaciones.es\/wordpress\/wp-content\/uploads\/2016\/12\/precios_telecos_historicos3.png 917w, https:\/\/www.ugtcomunicaciones.es\/wordpress\/wp-content\/uploads\/2016\/12\/precios_telecos_historicos3-300x139.png 300w, https:\/\/www.ugtcomunicaciones.es\/wordpress\/wp-content\/uploads\/2016\/12\/precios_telecos_historicos3-768x357.png 768w, https:\/\/www.ugtcomunicaciones.es\/wordpress\/wp-content\/uploads\/2016\/12\/precios_telecos_historicos3-904x420.png 904w, https:\/\/www.ugtcomunicaciones.es\/wordpress\/wp-content\/uploads\/2016\/12\/precios_telecos_historicos3-640x297.png 640w, https:\/\/www.ugtcomunicaciones.es\/wordpress\/wp-content\/uploads\/2016\/12\/precios_telecos_historicos3-681x316.png 681w\" data-sizes=\"(max-width: 917px) 100vw, 917px\" src=\"data:image\/svg+xml;base64,PHN2ZyB3aWR0aD0iMSIgaGVpZ2h0PSIxIiB4bWxucz0iaHR0cDovL3d3dy53My5vcmcvMjAwMC9zdmciPjwvc3ZnPg==\" style=\"--smush-placeholder-width: 917px; --smush-placeholder-aspect-ratio: 917\/426;\" \/><\/p>\n<p style=\"text-align: justify;\">Si relacionamos las medias anuales de los precios de nuestro Sector con las del IPC general, observamos que mientras que el comportamiento del \u00edndice global es claramente al alza, el de los servicios telef\u00f3nicos, es a la baja:<\/p>\n<p style=\"text-align: justify;\"><img decoding=\"async\" class=\"aligncenter wp-image-414 size-full lazyload\" data-src=\"http:\/\/ugtcomunicaciones.es\/wordpress\/wordpress\/wp-content\/uploads\/2016\/12\/precios_telecos_historicos4.png\" alt=\"precios_telecos_historicos4\" width=\"1403\" height=\"466\" data-srcset=\"https:\/\/www.ugtcomunicaciones.es\/wordpress\/wp-content\/uploads\/2016\/12\/precios_telecos_historicos4.png 1403w, https:\/\/www.ugtcomunicaciones.es\/wordpress\/wp-content\/uploads\/2016\/12\/precios_telecos_historicos4-300x100.png 300w, https:\/\/www.ugtcomunicaciones.es\/wordpress\/wp-content\/uploads\/2016\/12\/precios_telecos_historicos4-768x255.png 768w, https:\/\/www.ugtcomunicaciones.es\/wordpress\/wp-content\/uploads\/2016\/12\/precios_telecos_historicos4-1024x340.png 1024w, https:\/\/www.ugtcomunicaciones.es\/wordpress\/wp-content\/uploads\/2016\/12\/precios_telecos_historicos4-1265x420.png 1265w, https:\/\/www.ugtcomunicaciones.es\/wordpress\/wp-content\/uploads\/2016\/12\/precios_telecos_historicos4-640x213.png 640w, https:\/\/www.ugtcomunicaciones.es\/wordpress\/wp-content\/uploads\/2016\/12\/precios_telecos_historicos4-681x226.png 681w\" data-sizes=\"(max-width: 1403px) 100vw, 1403px\" src=\"data:image\/svg+xml;base64,PHN2ZyB3aWR0aD0iMSIgaGVpZ2h0PSIxIiB4bWxucz0iaHR0cDovL3d3dy53My5vcmcvMjAwMC9zdmciPjwvc3ZnPg==\" style=\"--smush-placeholder-width: 1403px; --smush-placeholder-aspect-ratio: 1403\/466;\" \/><\/p>\n<p style=\"text-align: justify;\">Si estrechamos la comparaci\u00f3n a los denominados servicios b\u00e1sicos, o los grupos tradicionales de estudio, estas diferencias a\u00fan se ampl\u00edan mucho m\u00e1s, hasta el punto de que <strong>nuestro sector es el \u00fanico deflacionario entre todos los analizados en el periodo de estudio<\/strong>:<\/p>\n<p style=\"text-align: justify;\"><img decoding=\"async\" class=\"aligncenter size-full wp-image-415 lazyload\" data-src=\"http:\/\/ugtcomunicaciones.es\/wordpress\/wordpress\/wp-content\/uploads\/2016\/12\/precios_telecos_historicos5.png\" alt=\"precios_telecos_historicos5\" width=\"676\" height=\"734\" data-srcset=\"https:\/\/www.ugtcomunicaciones.es\/wordpress\/wp-content\/uploads\/2016\/12\/precios_telecos_historicos5.png 676w, https:\/\/www.ugtcomunicaciones.es\/wordpress\/wp-content\/uploads\/2016\/12\/precios_telecos_historicos5-276x300.png 276w, https:\/\/www.ugtcomunicaciones.es\/wordpress\/wp-content\/uploads\/2016\/12\/precios_telecos_historicos5-387x420.png 387w, https:\/\/www.ugtcomunicaciones.es\/wordpress\/wp-content\/uploads\/2016\/12\/precios_telecos_historicos5-640x695.png 640w\" data-sizes=\"(max-width: 676px) 100vw, 676px\" src=\"data:image\/svg+xml;base64,PHN2ZyB3aWR0aD0iMSIgaGVpZ2h0PSIxIiB4bWxucz0iaHR0cDovL3d3dy53My5vcmcvMjAwMC9zdmciPjwvc3ZnPg==\" style=\"--smush-placeholder-width: 676px; --smush-placeholder-aspect-ratio: 676\/734;\" \/><\/p>\n<p style=\"text-align: justify;\">Por tanto, cualquier afirmaci\u00f3n sobre el comportamiento de los precios de las comunicaciones, para ser completa, deber\u00eda anexar una referencia hist\u00f3rica que eliminase sesgos incompletos.<\/p>\n<p style=\"text-align: justify;\">Pero, adem\u00e1s, desde <strong>UGT <\/strong><strong>Comunicaciones<\/strong> seguimos insistiendo<a href=\"#_ftn1\" name=\"_ftnref1\">[1]<\/a> en que las pol\u00edticas de \u00a0precios a la baja que desincentivan la inversi\u00f3n y perjudican el empleo de calidad, y esto, siempre, deber\u00eda estar presente en cualquier an\u00e1lisis sobre la tendencia de los precios de cualquier Sector.<\/p>\n<p><a href=\"#_ftnref1\" name=\"_ftn1\">[1]<\/a> <a href=\"http:\/\/www.smcugt.org\/noticia\/la-politica-de-precios-a-la-baja-y-el-papel-de-los-reguladores-desincentiva-la-inversion-y-perjudica-el-empleo-de-calidad-id-55193.htm\">http:\/\/www.smcugt.org\/noticia\/la-politica-de-precios-a-la-baja-y-el-papel-de-los-reguladores-desincentiva-la-inversion-y-perjudica-el-empleo-de-calidad-id-55193.htm<\/a><\/p>\n<p><a href=\"#_ftnref1\" name=\"_ftn1\">[1]<\/a> <a href=\"http:\/\/www.smcugt.org\/archivos\/elementos\/2016\/el_ipc_de_comunicaciones_sube_por_primer_vez_desde_2007.pdf\">http:\/\/www.smcugt.org\/archivos\/elementos\/2016\/el_ipc_de_comunicaciones_sube_por_primer_vez_desde_2007.pdf<\/a><\/p>\n","protected":false},"excerpt":{"rendered":"<p>Ya no sorprende la noticia de la subida de los precios de las telecos. Si 2015 cerr\u00f3 con un alza del 0,5%[1], el presente ejercicio acabar\u00e1 con un incremento a\u00fan mayor, tal y como atestiguan los datos del IPC publicados por el INE para el mes de cotubre, que cifran el aumento en un +3,2%, [&hellip;]<\/p>\n","protected":false},"author":3,"featured_media":410,"comment_status":"open","ping_status":"closed","sticky":false,"template":"","format":"standard","meta":{"footnotes":""},"categories":[2,12],"tags":[],"class_list":["post-409","post","type-post","status-publish","format-standard","has-post-thumbnail","hentry","category-featured","category-regulacion"],"yoast_head":"<!-- This site is optimized with the Yoast SEO Premium plugin v27.3 (Yoast SEO v27.4) - https:\/\/yoast.com\/product\/yoast-seo-premium-wordpress\/ -->\n<title>Los precios de las telecos desde una perspectiva hist\u00f3rica - UGT Comunicaciones<\/title>\n<meta name=\"robots\" content=\"index, follow, max-snippet:-1, max-image-preview:large, max-video-preview:-1\" \/>\n<link rel=\"canonical\" href=\"https:\/\/www.ugtcomunicaciones.es\/wordpress\/los-precios-de-las-telecos-desde-una-perspectiva-historica\/\" \/>\n<meta property=\"og:locale\" content=\"es_ES\" \/>\n<meta property=\"og:type\" content=\"article\" \/>\n<meta property=\"og:title\" content=\"Los precios de las telecos desde una perspectiva hist\u00f3rica\" \/>\n<meta property=\"og:description\" content=\"Ya no sorprende la noticia de la subida de los precios de las telecos. Si 2015 cerr\u00f3 con un alza del 0,5%[1], el presente ejercicio acabar\u00e1 con un incremento a\u00fan mayor, tal y como atestiguan los datos del IPC publicados por el INE para el mes de cotubre, que cifran el aumento en un +3,2%, [&hellip;]\" \/>\n<meta property=\"og:url\" content=\"https:\/\/www.ugtcomunicaciones.es\/wordpress\/los-precios-de-las-telecos-desde-una-perspectiva-historica\/\" \/>\n<meta property=\"og:site_name\" content=\"UGT Comunicaciones\" \/>\n<meta property=\"article:publisher\" content=\"https:\/\/www.facebook.com\/ugt.comunicaciones\/\" \/>\n<meta property=\"article:published_time\" content=\"2016-12-09T12:36:40+00:00\" \/>\n<meta property=\"article:modified_time\" content=\"2017-06-28T07:14:46+00:00\" \/>\n<meta property=\"og:image\" content=\"https:\/\/www.ugtcomunicaciones.es\/wordpress\/wp-content\/uploads\/2016\/12\/TELECOM.jpg\" \/>\n\t<meta property=\"og:image:width\" content=\"332\" \/>\n\t<meta property=\"og:image:height\" content=\"270\" \/>\n\t<meta property=\"og:image:type\" content=\"image\/jpeg\" \/>\n<meta name=\"author\" content=\"UGT\" \/>\n<meta name=\"twitter:card\" content=\"summary_large_image\" \/>\n<meta name=\"twitter:creator\" content=\"@ugtcom\" \/>\n<meta name=\"twitter:site\" content=\"@ugtcom\" \/>\n<meta name=\"twitter:label1\" content=\"Escrito por\" \/>\n\t<meta name=\"twitter:data1\" content=\"UGT\" \/>\n\t<meta name=\"twitter:label2\" content=\"Tiempo de lectura\" \/>\n\t<meta name=\"twitter:data2\" content=\"3 minutos\" \/>\n<script type=\"application\/ld+json\" class=\"yoast-schema-graph\">{\"@context\":\"https:\\\/\\\/schema.org\",\"@graph\":[{\"@type\":\"Article\",\"@id\":\"https:\\\/\\\/www.ugtcomunicaciones.es\\\/wordpress\\\/los-precios-de-las-telecos-desde-una-perspectiva-historica\\\/#article\",\"isPartOf\":{\"@id\":\"https:\\\/\\\/www.ugtcomunicaciones.es\\\/wordpress\\\/los-precios-de-las-telecos-desde-una-perspectiva-historica\\\/\"},\"author\":{\"name\":\"UGT\",\"@id\":\"https:\\\/\\\/www.ugtcomunicaciones.es\\\/wordpress\\\/#\\\/schema\\\/person\\\/eba0fc3fe5b444531d94d4368cba89ed\"},\"headline\":\"Los precios de las telecos desde una perspectiva hist\u00f3rica\",\"datePublished\":\"2016-12-09T12:36:40+00:00\",\"dateModified\":\"2017-06-28T07:14:46+00:00\",\"mainEntityOfPage\":{\"@id\":\"https:\\\/\\\/www.ugtcomunicaciones.es\\\/wordpress\\\/los-precios-de-las-telecos-desde-una-perspectiva-historica\\\/\"},\"wordCount\":512,\"commentCount\":0,\"publisher\":{\"@id\":\"https:\\\/\\\/www.ugtcomunicaciones.es\\\/wordpress\\\/#organization\"},\"image\":{\"@id\":\"https:\\\/\\\/www.ugtcomunicaciones.es\\\/wordpress\\\/los-precios-de-las-telecos-desde-una-perspectiva-historica\\\/#primaryimage\"},\"thumbnailUrl\":\"https:\\\/\\\/www.ugtcomunicaciones.es\\\/wordpress\\\/wp-content\\\/uploads\\\/2016\\\/12\\\/TELECOM.jpg\",\"articleSection\":[\"Featured\",\"Regulaci\u00f3n\"],\"inLanguage\":\"es\",\"potentialAction\":[{\"@type\":\"CommentAction\",\"name\":\"Comment\",\"target\":[\"https:\\\/\\\/www.ugtcomunicaciones.es\\\/wordpress\\\/los-precios-de-las-telecos-desde-una-perspectiva-historica\\\/#respond\"]}]},{\"@type\":\"WebPage\",\"@id\":\"https:\\\/\\\/www.ugtcomunicaciones.es\\\/wordpress\\\/los-precios-de-las-telecos-desde-una-perspectiva-historica\\\/\",\"url\":\"https:\\\/\\\/www.ugtcomunicaciones.es\\\/wordpress\\\/los-precios-de-las-telecos-desde-una-perspectiva-historica\\\/\",\"name\":\"Los precios de las telecos desde una perspectiva hist\u00f3rica - UGT Comunicaciones\",\"isPartOf\":{\"@id\":\"https:\\\/\\\/www.ugtcomunicaciones.es\\\/wordpress\\\/#website\"},\"primaryImageOfPage\":{\"@id\":\"https:\\\/\\\/www.ugtcomunicaciones.es\\\/wordpress\\\/los-precios-de-las-telecos-desde-una-perspectiva-historica\\\/#primaryimage\"},\"image\":{\"@id\":\"https:\\\/\\\/www.ugtcomunicaciones.es\\\/wordpress\\\/los-precios-de-las-telecos-desde-una-perspectiva-historica\\\/#primaryimage\"},\"thumbnailUrl\":\"https:\\\/\\\/www.ugtcomunicaciones.es\\\/wordpress\\\/wp-content\\\/uploads\\\/2016\\\/12\\\/TELECOM.jpg\",\"datePublished\":\"2016-12-09T12:36:40+00:00\",\"dateModified\":\"2017-06-28T07:14:46+00:00\",\"breadcrumb\":{\"@id\":\"https:\\\/\\\/www.ugtcomunicaciones.es\\\/wordpress\\\/los-precios-de-las-telecos-desde-una-perspectiva-historica\\\/#breadcrumb\"},\"inLanguage\":\"es\",\"potentialAction\":[{\"@type\":\"ReadAction\",\"target\":[\"https:\\\/\\\/www.ugtcomunicaciones.es\\\/wordpress\\\/los-precios-de-las-telecos-desde-una-perspectiva-historica\\\/\"]}]},{\"@type\":\"ImageObject\",\"inLanguage\":\"es\",\"@id\":\"https:\\\/\\\/www.ugtcomunicaciones.es\\\/wordpress\\\/los-precios-de-las-telecos-desde-una-perspectiva-historica\\\/#primaryimage\",\"url\":\"https:\\\/\\\/www.ugtcomunicaciones.es\\\/wordpress\\\/wp-content\\\/uploads\\\/2016\\\/12\\\/TELECOM.jpg\",\"contentUrl\":\"https:\\\/\\\/www.ugtcomunicaciones.es\\\/wordpress\\\/wp-content\\\/uploads\\\/2016\\\/12\\\/TELECOM.jpg\",\"width\":332,\"height\":270},{\"@type\":\"BreadcrumbList\",\"@id\":\"https:\\\/\\\/www.ugtcomunicaciones.es\\\/wordpress\\\/los-precios-de-las-telecos-desde-una-perspectiva-historica\\\/#breadcrumb\",\"itemListElement\":[{\"@type\":\"ListItem\",\"position\":1,\"name\":\"Portada\",\"item\":\"https:\\\/\\\/www.ugtcomunicaciones.es\\\/wordpress\\\/\"},{\"@type\":\"ListItem\",\"position\":2,\"name\":\"Los precios de las telecos desde una perspectiva hist\u00f3rica\"}]},{\"@type\":\"WebSite\",\"@id\":\"https:\\\/\\\/www.ugtcomunicaciones.es\\\/wordpress\\\/#website\",\"url\":\"https:\\\/\\\/www.ugtcomunicaciones.es\\\/wordpress\\\/\",\"name\":\"UGT Comunicaciones\",\"description\":\"Sindicato de Telecomunicaciones\",\"publisher\":{\"@id\":\"https:\\\/\\\/www.ugtcomunicaciones.es\\\/wordpress\\\/#organization\"},\"potentialAction\":[{\"@type\":\"SearchAction\",\"target\":{\"@type\":\"EntryPoint\",\"urlTemplate\":\"https:\\\/\\\/www.ugtcomunicaciones.es\\\/wordpress\\\/?s={search_term_string}\"},\"query-input\":{\"@type\":\"PropertyValueSpecification\",\"valueRequired\":true,\"valueName\":\"search_term_string\"}}],\"inLanguage\":\"es\"},{\"@type\":\"Organization\",\"@id\":\"https:\\\/\\\/www.ugtcomunicaciones.es\\\/wordpress\\\/#organization\",\"name\":\"UGT Comunicaciones\",\"url\":\"https:\\\/\\\/www.ugtcomunicaciones.es\\\/wordpress\\\/\",\"logo\":{\"@type\":\"ImageObject\",\"inLanguage\":\"es\",\"@id\":\"https:\\\/\\\/www.ugtcomunicaciones.es\\\/wordpress\\\/#\\\/schema\\\/logo\\\/image\\\/\",\"url\":\"https:\\\/\\\/www.ugtcomunicaciones.es\\\/wordpress\\\/wp-content\\\/uploads\\\/2024\\\/04\\\/comunicaciones_logo.png\",\"contentUrl\":\"https:\\\/\\\/www.ugtcomunicaciones.es\\\/wordpress\\\/wp-content\\\/uploads\\\/2024\\\/04\\\/comunicaciones_logo.png\",\"width\":298,\"height\":81,\"caption\":\"UGT Comunicaciones\"},\"image\":{\"@id\":\"https:\\\/\\\/www.ugtcomunicaciones.es\\\/wordpress\\\/#\\\/schema\\\/logo\\\/image\\\/\"},\"sameAs\":[\"https:\\\/\\\/www.facebook.com\\\/ugt.comunicaciones\\\/\",\"https:\\\/\\\/x.com\\\/ugtcom\"]},{\"@type\":\"Person\",\"@id\":\"https:\\\/\\\/www.ugtcomunicaciones.es\\\/wordpress\\\/#\\\/schema\\\/person\\\/eba0fc3fe5b444531d94d4368cba89ed\",\"name\":\"UGT\",\"image\":{\"@type\":\"ImageObject\",\"inLanguage\":\"es\",\"@id\":\"https:\\\/\\\/secure.gravatar.com\\\/avatar\\\/2a16057d620a4c646bcfc171c4f23030879ebbdd346f0525bd5d4a564e57e13d?s=96&d=mm&r=g\",\"url\":\"https:\\\/\\\/secure.gravatar.com\\\/avatar\\\/2a16057d620a4c646bcfc171c4f23030879ebbdd346f0525bd5d4a564e57e13d?s=96&d=mm&r=g\",\"contentUrl\":\"https:\\\/\\\/secure.gravatar.com\\\/avatar\\\/2a16057d620a4c646bcfc171c4f23030879ebbdd346f0525bd5d4a564e57e13d?s=96&d=mm&r=g\",\"caption\":\"UGT\"}}]}<\/script>\n<!-- \/ Yoast SEO Premium plugin. -->","yoast_head_json":{"title":"Los precios de las telecos desde una perspectiva hist\u00f3rica - UGT Comunicaciones","robots":{"index":"index","follow":"follow","max-snippet":"max-snippet:-1","max-image-preview":"max-image-preview:large","max-video-preview":"max-video-preview:-1"},"canonical":"https:\/\/www.ugtcomunicaciones.es\/wordpress\/los-precios-de-las-telecos-desde-una-perspectiva-historica\/","og_locale":"es_ES","og_type":"article","og_title":"Los precios de las telecos desde una perspectiva hist\u00f3rica","og_description":"Ya no sorprende la noticia de la subida de los precios de las telecos. Si 2015 cerr\u00f3 con un alza del 0,5%[1], el presente ejercicio acabar\u00e1 con un incremento a\u00fan mayor, tal y como atestiguan los datos del IPC publicados por el INE para el mes de cotubre, que cifran el aumento en un +3,2%, [&hellip;]","og_url":"https:\/\/www.ugtcomunicaciones.es\/wordpress\/los-precios-de-las-telecos-desde-una-perspectiva-historica\/","og_site_name":"UGT Comunicaciones","article_publisher":"https:\/\/www.facebook.com\/ugt.comunicaciones\/","article_published_time":"2016-12-09T12:36:40+00:00","article_modified_time":"2017-06-28T07:14:46+00:00","og_image":[{"width":332,"height":270,"url":"https:\/\/www.ugtcomunicaciones.es\/wordpress\/wp-content\/uploads\/2016\/12\/TELECOM.jpg","type":"image\/jpeg"}],"author":"UGT","twitter_card":"summary_large_image","twitter_creator":"@ugtcom","twitter_site":"@ugtcom","twitter_misc":{"Escrito por":"UGT","Tiempo de lectura":"3 minutos"},"schema":{"@context":"https:\/\/schema.org","@graph":[{"@type":"Article","@id":"https:\/\/www.ugtcomunicaciones.es\/wordpress\/los-precios-de-las-telecos-desde-una-perspectiva-historica\/#article","isPartOf":{"@id":"https:\/\/www.ugtcomunicaciones.es\/wordpress\/los-precios-de-las-telecos-desde-una-perspectiva-historica\/"},"author":{"name":"UGT","@id":"https:\/\/www.ugtcomunicaciones.es\/wordpress\/#\/schema\/person\/eba0fc3fe5b444531d94d4368cba89ed"},"headline":"Los precios de las telecos desde una perspectiva hist\u00f3rica","datePublished":"2016-12-09T12:36:40+00:00","dateModified":"2017-06-28T07:14:46+00:00","mainEntityOfPage":{"@id":"https:\/\/www.ugtcomunicaciones.es\/wordpress\/los-precios-de-las-telecos-desde-una-perspectiva-historica\/"},"wordCount":512,"commentCount":0,"publisher":{"@id":"https:\/\/www.ugtcomunicaciones.es\/wordpress\/#organization"},"image":{"@id":"https:\/\/www.ugtcomunicaciones.es\/wordpress\/los-precios-de-las-telecos-desde-una-perspectiva-historica\/#primaryimage"},"thumbnailUrl":"https:\/\/www.ugtcomunicaciones.es\/wordpress\/wp-content\/uploads\/2016\/12\/TELECOM.jpg","articleSection":["Featured","Regulaci\u00f3n"],"inLanguage":"es","potentialAction":[{"@type":"CommentAction","name":"Comment","target":["https:\/\/www.ugtcomunicaciones.es\/wordpress\/los-precios-de-las-telecos-desde-una-perspectiva-historica\/#respond"]}]},{"@type":"WebPage","@id":"https:\/\/www.ugtcomunicaciones.es\/wordpress\/los-precios-de-las-telecos-desde-una-perspectiva-historica\/","url":"https:\/\/www.ugtcomunicaciones.es\/wordpress\/los-precios-de-las-telecos-desde-una-perspectiva-historica\/","name":"Los precios de las telecos desde una perspectiva hist\u00f3rica - UGT Comunicaciones","isPartOf":{"@id":"https:\/\/www.ugtcomunicaciones.es\/wordpress\/#website"},"primaryImageOfPage":{"@id":"https:\/\/www.ugtcomunicaciones.es\/wordpress\/los-precios-de-las-telecos-desde-una-perspectiva-historica\/#primaryimage"},"image":{"@id":"https:\/\/www.ugtcomunicaciones.es\/wordpress\/los-precios-de-las-telecos-desde-una-perspectiva-historica\/#primaryimage"},"thumbnailUrl":"https:\/\/www.ugtcomunicaciones.es\/wordpress\/wp-content\/uploads\/2016\/12\/TELECOM.jpg","datePublished":"2016-12-09T12:36:40+00:00","dateModified":"2017-06-28T07:14:46+00:00","breadcrumb":{"@id":"https:\/\/www.ugtcomunicaciones.es\/wordpress\/los-precios-de-las-telecos-desde-una-perspectiva-historica\/#breadcrumb"},"inLanguage":"es","potentialAction":[{"@type":"ReadAction","target":["https:\/\/www.ugtcomunicaciones.es\/wordpress\/los-precios-de-las-telecos-desde-una-perspectiva-historica\/"]}]},{"@type":"ImageObject","inLanguage":"es","@id":"https:\/\/www.ugtcomunicaciones.es\/wordpress\/los-precios-de-las-telecos-desde-una-perspectiva-historica\/#primaryimage","url":"https:\/\/www.ugtcomunicaciones.es\/wordpress\/wp-content\/uploads\/2016\/12\/TELECOM.jpg","contentUrl":"https:\/\/www.ugtcomunicaciones.es\/wordpress\/wp-content\/uploads\/2016\/12\/TELECOM.jpg","width":332,"height":270},{"@type":"BreadcrumbList","@id":"https:\/\/www.ugtcomunicaciones.es\/wordpress\/los-precios-de-las-telecos-desde-una-perspectiva-historica\/#breadcrumb","itemListElement":[{"@type":"ListItem","position":1,"name":"Portada","item":"https:\/\/www.ugtcomunicaciones.es\/wordpress\/"},{"@type":"ListItem","position":2,"name":"Los precios de las telecos desde una perspectiva hist\u00f3rica"}]},{"@type":"WebSite","@id":"https:\/\/www.ugtcomunicaciones.es\/wordpress\/#website","url":"https:\/\/www.ugtcomunicaciones.es\/wordpress\/","name":"UGT Comunicaciones","description":"Sindicato de Telecomunicaciones","publisher":{"@id":"https:\/\/www.ugtcomunicaciones.es\/wordpress\/#organization"},"potentialAction":[{"@type":"SearchAction","target":{"@type":"EntryPoint","urlTemplate":"https:\/\/www.ugtcomunicaciones.es\/wordpress\/?s={search_term_string}"},"query-input":{"@type":"PropertyValueSpecification","valueRequired":true,"valueName":"search_term_string"}}],"inLanguage":"es"},{"@type":"Organization","@id":"https:\/\/www.ugtcomunicaciones.es\/wordpress\/#organization","name":"UGT Comunicaciones","url":"https:\/\/www.ugtcomunicaciones.es\/wordpress\/","logo":{"@type":"ImageObject","inLanguage":"es","@id":"https:\/\/www.ugtcomunicaciones.es\/wordpress\/#\/schema\/logo\/image\/","url":"https:\/\/www.ugtcomunicaciones.es\/wordpress\/wp-content\/uploads\/2024\/04\/comunicaciones_logo.png","contentUrl":"https:\/\/www.ugtcomunicaciones.es\/wordpress\/wp-content\/uploads\/2024\/04\/comunicaciones_logo.png","width":298,"height":81,"caption":"UGT Comunicaciones"},"image":{"@id":"https:\/\/www.ugtcomunicaciones.es\/wordpress\/#\/schema\/logo\/image\/"},"sameAs":["https:\/\/www.facebook.com\/ugt.comunicaciones\/","https:\/\/x.com\/ugtcom"]},{"@type":"Person","@id":"https:\/\/www.ugtcomunicaciones.es\/wordpress\/#\/schema\/person\/eba0fc3fe5b444531d94d4368cba89ed","name":"UGT","image":{"@type":"ImageObject","inLanguage":"es","@id":"https:\/\/secure.gravatar.com\/avatar\/2a16057d620a4c646bcfc171c4f23030879ebbdd346f0525bd5d4a564e57e13d?s=96&d=mm&r=g","url":"https:\/\/secure.gravatar.com\/avatar\/2a16057d620a4c646bcfc171c4f23030879ebbdd346f0525bd5d4a564e57e13d?s=96&d=mm&r=g","contentUrl":"https:\/\/secure.gravatar.com\/avatar\/2a16057d620a4c646bcfc171c4f23030879ebbdd346f0525bd5d4a564e57e13d?s=96&d=mm&r=g","caption":"UGT"}}]}},"_links":{"self":[{"href":"https:\/\/www.ugtcomunicaciones.es\/wordpress\/wp-json\/wp\/v2\/posts\/409","targetHints":{"allow":["GET"]}}],"collection":[{"href":"https:\/\/www.ugtcomunicaciones.es\/wordpress\/wp-json\/wp\/v2\/posts"}],"about":[{"href":"https:\/\/www.ugtcomunicaciones.es\/wordpress\/wp-json\/wp\/v2\/types\/post"}],"author":[{"embeddable":true,"href":"https:\/\/www.ugtcomunicaciones.es\/wordpress\/wp-json\/wp\/v2\/users\/3"}],"replies":[{"embeddable":true,"href":"https:\/\/www.ugtcomunicaciones.es\/wordpress\/wp-json\/wp\/v2\/comments?post=409"}],"version-history":[{"count":0,"href":"https:\/\/www.ugtcomunicaciones.es\/wordpress\/wp-json\/wp\/v2\/posts\/409\/revisions"}],"wp:featuredmedia":[{"embeddable":true,"href":"https:\/\/www.ugtcomunicaciones.es\/wordpress\/wp-json\/wp\/v2\/media\/410"}],"wp:attachment":[{"href":"https:\/\/www.ugtcomunicaciones.es\/wordpress\/wp-json\/wp\/v2\/media?parent=409"}],"wp:term":[{"taxonomy":"category","embeddable":true,"href":"https:\/\/www.ugtcomunicaciones.es\/wordpress\/wp-json\/wp\/v2\/categories?post=409"},{"taxonomy":"post_tag","embeddable":true,"href":"https:\/\/www.ugtcomunicaciones.es\/wordpress\/wp-json\/wp\/v2\/tags?post=409"}],"curies":[{"name":"wp","href":"https:\/\/api.w.org\/{rel}","templated":true}]}}