{"id":41111,"date":"2017-10-16T08:00:30","date_gmt":"2017-10-16T06:00:30","guid":{"rendered":"http:\/\/ugtcomunicaciones.es\/wordpress\/?p=41111"},"modified":"2017-10-03T12:09:57","modified_gmt":"2017-10-03T10:09:57","slug":"las-solicitudes-formacion-tecnologica-postgrado-triplican-presupuesto-del-gobierno","status":"publish","type":"post","link":"https:\/\/www.ugtcomunicaciones.es\/wordpress\/las-solicitudes-formacion-tecnologica-postgrado-triplican-presupuesto-del-gobierno\/","title":{"rendered":"Las solicitudes de formaci\u00f3n tecnol\u00f3gica de postgrado triplican el presupuesto del gobierno"},"content":{"rendered":"<p style=\"text-align: justify;\">El pasado mes de marzo, el Ministerio de Agenda Digital public\u00f3 la convocatoria de ayudas para centros de formaci\u00f3n que realizasen cursos dirigidos a licenciados o graduados para mejorar su capacitaci\u00f3n tecnol\u00f3gica mediante formaci\u00f3n de postgrado<a href=\"#_ftn1\" name=\"_ftnref1\">[1]<\/a>.<\/p>\n<h3 style=\"text-align: right;\"><span style=\"color: #ff0000;\"><img decoding=\"async\" class=\"size-full wp-image-41113 alignleft lazyload\" style=\"--smush-placeholder-width: 293px; --smush-placeholder-aspect-ratio: 293\/76;color: #222222; font-family: Verdana, Geneva, sans-serif; font-size: xx-small;\" data-src=\"http:\/\/ugtcomunicaciones.es\/wordpress\/wp-content\/uploads\/2017\/10\/logo-ministerio.png\" alt=\"\" width=\"293\" height=\"76\" src=\"data:image\/svg+xml;base64,PHN2ZyB3aWR0aD0iMSIgaGVpZ2h0PSIxIiB4bWxucz0iaHR0cDovL3d3dy53My5vcmcvMjAwMC9zdmciPjwvc3ZnPg==\" \/><\/span><\/h3>\n<p style=\"text-align: justify;\">Este programa, denominado \u201cProfesionales Digitales Formaci\u00f3n Postgrado\u201d, contaba con un presupuesto\u00a0de 2.000.000 de euros, con un importe m\u00e1ximo de 200.000\u20ac por centro formativo y financiaba materias como el comercio electr\u00f3nico; marketing digital y comunicaci\u00f3n online; los videojuegos, animaci\u00f3n y efectos especiales; programaci\u00f3n en tecnolog\u00edas web y m\u00f3viles; cloud computing; big data; Internet de las cosas (IoT); industria 4.0; ciudades inteligentes; usabilidad y experiencia de usuario; metodolog\u00edas de innovaci\u00f3n aplicadas a la transformaci\u00f3n digital y el emprendimiento; ciberseguridad y realidad virtual y aumentada. El veh\u00edculo elegido para la gesti\u00f3n de estas ayudas era la entidad p\u00fablica Red.es, dependiente de dicho Ministerio y se financiaba con recursos del Fondo Social Europeo (FSE, con cargo al Programa Operativo Empleo, Formaci\u00f3n y Educaci\u00f3n).<\/p>\n<p style=\"text-align: justify;\"><img decoding=\"async\" class=\"size-full wp-image-41114 alignleft lazyload\" data-src=\"http:\/\/ugtcomunicaciones.es\/wordpress\/wp-content\/uploads\/2017\/10\/logo-red.es_.png\" alt=\"\" width=\"142\" height=\"47\" src=\"data:image\/svg+xml;base64,PHN2ZyB3aWR0aD0iMSIgaGVpZ2h0PSIxIiB4bWxucz0iaHR0cDovL3d3dy53My5vcmcvMjAwMC9zdmciPjwvc3ZnPg==\" style=\"--smush-placeholder-width: 142px; --smush-placeholder-aspect-ratio: 142\/47;\" \/>La iniciativa buscaba <em>\u201caumentar la formaci\u00f3n en programas de econom\u00eda digital para cubrir el desequilibrio existente entre la demanda y oferta de profesionales de estas caracter\u00edsticas. Por ello, por un lado, mejorar\u00e1 la adaptaci\u00f3n de las personas a las demandas del mercado laboral -derivadas de las innovaciones en tecnolog\u00edas de la informaci\u00f3n y la comunicaci\u00f3n- y, por otro se tratar\u00e1 de fomentar el emprendimiento de base tecnol\u00f3gica\u201d<\/em>.<\/p>\n<p style=\"text-align: justify;\">Una vez acabado el plazo, Red.es informaba de que se hab\u00edan recibido peticiones por casi 7 millones de euros (en concreto, 6,8 millones). Es decir, m\u00e1s del triple de lo presupuestado. El Ministerio, haciendo caso omiso\u00a0de este abrumador inter\u00e9s, se limit\u00f3 a decir en una nota que <em>\u201clos dos millones euros previstos se distribuir\u00e1n entre todas las instituciones que lo han solicitado, siempre que cumplan con los requisitos requeridos<a href=\"#_ftn2\" name=\"_ftnref2\"><strong>[2]<\/strong><\/a>\u201d<\/em>.<\/p>\n<p style=\"text-align: justify;\">Es decir, nada de revisar, ampliar o mejorar la convocatoria y su financiaci\u00f3n. Sin reflejos, sin m\u00fasculo para atender las necesidades de las universidades y de los ciudadanos para mejorar sus competencias digitales.<\/p>\n<p style=\"text-align: justify;\">Y esto ocurre mientras existe un consenso un\u00e1nime sobre la necesidad de mejorar las habilidades tecnol\u00f3gicas de nuestra poblaci\u00f3n, entre las m\u00e1s deficientes de Europa. Recordemos que hace escasos meses,<span style=\"color: #ff0000;\"> <strong>UGT<\/strong><\/span>, CCOO y AMETIC aprobaron un Manifiesto por el Talento Digital en donde afirm\u00e1bamos que el \u201cdesarrollo de la digitalizaci\u00f3n requiere que todos los agentes involucrados sean m\u00e1s proactivos para liderar el cambio y, sobre todo, la Administraci\u00f3n, que debe jugar un papel de impulsor, regulador y equilibrador del desarrollo del proceso<a href=\"#_ftn3\" name=\"_ftnref3\">[3]<\/a>\u201d. Por ahora, parece que no han recibido o entendido el mensaje.<\/p>\n<p style=\"text-align: justify;\">Pero es que adem\u00e1s de ser un presupuesto claramente insuficiente y que no atiende las demandas de universidades y mercado de trabajo, se focaliza en un segmento muy restringido de personas, que sin duda son necesarias para mejorar la Sociedad de la Informaci\u00f3n, pero quiz\u00e1s no las m\u00e1s necesitadas de formaci\u00f3n. Por poner uno entre los muchos ejemplos que podr\u00edamos exponer, existen parados de larga duraci\u00f3n sin conocimientos en TIC, imprescindibles para mejorar su empleabilidad. Para ellos no existen alternativas, como para otros muchos.<\/p>\n<p style=\"text-align: justify;\">Y hablando ya de nuestro Sector, tampoco podemos olvidar que, por poner un \u00faltimo ejemplo, Francia invertir\u00e1 3 millones de euros para formar a personas en fibra \u00f3ptica, que crear\u00e1n 20.000 puestos de trabajo.<\/p>\n<p style=\"text-align: justify;\">Huelga hacer m\u00e1s comentarios, los datos son los que son y las consecuencias ya las estamos sufriendo, aunque posiblemente las veamos m\u00e1s adelante, cuando los pa\u00edses que nos rodean mejoren su econom\u00eda y su bienestar social, o soporten mejor las crisis econ\u00f3micas, mientras Espa\u00f1a sigue anclada en un pasado anal\u00f3gico.<\/p>\n<h3 style=\"text-align: right;\"><span style=\"color: #ff0000;\"><strong>UGT<\/strong><\/span><strong> Comunicaciones<\/strong><\/h3>\n<p><span style=\"font-size: xx-small;\"><a href=\"#_ftnref1\" name=\"_ftn1\">[1]<\/a> <a href=\"http:\/\/www.minetad.gob.es\/es-es\/gabineteprensa\/notasprensa\/2017\/Paginas\/ElMinisteriodestinadosmillonesdeeurosalaformaci%C3%B3ndeprofesionalestecnol%C3%B3gicos.aspx\" target=\"_blank\" rel=\"noopener\">http:\/\/www.minetad.gob.es\/es-es\/&#8230;B3gicos.aspx<\/a><br \/>\n<a href=\"#_ftnref2\" name=\"_ftn2\">[2]<\/a> <a href=\"http:\/\/www.red.es\/redes\/es\/magazin-red\/noticias\/las-entidades-educativas-solicitan-68-millones-en-ayudas-para-formaci%C3%B3n-de\" target=\"_blank\" rel=\"noopener\">http:\/\/www.red.es\/redes\/es\/magazin-red\/noticias\/las-entidades-educativas-solicitan-68-millones-en-ayudas-para-formaci%C3%B3n-de<\/a><br \/>\n<a href=\"#_ftnref3\" name=\"_ftn3\">[3]<\/a> <a href=\"http:\/\/ugtcomunicaciones.es\/wordpress\/ugt-la-patronal-ametic-suscriben-manifiesto-promover-talento-digital\/\" target=\"_blank\" rel=\"noopener\">http:\/\/ugtcomunicaciones.es\/wordpress\/ugt-la-patronal-ametic-suscriben-manifiesto-promover-talento-digital\/<\/a><\/span><\/p>\n","protected":false},"excerpt":{"rendered":"<p>El pasado mes de marzo, el Ministerio de Agenda Digital public\u00f3 la convocatoria de ayudas para centros de formaci\u00f3n que realizasen cursos dirigidos a licenciados o graduados para mejorar su capacitaci\u00f3n tecnol\u00f3gica mediante formaci\u00f3n de postgrado[1]. Este programa, denominado \u201cProfesionales Digitales Formaci\u00f3n Postgrado\u201d, contaba con un presupuesto\u00a0de 2.000.000 de euros, con un importe m\u00e1ximo de [&hellip;]<\/p>\n","protected":false},"author":3,"featured_media":41128,"comment_status":"open","ping_status":"closed","sticky":false,"template":"","format":"standard","meta":{"footnotes":""},"categories":[14,12],"tags":[],"class_list":["post-41111","post","type-post","status-publish","format-standard","has-post-thumbnail","hentry","category-opinion","category-regulacion"],"yoast_head":"<!-- This site is optimized with the Yoast SEO Premium plugin v27.3 (Yoast SEO v27.4) - https:\/\/yoast.com\/product\/yoast-seo-premium-wordpress\/ -->\n<title>Las solicitudes de formaci\u00f3n tecnol\u00f3gica de postgrado triplican el presupuesto del gobierno - UGT Comunicaciones<\/title>\n<meta name=\"robots\" content=\"index, follow, max-snippet:-1, max-image-preview:large, max-video-preview:-1\" \/>\n<link rel=\"canonical\" href=\"https:\/\/www.ugtcomunicaciones.es\/wordpress\/las-solicitudes-formacion-tecnologica-postgrado-triplican-presupuesto-del-gobierno\/\" \/>\n<meta property=\"og:locale\" content=\"es_ES\" \/>\n<meta property=\"og:type\" content=\"article\" \/>\n<meta property=\"og:title\" content=\"Las solicitudes de formaci\u00f3n tecnol\u00f3gica de postgrado triplican el presupuesto del gobierno\" \/>\n<meta property=\"og:description\" content=\"El pasado mes de marzo, el Ministerio de Agenda Digital public\u00f3 la convocatoria de ayudas para centros de formaci\u00f3n que realizasen cursos dirigidos a licenciados o graduados para mejorar su capacitaci\u00f3n tecnol\u00f3gica mediante formaci\u00f3n de postgrado[1]. Este programa, denominado \u201cProfesionales Digitales Formaci\u00f3n Postgrado\u201d, contaba con un presupuesto\u00a0de 2.000.000 de euros, con un importe m\u00e1ximo de [&hellip;]\" \/>\n<meta property=\"og:url\" content=\"https:\/\/www.ugtcomunicaciones.es\/wordpress\/las-solicitudes-formacion-tecnologica-postgrado-triplican-presupuesto-del-gobierno\/\" \/>\n<meta property=\"og:site_name\" content=\"UGT Comunicaciones\" \/>\n<meta property=\"article:publisher\" content=\"https:\/\/www.facebook.com\/ugt.comunicaciones\/\" \/>\n<meta property=\"article:published_time\" content=\"2017-10-16T06:00:30+00:00\" \/>\n<meta property=\"og:image\" content=\"https:\/\/www.ugtcomunicaciones.es\/wordpress\/wp-content\/uploads\/2017\/10\/postgrado_portada_-16-10-17.jpg\" \/>\n\t<meta property=\"og:image:width\" content=\"600\" \/>\n\t<meta property=\"og:image:height\" content=\"400\" \/>\n\t<meta property=\"og:image:type\" content=\"image\/jpeg\" \/>\n<meta name=\"author\" content=\"UGT\" \/>\n<meta name=\"twitter:card\" content=\"summary_large_image\" \/>\n<meta name=\"twitter:creator\" content=\"@ugtcom\" \/>\n<meta name=\"twitter:site\" content=\"@ugtcom\" \/>\n<meta name=\"twitter:label1\" content=\"Escrito por\" \/>\n\t<meta name=\"twitter:data1\" content=\"UGT\" \/>\n\t<meta name=\"twitter:label2\" content=\"Tiempo de lectura\" \/>\n\t<meta name=\"twitter:data2\" content=\"3 minutos\" \/>\n<script type=\"application\/ld+json\" class=\"yoast-schema-graph\">{\"@context\":\"https:\\\/\\\/schema.org\",\"@graph\":[{\"@type\":\"Article\",\"@id\":\"https:\\\/\\\/www.ugtcomunicaciones.es\\\/wordpress\\\/las-solicitudes-formacion-tecnologica-postgrado-triplican-presupuesto-del-gobierno\\\/#article\",\"isPartOf\":{\"@id\":\"https:\\\/\\\/www.ugtcomunicaciones.es\\\/wordpress\\\/las-solicitudes-formacion-tecnologica-postgrado-triplican-presupuesto-del-gobierno\\\/\"},\"author\":{\"name\":\"UGT\",\"@id\":\"https:\\\/\\\/www.ugtcomunicaciones.es\\\/wordpress\\\/#\\\/schema\\\/person\\\/eba0fc3fe5b444531d94d4368cba89ed\"},\"headline\":\"Las solicitudes de formaci\u00f3n tecnol\u00f3gica de postgrado triplican el presupuesto del gobierno\",\"datePublished\":\"2017-10-16T06:00:30+00:00\",\"mainEntityOfPage\":{\"@id\":\"https:\\\/\\\/www.ugtcomunicaciones.es\\\/wordpress\\\/las-solicitudes-formacion-tecnologica-postgrado-triplican-presupuesto-del-gobierno\\\/\"},\"wordCount\":682,\"commentCount\":0,\"publisher\":{\"@id\":\"https:\\\/\\\/www.ugtcomunicaciones.es\\\/wordpress\\\/#organization\"},\"image\":{\"@id\":\"https:\\\/\\\/www.ugtcomunicaciones.es\\\/wordpress\\\/las-solicitudes-formacion-tecnologica-postgrado-triplican-presupuesto-del-gobierno\\\/#primaryimage\"},\"thumbnailUrl\":\"https:\\\/\\\/www.ugtcomunicaciones.es\\\/wordpress\\\/wp-content\\\/uploads\\\/2017\\\/10\\\/postgrado_portada_-16-10-17.jpg\",\"articleSection\":[\"Opini\u00f3n\",\"Regulaci\u00f3n\"],\"inLanguage\":\"es\",\"potentialAction\":[{\"@type\":\"CommentAction\",\"name\":\"Comment\",\"target\":[\"https:\\\/\\\/www.ugtcomunicaciones.es\\\/wordpress\\\/las-solicitudes-formacion-tecnologica-postgrado-triplican-presupuesto-del-gobierno\\\/#respond\"]}]},{\"@type\":\"WebPage\",\"@id\":\"https:\\\/\\\/www.ugtcomunicaciones.es\\\/wordpress\\\/las-solicitudes-formacion-tecnologica-postgrado-triplican-presupuesto-del-gobierno\\\/\",\"url\":\"https:\\\/\\\/www.ugtcomunicaciones.es\\\/wordpress\\\/las-solicitudes-formacion-tecnologica-postgrado-triplican-presupuesto-del-gobierno\\\/\",\"name\":\"Las solicitudes de formaci\u00f3n tecnol\u00f3gica de postgrado triplican el presupuesto del gobierno - UGT Comunicaciones\",\"isPartOf\":{\"@id\":\"https:\\\/\\\/www.ugtcomunicaciones.es\\\/wordpress\\\/#website\"},\"primaryImageOfPage\":{\"@id\":\"https:\\\/\\\/www.ugtcomunicaciones.es\\\/wordpress\\\/las-solicitudes-formacion-tecnologica-postgrado-triplican-presupuesto-del-gobierno\\\/#primaryimage\"},\"image\":{\"@id\":\"https:\\\/\\\/www.ugtcomunicaciones.es\\\/wordpress\\\/las-solicitudes-formacion-tecnologica-postgrado-triplican-presupuesto-del-gobierno\\\/#primaryimage\"},\"thumbnailUrl\":\"https:\\\/\\\/www.ugtcomunicaciones.es\\\/wordpress\\\/wp-content\\\/uploads\\\/2017\\\/10\\\/postgrado_portada_-16-10-17.jpg\",\"datePublished\":\"2017-10-16T06:00:30+00:00\",\"breadcrumb\":{\"@id\":\"https:\\\/\\\/www.ugtcomunicaciones.es\\\/wordpress\\\/las-solicitudes-formacion-tecnologica-postgrado-triplican-presupuesto-del-gobierno\\\/#breadcrumb\"},\"inLanguage\":\"es\",\"potentialAction\":[{\"@type\":\"ReadAction\",\"target\":[\"https:\\\/\\\/www.ugtcomunicaciones.es\\\/wordpress\\\/las-solicitudes-formacion-tecnologica-postgrado-triplican-presupuesto-del-gobierno\\\/\"]}]},{\"@type\":\"ImageObject\",\"inLanguage\":\"es\",\"@id\":\"https:\\\/\\\/www.ugtcomunicaciones.es\\\/wordpress\\\/las-solicitudes-formacion-tecnologica-postgrado-triplican-presupuesto-del-gobierno\\\/#primaryimage\",\"url\":\"https:\\\/\\\/www.ugtcomunicaciones.es\\\/wordpress\\\/wp-content\\\/uploads\\\/2017\\\/10\\\/postgrado_portada_-16-10-17.jpg\",\"contentUrl\":\"https:\\\/\\\/www.ugtcomunicaciones.es\\\/wordpress\\\/wp-content\\\/uploads\\\/2017\\\/10\\\/postgrado_portada_-16-10-17.jpg\",\"width\":600,\"height\":400},{\"@type\":\"BreadcrumbList\",\"@id\":\"https:\\\/\\\/www.ugtcomunicaciones.es\\\/wordpress\\\/las-solicitudes-formacion-tecnologica-postgrado-triplican-presupuesto-del-gobierno\\\/#breadcrumb\",\"itemListElement\":[{\"@type\":\"ListItem\",\"position\":1,\"name\":\"Portada\",\"item\":\"https:\\\/\\\/www.ugtcomunicaciones.es\\\/wordpress\\\/\"},{\"@type\":\"ListItem\",\"position\":2,\"name\":\"Las solicitudes de formaci\u00f3n tecnol\u00f3gica de postgrado triplican el presupuesto del gobierno\"}]},{\"@type\":\"WebSite\",\"@id\":\"https:\\\/\\\/www.ugtcomunicaciones.es\\\/wordpress\\\/#website\",\"url\":\"https:\\\/\\\/www.ugtcomunicaciones.es\\\/wordpress\\\/\",\"name\":\"UGT Comunicaciones\",\"description\":\"Sindicato de Telecomunicaciones\",\"publisher\":{\"@id\":\"https:\\\/\\\/www.ugtcomunicaciones.es\\\/wordpress\\\/#organization\"},\"potentialAction\":[{\"@type\":\"SearchAction\",\"target\":{\"@type\":\"EntryPoint\",\"urlTemplate\":\"https:\\\/\\\/www.ugtcomunicaciones.es\\\/wordpress\\\/?s={search_term_string}\"},\"query-input\":{\"@type\":\"PropertyValueSpecification\",\"valueRequired\":true,\"valueName\":\"search_term_string\"}}],\"inLanguage\":\"es\"},{\"@type\":\"Organization\",\"@id\":\"https:\\\/\\\/www.ugtcomunicaciones.es\\\/wordpress\\\/#organization\",\"name\":\"UGT Comunicaciones\",\"url\":\"https:\\\/\\\/www.ugtcomunicaciones.es\\\/wordpress\\\/\",\"logo\":{\"@type\":\"ImageObject\",\"inLanguage\":\"es\",\"@id\":\"https:\\\/\\\/www.ugtcomunicaciones.es\\\/wordpress\\\/#\\\/schema\\\/logo\\\/image\\\/\",\"url\":\"https:\\\/\\\/www.ugtcomunicaciones.es\\\/wordpress\\\/wp-content\\\/uploads\\\/2024\\\/04\\\/comunicaciones_logo.png\",\"contentUrl\":\"https:\\\/\\\/www.ugtcomunicaciones.es\\\/wordpress\\\/wp-content\\\/uploads\\\/2024\\\/04\\\/comunicaciones_logo.png\",\"width\":298,\"height\":81,\"caption\":\"UGT Comunicaciones\"},\"image\":{\"@id\":\"https:\\\/\\\/www.ugtcomunicaciones.es\\\/wordpress\\\/#\\\/schema\\\/logo\\\/image\\\/\"},\"sameAs\":[\"https:\\\/\\\/www.facebook.com\\\/ugt.comunicaciones\\\/\",\"https:\\\/\\\/x.com\\\/ugtcom\"]},{\"@type\":\"Person\",\"@id\":\"https:\\\/\\\/www.ugtcomunicaciones.es\\\/wordpress\\\/#\\\/schema\\\/person\\\/eba0fc3fe5b444531d94d4368cba89ed\",\"name\":\"UGT\",\"image\":{\"@type\":\"ImageObject\",\"inLanguage\":\"es\",\"@id\":\"https:\\\/\\\/secure.gravatar.com\\\/avatar\\\/2a16057d620a4c646bcfc171c4f23030879ebbdd346f0525bd5d4a564e57e13d?s=96&d=mm&r=g\",\"url\":\"https:\\\/\\\/secure.gravatar.com\\\/avatar\\\/2a16057d620a4c646bcfc171c4f23030879ebbdd346f0525bd5d4a564e57e13d?s=96&d=mm&r=g\",\"contentUrl\":\"https:\\\/\\\/secure.gravatar.com\\\/avatar\\\/2a16057d620a4c646bcfc171c4f23030879ebbdd346f0525bd5d4a564e57e13d?s=96&d=mm&r=g\",\"caption\":\"UGT\"}}]}<\/script>\n<!-- \/ Yoast SEO Premium plugin. -->","yoast_head_json":{"title":"Las solicitudes de formaci\u00f3n tecnol\u00f3gica de postgrado triplican el presupuesto del gobierno - UGT Comunicaciones","robots":{"index":"index","follow":"follow","max-snippet":"max-snippet:-1","max-image-preview":"max-image-preview:large","max-video-preview":"max-video-preview:-1"},"canonical":"https:\/\/www.ugtcomunicaciones.es\/wordpress\/las-solicitudes-formacion-tecnologica-postgrado-triplican-presupuesto-del-gobierno\/","og_locale":"es_ES","og_type":"article","og_title":"Las solicitudes de formaci\u00f3n tecnol\u00f3gica de postgrado triplican el presupuesto del gobierno","og_description":"El pasado mes de marzo, el Ministerio de Agenda Digital public\u00f3 la convocatoria de ayudas para centros de formaci\u00f3n que realizasen cursos dirigidos a licenciados o graduados para mejorar su capacitaci\u00f3n tecnol\u00f3gica mediante formaci\u00f3n de postgrado[1]. Este programa, denominado \u201cProfesionales Digitales Formaci\u00f3n Postgrado\u201d, contaba con un presupuesto\u00a0de 2.000.000 de euros, con un importe m\u00e1ximo de [&hellip;]","og_url":"https:\/\/www.ugtcomunicaciones.es\/wordpress\/las-solicitudes-formacion-tecnologica-postgrado-triplican-presupuesto-del-gobierno\/","og_site_name":"UGT Comunicaciones","article_publisher":"https:\/\/www.facebook.com\/ugt.comunicaciones\/","article_published_time":"2017-10-16T06:00:30+00:00","og_image":[{"width":600,"height":400,"url":"https:\/\/www.ugtcomunicaciones.es\/wordpress\/wp-content\/uploads\/2017\/10\/postgrado_portada_-16-10-17.jpg","type":"image\/jpeg"}],"author":"UGT","twitter_card":"summary_large_image","twitter_creator":"@ugtcom","twitter_site":"@ugtcom","twitter_misc":{"Escrito por":"UGT","Tiempo de lectura":"3 minutos"},"schema":{"@context":"https:\/\/schema.org","@graph":[{"@type":"Article","@id":"https:\/\/www.ugtcomunicaciones.es\/wordpress\/las-solicitudes-formacion-tecnologica-postgrado-triplican-presupuesto-del-gobierno\/#article","isPartOf":{"@id":"https:\/\/www.ugtcomunicaciones.es\/wordpress\/las-solicitudes-formacion-tecnologica-postgrado-triplican-presupuesto-del-gobierno\/"},"author":{"name":"UGT","@id":"https:\/\/www.ugtcomunicaciones.es\/wordpress\/#\/schema\/person\/eba0fc3fe5b444531d94d4368cba89ed"},"headline":"Las solicitudes de formaci\u00f3n tecnol\u00f3gica de postgrado triplican el presupuesto del gobierno","datePublished":"2017-10-16T06:00:30+00:00","mainEntityOfPage":{"@id":"https:\/\/www.ugtcomunicaciones.es\/wordpress\/las-solicitudes-formacion-tecnologica-postgrado-triplican-presupuesto-del-gobierno\/"},"wordCount":682,"commentCount":0,"publisher":{"@id":"https:\/\/www.ugtcomunicaciones.es\/wordpress\/#organization"},"image":{"@id":"https:\/\/www.ugtcomunicaciones.es\/wordpress\/las-solicitudes-formacion-tecnologica-postgrado-triplican-presupuesto-del-gobierno\/#primaryimage"},"thumbnailUrl":"https:\/\/www.ugtcomunicaciones.es\/wordpress\/wp-content\/uploads\/2017\/10\/postgrado_portada_-16-10-17.jpg","articleSection":["Opini\u00f3n","Regulaci\u00f3n"],"inLanguage":"es","potentialAction":[{"@type":"CommentAction","name":"Comment","target":["https:\/\/www.ugtcomunicaciones.es\/wordpress\/las-solicitudes-formacion-tecnologica-postgrado-triplican-presupuesto-del-gobierno\/#respond"]}]},{"@type":"WebPage","@id":"https:\/\/www.ugtcomunicaciones.es\/wordpress\/las-solicitudes-formacion-tecnologica-postgrado-triplican-presupuesto-del-gobierno\/","url":"https:\/\/www.ugtcomunicaciones.es\/wordpress\/las-solicitudes-formacion-tecnologica-postgrado-triplican-presupuesto-del-gobierno\/","name":"Las solicitudes de formaci\u00f3n tecnol\u00f3gica de postgrado triplican el presupuesto del gobierno - UGT Comunicaciones","isPartOf":{"@id":"https:\/\/www.ugtcomunicaciones.es\/wordpress\/#website"},"primaryImageOfPage":{"@id":"https:\/\/www.ugtcomunicaciones.es\/wordpress\/las-solicitudes-formacion-tecnologica-postgrado-triplican-presupuesto-del-gobierno\/#primaryimage"},"image":{"@id":"https:\/\/www.ugtcomunicaciones.es\/wordpress\/las-solicitudes-formacion-tecnologica-postgrado-triplican-presupuesto-del-gobierno\/#primaryimage"},"thumbnailUrl":"https:\/\/www.ugtcomunicaciones.es\/wordpress\/wp-content\/uploads\/2017\/10\/postgrado_portada_-16-10-17.jpg","datePublished":"2017-10-16T06:00:30+00:00","breadcrumb":{"@id":"https:\/\/www.ugtcomunicaciones.es\/wordpress\/las-solicitudes-formacion-tecnologica-postgrado-triplican-presupuesto-del-gobierno\/#breadcrumb"},"inLanguage":"es","potentialAction":[{"@type":"ReadAction","target":["https:\/\/www.ugtcomunicaciones.es\/wordpress\/las-solicitudes-formacion-tecnologica-postgrado-triplican-presupuesto-del-gobierno\/"]}]},{"@type":"ImageObject","inLanguage":"es","@id":"https:\/\/www.ugtcomunicaciones.es\/wordpress\/las-solicitudes-formacion-tecnologica-postgrado-triplican-presupuesto-del-gobierno\/#primaryimage","url":"https:\/\/www.ugtcomunicaciones.es\/wordpress\/wp-content\/uploads\/2017\/10\/postgrado_portada_-16-10-17.jpg","contentUrl":"https:\/\/www.ugtcomunicaciones.es\/wordpress\/wp-content\/uploads\/2017\/10\/postgrado_portada_-16-10-17.jpg","width":600,"height":400},{"@type":"BreadcrumbList","@id":"https:\/\/www.ugtcomunicaciones.es\/wordpress\/las-solicitudes-formacion-tecnologica-postgrado-triplican-presupuesto-del-gobierno\/#breadcrumb","itemListElement":[{"@type":"ListItem","position":1,"name":"Portada","item":"https:\/\/www.ugtcomunicaciones.es\/wordpress\/"},{"@type":"ListItem","position":2,"name":"Las solicitudes de formaci\u00f3n tecnol\u00f3gica de postgrado triplican el presupuesto del gobierno"}]},{"@type":"WebSite","@id":"https:\/\/www.ugtcomunicaciones.es\/wordpress\/#website","url":"https:\/\/www.ugtcomunicaciones.es\/wordpress\/","name":"UGT Comunicaciones","description":"Sindicato de Telecomunicaciones","publisher":{"@id":"https:\/\/www.ugtcomunicaciones.es\/wordpress\/#organization"},"potentialAction":[{"@type":"SearchAction","target":{"@type":"EntryPoint","urlTemplate":"https:\/\/www.ugtcomunicaciones.es\/wordpress\/?s={search_term_string}"},"query-input":{"@type":"PropertyValueSpecification","valueRequired":true,"valueName":"search_term_string"}}],"inLanguage":"es"},{"@type":"Organization","@id":"https:\/\/www.ugtcomunicaciones.es\/wordpress\/#organization","name":"UGT Comunicaciones","url":"https:\/\/www.ugtcomunicaciones.es\/wordpress\/","logo":{"@type":"ImageObject","inLanguage":"es","@id":"https:\/\/www.ugtcomunicaciones.es\/wordpress\/#\/schema\/logo\/image\/","url":"https:\/\/www.ugtcomunicaciones.es\/wordpress\/wp-content\/uploads\/2024\/04\/comunicaciones_logo.png","contentUrl":"https:\/\/www.ugtcomunicaciones.es\/wordpress\/wp-content\/uploads\/2024\/04\/comunicaciones_logo.png","width":298,"height":81,"caption":"UGT Comunicaciones"},"image":{"@id":"https:\/\/www.ugtcomunicaciones.es\/wordpress\/#\/schema\/logo\/image\/"},"sameAs":["https:\/\/www.facebook.com\/ugt.comunicaciones\/","https:\/\/x.com\/ugtcom"]},{"@type":"Person","@id":"https:\/\/www.ugtcomunicaciones.es\/wordpress\/#\/schema\/person\/eba0fc3fe5b444531d94d4368cba89ed","name":"UGT","image":{"@type":"ImageObject","inLanguage":"es","@id":"https:\/\/secure.gravatar.com\/avatar\/2a16057d620a4c646bcfc171c4f23030879ebbdd346f0525bd5d4a564e57e13d?s=96&d=mm&r=g","url":"https:\/\/secure.gravatar.com\/avatar\/2a16057d620a4c646bcfc171c4f23030879ebbdd346f0525bd5d4a564e57e13d?s=96&d=mm&r=g","contentUrl":"https:\/\/secure.gravatar.com\/avatar\/2a16057d620a4c646bcfc171c4f23030879ebbdd346f0525bd5d4a564e57e13d?s=96&d=mm&r=g","caption":"UGT"}}]}},"_links":{"self":[{"href":"https:\/\/www.ugtcomunicaciones.es\/wordpress\/wp-json\/wp\/v2\/posts\/41111","targetHints":{"allow":["GET"]}}],"collection":[{"href":"https:\/\/www.ugtcomunicaciones.es\/wordpress\/wp-json\/wp\/v2\/posts"}],"about":[{"href":"https:\/\/www.ugtcomunicaciones.es\/wordpress\/wp-json\/wp\/v2\/types\/post"}],"author":[{"embeddable":true,"href":"https:\/\/www.ugtcomunicaciones.es\/wordpress\/wp-json\/wp\/v2\/users\/3"}],"replies":[{"embeddable":true,"href":"https:\/\/www.ugtcomunicaciones.es\/wordpress\/wp-json\/wp\/v2\/comments?post=41111"}],"version-history":[{"count":0,"href":"https:\/\/www.ugtcomunicaciones.es\/wordpress\/wp-json\/wp\/v2\/posts\/41111\/revisions"}],"wp:featuredmedia":[{"embeddable":true,"href":"https:\/\/www.ugtcomunicaciones.es\/wordpress\/wp-json\/wp\/v2\/media\/41128"}],"wp:attachment":[{"href":"https:\/\/www.ugtcomunicaciones.es\/wordpress\/wp-json\/wp\/v2\/media?parent=41111"}],"wp:term":[{"taxonomy":"category","embeddable":true,"href":"https:\/\/www.ugtcomunicaciones.es\/wordpress\/wp-json\/wp\/v2\/categories?post=41111"},{"taxonomy":"post_tag","embeddable":true,"href":"https:\/\/www.ugtcomunicaciones.es\/wordpress\/wp-json\/wp\/v2\/tags?post=41111"}],"curies":[{"name":"wp","href":"https:\/\/api.w.org\/{rel}","templated":true}]}}