{"id":416837,"date":"2019-09-11T09:53:47","date_gmt":"2019-09-11T07:53:47","guid":{"rendered":"http:\/\/ugtcomunicaciones.es\/wordpress\/?p=416837"},"modified":"2019-09-11T15:44:31","modified_gmt":"2019-09-11T13:44:31","slug":"ugt-afronta-el-reto-de-negociar-las-mejores-condiciones-laborales","status":"publish","type":"post","link":"https:\/\/www.ugtcomunicaciones.es\/wordpress\/ugt-afronta-el-reto-de-negociar-las-mejores-condiciones-laborales\/","title":{"rendered":"UGT afronta el reto de negociar las mejores condiciones laborales"},"content":{"rendered":"<p style=\"text-align: justify;\">El 10 de septiembre de 2019, el Consejo de Administraci\u00f3n de Telef\u00f3nica <strong>ha aprobado el planteamiento de un nuevo PSI para los nacidos en 1966 y a\u00f1os anteriores<\/strong>, notificando el hecho relevante a la CNMC, como es legalmente perceptivo.<\/p>\n<p style=\"text-align: justify;\">Recordemos que al inicio de la negociaci\u00f3n del II CEV desde <strong><span style=\"color: #ff0000;\">UGT<\/span><\/strong> se demand\u00f3 a la empresa claridad, para <strong>despejar la negociaci\u00f3n de cualquier respecto a un posible<\/strong> PSI o cualquier otra medida de adecuaci\u00f3n de plantillas que pudiera incidir en la negociaci\u00f3n del II CEV.<\/p>\n<p style=\"text-align: justify;\">Recordemos tambi\u00e9n que la empresa respondi\u00f3 en el sentido de que <strong>\u201cla plantilla est\u00e1 bien dimensionada\u201d para el proyecto empresarial, que abarca hasta el a\u00f1o 2020<\/strong>, lo que parec\u00eda indicar que no exist\u00eda intenci\u00f3n de plantear ninguna medida en dicho sentido durante la negociaci\u00f3n del CEV.<\/p>\n<p style=\"text-align: justify;\">Sin embargo, al socaire de <strong>las tensiones financiera y burs\u00e1til<\/strong> acaecidas intempestivamente durante el verano, la empresa ha reconsiderado su postura inicial, de forma que en la negociaci\u00f3n del II CEV se insertar\u00e1, como ya ocurri\u00f3 en el anterior Convenio, la negociaci\u00f3n de un nuevo PSI, situaci\u00f3n in\u00e9dita en la negociaci\u00f3n colectiva de nuestra empresa, al producirse dos planes de adecuaci\u00f3n de plantillas sin soluci\u00f3n de continuidad.<\/p>\n<p style=\"text-align: justify;\">Ante esta situaci\u00f3n sobrevenida, desde <strong><span style=\"color: #ff0000;\">UGT<\/span><\/strong> manifestamos que el planteamiento del PSI no supone para nuestra organizaci\u00f3n ninguna \u201cpresi\u00f3n\u201d adicional sobre la negociaci\u00f3n del II CEV ya en marcha, sino todo lo contrario. Supone un acicate adicional para resolver en el futuro CEV <strong>la continuidad de las condiciones econ\u00f3micas, laborales y sociales de los trabajadores y trabajadoras, de forma previa a cualquier medida de adecuaci\u00f3n de plantilla<\/strong> que pudi\u00e9ramos negociar.<\/p>\n<p style=\"text-align: justify;\">As\u00ed, si la compa\u00f1\u00eda, pretendiendo un ahorro de la masa salarial futura con el que paliar la dif\u00edcil situaci\u00f3n econ\u00f3mica que atraviesa el grupo Telef\u00f3nica en Espa\u00f1a y con el que trata de recuperar la confianza de los inversores y accionistas, ha decidido plantear un PSI <strong>al que podr\u00eda acogerse exclusivamente la plantilla nacida en 1966 (unas 2.200 personas) o en a\u00f1os anteriores<\/strong> (unos 2.000 compa\u00f1eros\/as m\u00e1s que en su momento declinaron participar en los anteriores ERE o PSI) en la Mesa de negociaci\u00f3n del II CEV del 11 de septiembre.<\/p>\n<p style=\"text-align: justify;\"><strong><span style=\"color: #ff0000;\">UGT<\/span><\/strong> afrontar\u00e1 la negociaci\u00f3n del citado plan desde nuestra responsabilidad como sindicato mayoritario en las empresas del Grupo Telef\u00f3nica, para <strong>obtener las mejores condiciones tanto para los trabajadoras y trabajadores que decidan adherirse al PSI como para garantizar las de quienes contin\u00faen en la empresa<\/strong>.<\/p>\n<p style=\"text-align: justify;\">Corresponde a la empresa justificar los motivos por los que se plantea una p\u00e9rdida de empleo de tal entidad, siendo <strong>nuestra responsabilidad y obligaci\u00f3n legal negociarla<\/strong>, pero sin que ello suponga una moneda de cambio de las condiciones laborales, econ\u00f3micas o sociales de ambos colectivos.<\/p>\n<p style=\"text-align: justify;\">Mantenemos por tanto que, desde la perspectiva de <strong><span style=\"color: #ff0000;\">UGT<\/span><\/strong>, <strong>cualquier posibilidad de acuerdo pasa por:<\/strong><\/p>\n<ul>\n<li style=\"text-align: justify;\">Mantener los principios de <strong>voluntariedad, universalidad y no discriminaci\u00f3n<\/strong> establecidos en planes anteriores, as\u00ed como <strong>las condiciones econ\u00f3micas y sociales<\/strong> firmadas en el pasado PSI, incluido el prorrateo del PSP para quienes no lo han liquidado.<\/li>\n<li style=\"text-align: justify;\">Mantener <strong>la referencia de las condiciones econ\u00f3micas y sociales para la plantilla<\/strong> que permanezca, mediante un II CEV cuyos pilares principales deben ser:\n<ul>\n<li style=\"text-align: justify;\">Garant\u00eda de <strong>no aplicaci\u00f3n con car\u00e1cter forzoso de los art\u00edculos 51 y 52c<\/strong> del Estatuto de los Trabajadores.<\/li>\n<li style=\"text-align: justify;\"><strong>No segregaci\u00f3n o externalizaci\u00f3n de actividades<\/strong> que afecten al empleo con car\u00e1cter forzoso.<\/li>\n<li style=\"text-align: justify;\"><strong>Deslocalizaci\u00f3n de actividades<\/strong> y recuperaci\u00f3n de actividades de mayor valor para asegurar la <strong>viabilidad de todas las provincias<\/strong>.<\/li>\n<li style=\"text-align: justify;\"><strong>Incrementos salariales<\/strong> que representen una mejora de poder adquisitivo de la plantilla.<\/li>\n<li style=\"text-align: justify;\">Cl\u00e1usula de <strong>revisi\u00f3n salarial<\/strong>, con referencia al IPC, con la finalidad de salvaguardar un posible desfase entre la subida salarial que se pacte y la evoluci\u00f3n de los precios.<\/li>\n<li style=\"text-align: justify;\">Concreci\u00f3n del derecho a la <strong>desconexi\u00f3n digital<\/strong>.<\/li>\n<li style=\"text-align: justify;\">Maximizaci\u00f3n del <strong>teletrabajo<\/strong>.<\/li>\n<li style=\"text-align: justify;\">Un <strong>nuevo modelo de comercial<\/strong>.<\/li>\n<li style=\"text-align: justify;\"><strong>Plan de formaci\u00f3n<\/strong> con un contenido actualizado, acorde a las nuevas tendencias tecnol\u00f3gicas que se est\u00e1n implantando en la empresa, como garant\u00eda de futuro.<\/li>\n<li style=\"text-align: justify;\">Un nuevo <strong>Plan de Igualdad<\/strong> actualizado y adaptado a los derechos y necesidades del conjunto de los trabajadores y trabajadoras de Telef\u00f3nica de Espa\u00f1a.<\/li>\n<li style=\"text-align: justify;\">La actualizaci\u00f3n y mejora del <strong>procedimiento de actuaci\u00f3n en supuestos de acoso laboral, sexual y por raz\u00f3n de sexo<\/strong> en el trabajo.<\/li>\n<li style=\"text-align: justify;\"><strong>Desaparici\u00f3n de la brecha salarial indirecta<\/strong>, mediante el fomento del uso por hombres y mujeres de los permisos retribuidos por causa legal.<\/li>\n<\/ul>\n<\/li>\n<\/ul>\n<p style=\"text-align: justify;\">En consecuencia, la presentaci\u00f3n del PSI no nos distrae <strong>del verdadero objetivo de esta negociaci\u00f3n<\/strong>, que es el dise\u00f1o, de forma consensuada, <strong>del modelo con el que la empresa afrontar\u00e1 el futuro<\/strong> en los pr\u00f3ximos a\u00f1os. Un futuro plagado de incertidumbres y desaf\u00edos y del que depende el empleo y la estabilidad de nuestras condiciones econ\u00f3micas y laborales y que s\u00f3lo <strong>una negociaci\u00f3n que contemple los intereses de ambas partes<\/strong> puede garantizar .<\/p>\n<p>&nbsp;<\/p>\n<h4 style=\"text-align: right;\"><strong><span style=\"color: #ff0000;\">UGT<\/span> Comunicaciones<\/strong><br \/>\n<strong>Sector Estatal<\/strong><\/h4>\n","protected":false},"excerpt":{"rendered":"<p>El 10 de septiembre de 2019, el Consejo de Administraci\u00f3n de Telef\u00f3nica ha aprobado el planteamiento de un nuevo PSI para los nacidos en 1966 y a\u00f1os anteriores, notificando el hecho relevante a la CNMC, como es legalmente perceptivo. Recordemos que al inicio de la negociaci\u00f3n del II CEV desde UGT se demand\u00f3 a la [&hellip;]<\/p>\n","protected":false},"author":3,"featured_media":165401,"comment_status":"closed","ping_status":"closed","sticky":false,"template":"","format":"standard","meta":{"footnotes":""},"categories":[8,25,7,26],"tags":[],"class_list":["post-416837","post","type-post","status-publish","format-standard","has-post-thumbnail","hentry","category-telefonica-cev","category-telefonica","category-telefonica-moviles","category-telefonica-soluciones"],"yoast_head":"<!-- This site is optimized with the Yoast SEO Premium plugin v27.3 (Yoast SEO v27.4) - https:\/\/yoast.com\/product\/yoast-seo-premium-wordpress\/ -->\n<title>UGT afronta el reto de negociar las mejores condiciones laborales - UGT Comunicaciones<\/title>\n<meta name=\"description\" content=\"El 10 de septiembre de 2019, el Consejo de Administraci\u00f3n de Telef\u00f3nica ha aprobado el planteamiento de un nuevo PSI para los nacidos en 1966 y a\u00f1os...\" \/>\n<meta name=\"robots\" content=\"index, follow, max-snippet:-1, max-image-preview:large, max-video-preview:-1\" \/>\n<link rel=\"canonical\" href=\"https:\/\/www.ugtcomunicaciones.es\/wordpress\/ugt-afronta-el-reto-de-negociar-las-mejores-condiciones-laborales\/\" \/>\n<meta property=\"og:locale\" content=\"es_ES\" \/>\n<meta property=\"og:type\" content=\"article\" \/>\n<meta property=\"og:title\" content=\"UGT afronta el reto de negociar las mejores condiciones laborales\" \/>\n<meta property=\"og:description\" content=\"El 10 de septiembre de 2019, el Consejo de Administraci\u00f3n de Telef\u00f3nica ha aprobado el planteamiento de un nuevo PSI para los nacidos en 1966 y a\u00f1os...\" \/>\n<meta property=\"og:url\" content=\"https:\/\/www.ugtcomunicaciones.es\/wordpress\/ugt-afronta-el-reto-de-negociar-las-mejores-condiciones-laborales\/\" \/>\n<meta property=\"og:site_name\" content=\"UGT Comunicaciones\" \/>\n<meta property=\"article:publisher\" content=\"https:\/\/www.facebook.com\/ugt.comunicaciones\/\" \/>\n<meta property=\"article:published_time\" content=\"2019-09-11T07:53:47+00:00\" \/>\n<meta property=\"article:modified_time\" content=\"2019-09-11T13:44:31+00:00\" \/>\n<meta property=\"og:image\" content=\"https:\/\/www.ugtcomunicaciones.es\/wordpress\/wp-content\/uploads\/2018\/06\/multa-a-telefonica_1.png\" \/>\n\t<meta property=\"og:image:width\" content=\"566\" \/>\n\t<meta property=\"og:image:height\" content=\"300\" \/>\n\t<meta property=\"og:image:type\" content=\"image\/png\" \/>\n<meta name=\"author\" content=\"UGT\" \/>\n<meta name=\"twitter:card\" content=\"summary_large_image\" \/>\n<meta name=\"twitter:creator\" content=\"@ugtcom\" \/>\n<meta name=\"twitter:site\" content=\"@ugtcom\" \/>\n<meta name=\"twitter:label1\" content=\"Escrito por\" \/>\n\t<meta name=\"twitter:data1\" content=\"UGT\" \/>\n\t<meta name=\"twitter:label2\" content=\"Tiempo de lectura\" \/>\n\t<meta name=\"twitter:data2\" content=\"4 minutos\" \/>\n<script type=\"application\/ld+json\" class=\"yoast-schema-graph\">{\"@context\":\"https:\\\/\\\/schema.org\",\"@graph\":[{\"@type\":\"Article\",\"@id\":\"https:\\\/\\\/www.ugtcomunicaciones.es\\\/wordpress\\\/ugt-afronta-el-reto-de-negociar-las-mejores-condiciones-laborales\\\/#article\",\"isPartOf\":{\"@id\":\"https:\\\/\\\/www.ugtcomunicaciones.es\\\/wordpress\\\/ugt-afronta-el-reto-de-negociar-las-mejores-condiciones-laborales\\\/\"},\"author\":{\"name\":\"UGT\",\"@id\":\"https:\\\/\\\/www.ugtcomunicaciones.es\\\/wordpress\\\/#\\\/schema\\\/person\\\/eba0fc3fe5b444531d94d4368cba89ed\"},\"headline\":\"UGT afronta el reto de negociar las mejores condiciones laborales\",\"datePublished\":\"2019-09-11T07:53:47+00:00\",\"dateModified\":\"2019-09-11T13:44:31+00:00\",\"mainEntityOfPage\":{\"@id\":\"https:\\\/\\\/www.ugtcomunicaciones.es\\\/wordpress\\\/ugt-afronta-el-reto-de-negociar-las-mejores-condiciones-laborales\\\/\"},\"wordCount\":881,\"publisher\":{\"@id\":\"https:\\\/\\\/www.ugtcomunicaciones.es\\\/wordpress\\\/#organization\"},\"image\":{\"@id\":\"https:\\\/\\\/www.ugtcomunicaciones.es\\\/wordpress\\\/ugt-afronta-el-reto-de-negociar-las-mejores-condiciones-laborales\\\/#primaryimage\"},\"thumbnailUrl\":\"https:\\\/\\\/www.ugtcomunicaciones.es\\\/wordpress\\\/wp-content\\\/uploads\\\/2018\\\/06\\\/multa-a-telefonica_1.png\",\"articleSection\":[\"Telef\u00f3nica CEV\",\"Telef\u00f3nica de Espa\u00f1a\",\"Telef\u00f3nica M\u00f3viles\",\"Telef\u00f3nica Soluciones\"],\"inLanguage\":\"es\"},{\"@type\":\"WebPage\",\"@id\":\"https:\\\/\\\/www.ugtcomunicaciones.es\\\/wordpress\\\/ugt-afronta-el-reto-de-negociar-las-mejores-condiciones-laborales\\\/\",\"url\":\"https:\\\/\\\/www.ugtcomunicaciones.es\\\/wordpress\\\/ugt-afronta-el-reto-de-negociar-las-mejores-condiciones-laborales\\\/\",\"name\":\"UGT afronta el reto de negociar las mejores condiciones laborales - UGT Comunicaciones\",\"isPartOf\":{\"@id\":\"https:\\\/\\\/www.ugtcomunicaciones.es\\\/wordpress\\\/#website\"},\"primaryImageOfPage\":{\"@id\":\"https:\\\/\\\/www.ugtcomunicaciones.es\\\/wordpress\\\/ugt-afronta-el-reto-de-negociar-las-mejores-condiciones-laborales\\\/#primaryimage\"},\"image\":{\"@id\":\"https:\\\/\\\/www.ugtcomunicaciones.es\\\/wordpress\\\/ugt-afronta-el-reto-de-negociar-las-mejores-condiciones-laborales\\\/#primaryimage\"},\"thumbnailUrl\":\"https:\\\/\\\/www.ugtcomunicaciones.es\\\/wordpress\\\/wp-content\\\/uploads\\\/2018\\\/06\\\/multa-a-telefonica_1.png\",\"datePublished\":\"2019-09-11T07:53:47+00:00\",\"dateModified\":\"2019-09-11T13:44:31+00:00\",\"description\":\"El 10 de septiembre de 2019, el Consejo de Administraci\u00f3n de Telef\u00f3nica ha aprobado el planteamiento de un nuevo PSI para los nacidos en 1966 y a\u00f1os...\",\"breadcrumb\":{\"@id\":\"https:\\\/\\\/www.ugtcomunicaciones.es\\\/wordpress\\\/ugt-afronta-el-reto-de-negociar-las-mejores-condiciones-laborales\\\/#breadcrumb\"},\"inLanguage\":\"es\",\"potentialAction\":[{\"@type\":\"ReadAction\",\"target\":[\"https:\\\/\\\/www.ugtcomunicaciones.es\\\/wordpress\\\/ugt-afronta-el-reto-de-negociar-las-mejores-condiciones-laborales\\\/\"]}]},{\"@type\":\"ImageObject\",\"inLanguage\":\"es\",\"@id\":\"https:\\\/\\\/www.ugtcomunicaciones.es\\\/wordpress\\\/ugt-afronta-el-reto-de-negociar-las-mejores-condiciones-laborales\\\/#primaryimage\",\"url\":\"https:\\\/\\\/www.ugtcomunicaciones.es\\\/wordpress\\\/wp-content\\\/uploads\\\/2018\\\/06\\\/multa-a-telefonica_1.png\",\"contentUrl\":\"https:\\\/\\\/www.ugtcomunicaciones.es\\\/wordpress\\\/wp-content\\\/uploads\\\/2018\\\/06\\\/multa-a-telefonica_1.png\",\"width\":566,\"height\":300,\"caption\":\"multa-a-telefonica_1\"},{\"@type\":\"BreadcrumbList\",\"@id\":\"https:\\\/\\\/www.ugtcomunicaciones.es\\\/wordpress\\\/ugt-afronta-el-reto-de-negociar-las-mejores-condiciones-laborales\\\/#breadcrumb\",\"itemListElement\":[{\"@type\":\"ListItem\",\"position\":1,\"name\":\"Portada\",\"item\":\"https:\\\/\\\/www.ugtcomunicaciones.es\\\/wordpress\\\/\"},{\"@type\":\"ListItem\",\"position\":2,\"name\":\"UGT afronta el reto de negociar las mejores condiciones laborales\"}]},{\"@type\":\"WebSite\",\"@id\":\"https:\\\/\\\/www.ugtcomunicaciones.es\\\/wordpress\\\/#website\",\"url\":\"https:\\\/\\\/www.ugtcomunicaciones.es\\\/wordpress\\\/\",\"name\":\"UGT Comunicaciones\",\"description\":\"Sindicato de Telecomunicaciones\",\"publisher\":{\"@id\":\"https:\\\/\\\/www.ugtcomunicaciones.es\\\/wordpress\\\/#organization\"},\"potentialAction\":[{\"@type\":\"SearchAction\",\"target\":{\"@type\":\"EntryPoint\",\"urlTemplate\":\"https:\\\/\\\/www.ugtcomunicaciones.es\\\/wordpress\\\/?s={search_term_string}\"},\"query-input\":{\"@type\":\"PropertyValueSpecification\",\"valueRequired\":true,\"valueName\":\"search_term_string\"}}],\"inLanguage\":\"es\"},{\"@type\":\"Organization\",\"@id\":\"https:\\\/\\\/www.ugtcomunicaciones.es\\\/wordpress\\\/#organization\",\"name\":\"UGT Comunicaciones\",\"url\":\"https:\\\/\\\/www.ugtcomunicaciones.es\\\/wordpress\\\/\",\"logo\":{\"@type\":\"ImageObject\",\"inLanguage\":\"es\",\"@id\":\"https:\\\/\\\/www.ugtcomunicaciones.es\\\/wordpress\\\/#\\\/schema\\\/logo\\\/image\\\/\",\"url\":\"https:\\\/\\\/www.ugtcomunicaciones.es\\\/wordpress\\\/wp-content\\\/uploads\\\/2024\\\/04\\\/comunicaciones_logo.png\",\"contentUrl\":\"https:\\\/\\\/www.ugtcomunicaciones.es\\\/wordpress\\\/wp-content\\\/uploads\\\/2024\\\/04\\\/comunicaciones_logo.png\",\"width\":298,\"height\":81,\"caption\":\"UGT Comunicaciones\"},\"image\":{\"@id\":\"https:\\\/\\\/www.ugtcomunicaciones.es\\\/wordpress\\\/#\\\/schema\\\/logo\\\/image\\\/\"},\"sameAs\":[\"https:\\\/\\\/www.facebook.com\\\/ugt.comunicaciones\\\/\",\"https:\\\/\\\/x.com\\\/ugtcom\"]},{\"@type\":\"Person\",\"@id\":\"https:\\\/\\\/www.ugtcomunicaciones.es\\\/wordpress\\\/#\\\/schema\\\/person\\\/eba0fc3fe5b444531d94d4368cba89ed\",\"name\":\"UGT\",\"image\":{\"@type\":\"ImageObject\",\"inLanguage\":\"es\",\"@id\":\"https:\\\/\\\/secure.gravatar.com\\\/avatar\\\/2a16057d620a4c646bcfc171c4f23030879ebbdd346f0525bd5d4a564e57e13d?s=96&d=mm&r=g\",\"url\":\"https:\\\/\\\/secure.gravatar.com\\\/avatar\\\/2a16057d620a4c646bcfc171c4f23030879ebbdd346f0525bd5d4a564e57e13d?s=96&d=mm&r=g\",\"contentUrl\":\"https:\\\/\\\/secure.gravatar.com\\\/avatar\\\/2a16057d620a4c646bcfc171c4f23030879ebbdd346f0525bd5d4a564e57e13d?s=96&d=mm&r=g\",\"caption\":\"UGT\"}}]}<\/script>\n<!-- \/ Yoast SEO Premium plugin. -->","yoast_head_json":{"title":"UGT afronta el reto de negociar las mejores condiciones laborales - UGT Comunicaciones","description":"El 10 de septiembre de 2019, el Consejo de Administraci\u00f3n de Telef\u00f3nica ha aprobado el planteamiento de un nuevo PSI para los nacidos en 1966 y a\u00f1os...","robots":{"index":"index","follow":"follow","max-snippet":"max-snippet:-1","max-image-preview":"max-image-preview:large","max-video-preview":"max-video-preview:-1"},"canonical":"https:\/\/www.ugtcomunicaciones.es\/wordpress\/ugt-afronta-el-reto-de-negociar-las-mejores-condiciones-laborales\/","og_locale":"es_ES","og_type":"article","og_title":"UGT afronta el reto de negociar las mejores condiciones laborales","og_description":"El 10 de septiembre de 2019, el Consejo de Administraci\u00f3n de Telef\u00f3nica ha aprobado el planteamiento de un nuevo PSI para los nacidos en 1966 y a\u00f1os...","og_url":"https:\/\/www.ugtcomunicaciones.es\/wordpress\/ugt-afronta-el-reto-de-negociar-las-mejores-condiciones-laborales\/","og_site_name":"UGT Comunicaciones","article_publisher":"https:\/\/www.facebook.com\/ugt.comunicaciones\/","article_published_time":"2019-09-11T07:53:47+00:00","article_modified_time":"2019-09-11T13:44:31+00:00","og_image":[{"width":566,"height":300,"url":"https:\/\/www.ugtcomunicaciones.es\/wordpress\/wp-content\/uploads\/2018\/06\/multa-a-telefonica_1.png","type":"image\/png"}],"author":"UGT","twitter_card":"summary_large_image","twitter_creator":"@ugtcom","twitter_site":"@ugtcom","twitter_misc":{"Escrito por":"UGT","Tiempo de lectura":"4 minutos"},"schema":{"@context":"https:\/\/schema.org","@graph":[{"@type":"Article","@id":"https:\/\/www.ugtcomunicaciones.es\/wordpress\/ugt-afronta-el-reto-de-negociar-las-mejores-condiciones-laborales\/#article","isPartOf":{"@id":"https:\/\/www.ugtcomunicaciones.es\/wordpress\/ugt-afronta-el-reto-de-negociar-las-mejores-condiciones-laborales\/"},"author":{"name":"UGT","@id":"https:\/\/www.ugtcomunicaciones.es\/wordpress\/#\/schema\/person\/eba0fc3fe5b444531d94d4368cba89ed"},"headline":"UGT afronta el reto de negociar las mejores condiciones laborales","datePublished":"2019-09-11T07:53:47+00:00","dateModified":"2019-09-11T13:44:31+00:00","mainEntityOfPage":{"@id":"https:\/\/www.ugtcomunicaciones.es\/wordpress\/ugt-afronta-el-reto-de-negociar-las-mejores-condiciones-laborales\/"},"wordCount":881,"publisher":{"@id":"https:\/\/www.ugtcomunicaciones.es\/wordpress\/#organization"},"image":{"@id":"https:\/\/www.ugtcomunicaciones.es\/wordpress\/ugt-afronta-el-reto-de-negociar-las-mejores-condiciones-laborales\/#primaryimage"},"thumbnailUrl":"https:\/\/www.ugtcomunicaciones.es\/wordpress\/wp-content\/uploads\/2018\/06\/multa-a-telefonica_1.png","articleSection":["Telef\u00f3nica CEV","Telef\u00f3nica de Espa\u00f1a","Telef\u00f3nica M\u00f3viles","Telef\u00f3nica Soluciones"],"inLanguage":"es"},{"@type":"WebPage","@id":"https:\/\/www.ugtcomunicaciones.es\/wordpress\/ugt-afronta-el-reto-de-negociar-las-mejores-condiciones-laborales\/","url":"https:\/\/www.ugtcomunicaciones.es\/wordpress\/ugt-afronta-el-reto-de-negociar-las-mejores-condiciones-laborales\/","name":"UGT afronta el reto de negociar las mejores condiciones laborales - UGT Comunicaciones","isPartOf":{"@id":"https:\/\/www.ugtcomunicaciones.es\/wordpress\/#website"},"primaryImageOfPage":{"@id":"https:\/\/www.ugtcomunicaciones.es\/wordpress\/ugt-afronta-el-reto-de-negociar-las-mejores-condiciones-laborales\/#primaryimage"},"image":{"@id":"https:\/\/www.ugtcomunicaciones.es\/wordpress\/ugt-afronta-el-reto-de-negociar-las-mejores-condiciones-laborales\/#primaryimage"},"thumbnailUrl":"https:\/\/www.ugtcomunicaciones.es\/wordpress\/wp-content\/uploads\/2018\/06\/multa-a-telefonica_1.png","datePublished":"2019-09-11T07:53:47+00:00","dateModified":"2019-09-11T13:44:31+00:00","description":"El 10 de septiembre de 2019, el Consejo de Administraci\u00f3n de Telef\u00f3nica ha aprobado el planteamiento de un nuevo PSI para los nacidos en 1966 y a\u00f1os...","breadcrumb":{"@id":"https:\/\/www.ugtcomunicaciones.es\/wordpress\/ugt-afronta-el-reto-de-negociar-las-mejores-condiciones-laborales\/#breadcrumb"},"inLanguage":"es","potentialAction":[{"@type":"ReadAction","target":["https:\/\/www.ugtcomunicaciones.es\/wordpress\/ugt-afronta-el-reto-de-negociar-las-mejores-condiciones-laborales\/"]}]},{"@type":"ImageObject","inLanguage":"es","@id":"https:\/\/www.ugtcomunicaciones.es\/wordpress\/ugt-afronta-el-reto-de-negociar-las-mejores-condiciones-laborales\/#primaryimage","url":"https:\/\/www.ugtcomunicaciones.es\/wordpress\/wp-content\/uploads\/2018\/06\/multa-a-telefonica_1.png","contentUrl":"https:\/\/www.ugtcomunicaciones.es\/wordpress\/wp-content\/uploads\/2018\/06\/multa-a-telefonica_1.png","width":566,"height":300,"caption":"multa-a-telefonica_1"},{"@type":"BreadcrumbList","@id":"https:\/\/www.ugtcomunicaciones.es\/wordpress\/ugt-afronta-el-reto-de-negociar-las-mejores-condiciones-laborales\/#breadcrumb","itemListElement":[{"@type":"ListItem","position":1,"name":"Portada","item":"https:\/\/www.ugtcomunicaciones.es\/wordpress\/"},{"@type":"ListItem","position":2,"name":"UGT afronta el reto de negociar las mejores condiciones laborales"}]},{"@type":"WebSite","@id":"https:\/\/www.ugtcomunicaciones.es\/wordpress\/#website","url":"https:\/\/www.ugtcomunicaciones.es\/wordpress\/","name":"UGT Comunicaciones","description":"Sindicato de Telecomunicaciones","publisher":{"@id":"https:\/\/www.ugtcomunicaciones.es\/wordpress\/#organization"},"potentialAction":[{"@type":"SearchAction","target":{"@type":"EntryPoint","urlTemplate":"https:\/\/www.ugtcomunicaciones.es\/wordpress\/?s={search_term_string}"},"query-input":{"@type":"PropertyValueSpecification","valueRequired":true,"valueName":"search_term_string"}}],"inLanguage":"es"},{"@type":"Organization","@id":"https:\/\/www.ugtcomunicaciones.es\/wordpress\/#organization","name":"UGT Comunicaciones","url":"https:\/\/www.ugtcomunicaciones.es\/wordpress\/","logo":{"@type":"ImageObject","inLanguage":"es","@id":"https:\/\/www.ugtcomunicaciones.es\/wordpress\/#\/schema\/logo\/image\/","url":"https:\/\/www.ugtcomunicaciones.es\/wordpress\/wp-content\/uploads\/2024\/04\/comunicaciones_logo.png","contentUrl":"https:\/\/www.ugtcomunicaciones.es\/wordpress\/wp-content\/uploads\/2024\/04\/comunicaciones_logo.png","width":298,"height":81,"caption":"UGT Comunicaciones"},"image":{"@id":"https:\/\/www.ugtcomunicaciones.es\/wordpress\/#\/schema\/logo\/image\/"},"sameAs":["https:\/\/www.facebook.com\/ugt.comunicaciones\/","https:\/\/x.com\/ugtcom"]},{"@type":"Person","@id":"https:\/\/www.ugtcomunicaciones.es\/wordpress\/#\/schema\/person\/eba0fc3fe5b444531d94d4368cba89ed","name":"UGT","image":{"@type":"ImageObject","inLanguage":"es","@id":"https:\/\/secure.gravatar.com\/avatar\/2a16057d620a4c646bcfc171c4f23030879ebbdd346f0525bd5d4a564e57e13d?s=96&d=mm&r=g","url":"https:\/\/secure.gravatar.com\/avatar\/2a16057d620a4c646bcfc171c4f23030879ebbdd346f0525bd5d4a564e57e13d?s=96&d=mm&r=g","contentUrl":"https:\/\/secure.gravatar.com\/avatar\/2a16057d620a4c646bcfc171c4f23030879ebbdd346f0525bd5d4a564e57e13d?s=96&d=mm&r=g","caption":"UGT"}}]}},"_links":{"self":[{"href":"https:\/\/www.ugtcomunicaciones.es\/wordpress\/wp-json\/wp\/v2\/posts\/416837","targetHints":{"allow":["GET"]}}],"collection":[{"href":"https:\/\/www.ugtcomunicaciones.es\/wordpress\/wp-json\/wp\/v2\/posts"}],"about":[{"href":"https:\/\/www.ugtcomunicaciones.es\/wordpress\/wp-json\/wp\/v2\/types\/post"}],"author":[{"embeddable":true,"href":"https:\/\/www.ugtcomunicaciones.es\/wordpress\/wp-json\/wp\/v2\/users\/3"}],"replies":[{"embeddable":true,"href":"https:\/\/www.ugtcomunicaciones.es\/wordpress\/wp-json\/wp\/v2\/comments?post=416837"}],"version-history":[{"count":0,"href":"https:\/\/www.ugtcomunicaciones.es\/wordpress\/wp-json\/wp\/v2\/posts\/416837\/revisions"}],"wp:featuredmedia":[{"embeddable":true,"href":"https:\/\/www.ugtcomunicaciones.es\/wordpress\/wp-json\/wp\/v2\/media\/165401"}],"wp:attachment":[{"href":"https:\/\/www.ugtcomunicaciones.es\/wordpress\/wp-json\/wp\/v2\/media?parent=416837"}],"wp:term":[{"taxonomy":"category","embeddable":true,"href":"https:\/\/www.ugtcomunicaciones.es\/wordpress\/wp-json\/wp\/v2\/categories?post=416837"},{"taxonomy":"post_tag","embeddable":true,"href":"https:\/\/www.ugtcomunicaciones.es\/wordpress\/wp-json\/wp\/v2\/tags?post=416837"}],"curies":[{"name":"wp","href":"https:\/\/api.w.org\/{rel}","templated":true}]}}