{"id":424,"date":"2016-12-20T10:47:12","date_gmt":"2016-12-20T09:47:12","guid":{"rendered":"http:\/\/www.ugtcom.h2301842.stratoserver.net\/wordpress\/wordpress\/?p=424"},"modified":"2017-01-24T10:48:54","modified_gmt":"2017-01-24T09:48:54","slug":"reunion-comite-intercentros-141216","status":"publish","type":"post","link":"https:\/\/www.ugtcomunicaciones.es\/wordpress\/reunion-comite-intercentros-141216\/","title":{"rendered":"Reuni\u00f3n Comit\u00e9 Intercentros 14\/12\/16"},"content":{"rendered":"<p style=\"text-align: justify;\"><strong>UGT<\/strong>, informa que en la reuni\u00f3n celebrada en el d\u00eda de hoy 14 de Diciembre, se han tratado los siguientes temas:<\/p>\n<p style=\"text-align: justify;\"><strong>Ayuda de estudios<\/strong><\/p>\n<p style=\"text-align: justify;\">Por parte de la Empresa nos indica que el plazo para la solicitud de Ayuda de Estudios finaliz\u00f3 el d\u00eda 25 de Noviembre, tanto para solicitudes como para reenviar justificantes que pidiese la empresa para la formalizaci\u00f3n de solicitudes ya aprobadas, de manera que dichas formalizaciones faciliten y acrediten la partida presupuestaria para dicho concepto. Nos indica que a\u00fan hay personas que no han remitido la documentaci\u00f3n.<\/p>\n<p style=\"text-align: justify;\">Dan de plazo hasta el 31 de Diciembre del presente a\u00f1o para que estas se entreguen, finalizado ese plazo, se har\u00e1 el reparto de los 23.000\u20ac dedicados para estudios, m\u00e1s los importes recuperados del curso anterior por no acreditar la documentaci\u00f3n o aprovechamiento de las asignaturas.<\/p>\n<p style=\"text-align: justify;\">Desde el Comit\u00e9 Intercentros y ambas secciones sindicales, se pide\u00a0 la informaci\u00f3n de las becas, importes y personas que hicieron la devoluci\u00f3n de la misma. Respondiendo la Empresa que cuando tengan lista dicha informaci\u00f3n se convocar\u00e1 a la comisi\u00f3n creada al respecto como siempre se ha hecho.<\/p>\n<p style=\"text-align: justify;\"><strong>Sistema de Retribuci\u00f3n Variable (S.R.V.)<a name=\"_GoBack\"><\/a><\/strong><\/p>\n<p style=\"text-align: justify;\">A petici\u00f3n de <strong>UGT<\/strong>, la empresa nos informa sobre el SRV, nos explican, que en diciembre se han mantenido estables los objetivos y que han mejorado la cuant\u00eda econ\u00f3mica de los Tycoins y los saltos que en ambos casos provocan que las reducciones de jornada se beneficien de dicho SRV.<\/p>\n<p style=\"text-align: justify;\">En Diciembre han mejorado las comisiones de las captaciones de bajo valor pero se fomenta econ\u00f3micamente las captaciones, BAF y televisiones de alto valor para que la venta sea una venta de calidad.<\/p>\n<p style=\"text-align: justify;\">Las competiciones han supuesto un incremento de dinero este mes hasta el 18 de Diciembre y nos comentan que a partir de dicha fecha van a organizar otra sorpresa para que los comerciales ganen m\u00e1s. Dichas competiciones han pasado de premiar a 150 comerciales y mandos, a 315 en total.<\/p>\n<p style=\"text-align: justify;\">A nuestra demanda de informaci\u00f3n sobre Venta directa, afirman no disponer en estos momentos de ella, pero se comprometen en la pr\u00f3xima reuni\u00f3n a aportarla.<\/p>\n<p style=\"text-align: justify;\">La Direcci\u00f3n de Recursos Humanos, nos informa que en las jornadas de comunicaciones se habl\u00f3 de la percepci\u00f3n para estos, err\u00f3neamente generalizada, de que los comerciales estaban ganando menos comisiones que el a\u00f1o anterior y no es as\u00ed, sino que se ha incrementado un 2%\u00a0 y los trabajadores no han visto mermadas sus condiciones econ\u00f3micas.<\/p>\n<p style=\"text-align: justify;\">Desde <strong>UGT<\/strong>, se contesta que ese dato lo contrastaremos cuando se nos entregue el certificado de retenciones del a\u00f1o 2016.<\/p>\n<p style=\"text-align: justify;\"><strong>Ordenaci\u00f3n del tiempo de trabajo<\/strong><\/p>\n<p style=\"text-align: justify;\">La Direcci\u00f3n de Recursos Humanos felicita por el magn\u00edfico trabajo de todos los miembros de la empresa en el tema de las vacaciones, a\u00f1adiendo que, esto es un paso importante para normalizar la actividad, cumpliendo la normativa vigente (Convenio Colectivo). Va a ser un sistema m\u00e1s transparente y organizado entendiendo que la estabilidad de los trabajadores y la eficiencia de las tiendas han de ir de la mano.<\/p>\n<p style=\"text-align: justify;\"><strong>UGT<\/strong> vuelve a solicitar que se ponga en pr\u00e1ctica lo acordado en el convenio colectivo y prevalezcan los turnos continuos sobre los partidos, tanto en las Tiendas como en el SAI.<\/p>\n<p style=\"text-align: justify;\">La Empresa indica que con los nuevos procedimientos se ha pasado de cerca de 100 turnos diferentes a tan s\u00f3lo 50, para ellos es un logro no s\u00f3lo por la diversidad de tiendas sino por las diferentes Comunidades Aut\u00f3nomas.<\/p>\n<p style=\"text-align: justify;\">Respecto a lo de SAI, indican que tienen un desbordamiento de cara a Telef\u00f3nica y que junto con el tema de los botes no han podido facilitar mejores turnos, pero agradece el esfuerzo de las plantillas en la reducci\u00f3n de dichos botes.<\/p>\n<p style=\"text-align: justify;\">Desde <strong>UGT<\/strong>, se explica que los trabajadores siguen sin saber el computo real de sus horas trabajadas al final de a\u00f1o, ya que nexo no ha sido una herramienta fiable para esto, y vemos necesario el que pueda establecerse alg\u00fan sistema de control horario que permita a los trabajadores saber su tiempo real de trabajo.<\/p>\n<p style=\"text-align: justify;\">La Empresa nos indica que se est\u00e1 trabajando en alg\u00fan tipo de software a nivel de grupo pero a\u00fan no hay nada definido.<\/p>\n<p style=\"text-align: justify;\"><strong>Grupos Profesionales<\/strong><\/p>\n<p style=\"text-align: justify;\"><strong>UGT<\/strong> Solicita que ambas partes deben de sentarse para analizar los Grupos Profesionales, contest\u00e1ndonos la Empresa que hasta que no terminen el proyecto de turnos no van a ponerse con el de grupos profesionales. Desde <strong>UGT<\/strong> se pide que esto se haga cuanto antes.<\/p>\n<p style=\"text-align: justify;\"><strong>Movilidad Horizontal<\/strong><\/p>\n<p style=\"text-align: justify;\">Finalmente hablamos de movilidad horizontal a lo que la Empresa indica que la movilidad, est\u00e1 \u00edntimamente relacionada con las vacaciones, asuntos propios y bajas por enfermedad.<\/p>\n<p style=\"text-align: justify;\">Desde <strong>UGT<\/strong> se solicita que es muy importante el poner las bases y criterios porque el per\u00edodo de peticiones voluntarias es del 01 al 31 de Enero. Pide adem\u00e1s que cuando est\u00e9 listo el procedimiento, se presente a los Representantes de los trabajadores<\/p>\n<p style=\"text-align: justify;\">Tambi\u00e9n se pide a la empresa el que en todos los territorios se aplique el tema de las guardias o disponibilidades voluntarias, a lo que la empresa indica que est\u00e1 contemplado en el programa de turnos.<\/p>\n<p style=\"text-align: justify;\">Tras esto se habla de ciertas figuras como el 4&#215;4 y el vendedor de movilidad que no queda claro sus funciones y sus diferencias, diferencias que se abordar\u00e1n en la Comisi\u00f3n de Grupos Profesionales.<\/p>\n","protected":false},"excerpt":{"rendered":"<p>UGT, informa que en la reuni\u00f3n celebrada en el d\u00eda de hoy 14 de Diciembre, se han tratado los siguientes temas: Ayuda de estudios Por parte de la Empresa nos indica que el plazo para la solicitud de Ayuda de Estudios finaliz\u00f3 el d\u00eda 25 de Noviembre, tanto para solicitudes como para reenviar justificantes que [&hellip;]<\/p>\n","protected":false},"author":3,"featured_media":425,"comment_status":"open","ping_status":"closed","sticky":false,"template":"","format":"standard","meta":{"footnotes":""},"categories":[37,31],"tags":[],"class_list":["post-424","post","type-post","status-publish","format-standard","has-post-thumbnail","hentry","category-telyco-telyco","category-telyco"],"yoast_head":"<!-- This site is optimized with the Yoast SEO Premium plugin v27.3 (Yoast SEO v27.4) - https:\/\/yoast.com\/product\/yoast-seo-premium-wordpress\/ -->\n<title>Reuni\u00f3n Comit\u00e9 Intercentros 14\/12\/16 - UGT Comunicaciones<\/title>\n<meta name=\"robots\" content=\"index, follow, max-snippet:-1, max-image-preview:large, max-video-preview:-1\" \/>\n<link rel=\"canonical\" href=\"https:\/\/www.ugtcomunicaciones.es\/wordpress\/reunion-comite-intercentros-141216\/\" \/>\n<meta property=\"og:locale\" content=\"es_ES\" \/>\n<meta property=\"og:type\" content=\"article\" \/>\n<meta property=\"og:title\" content=\"Reuni\u00f3n Comit\u00e9 Intercentros 14\/12\/16\" \/>\n<meta property=\"og:description\" content=\"UGT, informa que en la reuni\u00f3n celebrada en el d\u00eda de hoy 14 de Diciembre, se han tratado los siguientes temas: Ayuda de estudios Por parte de la Empresa nos indica que el plazo para la solicitud de Ayuda de Estudios finaliz\u00f3 el d\u00eda 25 de Noviembre, tanto para solicitudes como para reenviar justificantes que [&hellip;]\" \/>\n<meta property=\"og:url\" content=\"https:\/\/www.ugtcomunicaciones.es\/wordpress\/reunion-comite-intercentros-141216\/\" \/>\n<meta property=\"og:site_name\" content=\"UGT Comunicaciones\" \/>\n<meta property=\"article:publisher\" content=\"https:\/\/www.facebook.com\/ugt.comunicaciones\/\" \/>\n<meta property=\"article:published_time\" content=\"2016-12-20T09:47:12+00:00\" \/>\n<meta property=\"article:modified_time\" content=\"2017-01-24T09:48:54+00:00\" \/>\n<meta property=\"og:image\" content=\"https:\/\/www.ugtcomunicaciones.es\/wordpress\/wp-content\/uploads\/2016\/12\/comunicado_telyco.jpg\" \/>\n\t<meta property=\"og:image:width\" content=\"432\" \/>\n\t<meta property=\"og:image:height\" content=\"239\" \/>\n\t<meta property=\"og:image:type\" content=\"image\/jpeg\" \/>\n<meta name=\"author\" content=\"UGT\" \/>\n<meta name=\"twitter:card\" content=\"summary_large_image\" \/>\n<meta name=\"twitter:creator\" content=\"@ugtcom\" \/>\n<meta name=\"twitter:site\" content=\"@ugtcom\" \/>\n<meta name=\"twitter:label1\" content=\"Escrito por\" \/>\n\t<meta name=\"twitter:data1\" content=\"UGT\" \/>\n\t<meta name=\"twitter:label2\" content=\"Tiempo de lectura\" \/>\n\t<meta name=\"twitter:data2\" content=\"5 minutos\" \/>\n<script type=\"application\/ld+json\" class=\"yoast-schema-graph\">{\"@context\":\"https:\\\/\\\/schema.org\",\"@graph\":[{\"@type\":\"Article\",\"@id\":\"https:\\\/\\\/www.ugtcomunicaciones.es\\\/wordpress\\\/reunion-comite-intercentros-141216\\\/#article\",\"isPartOf\":{\"@id\":\"https:\\\/\\\/www.ugtcomunicaciones.es\\\/wordpress\\\/reunion-comite-intercentros-141216\\\/\"},\"author\":{\"name\":\"UGT\",\"@id\":\"https:\\\/\\\/www.ugtcomunicaciones.es\\\/wordpress\\\/#\\\/schema\\\/person\\\/eba0fc3fe5b444531d94d4368cba89ed\"},\"headline\":\"Reuni\u00f3n Comit\u00e9 Intercentros 14\\\/12\\\/16\",\"datePublished\":\"2016-12-20T09:47:12+00:00\",\"dateModified\":\"2017-01-24T09:48:54+00:00\",\"mainEntityOfPage\":{\"@id\":\"https:\\\/\\\/www.ugtcomunicaciones.es\\\/wordpress\\\/reunion-comite-intercentros-141216\\\/\"},\"wordCount\":914,\"commentCount\":0,\"publisher\":{\"@id\":\"https:\\\/\\\/www.ugtcomunicaciones.es\\\/wordpress\\\/#organization\"},\"image\":{\"@id\":\"https:\\\/\\\/www.ugtcomunicaciones.es\\\/wordpress\\\/reunion-comite-intercentros-141216\\\/#primaryimage\"},\"thumbnailUrl\":\"https:\\\/\\\/www.ugtcomunicaciones.es\\\/wordpress\\\/wp-content\\\/uploads\\\/2016\\\/12\\\/comunicado_telyco.jpg\",\"articleSection\":[\"Telyco\",\"Telyco\"],\"inLanguage\":\"es\",\"potentialAction\":[{\"@type\":\"CommentAction\",\"name\":\"Comment\",\"target\":[\"https:\\\/\\\/www.ugtcomunicaciones.es\\\/wordpress\\\/reunion-comite-intercentros-141216\\\/#respond\"]}]},{\"@type\":\"WebPage\",\"@id\":\"https:\\\/\\\/www.ugtcomunicaciones.es\\\/wordpress\\\/reunion-comite-intercentros-141216\\\/\",\"url\":\"https:\\\/\\\/www.ugtcomunicaciones.es\\\/wordpress\\\/reunion-comite-intercentros-141216\\\/\",\"name\":\"Reuni\u00f3n Comit\u00e9 Intercentros 14\\\/12\\\/16 - UGT Comunicaciones\",\"isPartOf\":{\"@id\":\"https:\\\/\\\/www.ugtcomunicaciones.es\\\/wordpress\\\/#website\"},\"primaryImageOfPage\":{\"@id\":\"https:\\\/\\\/www.ugtcomunicaciones.es\\\/wordpress\\\/reunion-comite-intercentros-141216\\\/#primaryimage\"},\"image\":{\"@id\":\"https:\\\/\\\/www.ugtcomunicaciones.es\\\/wordpress\\\/reunion-comite-intercentros-141216\\\/#primaryimage\"},\"thumbnailUrl\":\"https:\\\/\\\/www.ugtcomunicaciones.es\\\/wordpress\\\/wp-content\\\/uploads\\\/2016\\\/12\\\/comunicado_telyco.jpg\",\"datePublished\":\"2016-12-20T09:47:12+00:00\",\"dateModified\":\"2017-01-24T09:48:54+00:00\",\"breadcrumb\":{\"@id\":\"https:\\\/\\\/www.ugtcomunicaciones.es\\\/wordpress\\\/reunion-comite-intercentros-141216\\\/#breadcrumb\"},\"inLanguage\":\"es\",\"potentialAction\":[{\"@type\":\"ReadAction\",\"target\":[\"https:\\\/\\\/www.ugtcomunicaciones.es\\\/wordpress\\\/reunion-comite-intercentros-141216\\\/\"]}]},{\"@type\":\"ImageObject\",\"inLanguage\":\"es\",\"@id\":\"https:\\\/\\\/www.ugtcomunicaciones.es\\\/wordpress\\\/reunion-comite-intercentros-141216\\\/#primaryimage\",\"url\":\"https:\\\/\\\/www.ugtcomunicaciones.es\\\/wordpress\\\/wp-content\\\/uploads\\\/2016\\\/12\\\/comunicado_telyco.jpg\",\"contentUrl\":\"https:\\\/\\\/www.ugtcomunicaciones.es\\\/wordpress\\\/wp-content\\\/uploads\\\/2016\\\/12\\\/comunicado_telyco.jpg\",\"width\":432,\"height\":239},{\"@type\":\"BreadcrumbList\",\"@id\":\"https:\\\/\\\/www.ugtcomunicaciones.es\\\/wordpress\\\/reunion-comite-intercentros-141216\\\/#breadcrumb\",\"itemListElement\":[{\"@type\":\"ListItem\",\"position\":1,\"name\":\"Portada\",\"item\":\"https:\\\/\\\/www.ugtcomunicaciones.es\\\/wordpress\\\/\"},{\"@type\":\"ListItem\",\"position\":2,\"name\":\"Reuni\u00f3n Comit\u00e9 Intercentros 14\\\/12\\\/16\"}]},{\"@type\":\"WebSite\",\"@id\":\"https:\\\/\\\/www.ugtcomunicaciones.es\\\/wordpress\\\/#website\",\"url\":\"https:\\\/\\\/www.ugtcomunicaciones.es\\\/wordpress\\\/\",\"name\":\"UGT Comunicaciones\",\"description\":\"Sindicato de Telecomunicaciones\",\"publisher\":{\"@id\":\"https:\\\/\\\/www.ugtcomunicaciones.es\\\/wordpress\\\/#organization\"},\"potentialAction\":[{\"@type\":\"SearchAction\",\"target\":{\"@type\":\"EntryPoint\",\"urlTemplate\":\"https:\\\/\\\/www.ugtcomunicaciones.es\\\/wordpress\\\/?s={search_term_string}\"},\"query-input\":{\"@type\":\"PropertyValueSpecification\",\"valueRequired\":true,\"valueName\":\"search_term_string\"}}],\"inLanguage\":\"es\"},{\"@type\":\"Organization\",\"@id\":\"https:\\\/\\\/www.ugtcomunicaciones.es\\\/wordpress\\\/#organization\",\"name\":\"UGT Comunicaciones\",\"url\":\"https:\\\/\\\/www.ugtcomunicaciones.es\\\/wordpress\\\/\",\"logo\":{\"@type\":\"ImageObject\",\"inLanguage\":\"es\",\"@id\":\"https:\\\/\\\/www.ugtcomunicaciones.es\\\/wordpress\\\/#\\\/schema\\\/logo\\\/image\\\/\",\"url\":\"https:\\\/\\\/www.ugtcomunicaciones.es\\\/wordpress\\\/wp-content\\\/uploads\\\/2024\\\/04\\\/comunicaciones_logo.png\",\"contentUrl\":\"https:\\\/\\\/www.ugtcomunicaciones.es\\\/wordpress\\\/wp-content\\\/uploads\\\/2024\\\/04\\\/comunicaciones_logo.png\",\"width\":298,\"height\":81,\"caption\":\"UGT Comunicaciones\"},\"image\":{\"@id\":\"https:\\\/\\\/www.ugtcomunicaciones.es\\\/wordpress\\\/#\\\/schema\\\/logo\\\/image\\\/\"},\"sameAs\":[\"https:\\\/\\\/www.facebook.com\\\/ugt.comunicaciones\\\/\",\"https:\\\/\\\/x.com\\\/ugtcom\"]},{\"@type\":\"Person\",\"@id\":\"https:\\\/\\\/www.ugtcomunicaciones.es\\\/wordpress\\\/#\\\/schema\\\/person\\\/eba0fc3fe5b444531d94d4368cba89ed\",\"name\":\"UGT\",\"image\":{\"@type\":\"ImageObject\",\"inLanguage\":\"es\",\"@id\":\"https:\\\/\\\/secure.gravatar.com\\\/avatar\\\/2a16057d620a4c646bcfc171c4f23030879ebbdd346f0525bd5d4a564e57e13d?s=96&d=mm&r=g\",\"url\":\"https:\\\/\\\/secure.gravatar.com\\\/avatar\\\/2a16057d620a4c646bcfc171c4f23030879ebbdd346f0525bd5d4a564e57e13d?s=96&d=mm&r=g\",\"contentUrl\":\"https:\\\/\\\/secure.gravatar.com\\\/avatar\\\/2a16057d620a4c646bcfc171c4f23030879ebbdd346f0525bd5d4a564e57e13d?s=96&d=mm&r=g\",\"caption\":\"UGT\"}}]}<\/script>\n<!-- \/ Yoast SEO Premium plugin. -->","yoast_head_json":{"title":"Reuni\u00f3n Comit\u00e9 Intercentros 14\/12\/16 - UGT Comunicaciones","robots":{"index":"index","follow":"follow","max-snippet":"max-snippet:-1","max-image-preview":"max-image-preview:large","max-video-preview":"max-video-preview:-1"},"canonical":"https:\/\/www.ugtcomunicaciones.es\/wordpress\/reunion-comite-intercentros-141216\/","og_locale":"es_ES","og_type":"article","og_title":"Reuni\u00f3n Comit\u00e9 Intercentros 14\/12\/16","og_description":"UGT, informa que en la reuni\u00f3n celebrada en el d\u00eda de hoy 14 de Diciembre, se han tratado los siguientes temas: Ayuda de estudios Por parte de la Empresa nos indica que el plazo para la solicitud de Ayuda de Estudios finaliz\u00f3 el d\u00eda 25 de Noviembre, tanto para solicitudes como para reenviar justificantes que [&hellip;]","og_url":"https:\/\/www.ugtcomunicaciones.es\/wordpress\/reunion-comite-intercentros-141216\/","og_site_name":"UGT Comunicaciones","article_publisher":"https:\/\/www.facebook.com\/ugt.comunicaciones\/","article_published_time":"2016-12-20T09:47:12+00:00","article_modified_time":"2017-01-24T09:48:54+00:00","og_image":[{"width":432,"height":239,"url":"https:\/\/www.ugtcomunicaciones.es\/wordpress\/wp-content\/uploads\/2016\/12\/comunicado_telyco.jpg","type":"image\/jpeg"}],"author":"UGT","twitter_card":"summary_large_image","twitter_creator":"@ugtcom","twitter_site":"@ugtcom","twitter_misc":{"Escrito por":"UGT","Tiempo de lectura":"5 minutos"},"schema":{"@context":"https:\/\/schema.org","@graph":[{"@type":"Article","@id":"https:\/\/www.ugtcomunicaciones.es\/wordpress\/reunion-comite-intercentros-141216\/#article","isPartOf":{"@id":"https:\/\/www.ugtcomunicaciones.es\/wordpress\/reunion-comite-intercentros-141216\/"},"author":{"name":"UGT","@id":"https:\/\/www.ugtcomunicaciones.es\/wordpress\/#\/schema\/person\/eba0fc3fe5b444531d94d4368cba89ed"},"headline":"Reuni\u00f3n Comit\u00e9 Intercentros 14\/12\/16","datePublished":"2016-12-20T09:47:12+00:00","dateModified":"2017-01-24T09:48:54+00:00","mainEntityOfPage":{"@id":"https:\/\/www.ugtcomunicaciones.es\/wordpress\/reunion-comite-intercentros-141216\/"},"wordCount":914,"commentCount":0,"publisher":{"@id":"https:\/\/www.ugtcomunicaciones.es\/wordpress\/#organization"},"image":{"@id":"https:\/\/www.ugtcomunicaciones.es\/wordpress\/reunion-comite-intercentros-141216\/#primaryimage"},"thumbnailUrl":"https:\/\/www.ugtcomunicaciones.es\/wordpress\/wp-content\/uploads\/2016\/12\/comunicado_telyco.jpg","articleSection":["Telyco","Telyco"],"inLanguage":"es","potentialAction":[{"@type":"CommentAction","name":"Comment","target":["https:\/\/www.ugtcomunicaciones.es\/wordpress\/reunion-comite-intercentros-141216\/#respond"]}]},{"@type":"WebPage","@id":"https:\/\/www.ugtcomunicaciones.es\/wordpress\/reunion-comite-intercentros-141216\/","url":"https:\/\/www.ugtcomunicaciones.es\/wordpress\/reunion-comite-intercentros-141216\/","name":"Reuni\u00f3n Comit\u00e9 Intercentros 14\/12\/16 - UGT Comunicaciones","isPartOf":{"@id":"https:\/\/www.ugtcomunicaciones.es\/wordpress\/#website"},"primaryImageOfPage":{"@id":"https:\/\/www.ugtcomunicaciones.es\/wordpress\/reunion-comite-intercentros-141216\/#primaryimage"},"image":{"@id":"https:\/\/www.ugtcomunicaciones.es\/wordpress\/reunion-comite-intercentros-141216\/#primaryimage"},"thumbnailUrl":"https:\/\/www.ugtcomunicaciones.es\/wordpress\/wp-content\/uploads\/2016\/12\/comunicado_telyco.jpg","datePublished":"2016-12-20T09:47:12+00:00","dateModified":"2017-01-24T09:48:54+00:00","breadcrumb":{"@id":"https:\/\/www.ugtcomunicaciones.es\/wordpress\/reunion-comite-intercentros-141216\/#breadcrumb"},"inLanguage":"es","potentialAction":[{"@type":"ReadAction","target":["https:\/\/www.ugtcomunicaciones.es\/wordpress\/reunion-comite-intercentros-141216\/"]}]},{"@type":"ImageObject","inLanguage":"es","@id":"https:\/\/www.ugtcomunicaciones.es\/wordpress\/reunion-comite-intercentros-141216\/#primaryimage","url":"https:\/\/www.ugtcomunicaciones.es\/wordpress\/wp-content\/uploads\/2016\/12\/comunicado_telyco.jpg","contentUrl":"https:\/\/www.ugtcomunicaciones.es\/wordpress\/wp-content\/uploads\/2016\/12\/comunicado_telyco.jpg","width":432,"height":239},{"@type":"BreadcrumbList","@id":"https:\/\/www.ugtcomunicaciones.es\/wordpress\/reunion-comite-intercentros-141216\/#breadcrumb","itemListElement":[{"@type":"ListItem","position":1,"name":"Portada","item":"https:\/\/www.ugtcomunicaciones.es\/wordpress\/"},{"@type":"ListItem","position":2,"name":"Reuni\u00f3n Comit\u00e9 Intercentros 14\/12\/16"}]},{"@type":"WebSite","@id":"https:\/\/www.ugtcomunicaciones.es\/wordpress\/#website","url":"https:\/\/www.ugtcomunicaciones.es\/wordpress\/","name":"UGT Comunicaciones","description":"Sindicato de Telecomunicaciones","publisher":{"@id":"https:\/\/www.ugtcomunicaciones.es\/wordpress\/#organization"},"potentialAction":[{"@type":"SearchAction","target":{"@type":"EntryPoint","urlTemplate":"https:\/\/www.ugtcomunicaciones.es\/wordpress\/?s={search_term_string}"},"query-input":{"@type":"PropertyValueSpecification","valueRequired":true,"valueName":"search_term_string"}}],"inLanguage":"es"},{"@type":"Organization","@id":"https:\/\/www.ugtcomunicaciones.es\/wordpress\/#organization","name":"UGT Comunicaciones","url":"https:\/\/www.ugtcomunicaciones.es\/wordpress\/","logo":{"@type":"ImageObject","inLanguage":"es","@id":"https:\/\/www.ugtcomunicaciones.es\/wordpress\/#\/schema\/logo\/image\/","url":"https:\/\/www.ugtcomunicaciones.es\/wordpress\/wp-content\/uploads\/2024\/04\/comunicaciones_logo.png","contentUrl":"https:\/\/www.ugtcomunicaciones.es\/wordpress\/wp-content\/uploads\/2024\/04\/comunicaciones_logo.png","width":298,"height":81,"caption":"UGT Comunicaciones"},"image":{"@id":"https:\/\/www.ugtcomunicaciones.es\/wordpress\/#\/schema\/logo\/image\/"},"sameAs":["https:\/\/www.facebook.com\/ugt.comunicaciones\/","https:\/\/x.com\/ugtcom"]},{"@type":"Person","@id":"https:\/\/www.ugtcomunicaciones.es\/wordpress\/#\/schema\/person\/eba0fc3fe5b444531d94d4368cba89ed","name":"UGT","image":{"@type":"ImageObject","inLanguage":"es","@id":"https:\/\/secure.gravatar.com\/avatar\/2a16057d620a4c646bcfc171c4f23030879ebbdd346f0525bd5d4a564e57e13d?s=96&d=mm&r=g","url":"https:\/\/secure.gravatar.com\/avatar\/2a16057d620a4c646bcfc171c4f23030879ebbdd346f0525bd5d4a564e57e13d?s=96&d=mm&r=g","contentUrl":"https:\/\/secure.gravatar.com\/avatar\/2a16057d620a4c646bcfc171c4f23030879ebbdd346f0525bd5d4a564e57e13d?s=96&d=mm&r=g","caption":"UGT"}}]}},"_links":{"self":[{"href":"https:\/\/www.ugtcomunicaciones.es\/wordpress\/wp-json\/wp\/v2\/posts\/424","targetHints":{"allow":["GET"]}}],"collection":[{"href":"https:\/\/www.ugtcomunicaciones.es\/wordpress\/wp-json\/wp\/v2\/posts"}],"about":[{"href":"https:\/\/www.ugtcomunicaciones.es\/wordpress\/wp-json\/wp\/v2\/types\/post"}],"author":[{"embeddable":true,"href":"https:\/\/www.ugtcomunicaciones.es\/wordpress\/wp-json\/wp\/v2\/users\/3"}],"replies":[{"embeddable":true,"href":"https:\/\/www.ugtcomunicaciones.es\/wordpress\/wp-json\/wp\/v2\/comments?post=424"}],"version-history":[{"count":0,"href":"https:\/\/www.ugtcomunicaciones.es\/wordpress\/wp-json\/wp\/v2\/posts\/424\/revisions"}],"wp:featuredmedia":[{"embeddable":true,"href":"https:\/\/www.ugtcomunicaciones.es\/wordpress\/wp-json\/wp\/v2\/media\/425"}],"wp:attachment":[{"href":"https:\/\/www.ugtcomunicaciones.es\/wordpress\/wp-json\/wp\/v2\/media?parent=424"}],"wp:term":[{"taxonomy":"category","embeddable":true,"href":"https:\/\/www.ugtcomunicaciones.es\/wordpress\/wp-json\/wp\/v2\/categories?post=424"},{"taxonomy":"post_tag","embeddable":true,"href":"https:\/\/www.ugtcomunicaciones.es\/wordpress\/wp-json\/wp\/v2\/tags?post=424"}],"curies":[{"name":"wp","href":"https:\/\/api.w.org\/{rel}","templated":true}]}}