{"id":439482,"date":"2019-10-28T07:00:52","date_gmt":"2019-10-28T05:00:52","guid":{"rendered":"http:\/\/ugtcomunicaciones.es\/wordpress\/?p=439482"},"modified":"2019-10-15T15:55:11","modified_gmt":"2019-10-15T13:55:11","slug":"informe-primer-trimestre-2019-sector-comunicaciones-estancamiento-en-ingresos-y-empleo","status":"publish","type":"post","link":"https:\/\/www.ugtcomunicaciones.es\/wordpress\/informe-primer-trimestre-2019-sector-comunicaciones-estancamiento-en-ingresos-y-empleo\/","title":{"rendered":"Informe primer trimestre 2019 sector comunicaciones: estancamiento en ingresos y empleo"},"content":{"rendered":"<p style=\"text-align: justify;\">La publicaci\u00f3n del \u00faltimo informe trimestral de la CNMC, correspondiente al primer trimestre de 2019, demuestra que nuestro Sector contin\u00faa completamente estancado en t\u00e9rminos de empleo e ingresos, con un claro damnificado (Vodafone) y otro claro beneficiado: M\u00e1sM\u00f3vil.<\/p>\n<p style=\"text-align: justify;\"><strong>PANOR\u00c1MICA GENERAL<\/strong><\/p>\n<p style=\"text-align: justify;\">En ingresos totales (mayoristas+minoristas) por operador, Telef\u00f3nica acapara casi el 45% del mercado, Orange pierde el nivel del 16%, al igual de Vodafone que pierde el 15%. M\u00e1sM\u00f3vil asciende al 5,4%, ganado m\u00e1s de un punto en solo un a\u00f1o.<\/p>\n<p style=\"text-align: justify;\">Vistos en su conjunto, los ingresos totales de todos los operadores pierden casi un 2% en un a\u00f1o.<\/p>\n<p style=\"text-align: justify;\">Con todo, casi todos los operadores logran una ganancia neta en euros en la comparativa interanual, salvo Vodafone que pierde 117 millones (la guerra del f\u00fatbol le pasa una gruesa factura) y Orange, que tiene un leve retroceso:<\/p>\n<p style=\"text-align: center;\"><strong>INGRESOS TOTALES INTERANUALES POR OPERADOR<\/strong><\/p>\n<p style=\"text-align: justify;\"><img decoding=\"async\" class=\"size-full wp-image-439496 aligncenter lazyload\" data-src=\"http:\/\/ugtcomunicaciones.es\/wordpress\/wp-content\/uploads\/2019\/10\/informe-01-28-10-19.png\" alt=\"informe-01-28-10-19\" width=\"600\" height=\"263\" data-srcset=\"https:\/\/www.ugtcomunicaciones.es\/wordpress\/wp-content\/uploads\/2019\/10\/informe-01-28-10-19.png 600w, https:\/\/www.ugtcomunicaciones.es\/wordpress\/wp-content\/uploads\/2019\/10\/informe-01-28-10-19-300x132.png 300w\" data-sizes=\"(max-width: 600px) 100vw, 600px\" src=\"data:image\/svg+xml;base64,PHN2ZyB3aWR0aD0iMSIgaGVpZ2h0PSIxIiB4bWxucz0iaHR0cDovL3d3dy53My5vcmcvMjAwMC9zdmciPjwvc3ZnPg==\" style=\"--smush-placeholder-width: 600px; --smush-placeholder-aspect-ratio: 600\/263;\" \/><\/p>\n<p style=\"text-align: justify;\"><strong>INGRESOS MINORISTAS<\/strong><\/p>\n<p style=\"text-align: justify;\">Los ingresos minoristas han descendido un -0,6%, mientras que los mayoristas han retrocedido casi un -5%.<\/p>\n<p style=\"text-align: justify;\">El mayor pinchazo en el mercado minorista se lo lleva la telefon\u00eda m\u00f3vil vocal, con 45 millones de euros menos de recaudaci\u00f3n en solo un a\u00f1o (-7,6%). Aunque la l\u00ednea de negocio de telefon\u00eda fija en su conjunto tampoco le anda a la zaga: m\u00e1s de 50 millones menos entre telefon\u00eda y banda ancha fija (-2,7%). La banda ancha fija, hasta hace poco una puesta segura de crecimiento, se deja 17 millones de euros por el camino (-1,6%).<\/p>\n<p style=\"text-align: justify;\">En el negocio m\u00f3vil, las noticias son ligeramente mejores: un -6,6% en la parte vocal, equilibrados por la pujanza de la BAM: +6,4 (81 M\u20ac m\u00e1s en un a\u00f1o).<\/p>\n<p style=\"text-align: justify;\">El resultado final demuestra el estancamiento del Sector en ingresos: -0,6% interanual.<\/p>\n<p><img decoding=\"async\" class=\"size-full wp-image-439497 aligncenter lazyload\" data-src=\"http:\/\/ugtcomunicaciones.es\/wordpress\/wp-content\/uploads\/2019\/10\/informe-02-28-10-19.png\" alt=\"informe-02-28-10-19\" width=\"514\" height=\"627\" data-srcset=\"https:\/\/www.ugtcomunicaciones.es\/wordpress\/wp-content\/uploads\/2019\/10\/informe-02-28-10-19.png 514w, https:\/\/www.ugtcomunicaciones.es\/wordpress\/wp-content\/uploads\/2019\/10\/informe-02-28-10-19-246x300.png 246w, https:\/\/www.ugtcomunicaciones.es\/wordpress\/wp-content\/uploads\/2019\/10\/informe-02-28-10-19-344x420.png 344w\" data-sizes=\"(max-width: 514px) 100vw, 514px\" src=\"data:image\/svg+xml;base64,PHN2ZyB3aWR0aD0iMSIgaGVpZ2h0PSIxIiB4bWxucz0iaHR0cDovL3d3dy53My5vcmcvMjAwMC9zdmciPjwvc3ZnPg==\" style=\"--smush-placeholder-width: 514px; --smush-placeholder-aspect-ratio: 514\/627;\" \/><\/p>\n<p style=\"text-align: justify;\">Por operadores: Vodafone confirma su mala racha, con una p\u00e9rdida neta de ingresos minoristas de 140 millones de euros. En el lado opuesto M\u00e1sM\u00f3vil, que rentabiliza su captaci\u00f3n de clientes sumando 76 millones de euros a su balance. Movistar logra un resultado positivo (+22 M\u20ac) y el resto de operadores, pierde ingresos (Orange, -21 m\u20ac; Euskatel, -30.000 \u20ac).<\/p>\n<p style=\"text-align: justify;\">En el reparto de las cuotas de mercado, Movistar lidera seguida de una Orange y Vodafone muy parejas.<\/p>\n<p style=\"text-align: center;\"><strong>REPARTO DE LOS INGRESOS MINORISTAS POR OPERADOR<\/strong><\/p>\n<p><img decoding=\"async\" class=\"size-full wp-image-439498 aligncenter lazyload\" data-src=\"http:\/\/ugtcomunicaciones.es\/wordpress\/wp-content\/uploads\/2019\/10\/informe-03-28-10-19.png\" alt=\"informe-03-28-10-19\" width=\"563\" height=\"324\" data-srcset=\"https:\/\/www.ugtcomunicaciones.es\/wordpress\/wp-content\/uploads\/2019\/10\/informe-03-28-10-19.png 563w, https:\/\/www.ugtcomunicaciones.es\/wordpress\/wp-content\/uploads\/2019\/10\/informe-03-28-10-19-300x173.png 300w\" data-sizes=\"(max-width: 563px) 100vw, 563px\" src=\"data:image\/svg+xml;base64,PHN2ZyB3aWR0aD0iMSIgaGVpZ2h0PSIxIiB4bWxucz0iaHR0cDovL3d3dy53My5vcmcvMjAwMC9zdmciPjwvc3ZnPg==\" style=\"--smush-placeholder-width: 563px; --smush-placeholder-aspect-ratio: 563\/324;\" \/><\/p>\n<p style=\"text-align: justify;\">\n<p style=\"text-align: justify;\"><strong>INGRESOS MAYORISTAS<\/strong><\/p>\n<p style=\"text-align: justify;\">El mercado mayorista tiene mucha mejor salud que el minorista, gracias a los contenidos audiovisuales (+60 M\u20ac y un +7,2% crecimiento interanual) y la interconexi\u00f3n m\u00f3vil (+16 M\u20ac; +5,1%), que equilibra las p\u00e9rdidas de la interconexi\u00f3n fija (-11 M\u20ac).<\/p>\n<p style=\"text-align: justify;\"><strong> <img decoding=\"async\" class=\"size-full wp-image-439499 aligncenter lazyload\" data-src=\"http:\/\/ugtcomunicaciones.es\/wordpress\/wp-content\/uploads\/2019\/10\/informe-04-28-10-19.png\" alt=\"informe-04-28-10-19\" width=\"472\" height=\"531\" data-srcset=\"https:\/\/www.ugtcomunicaciones.es\/wordpress\/wp-content\/uploads\/2019\/10\/informe-04-28-10-19.png 472w, https:\/\/www.ugtcomunicaciones.es\/wordpress\/wp-content\/uploads\/2019\/10\/informe-04-28-10-19-267x300.png 267w, https:\/\/www.ugtcomunicaciones.es\/wordpress\/wp-content\/uploads\/2019\/10\/informe-04-28-10-19-373x420.png 373w\" data-sizes=\"(max-width: 472px) 100vw, 472px\" src=\"data:image\/svg+xml;base64,PHN2ZyB3aWR0aD0iMSIgaGVpZ2h0PSIxIiB4bWxucz0iaHR0cDovL3d3dy53My5vcmcvMjAwMC9zdmciPjwvc3ZnPg==\" style=\"--smush-placeholder-width: 472px; --smush-placeholder-aspect-ratio: 472\/531;\" \/><\/strong><\/p>\n<p style=\"text-align: justify;\">Movistar consigue un crecimiento m\u00e1s que honroso: +65 M\u20ac, que representa casi un 6% de subida interanual. Orange y Vodafone tambi\u00e9n crecen (+7,6% y +11%, respectivamente), pero es M\u00e1sM\u00f3vil quien se lleva la palma: +50% de crecimiento interanual.<\/p>\n<p style=\"text-align: justify;\">Con todo, el gran dominador sigue siendo Movistar, que concita m\u00e1s de la mitad de los ingresos mayoristas. Destacar que los operadores neutros de infraestructuras, tales como Cellnex y Telxius, ya obtienen casi el 5% del mercado mayorista.<\/p>\n<p style=\"text-align: center;\"><strong>REPARTO DE LOS INGRESOS MAYORISTAS POR OPERADOR<\/strong><\/p>\n<p style=\"text-align: justify;\"><img decoding=\"async\" class=\"size-full wp-image-439500 aligncenter lazyload\" data-src=\"http:\/\/ugtcomunicaciones.es\/wordpress\/wp-content\/uploads\/2019\/10\/informe-05-28-10-19.png\" alt=\"informe-05-28-10-19\" width=\"600\" height=\"328\" data-srcset=\"https:\/\/www.ugtcomunicaciones.es\/wordpress\/wp-content\/uploads\/2019\/10\/informe-05-28-10-19.png 600w, https:\/\/www.ugtcomunicaciones.es\/wordpress\/wp-content\/uploads\/2019\/10\/informe-05-28-10-19-300x164.png 300w\" data-sizes=\"(max-width: 600px) 100vw, 600px\" src=\"data:image\/svg+xml;base64,PHN2ZyB3aWR0aD0iMSIgaGVpZ2h0PSIxIiB4bWxucz0iaHR0cDovL3d3dy53My5vcmcvMjAwMC9zdmciPjwvc3ZnPg==\" style=\"--smush-placeholder-width: 600px; --smush-placeholder-aspect-ratio: 600\/328;\" \/><\/p>\n<p style=\"text-align: justify;\"><strong>EMPLEO<\/strong><\/p>\n<p style=\"text-align: justify;\">El empleo se ha mantenido pr\u00e1cticamente plano en el \u00faltimo a\u00f1o, con unas cifras casi id\u00e9nticas: 56.903 en el primer trimestre de 2018; 56.904 en el primer trimestre de 2019:<\/p>\n<p style=\"text-align: justify;\"><img decoding=\"async\" class=\"size-full wp-image-439501 aligncenter lazyload\" data-src=\"http:\/\/ugtcomunicaciones.es\/wordpress\/wp-content\/uploads\/2019\/10\/informe-06-28-10-19.png\" alt=\"informe-06-28-10-19\" width=\"222\" height=\"271\" src=\"data:image\/svg+xml;base64,PHN2ZyB3aWR0aD0iMSIgaGVpZ2h0PSIxIiB4bWxucz0iaHR0cDovL3d3dy53My5vcmcvMjAwMC9zdmciPjwvc3ZnPg==\" style=\"--smush-placeholder-width: 222px; --smush-placeholder-aspect-ratio: 222\/271;\" \/><\/p>\n<p style=\"text-align: justify;\"><strong>EMPAQUETAMIENTOS<\/strong><\/p>\n<p style=\"text-align: justify;\">El empaquetamiento de servicios sigue siendo la norma de nuestro mercado local. La modalidad m\u00e1s usada es la que mezcla telefon\u00eda fija y m\u00f3vil y banda ancha fija y m\u00f3vil, con 6,30 millones de paquetes contratados. Le sigue de cerca, y con una proyecci\u00f3n interanual mayor, la modalidad que junta cinco servicios (telefon\u00eda fija y m\u00f3vil, banda ancha fija y m\u00f3vil y TV de pago): 5,98 millones. Los paquetes \u201cfijos\u201d (telefon\u00eda y banda ancha) siguen en franco descenso, con 1,86 millones (superaban los 4 millones en 2013).<\/p>\n<p style=\"text-align: justify;\"><strong>INFRAESTRUCTURAS<\/strong><\/p>\n<p style=\"text-align: justify;\">El FTTH sigue siendo el rey indiscutible (y lo ser\u00e1 por mucho tiempo), con 46,6 millones de accesos instalados y m\u00e1s de 9 en servicio. En 2013 solo hab\u00eda medio mill\u00f3n. El cable HFC no crece: presenta casi las mismas cifras que en dicho 2013. La modalidad FTTN es casi residual y solo es prestado por Movistar.<\/p>\n<p style=\"text-align: justify;\"><img decoding=\"async\" class=\"size-full wp-image-439502 aligncenter lazyload\" data-src=\"http:\/\/ugtcomunicaciones.es\/wordpress\/wp-content\/uploads\/2019\/10\/informe-07-28-10-19.png\" alt=\"informe-07-28-10-19\" width=\"540\" height=\"157\" data-srcset=\"https:\/\/www.ugtcomunicaciones.es\/wordpress\/wp-content\/uploads\/2019\/10\/informe-07-28-10-19.png 540w, https:\/\/www.ugtcomunicaciones.es\/wordpress\/wp-content\/uploads\/2019\/10\/informe-07-28-10-19-300x87.png 300w, https:\/\/www.ugtcomunicaciones.es\/wordpress\/wp-content\/uploads\/2019\/10\/informe-07-28-10-19-537x157.png 537w\" data-sizes=\"(max-width: 540px) 100vw, 540px\" src=\"data:image\/svg+xml;base64,PHN2ZyB3aWR0aD0iMSIgaGVpZ2h0PSIxIiB4bWxucz0iaHR0cDovL3d3dy53My5vcmcvMjAwMC9zdmciPjwvc3ZnPg==\" style=\"--smush-placeholder-width: 540px; --smush-placeholder-aspect-ratio: 540\/157;\" \/><\/p>\n<p style=\"text-align: justify;\">Por operadores, el operador con mayor despliegue es Movistar, con 22,5 millones de accesos instalados (pr\u00e1cticamente todos bajo FTTH). Le siguen Orange con casi 14 millones y Vodafone con 11, aunque de ellos, 7,5 son de cable. M\u00e1sM\u00f3vil presume de una red m\u00e1s que decente con casi 6,4 millones de acceso FTTH.<\/p>\n<p style=\"text-align: justify;\"><img decoding=\"async\" class=\"size-full wp-image-439516 aligncenter lazyload\" data-src=\"http:\/\/ugtcomunicaciones.es\/wordpress\/wp-content\/uploads\/2019\/10\/informe-08-28-10-19.png\" alt=\"informe-08-28-10-19\" width=\"494\" height=\"243\" data-srcset=\"https:\/\/www.ugtcomunicaciones.es\/wordpress\/wp-content\/uploads\/2019\/10\/informe-08-28-10-19.png 494w, https:\/\/www.ugtcomunicaciones.es\/wordpress\/wp-content\/uploads\/2019\/10\/informe-08-28-10-19-300x148.png 300w\" data-sizes=\"(max-width: 494px) 100vw, 494px\" src=\"data:image\/svg+xml;base64,PHN2ZyB3aWR0aD0iMSIgaGVpZ2h0PSIxIiB4bWxucz0iaHR0cDovL3d3dy53My5vcmcvMjAwMC9zdmciPjwvc3ZnPg==\" style=\"--smush-placeholder-width: 494px; --smush-placeholder-aspect-ratio: 494\/243;\" \/><\/p>\n<p style=\"text-align: justify;\"><strong>SERVICIOS<\/strong><\/p>\n<p style=\"text-align: justify;\">Como consecuencia del poder\u00edo del FTTH la velocidad media de los accesos es cada vez mayor, hasta el punto de que la mitad de las l\u00edneas de banda ancha fija superan los 10 Mbps y un 75% est\u00e1 por encima de los 30 Mbps.<\/p>\n<p><img decoding=\"async\" class=\"size-full wp-image-439517 aligncenter lazyload\" data-src=\"http:\/\/ugtcomunicaciones.es\/wordpress\/wp-content\/uploads\/2019\/10\/informe-09-28-10-19.png\" alt=\"informe-09-28-10-19\" width=\"414\" height=\"240\" data-srcset=\"https:\/\/www.ugtcomunicaciones.es\/wordpress\/wp-content\/uploads\/2019\/10\/informe-09-28-10-19.png 414w, https:\/\/www.ugtcomunicaciones.es\/wordpress\/wp-content\/uploads\/2019\/10\/informe-09-28-10-19-300x174.png 300w\" data-sizes=\"(max-width: 414px) 100vw, 414px\" src=\"data:image\/svg+xml;base64,PHN2ZyB3aWR0aD0iMSIgaGVpZ2h0PSIxIiB4bWxucz0iaHR0cDovL3d3dy53My5vcmcvMjAwMC9zdmciPjwvc3ZnPg==\" style=\"--smush-placeholder-width: 414px; --smush-placeholder-aspect-ratio: 414\/240;\" \/><\/p>\n<p style=\"text-align: justify;\">El tr\u00e1fico de datos m\u00f3viles continua con un crecimiento exponencial, que ya supera el 2.130% desde el inicio de la serie en 2012:<\/p>\n<p style=\"text-align: center;\"><strong>Tr\u00e1fico de los servicios de banda ancha m\u00f3vil (Terabytes)<\/strong><\/p>\n<p style=\"text-align: justify;\"><strong> <img decoding=\"async\" class=\"size-full wp-image-439518 aligncenter lazyload\" data-src=\"http:\/\/ugtcomunicaciones.es\/wordpress\/wp-content\/uploads\/2019\/10\/informe-10-28-10-19.png\" alt=\"informe-10-28-10-19\" width=\"617\" height=\"252\" data-srcset=\"https:\/\/www.ugtcomunicaciones.es\/wordpress\/wp-content\/uploads\/2019\/10\/informe-10-28-10-19.png 617w, https:\/\/www.ugtcomunicaciones.es\/wordpress\/wp-content\/uploads\/2019\/10\/informe-10-28-10-19-300x123.png 300w\" data-sizes=\"(max-width: 617px) 100vw, 617px\" src=\"data:image\/svg+xml;base64,PHN2ZyB3aWR0aD0iMSIgaGVpZ2h0PSIxIiB4bWxucz0iaHR0cDovL3d3dy53My5vcmcvMjAwMC9zdmciPjwvc3ZnPg==\" style=\"--smush-placeholder-width: 617px; --smush-placeholder-aspect-ratio: 617\/252;\" \/><\/strong><\/p>\n<p style=\"text-align: justify;\">Sin embargo, los ingresos no est\u00e1n en sinton\u00eda con tal crecimiento de tr\u00e1fico:<\/p>\n<p style=\"text-align: center;\"><strong>Ingreso medio de banda ancha m\u00f3vil por l\u00ednea y por tipo de contrato <\/strong><strong>(euros\/l\u00ednea\/trimestre)<\/strong><\/p>\n<p style=\"text-align: justify;\"><img decoding=\"async\" class=\"size-full wp-image-439519 aligncenter lazyload\" data-src=\"http:\/\/ugtcomunicaciones.es\/wordpress\/wp-content\/uploads\/2019\/10\/informe-11-28-10-19.png\" alt=\"informe-11-28-10-19\" width=\"600\" height=\"270\" data-srcset=\"https:\/\/www.ugtcomunicaciones.es\/wordpress\/wp-content\/uploads\/2019\/10\/informe-11-28-10-19.png 600w, https:\/\/www.ugtcomunicaciones.es\/wordpress\/wp-content\/uploads\/2019\/10\/informe-11-28-10-19-300x135.png 300w\" data-sizes=\"(max-width: 600px) 100vw, 600px\" src=\"data:image\/svg+xml;base64,PHN2ZyB3aWR0aD0iMSIgaGVpZ2h0PSIxIiB4bWxucz0iaHR0cDovL3d3dy53My5vcmcvMjAwMC9zdmciPjwvc3ZnPg==\" style=\"--smush-placeholder-width: 600px; --smush-placeholder-aspect-ratio: 600\/270;\" \/><\/p>\n<p style=\"text-align: justify;\">La TV pago contin\u00faa fuertemente dominada por Movistar, que acapara el 60% de todos los accesos y el 78% de los ingresos, incrementando sus ingresos en esta partida en 19 M\u20ac. Vodafone es noticia, otra vez, negativa: -13 M\u20ac en TV de pago en el \u00faltimo a\u00f1o.<\/p>\n<p style=\"text-align: center;\"><strong>Porcentaje de accesos de televisi\u00f3n de pago<\/strong><\/p>\n<p style=\"text-align: justify;\"><strong> <img decoding=\"async\" class=\"size-full wp-image-439520 aligncenter lazyload\" data-src=\"http:\/\/ugtcomunicaciones.es\/wordpress\/wp-content\/uploads\/2019\/10\/informe-12-28-10-19.png\" alt=\"informe-12-28-10-19\" width=\"500\" height=\"315\" data-srcset=\"https:\/\/www.ugtcomunicaciones.es\/wordpress\/wp-content\/uploads\/2019\/10\/informe-12-28-10-19.png 500w, https:\/\/www.ugtcomunicaciones.es\/wordpress\/wp-content\/uploads\/2019\/10\/informe-12-28-10-19-300x189.png 300w\" data-sizes=\"(max-width: 500px) 100vw, 500px\" src=\"data:image\/svg+xml;base64,PHN2ZyB3aWR0aD0iMSIgaGVpZ2h0PSIxIiB4bWxucz0iaHR0cDovL3d3dy53My5vcmcvMjAwMC9zdmciPjwvc3ZnPg==\" style=\"--smush-placeholder-width: 500px; --smush-placeholder-aspect-ratio: 500\/315;\" \/><\/strong><\/p>\n<p style=\"text-align: center;\"><strong>Ingresos de televisi\u00f3n de pago por operador<\/strong><\/p>\n<p style=\"text-align: justify;\"><img decoding=\"async\" class=\"size-full wp-image-439521 aligncenter lazyload\" data-src=\"http:\/\/ugtcomunicaciones.es\/wordpress\/wp-content\/uploads\/2019\/10\/informe-13-28-10-19.png\" alt=\"informe-13-28-10-19\" width=\"474\" height=\"323\" data-srcset=\"https:\/\/www.ugtcomunicaciones.es\/wordpress\/wp-content\/uploads\/2019\/10\/informe-13-28-10-19.png 474w, https:\/\/www.ugtcomunicaciones.es\/wordpress\/wp-content\/uploads\/2019\/10\/informe-13-28-10-19-300x204.png 300w\" data-sizes=\"(max-width: 474px) 100vw, 474px\" src=\"data:image\/svg+xml;base64,PHN2ZyB3aWR0aD0iMSIgaGVpZ2h0PSIxIiB4bWxucz0iaHR0cDovL3d3dy53My5vcmcvMjAwMC9zdmciPjwvc3ZnPg==\" style=\"--smush-placeholder-width: 474px; --smush-placeholder-aspect-ratio: 474\/323;\" \/><\/p>\n<p style=\"text-align: justify;\">Los ingresos por interconexi\u00f3n m\u00f3vil, los que se prestan a los OMV, siguen encabezados por Orange, seguida de cerca por Movistar.<\/p>\n<p><img decoding=\"async\" class=\"size-full wp-image-439522 aligncenter lazyload\" data-src=\"http:\/\/ugtcomunicaciones.es\/wordpress\/wp-content\/uploads\/2019\/10\/informe-14-28-10-19.png\" alt=\"informe-14-28-10-19\" width=\"246\" height=\"183\" data-srcset=\"https:\/\/www.ugtcomunicaciones.es\/wordpress\/wp-content\/uploads\/2019\/10\/informe-14-28-10-19.png 246w, https:\/\/www.ugtcomunicaciones.es\/wordpress\/wp-content\/uploads\/2019\/10\/informe-14-28-10-19-80x60.png 80w, https:\/\/www.ugtcomunicaciones.es\/wordpress\/wp-content\/uploads\/2019\/10\/informe-14-28-10-19-100x75.png 100w, https:\/\/www.ugtcomunicaciones.es\/wordpress\/wp-content\/uploads\/2019\/10\/informe-14-28-10-19-180x135.png 180w, https:\/\/www.ugtcomunicaciones.es\/wordpress\/wp-content\/uploads\/2019\/10\/informe-14-28-10-19-238x178.png 238w\" data-sizes=\"(max-width: 246px) 100vw, 246px\" src=\"data:image\/svg+xml;base64,PHN2ZyB3aWR0aD0iMSIgaGVpZ2h0PSIxIiB4bWxucz0iaHR0cDovL3d3dy53My5vcmcvMjAwMC9zdmciPjwvc3ZnPg==\" style=\"--smush-placeholder-width: 246px; --smush-placeholder-aspect-ratio: 246\/183;\" \/><\/p>\n<p style=\"text-align: justify;\">El tr\u00e1fico de telefon\u00eda fija vocal, medido en minutos descendi\u00f3 un 15% en un a\u00f1o, mientras que el de telefon\u00eda m\u00f3vil aument\u00f3 en un 3,7%.<\/p>\n<p style=\"text-align: justify;\">Los ingresos por SMS han pasado de 55,63 millones a finales de 2017 a 42 en 2019 (eran de 205 M\u20ac en 2012).<\/p>\n","protected":false},"excerpt":{"rendered":"<p>La publicaci\u00f3n del \u00faltimo informe trimestral de la CNMC, correspondiente al primer trimestre de 2019, demuestra que nuestro Sector contin\u00faa completamente estancado en t\u00e9rminos de empleo e ingresos, con un claro damnificado (Vodafone) y otro claro beneficiado: M\u00e1sM\u00f3vil. PANOR\u00c1MICA GENERAL En ingresos totales (mayoristas+minoristas) por operador, Telef\u00f3nica acapara casi el 45% del mercado, Orange pierde [&hellip;]<\/p>\n","protected":false},"author":3,"featured_media":439596,"comment_status":"closed","ping_status":"closed","sticky":false,"template":"","format":"standard","meta":{"footnotes":""},"categories":[14,12],"tags":[],"class_list":["post-439482","post","type-post","status-publish","format-standard","has-post-thumbnail","hentry","category-opinion","category-regulacion"],"yoast_head":"<!-- This site is optimized with the Yoast SEO Premium plugin v27.3 (Yoast SEO v27.4) - https:\/\/yoast.com\/product\/yoast-seo-premium-wordpress\/ -->\n<title>Informe primer trimestre 2019 sector comunicaciones: estancamiento en ingresos y empleo - UGT Comunicaciones<\/title>\n<meta name=\"description\" content=\"La publicaci\u00f3n del \u00faltimo informe trimestral de la CNMC, correspondiente al primer trimestre de 2019, demuestra que nuestro Sector contin\u00faa completamente...\" \/>\n<meta name=\"robots\" content=\"index, follow, max-snippet:-1, max-image-preview:large, max-video-preview:-1\" \/>\n<link rel=\"canonical\" href=\"https:\/\/www.ugtcomunicaciones.es\/wordpress\/informe-primer-trimestre-2019-sector-comunicaciones-estancamiento-en-ingresos-y-empleo\/\" \/>\n<meta property=\"og:locale\" content=\"es_ES\" \/>\n<meta property=\"og:type\" content=\"article\" \/>\n<meta property=\"og:title\" content=\"Informe primer trimestre 2019 sector comunicaciones: estancamiento en ingresos y empleo\" \/>\n<meta property=\"og:description\" content=\"La publicaci\u00f3n del \u00faltimo informe trimestral de la CNMC, correspondiente al primer trimestre de 2019, demuestra que nuestro Sector contin\u00faa completamente...\" \/>\n<meta property=\"og:url\" content=\"https:\/\/www.ugtcomunicaciones.es\/wordpress\/informe-primer-trimestre-2019-sector-comunicaciones-estancamiento-en-ingresos-y-empleo\/\" \/>\n<meta property=\"og:site_name\" content=\"UGT Comunicaciones\" \/>\n<meta property=\"article:publisher\" content=\"https:\/\/www.facebook.com\/ugt.comunicaciones\/\" \/>\n<meta property=\"article:published_time\" content=\"2019-10-28T05:00:52+00:00\" \/>\n<meta property=\"og:image\" content=\"https:\/\/www.ugtcomunicaciones.es\/wordpress\/wp-content\/uploads\/2019\/10\/informe-portada-28-10-19.jpg\" \/>\n\t<meta property=\"og:image:width\" content=\"600\" \/>\n\t<meta property=\"og:image:height\" content=\"303\" \/>\n\t<meta property=\"og:image:type\" content=\"image\/jpeg\" \/>\n<meta name=\"author\" content=\"UGT\" \/>\n<meta name=\"twitter:card\" content=\"summary_large_image\" \/>\n<meta name=\"twitter:creator\" content=\"@ugtcom\" \/>\n<meta name=\"twitter:site\" content=\"@ugtcom\" \/>\n<meta name=\"twitter:label1\" content=\"Escrito por\" \/>\n\t<meta name=\"twitter:data1\" content=\"UGT\" \/>\n\t<meta name=\"twitter:label2\" content=\"Tiempo de lectura\" \/>\n\t<meta name=\"twitter:data2\" content=\"5 minutos\" \/>\n<script type=\"application\/ld+json\" class=\"yoast-schema-graph\">{\"@context\":\"https:\\\/\\\/schema.org\",\"@graph\":[{\"@type\":\"Article\",\"@id\":\"https:\\\/\\\/www.ugtcomunicaciones.es\\\/wordpress\\\/informe-primer-trimestre-2019-sector-comunicaciones-estancamiento-en-ingresos-y-empleo\\\/#article\",\"isPartOf\":{\"@id\":\"https:\\\/\\\/www.ugtcomunicaciones.es\\\/wordpress\\\/informe-primer-trimestre-2019-sector-comunicaciones-estancamiento-en-ingresos-y-empleo\\\/\"},\"author\":{\"name\":\"UGT\",\"@id\":\"https:\\\/\\\/www.ugtcomunicaciones.es\\\/wordpress\\\/#\\\/schema\\\/person\\\/eba0fc3fe5b444531d94d4368cba89ed\"},\"headline\":\"Informe primer trimestre 2019 sector comunicaciones: estancamiento en ingresos y empleo\",\"datePublished\":\"2019-10-28T05:00:52+00:00\",\"mainEntityOfPage\":{\"@id\":\"https:\\\/\\\/www.ugtcomunicaciones.es\\\/wordpress\\\/informe-primer-trimestre-2019-sector-comunicaciones-estancamiento-en-ingresos-y-empleo\\\/\"},\"wordCount\":980,\"publisher\":{\"@id\":\"https:\\\/\\\/www.ugtcomunicaciones.es\\\/wordpress\\\/#organization\"},\"image\":{\"@id\":\"https:\\\/\\\/www.ugtcomunicaciones.es\\\/wordpress\\\/informe-primer-trimestre-2019-sector-comunicaciones-estancamiento-en-ingresos-y-empleo\\\/#primaryimage\"},\"thumbnailUrl\":\"https:\\\/\\\/www.ugtcomunicaciones.es\\\/wordpress\\\/wp-content\\\/uploads\\\/2019\\\/10\\\/informe-portada-28-10-19.jpg\",\"articleSection\":[\"Opini\u00f3n\",\"Regulaci\u00f3n\"],\"inLanguage\":\"es\"},{\"@type\":\"WebPage\",\"@id\":\"https:\\\/\\\/www.ugtcomunicaciones.es\\\/wordpress\\\/informe-primer-trimestre-2019-sector-comunicaciones-estancamiento-en-ingresos-y-empleo\\\/\",\"url\":\"https:\\\/\\\/www.ugtcomunicaciones.es\\\/wordpress\\\/informe-primer-trimestre-2019-sector-comunicaciones-estancamiento-en-ingresos-y-empleo\\\/\",\"name\":\"Informe primer trimestre 2019 sector comunicaciones: estancamiento en ingresos y empleo - UGT Comunicaciones\",\"isPartOf\":{\"@id\":\"https:\\\/\\\/www.ugtcomunicaciones.es\\\/wordpress\\\/#website\"},\"primaryImageOfPage\":{\"@id\":\"https:\\\/\\\/www.ugtcomunicaciones.es\\\/wordpress\\\/informe-primer-trimestre-2019-sector-comunicaciones-estancamiento-en-ingresos-y-empleo\\\/#primaryimage\"},\"image\":{\"@id\":\"https:\\\/\\\/www.ugtcomunicaciones.es\\\/wordpress\\\/informe-primer-trimestre-2019-sector-comunicaciones-estancamiento-en-ingresos-y-empleo\\\/#primaryimage\"},\"thumbnailUrl\":\"https:\\\/\\\/www.ugtcomunicaciones.es\\\/wordpress\\\/wp-content\\\/uploads\\\/2019\\\/10\\\/informe-portada-28-10-19.jpg\",\"datePublished\":\"2019-10-28T05:00:52+00:00\",\"description\":\"La publicaci\u00f3n del \u00faltimo informe trimestral de la CNMC, correspondiente al primer trimestre de 2019, demuestra que nuestro Sector contin\u00faa completamente...\",\"breadcrumb\":{\"@id\":\"https:\\\/\\\/www.ugtcomunicaciones.es\\\/wordpress\\\/informe-primer-trimestre-2019-sector-comunicaciones-estancamiento-en-ingresos-y-empleo\\\/#breadcrumb\"},\"inLanguage\":\"es\",\"potentialAction\":[{\"@type\":\"ReadAction\",\"target\":[\"https:\\\/\\\/www.ugtcomunicaciones.es\\\/wordpress\\\/informe-primer-trimestre-2019-sector-comunicaciones-estancamiento-en-ingresos-y-empleo\\\/\"]}]},{\"@type\":\"ImageObject\",\"inLanguage\":\"es\",\"@id\":\"https:\\\/\\\/www.ugtcomunicaciones.es\\\/wordpress\\\/informe-primer-trimestre-2019-sector-comunicaciones-estancamiento-en-ingresos-y-empleo\\\/#primaryimage\",\"url\":\"https:\\\/\\\/www.ugtcomunicaciones.es\\\/wordpress\\\/wp-content\\\/uploads\\\/2019\\\/10\\\/informe-portada-28-10-19.jpg\",\"contentUrl\":\"https:\\\/\\\/www.ugtcomunicaciones.es\\\/wordpress\\\/wp-content\\\/uploads\\\/2019\\\/10\\\/informe-portada-28-10-19.jpg\",\"width\":600,\"height\":303,\"caption\":\"informe-portada-28-10-19\"},{\"@type\":\"BreadcrumbList\",\"@id\":\"https:\\\/\\\/www.ugtcomunicaciones.es\\\/wordpress\\\/informe-primer-trimestre-2019-sector-comunicaciones-estancamiento-en-ingresos-y-empleo\\\/#breadcrumb\",\"itemListElement\":[{\"@type\":\"ListItem\",\"position\":1,\"name\":\"Portada\",\"item\":\"https:\\\/\\\/www.ugtcomunicaciones.es\\\/wordpress\\\/\"},{\"@type\":\"ListItem\",\"position\":2,\"name\":\"Informe primer trimestre 2019 sector comunicaciones: estancamiento en ingresos y empleo\"}]},{\"@type\":\"WebSite\",\"@id\":\"https:\\\/\\\/www.ugtcomunicaciones.es\\\/wordpress\\\/#website\",\"url\":\"https:\\\/\\\/www.ugtcomunicaciones.es\\\/wordpress\\\/\",\"name\":\"UGT Comunicaciones\",\"description\":\"Sindicato de Telecomunicaciones\",\"publisher\":{\"@id\":\"https:\\\/\\\/www.ugtcomunicaciones.es\\\/wordpress\\\/#organization\"},\"potentialAction\":[{\"@type\":\"SearchAction\",\"target\":{\"@type\":\"EntryPoint\",\"urlTemplate\":\"https:\\\/\\\/www.ugtcomunicaciones.es\\\/wordpress\\\/?s={search_term_string}\"},\"query-input\":{\"@type\":\"PropertyValueSpecification\",\"valueRequired\":true,\"valueName\":\"search_term_string\"}}],\"inLanguage\":\"es\"},{\"@type\":\"Organization\",\"@id\":\"https:\\\/\\\/www.ugtcomunicaciones.es\\\/wordpress\\\/#organization\",\"name\":\"UGT Comunicaciones\",\"url\":\"https:\\\/\\\/www.ugtcomunicaciones.es\\\/wordpress\\\/\",\"logo\":{\"@type\":\"ImageObject\",\"inLanguage\":\"es\",\"@id\":\"https:\\\/\\\/www.ugtcomunicaciones.es\\\/wordpress\\\/#\\\/schema\\\/logo\\\/image\\\/\",\"url\":\"https:\\\/\\\/www.ugtcomunicaciones.es\\\/wordpress\\\/wp-content\\\/uploads\\\/2024\\\/04\\\/comunicaciones_logo.png\",\"contentUrl\":\"https:\\\/\\\/www.ugtcomunicaciones.es\\\/wordpress\\\/wp-content\\\/uploads\\\/2024\\\/04\\\/comunicaciones_logo.png\",\"width\":298,\"height\":81,\"caption\":\"UGT Comunicaciones\"},\"image\":{\"@id\":\"https:\\\/\\\/www.ugtcomunicaciones.es\\\/wordpress\\\/#\\\/schema\\\/logo\\\/image\\\/\"},\"sameAs\":[\"https:\\\/\\\/www.facebook.com\\\/ugt.comunicaciones\\\/\",\"https:\\\/\\\/x.com\\\/ugtcom\"]},{\"@type\":\"Person\",\"@id\":\"https:\\\/\\\/www.ugtcomunicaciones.es\\\/wordpress\\\/#\\\/schema\\\/person\\\/eba0fc3fe5b444531d94d4368cba89ed\",\"name\":\"UGT\",\"image\":{\"@type\":\"ImageObject\",\"inLanguage\":\"es\",\"@id\":\"https:\\\/\\\/secure.gravatar.com\\\/avatar\\\/2a16057d620a4c646bcfc171c4f23030879ebbdd346f0525bd5d4a564e57e13d?s=96&d=mm&r=g\",\"url\":\"https:\\\/\\\/secure.gravatar.com\\\/avatar\\\/2a16057d620a4c646bcfc171c4f23030879ebbdd346f0525bd5d4a564e57e13d?s=96&d=mm&r=g\",\"contentUrl\":\"https:\\\/\\\/secure.gravatar.com\\\/avatar\\\/2a16057d620a4c646bcfc171c4f23030879ebbdd346f0525bd5d4a564e57e13d?s=96&d=mm&r=g\",\"caption\":\"UGT\"}}]}<\/script>\n<!-- \/ Yoast SEO Premium plugin. -->","yoast_head_json":{"title":"Informe primer trimestre 2019 sector comunicaciones: estancamiento en ingresos y empleo - UGT Comunicaciones","description":"La publicaci\u00f3n del \u00faltimo informe trimestral de la CNMC, correspondiente al primer trimestre de 2019, demuestra que nuestro Sector contin\u00faa completamente...","robots":{"index":"index","follow":"follow","max-snippet":"max-snippet:-1","max-image-preview":"max-image-preview:large","max-video-preview":"max-video-preview:-1"},"canonical":"https:\/\/www.ugtcomunicaciones.es\/wordpress\/informe-primer-trimestre-2019-sector-comunicaciones-estancamiento-en-ingresos-y-empleo\/","og_locale":"es_ES","og_type":"article","og_title":"Informe primer trimestre 2019 sector comunicaciones: estancamiento en ingresos y empleo","og_description":"La publicaci\u00f3n del \u00faltimo informe trimestral de la CNMC, correspondiente al primer trimestre de 2019, demuestra que nuestro Sector contin\u00faa completamente...","og_url":"https:\/\/www.ugtcomunicaciones.es\/wordpress\/informe-primer-trimestre-2019-sector-comunicaciones-estancamiento-en-ingresos-y-empleo\/","og_site_name":"UGT Comunicaciones","article_publisher":"https:\/\/www.facebook.com\/ugt.comunicaciones\/","article_published_time":"2019-10-28T05:00:52+00:00","og_image":[{"width":600,"height":303,"url":"https:\/\/www.ugtcomunicaciones.es\/wordpress\/wp-content\/uploads\/2019\/10\/informe-portada-28-10-19.jpg","type":"image\/jpeg"}],"author":"UGT","twitter_card":"summary_large_image","twitter_creator":"@ugtcom","twitter_site":"@ugtcom","twitter_misc":{"Escrito por":"UGT","Tiempo de lectura":"5 minutos"},"schema":{"@context":"https:\/\/schema.org","@graph":[{"@type":"Article","@id":"https:\/\/www.ugtcomunicaciones.es\/wordpress\/informe-primer-trimestre-2019-sector-comunicaciones-estancamiento-en-ingresos-y-empleo\/#article","isPartOf":{"@id":"https:\/\/www.ugtcomunicaciones.es\/wordpress\/informe-primer-trimestre-2019-sector-comunicaciones-estancamiento-en-ingresos-y-empleo\/"},"author":{"name":"UGT","@id":"https:\/\/www.ugtcomunicaciones.es\/wordpress\/#\/schema\/person\/eba0fc3fe5b444531d94d4368cba89ed"},"headline":"Informe primer trimestre 2019 sector comunicaciones: estancamiento en ingresos y empleo","datePublished":"2019-10-28T05:00:52+00:00","mainEntityOfPage":{"@id":"https:\/\/www.ugtcomunicaciones.es\/wordpress\/informe-primer-trimestre-2019-sector-comunicaciones-estancamiento-en-ingresos-y-empleo\/"},"wordCount":980,"publisher":{"@id":"https:\/\/www.ugtcomunicaciones.es\/wordpress\/#organization"},"image":{"@id":"https:\/\/www.ugtcomunicaciones.es\/wordpress\/informe-primer-trimestre-2019-sector-comunicaciones-estancamiento-en-ingresos-y-empleo\/#primaryimage"},"thumbnailUrl":"https:\/\/www.ugtcomunicaciones.es\/wordpress\/wp-content\/uploads\/2019\/10\/informe-portada-28-10-19.jpg","articleSection":["Opini\u00f3n","Regulaci\u00f3n"],"inLanguage":"es"},{"@type":"WebPage","@id":"https:\/\/www.ugtcomunicaciones.es\/wordpress\/informe-primer-trimestre-2019-sector-comunicaciones-estancamiento-en-ingresos-y-empleo\/","url":"https:\/\/www.ugtcomunicaciones.es\/wordpress\/informe-primer-trimestre-2019-sector-comunicaciones-estancamiento-en-ingresos-y-empleo\/","name":"Informe primer trimestre 2019 sector comunicaciones: estancamiento en ingresos y empleo - UGT Comunicaciones","isPartOf":{"@id":"https:\/\/www.ugtcomunicaciones.es\/wordpress\/#website"},"primaryImageOfPage":{"@id":"https:\/\/www.ugtcomunicaciones.es\/wordpress\/informe-primer-trimestre-2019-sector-comunicaciones-estancamiento-en-ingresos-y-empleo\/#primaryimage"},"image":{"@id":"https:\/\/www.ugtcomunicaciones.es\/wordpress\/informe-primer-trimestre-2019-sector-comunicaciones-estancamiento-en-ingresos-y-empleo\/#primaryimage"},"thumbnailUrl":"https:\/\/www.ugtcomunicaciones.es\/wordpress\/wp-content\/uploads\/2019\/10\/informe-portada-28-10-19.jpg","datePublished":"2019-10-28T05:00:52+00:00","description":"La publicaci\u00f3n del \u00faltimo informe trimestral de la CNMC, correspondiente al primer trimestre de 2019, demuestra que nuestro Sector contin\u00faa completamente...","breadcrumb":{"@id":"https:\/\/www.ugtcomunicaciones.es\/wordpress\/informe-primer-trimestre-2019-sector-comunicaciones-estancamiento-en-ingresos-y-empleo\/#breadcrumb"},"inLanguage":"es","potentialAction":[{"@type":"ReadAction","target":["https:\/\/www.ugtcomunicaciones.es\/wordpress\/informe-primer-trimestre-2019-sector-comunicaciones-estancamiento-en-ingresos-y-empleo\/"]}]},{"@type":"ImageObject","inLanguage":"es","@id":"https:\/\/www.ugtcomunicaciones.es\/wordpress\/informe-primer-trimestre-2019-sector-comunicaciones-estancamiento-en-ingresos-y-empleo\/#primaryimage","url":"https:\/\/www.ugtcomunicaciones.es\/wordpress\/wp-content\/uploads\/2019\/10\/informe-portada-28-10-19.jpg","contentUrl":"https:\/\/www.ugtcomunicaciones.es\/wordpress\/wp-content\/uploads\/2019\/10\/informe-portada-28-10-19.jpg","width":600,"height":303,"caption":"informe-portada-28-10-19"},{"@type":"BreadcrumbList","@id":"https:\/\/www.ugtcomunicaciones.es\/wordpress\/informe-primer-trimestre-2019-sector-comunicaciones-estancamiento-en-ingresos-y-empleo\/#breadcrumb","itemListElement":[{"@type":"ListItem","position":1,"name":"Portada","item":"https:\/\/www.ugtcomunicaciones.es\/wordpress\/"},{"@type":"ListItem","position":2,"name":"Informe primer trimestre 2019 sector comunicaciones: estancamiento en ingresos y empleo"}]},{"@type":"WebSite","@id":"https:\/\/www.ugtcomunicaciones.es\/wordpress\/#website","url":"https:\/\/www.ugtcomunicaciones.es\/wordpress\/","name":"UGT Comunicaciones","description":"Sindicato de Telecomunicaciones","publisher":{"@id":"https:\/\/www.ugtcomunicaciones.es\/wordpress\/#organization"},"potentialAction":[{"@type":"SearchAction","target":{"@type":"EntryPoint","urlTemplate":"https:\/\/www.ugtcomunicaciones.es\/wordpress\/?s={search_term_string}"},"query-input":{"@type":"PropertyValueSpecification","valueRequired":true,"valueName":"search_term_string"}}],"inLanguage":"es"},{"@type":"Organization","@id":"https:\/\/www.ugtcomunicaciones.es\/wordpress\/#organization","name":"UGT Comunicaciones","url":"https:\/\/www.ugtcomunicaciones.es\/wordpress\/","logo":{"@type":"ImageObject","inLanguage":"es","@id":"https:\/\/www.ugtcomunicaciones.es\/wordpress\/#\/schema\/logo\/image\/","url":"https:\/\/www.ugtcomunicaciones.es\/wordpress\/wp-content\/uploads\/2024\/04\/comunicaciones_logo.png","contentUrl":"https:\/\/www.ugtcomunicaciones.es\/wordpress\/wp-content\/uploads\/2024\/04\/comunicaciones_logo.png","width":298,"height":81,"caption":"UGT Comunicaciones"},"image":{"@id":"https:\/\/www.ugtcomunicaciones.es\/wordpress\/#\/schema\/logo\/image\/"},"sameAs":["https:\/\/www.facebook.com\/ugt.comunicaciones\/","https:\/\/x.com\/ugtcom"]},{"@type":"Person","@id":"https:\/\/www.ugtcomunicaciones.es\/wordpress\/#\/schema\/person\/eba0fc3fe5b444531d94d4368cba89ed","name":"UGT","image":{"@type":"ImageObject","inLanguage":"es","@id":"https:\/\/secure.gravatar.com\/avatar\/2a16057d620a4c646bcfc171c4f23030879ebbdd346f0525bd5d4a564e57e13d?s=96&d=mm&r=g","url":"https:\/\/secure.gravatar.com\/avatar\/2a16057d620a4c646bcfc171c4f23030879ebbdd346f0525bd5d4a564e57e13d?s=96&d=mm&r=g","contentUrl":"https:\/\/secure.gravatar.com\/avatar\/2a16057d620a4c646bcfc171c4f23030879ebbdd346f0525bd5d4a564e57e13d?s=96&d=mm&r=g","caption":"UGT"}}]}},"_links":{"self":[{"href":"https:\/\/www.ugtcomunicaciones.es\/wordpress\/wp-json\/wp\/v2\/posts\/439482","targetHints":{"allow":["GET"]}}],"collection":[{"href":"https:\/\/www.ugtcomunicaciones.es\/wordpress\/wp-json\/wp\/v2\/posts"}],"about":[{"href":"https:\/\/www.ugtcomunicaciones.es\/wordpress\/wp-json\/wp\/v2\/types\/post"}],"author":[{"embeddable":true,"href":"https:\/\/www.ugtcomunicaciones.es\/wordpress\/wp-json\/wp\/v2\/users\/3"}],"replies":[{"embeddable":true,"href":"https:\/\/www.ugtcomunicaciones.es\/wordpress\/wp-json\/wp\/v2\/comments?post=439482"}],"version-history":[{"count":0,"href":"https:\/\/www.ugtcomunicaciones.es\/wordpress\/wp-json\/wp\/v2\/posts\/439482\/revisions"}],"wp:featuredmedia":[{"embeddable":true,"href":"https:\/\/www.ugtcomunicaciones.es\/wordpress\/wp-json\/wp\/v2\/media\/439596"}],"wp:attachment":[{"href":"https:\/\/www.ugtcomunicaciones.es\/wordpress\/wp-json\/wp\/v2\/media?parent=439482"}],"wp:term":[{"taxonomy":"category","embeddable":true,"href":"https:\/\/www.ugtcomunicaciones.es\/wordpress\/wp-json\/wp\/v2\/categories?post=439482"},{"taxonomy":"post_tag","embeddable":true,"href":"https:\/\/www.ugtcomunicaciones.es\/wordpress\/wp-json\/wp\/v2\/tags?post=439482"}],"curies":[{"name":"wp","href":"https:\/\/api.w.org\/{rel}","templated":true}]}}