{"id":445499,"date":"2019-10-24T10:14:50","date_gmt":"2019-10-24T08:14:50","guid":{"rendered":"http:\/\/ugtcomunicaciones.es\/wordpress\/?p=445499"},"modified":"2019-10-24T10:14:50","modified_gmt":"2019-10-24T08:14:50","slug":"ugt-compromete-a-la-empresa-en-la-evolucion-de-comercial-durante-la-vigencia-del-cev","status":"publish","type":"post","link":"https:\/\/www.ugtcomunicaciones.es\/wordpress\/ugt-compromete-a-la-empresa-en-la-evolucion-de-comercial-durante-la-vigencia-del-cev\/","title":{"rendered":"UGT compromete a la empresa en la evoluci\u00f3n de comercial durante la vigencia del CEV"},"content":{"rendered":"<p style=\"text-align: justify;\">La digitalizaci\u00f3n afecta tanto a la actividad en \u00e1reas como Operaciones, por la sustituci\u00f3n del cobre por la fibra o la robotizaci\u00f3n de tareas, como al \u00e1rea de Comercial, por <strong>la automatizaci\u00f3n de la atenci\u00f3n comercial<\/strong> y, sobre todo, por <strong>el cambio de paradigma de nuestros clientes<\/strong>, que precisan una atenci\u00f3n mucho m\u00e1s especializada, trasladando la carga de la actividad desde la venta pura a un tratamiento mucho m\u00e1s t\u00e9cnico, y casi personalizado.<\/p>\n<p><strong>UGT<\/strong> es plenamente consciente de esta situaci\u00f3n sobrevenida, m\u00e1xime cuando se observan <strong>los cambios realizados en Comercial en el \u00faltimo a\u00f1o<\/strong>, tendentes a derivar a nuestros comerciales a segundas l\u00edneas de atenci\u00f3n en tanto que se busca en el mercado laboral profesionales de alta cualificaci\u00f3n digital.<\/p>\n<p>Independientemente de que dichos movimientos se hicieran desde la voluntariedad, para <strong>UGT<\/strong> se\u00f1alan la futura tendencia del segmento, exigi\u00e9ndonos <strong>una respuesta adecuada que prevenga situaciones y anticipe soluciones<\/strong>, tanto para <strong>garantizar la empleabilidad<\/strong> de nuestros comerciales como para <strong>salvaguardar su retribuci\u00f3n<\/strong> y <strong>posibilidades de desarrollo profesional<\/strong>.<\/p>\n<p>Ese ha sido el objetivo de <strong>UGT<\/strong> en el II CEV 2019-2021, de forma que, ante la imposibilidad de desarrollar plenamente un acuerdo con todos su matices en el espacio temporal de la negociaci\u00f3n, <strong>se ha establecido un compromiso<\/strong>, en la l\u00ednea de la propuesta planteada por nuestra organizaci\u00f3n ya en octubre de 2018, <strong>para revisar el modelo de Comercial<\/strong>, simplific\u00e1ndolo, <strong>y para remodelar la carrera comercial<\/strong>, con el objetivo de garantizar las gratificaciones de nivel independientemente de futuros movimientos.<\/p>\n<p>Por tanto, el compromiso de <strong>UGT <\/strong>en Comercial pasa por <strong>garantizar que los futuros cambios<\/strong> en la actividad que se pudieran producir en paralelo a las nuevas exigencias y necesidades de nuestros clientes, <strong>no repercutan negativamente<\/strong> ni en la retribuci\u00f3n ni en las posibilidades de promoci\u00f3n o de movilidad voluntaria de los vendedores.<\/p>\n<p>As\u00ed, el acuerdo alcanzado en el II CEV responde a ese compromiso, impuls\u00e1ndonos a su desarrollo en defensa de los leg\u00edtimos intereses de los trabajadores y trabajadoras de Comercial.<\/p>\n<p style=\"text-align: justify;\">El II CEV, en definitiva, recoge estas premisas defendidas por <strong>UGT<\/strong> a lo largo de la negociaci\u00f3n, debiendo desplegar a lo largo de la vigencia del CEV, en una Comisi\u00f3n espec\u00edfica para ello, en la que nuestra organizaci\u00f3n reiterar\u00e1 las propuestas ya manifestadas respecto a <strong>la adecuaci\u00f3n del modelo a los nuevos modos de atenci\u00f3n<\/strong>, la paulatina <strong>conversi\u00f3n de la retribuci\u00f3n variable en fija<\/strong>, la <strong>formaci\u00f3n<\/strong> como eje de la evoluci\u00f3n profesional, el pleno uso de las herramientas tecnol\u00f3gicas para facilitar la <strong>conciliaci\u00f3n de la vida laboral y familiar<\/strong> y la potenciaci\u00f3n de la <strong>movilidad voluntaria<\/strong> tanto interprovincial como entre segmentos.<\/p>\n<p>As\u00ed lo hemos planteado en la <strong>1\u00aa Comisi\u00f3n de Comercial del II CEV<\/strong>, donde hemos demandado a la empresa <strong>la presencia de los representantes del \u00e1rea<\/strong> <strong>en todas las mesas<\/strong>, para poder dar respuestas a los problemas que all\u00ed se planteen, <strong>exigiendo adem\u00e1s la concreci\u00f3n de un calendario de reuniones para debatir y acordar el nuevo modelo de comercial<\/strong> que debe proporcionar las respuestas que necesitan tanto los trabajadores como nuestros clientes y la propia empresa.<\/p>\n","protected":false},"excerpt":{"rendered":"<p>La digitalizaci\u00f3n afecta tanto a la actividad en \u00e1reas como Operaciones, por la sustituci\u00f3n del cobre por la fibra o la robotizaci\u00f3n de tareas, como al \u00e1rea de Comercial, por la automatizaci\u00f3n de la atenci\u00f3n comercial y, sobre todo, por el cambio de paradigma de nuestros clientes, que precisan una atenci\u00f3n mucho m\u00e1s especializada, trasladando [&hellip;]<\/p>\n","protected":false},"author":3,"featured_media":111214,"comment_status":"closed","ping_status":"closed","sticky":false,"template":"","format":"standard","meta":{"footnotes":""},"categories":[8,25,7,26],"tags":[],"class_list":["post-445499","post","type-post","status-publish","format-standard","has-post-thumbnail","hentry","category-telefonica-cev","category-telefonica","category-telefonica-moviles","category-telefonica-soluciones"],"yoast_head":"<!-- This site is optimized with the Yoast SEO Premium plugin v27.3 (Yoast SEO v27.4) - https:\/\/yoast.com\/product\/yoast-seo-premium-wordpress\/ -->\n<title>UGT compromete a la empresa en la evoluci\u00f3n de comercial durante la vigencia del CEV - UGT Comunicaciones<\/title>\n<meta name=\"robots\" content=\"index, follow, max-snippet:-1, max-image-preview:large, max-video-preview:-1\" \/>\n<link rel=\"canonical\" href=\"https:\/\/www.ugtcomunicaciones.es\/wordpress\/ugt-compromete-a-la-empresa-en-la-evolucion-de-comercial-durante-la-vigencia-del-cev\/\" \/>\n<meta property=\"og:locale\" content=\"es_ES\" \/>\n<meta property=\"og:type\" content=\"article\" \/>\n<meta property=\"og:title\" content=\"UGT compromete a la empresa en la evoluci\u00f3n de comercial durante la vigencia del CEV\" \/>\n<meta property=\"og:description\" content=\"La digitalizaci\u00f3n afecta tanto a la actividad en \u00e1reas como Operaciones, por la sustituci\u00f3n del cobre por la fibra o la robotizaci\u00f3n de tareas, como al \u00e1rea de Comercial, por la automatizaci\u00f3n de la atenci\u00f3n comercial y, sobre todo, por el cambio de paradigma de nuestros clientes, que precisan una atenci\u00f3n mucho m\u00e1s especializada, trasladando [&hellip;]\" \/>\n<meta property=\"og:url\" content=\"https:\/\/www.ugtcomunicaciones.es\/wordpress\/ugt-compromete-a-la-empresa-en-la-evolucion-de-comercial-durante-la-vigencia-del-cev\/\" \/>\n<meta property=\"og:site_name\" content=\"UGT Comunicaciones\" \/>\n<meta property=\"article:publisher\" content=\"https:\/\/www.facebook.com\/ugt.comunicaciones\/\" \/>\n<meta property=\"article:published_time\" content=\"2019-10-24T08:14:50+00:00\" \/>\n<meta property=\"og:image\" content=\"https:\/\/www.ugtcomunicaciones.es\/wordpress\/wp-content\/uploads\/2018\/02\/comercial.jpg\" \/>\n\t<meta property=\"og:image:width\" content=\"640\" \/>\n\t<meta property=\"og:image:height\" content=\"427\" \/>\n\t<meta property=\"og:image:type\" content=\"image\/jpeg\" \/>\n<meta name=\"author\" content=\"UGT\" \/>\n<meta name=\"twitter:card\" content=\"summary_large_image\" \/>\n<meta name=\"twitter:creator\" content=\"@ugtcom\" \/>\n<meta name=\"twitter:site\" content=\"@ugtcom\" \/>\n<meta name=\"twitter:label1\" content=\"Escrito por\" \/>\n\t<meta name=\"twitter:data1\" content=\"UGT\" \/>\n\t<meta name=\"twitter:label2\" content=\"Tiempo de lectura\" \/>\n\t<meta name=\"twitter:data2\" content=\"3 minutos\" \/>\n<script type=\"application\/ld+json\" class=\"yoast-schema-graph\">{\"@context\":\"https:\\\/\\\/schema.org\",\"@graph\":[{\"@type\":\"Article\",\"@id\":\"https:\\\/\\\/www.ugtcomunicaciones.es\\\/wordpress\\\/ugt-compromete-a-la-empresa-en-la-evolucion-de-comercial-durante-la-vigencia-del-cev\\\/#article\",\"isPartOf\":{\"@id\":\"https:\\\/\\\/www.ugtcomunicaciones.es\\\/wordpress\\\/ugt-compromete-a-la-empresa-en-la-evolucion-de-comercial-durante-la-vigencia-del-cev\\\/\"},\"author\":{\"name\":\"UGT\",\"@id\":\"https:\\\/\\\/www.ugtcomunicaciones.es\\\/wordpress\\\/#\\\/schema\\\/person\\\/eba0fc3fe5b444531d94d4368cba89ed\"},\"headline\":\"UGT compromete a la empresa en la evoluci\u00f3n de comercial durante la vigencia del CEV\",\"datePublished\":\"2019-10-24T08:14:50+00:00\",\"mainEntityOfPage\":{\"@id\":\"https:\\\/\\\/www.ugtcomunicaciones.es\\\/wordpress\\\/ugt-compromete-a-la-empresa-en-la-evolucion-de-comercial-durante-la-vigencia-del-cev\\\/\"},\"wordCount\":560,\"publisher\":{\"@id\":\"https:\\\/\\\/www.ugtcomunicaciones.es\\\/wordpress\\\/#organization\"},\"image\":{\"@id\":\"https:\\\/\\\/www.ugtcomunicaciones.es\\\/wordpress\\\/ugt-compromete-a-la-empresa-en-la-evolucion-de-comercial-durante-la-vigencia-del-cev\\\/#primaryimage\"},\"thumbnailUrl\":\"https:\\\/\\\/www.ugtcomunicaciones.es\\\/wordpress\\\/wp-content\\\/uploads\\\/2018\\\/02\\\/comercial.jpg\",\"articleSection\":[\"Telef\u00f3nica CEV\",\"Telef\u00f3nica de Espa\u00f1a\",\"Telef\u00f3nica M\u00f3viles\",\"Telef\u00f3nica Soluciones\"],\"inLanguage\":\"es\"},{\"@type\":\"WebPage\",\"@id\":\"https:\\\/\\\/www.ugtcomunicaciones.es\\\/wordpress\\\/ugt-compromete-a-la-empresa-en-la-evolucion-de-comercial-durante-la-vigencia-del-cev\\\/\",\"url\":\"https:\\\/\\\/www.ugtcomunicaciones.es\\\/wordpress\\\/ugt-compromete-a-la-empresa-en-la-evolucion-de-comercial-durante-la-vigencia-del-cev\\\/\",\"name\":\"UGT compromete a la empresa en la evoluci\u00f3n de comercial durante la vigencia del CEV - UGT Comunicaciones\",\"isPartOf\":{\"@id\":\"https:\\\/\\\/www.ugtcomunicaciones.es\\\/wordpress\\\/#website\"},\"primaryImageOfPage\":{\"@id\":\"https:\\\/\\\/www.ugtcomunicaciones.es\\\/wordpress\\\/ugt-compromete-a-la-empresa-en-la-evolucion-de-comercial-durante-la-vigencia-del-cev\\\/#primaryimage\"},\"image\":{\"@id\":\"https:\\\/\\\/www.ugtcomunicaciones.es\\\/wordpress\\\/ugt-compromete-a-la-empresa-en-la-evolucion-de-comercial-durante-la-vigencia-del-cev\\\/#primaryimage\"},\"thumbnailUrl\":\"https:\\\/\\\/www.ugtcomunicaciones.es\\\/wordpress\\\/wp-content\\\/uploads\\\/2018\\\/02\\\/comercial.jpg\",\"datePublished\":\"2019-10-24T08:14:50+00:00\",\"breadcrumb\":{\"@id\":\"https:\\\/\\\/www.ugtcomunicaciones.es\\\/wordpress\\\/ugt-compromete-a-la-empresa-en-la-evolucion-de-comercial-durante-la-vigencia-del-cev\\\/#breadcrumb\"},\"inLanguage\":\"es\",\"potentialAction\":[{\"@type\":\"ReadAction\",\"target\":[\"https:\\\/\\\/www.ugtcomunicaciones.es\\\/wordpress\\\/ugt-compromete-a-la-empresa-en-la-evolucion-de-comercial-durante-la-vigencia-del-cev\\\/\"]}]},{\"@type\":\"ImageObject\",\"inLanguage\":\"es\",\"@id\":\"https:\\\/\\\/www.ugtcomunicaciones.es\\\/wordpress\\\/ugt-compromete-a-la-empresa-en-la-evolucion-de-comercial-durante-la-vigencia-del-cev\\\/#primaryimage\",\"url\":\"https:\\\/\\\/www.ugtcomunicaciones.es\\\/wordpress\\\/wp-content\\\/uploads\\\/2018\\\/02\\\/comercial.jpg\",\"contentUrl\":\"https:\\\/\\\/www.ugtcomunicaciones.es\\\/wordpress\\\/wp-content\\\/uploads\\\/2018\\\/02\\\/comercial.jpg\",\"width\":640,\"height\":427},{\"@type\":\"BreadcrumbList\",\"@id\":\"https:\\\/\\\/www.ugtcomunicaciones.es\\\/wordpress\\\/ugt-compromete-a-la-empresa-en-la-evolucion-de-comercial-durante-la-vigencia-del-cev\\\/#breadcrumb\",\"itemListElement\":[{\"@type\":\"ListItem\",\"position\":1,\"name\":\"Portada\",\"item\":\"https:\\\/\\\/www.ugtcomunicaciones.es\\\/wordpress\\\/\"},{\"@type\":\"ListItem\",\"position\":2,\"name\":\"UGT compromete a la empresa en la evoluci\u00f3n de comercial durante la vigencia del CEV\"}]},{\"@type\":\"WebSite\",\"@id\":\"https:\\\/\\\/www.ugtcomunicaciones.es\\\/wordpress\\\/#website\",\"url\":\"https:\\\/\\\/www.ugtcomunicaciones.es\\\/wordpress\\\/\",\"name\":\"UGT Comunicaciones\",\"description\":\"Sindicato de Telecomunicaciones\",\"publisher\":{\"@id\":\"https:\\\/\\\/www.ugtcomunicaciones.es\\\/wordpress\\\/#organization\"},\"potentialAction\":[{\"@type\":\"SearchAction\",\"target\":{\"@type\":\"EntryPoint\",\"urlTemplate\":\"https:\\\/\\\/www.ugtcomunicaciones.es\\\/wordpress\\\/?s={search_term_string}\"},\"query-input\":{\"@type\":\"PropertyValueSpecification\",\"valueRequired\":true,\"valueName\":\"search_term_string\"}}],\"inLanguage\":\"es\"},{\"@type\":\"Organization\",\"@id\":\"https:\\\/\\\/www.ugtcomunicaciones.es\\\/wordpress\\\/#organization\",\"name\":\"UGT Comunicaciones\",\"url\":\"https:\\\/\\\/www.ugtcomunicaciones.es\\\/wordpress\\\/\",\"logo\":{\"@type\":\"ImageObject\",\"inLanguage\":\"es\",\"@id\":\"https:\\\/\\\/www.ugtcomunicaciones.es\\\/wordpress\\\/#\\\/schema\\\/logo\\\/image\\\/\",\"url\":\"https:\\\/\\\/www.ugtcomunicaciones.es\\\/wordpress\\\/wp-content\\\/uploads\\\/2024\\\/04\\\/comunicaciones_logo.png\",\"contentUrl\":\"https:\\\/\\\/www.ugtcomunicaciones.es\\\/wordpress\\\/wp-content\\\/uploads\\\/2024\\\/04\\\/comunicaciones_logo.png\",\"width\":298,\"height\":81,\"caption\":\"UGT Comunicaciones\"},\"image\":{\"@id\":\"https:\\\/\\\/www.ugtcomunicaciones.es\\\/wordpress\\\/#\\\/schema\\\/logo\\\/image\\\/\"},\"sameAs\":[\"https:\\\/\\\/www.facebook.com\\\/ugt.comunicaciones\\\/\",\"https:\\\/\\\/x.com\\\/ugtcom\"]},{\"@type\":\"Person\",\"@id\":\"https:\\\/\\\/www.ugtcomunicaciones.es\\\/wordpress\\\/#\\\/schema\\\/person\\\/eba0fc3fe5b444531d94d4368cba89ed\",\"name\":\"UGT\",\"image\":{\"@type\":\"ImageObject\",\"inLanguage\":\"es\",\"@id\":\"https:\\\/\\\/secure.gravatar.com\\\/avatar\\\/2a16057d620a4c646bcfc171c4f23030879ebbdd346f0525bd5d4a564e57e13d?s=96&d=mm&r=g\",\"url\":\"https:\\\/\\\/secure.gravatar.com\\\/avatar\\\/2a16057d620a4c646bcfc171c4f23030879ebbdd346f0525bd5d4a564e57e13d?s=96&d=mm&r=g\",\"contentUrl\":\"https:\\\/\\\/secure.gravatar.com\\\/avatar\\\/2a16057d620a4c646bcfc171c4f23030879ebbdd346f0525bd5d4a564e57e13d?s=96&d=mm&r=g\",\"caption\":\"UGT\"}}]}<\/script>\n<!-- \/ Yoast SEO Premium plugin. -->","yoast_head_json":{"title":"UGT compromete a la empresa en la evoluci\u00f3n de comercial durante la vigencia del CEV - UGT Comunicaciones","robots":{"index":"index","follow":"follow","max-snippet":"max-snippet:-1","max-image-preview":"max-image-preview:large","max-video-preview":"max-video-preview:-1"},"canonical":"https:\/\/www.ugtcomunicaciones.es\/wordpress\/ugt-compromete-a-la-empresa-en-la-evolucion-de-comercial-durante-la-vigencia-del-cev\/","og_locale":"es_ES","og_type":"article","og_title":"UGT compromete a la empresa en la evoluci\u00f3n de comercial durante la vigencia del CEV","og_description":"La digitalizaci\u00f3n afecta tanto a la actividad en \u00e1reas como Operaciones, por la sustituci\u00f3n del cobre por la fibra o la robotizaci\u00f3n de tareas, como al \u00e1rea de Comercial, por la automatizaci\u00f3n de la atenci\u00f3n comercial y, sobre todo, por el cambio de paradigma de nuestros clientes, que precisan una atenci\u00f3n mucho m\u00e1s especializada, trasladando [&hellip;]","og_url":"https:\/\/www.ugtcomunicaciones.es\/wordpress\/ugt-compromete-a-la-empresa-en-la-evolucion-de-comercial-durante-la-vigencia-del-cev\/","og_site_name":"UGT Comunicaciones","article_publisher":"https:\/\/www.facebook.com\/ugt.comunicaciones\/","article_published_time":"2019-10-24T08:14:50+00:00","og_image":[{"width":640,"height":427,"url":"https:\/\/www.ugtcomunicaciones.es\/wordpress\/wp-content\/uploads\/2018\/02\/comercial.jpg","type":"image\/jpeg"}],"author":"UGT","twitter_card":"summary_large_image","twitter_creator":"@ugtcom","twitter_site":"@ugtcom","twitter_misc":{"Escrito por":"UGT","Tiempo de lectura":"3 minutos"},"schema":{"@context":"https:\/\/schema.org","@graph":[{"@type":"Article","@id":"https:\/\/www.ugtcomunicaciones.es\/wordpress\/ugt-compromete-a-la-empresa-en-la-evolucion-de-comercial-durante-la-vigencia-del-cev\/#article","isPartOf":{"@id":"https:\/\/www.ugtcomunicaciones.es\/wordpress\/ugt-compromete-a-la-empresa-en-la-evolucion-de-comercial-durante-la-vigencia-del-cev\/"},"author":{"name":"UGT","@id":"https:\/\/www.ugtcomunicaciones.es\/wordpress\/#\/schema\/person\/eba0fc3fe5b444531d94d4368cba89ed"},"headline":"UGT compromete a la empresa en la evoluci\u00f3n de comercial durante la vigencia del CEV","datePublished":"2019-10-24T08:14:50+00:00","mainEntityOfPage":{"@id":"https:\/\/www.ugtcomunicaciones.es\/wordpress\/ugt-compromete-a-la-empresa-en-la-evolucion-de-comercial-durante-la-vigencia-del-cev\/"},"wordCount":560,"publisher":{"@id":"https:\/\/www.ugtcomunicaciones.es\/wordpress\/#organization"},"image":{"@id":"https:\/\/www.ugtcomunicaciones.es\/wordpress\/ugt-compromete-a-la-empresa-en-la-evolucion-de-comercial-durante-la-vigencia-del-cev\/#primaryimage"},"thumbnailUrl":"https:\/\/www.ugtcomunicaciones.es\/wordpress\/wp-content\/uploads\/2018\/02\/comercial.jpg","articleSection":["Telef\u00f3nica CEV","Telef\u00f3nica de Espa\u00f1a","Telef\u00f3nica M\u00f3viles","Telef\u00f3nica Soluciones"],"inLanguage":"es"},{"@type":"WebPage","@id":"https:\/\/www.ugtcomunicaciones.es\/wordpress\/ugt-compromete-a-la-empresa-en-la-evolucion-de-comercial-durante-la-vigencia-del-cev\/","url":"https:\/\/www.ugtcomunicaciones.es\/wordpress\/ugt-compromete-a-la-empresa-en-la-evolucion-de-comercial-durante-la-vigencia-del-cev\/","name":"UGT compromete a la empresa en la evoluci\u00f3n de comercial durante la vigencia del CEV - UGT Comunicaciones","isPartOf":{"@id":"https:\/\/www.ugtcomunicaciones.es\/wordpress\/#website"},"primaryImageOfPage":{"@id":"https:\/\/www.ugtcomunicaciones.es\/wordpress\/ugt-compromete-a-la-empresa-en-la-evolucion-de-comercial-durante-la-vigencia-del-cev\/#primaryimage"},"image":{"@id":"https:\/\/www.ugtcomunicaciones.es\/wordpress\/ugt-compromete-a-la-empresa-en-la-evolucion-de-comercial-durante-la-vigencia-del-cev\/#primaryimage"},"thumbnailUrl":"https:\/\/www.ugtcomunicaciones.es\/wordpress\/wp-content\/uploads\/2018\/02\/comercial.jpg","datePublished":"2019-10-24T08:14:50+00:00","breadcrumb":{"@id":"https:\/\/www.ugtcomunicaciones.es\/wordpress\/ugt-compromete-a-la-empresa-en-la-evolucion-de-comercial-durante-la-vigencia-del-cev\/#breadcrumb"},"inLanguage":"es","potentialAction":[{"@type":"ReadAction","target":["https:\/\/www.ugtcomunicaciones.es\/wordpress\/ugt-compromete-a-la-empresa-en-la-evolucion-de-comercial-durante-la-vigencia-del-cev\/"]}]},{"@type":"ImageObject","inLanguage":"es","@id":"https:\/\/www.ugtcomunicaciones.es\/wordpress\/ugt-compromete-a-la-empresa-en-la-evolucion-de-comercial-durante-la-vigencia-del-cev\/#primaryimage","url":"https:\/\/www.ugtcomunicaciones.es\/wordpress\/wp-content\/uploads\/2018\/02\/comercial.jpg","contentUrl":"https:\/\/www.ugtcomunicaciones.es\/wordpress\/wp-content\/uploads\/2018\/02\/comercial.jpg","width":640,"height":427},{"@type":"BreadcrumbList","@id":"https:\/\/www.ugtcomunicaciones.es\/wordpress\/ugt-compromete-a-la-empresa-en-la-evolucion-de-comercial-durante-la-vigencia-del-cev\/#breadcrumb","itemListElement":[{"@type":"ListItem","position":1,"name":"Portada","item":"https:\/\/www.ugtcomunicaciones.es\/wordpress\/"},{"@type":"ListItem","position":2,"name":"UGT compromete a la empresa en la evoluci\u00f3n de comercial durante la vigencia del CEV"}]},{"@type":"WebSite","@id":"https:\/\/www.ugtcomunicaciones.es\/wordpress\/#website","url":"https:\/\/www.ugtcomunicaciones.es\/wordpress\/","name":"UGT Comunicaciones","description":"Sindicato de Telecomunicaciones","publisher":{"@id":"https:\/\/www.ugtcomunicaciones.es\/wordpress\/#organization"},"potentialAction":[{"@type":"SearchAction","target":{"@type":"EntryPoint","urlTemplate":"https:\/\/www.ugtcomunicaciones.es\/wordpress\/?s={search_term_string}"},"query-input":{"@type":"PropertyValueSpecification","valueRequired":true,"valueName":"search_term_string"}}],"inLanguage":"es"},{"@type":"Organization","@id":"https:\/\/www.ugtcomunicaciones.es\/wordpress\/#organization","name":"UGT Comunicaciones","url":"https:\/\/www.ugtcomunicaciones.es\/wordpress\/","logo":{"@type":"ImageObject","inLanguage":"es","@id":"https:\/\/www.ugtcomunicaciones.es\/wordpress\/#\/schema\/logo\/image\/","url":"https:\/\/www.ugtcomunicaciones.es\/wordpress\/wp-content\/uploads\/2024\/04\/comunicaciones_logo.png","contentUrl":"https:\/\/www.ugtcomunicaciones.es\/wordpress\/wp-content\/uploads\/2024\/04\/comunicaciones_logo.png","width":298,"height":81,"caption":"UGT Comunicaciones"},"image":{"@id":"https:\/\/www.ugtcomunicaciones.es\/wordpress\/#\/schema\/logo\/image\/"},"sameAs":["https:\/\/www.facebook.com\/ugt.comunicaciones\/","https:\/\/x.com\/ugtcom"]},{"@type":"Person","@id":"https:\/\/www.ugtcomunicaciones.es\/wordpress\/#\/schema\/person\/eba0fc3fe5b444531d94d4368cba89ed","name":"UGT","image":{"@type":"ImageObject","inLanguage":"es","@id":"https:\/\/secure.gravatar.com\/avatar\/2a16057d620a4c646bcfc171c4f23030879ebbdd346f0525bd5d4a564e57e13d?s=96&d=mm&r=g","url":"https:\/\/secure.gravatar.com\/avatar\/2a16057d620a4c646bcfc171c4f23030879ebbdd346f0525bd5d4a564e57e13d?s=96&d=mm&r=g","contentUrl":"https:\/\/secure.gravatar.com\/avatar\/2a16057d620a4c646bcfc171c4f23030879ebbdd346f0525bd5d4a564e57e13d?s=96&d=mm&r=g","caption":"UGT"}}]}},"_links":{"self":[{"href":"https:\/\/www.ugtcomunicaciones.es\/wordpress\/wp-json\/wp\/v2\/posts\/445499","targetHints":{"allow":["GET"]}}],"collection":[{"href":"https:\/\/www.ugtcomunicaciones.es\/wordpress\/wp-json\/wp\/v2\/posts"}],"about":[{"href":"https:\/\/www.ugtcomunicaciones.es\/wordpress\/wp-json\/wp\/v2\/types\/post"}],"author":[{"embeddable":true,"href":"https:\/\/www.ugtcomunicaciones.es\/wordpress\/wp-json\/wp\/v2\/users\/3"}],"replies":[{"embeddable":true,"href":"https:\/\/www.ugtcomunicaciones.es\/wordpress\/wp-json\/wp\/v2\/comments?post=445499"}],"version-history":[{"count":0,"href":"https:\/\/www.ugtcomunicaciones.es\/wordpress\/wp-json\/wp\/v2\/posts\/445499\/revisions"}],"wp:featuredmedia":[{"embeddable":true,"href":"https:\/\/www.ugtcomunicaciones.es\/wordpress\/wp-json\/wp\/v2\/media\/111214"}],"wp:attachment":[{"href":"https:\/\/www.ugtcomunicaciones.es\/wordpress\/wp-json\/wp\/v2\/media?parent=445499"}],"wp:term":[{"taxonomy":"category","embeddable":true,"href":"https:\/\/www.ugtcomunicaciones.es\/wordpress\/wp-json\/wp\/v2\/categories?post=445499"},{"taxonomy":"post_tag","embeddable":true,"href":"https:\/\/www.ugtcomunicaciones.es\/wordpress\/wp-json\/wp\/v2\/tags?post=445499"}],"curies":[{"name":"wp","href":"https:\/\/api.w.org\/{rel}","templated":true}]}}