{"id":449566,"date":"2019-11-11T07:00:55","date_gmt":"2019-11-11T05:00:55","guid":{"rendered":"http:\/\/ugtcomunicaciones.es\/wordpress\/?p=449566"},"modified":"2019-10-31T13:07:57","modified_gmt":"2019-10-31T11:07:57","slug":"los-operadores-britanicos-se-unen-para-dar-cobertura-4g-rural","status":"publish","type":"post","link":"https:\/\/www.ugtcomunicaciones.es\/wordpress\/los-operadores-britanicos-se-unen-para-dar-cobertura-4g-rural\/","title":{"rendered":"Los operadores brit\u00e1nicos se unen para dar cobertura 4G rural"},"content":{"rendered":"<p style=\"text-align: justify;\">La preocupaci\u00f3n del gobierno brit\u00e1nico por la mala cobertura m\u00f3vil en el entorno rural no es algo nuevo<sup class=\"modern-footnotes-footnote \" data-mfn=\"1\" data-mfn-post-scope=\"00000000000041470000000000000000_449566\"><a href=\"javascript:void(0)\"  role=\"button\" aria-pressed=\"false\" aria-describedby=\"mfn-content-00000000000041470000000000000000_449566-1\">1<\/a><\/sup><span id=\"mfn-content-00000000000041470000000000000000_449566-1\" role=\"tooltip\" class=\"modern-footnotes-footnote__note\" tabindex=\"0\" data-mfn=\"1\"><a href=\"http:\/\/ugtcomunicaciones.es\/wordpress\/los-britanicos-quieren-usar-las-iglesias-rurales-dar-cobertura-banda-ancha\/\" target=\"_blank\" rel=\"noopener noreferrer\">http:\/\/ugtcomunicaciones.es\/wordpress\/los-britanicos-quieren-usar-las-iglesias-rurales-dar-cobertura-banda-ancha\/<\/a><\/span>. A pesar de contar con varios de los operadores m\u00e1s potentes del mundo, la se\u00f1al del 4G no llega, ni de lejos a todos los rincones del pa\u00eds. As\u00ed, mientras en Espa\u00f1a la cobertura alcanza al 99,5% de la poblaci\u00f3n<sup class=\"modern-footnotes-footnote \" data-mfn=\"2\" data-mfn-post-scope=\"00000000000041470000000000000000_449566\"><a href=\"javascript:void(0)\"  role=\"button\" aria-pressed=\"false\" aria-describedby=\"mfn-content-00000000000041470000000000000000_449566-2\">2<\/a><\/sup><span id=\"mfn-content-00000000000041470000000000000000_449566-2\" role=\"tooltip\" class=\"modern-footnotes-footnote__note\" tabindex=\"0\" data-mfn=\"2\"><a href=\"https:\/\/avancedigital.gob.es\/banda-ancha\/cobertura\/Paginas\/informacion-cobertura.aspx\" target=\"_blank\" rel=\"noopener noreferrer\">https:\/\/avancedigital.gob.es\/banda-ancha\/cobertura\/Paginas\/informacion-cobertura.aspx<\/a><\/span>, en el Reino Unido este porcentaje es sensiblemente inferior, especialmente en las zonas rurales. Sin ir m\u00e1s lejos, el regulador de las telecos isle\u00f1o considera que un 8% de la geograf\u00eda brit\u00e1nica no tiene ning\u00fan tipo de cobertura<sup class=\"modern-footnotes-footnote \" data-mfn=\"3\" data-mfn-post-scope=\"00000000000041470000000000000000_449566\"><a href=\"javascript:void(0)\"  role=\"button\" aria-pressed=\"false\" aria-describedby=\"mfn-content-00000000000041470000000000000000_449566-3\">3<\/a><\/sup><span id=\"mfn-content-00000000000041470000000000000000_449566-3\" role=\"tooltip\" class=\"modern-footnotes-footnote__note\" tabindex=\"0\" data-mfn=\"3\"><a href=\"https:\/\/www.ofcom.org.uk\/__data\/assets\/pdf_file\/0021\/146613\/connected-nations-update-spring-2019.pdf\" target=\"_blank\" rel=\"noopener noreferrer\">https:\/\/www.ofcom.org.uk\/__data\/assets\/pdf_file\/0021\/146613\/connected-nations-update-spring-2019.pdf<\/a><\/span>. Son los denominados <em>not-spots<sup class=\"modern-footnotes-footnote \" data-mfn=\"4\" data-mfn-post-scope=\"00000000000041470000000000000000_449566\"><a href=\"javascript:void(0)\"  role=\"button\" aria-pressed=\"false\" aria-describedby=\"mfn-content-00000000000041470000000000000000_449566-4\">4<\/a><\/sup><span id=\"mfn-content-00000000000041470000000000000000_449566-4\" role=\"tooltip\" class=\"modern-footnotes-footnote__note\" tabindex=\"0\" data-mfn=\"4\"><a href=\"https:\/\/www.bbc.com\/news\/business-50179195\" target=\"_blank\" rel=\"noopener noreferrer\">https:\/\/www.bbc.com\/news\/business-50179195<\/a><\/span><\/em>.<\/p>\n<p><img decoding=\"async\" class=\"aligncenter wp-image-450114 size-full lazyload\" data-src=\"http:\/\/ugtcomunicaciones.es\/wordpress\/wp-content\/uploads\/2019\/11\/operadores-britanicos-1.png\" alt=\"\" width=\"642\" height=\"231\" data-srcset=\"https:\/\/www.ugtcomunicaciones.es\/wordpress\/wp-content\/uploads\/2019\/11\/operadores-britanicos-1.png 642w, https:\/\/www.ugtcomunicaciones.es\/wordpress\/wp-content\/uploads\/2019\/11\/operadores-britanicos-1-300x108.png 300w, https:\/\/www.ugtcomunicaciones.es\/wordpress\/wp-content\/uploads\/2019\/11\/operadores-britanicos-1-640x231.png 640w\" data-sizes=\"(max-width: 642px) 100vw, 642px\" src=\"data:image\/svg+xml;base64,PHN2ZyB3aWR0aD0iMSIgaGVpZ2h0PSIxIiB4bWxucz0iaHR0cDovL3d3dy53My5vcmcvMjAwMC9zdmciPjwvc3ZnPg==\" style=\"--smush-placeholder-width: 642px; --smush-placeholder-aspect-ratio: 642\/231;\" \/><\/p>\n<p style=\"text-align: justify;\">Preocupado por esta falta de cohesi\u00f3n territorial, el Gobierno de Boris Johnson ha optado por una medida<sup class=\"modern-footnotes-footnote \" data-mfn=\"5\" data-mfn-post-scope=\"00000000000041470000000000000000_449566\"><a href=\"javascript:void(0)\"  role=\"button\" aria-pressed=\"false\" aria-describedby=\"mfn-content-00000000000041470000000000000000_449566-5\">5<\/a><\/sup><span id=\"mfn-content-00000000000041470000000000000000_449566-5\" role=\"tooltip\" class=\"modern-footnotes-footnote__note\" tabindex=\"0\" data-mfn=\"5\"><a href=\"https:\/\/www.gov.uk\/government\/news\/1-billion-deal-set-to-solve-poor-mobile-coverage\" target=\"_blank\" rel=\"noopener noreferrer\">https:\/\/www.gov.uk\/government\/news\/1-billion-deal-set-to-solve-poor-mobile-coverage<\/a><\/span>\u00a0que no es precisamente del orden de pensamiento econ\u00f3mico neoliberal: promocionar una red \u00fanica rural cofinanciada por los operadores y el tesoro p\u00fablico.<\/p>\n<p style=\"text-align: justify;\">El plan consiste en que los cuatro operadores principales (BT-EE, O2-Telef\u00f3nica, Three y Vodafone) inviertan unos 530 millones de libras, por otros quinientos de que aportar\u00e1 el Gobierno (el desembolso total rondar\u00eda los 1.200 millones de euros), para construir una red m\u00f3vil rural compartida que buscar\u00e1 alcanzar el 95% de cobertura 4G en 2025. O dicho de otro modo, llevar la se\u00f1al de la cuarta generaci\u00f3n de telefon\u00eda m\u00f3vil a algo m\u00e1s de cuarto mill\u00f3n de hogares m\u00e1s, cubriendo alrededor de 16.000 Km de carreteras.<\/p>\n<p style=\"text-align: justify;\">La red se constituir\u00eda por una infraestructura \u00fanica para los cuatro operadores en t\u00e9rminos de estaciones base, torres y haces radioel\u00e9ctricos, tanto para los actuales emplazamientos como para los futuros.<\/p>\n<p style=\"text-align: justify;\">Se espera que la mayor\u00eda de las nuevas estaciones base se instalen en Irlanda del Norte, Escoia o Gales, que es precisamente donde se concentran la mayor\u00eda de los <em>not-spots<sup class=\"modern-footnotes-footnote \" data-mfn=\"6\" data-mfn-post-scope=\"00000000000041470000000000000000_449566\"><a href=\"javascript:void(0)\"  role=\"button\" aria-pressed=\"false\" aria-describedby=\"mfn-content-00000000000041470000000000000000_449566-6\">6<\/a><\/sup><span id=\"mfn-content-00000000000041470000000000000000_449566-6\" role=\"tooltip\" class=\"modern-footnotes-footnote__note\" tabindex=\"0\" data-mfn=\"6\"><a href=\"https:\/\/www.ofcom.org.uk\/__data\/assets\/pdf_file\/0020\/130736\/Connected-Nations-2018-main-report.pdf\" target=\"_blank\" rel=\"noopener noreferrer\">https:\/\/www.ofcom.org.uk\/__data\/assets\/pdf_file\/0020\/130736\/Connected-Nations-2018-main-report.pdf<\/a><\/span><\/em>:<\/p>\n<p><strong> <img decoding=\"async\" class=\"aligncenter wp-image-450115 size-full lazyload\" data-src=\"http:\/\/ugtcomunicaciones.es\/wordpress\/wp-content\/uploads\/2019\/11\/operadores-britanicos-2.png\" alt=\"\" width=\"3633\" height=\"5283\" data-srcset=\"https:\/\/www.ugtcomunicaciones.es\/wordpress\/wp-content\/uploads\/2019\/11\/operadores-britanicos-2.png 3633w, https:\/\/www.ugtcomunicaciones.es\/wordpress\/wp-content\/uploads\/2019\/11\/operadores-britanicos-2-206x300.png 206w, https:\/\/www.ugtcomunicaciones.es\/wordpress\/wp-content\/uploads\/2019\/11\/operadores-britanicos-2-768x1117.png 768w, https:\/\/www.ugtcomunicaciones.es\/wordpress\/wp-content\/uploads\/2019\/11\/operadores-britanicos-2-704x1024.png 704w, https:\/\/www.ugtcomunicaciones.es\/wordpress\/wp-content\/uploads\/2019\/11\/operadores-britanicos-2-289x420.png 289w, https:\/\/www.ugtcomunicaciones.es\/wordpress\/wp-content\/uploads\/2019\/11\/operadores-britanicos-2-640x931.png 640w, https:\/\/www.ugtcomunicaciones.es\/wordpress\/wp-content\/uploads\/2019\/11\/operadores-britanicos-2-681x990.png 681w\" data-sizes=\"(max-width: 3633px) 100vw, 3633px\" src=\"data:image\/svg+xml;base64,PHN2ZyB3aWR0aD0iMSIgaGVpZ2h0PSIxIiB4bWxucz0iaHR0cDovL3d3dy53My5vcmcvMjAwMC9zdmciPjwvc3ZnPg==\" style=\"--smush-placeholder-width: 3633px; --smush-placeholder-aspect-ratio: 3633\/5283;\" \/><\/strong><\/p>\n<p><strong>\u00a0<\/strong><\/p>\n<h4 style=\"text-align: right;\"><strong><span style=\"color: #ff0000;\">\u00a0UGT<\/span> Comunicaciones<\/strong><\/h4>\n<p><strong>\u00a0<\/strong><\/p>\n<p><strong>\u00a0<\/strong><\/p>\n<p><a href=\"#_ftnref1\" name=\"_ftn1\"><\/a><\/p>\n","protected":false},"excerpt":{"rendered":"<p>La preocupaci\u00f3n del gobierno brit\u00e1nico por la mala cobertura m\u00f3vil en el entorno rural no es algo nuevo. A pesar de contar con varios de los operadores m\u00e1s potentes del mundo, la se\u00f1al del 4G no llega, ni de lejos a todos los rincones del pa\u00eds. As\u00ed, mientras en Espa\u00f1a la cobertura alcanza al 99,5% [&hellip;]<\/p>\n","protected":false},"author":3,"featured_media":450116,"comment_status":"closed","ping_status":"closed","sticky":false,"template":"","format":"standard","meta":{"footnotes":""},"categories":[14,12],"tags":[],"class_list":["post-449566","post","type-post","status-publish","format-standard","has-post-thumbnail","hentry","category-opinion","category-regulacion"],"yoast_head":"<!-- This site is optimized with the Yoast SEO Premium plugin v27.3 (Yoast SEO v27.4) - https:\/\/yoast.com\/product\/yoast-seo-premium-wordpress\/ -->\n<title>Los operadores brit\u00e1nicos se unen para dar cobertura 4G rural - UGT Comunicaciones<\/title>\n<meta name=\"robots\" content=\"index, follow, max-snippet:-1, max-image-preview:large, max-video-preview:-1\" \/>\n<link rel=\"canonical\" href=\"https:\/\/www.ugtcomunicaciones.es\/wordpress\/los-operadores-britanicos-se-unen-para-dar-cobertura-4g-rural\/\" \/>\n<meta property=\"og:locale\" content=\"es_ES\" \/>\n<meta property=\"og:type\" content=\"article\" \/>\n<meta property=\"og:title\" content=\"Los operadores brit\u00e1nicos se unen para dar cobertura 4G rural\" \/>\n<meta property=\"og:description\" content=\"La preocupaci\u00f3n del gobierno brit\u00e1nico por la mala cobertura m\u00f3vil en el entorno rural no es algo nuevo. A pesar de contar con varios de los operadores m\u00e1s potentes del mundo, la se\u00f1al del 4G no llega, ni de lejos a todos los rincones del pa\u00eds. As\u00ed, mientras en Espa\u00f1a la cobertura alcanza al 99,5% [&hellip;]\" \/>\n<meta property=\"og:url\" content=\"https:\/\/www.ugtcomunicaciones.es\/wordpress\/los-operadores-britanicos-se-unen-para-dar-cobertura-4g-rural\/\" \/>\n<meta property=\"og:site_name\" content=\"UGT Comunicaciones\" \/>\n<meta property=\"article:publisher\" content=\"https:\/\/www.facebook.com\/ugt.comunicaciones\/\" \/>\n<meta property=\"article:published_time\" content=\"2019-11-11T05:00:55+00:00\" \/>\n<meta property=\"og:image\" content=\"https:\/\/www.ugtcomunicaciones.es\/wordpress\/wp-content\/uploads\/2019\/11\/dpl_torre_rural_jb250219.jpg\" \/>\n\t<meta property=\"og:image:width\" content=\"600\" \/>\n\t<meta property=\"og:image:height\" content=\"400\" \/>\n\t<meta property=\"og:image:type\" content=\"image\/jpeg\" \/>\n<meta name=\"author\" content=\"UGT\" \/>\n<meta name=\"twitter:card\" content=\"summary_large_image\" \/>\n<meta name=\"twitter:creator\" content=\"@ugtcom\" \/>\n<meta name=\"twitter:site\" content=\"@ugtcom\" \/>\n<meta name=\"twitter:label1\" content=\"Escrito por\" \/>\n\t<meta name=\"twitter:data1\" content=\"UGT\" \/>\n\t<meta name=\"twitter:label2\" content=\"Tiempo de lectura\" \/>\n\t<meta name=\"twitter:data2\" content=\"2 minutos\" \/>\n<script type=\"application\/ld+json\" class=\"yoast-schema-graph\">{\"@context\":\"https:\\\/\\\/schema.org\",\"@graph\":[{\"@type\":\"Article\",\"@id\":\"https:\\\/\\\/www.ugtcomunicaciones.es\\\/wordpress\\\/los-operadores-britanicos-se-unen-para-dar-cobertura-4g-rural\\\/#article\",\"isPartOf\":{\"@id\":\"https:\\\/\\\/www.ugtcomunicaciones.es\\\/wordpress\\\/los-operadores-britanicos-se-unen-para-dar-cobertura-4g-rural\\\/\"},\"author\":{\"name\":\"UGT\",\"@id\":\"https:\\\/\\\/www.ugtcomunicaciones.es\\\/wordpress\\\/#\\\/schema\\\/person\\\/eba0fc3fe5b444531d94d4368cba89ed\"},\"headline\":\"Los operadores brit\u00e1nicos se unen para dar cobertura 4G rural\",\"datePublished\":\"2019-11-11T05:00:55+00:00\",\"mainEntityOfPage\":{\"@id\":\"https:\\\/\\\/www.ugtcomunicaciones.es\\\/wordpress\\\/los-operadores-britanicos-se-unen-para-dar-cobertura-4g-rural\\\/\"},\"wordCount\":385,\"publisher\":{\"@id\":\"https:\\\/\\\/www.ugtcomunicaciones.es\\\/wordpress\\\/#organization\"},\"image\":{\"@id\":\"https:\\\/\\\/www.ugtcomunicaciones.es\\\/wordpress\\\/los-operadores-britanicos-se-unen-para-dar-cobertura-4g-rural\\\/#primaryimage\"},\"thumbnailUrl\":\"https:\\\/\\\/www.ugtcomunicaciones.es\\\/wordpress\\\/wp-content\\\/uploads\\\/2019\\\/11\\\/dpl_torre_rural_jb250219.jpg\",\"articleSection\":[\"Opini\u00f3n\",\"Regulaci\u00f3n\"],\"inLanguage\":\"es\"},{\"@type\":\"WebPage\",\"@id\":\"https:\\\/\\\/www.ugtcomunicaciones.es\\\/wordpress\\\/los-operadores-britanicos-se-unen-para-dar-cobertura-4g-rural\\\/\",\"url\":\"https:\\\/\\\/www.ugtcomunicaciones.es\\\/wordpress\\\/los-operadores-britanicos-se-unen-para-dar-cobertura-4g-rural\\\/\",\"name\":\"Los operadores brit\u00e1nicos se unen para dar cobertura 4G rural - UGT Comunicaciones\",\"isPartOf\":{\"@id\":\"https:\\\/\\\/www.ugtcomunicaciones.es\\\/wordpress\\\/#website\"},\"primaryImageOfPage\":{\"@id\":\"https:\\\/\\\/www.ugtcomunicaciones.es\\\/wordpress\\\/los-operadores-britanicos-se-unen-para-dar-cobertura-4g-rural\\\/#primaryimage\"},\"image\":{\"@id\":\"https:\\\/\\\/www.ugtcomunicaciones.es\\\/wordpress\\\/los-operadores-britanicos-se-unen-para-dar-cobertura-4g-rural\\\/#primaryimage\"},\"thumbnailUrl\":\"https:\\\/\\\/www.ugtcomunicaciones.es\\\/wordpress\\\/wp-content\\\/uploads\\\/2019\\\/11\\\/dpl_torre_rural_jb250219.jpg\",\"datePublished\":\"2019-11-11T05:00:55+00:00\",\"breadcrumb\":{\"@id\":\"https:\\\/\\\/www.ugtcomunicaciones.es\\\/wordpress\\\/los-operadores-britanicos-se-unen-para-dar-cobertura-4g-rural\\\/#breadcrumb\"},\"inLanguage\":\"es\",\"potentialAction\":[{\"@type\":\"ReadAction\",\"target\":[\"https:\\\/\\\/www.ugtcomunicaciones.es\\\/wordpress\\\/los-operadores-britanicos-se-unen-para-dar-cobertura-4g-rural\\\/\"]}]},{\"@type\":\"ImageObject\",\"inLanguage\":\"es\",\"@id\":\"https:\\\/\\\/www.ugtcomunicaciones.es\\\/wordpress\\\/los-operadores-britanicos-se-unen-para-dar-cobertura-4g-rural\\\/#primaryimage\",\"url\":\"https:\\\/\\\/www.ugtcomunicaciones.es\\\/wordpress\\\/wp-content\\\/uploads\\\/2019\\\/11\\\/dpl_torre_rural_jb250219.jpg\",\"contentUrl\":\"https:\\\/\\\/www.ugtcomunicaciones.es\\\/wordpress\\\/wp-content\\\/uploads\\\/2019\\\/11\\\/dpl_torre_rural_jb250219.jpg\",\"width\":600,\"height\":400,\"caption\":\"Gsm transmitter station on an agricultural field\"},{\"@type\":\"BreadcrumbList\",\"@id\":\"https:\\\/\\\/www.ugtcomunicaciones.es\\\/wordpress\\\/los-operadores-britanicos-se-unen-para-dar-cobertura-4g-rural\\\/#breadcrumb\",\"itemListElement\":[{\"@type\":\"ListItem\",\"position\":1,\"name\":\"Portada\",\"item\":\"https:\\\/\\\/www.ugtcomunicaciones.es\\\/wordpress\\\/\"},{\"@type\":\"ListItem\",\"position\":2,\"name\":\"Los operadores brit\u00e1nicos se unen para dar cobertura 4G rural\"}]},{\"@type\":\"WebSite\",\"@id\":\"https:\\\/\\\/www.ugtcomunicaciones.es\\\/wordpress\\\/#website\",\"url\":\"https:\\\/\\\/www.ugtcomunicaciones.es\\\/wordpress\\\/\",\"name\":\"UGT Comunicaciones\",\"description\":\"Sindicato de Telecomunicaciones\",\"publisher\":{\"@id\":\"https:\\\/\\\/www.ugtcomunicaciones.es\\\/wordpress\\\/#organization\"},\"potentialAction\":[{\"@type\":\"SearchAction\",\"target\":{\"@type\":\"EntryPoint\",\"urlTemplate\":\"https:\\\/\\\/www.ugtcomunicaciones.es\\\/wordpress\\\/?s={search_term_string}\"},\"query-input\":{\"@type\":\"PropertyValueSpecification\",\"valueRequired\":true,\"valueName\":\"search_term_string\"}}],\"inLanguage\":\"es\"},{\"@type\":\"Organization\",\"@id\":\"https:\\\/\\\/www.ugtcomunicaciones.es\\\/wordpress\\\/#organization\",\"name\":\"UGT Comunicaciones\",\"url\":\"https:\\\/\\\/www.ugtcomunicaciones.es\\\/wordpress\\\/\",\"logo\":{\"@type\":\"ImageObject\",\"inLanguage\":\"es\",\"@id\":\"https:\\\/\\\/www.ugtcomunicaciones.es\\\/wordpress\\\/#\\\/schema\\\/logo\\\/image\\\/\",\"url\":\"https:\\\/\\\/www.ugtcomunicaciones.es\\\/wordpress\\\/wp-content\\\/uploads\\\/2024\\\/04\\\/comunicaciones_logo.png\",\"contentUrl\":\"https:\\\/\\\/www.ugtcomunicaciones.es\\\/wordpress\\\/wp-content\\\/uploads\\\/2024\\\/04\\\/comunicaciones_logo.png\",\"width\":298,\"height\":81,\"caption\":\"UGT Comunicaciones\"},\"image\":{\"@id\":\"https:\\\/\\\/www.ugtcomunicaciones.es\\\/wordpress\\\/#\\\/schema\\\/logo\\\/image\\\/\"},\"sameAs\":[\"https:\\\/\\\/www.facebook.com\\\/ugt.comunicaciones\\\/\",\"https:\\\/\\\/x.com\\\/ugtcom\"]},{\"@type\":\"Person\",\"@id\":\"https:\\\/\\\/www.ugtcomunicaciones.es\\\/wordpress\\\/#\\\/schema\\\/person\\\/eba0fc3fe5b444531d94d4368cba89ed\",\"name\":\"UGT\",\"image\":{\"@type\":\"ImageObject\",\"inLanguage\":\"es\",\"@id\":\"https:\\\/\\\/secure.gravatar.com\\\/avatar\\\/2a16057d620a4c646bcfc171c4f23030879ebbdd346f0525bd5d4a564e57e13d?s=96&d=mm&r=g\",\"url\":\"https:\\\/\\\/secure.gravatar.com\\\/avatar\\\/2a16057d620a4c646bcfc171c4f23030879ebbdd346f0525bd5d4a564e57e13d?s=96&d=mm&r=g\",\"contentUrl\":\"https:\\\/\\\/secure.gravatar.com\\\/avatar\\\/2a16057d620a4c646bcfc171c4f23030879ebbdd346f0525bd5d4a564e57e13d?s=96&d=mm&r=g\",\"caption\":\"UGT\"}}]}<\/script>\n<!-- \/ Yoast SEO Premium plugin. -->","yoast_head_json":{"title":"Los operadores brit\u00e1nicos se unen para dar cobertura 4G rural - UGT Comunicaciones","robots":{"index":"index","follow":"follow","max-snippet":"max-snippet:-1","max-image-preview":"max-image-preview:large","max-video-preview":"max-video-preview:-1"},"canonical":"https:\/\/www.ugtcomunicaciones.es\/wordpress\/los-operadores-britanicos-se-unen-para-dar-cobertura-4g-rural\/","og_locale":"es_ES","og_type":"article","og_title":"Los operadores brit\u00e1nicos se unen para dar cobertura 4G rural","og_description":"La preocupaci\u00f3n del gobierno brit\u00e1nico por la mala cobertura m\u00f3vil en el entorno rural no es algo nuevo. A pesar de contar con varios de los operadores m\u00e1s potentes del mundo, la se\u00f1al del 4G no llega, ni de lejos a todos los rincones del pa\u00eds. As\u00ed, mientras en Espa\u00f1a la cobertura alcanza al 99,5% [&hellip;]","og_url":"https:\/\/www.ugtcomunicaciones.es\/wordpress\/los-operadores-britanicos-se-unen-para-dar-cobertura-4g-rural\/","og_site_name":"UGT Comunicaciones","article_publisher":"https:\/\/www.facebook.com\/ugt.comunicaciones\/","article_published_time":"2019-11-11T05:00:55+00:00","og_image":[{"width":600,"height":400,"url":"https:\/\/www.ugtcomunicaciones.es\/wordpress\/wp-content\/uploads\/2019\/11\/dpl_torre_rural_jb250219.jpg","type":"image\/jpeg"}],"author":"UGT","twitter_card":"summary_large_image","twitter_creator":"@ugtcom","twitter_site":"@ugtcom","twitter_misc":{"Escrito por":"UGT","Tiempo de lectura":"2 minutos"},"schema":{"@context":"https:\/\/schema.org","@graph":[{"@type":"Article","@id":"https:\/\/www.ugtcomunicaciones.es\/wordpress\/los-operadores-britanicos-se-unen-para-dar-cobertura-4g-rural\/#article","isPartOf":{"@id":"https:\/\/www.ugtcomunicaciones.es\/wordpress\/los-operadores-britanicos-se-unen-para-dar-cobertura-4g-rural\/"},"author":{"name":"UGT","@id":"https:\/\/www.ugtcomunicaciones.es\/wordpress\/#\/schema\/person\/eba0fc3fe5b444531d94d4368cba89ed"},"headline":"Los operadores brit\u00e1nicos se unen para dar cobertura 4G rural","datePublished":"2019-11-11T05:00:55+00:00","mainEntityOfPage":{"@id":"https:\/\/www.ugtcomunicaciones.es\/wordpress\/los-operadores-britanicos-se-unen-para-dar-cobertura-4g-rural\/"},"wordCount":385,"publisher":{"@id":"https:\/\/www.ugtcomunicaciones.es\/wordpress\/#organization"},"image":{"@id":"https:\/\/www.ugtcomunicaciones.es\/wordpress\/los-operadores-britanicos-se-unen-para-dar-cobertura-4g-rural\/#primaryimage"},"thumbnailUrl":"https:\/\/www.ugtcomunicaciones.es\/wordpress\/wp-content\/uploads\/2019\/11\/dpl_torre_rural_jb250219.jpg","articleSection":["Opini\u00f3n","Regulaci\u00f3n"],"inLanguage":"es"},{"@type":"WebPage","@id":"https:\/\/www.ugtcomunicaciones.es\/wordpress\/los-operadores-britanicos-se-unen-para-dar-cobertura-4g-rural\/","url":"https:\/\/www.ugtcomunicaciones.es\/wordpress\/los-operadores-britanicos-se-unen-para-dar-cobertura-4g-rural\/","name":"Los operadores brit\u00e1nicos se unen para dar cobertura 4G rural - UGT Comunicaciones","isPartOf":{"@id":"https:\/\/www.ugtcomunicaciones.es\/wordpress\/#website"},"primaryImageOfPage":{"@id":"https:\/\/www.ugtcomunicaciones.es\/wordpress\/los-operadores-britanicos-se-unen-para-dar-cobertura-4g-rural\/#primaryimage"},"image":{"@id":"https:\/\/www.ugtcomunicaciones.es\/wordpress\/los-operadores-britanicos-se-unen-para-dar-cobertura-4g-rural\/#primaryimage"},"thumbnailUrl":"https:\/\/www.ugtcomunicaciones.es\/wordpress\/wp-content\/uploads\/2019\/11\/dpl_torre_rural_jb250219.jpg","datePublished":"2019-11-11T05:00:55+00:00","breadcrumb":{"@id":"https:\/\/www.ugtcomunicaciones.es\/wordpress\/los-operadores-britanicos-se-unen-para-dar-cobertura-4g-rural\/#breadcrumb"},"inLanguage":"es","potentialAction":[{"@type":"ReadAction","target":["https:\/\/www.ugtcomunicaciones.es\/wordpress\/los-operadores-britanicos-se-unen-para-dar-cobertura-4g-rural\/"]}]},{"@type":"ImageObject","inLanguage":"es","@id":"https:\/\/www.ugtcomunicaciones.es\/wordpress\/los-operadores-britanicos-se-unen-para-dar-cobertura-4g-rural\/#primaryimage","url":"https:\/\/www.ugtcomunicaciones.es\/wordpress\/wp-content\/uploads\/2019\/11\/dpl_torre_rural_jb250219.jpg","contentUrl":"https:\/\/www.ugtcomunicaciones.es\/wordpress\/wp-content\/uploads\/2019\/11\/dpl_torre_rural_jb250219.jpg","width":600,"height":400,"caption":"Gsm transmitter station on an agricultural field"},{"@type":"BreadcrumbList","@id":"https:\/\/www.ugtcomunicaciones.es\/wordpress\/los-operadores-britanicos-se-unen-para-dar-cobertura-4g-rural\/#breadcrumb","itemListElement":[{"@type":"ListItem","position":1,"name":"Portada","item":"https:\/\/www.ugtcomunicaciones.es\/wordpress\/"},{"@type":"ListItem","position":2,"name":"Los operadores brit\u00e1nicos se unen para dar cobertura 4G rural"}]},{"@type":"WebSite","@id":"https:\/\/www.ugtcomunicaciones.es\/wordpress\/#website","url":"https:\/\/www.ugtcomunicaciones.es\/wordpress\/","name":"UGT Comunicaciones","description":"Sindicato de Telecomunicaciones","publisher":{"@id":"https:\/\/www.ugtcomunicaciones.es\/wordpress\/#organization"},"potentialAction":[{"@type":"SearchAction","target":{"@type":"EntryPoint","urlTemplate":"https:\/\/www.ugtcomunicaciones.es\/wordpress\/?s={search_term_string}"},"query-input":{"@type":"PropertyValueSpecification","valueRequired":true,"valueName":"search_term_string"}}],"inLanguage":"es"},{"@type":"Organization","@id":"https:\/\/www.ugtcomunicaciones.es\/wordpress\/#organization","name":"UGT Comunicaciones","url":"https:\/\/www.ugtcomunicaciones.es\/wordpress\/","logo":{"@type":"ImageObject","inLanguage":"es","@id":"https:\/\/www.ugtcomunicaciones.es\/wordpress\/#\/schema\/logo\/image\/","url":"https:\/\/www.ugtcomunicaciones.es\/wordpress\/wp-content\/uploads\/2024\/04\/comunicaciones_logo.png","contentUrl":"https:\/\/www.ugtcomunicaciones.es\/wordpress\/wp-content\/uploads\/2024\/04\/comunicaciones_logo.png","width":298,"height":81,"caption":"UGT Comunicaciones"},"image":{"@id":"https:\/\/www.ugtcomunicaciones.es\/wordpress\/#\/schema\/logo\/image\/"},"sameAs":["https:\/\/www.facebook.com\/ugt.comunicaciones\/","https:\/\/x.com\/ugtcom"]},{"@type":"Person","@id":"https:\/\/www.ugtcomunicaciones.es\/wordpress\/#\/schema\/person\/eba0fc3fe5b444531d94d4368cba89ed","name":"UGT","image":{"@type":"ImageObject","inLanguage":"es","@id":"https:\/\/secure.gravatar.com\/avatar\/2a16057d620a4c646bcfc171c4f23030879ebbdd346f0525bd5d4a564e57e13d?s=96&d=mm&r=g","url":"https:\/\/secure.gravatar.com\/avatar\/2a16057d620a4c646bcfc171c4f23030879ebbdd346f0525bd5d4a564e57e13d?s=96&d=mm&r=g","contentUrl":"https:\/\/secure.gravatar.com\/avatar\/2a16057d620a4c646bcfc171c4f23030879ebbdd346f0525bd5d4a564e57e13d?s=96&d=mm&r=g","caption":"UGT"}}]}},"_links":{"self":[{"href":"https:\/\/www.ugtcomunicaciones.es\/wordpress\/wp-json\/wp\/v2\/posts\/449566","targetHints":{"allow":["GET"]}}],"collection":[{"href":"https:\/\/www.ugtcomunicaciones.es\/wordpress\/wp-json\/wp\/v2\/posts"}],"about":[{"href":"https:\/\/www.ugtcomunicaciones.es\/wordpress\/wp-json\/wp\/v2\/types\/post"}],"author":[{"embeddable":true,"href":"https:\/\/www.ugtcomunicaciones.es\/wordpress\/wp-json\/wp\/v2\/users\/3"}],"replies":[{"embeddable":true,"href":"https:\/\/www.ugtcomunicaciones.es\/wordpress\/wp-json\/wp\/v2\/comments?post=449566"}],"version-history":[{"count":0,"href":"https:\/\/www.ugtcomunicaciones.es\/wordpress\/wp-json\/wp\/v2\/posts\/449566\/revisions"}],"wp:featuredmedia":[{"embeddable":true,"href":"https:\/\/www.ugtcomunicaciones.es\/wordpress\/wp-json\/wp\/v2\/media\/450116"}],"wp:attachment":[{"href":"https:\/\/www.ugtcomunicaciones.es\/wordpress\/wp-json\/wp\/v2\/media?parent=449566"}],"wp:term":[{"taxonomy":"category","embeddable":true,"href":"https:\/\/www.ugtcomunicaciones.es\/wordpress\/wp-json\/wp\/v2\/categories?post=449566"},{"taxonomy":"post_tag","embeddable":true,"href":"https:\/\/www.ugtcomunicaciones.es\/wordpress\/wp-json\/wp\/v2\/tags?post=449566"}],"curies":[{"name":"wp","href":"https:\/\/api.w.org\/{rel}","templated":true}]}}