{"id":455468,"date":"2019-11-08T12:55:35","date_gmt":"2019-11-08T10:55:35","guid":{"rendered":"http:\/\/ugtcomunicaciones.es\/wordpress\/?p=455468"},"modified":"2019-11-08T13:04:31","modified_gmt":"2019-11-08T11:04:31","slug":"aportaciones-extraordinarias-al-plan-de-pensiones","status":"publish","type":"post","link":"https:\/\/www.ugtcomunicaciones.es\/wordpress\/aportaciones-extraordinarias-al-plan-de-pensiones\/","title":{"rendered":"Aportaciones extraordinarias al Plan de Pensiones"},"content":{"rendered":"<p style=\"font-weight: 400; text-align: justify;\">Habitualmente en estas fechas os recordamos la posibilidad de\u00a0realizar aportaciones extraordinarias al Plan de Pensiones.<\/p>\n<p style=\"font-weight: 400; text-align: justify;\">El l\u00edmite fiscal, teniendo en cuenta nuestras aportaciones y las de la empresa,\u00a0est\u00e1 constituido por\u00a0la menor\u00a0de las cantidades siguientes:<\/p>\n<ul style=\"text-align: justify;\">\n<li style=\"font-weight: 400;\">&#8211; El 30% de la suma de los rendimientos netos del trabajo y de actividades econ\u00f3micas percibidos individualmente en el ejercicio.<\/li>\n<li style=\"font-weight: 400;\">&#8211; 8.000 euros anuales.<\/li>\n<\/ul>\n<p style=\"font-weight: 400; text-align: justify;\"><strong>\u00bfC\u00f3mo puedo realizar una aportaci\u00f3n extraordinaria?<\/strong><strong>\u00a0<\/strong><\/p>\n<p style=\"font-weight: 400; text-align: justify;\">Hay varias opciones:<\/p>\n<ul>\n<li style=\"font-weight: 400; text-align: left;\"><strong>MEDIANTE LA HERRAMIENTA DEL PLAN DE PENSIONES:<\/strong><\/li>\n<\/ul>\n<p style=\"font-weight: 400; text-align: justify;\">Desde UGT hemos\u00a0alertado\u00a0a la empresa\u00a0de\u00a0que aparec\u00eda un mensaje de error al acceder. La empresa nos ha confirmado que efectivamente hay una incidencia que no permite hacer gestiones en la misma y ha \u00a0habilitado un enlace a \u201cTobi\u201d\u00a0\u00a0para que pod\u00e1is realizarlas de forma provisional.\u00a0Ahora aparece esto:<\/p>\n<p><img decoding=\"async\" class=\"size-full wp-image-455469 aligncenter lazyload\" data-src=\"http:\/\/ugtcomunicaciones.es\/wordpress\/wp-content\/uploads\/2019\/11\/PPensionesVF.jpg\" alt=\"\" width=\"288\" height=\"123\" src=\"data:image\/svg+xml;base64,PHN2ZyB3aWR0aD0iMSIgaGVpZ2h0PSIxIiB4bWxucz0iaHR0cDovL3d3dy53My5vcmcvMjAwMC9zdmciPjwvc3ZnPg==\" style=\"--smush-placeholder-width: 288px; --smush-placeholder-aspect-ratio: 288\/123;\" \/><\/p>\n<p style=\"font-weight: 400; text-align: justify;\"><strong>(<\/strong><a href=\"https:\/\/tobi.vodafone.com\/Amelia\/domains\" target=\"_blank\" rel=\"noopener noreferrer\" data-saferedirecturl=\"https:\/\/www.google.com\/url?q=https:\/\/tobi.vodafone.com\/Amelia\/domains&amp;source=gmail&amp;ust=1573289027965000&amp;usg=AFQjCNGAJj78dY_InBCyIxsOeYPGXBtE0g\"><strong>https:\/\/tobi.vodafone.com\/Amelia\/domains<\/strong><\/a><strong>)<\/strong><\/p>\n<p style=\"font-weight: 400; text-align: justify;\">En condiciones normales la herramienta permite realizar estas aportaciones extraordinarias en el caso de que tengas \u00a0tu aportaci\u00f3n ordinaria mensual fijada en una cantidad concreta (no en porcentaje)<\/p>\n<p style=\"font-weight: 400; text-align: justify;\">\u00c9ste ser\u00eda el aspecto de tu herramienta en ese caso y podr\u00edas acceder al apartado de aportaciones extraordinarias.\u00a0 La empresa complementar\u00e1 tus aportaciones hasta el l\u00edmite del 2% de tu salario fijo.<\/p>\n<p><img decoding=\"async\" class=\"aligncenter wp-image-455470 size-full lazyload\" data-src=\"http:\/\/ugtcomunicaciones.es\/wordpress\/wp-content\/uploads\/2019\/11\/PPensionesVF_1.jpg\" alt=\"\" width=\"649\" height=\"374\" data-srcset=\"https:\/\/www.ugtcomunicaciones.es\/wordpress\/wp-content\/uploads\/2019\/11\/PPensionesVF_1.jpg 649w, https:\/\/www.ugtcomunicaciones.es\/wordpress\/wp-content\/uploads\/2019\/11\/PPensionesVF_1-300x173.jpg 300w, https:\/\/www.ugtcomunicaciones.es\/wordpress\/wp-content\/uploads\/2019\/11\/PPensionesVF_1-640x369.jpg 640w\" data-sizes=\"(max-width: 649px) 100vw, 649px\" src=\"data:image\/svg+xml;base64,PHN2ZyB3aWR0aD0iMSIgaGVpZ2h0PSIxIiB4bWxucz0iaHR0cDovL3d3dy53My5vcmcvMjAwMC9zdmciPjwvc3ZnPg==\" style=\"--smush-placeholder-width: 649px; --smush-placeholder-aspect-ratio: 649\/374;\" \/><\/p>\n<ul>\n<li style=\"font-weight: 400; text-align: justify;\"><strong>ENVIANDO AL BANCO SANTANDER EL BOLETIN DE APORTACIONES VOLUNTARIAS<\/strong><\/li>\n<\/ul>\n<p style=\"font-weight: 400; text-align: justify;\">Si en la herramienta no indicaste una cantidad fija sino que pusiste el 2%\u00a0\u00a0autom\u00e1tico, la herramienta no te permitir\u00eda acceder al \u201cbot\u00f3n\u201d de \u201cAportaciones extraordinarias\u201d y tendr\u00e1s que enviar la solicitud que os adjuntamos (<a href=\"http:\/\/ugtcomunicaciones.es\/wordpress\/wp-content\/uploads\/2019\/11\/BolApVol.pdf\" target=\"_blank\" rel=\"noopener noreferrer\">descarga aqu\u00ed<\/a>) directamente a la gestora (B. Santander) indicando los datos bancarios y la cantidad a aportar. Tened en cuenta que en las aportaciones extraordinarias <strong>usando esta opci\u00f3n<\/strong>,\u00a0la empresa\u00a0no\u00a0complementa.<\/p>\n<p style=\"font-weight: 400; text-align: justify;\">La gestora no indica una fecha tope concreta, pero para realizar las gestiones con cierto margen nos piden que no se demoren las solicitudes m\u00e1s\u00a0all\u00e1\u00a0del 15 de diciembre.<\/p>\n<p style=\"font-weight: 400; text-align: justify;\">La solicitud se\u00a0env\u00eda firmada\u00a0y escaneada\u00a0al buz\u00f3n de Atenci\u00f3n a Clientes\u00a0<a href=\"mailto:santanderprevision@gruposantander.es\">santanderprevision@gruposantander.es<\/a><\/p>\n<ul>\n<li style=\"font-weight: 400; text-align: justify;\"><strong>EN WELLFLEX<\/strong><strong>\u00a0<\/strong><\/li>\n<\/ul>\n<p style=\"font-weight: 400; text-align: justify;\">Podemos destinar todo o parte del importe que recibimos en Tickets Restaurant al Plan de Pensiones (siempre teniendo en cuenta los limites fiscales anteriormente citados) y teniendo en cuenta adem\u00e1s \u00a0que esta aportaci\u00f3n nunca ser\u00e1 complementada por la empresa y que las cantidades que destines ahora son\u00a0de los tickets\u00a0del 2020\u00a0y\u00a0no para este ejercicio fiscal.<\/p>\n","protected":false},"excerpt":{"rendered":"<p>Habitualmente en estas fechas os recordamos la posibilidad de\u00a0realizar aportaciones extraordinarias al Plan de Pensiones. El l\u00edmite fiscal, teniendo en cuenta nuestras aportaciones y las de la empresa,\u00a0est\u00e1 constituido por\u00a0la menor\u00a0de las cantidades siguientes: &#8211; El 30% de la suma de los rendimientos netos del trabajo y de actividades econ\u00f3micas percibidos individualmente en el ejercicio. [&hellip;]<\/p>\n","protected":false},"author":3,"featured_media":455474,"comment_status":"closed","ping_status":"closed","sticky":false,"template":"","format":"standard","meta":{"footnotes":""},"categories":[27,28,29,48],"tags":[],"class_list":["post-455468","post","type-post","status-publish","format-standard","has-post-thumbnail","hentry","category-grupo-vodafone","category-vodafone-es","category-vodafone-ono","category-vodafone-servicios"],"yoast_head":"<!-- This site is optimized with the Yoast SEO Premium plugin v27.3 (Yoast SEO v27.4) - https:\/\/yoast.com\/product\/yoast-seo-premium-wordpress\/ -->\n<title>Aportaciones extraordinarias al Plan de Pensiones - UGT Comunicaciones<\/title>\n<meta name=\"robots\" content=\"index, follow, max-snippet:-1, max-image-preview:large, max-video-preview:-1\" \/>\n<link rel=\"canonical\" href=\"https:\/\/www.ugtcomunicaciones.es\/wordpress\/aportaciones-extraordinarias-al-plan-de-pensiones\/\" \/>\n<meta property=\"og:locale\" content=\"es_ES\" \/>\n<meta property=\"og:type\" content=\"article\" \/>\n<meta property=\"og:title\" content=\"Aportaciones extraordinarias al Plan de Pensiones\" \/>\n<meta property=\"og:description\" content=\"Habitualmente en estas fechas os recordamos la posibilidad de\u00a0realizar aportaciones extraordinarias al Plan de Pensiones. El l\u00edmite fiscal, teniendo en cuenta nuestras aportaciones y las de la empresa,\u00a0est\u00e1 constituido por\u00a0la menor\u00a0de las cantidades siguientes: &#8211; El 30% de la suma de los rendimientos netos del trabajo y de actividades econ\u00f3micas percibidos individualmente en el ejercicio. [&hellip;]\" \/>\n<meta property=\"og:url\" content=\"https:\/\/www.ugtcomunicaciones.es\/wordpress\/aportaciones-extraordinarias-al-plan-de-pensiones\/\" \/>\n<meta property=\"og:site_name\" content=\"UGT Comunicaciones\" \/>\n<meta property=\"article:publisher\" content=\"https:\/\/www.facebook.com\/ugt.comunicaciones\/\" \/>\n<meta property=\"article:published_time\" content=\"2019-11-08T10:55:35+00:00\" \/>\n<meta property=\"article:modified_time\" content=\"2019-11-08T11:04:31+00:00\" \/>\n<meta property=\"og:image\" content=\"https:\/\/www.ugtcomunicaciones.es\/wordpress\/wp-content\/uploads\/2019\/11\/PPensionesVF_2.jpg\" \/>\n\t<meta property=\"og:image:width\" content=\"600\" \/>\n\t<meta property=\"og:image:height\" content=\"348\" \/>\n\t<meta property=\"og:image:type\" content=\"image\/jpeg\" \/>\n<meta name=\"author\" content=\"UGT\" \/>\n<meta name=\"twitter:card\" content=\"summary_large_image\" \/>\n<meta name=\"twitter:creator\" content=\"@ugtcom\" \/>\n<meta name=\"twitter:site\" content=\"@ugtcom\" \/>\n<meta name=\"twitter:label1\" content=\"Escrito por\" \/>\n\t<meta name=\"twitter:data1\" content=\"UGT\" \/>\n\t<meta name=\"twitter:label2\" content=\"Tiempo de lectura\" \/>\n\t<meta name=\"twitter:data2\" content=\"2 minutos\" \/>\n<script type=\"application\/ld+json\" class=\"yoast-schema-graph\">{\"@context\":\"https:\\\/\\\/schema.org\",\"@graph\":[{\"@type\":\"Article\",\"@id\":\"https:\\\/\\\/www.ugtcomunicaciones.es\\\/wordpress\\\/aportaciones-extraordinarias-al-plan-de-pensiones\\\/#article\",\"isPartOf\":{\"@id\":\"https:\\\/\\\/www.ugtcomunicaciones.es\\\/wordpress\\\/aportaciones-extraordinarias-al-plan-de-pensiones\\\/\"},\"author\":{\"name\":\"UGT\",\"@id\":\"https:\\\/\\\/www.ugtcomunicaciones.es\\\/wordpress\\\/#\\\/schema\\\/person\\\/eba0fc3fe5b444531d94d4368cba89ed\"},\"headline\":\"Aportaciones extraordinarias al Plan de Pensiones\",\"datePublished\":\"2019-11-08T10:55:35+00:00\",\"dateModified\":\"2019-11-08T11:04:31+00:00\",\"mainEntityOfPage\":{\"@id\":\"https:\\\/\\\/www.ugtcomunicaciones.es\\\/wordpress\\\/aportaciones-extraordinarias-al-plan-de-pensiones\\\/\"},\"wordCount\":399,\"publisher\":{\"@id\":\"https:\\\/\\\/www.ugtcomunicaciones.es\\\/wordpress\\\/#organization\"},\"image\":{\"@id\":\"https:\\\/\\\/www.ugtcomunicaciones.es\\\/wordpress\\\/aportaciones-extraordinarias-al-plan-de-pensiones\\\/#primaryimage\"},\"thumbnailUrl\":\"https:\\\/\\\/www.ugtcomunicaciones.es\\\/wordpress\\\/wp-content\\\/uploads\\\/2019\\\/11\\\/PPensionesVF_2.jpg\",\"articleSection\":[\"Grupo Vodafone\",\"Vodafone Espa\u00f1a\",\"Vodafone ONO\",\"Vodafone Servicios\"],\"inLanguage\":\"es\"},{\"@type\":\"WebPage\",\"@id\":\"https:\\\/\\\/www.ugtcomunicaciones.es\\\/wordpress\\\/aportaciones-extraordinarias-al-plan-de-pensiones\\\/\",\"url\":\"https:\\\/\\\/www.ugtcomunicaciones.es\\\/wordpress\\\/aportaciones-extraordinarias-al-plan-de-pensiones\\\/\",\"name\":\"Aportaciones extraordinarias al Plan de Pensiones - UGT Comunicaciones\",\"isPartOf\":{\"@id\":\"https:\\\/\\\/www.ugtcomunicaciones.es\\\/wordpress\\\/#website\"},\"primaryImageOfPage\":{\"@id\":\"https:\\\/\\\/www.ugtcomunicaciones.es\\\/wordpress\\\/aportaciones-extraordinarias-al-plan-de-pensiones\\\/#primaryimage\"},\"image\":{\"@id\":\"https:\\\/\\\/www.ugtcomunicaciones.es\\\/wordpress\\\/aportaciones-extraordinarias-al-plan-de-pensiones\\\/#primaryimage\"},\"thumbnailUrl\":\"https:\\\/\\\/www.ugtcomunicaciones.es\\\/wordpress\\\/wp-content\\\/uploads\\\/2019\\\/11\\\/PPensionesVF_2.jpg\",\"datePublished\":\"2019-11-08T10:55:35+00:00\",\"dateModified\":\"2019-11-08T11:04:31+00:00\",\"breadcrumb\":{\"@id\":\"https:\\\/\\\/www.ugtcomunicaciones.es\\\/wordpress\\\/aportaciones-extraordinarias-al-plan-de-pensiones\\\/#breadcrumb\"},\"inLanguage\":\"es\",\"potentialAction\":[{\"@type\":\"ReadAction\",\"target\":[\"https:\\\/\\\/www.ugtcomunicaciones.es\\\/wordpress\\\/aportaciones-extraordinarias-al-plan-de-pensiones\\\/\"]}]},{\"@type\":\"ImageObject\",\"inLanguage\":\"es\",\"@id\":\"https:\\\/\\\/www.ugtcomunicaciones.es\\\/wordpress\\\/aportaciones-extraordinarias-al-plan-de-pensiones\\\/#primaryimage\",\"url\":\"https:\\\/\\\/www.ugtcomunicaciones.es\\\/wordpress\\\/wp-content\\\/uploads\\\/2019\\\/11\\\/PPensionesVF_2.jpg\",\"contentUrl\":\"https:\\\/\\\/www.ugtcomunicaciones.es\\\/wordpress\\\/wp-content\\\/uploads\\\/2019\\\/11\\\/PPensionesVF_2.jpg\",\"width\":600,\"height\":348},{\"@type\":\"BreadcrumbList\",\"@id\":\"https:\\\/\\\/www.ugtcomunicaciones.es\\\/wordpress\\\/aportaciones-extraordinarias-al-plan-de-pensiones\\\/#breadcrumb\",\"itemListElement\":[{\"@type\":\"ListItem\",\"position\":1,\"name\":\"Portada\",\"item\":\"https:\\\/\\\/www.ugtcomunicaciones.es\\\/wordpress\\\/\"},{\"@type\":\"ListItem\",\"position\":2,\"name\":\"Aportaciones extraordinarias al Plan de Pensiones\"}]},{\"@type\":\"WebSite\",\"@id\":\"https:\\\/\\\/www.ugtcomunicaciones.es\\\/wordpress\\\/#website\",\"url\":\"https:\\\/\\\/www.ugtcomunicaciones.es\\\/wordpress\\\/\",\"name\":\"UGT Comunicaciones\",\"description\":\"Sindicato de Telecomunicaciones\",\"publisher\":{\"@id\":\"https:\\\/\\\/www.ugtcomunicaciones.es\\\/wordpress\\\/#organization\"},\"potentialAction\":[{\"@type\":\"SearchAction\",\"target\":{\"@type\":\"EntryPoint\",\"urlTemplate\":\"https:\\\/\\\/www.ugtcomunicaciones.es\\\/wordpress\\\/?s={search_term_string}\"},\"query-input\":{\"@type\":\"PropertyValueSpecification\",\"valueRequired\":true,\"valueName\":\"search_term_string\"}}],\"inLanguage\":\"es\"},{\"@type\":\"Organization\",\"@id\":\"https:\\\/\\\/www.ugtcomunicaciones.es\\\/wordpress\\\/#organization\",\"name\":\"UGT Comunicaciones\",\"url\":\"https:\\\/\\\/www.ugtcomunicaciones.es\\\/wordpress\\\/\",\"logo\":{\"@type\":\"ImageObject\",\"inLanguage\":\"es\",\"@id\":\"https:\\\/\\\/www.ugtcomunicaciones.es\\\/wordpress\\\/#\\\/schema\\\/logo\\\/image\\\/\",\"url\":\"https:\\\/\\\/www.ugtcomunicaciones.es\\\/wordpress\\\/wp-content\\\/uploads\\\/2024\\\/04\\\/comunicaciones_logo.png\",\"contentUrl\":\"https:\\\/\\\/www.ugtcomunicaciones.es\\\/wordpress\\\/wp-content\\\/uploads\\\/2024\\\/04\\\/comunicaciones_logo.png\",\"width\":298,\"height\":81,\"caption\":\"UGT Comunicaciones\"},\"image\":{\"@id\":\"https:\\\/\\\/www.ugtcomunicaciones.es\\\/wordpress\\\/#\\\/schema\\\/logo\\\/image\\\/\"},\"sameAs\":[\"https:\\\/\\\/www.facebook.com\\\/ugt.comunicaciones\\\/\",\"https:\\\/\\\/x.com\\\/ugtcom\"]},{\"@type\":\"Person\",\"@id\":\"https:\\\/\\\/www.ugtcomunicaciones.es\\\/wordpress\\\/#\\\/schema\\\/person\\\/eba0fc3fe5b444531d94d4368cba89ed\",\"name\":\"UGT\",\"image\":{\"@type\":\"ImageObject\",\"inLanguage\":\"es\",\"@id\":\"https:\\\/\\\/secure.gravatar.com\\\/avatar\\\/2a16057d620a4c646bcfc171c4f23030879ebbdd346f0525bd5d4a564e57e13d?s=96&d=mm&r=g\",\"url\":\"https:\\\/\\\/secure.gravatar.com\\\/avatar\\\/2a16057d620a4c646bcfc171c4f23030879ebbdd346f0525bd5d4a564e57e13d?s=96&d=mm&r=g\",\"contentUrl\":\"https:\\\/\\\/secure.gravatar.com\\\/avatar\\\/2a16057d620a4c646bcfc171c4f23030879ebbdd346f0525bd5d4a564e57e13d?s=96&d=mm&r=g\",\"caption\":\"UGT\"}}]}<\/script>\n<!-- \/ Yoast SEO Premium plugin. -->","yoast_head_json":{"title":"Aportaciones extraordinarias al Plan de Pensiones - UGT Comunicaciones","robots":{"index":"index","follow":"follow","max-snippet":"max-snippet:-1","max-image-preview":"max-image-preview:large","max-video-preview":"max-video-preview:-1"},"canonical":"https:\/\/www.ugtcomunicaciones.es\/wordpress\/aportaciones-extraordinarias-al-plan-de-pensiones\/","og_locale":"es_ES","og_type":"article","og_title":"Aportaciones extraordinarias al Plan de Pensiones","og_description":"Habitualmente en estas fechas os recordamos la posibilidad de\u00a0realizar aportaciones extraordinarias al Plan de Pensiones. El l\u00edmite fiscal, teniendo en cuenta nuestras aportaciones y las de la empresa,\u00a0est\u00e1 constituido por\u00a0la menor\u00a0de las cantidades siguientes: &#8211; El 30% de la suma de los rendimientos netos del trabajo y de actividades econ\u00f3micas percibidos individualmente en el ejercicio. [&hellip;]","og_url":"https:\/\/www.ugtcomunicaciones.es\/wordpress\/aportaciones-extraordinarias-al-plan-de-pensiones\/","og_site_name":"UGT Comunicaciones","article_publisher":"https:\/\/www.facebook.com\/ugt.comunicaciones\/","article_published_time":"2019-11-08T10:55:35+00:00","article_modified_time":"2019-11-08T11:04:31+00:00","og_image":[{"width":600,"height":348,"url":"https:\/\/www.ugtcomunicaciones.es\/wordpress\/wp-content\/uploads\/2019\/11\/PPensionesVF_2.jpg","type":"image\/jpeg"}],"author":"UGT","twitter_card":"summary_large_image","twitter_creator":"@ugtcom","twitter_site":"@ugtcom","twitter_misc":{"Escrito por":"UGT","Tiempo de lectura":"2 minutos"},"schema":{"@context":"https:\/\/schema.org","@graph":[{"@type":"Article","@id":"https:\/\/www.ugtcomunicaciones.es\/wordpress\/aportaciones-extraordinarias-al-plan-de-pensiones\/#article","isPartOf":{"@id":"https:\/\/www.ugtcomunicaciones.es\/wordpress\/aportaciones-extraordinarias-al-plan-de-pensiones\/"},"author":{"name":"UGT","@id":"https:\/\/www.ugtcomunicaciones.es\/wordpress\/#\/schema\/person\/eba0fc3fe5b444531d94d4368cba89ed"},"headline":"Aportaciones extraordinarias al Plan de Pensiones","datePublished":"2019-11-08T10:55:35+00:00","dateModified":"2019-11-08T11:04:31+00:00","mainEntityOfPage":{"@id":"https:\/\/www.ugtcomunicaciones.es\/wordpress\/aportaciones-extraordinarias-al-plan-de-pensiones\/"},"wordCount":399,"publisher":{"@id":"https:\/\/www.ugtcomunicaciones.es\/wordpress\/#organization"},"image":{"@id":"https:\/\/www.ugtcomunicaciones.es\/wordpress\/aportaciones-extraordinarias-al-plan-de-pensiones\/#primaryimage"},"thumbnailUrl":"https:\/\/www.ugtcomunicaciones.es\/wordpress\/wp-content\/uploads\/2019\/11\/PPensionesVF_2.jpg","articleSection":["Grupo Vodafone","Vodafone Espa\u00f1a","Vodafone ONO","Vodafone Servicios"],"inLanguage":"es"},{"@type":"WebPage","@id":"https:\/\/www.ugtcomunicaciones.es\/wordpress\/aportaciones-extraordinarias-al-plan-de-pensiones\/","url":"https:\/\/www.ugtcomunicaciones.es\/wordpress\/aportaciones-extraordinarias-al-plan-de-pensiones\/","name":"Aportaciones extraordinarias al Plan de Pensiones - UGT Comunicaciones","isPartOf":{"@id":"https:\/\/www.ugtcomunicaciones.es\/wordpress\/#website"},"primaryImageOfPage":{"@id":"https:\/\/www.ugtcomunicaciones.es\/wordpress\/aportaciones-extraordinarias-al-plan-de-pensiones\/#primaryimage"},"image":{"@id":"https:\/\/www.ugtcomunicaciones.es\/wordpress\/aportaciones-extraordinarias-al-plan-de-pensiones\/#primaryimage"},"thumbnailUrl":"https:\/\/www.ugtcomunicaciones.es\/wordpress\/wp-content\/uploads\/2019\/11\/PPensionesVF_2.jpg","datePublished":"2019-11-08T10:55:35+00:00","dateModified":"2019-11-08T11:04:31+00:00","breadcrumb":{"@id":"https:\/\/www.ugtcomunicaciones.es\/wordpress\/aportaciones-extraordinarias-al-plan-de-pensiones\/#breadcrumb"},"inLanguage":"es","potentialAction":[{"@type":"ReadAction","target":["https:\/\/www.ugtcomunicaciones.es\/wordpress\/aportaciones-extraordinarias-al-plan-de-pensiones\/"]}]},{"@type":"ImageObject","inLanguage":"es","@id":"https:\/\/www.ugtcomunicaciones.es\/wordpress\/aportaciones-extraordinarias-al-plan-de-pensiones\/#primaryimage","url":"https:\/\/www.ugtcomunicaciones.es\/wordpress\/wp-content\/uploads\/2019\/11\/PPensionesVF_2.jpg","contentUrl":"https:\/\/www.ugtcomunicaciones.es\/wordpress\/wp-content\/uploads\/2019\/11\/PPensionesVF_2.jpg","width":600,"height":348},{"@type":"BreadcrumbList","@id":"https:\/\/www.ugtcomunicaciones.es\/wordpress\/aportaciones-extraordinarias-al-plan-de-pensiones\/#breadcrumb","itemListElement":[{"@type":"ListItem","position":1,"name":"Portada","item":"https:\/\/www.ugtcomunicaciones.es\/wordpress\/"},{"@type":"ListItem","position":2,"name":"Aportaciones extraordinarias al Plan de Pensiones"}]},{"@type":"WebSite","@id":"https:\/\/www.ugtcomunicaciones.es\/wordpress\/#website","url":"https:\/\/www.ugtcomunicaciones.es\/wordpress\/","name":"UGT Comunicaciones","description":"Sindicato de Telecomunicaciones","publisher":{"@id":"https:\/\/www.ugtcomunicaciones.es\/wordpress\/#organization"},"potentialAction":[{"@type":"SearchAction","target":{"@type":"EntryPoint","urlTemplate":"https:\/\/www.ugtcomunicaciones.es\/wordpress\/?s={search_term_string}"},"query-input":{"@type":"PropertyValueSpecification","valueRequired":true,"valueName":"search_term_string"}}],"inLanguage":"es"},{"@type":"Organization","@id":"https:\/\/www.ugtcomunicaciones.es\/wordpress\/#organization","name":"UGT Comunicaciones","url":"https:\/\/www.ugtcomunicaciones.es\/wordpress\/","logo":{"@type":"ImageObject","inLanguage":"es","@id":"https:\/\/www.ugtcomunicaciones.es\/wordpress\/#\/schema\/logo\/image\/","url":"https:\/\/www.ugtcomunicaciones.es\/wordpress\/wp-content\/uploads\/2024\/04\/comunicaciones_logo.png","contentUrl":"https:\/\/www.ugtcomunicaciones.es\/wordpress\/wp-content\/uploads\/2024\/04\/comunicaciones_logo.png","width":298,"height":81,"caption":"UGT Comunicaciones"},"image":{"@id":"https:\/\/www.ugtcomunicaciones.es\/wordpress\/#\/schema\/logo\/image\/"},"sameAs":["https:\/\/www.facebook.com\/ugt.comunicaciones\/","https:\/\/x.com\/ugtcom"]},{"@type":"Person","@id":"https:\/\/www.ugtcomunicaciones.es\/wordpress\/#\/schema\/person\/eba0fc3fe5b444531d94d4368cba89ed","name":"UGT","image":{"@type":"ImageObject","inLanguage":"es","@id":"https:\/\/secure.gravatar.com\/avatar\/2a16057d620a4c646bcfc171c4f23030879ebbdd346f0525bd5d4a564e57e13d?s=96&d=mm&r=g","url":"https:\/\/secure.gravatar.com\/avatar\/2a16057d620a4c646bcfc171c4f23030879ebbdd346f0525bd5d4a564e57e13d?s=96&d=mm&r=g","contentUrl":"https:\/\/secure.gravatar.com\/avatar\/2a16057d620a4c646bcfc171c4f23030879ebbdd346f0525bd5d4a564e57e13d?s=96&d=mm&r=g","caption":"UGT"}}]}},"_links":{"self":[{"href":"https:\/\/www.ugtcomunicaciones.es\/wordpress\/wp-json\/wp\/v2\/posts\/455468","targetHints":{"allow":["GET"]}}],"collection":[{"href":"https:\/\/www.ugtcomunicaciones.es\/wordpress\/wp-json\/wp\/v2\/posts"}],"about":[{"href":"https:\/\/www.ugtcomunicaciones.es\/wordpress\/wp-json\/wp\/v2\/types\/post"}],"author":[{"embeddable":true,"href":"https:\/\/www.ugtcomunicaciones.es\/wordpress\/wp-json\/wp\/v2\/users\/3"}],"replies":[{"embeddable":true,"href":"https:\/\/www.ugtcomunicaciones.es\/wordpress\/wp-json\/wp\/v2\/comments?post=455468"}],"version-history":[{"count":0,"href":"https:\/\/www.ugtcomunicaciones.es\/wordpress\/wp-json\/wp\/v2\/posts\/455468\/revisions"}],"wp:featuredmedia":[{"embeddable":true,"href":"https:\/\/www.ugtcomunicaciones.es\/wordpress\/wp-json\/wp\/v2\/media\/455474"}],"wp:attachment":[{"href":"https:\/\/www.ugtcomunicaciones.es\/wordpress\/wp-json\/wp\/v2\/media?parent=455468"}],"wp:term":[{"taxonomy":"category","embeddable":true,"href":"https:\/\/www.ugtcomunicaciones.es\/wordpress\/wp-json\/wp\/v2\/categories?post=455468"},{"taxonomy":"post_tag","embeddable":true,"href":"https:\/\/www.ugtcomunicaciones.es\/wordpress\/wp-json\/wp\/v2\/tags?post=455468"}],"curies":[{"name":"wp","href":"https:\/\/api.w.org\/{rel}","templated":true}]}}