{"id":471,"date":"2016-12-28T10:10:54","date_gmt":"2016-12-28T09:10:54","guid":{"rendered":"http:\/\/www.ugtcom.h2301842.stratoserver.net\/wordpress\/wordpress\/?p=471"},"modified":"2017-01-17T09:52:06","modified_gmt":"2017-01-17T08:52:06","slug":"al-contrario-que-en-espana-portugal-no-quiere-abrir-la-fibra-de-telecom","status":"publish","type":"post","link":"https:\/\/www.ugtcomunicaciones.es\/wordpress\/al-contrario-que-en-espana-portugal-no-quiere-abrir-la-fibra-de-telecom\/","title":{"rendered":"Al contrario que en Espa\u00f1a, Portugal no quiere abrir la fibra de Telecom"},"content":{"rendered":"<p style=\"text-align: justify;\">El regulador portugu\u00e9s de las telecos, ANACOM<a href=\"#_ftn1\" name=\"_ftnref1\">[1]<\/a>, no quiere abrir la red de fibra \u00f3ptica de la operadora incumbente Portugal Telecom (que ahora opera bajo la marca MEO<a href=\"#_ftn2\" name=\"_ftnref2\">[2]<\/a>).<\/p>\n<p style=\"text-align: justify;\">En un dictamen<a href=\"#_ftn3\" name=\"_ftnref3\">[3]<\/a> fechado el 30 de junio de este mismo a\u00f1o (v\u00e9ase la cercan\u00eda temporal con el proceso espa\u00f1ol, que finalizo en enero de 2016<a href=\"#_ftn4\" name=\"_ftnref4\">[4]<\/a>),\u00a0 ANACOM considera contraproducente abrir al completo la red FTTH de MEO, evitando as\u00ed imponer obligaciones de desagregaci\u00f3n de la fibra \u00f3ptica o de acceso mayorista a trav\u00e9s de <em>bitstream<\/em>. Dicho de otro modo, <strong>ANACOM no regula la fibra de Portugal Telecom, y por tanto, evita imponerle obligaciones de ning\u00fan tipo<\/strong>.<\/p>\n<p style=\"text-align: justify;\">El regulador portugu\u00e9s considera que (sic) <em>\u201csu decisi\u00f3n es la que mejor defiende los intereses del pa\u00eds y de los ciudadanos, la promoci\u00f3n de la cobertura del territorio con las redes de nueva generaci\u00f3n\u00a0y la lucha contra la brecha digital<a href=\"#_ftn5\" name=\"_ftnref5\"><sup><strong>[5]<\/strong><\/sup><\/a>\u201d<\/em>. A\u00f1ade a continuaci\u00f3n que <em>\u201cel mercado portugu\u00e9s es uno de los m\u00e1s competitivos a nivel europeo, gracias a otro tipo de obligaciones que fueron impuestas por ANACOM a la misma MEO, como puede ser proporcionar acceso a su red de conductos y postes. Esta imposici\u00f3n permiti\u00f3 reducir los costes de construcci\u00f3n de redes de alta velocidad hasta en un 80%\u201d<\/em>, llevando a que la mayor parte de los accesos de los operadores alternativos en Portugal est\u00e9n basados en infraestructuras propias<a href=\"#_ftn6\" name=\"_ftnref6\">[6]<\/a>.<\/p>\n<p style=\"text-align: justify;\">Como puede observarse, los razonamientos de ANACOM coinciden plenamente con los expuestos por <strong>UGT<\/strong><strong> Comunicaciones <\/strong>en reiterad\u00edsimas veces, como en la nota de prensa del 19 de noviembre<a href=\"#_ftn7\" name=\"_ftnref7\">[7]<\/a>, cuando afirm\u00e1bamos que: <em>\u201c<\/em><strong><em>UGT<\/em><\/strong><strong><em> Comunicaciones<\/em><\/strong><em> sigue sin comprender las razones que llevan al regulador sectorial a adoptar este conjunto de decisiones, sobre todo cuando toda la infraestructura de obra civil legada del otrora monopolio p\u00fablico, de extremo a extremo, est\u00e1 disponible para que cualquier operador pueda invertir y construir su propia red de fibra<\/em><em>\u201d. <\/em><\/p>\n<p style=\"text-align: justify;\">Desde <strong>UGT<\/strong> siempre hemos considerado que el libre acceso a las infraestructuras de obra civil de Telef\u00f3nica (conductos, ductos, arquetas, postes, etc.) no estaba en duda, y que a partir de esta posibilidad, cualquier operador pueda construir su propia red. Es m\u00e1s, siempre hemos alabado a los operadores que anuncian el despliegue de nuevas redes<a href=\"#_ftn8\" name=\"_ftnref8\">[8]<\/a>, al entender que una fuerte inversi\u00f3n acaba siempre redundando en la creaci\u00f3n de m\u00e1s y mejor empleo. <strong>UGT <\/strong>siempre ha apostado por un mercado de las telecos compuesto de operadores <em>\u201cfuertes, <\/em><em>que apuesten por un modelo sectorial basado en la competencia sobre infraestructuras, lo que conlleva inversi\u00f3n, innovaci\u00f3n, crecimiento y empleo<a href=\"#_ftn9\" name=\"_ftnref9\"><strong>[9]<\/strong><\/a>\u201d<\/em>.<\/p>\n<p style=\"text-align: justify;\"><strong>La coincidencia de planteamientos de <\/strong><strong>UGT<\/strong><strong> y el regulador portugu\u00e9s prueban que nuestra propuesta regulatoria no s\u00f3lo no era descabellada, sino que estaba plenamente justificada y era perfectamente aplicable<\/strong>.<\/p>\n<p style=\"text-align: justify;\">De todos modos, la decisi\u00f3n de ANACOM no ha ca\u00eddo muy bien en el seno de la Comisi\u00f3n Europea, que act\u00faa como regulador supranacional en el entorno de la Uni\u00f3n. As\u00ed, la CE, despu\u00e9s de tres meses de investigaci\u00f3n considera que <em>\u201c<\/em><em>que la propuesta de ANACOM no es compatible con la legislaci\u00f3n de la UE<a href=\"#_ftn10\" name=\"_ftnref10\"><strong>[10]<\/strong><\/a>\u201d<\/em>, alegando que la regulaci\u00f3n debe <em>\u201c<\/em><em>permitir a los operadores alternativos desplegar su propia infraestructura\u201d<\/em>, incluyendo la <em>\u201cobligaci\u00f3n de facilitar el acceso de los operadores alternativos a la red del operador tradicional\u201d<\/em>, hecho que desde <strong>UGT<\/strong> consideramos que nadie niega, pero discrepamos de la interpretaci\u00f3n final que adopta la Comisi\u00f3n.<\/p>\n<p style=\"text-align: justify;\">No obstante, la propia Comisi\u00f3n abre la puerta a que ANACOM module su propuesta, <em>sugiri\u00e9ndole <\/em>que use el aspecto de los precios del alquiler de la fibra como herramienta: <em>\u201cANACOM deber\u00eda considerar la posibilidad de conceder a MEO [Portugal Telecom] un grado de flexibilidad de precios para el producto de acceso de fibra, de acuerdo con la Recomendaci\u00f3n de la Comisi\u00f3n relativa a la no discriminaci\u00f3n y el c\u00e1lculo del costes, utilizando la propia oferta comercial de MEO como base para el producto de acceso regulado\u201d<\/em>.<\/p>\n<p style=\"text-align: justify;\">En Rom\u00e1n paladino, <u>la Comisi\u00f3n no quiere o\u00edr hablar de levantar obligaciones<\/u>, <strong>pero est\u00e1 dispuesta a que los precios de alquiler para acceder a las redes FTTH de los incumbentes sean lo suficientemente altos como para que dichos alternativos se cuestionen la rentabilidad de hacer sus propios despliegues<\/strong>.<\/p>\n<p style=\"text-align: justify;\">Quiz\u00e1 nos encontremos ante una soluci\u00f3n intermedia, pero solo el tiempo lo dir\u00e1.<\/p>\n<p>&nbsp;<\/p>\n<p><a href=\"#_ftnref1\" name=\"_ftn1\">[1]<\/a> <a href=\"http:\/\/www.anacom.pt\/\">http:\/\/www.anacom.pt\/<\/a><\/p>\n<p><a href=\"#_ftnref2\" name=\"_ftn2\">[2]<\/a> <a href=\"https:\/\/es.wikipedia.org\/wiki\/Meo_%28empresa%29\">https:\/\/es.wikipedia.org\/wiki\/Meo_%28empresa%29<\/a><\/p>\n<p><a href=\"#_ftnref3\" name=\"_ftn3\">[3]<\/a> <a href=\"http:\/\/www.anacom.pt\/render.jsp?contentId=1389850#.WD_lw1KXBQs\">http:\/\/www.anacom.pt\/render.jsp?contentId=1389850#.WD_lw1KXBQs<\/a><\/p>\n<p><a href=\"#_ftnref4\" name=\"_ftn4\">[4]<\/a> <a href=\"http:\/\/ugtcomunicaciones.es\/archivos\/elementos\/2016\/informe_dictamen_de_la_cnmc_sobre_la_apertura_de_la_fibra_de_telefonica.pdf\">http:\/\/ugtcomunicaciones.es\/archivos\/elementos\/2016\/informe_dictamen_de_la_cnmc_sobre_la_apertura_de_la_fibra_de_telefonica.pdf<\/a><\/p>\n<p><a href=\"#_ftnref5\" name=\"_ftn5\">[5]<\/a> <a href=\"http:\/\/www.anacom.pt\/render.jsp?contentId=1391687#.WD_n31KXBQt\">http:\/\/www.anacom.pt\/render.jsp?contentId=1391687#.WD_n31KXBQt<\/a><\/p>\n<p><a href=\"#_ftnref6\" name=\"_ftn6\">[6]<\/a> <a href=\"https:\/\/www.dinheirovivo.pt\/economia\/fibra-da-meo-ce-discorda-de-decisao-da-anacom-regulador-contesta\/sthash.M3nZFDvN.dpuf\">https:\/\/www.dinheirovivo.pt\/economia\/fibra-da-meo-ce-discorda-de-decisao-da-anacom-regulador-contesta\/sthash.M3nZFDvN.dpuf<\/a><\/p>\n<p><a href=\"#_ftnref7\" name=\"_ftn7\">[7]<\/a> <a href=\"http:\/\/ugtcomunicaciones.es\/noticia\/ugt-considera-una-temeridad-la-decision-de-la-cnmc-sobre-la-red-de-fibra-optica-de-telefonica-id-53336.htm\">http:\/\/ugtcomunicaciones.es\/noticia\/ugt-considera-una-temeridad-la-decision-de-la-cnmc-sobre-la-red-de-fibra-optica-de-telefonica-id-53336.htm<\/a> y <a href=\"http:\/\/ugtcomunicaciones.es\/archivos\/elementos\/2015\/propuesta_de_ugt_para_la_regulacion_de_las_redes_de_alta_velocidad_bajo.pdf\">http:\/\/ugtcomunicaciones.es\/archivos\/elementos\/2015\/propuesta_de_ugt_para_la_regulacion_de_las_redes_de_alta_velocidad_bajo.pdf<\/a><\/p>\n<p><a href=\"#_ftnref8\" name=\"_ftn8\">[8]<\/a> <a href=\"http:\/\/comunicaciones.smcugt.org\/noticia\/orange-espana-acelera-su-despliegue-de-ftth-id-53692.htm\">http:\/\/comunicaciones.smcugt.org\/noticia\/orange-espana-acelera-su-despliegue-de-ftth-id-53692.htm<\/a><\/p>\n<p><a href=\"#_ftnref9\" name=\"_ftn9\">[9]<\/a> <a href=\"http:\/\/ugtcomunicaciones.es\/noticia\/ugt-sigue-apostando-por-operadores-de-telecomunicaciones-fuertes-id-45498.htm\">http:\/\/ugtcomunicaciones.es\/noticia\/ugt-sigue-apostando-por-operadores-de-telecomunicaciones-fuertes-id-45498.htm<\/a><\/p>\n<p><a href=\"#_ftnref10\" name=\"_ftn10\">[10]<\/a> <a href=\"https:\/\/ec.europa.eu\/digital-single-market\/en\/news\/european-commission-requires-portuguese-regulator-grant-regulated-access-fibre-rural-and-remote\">https:\/\/ec.europa.eu\/digital-single-market\/en\/news\/european-commission-requires-portuguese-regulator-grant-regulated-access-fibre-rural-and-remote<\/a><\/p>\n","protected":false},"excerpt":{"rendered":"<p>El regulador portugu\u00e9s de las telecos, ANACOM[1], no quiere abrir la red de fibra \u00f3ptica de la operadora incumbente Portugal Telecom (que ahora opera bajo la marca MEO[2]). En un dictamen[3] fechado el 30 de junio de este mismo a\u00f1o (v\u00e9ase la cercan\u00eda temporal con el proceso espa\u00f1ol, que finalizo en enero de 2016[4]),\u00a0 ANACOM [&hellip;]<\/p>\n","protected":false},"author":3,"featured_media":472,"comment_status":"open","ping_status":"closed","sticky":false,"template":"","format":"standard","meta":{"footnotes":""},"categories":[12],"tags":[],"class_list":["post-471","post","type-post","status-publish","format-standard","has-post-thumbnail","hentry","category-regulacion"],"yoast_head":"<!-- This site is optimized with the Yoast SEO Premium plugin v27.3 (Yoast SEO v27.4) - https:\/\/yoast.com\/product\/yoast-seo-premium-wordpress\/ -->\n<title>Al contrario que en Espa\u00f1a, Portugal no quiere abrir la fibra de Telecom - UGT Comunicaciones<\/title>\n<meta name=\"robots\" content=\"index, follow, max-snippet:-1, max-image-preview:large, max-video-preview:-1\" \/>\n<link rel=\"canonical\" href=\"https:\/\/www.ugtcomunicaciones.es\/wordpress\/al-contrario-que-en-espana-portugal-no-quiere-abrir-la-fibra-de-telecom\/\" \/>\n<meta property=\"og:locale\" content=\"es_ES\" \/>\n<meta property=\"og:type\" content=\"article\" \/>\n<meta property=\"og:title\" content=\"Al contrario que en Espa\u00f1a, Portugal no quiere abrir la fibra de Telecom\" \/>\n<meta property=\"og:description\" content=\"El regulador portugu\u00e9s de las telecos, ANACOM[1], no quiere abrir la red de fibra \u00f3ptica de la operadora incumbente Portugal Telecom (que ahora opera bajo la marca MEO[2]). En un dictamen[3] fechado el 30 de junio de este mismo a\u00f1o (v\u00e9ase la cercan\u00eda temporal con el proceso espa\u00f1ol, que finalizo en enero de 2016[4]),\u00a0 ANACOM [&hellip;]\" \/>\n<meta property=\"og:url\" content=\"https:\/\/www.ugtcomunicaciones.es\/wordpress\/al-contrario-que-en-espana-portugal-no-quiere-abrir-la-fibra-de-telecom\/\" \/>\n<meta property=\"og:site_name\" content=\"UGT Comunicaciones\" \/>\n<meta property=\"article:publisher\" content=\"https:\/\/www.facebook.com\/ugt.comunicaciones\/\" \/>\n<meta property=\"article:published_time\" content=\"2016-12-28T09:10:54+00:00\" \/>\n<meta property=\"article:modified_time\" content=\"2017-01-17T08:52:06+00:00\" \/>\n<meta property=\"og:image\" content=\"https:\/\/www.ugtcomunicaciones.es\/wordpress\/wp-content\/uploads\/2016\/12\/anacom.png\" \/>\n\t<meta property=\"og:image:width\" content=\"310\" \/>\n\t<meta property=\"og:image:height\" content=\"75\" \/>\n\t<meta property=\"og:image:type\" content=\"image\/png\" \/>\n<meta name=\"author\" content=\"UGT\" \/>\n<meta name=\"twitter:card\" content=\"summary_large_image\" \/>\n<meta name=\"twitter:creator\" content=\"@ugtcom\" \/>\n<meta name=\"twitter:site\" content=\"@ugtcom\" \/>\n<meta name=\"twitter:label1\" content=\"Escrito por\" \/>\n\t<meta name=\"twitter:data1\" content=\"UGT\" \/>\n\t<meta name=\"twitter:label2\" content=\"Tiempo de lectura\" \/>\n\t<meta name=\"twitter:data2\" content=\"4 minutos\" \/>\n<script type=\"application\/ld+json\" class=\"yoast-schema-graph\">{\"@context\":\"https:\\\/\\\/schema.org\",\"@graph\":[{\"@type\":\"Article\",\"@id\":\"https:\\\/\\\/www.ugtcomunicaciones.es\\\/wordpress\\\/al-contrario-que-en-espana-portugal-no-quiere-abrir-la-fibra-de-telecom\\\/#article\",\"isPartOf\":{\"@id\":\"https:\\\/\\\/www.ugtcomunicaciones.es\\\/wordpress\\\/al-contrario-que-en-espana-portugal-no-quiere-abrir-la-fibra-de-telecom\\\/\"},\"author\":{\"name\":\"UGT\",\"@id\":\"https:\\\/\\\/www.ugtcomunicaciones.es\\\/wordpress\\\/#\\\/schema\\\/person\\\/eba0fc3fe5b444531d94d4368cba89ed\"},\"headline\":\"Al contrario que en Espa\u00f1a, Portugal no quiere abrir la fibra de Telecom\",\"datePublished\":\"2016-12-28T09:10:54+00:00\",\"dateModified\":\"2017-01-17T08:52:06+00:00\",\"mainEntityOfPage\":{\"@id\":\"https:\\\/\\\/www.ugtcomunicaciones.es\\\/wordpress\\\/al-contrario-que-en-espana-portugal-no-quiere-abrir-la-fibra-de-telecom\\\/\"},\"wordCount\":866,\"commentCount\":0,\"publisher\":{\"@id\":\"https:\\\/\\\/www.ugtcomunicaciones.es\\\/wordpress\\\/#organization\"},\"image\":{\"@id\":\"https:\\\/\\\/www.ugtcomunicaciones.es\\\/wordpress\\\/al-contrario-que-en-espana-portugal-no-quiere-abrir-la-fibra-de-telecom\\\/#primaryimage\"},\"thumbnailUrl\":\"https:\\\/\\\/www.ugtcomunicaciones.es\\\/wordpress\\\/wp-content\\\/uploads\\\/2016\\\/12\\\/anacom.png\",\"articleSection\":[\"Regulaci\u00f3n\"],\"inLanguage\":\"es\",\"potentialAction\":[{\"@type\":\"CommentAction\",\"name\":\"Comment\",\"target\":[\"https:\\\/\\\/www.ugtcomunicaciones.es\\\/wordpress\\\/al-contrario-que-en-espana-portugal-no-quiere-abrir-la-fibra-de-telecom\\\/#respond\"]}]},{\"@type\":\"WebPage\",\"@id\":\"https:\\\/\\\/www.ugtcomunicaciones.es\\\/wordpress\\\/al-contrario-que-en-espana-portugal-no-quiere-abrir-la-fibra-de-telecom\\\/\",\"url\":\"https:\\\/\\\/www.ugtcomunicaciones.es\\\/wordpress\\\/al-contrario-que-en-espana-portugal-no-quiere-abrir-la-fibra-de-telecom\\\/\",\"name\":\"Al contrario que en Espa\u00f1a, Portugal no quiere abrir la fibra de Telecom - UGT Comunicaciones\",\"isPartOf\":{\"@id\":\"https:\\\/\\\/www.ugtcomunicaciones.es\\\/wordpress\\\/#website\"},\"primaryImageOfPage\":{\"@id\":\"https:\\\/\\\/www.ugtcomunicaciones.es\\\/wordpress\\\/al-contrario-que-en-espana-portugal-no-quiere-abrir-la-fibra-de-telecom\\\/#primaryimage\"},\"image\":{\"@id\":\"https:\\\/\\\/www.ugtcomunicaciones.es\\\/wordpress\\\/al-contrario-que-en-espana-portugal-no-quiere-abrir-la-fibra-de-telecom\\\/#primaryimage\"},\"thumbnailUrl\":\"https:\\\/\\\/www.ugtcomunicaciones.es\\\/wordpress\\\/wp-content\\\/uploads\\\/2016\\\/12\\\/anacom.png\",\"datePublished\":\"2016-12-28T09:10:54+00:00\",\"dateModified\":\"2017-01-17T08:52:06+00:00\",\"breadcrumb\":{\"@id\":\"https:\\\/\\\/www.ugtcomunicaciones.es\\\/wordpress\\\/al-contrario-que-en-espana-portugal-no-quiere-abrir-la-fibra-de-telecom\\\/#breadcrumb\"},\"inLanguage\":\"es\",\"potentialAction\":[{\"@type\":\"ReadAction\",\"target\":[\"https:\\\/\\\/www.ugtcomunicaciones.es\\\/wordpress\\\/al-contrario-que-en-espana-portugal-no-quiere-abrir-la-fibra-de-telecom\\\/\"]}]},{\"@type\":\"ImageObject\",\"inLanguage\":\"es\",\"@id\":\"https:\\\/\\\/www.ugtcomunicaciones.es\\\/wordpress\\\/al-contrario-que-en-espana-portugal-no-quiere-abrir-la-fibra-de-telecom\\\/#primaryimage\",\"url\":\"https:\\\/\\\/www.ugtcomunicaciones.es\\\/wordpress\\\/wp-content\\\/uploads\\\/2016\\\/12\\\/anacom.png\",\"contentUrl\":\"https:\\\/\\\/www.ugtcomunicaciones.es\\\/wordpress\\\/wp-content\\\/uploads\\\/2016\\\/12\\\/anacom.png\",\"width\":310,\"height\":75},{\"@type\":\"BreadcrumbList\",\"@id\":\"https:\\\/\\\/www.ugtcomunicaciones.es\\\/wordpress\\\/al-contrario-que-en-espana-portugal-no-quiere-abrir-la-fibra-de-telecom\\\/#breadcrumb\",\"itemListElement\":[{\"@type\":\"ListItem\",\"position\":1,\"name\":\"Portada\",\"item\":\"https:\\\/\\\/www.ugtcomunicaciones.es\\\/wordpress\\\/\"},{\"@type\":\"ListItem\",\"position\":2,\"name\":\"Al contrario que en Espa\u00f1a, Portugal no quiere abrir la fibra de Telecom\"}]},{\"@type\":\"WebSite\",\"@id\":\"https:\\\/\\\/www.ugtcomunicaciones.es\\\/wordpress\\\/#website\",\"url\":\"https:\\\/\\\/www.ugtcomunicaciones.es\\\/wordpress\\\/\",\"name\":\"UGT Comunicaciones\",\"description\":\"Sindicato de Telecomunicaciones\",\"publisher\":{\"@id\":\"https:\\\/\\\/www.ugtcomunicaciones.es\\\/wordpress\\\/#organization\"},\"potentialAction\":[{\"@type\":\"SearchAction\",\"target\":{\"@type\":\"EntryPoint\",\"urlTemplate\":\"https:\\\/\\\/www.ugtcomunicaciones.es\\\/wordpress\\\/?s={search_term_string}\"},\"query-input\":{\"@type\":\"PropertyValueSpecification\",\"valueRequired\":true,\"valueName\":\"search_term_string\"}}],\"inLanguage\":\"es\"},{\"@type\":\"Organization\",\"@id\":\"https:\\\/\\\/www.ugtcomunicaciones.es\\\/wordpress\\\/#organization\",\"name\":\"UGT Comunicaciones\",\"url\":\"https:\\\/\\\/www.ugtcomunicaciones.es\\\/wordpress\\\/\",\"logo\":{\"@type\":\"ImageObject\",\"inLanguage\":\"es\",\"@id\":\"https:\\\/\\\/www.ugtcomunicaciones.es\\\/wordpress\\\/#\\\/schema\\\/logo\\\/image\\\/\",\"url\":\"https:\\\/\\\/www.ugtcomunicaciones.es\\\/wordpress\\\/wp-content\\\/uploads\\\/2024\\\/04\\\/comunicaciones_logo.png\",\"contentUrl\":\"https:\\\/\\\/www.ugtcomunicaciones.es\\\/wordpress\\\/wp-content\\\/uploads\\\/2024\\\/04\\\/comunicaciones_logo.png\",\"width\":298,\"height\":81,\"caption\":\"UGT Comunicaciones\"},\"image\":{\"@id\":\"https:\\\/\\\/www.ugtcomunicaciones.es\\\/wordpress\\\/#\\\/schema\\\/logo\\\/image\\\/\"},\"sameAs\":[\"https:\\\/\\\/www.facebook.com\\\/ugt.comunicaciones\\\/\",\"https:\\\/\\\/x.com\\\/ugtcom\"]},{\"@type\":\"Person\",\"@id\":\"https:\\\/\\\/www.ugtcomunicaciones.es\\\/wordpress\\\/#\\\/schema\\\/person\\\/eba0fc3fe5b444531d94d4368cba89ed\",\"name\":\"UGT\",\"image\":{\"@type\":\"ImageObject\",\"inLanguage\":\"es\",\"@id\":\"https:\\\/\\\/secure.gravatar.com\\\/avatar\\\/2a16057d620a4c646bcfc171c4f23030879ebbdd346f0525bd5d4a564e57e13d?s=96&d=mm&r=g\",\"url\":\"https:\\\/\\\/secure.gravatar.com\\\/avatar\\\/2a16057d620a4c646bcfc171c4f23030879ebbdd346f0525bd5d4a564e57e13d?s=96&d=mm&r=g\",\"contentUrl\":\"https:\\\/\\\/secure.gravatar.com\\\/avatar\\\/2a16057d620a4c646bcfc171c4f23030879ebbdd346f0525bd5d4a564e57e13d?s=96&d=mm&r=g\",\"caption\":\"UGT\"}}]}<\/script>\n<!-- \/ Yoast SEO Premium plugin. -->","yoast_head_json":{"title":"Al contrario que en Espa\u00f1a, Portugal no quiere abrir la fibra de Telecom - UGT Comunicaciones","robots":{"index":"index","follow":"follow","max-snippet":"max-snippet:-1","max-image-preview":"max-image-preview:large","max-video-preview":"max-video-preview:-1"},"canonical":"https:\/\/www.ugtcomunicaciones.es\/wordpress\/al-contrario-que-en-espana-portugal-no-quiere-abrir-la-fibra-de-telecom\/","og_locale":"es_ES","og_type":"article","og_title":"Al contrario que en Espa\u00f1a, Portugal no quiere abrir la fibra de Telecom","og_description":"El regulador portugu\u00e9s de las telecos, ANACOM[1], no quiere abrir la red de fibra \u00f3ptica de la operadora incumbente Portugal Telecom (que ahora opera bajo la marca MEO[2]). En un dictamen[3] fechado el 30 de junio de este mismo a\u00f1o (v\u00e9ase la cercan\u00eda temporal con el proceso espa\u00f1ol, que finalizo en enero de 2016[4]),\u00a0 ANACOM [&hellip;]","og_url":"https:\/\/www.ugtcomunicaciones.es\/wordpress\/al-contrario-que-en-espana-portugal-no-quiere-abrir-la-fibra-de-telecom\/","og_site_name":"UGT Comunicaciones","article_publisher":"https:\/\/www.facebook.com\/ugt.comunicaciones\/","article_published_time":"2016-12-28T09:10:54+00:00","article_modified_time":"2017-01-17T08:52:06+00:00","og_image":[{"width":310,"height":75,"url":"https:\/\/www.ugtcomunicaciones.es\/wordpress\/wp-content\/uploads\/2016\/12\/anacom.png","type":"image\/png"}],"author":"UGT","twitter_card":"summary_large_image","twitter_creator":"@ugtcom","twitter_site":"@ugtcom","twitter_misc":{"Escrito por":"UGT","Tiempo de lectura":"4 minutos"},"schema":{"@context":"https:\/\/schema.org","@graph":[{"@type":"Article","@id":"https:\/\/www.ugtcomunicaciones.es\/wordpress\/al-contrario-que-en-espana-portugal-no-quiere-abrir-la-fibra-de-telecom\/#article","isPartOf":{"@id":"https:\/\/www.ugtcomunicaciones.es\/wordpress\/al-contrario-que-en-espana-portugal-no-quiere-abrir-la-fibra-de-telecom\/"},"author":{"name":"UGT","@id":"https:\/\/www.ugtcomunicaciones.es\/wordpress\/#\/schema\/person\/eba0fc3fe5b444531d94d4368cba89ed"},"headline":"Al contrario que en Espa\u00f1a, Portugal no quiere abrir la fibra de Telecom","datePublished":"2016-12-28T09:10:54+00:00","dateModified":"2017-01-17T08:52:06+00:00","mainEntityOfPage":{"@id":"https:\/\/www.ugtcomunicaciones.es\/wordpress\/al-contrario-que-en-espana-portugal-no-quiere-abrir-la-fibra-de-telecom\/"},"wordCount":866,"commentCount":0,"publisher":{"@id":"https:\/\/www.ugtcomunicaciones.es\/wordpress\/#organization"},"image":{"@id":"https:\/\/www.ugtcomunicaciones.es\/wordpress\/al-contrario-que-en-espana-portugal-no-quiere-abrir-la-fibra-de-telecom\/#primaryimage"},"thumbnailUrl":"https:\/\/www.ugtcomunicaciones.es\/wordpress\/wp-content\/uploads\/2016\/12\/anacom.png","articleSection":["Regulaci\u00f3n"],"inLanguage":"es","potentialAction":[{"@type":"CommentAction","name":"Comment","target":["https:\/\/www.ugtcomunicaciones.es\/wordpress\/al-contrario-que-en-espana-portugal-no-quiere-abrir-la-fibra-de-telecom\/#respond"]}]},{"@type":"WebPage","@id":"https:\/\/www.ugtcomunicaciones.es\/wordpress\/al-contrario-que-en-espana-portugal-no-quiere-abrir-la-fibra-de-telecom\/","url":"https:\/\/www.ugtcomunicaciones.es\/wordpress\/al-contrario-que-en-espana-portugal-no-quiere-abrir-la-fibra-de-telecom\/","name":"Al contrario que en Espa\u00f1a, Portugal no quiere abrir la fibra de Telecom - UGT Comunicaciones","isPartOf":{"@id":"https:\/\/www.ugtcomunicaciones.es\/wordpress\/#website"},"primaryImageOfPage":{"@id":"https:\/\/www.ugtcomunicaciones.es\/wordpress\/al-contrario-que-en-espana-portugal-no-quiere-abrir-la-fibra-de-telecom\/#primaryimage"},"image":{"@id":"https:\/\/www.ugtcomunicaciones.es\/wordpress\/al-contrario-que-en-espana-portugal-no-quiere-abrir-la-fibra-de-telecom\/#primaryimage"},"thumbnailUrl":"https:\/\/www.ugtcomunicaciones.es\/wordpress\/wp-content\/uploads\/2016\/12\/anacom.png","datePublished":"2016-12-28T09:10:54+00:00","dateModified":"2017-01-17T08:52:06+00:00","breadcrumb":{"@id":"https:\/\/www.ugtcomunicaciones.es\/wordpress\/al-contrario-que-en-espana-portugal-no-quiere-abrir-la-fibra-de-telecom\/#breadcrumb"},"inLanguage":"es","potentialAction":[{"@type":"ReadAction","target":["https:\/\/www.ugtcomunicaciones.es\/wordpress\/al-contrario-que-en-espana-portugal-no-quiere-abrir-la-fibra-de-telecom\/"]}]},{"@type":"ImageObject","inLanguage":"es","@id":"https:\/\/www.ugtcomunicaciones.es\/wordpress\/al-contrario-que-en-espana-portugal-no-quiere-abrir-la-fibra-de-telecom\/#primaryimage","url":"https:\/\/www.ugtcomunicaciones.es\/wordpress\/wp-content\/uploads\/2016\/12\/anacom.png","contentUrl":"https:\/\/www.ugtcomunicaciones.es\/wordpress\/wp-content\/uploads\/2016\/12\/anacom.png","width":310,"height":75},{"@type":"BreadcrumbList","@id":"https:\/\/www.ugtcomunicaciones.es\/wordpress\/al-contrario-que-en-espana-portugal-no-quiere-abrir-la-fibra-de-telecom\/#breadcrumb","itemListElement":[{"@type":"ListItem","position":1,"name":"Portada","item":"https:\/\/www.ugtcomunicaciones.es\/wordpress\/"},{"@type":"ListItem","position":2,"name":"Al contrario que en Espa\u00f1a, Portugal no quiere abrir la fibra de Telecom"}]},{"@type":"WebSite","@id":"https:\/\/www.ugtcomunicaciones.es\/wordpress\/#website","url":"https:\/\/www.ugtcomunicaciones.es\/wordpress\/","name":"UGT Comunicaciones","description":"Sindicato de Telecomunicaciones","publisher":{"@id":"https:\/\/www.ugtcomunicaciones.es\/wordpress\/#organization"},"potentialAction":[{"@type":"SearchAction","target":{"@type":"EntryPoint","urlTemplate":"https:\/\/www.ugtcomunicaciones.es\/wordpress\/?s={search_term_string}"},"query-input":{"@type":"PropertyValueSpecification","valueRequired":true,"valueName":"search_term_string"}}],"inLanguage":"es"},{"@type":"Organization","@id":"https:\/\/www.ugtcomunicaciones.es\/wordpress\/#organization","name":"UGT Comunicaciones","url":"https:\/\/www.ugtcomunicaciones.es\/wordpress\/","logo":{"@type":"ImageObject","inLanguage":"es","@id":"https:\/\/www.ugtcomunicaciones.es\/wordpress\/#\/schema\/logo\/image\/","url":"https:\/\/www.ugtcomunicaciones.es\/wordpress\/wp-content\/uploads\/2024\/04\/comunicaciones_logo.png","contentUrl":"https:\/\/www.ugtcomunicaciones.es\/wordpress\/wp-content\/uploads\/2024\/04\/comunicaciones_logo.png","width":298,"height":81,"caption":"UGT Comunicaciones"},"image":{"@id":"https:\/\/www.ugtcomunicaciones.es\/wordpress\/#\/schema\/logo\/image\/"},"sameAs":["https:\/\/www.facebook.com\/ugt.comunicaciones\/","https:\/\/x.com\/ugtcom"]},{"@type":"Person","@id":"https:\/\/www.ugtcomunicaciones.es\/wordpress\/#\/schema\/person\/eba0fc3fe5b444531d94d4368cba89ed","name":"UGT","image":{"@type":"ImageObject","inLanguage":"es","@id":"https:\/\/secure.gravatar.com\/avatar\/2a16057d620a4c646bcfc171c4f23030879ebbdd346f0525bd5d4a564e57e13d?s=96&d=mm&r=g","url":"https:\/\/secure.gravatar.com\/avatar\/2a16057d620a4c646bcfc171c4f23030879ebbdd346f0525bd5d4a564e57e13d?s=96&d=mm&r=g","contentUrl":"https:\/\/secure.gravatar.com\/avatar\/2a16057d620a4c646bcfc171c4f23030879ebbdd346f0525bd5d4a564e57e13d?s=96&d=mm&r=g","caption":"UGT"}}]}},"_links":{"self":[{"href":"https:\/\/www.ugtcomunicaciones.es\/wordpress\/wp-json\/wp\/v2\/posts\/471","targetHints":{"allow":["GET"]}}],"collection":[{"href":"https:\/\/www.ugtcomunicaciones.es\/wordpress\/wp-json\/wp\/v2\/posts"}],"about":[{"href":"https:\/\/www.ugtcomunicaciones.es\/wordpress\/wp-json\/wp\/v2\/types\/post"}],"author":[{"embeddable":true,"href":"https:\/\/www.ugtcomunicaciones.es\/wordpress\/wp-json\/wp\/v2\/users\/3"}],"replies":[{"embeddable":true,"href":"https:\/\/www.ugtcomunicaciones.es\/wordpress\/wp-json\/wp\/v2\/comments?post=471"}],"version-history":[{"count":0,"href":"https:\/\/www.ugtcomunicaciones.es\/wordpress\/wp-json\/wp\/v2\/posts\/471\/revisions"}],"wp:featuredmedia":[{"embeddable":true,"href":"https:\/\/www.ugtcomunicaciones.es\/wordpress\/wp-json\/wp\/v2\/media\/472"}],"wp:attachment":[{"href":"https:\/\/www.ugtcomunicaciones.es\/wordpress\/wp-json\/wp\/v2\/media?parent=471"}],"wp:term":[{"taxonomy":"category","embeddable":true,"href":"https:\/\/www.ugtcomunicaciones.es\/wordpress\/wp-json\/wp\/v2\/categories?post=471"},{"taxonomy":"post_tag","embeddable":true,"href":"https:\/\/www.ugtcomunicaciones.es\/wordpress\/wp-json\/wp\/v2\/tags?post=471"}],"curies":[{"name":"wp","href":"https:\/\/api.w.org\/{rel}","templated":true}]}}