{"id":48093,"date":"2017-10-30T08:00:22","date_gmt":"2017-10-30T06:00:22","guid":{"rendered":"http:\/\/ugtcomunicaciones.es\/wordpress\/?p=48093"},"modified":"2017-10-17T14:13:51","modified_gmt":"2017-10-17T12:13:51","slug":"the-inclusive-internet-index","status":"publish","type":"post","link":"https:\/\/www.ugtcomunicaciones.es\/wordpress\/the-inclusive-internet-index\/","title":{"rendered":"The Inclusive Internet Index"},"content":{"rendered":"<p style=\"text-align: justify;\">Veinte a\u00f1os despu\u00e9s de que Internet comenzase a cambiar la vida de las personas, menos de la mitad de la poblaci\u00f3n mundial puede beneficiarse de la red de redes. Incluso en algunos pa\u00edses desarrollados, hasta una quinta parte de la poblaci\u00f3n sigue sin estar en l\u00ednea, ya sea por ser incapaz de usar Internet o por no estar convencida de su utilidad.<\/p>\n<p style=\"text-align: justify;\">La conectividad, por s\u00ed sola, no es suficiente para garantizar que las personas son capaces de beneficiarse de Internet. Las personas deben tener las habilidades y la confianza para usarlo. Un Internet inclusivo, en otras palabras, deber\u00eda estar ampliamente disponible y ser asequible para dar lugar a beneficios sociales y econ\u00f3micos. De este modo, la inclusi\u00f3n puede definirse como la suma de las medidas adoptadas por el gobierno, las empresas comerciales y las organizaciones c\u00edvicas de un pa\u00eds para hacer realidad el acceso a Internet.<\/p>\n<p style=\"text-align: justify;\"><em>The Inclusive Internet Index<a href=\"#_ftn1\" name=\"_ftnref1\"><strong>[1]<\/strong><\/a><\/em> eval\u00faa el entorno propicio para la adopci\u00f3n y el uso beneficioso de Internet en 75 pa\u00edses, que representan al 90% de la poblaci\u00f3n mundial y del PIB del mundo. El informe demuestra que, si bien los altos niveles de riqueza y el desarrollo econ\u00f3mico contribuyen mucho a un entorno fuertemente inclusivo, varios pa\u00edses de ingresos medios est\u00e1n construyendo casos de \u00e9xito gracias a su focalizaci\u00f3n en elementos clave, como el contenido pertinente, la alfabetizaci\u00f3n digital y pol\u00edticas adecuadas. El ranking de los 15 primeros pa\u00edses del \u00edndice ser\u00eda el siguiente:<\/p>\n<p><img decoding=\"async\" class=\"size-full wp-image-48095 aligncenter lazyload\" data-src=\"http:\/\/ugtcomunicaciones.es\/wordpress\/wp-content\/uploads\/2017\/10\/the-inclusive-01-30-10-17.png\" alt=\"\" width=\"393\" height=\"221\" data-srcset=\"https:\/\/www.ugtcomunicaciones.es\/wordpress\/wp-content\/uploads\/2017\/10\/the-inclusive-01-30-10-17.png 393w, https:\/\/www.ugtcomunicaciones.es\/wordpress\/wp-content\/uploads\/2017\/10\/the-inclusive-01-30-10-17-300x169.png 300w\" data-sizes=\"(max-width: 393px) 100vw, 393px\" src=\"data:image\/svg+xml;base64,PHN2ZyB3aWR0aD0iMSIgaGVpZ2h0PSIxIiB4bWxucz0iaHR0cDovL3d3dy53My5vcmcvMjAwMC9zdmciPjwvc3ZnPg==\" style=\"--smush-placeholder-width: 393px; --smush-placeholder-aspect-ratio: 393\/221;\" \/><\/p>\n<p style=\"text-align: justify;\">La nota final de cada naci\u00f3n est\u00e1 compuesta por 4 sub\u00edndices (disponibilidad, <em>afordabilidad<\/em>, preparaci\u00f3n e importancia), compuestos a su vez por de componentes como la calidad de las redes, las infraestructuras disponibles y su uso, el precio de los servicios y el marco competitivo, las habilidades digitales de los usuarios y la importancia de los contenidos:<\/p>\n<p><img decoding=\"async\" class=\"size-full wp-image-48096 aligncenter lazyload\" data-src=\"http:\/\/ugtcomunicaciones.es\/wordpress\/wp-content\/uploads\/2017\/10\/the-inclusive-02-30-10-17.png\" alt=\"\" width=\"484\" height=\"457\" data-srcset=\"https:\/\/www.ugtcomunicaciones.es\/wordpress\/wp-content\/uploads\/2017\/10\/the-inclusive-02-30-10-17.png 484w, https:\/\/www.ugtcomunicaciones.es\/wordpress\/wp-content\/uploads\/2017\/10\/the-inclusive-02-30-10-17-300x283.png 300w, https:\/\/www.ugtcomunicaciones.es\/wordpress\/wp-content\/uploads\/2017\/10\/the-inclusive-02-30-10-17-445x420.png 445w\" data-sizes=\"(max-width: 484px) 100vw, 484px\" src=\"data:image\/svg+xml;base64,PHN2ZyB3aWR0aD0iMSIgaGVpZ2h0PSIxIiB4bWxucz0iaHR0cDovL3d3dy53My5vcmcvMjAwMC9zdmciPjwvc3ZnPg==\" style=\"--smush-placeholder-width: 484px; --smush-placeholder-aspect-ratio: 484\/457;\" \/><\/p>\n<p style=\"text-align: justify;\">Espa\u00f1a se sit\u00faa en un buen decimocuarto puesto, con una puntuaci\u00f3n mucho mejor que la nos tiene acostumbrado en \u00edndices similares<a href=\"#_ftn2\" name=\"_ftnref2\">[2]<\/a>.<\/p>\n<p style=\"text-align: justify;\">Las fortalezas de Espa\u00f1a, como cab\u00eda esperar, se encuentran en la importancia que se da a las redes sociales y a la administraci\u00f3n p\u00fablica, que a\u00fapan a nuestro pa\u00eds hasta un prestigioso quinto puesto mundial. Las debilidades, en los precios de los servicios de comunicaciones:<\/p>\n<p><img decoding=\"async\" class=\"size-full wp-image-48108 aligncenter lazyload\" data-src=\"http:\/\/ugtcomunicaciones.es\/wordpress\/wp-content\/uploads\/2017\/10\/the-inclusive-03-30-10-17.png\" alt=\"\" width=\"600\" height=\"454\" data-srcset=\"https:\/\/www.ugtcomunicaciones.es\/wordpress\/wp-content\/uploads\/2017\/10\/the-inclusive-03-30-10-17.png 600w, https:\/\/www.ugtcomunicaciones.es\/wordpress\/wp-content\/uploads\/2017\/10\/the-inclusive-03-30-10-17-300x227.png 300w, https:\/\/www.ugtcomunicaciones.es\/wordpress\/wp-content\/uploads\/2017\/10\/the-inclusive-03-30-10-17-555x420.png 555w, https:\/\/www.ugtcomunicaciones.es\/wordpress\/wp-content\/uploads\/2017\/10\/the-inclusive-03-30-10-17-80x60.png 80w, https:\/\/www.ugtcomunicaciones.es\/wordpress\/wp-content\/uploads\/2017\/10\/the-inclusive-03-30-10-17-100x75.png 100w, https:\/\/www.ugtcomunicaciones.es\/wordpress\/wp-content\/uploads\/2017\/10\/the-inclusive-03-30-10-17-180x135.png 180w\" data-sizes=\"(max-width: 600px) 100vw, 600px\" src=\"data:image\/svg+xml;base64,PHN2ZyB3aWR0aD0iMSIgaGVpZ2h0PSIxIiB4bWxucz0iaHR0cDovL3d3dy53My5vcmcvMjAwMC9zdmciPjwvc3ZnPg==\" style=\"--smush-placeholder-width: 600px; --smush-placeholder-aspect-ratio: 600\/454;\" \/><img decoding=\"async\" class=\"alignnone size-full wp-image-48097 lazyload\" data-src=\"http:\/\/ugtcomunicaciones.es\/wordpress\/wp-content\/uploads\/2017\/10\/the-inclusive-04-30-10-17.png\" alt=\"\" width=\"707\" height=\"310\" data-srcset=\"https:\/\/www.ugtcomunicaciones.es\/wordpress\/wp-content\/uploads\/2017\/10\/the-inclusive-04-30-10-17.png 707w, https:\/\/www.ugtcomunicaciones.es\/wordpress\/wp-content\/uploads\/2017\/10\/the-inclusive-04-30-10-17-300x132.png 300w, https:\/\/www.ugtcomunicaciones.es\/wordpress\/wp-content\/uploads\/2017\/10\/the-inclusive-04-30-10-17-640x281.png 640w, https:\/\/www.ugtcomunicaciones.es\/wordpress\/wp-content\/uploads\/2017\/10\/the-inclusive-04-30-10-17-681x299.png 681w\" data-sizes=\"(max-width: 707px) 100vw, 707px\" src=\"data:image\/svg+xml;base64,PHN2ZyB3aWR0aD0iMSIgaGVpZ2h0PSIxIiB4bWxucz0iaHR0cDovL3d3dy53My5vcmcvMjAwMC9zdmciPjwvc3ZnPg==\" style=\"--smush-placeholder-width: 707px; --smush-placeholder-aspect-ratio: 707\/310;\" \/><\/p>\n<p style=\"text-align: justify;\">No obstante, y sin \u00e1nimo de desmerecer el trabajo de Facebook y del diario The Economist<a href=\"#_ftn3\" name=\"_ftnref3\">[3]<\/a>, llama la atenci\u00f3n los altos niveles que presenta Espa\u00f1a en diversos elementos comparados con estudios similares. As\u00ed, en el aspecto de \u201calfabetizaci\u00f3n digital\u201d, nos sit\u00faa en el vig\u00e9simo puesto de 75 pa\u00edses de todo el mundo, cuando en estudios similares de Eurostat nuestra posici\u00f3n es la misma, o peor, pero solo contando a pa\u00edses de la Uni\u00f3n<a href=\"#_ftn4\" name=\"_ftnref4\">[4]<\/a>. Otro tanto podr\u00edamos decir del porcentaje de mujeres que acceden a Internet, que coloca a Espa\u00f1a en el segundo puesto mundial, cuando est\u00e1 sobradamente demostrado que nuestro pa\u00eds sufre un grave d\u00e9ficit en este apartado<a href=\"#_ftn5\" name=\"_ftnref5\">[5]<\/a>.<\/p>\n<h3 style=\"text-align: right;\"><span style=\"color: #ff0000;\"><strong>UGT<\/strong><\/span><strong> Comunicaciones<\/strong><\/h3>\n<p><span style=\"font-size: xx-small;\"><a href=\"#_ftnref1\" name=\"_ftn1\">[1]<\/a> <a href=\"https:\/\/theinclusiveinternet.eiu.com\/\" target=\"_blank\" rel=\"noopener\">https:\/\/theinclusiveinternet.eiu.com\/<\/a><br \/>\n<a href=\"#_ftnref2\" name=\"_ftn2\">[2]<\/a> <a href=\"http:\/\/www.smcugt.org\/archivos\/elementos\/2016\/nri_2016__espana_empeora_en_el_principal_indice_digital_del_mundo.pdf\" target=\"_blank\" rel=\"noopener\">http:\/\/www.smcugt.org\/archivos\/elementos\/&#8230;principal_indice_digital_del_mundo.pdf<\/a><br \/>\n<a href=\"#_ftnref3\" name=\"_ftn3\">[3]<\/a> <a href=\"https:\/\/www.one.org\/us\/2017\/03\/01\/facebook-and-the-economist-to-launch-the-inclusive-internet-index-what-does-that-mean\/\" target=\"_blank\" rel=\"noopener\">https:\/\/www.one.org\/us\/2017\/03\/01\/facebook-&#8230;-internet-index-what-does-that-mean\/<\/a><br \/>\n<a href=\"#_ftnref4\" name=\"_ftn4\">[4]<\/a> <a href=\"http:\/\/ugt.es\/SitePages\/NoticiaDetalle.aspx?idElemento=15\" target=\"_blank\" rel=\"noopener\">http:\/\/ugt.es\/SitePages\/NoticiaDetalle.aspx?idElemento=15<\/a><br \/>\n<a href=\"#_ftnref5\" name=\"_ftn5\">[5]<\/a> <a href=\"http:\/\/www.fesmcugt.org\/noticia\/ugt-alerta-sobre-el-papel-residual-de-la-mujer-en-las-tecnologias-de-la-informacion-y-la-comunicacion-id-6375.htm\" target=\"_blank\" rel=\"noopener\">http:\/\/www.fesmcugt.org\/noticia\/ugt-alerta-&#8230;-en-las-tecnologias-de-la-informacion-y-la-comunicacion-id-6375.htm<\/a><\/span><\/p>\n","protected":false},"excerpt":{"rendered":"<p>Veinte a\u00f1os despu\u00e9s de que Internet comenzase a cambiar la vida de las personas, menos de la mitad de la poblaci\u00f3n mundial puede beneficiarse de la red de redes. Incluso en algunos pa\u00edses desarrollados, hasta una quinta parte de la poblaci\u00f3n sigue sin estar en l\u00ednea, ya sea por ser incapaz de usar Internet o [&hellip;]<\/p>\n","protected":false},"author":3,"featured_media":48109,"comment_status":"open","ping_status":"closed","sticky":false,"template":"","format":"standard","meta":{"footnotes":""},"categories":[16,12],"tags":[],"class_list":["post-48093","post","type-post","status-publish","format-standard","has-post-thumbnail","hentry","category-internet","category-regulacion"],"yoast_head":"<!-- This site is optimized with the Yoast SEO Premium plugin v27.3 (Yoast SEO v27.4) - https:\/\/yoast.com\/product\/yoast-seo-premium-wordpress\/ -->\n<title>The Inclusive Internet Index - UGT Comunicaciones<\/title>\n<meta name=\"robots\" content=\"index, follow, max-snippet:-1, max-image-preview:large, max-video-preview:-1\" \/>\n<link rel=\"canonical\" href=\"https:\/\/www.ugtcomunicaciones.es\/wordpress\/the-inclusive-internet-index\/\" \/>\n<meta property=\"og:locale\" content=\"es_ES\" \/>\n<meta property=\"og:type\" content=\"article\" \/>\n<meta property=\"og:title\" content=\"The Inclusive Internet Index\" \/>\n<meta property=\"og:description\" content=\"Veinte a\u00f1os despu\u00e9s de que Internet comenzase a cambiar la vida de las personas, menos de la mitad de la poblaci\u00f3n mundial puede beneficiarse de la red de redes. Incluso en algunos pa\u00edses desarrollados, hasta una quinta parte de la poblaci\u00f3n sigue sin estar en l\u00ednea, ya sea por ser incapaz de usar Internet o [&hellip;]\" \/>\n<meta property=\"og:url\" content=\"https:\/\/www.ugtcomunicaciones.es\/wordpress\/the-inclusive-internet-index\/\" \/>\n<meta property=\"og:site_name\" content=\"UGT Comunicaciones\" \/>\n<meta property=\"article:publisher\" content=\"https:\/\/www.facebook.com\/ugt.comunicaciones\/\" \/>\n<meta property=\"article:published_time\" content=\"2017-10-30T06:00:22+00:00\" \/>\n<meta property=\"og:image\" content=\"https:\/\/www.ugtcomunicaciones.es\/wordpress\/wp-content\/uploads\/2017\/10\/the-inclusive-portada-30-10-17.jpg\" \/>\n\t<meta property=\"og:image:width\" content=\"600\" \/>\n\t<meta property=\"og:image:height\" content=\"304\" \/>\n\t<meta property=\"og:image:type\" content=\"image\/jpeg\" \/>\n<meta name=\"author\" content=\"UGT\" \/>\n<meta name=\"twitter:card\" content=\"summary_large_image\" \/>\n<meta name=\"twitter:creator\" content=\"@ugtcom\" \/>\n<meta name=\"twitter:site\" content=\"@ugtcom\" \/>\n<meta name=\"twitter:label1\" content=\"Escrito por\" \/>\n\t<meta name=\"twitter:data1\" content=\"UGT\" \/>\n\t<meta name=\"twitter:label2\" content=\"Tiempo de lectura\" \/>\n\t<meta name=\"twitter:data2\" content=\"3 minutos\" \/>\n<script type=\"application\/ld+json\" class=\"yoast-schema-graph\">{\"@context\":\"https:\\\/\\\/schema.org\",\"@graph\":[{\"@type\":\"Article\",\"@id\":\"https:\\\/\\\/www.ugtcomunicaciones.es\\\/wordpress\\\/the-inclusive-internet-index\\\/#article\",\"isPartOf\":{\"@id\":\"https:\\\/\\\/www.ugtcomunicaciones.es\\\/wordpress\\\/the-inclusive-internet-index\\\/\"},\"author\":{\"name\":\"UGT\",\"@id\":\"https:\\\/\\\/www.ugtcomunicaciones.es\\\/wordpress\\\/#\\\/schema\\\/person\\\/eba0fc3fe5b444531d94d4368cba89ed\"},\"headline\":\"The Inclusive Internet Index\",\"datePublished\":\"2017-10-30T06:00:22+00:00\",\"mainEntityOfPage\":{\"@id\":\"https:\\\/\\\/www.ugtcomunicaciones.es\\\/wordpress\\\/the-inclusive-internet-index\\\/\"},\"wordCount\":558,\"commentCount\":0,\"publisher\":{\"@id\":\"https:\\\/\\\/www.ugtcomunicaciones.es\\\/wordpress\\\/#organization\"},\"image\":{\"@id\":\"https:\\\/\\\/www.ugtcomunicaciones.es\\\/wordpress\\\/the-inclusive-internet-index\\\/#primaryimage\"},\"thumbnailUrl\":\"https:\\\/\\\/www.ugtcomunicaciones.es\\\/wordpress\\\/wp-content\\\/uploads\\\/2017\\\/10\\\/the-inclusive-portada-30-10-17.jpg\",\"articleSection\":[\"Internet\",\"Regulaci\u00f3n\"],\"inLanguage\":\"es\",\"potentialAction\":[{\"@type\":\"CommentAction\",\"name\":\"Comment\",\"target\":[\"https:\\\/\\\/www.ugtcomunicaciones.es\\\/wordpress\\\/the-inclusive-internet-index\\\/#respond\"]}]},{\"@type\":\"WebPage\",\"@id\":\"https:\\\/\\\/www.ugtcomunicaciones.es\\\/wordpress\\\/the-inclusive-internet-index\\\/\",\"url\":\"https:\\\/\\\/www.ugtcomunicaciones.es\\\/wordpress\\\/the-inclusive-internet-index\\\/\",\"name\":\"The Inclusive Internet Index - UGT Comunicaciones\",\"isPartOf\":{\"@id\":\"https:\\\/\\\/www.ugtcomunicaciones.es\\\/wordpress\\\/#website\"},\"primaryImageOfPage\":{\"@id\":\"https:\\\/\\\/www.ugtcomunicaciones.es\\\/wordpress\\\/the-inclusive-internet-index\\\/#primaryimage\"},\"image\":{\"@id\":\"https:\\\/\\\/www.ugtcomunicaciones.es\\\/wordpress\\\/the-inclusive-internet-index\\\/#primaryimage\"},\"thumbnailUrl\":\"https:\\\/\\\/www.ugtcomunicaciones.es\\\/wordpress\\\/wp-content\\\/uploads\\\/2017\\\/10\\\/the-inclusive-portada-30-10-17.jpg\",\"datePublished\":\"2017-10-30T06:00:22+00:00\",\"breadcrumb\":{\"@id\":\"https:\\\/\\\/www.ugtcomunicaciones.es\\\/wordpress\\\/the-inclusive-internet-index\\\/#breadcrumb\"},\"inLanguage\":\"es\",\"potentialAction\":[{\"@type\":\"ReadAction\",\"target\":[\"https:\\\/\\\/www.ugtcomunicaciones.es\\\/wordpress\\\/the-inclusive-internet-index\\\/\"]}]},{\"@type\":\"ImageObject\",\"inLanguage\":\"es\",\"@id\":\"https:\\\/\\\/www.ugtcomunicaciones.es\\\/wordpress\\\/the-inclusive-internet-index\\\/#primaryimage\",\"url\":\"https:\\\/\\\/www.ugtcomunicaciones.es\\\/wordpress\\\/wp-content\\\/uploads\\\/2017\\\/10\\\/the-inclusive-portada-30-10-17.jpg\",\"contentUrl\":\"https:\\\/\\\/www.ugtcomunicaciones.es\\\/wordpress\\\/wp-content\\\/uploads\\\/2017\\\/10\\\/the-inclusive-portada-30-10-17.jpg\",\"width\":600,\"height\":304},{\"@type\":\"BreadcrumbList\",\"@id\":\"https:\\\/\\\/www.ugtcomunicaciones.es\\\/wordpress\\\/the-inclusive-internet-index\\\/#breadcrumb\",\"itemListElement\":[{\"@type\":\"ListItem\",\"position\":1,\"name\":\"Portada\",\"item\":\"https:\\\/\\\/www.ugtcomunicaciones.es\\\/wordpress\\\/\"},{\"@type\":\"ListItem\",\"position\":2,\"name\":\"The Inclusive Internet Index\"}]},{\"@type\":\"WebSite\",\"@id\":\"https:\\\/\\\/www.ugtcomunicaciones.es\\\/wordpress\\\/#website\",\"url\":\"https:\\\/\\\/www.ugtcomunicaciones.es\\\/wordpress\\\/\",\"name\":\"UGT Comunicaciones\",\"description\":\"Sindicato de Telecomunicaciones\",\"publisher\":{\"@id\":\"https:\\\/\\\/www.ugtcomunicaciones.es\\\/wordpress\\\/#organization\"},\"potentialAction\":[{\"@type\":\"SearchAction\",\"target\":{\"@type\":\"EntryPoint\",\"urlTemplate\":\"https:\\\/\\\/www.ugtcomunicaciones.es\\\/wordpress\\\/?s={search_term_string}\"},\"query-input\":{\"@type\":\"PropertyValueSpecification\",\"valueRequired\":true,\"valueName\":\"search_term_string\"}}],\"inLanguage\":\"es\"},{\"@type\":\"Organization\",\"@id\":\"https:\\\/\\\/www.ugtcomunicaciones.es\\\/wordpress\\\/#organization\",\"name\":\"UGT Comunicaciones\",\"url\":\"https:\\\/\\\/www.ugtcomunicaciones.es\\\/wordpress\\\/\",\"logo\":{\"@type\":\"ImageObject\",\"inLanguage\":\"es\",\"@id\":\"https:\\\/\\\/www.ugtcomunicaciones.es\\\/wordpress\\\/#\\\/schema\\\/logo\\\/image\\\/\",\"url\":\"https:\\\/\\\/www.ugtcomunicaciones.es\\\/wordpress\\\/wp-content\\\/uploads\\\/2024\\\/04\\\/comunicaciones_logo.png\",\"contentUrl\":\"https:\\\/\\\/www.ugtcomunicaciones.es\\\/wordpress\\\/wp-content\\\/uploads\\\/2024\\\/04\\\/comunicaciones_logo.png\",\"width\":298,\"height\":81,\"caption\":\"UGT Comunicaciones\"},\"image\":{\"@id\":\"https:\\\/\\\/www.ugtcomunicaciones.es\\\/wordpress\\\/#\\\/schema\\\/logo\\\/image\\\/\"},\"sameAs\":[\"https:\\\/\\\/www.facebook.com\\\/ugt.comunicaciones\\\/\",\"https:\\\/\\\/x.com\\\/ugtcom\"]},{\"@type\":\"Person\",\"@id\":\"https:\\\/\\\/www.ugtcomunicaciones.es\\\/wordpress\\\/#\\\/schema\\\/person\\\/eba0fc3fe5b444531d94d4368cba89ed\",\"name\":\"UGT\",\"image\":{\"@type\":\"ImageObject\",\"inLanguage\":\"es\",\"@id\":\"https:\\\/\\\/secure.gravatar.com\\\/avatar\\\/2a16057d620a4c646bcfc171c4f23030879ebbdd346f0525bd5d4a564e57e13d?s=96&d=mm&r=g\",\"url\":\"https:\\\/\\\/secure.gravatar.com\\\/avatar\\\/2a16057d620a4c646bcfc171c4f23030879ebbdd346f0525bd5d4a564e57e13d?s=96&d=mm&r=g\",\"contentUrl\":\"https:\\\/\\\/secure.gravatar.com\\\/avatar\\\/2a16057d620a4c646bcfc171c4f23030879ebbdd346f0525bd5d4a564e57e13d?s=96&d=mm&r=g\",\"caption\":\"UGT\"}}]}<\/script>\n<!-- \/ Yoast SEO Premium plugin. -->","yoast_head_json":{"title":"The Inclusive Internet Index - UGT Comunicaciones","robots":{"index":"index","follow":"follow","max-snippet":"max-snippet:-1","max-image-preview":"max-image-preview:large","max-video-preview":"max-video-preview:-1"},"canonical":"https:\/\/www.ugtcomunicaciones.es\/wordpress\/the-inclusive-internet-index\/","og_locale":"es_ES","og_type":"article","og_title":"The Inclusive Internet Index","og_description":"Veinte a\u00f1os despu\u00e9s de que Internet comenzase a cambiar la vida de las personas, menos de la mitad de la poblaci\u00f3n mundial puede beneficiarse de la red de redes. Incluso en algunos pa\u00edses desarrollados, hasta una quinta parte de la poblaci\u00f3n sigue sin estar en l\u00ednea, ya sea por ser incapaz de usar Internet o [&hellip;]","og_url":"https:\/\/www.ugtcomunicaciones.es\/wordpress\/the-inclusive-internet-index\/","og_site_name":"UGT Comunicaciones","article_publisher":"https:\/\/www.facebook.com\/ugt.comunicaciones\/","article_published_time":"2017-10-30T06:00:22+00:00","og_image":[{"width":600,"height":304,"url":"https:\/\/www.ugtcomunicaciones.es\/wordpress\/wp-content\/uploads\/2017\/10\/the-inclusive-portada-30-10-17.jpg","type":"image\/jpeg"}],"author":"UGT","twitter_card":"summary_large_image","twitter_creator":"@ugtcom","twitter_site":"@ugtcom","twitter_misc":{"Escrito por":"UGT","Tiempo de lectura":"3 minutos"},"schema":{"@context":"https:\/\/schema.org","@graph":[{"@type":"Article","@id":"https:\/\/www.ugtcomunicaciones.es\/wordpress\/the-inclusive-internet-index\/#article","isPartOf":{"@id":"https:\/\/www.ugtcomunicaciones.es\/wordpress\/the-inclusive-internet-index\/"},"author":{"name":"UGT","@id":"https:\/\/www.ugtcomunicaciones.es\/wordpress\/#\/schema\/person\/eba0fc3fe5b444531d94d4368cba89ed"},"headline":"The Inclusive Internet Index","datePublished":"2017-10-30T06:00:22+00:00","mainEntityOfPage":{"@id":"https:\/\/www.ugtcomunicaciones.es\/wordpress\/the-inclusive-internet-index\/"},"wordCount":558,"commentCount":0,"publisher":{"@id":"https:\/\/www.ugtcomunicaciones.es\/wordpress\/#organization"},"image":{"@id":"https:\/\/www.ugtcomunicaciones.es\/wordpress\/the-inclusive-internet-index\/#primaryimage"},"thumbnailUrl":"https:\/\/www.ugtcomunicaciones.es\/wordpress\/wp-content\/uploads\/2017\/10\/the-inclusive-portada-30-10-17.jpg","articleSection":["Internet","Regulaci\u00f3n"],"inLanguage":"es","potentialAction":[{"@type":"CommentAction","name":"Comment","target":["https:\/\/www.ugtcomunicaciones.es\/wordpress\/the-inclusive-internet-index\/#respond"]}]},{"@type":"WebPage","@id":"https:\/\/www.ugtcomunicaciones.es\/wordpress\/the-inclusive-internet-index\/","url":"https:\/\/www.ugtcomunicaciones.es\/wordpress\/the-inclusive-internet-index\/","name":"The Inclusive Internet Index - UGT Comunicaciones","isPartOf":{"@id":"https:\/\/www.ugtcomunicaciones.es\/wordpress\/#website"},"primaryImageOfPage":{"@id":"https:\/\/www.ugtcomunicaciones.es\/wordpress\/the-inclusive-internet-index\/#primaryimage"},"image":{"@id":"https:\/\/www.ugtcomunicaciones.es\/wordpress\/the-inclusive-internet-index\/#primaryimage"},"thumbnailUrl":"https:\/\/www.ugtcomunicaciones.es\/wordpress\/wp-content\/uploads\/2017\/10\/the-inclusive-portada-30-10-17.jpg","datePublished":"2017-10-30T06:00:22+00:00","breadcrumb":{"@id":"https:\/\/www.ugtcomunicaciones.es\/wordpress\/the-inclusive-internet-index\/#breadcrumb"},"inLanguage":"es","potentialAction":[{"@type":"ReadAction","target":["https:\/\/www.ugtcomunicaciones.es\/wordpress\/the-inclusive-internet-index\/"]}]},{"@type":"ImageObject","inLanguage":"es","@id":"https:\/\/www.ugtcomunicaciones.es\/wordpress\/the-inclusive-internet-index\/#primaryimage","url":"https:\/\/www.ugtcomunicaciones.es\/wordpress\/wp-content\/uploads\/2017\/10\/the-inclusive-portada-30-10-17.jpg","contentUrl":"https:\/\/www.ugtcomunicaciones.es\/wordpress\/wp-content\/uploads\/2017\/10\/the-inclusive-portada-30-10-17.jpg","width":600,"height":304},{"@type":"BreadcrumbList","@id":"https:\/\/www.ugtcomunicaciones.es\/wordpress\/the-inclusive-internet-index\/#breadcrumb","itemListElement":[{"@type":"ListItem","position":1,"name":"Portada","item":"https:\/\/www.ugtcomunicaciones.es\/wordpress\/"},{"@type":"ListItem","position":2,"name":"The Inclusive Internet Index"}]},{"@type":"WebSite","@id":"https:\/\/www.ugtcomunicaciones.es\/wordpress\/#website","url":"https:\/\/www.ugtcomunicaciones.es\/wordpress\/","name":"UGT Comunicaciones","description":"Sindicato de Telecomunicaciones","publisher":{"@id":"https:\/\/www.ugtcomunicaciones.es\/wordpress\/#organization"},"potentialAction":[{"@type":"SearchAction","target":{"@type":"EntryPoint","urlTemplate":"https:\/\/www.ugtcomunicaciones.es\/wordpress\/?s={search_term_string}"},"query-input":{"@type":"PropertyValueSpecification","valueRequired":true,"valueName":"search_term_string"}}],"inLanguage":"es"},{"@type":"Organization","@id":"https:\/\/www.ugtcomunicaciones.es\/wordpress\/#organization","name":"UGT Comunicaciones","url":"https:\/\/www.ugtcomunicaciones.es\/wordpress\/","logo":{"@type":"ImageObject","inLanguage":"es","@id":"https:\/\/www.ugtcomunicaciones.es\/wordpress\/#\/schema\/logo\/image\/","url":"https:\/\/www.ugtcomunicaciones.es\/wordpress\/wp-content\/uploads\/2024\/04\/comunicaciones_logo.png","contentUrl":"https:\/\/www.ugtcomunicaciones.es\/wordpress\/wp-content\/uploads\/2024\/04\/comunicaciones_logo.png","width":298,"height":81,"caption":"UGT Comunicaciones"},"image":{"@id":"https:\/\/www.ugtcomunicaciones.es\/wordpress\/#\/schema\/logo\/image\/"},"sameAs":["https:\/\/www.facebook.com\/ugt.comunicaciones\/","https:\/\/x.com\/ugtcom"]},{"@type":"Person","@id":"https:\/\/www.ugtcomunicaciones.es\/wordpress\/#\/schema\/person\/eba0fc3fe5b444531d94d4368cba89ed","name":"UGT","image":{"@type":"ImageObject","inLanguage":"es","@id":"https:\/\/secure.gravatar.com\/avatar\/2a16057d620a4c646bcfc171c4f23030879ebbdd346f0525bd5d4a564e57e13d?s=96&d=mm&r=g","url":"https:\/\/secure.gravatar.com\/avatar\/2a16057d620a4c646bcfc171c4f23030879ebbdd346f0525bd5d4a564e57e13d?s=96&d=mm&r=g","contentUrl":"https:\/\/secure.gravatar.com\/avatar\/2a16057d620a4c646bcfc171c4f23030879ebbdd346f0525bd5d4a564e57e13d?s=96&d=mm&r=g","caption":"UGT"}}]}},"_links":{"self":[{"href":"https:\/\/www.ugtcomunicaciones.es\/wordpress\/wp-json\/wp\/v2\/posts\/48093","targetHints":{"allow":["GET"]}}],"collection":[{"href":"https:\/\/www.ugtcomunicaciones.es\/wordpress\/wp-json\/wp\/v2\/posts"}],"about":[{"href":"https:\/\/www.ugtcomunicaciones.es\/wordpress\/wp-json\/wp\/v2\/types\/post"}],"author":[{"embeddable":true,"href":"https:\/\/www.ugtcomunicaciones.es\/wordpress\/wp-json\/wp\/v2\/users\/3"}],"replies":[{"embeddable":true,"href":"https:\/\/www.ugtcomunicaciones.es\/wordpress\/wp-json\/wp\/v2\/comments?post=48093"}],"version-history":[{"count":0,"href":"https:\/\/www.ugtcomunicaciones.es\/wordpress\/wp-json\/wp\/v2\/posts\/48093\/revisions"}],"wp:featuredmedia":[{"embeddable":true,"href":"https:\/\/www.ugtcomunicaciones.es\/wordpress\/wp-json\/wp\/v2\/media\/48109"}],"wp:attachment":[{"href":"https:\/\/www.ugtcomunicaciones.es\/wordpress\/wp-json\/wp\/v2\/media?parent=48093"}],"wp:term":[{"taxonomy":"category","embeddable":true,"href":"https:\/\/www.ugtcomunicaciones.es\/wordpress\/wp-json\/wp\/v2\/categories?post=48093"},{"taxonomy":"post_tag","embeddable":true,"href":"https:\/\/www.ugtcomunicaciones.es\/wordpress\/wp-json\/wp\/v2\/tags?post=48093"}],"curies":[{"name":"wp","href":"https:\/\/api.w.org\/{rel}","templated":true}]}}