{"id":50977,"date":"2017-10-23T12:18:20","date_gmt":"2017-10-23T10:18:20","guid":{"rendered":"http:\/\/ugtcomunicaciones.es\/wordpress\/?p=50977"},"modified":"2017-10-23T12:37:13","modified_gmt":"2017-10-23T10:37:13","slug":"nueva-actualizacion-los-salarios-del-cev-octubre","status":"publish","type":"post","link":"https:\/\/www.ugtcomunicaciones.es\/wordpress\/nueva-actualizacion-los-salarios-del-cev-octubre\/","title":{"rendered":"Nueva actualizaci\u00f3n de los salarios del CEV en octubre"},"content":{"rendered":"<p align=\"justify\">Desde\u00a0<span style=\"color: #ff0000;\"><b>UGT<\/b><\/span>\u00a0recordamos que, en la n\u00f3mina\u00a0<strong>\u00a0de octubre,<\/strong>\u00a0\u00a0ser\u00e1 efectivo el abono de un\u00a0<strong>plus de<\/strong>\u00a0<strong>250 euros\u00a0<\/strong>a todos los empleados\/as incluidos dentro del \u00e1mbito del CEV, que estuvieran dados de alta a fecha 1 de enero de 2017 y hayan permanecido en activo todo el a\u00f1o (a aquellos empleados que hayan permanecido en activo s\u00f3lo una parte del a\u00f1o y quienes han realizado jornada reducida, se les acreditar\u00e1 la parte proporcional correspondiente)<\/p>\n<p align=\"justify\">Destacamos que esta cantidad es\u00a0<strong>consolidable<\/strong>, de forma que se incorporar\u00e1 a los sueldos base a 31 de diciembre de 2017, formando parte de la masa salarial de este a\u00f1o a efectos de c\u00e1lculo para la revisi\u00f3n salarial del a\u00f1o siguiente.<\/p>\n<p align=\"justify\">Debemos se\u00f1alar adem\u00e1s\u00a0 que, en la revisi\u00f3n salarial realizada a principio del a\u00f1o,\u00a0<strong>la masa salarial del a\u00f1o 2017 ya se ha visto incrementada globalmente en un 1,5%<\/strong>, tambi\u00e9n con car\u00e1cter consolidable.<\/p>\n<p align=\"justify\">De esta forma, una vez m\u00e1s se ratifica lo acertado de nuestra decisi\u00f3n de cerrar las cl\u00e1usulas econ\u00f3micas mediante pluses directos, m\u00e1s all\u00e1 de la acostumbrada referencia del IPC, para evitar vaivenes pol\u00edticos e incertidumbres que pudieran afectar a nuestros salarios, buscando siempre\u00a0<strong>garantizar un incremento del poder adquisitivo acorde con el esfuerzo que las tres plantillas<\/strong>vienen realizando para mantener a la Empresa en un lugar de privilegio en el Sector de las Comunicaciones.<\/p>\n<p align=\"justify\">La par\u00e1lisis pol\u00edtica respecto al cierre de los Presupuestos Generales del Estado,\u00a0\u00a0 as\u00ed como el hecho de que a\u00fan no se han conseguido cerrar los acuerdos para la revisi\u00f3n salarial de los a\u00f1os 2017 y 2018 con la Confederaci\u00f3n de Empresarios,\u00a0 viene a demostrar\u00a0<strong>el acierto de\u00a0<span style=\"color: #ff0000;\"><b>UGT<\/b><\/span><\/strong>\u00a0al haber\u00a0 apostado en el I CEV 2015-2018 por f\u00f3rmulas de incremento salarial directas, mediante pluses, que, sumados a los incrementos pactados sobre el IPC,\u00a0 han conseguido que\u00a0<strong>nuestros salarios se mantengan por encima de la media<\/strong>\u00a0de nuestro pa\u00eds y, por supuesto,\u00a0<strong>muy por encima de los producidos en el entorno del Sector de Comunicaciones<\/strong>.<\/p>\n<p align=\"justify\"><span style=\"color: #ff0000;\"><b>UGT<\/b><\/span>\u00a0seguir\u00e1 apostando en nuestros convenios por cl\u00e1usulas econ\u00f3micas \u00a0negociadas y previsoras para mantener, como hasta ahora, nuestros salarios y poder adquisitivo al margen de circunstancias externas coyunturales.<\/p>\n","protected":false},"excerpt":{"rendered":"<p>Desde\u00a0UGT\u00a0recordamos que, en la n\u00f3mina\u00a0\u00a0de octubre,\u00a0\u00a0ser\u00e1 efectivo el abono de un\u00a0plus de\u00a0250 euros\u00a0a todos los empleados\/as incluidos dentro del \u00e1mbito del CEV, que estuvieran dados de alta a fecha 1 de enero de 2017 y hayan permanecido en activo todo el a\u00f1o (a aquellos empleados que hayan permanecido en activo s\u00f3lo una parte del a\u00f1o [&hellip;]<\/p>\n","protected":false},"author":3,"featured_media":50982,"comment_status":"open","ping_status":"closed","sticky":false,"template":"","format":"standard","meta":{"footnotes":""},"categories":[2,8,25,7,26],"tags":[],"class_list":["post-50977","post","type-post","status-publish","format-standard","has-post-thumbnail","hentry","category-featured","category-telefonica-cev","category-telefonica","category-telefonica-moviles","category-telefonica-soluciones"],"yoast_head":"<!-- This site is optimized with the Yoast SEO Premium plugin v27.3 (Yoast SEO v27.4) - https:\/\/yoast.com\/product\/yoast-seo-premium-wordpress\/ -->\n<title>Nueva actualizaci\u00f3n de los salarios del CEV en octubre - UGT Comunicaciones<\/title>\n<meta name=\"robots\" content=\"index, follow, max-snippet:-1, max-image-preview:large, max-video-preview:-1\" \/>\n<link rel=\"canonical\" href=\"https:\/\/www.ugtcomunicaciones.es\/wordpress\/nueva-actualizacion-los-salarios-del-cev-octubre\/\" \/>\n<meta property=\"og:locale\" content=\"es_ES\" \/>\n<meta property=\"og:type\" content=\"article\" \/>\n<meta property=\"og:title\" content=\"Nueva actualizaci\u00f3n de los salarios del CEV en octubre\" \/>\n<meta property=\"og:description\" content=\"Desde\u00a0UGT\u00a0recordamos que, en la n\u00f3mina\u00a0\u00a0de octubre,\u00a0\u00a0ser\u00e1 efectivo el abono de un\u00a0plus de\u00a0250 euros\u00a0a todos los empleados\/as incluidos dentro del \u00e1mbito del CEV, que estuvieran dados de alta a fecha 1 de enero de 2017 y hayan permanecido en activo todo el a\u00f1o (a aquellos empleados que hayan permanecido en activo s\u00f3lo una parte del a\u00f1o [&hellip;]\" \/>\n<meta property=\"og:url\" content=\"https:\/\/www.ugtcomunicaciones.es\/wordpress\/nueva-actualizacion-los-salarios-del-cev-octubre\/\" \/>\n<meta property=\"og:site_name\" content=\"UGT Comunicaciones\" \/>\n<meta property=\"article:publisher\" content=\"https:\/\/www.facebook.com\/ugt.comunicaciones\/\" \/>\n<meta property=\"article:published_time\" content=\"2017-10-23T10:18:20+00:00\" \/>\n<meta property=\"article:modified_time\" content=\"2017-10-23T10:37:13+00:00\" \/>\n<meta property=\"og:image\" content=\"https:\/\/www.ugtcomunicaciones.es\/wordpress\/wp-content\/uploads\/2017\/10\/subida-salarial_1.jpg\" \/>\n\t<meta property=\"og:image:width\" content=\"462\" \/>\n\t<meta property=\"og:image:height\" content=\"364\" \/>\n\t<meta property=\"og:image:type\" content=\"image\/jpeg\" \/>\n<meta name=\"author\" content=\"UGT\" \/>\n<meta name=\"twitter:card\" content=\"summary_large_image\" \/>\n<meta name=\"twitter:creator\" content=\"@ugtcom\" \/>\n<meta name=\"twitter:site\" content=\"@ugtcom\" \/>\n<meta name=\"twitter:label1\" content=\"Escrito por\" \/>\n\t<meta name=\"twitter:data1\" content=\"UGT\" \/>\n\t<meta name=\"twitter:label2\" content=\"Tiempo de lectura\" \/>\n\t<meta name=\"twitter:data2\" content=\"2 minutos\" \/>\n<script type=\"application\/ld+json\" class=\"yoast-schema-graph\">{\"@context\":\"https:\\\/\\\/schema.org\",\"@graph\":[{\"@type\":\"Article\",\"@id\":\"https:\\\/\\\/www.ugtcomunicaciones.es\\\/wordpress\\\/nueva-actualizacion-los-salarios-del-cev-octubre\\\/#article\",\"isPartOf\":{\"@id\":\"https:\\\/\\\/www.ugtcomunicaciones.es\\\/wordpress\\\/nueva-actualizacion-los-salarios-del-cev-octubre\\\/\"},\"author\":{\"name\":\"UGT\",\"@id\":\"https:\\\/\\\/www.ugtcomunicaciones.es\\\/wordpress\\\/#\\\/schema\\\/person\\\/eba0fc3fe5b444531d94d4368cba89ed\"},\"headline\":\"Nueva actualizaci\u00f3n de los salarios del CEV en octubre\",\"datePublished\":\"2017-10-23T10:18:20+00:00\",\"dateModified\":\"2017-10-23T10:37:13+00:00\",\"mainEntityOfPage\":{\"@id\":\"https:\\\/\\\/www.ugtcomunicaciones.es\\\/wordpress\\\/nueva-actualizacion-los-salarios-del-cev-octubre\\\/\"},\"wordCount\":387,\"commentCount\":0,\"publisher\":{\"@id\":\"https:\\\/\\\/www.ugtcomunicaciones.es\\\/wordpress\\\/#organization\"},\"image\":{\"@id\":\"https:\\\/\\\/www.ugtcomunicaciones.es\\\/wordpress\\\/nueva-actualizacion-los-salarios-del-cev-octubre\\\/#primaryimage\"},\"thumbnailUrl\":\"https:\\\/\\\/www.ugtcomunicaciones.es\\\/wordpress\\\/wp-content\\\/uploads\\\/2017\\\/10\\\/subida-salarial_1.jpg\",\"articleSection\":[\"Featured\",\"Telef\u00f3nica CEV\",\"Telef\u00f3nica de Espa\u00f1a\",\"Telef\u00f3nica M\u00f3viles\",\"Telef\u00f3nica Soluciones\"],\"inLanguage\":\"es\",\"potentialAction\":[{\"@type\":\"CommentAction\",\"name\":\"Comment\",\"target\":[\"https:\\\/\\\/www.ugtcomunicaciones.es\\\/wordpress\\\/nueva-actualizacion-los-salarios-del-cev-octubre\\\/#respond\"]}]},{\"@type\":\"WebPage\",\"@id\":\"https:\\\/\\\/www.ugtcomunicaciones.es\\\/wordpress\\\/nueva-actualizacion-los-salarios-del-cev-octubre\\\/\",\"url\":\"https:\\\/\\\/www.ugtcomunicaciones.es\\\/wordpress\\\/nueva-actualizacion-los-salarios-del-cev-octubre\\\/\",\"name\":\"Nueva actualizaci\u00f3n de los salarios del CEV en octubre - UGT Comunicaciones\",\"isPartOf\":{\"@id\":\"https:\\\/\\\/www.ugtcomunicaciones.es\\\/wordpress\\\/#website\"},\"primaryImageOfPage\":{\"@id\":\"https:\\\/\\\/www.ugtcomunicaciones.es\\\/wordpress\\\/nueva-actualizacion-los-salarios-del-cev-octubre\\\/#primaryimage\"},\"image\":{\"@id\":\"https:\\\/\\\/www.ugtcomunicaciones.es\\\/wordpress\\\/nueva-actualizacion-los-salarios-del-cev-octubre\\\/#primaryimage\"},\"thumbnailUrl\":\"https:\\\/\\\/www.ugtcomunicaciones.es\\\/wordpress\\\/wp-content\\\/uploads\\\/2017\\\/10\\\/subida-salarial_1.jpg\",\"datePublished\":\"2017-10-23T10:18:20+00:00\",\"dateModified\":\"2017-10-23T10:37:13+00:00\",\"breadcrumb\":{\"@id\":\"https:\\\/\\\/www.ugtcomunicaciones.es\\\/wordpress\\\/nueva-actualizacion-los-salarios-del-cev-octubre\\\/#breadcrumb\"},\"inLanguage\":\"es\",\"potentialAction\":[{\"@type\":\"ReadAction\",\"target\":[\"https:\\\/\\\/www.ugtcomunicaciones.es\\\/wordpress\\\/nueva-actualizacion-los-salarios-del-cev-octubre\\\/\"]}]},{\"@type\":\"ImageObject\",\"inLanguage\":\"es\",\"@id\":\"https:\\\/\\\/www.ugtcomunicaciones.es\\\/wordpress\\\/nueva-actualizacion-los-salarios-del-cev-octubre\\\/#primaryimage\",\"url\":\"https:\\\/\\\/www.ugtcomunicaciones.es\\\/wordpress\\\/wp-content\\\/uploads\\\/2017\\\/10\\\/subida-salarial_1.jpg\",\"contentUrl\":\"https:\\\/\\\/www.ugtcomunicaciones.es\\\/wordpress\\\/wp-content\\\/uploads\\\/2017\\\/10\\\/subida-salarial_1.jpg\",\"width\":462,\"height\":364},{\"@type\":\"BreadcrumbList\",\"@id\":\"https:\\\/\\\/www.ugtcomunicaciones.es\\\/wordpress\\\/nueva-actualizacion-los-salarios-del-cev-octubre\\\/#breadcrumb\",\"itemListElement\":[{\"@type\":\"ListItem\",\"position\":1,\"name\":\"Portada\",\"item\":\"https:\\\/\\\/www.ugtcomunicaciones.es\\\/wordpress\\\/\"},{\"@type\":\"ListItem\",\"position\":2,\"name\":\"Nueva actualizaci\u00f3n de los salarios del CEV en octubre\"}]},{\"@type\":\"WebSite\",\"@id\":\"https:\\\/\\\/www.ugtcomunicaciones.es\\\/wordpress\\\/#website\",\"url\":\"https:\\\/\\\/www.ugtcomunicaciones.es\\\/wordpress\\\/\",\"name\":\"UGT Comunicaciones\",\"description\":\"Sindicato de Telecomunicaciones\",\"publisher\":{\"@id\":\"https:\\\/\\\/www.ugtcomunicaciones.es\\\/wordpress\\\/#organization\"},\"potentialAction\":[{\"@type\":\"SearchAction\",\"target\":{\"@type\":\"EntryPoint\",\"urlTemplate\":\"https:\\\/\\\/www.ugtcomunicaciones.es\\\/wordpress\\\/?s={search_term_string}\"},\"query-input\":{\"@type\":\"PropertyValueSpecification\",\"valueRequired\":true,\"valueName\":\"search_term_string\"}}],\"inLanguage\":\"es\"},{\"@type\":\"Organization\",\"@id\":\"https:\\\/\\\/www.ugtcomunicaciones.es\\\/wordpress\\\/#organization\",\"name\":\"UGT Comunicaciones\",\"url\":\"https:\\\/\\\/www.ugtcomunicaciones.es\\\/wordpress\\\/\",\"logo\":{\"@type\":\"ImageObject\",\"inLanguage\":\"es\",\"@id\":\"https:\\\/\\\/www.ugtcomunicaciones.es\\\/wordpress\\\/#\\\/schema\\\/logo\\\/image\\\/\",\"url\":\"https:\\\/\\\/www.ugtcomunicaciones.es\\\/wordpress\\\/wp-content\\\/uploads\\\/2024\\\/04\\\/comunicaciones_logo.png\",\"contentUrl\":\"https:\\\/\\\/www.ugtcomunicaciones.es\\\/wordpress\\\/wp-content\\\/uploads\\\/2024\\\/04\\\/comunicaciones_logo.png\",\"width\":298,\"height\":81,\"caption\":\"UGT Comunicaciones\"},\"image\":{\"@id\":\"https:\\\/\\\/www.ugtcomunicaciones.es\\\/wordpress\\\/#\\\/schema\\\/logo\\\/image\\\/\"},\"sameAs\":[\"https:\\\/\\\/www.facebook.com\\\/ugt.comunicaciones\\\/\",\"https:\\\/\\\/x.com\\\/ugtcom\"]},{\"@type\":\"Person\",\"@id\":\"https:\\\/\\\/www.ugtcomunicaciones.es\\\/wordpress\\\/#\\\/schema\\\/person\\\/eba0fc3fe5b444531d94d4368cba89ed\",\"name\":\"UGT\",\"image\":{\"@type\":\"ImageObject\",\"inLanguage\":\"es\",\"@id\":\"https:\\\/\\\/secure.gravatar.com\\\/avatar\\\/2a16057d620a4c646bcfc171c4f23030879ebbdd346f0525bd5d4a564e57e13d?s=96&d=mm&r=g\",\"url\":\"https:\\\/\\\/secure.gravatar.com\\\/avatar\\\/2a16057d620a4c646bcfc171c4f23030879ebbdd346f0525bd5d4a564e57e13d?s=96&d=mm&r=g\",\"contentUrl\":\"https:\\\/\\\/secure.gravatar.com\\\/avatar\\\/2a16057d620a4c646bcfc171c4f23030879ebbdd346f0525bd5d4a564e57e13d?s=96&d=mm&r=g\",\"caption\":\"UGT\"}}]}<\/script>\n<!-- \/ Yoast SEO Premium plugin. -->","yoast_head_json":{"title":"Nueva actualizaci\u00f3n de los salarios del CEV en octubre - UGT Comunicaciones","robots":{"index":"index","follow":"follow","max-snippet":"max-snippet:-1","max-image-preview":"max-image-preview:large","max-video-preview":"max-video-preview:-1"},"canonical":"https:\/\/www.ugtcomunicaciones.es\/wordpress\/nueva-actualizacion-los-salarios-del-cev-octubre\/","og_locale":"es_ES","og_type":"article","og_title":"Nueva actualizaci\u00f3n de los salarios del CEV en octubre","og_description":"Desde\u00a0UGT\u00a0recordamos que, en la n\u00f3mina\u00a0\u00a0de octubre,\u00a0\u00a0ser\u00e1 efectivo el abono de un\u00a0plus de\u00a0250 euros\u00a0a todos los empleados\/as incluidos dentro del \u00e1mbito del CEV, que estuvieran dados de alta a fecha 1 de enero de 2017 y hayan permanecido en activo todo el a\u00f1o (a aquellos empleados que hayan permanecido en activo s\u00f3lo una parte del a\u00f1o [&hellip;]","og_url":"https:\/\/www.ugtcomunicaciones.es\/wordpress\/nueva-actualizacion-los-salarios-del-cev-octubre\/","og_site_name":"UGT Comunicaciones","article_publisher":"https:\/\/www.facebook.com\/ugt.comunicaciones\/","article_published_time":"2017-10-23T10:18:20+00:00","article_modified_time":"2017-10-23T10:37:13+00:00","og_image":[{"width":462,"height":364,"url":"https:\/\/www.ugtcomunicaciones.es\/wordpress\/wp-content\/uploads\/2017\/10\/subida-salarial_1.jpg","type":"image\/jpeg"}],"author":"UGT","twitter_card":"summary_large_image","twitter_creator":"@ugtcom","twitter_site":"@ugtcom","twitter_misc":{"Escrito por":"UGT","Tiempo de lectura":"2 minutos"},"schema":{"@context":"https:\/\/schema.org","@graph":[{"@type":"Article","@id":"https:\/\/www.ugtcomunicaciones.es\/wordpress\/nueva-actualizacion-los-salarios-del-cev-octubre\/#article","isPartOf":{"@id":"https:\/\/www.ugtcomunicaciones.es\/wordpress\/nueva-actualizacion-los-salarios-del-cev-octubre\/"},"author":{"name":"UGT","@id":"https:\/\/www.ugtcomunicaciones.es\/wordpress\/#\/schema\/person\/eba0fc3fe5b444531d94d4368cba89ed"},"headline":"Nueva actualizaci\u00f3n de los salarios del CEV en octubre","datePublished":"2017-10-23T10:18:20+00:00","dateModified":"2017-10-23T10:37:13+00:00","mainEntityOfPage":{"@id":"https:\/\/www.ugtcomunicaciones.es\/wordpress\/nueva-actualizacion-los-salarios-del-cev-octubre\/"},"wordCount":387,"commentCount":0,"publisher":{"@id":"https:\/\/www.ugtcomunicaciones.es\/wordpress\/#organization"},"image":{"@id":"https:\/\/www.ugtcomunicaciones.es\/wordpress\/nueva-actualizacion-los-salarios-del-cev-octubre\/#primaryimage"},"thumbnailUrl":"https:\/\/www.ugtcomunicaciones.es\/wordpress\/wp-content\/uploads\/2017\/10\/subida-salarial_1.jpg","articleSection":["Featured","Telef\u00f3nica CEV","Telef\u00f3nica de Espa\u00f1a","Telef\u00f3nica M\u00f3viles","Telef\u00f3nica Soluciones"],"inLanguage":"es","potentialAction":[{"@type":"CommentAction","name":"Comment","target":["https:\/\/www.ugtcomunicaciones.es\/wordpress\/nueva-actualizacion-los-salarios-del-cev-octubre\/#respond"]}]},{"@type":"WebPage","@id":"https:\/\/www.ugtcomunicaciones.es\/wordpress\/nueva-actualizacion-los-salarios-del-cev-octubre\/","url":"https:\/\/www.ugtcomunicaciones.es\/wordpress\/nueva-actualizacion-los-salarios-del-cev-octubre\/","name":"Nueva actualizaci\u00f3n de los salarios del CEV en octubre - UGT Comunicaciones","isPartOf":{"@id":"https:\/\/www.ugtcomunicaciones.es\/wordpress\/#website"},"primaryImageOfPage":{"@id":"https:\/\/www.ugtcomunicaciones.es\/wordpress\/nueva-actualizacion-los-salarios-del-cev-octubre\/#primaryimage"},"image":{"@id":"https:\/\/www.ugtcomunicaciones.es\/wordpress\/nueva-actualizacion-los-salarios-del-cev-octubre\/#primaryimage"},"thumbnailUrl":"https:\/\/www.ugtcomunicaciones.es\/wordpress\/wp-content\/uploads\/2017\/10\/subida-salarial_1.jpg","datePublished":"2017-10-23T10:18:20+00:00","dateModified":"2017-10-23T10:37:13+00:00","breadcrumb":{"@id":"https:\/\/www.ugtcomunicaciones.es\/wordpress\/nueva-actualizacion-los-salarios-del-cev-octubre\/#breadcrumb"},"inLanguage":"es","potentialAction":[{"@type":"ReadAction","target":["https:\/\/www.ugtcomunicaciones.es\/wordpress\/nueva-actualizacion-los-salarios-del-cev-octubre\/"]}]},{"@type":"ImageObject","inLanguage":"es","@id":"https:\/\/www.ugtcomunicaciones.es\/wordpress\/nueva-actualizacion-los-salarios-del-cev-octubre\/#primaryimage","url":"https:\/\/www.ugtcomunicaciones.es\/wordpress\/wp-content\/uploads\/2017\/10\/subida-salarial_1.jpg","contentUrl":"https:\/\/www.ugtcomunicaciones.es\/wordpress\/wp-content\/uploads\/2017\/10\/subida-salarial_1.jpg","width":462,"height":364},{"@type":"BreadcrumbList","@id":"https:\/\/www.ugtcomunicaciones.es\/wordpress\/nueva-actualizacion-los-salarios-del-cev-octubre\/#breadcrumb","itemListElement":[{"@type":"ListItem","position":1,"name":"Portada","item":"https:\/\/www.ugtcomunicaciones.es\/wordpress\/"},{"@type":"ListItem","position":2,"name":"Nueva actualizaci\u00f3n de los salarios del CEV en octubre"}]},{"@type":"WebSite","@id":"https:\/\/www.ugtcomunicaciones.es\/wordpress\/#website","url":"https:\/\/www.ugtcomunicaciones.es\/wordpress\/","name":"UGT Comunicaciones","description":"Sindicato de Telecomunicaciones","publisher":{"@id":"https:\/\/www.ugtcomunicaciones.es\/wordpress\/#organization"},"potentialAction":[{"@type":"SearchAction","target":{"@type":"EntryPoint","urlTemplate":"https:\/\/www.ugtcomunicaciones.es\/wordpress\/?s={search_term_string}"},"query-input":{"@type":"PropertyValueSpecification","valueRequired":true,"valueName":"search_term_string"}}],"inLanguage":"es"},{"@type":"Organization","@id":"https:\/\/www.ugtcomunicaciones.es\/wordpress\/#organization","name":"UGT Comunicaciones","url":"https:\/\/www.ugtcomunicaciones.es\/wordpress\/","logo":{"@type":"ImageObject","inLanguage":"es","@id":"https:\/\/www.ugtcomunicaciones.es\/wordpress\/#\/schema\/logo\/image\/","url":"https:\/\/www.ugtcomunicaciones.es\/wordpress\/wp-content\/uploads\/2024\/04\/comunicaciones_logo.png","contentUrl":"https:\/\/www.ugtcomunicaciones.es\/wordpress\/wp-content\/uploads\/2024\/04\/comunicaciones_logo.png","width":298,"height":81,"caption":"UGT Comunicaciones"},"image":{"@id":"https:\/\/www.ugtcomunicaciones.es\/wordpress\/#\/schema\/logo\/image\/"},"sameAs":["https:\/\/www.facebook.com\/ugt.comunicaciones\/","https:\/\/x.com\/ugtcom"]},{"@type":"Person","@id":"https:\/\/www.ugtcomunicaciones.es\/wordpress\/#\/schema\/person\/eba0fc3fe5b444531d94d4368cba89ed","name":"UGT","image":{"@type":"ImageObject","inLanguage":"es","@id":"https:\/\/secure.gravatar.com\/avatar\/2a16057d620a4c646bcfc171c4f23030879ebbdd346f0525bd5d4a564e57e13d?s=96&d=mm&r=g","url":"https:\/\/secure.gravatar.com\/avatar\/2a16057d620a4c646bcfc171c4f23030879ebbdd346f0525bd5d4a564e57e13d?s=96&d=mm&r=g","contentUrl":"https:\/\/secure.gravatar.com\/avatar\/2a16057d620a4c646bcfc171c4f23030879ebbdd346f0525bd5d4a564e57e13d?s=96&d=mm&r=g","caption":"UGT"}}]}},"_links":{"self":[{"href":"https:\/\/www.ugtcomunicaciones.es\/wordpress\/wp-json\/wp\/v2\/posts\/50977","targetHints":{"allow":["GET"]}}],"collection":[{"href":"https:\/\/www.ugtcomunicaciones.es\/wordpress\/wp-json\/wp\/v2\/posts"}],"about":[{"href":"https:\/\/www.ugtcomunicaciones.es\/wordpress\/wp-json\/wp\/v2\/types\/post"}],"author":[{"embeddable":true,"href":"https:\/\/www.ugtcomunicaciones.es\/wordpress\/wp-json\/wp\/v2\/users\/3"}],"replies":[{"embeddable":true,"href":"https:\/\/www.ugtcomunicaciones.es\/wordpress\/wp-json\/wp\/v2\/comments?post=50977"}],"version-history":[{"count":0,"href":"https:\/\/www.ugtcomunicaciones.es\/wordpress\/wp-json\/wp\/v2\/posts\/50977\/revisions"}],"wp:featuredmedia":[{"embeddable":true,"href":"https:\/\/www.ugtcomunicaciones.es\/wordpress\/wp-json\/wp\/v2\/media\/50982"}],"wp:attachment":[{"href":"https:\/\/www.ugtcomunicaciones.es\/wordpress\/wp-json\/wp\/v2\/media?parent=50977"}],"wp:term":[{"taxonomy":"category","embeddable":true,"href":"https:\/\/www.ugtcomunicaciones.es\/wordpress\/wp-json\/wp\/v2\/categories?post=50977"},{"taxonomy":"post_tag","embeddable":true,"href":"https:\/\/www.ugtcomunicaciones.es\/wordpress\/wp-json\/wp\/v2\/tags?post=50977"}],"curies":[{"name":"wp","href":"https:\/\/api.w.org\/{rel}","templated":true}]}}