{"id":511296,"date":"2020-01-31T10:37:24","date_gmt":"2020-01-31T08:37:24","guid":{"rendered":"http:\/\/ugtcomunicaciones.es\/wordpress\/?p=511296"},"modified":"2020-01-31T10:40:51","modified_gmt":"2020-01-31T08:40:51","slug":"ugt-dice-si-al-nuevo-convenio-de-telyco-2019-2021","status":"publish","type":"post","link":"https:\/\/www.ugtcomunicaciones.es\/wordpress\/ugt-dice-si-al-nuevo-convenio-de-telyco-2019-2021\/","title":{"rendered":"UGT dice S\u00ed al nuevo Convenio de Telyco 2019-2021"},"content":{"rendered":"<p class=\"has-drop-cap\">A d\u00eda 29 de enero 2020, las delegadas y delegados de <a href=\"https:\/\/ugt-telyco.org\/\">UGT en Telyco<\/a> han dicho SI a la firma del Convenio que hemos estado negociando a lo largo de los \u00faltimos meses.<br \/>\nEl apoyo ha sido un\u00e1nime por parte de los delegados y delegadas, haciendo posible mejoras en conciliaci\u00f3n de la vida personal y laboral, mejoras en beneficios sociales y formaci\u00f3n y, por \u00faltimo, las mejoras econ\u00f3micas para las personas que integramos la plantilla de Telyco.<\/p>\n<p class=\"has-drop-cap\">UGT, como sindicato mayoritario, ha asumido su responsabilidad para con los trabajadores y trabajadoras de Telyco, esperando que la otra fuerza sindical se sume, para desarrollar un Convenio que en su redacci\u00f3n hemos participado<br \/>\nconjuntamente y que nos dotar\u00e1 de las garant\u00edas que nos merecemos la plantilla.<\/p>\n<p class=\"has-drop-cap\">Durante la negociaci\u00f3n de este Convenio, se ha tenido especial cuidado con las posibles subidas que est\u00e1n previstas durante la legislatura del SMI. Tambi\u00e9n se han separado los art\u00edculos que estaban unidos en el Convenio anterior dot\u00e1ndolas de mayor claridad. Os presentamos las mejoras alcanzadas:<\/p>\n<ul>\n<li>Se mantiene el Premio a la Permanencia y la Paga de Productividad que la empresa pretend\u00eda eliminar.<\/li>\n<li>Consecuci\u00f3n y consolidaci\u00f3n de la Paga de Productividad de 150\u20ac.<\/li>\n<li>Incremento del 1,5% en masa salarial durante la vigencia de este Convenio, de 2019 a 2021.<\/li>\n<li>La cuant\u00eda de la bolsa de ayuda a estudios, se aumenta el fondo hasta 30.000\u20ac anuales.<\/li>\n<li>En materia de pr\u00e9stamos se pasa de 250.000 a 300.000 la provisi\u00f3n dedicada a ello.<\/li>\n<li>Aumento de solicitudes de anticipo, pasando de las 100 actuales a las 150.<\/li>\n<li>Incremento de la ayuda por parte de la Empresa al Seguro M\u00e9dico, 30 euros para el a\u00f1o 2021 para estar financiado totalmente por la empresa el 1 de enero de 2022, para todos aqu\u00e9llas\/os que tengan una antig\u00fcedad en la empresa de 3 a\u00f1os.<\/li>\n<li>C\u00f3mputo bimestral de la jornada con devoluci\u00f3n bimestral y eliminaci\u00f3n de la bolsa de las 10 horas.<\/li>\n<li>Reparto equitativo de los festivos y respeto de libranzas y fines de semana en el calendario trimestral.<\/li>\n<li>Se adicionar\u00e1 por Convenio, el descanso de 12 horas entre jornada y jornada al descanso semanal del d\u00eda y medio ininterrumpido,<\/li>\n<li>Se facilita la permuta de turnos entre personas de la misma tienda y mismo tipo de jornada, permiti\u00e9ndose hasta 10 permutas al mes.<\/li>\n<li>La formaci\u00f3n impartida por la empresa se realizar\u00e1 dentro del horario y el turno de la persona trabajadora consider\u00e1ndose como tiempo efectivo de trabajo.<\/li>\n<li>Formaci\u00f3n en material de Igualdad y Diversidad a toda la plantilla.<\/li>\n<li>Se habilita para su disfrute vacaciones del 1 al 20 de diciembre y se flexibiliza el coger per\u00edodos a partir de 6 d\u00edas.<\/li>\n<li>Se han eliminado por Convenio los denominados cl\u00faster entre tiendas colindantes.<\/li>\n<li>Aumento del permiso por fallecimiento de descendiente y\/o c\u00f3nyuge a un total de 10 d\u00edas.<\/li>\n<li>Subir al 3% \u00edndice de absentismo en tablas IT<\/li>\n<li>Mantenimiento de la Garant\u00eda de Empleo.<\/li>\n<li>Renovaci\u00f3n del compromiso de inclusi\u00f3n en el CEV.<\/li>\n<\/ul>\n<p class=\"has-drop-cap\">Estas son, de forma resumida, las condiciones y beneficios que hemos logrado conseguir en este periodo de negociaci\u00f3n, el cual, se ha desarrollado en un momento dif\u00edcil y que, a priori, no promet\u00eda los resultados obtenidos. Y es por eso, que desde UGT otorgamos todav\u00eda mayor valor a lo logrado. Ahora empieza otra nueva etapa y es, hacer respetar lo que con tanto esfuerzo hemos logrado en este Convenio.<\/p>\n","protected":false},"excerpt":{"rendered":"<p>A d\u00eda 29 de enero 2020, las delegadas y delegados de UGT en Telyco han dicho SI a la firma del Convenio que hemos estado negociando a lo largo de los \u00faltimos meses. El apoyo ha sido un\u00e1nime por parte de los delegados y delegadas, haciendo posible mejoras en conciliaci\u00f3n de la vida personal y [&hellip;]<\/p>\n","protected":false},"author":3,"featured_media":511320,"comment_status":"closed","ping_status":"closed","sticky":false,"template":"","format":"standard","meta":{"footnotes":""},"categories":[37,31],"tags":[],"class_list":["post-511296","post","type-post","status-publish","format-standard","has-post-thumbnail","hentry","category-telyco-telyco","category-telyco"],"yoast_head":"<!-- This site is optimized with the Yoast SEO Premium plugin v27.3 (Yoast SEO v27.4) - https:\/\/yoast.com\/product\/yoast-seo-premium-wordpress\/ -->\n<title>UGT dice S\u00ed al nuevo Convenio de Telyco 2019-2021 - UGT Comunicaciones<\/title>\n<meta name=\"robots\" content=\"index, follow, max-snippet:-1, max-image-preview:large, max-video-preview:-1\" \/>\n<link rel=\"canonical\" href=\"https:\/\/www.ugtcomunicaciones.es\/wordpress\/ugt-dice-si-al-nuevo-convenio-de-telyco-2019-2021\/\" \/>\n<meta property=\"og:locale\" content=\"es_ES\" \/>\n<meta property=\"og:type\" content=\"article\" \/>\n<meta property=\"og:title\" content=\"UGT dice S\u00ed al nuevo Convenio de Telyco 2019-2021\" \/>\n<meta property=\"og:description\" content=\"A d\u00eda 29 de enero 2020, las delegadas y delegados de UGT en Telyco han dicho SI a la firma del Convenio que hemos estado negociando a lo largo de los \u00faltimos meses. El apoyo ha sido un\u00e1nime por parte de los delegados y delegadas, haciendo posible mejoras en conciliaci\u00f3n de la vida personal y [&hellip;]\" \/>\n<meta property=\"og:url\" content=\"https:\/\/www.ugtcomunicaciones.es\/wordpress\/ugt-dice-si-al-nuevo-convenio-de-telyco-2019-2021\/\" \/>\n<meta property=\"og:site_name\" content=\"UGT Comunicaciones\" \/>\n<meta property=\"article:publisher\" content=\"https:\/\/www.facebook.com\/ugt.comunicaciones\/\" \/>\n<meta property=\"article:published_time\" content=\"2020-01-31T08:37:24+00:00\" \/>\n<meta property=\"article:modified_time\" content=\"2020-01-31T08:40:51+00:00\" \/>\n<meta property=\"og:image\" content=\"https:\/\/www.ugtcomunicaciones.es\/wordpress\/wp-content\/uploads\/2020\/01\/Movistar-Store-Murcia.jpg\" \/>\n\t<meta property=\"og:image:width\" content=\"960\" \/>\n\t<meta property=\"og:image:height\" content=\"720\" \/>\n\t<meta property=\"og:image:type\" content=\"image\/jpeg\" \/>\n<meta name=\"author\" content=\"UGT\" \/>\n<meta name=\"twitter:card\" content=\"summary_large_image\" \/>\n<meta name=\"twitter:creator\" content=\"@ugtcom\" \/>\n<meta name=\"twitter:site\" content=\"@ugtcom\" \/>\n<meta name=\"twitter:label1\" content=\"Escrito por\" \/>\n\t<meta name=\"twitter:data1\" content=\"UGT\" \/>\n\t<meta name=\"twitter:label2\" content=\"Tiempo de lectura\" \/>\n\t<meta name=\"twitter:data2\" content=\"3 minutos\" \/>\n<script type=\"application\/ld+json\" class=\"yoast-schema-graph\">{\"@context\":\"https:\\\/\\\/schema.org\",\"@graph\":[{\"@type\":\"Article\",\"@id\":\"https:\\\/\\\/www.ugtcomunicaciones.es\\\/wordpress\\\/ugt-dice-si-al-nuevo-convenio-de-telyco-2019-2021\\\/#article\",\"isPartOf\":{\"@id\":\"https:\\\/\\\/www.ugtcomunicaciones.es\\\/wordpress\\\/ugt-dice-si-al-nuevo-convenio-de-telyco-2019-2021\\\/\"},\"author\":{\"name\":\"UGT\",\"@id\":\"https:\\\/\\\/www.ugtcomunicaciones.es\\\/wordpress\\\/#\\\/schema\\\/person\\\/eba0fc3fe5b444531d94d4368cba89ed\"},\"headline\":\"UGT dice S\u00ed al nuevo Convenio de Telyco 2019-2021\",\"datePublished\":\"2020-01-31T08:37:24+00:00\",\"dateModified\":\"2020-01-31T08:40:51+00:00\",\"mainEntityOfPage\":{\"@id\":\"https:\\\/\\\/www.ugtcomunicaciones.es\\\/wordpress\\\/ugt-dice-si-al-nuevo-convenio-de-telyco-2019-2021\\\/\"},\"wordCount\":584,\"publisher\":{\"@id\":\"https:\\\/\\\/www.ugtcomunicaciones.es\\\/wordpress\\\/#organization\"},\"image\":{\"@id\":\"https:\\\/\\\/www.ugtcomunicaciones.es\\\/wordpress\\\/ugt-dice-si-al-nuevo-convenio-de-telyco-2019-2021\\\/#primaryimage\"},\"thumbnailUrl\":\"https:\\\/\\\/www.ugtcomunicaciones.es\\\/wordpress\\\/wp-content\\\/uploads\\\/2020\\\/01\\\/Movistar-Store-Murcia.jpg\",\"articleSection\":[\"Telyco\",\"Telyco\"],\"inLanguage\":\"es\"},{\"@type\":\"WebPage\",\"@id\":\"https:\\\/\\\/www.ugtcomunicaciones.es\\\/wordpress\\\/ugt-dice-si-al-nuevo-convenio-de-telyco-2019-2021\\\/\",\"url\":\"https:\\\/\\\/www.ugtcomunicaciones.es\\\/wordpress\\\/ugt-dice-si-al-nuevo-convenio-de-telyco-2019-2021\\\/\",\"name\":\"UGT dice S\u00ed al nuevo Convenio de Telyco 2019-2021 - UGT Comunicaciones\",\"isPartOf\":{\"@id\":\"https:\\\/\\\/www.ugtcomunicaciones.es\\\/wordpress\\\/#website\"},\"primaryImageOfPage\":{\"@id\":\"https:\\\/\\\/www.ugtcomunicaciones.es\\\/wordpress\\\/ugt-dice-si-al-nuevo-convenio-de-telyco-2019-2021\\\/#primaryimage\"},\"image\":{\"@id\":\"https:\\\/\\\/www.ugtcomunicaciones.es\\\/wordpress\\\/ugt-dice-si-al-nuevo-convenio-de-telyco-2019-2021\\\/#primaryimage\"},\"thumbnailUrl\":\"https:\\\/\\\/www.ugtcomunicaciones.es\\\/wordpress\\\/wp-content\\\/uploads\\\/2020\\\/01\\\/Movistar-Store-Murcia.jpg\",\"datePublished\":\"2020-01-31T08:37:24+00:00\",\"dateModified\":\"2020-01-31T08:40:51+00:00\",\"breadcrumb\":{\"@id\":\"https:\\\/\\\/www.ugtcomunicaciones.es\\\/wordpress\\\/ugt-dice-si-al-nuevo-convenio-de-telyco-2019-2021\\\/#breadcrumb\"},\"inLanguage\":\"es\",\"potentialAction\":[{\"@type\":\"ReadAction\",\"target\":[\"https:\\\/\\\/www.ugtcomunicaciones.es\\\/wordpress\\\/ugt-dice-si-al-nuevo-convenio-de-telyco-2019-2021\\\/\"]}]},{\"@type\":\"ImageObject\",\"inLanguage\":\"es\",\"@id\":\"https:\\\/\\\/www.ugtcomunicaciones.es\\\/wordpress\\\/ugt-dice-si-al-nuevo-convenio-de-telyco-2019-2021\\\/#primaryimage\",\"url\":\"https:\\\/\\\/www.ugtcomunicaciones.es\\\/wordpress\\\/wp-content\\\/uploads\\\/2020\\\/01\\\/Movistar-Store-Murcia.jpg\",\"contentUrl\":\"https:\\\/\\\/www.ugtcomunicaciones.es\\\/wordpress\\\/wp-content\\\/uploads\\\/2020\\\/01\\\/Movistar-Store-Murcia.jpg\",\"width\":960,\"height\":720},{\"@type\":\"BreadcrumbList\",\"@id\":\"https:\\\/\\\/www.ugtcomunicaciones.es\\\/wordpress\\\/ugt-dice-si-al-nuevo-convenio-de-telyco-2019-2021\\\/#breadcrumb\",\"itemListElement\":[{\"@type\":\"ListItem\",\"position\":1,\"name\":\"Portada\",\"item\":\"https:\\\/\\\/www.ugtcomunicaciones.es\\\/wordpress\\\/\"},{\"@type\":\"ListItem\",\"position\":2,\"name\":\"UGT dice S\u00ed al nuevo Convenio de Telyco 2019-2021\"}]},{\"@type\":\"WebSite\",\"@id\":\"https:\\\/\\\/www.ugtcomunicaciones.es\\\/wordpress\\\/#website\",\"url\":\"https:\\\/\\\/www.ugtcomunicaciones.es\\\/wordpress\\\/\",\"name\":\"UGT Comunicaciones\",\"description\":\"Sindicato de Telecomunicaciones\",\"publisher\":{\"@id\":\"https:\\\/\\\/www.ugtcomunicaciones.es\\\/wordpress\\\/#organization\"},\"potentialAction\":[{\"@type\":\"SearchAction\",\"target\":{\"@type\":\"EntryPoint\",\"urlTemplate\":\"https:\\\/\\\/www.ugtcomunicaciones.es\\\/wordpress\\\/?s={search_term_string}\"},\"query-input\":{\"@type\":\"PropertyValueSpecification\",\"valueRequired\":true,\"valueName\":\"search_term_string\"}}],\"inLanguage\":\"es\"},{\"@type\":\"Organization\",\"@id\":\"https:\\\/\\\/www.ugtcomunicaciones.es\\\/wordpress\\\/#organization\",\"name\":\"UGT Comunicaciones\",\"url\":\"https:\\\/\\\/www.ugtcomunicaciones.es\\\/wordpress\\\/\",\"logo\":{\"@type\":\"ImageObject\",\"inLanguage\":\"es\",\"@id\":\"https:\\\/\\\/www.ugtcomunicaciones.es\\\/wordpress\\\/#\\\/schema\\\/logo\\\/image\\\/\",\"url\":\"https:\\\/\\\/www.ugtcomunicaciones.es\\\/wordpress\\\/wp-content\\\/uploads\\\/2024\\\/04\\\/comunicaciones_logo.png\",\"contentUrl\":\"https:\\\/\\\/www.ugtcomunicaciones.es\\\/wordpress\\\/wp-content\\\/uploads\\\/2024\\\/04\\\/comunicaciones_logo.png\",\"width\":298,\"height\":81,\"caption\":\"UGT Comunicaciones\"},\"image\":{\"@id\":\"https:\\\/\\\/www.ugtcomunicaciones.es\\\/wordpress\\\/#\\\/schema\\\/logo\\\/image\\\/\"},\"sameAs\":[\"https:\\\/\\\/www.facebook.com\\\/ugt.comunicaciones\\\/\",\"https:\\\/\\\/x.com\\\/ugtcom\"]},{\"@type\":\"Person\",\"@id\":\"https:\\\/\\\/www.ugtcomunicaciones.es\\\/wordpress\\\/#\\\/schema\\\/person\\\/eba0fc3fe5b444531d94d4368cba89ed\",\"name\":\"UGT\",\"image\":{\"@type\":\"ImageObject\",\"inLanguage\":\"es\",\"@id\":\"https:\\\/\\\/secure.gravatar.com\\\/avatar\\\/2a16057d620a4c646bcfc171c4f23030879ebbdd346f0525bd5d4a564e57e13d?s=96&d=mm&r=g\",\"url\":\"https:\\\/\\\/secure.gravatar.com\\\/avatar\\\/2a16057d620a4c646bcfc171c4f23030879ebbdd346f0525bd5d4a564e57e13d?s=96&d=mm&r=g\",\"contentUrl\":\"https:\\\/\\\/secure.gravatar.com\\\/avatar\\\/2a16057d620a4c646bcfc171c4f23030879ebbdd346f0525bd5d4a564e57e13d?s=96&d=mm&r=g\",\"caption\":\"UGT\"}}]}<\/script>\n<!-- \/ Yoast SEO Premium plugin. -->","yoast_head_json":{"title":"UGT dice S\u00ed al nuevo Convenio de Telyco 2019-2021 - UGT Comunicaciones","robots":{"index":"index","follow":"follow","max-snippet":"max-snippet:-1","max-image-preview":"max-image-preview:large","max-video-preview":"max-video-preview:-1"},"canonical":"https:\/\/www.ugtcomunicaciones.es\/wordpress\/ugt-dice-si-al-nuevo-convenio-de-telyco-2019-2021\/","og_locale":"es_ES","og_type":"article","og_title":"UGT dice S\u00ed al nuevo Convenio de Telyco 2019-2021","og_description":"A d\u00eda 29 de enero 2020, las delegadas y delegados de UGT en Telyco han dicho SI a la firma del Convenio que hemos estado negociando a lo largo de los \u00faltimos meses. El apoyo ha sido un\u00e1nime por parte de los delegados y delegadas, haciendo posible mejoras en conciliaci\u00f3n de la vida personal y [&hellip;]","og_url":"https:\/\/www.ugtcomunicaciones.es\/wordpress\/ugt-dice-si-al-nuevo-convenio-de-telyco-2019-2021\/","og_site_name":"UGT Comunicaciones","article_publisher":"https:\/\/www.facebook.com\/ugt.comunicaciones\/","article_published_time":"2020-01-31T08:37:24+00:00","article_modified_time":"2020-01-31T08:40:51+00:00","og_image":[{"width":960,"height":720,"url":"https:\/\/www.ugtcomunicaciones.es\/wordpress\/wp-content\/uploads\/2020\/01\/Movistar-Store-Murcia.jpg","type":"image\/jpeg"}],"author":"UGT","twitter_card":"summary_large_image","twitter_creator":"@ugtcom","twitter_site":"@ugtcom","twitter_misc":{"Escrito por":"UGT","Tiempo de lectura":"3 minutos"},"schema":{"@context":"https:\/\/schema.org","@graph":[{"@type":"Article","@id":"https:\/\/www.ugtcomunicaciones.es\/wordpress\/ugt-dice-si-al-nuevo-convenio-de-telyco-2019-2021\/#article","isPartOf":{"@id":"https:\/\/www.ugtcomunicaciones.es\/wordpress\/ugt-dice-si-al-nuevo-convenio-de-telyco-2019-2021\/"},"author":{"name":"UGT","@id":"https:\/\/www.ugtcomunicaciones.es\/wordpress\/#\/schema\/person\/eba0fc3fe5b444531d94d4368cba89ed"},"headline":"UGT dice S\u00ed al nuevo Convenio de Telyco 2019-2021","datePublished":"2020-01-31T08:37:24+00:00","dateModified":"2020-01-31T08:40:51+00:00","mainEntityOfPage":{"@id":"https:\/\/www.ugtcomunicaciones.es\/wordpress\/ugt-dice-si-al-nuevo-convenio-de-telyco-2019-2021\/"},"wordCount":584,"publisher":{"@id":"https:\/\/www.ugtcomunicaciones.es\/wordpress\/#organization"},"image":{"@id":"https:\/\/www.ugtcomunicaciones.es\/wordpress\/ugt-dice-si-al-nuevo-convenio-de-telyco-2019-2021\/#primaryimage"},"thumbnailUrl":"https:\/\/www.ugtcomunicaciones.es\/wordpress\/wp-content\/uploads\/2020\/01\/Movistar-Store-Murcia.jpg","articleSection":["Telyco","Telyco"],"inLanguage":"es"},{"@type":"WebPage","@id":"https:\/\/www.ugtcomunicaciones.es\/wordpress\/ugt-dice-si-al-nuevo-convenio-de-telyco-2019-2021\/","url":"https:\/\/www.ugtcomunicaciones.es\/wordpress\/ugt-dice-si-al-nuevo-convenio-de-telyco-2019-2021\/","name":"UGT dice S\u00ed al nuevo Convenio de Telyco 2019-2021 - UGT Comunicaciones","isPartOf":{"@id":"https:\/\/www.ugtcomunicaciones.es\/wordpress\/#website"},"primaryImageOfPage":{"@id":"https:\/\/www.ugtcomunicaciones.es\/wordpress\/ugt-dice-si-al-nuevo-convenio-de-telyco-2019-2021\/#primaryimage"},"image":{"@id":"https:\/\/www.ugtcomunicaciones.es\/wordpress\/ugt-dice-si-al-nuevo-convenio-de-telyco-2019-2021\/#primaryimage"},"thumbnailUrl":"https:\/\/www.ugtcomunicaciones.es\/wordpress\/wp-content\/uploads\/2020\/01\/Movistar-Store-Murcia.jpg","datePublished":"2020-01-31T08:37:24+00:00","dateModified":"2020-01-31T08:40:51+00:00","breadcrumb":{"@id":"https:\/\/www.ugtcomunicaciones.es\/wordpress\/ugt-dice-si-al-nuevo-convenio-de-telyco-2019-2021\/#breadcrumb"},"inLanguage":"es","potentialAction":[{"@type":"ReadAction","target":["https:\/\/www.ugtcomunicaciones.es\/wordpress\/ugt-dice-si-al-nuevo-convenio-de-telyco-2019-2021\/"]}]},{"@type":"ImageObject","inLanguage":"es","@id":"https:\/\/www.ugtcomunicaciones.es\/wordpress\/ugt-dice-si-al-nuevo-convenio-de-telyco-2019-2021\/#primaryimage","url":"https:\/\/www.ugtcomunicaciones.es\/wordpress\/wp-content\/uploads\/2020\/01\/Movistar-Store-Murcia.jpg","contentUrl":"https:\/\/www.ugtcomunicaciones.es\/wordpress\/wp-content\/uploads\/2020\/01\/Movistar-Store-Murcia.jpg","width":960,"height":720},{"@type":"BreadcrumbList","@id":"https:\/\/www.ugtcomunicaciones.es\/wordpress\/ugt-dice-si-al-nuevo-convenio-de-telyco-2019-2021\/#breadcrumb","itemListElement":[{"@type":"ListItem","position":1,"name":"Portada","item":"https:\/\/www.ugtcomunicaciones.es\/wordpress\/"},{"@type":"ListItem","position":2,"name":"UGT dice S\u00ed al nuevo Convenio de Telyco 2019-2021"}]},{"@type":"WebSite","@id":"https:\/\/www.ugtcomunicaciones.es\/wordpress\/#website","url":"https:\/\/www.ugtcomunicaciones.es\/wordpress\/","name":"UGT Comunicaciones","description":"Sindicato de Telecomunicaciones","publisher":{"@id":"https:\/\/www.ugtcomunicaciones.es\/wordpress\/#organization"},"potentialAction":[{"@type":"SearchAction","target":{"@type":"EntryPoint","urlTemplate":"https:\/\/www.ugtcomunicaciones.es\/wordpress\/?s={search_term_string}"},"query-input":{"@type":"PropertyValueSpecification","valueRequired":true,"valueName":"search_term_string"}}],"inLanguage":"es"},{"@type":"Organization","@id":"https:\/\/www.ugtcomunicaciones.es\/wordpress\/#organization","name":"UGT Comunicaciones","url":"https:\/\/www.ugtcomunicaciones.es\/wordpress\/","logo":{"@type":"ImageObject","inLanguage":"es","@id":"https:\/\/www.ugtcomunicaciones.es\/wordpress\/#\/schema\/logo\/image\/","url":"https:\/\/www.ugtcomunicaciones.es\/wordpress\/wp-content\/uploads\/2024\/04\/comunicaciones_logo.png","contentUrl":"https:\/\/www.ugtcomunicaciones.es\/wordpress\/wp-content\/uploads\/2024\/04\/comunicaciones_logo.png","width":298,"height":81,"caption":"UGT Comunicaciones"},"image":{"@id":"https:\/\/www.ugtcomunicaciones.es\/wordpress\/#\/schema\/logo\/image\/"},"sameAs":["https:\/\/www.facebook.com\/ugt.comunicaciones\/","https:\/\/x.com\/ugtcom"]},{"@type":"Person","@id":"https:\/\/www.ugtcomunicaciones.es\/wordpress\/#\/schema\/person\/eba0fc3fe5b444531d94d4368cba89ed","name":"UGT","image":{"@type":"ImageObject","inLanguage":"es","@id":"https:\/\/secure.gravatar.com\/avatar\/2a16057d620a4c646bcfc171c4f23030879ebbdd346f0525bd5d4a564e57e13d?s=96&d=mm&r=g","url":"https:\/\/secure.gravatar.com\/avatar\/2a16057d620a4c646bcfc171c4f23030879ebbdd346f0525bd5d4a564e57e13d?s=96&d=mm&r=g","contentUrl":"https:\/\/secure.gravatar.com\/avatar\/2a16057d620a4c646bcfc171c4f23030879ebbdd346f0525bd5d4a564e57e13d?s=96&d=mm&r=g","caption":"UGT"}}]}},"_links":{"self":[{"href":"https:\/\/www.ugtcomunicaciones.es\/wordpress\/wp-json\/wp\/v2\/posts\/511296","targetHints":{"allow":["GET"]}}],"collection":[{"href":"https:\/\/www.ugtcomunicaciones.es\/wordpress\/wp-json\/wp\/v2\/posts"}],"about":[{"href":"https:\/\/www.ugtcomunicaciones.es\/wordpress\/wp-json\/wp\/v2\/types\/post"}],"author":[{"embeddable":true,"href":"https:\/\/www.ugtcomunicaciones.es\/wordpress\/wp-json\/wp\/v2\/users\/3"}],"replies":[{"embeddable":true,"href":"https:\/\/www.ugtcomunicaciones.es\/wordpress\/wp-json\/wp\/v2\/comments?post=511296"}],"version-history":[{"count":0,"href":"https:\/\/www.ugtcomunicaciones.es\/wordpress\/wp-json\/wp\/v2\/posts\/511296\/revisions"}],"wp:featuredmedia":[{"embeddable":true,"href":"https:\/\/www.ugtcomunicaciones.es\/wordpress\/wp-json\/wp\/v2\/media\/511320"}],"wp:attachment":[{"href":"https:\/\/www.ugtcomunicaciones.es\/wordpress\/wp-json\/wp\/v2\/media?parent=511296"}],"wp:term":[{"taxonomy":"category","embeddable":true,"href":"https:\/\/www.ugtcomunicaciones.es\/wordpress\/wp-json\/wp\/v2\/categories?post=511296"},{"taxonomy":"post_tag","embeddable":true,"href":"https:\/\/www.ugtcomunicaciones.es\/wordpress\/wp-json\/wp\/v2\/tags?post=511296"}],"curies":[{"name":"wp","href":"https:\/\/api.w.org\/{rel}","templated":true}]}}