{"id":511335,"date":"2020-01-31T09:00:52","date_gmt":"2020-01-31T07:00:52","guid":{"rendered":"http:\/\/ugtcomunicaciones.es\/wordpress\/?p=511335"},"modified":"2020-01-31T11:08:28","modified_gmt":"2020-01-31T09:08:28","slug":"posicionamiento-de-ugt-sobre-infra-y-tech","status":"publish","type":"post","link":"https:\/\/www.ugtcomunicaciones.es\/wordpress\/posicionamiento-de-ugt-sobre-infra-y-tech\/","title":{"rendered":"Posicionamiento de UGT sobre Infra y Tech"},"content":{"rendered":"<p style=\"text-align: justify;\">Hace ahora aproximadamente 25 a\u00f1os, el Grupo Telef\u00f3nica tom\u00f3 la decisi\u00f3n, al amparo de las leyes mercantiles y del poder de direcci\u00f3n que le otorga el Estatuto de los Trabajadores, de segregar una serie de\u00a0<em>servicios<\/em>\u00a0en nuevas entidades jur\u00eddicas. De aquel movimiento empresarial, surgieron varias compa\u00f1\u00edas, entre las m\u00e1s conocidas, Telef\u00f3nica Servicios M\u00f3viles (ahora TME) o la actual TSOL.<\/p>\n<p style=\"text-align: justify;\">Hace casi tres d\u00e9cadas, el Grupo Telef\u00f3nica opt\u00f3 por iniciar un camino de separaci\u00f3n de varias l\u00edneas de negocio al calor de las oportunidades financieras y burs\u00e1tiles que supuestamente se abr\u00edan. Los argumentos que se esgrim\u00edan de aquella, no difieren de que se emplean ahora: el valor es mayor por separado que en conjunto, las tendencias de los mercados lo aconsejan, hay ciertos negocios pujantes que necesitan recorrido propio, etc.<\/p>\n<p style=\"text-align: justify;\">Para que dichos negocios echaran a rodar, la Compa\u00f1\u00eda negoci\u00f3 con los mismos sindicatos que ahora estamos al frente de la negociaci\u00f3n colectiva un modelo de trasvase voluntario de personal de TdE hacia estas nuevas filiales. Como siempre en estos casos, surgieron las voces catastrofistas, negacionistas y opuestas a todo.\u00a0<span style=\"color: #ff0000;\"><strong>UGT<\/strong><\/span>, como siempre, mostr\u00f3 un talante negociador, posibilista, pero sobre todo garantista y en defensa de los intereses de las personas trabajadoras, a pesar de no aprobar un modelo de segregaciones que, a la larga, result\u00f3 una ca\u00edda en bolsa y un foco de tensiones laborales que s\u00f3lo finaliz\u00f3 con la firma del I Convenio de Empresas Vinculadas. Si algo hemos aprendido de aquella experiencia, es que las personas trabajadoras s\u00ed podemos dotarnos de aut\u00e9nticas garant\u00edas salariales, de empleo y desarrollo profesional y social ante este tipo de movimientos mercantiles y burs\u00e1tiles.<\/p>\n<p style=\"text-align: justify;\">De hecho, las personas trabajadoras de TdE que voluntariamente \u2013este dato por si s\u00f3lo es fundamental- eligieron proseguir su vida profesional en estas empresas de nueva creaci\u00f3n, lo hicieron bajo par\u00e1metros de reversibilidad en forma de excedencia temporal, con garant\u00edas de retorno en su localidad y con sus derechos de antig\u00fcedad y desarrollo salarial y profesional indemnes. Gracias a ello, muchos compa\u00f1eros y compa\u00f1eras eligieron, libremente, continuar su carrera profesional en estas compa\u00f1\u00edas. Otros, simplemente, continuaron o regresaron a TdE sin consecuencias.<\/p>\n<p style=\"text-align: justify;\">En base a la experiencia acumulada en todos estos a\u00f1os, y a los hechos constatados existentes,\u00a0<span style=\"color: #ff0000;\"><strong>UGT<\/strong><\/span>\u00a0quiere hacer p\u00fablico su posicionamiento una vez conocidas las intenciones de la direcci\u00f3n de la empresa sobre Telef\u00f3nica Tech y Telef\u00f3nica Infra.<\/p>\n<ul style=\"text-align: justify;\">\n<li>Reiteramos la completa y absoluta validez de todas las garant\u00edas inscritas en el II CEV para todas y cada una de las personas trabajadoras de Telef\u00f3nica Espa\u00f1a: garant\u00eda de empleo, de no movilidad geogr\u00e1fica forzosa y que cualquier reestructuraci\u00f3n de actividades que incidan directamente en el volumen de empleo no impliquen la adscripci\u00f3n con car\u00e1cter forzoso.<\/li>\n<li>Adicionalmente, consideramos\u00a0<strong>imprescindible dotar de la m\u00e1xima transparencia y previsibilidad al proceso que ahora se abre<\/strong>. Es inaplazable alcanzar un acuerdo de car\u00e1cter laboral que nos permita afrontar cualquier tipo de casu\u00edstica en los pr\u00f3ximo a\u00f1os y que abarque a todo el Grupo Telef\u00f3nica, en donde no s\u00f3lo se refuerce la\u00a0<strong>voluntariedad<\/strong>\u00a0de cualquier transferencia de capital humano, sino que se reconozcan la\u00a0<strong>reversibilidad<\/strong>\u00a0del cambio mediante un\u00a0<strong>derecho de retorno<\/strong>, el\u00a0<strong>mantenimiento de los derechos consolidados<\/strong>\u00a0en origen en la empresa de destino (por ejemplo, antig\u00fcedad),\u00a0<strong>cautelas en caso de PSI<\/strong>\u00a0o similares en la empresa de origen y la obligada negociaci\u00f3n de un marco laboral en la filial destino. Y todo ello presidido por los necesarios \u00f3rganos de seguimiento paritarios que nos permita vigilar todos los procesos y reaccionar ante cualquier imprevisto.<\/li>\n<li>Rechazamos categ\u00f3ricamente cualquier posible descapitalizaci\u00f3n del negocio de Telef\u00f3nica Espa\u00f1a. Cualquier intento de traspasar las l\u00edneas de ingresos m\u00e1s pujantes a nuevas filiales significar\u00eda cercenar el futuro econ\u00f3mico de Telef\u00f3nica Espa\u00f1a, poniendo en duda su viabilidad, y por extensi\u00f3n, la empleabilidad de las plantillas. En este sentido, debemos recordar el ejemplo de TME y TdE, que desde un primer momento colaboraron mediante el alquiler y la prestaci\u00f3n de servicios cruzados, empleando medios propios, lo que consolid\u00f3 un flujo de sinergias de ingresos y beneficios mientras se apuntalaba el empleo en cada jur\u00eddica. Esta colaboraci\u00f3n se extendi\u00f3 en el tiempo hasta la misma mutualizaci\u00f3n de productos, que desemboc\u00f3 en servicios integrales tan pioneros como fue el Movistar Fusi\u00f3n.<\/li>\n<\/ul>\n<p style=\"text-align: justify;\">De forma coherente con lo que expresamos p\u00fablicamente en noviembre del a\u00f1o pasado, cuando valoramos cualquier medida que fortaleciese el valor de la acci\u00f3n, esto no puede ni debe significar una merma del sentido social y laboral de Telef\u00f3nica.\u00a0<strong>Apostamos por un proceso ordenado, di\u00e1fano, previsible, garantista y con vocaci\u00f3n de futuro<\/strong>.<\/p>\n<p style=\"text-align: justify;\">Por tanto, instamos a la empresa a sentarse a negociar, continuando por la senda del di\u00e1logo social y el consenso, para que, entre todos y como as\u00ed ha sido a lo largo de las \u00faltimas d\u00e9cadas, construyamos una Telef\u00f3nica valiosa, l\u00edder, pero no s\u00f3lo en t\u00e9rminos competitivos, sino tambi\u00e9n en aspectos salariales y profesionales.<\/p>\n","protected":false},"excerpt":{"rendered":"<p>Hace ahora aproximadamente 25 a\u00f1os, el Grupo Telef\u00f3nica tom\u00f3 la decisi\u00f3n, al amparo de las leyes mercantiles y del poder de direcci\u00f3n que le otorga el Estatuto de los Trabajadores, de segregar una serie de\u00a0servicios\u00a0en nuevas entidades jur\u00eddicas. De aquel movimiento empresarial, surgieron varias compa\u00f1\u00edas, entre las m\u00e1s conocidas, Telef\u00f3nica Servicios M\u00f3viles (ahora TME) o [&hellip;]<\/p>\n","protected":false},"author":3,"featured_media":511350,"comment_status":"closed","ping_status":"closed","sticky":false,"template":"","format":"standard","meta":{"footnotes":""},"categories":[8,25,7,26],"tags":[],"class_list":["post-511335","post","type-post","status-publish","format-standard","has-post-thumbnail","hentry","category-telefonica-cev","category-telefonica","category-telefonica-moviles","category-telefonica-soluciones"],"yoast_head":"<!-- This site is optimized with the Yoast SEO Premium plugin v27.3 (Yoast SEO v27.4) - https:\/\/yoast.com\/product\/yoast-seo-premium-wordpress\/ -->\n<title>Posicionamiento de UGT sobre Infra y Tech - UGT Comunicaciones<\/title>\n<meta name=\"robots\" content=\"index, follow, max-snippet:-1, max-image-preview:large, max-video-preview:-1\" \/>\n<link rel=\"canonical\" href=\"https:\/\/www.ugtcomunicaciones.es\/wordpress\/posicionamiento-de-ugt-sobre-infra-y-tech\/\" \/>\n<meta property=\"og:locale\" content=\"es_ES\" \/>\n<meta property=\"og:type\" content=\"article\" \/>\n<meta property=\"og:title\" content=\"Posicionamiento de UGT sobre Infra y Tech\" \/>\n<meta property=\"og:description\" content=\"Hace ahora aproximadamente 25 a\u00f1os, el Grupo Telef\u00f3nica tom\u00f3 la decisi\u00f3n, al amparo de las leyes mercantiles y del poder de direcci\u00f3n que le otorga el Estatuto de los Trabajadores, de segregar una serie de\u00a0servicios\u00a0en nuevas entidades jur\u00eddicas. De aquel movimiento empresarial, surgieron varias compa\u00f1\u00edas, entre las m\u00e1s conocidas, Telef\u00f3nica Servicios M\u00f3viles (ahora TME) o [&hellip;]\" \/>\n<meta property=\"og:url\" content=\"https:\/\/www.ugtcomunicaciones.es\/wordpress\/posicionamiento-de-ugt-sobre-infra-y-tech\/\" \/>\n<meta property=\"og:site_name\" content=\"UGT Comunicaciones\" \/>\n<meta property=\"article:publisher\" content=\"https:\/\/www.facebook.com\/ugt.comunicaciones\/\" \/>\n<meta property=\"article:published_time\" content=\"2020-01-31T07:00:52+00:00\" \/>\n<meta property=\"article:modified_time\" content=\"2020-01-31T09:08:28+00:00\" \/>\n<meta property=\"og:image\" content=\"https:\/\/www.ugtcomunicaciones.es\/wordpress\/wp-content\/uploads\/2020\/01\/infra_tech.jpg\" \/>\n\t<meta property=\"og:image:width\" content=\"512\" \/>\n\t<meta property=\"og:image:height\" content=\"335\" \/>\n\t<meta property=\"og:image:type\" content=\"image\/jpeg\" \/>\n<meta name=\"author\" content=\"UGT\" \/>\n<meta name=\"twitter:card\" content=\"summary_large_image\" \/>\n<meta name=\"twitter:creator\" content=\"@ugtcom\" \/>\n<meta name=\"twitter:site\" content=\"@ugtcom\" \/>\n<meta name=\"twitter:label1\" content=\"Escrito por\" \/>\n\t<meta name=\"twitter:data1\" content=\"UGT\" \/>\n\t<meta name=\"twitter:label2\" content=\"Tiempo de lectura\" \/>\n\t<meta name=\"twitter:data2\" content=\"4 minutos\" \/>\n<script type=\"application\/ld+json\" class=\"yoast-schema-graph\">{\"@context\":\"https:\\\/\\\/schema.org\",\"@graph\":[{\"@type\":\"Article\",\"@id\":\"https:\\\/\\\/www.ugtcomunicaciones.es\\\/wordpress\\\/posicionamiento-de-ugt-sobre-infra-y-tech\\\/#article\",\"isPartOf\":{\"@id\":\"https:\\\/\\\/www.ugtcomunicaciones.es\\\/wordpress\\\/posicionamiento-de-ugt-sobre-infra-y-tech\\\/\"},\"author\":{\"name\":\"UGT\",\"@id\":\"https:\\\/\\\/www.ugtcomunicaciones.es\\\/wordpress\\\/#\\\/schema\\\/person\\\/eba0fc3fe5b444531d94d4368cba89ed\"},\"headline\":\"Posicionamiento de UGT sobre Infra y Tech\",\"datePublished\":\"2020-01-31T07:00:52+00:00\",\"dateModified\":\"2020-01-31T09:08:28+00:00\",\"mainEntityOfPage\":{\"@id\":\"https:\\\/\\\/www.ugtcomunicaciones.es\\\/wordpress\\\/posicionamiento-de-ugt-sobre-infra-y-tech\\\/\"},\"wordCount\":894,\"publisher\":{\"@id\":\"https:\\\/\\\/www.ugtcomunicaciones.es\\\/wordpress\\\/#organization\"},\"image\":{\"@id\":\"https:\\\/\\\/www.ugtcomunicaciones.es\\\/wordpress\\\/posicionamiento-de-ugt-sobre-infra-y-tech\\\/#primaryimage\"},\"thumbnailUrl\":\"https:\\\/\\\/www.ugtcomunicaciones.es\\\/wordpress\\\/wp-content\\\/uploads\\\/2020\\\/01\\\/infra_tech.jpg\",\"articleSection\":[\"Telef\u00f3nica CEV\",\"Telef\u00f3nica de Espa\u00f1a\",\"Telef\u00f3nica M\u00f3viles\",\"Telef\u00f3nica Soluciones\"],\"inLanguage\":\"es\"},{\"@type\":\"WebPage\",\"@id\":\"https:\\\/\\\/www.ugtcomunicaciones.es\\\/wordpress\\\/posicionamiento-de-ugt-sobre-infra-y-tech\\\/\",\"url\":\"https:\\\/\\\/www.ugtcomunicaciones.es\\\/wordpress\\\/posicionamiento-de-ugt-sobre-infra-y-tech\\\/\",\"name\":\"Posicionamiento de UGT sobre Infra y Tech - UGT Comunicaciones\",\"isPartOf\":{\"@id\":\"https:\\\/\\\/www.ugtcomunicaciones.es\\\/wordpress\\\/#website\"},\"primaryImageOfPage\":{\"@id\":\"https:\\\/\\\/www.ugtcomunicaciones.es\\\/wordpress\\\/posicionamiento-de-ugt-sobre-infra-y-tech\\\/#primaryimage\"},\"image\":{\"@id\":\"https:\\\/\\\/www.ugtcomunicaciones.es\\\/wordpress\\\/posicionamiento-de-ugt-sobre-infra-y-tech\\\/#primaryimage\"},\"thumbnailUrl\":\"https:\\\/\\\/www.ugtcomunicaciones.es\\\/wordpress\\\/wp-content\\\/uploads\\\/2020\\\/01\\\/infra_tech.jpg\",\"datePublished\":\"2020-01-31T07:00:52+00:00\",\"dateModified\":\"2020-01-31T09:08:28+00:00\",\"breadcrumb\":{\"@id\":\"https:\\\/\\\/www.ugtcomunicaciones.es\\\/wordpress\\\/posicionamiento-de-ugt-sobre-infra-y-tech\\\/#breadcrumb\"},\"inLanguage\":\"es\",\"potentialAction\":[{\"@type\":\"ReadAction\",\"target\":[\"https:\\\/\\\/www.ugtcomunicaciones.es\\\/wordpress\\\/posicionamiento-de-ugt-sobre-infra-y-tech\\\/\"]}]},{\"@type\":\"ImageObject\",\"inLanguage\":\"es\",\"@id\":\"https:\\\/\\\/www.ugtcomunicaciones.es\\\/wordpress\\\/posicionamiento-de-ugt-sobre-infra-y-tech\\\/#primaryimage\",\"url\":\"https:\\\/\\\/www.ugtcomunicaciones.es\\\/wordpress\\\/wp-content\\\/uploads\\\/2020\\\/01\\\/infra_tech.jpg\",\"contentUrl\":\"https:\\\/\\\/www.ugtcomunicaciones.es\\\/wordpress\\\/wp-content\\\/uploads\\\/2020\\\/01\\\/infra_tech.jpg\",\"width\":512,\"height\":335},{\"@type\":\"BreadcrumbList\",\"@id\":\"https:\\\/\\\/www.ugtcomunicaciones.es\\\/wordpress\\\/posicionamiento-de-ugt-sobre-infra-y-tech\\\/#breadcrumb\",\"itemListElement\":[{\"@type\":\"ListItem\",\"position\":1,\"name\":\"Portada\",\"item\":\"https:\\\/\\\/www.ugtcomunicaciones.es\\\/wordpress\\\/\"},{\"@type\":\"ListItem\",\"position\":2,\"name\":\"Posicionamiento de UGT sobre Infra y Tech\"}]},{\"@type\":\"WebSite\",\"@id\":\"https:\\\/\\\/www.ugtcomunicaciones.es\\\/wordpress\\\/#website\",\"url\":\"https:\\\/\\\/www.ugtcomunicaciones.es\\\/wordpress\\\/\",\"name\":\"UGT Comunicaciones\",\"description\":\"Sindicato de Telecomunicaciones\",\"publisher\":{\"@id\":\"https:\\\/\\\/www.ugtcomunicaciones.es\\\/wordpress\\\/#organization\"},\"potentialAction\":[{\"@type\":\"SearchAction\",\"target\":{\"@type\":\"EntryPoint\",\"urlTemplate\":\"https:\\\/\\\/www.ugtcomunicaciones.es\\\/wordpress\\\/?s={search_term_string}\"},\"query-input\":{\"@type\":\"PropertyValueSpecification\",\"valueRequired\":true,\"valueName\":\"search_term_string\"}}],\"inLanguage\":\"es\"},{\"@type\":\"Organization\",\"@id\":\"https:\\\/\\\/www.ugtcomunicaciones.es\\\/wordpress\\\/#organization\",\"name\":\"UGT Comunicaciones\",\"url\":\"https:\\\/\\\/www.ugtcomunicaciones.es\\\/wordpress\\\/\",\"logo\":{\"@type\":\"ImageObject\",\"inLanguage\":\"es\",\"@id\":\"https:\\\/\\\/www.ugtcomunicaciones.es\\\/wordpress\\\/#\\\/schema\\\/logo\\\/image\\\/\",\"url\":\"https:\\\/\\\/www.ugtcomunicaciones.es\\\/wordpress\\\/wp-content\\\/uploads\\\/2024\\\/04\\\/comunicaciones_logo.png\",\"contentUrl\":\"https:\\\/\\\/www.ugtcomunicaciones.es\\\/wordpress\\\/wp-content\\\/uploads\\\/2024\\\/04\\\/comunicaciones_logo.png\",\"width\":298,\"height\":81,\"caption\":\"UGT Comunicaciones\"},\"image\":{\"@id\":\"https:\\\/\\\/www.ugtcomunicaciones.es\\\/wordpress\\\/#\\\/schema\\\/logo\\\/image\\\/\"},\"sameAs\":[\"https:\\\/\\\/www.facebook.com\\\/ugt.comunicaciones\\\/\",\"https:\\\/\\\/x.com\\\/ugtcom\"]},{\"@type\":\"Person\",\"@id\":\"https:\\\/\\\/www.ugtcomunicaciones.es\\\/wordpress\\\/#\\\/schema\\\/person\\\/eba0fc3fe5b444531d94d4368cba89ed\",\"name\":\"UGT\",\"image\":{\"@type\":\"ImageObject\",\"inLanguage\":\"es\",\"@id\":\"https:\\\/\\\/secure.gravatar.com\\\/avatar\\\/2a16057d620a4c646bcfc171c4f23030879ebbdd346f0525bd5d4a564e57e13d?s=96&d=mm&r=g\",\"url\":\"https:\\\/\\\/secure.gravatar.com\\\/avatar\\\/2a16057d620a4c646bcfc171c4f23030879ebbdd346f0525bd5d4a564e57e13d?s=96&d=mm&r=g\",\"contentUrl\":\"https:\\\/\\\/secure.gravatar.com\\\/avatar\\\/2a16057d620a4c646bcfc171c4f23030879ebbdd346f0525bd5d4a564e57e13d?s=96&d=mm&r=g\",\"caption\":\"UGT\"}}]}<\/script>\n<!-- \/ Yoast SEO Premium plugin. -->","yoast_head_json":{"title":"Posicionamiento de UGT sobre Infra y Tech - UGT Comunicaciones","robots":{"index":"index","follow":"follow","max-snippet":"max-snippet:-1","max-image-preview":"max-image-preview:large","max-video-preview":"max-video-preview:-1"},"canonical":"https:\/\/www.ugtcomunicaciones.es\/wordpress\/posicionamiento-de-ugt-sobre-infra-y-tech\/","og_locale":"es_ES","og_type":"article","og_title":"Posicionamiento de UGT sobre Infra y Tech","og_description":"Hace ahora aproximadamente 25 a\u00f1os, el Grupo Telef\u00f3nica tom\u00f3 la decisi\u00f3n, al amparo de las leyes mercantiles y del poder de direcci\u00f3n que le otorga el Estatuto de los Trabajadores, de segregar una serie de\u00a0servicios\u00a0en nuevas entidades jur\u00eddicas. De aquel movimiento empresarial, surgieron varias compa\u00f1\u00edas, entre las m\u00e1s conocidas, Telef\u00f3nica Servicios M\u00f3viles (ahora TME) o [&hellip;]","og_url":"https:\/\/www.ugtcomunicaciones.es\/wordpress\/posicionamiento-de-ugt-sobre-infra-y-tech\/","og_site_name":"UGT Comunicaciones","article_publisher":"https:\/\/www.facebook.com\/ugt.comunicaciones\/","article_published_time":"2020-01-31T07:00:52+00:00","article_modified_time":"2020-01-31T09:08:28+00:00","og_image":[{"width":512,"height":335,"url":"https:\/\/www.ugtcomunicaciones.es\/wordpress\/wp-content\/uploads\/2020\/01\/infra_tech.jpg","type":"image\/jpeg"}],"author":"UGT","twitter_card":"summary_large_image","twitter_creator":"@ugtcom","twitter_site":"@ugtcom","twitter_misc":{"Escrito por":"UGT","Tiempo de lectura":"4 minutos"},"schema":{"@context":"https:\/\/schema.org","@graph":[{"@type":"Article","@id":"https:\/\/www.ugtcomunicaciones.es\/wordpress\/posicionamiento-de-ugt-sobre-infra-y-tech\/#article","isPartOf":{"@id":"https:\/\/www.ugtcomunicaciones.es\/wordpress\/posicionamiento-de-ugt-sobre-infra-y-tech\/"},"author":{"name":"UGT","@id":"https:\/\/www.ugtcomunicaciones.es\/wordpress\/#\/schema\/person\/eba0fc3fe5b444531d94d4368cba89ed"},"headline":"Posicionamiento de UGT sobre Infra y Tech","datePublished":"2020-01-31T07:00:52+00:00","dateModified":"2020-01-31T09:08:28+00:00","mainEntityOfPage":{"@id":"https:\/\/www.ugtcomunicaciones.es\/wordpress\/posicionamiento-de-ugt-sobre-infra-y-tech\/"},"wordCount":894,"publisher":{"@id":"https:\/\/www.ugtcomunicaciones.es\/wordpress\/#organization"},"image":{"@id":"https:\/\/www.ugtcomunicaciones.es\/wordpress\/posicionamiento-de-ugt-sobre-infra-y-tech\/#primaryimage"},"thumbnailUrl":"https:\/\/www.ugtcomunicaciones.es\/wordpress\/wp-content\/uploads\/2020\/01\/infra_tech.jpg","articleSection":["Telef\u00f3nica CEV","Telef\u00f3nica de Espa\u00f1a","Telef\u00f3nica M\u00f3viles","Telef\u00f3nica Soluciones"],"inLanguage":"es"},{"@type":"WebPage","@id":"https:\/\/www.ugtcomunicaciones.es\/wordpress\/posicionamiento-de-ugt-sobre-infra-y-tech\/","url":"https:\/\/www.ugtcomunicaciones.es\/wordpress\/posicionamiento-de-ugt-sobre-infra-y-tech\/","name":"Posicionamiento de UGT sobre Infra y Tech - UGT Comunicaciones","isPartOf":{"@id":"https:\/\/www.ugtcomunicaciones.es\/wordpress\/#website"},"primaryImageOfPage":{"@id":"https:\/\/www.ugtcomunicaciones.es\/wordpress\/posicionamiento-de-ugt-sobre-infra-y-tech\/#primaryimage"},"image":{"@id":"https:\/\/www.ugtcomunicaciones.es\/wordpress\/posicionamiento-de-ugt-sobre-infra-y-tech\/#primaryimage"},"thumbnailUrl":"https:\/\/www.ugtcomunicaciones.es\/wordpress\/wp-content\/uploads\/2020\/01\/infra_tech.jpg","datePublished":"2020-01-31T07:00:52+00:00","dateModified":"2020-01-31T09:08:28+00:00","breadcrumb":{"@id":"https:\/\/www.ugtcomunicaciones.es\/wordpress\/posicionamiento-de-ugt-sobre-infra-y-tech\/#breadcrumb"},"inLanguage":"es","potentialAction":[{"@type":"ReadAction","target":["https:\/\/www.ugtcomunicaciones.es\/wordpress\/posicionamiento-de-ugt-sobre-infra-y-tech\/"]}]},{"@type":"ImageObject","inLanguage":"es","@id":"https:\/\/www.ugtcomunicaciones.es\/wordpress\/posicionamiento-de-ugt-sobre-infra-y-tech\/#primaryimage","url":"https:\/\/www.ugtcomunicaciones.es\/wordpress\/wp-content\/uploads\/2020\/01\/infra_tech.jpg","contentUrl":"https:\/\/www.ugtcomunicaciones.es\/wordpress\/wp-content\/uploads\/2020\/01\/infra_tech.jpg","width":512,"height":335},{"@type":"BreadcrumbList","@id":"https:\/\/www.ugtcomunicaciones.es\/wordpress\/posicionamiento-de-ugt-sobre-infra-y-tech\/#breadcrumb","itemListElement":[{"@type":"ListItem","position":1,"name":"Portada","item":"https:\/\/www.ugtcomunicaciones.es\/wordpress\/"},{"@type":"ListItem","position":2,"name":"Posicionamiento de UGT sobre Infra y Tech"}]},{"@type":"WebSite","@id":"https:\/\/www.ugtcomunicaciones.es\/wordpress\/#website","url":"https:\/\/www.ugtcomunicaciones.es\/wordpress\/","name":"UGT Comunicaciones","description":"Sindicato de Telecomunicaciones","publisher":{"@id":"https:\/\/www.ugtcomunicaciones.es\/wordpress\/#organization"},"potentialAction":[{"@type":"SearchAction","target":{"@type":"EntryPoint","urlTemplate":"https:\/\/www.ugtcomunicaciones.es\/wordpress\/?s={search_term_string}"},"query-input":{"@type":"PropertyValueSpecification","valueRequired":true,"valueName":"search_term_string"}}],"inLanguage":"es"},{"@type":"Organization","@id":"https:\/\/www.ugtcomunicaciones.es\/wordpress\/#organization","name":"UGT Comunicaciones","url":"https:\/\/www.ugtcomunicaciones.es\/wordpress\/","logo":{"@type":"ImageObject","inLanguage":"es","@id":"https:\/\/www.ugtcomunicaciones.es\/wordpress\/#\/schema\/logo\/image\/","url":"https:\/\/www.ugtcomunicaciones.es\/wordpress\/wp-content\/uploads\/2024\/04\/comunicaciones_logo.png","contentUrl":"https:\/\/www.ugtcomunicaciones.es\/wordpress\/wp-content\/uploads\/2024\/04\/comunicaciones_logo.png","width":298,"height":81,"caption":"UGT Comunicaciones"},"image":{"@id":"https:\/\/www.ugtcomunicaciones.es\/wordpress\/#\/schema\/logo\/image\/"},"sameAs":["https:\/\/www.facebook.com\/ugt.comunicaciones\/","https:\/\/x.com\/ugtcom"]},{"@type":"Person","@id":"https:\/\/www.ugtcomunicaciones.es\/wordpress\/#\/schema\/person\/eba0fc3fe5b444531d94d4368cba89ed","name":"UGT","image":{"@type":"ImageObject","inLanguage":"es","@id":"https:\/\/secure.gravatar.com\/avatar\/2a16057d620a4c646bcfc171c4f23030879ebbdd346f0525bd5d4a564e57e13d?s=96&d=mm&r=g","url":"https:\/\/secure.gravatar.com\/avatar\/2a16057d620a4c646bcfc171c4f23030879ebbdd346f0525bd5d4a564e57e13d?s=96&d=mm&r=g","contentUrl":"https:\/\/secure.gravatar.com\/avatar\/2a16057d620a4c646bcfc171c4f23030879ebbdd346f0525bd5d4a564e57e13d?s=96&d=mm&r=g","caption":"UGT"}}]}},"_links":{"self":[{"href":"https:\/\/www.ugtcomunicaciones.es\/wordpress\/wp-json\/wp\/v2\/posts\/511335","targetHints":{"allow":["GET"]}}],"collection":[{"href":"https:\/\/www.ugtcomunicaciones.es\/wordpress\/wp-json\/wp\/v2\/posts"}],"about":[{"href":"https:\/\/www.ugtcomunicaciones.es\/wordpress\/wp-json\/wp\/v2\/types\/post"}],"author":[{"embeddable":true,"href":"https:\/\/www.ugtcomunicaciones.es\/wordpress\/wp-json\/wp\/v2\/users\/3"}],"replies":[{"embeddable":true,"href":"https:\/\/www.ugtcomunicaciones.es\/wordpress\/wp-json\/wp\/v2\/comments?post=511335"}],"version-history":[{"count":0,"href":"https:\/\/www.ugtcomunicaciones.es\/wordpress\/wp-json\/wp\/v2\/posts\/511335\/revisions"}],"wp:featuredmedia":[{"embeddable":true,"href":"https:\/\/www.ugtcomunicaciones.es\/wordpress\/wp-json\/wp\/v2\/media\/511350"}],"wp:attachment":[{"href":"https:\/\/www.ugtcomunicaciones.es\/wordpress\/wp-json\/wp\/v2\/media?parent=511335"}],"wp:term":[{"taxonomy":"category","embeddable":true,"href":"https:\/\/www.ugtcomunicaciones.es\/wordpress\/wp-json\/wp\/v2\/categories?post=511335"},{"taxonomy":"post_tag","embeddable":true,"href":"https:\/\/www.ugtcomunicaciones.es\/wordpress\/wp-json\/wp\/v2\/tags?post=511335"}],"curies":[{"name":"wp","href":"https:\/\/api.w.org\/{rel}","templated":true}]}}