{"id":513455,"date":"2020-02-17T07:00:40","date_gmt":"2020-02-17T05:00:40","guid":{"rendered":"http:\/\/ugtcomunicaciones.es\/wordpress\/?p=513455"},"modified":"2020-02-04T13:45:23","modified_gmt":"2020-02-04T11:45:23","slug":"513455-2","status":"publish","type":"post","link":"https:\/\/www.ugtcomunicaciones.es\/wordpress\/513455-2\/","title":{"rendered":"\u00bfCrear\u00e1 tendencia? PT vende su red de fibra"},"content":{"rendered":"<p style=\"text-align: justify;\">Es la tendencia m\u00e1s pujante en el sector; la moda de la \u00e9poca. La supravaloraci\u00f3n de las infraestructuras por encima de todo. Incluso por encima de tener \u2013 o no tener- clientes.<\/p>\n<p style=\"text-align: justify;\">La obsesi\u00f3n comenz\u00f3 all\u00e1 por 2013, con el inicio de una serie de acuerdos para la compartici\u00f3n de torres entre operadores en todo el mundo<sup class=\"modern-footnotes-footnote \" data-mfn=\"1\" data-mfn-post-scope=\"000000000000413c0000000000000000_513455\"><a href=\"javascript:void(0)\"  role=\"button\" aria-pressed=\"false\" aria-describedby=\"mfn-content-000000000000413c0000000000000000_513455-1\">1<\/a><\/sup><span id=\"mfn-content-000000000000413c0000000000000000_513455-1\" role=\"tooltip\" class=\"modern-footnotes-footnote__note\" tabindex=\"0\" data-mfn=\"1\"><a href=\"https:\/\/ecodiario.eleconomista.es\/noticias\/noticias\/5041173\/08\/13\/Espana-acuerdo-entre-Telefonica-Yoigo-y-Abertis-para-compartir-una-red.html\" target=\"_blank\" rel=\"noopener noreferrer\">https:\/\/ecodiario.eleconomista.es\/noticias\/noticias\/5041173\/08\/13\/Espana-acuerdo-entre-Telefonica-Yoigo-y-Abertis-para-compartir-una-red.html<\/a> ; <a href=\"https:\/\/www.expansion.com\/2013\/11\/12\/empresas\/tmt\/1384292982.html\" target=\"_blank\" rel=\"noopener noreferrer\">https:\/\/www.expansion.com\/2013\/11\/12\/empresas\/tmt\/1384292982.html<\/a><\/span> (algunos de ellos puestos en duda recientemente por la Uni\u00f3n Europea<sup class=\"modern-footnotes-footnote \" data-mfn=\"2\" data-mfn-post-scope=\"000000000000413c0000000000000000_513455\"><a href=\"javascript:void(0)\"  role=\"button\" aria-pressed=\"false\" aria-describedby=\"mfn-content-000000000000413c0000000000000000_513455-2\">2<\/a><\/sup><span id=\"mfn-content-000000000000413c0000000000000000_513455-2\" role=\"tooltip\" class=\"modern-footnotes-footnote__note\" tabindex=\"0\" data-mfn=\"2\"><a href=\"http:\/\/ugtcomunicaciones.es\/wordpress\/en-guardia-europa-pone-en-duda-los-acuerdos-de-comparticion-de-torres\/\" target=\"_blank\" rel=\"noopener noreferrer\">http:\/\/ugtcomunicaciones.es\/wordpress\/en-guardia-europa-pone-en-duda-los-acuerdos-de-comparticion-de-torres\/<\/a><\/span>). La llegada del 5G (que seis a\u00f1os despu\u00e9s a\u00fan es un ejercicio te\u00f3rico), y las ingentes inversiones que supondr\u00eda en forma de nuevas antenas, empujaba a las operadoras a juntar fuerzas, optimizar despliegues y minimizar riesgos.<\/p>\n<p style=\"text-align: justify;\">Estos primeros momentos colaborativos elevaron el tono cuando se inici\u00f3 la venta de emplazamientos, tanto a empresas externas (operadores neutros, como Cellnex<sup class=\"modern-footnotes-footnote \" data-mfn=\"3\" data-mfn-post-scope=\"000000000000413c0000000000000000_513455\"><a href=\"javascript:void(0)\"  role=\"button\" aria-pressed=\"false\" aria-describedby=\"mfn-content-000000000000413c0000000000000000_513455-3\">3<\/a><\/sup><span id=\"mfn-content-000000000000413c0000000000000000_513455-3\" role=\"tooltip\" class=\"modern-footnotes-footnote__note\" tabindex=\"0\" data-mfn=\"3\"><a href=\"https:\/\/cincodias.elpais.com\/cincodias\/2016\/03\/14\/empresas\/1457981604_645900.html\" target=\"_blank\" rel=\"noopener noreferrer\">https:\/\/cincodias.elpais.com\/cincodias\/2016\/03\/14\/empresas\/1457981604_645900.html<\/a><\/span>) como mediante la creaci\u00f3n de filiales independientes separadas de la matriz principal<sup class=\"modern-footnotes-footnote \" data-mfn=\"4\" data-mfn-post-scope=\"000000000000413c0000000000000000_513455\"><a href=\"javascript:void(0)\"  role=\"button\" aria-pressed=\"false\" aria-describedby=\"mfn-content-000000000000413c0000000000000000_513455-4\">4<\/a><\/sup><span id=\"mfn-content-000000000000413c0000000000000000_513455-4\" role=\"tooltip\" class=\"modern-footnotes-footnote__note\" tabindex=\"0\" data-mfn=\"4\"><a href=\"https:\/\/www.eleconomista.es\/mercados-cotizaciones\/noticias\/7859976\/09\/16\/Telefonica-aborta-la-OPV-de-Telxius-y-abre-la-via-de-venderla-sin-salir-a-bolsa-.html\" target=\"_blank\" rel=\"noopener noreferrer\">https:\/\/www.eleconomista.es\/mercados-cotizaciones\/noticias\/7859976\/09\/16\/Telefonica-aborta-la-OPV-de-Telxius-y-abre-la-via-de-venderla-sin-salir-a-bolsa-.html<\/a><\/span>. La experiencia de la compartici\u00f3n de torres se convirti\u00f3 entonces en un puro negocio: la extracci\u00f3n de infraestructuras desde las configuraciones tradicionales a nuevos entes empresariales podr\u00eda traducirse en la entrada de nuevos inversores, y por tanto, en dinero fresco, algo muy poco corriente en el depauperado sector de las telecomunicaciones. Poco tardaron en llegar la acumulaci\u00f3n de nuevos activos alrededor de estas empresas, a\u00f1adiendo cables submarinos, centros de datos y cualquier otro elemento que pudiese aumentar su valor.<\/p>\n<p style=\"text-align: justify;\">Los dos mejores ejemplos de que c\u00f3mo esta tendencia est\u00e1 comenzando a acaparar el foco de nuestro sector se encuentran en Portugal y en Nueva York.<\/p>\n<p style=\"text-align: justify;\">La primera est\u00e1 protagonizada por Altice, el fondo luxemburgu\u00e9s propiedad de Portugal Telecom (PT). Su alt\u00edsima deuda<sup class=\"modern-footnotes-footnote \" data-mfn=\"5\" data-mfn-post-scope=\"000000000000413c0000000000000000_513455\"><a href=\"javascript:void(0)\"  role=\"button\" aria-pressed=\"false\" aria-describedby=\"mfn-content-000000000000413c0000000000000000_513455-5\">5<\/a><\/sup><span id=\"mfn-content-000000000000413c0000000000000000_513455-5\" role=\"tooltip\" class=\"modern-footnotes-footnote__note\" tabindex=\"0\" data-mfn=\"5\"><a href=\"http:\/\/ugtcomunicaciones.es\/wordpress\/la-deuda-altice-le-obliga-desinvertir\/\" target=\"_blank\" rel=\"noopener noreferrer\">http:\/\/ugtcomunicaciones.es\/wordpress\/la-deuda-altice-le-obliga-desinvertir\/<\/a><\/span>, fruto de una desaforada expansi\u00f3n a base de compras por todo el mundo, le obligaba a tomar decisiones contundentes si quer\u00eda ser viable. Y al calor de c\u00f3mo se comportan los mercados, decide poner en venta la red de fibra de PT, una de las m\u00e1s capilares y extensas de Europa<sup class=\"modern-footnotes-footnote \" data-mfn=\"6\" data-mfn-post-scope=\"000000000000413c0000000000000000_513455\"><a href=\"javascript:void(0)\"  role=\"button\" aria-pressed=\"false\" aria-describedby=\"mfn-content-000000000000413c0000000000000000_513455-6\">6<\/a><\/sup><span id=\"mfn-content-000000000000413c0000000000000000_513455-6\" role=\"tooltip\" class=\"modern-footnotes-footnote__note\" tabindex=\"0\" data-mfn=\"6\"><a href=\"http:\/\/ugtcomunicaciones.es\/wordpress\/portugal-telecom-vende-su-red-de-fibra\/\" target=\"_blank\" rel=\"noopener noreferrer\">http:\/\/ugtcomunicaciones.es\/wordpress\/portugal-telecom-vende-su-red-de-fibra\/<\/a><\/span>.<\/p>\n<p style=\"text-align: justify;\">Despu\u00e9s de varios meses de negociaci\u00f3n con diferentes oferentes, Altice vende el 49,99% de la red de fibra de PT por 1.500 millones de euros a Morgan Stanley<sup class=\"modern-footnotes-footnote \" data-mfn=\"7\" data-mfn-post-scope=\"000000000000413c0000000000000000_513455\"><a href=\"javascript:void(0)\"  role=\"button\" aria-pressed=\"false\" aria-describedby=\"mfn-content-000000000000413c0000000000000000_513455-7\">7<\/a><\/sup><span id=\"mfn-content-000000000000413c0000000000000000_513455-7\" role=\"tooltip\" class=\"modern-footnotes-footnote__note\" tabindex=\"0\" data-mfn=\"7\"><a href=\"https:\/\/www.publico.pt\/2019\/12\/13\/economia\/noticia\/altice-vende-metade-rede-fibra-optica-15-mil-milhoes-1897207\" target=\"_blank\" rel=\"noopener noreferrer\">https:\/\/www.publico.pt\/2019\/12\/13\/economia\/noticia\/altice-vende-metade-rede-fibra-optica-15-mil-milhoes-1897207<\/a><\/span>; recordemos, una entidad financiera dedicada a la banca de inversi\u00f3n y a la especulaci\u00f3n burs\u00e1til. El primer ejemplo en Europa est\u00e1 ya sustanciado: la primera experiencia de venta de una red de fibra \u00f3ptica comienza su andadura.<\/p>\n<p style=\"text-align: justify;\">Mientras tanto, en Nueva York, McKinsey, una de las consultoras de referencia del sector a nivel mundial, se preguntaba, qui\u00e9n sabe si capciosamente<sup class=\"modern-footnotes-footnote \" data-mfn=\"8\" data-mfn-post-scope=\"000000000000413c0000000000000000_513455\"><a href=\"javascript:void(0)\"  role=\"button\" aria-pressed=\"false\" aria-describedby=\"mfn-content-000000000000413c0000000000000000_513455-8\">8<\/a><\/sup><span id=\"mfn-content-000000000000413c0000000000000000_513455-8\" role=\"tooltip\" class=\"modern-footnotes-footnote__note\" tabindex=\"0\" data-mfn=\"8\"><a href=\"https:\/\/cincodias.elpais.com\/cincodias\/2020\/01\/28\/companias\/1580237520_999965.html\" target=\"_blank\" rel=\"noopener noreferrer\">https:\/\/cincodias.elpais.com\/cincodias\/2020\/01\/28\/companias\/1580237520_999965.html<\/a><\/span>: <em>\u00bfpueden crear las empresas de telecomunicaciones crear m\u00e1s valor separ\u00e1ndose<sup class=\"modern-footnotes-footnote \" data-mfn=\"9\" data-mfn-post-scope=\"000000000000413c0000000000000000_513455\"><a href=\"javascript:void(0)\"  role=\"button\" aria-pressed=\"false\" aria-describedby=\"mfn-content-000000000000413c0000000000000000_513455-9\">9<\/a><\/sup><span id=\"mfn-content-000000000000413c0000000000000000_513455-9\" role=\"tooltip\" class=\"modern-footnotes-footnote__note\" tabindex=\"0\" data-mfn=\"9\"><a href=\"https:\/\/www.mckinsey.com\/industries\/technology-media-and-telecommunications\/our-insights\/can-telcos-create-more-value-by-breaking-up\" target=\"_blank\" rel=\"noopener noreferrer\">https:\/\/www.mckinsey.com\/industries\/technology-media-and-telecommunications\/our-insights\/can-telcos-create-more-value-by-breaking-up<\/a><\/span>?<\/em> El informe, digno de un manual sobre c\u00f3mo hacer atractivo el troceo de empresas, comienza con una significativa afirmaci\u00f3n: <em>\u201c<\/em><em>A veces, el todo es menor\u00a0que la suma de sus partes<\/em><em>\u201d<\/em>. Si Arist\u00f3teles levantase la cabeza<sup class=\"modern-footnotes-footnote \" data-mfn=\"10\" data-mfn-post-scope=\"000000000000413c0000000000000000_513455\"><a href=\"javascript:void(0)\"  role=\"button\" aria-pressed=\"false\" aria-describedby=\"mfn-content-000000000000413c0000000000000000_513455-10\">10<\/a><\/sup><span id=\"mfn-content-000000000000413c0000000000000000_513455-10\" role=\"tooltip\" class=\"modern-footnotes-footnote__note\" tabindex=\"0\" data-mfn=\"10\"><a href=\"http:\/\/www.filosofia.org\/cla\/ari\/azc10219.htm\" target=\"_blank\" rel=\"noopener noreferrer\">http:\/\/www.filosofia.org\/cla\/ari\/azc10219.htm<\/a><\/span>\u2026<\/p>\n<p style=\"text-align: justify;\">La confluencia de ambos hechos, junto con la entrada de multitud de empresas dedicadas al capital riesgo (Asterion<sup class=\"modern-footnotes-footnote \" data-mfn=\"11\" data-mfn-post-scope=\"000000000000413c0000000000000000_513455\"><a href=\"javascript:void(0)\"  role=\"button\" aria-pressed=\"false\" aria-describedby=\"mfn-content-000000000000413c0000000000000000_513455-11\">11<\/a><\/sup><span id=\"mfn-content-000000000000413c0000000000000000_513455-11\" role=\"tooltip\" class=\"modern-footnotes-footnote__note\" tabindex=\"0\" data-mfn=\"11\"><a href=\"https:\/\/www.telefonica.com\/es\/web\/sala-de-prensa\/-\/telefonica-acuerda-con-asterion-industrial-partners-la-venta-de-11-data-centers-por-550-millones-de-euros\" target=\"_blank\" rel=\"noopener noreferrer\">https:\/\/www.telefonica.com\/es\/web\/sala-de-prensa\/-\/telefonica-acuerda-con-asterion-industrial-partners-la-venta-de-11-data-centers-por-550-millones-de-euros<\/a><\/span>, Macquaire Capital<sup class=\"modern-footnotes-footnote \" data-mfn=\"12\" data-mfn-post-scope=\"000000000000413c0000000000000000_513455\"><a href=\"javascript:void(0)\"  role=\"button\" aria-pressed=\"false\" aria-describedby=\"mfn-content-000000000000413c0000000000000000_513455-12\">12<\/a><\/sup><span id=\"mfn-content-000000000000413c0000000000000000_513455-12\" role=\"tooltip\" class=\"modern-footnotes-footnote__note\" tabindex=\"0\" data-mfn=\"12\"><a href=\"https:\/\/elpais.com\/economia\/2019\/11\/06\/actualidad\/1573032207_599679.html\" target=\"_blank\" rel=\"noopener noreferrer\">https:\/\/elpais.com\/economia\/2019\/11\/06\/actualidad\/1573032207_599679.html<\/a><\/span>, Portobello<sup class=\"modern-footnotes-footnote \" data-mfn=\"13\" data-mfn-post-scope=\"000000000000413c0000000000000000_513455\"><a href=\"javascript:void(0)\"  role=\"button\" aria-pressed=\"false\" aria-describedby=\"mfn-content-000000000000413c0000000000000000_513455-13\">13<\/a><\/sup><span id=\"mfn-content-000000000000413c0000000000000000_513455-13\" role=\"tooltip\" class=\"modern-footnotes-footnote__note\" tabindex=\"0\" data-mfn=\"13\"><a href=\"https:\/\/www.elespanol.com\/economia\/empresas\/20191216\/bt-vende-portobello-negocio-telecomunicaciones-tecnologia-espana\/452455162_0.html\" target=\"_blank\" rel=\"noopener noreferrer\">https:\/\/www.elespanol.com\/economia\/empresas\/20191216\/bt-vende-portobello-negocio-telecomunicaciones-tecnologia-espana\/452455162_0.html<\/a><\/span>, Abardeen Standard<sup class=\"modern-footnotes-footnote \" data-mfn=\"14\" data-mfn-post-scope=\"000000000000413c0000000000000000_513455\"><a href=\"javascript:void(0)\"  role=\"button\" aria-pressed=\"false\" aria-describedby=\"mfn-content-000000000000413c0000000000000000_513455-14\">14<\/a><\/sup><span id=\"mfn-content-000000000000413c0000000000000000_513455-14\" role=\"tooltip\" class=\"modern-footnotes-footnote__note\" tabindex=\"0\" data-mfn=\"14\"><a href=\"https:\/\/www.lavanguardia.com\/vida\/20191106\/471426328192\/economia--amp-masmovil-cierra-la-venta-de-casi-940000-hogares-de-su-red-de-fibra-a-macquarie-por-2185-millones.html\" target=\"_blank\" rel=\"noopener noreferrer\">https:\/\/www.lavanguardia.com\/vida\/20191106\/471426328192\/economia&#8211;amp-masmovil-cierra-la-venta-de-casi-940000-hogares-de-su-red-de-fibra-a-macquarie-por-2185-millones.html<\/a><\/span>), son la principal consecuencia de la profunda crisis burs\u00e1til que mina la viabilidad de las operadoras de comunicaciones<sup class=\"modern-footnotes-footnote \" data-mfn=\"15\" data-mfn-post-scope=\"000000000000413c0000000000000000_513455\"><a href=\"javascript:void(0)\"  role=\"button\" aria-pressed=\"false\" aria-describedby=\"mfn-content-000000000000413c0000000000000000_513455-15\">15<\/a><\/sup><span id=\"mfn-content-000000000000413c0000000000000000_513455-15\" role=\"tooltip\" class=\"modern-footnotes-footnote__note\" tabindex=\"0\" data-mfn=\"15\"><a href=\"https:\/\/www.elmundo.es\/economia\/empresas\/2020\/01\/07\/5e0f720ffdddff41518b45d7.html\" target=\"_blank\" rel=\"noopener noreferrer\">https:\/\/www.elmundo.es\/economia\/empresas\/2020\/01\/07\/5e0f720ffdddff41518b45d7.html<\/a><\/span>, que coincide con un <em>momentum<\/em> hist\u00f3rico de m\u00e1xima necesidad inversora (5G, fibra).<\/p>\n<p style=\"text-align: justify;\">Pero, \u00bfest\u00e1 justificado el valor que est\u00e1n obteniendo las infraestructuras pasivas en empresas separadas? \u00bfc\u00f3mo es posible que un operador neutro sin clientes finales minoristas valga m\u00e1s que la suma de Telecom Italia y KPN<sup class=\"modern-footnotes-footnote \" data-mfn=\"16\" data-mfn-post-scope=\"000000000000413c0000000000000000_513455\"><a href=\"javascript:void(0)\"  role=\"button\" aria-pressed=\"false\" aria-describedby=\"mfn-content-000000000000413c0000000000000000_513455-16\">16<\/a><\/sup><span id=\"mfn-content-000000000000413c0000000000000000_513455-16\" role=\"tooltip\" class=\"modern-footnotes-footnote__note\" tabindex=\"0\" data-mfn=\"16\"><a href=\"https:\/\/cincodias.elpais.com\/cincodias\/2019\/12\/05\/companias\/1575574296_466737.html\" target=\"_blank\" rel=\"noopener noreferrer\">https:\/\/cincodias.elpais.com\/cincodias\/2019\/12\/05\/companias\/1575574296_466737.html<\/a><\/span>?<\/p>\n<p style=\"text-align: justify;\">La evidencia nos demuestra que la separaci\u00f3n de infraestructuras no aporta beneficio alguno. Al contrario, la \u00fanica experiencia de gran operadora con una Separaci\u00f3n Estructural, BT en el Reino Unido y su filial Openreach, ha resultado ser un desastre en t\u00e9rminos de inversi\u00f3n y expansi\u00f3n de nuevas tecnolog\u00edas. De hecho, si por algo se distingue UK es por su atraso en nuevas tecnolog\u00edas<sup class=\"modern-footnotes-footnote \" data-mfn=\"17\" data-mfn-post-scope=\"000000000000413c0000000000000000_513455\"><a href=\"javascript:void(0)\"  role=\"button\" aria-pressed=\"false\" aria-describedby=\"mfn-content-000000000000413c0000000000000000_513455-17\">17<\/a><\/sup><span id=\"mfn-content-000000000000413c0000000000000000_513455-17\" role=\"tooltip\" class=\"modern-footnotes-footnote__note\" tabindex=\"0\" data-mfn=\"17\"><a href=\"http:\/\/ugtcomunicaciones.es\/wordpress\/el-reino-unido-se-rinde-a-la-evidencia-sin-fibra-total-hasta-2033\/\" target=\"_blank\" rel=\"noopener noreferrer\">http:\/\/ugtcomunicaciones.es\/wordpress\/el-reino-unido-se-rinde-a-la-evidencia-sin-fibra-total-hasta-2033\/<\/a><\/span>. En t\u00e9rminos laborales el resultado a\u00fan es peor: segmentaci\u00f3n del empleo y de las condiciones de trabajo y un incremento innecesario de las tensiones sociales<sup class=\"modern-footnotes-footnote \" data-mfn=\"18\" data-mfn-post-scope=\"000000000000413c0000000000000000_513455\"><a href=\"javascript:void(0)\"  role=\"button\" aria-pressed=\"false\" aria-describedby=\"mfn-content-000000000000413c0000000000000000_513455-18\">18<\/a><\/sup><span id=\"mfn-content-000000000000413c0000000000000000_513455-18\" role=\"tooltip\" class=\"modern-footnotes-footnote__note\" tabindex=\"0\" data-mfn=\"18\"><a href=\"http:\/\/ugtcomunicaciones.es\/wordpress\/bt-traslada-a-31-000-trabajadores-as-a-su-filial-openreach\/\" target=\"_blank\" rel=\"noopener noreferrer\">http:\/\/ugtcomunicaciones.es\/wordpress\/bt-traslada-a-31-000-trabajadores-as-a-su-filial-openreach\/<\/a><\/span>.<\/p>\n<p style=\"text-align: justify;\"><strong>Por tanto, no nos encontramos ante un movimiento estrat\u00e9gico obligado como parte de la evoluci\u00f3n de un sector, sino ante la presi\u00f3n de ciertos actores para alimentar un mercado especulativo para inter\u00e9s de unos pocos.<\/strong><\/p>\n<p style=\"text-align: justify;\">Y aqu\u00ed es cuando se precisa de una regulaci\u00f3n sectorial fuerte que obligue a todos los actores a volver al sitio del que nunca debimos salir: de la competencia en infraestructuras y servicios, pero bien entendida, no como lo est\u00e1n interpretando los mercados burs\u00e1tiles.<\/p>\n<p style=\"text-align: justify;\">Estamos asistiendo a reacciones irracionales por parte de los inversores, que proporcionan a las infraestructuras pasivas de un valor exagerado si se contemplan de forma aislada. As\u00ed, no tiene sentido valorar m\u00e1s a aquellas empresas que solo tiene infraestructuras pasivas sin clientes finales adheridas, que aquellas que cuentan con millones de l\u00edneas y usuarios. No tiene sentido que los mercados premien con miles de millones a compa\u00f1\u00edas que \u00fanicamente poseen cables y torres, sin clientes, mientras penalizan a aquellas empresas que dotan al sistema de sentido econ\u00f3mico, competitivo y empresarial. Las primeras son compa\u00f1\u00edas insostenibles sin clientes que las usen y paguen por su uso. Las segundas, son entidades verticales con pleno sentido econ\u00f3mico y financiero.<\/p>\n<p style=\"text-align: justify;\">La excusa de que el 5G necesitar\u00e1 duplicar y triplicar el n\u00famero de repetidores no justifica tal anomal\u00eda. S\u00f3lo el desembarco de fondos inversi\u00f3n caracterizados por su virulencia a la hora de lograr beneficios, puede explicar esta situaci\u00f3n. Las p\u00e9rdidas en el valor burs\u00e1til de las principales telecos del mundo, junto con la necesidad de acumular nuevas infraestructuras para afrontar los despliegues del 5G y de las redes FTTH, est\u00e1 siendo empleada por estos fondos para especular y crear burbujas artificiosas y artificiales. Si a esto se le a\u00f1ade como se ha ido <em>suprafinanciando<\/em> a los operadores low-cost, reg\u00e1ndolos de millones para que puedan hacer un hueco consolidado en el mercado, tenemos ante nosotros una tormenta perfecta contra los intereses de los trabajadores y trabajadoras de este Sector.<\/p>\n<p style=\"text-align: justify;\">Pero esta din\u00e1mica es insostenible a medio plazo. Ni dichas empresas low-cost son sostenibles con semejante nivel de deuda (ya hemos vivido casos similares, que acabaron fagocitadas en otras empresas) ni es posible que los operadores neutros sigan valiendo m\u00e1s que los que tienen el aut\u00e9ntico valor de una empresa: clientes.<\/p>\n<p style=\"text-align: justify;\">Por ello, es fundamental volver a poner pies a tierra. Resulta prioritario que reguladores y empresas se pongan de acuerdo para cambiar la fisonom\u00eda de nuestro sector. Necesitamos operadores fuertes y diferenciados; que presenten ofertas que fidelicen a nuestros clientes bajo par\u00e1metros de alta calidad del servicio y mucho valor a\u00f1adido. Por eso son tan importantes los contenidos y la diversificaci\u00f3n de servicios (dom\u00f3tica, sensorizaci\u00f3n, seguridad cibern\u00e9tica y cualquier otro que aporte m\u00e1s valor a la oferta). Es fundamental, imprescindible, diferenciarnos, ser potentes gracias a la integraci\u00f3n de estos nuevos servicios, proporcionados a trav\u00e9s de infraestructuras de primer nivel.<\/p>\n<p style=\"text-align: justify;\">Porque si no volvemos a esta senda de la competitividad en calidad, infraestructuras de vanguardia, contenidos y servicios, acabaremos sucumbiendo a las burbujas especulativas que tanto ponen en peligro nuestro empleo.<\/p>\n<h4 style=\"text-align: right;\"><strong><span style=\"background-color: #ffffff; color: #ff0000;\">UGT<\/span> Comunicaciones<\/strong><\/h4>\n<p><a href=\"#_ftnref2\" name=\"_ftn2\"><\/a><a href=\"#_ftnref7\" name=\"_ftn7\"><\/a><a href=\"#_ftnref14\" name=\"_ftn14\"><\/a><\/p>\n","protected":false},"excerpt":{"rendered":"<p>Es la tendencia m\u00e1s pujante en el sector; la moda de la \u00e9poca. La supravaloraci\u00f3n de las infraestructuras por encima de todo. Incluso por encima de tener \u2013 o no tener- clientes. La obsesi\u00f3n comenz\u00f3 all\u00e1 por 2013, con el inicio de una serie de acuerdos para la compartici\u00f3n de torres entre operadores en todo [&hellip;]<\/p>\n","protected":false},"author":3,"featured_media":514134,"comment_status":"closed","ping_status":"closed","sticky":false,"template":"","format":"standard","meta":{"footnotes":""},"categories":[13,12],"tags":[],"class_list":["post-513455","post","type-post","status-publish","format-standard","has-post-thumbnail","hentry","category-mercado-comunicaciones","category-regulacion"],"yoast_head":"<!-- This site is optimized with the Yoast SEO Premium plugin v27.3 (Yoast SEO v27.4) - https:\/\/yoast.com\/product\/yoast-seo-premium-wordpress\/ -->\n<title>\u00bfCrear\u00e1 tendencia? PT vende su red de fibra - UGT Comunicaciones<\/title>\n<meta name=\"robots\" content=\"index, follow, max-snippet:-1, max-image-preview:large, max-video-preview:-1\" \/>\n<link rel=\"canonical\" href=\"https:\/\/www.ugtcomunicaciones.es\/wordpress\/513455-2\/\" \/>\n<meta property=\"og:locale\" content=\"es_ES\" \/>\n<meta property=\"og:type\" content=\"article\" \/>\n<meta property=\"og:title\" content=\"\u00bfCrear\u00e1 tendencia? PT vende su red de fibra\" \/>\n<meta property=\"og:description\" content=\"Es la tendencia m\u00e1s pujante en el sector; la moda de la \u00e9poca. La supravaloraci\u00f3n de las infraestructuras por encima de todo. Incluso por encima de tener \u2013 o no tener- clientes. La obsesi\u00f3n comenz\u00f3 all\u00e1 por 2013, con el inicio de una serie de acuerdos para la compartici\u00f3n de torres entre operadores en todo [&hellip;]\" \/>\n<meta property=\"og:url\" content=\"https:\/\/www.ugtcomunicaciones.es\/wordpress\/513455-2\/\" \/>\n<meta property=\"og:site_name\" content=\"UGT Comunicaciones\" \/>\n<meta property=\"article:publisher\" content=\"https:\/\/www.facebook.com\/ugt.comunicaciones\/\" \/>\n<meta property=\"article:published_time\" content=\"2020-02-17T05:00:40+00:00\" \/>\n<meta property=\"og:image\" content=\"https:\/\/www.ugtcomunicaciones.es\/wordpress\/wp-content\/uploads\/2020\/02\/PT_1.jpg\" \/>\n\t<meta property=\"og:image:width\" content=\"600\" \/>\n\t<meta property=\"og:image:height\" content=\"484\" \/>\n\t<meta property=\"og:image:type\" content=\"image\/jpeg\" \/>\n<meta name=\"author\" content=\"UGT\" \/>\n<meta name=\"twitter:card\" content=\"summary_large_image\" \/>\n<meta name=\"twitter:creator\" content=\"@ugtcom\" \/>\n<meta name=\"twitter:site\" content=\"@ugtcom\" \/>\n<meta name=\"twitter:label1\" content=\"Escrito por\" \/>\n\t<meta name=\"twitter:data1\" content=\"UGT\" \/>\n\t<meta name=\"twitter:label2\" content=\"Tiempo de lectura\" \/>\n\t<meta name=\"twitter:data2\" content=\"7 minutos\" \/>\n<script type=\"application\/ld+json\" class=\"yoast-schema-graph\">{\"@context\":\"https:\\\/\\\/schema.org\",\"@graph\":[{\"@type\":\"Article\",\"@id\":\"https:\\\/\\\/www.ugtcomunicaciones.es\\\/wordpress\\\/513455-2\\\/#article\",\"isPartOf\":{\"@id\":\"https:\\\/\\\/www.ugtcomunicaciones.es\\\/wordpress\\\/513455-2\\\/\"},\"author\":{\"name\":\"UGT\",\"@id\":\"https:\\\/\\\/www.ugtcomunicaciones.es\\\/wordpress\\\/#\\\/schema\\\/person\\\/eba0fc3fe5b444531d94d4368cba89ed\"},\"headline\":\"\u00bfCrear\u00e1 tendencia? PT vende su red de fibra\",\"datePublished\":\"2020-02-17T05:00:40+00:00\",\"mainEntityOfPage\":{\"@id\":\"https:\\\/\\\/www.ugtcomunicaciones.es\\\/wordpress\\\/513455-2\\\/\"},\"wordCount\":1393,\"publisher\":{\"@id\":\"https:\\\/\\\/www.ugtcomunicaciones.es\\\/wordpress\\\/#organization\"},\"image\":{\"@id\":\"https:\\\/\\\/www.ugtcomunicaciones.es\\\/wordpress\\\/513455-2\\\/#primaryimage\"},\"thumbnailUrl\":\"https:\\\/\\\/www.ugtcomunicaciones.es\\\/wordpress\\\/wp-content\\\/uploads\\\/2020\\\/02\\\/PT_1.jpg\",\"articleSection\":[\"Mercado Comunicaciones\",\"Regulaci\u00f3n\"],\"inLanguage\":\"es\"},{\"@type\":\"WebPage\",\"@id\":\"https:\\\/\\\/www.ugtcomunicaciones.es\\\/wordpress\\\/513455-2\\\/\",\"url\":\"https:\\\/\\\/www.ugtcomunicaciones.es\\\/wordpress\\\/513455-2\\\/\",\"name\":\"\u00bfCrear\u00e1 tendencia? PT vende su red de fibra - UGT Comunicaciones\",\"isPartOf\":{\"@id\":\"https:\\\/\\\/www.ugtcomunicaciones.es\\\/wordpress\\\/#website\"},\"primaryImageOfPage\":{\"@id\":\"https:\\\/\\\/www.ugtcomunicaciones.es\\\/wordpress\\\/513455-2\\\/#primaryimage\"},\"image\":{\"@id\":\"https:\\\/\\\/www.ugtcomunicaciones.es\\\/wordpress\\\/513455-2\\\/#primaryimage\"},\"thumbnailUrl\":\"https:\\\/\\\/www.ugtcomunicaciones.es\\\/wordpress\\\/wp-content\\\/uploads\\\/2020\\\/02\\\/PT_1.jpg\",\"datePublished\":\"2020-02-17T05:00:40+00:00\",\"breadcrumb\":{\"@id\":\"https:\\\/\\\/www.ugtcomunicaciones.es\\\/wordpress\\\/513455-2\\\/#breadcrumb\"},\"inLanguage\":\"es\",\"potentialAction\":[{\"@type\":\"ReadAction\",\"target\":[\"https:\\\/\\\/www.ugtcomunicaciones.es\\\/wordpress\\\/513455-2\\\/\"]}]},{\"@type\":\"ImageObject\",\"inLanguage\":\"es\",\"@id\":\"https:\\\/\\\/www.ugtcomunicaciones.es\\\/wordpress\\\/513455-2\\\/#primaryimage\",\"url\":\"https:\\\/\\\/www.ugtcomunicaciones.es\\\/wordpress\\\/wp-content\\\/uploads\\\/2020\\\/02\\\/PT_1.jpg\",\"contentUrl\":\"https:\\\/\\\/www.ugtcomunicaciones.es\\\/wordpress\\\/wp-content\\\/uploads\\\/2020\\\/02\\\/PT_1.jpg\",\"width\":600,\"height\":484},{\"@type\":\"BreadcrumbList\",\"@id\":\"https:\\\/\\\/www.ugtcomunicaciones.es\\\/wordpress\\\/513455-2\\\/#breadcrumb\",\"itemListElement\":[{\"@type\":\"ListItem\",\"position\":1,\"name\":\"Portada\",\"item\":\"https:\\\/\\\/www.ugtcomunicaciones.es\\\/wordpress\\\/\"},{\"@type\":\"ListItem\",\"position\":2,\"name\":\"\u00bfCrear\u00e1 tendencia? PT vende su red de fibra\"}]},{\"@type\":\"WebSite\",\"@id\":\"https:\\\/\\\/www.ugtcomunicaciones.es\\\/wordpress\\\/#website\",\"url\":\"https:\\\/\\\/www.ugtcomunicaciones.es\\\/wordpress\\\/\",\"name\":\"UGT Comunicaciones\",\"description\":\"Sindicato de Telecomunicaciones\",\"publisher\":{\"@id\":\"https:\\\/\\\/www.ugtcomunicaciones.es\\\/wordpress\\\/#organization\"},\"potentialAction\":[{\"@type\":\"SearchAction\",\"target\":{\"@type\":\"EntryPoint\",\"urlTemplate\":\"https:\\\/\\\/www.ugtcomunicaciones.es\\\/wordpress\\\/?s={search_term_string}\"},\"query-input\":{\"@type\":\"PropertyValueSpecification\",\"valueRequired\":true,\"valueName\":\"search_term_string\"}}],\"inLanguage\":\"es\"},{\"@type\":\"Organization\",\"@id\":\"https:\\\/\\\/www.ugtcomunicaciones.es\\\/wordpress\\\/#organization\",\"name\":\"UGT Comunicaciones\",\"url\":\"https:\\\/\\\/www.ugtcomunicaciones.es\\\/wordpress\\\/\",\"logo\":{\"@type\":\"ImageObject\",\"inLanguage\":\"es\",\"@id\":\"https:\\\/\\\/www.ugtcomunicaciones.es\\\/wordpress\\\/#\\\/schema\\\/logo\\\/image\\\/\",\"url\":\"https:\\\/\\\/www.ugtcomunicaciones.es\\\/wordpress\\\/wp-content\\\/uploads\\\/2024\\\/04\\\/comunicaciones_logo.png\",\"contentUrl\":\"https:\\\/\\\/www.ugtcomunicaciones.es\\\/wordpress\\\/wp-content\\\/uploads\\\/2024\\\/04\\\/comunicaciones_logo.png\",\"width\":298,\"height\":81,\"caption\":\"UGT Comunicaciones\"},\"image\":{\"@id\":\"https:\\\/\\\/www.ugtcomunicaciones.es\\\/wordpress\\\/#\\\/schema\\\/logo\\\/image\\\/\"},\"sameAs\":[\"https:\\\/\\\/www.facebook.com\\\/ugt.comunicaciones\\\/\",\"https:\\\/\\\/x.com\\\/ugtcom\"]},{\"@type\":\"Person\",\"@id\":\"https:\\\/\\\/www.ugtcomunicaciones.es\\\/wordpress\\\/#\\\/schema\\\/person\\\/eba0fc3fe5b444531d94d4368cba89ed\",\"name\":\"UGT\",\"image\":{\"@type\":\"ImageObject\",\"inLanguage\":\"es\",\"@id\":\"https:\\\/\\\/secure.gravatar.com\\\/avatar\\\/2a16057d620a4c646bcfc171c4f23030879ebbdd346f0525bd5d4a564e57e13d?s=96&d=mm&r=g\",\"url\":\"https:\\\/\\\/secure.gravatar.com\\\/avatar\\\/2a16057d620a4c646bcfc171c4f23030879ebbdd346f0525bd5d4a564e57e13d?s=96&d=mm&r=g\",\"contentUrl\":\"https:\\\/\\\/secure.gravatar.com\\\/avatar\\\/2a16057d620a4c646bcfc171c4f23030879ebbdd346f0525bd5d4a564e57e13d?s=96&d=mm&r=g\",\"caption\":\"UGT\"}}]}<\/script>\n<!-- \/ Yoast SEO Premium plugin. -->","yoast_head_json":{"title":"\u00bfCrear\u00e1 tendencia? PT vende su red de fibra - UGT Comunicaciones","robots":{"index":"index","follow":"follow","max-snippet":"max-snippet:-1","max-image-preview":"max-image-preview:large","max-video-preview":"max-video-preview:-1"},"canonical":"https:\/\/www.ugtcomunicaciones.es\/wordpress\/513455-2\/","og_locale":"es_ES","og_type":"article","og_title":"\u00bfCrear\u00e1 tendencia? PT vende su red de fibra","og_description":"Es la tendencia m\u00e1s pujante en el sector; la moda de la \u00e9poca. La supravaloraci\u00f3n de las infraestructuras por encima de todo. Incluso por encima de tener \u2013 o no tener- clientes. La obsesi\u00f3n comenz\u00f3 all\u00e1 por 2013, con el inicio de una serie de acuerdos para la compartici\u00f3n de torres entre operadores en todo [&hellip;]","og_url":"https:\/\/www.ugtcomunicaciones.es\/wordpress\/513455-2\/","og_site_name":"UGT Comunicaciones","article_publisher":"https:\/\/www.facebook.com\/ugt.comunicaciones\/","article_published_time":"2020-02-17T05:00:40+00:00","og_image":[{"width":600,"height":484,"url":"https:\/\/www.ugtcomunicaciones.es\/wordpress\/wp-content\/uploads\/2020\/02\/PT_1.jpg","type":"image\/jpeg"}],"author":"UGT","twitter_card":"summary_large_image","twitter_creator":"@ugtcom","twitter_site":"@ugtcom","twitter_misc":{"Escrito por":"UGT","Tiempo de lectura":"7 minutos"},"schema":{"@context":"https:\/\/schema.org","@graph":[{"@type":"Article","@id":"https:\/\/www.ugtcomunicaciones.es\/wordpress\/513455-2\/#article","isPartOf":{"@id":"https:\/\/www.ugtcomunicaciones.es\/wordpress\/513455-2\/"},"author":{"name":"UGT","@id":"https:\/\/www.ugtcomunicaciones.es\/wordpress\/#\/schema\/person\/eba0fc3fe5b444531d94d4368cba89ed"},"headline":"\u00bfCrear\u00e1 tendencia? PT vende su red de fibra","datePublished":"2020-02-17T05:00:40+00:00","mainEntityOfPage":{"@id":"https:\/\/www.ugtcomunicaciones.es\/wordpress\/513455-2\/"},"wordCount":1393,"publisher":{"@id":"https:\/\/www.ugtcomunicaciones.es\/wordpress\/#organization"},"image":{"@id":"https:\/\/www.ugtcomunicaciones.es\/wordpress\/513455-2\/#primaryimage"},"thumbnailUrl":"https:\/\/www.ugtcomunicaciones.es\/wordpress\/wp-content\/uploads\/2020\/02\/PT_1.jpg","articleSection":["Mercado Comunicaciones","Regulaci\u00f3n"],"inLanguage":"es"},{"@type":"WebPage","@id":"https:\/\/www.ugtcomunicaciones.es\/wordpress\/513455-2\/","url":"https:\/\/www.ugtcomunicaciones.es\/wordpress\/513455-2\/","name":"\u00bfCrear\u00e1 tendencia? PT vende su red de fibra - UGT Comunicaciones","isPartOf":{"@id":"https:\/\/www.ugtcomunicaciones.es\/wordpress\/#website"},"primaryImageOfPage":{"@id":"https:\/\/www.ugtcomunicaciones.es\/wordpress\/513455-2\/#primaryimage"},"image":{"@id":"https:\/\/www.ugtcomunicaciones.es\/wordpress\/513455-2\/#primaryimage"},"thumbnailUrl":"https:\/\/www.ugtcomunicaciones.es\/wordpress\/wp-content\/uploads\/2020\/02\/PT_1.jpg","datePublished":"2020-02-17T05:00:40+00:00","breadcrumb":{"@id":"https:\/\/www.ugtcomunicaciones.es\/wordpress\/513455-2\/#breadcrumb"},"inLanguage":"es","potentialAction":[{"@type":"ReadAction","target":["https:\/\/www.ugtcomunicaciones.es\/wordpress\/513455-2\/"]}]},{"@type":"ImageObject","inLanguage":"es","@id":"https:\/\/www.ugtcomunicaciones.es\/wordpress\/513455-2\/#primaryimage","url":"https:\/\/www.ugtcomunicaciones.es\/wordpress\/wp-content\/uploads\/2020\/02\/PT_1.jpg","contentUrl":"https:\/\/www.ugtcomunicaciones.es\/wordpress\/wp-content\/uploads\/2020\/02\/PT_1.jpg","width":600,"height":484},{"@type":"BreadcrumbList","@id":"https:\/\/www.ugtcomunicaciones.es\/wordpress\/513455-2\/#breadcrumb","itemListElement":[{"@type":"ListItem","position":1,"name":"Portada","item":"https:\/\/www.ugtcomunicaciones.es\/wordpress\/"},{"@type":"ListItem","position":2,"name":"\u00bfCrear\u00e1 tendencia? PT vende su red de fibra"}]},{"@type":"WebSite","@id":"https:\/\/www.ugtcomunicaciones.es\/wordpress\/#website","url":"https:\/\/www.ugtcomunicaciones.es\/wordpress\/","name":"UGT Comunicaciones","description":"Sindicato de Telecomunicaciones","publisher":{"@id":"https:\/\/www.ugtcomunicaciones.es\/wordpress\/#organization"},"potentialAction":[{"@type":"SearchAction","target":{"@type":"EntryPoint","urlTemplate":"https:\/\/www.ugtcomunicaciones.es\/wordpress\/?s={search_term_string}"},"query-input":{"@type":"PropertyValueSpecification","valueRequired":true,"valueName":"search_term_string"}}],"inLanguage":"es"},{"@type":"Organization","@id":"https:\/\/www.ugtcomunicaciones.es\/wordpress\/#organization","name":"UGT Comunicaciones","url":"https:\/\/www.ugtcomunicaciones.es\/wordpress\/","logo":{"@type":"ImageObject","inLanguage":"es","@id":"https:\/\/www.ugtcomunicaciones.es\/wordpress\/#\/schema\/logo\/image\/","url":"https:\/\/www.ugtcomunicaciones.es\/wordpress\/wp-content\/uploads\/2024\/04\/comunicaciones_logo.png","contentUrl":"https:\/\/www.ugtcomunicaciones.es\/wordpress\/wp-content\/uploads\/2024\/04\/comunicaciones_logo.png","width":298,"height":81,"caption":"UGT Comunicaciones"},"image":{"@id":"https:\/\/www.ugtcomunicaciones.es\/wordpress\/#\/schema\/logo\/image\/"},"sameAs":["https:\/\/www.facebook.com\/ugt.comunicaciones\/","https:\/\/x.com\/ugtcom"]},{"@type":"Person","@id":"https:\/\/www.ugtcomunicaciones.es\/wordpress\/#\/schema\/person\/eba0fc3fe5b444531d94d4368cba89ed","name":"UGT","image":{"@type":"ImageObject","inLanguage":"es","@id":"https:\/\/secure.gravatar.com\/avatar\/2a16057d620a4c646bcfc171c4f23030879ebbdd346f0525bd5d4a564e57e13d?s=96&d=mm&r=g","url":"https:\/\/secure.gravatar.com\/avatar\/2a16057d620a4c646bcfc171c4f23030879ebbdd346f0525bd5d4a564e57e13d?s=96&d=mm&r=g","contentUrl":"https:\/\/secure.gravatar.com\/avatar\/2a16057d620a4c646bcfc171c4f23030879ebbdd346f0525bd5d4a564e57e13d?s=96&d=mm&r=g","caption":"UGT"}}]}},"_links":{"self":[{"href":"https:\/\/www.ugtcomunicaciones.es\/wordpress\/wp-json\/wp\/v2\/posts\/513455","targetHints":{"allow":["GET"]}}],"collection":[{"href":"https:\/\/www.ugtcomunicaciones.es\/wordpress\/wp-json\/wp\/v2\/posts"}],"about":[{"href":"https:\/\/www.ugtcomunicaciones.es\/wordpress\/wp-json\/wp\/v2\/types\/post"}],"author":[{"embeddable":true,"href":"https:\/\/www.ugtcomunicaciones.es\/wordpress\/wp-json\/wp\/v2\/users\/3"}],"replies":[{"embeddable":true,"href":"https:\/\/www.ugtcomunicaciones.es\/wordpress\/wp-json\/wp\/v2\/comments?post=513455"}],"version-history":[{"count":0,"href":"https:\/\/www.ugtcomunicaciones.es\/wordpress\/wp-json\/wp\/v2\/posts\/513455\/revisions"}],"wp:featuredmedia":[{"embeddable":true,"href":"https:\/\/www.ugtcomunicaciones.es\/wordpress\/wp-json\/wp\/v2\/media\/514134"}],"wp:attachment":[{"href":"https:\/\/www.ugtcomunicaciones.es\/wordpress\/wp-json\/wp\/v2\/media?parent=513455"}],"wp:term":[{"taxonomy":"category","embeddable":true,"href":"https:\/\/www.ugtcomunicaciones.es\/wordpress\/wp-json\/wp\/v2\/categories?post=513455"},{"taxonomy":"post_tag","embeddable":true,"href":"https:\/\/www.ugtcomunicaciones.es\/wordpress\/wp-json\/wp\/v2\/tags?post=513455"}],"curies":[{"name":"wp","href":"https:\/\/api.w.org\/{rel}","templated":true}]}}