{"id":515,"date":"2017-01-16T09:32:21","date_gmt":"2017-01-16T08:32:21","guid":{"rendered":"http:\/\/www.ugtcom.h2301842.stratoserver.net\/wordpress\/wordpress\/?p=515"},"modified":"2017-06-27T08:53:41","modified_gmt":"2017-06-27T07:53:41","slug":"vodafone-australia-apagara-el-2g-a-finales-de-2017","status":"publish","type":"post","link":"https:\/\/www.ugtcomunicaciones.es\/wordpress\/vodafone-australia-apagara-el-2g-a-finales-de-2017\/","title":{"rendered":"Vodafone Australia apagar\u00e1 el 2g a finales de 2017"},"content":{"rendered":"<p style=\"text-align: justify;\">Vodafone tambi\u00e9n une a la estrategia de apagar la tecnolog\u00eda 2G para mejorar el 4G; en esta ocasi\u00f3n, ha sido Australia en primer pa\u00eds en comenzar con esta desconexi\u00f3n tecnol\u00f3gica.<\/p>\n<p style=\"text-align: justify;\">La fecha prevista es el 30 de septiembre de 2017, en menos de un a\u00f1o, aunque este exiguo plazo no parece representar un problema para la operadora, ya que Vodafone Australia asegura que el 2G s\u00f3lo cursa el 2% de su tr\u00e1fico de voz y un 1% del tr\u00e1fico de datos<a href=\"#_ftn1\" name=\"_ftnref1\">[1]<\/a>.<\/p>\n<p style=\"text-align: justify;\">El 4G, por su parte, gestiona m\u00e1s del 80% del tr\u00e1fico de datos de Vodafone en el continente austral, por lo que parece adecuado y necesario aprovechar el espectro infrautilizado del 2G en beneficio de la cuarta generaci\u00f3n.<\/p>\n<p style=\"text-align: justify;\">Quiz\u00e1s la cuesti\u00f3n m\u00e1s espinosa sea la relacionada con los clientes que a\u00fan poseen terminales antiguos, que s\u00f3lo se conectan a la red 2G. En este caso, aun siendo casos muy minoritarios, Vodafone confeccionar\u00e1 un plan de ayudas para la sustituci\u00f3n de dichos m\u00f3viles antiguos por smartphones.<\/p>\n<p style=\"text-align: justify;\">Vodafone no es el primer operador que anuncia este paso, ni en Australia ni el mundo. As\u00ed, anteriormente, tanto Tesltra como Optus, los competidores principales de la marca brit\u00e1nica en Australia, ya hab\u00edan anunciado planes similares de apagado del 2G (diciembre de 2016 y 1 de abril de 2017, respectivamente). Tesltra es el operador con mayor penetraci\u00f3n en Austrialia, con 41,1% de cuota de mercado, seguido por Optus, Vodafone y Virgin Mobile (22,7%, 15,2% y 5,6%<a href=\"#_ftn2\" name=\"_ftnref2\">[2]<\/a>).<\/p>\n<p style=\"text-align: justify;\">En el mundo, los casos m\u00e1s conocidos son los de Singapur y Noruega, sobre los que ya hemos hablando en otros informes<a href=\"#_ftn3\" name=\"_ftnref3\">[3]<\/a>.<\/p>\n<p><a href=\"#_ftnref1\" name=\"_ftn1\">[1]<\/a> <a href=\"https:\/\/www.telegeography.com\/products\/commsupdate\/articles\/2016\/09\/30\/vodafone-australia-to-shutter-2g-network-in-september-2017\/\">https:\/\/www.telegeography.com\/products\/commsupdate\/articles\/2016\/09\/30\/vodafone-australia-to-shutter-2g-network-in-september-2017\/<\/a><\/p>\n<p><a href=\"#_ftnref2\" name=\"_ftn2\">[2]<\/a> <a href=\"http:\/\/www.zdnet.com\/article\/vodafone-au-loses-market-share-as-telstra-optus-rise-kantar\/\">http:\/\/www.zdnet.com\/article\/vodafone-au-loses-market-share-as-telstra-optus-rise-kantar\/<\/a><\/p>\n<p><a href=\"#_ftnref3\" name=\"_ftn3\">[3]<\/a> <a href=\"http:\/\/www.smcugt.org\/archivos\/elementos\/2014\/22singapur_ya_piensa_en_apagar_el_2g.pdf\">http:\/\/www.smcugt.org\/archivos\/elementos\/2014\/22singapur_ya_piensa_en_apagar_el_2g.pdf<\/a> y <a href=\"http:\/\/www.smcugt.org\/noticia\/noruega-pone-fecha-de-cierre-al-2-y-3g-id-51402.htm\">http:\/\/www.smcugt.org\/noticia\/noruega-pone-fecha-de-cierre-al-2-y-3g-id-51402.htm<\/a><\/p>\n","protected":false},"excerpt":{"rendered":"<p>Vodafone tambi\u00e9n une a la estrategia de apagar la tecnolog\u00eda 2G para mejorar el 4G; en esta ocasi\u00f3n, ha sido Australia en primer pa\u00eds en comenzar con esta desconexi\u00f3n tecnol\u00f3gica. La fecha prevista es el 30 de septiembre de 2017, en menos de un a\u00f1o, aunque este exiguo plazo no parece representar un problema para [&hellip;]<\/p>\n","protected":false},"author":3,"featured_media":734,"comment_status":"open","ping_status":"closed","sticky":false,"template":"","format":"standard","meta":{"footnotes":""},"categories":[27,12],"tags":[],"class_list":["post-515","post","type-post","status-publish","format-standard","has-post-thumbnail","hentry","category-grupo-vodafone","category-regulacion"],"yoast_head":"<!-- This site is optimized with the Yoast SEO Premium plugin v27.3 (Yoast SEO v27.4) - https:\/\/yoast.com\/product\/yoast-seo-premium-wordpress\/ -->\n<title>Vodafone Australia apagar\u00e1 el 2g a finales de 2017 - UGT Comunicaciones<\/title>\n<meta name=\"robots\" content=\"index, follow, max-snippet:-1, max-image-preview:large, max-video-preview:-1\" \/>\n<link rel=\"canonical\" href=\"https:\/\/www.ugtcomunicaciones.es\/wordpress\/vodafone-australia-apagara-el-2g-a-finales-de-2017\/\" \/>\n<meta property=\"og:locale\" content=\"es_ES\" \/>\n<meta property=\"og:type\" content=\"article\" \/>\n<meta property=\"og:title\" content=\"Vodafone Australia apagar\u00e1 el 2g a finales de 2017\" \/>\n<meta property=\"og:description\" content=\"Vodafone tambi\u00e9n une a la estrategia de apagar la tecnolog\u00eda 2G para mejorar el 4G; en esta ocasi\u00f3n, ha sido Australia en primer pa\u00eds en comenzar con esta desconexi\u00f3n tecnol\u00f3gica. La fecha prevista es el 30 de septiembre de 2017, en menos de un a\u00f1o, aunque este exiguo plazo no parece representar un problema para [&hellip;]\" \/>\n<meta property=\"og:url\" content=\"https:\/\/www.ugtcomunicaciones.es\/wordpress\/vodafone-australia-apagara-el-2g-a-finales-de-2017\/\" \/>\n<meta property=\"og:site_name\" content=\"UGT Comunicaciones\" \/>\n<meta property=\"article:publisher\" content=\"https:\/\/www.facebook.com\/ugt.comunicaciones\/\" \/>\n<meta property=\"article:published_time\" content=\"2017-01-16T08:32:21+00:00\" \/>\n<meta property=\"article:modified_time\" content=\"2017-06-27T07:53:41+00:00\" \/>\n<meta property=\"og:image\" content=\"https:\/\/www.ugtcomunicaciones.es\/wordpress\/wp-content\/uploads\/2017\/01\/vf_austr.png\" \/>\n\t<meta property=\"og:image:width\" content=\"400\" \/>\n\t<meta property=\"og:image:height\" content=\"400\" \/>\n\t<meta property=\"og:image:type\" content=\"image\/png\" \/>\n<meta name=\"author\" content=\"UGT\" \/>\n<meta name=\"twitter:card\" content=\"summary_large_image\" \/>\n<meta name=\"twitter:creator\" content=\"@ugtcom\" \/>\n<meta name=\"twitter:site\" content=\"@ugtcom\" \/>\n<meta name=\"twitter:label1\" content=\"Escrito por\" \/>\n\t<meta name=\"twitter:data1\" content=\"UGT\" \/>\n\t<meta name=\"twitter:label2\" content=\"Tiempo de lectura\" \/>\n\t<meta name=\"twitter:data2\" content=\"2 minutos\" \/>\n<script type=\"application\/ld+json\" class=\"yoast-schema-graph\">{\"@context\":\"https:\\\/\\\/schema.org\",\"@graph\":[{\"@type\":\"Article\",\"@id\":\"https:\\\/\\\/www.ugtcomunicaciones.es\\\/wordpress\\\/vodafone-australia-apagara-el-2g-a-finales-de-2017\\\/#article\",\"isPartOf\":{\"@id\":\"https:\\\/\\\/www.ugtcomunicaciones.es\\\/wordpress\\\/vodafone-australia-apagara-el-2g-a-finales-de-2017\\\/\"},\"author\":{\"name\":\"UGT\",\"@id\":\"https:\\\/\\\/www.ugtcomunicaciones.es\\\/wordpress\\\/#\\\/schema\\\/person\\\/eba0fc3fe5b444531d94d4368cba89ed\"},\"headline\":\"Vodafone Australia apagar\u00e1 el 2g a finales de 2017\",\"datePublished\":\"2017-01-16T08:32:21+00:00\",\"dateModified\":\"2017-06-27T07:53:41+00:00\",\"mainEntityOfPage\":{\"@id\":\"https:\\\/\\\/www.ugtcomunicaciones.es\\\/wordpress\\\/vodafone-australia-apagara-el-2g-a-finales-de-2017\\\/\"},\"wordCount\":323,\"commentCount\":0,\"publisher\":{\"@id\":\"https:\\\/\\\/www.ugtcomunicaciones.es\\\/wordpress\\\/#organization\"},\"image\":{\"@id\":\"https:\\\/\\\/www.ugtcomunicaciones.es\\\/wordpress\\\/vodafone-australia-apagara-el-2g-a-finales-de-2017\\\/#primaryimage\"},\"thumbnailUrl\":\"https:\\\/\\\/www.ugtcomunicaciones.es\\\/wordpress\\\/wp-content\\\/uploads\\\/2017\\\/01\\\/vf_austr.png\",\"articleSection\":[\"Grupo Vodafone\",\"Regulaci\u00f3n\"],\"inLanguage\":\"es\",\"potentialAction\":[{\"@type\":\"CommentAction\",\"name\":\"Comment\",\"target\":[\"https:\\\/\\\/www.ugtcomunicaciones.es\\\/wordpress\\\/vodafone-australia-apagara-el-2g-a-finales-de-2017\\\/#respond\"]}]},{\"@type\":\"WebPage\",\"@id\":\"https:\\\/\\\/www.ugtcomunicaciones.es\\\/wordpress\\\/vodafone-australia-apagara-el-2g-a-finales-de-2017\\\/\",\"url\":\"https:\\\/\\\/www.ugtcomunicaciones.es\\\/wordpress\\\/vodafone-australia-apagara-el-2g-a-finales-de-2017\\\/\",\"name\":\"Vodafone Australia apagar\u00e1 el 2g a finales de 2017 - UGT Comunicaciones\",\"isPartOf\":{\"@id\":\"https:\\\/\\\/www.ugtcomunicaciones.es\\\/wordpress\\\/#website\"},\"primaryImageOfPage\":{\"@id\":\"https:\\\/\\\/www.ugtcomunicaciones.es\\\/wordpress\\\/vodafone-australia-apagara-el-2g-a-finales-de-2017\\\/#primaryimage\"},\"image\":{\"@id\":\"https:\\\/\\\/www.ugtcomunicaciones.es\\\/wordpress\\\/vodafone-australia-apagara-el-2g-a-finales-de-2017\\\/#primaryimage\"},\"thumbnailUrl\":\"https:\\\/\\\/www.ugtcomunicaciones.es\\\/wordpress\\\/wp-content\\\/uploads\\\/2017\\\/01\\\/vf_austr.png\",\"datePublished\":\"2017-01-16T08:32:21+00:00\",\"dateModified\":\"2017-06-27T07:53:41+00:00\",\"breadcrumb\":{\"@id\":\"https:\\\/\\\/www.ugtcomunicaciones.es\\\/wordpress\\\/vodafone-australia-apagara-el-2g-a-finales-de-2017\\\/#breadcrumb\"},\"inLanguage\":\"es\",\"potentialAction\":[{\"@type\":\"ReadAction\",\"target\":[\"https:\\\/\\\/www.ugtcomunicaciones.es\\\/wordpress\\\/vodafone-australia-apagara-el-2g-a-finales-de-2017\\\/\"]}]},{\"@type\":\"ImageObject\",\"inLanguage\":\"es\",\"@id\":\"https:\\\/\\\/www.ugtcomunicaciones.es\\\/wordpress\\\/vodafone-australia-apagara-el-2g-a-finales-de-2017\\\/#primaryimage\",\"url\":\"https:\\\/\\\/www.ugtcomunicaciones.es\\\/wordpress\\\/wp-content\\\/uploads\\\/2017\\\/01\\\/vf_austr.png\",\"contentUrl\":\"https:\\\/\\\/www.ugtcomunicaciones.es\\\/wordpress\\\/wp-content\\\/uploads\\\/2017\\\/01\\\/vf_austr.png\",\"width\":400,\"height\":400},{\"@type\":\"BreadcrumbList\",\"@id\":\"https:\\\/\\\/www.ugtcomunicaciones.es\\\/wordpress\\\/vodafone-australia-apagara-el-2g-a-finales-de-2017\\\/#breadcrumb\",\"itemListElement\":[{\"@type\":\"ListItem\",\"position\":1,\"name\":\"Portada\",\"item\":\"https:\\\/\\\/www.ugtcomunicaciones.es\\\/wordpress\\\/\"},{\"@type\":\"ListItem\",\"position\":2,\"name\":\"Vodafone Australia apagar\u00e1 el 2g a finales de 2017\"}]},{\"@type\":\"WebSite\",\"@id\":\"https:\\\/\\\/www.ugtcomunicaciones.es\\\/wordpress\\\/#website\",\"url\":\"https:\\\/\\\/www.ugtcomunicaciones.es\\\/wordpress\\\/\",\"name\":\"UGT Comunicaciones\",\"description\":\"Sindicato de Telecomunicaciones\",\"publisher\":{\"@id\":\"https:\\\/\\\/www.ugtcomunicaciones.es\\\/wordpress\\\/#organization\"},\"potentialAction\":[{\"@type\":\"SearchAction\",\"target\":{\"@type\":\"EntryPoint\",\"urlTemplate\":\"https:\\\/\\\/www.ugtcomunicaciones.es\\\/wordpress\\\/?s={search_term_string}\"},\"query-input\":{\"@type\":\"PropertyValueSpecification\",\"valueRequired\":true,\"valueName\":\"search_term_string\"}}],\"inLanguage\":\"es\"},{\"@type\":\"Organization\",\"@id\":\"https:\\\/\\\/www.ugtcomunicaciones.es\\\/wordpress\\\/#organization\",\"name\":\"UGT Comunicaciones\",\"url\":\"https:\\\/\\\/www.ugtcomunicaciones.es\\\/wordpress\\\/\",\"logo\":{\"@type\":\"ImageObject\",\"inLanguage\":\"es\",\"@id\":\"https:\\\/\\\/www.ugtcomunicaciones.es\\\/wordpress\\\/#\\\/schema\\\/logo\\\/image\\\/\",\"url\":\"https:\\\/\\\/www.ugtcomunicaciones.es\\\/wordpress\\\/wp-content\\\/uploads\\\/2024\\\/04\\\/comunicaciones_logo.png\",\"contentUrl\":\"https:\\\/\\\/www.ugtcomunicaciones.es\\\/wordpress\\\/wp-content\\\/uploads\\\/2024\\\/04\\\/comunicaciones_logo.png\",\"width\":298,\"height\":81,\"caption\":\"UGT Comunicaciones\"},\"image\":{\"@id\":\"https:\\\/\\\/www.ugtcomunicaciones.es\\\/wordpress\\\/#\\\/schema\\\/logo\\\/image\\\/\"},\"sameAs\":[\"https:\\\/\\\/www.facebook.com\\\/ugt.comunicaciones\\\/\",\"https:\\\/\\\/x.com\\\/ugtcom\"]},{\"@type\":\"Person\",\"@id\":\"https:\\\/\\\/www.ugtcomunicaciones.es\\\/wordpress\\\/#\\\/schema\\\/person\\\/eba0fc3fe5b444531d94d4368cba89ed\",\"name\":\"UGT\",\"image\":{\"@type\":\"ImageObject\",\"inLanguage\":\"es\",\"@id\":\"https:\\\/\\\/secure.gravatar.com\\\/avatar\\\/2a16057d620a4c646bcfc171c4f23030879ebbdd346f0525bd5d4a564e57e13d?s=96&d=mm&r=g\",\"url\":\"https:\\\/\\\/secure.gravatar.com\\\/avatar\\\/2a16057d620a4c646bcfc171c4f23030879ebbdd346f0525bd5d4a564e57e13d?s=96&d=mm&r=g\",\"contentUrl\":\"https:\\\/\\\/secure.gravatar.com\\\/avatar\\\/2a16057d620a4c646bcfc171c4f23030879ebbdd346f0525bd5d4a564e57e13d?s=96&d=mm&r=g\",\"caption\":\"UGT\"}}]}<\/script>\n<!-- \/ Yoast SEO Premium plugin. -->","yoast_head_json":{"title":"Vodafone Australia apagar\u00e1 el 2g a finales de 2017 - UGT Comunicaciones","robots":{"index":"index","follow":"follow","max-snippet":"max-snippet:-1","max-image-preview":"max-image-preview:large","max-video-preview":"max-video-preview:-1"},"canonical":"https:\/\/www.ugtcomunicaciones.es\/wordpress\/vodafone-australia-apagara-el-2g-a-finales-de-2017\/","og_locale":"es_ES","og_type":"article","og_title":"Vodafone Australia apagar\u00e1 el 2g a finales de 2017","og_description":"Vodafone tambi\u00e9n une a la estrategia de apagar la tecnolog\u00eda 2G para mejorar el 4G; en esta ocasi\u00f3n, ha sido Australia en primer pa\u00eds en comenzar con esta desconexi\u00f3n tecnol\u00f3gica. La fecha prevista es el 30 de septiembre de 2017, en menos de un a\u00f1o, aunque este exiguo plazo no parece representar un problema para [&hellip;]","og_url":"https:\/\/www.ugtcomunicaciones.es\/wordpress\/vodafone-australia-apagara-el-2g-a-finales-de-2017\/","og_site_name":"UGT Comunicaciones","article_publisher":"https:\/\/www.facebook.com\/ugt.comunicaciones\/","article_published_time":"2017-01-16T08:32:21+00:00","article_modified_time":"2017-06-27T07:53:41+00:00","og_image":[{"width":400,"height":400,"url":"https:\/\/www.ugtcomunicaciones.es\/wordpress\/wp-content\/uploads\/2017\/01\/vf_austr.png","type":"image\/png"}],"author":"UGT","twitter_card":"summary_large_image","twitter_creator":"@ugtcom","twitter_site":"@ugtcom","twitter_misc":{"Escrito por":"UGT","Tiempo de lectura":"2 minutos"},"schema":{"@context":"https:\/\/schema.org","@graph":[{"@type":"Article","@id":"https:\/\/www.ugtcomunicaciones.es\/wordpress\/vodafone-australia-apagara-el-2g-a-finales-de-2017\/#article","isPartOf":{"@id":"https:\/\/www.ugtcomunicaciones.es\/wordpress\/vodafone-australia-apagara-el-2g-a-finales-de-2017\/"},"author":{"name":"UGT","@id":"https:\/\/www.ugtcomunicaciones.es\/wordpress\/#\/schema\/person\/eba0fc3fe5b444531d94d4368cba89ed"},"headline":"Vodafone Australia apagar\u00e1 el 2g a finales de 2017","datePublished":"2017-01-16T08:32:21+00:00","dateModified":"2017-06-27T07:53:41+00:00","mainEntityOfPage":{"@id":"https:\/\/www.ugtcomunicaciones.es\/wordpress\/vodafone-australia-apagara-el-2g-a-finales-de-2017\/"},"wordCount":323,"commentCount":0,"publisher":{"@id":"https:\/\/www.ugtcomunicaciones.es\/wordpress\/#organization"},"image":{"@id":"https:\/\/www.ugtcomunicaciones.es\/wordpress\/vodafone-australia-apagara-el-2g-a-finales-de-2017\/#primaryimage"},"thumbnailUrl":"https:\/\/www.ugtcomunicaciones.es\/wordpress\/wp-content\/uploads\/2017\/01\/vf_austr.png","articleSection":["Grupo Vodafone","Regulaci\u00f3n"],"inLanguage":"es","potentialAction":[{"@type":"CommentAction","name":"Comment","target":["https:\/\/www.ugtcomunicaciones.es\/wordpress\/vodafone-australia-apagara-el-2g-a-finales-de-2017\/#respond"]}]},{"@type":"WebPage","@id":"https:\/\/www.ugtcomunicaciones.es\/wordpress\/vodafone-australia-apagara-el-2g-a-finales-de-2017\/","url":"https:\/\/www.ugtcomunicaciones.es\/wordpress\/vodafone-australia-apagara-el-2g-a-finales-de-2017\/","name":"Vodafone Australia apagar\u00e1 el 2g a finales de 2017 - UGT Comunicaciones","isPartOf":{"@id":"https:\/\/www.ugtcomunicaciones.es\/wordpress\/#website"},"primaryImageOfPage":{"@id":"https:\/\/www.ugtcomunicaciones.es\/wordpress\/vodafone-australia-apagara-el-2g-a-finales-de-2017\/#primaryimage"},"image":{"@id":"https:\/\/www.ugtcomunicaciones.es\/wordpress\/vodafone-australia-apagara-el-2g-a-finales-de-2017\/#primaryimage"},"thumbnailUrl":"https:\/\/www.ugtcomunicaciones.es\/wordpress\/wp-content\/uploads\/2017\/01\/vf_austr.png","datePublished":"2017-01-16T08:32:21+00:00","dateModified":"2017-06-27T07:53:41+00:00","breadcrumb":{"@id":"https:\/\/www.ugtcomunicaciones.es\/wordpress\/vodafone-australia-apagara-el-2g-a-finales-de-2017\/#breadcrumb"},"inLanguage":"es","potentialAction":[{"@type":"ReadAction","target":["https:\/\/www.ugtcomunicaciones.es\/wordpress\/vodafone-australia-apagara-el-2g-a-finales-de-2017\/"]}]},{"@type":"ImageObject","inLanguage":"es","@id":"https:\/\/www.ugtcomunicaciones.es\/wordpress\/vodafone-australia-apagara-el-2g-a-finales-de-2017\/#primaryimage","url":"https:\/\/www.ugtcomunicaciones.es\/wordpress\/wp-content\/uploads\/2017\/01\/vf_austr.png","contentUrl":"https:\/\/www.ugtcomunicaciones.es\/wordpress\/wp-content\/uploads\/2017\/01\/vf_austr.png","width":400,"height":400},{"@type":"BreadcrumbList","@id":"https:\/\/www.ugtcomunicaciones.es\/wordpress\/vodafone-australia-apagara-el-2g-a-finales-de-2017\/#breadcrumb","itemListElement":[{"@type":"ListItem","position":1,"name":"Portada","item":"https:\/\/www.ugtcomunicaciones.es\/wordpress\/"},{"@type":"ListItem","position":2,"name":"Vodafone Australia apagar\u00e1 el 2g a finales de 2017"}]},{"@type":"WebSite","@id":"https:\/\/www.ugtcomunicaciones.es\/wordpress\/#website","url":"https:\/\/www.ugtcomunicaciones.es\/wordpress\/","name":"UGT Comunicaciones","description":"Sindicato de Telecomunicaciones","publisher":{"@id":"https:\/\/www.ugtcomunicaciones.es\/wordpress\/#organization"},"potentialAction":[{"@type":"SearchAction","target":{"@type":"EntryPoint","urlTemplate":"https:\/\/www.ugtcomunicaciones.es\/wordpress\/?s={search_term_string}"},"query-input":{"@type":"PropertyValueSpecification","valueRequired":true,"valueName":"search_term_string"}}],"inLanguage":"es"},{"@type":"Organization","@id":"https:\/\/www.ugtcomunicaciones.es\/wordpress\/#organization","name":"UGT Comunicaciones","url":"https:\/\/www.ugtcomunicaciones.es\/wordpress\/","logo":{"@type":"ImageObject","inLanguage":"es","@id":"https:\/\/www.ugtcomunicaciones.es\/wordpress\/#\/schema\/logo\/image\/","url":"https:\/\/www.ugtcomunicaciones.es\/wordpress\/wp-content\/uploads\/2024\/04\/comunicaciones_logo.png","contentUrl":"https:\/\/www.ugtcomunicaciones.es\/wordpress\/wp-content\/uploads\/2024\/04\/comunicaciones_logo.png","width":298,"height":81,"caption":"UGT Comunicaciones"},"image":{"@id":"https:\/\/www.ugtcomunicaciones.es\/wordpress\/#\/schema\/logo\/image\/"},"sameAs":["https:\/\/www.facebook.com\/ugt.comunicaciones\/","https:\/\/x.com\/ugtcom"]},{"@type":"Person","@id":"https:\/\/www.ugtcomunicaciones.es\/wordpress\/#\/schema\/person\/eba0fc3fe5b444531d94d4368cba89ed","name":"UGT","image":{"@type":"ImageObject","inLanguage":"es","@id":"https:\/\/secure.gravatar.com\/avatar\/2a16057d620a4c646bcfc171c4f23030879ebbdd346f0525bd5d4a564e57e13d?s=96&d=mm&r=g","url":"https:\/\/secure.gravatar.com\/avatar\/2a16057d620a4c646bcfc171c4f23030879ebbdd346f0525bd5d4a564e57e13d?s=96&d=mm&r=g","contentUrl":"https:\/\/secure.gravatar.com\/avatar\/2a16057d620a4c646bcfc171c4f23030879ebbdd346f0525bd5d4a564e57e13d?s=96&d=mm&r=g","caption":"UGT"}}]}},"_links":{"self":[{"href":"https:\/\/www.ugtcomunicaciones.es\/wordpress\/wp-json\/wp\/v2\/posts\/515","targetHints":{"allow":["GET"]}}],"collection":[{"href":"https:\/\/www.ugtcomunicaciones.es\/wordpress\/wp-json\/wp\/v2\/posts"}],"about":[{"href":"https:\/\/www.ugtcomunicaciones.es\/wordpress\/wp-json\/wp\/v2\/types\/post"}],"author":[{"embeddable":true,"href":"https:\/\/www.ugtcomunicaciones.es\/wordpress\/wp-json\/wp\/v2\/users\/3"}],"replies":[{"embeddable":true,"href":"https:\/\/www.ugtcomunicaciones.es\/wordpress\/wp-json\/wp\/v2\/comments?post=515"}],"version-history":[{"count":0,"href":"https:\/\/www.ugtcomunicaciones.es\/wordpress\/wp-json\/wp\/v2\/posts\/515\/revisions"}],"wp:featuredmedia":[{"embeddable":true,"href":"https:\/\/www.ugtcomunicaciones.es\/wordpress\/wp-json\/wp\/v2\/media\/734"}],"wp:attachment":[{"href":"https:\/\/www.ugtcomunicaciones.es\/wordpress\/wp-json\/wp\/v2\/media?parent=515"}],"wp:term":[{"taxonomy":"category","embeddable":true,"href":"https:\/\/www.ugtcomunicaciones.es\/wordpress\/wp-json\/wp\/v2\/categories?post=515"},{"taxonomy":"post_tag","embeddable":true,"href":"https:\/\/www.ugtcomunicaciones.es\/wordpress\/wp-json\/wp\/v2\/tags?post=515"}],"curies":[{"name":"wp","href":"https:\/\/api.w.org\/{rel}","templated":true}]}}