{"id":532787,"date":"2020-03-16T07:00:05","date_gmt":"2020-03-16T06:00:05","guid":{"rendered":"http:\/\/ugtcomunicaciones.es\/wordpress\/?p=532787"},"modified":"2020-03-16T11:41:25","modified_gmt":"2020-03-16T10:41:25","slug":"bt-uk-propone-una-red-rural-de-fibra-unica-para-todos-los-operadores","status":"publish","type":"post","link":"https:\/\/www.ugtcomunicaciones.es\/wordpress\/bt-uk-propone-una-red-rural-de-fibra-unica-para-todos-los-operadores\/","title":{"rendered":"BT UK propone una red rural de fibra \u00fanica para todos los operadores"},"content":{"rendered":"<p style=\"text-align: justify;\">Sin lugar a dudas, el Reino Unido tiene un serio problema con sus infraestructuras de telecomunicaciones, que adem\u00e1s no mejora por el mero discurrir del tiempo. Su retraso en la adopci\u00f3n de la fibra \u00f3ptica hasta el hogar le coloca a la cola de Europa. En pleno 2018, menos del 2% de sus redes son de fibra, seg\u00fan la OCDE<sup class=\"modern-footnotes-footnote \" data-mfn=\"1\" data-mfn-post-scope=\"00000000000041470000000000000000_532787\"><a href=\"javascript:void(0)\"  role=\"button\" aria-pressed=\"false\" aria-describedby=\"mfn-content-00000000000041470000000000000000_532787-1\">1<\/a><\/sup><span id=\"mfn-content-00000000000041470000000000000000_532787-1\" role=\"tooltip\" class=\"modern-footnotes-footnote__note\" tabindex=\"0\" data-mfn=\"1\"><a href=\"https:\/\/www.oecd.org\/sti\/broadband\/1.11-FibreGrowth-2018-06.xls\" target=\"_blank\" rel=\"noopener noreferrer\">https:\/\/www.oecd.org\/sti\/broadband\/1.11-FibreGrowth-2018-06.xls<\/a><\/span>, mientras que la cobertura de banda ancha ultrarr\u00e1pida en 2019 \u00fanicamente llega al 52% de su poblaci\u00f3n, por un 60 de media de la UE o el 87% de Espa\u00f1a:<\/p>\n<p style=\"text-align: justify;\"><img decoding=\"async\" class=\"aligncenter wp-image-532797 size-full lazyload\" data-src=\"http:\/\/ugtcomunicaciones.es\/wordpress\/wp-content\/uploads\/2020\/03\/BTUK-1.jpg\" alt=\"\" width=\"642\" height=\"430\" data-srcset=\"https:\/\/www.ugtcomunicaciones.es\/wordpress\/wp-content\/uploads\/2020\/03\/BTUK-1.jpg 642w, https:\/\/www.ugtcomunicaciones.es\/wordpress\/wp-content\/uploads\/2020\/03\/BTUK-1-300x201.jpg 300w, https:\/\/www.ugtcomunicaciones.es\/wordpress\/wp-content\/uploads\/2020\/03\/BTUK-1-627x420.jpg 627w, https:\/\/www.ugtcomunicaciones.es\/wordpress\/wp-content\/uploads\/2020\/03\/BTUK-1-537x360.jpg 537w, https:\/\/www.ugtcomunicaciones.es\/wordpress\/wp-content\/uploads\/2020\/03\/BTUK-1-640x429.jpg 640w\" data-sizes=\"(max-width: 642px) 100vw, 642px\" src=\"data:image\/svg+xml;base64,PHN2ZyB3aWR0aD0iMSIgaGVpZ2h0PSIxIiB4bWxucz0iaHR0cDovL3d3dy53My5vcmcvMjAwMC9zdmciPjwvc3ZnPg==\" style=\"--smush-placeholder-width: 642px; --smush-placeholder-aspect-ratio: 642\/430;\" \/><\/p>\n<p><img decoding=\"async\" class=\"aligncenter wp-image-532796 size-full lazyload\" data-src=\"http:\/\/ugtcomunicaciones.es\/wordpress\/wp-content\/uploads\/2020\/03\/BTUK-2.jpg\" alt=\"\" width=\"643\" height=\"379\" data-srcset=\"https:\/\/www.ugtcomunicaciones.es\/wordpress\/wp-content\/uploads\/2020\/03\/BTUK-2.jpg 643w, https:\/\/www.ugtcomunicaciones.es\/wordpress\/wp-content\/uploads\/2020\/03\/BTUK-2-300x177.jpg 300w, https:\/\/www.ugtcomunicaciones.es\/wordpress\/wp-content\/uploads\/2020\/03\/BTUK-2-640x377.jpg 640w\" data-sizes=\"(max-width: 643px) 100vw, 643px\" src=\"data:image\/svg+xml;base64,PHN2ZyB3aWR0aD0iMSIgaGVpZ2h0PSIxIiB4bWxucz0iaHR0cDovL3d3dy53My5vcmcvMjAwMC9zdmciPjwvc3ZnPg==\" style=\"--smush-placeholder-width: 643px; --smush-placeholder-aspect-ratio: 643\/379;\" \/><\/p>\n<p style=\"text-align: justify;\">A lo largo de la reciente campa\u00f1a electoral, los dos principales partidos en contienda no ahorraron propuestas para arreglar este severo problema<sup class=\"modern-footnotes-footnote \" data-mfn=\"2\" data-mfn-post-scope=\"00000000000041470000000000000000_532787\"><a href=\"javascript:void(0)\"  role=\"button\" aria-pressed=\"false\" aria-describedby=\"mfn-content-00000000000041470000000000000000_532787-2\">2<\/a><\/sup><span id=\"mfn-content-00000000000041470000000000000000_532787-2\" role=\"tooltip\" class=\"modern-footnotes-footnote__note\" tabindex=\"0\" data-mfn=\"2\"><a href=\"http:\/\/ugtcomunicaciones.es\/wordpress\/los-laboristas-britanicos-proponen-nacionalizar-la-red-de-fibra-optica\/\" target=\"_blank\" rel=\"noopener noreferrer\">http:\/\/ugtcomunicaciones.es\/wordpress\/los-laboristas-britanicos-proponen-nacionalizar-la-red-de-fibra-optica\/<\/a><\/span>, pero la realidad sigue posponiendo m\u00e1s de una d\u00e9cada cualquier soluci\u00f3n<sup class=\"modern-footnotes-footnote \" data-mfn=\"3\" data-mfn-post-scope=\"00000000000041470000000000000000_532787\"><a href=\"javascript:void(0)\"  role=\"button\" aria-pressed=\"false\" aria-describedby=\"mfn-content-00000000000041470000000000000000_532787-3\">3<\/a><\/sup><span id=\"mfn-content-00000000000041470000000000000000_532787-3\" role=\"tooltip\" class=\"modern-footnotes-footnote__note\" tabindex=\"0\" data-mfn=\"3\"><a href=\"http:\/\/ugtcomunicaciones.es\/wordpress\/el-reino-unido-se-rinde-a-la-evidencia-sin-fibra-total-hasta-2033\/\" target=\"_blank\" rel=\"noopener noreferrer\">http:\/\/ugtcomunicaciones.es\/wordpress\/el-reino-unido-se-rinde-a-la-evidencia-sin-fibra-total-hasta-2033\/<\/a><\/span>.<\/p>\n<p style=\"text-align: justify;\">Ante tal desatino, la operadora BT<sup class=\"modern-footnotes-footnote \" data-mfn=\"4\" data-mfn-post-scope=\"00000000000041470000000000000000_532787\"><a href=\"javascript:void(0)\"  role=\"button\" aria-pressed=\"false\" aria-describedby=\"mfn-content-00000000000041470000000000000000_532787-4\">4<\/a><\/sup><span id=\"mfn-content-00000000000041470000000000000000_532787-4\" role=\"tooltip\" class=\"modern-footnotes-footnote__note\" tabindex=\"0\" data-mfn=\"4\"><a href=\"https:\/\/www.telegraph.co.uk\/business\/2020\/01\/16\/bt-chief-warns-boris-johnson-rural-threat-broadband-pledge\/\" target=\"_blank\" rel=\"noopener noreferrer\">https:\/\/www.telegraph.co.uk\/business\/2020\/01\/16\/bt-chief-warns-boris-johnson-rural-threat-broadband-pledge\/<\/a>; <a href=\"https:\/\/www.ispreview.co.uk\/index.php\/2020\/01\/examining-bt-groups-uk-single-rural-full-fibre-network-idea.html\" target=\"_blank\" rel=\"noopener noreferrer\">https:\/\/www.ispreview.co.uk\/index.php\/2020\/01\/examining-bt-groups-uk-single-rural-full-fibre-network-idea.html<\/a><\/span>, de boca de su propio CEO<sup class=\"modern-footnotes-footnote \" data-mfn=\"5\" data-mfn-post-scope=\"00000000000041470000000000000000_532787\"><a href=\"javascript:void(0)\"  role=\"button\" aria-pressed=\"false\" aria-describedby=\"mfn-content-00000000000041470000000000000000_532787-5\">5<\/a><\/sup><span id=\"mfn-content-00000000000041470000000000000000_532787-5\" role=\"tooltip\" class=\"modern-footnotes-footnote__note\" tabindex=\"0\" data-mfn=\"5\"><a href=\"https:\/\/www.telecompaper.com\/news\/bt-ceo-proposes-single-rural-network-for-full-fibre-operators-report--1323312\" target=\"_blank\" rel=\"noopener noreferrer\">https:\/\/www.telecompaper.com\/news\/bt-ceo-proposes-single-rural-network-for-full-fibre-operators-report&#8211;1323312<\/a><\/span>, ha presentado su propuesta<sup class=\"modern-footnotes-footnote \" data-mfn=\"6\" data-mfn-post-scope=\"00000000000041470000000000000000_532787\"><a href=\"javascript:void(0)\"  role=\"button\" aria-pressed=\"false\" aria-describedby=\"mfn-content-00000000000041470000000000000000_532787-6\">6<\/a><\/sup><span id=\"mfn-content-00000000000041470000000000000000_532787-6\" role=\"tooltip\" class=\"modern-footnotes-footnote__note\" tabindex=\"0\" data-mfn=\"6\"><a href=\"https:\/\/www.ft.com\/content\/b8c70be2-31ec-11ea-a329-0bcf87a328f2\" target=\"_blank\" rel=\"noopener noreferrer\">https:\/\/www.ft.com\/content\/b8c70be2-31ec-11ea-a329-0bcf87a328f2<\/a><\/span>: la creaci\u00f3n de una red \u00fanica de fibra para el entorno rural que fuese compartida por todos los operadores.<\/p>\n<p style=\"text-align: justify;\">La oferta, que no es balad\u00ed, es heredera de una iniciativa similar tambi\u00e9n acaecida en el Reino Unido: la uni\u00f3n de los operadores para dar un cobertura conjunta de 4G tambi\u00e9n en el entorno rural<sup class=\"modern-footnotes-footnote \" data-mfn=\"7\" data-mfn-post-scope=\"00000000000041470000000000000000_532787\"><a href=\"javascript:void(0)\"  role=\"button\" aria-pressed=\"false\" aria-describedby=\"mfn-content-00000000000041470000000000000000_532787-7\">7<\/a><\/sup><span id=\"mfn-content-00000000000041470000000000000000_532787-7\" role=\"tooltip\" class=\"modern-footnotes-footnote__note\" tabindex=\"0\" data-mfn=\"7\"><a href=\"https:\/\/www.ispreview.co.uk\/index.php\/2020\/01\/bt-defends-cost-proposals-for-sharing-rural-uk-mobile-sites.html\" target=\"_blank\" rel=\"noopener noreferrer\">https:\/\/www.ispreview.co.uk\/index.php\/2020\/01\/bt-defends-cost-proposals-for-sharing-rural-uk-mobile-sites.html<\/a>; <a href=\"http:\/\/ugtcomunicaciones.es\/wordpress\/los-operadores-britanicos-se-unen-para-dar-cobertura-4g-rural\/\" target=\"_blank\" rel=\"noopener noreferrer\">http:\/\/ugtcomunicaciones.es\/wordpress\/los-operadores-britanicos-se-unen-para-dar-cobertura-4g-rural\/<\/a><\/span>.<\/p>\n<p style=\"text-align: justify;\">Ser\u00e1 interesante ver como evoluciona esta propuesta y si es posible concretarla en un pa\u00eds de ideas econ\u00f3micas liberales (una red com\u00fan no suena precisamente a un mercado de \u201clibre competencia\u201d y sin intervenci\u00f3n estatal) y pionero en su momento en conformar una Separaci\u00f3n Estructural de su red de acceso, que ha resultado un completo fracaso a la luz de las evidencias.<\/p>\n<h4 style=\"text-align: right;\"><strong><span style=\"color: #ff0000;\">UGT<\/span> Comunicaciones<\/strong><\/h4>\n<p>&nbsp;<\/p>\n<p><a href=\"#_ftnref3\" name=\"_ftn3\"><\/a><\/p>\n","protected":false},"excerpt":{"rendered":"<p>Sin lugar a dudas, el Reino Unido tiene un serio problema con sus infraestructuras de telecomunicaciones, que adem\u00e1s no mejora por el mero discurrir del tiempo. Su retraso en la adopci\u00f3n de la fibra \u00f3ptica hasta el hogar le coloca a la cola de Europa. En pleno 2018, menos del 2% de sus redes son [&hellip;]<\/p>\n","protected":false},"author":3,"featured_media":532818,"comment_status":"closed","ping_status":"closed","sticky":false,"template":"","format":"standard","meta":{"footnotes":""},"categories":[13,12],"tags":[],"class_list":["post-532787","post","type-post","status-publish","format-standard","has-post-thumbnail","hentry","category-mercado-comunicaciones","category-regulacion"],"yoast_head":"<!-- This site is optimized with the Yoast SEO Premium plugin v27.3 (Yoast SEO v27.4) - https:\/\/yoast.com\/product\/yoast-seo-premium-wordpress\/ -->\n<title>BT UK propone una red rural de fibra \u00fanica para todos los operadores - UGT Comunicaciones<\/title>\n<meta name=\"robots\" content=\"index, follow, max-snippet:-1, max-image-preview:large, max-video-preview:-1\" \/>\n<link rel=\"canonical\" href=\"https:\/\/www.ugtcomunicaciones.es\/wordpress\/bt-uk-propone-una-red-rural-de-fibra-unica-para-todos-los-operadores\/\" \/>\n<meta property=\"og:locale\" content=\"es_ES\" \/>\n<meta property=\"og:type\" content=\"article\" \/>\n<meta property=\"og:title\" content=\"BT UK propone una red rural de fibra \u00fanica para todos los operadores\" \/>\n<meta property=\"og:description\" content=\"Sin lugar a dudas, el Reino Unido tiene un serio problema con sus infraestructuras de telecomunicaciones, que adem\u00e1s no mejora por el mero discurrir del tiempo. Su retraso en la adopci\u00f3n de la fibra \u00f3ptica hasta el hogar le coloca a la cola de Europa. En pleno 2018, menos del 2% de sus redes son [&hellip;]\" \/>\n<meta property=\"og:url\" content=\"https:\/\/www.ugtcomunicaciones.es\/wordpress\/bt-uk-propone-una-red-rural-de-fibra-unica-para-todos-los-operadores\/\" \/>\n<meta property=\"og:site_name\" content=\"UGT Comunicaciones\" \/>\n<meta property=\"article:publisher\" content=\"https:\/\/www.facebook.com\/ugt.comunicaciones\/\" \/>\n<meta property=\"article:published_time\" content=\"2020-03-16T06:00:05+00:00\" \/>\n<meta property=\"article:modified_time\" content=\"2020-03-16T10:41:25+00:00\" \/>\n<meta property=\"og:image\" content=\"https:\/\/www.ugtcomunicaciones.es\/wordpress\/wp-content\/uploads\/2020\/03\/BTUK-3.jpg\" \/>\n\t<meta property=\"og:image:width\" content=\"600\" \/>\n\t<meta property=\"og:image:height\" content=\"398\" \/>\n\t<meta property=\"og:image:type\" content=\"image\/jpeg\" \/>\n<meta name=\"author\" content=\"UGT\" \/>\n<meta name=\"twitter:card\" content=\"summary_large_image\" \/>\n<meta name=\"twitter:creator\" content=\"@ugtcom\" \/>\n<meta name=\"twitter:site\" content=\"@ugtcom\" \/>\n<meta name=\"twitter:label1\" content=\"Escrito por\" \/>\n\t<meta name=\"twitter:data1\" content=\"UGT\" \/>\n\t<meta name=\"twitter:label2\" content=\"Tiempo de lectura\" \/>\n\t<meta name=\"twitter:data2\" content=\"2 minutos\" \/>\n<script type=\"application\/ld+json\" class=\"yoast-schema-graph\">{\"@context\":\"https:\\\/\\\/schema.org\",\"@graph\":[{\"@type\":\"Article\",\"@id\":\"https:\\\/\\\/www.ugtcomunicaciones.es\\\/wordpress\\\/bt-uk-propone-una-red-rural-de-fibra-unica-para-todos-los-operadores\\\/#article\",\"isPartOf\":{\"@id\":\"https:\\\/\\\/www.ugtcomunicaciones.es\\\/wordpress\\\/bt-uk-propone-una-red-rural-de-fibra-unica-para-todos-los-operadores\\\/\"},\"author\":{\"name\":\"UGT\",\"@id\":\"https:\\\/\\\/www.ugtcomunicaciones.es\\\/wordpress\\\/#\\\/schema\\\/person\\\/eba0fc3fe5b444531d94d4368cba89ed\"},\"headline\":\"BT UK propone una red rural de fibra \u00fanica para todos los operadores\",\"datePublished\":\"2020-03-16T06:00:05+00:00\",\"dateModified\":\"2020-03-16T10:41:25+00:00\",\"mainEntityOfPage\":{\"@id\":\"https:\\\/\\\/www.ugtcomunicaciones.es\\\/wordpress\\\/bt-uk-propone-una-red-rural-de-fibra-unica-para-todos-los-operadores\\\/\"},\"wordCount\":369,\"publisher\":{\"@id\":\"https:\\\/\\\/www.ugtcomunicaciones.es\\\/wordpress\\\/#organization\"},\"image\":{\"@id\":\"https:\\\/\\\/www.ugtcomunicaciones.es\\\/wordpress\\\/bt-uk-propone-una-red-rural-de-fibra-unica-para-todos-los-operadores\\\/#primaryimage\"},\"thumbnailUrl\":\"https:\\\/\\\/www.ugtcomunicaciones.es\\\/wordpress\\\/wp-content\\\/uploads\\\/2020\\\/03\\\/BTUK-3.jpg\",\"articleSection\":[\"Mercado Comunicaciones\",\"Regulaci\u00f3n\"],\"inLanguage\":\"es\"},{\"@type\":\"WebPage\",\"@id\":\"https:\\\/\\\/www.ugtcomunicaciones.es\\\/wordpress\\\/bt-uk-propone-una-red-rural-de-fibra-unica-para-todos-los-operadores\\\/\",\"url\":\"https:\\\/\\\/www.ugtcomunicaciones.es\\\/wordpress\\\/bt-uk-propone-una-red-rural-de-fibra-unica-para-todos-los-operadores\\\/\",\"name\":\"BT UK propone una red rural de fibra \u00fanica para todos los operadores - UGT Comunicaciones\",\"isPartOf\":{\"@id\":\"https:\\\/\\\/www.ugtcomunicaciones.es\\\/wordpress\\\/#website\"},\"primaryImageOfPage\":{\"@id\":\"https:\\\/\\\/www.ugtcomunicaciones.es\\\/wordpress\\\/bt-uk-propone-una-red-rural-de-fibra-unica-para-todos-los-operadores\\\/#primaryimage\"},\"image\":{\"@id\":\"https:\\\/\\\/www.ugtcomunicaciones.es\\\/wordpress\\\/bt-uk-propone-una-red-rural-de-fibra-unica-para-todos-los-operadores\\\/#primaryimage\"},\"thumbnailUrl\":\"https:\\\/\\\/www.ugtcomunicaciones.es\\\/wordpress\\\/wp-content\\\/uploads\\\/2020\\\/03\\\/BTUK-3.jpg\",\"datePublished\":\"2020-03-16T06:00:05+00:00\",\"dateModified\":\"2020-03-16T10:41:25+00:00\",\"breadcrumb\":{\"@id\":\"https:\\\/\\\/www.ugtcomunicaciones.es\\\/wordpress\\\/bt-uk-propone-una-red-rural-de-fibra-unica-para-todos-los-operadores\\\/#breadcrumb\"},\"inLanguage\":\"es\",\"potentialAction\":[{\"@type\":\"ReadAction\",\"target\":[\"https:\\\/\\\/www.ugtcomunicaciones.es\\\/wordpress\\\/bt-uk-propone-una-red-rural-de-fibra-unica-para-todos-los-operadores\\\/\"]}]},{\"@type\":\"ImageObject\",\"inLanguage\":\"es\",\"@id\":\"https:\\\/\\\/www.ugtcomunicaciones.es\\\/wordpress\\\/bt-uk-propone-una-red-rural-de-fibra-unica-para-todos-los-operadores\\\/#primaryimage\",\"url\":\"https:\\\/\\\/www.ugtcomunicaciones.es\\\/wordpress\\\/wp-content\\\/uploads\\\/2020\\\/03\\\/BTUK-3.jpg\",\"contentUrl\":\"https:\\\/\\\/www.ugtcomunicaciones.es\\\/wordpress\\\/wp-content\\\/uploads\\\/2020\\\/03\\\/BTUK-3.jpg\",\"width\":600,\"height\":398},{\"@type\":\"BreadcrumbList\",\"@id\":\"https:\\\/\\\/www.ugtcomunicaciones.es\\\/wordpress\\\/bt-uk-propone-una-red-rural-de-fibra-unica-para-todos-los-operadores\\\/#breadcrumb\",\"itemListElement\":[{\"@type\":\"ListItem\",\"position\":1,\"name\":\"Portada\",\"item\":\"https:\\\/\\\/www.ugtcomunicaciones.es\\\/wordpress\\\/\"},{\"@type\":\"ListItem\",\"position\":2,\"name\":\"BT UK propone una red rural de fibra \u00fanica para todos los operadores\"}]},{\"@type\":\"WebSite\",\"@id\":\"https:\\\/\\\/www.ugtcomunicaciones.es\\\/wordpress\\\/#website\",\"url\":\"https:\\\/\\\/www.ugtcomunicaciones.es\\\/wordpress\\\/\",\"name\":\"UGT Comunicaciones\",\"description\":\"Sindicato de Telecomunicaciones\",\"publisher\":{\"@id\":\"https:\\\/\\\/www.ugtcomunicaciones.es\\\/wordpress\\\/#organization\"},\"potentialAction\":[{\"@type\":\"SearchAction\",\"target\":{\"@type\":\"EntryPoint\",\"urlTemplate\":\"https:\\\/\\\/www.ugtcomunicaciones.es\\\/wordpress\\\/?s={search_term_string}\"},\"query-input\":{\"@type\":\"PropertyValueSpecification\",\"valueRequired\":true,\"valueName\":\"search_term_string\"}}],\"inLanguage\":\"es\"},{\"@type\":\"Organization\",\"@id\":\"https:\\\/\\\/www.ugtcomunicaciones.es\\\/wordpress\\\/#organization\",\"name\":\"UGT Comunicaciones\",\"url\":\"https:\\\/\\\/www.ugtcomunicaciones.es\\\/wordpress\\\/\",\"logo\":{\"@type\":\"ImageObject\",\"inLanguage\":\"es\",\"@id\":\"https:\\\/\\\/www.ugtcomunicaciones.es\\\/wordpress\\\/#\\\/schema\\\/logo\\\/image\\\/\",\"url\":\"https:\\\/\\\/www.ugtcomunicaciones.es\\\/wordpress\\\/wp-content\\\/uploads\\\/2024\\\/04\\\/comunicaciones_logo.png\",\"contentUrl\":\"https:\\\/\\\/www.ugtcomunicaciones.es\\\/wordpress\\\/wp-content\\\/uploads\\\/2024\\\/04\\\/comunicaciones_logo.png\",\"width\":298,\"height\":81,\"caption\":\"UGT Comunicaciones\"},\"image\":{\"@id\":\"https:\\\/\\\/www.ugtcomunicaciones.es\\\/wordpress\\\/#\\\/schema\\\/logo\\\/image\\\/\"},\"sameAs\":[\"https:\\\/\\\/www.facebook.com\\\/ugt.comunicaciones\\\/\",\"https:\\\/\\\/x.com\\\/ugtcom\"]},{\"@type\":\"Person\",\"@id\":\"https:\\\/\\\/www.ugtcomunicaciones.es\\\/wordpress\\\/#\\\/schema\\\/person\\\/eba0fc3fe5b444531d94d4368cba89ed\",\"name\":\"UGT\",\"image\":{\"@type\":\"ImageObject\",\"inLanguage\":\"es\",\"@id\":\"https:\\\/\\\/secure.gravatar.com\\\/avatar\\\/2a16057d620a4c646bcfc171c4f23030879ebbdd346f0525bd5d4a564e57e13d?s=96&d=mm&r=g\",\"url\":\"https:\\\/\\\/secure.gravatar.com\\\/avatar\\\/2a16057d620a4c646bcfc171c4f23030879ebbdd346f0525bd5d4a564e57e13d?s=96&d=mm&r=g\",\"contentUrl\":\"https:\\\/\\\/secure.gravatar.com\\\/avatar\\\/2a16057d620a4c646bcfc171c4f23030879ebbdd346f0525bd5d4a564e57e13d?s=96&d=mm&r=g\",\"caption\":\"UGT\"}}]}<\/script>\n<!-- \/ Yoast SEO Premium plugin. -->","yoast_head_json":{"title":"BT UK propone una red rural de fibra \u00fanica para todos los operadores - UGT Comunicaciones","robots":{"index":"index","follow":"follow","max-snippet":"max-snippet:-1","max-image-preview":"max-image-preview:large","max-video-preview":"max-video-preview:-1"},"canonical":"https:\/\/www.ugtcomunicaciones.es\/wordpress\/bt-uk-propone-una-red-rural-de-fibra-unica-para-todos-los-operadores\/","og_locale":"es_ES","og_type":"article","og_title":"BT UK propone una red rural de fibra \u00fanica para todos los operadores","og_description":"Sin lugar a dudas, el Reino Unido tiene un serio problema con sus infraestructuras de telecomunicaciones, que adem\u00e1s no mejora por el mero discurrir del tiempo. Su retraso en la adopci\u00f3n de la fibra \u00f3ptica hasta el hogar le coloca a la cola de Europa. En pleno 2018, menos del 2% de sus redes son [&hellip;]","og_url":"https:\/\/www.ugtcomunicaciones.es\/wordpress\/bt-uk-propone-una-red-rural-de-fibra-unica-para-todos-los-operadores\/","og_site_name":"UGT Comunicaciones","article_publisher":"https:\/\/www.facebook.com\/ugt.comunicaciones\/","article_published_time":"2020-03-16T06:00:05+00:00","article_modified_time":"2020-03-16T10:41:25+00:00","og_image":[{"width":600,"height":398,"url":"https:\/\/www.ugtcomunicaciones.es\/wordpress\/wp-content\/uploads\/2020\/03\/BTUK-3.jpg","type":"image\/jpeg"}],"author":"UGT","twitter_card":"summary_large_image","twitter_creator":"@ugtcom","twitter_site":"@ugtcom","twitter_misc":{"Escrito por":"UGT","Tiempo de lectura":"2 minutos"},"schema":{"@context":"https:\/\/schema.org","@graph":[{"@type":"Article","@id":"https:\/\/www.ugtcomunicaciones.es\/wordpress\/bt-uk-propone-una-red-rural-de-fibra-unica-para-todos-los-operadores\/#article","isPartOf":{"@id":"https:\/\/www.ugtcomunicaciones.es\/wordpress\/bt-uk-propone-una-red-rural-de-fibra-unica-para-todos-los-operadores\/"},"author":{"name":"UGT","@id":"https:\/\/www.ugtcomunicaciones.es\/wordpress\/#\/schema\/person\/eba0fc3fe5b444531d94d4368cba89ed"},"headline":"BT UK propone una red rural de fibra \u00fanica para todos los operadores","datePublished":"2020-03-16T06:00:05+00:00","dateModified":"2020-03-16T10:41:25+00:00","mainEntityOfPage":{"@id":"https:\/\/www.ugtcomunicaciones.es\/wordpress\/bt-uk-propone-una-red-rural-de-fibra-unica-para-todos-los-operadores\/"},"wordCount":369,"publisher":{"@id":"https:\/\/www.ugtcomunicaciones.es\/wordpress\/#organization"},"image":{"@id":"https:\/\/www.ugtcomunicaciones.es\/wordpress\/bt-uk-propone-una-red-rural-de-fibra-unica-para-todos-los-operadores\/#primaryimage"},"thumbnailUrl":"https:\/\/www.ugtcomunicaciones.es\/wordpress\/wp-content\/uploads\/2020\/03\/BTUK-3.jpg","articleSection":["Mercado Comunicaciones","Regulaci\u00f3n"],"inLanguage":"es"},{"@type":"WebPage","@id":"https:\/\/www.ugtcomunicaciones.es\/wordpress\/bt-uk-propone-una-red-rural-de-fibra-unica-para-todos-los-operadores\/","url":"https:\/\/www.ugtcomunicaciones.es\/wordpress\/bt-uk-propone-una-red-rural-de-fibra-unica-para-todos-los-operadores\/","name":"BT UK propone una red rural de fibra \u00fanica para todos los operadores - UGT Comunicaciones","isPartOf":{"@id":"https:\/\/www.ugtcomunicaciones.es\/wordpress\/#website"},"primaryImageOfPage":{"@id":"https:\/\/www.ugtcomunicaciones.es\/wordpress\/bt-uk-propone-una-red-rural-de-fibra-unica-para-todos-los-operadores\/#primaryimage"},"image":{"@id":"https:\/\/www.ugtcomunicaciones.es\/wordpress\/bt-uk-propone-una-red-rural-de-fibra-unica-para-todos-los-operadores\/#primaryimage"},"thumbnailUrl":"https:\/\/www.ugtcomunicaciones.es\/wordpress\/wp-content\/uploads\/2020\/03\/BTUK-3.jpg","datePublished":"2020-03-16T06:00:05+00:00","dateModified":"2020-03-16T10:41:25+00:00","breadcrumb":{"@id":"https:\/\/www.ugtcomunicaciones.es\/wordpress\/bt-uk-propone-una-red-rural-de-fibra-unica-para-todos-los-operadores\/#breadcrumb"},"inLanguage":"es","potentialAction":[{"@type":"ReadAction","target":["https:\/\/www.ugtcomunicaciones.es\/wordpress\/bt-uk-propone-una-red-rural-de-fibra-unica-para-todos-los-operadores\/"]}]},{"@type":"ImageObject","inLanguage":"es","@id":"https:\/\/www.ugtcomunicaciones.es\/wordpress\/bt-uk-propone-una-red-rural-de-fibra-unica-para-todos-los-operadores\/#primaryimage","url":"https:\/\/www.ugtcomunicaciones.es\/wordpress\/wp-content\/uploads\/2020\/03\/BTUK-3.jpg","contentUrl":"https:\/\/www.ugtcomunicaciones.es\/wordpress\/wp-content\/uploads\/2020\/03\/BTUK-3.jpg","width":600,"height":398},{"@type":"BreadcrumbList","@id":"https:\/\/www.ugtcomunicaciones.es\/wordpress\/bt-uk-propone-una-red-rural-de-fibra-unica-para-todos-los-operadores\/#breadcrumb","itemListElement":[{"@type":"ListItem","position":1,"name":"Portada","item":"https:\/\/www.ugtcomunicaciones.es\/wordpress\/"},{"@type":"ListItem","position":2,"name":"BT UK propone una red rural de fibra \u00fanica para todos los operadores"}]},{"@type":"WebSite","@id":"https:\/\/www.ugtcomunicaciones.es\/wordpress\/#website","url":"https:\/\/www.ugtcomunicaciones.es\/wordpress\/","name":"UGT Comunicaciones","description":"Sindicato de Telecomunicaciones","publisher":{"@id":"https:\/\/www.ugtcomunicaciones.es\/wordpress\/#organization"},"potentialAction":[{"@type":"SearchAction","target":{"@type":"EntryPoint","urlTemplate":"https:\/\/www.ugtcomunicaciones.es\/wordpress\/?s={search_term_string}"},"query-input":{"@type":"PropertyValueSpecification","valueRequired":true,"valueName":"search_term_string"}}],"inLanguage":"es"},{"@type":"Organization","@id":"https:\/\/www.ugtcomunicaciones.es\/wordpress\/#organization","name":"UGT Comunicaciones","url":"https:\/\/www.ugtcomunicaciones.es\/wordpress\/","logo":{"@type":"ImageObject","inLanguage":"es","@id":"https:\/\/www.ugtcomunicaciones.es\/wordpress\/#\/schema\/logo\/image\/","url":"https:\/\/www.ugtcomunicaciones.es\/wordpress\/wp-content\/uploads\/2024\/04\/comunicaciones_logo.png","contentUrl":"https:\/\/www.ugtcomunicaciones.es\/wordpress\/wp-content\/uploads\/2024\/04\/comunicaciones_logo.png","width":298,"height":81,"caption":"UGT Comunicaciones"},"image":{"@id":"https:\/\/www.ugtcomunicaciones.es\/wordpress\/#\/schema\/logo\/image\/"},"sameAs":["https:\/\/www.facebook.com\/ugt.comunicaciones\/","https:\/\/x.com\/ugtcom"]},{"@type":"Person","@id":"https:\/\/www.ugtcomunicaciones.es\/wordpress\/#\/schema\/person\/eba0fc3fe5b444531d94d4368cba89ed","name":"UGT","image":{"@type":"ImageObject","inLanguage":"es","@id":"https:\/\/secure.gravatar.com\/avatar\/2a16057d620a4c646bcfc171c4f23030879ebbdd346f0525bd5d4a564e57e13d?s=96&d=mm&r=g","url":"https:\/\/secure.gravatar.com\/avatar\/2a16057d620a4c646bcfc171c4f23030879ebbdd346f0525bd5d4a564e57e13d?s=96&d=mm&r=g","contentUrl":"https:\/\/secure.gravatar.com\/avatar\/2a16057d620a4c646bcfc171c4f23030879ebbdd346f0525bd5d4a564e57e13d?s=96&d=mm&r=g","caption":"UGT"}}]}},"_links":{"self":[{"href":"https:\/\/www.ugtcomunicaciones.es\/wordpress\/wp-json\/wp\/v2\/posts\/532787","targetHints":{"allow":["GET"]}}],"collection":[{"href":"https:\/\/www.ugtcomunicaciones.es\/wordpress\/wp-json\/wp\/v2\/posts"}],"about":[{"href":"https:\/\/www.ugtcomunicaciones.es\/wordpress\/wp-json\/wp\/v2\/types\/post"}],"author":[{"embeddable":true,"href":"https:\/\/www.ugtcomunicaciones.es\/wordpress\/wp-json\/wp\/v2\/users\/3"}],"replies":[{"embeddable":true,"href":"https:\/\/www.ugtcomunicaciones.es\/wordpress\/wp-json\/wp\/v2\/comments?post=532787"}],"version-history":[{"count":0,"href":"https:\/\/www.ugtcomunicaciones.es\/wordpress\/wp-json\/wp\/v2\/posts\/532787\/revisions"}],"wp:featuredmedia":[{"embeddable":true,"href":"https:\/\/www.ugtcomunicaciones.es\/wordpress\/wp-json\/wp\/v2\/media\/532818"}],"wp:attachment":[{"href":"https:\/\/www.ugtcomunicaciones.es\/wordpress\/wp-json\/wp\/v2\/media?parent=532787"}],"wp:term":[{"taxonomy":"category","embeddable":true,"href":"https:\/\/www.ugtcomunicaciones.es\/wordpress\/wp-json\/wp\/v2\/categories?post=532787"},{"taxonomy":"post_tag","embeddable":true,"href":"https:\/\/www.ugtcomunicaciones.es\/wordpress\/wp-json\/wp\/v2\/tags?post=532787"}],"curies":[{"name":"wp","href":"https:\/\/api.w.org\/{rel}","templated":true}]}}