{"id":541,"date":"2017-01-16T13:28:28","date_gmt":"2017-01-16T12:28:28","guid":{"rendered":"http:\/\/www.ugtcom.h2301842.stratoserver.net\/wordpress\/wordpress\/?p=541"},"modified":"2017-06-27T08:45:56","modified_gmt":"2017-06-27T07:45:56","slug":"europa-define-el-cronograma-del-segundo-y-tercer-dividendo-digital","status":"publish","type":"post","link":"https:\/\/www.ugtcomunicaciones.es\/wordpress\/europa-define-el-cronograma-del-segundo-y-tercer-dividendo-digital\/","title":{"rendered":"Europa define el cronograma del segundo y tercer dividendo digital"},"content":{"rendered":"<p style=\"text-align: justify;\"><em>Habemus consensus<\/em>. Despu\u00e9s de meses de idas y venidas, al fin, los \u00f3rganos europeos decisorios (Europarlamento, Consejo y Comisi\u00f3n) han logrado un acuerdo de consenso<a href=\"#_ftn1\" name=\"_ftnref1\">[1]<\/a> sobre la liberaci\u00f3n del segundo dividendo digital sobre la banda de los 700 MHz.<\/p>\n<p style=\"text-align: justify;\">Es m\u00e1s, el acuerdo llega m\u00e1s all\u00e1 de este susodicho dividendo digital y alcanza al lejano, pero imparable <strong>tercer dividendo digital<\/strong>, sobre la denominada banda sub-700 (de 470 a 694\u00a0MHz).<\/p>\n<p style=\"text-align: justify;\">De forma muy resumida, la gesti\u00f3n de la banda UHF de 470-790\u00a0MHz, actualmente reservada para la TDT, queda de la siguiente manera:<\/p>\n<ul style=\"text-align: justify;\">\n<li><strong>La banda de 700\u00a0MHz<\/strong> se liberar\u00e1, y por tanto, se atribuir\u00e1 a los operadores de telefon\u00eda m\u00f3vil para su uso como banda ancha inal\u00e1mbrica, como muy tarde, el 30 de junio de 2020 en todos los Estados miembros de la UE. No obstante, se admitir\u00e1n excepciones debidamente justificadas<a href=\"#_ftn2\" name=\"_ftnref2\">[2]<\/a> para un posible retraso hasta el 30 de junio de 2022. Los Estados Miembros tienen de plazo hasta el 30 de junio de 2018 para hacer p\u00fablicos sus planes nacionales para liberar esta banda (modalidad de licitaci\u00f3n o concurso, fecha definitiva de la liberaci\u00f3n, m\u00e1ximo de espectro por operador, etc.). Esta decisi\u00f3n est\u00e1 en l\u00ednea con los acuerdo adoptados por la UIT<a href=\"#_ftn3\" name=\"_ftnref3\">[3]<\/a>.<\/li>\n<\/ul>\n<ul style=\"text-align: justify;\">\n<li>En la <strong>banda inferior a 700\u00a0MHz<\/strong>, se reserva para radiodifusi\u00f3n hasta 2030. Con todo, existe la posibilidad de que cada Estado miembro adopte un planteamiento m\u00e1s flexible al uso alternativo del espectro \u2014como los servicios m\u00f3viles multimedia avanzados\u2014 seg\u00fan los diferentes niveles de aceptaci\u00f3n de la televisi\u00f3n digital terrestre (TDT). La Comisi\u00f3n tambi\u00e9n revisar\u00e1 el uso de esta banda en el futuro, con miras a garantizar un uso eficiente del espectro.<\/li>\n<\/ul>\n<p style=\"text-align: justify;\">Es importante recordar que, debido a sus cualidades t\u00e9cnicas (amplio alcance, buena penetraci\u00f3n de edificios), la banda de 700 MHz ayudar\u00e1 a satisfacer la creciente demanda de contenidos audiovisuales y otros servicios de banda ancha a trav\u00e9s de redes inal\u00e1mbricas.\u00a0Se estima que el tr\u00e1fico inal\u00e1mbrico aumentar\u00e1 casi 8 veces para el a\u00f1o 2020. Adem\u00e1s, con m\u00e1s espectro para la banda ancha m\u00f3vil, los habitantes de las zonas rurales se beneficiar\u00e1n de una mayor cobertura de banda ancha, tanto en casa como en movimiento.\u00a0Esto ayudar\u00e1 a reducir la brecha digital en Europa y crear un\u00a0mercado \u00fanico digital.\u00a0Al mismo tiempo, los ciudadanos de las zonas urbanas podr\u00e1n disfrutar de una mejor cobertura en interiores y al aire libre con una conexi\u00f3n a Internet fiable y m\u00e1s r\u00e1pida.<\/p>\n<p style=\"text-align: justify;\">Por \u00faltimo, las frecuencias de 700 MHz son esenciales para el\u00a05G, que deber\u00eda convertirse en una realidad en torno a 2020. Esta banda es ideal conectar coches aut\u00f3nomos y otros nuevos servicios digitales innovadores (e- salud o redes de energ\u00eda inteligentes gracias al Internet de las Cosas).<\/p>\n<p style=\"text-align: justify;\">Lo que no clarifica el acuerdo es lo que pasar\u00e1 con los costes de reantenizaci\u00f3n con motivo del Segundo Dividendo Digital. De hecho, la Comisi\u00f3n se saca de encima el asunto (sic<em>): \u201cCorresponde a los Estados miembros decidir s\u00ed ayudan, y c\u00f3mo ayudar, a los consumidores con los costos de transici\u00f3n<\/em><a href=\"#_ftn4\" name=\"_ftnref4\">[4]<\/a><em>\u201d<\/em>.<\/p>\n<p style=\"text-align: justify;\">Desde <strong>UGT<\/strong><strong> Comunicaciones<\/strong>, como ya hicimos con el primer dividendo digital<a href=\"#_ftn5\" name=\"_ftnref5\">[5]<\/a>, <strong>exigiremos al Gobierno que el coste de la reantenizaci\u00f3n no recaiga sobre la Ciudadan\u00eda. De hecho, gracias a la intervenci\u00f3n de <\/strong><strong>UGT<\/strong>, 11 millones de hogares y 16,2 millones de ciudadanos espa\u00f1oles no tuvieron que pagar de su bolsillo el cambio de frecuencias de la TDT en sus casas en 2014.<\/p>\n<p style=\"text-align: justify;\">Para finalizar, no nos satisface el calendario aprobado por Bruselas, ya que <strong>seguimos entendiendo que adelantar el segundo dividendo digital fomentar\u00eda la creaci\u00f3n de empleo y el crecimiento econ\u00f3mico<\/strong><a href=\"#_ftn6\" name=\"_ftnref6\">[6]<\/a>, tal y como est\u00e1n haciendo muchos pa\u00edses de la Uni\u00f3n<a href=\"#_ftn7\" name=\"_ftnref7\">[7]<\/a>. <strong>Posponer la obligatoriedad de su liberaci\u00f3n hasta 2022 en determinados supuestos, relega a Espa\u00f1a a una posici\u00f3n de desventaja con sus competidores europeos y mundiales<a href=\"#_ftn8\" name=\"_ftnref8\">[8]<\/a>, adem\u00e1s de imposibilitar un cierre definitivo de la Brecha Digital por cuestiones geogr\u00e1ficas en nuestro pa\u00eds<a href=\"#_ftn9\" name=\"_ftnref9\">[9]<\/a><\/strong>.<\/p>\n<p><a href=\"#_ftnref1\" name=\"_ftn1\">[1]<\/a> <a href=\"http:\/\/europa.eu\/rapid\/press-release_IP-16-4405_es.htm\">http:\/\/europa.eu\/rapid\/press-release_IP-16-4405_es.htm<\/a><\/p>\n<p><a href=\"#_ftnref2\" name=\"_ftn2\">[2]<\/a> <em>\u00abHowever, the 2020 deadline can be extended for two years by individual Member States for \u201cduly justified reasons\u00bb<\/em>, <a href=\"http:\/\/www.europarl.europa.eu\/news\/en\/news-room\/20161214IPR56029\/5g-internet-by-2020-parliamentcouncil-deal\">http:\/\/www.europarl.europa.eu\/news\/en\/news-room\/20161214IPR56029\/5g-internet-by-2020-parliamentcouncil-deal<\/a><\/p>\n<p><a href=\"#_ftnref3\" name=\"_ftn3\">[3]<\/a> <a href=\"http:\/\/www.smcugt.org\/archivos\/elementos\/2016\/la_uit_aprueba_formalmente.pdf\">http:\/\/www.smcugt.org\/archivos\/elementos\/2016\/la_uit_aprueba_formalmente.pdf<\/a><\/p>\n<p><a href=\"#_ftnref4\" name=\"_ftn4\">[4]<\/a> <a href=\"http:\/\/europa.eu\/rapid\/press-release_MEMO-16-206_en.htm\">http:\/\/europa.eu\/rapid\/press-release_MEMO-16-206_en.htm<\/a><\/p>\n<p><a href=\"#_ftnref5\" name=\"_ftn5\">[5]<\/a> <a href=\"http:\/\/www.ugt.es\/SitePages\/NoticiaDetalle.aspx?idElemento=593\">http:\/\/www.ugt.es\/SitePages\/NoticiaDetalle.aspx?idElemento=593<\/a><\/p>\n<p><a href=\"#_ftnref6\" name=\"_ftn6\">[6]<\/a> <a href=\"http:\/\/www.smcugt.org\/noticia\/adelantar-el-segundo-dividendo-digital-fomentaria-la-creacion-de-empleo-y-el-crecimiento-economico-id-45248.htm\">http:\/\/www.smcugt.org\/noticia\/adelantar-el-segundo-dividendo-digital-fomentaria-la-creacion-de-empleo-y-el-crecimiento-economico-id-45248.htm<\/a><\/p>\n<p><a href=\"#_ftnref7\" name=\"_ftn7\">[7]<\/a> <a href=\"http:\/\/www.smcugt.org\/noticia\/espana-no-reacciona-y-sera-de-las-ultimas-en-liberar-el-segundo-dividendo-digital-id-52428.htm\">http:\/\/www.smcugt.org\/noticia\/espana-no-reacciona-y-sera-de-las-ultimas-en-liberar-el-segundo-dividendo-digital-id-52428.htm<\/a><\/p>\n<p><a href=\"#_ftnref8\" name=\"_ftn8\">[8]<\/a> <a href=\"http:\/\/www.smcugt.org\/noticia\/fracaso-de-reguladores-y-legisladores-espanoles-para-adaptarse-a-la-era-digital-id-54369.htm\">http:\/\/www.smcugt.org\/noticia\/fracaso-de-reguladores-y-legisladores-espanoles-para-adaptarse-a-la-era-digital-id-54369.htm<\/a><\/p>\n<p><a href=\"#_ftnref9\" name=\"_ftn9\">[9]<\/a> <a href=\"http:\/\/www.smcugt.org\/noticia\/alemania-tendra-50-mbps-para-todos-en-2018-id-52742.htm\">http:\/\/www.smcugt.org\/noticia\/alemania-tendra-50-mbps-para-todos-en-2018-id-52742.htm<\/a><\/p>\n","protected":false},"excerpt":{"rendered":"<p>Habemus consensus. Despu\u00e9s de meses de idas y venidas, al fin, los \u00f3rganos europeos decisorios (Europarlamento, Consejo y Comisi\u00f3n) han logrado un acuerdo de consenso[1] sobre la liberaci\u00f3n del segundo dividendo digital sobre la banda de los 700 MHz. Es m\u00e1s, el acuerdo llega m\u00e1s all\u00e1 de este susodicho dividendo digital y alcanza al lejano, [&hellip;]<\/p>\n","protected":false},"author":3,"featured_media":542,"comment_status":"open","ping_status":"closed","sticky":false,"template":"","format":"standard","meta":{"footnotes":""},"categories":[2,14,12],"tags":[],"class_list":["post-541","post","type-post","status-publish","format-standard","has-post-thumbnail","hentry","category-featured","category-opinion","category-regulacion"],"yoast_head":"<!-- This site is optimized with the Yoast SEO Premium plugin v27.3 (Yoast SEO v27.4) - https:\/\/yoast.com\/product\/yoast-seo-premium-wordpress\/ -->\n<title>Europa define el cronograma del segundo y tercer dividendo digital - UGT Comunicaciones<\/title>\n<meta name=\"robots\" content=\"index, follow, max-snippet:-1, max-image-preview:large, max-video-preview:-1\" \/>\n<link rel=\"canonical\" href=\"https:\/\/www.ugtcomunicaciones.es\/wordpress\/europa-define-el-cronograma-del-segundo-y-tercer-dividendo-digital\/\" \/>\n<meta property=\"og:locale\" content=\"es_ES\" \/>\n<meta property=\"og:type\" content=\"article\" \/>\n<meta property=\"og:title\" content=\"Europa define el cronograma del segundo y tercer dividendo digital\" \/>\n<meta property=\"og:description\" content=\"Habemus consensus. Despu\u00e9s de meses de idas y venidas, al fin, los \u00f3rganos europeos decisorios (Europarlamento, Consejo y Comisi\u00f3n) han logrado un acuerdo de consenso[1] sobre la liberaci\u00f3n del segundo dividendo digital sobre la banda de los 700 MHz. Es m\u00e1s, el acuerdo llega m\u00e1s all\u00e1 de este susodicho dividendo digital y alcanza al lejano, [&hellip;]\" \/>\n<meta property=\"og:url\" content=\"https:\/\/www.ugtcomunicaciones.es\/wordpress\/europa-define-el-cronograma-del-segundo-y-tercer-dividendo-digital\/\" \/>\n<meta property=\"og:site_name\" content=\"UGT Comunicaciones\" \/>\n<meta property=\"article:publisher\" content=\"https:\/\/www.facebook.com\/ugt.comunicaciones\/\" \/>\n<meta property=\"article:published_time\" content=\"2017-01-16T12:28:28+00:00\" \/>\n<meta property=\"article:modified_time\" content=\"2017-06-27T07:45:56+00:00\" \/>\n<meta property=\"og:image\" content=\"https:\/\/www.ugtcomunicaciones.es\/wordpress\/wp-content\/uploads\/2017\/01\/agenda_digital.png\" \/>\n\t<meta property=\"og:image:width\" content=\"389\" \/>\n\t<meta property=\"og:image:height\" content=\"407\" \/>\n\t<meta property=\"og:image:type\" content=\"image\/png\" \/>\n<meta name=\"author\" content=\"UGT\" \/>\n<meta name=\"twitter:card\" content=\"summary_large_image\" \/>\n<meta name=\"twitter:creator\" content=\"@ugtcom\" \/>\n<meta name=\"twitter:site\" content=\"@ugtcom\" \/>\n<meta name=\"twitter:label1\" content=\"Escrito por\" \/>\n\t<meta name=\"twitter:data1\" content=\"UGT\" \/>\n\t<meta name=\"twitter:label2\" content=\"Tiempo de lectura\" \/>\n\t<meta name=\"twitter:data2\" content=\"4 minutos\" \/>\n<script type=\"application\/ld+json\" class=\"yoast-schema-graph\">{\"@context\":\"https:\\\/\\\/schema.org\",\"@graph\":[{\"@type\":\"Article\",\"@id\":\"https:\\\/\\\/www.ugtcomunicaciones.es\\\/wordpress\\\/europa-define-el-cronograma-del-segundo-y-tercer-dividendo-digital\\\/#article\",\"isPartOf\":{\"@id\":\"https:\\\/\\\/www.ugtcomunicaciones.es\\\/wordpress\\\/europa-define-el-cronograma-del-segundo-y-tercer-dividendo-digital\\\/\"},\"author\":{\"name\":\"UGT\",\"@id\":\"https:\\\/\\\/www.ugtcomunicaciones.es\\\/wordpress\\\/#\\\/schema\\\/person\\\/eba0fc3fe5b444531d94d4368cba89ed\"},\"headline\":\"Europa define el cronograma del segundo y tercer dividendo digital\",\"datePublished\":\"2017-01-16T12:28:28+00:00\",\"dateModified\":\"2017-06-27T07:45:56+00:00\",\"mainEntityOfPage\":{\"@id\":\"https:\\\/\\\/www.ugtcomunicaciones.es\\\/wordpress\\\/europa-define-el-cronograma-del-segundo-y-tercer-dividendo-digital\\\/\"},\"wordCount\":792,\"commentCount\":1,\"publisher\":{\"@id\":\"https:\\\/\\\/www.ugtcomunicaciones.es\\\/wordpress\\\/#organization\"},\"image\":{\"@id\":\"https:\\\/\\\/www.ugtcomunicaciones.es\\\/wordpress\\\/europa-define-el-cronograma-del-segundo-y-tercer-dividendo-digital\\\/#primaryimage\"},\"thumbnailUrl\":\"https:\\\/\\\/www.ugtcomunicaciones.es\\\/wordpress\\\/wp-content\\\/uploads\\\/2017\\\/01\\\/agenda_digital.png\",\"articleSection\":[\"Featured\",\"Opini\u00f3n\",\"Regulaci\u00f3n\"],\"inLanguage\":\"es\",\"potentialAction\":[{\"@type\":\"CommentAction\",\"name\":\"Comment\",\"target\":[\"https:\\\/\\\/www.ugtcomunicaciones.es\\\/wordpress\\\/europa-define-el-cronograma-del-segundo-y-tercer-dividendo-digital\\\/#respond\"]}]},{\"@type\":\"WebPage\",\"@id\":\"https:\\\/\\\/www.ugtcomunicaciones.es\\\/wordpress\\\/europa-define-el-cronograma-del-segundo-y-tercer-dividendo-digital\\\/\",\"url\":\"https:\\\/\\\/www.ugtcomunicaciones.es\\\/wordpress\\\/europa-define-el-cronograma-del-segundo-y-tercer-dividendo-digital\\\/\",\"name\":\"Europa define el cronograma del segundo y tercer dividendo digital - UGT Comunicaciones\",\"isPartOf\":{\"@id\":\"https:\\\/\\\/www.ugtcomunicaciones.es\\\/wordpress\\\/#website\"},\"primaryImageOfPage\":{\"@id\":\"https:\\\/\\\/www.ugtcomunicaciones.es\\\/wordpress\\\/europa-define-el-cronograma-del-segundo-y-tercer-dividendo-digital\\\/#primaryimage\"},\"image\":{\"@id\":\"https:\\\/\\\/www.ugtcomunicaciones.es\\\/wordpress\\\/europa-define-el-cronograma-del-segundo-y-tercer-dividendo-digital\\\/#primaryimage\"},\"thumbnailUrl\":\"https:\\\/\\\/www.ugtcomunicaciones.es\\\/wordpress\\\/wp-content\\\/uploads\\\/2017\\\/01\\\/agenda_digital.png\",\"datePublished\":\"2017-01-16T12:28:28+00:00\",\"dateModified\":\"2017-06-27T07:45:56+00:00\",\"breadcrumb\":{\"@id\":\"https:\\\/\\\/www.ugtcomunicaciones.es\\\/wordpress\\\/europa-define-el-cronograma-del-segundo-y-tercer-dividendo-digital\\\/#breadcrumb\"},\"inLanguage\":\"es\",\"potentialAction\":[{\"@type\":\"ReadAction\",\"target\":[\"https:\\\/\\\/www.ugtcomunicaciones.es\\\/wordpress\\\/europa-define-el-cronograma-del-segundo-y-tercer-dividendo-digital\\\/\"]}]},{\"@type\":\"ImageObject\",\"inLanguage\":\"es\",\"@id\":\"https:\\\/\\\/www.ugtcomunicaciones.es\\\/wordpress\\\/europa-define-el-cronograma-del-segundo-y-tercer-dividendo-digital\\\/#primaryimage\",\"url\":\"https:\\\/\\\/www.ugtcomunicaciones.es\\\/wordpress\\\/wp-content\\\/uploads\\\/2017\\\/01\\\/agenda_digital.png\",\"contentUrl\":\"https:\\\/\\\/www.ugtcomunicaciones.es\\\/wordpress\\\/wp-content\\\/uploads\\\/2017\\\/01\\\/agenda_digital.png\",\"width\":389,\"height\":407},{\"@type\":\"BreadcrumbList\",\"@id\":\"https:\\\/\\\/www.ugtcomunicaciones.es\\\/wordpress\\\/europa-define-el-cronograma-del-segundo-y-tercer-dividendo-digital\\\/#breadcrumb\",\"itemListElement\":[{\"@type\":\"ListItem\",\"position\":1,\"name\":\"Portada\",\"item\":\"https:\\\/\\\/www.ugtcomunicaciones.es\\\/wordpress\\\/\"},{\"@type\":\"ListItem\",\"position\":2,\"name\":\"Europa define el cronograma del segundo y tercer dividendo digital\"}]},{\"@type\":\"WebSite\",\"@id\":\"https:\\\/\\\/www.ugtcomunicaciones.es\\\/wordpress\\\/#website\",\"url\":\"https:\\\/\\\/www.ugtcomunicaciones.es\\\/wordpress\\\/\",\"name\":\"UGT Comunicaciones\",\"description\":\"Sindicato de Telecomunicaciones\",\"publisher\":{\"@id\":\"https:\\\/\\\/www.ugtcomunicaciones.es\\\/wordpress\\\/#organization\"},\"potentialAction\":[{\"@type\":\"SearchAction\",\"target\":{\"@type\":\"EntryPoint\",\"urlTemplate\":\"https:\\\/\\\/www.ugtcomunicaciones.es\\\/wordpress\\\/?s={search_term_string}\"},\"query-input\":{\"@type\":\"PropertyValueSpecification\",\"valueRequired\":true,\"valueName\":\"search_term_string\"}}],\"inLanguage\":\"es\"},{\"@type\":\"Organization\",\"@id\":\"https:\\\/\\\/www.ugtcomunicaciones.es\\\/wordpress\\\/#organization\",\"name\":\"UGT Comunicaciones\",\"url\":\"https:\\\/\\\/www.ugtcomunicaciones.es\\\/wordpress\\\/\",\"logo\":{\"@type\":\"ImageObject\",\"inLanguage\":\"es\",\"@id\":\"https:\\\/\\\/www.ugtcomunicaciones.es\\\/wordpress\\\/#\\\/schema\\\/logo\\\/image\\\/\",\"url\":\"https:\\\/\\\/www.ugtcomunicaciones.es\\\/wordpress\\\/wp-content\\\/uploads\\\/2024\\\/04\\\/comunicaciones_logo.png\",\"contentUrl\":\"https:\\\/\\\/www.ugtcomunicaciones.es\\\/wordpress\\\/wp-content\\\/uploads\\\/2024\\\/04\\\/comunicaciones_logo.png\",\"width\":298,\"height\":81,\"caption\":\"UGT Comunicaciones\"},\"image\":{\"@id\":\"https:\\\/\\\/www.ugtcomunicaciones.es\\\/wordpress\\\/#\\\/schema\\\/logo\\\/image\\\/\"},\"sameAs\":[\"https:\\\/\\\/www.facebook.com\\\/ugt.comunicaciones\\\/\",\"https:\\\/\\\/x.com\\\/ugtcom\"]},{\"@type\":\"Person\",\"@id\":\"https:\\\/\\\/www.ugtcomunicaciones.es\\\/wordpress\\\/#\\\/schema\\\/person\\\/eba0fc3fe5b444531d94d4368cba89ed\",\"name\":\"UGT\",\"image\":{\"@type\":\"ImageObject\",\"inLanguage\":\"es\",\"@id\":\"https:\\\/\\\/secure.gravatar.com\\\/avatar\\\/2a16057d620a4c646bcfc171c4f23030879ebbdd346f0525bd5d4a564e57e13d?s=96&d=mm&r=g\",\"url\":\"https:\\\/\\\/secure.gravatar.com\\\/avatar\\\/2a16057d620a4c646bcfc171c4f23030879ebbdd346f0525bd5d4a564e57e13d?s=96&d=mm&r=g\",\"contentUrl\":\"https:\\\/\\\/secure.gravatar.com\\\/avatar\\\/2a16057d620a4c646bcfc171c4f23030879ebbdd346f0525bd5d4a564e57e13d?s=96&d=mm&r=g\",\"caption\":\"UGT\"}}]}<\/script>\n<!-- \/ Yoast SEO Premium plugin. -->","yoast_head_json":{"title":"Europa define el cronograma del segundo y tercer dividendo digital - UGT Comunicaciones","robots":{"index":"index","follow":"follow","max-snippet":"max-snippet:-1","max-image-preview":"max-image-preview:large","max-video-preview":"max-video-preview:-1"},"canonical":"https:\/\/www.ugtcomunicaciones.es\/wordpress\/europa-define-el-cronograma-del-segundo-y-tercer-dividendo-digital\/","og_locale":"es_ES","og_type":"article","og_title":"Europa define el cronograma del segundo y tercer dividendo digital","og_description":"Habemus consensus. Despu\u00e9s de meses de idas y venidas, al fin, los \u00f3rganos europeos decisorios (Europarlamento, Consejo y Comisi\u00f3n) han logrado un acuerdo de consenso[1] sobre la liberaci\u00f3n del segundo dividendo digital sobre la banda de los 700 MHz. Es m\u00e1s, el acuerdo llega m\u00e1s all\u00e1 de este susodicho dividendo digital y alcanza al lejano, [&hellip;]","og_url":"https:\/\/www.ugtcomunicaciones.es\/wordpress\/europa-define-el-cronograma-del-segundo-y-tercer-dividendo-digital\/","og_site_name":"UGT Comunicaciones","article_publisher":"https:\/\/www.facebook.com\/ugt.comunicaciones\/","article_published_time":"2017-01-16T12:28:28+00:00","article_modified_time":"2017-06-27T07:45:56+00:00","og_image":[{"width":389,"height":407,"url":"https:\/\/www.ugtcomunicaciones.es\/wordpress\/wp-content\/uploads\/2017\/01\/agenda_digital.png","type":"image\/png"}],"author":"UGT","twitter_card":"summary_large_image","twitter_creator":"@ugtcom","twitter_site":"@ugtcom","twitter_misc":{"Escrito por":"UGT","Tiempo de lectura":"4 minutos"},"schema":{"@context":"https:\/\/schema.org","@graph":[{"@type":"Article","@id":"https:\/\/www.ugtcomunicaciones.es\/wordpress\/europa-define-el-cronograma-del-segundo-y-tercer-dividendo-digital\/#article","isPartOf":{"@id":"https:\/\/www.ugtcomunicaciones.es\/wordpress\/europa-define-el-cronograma-del-segundo-y-tercer-dividendo-digital\/"},"author":{"name":"UGT","@id":"https:\/\/www.ugtcomunicaciones.es\/wordpress\/#\/schema\/person\/eba0fc3fe5b444531d94d4368cba89ed"},"headline":"Europa define el cronograma del segundo y tercer dividendo digital","datePublished":"2017-01-16T12:28:28+00:00","dateModified":"2017-06-27T07:45:56+00:00","mainEntityOfPage":{"@id":"https:\/\/www.ugtcomunicaciones.es\/wordpress\/europa-define-el-cronograma-del-segundo-y-tercer-dividendo-digital\/"},"wordCount":792,"commentCount":1,"publisher":{"@id":"https:\/\/www.ugtcomunicaciones.es\/wordpress\/#organization"},"image":{"@id":"https:\/\/www.ugtcomunicaciones.es\/wordpress\/europa-define-el-cronograma-del-segundo-y-tercer-dividendo-digital\/#primaryimage"},"thumbnailUrl":"https:\/\/www.ugtcomunicaciones.es\/wordpress\/wp-content\/uploads\/2017\/01\/agenda_digital.png","articleSection":["Featured","Opini\u00f3n","Regulaci\u00f3n"],"inLanguage":"es","potentialAction":[{"@type":"CommentAction","name":"Comment","target":["https:\/\/www.ugtcomunicaciones.es\/wordpress\/europa-define-el-cronograma-del-segundo-y-tercer-dividendo-digital\/#respond"]}]},{"@type":"WebPage","@id":"https:\/\/www.ugtcomunicaciones.es\/wordpress\/europa-define-el-cronograma-del-segundo-y-tercer-dividendo-digital\/","url":"https:\/\/www.ugtcomunicaciones.es\/wordpress\/europa-define-el-cronograma-del-segundo-y-tercer-dividendo-digital\/","name":"Europa define el cronograma del segundo y tercer dividendo digital - UGT Comunicaciones","isPartOf":{"@id":"https:\/\/www.ugtcomunicaciones.es\/wordpress\/#website"},"primaryImageOfPage":{"@id":"https:\/\/www.ugtcomunicaciones.es\/wordpress\/europa-define-el-cronograma-del-segundo-y-tercer-dividendo-digital\/#primaryimage"},"image":{"@id":"https:\/\/www.ugtcomunicaciones.es\/wordpress\/europa-define-el-cronograma-del-segundo-y-tercer-dividendo-digital\/#primaryimage"},"thumbnailUrl":"https:\/\/www.ugtcomunicaciones.es\/wordpress\/wp-content\/uploads\/2017\/01\/agenda_digital.png","datePublished":"2017-01-16T12:28:28+00:00","dateModified":"2017-06-27T07:45:56+00:00","breadcrumb":{"@id":"https:\/\/www.ugtcomunicaciones.es\/wordpress\/europa-define-el-cronograma-del-segundo-y-tercer-dividendo-digital\/#breadcrumb"},"inLanguage":"es","potentialAction":[{"@type":"ReadAction","target":["https:\/\/www.ugtcomunicaciones.es\/wordpress\/europa-define-el-cronograma-del-segundo-y-tercer-dividendo-digital\/"]}]},{"@type":"ImageObject","inLanguage":"es","@id":"https:\/\/www.ugtcomunicaciones.es\/wordpress\/europa-define-el-cronograma-del-segundo-y-tercer-dividendo-digital\/#primaryimage","url":"https:\/\/www.ugtcomunicaciones.es\/wordpress\/wp-content\/uploads\/2017\/01\/agenda_digital.png","contentUrl":"https:\/\/www.ugtcomunicaciones.es\/wordpress\/wp-content\/uploads\/2017\/01\/agenda_digital.png","width":389,"height":407},{"@type":"BreadcrumbList","@id":"https:\/\/www.ugtcomunicaciones.es\/wordpress\/europa-define-el-cronograma-del-segundo-y-tercer-dividendo-digital\/#breadcrumb","itemListElement":[{"@type":"ListItem","position":1,"name":"Portada","item":"https:\/\/www.ugtcomunicaciones.es\/wordpress\/"},{"@type":"ListItem","position":2,"name":"Europa define el cronograma del segundo y tercer dividendo digital"}]},{"@type":"WebSite","@id":"https:\/\/www.ugtcomunicaciones.es\/wordpress\/#website","url":"https:\/\/www.ugtcomunicaciones.es\/wordpress\/","name":"UGT Comunicaciones","description":"Sindicato de Telecomunicaciones","publisher":{"@id":"https:\/\/www.ugtcomunicaciones.es\/wordpress\/#organization"},"potentialAction":[{"@type":"SearchAction","target":{"@type":"EntryPoint","urlTemplate":"https:\/\/www.ugtcomunicaciones.es\/wordpress\/?s={search_term_string}"},"query-input":{"@type":"PropertyValueSpecification","valueRequired":true,"valueName":"search_term_string"}}],"inLanguage":"es"},{"@type":"Organization","@id":"https:\/\/www.ugtcomunicaciones.es\/wordpress\/#organization","name":"UGT Comunicaciones","url":"https:\/\/www.ugtcomunicaciones.es\/wordpress\/","logo":{"@type":"ImageObject","inLanguage":"es","@id":"https:\/\/www.ugtcomunicaciones.es\/wordpress\/#\/schema\/logo\/image\/","url":"https:\/\/www.ugtcomunicaciones.es\/wordpress\/wp-content\/uploads\/2024\/04\/comunicaciones_logo.png","contentUrl":"https:\/\/www.ugtcomunicaciones.es\/wordpress\/wp-content\/uploads\/2024\/04\/comunicaciones_logo.png","width":298,"height":81,"caption":"UGT Comunicaciones"},"image":{"@id":"https:\/\/www.ugtcomunicaciones.es\/wordpress\/#\/schema\/logo\/image\/"},"sameAs":["https:\/\/www.facebook.com\/ugt.comunicaciones\/","https:\/\/x.com\/ugtcom"]},{"@type":"Person","@id":"https:\/\/www.ugtcomunicaciones.es\/wordpress\/#\/schema\/person\/eba0fc3fe5b444531d94d4368cba89ed","name":"UGT","image":{"@type":"ImageObject","inLanguage":"es","@id":"https:\/\/secure.gravatar.com\/avatar\/2a16057d620a4c646bcfc171c4f23030879ebbdd346f0525bd5d4a564e57e13d?s=96&d=mm&r=g","url":"https:\/\/secure.gravatar.com\/avatar\/2a16057d620a4c646bcfc171c4f23030879ebbdd346f0525bd5d4a564e57e13d?s=96&d=mm&r=g","contentUrl":"https:\/\/secure.gravatar.com\/avatar\/2a16057d620a4c646bcfc171c4f23030879ebbdd346f0525bd5d4a564e57e13d?s=96&d=mm&r=g","caption":"UGT"}}]}},"_links":{"self":[{"href":"https:\/\/www.ugtcomunicaciones.es\/wordpress\/wp-json\/wp\/v2\/posts\/541","targetHints":{"allow":["GET"]}}],"collection":[{"href":"https:\/\/www.ugtcomunicaciones.es\/wordpress\/wp-json\/wp\/v2\/posts"}],"about":[{"href":"https:\/\/www.ugtcomunicaciones.es\/wordpress\/wp-json\/wp\/v2\/types\/post"}],"author":[{"embeddable":true,"href":"https:\/\/www.ugtcomunicaciones.es\/wordpress\/wp-json\/wp\/v2\/users\/3"}],"replies":[{"embeddable":true,"href":"https:\/\/www.ugtcomunicaciones.es\/wordpress\/wp-json\/wp\/v2\/comments?post=541"}],"version-history":[{"count":0,"href":"https:\/\/www.ugtcomunicaciones.es\/wordpress\/wp-json\/wp\/v2\/posts\/541\/revisions"}],"wp:featuredmedia":[{"embeddable":true,"href":"https:\/\/www.ugtcomunicaciones.es\/wordpress\/wp-json\/wp\/v2\/media\/542"}],"wp:attachment":[{"href":"https:\/\/www.ugtcomunicaciones.es\/wordpress\/wp-json\/wp\/v2\/media?parent=541"}],"wp:term":[{"taxonomy":"category","embeddable":true,"href":"https:\/\/www.ugtcomunicaciones.es\/wordpress\/wp-json\/wp\/v2\/categories?post=541"},{"taxonomy":"post_tag","embeddable":true,"href":"https:\/\/www.ugtcomunicaciones.es\/wordpress\/wp-json\/wp\/v2\/tags?post=541"}],"curies":[{"name":"wp","href":"https:\/\/api.w.org\/{rel}","templated":true}]}}