{"id":54831,"date":"2017-11-13T08:00:24","date_gmt":"2017-11-13T06:00:24","guid":{"rendered":"http:\/\/ugtcomunicaciones.es\/wordpress\/?p=54831"},"modified":"2017-11-28T18:32:15","modified_gmt":"2017-11-28T16:32:15","slug":"regulador-las-telecos-ojo-del-huracan","status":"publish","type":"post","link":"https:\/\/www.ugtcomunicaciones.es\/wordpress\/regulador-las-telecos-ojo-del-huracan\/","title":{"rendered":"El Regulador de las Telecos, en el ojo del hurac\u00e1n"},"content":{"rendered":"<p style=\"text-align: justify;\">Son innumerables las veces que hemos analizado las pol\u00e9micas que rodean al principal regulador de nuestro Sector, la CNMC. De hecho, los contenidos que publican son una de nuestras principales fuentes de informaci\u00f3n y de datos estad\u00edsticos. Pero quiz\u00e1s nunca, en su corta historia bajo el paraguas de la CNMC, esta instituci\u00f3n haya tenido tantos y tan pol\u00e9micos frentes abiertos de forma simult\u00e1nea.<\/p>\n<p style=\"text-align: justify;\">As\u00ed, est\u00e1 pasando por un periodo de profunda convulsi\u00f3n interna, con directivos a la fuga<a href=\"#_ftn1\" name=\"_ftnref1\">[1]<\/a> por las luchas cainitas<a href=\"#_ftn2\" name=\"_ftnref2\">[2]<\/a>, el reingreso judicial de dos consejeros por ser ilegalmente despedidos en 2013<a href=\"#_ftn3\" name=\"_ftnref3\">[3]<\/a>, y tambi\u00e9n de alteraci\u00f3n externa, con serios varapalos de la justicia a sus dict\u00e1menes<a href=\"#_ftn4\" name=\"_ftnref4\">[4]<\/a>, con el Gobierno quit\u00e1ndole recursos y competencias<a href=\"#_ftn5\" name=\"_ftnref5\">[5]<\/a>, enfrentado a m\u00faltiples actores que rechazan su forma de proceder<a href=\"#_ftn6\" name=\"_ftnref6\">[6]<\/a> (incluidos nosotros mismos con la apertura de las redes FTTH), como por ejemplo las principales operadoras de nuestro sector, que se niegan a sobrefinanciarlo<a href=\"#_ftn7\" name=\"_ftnref7\">[7]<\/a>, e incluso con la Comisi\u00f3n Europea llam\u00e1ndole la atenci\u00f3n por sus retrasos<a href=\"#_ftn8\" name=\"_ftnref8\">[8]<\/a> (aunque luego no sean para tanto<a href=\"#_ftn9\" name=\"_ftnref9\">[9]<\/a>).<\/p>\n<p style=\"text-align: justify;\">Y todo esto, en medio de un proceso de reforma integral iniciado por el gobierno que se encuentra enquistado por la falta de apoyos<a href=\"#_ftn10\" name=\"_ftnref10\">[10]<\/a>, y que b\u00e1sicamente pretende dividirla en dos<a href=\"#_ftn11\" name=\"_ftnref11\">[11]<\/a>, arreglando el desaguisado de 2013 cuando cre\u00f3 un suprarregulador<a href=\"#_ftn12\" name=\"_ftnref12\">[12]<\/a> que ha resultado completamente fallido.<\/p>\n<p style=\"text-align: justify;\"><span style=\"color: #ff0000;\"><strong>UGT<\/strong><\/span> fue profundamente cr\u00edtico con la creaci\u00f3n de la CNMC desde su inicio y los hechos nos han dado la raz\u00f3n: era una reforma innecesaria, de origen puramente pol\u00edtico y no de eficiencia o ahorro econ\u00f3mico, como se ha demostrado con el paso del tiempo.<\/p>\n<p style=\"text-align: justify;\">Como dijimos hace escasas semanas <em>\u201c<\/em><em>La CNMC no puede seguir funcionando con tal grado de impericia. Un sector tecnol\u00f3gico no puede permitirse un regulador anclado en tiempos de otra \u00e9poca, en pol\u00edticas ya superadas o con una productividad rayana en la inutilidad.<\/em><\/p>\n<p style=\"text-align: justify;\"><strong><em>Es hora de cambiar el regulador. En todos sus aspectos, pero sobre todo, en que de una vez por todas, tenga en cuenta la situaci\u00f3n del empleo a la hora de regular\u201d<\/em><\/strong><em>.<\/em><\/p>\n<p style=\"text-align: justify;\">Nos reafirmamos en estas expresiones: es necesario dar un paso atr\u00e1s, reconfigurar una de las principales figuras de nuestro sector, dotarla de medios y credibilidad, despolitizarla y a\u00f1adir, entre sus objetivos prioritarios e irrenunciables, la creaci\u00f3n de empleo de alto valor en el Sector de las Comunicaciones.<\/p>\n<h4 style=\"text-align: right;\"><span style=\"color: #ff0000;\"><strong>UGT<\/strong><\/span><strong> Comunicaciones<\/strong><\/h4>\n<p><span style=\"font-size: xx-small;\"><br \/>\n<a href=\"#_ftnref1\" name=\"_ftn1\">[1]<\/a> <a href=\"http:\/\/www.elmundo.es\/economia\/2017\/10\/06\/59d6927fe2704e923c8b46a5.html\">http:\/\/www.elmundo.es\/economia\/2017\/10\/06\/59d6927fe2704e923c8b46a5.html<\/a> y <a href=\"https:\/\/cincodias.elpais.com\/cincodias\/2016\/02\/15\/empresas\/1455561756_696924.html\">https:\/\/cincodias.elpais.com\/cincodias\/2016\/02\/15\/empresas\/1455561756_696924.html<\/a><br \/>\n<a href=\"#_ftnref2\" name=\"_ftn2\">[2]<\/a> <a href=\"http:\/\/www.europapress.es\/economia\/noticia-consejero-cnmc-acusa-marin-quemada-coaccionar-obstruir-labor-20170306185755.html\">http:\/\/www.europapress.es\/economia\/noticia-consejero-cnmc-acusa-marin-quemada-coaccionar-obstruir-labor-20170306185755.html<\/a><br \/>\n<a href=\"#_ftnref3\" name=\"_ftn3\">[3]<\/a> <a href=\"https:\/\/elpais.com\/economia\/2017\/09\/19\/actualidad\/1505822138_321793.html\">https:\/\/elpais.com\/economia\/2017\/09\/19\/actualidad\/1505822138_321793.html<\/a><br \/>\n<a href=\"#_ftnref4\" name=\"_ftn4\">[4]<\/a> <a href=\"http:\/\/ugtcomunicaciones.es\/wordpress\/varapalo-justicia-dominancia-conjunta-movistar-orange-vodafone\/\">www.ugtcomunicaciones.es\/wordpress\/varapalo-justicia-dominancia-conjunta-movistar-orange-vodafone\/<\/a>; <a href=\"http:\/\/ugtcomunicaciones.es\/wordpress\/varapalo-la-audiencia-nacional-la-cnmc\/\">http:\/\/ugtcomunicaciones.es\/wordpress\/varapalo-la-audiencia-nacional-la-cnmc\/<\/a><br \/>\n<a href=\"#_ftnref5\" name=\"_ftn5\">[5]<\/a> <a href=\"https:\/\/www.lainformacion.com\/economia-negocios-y-finanzas\/laboral\/nadal-arrebata-a-la-cnmc-competencias-y-un-20-del-personal-laboral\/6304700\">https:\/\/www.lainformacion.com\/economia-negocios-y-finanzas\/laboral\/nadal-arrebata-a-la-cnmc-competencias-y-un-20-del-personal-laboral\/6304700<\/a><br \/>\n<a href=\"#_ftnref6\" name=\"_ftn6\">[6]<\/a> <a href=\"http:\/\/www.elperiodico.com\/es\/economia\/20171017\/taxistas-madrid-piden-dimision-presidente-cnmc-6359203\">http:\/\/www.elperiodico.com\/es\/economia\/20171017\/taxistas-madrid-piden-dimision-presidente-cnmc-6359203<\/a><br \/>\n<a href=\"#_ftnref7\" name=\"_ftn7\">[7]<\/a> <a href=\"http:\/\/www.eleconomista.es\/tecnologia\/noticias\/8676003\/10\/17\/Las-telecos-se-declararan-insumisas-ante-la-proxima-tasa-de-operadores-.html\">http:\/\/www.eleconomista.es\/tecnologia\/noticias\/8676003\/10\/17\/Las-telecos-se-declararan-insumisas-ante-la-proxima-tasa-de-operadores-.html<\/a><br \/>\n<a href=\"#_ftnref8\" name=\"_ftn8\">[8]<\/a> <a href=\"https:\/\/elpais.com\/economia\/2017\/10\/15\/actualidad\/1508091768_015919.html\">https:\/\/elpais.com\/economia\/2017\/10\/15\/actualidad\/1508091768_015919.html<\/a><br \/>\n<a href=\"#_ftnref9\" name=\"_ftn9\">[9]<\/a> <a href=\"https:\/\/blog.cnmc.es\/2017\/10\/16\/ha-sancionado-la-comision-europea-la-cnmc-por-retrasarse-en-el-analisis-de-los-mercados-de-telecos\/\">https:\/\/blog.cnmc.es\/2017\/10\/16\/ha-sancionado-la-comision-europea-la-cnmc-por-retrasarse-en-el-analisis-de-los-mercados-de-telecos\/<\/a><br \/>\n<a href=\"#_ftnref10\" name=\"_ftn10\">[10]<\/a> <a href=\"http:\/\/www.lavanguardia.com\/vida\/20171021\/432231021690\/economiaempresas--ciudadanos-quiere-que-el-congreso-exija-al-gobierno-que-devuelva-las-competencias-sacadas-de-la-cnmc.html\">http:\/\/www.lavanguardia.com\/vida\/20171021\/432231021690\/economiaempresas&#8211;ciudadanos-quiere-que-el-congreso-exija-al-gobierno-que-devuelva-las-competencias-sacadas-de-la-cnmc.html<\/a><br \/>\n<a href=\"#_ftnref11\" name=\"_ftn11\">[11]<\/a> <a href=\"https:\/\/www.elespanol.com\/economia\/macroeconomia\/20170123\/188232143_0.html\">https:\/\/www.elespanol.com\/economia\/macroeconomia\/20170123\/188232143_0.html<\/a><br \/>\n<a href=\"#_ftnref12\" name=\"_ftn12\">[12]<\/a> <a href=\"http:\/\/www.elperiodico.com\/es\/economia\/20170509\/el-gobierno-desmantelara-la-cnmc-con-los-mismos-argumentos-que-la-creo-6011383\">http:\/\/www.elperiodico.com\/es\/economia\/20170509\/el-gobierno-desmantelara-la-cnmc-con-los-mismos-argumentos-que-la-creo-6011383<\/a><\/span><\/p>\n","protected":false},"excerpt":{"rendered":"<p>Son innumerables las veces que hemos analizado las pol\u00e9micas que rodean al principal regulador de nuestro Sector, la CNMC. De hecho, los contenidos que publican son una de nuestras principales fuentes de informaci\u00f3n y de datos estad\u00edsticos. Pero quiz\u00e1s nunca, en su corta historia bajo el paraguas de la CNMC, esta instituci\u00f3n haya tenido tantos [&hellip;]<\/p>\n","protected":false},"author":3,"featured_media":329,"comment_status":"closed","ping_status":"closed","sticky":false,"template":"","format":"standard","meta":{"footnotes":""},"categories":[14,12],"tags":[],"class_list":["post-54831","post","type-post","status-publish","format-standard","has-post-thumbnail","hentry","category-opinion","category-regulacion"],"yoast_head":"<!-- This site is optimized with the Yoast SEO Premium plugin v27.3 (Yoast SEO v27.4) - https:\/\/yoast.com\/product\/yoast-seo-premium-wordpress\/ -->\n<title>El Regulador de las Telecos, en el ojo del hurac\u00e1n - UGT Comunicaciones<\/title>\n<meta name=\"description\" content=\"Las pol\u00e9micas que rodean al principal regulador de nuestro Sector, la CNMC. Nunca ha tenido tantos y tan pol\u00e9micos frentes abiertos simult\u00e1neamente.\" \/>\n<meta name=\"robots\" content=\"index, follow, max-snippet:-1, max-image-preview:large, max-video-preview:-1\" \/>\n<link rel=\"canonical\" href=\"https:\/\/www.ugtcomunicaciones.es\/wordpress\/regulador-las-telecos-ojo-del-huracan\/\" \/>\n<meta property=\"og:locale\" content=\"es_ES\" \/>\n<meta property=\"og:type\" content=\"article\" \/>\n<meta property=\"og:title\" content=\"El Regulador de las Telecos, en el ojo del hurac\u00e1n\" \/>\n<meta property=\"og:description\" content=\"Las pol\u00e9micas que rodean al principal regulador de nuestro Sector, la CNMC. Nunca ha tenido tantos y tan pol\u00e9micos frentes abiertos simult\u00e1neamente.\" \/>\n<meta property=\"og:url\" content=\"https:\/\/www.ugtcomunicaciones.es\/wordpress\/regulador-las-telecos-ojo-del-huracan\/\" \/>\n<meta property=\"og:site_name\" content=\"UGT Comunicaciones\" \/>\n<meta property=\"article:publisher\" content=\"https:\/\/www.facebook.com\/ugt.comunicaciones\/\" \/>\n<meta property=\"article:published_time\" content=\"2017-11-13T06:00:24+00:00\" \/>\n<meta property=\"article:modified_time\" content=\"2017-11-28T16:32:15+00:00\" \/>\n<meta property=\"og:image\" content=\"https:\/\/www.ugtcomunicaciones.es\/wordpress\/wp-content\/uploads\/2016\/12\/competencia_logo_625.jpg\" \/>\n\t<meta property=\"og:image:width\" content=\"625\" \/>\n\t<meta property=\"og:image:height\" content=\"375\" \/>\n\t<meta property=\"og:image:type\" content=\"image\/jpeg\" \/>\n<meta name=\"author\" content=\"UGT\" \/>\n<meta name=\"twitter:card\" content=\"summary_large_image\" \/>\n<meta name=\"twitter:creator\" content=\"@ugtcom\" \/>\n<meta name=\"twitter:site\" content=\"@ugtcom\" \/>\n<meta name=\"twitter:label1\" content=\"Escrito por\" \/>\n\t<meta name=\"twitter:data1\" content=\"UGT\" \/>\n\t<meta name=\"twitter:label2\" content=\"Tiempo de lectura\" \/>\n\t<meta name=\"twitter:data2\" content=\"3 minutos\" \/>\n<script type=\"application\/ld+json\" class=\"yoast-schema-graph\">{\"@context\":\"https:\\\/\\\/schema.org\",\"@graph\":[{\"@type\":\"Article\",\"@id\":\"https:\\\/\\\/www.ugtcomunicaciones.es\\\/wordpress\\\/regulador-las-telecos-ojo-del-huracan\\\/#article\",\"isPartOf\":{\"@id\":\"https:\\\/\\\/www.ugtcomunicaciones.es\\\/wordpress\\\/regulador-las-telecos-ojo-del-huracan\\\/\"},\"author\":{\"name\":\"UGT\",\"@id\":\"https:\\\/\\\/www.ugtcomunicaciones.es\\\/wordpress\\\/#\\\/schema\\\/person\\\/eba0fc3fe5b444531d94d4368cba89ed\"},\"headline\":\"El Regulador de las Telecos, en el ojo del hurac\u00e1n\",\"datePublished\":\"2017-11-13T06:00:24+00:00\",\"dateModified\":\"2017-11-28T16:32:15+00:00\",\"mainEntityOfPage\":{\"@id\":\"https:\\\/\\\/www.ugtcomunicaciones.es\\\/wordpress\\\/regulador-las-telecos-ojo-del-huracan\\\/\"},\"wordCount\":515,\"publisher\":{\"@id\":\"https:\\\/\\\/www.ugtcomunicaciones.es\\\/wordpress\\\/#organization\"},\"image\":{\"@id\":\"https:\\\/\\\/www.ugtcomunicaciones.es\\\/wordpress\\\/regulador-las-telecos-ojo-del-huracan\\\/#primaryimage\"},\"thumbnailUrl\":\"https:\\\/\\\/www.ugtcomunicaciones.es\\\/wordpress\\\/wp-content\\\/uploads\\\/2016\\\/12\\\/competencia_logo_625.jpg\",\"articleSection\":[\"Opini\u00f3n\",\"Regulaci\u00f3n\"],\"inLanguage\":\"es\"},{\"@type\":\"WebPage\",\"@id\":\"https:\\\/\\\/www.ugtcomunicaciones.es\\\/wordpress\\\/regulador-las-telecos-ojo-del-huracan\\\/\",\"url\":\"https:\\\/\\\/www.ugtcomunicaciones.es\\\/wordpress\\\/regulador-las-telecos-ojo-del-huracan\\\/\",\"name\":\"El Regulador de las Telecos, en el ojo del hurac\u00e1n - UGT Comunicaciones\",\"isPartOf\":{\"@id\":\"https:\\\/\\\/www.ugtcomunicaciones.es\\\/wordpress\\\/#website\"},\"primaryImageOfPage\":{\"@id\":\"https:\\\/\\\/www.ugtcomunicaciones.es\\\/wordpress\\\/regulador-las-telecos-ojo-del-huracan\\\/#primaryimage\"},\"image\":{\"@id\":\"https:\\\/\\\/www.ugtcomunicaciones.es\\\/wordpress\\\/regulador-las-telecos-ojo-del-huracan\\\/#primaryimage\"},\"thumbnailUrl\":\"https:\\\/\\\/www.ugtcomunicaciones.es\\\/wordpress\\\/wp-content\\\/uploads\\\/2016\\\/12\\\/competencia_logo_625.jpg\",\"datePublished\":\"2017-11-13T06:00:24+00:00\",\"dateModified\":\"2017-11-28T16:32:15+00:00\",\"description\":\"Las pol\u00e9micas que rodean al principal regulador de nuestro Sector, la CNMC. Nunca ha tenido tantos y tan pol\u00e9micos frentes abiertos simult\u00e1neamente.\",\"breadcrumb\":{\"@id\":\"https:\\\/\\\/www.ugtcomunicaciones.es\\\/wordpress\\\/regulador-las-telecos-ojo-del-huracan\\\/#breadcrumb\"},\"inLanguage\":\"es\",\"potentialAction\":[{\"@type\":\"ReadAction\",\"target\":[\"https:\\\/\\\/www.ugtcomunicaciones.es\\\/wordpress\\\/regulador-las-telecos-ojo-del-huracan\\\/\"]}]},{\"@type\":\"ImageObject\",\"inLanguage\":\"es\",\"@id\":\"https:\\\/\\\/www.ugtcomunicaciones.es\\\/wordpress\\\/regulador-las-telecos-ojo-del-huracan\\\/#primaryimage\",\"url\":\"https:\\\/\\\/www.ugtcomunicaciones.es\\\/wordpress\\\/wp-content\\\/uploads\\\/2016\\\/12\\\/competencia_logo_625.jpg\",\"contentUrl\":\"https:\\\/\\\/www.ugtcomunicaciones.es\\\/wordpress\\\/wp-content\\\/uploads\\\/2016\\\/12\\\/competencia_logo_625.jpg\",\"width\":625,\"height\":375,\"caption\":\"logo CNMC\"},{\"@type\":\"BreadcrumbList\",\"@id\":\"https:\\\/\\\/www.ugtcomunicaciones.es\\\/wordpress\\\/regulador-las-telecos-ojo-del-huracan\\\/#breadcrumb\",\"itemListElement\":[{\"@type\":\"ListItem\",\"position\":1,\"name\":\"Portada\",\"item\":\"https:\\\/\\\/www.ugtcomunicaciones.es\\\/wordpress\\\/\"},{\"@type\":\"ListItem\",\"position\":2,\"name\":\"El Regulador de las Telecos, en el ojo del hurac\u00e1n\"}]},{\"@type\":\"WebSite\",\"@id\":\"https:\\\/\\\/www.ugtcomunicaciones.es\\\/wordpress\\\/#website\",\"url\":\"https:\\\/\\\/www.ugtcomunicaciones.es\\\/wordpress\\\/\",\"name\":\"UGT Comunicaciones\",\"description\":\"Sindicato de Telecomunicaciones\",\"publisher\":{\"@id\":\"https:\\\/\\\/www.ugtcomunicaciones.es\\\/wordpress\\\/#organization\"},\"potentialAction\":[{\"@type\":\"SearchAction\",\"target\":{\"@type\":\"EntryPoint\",\"urlTemplate\":\"https:\\\/\\\/www.ugtcomunicaciones.es\\\/wordpress\\\/?s={search_term_string}\"},\"query-input\":{\"@type\":\"PropertyValueSpecification\",\"valueRequired\":true,\"valueName\":\"search_term_string\"}}],\"inLanguage\":\"es\"},{\"@type\":\"Organization\",\"@id\":\"https:\\\/\\\/www.ugtcomunicaciones.es\\\/wordpress\\\/#organization\",\"name\":\"UGT Comunicaciones\",\"url\":\"https:\\\/\\\/www.ugtcomunicaciones.es\\\/wordpress\\\/\",\"logo\":{\"@type\":\"ImageObject\",\"inLanguage\":\"es\",\"@id\":\"https:\\\/\\\/www.ugtcomunicaciones.es\\\/wordpress\\\/#\\\/schema\\\/logo\\\/image\\\/\",\"url\":\"https:\\\/\\\/www.ugtcomunicaciones.es\\\/wordpress\\\/wp-content\\\/uploads\\\/2024\\\/04\\\/comunicaciones_logo.png\",\"contentUrl\":\"https:\\\/\\\/www.ugtcomunicaciones.es\\\/wordpress\\\/wp-content\\\/uploads\\\/2024\\\/04\\\/comunicaciones_logo.png\",\"width\":298,\"height\":81,\"caption\":\"UGT Comunicaciones\"},\"image\":{\"@id\":\"https:\\\/\\\/www.ugtcomunicaciones.es\\\/wordpress\\\/#\\\/schema\\\/logo\\\/image\\\/\"},\"sameAs\":[\"https:\\\/\\\/www.facebook.com\\\/ugt.comunicaciones\\\/\",\"https:\\\/\\\/x.com\\\/ugtcom\"]},{\"@type\":\"Person\",\"@id\":\"https:\\\/\\\/www.ugtcomunicaciones.es\\\/wordpress\\\/#\\\/schema\\\/person\\\/eba0fc3fe5b444531d94d4368cba89ed\",\"name\":\"UGT\",\"image\":{\"@type\":\"ImageObject\",\"inLanguage\":\"es\",\"@id\":\"https:\\\/\\\/secure.gravatar.com\\\/avatar\\\/2a16057d620a4c646bcfc171c4f23030879ebbdd346f0525bd5d4a564e57e13d?s=96&d=mm&r=g\",\"url\":\"https:\\\/\\\/secure.gravatar.com\\\/avatar\\\/2a16057d620a4c646bcfc171c4f23030879ebbdd346f0525bd5d4a564e57e13d?s=96&d=mm&r=g\",\"contentUrl\":\"https:\\\/\\\/secure.gravatar.com\\\/avatar\\\/2a16057d620a4c646bcfc171c4f23030879ebbdd346f0525bd5d4a564e57e13d?s=96&d=mm&r=g\",\"caption\":\"UGT\"}}]}<\/script>\n<!-- \/ Yoast SEO Premium plugin. -->","yoast_head_json":{"title":"El Regulador de las Telecos, en el ojo del hurac\u00e1n - UGT Comunicaciones","description":"Las pol\u00e9micas que rodean al principal regulador de nuestro Sector, la CNMC. Nunca ha tenido tantos y tan pol\u00e9micos frentes abiertos simult\u00e1neamente.","robots":{"index":"index","follow":"follow","max-snippet":"max-snippet:-1","max-image-preview":"max-image-preview:large","max-video-preview":"max-video-preview:-1"},"canonical":"https:\/\/www.ugtcomunicaciones.es\/wordpress\/regulador-las-telecos-ojo-del-huracan\/","og_locale":"es_ES","og_type":"article","og_title":"El Regulador de las Telecos, en el ojo del hurac\u00e1n","og_description":"Las pol\u00e9micas que rodean al principal regulador de nuestro Sector, la CNMC. Nunca ha tenido tantos y tan pol\u00e9micos frentes abiertos simult\u00e1neamente.","og_url":"https:\/\/www.ugtcomunicaciones.es\/wordpress\/regulador-las-telecos-ojo-del-huracan\/","og_site_name":"UGT Comunicaciones","article_publisher":"https:\/\/www.facebook.com\/ugt.comunicaciones\/","article_published_time":"2017-11-13T06:00:24+00:00","article_modified_time":"2017-11-28T16:32:15+00:00","og_image":[{"width":625,"height":375,"url":"https:\/\/www.ugtcomunicaciones.es\/wordpress\/wp-content\/uploads\/2016\/12\/competencia_logo_625.jpg","type":"image\/jpeg"}],"author":"UGT","twitter_card":"summary_large_image","twitter_creator":"@ugtcom","twitter_site":"@ugtcom","twitter_misc":{"Escrito por":"UGT","Tiempo de lectura":"3 minutos"},"schema":{"@context":"https:\/\/schema.org","@graph":[{"@type":"Article","@id":"https:\/\/www.ugtcomunicaciones.es\/wordpress\/regulador-las-telecos-ojo-del-huracan\/#article","isPartOf":{"@id":"https:\/\/www.ugtcomunicaciones.es\/wordpress\/regulador-las-telecos-ojo-del-huracan\/"},"author":{"name":"UGT","@id":"https:\/\/www.ugtcomunicaciones.es\/wordpress\/#\/schema\/person\/eba0fc3fe5b444531d94d4368cba89ed"},"headline":"El Regulador de las Telecos, en el ojo del hurac\u00e1n","datePublished":"2017-11-13T06:00:24+00:00","dateModified":"2017-11-28T16:32:15+00:00","mainEntityOfPage":{"@id":"https:\/\/www.ugtcomunicaciones.es\/wordpress\/regulador-las-telecos-ojo-del-huracan\/"},"wordCount":515,"publisher":{"@id":"https:\/\/www.ugtcomunicaciones.es\/wordpress\/#organization"},"image":{"@id":"https:\/\/www.ugtcomunicaciones.es\/wordpress\/regulador-las-telecos-ojo-del-huracan\/#primaryimage"},"thumbnailUrl":"https:\/\/www.ugtcomunicaciones.es\/wordpress\/wp-content\/uploads\/2016\/12\/competencia_logo_625.jpg","articleSection":["Opini\u00f3n","Regulaci\u00f3n"],"inLanguage":"es"},{"@type":"WebPage","@id":"https:\/\/www.ugtcomunicaciones.es\/wordpress\/regulador-las-telecos-ojo-del-huracan\/","url":"https:\/\/www.ugtcomunicaciones.es\/wordpress\/regulador-las-telecos-ojo-del-huracan\/","name":"El Regulador de las Telecos, en el ojo del hurac\u00e1n - UGT Comunicaciones","isPartOf":{"@id":"https:\/\/www.ugtcomunicaciones.es\/wordpress\/#website"},"primaryImageOfPage":{"@id":"https:\/\/www.ugtcomunicaciones.es\/wordpress\/regulador-las-telecos-ojo-del-huracan\/#primaryimage"},"image":{"@id":"https:\/\/www.ugtcomunicaciones.es\/wordpress\/regulador-las-telecos-ojo-del-huracan\/#primaryimage"},"thumbnailUrl":"https:\/\/www.ugtcomunicaciones.es\/wordpress\/wp-content\/uploads\/2016\/12\/competencia_logo_625.jpg","datePublished":"2017-11-13T06:00:24+00:00","dateModified":"2017-11-28T16:32:15+00:00","description":"Las pol\u00e9micas que rodean al principal regulador de nuestro Sector, la CNMC. Nunca ha tenido tantos y tan pol\u00e9micos frentes abiertos simult\u00e1neamente.","breadcrumb":{"@id":"https:\/\/www.ugtcomunicaciones.es\/wordpress\/regulador-las-telecos-ojo-del-huracan\/#breadcrumb"},"inLanguage":"es","potentialAction":[{"@type":"ReadAction","target":["https:\/\/www.ugtcomunicaciones.es\/wordpress\/regulador-las-telecos-ojo-del-huracan\/"]}]},{"@type":"ImageObject","inLanguage":"es","@id":"https:\/\/www.ugtcomunicaciones.es\/wordpress\/regulador-las-telecos-ojo-del-huracan\/#primaryimage","url":"https:\/\/www.ugtcomunicaciones.es\/wordpress\/wp-content\/uploads\/2016\/12\/competencia_logo_625.jpg","contentUrl":"https:\/\/www.ugtcomunicaciones.es\/wordpress\/wp-content\/uploads\/2016\/12\/competencia_logo_625.jpg","width":625,"height":375,"caption":"logo CNMC"},{"@type":"BreadcrumbList","@id":"https:\/\/www.ugtcomunicaciones.es\/wordpress\/regulador-las-telecos-ojo-del-huracan\/#breadcrumb","itemListElement":[{"@type":"ListItem","position":1,"name":"Portada","item":"https:\/\/www.ugtcomunicaciones.es\/wordpress\/"},{"@type":"ListItem","position":2,"name":"El Regulador de las Telecos, en el ojo del hurac\u00e1n"}]},{"@type":"WebSite","@id":"https:\/\/www.ugtcomunicaciones.es\/wordpress\/#website","url":"https:\/\/www.ugtcomunicaciones.es\/wordpress\/","name":"UGT Comunicaciones","description":"Sindicato de Telecomunicaciones","publisher":{"@id":"https:\/\/www.ugtcomunicaciones.es\/wordpress\/#organization"},"potentialAction":[{"@type":"SearchAction","target":{"@type":"EntryPoint","urlTemplate":"https:\/\/www.ugtcomunicaciones.es\/wordpress\/?s={search_term_string}"},"query-input":{"@type":"PropertyValueSpecification","valueRequired":true,"valueName":"search_term_string"}}],"inLanguage":"es"},{"@type":"Organization","@id":"https:\/\/www.ugtcomunicaciones.es\/wordpress\/#organization","name":"UGT Comunicaciones","url":"https:\/\/www.ugtcomunicaciones.es\/wordpress\/","logo":{"@type":"ImageObject","inLanguage":"es","@id":"https:\/\/www.ugtcomunicaciones.es\/wordpress\/#\/schema\/logo\/image\/","url":"https:\/\/www.ugtcomunicaciones.es\/wordpress\/wp-content\/uploads\/2024\/04\/comunicaciones_logo.png","contentUrl":"https:\/\/www.ugtcomunicaciones.es\/wordpress\/wp-content\/uploads\/2024\/04\/comunicaciones_logo.png","width":298,"height":81,"caption":"UGT Comunicaciones"},"image":{"@id":"https:\/\/www.ugtcomunicaciones.es\/wordpress\/#\/schema\/logo\/image\/"},"sameAs":["https:\/\/www.facebook.com\/ugt.comunicaciones\/","https:\/\/x.com\/ugtcom"]},{"@type":"Person","@id":"https:\/\/www.ugtcomunicaciones.es\/wordpress\/#\/schema\/person\/eba0fc3fe5b444531d94d4368cba89ed","name":"UGT","image":{"@type":"ImageObject","inLanguage":"es","@id":"https:\/\/secure.gravatar.com\/avatar\/2a16057d620a4c646bcfc171c4f23030879ebbdd346f0525bd5d4a564e57e13d?s=96&d=mm&r=g","url":"https:\/\/secure.gravatar.com\/avatar\/2a16057d620a4c646bcfc171c4f23030879ebbdd346f0525bd5d4a564e57e13d?s=96&d=mm&r=g","contentUrl":"https:\/\/secure.gravatar.com\/avatar\/2a16057d620a4c646bcfc171c4f23030879ebbdd346f0525bd5d4a564e57e13d?s=96&d=mm&r=g","caption":"UGT"}}]}},"_links":{"self":[{"href":"https:\/\/www.ugtcomunicaciones.es\/wordpress\/wp-json\/wp\/v2\/posts\/54831","targetHints":{"allow":["GET"]}}],"collection":[{"href":"https:\/\/www.ugtcomunicaciones.es\/wordpress\/wp-json\/wp\/v2\/posts"}],"about":[{"href":"https:\/\/www.ugtcomunicaciones.es\/wordpress\/wp-json\/wp\/v2\/types\/post"}],"author":[{"embeddable":true,"href":"https:\/\/www.ugtcomunicaciones.es\/wordpress\/wp-json\/wp\/v2\/users\/3"}],"replies":[{"embeddable":true,"href":"https:\/\/www.ugtcomunicaciones.es\/wordpress\/wp-json\/wp\/v2\/comments?post=54831"}],"version-history":[{"count":0,"href":"https:\/\/www.ugtcomunicaciones.es\/wordpress\/wp-json\/wp\/v2\/posts\/54831\/revisions"}],"wp:featuredmedia":[{"embeddable":true,"href":"https:\/\/www.ugtcomunicaciones.es\/wordpress\/wp-json\/wp\/v2\/media\/329"}],"wp:attachment":[{"href":"https:\/\/www.ugtcomunicaciones.es\/wordpress\/wp-json\/wp\/v2\/media?parent=54831"}],"wp:term":[{"taxonomy":"category","embeddable":true,"href":"https:\/\/www.ugtcomunicaciones.es\/wordpress\/wp-json\/wp\/v2\/categories?post=54831"},{"taxonomy":"post_tag","embeddable":true,"href":"https:\/\/www.ugtcomunicaciones.es\/wordpress\/wp-json\/wp\/v2\/tags?post=54831"}],"curies":[{"name":"wp","href":"https:\/\/api.w.org\/{rel}","templated":true}]}}