{"id":54844,"date":"2017-11-13T08:00:33","date_gmt":"2017-11-13T06:00:33","guid":{"rendered":"http:\/\/ugtcomunicaciones.es\/wordpress\/?p=54844"},"modified":"2017-11-28T18:12:36","modified_gmt":"2017-11-28T16:12:36","slug":"etno-advierte-liderar-perder","status":"publish","type":"post","link":"https:\/\/www.ugtcomunicaciones.es\/wordpress\/etno-advierte-liderar-perder\/","title":{"rendered":"ETNO advierte: Liderar o perder"},"content":{"rendered":"<p style=\"text-align: justify;\">La principal patronal europea de operadores de telecomunicaciones, ETNO <em>(European Telecommunications Networks Operator\u2019s<\/em><a href=\"#_ftn1\" name=\"_ftnref1\">[1]<\/a>), consciente de brusco y negativo giro que ha dado el texto del C\u00f3digo Europeo de Comunicaciones Electr\u00f3nica en la pen\u00faltima fase de tramitaci\u00f3n<a href=\"#_ftn2\" name=\"_ftnref2\">[2]<\/a>, ha lanzado un potente mensaje a la Sociedad: Europa debe liderar el nuevo futuro digital, porque lo contrario ser\u00e1 perderlo.<\/p>\n<p style=\"text-align: justify;\">ETNO advierte, en una p\u00fablica nota de prensa<a href=\"#_ftn3\" name=\"_ftnref3\"><sup>[3]<\/sup><\/a>, que <em>\u201cEuropa se encuentra en una encrucijada digital, las compa\u00f1\u00edas de telecomunicaciones pueden marcar la diferencia<\/em><em>\u201d<\/em>, pero mientras esto ocurre, la inacci\u00f3n pol\u00edtica ha hecho que dichas operadoras hayan perdido hasta 100 millones de euros en EBITDA de telecomunicaciones cada d\u00eda, que han ido a parar a otros agentes digitales, tipo Google, o fabricantes asi\u00e1ticos o a compa\u00f1\u00edas de telecomunicaciones ubicadas fuera de nuestro continente<a href=\"#_ftn4\" name=\"_ftnref4\">[4]<\/a>.<\/p>\n<p style=\"text-align: justify;\"><img decoding=\"async\" class=\"aligncenter wp-image-54855 size-full lazyload\" data-src=\"http:\/\/ugtcomunicaciones.es\/wordpress\/wp-content\/uploads\/2017\/10\/ETNO-2.jpg\" alt=\"\" width=\"510\" height=\"174\" data-srcset=\"https:\/\/www.ugtcomunicaciones.es\/wordpress\/wp-content\/uploads\/2017\/10\/ETNO-2.jpg 510w, https:\/\/www.ugtcomunicaciones.es\/wordpress\/wp-content\/uploads\/2017\/10\/ETNO-2-300x102.jpg 300w\" data-sizes=\"(max-width: 510px) 100vw, 510px\" src=\"data:image\/svg+xml;base64,PHN2ZyB3aWR0aD0iMSIgaGVpZ2h0PSIxIiB4bWxucz0iaHR0cDovL3d3dy53My5vcmcvMjAwMC9zdmciPjwvc3ZnPg==\" style=\"--smush-placeholder-width: 510px; --smush-placeholder-aspect-ratio: 510\/174;\" \/><\/p>\n<p style=\"text-align: justify;\">Apoya estos mensajes en un estudio de Accenture, titulado <strong><em>\u201cLiderar o perder: una visi\u00f3n para el futuro digital de Europa\u201d<\/em><\/strong>, y que cuenta con la participaci\u00f3n de los principales directivos de Telef\u00f3nica, Orange y Vodafone, donde se afirma que si Europa abordase los cambios regulatorios e industriales que necesita, podr\u00eda posicionarse como l\u00edder del ecosistema digital, sumando hasta 4.000 millones al d\u00eda de ingresos adicionales. Sin embargo, sin pol\u00edticas determinantes y medidas industriales potentes, Europa podr\u00eda enfrentarse a p\u00e9rdidas milmillonarias y <u>m\u00e1s del 50% de los empleos europeos actuales podr\u00edan verse afectados por la digitalizaci\u00f3n<\/u>.<\/p>\n<p style=\"text-align: justify;\">El informe pide una revisi\u00f3n digital profunda del tejido industrial y de las instituciones de Europa, siempre respaldadas por una acci\u00f3n pol\u00edtica urgente.\u00a0Las piedras angulares para la creaci\u00f3n de valor digital tienen el potencial de orientar a Europa hacia un futuro exitoso.<\/p>\n<p style=\"text-align: justify;\">Para ello es preciso crear un ecosistema alrededor de Internet de todo (IoE), construir nuevas redes omnipresentes y de baja latencia, con aplicaciones de Inteligencia Artificial incluidas, y por \u00faltimo, crear instituciones, que proporcionen soluciones para la gesti\u00f3n de identidad digital, seguridad de en las transacciones, total transparencia y control sobre el uso de datos privados.<\/p>\n<p style=\"text-align: justify;\"><img decoding=\"async\" class=\"aligncenter wp-image-54856 size-full lazyload\" data-src=\"http:\/\/ugtcomunicaciones.es\/wordpress\/wp-content\/uploads\/2017\/10\/ETNO-3.jpg\" alt=\"\" width=\"700\" height=\"351\" data-srcset=\"https:\/\/www.ugtcomunicaciones.es\/wordpress\/wp-content\/uploads\/2017\/10\/ETNO-3.jpg 700w, https:\/\/www.ugtcomunicaciones.es\/wordpress\/wp-content\/uploads\/2017\/10\/ETNO-3-300x150.jpg 300w, https:\/\/www.ugtcomunicaciones.es\/wordpress\/wp-content\/uploads\/2017\/10\/ETNO-3-640x321.jpg 640w, https:\/\/www.ugtcomunicaciones.es\/wordpress\/wp-content\/uploads\/2017\/10\/ETNO-3-681x341.jpg 681w\" data-sizes=\"(max-width: 700px) 100vw, 700px\" src=\"data:image\/svg+xml;base64,PHN2ZyB3aWR0aD0iMSIgaGVpZ2h0PSIxIiB4bWxucz0iaHR0cDovL3d3dy53My5vcmcvMjAwMC9zdmciPjwvc3ZnPg==\" style=\"--smush-placeholder-width: 700px; --smush-placeholder-aspect-ratio: 700\/351;\" \/><\/p>\n<p><img decoding=\"async\" class=\"aligncenter wp-image-54857 size-full lazyload\" data-src=\"http:\/\/ugtcomunicaciones.es\/wordpress\/wp-content\/uploads\/2017\/10\/ETNO-4.jpg\" alt=\"\" width=\"516\" height=\"172\" data-srcset=\"https:\/\/www.ugtcomunicaciones.es\/wordpress\/wp-content\/uploads\/2017\/10\/ETNO-4.jpg 516w, https:\/\/www.ugtcomunicaciones.es\/wordpress\/wp-content\/uploads\/2017\/10\/ETNO-4-300x100.jpg 300w\" data-sizes=\"(max-width: 516px) 100vw, 516px\" src=\"data:image\/svg+xml;base64,PHN2ZyB3aWR0aD0iMSIgaGVpZ2h0PSIxIiB4bWxucz0iaHR0cDovL3d3dy53My5vcmcvMjAwMC9zdmciPjwvc3ZnPg==\" style=\"--smush-placeholder-width: 516px; --smush-placeholder-aspect-ratio: 516\/172;\" \/><\/p>\n<p style=\"text-align: justify;\">El informe propone tres prioridades pol\u00edticas para habilitar las capacidades fundamentales de Europa, que ser\u00edan:<\/p>\n<ul style=\"text-align: justify;\">\n<li>Apoyar el liderazgo digital europeo, construyendo un ecosistema alrededor de Internet gracias a la cooperaci\u00f3n de los operadores de telecomunicaciones, apoyando la consolidaci\u00f3n paneuropea, implementado de un mercado \u00fanico digital unificado y permitiendo crecer nuestra relevancia global a trav\u00e9s de inversiones basadas en tecnolog\u00edas estrat\u00e9gicas.<\/li>\n<li>Multiplicar la capacidad de inversi\u00f3n europea promoviendo una competencia justa y equitativa en toda la cadena de valor digital, creando una perspectiva a largo plazo y certeza de inversi\u00f3n para el despliegue de nuevas infraestructuras, reconociendo adem\u00e1s la necesidad de diferenciaci\u00f3n en t\u00e9rminos de calidad de servicio.<\/li>\n<li>Habilitar instituciones de la era digital, como una autoridad com\u00fan para administrar identidades personales, para hacer las transacciones digitales seguras, creando un ambiente acordado para el uso seguro de nuevas tecnolog\u00edas como la Inteligencia Artificial.<\/li>\n<\/ul>\n<p style=\"text-align: justify;\"><img decoding=\"async\" class=\"aligncenter wp-image-54858 size-full lazyload\" data-src=\"http:\/\/ugtcomunicaciones.es\/wordpress\/wp-content\/uploads\/2017\/10\/ETNO-5.jpg\" alt=\"\" width=\"597\" height=\"336\" data-srcset=\"https:\/\/www.ugtcomunicaciones.es\/wordpress\/wp-content\/uploads\/2017\/10\/ETNO-5.jpg 597w, https:\/\/www.ugtcomunicaciones.es\/wordpress\/wp-content\/uploads\/2017\/10\/ETNO-5-300x169.jpg 300w\" data-sizes=\"(max-width: 597px) 100vw, 597px\" src=\"data:image\/svg+xml;base64,PHN2ZyB3aWR0aD0iMSIgaGVpZ2h0PSIxIiB4bWxucz0iaHR0cDovL3d3dy53My5vcmcvMjAwMC9zdmciPjwvc3ZnPg==\" style=\"--smush-placeholder-width: 597px; --smush-placeholder-aspect-ratio: 597\/336;\" \/><\/p>\n<p style=\"text-align: justify;\"><span style=\"color: #ff0000;\"><strong>UGT<\/strong><\/span><strong> Comunicaciones<\/strong> comparte con ETNO su visi\u00f3n sectorial y de la nueva era digital, as\u00ed como sus propuestas y conclusiones. No es la primera vez que estamos en sinton\u00eda en estos aspectos<a href=\"#_ftn5\" name=\"_ftnref5\">[5]<\/a>. Sin lugar a dudas, es preciso mentalizar a los pol\u00edticos europeos de que estamos en momento hist\u00f3rico, donde las malas decisiones pueden acabar pag\u00e1ndose durante d\u00e9cadas. Estamos ante una gran oportunidad para volver a poner a nuestro Sector en el lugar que se merece y para regresar a la senda de la creaci\u00f3n de empleo de calidad en las telecomunicaciones.<\/p>\n<p style=\"text-align: justify;\"><strong>\u00a0<img decoding=\"async\" class=\"aligncenter wp-image-54859 size-full lazyload\" data-src=\"http:\/\/ugtcomunicaciones.es\/wordpress\/wp-content\/uploads\/2017\/10\/ETNO-6.jpg\" alt=\"\" width=\"516\" height=\"198\" data-srcset=\"https:\/\/www.ugtcomunicaciones.es\/wordpress\/wp-content\/uploads\/2017\/10\/ETNO-6.jpg 516w, https:\/\/www.ugtcomunicaciones.es\/wordpress\/wp-content\/uploads\/2017\/10\/ETNO-6-300x115.jpg 300w\" data-sizes=\"(max-width: 516px) 100vw, 516px\" src=\"data:image\/svg+xml;base64,PHN2ZyB3aWR0aD0iMSIgaGVpZ2h0PSIxIiB4bWxucz0iaHR0cDovL3d3dy53My5vcmcvMjAwMC9zdmciPjwvc3ZnPg==\" style=\"--smush-placeholder-width: 516px; --smush-placeholder-aspect-ratio: 516\/198;\" \/><\/strong><\/p>\n<p style=\"text-align: justify;\"><strong>\u00a0<\/strong><\/p>\n<h4 style=\"text-align: right;\"><span style=\"color: #ff0000;\"><strong>UGT<\/strong><\/span><strong> Comunicaciones<\/strong><\/h4>\n<p><span style=\"font-size: xx-small;\"><br \/>\n<a href=\"#_ftnref1\" name=\"_ftn1\">[1]<\/a> <a href=\"https:\/\/etno.eu\">https:\/\/etno.eu<\/a><br \/>\n<a href=\"#_ftnref2\" name=\"_ftn2\">[2]<\/a> <a href=\"http:\/\/www.reuters.com\/article\/us-eu-telecoms-vote\/european-telecoms-companies-hopes-of-lighter-regulation-dashed-by-eu-idUSKCN1C72M4?feedType=RSS&amp;feedName=technologyNews\">http:\/\/www.reuters.com\/article\/us-eu-telecoms-vote\/european-telecoms-companies-hopes-of-lighter-regulation-dashed-by-eu-idUSKCN1C72M4?feedType=RSS&amp;feedName=technologyNews<\/a>; <a href=\"https:\/\/www.ft.com\/content\/65177e44-a82f-11e7-ab55-27219df83c97\">https:\/\/www.ft.com\/content\/65177e44-a82f-11e7-ab55-27219df83c97<\/a><br \/>\n<a href=\"#_ftnref3\" name=\"_ftn3\">[3]<\/a> <a href=\"https:\/\/etno.eu\/news\/etno\/2017\/932\">https:\/\/etno.eu\/news\/etno\/2017\/932<\/a><br \/>\n<a href=\"#_ftnref4\" name=\"_ftn4\">[4]<\/a> <a href=\"http:\/\/www.expansion.com\/empresas\/tecnologia\/2017\/09\/26\/59c9e668468aeb1b288b45ef.html\">http:\/\/www.expansion.com\/empresas\/tecnologia\/2017\/09\/26\/59c9e668468aeb1b288b45ef.html<\/a><br \/>\n<a href=\"#_ftnref5\" name=\"_ftn5\">[5]<\/a> <a href=\"http:\/\/ugtcomunicaciones.es\/wordpress\/ugt-uni-la-principal-patronal-europea-telecomunicaciones-claman-marco-regulador-estimule-empleo-crecimiento-economico-primer-acuerdo-estas-caracteristicas-sector\/\">http:\/\/ugtcomunicaciones.es\/wordpress\/ugt-uni-la-principal-patronal-europea-telecomunicaciones-claman-marco-regulador-estimule-empleo-crecimiento-economico-primer-acuerdo-estas-caracteristicas-sector\/<\/a><\/span><\/p>\n","protected":false},"excerpt":{"rendered":"<p>La principal patronal europea de operadores de telecomunicaciones, ETNO (European Telecommunications Networks Operator\u2019s[1]), consciente de brusco y negativo giro que ha dado el texto del C\u00f3digo Europeo de Comunicaciones Electr\u00f3nica en la pen\u00faltima fase de tramitaci\u00f3n[2], ha lanzado un potente mensaje a la Sociedad: Europa debe liderar el nuevo futuro digital, porque lo contrario ser\u00e1 [&hellip;]<\/p>\n","protected":false},"author":3,"featured_media":54860,"comment_status":"closed","ping_status":"closed","sticky":false,"template":"","format":"standard","meta":{"footnotes":""},"categories":[14,12],"tags":[],"class_list":["post-54844","post","type-post","status-publish","format-standard","has-post-thumbnail","hentry","category-opinion","category-regulacion"],"yoast_head":"<!-- This site is optimized with the Yoast SEO Premium plugin v27.3 (Yoast SEO v27.4) - https:\/\/yoast.com\/product\/yoast-seo-premium-wordpress\/ -->\n<title>ETNO advierte: Liderar o perder - UGT Comunicaciones<\/title>\n<meta name=\"description\" content=\"ETNO, consciente de brusco y negativo giro que ha dado el texto del CECE en la pen\u00faltima fase de tramitaci\u00f3n, ha lanzado un potente mensaje a la Sociedad\" \/>\n<meta name=\"robots\" content=\"index, follow, max-snippet:-1, max-image-preview:large, max-video-preview:-1\" \/>\n<link rel=\"canonical\" href=\"https:\/\/www.ugtcomunicaciones.es\/wordpress\/etno-advierte-liderar-perder\/\" \/>\n<meta property=\"og:locale\" content=\"es_ES\" \/>\n<meta property=\"og:type\" content=\"article\" \/>\n<meta property=\"og:title\" content=\"ETNO advierte: Liderar o perder\" \/>\n<meta property=\"og:description\" content=\"ETNO, consciente de brusco y negativo giro que ha dado el texto del CECE en la pen\u00faltima fase de tramitaci\u00f3n, ha lanzado un potente mensaje a la Sociedad\" \/>\n<meta property=\"og:url\" content=\"https:\/\/www.ugtcomunicaciones.es\/wordpress\/etno-advierte-liderar-perder\/\" \/>\n<meta property=\"og:site_name\" content=\"UGT Comunicaciones\" \/>\n<meta property=\"article:publisher\" content=\"https:\/\/www.facebook.com\/ugt.comunicaciones\/\" \/>\n<meta property=\"article:published_time\" content=\"2017-11-13T06:00:33+00:00\" \/>\n<meta property=\"article:modified_time\" content=\"2017-11-28T16:12:36+00:00\" \/>\n<meta property=\"og:image\" content=\"https:\/\/www.ugtcomunicaciones.es\/wordpress\/wp-content\/uploads\/2017\/10\/ETNO-1.jpg\" \/>\n\t<meta property=\"og:image:width\" content=\"147\" \/>\n\t<meta property=\"og:image:height\" content=\"125\" \/>\n\t<meta property=\"og:image:type\" content=\"image\/jpeg\" \/>\n<meta name=\"author\" content=\"UGT\" \/>\n<meta name=\"twitter:card\" content=\"summary_large_image\" \/>\n<meta name=\"twitter:creator\" content=\"@ugtcom\" \/>\n<meta name=\"twitter:site\" content=\"@ugtcom\" \/>\n<meta name=\"twitter:label1\" content=\"Escrito por\" \/>\n\t<meta name=\"twitter:data1\" content=\"UGT\" \/>\n\t<meta name=\"twitter:label2\" content=\"Tiempo de lectura\" \/>\n\t<meta name=\"twitter:data2\" content=\"3 minutos\" \/>\n<script type=\"application\/ld+json\" class=\"yoast-schema-graph\">{\"@context\":\"https:\\\/\\\/schema.org\",\"@graph\":[{\"@type\":\"Article\",\"@id\":\"https:\\\/\\\/www.ugtcomunicaciones.es\\\/wordpress\\\/etno-advierte-liderar-perder\\\/#article\",\"isPartOf\":{\"@id\":\"https:\\\/\\\/www.ugtcomunicaciones.es\\\/wordpress\\\/etno-advierte-liderar-perder\\\/\"},\"author\":{\"name\":\"UGT\",\"@id\":\"https:\\\/\\\/www.ugtcomunicaciones.es\\\/wordpress\\\/#\\\/schema\\\/person\\\/eba0fc3fe5b444531d94d4368cba89ed\"},\"headline\":\"ETNO advierte: Liderar o perder\",\"datePublished\":\"2017-11-13T06:00:33+00:00\",\"dateModified\":\"2017-11-28T16:12:36+00:00\",\"mainEntityOfPage\":{\"@id\":\"https:\\\/\\\/www.ugtcomunicaciones.es\\\/wordpress\\\/etno-advierte-liderar-perder\\\/\"},\"wordCount\":664,\"publisher\":{\"@id\":\"https:\\\/\\\/www.ugtcomunicaciones.es\\\/wordpress\\\/#organization\"},\"image\":{\"@id\":\"https:\\\/\\\/www.ugtcomunicaciones.es\\\/wordpress\\\/etno-advierte-liderar-perder\\\/#primaryimage\"},\"thumbnailUrl\":\"https:\\\/\\\/www.ugtcomunicaciones.es\\\/wordpress\\\/wp-content\\\/uploads\\\/2017\\\/10\\\/ETNO-1.jpg\",\"articleSection\":[\"Opini\u00f3n\",\"Regulaci\u00f3n\"],\"inLanguage\":\"es\"},{\"@type\":\"WebPage\",\"@id\":\"https:\\\/\\\/www.ugtcomunicaciones.es\\\/wordpress\\\/etno-advierte-liderar-perder\\\/\",\"url\":\"https:\\\/\\\/www.ugtcomunicaciones.es\\\/wordpress\\\/etno-advierte-liderar-perder\\\/\",\"name\":\"ETNO advierte: Liderar o perder - UGT Comunicaciones\",\"isPartOf\":{\"@id\":\"https:\\\/\\\/www.ugtcomunicaciones.es\\\/wordpress\\\/#website\"},\"primaryImageOfPage\":{\"@id\":\"https:\\\/\\\/www.ugtcomunicaciones.es\\\/wordpress\\\/etno-advierte-liderar-perder\\\/#primaryimage\"},\"image\":{\"@id\":\"https:\\\/\\\/www.ugtcomunicaciones.es\\\/wordpress\\\/etno-advierte-liderar-perder\\\/#primaryimage\"},\"thumbnailUrl\":\"https:\\\/\\\/www.ugtcomunicaciones.es\\\/wordpress\\\/wp-content\\\/uploads\\\/2017\\\/10\\\/ETNO-1.jpg\",\"datePublished\":\"2017-11-13T06:00:33+00:00\",\"dateModified\":\"2017-11-28T16:12:36+00:00\",\"description\":\"ETNO, consciente de brusco y negativo giro que ha dado el texto del CECE en la pen\u00faltima fase de tramitaci\u00f3n, ha lanzado un potente mensaje a la Sociedad\",\"breadcrumb\":{\"@id\":\"https:\\\/\\\/www.ugtcomunicaciones.es\\\/wordpress\\\/etno-advierte-liderar-perder\\\/#breadcrumb\"},\"inLanguage\":\"es\",\"potentialAction\":[{\"@type\":\"ReadAction\",\"target\":[\"https:\\\/\\\/www.ugtcomunicaciones.es\\\/wordpress\\\/etno-advierte-liderar-perder\\\/\"]}]},{\"@type\":\"ImageObject\",\"inLanguage\":\"es\",\"@id\":\"https:\\\/\\\/www.ugtcomunicaciones.es\\\/wordpress\\\/etno-advierte-liderar-perder\\\/#primaryimage\",\"url\":\"https:\\\/\\\/www.ugtcomunicaciones.es\\\/wordpress\\\/wp-content\\\/uploads\\\/2017\\\/10\\\/ETNO-1.jpg\",\"contentUrl\":\"https:\\\/\\\/www.ugtcomunicaciones.es\\\/wordpress\\\/wp-content\\\/uploads\\\/2017\\\/10\\\/ETNO-1.jpg\",\"width\":147,\"height\":125,\"caption\":\"ETNO-1\"},{\"@type\":\"BreadcrumbList\",\"@id\":\"https:\\\/\\\/www.ugtcomunicaciones.es\\\/wordpress\\\/etno-advierte-liderar-perder\\\/#breadcrumb\",\"itemListElement\":[{\"@type\":\"ListItem\",\"position\":1,\"name\":\"Portada\",\"item\":\"https:\\\/\\\/www.ugtcomunicaciones.es\\\/wordpress\\\/\"},{\"@type\":\"ListItem\",\"position\":2,\"name\":\"ETNO advierte: Liderar o perder\"}]},{\"@type\":\"WebSite\",\"@id\":\"https:\\\/\\\/www.ugtcomunicaciones.es\\\/wordpress\\\/#website\",\"url\":\"https:\\\/\\\/www.ugtcomunicaciones.es\\\/wordpress\\\/\",\"name\":\"UGT Comunicaciones\",\"description\":\"Sindicato de Telecomunicaciones\",\"publisher\":{\"@id\":\"https:\\\/\\\/www.ugtcomunicaciones.es\\\/wordpress\\\/#organization\"},\"potentialAction\":[{\"@type\":\"SearchAction\",\"target\":{\"@type\":\"EntryPoint\",\"urlTemplate\":\"https:\\\/\\\/www.ugtcomunicaciones.es\\\/wordpress\\\/?s={search_term_string}\"},\"query-input\":{\"@type\":\"PropertyValueSpecification\",\"valueRequired\":true,\"valueName\":\"search_term_string\"}}],\"inLanguage\":\"es\"},{\"@type\":\"Organization\",\"@id\":\"https:\\\/\\\/www.ugtcomunicaciones.es\\\/wordpress\\\/#organization\",\"name\":\"UGT Comunicaciones\",\"url\":\"https:\\\/\\\/www.ugtcomunicaciones.es\\\/wordpress\\\/\",\"logo\":{\"@type\":\"ImageObject\",\"inLanguage\":\"es\",\"@id\":\"https:\\\/\\\/www.ugtcomunicaciones.es\\\/wordpress\\\/#\\\/schema\\\/logo\\\/image\\\/\",\"url\":\"https:\\\/\\\/www.ugtcomunicaciones.es\\\/wordpress\\\/wp-content\\\/uploads\\\/2024\\\/04\\\/comunicaciones_logo.png\",\"contentUrl\":\"https:\\\/\\\/www.ugtcomunicaciones.es\\\/wordpress\\\/wp-content\\\/uploads\\\/2024\\\/04\\\/comunicaciones_logo.png\",\"width\":298,\"height\":81,\"caption\":\"UGT Comunicaciones\"},\"image\":{\"@id\":\"https:\\\/\\\/www.ugtcomunicaciones.es\\\/wordpress\\\/#\\\/schema\\\/logo\\\/image\\\/\"},\"sameAs\":[\"https:\\\/\\\/www.facebook.com\\\/ugt.comunicaciones\\\/\",\"https:\\\/\\\/x.com\\\/ugtcom\"]},{\"@type\":\"Person\",\"@id\":\"https:\\\/\\\/www.ugtcomunicaciones.es\\\/wordpress\\\/#\\\/schema\\\/person\\\/eba0fc3fe5b444531d94d4368cba89ed\",\"name\":\"UGT\",\"image\":{\"@type\":\"ImageObject\",\"inLanguage\":\"es\",\"@id\":\"https:\\\/\\\/secure.gravatar.com\\\/avatar\\\/2a16057d620a4c646bcfc171c4f23030879ebbdd346f0525bd5d4a564e57e13d?s=96&d=mm&r=g\",\"url\":\"https:\\\/\\\/secure.gravatar.com\\\/avatar\\\/2a16057d620a4c646bcfc171c4f23030879ebbdd346f0525bd5d4a564e57e13d?s=96&d=mm&r=g\",\"contentUrl\":\"https:\\\/\\\/secure.gravatar.com\\\/avatar\\\/2a16057d620a4c646bcfc171c4f23030879ebbdd346f0525bd5d4a564e57e13d?s=96&d=mm&r=g\",\"caption\":\"UGT\"}}]}<\/script>\n<!-- \/ Yoast SEO Premium plugin. -->","yoast_head_json":{"title":"ETNO advierte: Liderar o perder - UGT Comunicaciones","description":"ETNO, consciente de brusco y negativo giro que ha dado el texto del CECE en la pen\u00faltima fase de tramitaci\u00f3n, ha lanzado un potente mensaje a la Sociedad","robots":{"index":"index","follow":"follow","max-snippet":"max-snippet:-1","max-image-preview":"max-image-preview:large","max-video-preview":"max-video-preview:-1"},"canonical":"https:\/\/www.ugtcomunicaciones.es\/wordpress\/etno-advierte-liderar-perder\/","og_locale":"es_ES","og_type":"article","og_title":"ETNO advierte: Liderar o perder","og_description":"ETNO, consciente de brusco y negativo giro que ha dado el texto del CECE en la pen\u00faltima fase de tramitaci\u00f3n, ha lanzado un potente mensaje a la Sociedad","og_url":"https:\/\/www.ugtcomunicaciones.es\/wordpress\/etno-advierte-liderar-perder\/","og_site_name":"UGT Comunicaciones","article_publisher":"https:\/\/www.facebook.com\/ugt.comunicaciones\/","article_published_time":"2017-11-13T06:00:33+00:00","article_modified_time":"2017-11-28T16:12:36+00:00","og_image":[{"width":147,"height":125,"url":"https:\/\/www.ugtcomunicaciones.es\/wordpress\/wp-content\/uploads\/2017\/10\/ETNO-1.jpg","type":"image\/jpeg"}],"author":"UGT","twitter_card":"summary_large_image","twitter_creator":"@ugtcom","twitter_site":"@ugtcom","twitter_misc":{"Escrito por":"UGT","Tiempo de lectura":"3 minutos"},"schema":{"@context":"https:\/\/schema.org","@graph":[{"@type":"Article","@id":"https:\/\/www.ugtcomunicaciones.es\/wordpress\/etno-advierte-liderar-perder\/#article","isPartOf":{"@id":"https:\/\/www.ugtcomunicaciones.es\/wordpress\/etno-advierte-liderar-perder\/"},"author":{"name":"UGT","@id":"https:\/\/www.ugtcomunicaciones.es\/wordpress\/#\/schema\/person\/eba0fc3fe5b444531d94d4368cba89ed"},"headline":"ETNO advierte: Liderar o perder","datePublished":"2017-11-13T06:00:33+00:00","dateModified":"2017-11-28T16:12:36+00:00","mainEntityOfPage":{"@id":"https:\/\/www.ugtcomunicaciones.es\/wordpress\/etno-advierte-liderar-perder\/"},"wordCount":664,"publisher":{"@id":"https:\/\/www.ugtcomunicaciones.es\/wordpress\/#organization"},"image":{"@id":"https:\/\/www.ugtcomunicaciones.es\/wordpress\/etno-advierte-liderar-perder\/#primaryimage"},"thumbnailUrl":"https:\/\/www.ugtcomunicaciones.es\/wordpress\/wp-content\/uploads\/2017\/10\/ETNO-1.jpg","articleSection":["Opini\u00f3n","Regulaci\u00f3n"],"inLanguage":"es"},{"@type":"WebPage","@id":"https:\/\/www.ugtcomunicaciones.es\/wordpress\/etno-advierte-liderar-perder\/","url":"https:\/\/www.ugtcomunicaciones.es\/wordpress\/etno-advierte-liderar-perder\/","name":"ETNO advierte: Liderar o perder - UGT Comunicaciones","isPartOf":{"@id":"https:\/\/www.ugtcomunicaciones.es\/wordpress\/#website"},"primaryImageOfPage":{"@id":"https:\/\/www.ugtcomunicaciones.es\/wordpress\/etno-advierte-liderar-perder\/#primaryimage"},"image":{"@id":"https:\/\/www.ugtcomunicaciones.es\/wordpress\/etno-advierte-liderar-perder\/#primaryimage"},"thumbnailUrl":"https:\/\/www.ugtcomunicaciones.es\/wordpress\/wp-content\/uploads\/2017\/10\/ETNO-1.jpg","datePublished":"2017-11-13T06:00:33+00:00","dateModified":"2017-11-28T16:12:36+00:00","description":"ETNO, consciente de brusco y negativo giro que ha dado el texto del CECE en la pen\u00faltima fase de tramitaci\u00f3n, ha lanzado un potente mensaje a la Sociedad","breadcrumb":{"@id":"https:\/\/www.ugtcomunicaciones.es\/wordpress\/etno-advierte-liderar-perder\/#breadcrumb"},"inLanguage":"es","potentialAction":[{"@type":"ReadAction","target":["https:\/\/www.ugtcomunicaciones.es\/wordpress\/etno-advierte-liderar-perder\/"]}]},{"@type":"ImageObject","inLanguage":"es","@id":"https:\/\/www.ugtcomunicaciones.es\/wordpress\/etno-advierte-liderar-perder\/#primaryimage","url":"https:\/\/www.ugtcomunicaciones.es\/wordpress\/wp-content\/uploads\/2017\/10\/ETNO-1.jpg","contentUrl":"https:\/\/www.ugtcomunicaciones.es\/wordpress\/wp-content\/uploads\/2017\/10\/ETNO-1.jpg","width":147,"height":125,"caption":"ETNO-1"},{"@type":"BreadcrumbList","@id":"https:\/\/www.ugtcomunicaciones.es\/wordpress\/etno-advierte-liderar-perder\/#breadcrumb","itemListElement":[{"@type":"ListItem","position":1,"name":"Portada","item":"https:\/\/www.ugtcomunicaciones.es\/wordpress\/"},{"@type":"ListItem","position":2,"name":"ETNO advierte: Liderar o perder"}]},{"@type":"WebSite","@id":"https:\/\/www.ugtcomunicaciones.es\/wordpress\/#website","url":"https:\/\/www.ugtcomunicaciones.es\/wordpress\/","name":"UGT Comunicaciones","description":"Sindicato de Telecomunicaciones","publisher":{"@id":"https:\/\/www.ugtcomunicaciones.es\/wordpress\/#organization"},"potentialAction":[{"@type":"SearchAction","target":{"@type":"EntryPoint","urlTemplate":"https:\/\/www.ugtcomunicaciones.es\/wordpress\/?s={search_term_string}"},"query-input":{"@type":"PropertyValueSpecification","valueRequired":true,"valueName":"search_term_string"}}],"inLanguage":"es"},{"@type":"Organization","@id":"https:\/\/www.ugtcomunicaciones.es\/wordpress\/#organization","name":"UGT Comunicaciones","url":"https:\/\/www.ugtcomunicaciones.es\/wordpress\/","logo":{"@type":"ImageObject","inLanguage":"es","@id":"https:\/\/www.ugtcomunicaciones.es\/wordpress\/#\/schema\/logo\/image\/","url":"https:\/\/www.ugtcomunicaciones.es\/wordpress\/wp-content\/uploads\/2024\/04\/comunicaciones_logo.png","contentUrl":"https:\/\/www.ugtcomunicaciones.es\/wordpress\/wp-content\/uploads\/2024\/04\/comunicaciones_logo.png","width":298,"height":81,"caption":"UGT Comunicaciones"},"image":{"@id":"https:\/\/www.ugtcomunicaciones.es\/wordpress\/#\/schema\/logo\/image\/"},"sameAs":["https:\/\/www.facebook.com\/ugt.comunicaciones\/","https:\/\/x.com\/ugtcom"]},{"@type":"Person","@id":"https:\/\/www.ugtcomunicaciones.es\/wordpress\/#\/schema\/person\/eba0fc3fe5b444531d94d4368cba89ed","name":"UGT","image":{"@type":"ImageObject","inLanguage":"es","@id":"https:\/\/secure.gravatar.com\/avatar\/2a16057d620a4c646bcfc171c4f23030879ebbdd346f0525bd5d4a564e57e13d?s=96&d=mm&r=g","url":"https:\/\/secure.gravatar.com\/avatar\/2a16057d620a4c646bcfc171c4f23030879ebbdd346f0525bd5d4a564e57e13d?s=96&d=mm&r=g","contentUrl":"https:\/\/secure.gravatar.com\/avatar\/2a16057d620a4c646bcfc171c4f23030879ebbdd346f0525bd5d4a564e57e13d?s=96&d=mm&r=g","caption":"UGT"}}]}},"_links":{"self":[{"href":"https:\/\/www.ugtcomunicaciones.es\/wordpress\/wp-json\/wp\/v2\/posts\/54844","targetHints":{"allow":["GET"]}}],"collection":[{"href":"https:\/\/www.ugtcomunicaciones.es\/wordpress\/wp-json\/wp\/v2\/posts"}],"about":[{"href":"https:\/\/www.ugtcomunicaciones.es\/wordpress\/wp-json\/wp\/v2\/types\/post"}],"author":[{"embeddable":true,"href":"https:\/\/www.ugtcomunicaciones.es\/wordpress\/wp-json\/wp\/v2\/users\/3"}],"replies":[{"embeddable":true,"href":"https:\/\/www.ugtcomunicaciones.es\/wordpress\/wp-json\/wp\/v2\/comments?post=54844"}],"version-history":[{"count":0,"href":"https:\/\/www.ugtcomunicaciones.es\/wordpress\/wp-json\/wp\/v2\/posts\/54844\/revisions"}],"wp:featuredmedia":[{"embeddable":true,"href":"https:\/\/www.ugtcomunicaciones.es\/wordpress\/wp-json\/wp\/v2\/media\/54860"}],"wp:attachment":[{"href":"https:\/\/www.ugtcomunicaciones.es\/wordpress\/wp-json\/wp\/v2\/media?parent=54844"}],"wp:term":[{"taxonomy":"category","embeddable":true,"href":"https:\/\/www.ugtcomunicaciones.es\/wordpress\/wp-json\/wp\/v2\/categories?post=54844"},{"taxonomy":"post_tag","embeddable":true,"href":"https:\/\/www.ugtcomunicaciones.es\/wordpress\/wp-json\/wp\/v2\/tags?post=54844"}],"curies":[{"name":"wp","href":"https:\/\/api.w.org\/{rel}","templated":true}]}}