{"id":551675,"date":"2020-03-31T17:46:30","date_gmt":"2020-03-31T16:46:30","guid":{"rendered":"http:\/\/ugtcomunicaciones.es\/wordpress\/?p=551675"},"modified":"2020-03-31T17:46:30","modified_gmt":"2020-03-31T16:46:30","slug":"pedimos-coherencia-en-la-aplicacion-de-los-pic","status":"publish","type":"post","link":"https:\/\/www.ugtcomunicaciones.es\/wordpress\/pedimos-coherencia-en-la-aplicacion-de-los-pic\/","title":{"rendered":"Pedimos coherencia en la aplicaci\u00f3n de los PIC"},"content":{"rendered":"<p style=\"text-align: justify;\">Hemos mantenido una reuni\u00f3n con la empresa para\u00a0<strong>abordar el impacto que sin duda se va a producir en el cumplimiento de los objetivos comerciales<\/strong>\u00a0(primer y segundo trimestre) y en consecuencia\u00a0<strong>en los PIC\u00b4s<\/strong>\u00a0\u00a0 por la influencia que est\u00e1 teniendo en la actividad comercial el actual estado de emergencia.<\/p>\n<p>La empresa comienza la reuni\u00f3n trasladando un mensaje de tranquilidad y que no se alterar\u00e1 la periodicidad de los PIC\u00b4s,<\/p>\n<p><strong>Los cambios en los PIC\u00b4s se har\u00e1 en dos l\u00edneas<\/strong>, una la correspondiente al mes de marzo y otra respecto al segundo trimestre. Aunque en los de cambios que se llevar\u00e1n a cabo queda pendiente la posibilidad de hacer m\u00e1s, dependiendo del impacto que se produzca al cierre.<\/p>\n<p><strong><u>Marzo<\/u><\/strong>;<\/p>\n<ul style=\"text-align: justify;\">\n<li><strong>Grandes Cuentas<\/strong>\u00a0\u2013 Su objetivo es semestral por lo que hay tiempo para modificaciones seg\u00fan impacto, lo que\u00a0<strong>se va a suprimir es el multiplicador de TI<\/strong>.<\/li>\n<li><strong>Mediana<\/strong>\u00a0\u2013 Se tendr\u00e1 en cuenta el impacto que tengan en los objetivos\u00a0<strong>Captaci\u00f3n, Desarrollo y Venta TI para su revisi\u00f3n<\/strong>.<\/li>\n<li><strong>Peque\u00f1a<\/strong>\u00a0\u2013Se tendr\u00e1 en cuenta el impacto que tengan en los objetivos\u00a0<strong>Captaci\u00f3n, Desarrollo y Venta TI para su revisi\u00f3n<\/strong>.<\/li>\n<li><strong>Gran P\u00fablico<\/strong>\u00a0\u2013 Aunque el objetivo es trimestral su c\u00e1lculo es mensual por lo que en el mes de marzo su liquidaci\u00f3n ser\u00e1 la media de enero y febrero.<\/li>\n<\/ul>\n<p style=\"text-align: justify;\"><strong><u>2\u00ba Trimestre<\/u><\/strong>;<\/p>\n<ul style=\"text-align: justify;\">\n<li><strong>Grandes Cuentas<\/strong>\u00a0\u2013 Lo dicho en el apartado de marzo al ser un Pic semestral.<\/li>\n<li><strong>Mediana<\/strong>\u00a0\u2013 Se adaptan los objetivos en los\u00a0<strong>cuales no se tendr\u00e1n en cuenta Satisfacci\u00f3n y el Dinamizador<\/strong>, sus pesos se trasladan a Ingresos \u00a0\u00a0\u00a0 y Ventas TI.<\/li>\n<li><strong>Peque\u00f1a (Presencial y Canal Telef\u00f3nico)<\/strong>\u00a0\u2013\u00a0<strong>Se suprime Satisfacci\u00f3n y \u00a0\u00a0 Bajas<\/strong>, sus pesos se trasladan a Venta TI y Desarrollo.<\/li>\n<li><strong>Gran P\u00fablico<\/strong><u>Canal Telef\u00f3nico<\/u>\u00a0se gestionar\u00e1 un planteamiento m\u00e1s oportuno a la Realidad basado en las llamadas atendidas y a los gestores lamadas atendidas por hora.<br \/>\n<u>Tiendas<\/u>\u00a0se liquidar\u00e1 con el promedio global de enero y febrero,<\/li>\n<\/ul>\n<p style=\"text-align: justify;\">Estas son las l\u00edneas de cambios que se van a acometer de manera general, aunque\u00a0<strong>en los cierres se valorar\u00e1n los impactos para hacer todas aquellas modificaciones oportunas<\/strong>. La empresa reitera su mensaje de tranquilidad indicando que se tendr\u00e1 en cuenta el escenario en el que estamos.<\/p>\n<p style=\"text-align: justify;\"><strong>UGT<\/strong>\u00a0<strong>valora positivamente el hecho de que la empresa de respuesta a la inquietud que hemos trasladado<\/strong>, respecto al cumplimiento de los objetivos Comerciales y su repercusi\u00f3n en los PIC, aunque la reuni\u00f3n ha sido corta y muy general, consideramos que la intenci\u00f3n de dicha reuni\u00f3n era dejar patente\u00a0<strong>la modificaci\u00f3n de los PIC\u00b4s para subsanar en lo m\u00e1s posible el perjuicio de esta situaci\u00f3n a los comerciales.<br \/>\n<\/strong><strong><br \/>\n<\/strong>Tambi\u00e9n les hemos recordado que los cambios recientes de actividad que se han producido en el \u00e1rea Canal Indirecto, CAOL, etc.,\u00a0<strong>no deben suponer detrimento en sus PIC,s, a lo que la empresa responde afirmativamente.<\/strong><\/p>\n<p style=\"text-align: justify;\"><strong>UGT<\/strong>\u00a0<strong>ha solicitado que se mantengan las reuniones necesarias para que se informe de los cambios que se lleven a cabo,<\/strong>\u00a0como tambi\u00e9n nuestra intenci\u00f3n de\u00a0<strong>hacer llegar<\/strong>\u00a0<strong>todas las problem\u00e1ticas, que nos trasladan los comerciales<\/strong>, en el cumplimiento de los objetivos.<\/p>\n","protected":false},"excerpt":{"rendered":"<p>Hemos mantenido una reuni\u00f3n con la empresa para\u00a0abordar el impacto que sin duda se va a producir en el cumplimiento de los objetivos comerciales\u00a0(primer y segundo trimestre) y en consecuencia\u00a0en los PIC\u00b4s\u00a0\u00a0 por la influencia que est\u00e1 teniendo en la actividad comercial el actual estado de emergencia. La empresa comienza la reuni\u00f3n trasladando un mensaje [&hellip;]<\/p>\n","protected":false},"author":3,"featured_media":551689,"comment_status":"closed","ping_status":"closed","sticky":false,"template":"","format":"standard","meta":{"footnotes":""},"categories":[8,25,7,26],"tags":[],"class_list":["post-551675","post","type-post","status-publish","format-standard","has-post-thumbnail","hentry","category-telefonica-cev","category-telefonica","category-telefonica-moviles","category-telefonica-soluciones"],"yoast_head":"<!-- This site is optimized with the Yoast SEO Premium plugin v27.3 (Yoast SEO v27.4) - https:\/\/yoast.com\/product\/yoast-seo-premium-wordpress\/ -->\n<title>Pedimos coherencia en la aplicaci\u00f3n de los PIC - UGT Comunicaciones<\/title>\n<meta name=\"robots\" content=\"index, follow, max-snippet:-1, max-image-preview:large, max-video-preview:-1\" \/>\n<link rel=\"canonical\" href=\"https:\/\/www.ugtcomunicaciones.es\/wordpress\/pedimos-coherencia-en-la-aplicacion-de-los-pic\/\" \/>\n<meta property=\"og:locale\" content=\"es_ES\" \/>\n<meta property=\"og:type\" content=\"article\" \/>\n<meta property=\"og:title\" content=\"Pedimos coherencia en la aplicaci\u00f3n de los PIC\" \/>\n<meta property=\"og:description\" content=\"Hemos mantenido una reuni\u00f3n con la empresa para\u00a0abordar el impacto que sin duda se va a producir en el cumplimiento de los objetivos comerciales\u00a0(primer y segundo trimestre) y en consecuencia\u00a0en los PIC\u00b4s\u00a0\u00a0 por la influencia que est\u00e1 teniendo en la actividad comercial el actual estado de emergencia. La empresa comienza la reuni\u00f3n trasladando un mensaje [&hellip;]\" \/>\n<meta property=\"og:url\" content=\"https:\/\/www.ugtcomunicaciones.es\/wordpress\/pedimos-coherencia-en-la-aplicacion-de-los-pic\/\" \/>\n<meta property=\"og:site_name\" content=\"UGT Comunicaciones\" \/>\n<meta property=\"article:publisher\" content=\"https:\/\/www.facebook.com\/ugt.comunicaciones\/\" \/>\n<meta property=\"article:published_time\" content=\"2020-03-31T16:46:30+00:00\" \/>\n<meta property=\"og:image\" content=\"https:\/\/www.ugtcomunicaciones.es\/wordpress\/wp-content\/uploads\/2020\/03\/pics.jpg\" \/>\n\t<meta property=\"og:image:width\" content=\"640\" \/>\n\t<meta property=\"og:image:height\" content=\"369\" \/>\n\t<meta property=\"og:image:type\" content=\"image\/jpeg\" \/>\n<meta name=\"author\" content=\"UGT\" \/>\n<meta name=\"twitter:card\" content=\"summary_large_image\" \/>\n<meta name=\"twitter:creator\" content=\"@ugtcom\" \/>\n<meta name=\"twitter:site\" content=\"@ugtcom\" \/>\n<meta name=\"twitter:label1\" content=\"Escrito por\" \/>\n\t<meta name=\"twitter:data1\" content=\"UGT\" \/>\n\t<meta name=\"twitter:label2\" content=\"Tiempo de lectura\" \/>\n\t<meta name=\"twitter:data2\" content=\"3 minutos\" \/>\n<script type=\"application\/ld+json\" class=\"yoast-schema-graph\">{\"@context\":\"https:\\\/\\\/schema.org\",\"@graph\":[{\"@type\":\"Article\",\"@id\":\"https:\\\/\\\/www.ugtcomunicaciones.es\\\/wordpress\\\/pedimos-coherencia-en-la-aplicacion-de-los-pic\\\/#article\",\"isPartOf\":{\"@id\":\"https:\\\/\\\/www.ugtcomunicaciones.es\\\/wordpress\\\/pedimos-coherencia-en-la-aplicacion-de-los-pic\\\/\"},\"author\":{\"name\":\"UGT\",\"@id\":\"https:\\\/\\\/www.ugtcomunicaciones.es\\\/wordpress\\\/#\\\/schema\\\/person\\\/eba0fc3fe5b444531d94d4368cba89ed\"},\"headline\":\"Pedimos coherencia en la aplicaci\u00f3n de los PIC\",\"datePublished\":\"2020-03-31T16:46:30+00:00\",\"mainEntityOfPage\":{\"@id\":\"https:\\\/\\\/www.ugtcomunicaciones.es\\\/wordpress\\\/pedimos-coherencia-en-la-aplicacion-de-los-pic\\\/\"},\"wordCount\":551,\"publisher\":{\"@id\":\"https:\\\/\\\/www.ugtcomunicaciones.es\\\/wordpress\\\/#organization\"},\"image\":{\"@id\":\"https:\\\/\\\/www.ugtcomunicaciones.es\\\/wordpress\\\/pedimos-coherencia-en-la-aplicacion-de-los-pic\\\/#primaryimage\"},\"thumbnailUrl\":\"https:\\\/\\\/www.ugtcomunicaciones.es\\\/wordpress\\\/wp-content\\\/uploads\\\/2020\\\/03\\\/pics.jpg\",\"articleSection\":[\"Telef\u00f3nica CEV\",\"Telef\u00f3nica de Espa\u00f1a\",\"Telef\u00f3nica M\u00f3viles\",\"Telef\u00f3nica Soluciones\"],\"inLanguage\":\"es\"},{\"@type\":\"WebPage\",\"@id\":\"https:\\\/\\\/www.ugtcomunicaciones.es\\\/wordpress\\\/pedimos-coherencia-en-la-aplicacion-de-los-pic\\\/\",\"url\":\"https:\\\/\\\/www.ugtcomunicaciones.es\\\/wordpress\\\/pedimos-coherencia-en-la-aplicacion-de-los-pic\\\/\",\"name\":\"Pedimos coherencia en la aplicaci\u00f3n de los PIC - UGT Comunicaciones\",\"isPartOf\":{\"@id\":\"https:\\\/\\\/www.ugtcomunicaciones.es\\\/wordpress\\\/#website\"},\"primaryImageOfPage\":{\"@id\":\"https:\\\/\\\/www.ugtcomunicaciones.es\\\/wordpress\\\/pedimos-coherencia-en-la-aplicacion-de-los-pic\\\/#primaryimage\"},\"image\":{\"@id\":\"https:\\\/\\\/www.ugtcomunicaciones.es\\\/wordpress\\\/pedimos-coherencia-en-la-aplicacion-de-los-pic\\\/#primaryimage\"},\"thumbnailUrl\":\"https:\\\/\\\/www.ugtcomunicaciones.es\\\/wordpress\\\/wp-content\\\/uploads\\\/2020\\\/03\\\/pics.jpg\",\"datePublished\":\"2020-03-31T16:46:30+00:00\",\"breadcrumb\":{\"@id\":\"https:\\\/\\\/www.ugtcomunicaciones.es\\\/wordpress\\\/pedimos-coherencia-en-la-aplicacion-de-los-pic\\\/#breadcrumb\"},\"inLanguage\":\"es\",\"potentialAction\":[{\"@type\":\"ReadAction\",\"target\":[\"https:\\\/\\\/www.ugtcomunicaciones.es\\\/wordpress\\\/pedimos-coherencia-en-la-aplicacion-de-los-pic\\\/\"]}]},{\"@type\":\"ImageObject\",\"inLanguage\":\"es\",\"@id\":\"https:\\\/\\\/www.ugtcomunicaciones.es\\\/wordpress\\\/pedimos-coherencia-en-la-aplicacion-de-los-pic\\\/#primaryimage\",\"url\":\"https:\\\/\\\/www.ugtcomunicaciones.es\\\/wordpress\\\/wp-content\\\/uploads\\\/2020\\\/03\\\/pics.jpg\",\"contentUrl\":\"https:\\\/\\\/www.ugtcomunicaciones.es\\\/wordpress\\\/wp-content\\\/uploads\\\/2020\\\/03\\\/pics.jpg\",\"width\":640,\"height\":369},{\"@type\":\"BreadcrumbList\",\"@id\":\"https:\\\/\\\/www.ugtcomunicaciones.es\\\/wordpress\\\/pedimos-coherencia-en-la-aplicacion-de-los-pic\\\/#breadcrumb\",\"itemListElement\":[{\"@type\":\"ListItem\",\"position\":1,\"name\":\"Portada\",\"item\":\"https:\\\/\\\/www.ugtcomunicaciones.es\\\/wordpress\\\/\"},{\"@type\":\"ListItem\",\"position\":2,\"name\":\"Pedimos coherencia en la aplicaci\u00f3n de los PIC\"}]},{\"@type\":\"WebSite\",\"@id\":\"https:\\\/\\\/www.ugtcomunicaciones.es\\\/wordpress\\\/#website\",\"url\":\"https:\\\/\\\/www.ugtcomunicaciones.es\\\/wordpress\\\/\",\"name\":\"UGT Comunicaciones\",\"description\":\"Sindicato de Telecomunicaciones\",\"publisher\":{\"@id\":\"https:\\\/\\\/www.ugtcomunicaciones.es\\\/wordpress\\\/#organization\"},\"potentialAction\":[{\"@type\":\"SearchAction\",\"target\":{\"@type\":\"EntryPoint\",\"urlTemplate\":\"https:\\\/\\\/www.ugtcomunicaciones.es\\\/wordpress\\\/?s={search_term_string}\"},\"query-input\":{\"@type\":\"PropertyValueSpecification\",\"valueRequired\":true,\"valueName\":\"search_term_string\"}}],\"inLanguage\":\"es\"},{\"@type\":\"Organization\",\"@id\":\"https:\\\/\\\/www.ugtcomunicaciones.es\\\/wordpress\\\/#organization\",\"name\":\"UGT Comunicaciones\",\"url\":\"https:\\\/\\\/www.ugtcomunicaciones.es\\\/wordpress\\\/\",\"logo\":{\"@type\":\"ImageObject\",\"inLanguage\":\"es\",\"@id\":\"https:\\\/\\\/www.ugtcomunicaciones.es\\\/wordpress\\\/#\\\/schema\\\/logo\\\/image\\\/\",\"url\":\"https:\\\/\\\/www.ugtcomunicaciones.es\\\/wordpress\\\/wp-content\\\/uploads\\\/2024\\\/04\\\/comunicaciones_logo.png\",\"contentUrl\":\"https:\\\/\\\/www.ugtcomunicaciones.es\\\/wordpress\\\/wp-content\\\/uploads\\\/2024\\\/04\\\/comunicaciones_logo.png\",\"width\":298,\"height\":81,\"caption\":\"UGT Comunicaciones\"},\"image\":{\"@id\":\"https:\\\/\\\/www.ugtcomunicaciones.es\\\/wordpress\\\/#\\\/schema\\\/logo\\\/image\\\/\"},\"sameAs\":[\"https:\\\/\\\/www.facebook.com\\\/ugt.comunicaciones\\\/\",\"https:\\\/\\\/x.com\\\/ugtcom\"]},{\"@type\":\"Person\",\"@id\":\"https:\\\/\\\/www.ugtcomunicaciones.es\\\/wordpress\\\/#\\\/schema\\\/person\\\/eba0fc3fe5b444531d94d4368cba89ed\",\"name\":\"UGT\",\"image\":{\"@type\":\"ImageObject\",\"inLanguage\":\"es\",\"@id\":\"https:\\\/\\\/secure.gravatar.com\\\/avatar\\\/2a16057d620a4c646bcfc171c4f23030879ebbdd346f0525bd5d4a564e57e13d?s=96&d=mm&r=g\",\"url\":\"https:\\\/\\\/secure.gravatar.com\\\/avatar\\\/2a16057d620a4c646bcfc171c4f23030879ebbdd346f0525bd5d4a564e57e13d?s=96&d=mm&r=g\",\"contentUrl\":\"https:\\\/\\\/secure.gravatar.com\\\/avatar\\\/2a16057d620a4c646bcfc171c4f23030879ebbdd346f0525bd5d4a564e57e13d?s=96&d=mm&r=g\",\"caption\":\"UGT\"}}]}<\/script>\n<!-- \/ Yoast SEO Premium plugin. -->","yoast_head_json":{"title":"Pedimos coherencia en la aplicaci\u00f3n de los PIC - UGT Comunicaciones","robots":{"index":"index","follow":"follow","max-snippet":"max-snippet:-1","max-image-preview":"max-image-preview:large","max-video-preview":"max-video-preview:-1"},"canonical":"https:\/\/www.ugtcomunicaciones.es\/wordpress\/pedimos-coherencia-en-la-aplicacion-de-los-pic\/","og_locale":"es_ES","og_type":"article","og_title":"Pedimos coherencia en la aplicaci\u00f3n de los PIC","og_description":"Hemos mantenido una reuni\u00f3n con la empresa para\u00a0abordar el impacto que sin duda se va a producir en el cumplimiento de los objetivos comerciales\u00a0(primer y segundo trimestre) y en consecuencia\u00a0en los PIC\u00b4s\u00a0\u00a0 por la influencia que est\u00e1 teniendo en la actividad comercial el actual estado de emergencia. La empresa comienza la reuni\u00f3n trasladando un mensaje [&hellip;]","og_url":"https:\/\/www.ugtcomunicaciones.es\/wordpress\/pedimos-coherencia-en-la-aplicacion-de-los-pic\/","og_site_name":"UGT Comunicaciones","article_publisher":"https:\/\/www.facebook.com\/ugt.comunicaciones\/","article_published_time":"2020-03-31T16:46:30+00:00","og_image":[{"width":640,"height":369,"url":"https:\/\/www.ugtcomunicaciones.es\/wordpress\/wp-content\/uploads\/2020\/03\/pics.jpg","type":"image\/jpeg"}],"author":"UGT","twitter_card":"summary_large_image","twitter_creator":"@ugtcom","twitter_site":"@ugtcom","twitter_misc":{"Escrito por":"UGT","Tiempo de lectura":"3 minutos"},"schema":{"@context":"https:\/\/schema.org","@graph":[{"@type":"Article","@id":"https:\/\/www.ugtcomunicaciones.es\/wordpress\/pedimos-coherencia-en-la-aplicacion-de-los-pic\/#article","isPartOf":{"@id":"https:\/\/www.ugtcomunicaciones.es\/wordpress\/pedimos-coherencia-en-la-aplicacion-de-los-pic\/"},"author":{"name":"UGT","@id":"https:\/\/www.ugtcomunicaciones.es\/wordpress\/#\/schema\/person\/eba0fc3fe5b444531d94d4368cba89ed"},"headline":"Pedimos coherencia en la aplicaci\u00f3n de los PIC","datePublished":"2020-03-31T16:46:30+00:00","mainEntityOfPage":{"@id":"https:\/\/www.ugtcomunicaciones.es\/wordpress\/pedimos-coherencia-en-la-aplicacion-de-los-pic\/"},"wordCount":551,"publisher":{"@id":"https:\/\/www.ugtcomunicaciones.es\/wordpress\/#organization"},"image":{"@id":"https:\/\/www.ugtcomunicaciones.es\/wordpress\/pedimos-coherencia-en-la-aplicacion-de-los-pic\/#primaryimage"},"thumbnailUrl":"https:\/\/www.ugtcomunicaciones.es\/wordpress\/wp-content\/uploads\/2020\/03\/pics.jpg","articleSection":["Telef\u00f3nica CEV","Telef\u00f3nica de Espa\u00f1a","Telef\u00f3nica M\u00f3viles","Telef\u00f3nica Soluciones"],"inLanguage":"es"},{"@type":"WebPage","@id":"https:\/\/www.ugtcomunicaciones.es\/wordpress\/pedimos-coherencia-en-la-aplicacion-de-los-pic\/","url":"https:\/\/www.ugtcomunicaciones.es\/wordpress\/pedimos-coherencia-en-la-aplicacion-de-los-pic\/","name":"Pedimos coherencia en la aplicaci\u00f3n de los PIC - UGT Comunicaciones","isPartOf":{"@id":"https:\/\/www.ugtcomunicaciones.es\/wordpress\/#website"},"primaryImageOfPage":{"@id":"https:\/\/www.ugtcomunicaciones.es\/wordpress\/pedimos-coherencia-en-la-aplicacion-de-los-pic\/#primaryimage"},"image":{"@id":"https:\/\/www.ugtcomunicaciones.es\/wordpress\/pedimos-coherencia-en-la-aplicacion-de-los-pic\/#primaryimage"},"thumbnailUrl":"https:\/\/www.ugtcomunicaciones.es\/wordpress\/wp-content\/uploads\/2020\/03\/pics.jpg","datePublished":"2020-03-31T16:46:30+00:00","breadcrumb":{"@id":"https:\/\/www.ugtcomunicaciones.es\/wordpress\/pedimos-coherencia-en-la-aplicacion-de-los-pic\/#breadcrumb"},"inLanguage":"es","potentialAction":[{"@type":"ReadAction","target":["https:\/\/www.ugtcomunicaciones.es\/wordpress\/pedimos-coherencia-en-la-aplicacion-de-los-pic\/"]}]},{"@type":"ImageObject","inLanguage":"es","@id":"https:\/\/www.ugtcomunicaciones.es\/wordpress\/pedimos-coherencia-en-la-aplicacion-de-los-pic\/#primaryimage","url":"https:\/\/www.ugtcomunicaciones.es\/wordpress\/wp-content\/uploads\/2020\/03\/pics.jpg","contentUrl":"https:\/\/www.ugtcomunicaciones.es\/wordpress\/wp-content\/uploads\/2020\/03\/pics.jpg","width":640,"height":369},{"@type":"BreadcrumbList","@id":"https:\/\/www.ugtcomunicaciones.es\/wordpress\/pedimos-coherencia-en-la-aplicacion-de-los-pic\/#breadcrumb","itemListElement":[{"@type":"ListItem","position":1,"name":"Portada","item":"https:\/\/www.ugtcomunicaciones.es\/wordpress\/"},{"@type":"ListItem","position":2,"name":"Pedimos coherencia en la aplicaci\u00f3n de los PIC"}]},{"@type":"WebSite","@id":"https:\/\/www.ugtcomunicaciones.es\/wordpress\/#website","url":"https:\/\/www.ugtcomunicaciones.es\/wordpress\/","name":"UGT Comunicaciones","description":"Sindicato de Telecomunicaciones","publisher":{"@id":"https:\/\/www.ugtcomunicaciones.es\/wordpress\/#organization"},"potentialAction":[{"@type":"SearchAction","target":{"@type":"EntryPoint","urlTemplate":"https:\/\/www.ugtcomunicaciones.es\/wordpress\/?s={search_term_string}"},"query-input":{"@type":"PropertyValueSpecification","valueRequired":true,"valueName":"search_term_string"}}],"inLanguage":"es"},{"@type":"Organization","@id":"https:\/\/www.ugtcomunicaciones.es\/wordpress\/#organization","name":"UGT Comunicaciones","url":"https:\/\/www.ugtcomunicaciones.es\/wordpress\/","logo":{"@type":"ImageObject","inLanguage":"es","@id":"https:\/\/www.ugtcomunicaciones.es\/wordpress\/#\/schema\/logo\/image\/","url":"https:\/\/www.ugtcomunicaciones.es\/wordpress\/wp-content\/uploads\/2024\/04\/comunicaciones_logo.png","contentUrl":"https:\/\/www.ugtcomunicaciones.es\/wordpress\/wp-content\/uploads\/2024\/04\/comunicaciones_logo.png","width":298,"height":81,"caption":"UGT Comunicaciones"},"image":{"@id":"https:\/\/www.ugtcomunicaciones.es\/wordpress\/#\/schema\/logo\/image\/"},"sameAs":["https:\/\/www.facebook.com\/ugt.comunicaciones\/","https:\/\/x.com\/ugtcom"]},{"@type":"Person","@id":"https:\/\/www.ugtcomunicaciones.es\/wordpress\/#\/schema\/person\/eba0fc3fe5b444531d94d4368cba89ed","name":"UGT","image":{"@type":"ImageObject","inLanguage":"es","@id":"https:\/\/secure.gravatar.com\/avatar\/2a16057d620a4c646bcfc171c4f23030879ebbdd346f0525bd5d4a564e57e13d?s=96&d=mm&r=g","url":"https:\/\/secure.gravatar.com\/avatar\/2a16057d620a4c646bcfc171c4f23030879ebbdd346f0525bd5d4a564e57e13d?s=96&d=mm&r=g","contentUrl":"https:\/\/secure.gravatar.com\/avatar\/2a16057d620a4c646bcfc171c4f23030879ebbdd346f0525bd5d4a564e57e13d?s=96&d=mm&r=g","caption":"UGT"}}]}},"_links":{"self":[{"href":"https:\/\/www.ugtcomunicaciones.es\/wordpress\/wp-json\/wp\/v2\/posts\/551675","targetHints":{"allow":["GET"]}}],"collection":[{"href":"https:\/\/www.ugtcomunicaciones.es\/wordpress\/wp-json\/wp\/v2\/posts"}],"about":[{"href":"https:\/\/www.ugtcomunicaciones.es\/wordpress\/wp-json\/wp\/v2\/types\/post"}],"author":[{"embeddable":true,"href":"https:\/\/www.ugtcomunicaciones.es\/wordpress\/wp-json\/wp\/v2\/users\/3"}],"replies":[{"embeddable":true,"href":"https:\/\/www.ugtcomunicaciones.es\/wordpress\/wp-json\/wp\/v2\/comments?post=551675"}],"version-history":[{"count":0,"href":"https:\/\/www.ugtcomunicaciones.es\/wordpress\/wp-json\/wp\/v2\/posts\/551675\/revisions"}],"wp:featuredmedia":[{"embeddable":true,"href":"https:\/\/www.ugtcomunicaciones.es\/wordpress\/wp-json\/wp\/v2\/media\/551689"}],"wp:attachment":[{"href":"https:\/\/www.ugtcomunicaciones.es\/wordpress\/wp-json\/wp\/v2\/media?parent=551675"}],"wp:term":[{"taxonomy":"category","embeddable":true,"href":"https:\/\/www.ugtcomunicaciones.es\/wordpress\/wp-json\/wp\/v2\/categories?post=551675"},{"taxonomy":"post_tag","embeddable":true,"href":"https:\/\/www.ugtcomunicaciones.es\/wordpress\/wp-json\/wp\/v2\/tags?post=551675"}],"curies":[{"name":"wp","href":"https:\/\/api.w.org\/{rel}","templated":true}]}}