{"id":556884,"date":"2020-04-13T07:00:46","date_gmt":"2020-04-13T06:00:46","guid":{"rendered":"http:\/\/ugtcomunicaciones.es\/wordpress\/?p=556884"},"modified":"2020-04-08T09:44:22","modified_gmt":"2020-04-08T08:44:22","slug":"india-explora-imponer-precios-minimos-en-las-telecomunicaciones","status":"publish","type":"post","link":"https:\/\/www.ugtcomunicaciones.es\/wordpress\/india-explora-imponer-precios-minimos-en-las-telecomunicaciones\/","title":{"rendered":"India explora imponer precios m\u00ednimos en las telecomunicaciones"},"content":{"rendered":"<p style=\"text-align: justify;\">India representa el perfecto paradigma de c\u00f3mo una desmedida competencia sobre precios puede llevar a nuestro sector a la insostenibilidad y casi la quiebra<sup class=\"modern-footnotes-footnote \" data-mfn=\"1\" data-mfn-post-scope=\"000000000000413c0000000000000000_556884\"><a href=\"javascript:void(0)\"  role=\"button\" aria-pressed=\"false\" aria-describedby=\"mfn-content-000000000000413c0000000000000000_556884-1\">1<\/a><\/sup><span id=\"mfn-content-000000000000413c0000000000000000_556884-1\" role=\"tooltip\" class=\"modern-footnotes-footnote__note\" tabindex=\"0\" data-mfn=\"1\"><a href=\"https:\/\/www.telecompaper.com\/news\/india-delays-bill-and-keep-system-to-2021-to-consider-telecom-price-floor--1320275\" target=\"_blank\" rel=\"noopener noreferrer\">https:\/\/www.telecompaper.com\/news\/india-delays-bill-and-keep-system-to-2021-to-consider-telecom-price-floor&#8211;1320275<\/a><\/span>.<\/p>\n<p style=\"text-align: justify;\">Una regulaci\u00f3n \u00fanicamente enfocada en la permanente y exagerada reducci\u00f3n de precios ha llevado a las operadoras sitas en el pa\u00eds asi\u00e1tico hasta la extenuaci\u00f3n financiera y competitiva. Es tal la crisis que se vive en el segmento m\u00f3vil que India est\u00e1 catalogada como una suerte de \u201csalvaje oeste\u201d en t\u00e9rminos competitivos<sup class=\"modern-footnotes-footnote \" data-mfn=\"2\" data-mfn-post-scope=\"000000000000413c0000000000000000_556884\"><a href=\"javascript:void(0)\"  role=\"button\" aria-pressed=\"false\" aria-describedby=\"mfn-content-000000000000413c0000000000000000_556884-2\">2<\/a><\/sup><span id=\"mfn-content-000000000000413c0000000000000000_556884-2\" role=\"tooltip\" class=\"modern-footnotes-footnote__note\" tabindex=\"0\" data-mfn=\"2\"><a href=\"https:\/\/telecoms.com\/501472\/india-explores-minimum-prices-for-telcos\/\" target=\"_blank\" rel=\"noopener noreferrer\">https:\/\/telecoms.com\/501472\/india-explores-minimum-prices-for-telcos\/<\/a><\/span>, generando r\u00e9cords mundiales en despidos<sup class=\"modern-footnotes-footnote \" data-mfn=\"3\" data-mfn-post-scope=\"000000000000413c0000000000000000_556884\"><a href=\"javascript:void(0)\"  role=\"button\" aria-pressed=\"false\" aria-describedby=\"mfn-content-000000000000413c0000000000000000_556884-3\">3<\/a><\/sup><span id=\"mfn-content-000000000000413c0000000000000000_556884-3\" role=\"tooltip\" class=\"modern-footnotes-footnote__note\" tabindex=\"0\" data-mfn=\"3\"><a href=\"http:\/\/ugtcomunicaciones.es\/wordpress\/record-absoluto-80-000-despidos-en-bsnl-india\/\" target=\"_blank\" rel=\"noopener noreferrer\">http:\/\/ugtcomunicaciones.es\/wordpress\/record-absoluto-80-000-despidos-en-bsnl-india\/<\/a>; <a href=\"http:\/\/ugtcomunicaciones.es\/wordpress\/huelga-la-operadora-india-bsnl\/\" target=\"_blank\" rel=\"noopener noreferrer\">http:\/\/ugtcomunicaciones.es\/wordpress\/huelga-la-operadora-india-bsnl\/<\/a><\/span>. Incluso Vodafone ha planteado irse del pa\u00eds ante la gravedad de los hechos<sup class=\"modern-footnotes-footnote \" data-mfn=\"4\" data-mfn-post-scope=\"000000000000413c0000000000000000_556884\"><a href=\"javascript:void(0)\"  role=\"button\" aria-pressed=\"false\" aria-describedby=\"mfn-content-000000000000413c0000000000000000_556884-4\">4<\/a><\/sup><span id=\"mfn-content-000000000000413c0000000000000000_556884-4\" role=\"tooltip\" class=\"modern-footnotes-footnote__note\" tabindex=\"0\" data-mfn=\"4\"><a href=\"https:\/\/www.lightreading.com\/asia-pacific\/can-vodafone-idea-survive-in-india\/d\/d-id\/757150?_mc=RSS_LR_EDT\" target=\"_blank\" rel=\"noopener noreferrer\">https:\/\/www.lightreading.com\/asia-pacific\/can-vodafone-idea-survive-in-india\/d\/d-id\/757150;<\/a> <a href=\"https:\/\/economictimes.indiatimes.com\/industry\/telecom\/telecom-news\/vodafones-future-in-india-in-doubt-after-latest-setback\/articleshow\/72021843.cms\" target=\"_blank\" rel=\"noopener noreferrer\">https:\/\/economictimes.indiatimes.com\/industry\/telecom\/telecom-news\/vodafones-future-in-india-in-doubt-after-latest-setback\/articleshow\/72021843.cms<\/a>\u00a0 <\/span>.<\/p>\n<p style=\"text-align: justify;\">La situaci\u00f3n ha llegado al l\u00edmite cuando se puesto sobre la mesa el futuro despliegue del 5G. Los principales operadores de pa\u00eds han rehusado comenzar planes de implantaci\u00f3n ante los m\u00ednimos m\u00e1rgenes que se recogieron con el 4G, lo que ha disparado todas las alarmas en el regulador local, TRAI<sup class=\"modern-footnotes-footnote \" data-mfn=\"5\" data-mfn-post-scope=\"000000000000413c0000000000000000_556884\"><a href=\"javascript:void(0)\"  role=\"button\" aria-pressed=\"false\" aria-describedby=\"mfn-content-000000000000413c0000000000000000_556884-5\">5<\/a><\/sup><span id=\"mfn-content-000000000000413c0000000000000000_556884-5\" role=\"tooltip\" class=\"modern-footnotes-footnote__note\" tabindex=\"0\" data-mfn=\"5\"><a href=\"https:\/\/main.trai.gov.in\" target=\"_blank\" rel=\"noopener noreferrer\">https:\/\/main.trai.gov.in<\/a>\/<\/span>.<\/p>\n<p style=\"text-align: justify;\">Por ello, ha puesto en marcha una consulta p\u00fablica<sup class=\"modern-footnotes-footnote \" data-mfn=\"6\" data-mfn-post-scope=\"000000000000413c0000000000000000_556884\"><a href=\"javascript:void(0)\"  role=\"button\" aria-pressed=\"false\" aria-describedby=\"mfn-content-000000000000413c0000000000000000_556884-6\">6<\/a><\/sup><span id=\"mfn-content-000000000000413c0000000000000000_556884-6\" role=\"tooltip\" class=\"modern-footnotes-footnote__note\" tabindex=\"0\" data-mfn=\"6\"><a href=\"https:\/\/main.trai.gov.in\/notifications\/press-release\/trai-issues-consultation-paper-tariff-issues-telecom-services\" target=\"_blank\" rel=\"noopener noreferrer\">https:\/\/main.trai.gov.in\/notifications\/press-release\/trai-issues-consultation-paper-tariff-issues-telecom-services<\/a><\/span> que busca \u201c\u00bbasegurarse de que el sector de telecomunicaciones se mantenga saludable y que su crecimiento ordenado sea igualmente importante\u201d, pregunt\u00e1ndose si es necesario \u201cestablecer un precio m\u00ednimo para las tarifas<sup class=\"modern-footnotes-footnote \" data-mfn=\"7\" data-mfn-post-scope=\"000000000000413c0000000000000000_556884\"><a href=\"javascript:void(0)\"  role=\"button\" aria-pressed=\"false\" aria-describedby=\"mfn-content-000000000000413c0000000000000000_556884-7\">7<\/a><\/sup><span id=\"mfn-content-000000000000413c0000000000000000_556884-7\" role=\"tooltip\" class=\"modern-footnotes-footnote__note\" tabindex=\"0\" data-mfn=\"7\"><a href=\"https:\/\/www.developingtelecoms.com\/telecom-business\/telecom-regulation\/9059-trai-opens-consultation-on-minimum-price-levels.html\" target=\"_blank\" rel=\"noopener noreferrer\">https:\/\/www.developingtelecoms.com\/telecom-business\/telecom-regulation\/9059-trai-opens-consultation-on-minimum-price-levels.html<\/a><\/span>\u201d.<\/p>\n<p style=\"text-align: justify;\">Otra prueba m\u00e1s, por si no hubiese ya pocas en Europa y Espa\u00f1a, de que una desmedida competencias sobre precios no trae m\u00e1s que perjuicios a medio y largo plazo. O como dice el propio regulador indio, una mala regulaci\u00f3n puede causar \u00abineficiencias econ\u00f3micas, da\u00f1os al consumidor, distorsiones del mercado y reducci\u00f3n de la innovaci\u00f3n\u00bb.<\/p>\n<h5 style=\"text-align: right;\"><strong>UGT<\/strong><strong> Comunicaciones<br \/>\nSector Estatal<\/strong><\/h5>\n<p><a href=\"#_ftnref3\" name=\"_ftn3\"><\/a><a href=\"#_ftnref5\" name=\"_ftn5\"><\/a><\/p>\n","protected":false},"excerpt":{"rendered":"<p>India representa el perfecto paradigma de c\u00f3mo una desmedida competencia sobre precios puede llevar a nuestro sector a la insostenibilidad y casi la quiebra. Una regulaci\u00f3n \u00fanicamente enfocada en la permanente y exagerada reducci\u00f3n de precios ha llevado a las operadoras sitas en el pa\u00eds asi\u00e1tico hasta la extenuaci\u00f3n financiera y competitiva. Es tal la [&hellip;]<\/p>\n","protected":false},"author":3,"featured_media":556899,"comment_status":"closed","ping_status":"closed","sticky":false,"template":"","format":"standard","meta":{"footnotes":""},"categories":[15,12],"tags":[],"class_list":["post-556884","post","type-post","status-publish","format-standard","has-post-thumbnail","hentry","category-competencia","category-regulacion"],"yoast_head":"<!-- This site is optimized with the Yoast SEO Premium plugin v27.3 (Yoast SEO v27.4) - https:\/\/yoast.com\/product\/yoast-seo-premium-wordpress\/ -->\n<title>India explora imponer precios m\u00ednimos en las telecomunicaciones - UGT Comunicaciones<\/title>\n<meta name=\"robots\" content=\"index, follow, max-snippet:-1, max-image-preview:large, max-video-preview:-1\" \/>\n<link rel=\"canonical\" href=\"https:\/\/www.ugtcomunicaciones.es\/wordpress\/india-explora-imponer-precios-minimos-en-las-telecomunicaciones\/\" \/>\n<meta property=\"og:locale\" content=\"es_ES\" \/>\n<meta property=\"og:type\" content=\"article\" \/>\n<meta property=\"og:title\" content=\"India explora imponer precios m\u00ednimos en las telecomunicaciones\" \/>\n<meta property=\"og:description\" content=\"India representa el perfecto paradigma de c\u00f3mo una desmedida competencia sobre precios puede llevar a nuestro sector a la insostenibilidad y casi la quiebra. Una regulaci\u00f3n \u00fanicamente enfocada en la permanente y exagerada reducci\u00f3n de precios ha llevado a las operadoras sitas en el pa\u00eds asi\u00e1tico hasta la extenuaci\u00f3n financiera y competitiva. Es tal la [&hellip;]\" \/>\n<meta property=\"og:url\" content=\"https:\/\/www.ugtcomunicaciones.es\/wordpress\/india-explora-imponer-precios-minimos-en-las-telecomunicaciones\/\" \/>\n<meta property=\"og:site_name\" content=\"UGT Comunicaciones\" \/>\n<meta property=\"article:publisher\" content=\"https:\/\/www.facebook.com\/ugt.comunicaciones\/\" \/>\n<meta property=\"article:published_time\" content=\"2020-04-13T06:00:46+00:00\" \/>\n<meta property=\"og:image\" content=\"https:\/\/www.ugtcomunicaciones.es\/wordpress\/wp-content\/uploads\/2020\/04\/india-portada-13-04-2020.jpg\" \/>\n\t<meta property=\"og:image:width\" content=\"600\" \/>\n\t<meta property=\"og:image:height\" content=\"232\" \/>\n\t<meta property=\"og:image:type\" content=\"image\/jpeg\" \/>\n<meta name=\"author\" content=\"UGT\" \/>\n<meta name=\"twitter:card\" content=\"summary_large_image\" \/>\n<meta name=\"twitter:creator\" content=\"@ugtcom\" \/>\n<meta name=\"twitter:site\" content=\"@ugtcom\" \/>\n<meta name=\"twitter:label1\" content=\"Escrito por\" \/>\n\t<meta name=\"twitter:data1\" content=\"UGT\" \/>\n\t<meta name=\"twitter:label2\" content=\"Tiempo de lectura\" \/>\n\t<meta name=\"twitter:data2\" content=\"2 minutos\" \/>\n<script type=\"application\/ld+json\" class=\"yoast-schema-graph\">{\"@context\":\"https:\\\/\\\/schema.org\",\"@graph\":[{\"@type\":\"Article\",\"@id\":\"https:\\\/\\\/www.ugtcomunicaciones.es\\\/wordpress\\\/india-explora-imponer-precios-minimos-en-las-telecomunicaciones\\\/#article\",\"isPartOf\":{\"@id\":\"https:\\\/\\\/www.ugtcomunicaciones.es\\\/wordpress\\\/india-explora-imponer-precios-minimos-en-las-telecomunicaciones\\\/\"},\"author\":{\"name\":\"UGT\",\"@id\":\"https:\\\/\\\/www.ugtcomunicaciones.es\\\/wordpress\\\/#\\\/schema\\\/person\\\/eba0fc3fe5b444531d94d4368cba89ed\"},\"headline\":\"India explora imponer precios m\u00ednimos en las telecomunicaciones\",\"datePublished\":\"2020-04-13T06:00:46+00:00\",\"mainEntityOfPage\":{\"@id\":\"https:\\\/\\\/www.ugtcomunicaciones.es\\\/wordpress\\\/india-explora-imponer-precios-minimos-en-las-telecomunicaciones\\\/\"},\"wordCount\":355,\"publisher\":{\"@id\":\"https:\\\/\\\/www.ugtcomunicaciones.es\\\/wordpress\\\/#organization\"},\"image\":{\"@id\":\"https:\\\/\\\/www.ugtcomunicaciones.es\\\/wordpress\\\/india-explora-imponer-precios-minimos-en-las-telecomunicaciones\\\/#primaryimage\"},\"thumbnailUrl\":\"https:\\\/\\\/www.ugtcomunicaciones.es\\\/wordpress\\\/wp-content\\\/uploads\\\/2020\\\/04\\\/india-portada-13-04-2020.jpg\",\"articleSection\":[\"Competencia\",\"Regulaci\u00f3n\"],\"inLanguage\":\"es\"},{\"@type\":\"WebPage\",\"@id\":\"https:\\\/\\\/www.ugtcomunicaciones.es\\\/wordpress\\\/india-explora-imponer-precios-minimos-en-las-telecomunicaciones\\\/\",\"url\":\"https:\\\/\\\/www.ugtcomunicaciones.es\\\/wordpress\\\/india-explora-imponer-precios-minimos-en-las-telecomunicaciones\\\/\",\"name\":\"India explora imponer precios m\u00ednimos en las telecomunicaciones - UGT Comunicaciones\",\"isPartOf\":{\"@id\":\"https:\\\/\\\/www.ugtcomunicaciones.es\\\/wordpress\\\/#website\"},\"primaryImageOfPage\":{\"@id\":\"https:\\\/\\\/www.ugtcomunicaciones.es\\\/wordpress\\\/india-explora-imponer-precios-minimos-en-las-telecomunicaciones\\\/#primaryimage\"},\"image\":{\"@id\":\"https:\\\/\\\/www.ugtcomunicaciones.es\\\/wordpress\\\/india-explora-imponer-precios-minimos-en-las-telecomunicaciones\\\/#primaryimage\"},\"thumbnailUrl\":\"https:\\\/\\\/www.ugtcomunicaciones.es\\\/wordpress\\\/wp-content\\\/uploads\\\/2020\\\/04\\\/india-portada-13-04-2020.jpg\",\"datePublished\":\"2020-04-13T06:00:46+00:00\",\"breadcrumb\":{\"@id\":\"https:\\\/\\\/www.ugtcomunicaciones.es\\\/wordpress\\\/india-explora-imponer-precios-minimos-en-las-telecomunicaciones\\\/#breadcrumb\"},\"inLanguage\":\"es\",\"potentialAction\":[{\"@type\":\"ReadAction\",\"target\":[\"https:\\\/\\\/www.ugtcomunicaciones.es\\\/wordpress\\\/india-explora-imponer-precios-minimos-en-las-telecomunicaciones\\\/\"]}]},{\"@type\":\"ImageObject\",\"inLanguage\":\"es\",\"@id\":\"https:\\\/\\\/www.ugtcomunicaciones.es\\\/wordpress\\\/india-explora-imponer-precios-minimos-en-las-telecomunicaciones\\\/#primaryimage\",\"url\":\"https:\\\/\\\/www.ugtcomunicaciones.es\\\/wordpress\\\/wp-content\\\/uploads\\\/2020\\\/04\\\/india-portada-13-04-2020.jpg\",\"contentUrl\":\"https:\\\/\\\/www.ugtcomunicaciones.es\\\/wordpress\\\/wp-content\\\/uploads\\\/2020\\\/04\\\/india-portada-13-04-2020.jpg\",\"width\":600,\"height\":232,\"caption\":\"india-portada-13-04-2020\"},{\"@type\":\"BreadcrumbList\",\"@id\":\"https:\\\/\\\/www.ugtcomunicaciones.es\\\/wordpress\\\/india-explora-imponer-precios-minimos-en-las-telecomunicaciones\\\/#breadcrumb\",\"itemListElement\":[{\"@type\":\"ListItem\",\"position\":1,\"name\":\"Portada\",\"item\":\"https:\\\/\\\/www.ugtcomunicaciones.es\\\/wordpress\\\/\"},{\"@type\":\"ListItem\",\"position\":2,\"name\":\"India explora imponer precios m\u00ednimos en las telecomunicaciones\"}]},{\"@type\":\"WebSite\",\"@id\":\"https:\\\/\\\/www.ugtcomunicaciones.es\\\/wordpress\\\/#website\",\"url\":\"https:\\\/\\\/www.ugtcomunicaciones.es\\\/wordpress\\\/\",\"name\":\"UGT Comunicaciones\",\"description\":\"Sindicato de Telecomunicaciones\",\"publisher\":{\"@id\":\"https:\\\/\\\/www.ugtcomunicaciones.es\\\/wordpress\\\/#organization\"},\"potentialAction\":[{\"@type\":\"SearchAction\",\"target\":{\"@type\":\"EntryPoint\",\"urlTemplate\":\"https:\\\/\\\/www.ugtcomunicaciones.es\\\/wordpress\\\/?s={search_term_string}\"},\"query-input\":{\"@type\":\"PropertyValueSpecification\",\"valueRequired\":true,\"valueName\":\"search_term_string\"}}],\"inLanguage\":\"es\"},{\"@type\":\"Organization\",\"@id\":\"https:\\\/\\\/www.ugtcomunicaciones.es\\\/wordpress\\\/#organization\",\"name\":\"UGT Comunicaciones\",\"url\":\"https:\\\/\\\/www.ugtcomunicaciones.es\\\/wordpress\\\/\",\"logo\":{\"@type\":\"ImageObject\",\"inLanguage\":\"es\",\"@id\":\"https:\\\/\\\/www.ugtcomunicaciones.es\\\/wordpress\\\/#\\\/schema\\\/logo\\\/image\\\/\",\"url\":\"https:\\\/\\\/www.ugtcomunicaciones.es\\\/wordpress\\\/wp-content\\\/uploads\\\/2024\\\/04\\\/comunicaciones_logo.png\",\"contentUrl\":\"https:\\\/\\\/www.ugtcomunicaciones.es\\\/wordpress\\\/wp-content\\\/uploads\\\/2024\\\/04\\\/comunicaciones_logo.png\",\"width\":298,\"height\":81,\"caption\":\"UGT Comunicaciones\"},\"image\":{\"@id\":\"https:\\\/\\\/www.ugtcomunicaciones.es\\\/wordpress\\\/#\\\/schema\\\/logo\\\/image\\\/\"},\"sameAs\":[\"https:\\\/\\\/www.facebook.com\\\/ugt.comunicaciones\\\/\",\"https:\\\/\\\/x.com\\\/ugtcom\"]},{\"@type\":\"Person\",\"@id\":\"https:\\\/\\\/www.ugtcomunicaciones.es\\\/wordpress\\\/#\\\/schema\\\/person\\\/eba0fc3fe5b444531d94d4368cba89ed\",\"name\":\"UGT\",\"image\":{\"@type\":\"ImageObject\",\"inLanguage\":\"es\",\"@id\":\"https:\\\/\\\/secure.gravatar.com\\\/avatar\\\/2a16057d620a4c646bcfc171c4f23030879ebbdd346f0525bd5d4a564e57e13d?s=96&d=mm&r=g\",\"url\":\"https:\\\/\\\/secure.gravatar.com\\\/avatar\\\/2a16057d620a4c646bcfc171c4f23030879ebbdd346f0525bd5d4a564e57e13d?s=96&d=mm&r=g\",\"contentUrl\":\"https:\\\/\\\/secure.gravatar.com\\\/avatar\\\/2a16057d620a4c646bcfc171c4f23030879ebbdd346f0525bd5d4a564e57e13d?s=96&d=mm&r=g\",\"caption\":\"UGT\"}}]}<\/script>\n<!-- \/ Yoast SEO Premium plugin. -->","yoast_head_json":{"title":"India explora imponer precios m\u00ednimos en las telecomunicaciones - UGT Comunicaciones","robots":{"index":"index","follow":"follow","max-snippet":"max-snippet:-1","max-image-preview":"max-image-preview:large","max-video-preview":"max-video-preview:-1"},"canonical":"https:\/\/www.ugtcomunicaciones.es\/wordpress\/india-explora-imponer-precios-minimos-en-las-telecomunicaciones\/","og_locale":"es_ES","og_type":"article","og_title":"India explora imponer precios m\u00ednimos en las telecomunicaciones","og_description":"India representa el perfecto paradigma de c\u00f3mo una desmedida competencia sobre precios puede llevar a nuestro sector a la insostenibilidad y casi la quiebra. Una regulaci\u00f3n \u00fanicamente enfocada en la permanente y exagerada reducci\u00f3n de precios ha llevado a las operadoras sitas en el pa\u00eds asi\u00e1tico hasta la extenuaci\u00f3n financiera y competitiva. Es tal la [&hellip;]","og_url":"https:\/\/www.ugtcomunicaciones.es\/wordpress\/india-explora-imponer-precios-minimos-en-las-telecomunicaciones\/","og_site_name":"UGT Comunicaciones","article_publisher":"https:\/\/www.facebook.com\/ugt.comunicaciones\/","article_published_time":"2020-04-13T06:00:46+00:00","og_image":[{"width":600,"height":232,"url":"https:\/\/www.ugtcomunicaciones.es\/wordpress\/wp-content\/uploads\/2020\/04\/india-portada-13-04-2020.jpg","type":"image\/jpeg"}],"author":"UGT","twitter_card":"summary_large_image","twitter_creator":"@ugtcom","twitter_site":"@ugtcom","twitter_misc":{"Escrito por":"UGT","Tiempo de lectura":"2 minutos"},"schema":{"@context":"https:\/\/schema.org","@graph":[{"@type":"Article","@id":"https:\/\/www.ugtcomunicaciones.es\/wordpress\/india-explora-imponer-precios-minimos-en-las-telecomunicaciones\/#article","isPartOf":{"@id":"https:\/\/www.ugtcomunicaciones.es\/wordpress\/india-explora-imponer-precios-minimos-en-las-telecomunicaciones\/"},"author":{"name":"UGT","@id":"https:\/\/www.ugtcomunicaciones.es\/wordpress\/#\/schema\/person\/eba0fc3fe5b444531d94d4368cba89ed"},"headline":"India explora imponer precios m\u00ednimos en las telecomunicaciones","datePublished":"2020-04-13T06:00:46+00:00","mainEntityOfPage":{"@id":"https:\/\/www.ugtcomunicaciones.es\/wordpress\/india-explora-imponer-precios-minimos-en-las-telecomunicaciones\/"},"wordCount":355,"publisher":{"@id":"https:\/\/www.ugtcomunicaciones.es\/wordpress\/#organization"},"image":{"@id":"https:\/\/www.ugtcomunicaciones.es\/wordpress\/india-explora-imponer-precios-minimos-en-las-telecomunicaciones\/#primaryimage"},"thumbnailUrl":"https:\/\/www.ugtcomunicaciones.es\/wordpress\/wp-content\/uploads\/2020\/04\/india-portada-13-04-2020.jpg","articleSection":["Competencia","Regulaci\u00f3n"],"inLanguage":"es"},{"@type":"WebPage","@id":"https:\/\/www.ugtcomunicaciones.es\/wordpress\/india-explora-imponer-precios-minimos-en-las-telecomunicaciones\/","url":"https:\/\/www.ugtcomunicaciones.es\/wordpress\/india-explora-imponer-precios-minimos-en-las-telecomunicaciones\/","name":"India explora imponer precios m\u00ednimos en las telecomunicaciones - UGT Comunicaciones","isPartOf":{"@id":"https:\/\/www.ugtcomunicaciones.es\/wordpress\/#website"},"primaryImageOfPage":{"@id":"https:\/\/www.ugtcomunicaciones.es\/wordpress\/india-explora-imponer-precios-minimos-en-las-telecomunicaciones\/#primaryimage"},"image":{"@id":"https:\/\/www.ugtcomunicaciones.es\/wordpress\/india-explora-imponer-precios-minimos-en-las-telecomunicaciones\/#primaryimage"},"thumbnailUrl":"https:\/\/www.ugtcomunicaciones.es\/wordpress\/wp-content\/uploads\/2020\/04\/india-portada-13-04-2020.jpg","datePublished":"2020-04-13T06:00:46+00:00","breadcrumb":{"@id":"https:\/\/www.ugtcomunicaciones.es\/wordpress\/india-explora-imponer-precios-minimos-en-las-telecomunicaciones\/#breadcrumb"},"inLanguage":"es","potentialAction":[{"@type":"ReadAction","target":["https:\/\/www.ugtcomunicaciones.es\/wordpress\/india-explora-imponer-precios-minimos-en-las-telecomunicaciones\/"]}]},{"@type":"ImageObject","inLanguage":"es","@id":"https:\/\/www.ugtcomunicaciones.es\/wordpress\/india-explora-imponer-precios-minimos-en-las-telecomunicaciones\/#primaryimage","url":"https:\/\/www.ugtcomunicaciones.es\/wordpress\/wp-content\/uploads\/2020\/04\/india-portada-13-04-2020.jpg","contentUrl":"https:\/\/www.ugtcomunicaciones.es\/wordpress\/wp-content\/uploads\/2020\/04\/india-portada-13-04-2020.jpg","width":600,"height":232,"caption":"india-portada-13-04-2020"},{"@type":"BreadcrumbList","@id":"https:\/\/www.ugtcomunicaciones.es\/wordpress\/india-explora-imponer-precios-minimos-en-las-telecomunicaciones\/#breadcrumb","itemListElement":[{"@type":"ListItem","position":1,"name":"Portada","item":"https:\/\/www.ugtcomunicaciones.es\/wordpress\/"},{"@type":"ListItem","position":2,"name":"India explora imponer precios m\u00ednimos en las telecomunicaciones"}]},{"@type":"WebSite","@id":"https:\/\/www.ugtcomunicaciones.es\/wordpress\/#website","url":"https:\/\/www.ugtcomunicaciones.es\/wordpress\/","name":"UGT Comunicaciones","description":"Sindicato de Telecomunicaciones","publisher":{"@id":"https:\/\/www.ugtcomunicaciones.es\/wordpress\/#organization"},"potentialAction":[{"@type":"SearchAction","target":{"@type":"EntryPoint","urlTemplate":"https:\/\/www.ugtcomunicaciones.es\/wordpress\/?s={search_term_string}"},"query-input":{"@type":"PropertyValueSpecification","valueRequired":true,"valueName":"search_term_string"}}],"inLanguage":"es"},{"@type":"Organization","@id":"https:\/\/www.ugtcomunicaciones.es\/wordpress\/#organization","name":"UGT Comunicaciones","url":"https:\/\/www.ugtcomunicaciones.es\/wordpress\/","logo":{"@type":"ImageObject","inLanguage":"es","@id":"https:\/\/www.ugtcomunicaciones.es\/wordpress\/#\/schema\/logo\/image\/","url":"https:\/\/www.ugtcomunicaciones.es\/wordpress\/wp-content\/uploads\/2024\/04\/comunicaciones_logo.png","contentUrl":"https:\/\/www.ugtcomunicaciones.es\/wordpress\/wp-content\/uploads\/2024\/04\/comunicaciones_logo.png","width":298,"height":81,"caption":"UGT Comunicaciones"},"image":{"@id":"https:\/\/www.ugtcomunicaciones.es\/wordpress\/#\/schema\/logo\/image\/"},"sameAs":["https:\/\/www.facebook.com\/ugt.comunicaciones\/","https:\/\/x.com\/ugtcom"]},{"@type":"Person","@id":"https:\/\/www.ugtcomunicaciones.es\/wordpress\/#\/schema\/person\/eba0fc3fe5b444531d94d4368cba89ed","name":"UGT","image":{"@type":"ImageObject","inLanguage":"es","@id":"https:\/\/secure.gravatar.com\/avatar\/2a16057d620a4c646bcfc171c4f23030879ebbdd346f0525bd5d4a564e57e13d?s=96&d=mm&r=g","url":"https:\/\/secure.gravatar.com\/avatar\/2a16057d620a4c646bcfc171c4f23030879ebbdd346f0525bd5d4a564e57e13d?s=96&d=mm&r=g","contentUrl":"https:\/\/secure.gravatar.com\/avatar\/2a16057d620a4c646bcfc171c4f23030879ebbdd346f0525bd5d4a564e57e13d?s=96&d=mm&r=g","caption":"UGT"}}]}},"_links":{"self":[{"href":"https:\/\/www.ugtcomunicaciones.es\/wordpress\/wp-json\/wp\/v2\/posts\/556884","targetHints":{"allow":["GET"]}}],"collection":[{"href":"https:\/\/www.ugtcomunicaciones.es\/wordpress\/wp-json\/wp\/v2\/posts"}],"about":[{"href":"https:\/\/www.ugtcomunicaciones.es\/wordpress\/wp-json\/wp\/v2\/types\/post"}],"author":[{"embeddable":true,"href":"https:\/\/www.ugtcomunicaciones.es\/wordpress\/wp-json\/wp\/v2\/users\/3"}],"replies":[{"embeddable":true,"href":"https:\/\/www.ugtcomunicaciones.es\/wordpress\/wp-json\/wp\/v2\/comments?post=556884"}],"version-history":[{"count":0,"href":"https:\/\/www.ugtcomunicaciones.es\/wordpress\/wp-json\/wp\/v2\/posts\/556884\/revisions"}],"wp:featuredmedia":[{"embeddable":true,"href":"https:\/\/www.ugtcomunicaciones.es\/wordpress\/wp-json\/wp\/v2\/media\/556899"}],"wp:attachment":[{"href":"https:\/\/www.ugtcomunicaciones.es\/wordpress\/wp-json\/wp\/v2\/media?parent=556884"}],"wp:term":[{"taxonomy":"category","embeddable":true,"href":"https:\/\/www.ugtcomunicaciones.es\/wordpress\/wp-json\/wp\/v2\/categories?post=556884"},{"taxonomy":"post_tag","embeddable":true,"href":"https:\/\/www.ugtcomunicaciones.es\/wordpress\/wp-json\/wp\/v2\/tags?post=556884"}],"curies":[{"name":"wp","href":"https:\/\/api.w.org\/{rel}","templated":true}]}}