{"id":55924,"date":"2017-11-13T08:00:17","date_gmt":"2017-11-13T06:00:17","guid":{"rendered":"http:\/\/ugtcomunicaciones.es\/wordpress\/?p=55924"},"modified":"2017-11-14T12:18:53","modified_gmt":"2017-11-14T10:18:53","slug":"espana-las-tic-ine-2017","status":"publish","type":"post","link":"https:\/\/www.ugtcomunicaciones.es\/wordpress\/espana-las-tic-ine-2017\/","title":{"rendered":"Espa\u00f1a y las TIC, INE 2017"},"content":{"rendered":"<p style=\"text-align: justify;\">Siguiendo la serie de reportes peri\u00f3dicos sobre el comportamiento, los usos y la penetraci\u00f3n de las TIC en los hogares y entre los espa\u00f1oles\/as que venimos realizando<a href=\"#_ftn1\" name=\"_ftnref1\">[1]<\/a>, en esta ocasi\u00f3n en base a la \u00faltima publicaci\u00f3n del INE (Encuesta sobre equipamiento y uso de tecnolog\u00edas de informaci\u00f3n y comunicaci\u00f3n en los hogares<a href=\"#_ftn2\" name=\"_ftnref2\">[2]<\/a>), correspondientes al a\u00f1o 2017.<\/p>\n<p style=\"text-align: justify;\">Los dos indicadores m\u00e1s relevantes son los referidos a Individuos que usan Ordenador, Internet y a Hogares conectados a Internet, puesto que determinan la salud de las TIC dentro de un pa\u00eds. Ambos valores no han parado de incrementarse desde que se iniciaron esta serie de estad\u00edsticas \u20132006-. En cuanto al n\u00famero de internautas, la cifra pr\u00e1cticamente se ha doblado:<\/p>\n<p><img decoding=\"async\" class=\"size-full wp-image-55935 aligncenter lazyload\" data-src=\"http:\/\/ugtcomunicaciones.es\/wordpress\/wp-content\/uploads\/2017\/11\/Espa\u00f1a-las-tic-01-13-11-17.png\" alt=\"\" width=\"600\" height=\"418\" data-srcset=\"https:\/\/www.ugtcomunicaciones.es\/wordpress\/wp-content\/uploads\/2017\/11\/Espa\u00f1a-las-tic-01-13-11-17.png 600w, https:\/\/www.ugtcomunicaciones.es\/wordpress\/wp-content\/uploads\/2017\/11\/Espa\u00f1a-las-tic-01-13-11-17-300x209.png 300w\" data-sizes=\"(max-width: 600px) 100vw, 600px\" src=\"data:image\/svg+xml;base64,PHN2ZyB3aWR0aD0iMSIgaGVpZ2h0PSIxIiB4bWxucz0iaHR0cDovL3d3dy53My5vcmcvMjAwMC9zdmciPjwvc3ZnPg==\" style=\"--smush-placeholder-width: 600px; --smush-placeholder-aspect-ratio: 600\/418;\" \/><\/p>\n<p><img decoding=\"async\" class=\"size-full wp-image-55936 aligncenter lazyload\" data-src=\"http:\/\/ugtcomunicaciones.es\/wordpress\/wp-content\/uploads\/2017\/11\/Espa\u00f1a-las-tic-02-13-11-17.png\" alt=\"\" width=\"600\" height=\"360\" data-srcset=\"https:\/\/www.ugtcomunicaciones.es\/wordpress\/wp-content\/uploads\/2017\/11\/Espa\u00f1a-las-tic-02-13-11-17.png 600w, https:\/\/www.ugtcomunicaciones.es\/wordpress\/wp-content\/uploads\/2017\/11\/Espa\u00f1a-las-tic-02-13-11-17-300x180.png 300w\" data-sizes=\"(max-width: 600px) 100vw, 600px\" src=\"data:image\/svg+xml;base64,PHN2ZyB3aWR0aD0iMSIgaGVpZ2h0PSIxIiB4bWxucz0iaHR0cDovL3d3dy53My5vcmcvMjAwMC9zdmciPjwvc3ZnPg==\" style=\"--smush-placeholder-width: 600px; --smush-placeholder-aspect-ratio: 600\/360;\" \/><\/p>\n<p style=\"text-align: justify;\">No obstante, aunque es evidente la progresi\u00f3n, no puede valorarse este incremento como positivo si se compara con nuestros vecinos europeos. De hecho, aunque no existan datos europeos para el mismo periodo, las media europeas de estos indicadores son mejores que la espa\u00f1ola y Espa\u00f1a siempre se ubica en la parte media o inferior de los 28 pa\u00edses de la Uni\u00f3n. Como ya hemos advertido en m\u00faltiples ocasiones<a href=\"#_ftn3\" name=\"_ftnref3\">[3]<\/a>, Espa\u00f1a sigue presentando un inadmisible retraso en la adopci\u00f3n de Internet.<\/p>\n<p style=\"text-align: justify;\">Si acometemos el an\u00e1lisis desde un punto de vista geogr\u00e1fico, vuelve a visualizarse la Brecha Digital. As\u00ed, las personas que viven en ciudades peque\u00f1as o rurales presentan unos \u00edndices de adopci\u00f3n muy inferiores a aquellos que viven en grandes urbes en cuanto a la adopci\u00f3n de Internet: el diferencial entre las ciudades de menos de 10.000 habitantes y las de m\u00e1s de medio mill\u00f3n alcanza los 10 puntos porcentuales de diferencia:<\/p>\n<p style=\"text-align: justify;\"><img decoding=\"async\" class=\"size-full wp-image-55937 aligncenter lazyload\" data-src=\"http:\/\/ugtcomunicaciones.es\/wordpress\/wp-content\/uploads\/2017\/11\/Espa\u00f1a-las-tic-03-13-11-17.png\" alt=\"\" width=\"600\" height=\"277\" data-srcset=\"https:\/\/www.ugtcomunicaciones.es\/wordpress\/wp-content\/uploads\/2017\/11\/Espa\u00f1a-las-tic-03-13-11-17.png 600w, https:\/\/www.ugtcomunicaciones.es\/wordpress\/wp-content\/uploads\/2017\/11\/Espa\u00f1a-las-tic-03-13-11-17-300x139.png 300w\" data-sizes=\"(max-width: 600px) 100vw, 600px\" src=\"data:image\/svg+xml;base64,PHN2ZyB3aWR0aD0iMSIgaGVpZ2h0PSIxIiB4bWxucz0iaHR0cDovL3d3dy53My5vcmcvMjAwMC9zdmciPjwvc3ZnPg==\" style=\"--smush-placeholder-width: 600px; --smush-placeholder-aspect-ratio: 600\/277;\" \/><\/p>\n<p style=\"text-align: justify;\">La Brecha Digital por Edad tambi\u00e9n est\u00e1 muy presente en esta publicaci\u00f3n: el diferencial de uso de Internet entre los adolescentes (16-25 a\u00f1os) y los s\u00e9niors (+65) es de 54 puntos:<\/p>\n<p style=\"text-align: justify;\"><img decoding=\"async\" class=\"size-full wp-image-55938 aligncenter lazyload\" data-src=\"http:\/\/ugtcomunicaciones.es\/wordpress\/wp-content\/uploads\/2017\/11\/Espa\u00f1a-las-tic-04-13-11-17.png\" alt=\"\" width=\"600\" height=\"263\" data-srcset=\"https:\/\/www.ugtcomunicaciones.es\/wordpress\/wp-content\/uploads\/2017\/11\/Espa\u00f1a-las-tic-04-13-11-17.png 600w, https:\/\/www.ugtcomunicaciones.es\/wordpress\/wp-content\/uploads\/2017\/11\/Espa\u00f1a-las-tic-04-13-11-17-300x132.png 300w\" data-sizes=\"(max-width: 600px) 100vw, 600px\" src=\"data:image\/svg+xml;base64,PHN2ZyB3aWR0aD0iMSIgaGVpZ2h0PSIxIiB4bWxucz0iaHR0cDovL3d3dy53My5vcmcvMjAwMC9zdmciPjwvc3ZnPg==\" style=\"--smush-placeholder-width: 600px; --smush-placeholder-aspect-ratio: 600\/263;\" \/><\/p>\n<p style=\"text-align: justify;\">Las mejores noticias provienen de la Brecha Digital de G\u00e9nero: se ha reducido a la mitad en s\u00f3lo un a\u00f1o en t\u00e9rminos de uso de Internet, aunque debemos tener muchas reservas sobre este dato observando la tendencia de a\u00f1os precedentes:<\/p>\n<p style=\"text-align: justify;\"><img decoding=\"async\" class=\"size-full wp-image-55939 aligncenter lazyload\" data-src=\"http:\/\/ugtcomunicaciones.es\/wordpress\/wp-content\/uploads\/2017\/11\/Espa\u00f1a-las-tic-05-13-11-17.png\" alt=\"\" width=\"600\" height=\"295\" data-srcset=\"https:\/\/www.ugtcomunicaciones.es\/wordpress\/wp-content\/uploads\/2017\/11\/Espa\u00f1a-las-tic-05-13-11-17.png 600w, https:\/\/www.ugtcomunicaciones.es\/wordpress\/wp-content\/uploads\/2017\/11\/Espa\u00f1a-las-tic-05-13-11-17-300x148.png 300w\" data-sizes=\"(max-width: 600px) 100vw, 600px\" src=\"data:image\/svg+xml;base64,PHN2ZyB3aWR0aD0iMSIgaGVpZ2h0PSIxIiB4bWxucz0iaHR0cDovL3d3dy53My5vcmcvMjAwMC9zdmciPjwvc3ZnPg==\" style=\"--smush-placeholder-width: 600px; --smush-placeholder-aspect-ratio: 600\/295;\" \/><\/p>\n<p style=\"text-align: justify;\">En cuanto a la disponibilidad de equipos TIC en los hogares espa\u00f1oles, destaca la presencia de tabletas, que ya supera la mitad de los hogares:<\/p>\n<p style=\"text-align: justify;\"><img decoding=\"async\" class=\"size-full wp-image-55940 aligncenter lazyload\" data-src=\"http:\/\/ugtcomunicaciones.es\/wordpress\/wp-content\/uploads\/2017\/11\/Espa\u00f1a-las-tic-06-13-11-17.png\" alt=\"\" width=\"600\" height=\"219\" data-srcset=\"https:\/\/www.ugtcomunicaciones.es\/wordpress\/wp-content\/uploads\/2017\/11\/Espa\u00f1a-las-tic-06-13-11-17.png 600w, https:\/\/www.ugtcomunicaciones.es\/wordpress\/wp-content\/uploads\/2017\/11\/Espa\u00f1a-las-tic-06-13-11-17-300x110.png 300w\" data-sizes=\"(max-width: 600px) 100vw, 600px\" src=\"data:image\/svg+xml;base64,PHN2ZyB3aWR0aD0iMSIgaGVpZ2h0PSIxIiB4bWxucz0iaHR0cDovL3d3dy53My5vcmcvMjAwMC9zdmciPjwvc3ZnPg==\" style=\"--smush-placeholder-width: 600px; --smush-placeholder-aspect-ratio: 600\/219;\" \/><\/p>\n<p style=\"text-align: justify;\">Los espa\u00f1oles nos conectamos con bastante frecuencia a Internet; de hecho, el 81,5% lo hace varias veces al d\u00eda. Las tecnolog\u00edas que m\u00e1s se usan para conectarse a Internet son el m\u00f3vil (76,1%), la fibra \u00f3ptica y el cable (49,3%) y el ADSL (41,7).<\/p>\n<h3 style=\"text-align: right;\"><span style=\"color: #ff0000;\"><strong>UGT<\/strong><\/span><strong> Comunicaciones<\/strong><\/h3>\n<p>&nbsp;<\/p>\n<p><span style=\"font-size: xx-small;\"><a href=\"#_ftnref1\" name=\"_ftn1\">[1]<\/a> Por ejemplo: <a href=\"http:\/\/ugtcomunicaciones.es\/wordpress\/espana-las-tic-4t2016\/\" target=\"_blank\" rel=\"noopener\">http:\/\/ugtcomunicaciones.es\/wordpress\/espana-las-tic-4t2016\/<\/a><br \/>\n<a href=\"#_ftnref2\" name=\"_ftn2\">[2]<\/a> <a href=\"http:\/\/www.ine.es\/dyngs\/INEbase\/es\/operacion.htm?c=Estadistica_C&amp;cid=1254736176741&amp;menu=ultiDatos&amp;idp=1254735976608\" target=\"_blank\" rel=\"noopener\">http:\/\/www.ine.es\/dyngs\/INEbase\/es\/operacion.htm?c=Estadistica_C&amp;cid=1254736176741&amp;menu=ultiDatos&amp;idp=1254735976608<\/a><br \/>\n<a href=\"#_ftnref3\" name=\"_ftn3\">[3]<\/a> Por ejemplo: <a href=\"http:\/\/www.smcugt.org\/archivos\/elementos\/2016\/mejoramos_poco_en_inclusion_digital_.pdf\" target=\"_blank\" rel=\"noopener\">http:\/\/www.smcugt.org\/archivos\/elementos\/2016\/mejoramos_poco_en_inclusion_digital_.pdf<\/a><\/span><\/p>\n","protected":false},"excerpt":{"rendered":"<p>Siguiendo la serie de reportes peri\u00f3dicos sobre el comportamiento, los usos y la penetraci\u00f3n de las TIC en los hogares y entre los espa\u00f1oles\/as que venimos realizando[1], en esta ocasi\u00f3n en base a la \u00faltima publicaci\u00f3n del INE (Encuesta sobre equipamiento y uso de tecnolog\u00edas de informaci\u00f3n y comunicaci\u00f3n en los hogares[2]), correspondientes al a\u00f1o [&hellip;]<\/p>\n","protected":false},"author":3,"featured_media":55942,"comment_status":"closed","ping_status":"closed","sticky":false,"template":"","format":"standard","meta":{"footnotes":""},"categories":[13,12],"tags":[],"class_list":["post-55924","post","type-post","status-publish","format-standard","has-post-thumbnail","hentry","category-mercado-comunicaciones","category-regulacion"],"yoast_head":"<!-- This site is optimized with the Yoast SEO Premium plugin v27.3 (Yoast SEO v27.4) - https:\/\/yoast.com\/product\/yoast-seo-premium-wordpress\/ -->\n<title>Espa\u00f1a y las TIC, INE 2017 - UGT Comunicaciones<\/title>\n<meta name=\"robots\" content=\"index, follow, max-snippet:-1, max-image-preview:large, max-video-preview:-1\" \/>\n<link rel=\"canonical\" href=\"https:\/\/www.ugtcomunicaciones.es\/wordpress\/espana-las-tic-ine-2017\/\" \/>\n<meta property=\"og:locale\" content=\"es_ES\" \/>\n<meta property=\"og:type\" content=\"article\" \/>\n<meta property=\"og:title\" content=\"Espa\u00f1a y las TIC, INE 2017\" \/>\n<meta property=\"og:description\" content=\"Siguiendo la serie de reportes peri\u00f3dicos sobre el comportamiento, los usos y la penetraci\u00f3n de las TIC en los hogares y entre los espa\u00f1oles\/as que venimos realizando[1], en esta ocasi\u00f3n en base a la \u00faltima publicaci\u00f3n del INE (Encuesta sobre equipamiento y uso de tecnolog\u00edas de informaci\u00f3n y comunicaci\u00f3n en los hogares[2]), correspondientes al a\u00f1o [&hellip;]\" \/>\n<meta property=\"og:url\" content=\"https:\/\/www.ugtcomunicaciones.es\/wordpress\/espana-las-tic-ine-2017\/\" \/>\n<meta property=\"og:site_name\" content=\"UGT Comunicaciones\" \/>\n<meta property=\"article:publisher\" content=\"https:\/\/www.facebook.com\/ugt.comunicaciones\/\" \/>\n<meta property=\"article:published_time\" content=\"2017-11-13T06:00:17+00:00\" \/>\n<meta property=\"article:modified_time\" content=\"2017-11-14T10:18:53+00:00\" \/>\n<meta property=\"og:image\" content=\"https:\/\/www.ugtcomunicaciones.es\/wordpress\/wp-content\/uploads\/2017\/11\/espana_tecnologia.jpg\" \/>\n\t<meta property=\"og:image:width\" content=\"600\" \/>\n\t<meta property=\"og:image:height\" content=\"338\" \/>\n\t<meta property=\"og:image:type\" content=\"image\/jpeg\" \/>\n<meta name=\"author\" content=\"UGT\" \/>\n<meta name=\"twitter:card\" content=\"summary_large_image\" \/>\n<meta name=\"twitter:creator\" content=\"@ugtcom\" \/>\n<meta name=\"twitter:site\" content=\"@ugtcom\" \/>\n<meta name=\"twitter:label1\" content=\"Escrito por\" \/>\n\t<meta name=\"twitter:data1\" content=\"UGT\" \/>\n\t<meta name=\"twitter:label2\" content=\"Tiempo de lectura\" \/>\n\t<meta name=\"twitter:data2\" content=\"2 minutos\" \/>\n<script type=\"application\/ld+json\" class=\"yoast-schema-graph\">{\"@context\":\"https:\\\/\\\/schema.org\",\"@graph\":[{\"@type\":\"Article\",\"@id\":\"https:\\\/\\\/www.ugtcomunicaciones.es\\\/wordpress\\\/espana-las-tic-ine-2017\\\/#article\",\"isPartOf\":{\"@id\":\"https:\\\/\\\/www.ugtcomunicaciones.es\\\/wordpress\\\/espana-las-tic-ine-2017\\\/\"},\"author\":{\"name\":\"UGT\",\"@id\":\"https:\\\/\\\/www.ugtcomunicaciones.es\\\/wordpress\\\/#\\\/schema\\\/person\\\/eba0fc3fe5b444531d94d4368cba89ed\"},\"headline\":\"Espa\u00f1a y las TIC, INE 2017\",\"datePublished\":\"2017-11-13T06:00:17+00:00\",\"dateModified\":\"2017-11-14T10:18:53+00:00\",\"mainEntityOfPage\":{\"@id\":\"https:\\\/\\\/www.ugtcomunicaciones.es\\\/wordpress\\\/espana-las-tic-ine-2017\\\/\"},\"wordCount\":491,\"publisher\":{\"@id\":\"https:\\\/\\\/www.ugtcomunicaciones.es\\\/wordpress\\\/#organization\"},\"image\":{\"@id\":\"https:\\\/\\\/www.ugtcomunicaciones.es\\\/wordpress\\\/espana-las-tic-ine-2017\\\/#primaryimage\"},\"thumbnailUrl\":\"https:\\\/\\\/www.ugtcomunicaciones.es\\\/wordpress\\\/wp-content\\\/uploads\\\/2017\\\/11\\\/espana_tecnologia.jpg\",\"articleSection\":[\"Mercado Comunicaciones\",\"Regulaci\u00f3n\"],\"inLanguage\":\"es\"},{\"@type\":\"WebPage\",\"@id\":\"https:\\\/\\\/www.ugtcomunicaciones.es\\\/wordpress\\\/espana-las-tic-ine-2017\\\/\",\"url\":\"https:\\\/\\\/www.ugtcomunicaciones.es\\\/wordpress\\\/espana-las-tic-ine-2017\\\/\",\"name\":\"Espa\u00f1a y las TIC, INE 2017 - UGT Comunicaciones\",\"isPartOf\":{\"@id\":\"https:\\\/\\\/www.ugtcomunicaciones.es\\\/wordpress\\\/#website\"},\"primaryImageOfPage\":{\"@id\":\"https:\\\/\\\/www.ugtcomunicaciones.es\\\/wordpress\\\/espana-las-tic-ine-2017\\\/#primaryimage\"},\"image\":{\"@id\":\"https:\\\/\\\/www.ugtcomunicaciones.es\\\/wordpress\\\/espana-las-tic-ine-2017\\\/#primaryimage\"},\"thumbnailUrl\":\"https:\\\/\\\/www.ugtcomunicaciones.es\\\/wordpress\\\/wp-content\\\/uploads\\\/2017\\\/11\\\/espana_tecnologia.jpg\",\"datePublished\":\"2017-11-13T06:00:17+00:00\",\"dateModified\":\"2017-11-14T10:18:53+00:00\",\"breadcrumb\":{\"@id\":\"https:\\\/\\\/www.ugtcomunicaciones.es\\\/wordpress\\\/espana-las-tic-ine-2017\\\/#breadcrumb\"},\"inLanguage\":\"es\",\"potentialAction\":[{\"@type\":\"ReadAction\",\"target\":[\"https:\\\/\\\/www.ugtcomunicaciones.es\\\/wordpress\\\/espana-las-tic-ine-2017\\\/\"]}]},{\"@type\":\"ImageObject\",\"inLanguage\":\"es\",\"@id\":\"https:\\\/\\\/www.ugtcomunicaciones.es\\\/wordpress\\\/espana-las-tic-ine-2017\\\/#primaryimage\",\"url\":\"https:\\\/\\\/www.ugtcomunicaciones.es\\\/wordpress\\\/wp-content\\\/uploads\\\/2017\\\/11\\\/espana_tecnologia.jpg\",\"contentUrl\":\"https:\\\/\\\/www.ugtcomunicaciones.es\\\/wordpress\\\/wp-content\\\/uploads\\\/2017\\\/11\\\/espana_tecnologia.jpg\",\"width\":600,\"height\":338,\"caption\":\"espana_tecnologia\"},{\"@type\":\"BreadcrumbList\",\"@id\":\"https:\\\/\\\/www.ugtcomunicaciones.es\\\/wordpress\\\/espana-las-tic-ine-2017\\\/#breadcrumb\",\"itemListElement\":[{\"@type\":\"ListItem\",\"position\":1,\"name\":\"Portada\",\"item\":\"https:\\\/\\\/www.ugtcomunicaciones.es\\\/wordpress\\\/\"},{\"@type\":\"ListItem\",\"position\":2,\"name\":\"Espa\u00f1a y las TIC, INE 2017\"}]},{\"@type\":\"WebSite\",\"@id\":\"https:\\\/\\\/www.ugtcomunicaciones.es\\\/wordpress\\\/#website\",\"url\":\"https:\\\/\\\/www.ugtcomunicaciones.es\\\/wordpress\\\/\",\"name\":\"UGT Comunicaciones\",\"description\":\"Sindicato de Telecomunicaciones\",\"publisher\":{\"@id\":\"https:\\\/\\\/www.ugtcomunicaciones.es\\\/wordpress\\\/#organization\"},\"potentialAction\":[{\"@type\":\"SearchAction\",\"target\":{\"@type\":\"EntryPoint\",\"urlTemplate\":\"https:\\\/\\\/www.ugtcomunicaciones.es\\\/wordpress\\\/?s={search_term_string}\"},\"query-input\":{\"@type\":\"PropertyValueSpecification\",\"valueRequired\":true,\"valueName\":\"search_term_string\"}}],\"inLanguage\":\"es\"},{\"@type\":\"Organization\",\"@id\":\"https:\\\/\\\/www.ugtcomunicaciones.es\\\/wordpress\\\/#organization\",\"name\":\"UGT Comunicaciones\",\"url\":\"https:\\\/\\\/www.ugtcomunicaciones.es\\\/wordpress\\\/\",\"logo\":{\"@type\":\"ImageObject\",\"inLanguage\":\"es\",\"@id\":\"https:\\\/\\\/www.ugtcomunicaciones.es\\\/wordpress\\\/#\\\/schema\\\/logo\\\/image\\\/\",\"url\":\"https:\\\/\\\/www.ugtcomunicaciones.es\\\/wordpress\\\/wp-content\\\/uploads\\\/2024\\\/04\\\/comunicaciones_logo.png\",\"contentUrl\":\"https:\\\/\\\/www.ugtcomunicaciones.es\\\/wordpress\\\/wp-content\\\/uploads\\\/2024\\\/04\\\/comunicaciones_logo.png\",\"width\":298,\"height\":81,\"caption\":\"UGT Comunicaciones\"},\"image\":{\"@id\":\"https:\\\/\\\/www.ugtcomunicaciones.es\\\/wordpress\\\/#\\\/schema\\\/logo\\\/image\\\/\"},\"sameAs\":[\"https:\\\/\\\/www.facebook.com\\\/ugt.comunicaciones\\\/\",\"https:\\\/\\\/x.com\\\/ugtcom\"]},{\"@type\":\"Person\",\"@id\":\"https:\\\/\\\/www.ugtcomunicaciones.es\\\/wordpress\\\/#\\\/schema\\\/person\\\/eba0fc3fe5b444531d94d4368cba89ed\",\"name\":\"UGT\",\"image\":{\"@type\":\"ImageObject\",\"inLanguage\":\"es\",\"@id\":\"https:\\\/\\\/secure.gravatar.com\\\/avatar\\\/2a16057d620a4c646bcfc171c4f23030879ebbdd346f0525bd5d4a564e57e13d?s=96&d=mm&r=g\",\"url\":\"https:\\\/\\\/secure.gravatar.com\\\/avatar\\\/2a16057d620a4c646bcfc171c4f23030879ebbdd346f0525bd5d4a564e57e13d?s=96&d=mm&r=g\",\"contentUrl\":\"https:\\\/\\\/secure.gravatar.com\\\/avatar\\\/2a16057d620a4c646bcfc171c4f23030879ebbdd346f0525bd5d4a564e57e13d?s=96&d=mm&r=g\",\"caption\":\"UGT\"}}]}<\/script>\n<!-- \/ Yoast SEO Premium plugin. -->","yoast_head_json":{"title":"Espa\u00f1a y las TIC, INE 2017 - UGT Comunicaciones","robots":{"index":"index","follow":"follow","max-snippet":"max-snippet:-1","max-image-preview":"max-image-preview:large","max-video-preview":"max-video-preview:-1"},"canonical":"https:\/\/www.ugtcomunicaciones.es\/wordpress\/espana-las-tic-ine-2017\/","og_locale":"es_ES","og_type":"article","og_title":"Espa\u00f1a y las TIC, INE 2017","og_description":"Siguiendo la serie de reportes peri\u00f3dicos sobre el comportamiento, los usos y la penetraci\u00f3n de las TIC en los hogares y entre los espa\u00f1oles\/as que venimos realizando[1], en esta ocasi\u00f3n en base a la \u00faltima publicaci\u00f3n del INE (Encuesta sobre equipamiento y uso de tecnolog\u00edas de informaci\u00f3n y comunicaci\u00f3n en los hogares[2]), correspondientes al a\u00f1o [&hellip;]","og_url":"https:\/\/www.ugtcomunicaciones.es\/wordpress\/espana-las-tic-ine-2017\/","og_site_name":"UGT Comunicaciones","article_publisher":"https:\/\/www.facebook.com\/ugt.comunicaciones\/","article_published_time":"2017-11-13T06:00:17+00:00","article_modified_time":"2017-11-14T10:18:53+00:00","og_image":[{"width":600,"height":338,"url":"https:\/\/www.ugtcomunicaciones.es\/wordpress\/wp-content\/uploads\/2017\/11\/espana_tecnologia.jpg","type":"image\/jpeg"}],"author":"UGT","twitter_card":"summary_large_image","twitter_creator":"@ugtcom","twitter_site":"@ugtcom","twitter_misc":{"Escrito por":"UGT","Tiempo de lectura":"2 minutos"},"schema":{"@context":"https:\/\/schema.org","@graph":[{"@type":"Article","@id":"https:\/\/www.ugtcomunicaciones.es\/wordpress\/espana-las-tic-ine-2017\/#article","isPartOf":{"@id":"https:\/\/www.ugtcomunicaciones.es\/wordpress\/espana-las-tic-ine-2017\/"},"author":{"name":"UGT","@id":"https:\/\/www.ugtcomunicaciones.es\/wordpress\/#\/schema\/person\/eba0fc3fe5b444531d94d4368cba89ed"},"headline":"Espa\u00f1a y las TIC, INE 2017","datePublished":"2017-11-13T06:00:17+00:00","dateModified":"2017-11-14T10:18:53+00:00","mainEntityOfPage":{"@id":"https:\/\/www.ugtcomunicaciones.es\/wordpress\/espana-las-tic-ine-2017\/"},"wordCount":491,"publisher":{"@id":"https:\/\/www.ugtcomunicaciones.es\/wordpress\/#organization"},"image":{"@id":"https:\/\/www.ugtcomunicaciones.es\/wordpress\/espana-las-tic-ine-2017\/#primaryimage"},"thumbnailUrl":"https:\/\/www.ugtcomunicaciones.es\/wordpress\/wp-content\/uploads\/2017\/11\/espana_tecnologia.jpg","articleSection":["Mercado Comunicaciones","Regulaci\u00f3n"],"inLanguage":"es"},{"@type":"WebPage","@id":"https:\/\/www.ugtcomunicaciones.es\/wordpress\/espana-las-tic-ine-2017\/","url":"https:\/\/www.ugtcomunicaciones.es\/wordpress\/espana-las-tic-ine-2017\/","name":"Espa\u00f1a y las TIC, INE 2017 - UGT Comunicaciones","isPartOf":{"@id":"https:\/\/www.ugtcomunicaciones.es\/wordpress\/#website"},"primaryImageOfPage":{"@id":"https:\/\/www.ugtcomunicaciones.es\/wordpress\/espana-las-tic-ine-2017\/#primaryimage"},"image":{"@id":"https:\/\/www.ugtcomunicaciones.es\/wordpress\/espana-las-tic-ine-2017\/#primaryimage"},"thumbnailUrl":"https:\/\/www.ugtcomunicaciones.es\/wordpress\/wp-content\/uploads\/2017\/11\/espana_tecnologia.jpg","datePublished":"2017-11-13T06:00:17+00:00","dateModified":"2017-11-14T10:18:53+00:00","breadcrumb":{"@id":"https:\/\/www.ugtcomunicaciones.es\/wordpress\/espana-las-tic-ine-2017\/#breadcrumb"},"inLanguage":"es","potentialAction":[{"@type":"ReadAction","target":["https:\/\/www.ugtcomunicaciones.es\/wordpress\/espana-las-tic-ine-2017\/"]}]},{"@type":"ImageObject","inLanguage":"es","@id":"https:\/\/www.ugtcomunicaciones.es\/wordpress\/espana-las-tic-ine-2017\/#primaryimage","url":"https:\/\/www.ugtcomunicaciones.es\/wordpress\/wp-content\/uploads\/2017\/11\/espana_tecnologia.jpg","contentUrl":"https:\/\/www.ugtcomunicaciones.es\/wordpress\/wp-content\/uploads\/2017\/11\/espana_tecnologia.jpg","width":600,"height":338,"caption":"espana_tecnologia"},{"@type":"BreadcrumbList","@id":"https:\/\/www.ugtcomunicaciones.es\/wordpress\/espana-las-tic-ine-2017\/#breadcrumb","itemListElement":[{"@type":"ListItem","position":1,"name":"Portada","item":"https:\/\/www.ugtcomunicaciones.es\/wordpress\/"},{"@type":"ListItem","position":2,"name":"Espa\u00f1a y las TIC, INE 2017"}]},{"@type":"WebSite","@id":"https:\/\/www.ugtcomunicaciones.es\/wordpress\/#website","url":"https:\/\/www.ugtcomunicaciones.es\/wordpress\/","name":"UGT Comunicaciones","description":"Sindicato de Telecomunicaciones","publisher":{"@id":"https:\/\/www.ugtcomunicaciones.es\/wordpress\/#organization"},"potentialAction":[{"@type":"SearchAction","target":{"@type":"EntryPoint","urlTemplate":"https:\/\/www.ugtcomunicaciones.es\/wordpress\/?s={search_term_string}"},"query-input":{"@type":"PropertyValueSpecification","valueRequired":true,"valueName":"search_term_string"}}],"inLanguage":"es"},{"@type":"Organization","@id":"https:\/\/www.ugtcomunicaciones.es\/wordpress\/#organization","name":"UGT Comunicaciones","url":"https:\/\/www.ugtcomunicaciones.es\/wordpress\/","logo":{"@type":"ImageObject","inLanguage":"es","@id":"https:\/\/www.ugtcomunicaciones.es\/wordpress\/#\/schema\/logo\/image\/","url":"https:\/\/www.ugtcomunicaciones.es\/wordpress\/wp-content\/uploads\/2024\/04\/comunicaciones_logo.png","contentUrl":"https:\/\/www.ugtcomunicaciones.es\/wordpress\/wp-content\/uploads\/2024\/04\/comunicaciones_logo.png","width":298,"height":81,"caption":"UGT Comunicaciones"},"image":{"@id":"https:\/\/www.ugtcomunicaciones.es\/wordpress\/#\/schema\/logo\/image\/"},"sameAs":["https:\/\/www.facebook.com\/ugt.comunicaciones\/","https:\/\/x.com\/ugtcom"]},{"@type":"Person","@id":"https:\/\/www.ugtcomunicaciones.es\/wordpress\/#\/schema\/person\/eba0fc3fe5b444531d94d4368cba89ed","name":"UGT","image":{"@type":"ImageObject","inLanguage":"es","@id":"https:\/\/secure.gravatar.com\/avatar\/2a16057d620a4c646bcfc171c4f23030879ebbdd346f0525bd5d4a564e57e13d?s=96&d=mm&r=g","url":"https:\/\/secure.gravatar.com\/avatar\/2a16057d620a4c646bcfc171c4f23030879ebbdd346f0525bd5d4a564e57e13d?s=96&d=mm&r=g","contentUrl":"https:\/\/secure.gravatar.com\/avatar\/2a16057d620a4c646bcfc171c4f23030879ebbdd346f0525bd5d4a564e57e13d?s=96&d=mm&r=g","caption":"UGT"}}]}},"_links":{"self":[{"href":"https:\/\/www.ugtcomunicaciones.es\/wordpress\/wp-json\/wp\/v2\/posts\/55924","targetHints":{"allow":["GET"]}}],"collection":[{"href":"https:\/\/www.ugtcomunicaciones.es\/wordpress\/wp-json\/wp\/v2\/posts"}],"about":[{"href":"https:\/\/www.ugtcomunicaciones.es\/wordpress\/wp-json\/wp\/v2\/types\/post"}],"author":[{"embeddable":true,"href":"https:\/\/www.ugtcomunicaciones.es\/wordpress\/wp-json\/wp\/v2\/users\/3"}],"replies":[{"embeddable":true,"href":"https:\/\/www.ugtcomunicaciones.es\/wordpress\/wp-json\/wp\/v2\/comments?post=55924"}],"version-history":[{"count":0,"href":"https:\/\/www.ugtcomunicaciones.es\/wordpress\/wp-json\/wp\/v2\/posts\/55924\/revisions"}],"wp:featuredmedia":[{"embeddable":true,"href":"https:\/\/www.ugtcomunicaciones.es\/wordpress\/wp-json\/wp\/v2\/media\/55942"}],"wp:attachment":[{"href":"https:\/\/www.ugtcomunicaciones.es\/wordpress\/wp-json\/wp\/v2\/media?parent=55924"}],"wp:term":[{"taxonomy":"category","embeddable":true,"href":"https:\/\/www.ugtcomunicaciones.es\/wordpress\/wp-json\/wp\/v2\/categories?post=55924"},{"taxonomy":"post_tag","embeddable":true,"href":"https:\/\/www.ugtcomunicaciones.es\/wordpress\/wp-json\/wp\/v2\/tags?post=55924"}],"curies":[{"name":"wp","href":"https:\/\/api.w.org\/{rel}","templated":true}]}}