{"id":570269,"date":"2020-04-28T10:17:54","date_gmt":"2020-04-28T09:17:54","guid":{"rendered":"http:\/\/ugtcomunicaciones.es\/wordpress\/?p=570269"},"modified":"2020-04-28T10:17:54","modified_gmt":"2020-04-28T09:17:54","slug":"28-de-abril-2020-dia-internacional-de-la-salud-y-la-seguridad-en-el-trabajo","status":"publish","type":"post","link":"https:\/\/www.ugtcomunicaciones.es\/wordpress\/28-de-abril-2020-dia-internacional-de-la-salud-y-la-seguridad-en-el-trabajo\/","title":{"rendered":"28 de Abril 2020, D\u00eda Internacional de la Salud y la Seguridad en el Trabajo"},"content":{"rendered":"<h4><span style=\"color: #ff0000;\">28 de abril, un homenaje a las v\u00edctimas del Covid 19 y a la labor de los trabajadores de los servicios esenciales<\/span><\/h4>\n<p align=\"justify\"><strong>UGT<\/strong>\u00a0ha elaborado un manifiesto en el que afirman que este 28 de abril no puede ser como el de otros a\u00f1os, pues nos enfrentamos a una crisis sanitaria mundial, como no se recordaba desde hace m\u00e1s de un siglo, que ha llevado a los sistemas sanitarios m\u00e1s all\u00e1 de sus l\u00edmites, ha paralizado gran parte de la actividad econ\u00f3mica y, lo que es m\u00e1s grave y doloroso, se ha llevado decenas de miles de vidas solo en Espa\u00f1a.<\/p>\n<p align=\"justify\">Por eso, el recuerdo este 28 de abril es para esas v\u00edctimas, para sus familiares y amigos y compa\u00f1eros y compa\u00f1eras de trabajo, pero tambi\u00e9n para las personas trabajadoras, que a\u00fan a riesgo de su salud, han dado la batalla a esta enfermedad en primera l\u00ednea.<\/p>\n<p align=\"justify\">Son los trabajadores y trabajadoras de los servicios esenciales como, por ejemplo: sanitarios, transportistas, trabajadores del campo, dependientes, trabajadores y trabajadoras de la limpieza, cuidadores y cuidadoras, personal de los cuerpos del orden y seguridad del Estado. Todos ellos, han demostrado la importancia de la clase trabajadora para garantizar el funcionamiento de nuestra sociedad.<\/p>\n<p align=\"justify\">Consideramos que\u00a0la pandemia ha puesto de manifiesto una realidad: la salud laboral es indisociable de la salud p\u00fablica. De hecho, los contagios en el \u00e1mbito laboral y en los desplazamientos vinculados han sido importantes vectores de propagaci\u00f3n del virus.<\/p>\n<p>Han quedado en evidencia las pol\u00edticas que pretenden priorizar los beneficios empresariales sobre otros derechos prioritarios como son la salud y el trabajo, en unas condiciones dignas. As\u00ed, las pol\u00edticas de austeridad impuestas para abordar la crisis de 2008 arrasaron los derechos sociales y laborales. Fruto de estos recortes se diezmaron los servicios p\u00fablicos, que ahora se revelan imprescindibles, como la sanidad p\u00fablica. Tambi\u00e9n se redujeron las inversiones en prevenci\u00f3n de riesgos laborales en las empresas y de financiaci\u00f3n de pol\u00edticas p\u00fablicas activas en materia preventiva.<\/p>\n<p align=\"justify\">La consecuencia fue clara: peores condiciones de trabajo, mayor precariedad laboral, y un repunte, en la \u00faltima d\u00e9cada de los accidentes de trabajo, y de las enfermedades profesionales, aunque sigue existiendo una infradeclaraci\u00f3n de las mismas.<\/p>\n<p align=\"left\"><strong>La prevenci\u00f3n es un derecho, no un negocio<\/strong><\/p>\n<p align=\"justify\">En el manifiesto\u00a0destacamos que, desde la aprobaci\u00f3n de la Ley de Prevenci\u00f3n de Riesgos Laborales, hace 25 a\u00f1os, se ha desvirtuado la prevenci\u00f3n y, en muchos casos, se ha contemplado como un negocio, no como un derecho, al externalizarse su gesti\u00f3n. Adem\u00e1s, se han evidenciado tambi\u00e9n los vac\u00edos institucionales y la escasa actuaci\u00f3n p\u00fablica para regular m\u00ednimamente \u201cel mercado de la prevenci\u00f3n\u201d y acabar con su mercantilizaci\u00f3n.<\/p>\n<p align=\"justify\">As\u00ed, aunque los servicios de prevenci\u00f3n, son indispensables para la organizaci\u00f3n de las actividades preventivas en las empresas, en muchos casos, han mostrado limitaciones para minimizar las exposiciones al virus; el papel de los servicios de prevenci\u00f3n ajenos ha sido escandaloso, ya que no han desarrollado, ni antes, ni por supuesto ahora, una verdadera prevenci\u00f3n en las empresas, sino que se han limitado a tramitar la documentaci\u00f3n requerida con el fin de cumplir, a efectos meramente formales, con la normativa.<\/p>\n<p align=\"left\"><strong>Algunas demandas<\/strong><\/p>\n<p align=\"justify\"><strong>UGT<\/strong>\u00a0considera que para lograr la plena integraci\u00f3n de la salud laboral en la salud p\u00fablica es precisa una mayor coordinaci\u00f3n entre los departamentos de sanidad y de trabajo tanto en la Administraci\u00f3n General del Estado, como en las CCAA. Sin embargo, en lugar de reforzar las instituciones que deber\u00edan liderar ese proceso, como el Instituto Nacional de Seguridad y Salud en el Trabajo, se ha reducido su plantilla.<\/p>\n<p align=\"justify\">Adem\u00e1s, la escasez de inspectores de trabajo, Espa\u00f1a tienen una de las ratios m\u00e1s baja de Europa, ha dificultado sobremanera la atenci\u00f3n a las denuncias que personas trabajadoras y sindicatos han presentado.<\/p>\n<p align=\"justify\">A esto se a\u00f1ade otro obst\u00e1culo: el criterio seguido por el Organismo Estatal de la Inspecci\u00f3n de Trabajo y Seguridad Social, que ha renunciado a paralizar actividades por riesgo grave e inminente de contagio ante el coronavirus o a proponer sanciones en una mayor\u00eda de situaciones.<\/p>\n<p>Pese a todas estas barreras seguiremos trabajando para afrontar esta crisis sanitaria y continuaremos denunciando donde sea preciso y exigiendo el cumplimiento de la normativa en materia de prevenci\u00f3n de riesgos laborales. En este sentido,\u00a0hay que poner\u00a0en valor la acci\u00f3n de los miles de delegados y delegadas de prevenci\u00f3n y los comit\u00e9s de seguridad y salud.<\/p>\n<p align=\"justify\">Por \u00faltimo,\u00a0 tras el Covid-19 la salud y la seguridad de las personas trabajadoras debe convertirse en un eje central en las relaciones laborales y en las pol\u00edticas econ\u00f3micas. Para ello, es necesaria la capacidad de movilizaci\u00f3n del conjunto de los trabajadores y trabajadoras. No se puede consentir que el sistema econ\u00f3mico se contraponga a lo importante, que es la salud y la vida de las personas trabajadoras.<\/p>\n<p align=\"justify\"><a href=\"http:\/\/ugtcomunicaciones.es\/wordpress\/wp-content\/uploads\/2020\/04\/manifiesto-conjunto-ugt-ccoo-28-abril-2020-salud-laboral.pdf\" target=\"_blank\" rel=\"noopener noreferrer\">Manifiesto conjunto<\/a><\/p>\n","protected":false},"excerpt":{"rendered":"<p>28 de abril, un homenaje a las v\u00edctimas del Covid 19 y a la labor de los trabajadores de los servicios esenciales UGT\u00a0ha elaborado un manifiesto en el que afirman que este 28 de abril no puede ser como el de otros a\u00f1os, pues nos enfrentamos a una crisis sanitaria mundial, como no se recordaba [&hellip;]<\/p>\n","protected":false},"author":3,"featured_media":570271,"comment_status":"closed","ping_status":"closed","sticky":false,"template":"","format":"standard","meta":{"footnotes":""},"categories":[1],"tags":[],"class_list":["post-570269","post","type-post","status-publish","format-standard","has-post-thumbnail","hentry","category-uncategorized"],"yoast_head":"<!-- This site is optimized with the Yoast SEO Premium plugin v27.3 (Yoast SEO v27.4) - https:\/\/yoast.com\/product\/yoast-seo-premium-wordpress\/ -->\n<title>28 de Abril 2020, D\u00eda Internacional de la Salud y la Seguridad en el Trabajo - UGT Comunicaciones<\/title>\n<meta name=\"robots\" content=\"index, follow, max-snippet:-1, max-image-preview:large, max-video-preview:-1\" \/>\n<link rel=\"canonical\" href=\"https:\/\/www.ugtcomunicaciones.es\/wordpress\/28-de-abril-2020-dia-internacional-de-la-salud-y-la-seguridad-en-el-trabajo\/\" \/>\n<meta property=\"og:locale\" content=\"es_ES\" \/>\n<meta property=\"og:type\" content=\"article\" \/>\n<meta property=\"og:title\" content=\"28 de Abril 2020, D\u00eda Internacional de la Salud y la Seguridad en el Trabajo\" \/>\n<meta property=\"og:description\" content=\"28 de abril, un homenaje a las v\u00edctimas del Covid 19 y a la labor de los trabajadores de los servicios esenciales UGT\u00a0ha elaborado un manifiesto en el que afirman que este 28 de abril no puede ser como el de otros a\u00f1os, pues nos enfrentamos a una crisis sanitaria mundial, como no se recordaba [&hellip;]\" \/>\n<meta property=\"og:url\" content=\"https:\/\/www.ugtcomunicaciones.es\/wordpress\/28-de-abril-2020-dia-internacional-de-la-salud-y-la-seguridad-en-el-trabajo\/\" \/>\n<meta property=\"og:site_name\" content=\"UGT Comunicaciones\" \/>\n<meta property=\"article:publisher\" content=\"https:\/\/www.facebook.com\/ugt.comunicaciones\/\" \/>\n<meta property=\"article:published_time\" content=\"2020-04-28T09:17:54+00:00\" \/>\n<meta property=\"og:image\" content=\"https:\/\/www.ugtcomunicaciones.es\/wordpress\/wp-content\/uploads\/2020\/04\/Image_1_987669e5d2024844a67aa8b2d215d64d.jpg\" \/>\n\t<meta property=\"og:image:width\" content=\"616\" \/>\n\t<meta property=\"og:image:height\" content=\"436\" \/>\n\t<meta property=\"og:image:type\" content=\"image\/jpeg\" \/>\n<meta name=\"author\" content=\"UGT\" \/>\n<meta name=\"twitter:card\" content=\"summary_large_image\" \/>\n<meta name=\"twitter:creator\" content=\"@ugtcom\" \/>\n<meta name=\"twitter:site\" content=\"@ugtcom\" \/>\n<meta name=\"twitter:label1\" content=\"Escrito por\" \/>\n\t<meta name=\"twitter:data1\" content=\"UGT\" \/>\n\t<meta name=\"twitter:label2\" content=\"Tiempo de lectura\" \/>\n\t<meta name=\"twitter:data2\" content=\"4 minutos\" \/>\n<script type=\"application\/ld+json\" class=\"yoast-schema-graph\">{\"@context\":\"https:\\\/\\\/schema.org\",\"@graph\":[{\"@type\":\"Article\",\"@id\":\"https:\\\/\\\/www.ugtcomunicaciones.es\\\/wordpress\\\/28-de-abril-2020-dia-internacional-de-la-salud-y-la-seguridad-en-el-trabajo\\\/#article\",\"isPartOf\":{\"@id\":\"https:\\\/\\\/www.ugtcomunicaciones.es\\\/wordpress\\\/28-de-abril-2020-dia-internacional-de-la-salud-y-la-seguridad-en-el-trabajo\\\/\"},\"author\":{\"name\":\"UGT\",\"@id\":\"https:\\\/\\\/www.ugtcomunicaciones.es\\\/wordpress\\\/#\\\/schema\\\/person\\\/eba0fc3fe5b444531d94d4368cba89ed\"},\"headline\":\"28 de Abril 2020, D\u00eda Internacional de la Salud y la Seguridad en el Trabajo\",\"datePublished\":\"2020-04-28T09:17:54+00:00\",\"mainEntityOfPage\":{\"@id\":\"https:\\\/\\\/www.ugtcomunicaciones.es\\\/wordpress\\\/28-de-abril-2020-dia-internacional-de-la-salud-y-la-seguridad-en-el-trabajo\\\/\"},\"wordCount\":871,\"publisher\":{\"@id\":\"https:\\\/\\\/www.ugtcomunicaciones.es\\\/wordpress\\\/#organization\"},\"image\":{\"@id\":\"https:\\\/\\\/www.ugtcomunicaciones.es\\\/wordpress\\\/28-de-abril-2020-dia-internacional-de-la-salud-y-la-seguridad-en-el-trabajo\\\/#primaryimage\"},\"thumbnailUrl\":\"https:\\\/\\\/www.ugtcomunicaciones.es\\\/wordpress\\\/wp-content\\\/uploads\\\/2020\\\/04\\\/Image_1_987669e5d2024844a67aa8b2d215d64d.jpg\",\"articleSection\":[\"Uncategorized\"],\"inLanguage\":\"es\"},{\"@type\":\"WebPage\",\"@id\":\"https:\\\/\\\/www.ugtcomunicaciones.es\\\/wordpress\\\/28-de-abril-2020-dia-internacional-de-la-salud-y-la-seguridad-en-el-trabajo\\\/\",\"url\":\"https:\\\/\\\/www.ugtcomunicaciones.es\\\/wordpress\\\/28-de-abril-2020-dia-internacional-de-la-salud-y-la-seguridad-en-el-trabajo\\\/\",\"name\":\"28 de Abril 2020, D\u00eda Internacional de la Salud y la Seguridad en el Trabajo - UGT Comunicaciones\",\"isPartOf\":{\"@id\":\"https:\\\/\\\/www.ugtcomunicaciones.es\\\/wordpress\\\/#website\"},\"primaryImageOfPage\":{\"@id\":\"https:\\\/\\\/www.ugtcomunicaciones.es\\\/wordpress\\\/28-de-abril-2020-dia-internacional-de-la-salud-y-la-seguridad-en-el-trabajo\\\/#primaryimage\"},\"image\":{\"@id\":\"https:\\\/\\\/www.ugtcomunicaciones.es\\\/wordpress\\\/28-de-abril-2020-dia-internacional-de-la-salud-y-la-seguridad-en-el-trabajo\\\/#primaryimage\"},\"thumbnailUrl\":\"https:\\\/\\\/www.ugtcomunicaciones.es\\\/wordpress\\\/wp-content\\\/uploads\\\/2020\\\/04\\\/Image_1_987669e5d2024844a67aa8b2d215d64d.jpg\",\"datePublished\":\"2020-04-28T09:17:54+00:00\",\"breadcrumb\":{\"@id\":\"https:\\\/\\\/www.ugtcomunicaciones.es\\\/wordpress\\\/28-de-abril-2020-dia-internacional-de-la-salud-y-la-seguridad-en-el-trabajo\\\/#breadcrumb\"},\"inLanguage\":\"es\",\"potentialAction\":[{\"@type\":\"ReadAction\",\"target\":[\"https:\\\/\\\/www.ugtcomunicaciones.es\\\/wordpress\\\/28-de-abril-2020-dia-internacional-de-la-salud-y-la-seguridad-en-el-trabajo\\\/\"]}]},{\"@type\":\"ImageObject\",\"inLanguage\":\"es\",\"@id\":\"https:\\\/\\\/www.ugtcomunicaciones.es\\\/wordpress\\\/28-de-abril-2020-dia-internacional-de-la-salud-y-la-seguridad-en-el-trabajo\\\/#primaryimage\",\"url\":\"https:\\\/\\\/www.ugtcomunicaciones.es\\\/wordpress\\\/wp-content\\\/uploads\\\/2020\\\/04\\\/Image_1_987669e5d2024844a67aa8b2d215d64d.jpg\",\"contentUrl\":\"https:\\\/\\\/www.ugtcomunicaciones.es\\\/wordpress\\\/wp-content\\\/uploads\\\/2020\\\/04\\\/Image_1_987669e5d2024844a67aa8b2d215d64d.jpg\",\"width\":616,\"height\":436},{\"@type\":\"BreadcrumbList\",\"@id\":\"https:\\\/\\\/www.ugtcomunicaciones.es\\\/wordpress\\\/28-de-abril-2020-dia-internacional-de-la-salud-y-la-seguridad-en-el-trabajo\\\/#breadcrumb\",\"itemListElement\":[{\"@type\":\"ListItem\",\"position\":1,\"name\":\"Portada\",\"item\":\"https:\\\/\\\/www.ugtcomunicaciones.es\\\/wordpress\\\/\"},{\"@type\":\"ListItem\",\"position\":2,\"name\":\"28 de Abril 2020, D\u00eda Internacional de la Salud y la Seguridad en el Trabajo\"}]},{\"@type\":\"WebSite\",\"@id\":\"https:\\\/\\\/www.ugtcomunicaciones.es\\\/wordpress\\\/#website\",\"url\":\"https:\\\/\\\/www.ugtcomunicaciones.es\\\/wordpress\\\/\",\"name\":\"UGT Comunicaciones\",\"description\":\"Sindicato de Telecomunicaciones\",\"publisher\":{\"@id\":\"https:\\\/\\\/www.ugtcomunicaciones.es\\\/wordpress\\\/#organization\"},\"potentialAction\":[{\"@type\":\"SearchAction\",\"target\":{\"@type\":\"EntryPoint\",\"urlTemplate\":\"https:\\\/\\\/www.ugtcomunicaciones.es\\\/wordpress\\\/?s={search_term_string}\"},\"query-input\":{\"@type\":\"PropertyValueSpecification\",\"valueRequired\":true,\"valueName\":\"search_term_string\"}}],\"inLanguage\":\"es\"},{\"@type\":\"Organization\",\"@id\":\"https:\\\/\\\/www.ugtcomunicaciones.es\\\/wordpress\\\/#organization\",\"name\":\"UGT Comunicaciones\",\"url\":\"https:\\\/\\\/www.ugtcomunicaciones.es\\\/wordpress\\\/\",\"logo\":{\"@type\":\"ImageObject\",\"inLanguage\":\"es\",\"@id\":\"https:\\\/\\\/www.ugtcomunicaciones.es\\\/wordpress\\\/#\\\/schema\\\/logo\\\/image\\\/\",\"url\":\"https:\\\/\\\/www.ugtcomunicaciones.es\\\/wordpress\\\/wp-content\\\/uploads\\\/2024\\\/04\\\/comunicaciones_logo.png\",\"contentUrl\":\"https:\\\/\\\/www.ugtcomunicaciones.es\\\/wordpress\\\/wp-content\\\/uploads\\\/2024\\\/04\\\/comunicaciones_logo.png\",\"width\":298,\"height\":81,\"caption\":\"UGT Comunicaciones\"},\"image\":{\"@id\":\"https:\\\/\\\/www.ugtcomunicaciones.es\\\/wordpress\\\/#\\\/schema\\\/logo\\\/image\\\/\"},\"sameAs\":[\"https:\\\/\\\/www.facebook.com\\\/ugt.comunicaciones\\\/\",\"https:\\\/\\\/x.com\\\/ugtcom\"]},{\"@type\":\"Person\",\"@id\":\"https:\\\/\\\/www.ugtcomunicaciones.es\\\/wordpress\\\/#\\\/schema\\\/person\\\/eba0fc3fe5b444531d94d4368cba89ed\",\"name\":\"UGT\",\"image\":{\"@type\":\"ImageObject\",\"inLanguage\":\"es\",\"@id\":\"https:\\\/\\\/secure.gravatar.com\\\/avatar\\\/2a16057d620a4c646bcfc171c4f23030879ebbdd346f0525bd5d4a564e57e13d?s=96&d=mm&r=g\",\"url\":\"https:\\\/\\\/secure.gravatar.com\\\/avatar\\\/2a16057d620a4c646bcfc171c4f23030879ebbdd346f0525bd5d4a564e57e13d?s=96&d=mm&r=g\",\"contentUrl\":\"https:\\\/\\\/secure.gravatar.com\\\/avatar\\\/2a16057d620a4c646bcfc171c4f23030879ebbdd346f0525bd5d4a564e57e13d?s=96&d=mm&r=g\",\"caption\":\"UGT\"}}]}<\/script>\n<!-- \/ Yoast SEO Premium plugin. -->","yoast_head_json":{"title":"28 de Abril 2020, D\u00eda Internacional de la Salud y la Seguridad en el Trabajo - UGT Comunicaciones","robots":{"index":"index","follow":"follow","max-snippet":"max-snippet:-1","max-image-preview":"max-image-preview:large","max-video-preview":"max-video-preview:-1"},"canonical":"https:\/\/www.ugtcomunicaciones.es\/wordpress\/28-de-abril-2020-dia-internacional-de-la-salud-y-la-seguridad-en-el-trabajo\/","og_locale":"es_ES","og_type":"article","og_title":"28 de Abril 2020, D\u00eda Internacional de la Salud y la Seguridad en el Trabajo","og_description":"28 de abril, un homenaje a las v\u00edctimas del Covid 19 y a la labor de los trabajadores de los servicios esenciales UGT\u00a0ha elaborado un manifiesto en el que afirman que este 28 de abril no puede ser como el de otros a\u00f1os, pues nos enfrentamos a una crisis sanitaria mundial, como no se recordaba [&hellip;]","og_url":"https:\/\/www.ugtcomunicaciones.es\/wordpress\/28-de-abril-2020-dia-internacional-de-la-salud-y-la-seguridad-en-el-trabajo\/","og_site_name":"UGT Comunicaciones","article_publisher":"https:\/\/www.facebook.com\/ugt.comunicaciones\/","article_published_time":"2020-04-28T09:17:54+00:00","og_image":[{"width":616,"height":436,"url":"https:\/\/www.ugtcomunicaciones.es\/wordpress\/wp-content\/uploads\/2020\/04\/Image_1_987669e5d2024844a67aa8b2d215d64d.jpg","type":"image\/jpeg"}],"author":"UGT","twitter_card":"summary_large_image","twitter_creator":"@ugtcom","twitter_site":"@ugtcom","twitter_misc":{"Escrito por":"UGT","Tiempo de lectura":"4 minutos"},"schema":{"@context":"https:\/\/schema.org","@graph":[{"@type":"Article","@id":"https:\/\/www.ugtcomunicaciones.es\/wordpress\/28-de-abril-2020-dia-internacional-de-la-salud-y-la-seguridad-en-el-trabajo\/#article","isPartOf":{"@id":"https:\/\/www.ugtcomunicaciones.es\/wordpress\/28-de-abril-2020-dia-internacional-de-la-salud-y-la-seguridad-en-el-trabajo\/"},"author":{"name":"UGT","@id":"https:\/\/www.ugtcomunicaciones.es\/wordpress\/#\/schema\/person\/eba0fc3fe5b444531d94d4368cba89ed"},"headline":"28 de Abril 2020, D\u00eda Internacional de la Salud y la Seguridad en el Trabajo","datePublished":"2020-04-28T09:17:54+00:00","mainEntityOfPage":{"@id":"https:\/\/www.ugtcomunicaciones.es\/wordpress\/28-de-abril-2020-dia-internacional-de-la-salud-y-la-seguridad-en-el-trabajo\/"},"wordCount":871,"publisher":{"@id":"https:\/\/www.ugtcomunicaciones.es\/wordpress\/#organization"},"image":{"@id":"https:\/\/www.ugtcomunicaciones.es\/wordpress\/28-de-abril-2020-dia-internacional-de-la-salud-y-la-seguridad-en-el-trabajo\/#primaryimage"},"thumbnailUrl":"https:\/\/www.ugtcomunicaciones.es\/wordpress\/wp-content\/uploads\/2020\/04\/Image_1_987669e5d2024844a67aa8b2d215d64d.jpg","articleSection":["Uncategorized"],"inLanguage":"es"},{"@type":"WebPage","@id":"https:\/\/www.ugtcomunicaciones.es\/wordpress\/28-de-abril-2020-dia-internacional-de-la-salud-y-la-seguridad-en-el-trabajo\/","url":"https:\/\/www.ugtcomunicaciones.es\/wordpress\/28-de-abril-2020-dia-internacional-de-la-salud-y-la-seguridad-en-el-trabajo\/","name":"28 de Abril 2020, D\u00eda Internacional de la Salud y la Seguridad en el Trabajo - UGT Comunicaciones","isPartOf":{"@id":"https:\/\/www.ugtcomunicaciones.es\/wordpress\/#website"},"primaryImageOfPage":{"@id":"https:\/\/www.ugtcomunicaciones.es\/wordpress\/28-de-abril-2020-dia-internacional-de-la-salud-y-la-seguridad-en-el-trabajo\/#primaryimage"},"image":{"@id":"https:\/\/www.ugtcomunicaciones.es\/wordpress\/28-de-abril-2020-dia-internacional-de-la-salud-y-la-seguridad-en-el-trabajo\/#primaryimage"},"thumbnailUrl":"https:\/\/www.ugtcomunicaciones.es\/wordpress\/wp-content\/uploads\/2020\/04\/Image_1_987669e5d2024844a67aa8b2d215d64d.jpg","datePublished":"2020-04-28T09:17:54+00:00","breadcrumb":{"@id":"https:\/\/www.ugtcomunicaciones.es\/wordpress\/28-de-abril-2020-dia-internacional-de-la-salud-y-la-seguridad-en-el-trabajo\/#breadcrumb"},"inLanguage":"es","potentialAction":[{"@type":"ReadAction","target":["https:\/\/www.ugtcomunicaciones.es\/wordpress\/28-de-abril-2020-dia-internacional-de-la-salud-y-la-seguridad-en-el-trabajo\/"]}]},{"@type":"ImageObject","inLanguage":"es","@id":"https:\/\/www.ugtcomunicaciones.es\/wordpress\/28-de-abril-2020-dia-internacional-de-la-salud-y-la-seguridad-en-el-trabajo\/#primaryimage","url":"https:\/\/www.ugtcomunicaciones.es\/wordpress\/wp-content\/uploads\/2020\/04\/Image_1_987669e5d2024844a67aa8b2d215d64d.jpg","contentUrl":"https:\/\/www.ugtcomunicaciones.es\/wordpress\/wp-content\/uploads\/2020\/04\/Image_1_987669e5d2024844a67aa8b2d215d64d.jpg","width":616,"height":436},{"@type":"BreadcrumbList","@id":"https:\/\/www.ugtcomunicaciones.es\/wordpress\/28-de-abril-2020-dia-internacional-de-la-salud-y-la-seguridad-en-el-trabajo\/#breadcrumb","itemListElement":[{"@type":"ListItem","position":1,"name":"Portada","item":"https:\/\/www.ugtcomunicaciones.es\/wordpress\/"},{"@type":"ListItem","position":2,"name":"28 de Abril 2020, D\u00eda Internacional de la Salud y la Seguridad en el Trabajo"}]},{"@type":"WebSite","@id":"https:\/\/www.ugtcomunicaciones.es\/wordpress\/#website","url":"https:\/\/www.ugtcomunicaciones.es\/wordpress\/","name":"UGT Comunicaciones","description":"Sindicato de Telecomunicaciones","publisher":{"@id":"https:\/\/www.ugtcomunicaciones.es\/wordpress\/#organization"},"potentialAction":[{"@type":"SearchAction","target":{"@type":"EntryPoint","urlTemplate":"https:\/\/www.ugtcomunicaciones.es\/wordpress\/?s={search_term_string}"},"query-input":{"@type":"PropertyValueSpecification","valueRequired":true,"valueName":"search_term_string"}}],"inLanguage":"es"},{"@type":"Organization","@id":"https:\/\/www.ugtcomunicaciones.es\/wordpress\/#organization","name":"UGT Comunicaciones","url":"https:\/\/www.ugtcomunicaciones.es\/wordpress\/","logo":{"@type":"ImageObject","inLanguage":"es","@id":"https:\/\/www.ugtcomunicaciones.es\/wordpress\/#\/schema\/logo\/image\/","url":"https:\/\/www.ugtcomunicaciones.es\/wordpress\/wp-content\/uploads\/2024\/04\/comunicaciones_logo.png","contentUrl":"https:\/\/www.ugtcomunicaciones.es\/wordpress\/wp-content\/uploads\/2024\/04\/comunicaciones_logo.png","width":298,"height":81,"caption":"UGT Comunicaciones"},"image":{"@id":"https:\/\/www.ugtcomunicaciones.es\/wordpress\/#\/schema\/logo\/image\/"},"sameAs":["https:\/\/www.facebook.com\/ugt.comunicaciones\/","https:\/\/x.com\/ugtcom"]},{"@type":"Person","@id":"https:\/\/www.ugtcomunicaciones.es\/wordpress\/#\/schema\/person\/eba0fc3fe5b444531d94d4368cba89ed","name":"UGT","image":{"@type":"ImageObject","inLanguage":"es","@id":"https:\/\/secure.gravatar.com\/avatar\/2a16057d620a4c646bcfc171c4f23030879ebbdd346f0525bd5d4a564e57e13d?s=96&d=mm&r=g","url":"https:\/\/secure.gravatar.com\/avatar\/2a16057d620a4c646bcfc171c4f23030879ebbdd346f0525bd5d4a564e57e13d?s=96&d=mm&r=g","contentUrl":"https:\/\/secure.gravatar.com\/avatar\/2a16057d620a4c646bcfc171c4f23030879ebbdd346f0525bd5d4a564e57e13d?s=96&d=mm&r=g","caption":"UGT"}}]}},"_links":{"self":[{"href":"https:\/\/www.ugtcomunicaciones.es\/wordpress\/wp-json\/wp\/v2\/posts\/570269","targetHints":{"allow":["GET"]}}],"collection":[{"href":"https:\/\/www.ugtcomunicaciones.es\/wordpress\/wp-json\/wp\/v2\/posts"}],"about":[{"href":"https:\/\/www.ugtcomunicaciones.es\/wordpress\/wp-json\/wp\/v2\/types\/post"}],"author":[{"embeddable":true,"href":"https:\/\/www.ugtcomunicaciones.es\/wordpress\/wp-json\/wp\/v2\/users\/3"}],"replies":[{"embeddable":true,"href":"https:\/\/www.ugtcomunicaciones.es\/wordpress\/wp-json\/wp\/v2\/comments?post=570269"}],"version-history":[{"count":0,"href":"https:\/\/www.ugtcomunicaciones.es\/wordpress\/wp-json\/wp\/v2\/posts\/570269\/revisions"}],"wp:featuredmedia":[{"embeddable":true,"href":"https:\/\/www.ugtcomunicaciones.es\/wordpress\/wp-json\/wp\/v2\/media\/570271"}],"wp:attachment":[{"href":"https:\/\/www.ugtcomunicaciones.es\/wordpress\/wp-json\/wp\/v2\/media?parent=570269"}],"wp:term":[{"taxonomy":"category","embeddable":true,"href":"https:\/\/www.ugtcomunicaciones.es\/wordpress\/wp-json\/wp\/v2\/categories?post=570269"},{"taxonomy":"post_tag","embeddable":true,"href":"https:\/\/www.ugtcomunicaciones.es\/wordpress\/wp-json\/wp\/v2\/tags?post=570269"}],"curies":[{"name":"wp","href":"https:\/\/api.w.org\/{rel}","templated":true}]}}