{"id":582053,"date":"2020-05-25T07:00:48","date_gmt":"2020-05-25T06:00:48","guid":{"rendered":"http:\/\/ugtcomunicaciones.es\/wordpress\/?p=582053"},"modified":"2020-05-15T18:56:41","modified_gmt":"2020-05-15T17:56:41","slug":"582053-2","status":"publish","type":"post","link":"https:\/\/www.ugtcomunicaciones.es\/wordpress\/582053-2\/","title":{"rendered":"La preparaci\u00f3n digital de nuestra fuerza laboral toca suelo"},"content":{"rendered":"<ul>\n<li style=\"text-align: justify;\">El \u00faltimo eurobar\u00f3metro de Eurostat constata un nuevo retroceso en las capacidades digitales de personas trabajadoras y ciudadan\u00eda, coloc\u00e1ndonos en el furg\u00f3n de cola de Europa.<\/li>\n<li style=\"text-align: justify;\">El 19% de nuestra fuerza laboral se considera incapacitada para hacer uso de tecnolog\u00edas digitales en su puesto de trabajo.<\/li>\n<li style=\"text-align: justify;\">Somos uno de los pocos pa\u00edses que retrocede en este aspecto desde 2017, los que nos sit\u00faa a cuatro puntos de la media europea (15%), cuando hace tres a\u00f1os est\u00e1bamos en la media.<\/li>\n<li style=\"text-align: justify;\">Las largas jornadas laborales y la falta de sensibilizaci\u00f3n explican, en gran medida, este empeoramiento: un 34% de las personas trabajadoras no se forman por falta de tiempo, y un 23% porque no lo considera necesario.<\/li>\n<li style=\"text-align: justify;\">Estas cifras son coherentes con la realidad de nuestro mercado de trabajo y de nuestra sociedad: el 40% de los parados no tiene ninguna competencia inform\u00e1tica y m\u00e1s de la mitad de la poblaci\u00f3n espa\u00f1ola solo acredita competencias digitales b\u00e1sicas (54%).<\/li>\n<li style=\"text-align: justify;\">A pesar de que estas cifras no hacen m\u00e1s que empeorar, ni empresas ni AAPP hacen nada para remediarlo: s\u00f3lo un 22% de las compa\u00f1\u00edas espa\u00f1olas forman en TIC a sus empleados y solo un 7% de la ciudadan\u00eda espa\u00f1ola ha realizado formaci\u00f3n en inform\u00e1tica en el \u00faltimo a\u00f1o.<\/li>\n<\/ul>\n<p style=\"text-align: justify;\">Eurostat<sup class=\"modern-footnotes-footnote \" data-mfn=\"1\" data-mfn-post-scope=\"000000000000413c0000000000000000_582053\"><a href=\"javascript:void(0)\"  role=\"button\" aria-pressed=\"false\" aria-describedby=\"mfn-content-000000000000413c0000000000000000_582053-1\">1<\/a><\/sup><span id=\"mfn-content-000000000000413c0000000000000000_582053-1\" role=\"tooltip\" class=\"modern-footnotes-footnote__note\" tabindex=\"0\" data-mfn=\"1\"><a href=\"https:\/\/ec.europa.eu\/commfrontoffice\/publicopinion\/index.cfm\/survey\/getsurveydetail\/instruments\/special\/surveyky\/2228\" target=\"_blank\" rel=\"noopener noreferrer\">https:\/\/ec.europa.eu\/commfrontoffice\/publicopinion\/index.cfm\/survey\/getsurveydetail\/instruments\/special\/surveyky\/2228<\/a><\/span>\u00a0vuelve a sacarnos los colores por la falta de planes formativos que palien la Brecha Digital laboral que sufre nuestro mercado de trabajo. As\u00ed, el \u00faltimo eurobar\u00f3metro dedicado a las<em> \u201cActitudes hacia el impacto de la digitalizaci\u00f3n en la vida diaria\u201d <\/em>vuelve a constatar c\u00f3mo esta Brecha Digital, lejos de cerrarse, se ampl\u00eda a\u00f1o tras a\u00f1o.<\/p>\n<p style=\"text-align: justify;\">El 19% de nuestra fuerza laboral afirma sentirse incapacitada para hacer uso de tecnolog\u00edas digitales en su puesto de trabajo. Se trata de una de las cifras m\u00e1s altas de toda la Uni\u00f3n, lo que nos sit\u00faa como una de las econom\u00edas menos preparadas para afrontar la transformaci\u00f3n digital. De hecho, la media europea est\u00e1 en el 15% y pa\u00edses como Alemania, Reino Unido o Pa\u00edses Bajos ostentan un porcentaje que es la mitad de Espa\u00f1a. Como consecuencia, Espa\u00f1a es el s\u00e9ptimo estado de la Uni\u00f3n Europea con mayor porcentaje de ciudadan\u00eda que se considera incapacitada, digitalmente hablando, para realizar su trabajo; el significado de esta realidad es muy peligrosa: en t\u00e9rminos de competitividad, veinti\u00fan Estados europeos nos superan en capacitaci\u00f3n tecnol\u00f3gica.<\/p>\n<p><img decoding=\"async\" class=\"aligncenter wp-image-582061 size-full lazyload\" data-src=\"http:\/\/ugtcomunicaciones.es\/wordpress\/wp-content\/uploads\/2020\/05\/preparacion-digital_2.jpg\" alt=\"\" width=\"722\" height=\"365\" data-srcset=\"https:\/\/www.ugtcomunicaciones.es\/wordpress\/wp-content\/uploads\/2020\/05\/preparacion-digital_2.jpg 722w, https:\/\/www.ugtcomunicaciones.es\/wordpress\/wp-content\/uploads\/2020\/05\/preparacion-digital_2-300x152.jpg 300w, https:\/\/www.ugtcomunicaciones.es\/wordpress\/wp-content\/uploads\/2020\/05\/preparacion-digital_2-640x324.jpg 640w, https:\/\/www.ugtcomunicaciones.es\/wordpress\/wp-content\/uploads\/2020\/05\/preparacion-digital_2-681x344.jpg 681w\" data-sizes=\"(max-width: 722px) 100vw, 722px\" src=\"data:image\/svg+xml;base64,PHN2ZyB3aWR0aD0iMSIgaGVpZ2h0PSIxIiB4bWxucz0iaHR0cDovL3d3dy53My5vcmcvMjAwMC9zdmciPjwvc3ZnPg==\" style=\"--smush-placeholder-width: 722px; --smush-placeholder-aspect-ratio: 722\/365;\" \/><\/p>\n<p style=\"text-align: justify;\">A pesar de todo, lo peor no es el alt\u00edsimo porcentaje de personas con dificultades para desenvolverse con herramientas digitales, sino que su n\u00famero tiende a aumentar con el paso de los a\u00f1os: desde 2017, han aumentado en 2 puntos porcentuales, mientras que la media europea ha descendido en otros dos puntos.<\/p>\n<p style=\"text-align: justify;\">Detr\u00e1s de este empeoramiento hay una organizaci\u00f3n laboral ineficiente y obsoleta (las largas jornadas laborales hacen que un 34% de las personas trabajadoras no se formen por falta de tiempo) y la falta de sensibilizaci\u00f3n del empresariado espa\u00f1ol, que no es capaz de dar el salto hacia la transformaci\u00f3n digital, lo que lleva a un 23% de los encuestados a declarar que \u201cno considera necesario\u201d formarse en nuevas tecnolog\u00edas.<\/p>\n<p><img decoding=\"async\" class=\"aligncenter wp-image-582062 size-full lazyload\" data-src=\"http:\/\/ugtcomunicaciones.es\/wordpress\/wp-content\/uploads\/2020\/05\/preparacion-digital_3.jpg\" alt=\"\" width=\"718\" height=\"302\" data-srcset=\"https:\/\/www.ugtcomunicaciones.es\/wordpress\/wp-content\/uploads\/2020\/05\/preparacion-digital_3.jpg 718w, https:\/\/www.ugtcomunicaciones.es\/wordpress\/wp-content\/uploads\/2020\/05\/preparacion-digital_3-300x126.jpg 300w, https:\/\/www.ugtcomunicaciones.es\/wordpress\/wp-content\/uploads\/2020\/05\/preparacion-digital_3-640x269.jpg 640w, https:\/\/www.ugtcomunicaciones.es\/wordpress\/wp-content\/uploads\/2020\/05\/preparacion-digital_3-681x286.jpg 681w\" data-sizes=\"(max-width: 718px) 100vw, 718px\" src=\"data:image\/svg+xml;base64,PHN2ZyB3aWR0aD0iMSIgaGVpZ2h0PSIxIiB4bWxucz0iaHR0cDovL3d3dy53My5vcmcvMjAwMC9zdmciPjwvc3ZnPg==\" style=\"--smush-placeholder-width: 718px; --smush-placeholder-aspect-ratio: 718\/302;\" \/><\/p>\n<p style=\"text-align: justify;\">Aunque estamos ante un hecho grav\u00edsimo, no deber\u00eda extra\u00f1arnos ni las cifras ni el retroceso. En los \u00faltimos a\u00f1os no se han conformado ni planes formativos masivos ni se han tomado medidas de calado para remediar esta situaci\u00f3n, y cada a\u00f1o que pasa es un a\u00f1o perdido.<\/p>\n<p style=\"text-align: justify;\">As\u00ed, todav\u00eda en el presente, un 40% de los parados no tiene ninguna competencia inform\u00e1tica y m\u00e1s de la mitad de la poblaci\u00f3n espa\u00f1ola solo acredita competencias digitales b\u00e1sicas (54%)<sup class=\"modern-footnotes-footnote \" data-mfn=\"2\" data-mfn-post-scope=\"000000000000413c0000000000000000_582053\"><a href=\"javascript:void(0)\"  role=\"button\" aria-pressed=\"false\" aria-describedby=\"mfn-content-000000000000413c0000000000000000_582053-2\">2<\/a><\/sup><span id=\"mfn-content-000000000000413c0000000000000000_582053-2\" role=\"tooltip\" class=\"modern-footnotes-footnote__note\" tabindex=\"0\" data-mfn=\"2\"><a href=\"https:\/\/www.ugt.es\/hace-falta-impulsar-un-plan-nacional-de-inclusion-tecnologica-cuyo-eje-sea-la-formacion\" target=\"_blank\" rel=\"noopener noreferrer\">https:\/\/www.ugt.es\/hace-falta-impulsar-un-plan-nacional-de-inclusion-tecnologica-cuyo-eje-sea-la-formacion<\/a><\/span>.<\/p>\n<p style=\"text-align: justify;\">Lo l\u00f3gico ante esta dram\u00e1tica situaci\u00f3n seria reaccionar, pero precisamente estamos haciendo lo contrario: en 2019, s\u00f3lo un 22% de las compa\u00f1\u00edas espa\u00f1olas formaron en nuevas tecnolog\u00edas a sus empleados<sup class=\"modern-footnotes-footnote \" data-mfn=\"3\" data-mfn-post-scope=\"000000000000413c0000000000000000_582053\"><a href=\"javascript:void(0)\"  role=\"button\" aria-pressed=\"false\" aria-describedby=\"mfn-content-000000000000413c0000000000000000_582053-3\">3<\/a><\/sup><span id=\"mfn-content-000000000000413c0000000000000000_582053-3\" role=\"tooltip\" class=\"modern-footnotes-footnote__note\" tabindex=\"0\" data-mfn=\"3\"><a href=\"https:\/\/www.ugt.es\/el-bajo-nivel-de-digitalizacion-de-nuestras-empresas-esta-lastrando-el-crecimiento-economico\" target=\"_blank\" rel=\"noopener noreferrer\">https:\/\/www.ugt.es\/el-bajo-nivel-de-digitalizacion-de-nuestras-empresas-esta-lastrando-el-crecimiento-economico<\/a><\/span>\u00a0y solo un 7% de la ciudadan\u00eda espa\u00f1ola ha realizado alg\u00fan tipo de formaci\u00f3n relacionada con la inform\u00e1tica en el \u00faltimo a\u00f1o.<\/p>\n<p style=\"text-align: justify;\"><strong><span style=\"color: #ff0000;\">UGT<\/span><\/strong> reitera la necesidad de celebrar un gran Pacto de Estado para impulsar un Plan Nacional de Inclusi\u00f3n Tecnol\u00f3gica, que coloque la formaci\u00f3n y recualificaci\u00f3n digital como eje central para acabar el retraso tecnol\u00f3gico que sufre nuestra fuerza laboral.<\/p>\n<p style=\"text-align: justify;\">Espa\u00f1a tiene que reaccionar de inmediato y comenzar a tomar medidas vanguardias y acordes con el desaf\u00edo que tenemos enfrente. Por ello, el Sindicato sigue apostando por una reserva de horas semanales para la formaci\u00f3n profesional, que permita a las personas trabajadores adaptarse a esta nueva realidad digital y que permite a nuestra econom\u00eda mantenerse competitiva y fuerte.<\/p>\n<h4 style=\"text-align: right;\"><strong><span style=\"color: #ff0000;\">UGT<\/span> Comunicaciones<\/strong><\/h4>\n<p><a href=\"#_ftnref1\" name=\"_ftn1\"><\/a><\/p>\n","protected":false},"excerpt":{"rendered":"<p>El \u00faltimo eurobar\u00f3metro de Eurostat constata un nuevo retroceso en las capacidades digitales de personas trabajadoras y ciudadan\u00eda, coloc\u00e1ndonos en el furg\u00f3n de cola de Europa. El 19% de nuestra fuerza laboral se considera incapacitada para hacer uso de tecnolog\u00edas digitales en su puesto de trabajo. Somos uno de los pocos pa\u00edses que retrocede en [&hellip;]<\/p>\n","protected":false},"author":3,"featured_media":582057,"comment_status":"closed","ping_status":"closed","sticky":false,"template":"","format":"standard","meta":{"footnotes":""},"categories":[13,12],"tags":[],"class_list":["post-582053","post","type-post","status-publish","format-standard","has-post-thumbnail","hentry","category-mercado-comunicaciones","category-regulacion"],"yoast_head":"<!-- This site is optimized with the Yoast SEO Premium plugin v27.3 (Yoast SEO v27.4) - https:\/\/yoast.com\/product\/yoast-seo-premium-wordpress\/ -->\n<title>La preparaci\u00f3n digital de nuestra fuerza laboral toca suelo - UGT Comunicaciones<\/title>\n<meta name=\"robots\" content=\"index, follow, max-snippet:-1, max-image-preview:large, max-video-preview:-1\" \/>\n<link rel=\"canonical\" href=\"https:\/\/www.ugtcomunicaciones.es\/wordpress\/582053-2\/\" \/>\n<meta property=\"og:locale\" content=\"es_ES\" \/>\n<meta property=\"og:type\" content=\"article\" \/>\n<meta property=\"og:title\" content=\"La preparaci\u00f3n digital de nuestra fuerza laboral toca suelo\" \/>\n<meta property=\"og:description\" content=\"El \u00faltimo eurobar\u00f3metro de Eurostat constata un nuevo retroceso en las capacidades digitales de personas trabajadoras y ciudadan\u00eda, coloc\u00e1ndonos en el furg\u00f3n de cola de Europa. El 19% de nuestra fuerza laboral se considera incapacitada para hacer uso de tecnolog\u00edas digitales en su puesto de trabajo. Somos uno de los pocos pa\u00edses que retrocede en [&hellip;]\" \/>\n<meta property=\"og:url\" content=\"https:\/\/www.ugtcomunicaciones.es\/wordpress\/582053-2\/\" \/>\n<meta property=\"og:site_name\" content=\"UGT Comunicaciones\" \/>\n<meta property=\"article:publisher\" content=\"https:\/\/www.facebook.com\/ugt.comunicaciones\/\" \/>\n<meta property=\"article:published_time\" content=\"2020-05-25T06:00:48+00:00\" \/>\n<meta property=\"og:image\" content=\"https:\/\/www.ugtcomunicaciones.es\/wordpress\/wp-content\/uploads\/2020\/05\/preparacion-digital.jpg\" \/>\n\t<meta property=\"og:image:width\" content=\"600\" \/>\n\t<meta property=\"og:image:height\" content=\"338\" \/>\n\t<meta property=\"og:image:type\" content=\"image\/jpeg\" \/>\n<meta name=\"author\" content=\"UGT\" \/>\n<meta name=\"twitter:card\" content=\"summary_large_image\" \/>\n<meta name=\"twitter:creator\" content=\"@ugtcom\" \/>\n<meta name=\"twitter:site\" content=\"@ugtcom\" \/>\n<meta name=\"twitter:label1\" content=\"Escrito por\" \/>\n\t<meta name=\"twitter:data1\" content=\"UGT\" \/>\n\t<meta name=\"twitter:label2\" content=\"Tiempo de lectura\" \/>\n\t<meta name=\"twitter:data2\" content=\"4 minutos\" \/>\n<script type=\"application\/ld+json\" class=\"yoast-schema-graph\">{\"@context\":\"https:\\\/\\\/schema.org\",\"@graph\":[{\"@type\":\"Article\",\"@id\":\"https:\\\/\\\/www.ugtcomunicaciones.es\\\/wordpress\\\/582053-2\\\/#article\",\"isPartOf\":{\"@id\":\"https:\\\/\\\/www.ugtcomunicaciones.es\\\/wordpress\\\/582053-2\\\/\"},\"author\":{\"name\":\"UGT\",\"@id\":\"https:\\\/\\\/www.ugtcomunicaciones.es\\\/wordpress\\\/#\\\/schema\\\/person\\\/eba0fc3fe5b444531d94d4368cba89ed\"},\"headline\":\"La preparaci\u00f3n digital de nuestra fuerza laboral toca suelo\",\"datePublished\":\"2020-05-25T06:00:48+00:00\",\"mainEntityOfPage\":{\"@id\":\"https:\\\/\\\/www.ugtcomunicaciones.es\\\/wordpress\\\/582053-2\\\/\"},\"wordCount\":843,\"publisher\":{\"@id\":\"https:\\\/\\\/www.ugtcomunicaciones.es\\\/wordpress\\\/#organization\"},\"image\":{\"@id\":\"https:\\\/\\\/www.ugtcomunicaciones.es\\\/wordpress\\\/582053-2\\\/#primaryimage\"},\"thumbnailUrl\":\"https:\\\/\\\/www.ugtcomunicaciones.es\\\/wordpress\\\/wp-content\\\/uploads\\\/2020\\\/05\\\/preparacion-digital.jpg\",\"articleSection\":[\"Mercado Comunicaciones\",\"Regulaci\u00f3n\"],\"inLanguage\":\"es\"},{\"@type\":\"WebPage\",\"@id\":\"https:\\\/\\\/www.ugtcomunicaciones.es\\\/wordpress\\\/582053-2\\\/\",\"url\":\"https:\\\/\\\/www.ugtcomunicaciones.es\\\/wordpress\\\/582053-2\\\/\",\"name\":\"La preparaci\u00f3n digital de nuestra fuerza laboral toca suelo - UGT Comunicaciones\",\"isPartOf\":{\"@id\":\"https:\\\/\\\/www.ugtcomunicaciones.es\\\/wordpress\\\/#website\"},\"primaryImageOfPage\":{\"@id\":\"https:\\\/\\\/www.ugtcomunicaciones.es\\\/wordpress\\\/582053-2\\\/#primaryimage\"},\"image\":{\"@id\":\"https:\\\/\\\/www.ugtcomunicaciones.es\\\/wordpress\\\/582053-2\\\/#primaryimage\"},\"thumbnailUrl\":\"https:\\\/\\\/www.ugtcomunicaciones.es\\\/wordpress\\\/wp-content\\\/uploads\\\/2020\\\/05\\\/preparacion-digital.jpg\",\"datePublished\":\"2020-05-25T06:00:48+00:00\",\"breadcrumb\":{\"@id\":\"https:\\\/\\\/www.ugtcomunicaciones.es\\\/wordpress\\\/582053-2\\\/#breadcrumb\"},\"inLanguage\":\"es\",\"potentialAction\":[{\"@type\":\"ReadAction\",\"target\":[\"https:\\\/\\\/www.ugtcomunicaciones.es\\\/wordpress\\\/582053-2\\\/\"]}]},{\"@type\":\"ImageObject\",\"inLanguage\":\"es\",\"@id\":\"https:\\\/\\\/www.ugtcomunicaciones.es\\\/wordpress\\\/582053-2\\\/#primaryimage\",\"url\":\"https:\\\/\\\/www.ugtcomunicaciones.es\\\/wordpress\\\/wp-content\\\/uploads\\\/2020\\\/05\\\/preparacion-digital.jpg\",\"contentUrl\":\"https:\\\/\\\/www.ugtcomunicaciones.es\\\/wordpress\\\/wp-content\\\/uploads\\\/2020\\\/05\\\/preparacion-digital.jpg\",\"width\":600,\"height\":338},{\"@type\":\"BreadcrumbList\",\"@id\":\"https:\\\/\\\/www.ugtcomunicaciones.es\\\/wordpress\\\/582053-2\\\/#breadcrumb\",\"itemListElement\":[{\"@type\":\"ListItem\",\"position\":1,\"name\":\"Portada\",\"item\":\"https:\\\/\\\/www.ugtcomunicaciones.es\\\/wordpress\\\/\"},{\"@type\":\"ListItem\",\"position\":2,\"name\":\"La preparaci\u00f3n digital de nuestra fuerza laboral toca suelo\"}]},{\"@type\":\"WebSite\",\"@id\":\"https:\\\/\\\/www.ugtcomunicaciones.es\\\/wordpress\\\/#website\",\"url\":\"https:\\\/\\\/www.ugtcomunicaciones.es\\\/wordpress\\\/\",\"name\":\"UGT Comunicaciones\",\"description\":\"Sindicato de Telecomunicaciones\",\"publisher\":{\"@id\":\"https:\\\/\\\/www.ugtcomunicaciones.es\\\/wordpress\\\/#organization\"},\"potentialAction\":[{\"@type\":\"SearchAction\",\"target\":{\"@type\":\"EntryPoint\",\"urlTemplate\":\"https:\\\/\\\/www.ugtcomunicaciones.es\\\/wordpress\\\/?s={search_term_string}\"},\"query-input\":{\"@type\":\"PropertyValueSpecification\",\"valueRequired\":true,\"valueName\":\"search_term_string\"}}],\"inLanguage\":\"es\"},{\"@type\":\"Organization\",\"@id\":\"https:\\\/\\\/www.ugtcomunicaciones.es\\\/wordpress\\\/#organization\",\"name\":\"UGT Comunicaciones\",\"url\":\"https:\\\/\\\/www.ugtcomunicaciones.es\\\/wordpress\\\/\",\"logo\":{\"@type\":\"ImageObject\",\"inLanguage\":\"es\",\"@id\":\"https:\\\/\\\/www.ugtcomunicaciones.es\\\/wordpress\\\/#\\\/schema\\\/logo\\\/image\\\/\",\"url\":\"https:\\\/\\\/www.ugtcomunicaciones.es\\\/wordpress\\\/wp-content\\\/uploads\\\/2024\\\/04\\\/comunicaciones_logo.png\",\"contentUrl\":\"https:\\\/\\\/www.ugtcomunicaciones.es\\\/wordpress\\\/wp-content\\\/uploads\\\/2024\\\/04\\\/comunicaciones_logo.png\",\"width\":298,\"height\":81,\"caption\":\"UGT Comunicaciones\"},\"image\":{\"@id\":\"https:\\\/\\\/www.ugtcomunicaciones.es\\\/wordpress\\\/#\\\/schema\\\/logo\\\/image\\\/\"},\"sameAs\":[\"https:\\\/\\\/www.facebook.com\\\/ugt.comunicaciones\\\/\",\"https:\\\/\\\/x.com\\\/ugtcom\"]},{\"@type\":\"Person\",\"@id\":\"https:\\\/\\\/www.ugtcomunicaciones.es\\\/wordpress\\\/#\\\/schema\\\/person\\\/eba0fc3fe5b444531d94d4368cba89ed\",\"name\":\"UGT\",\"image\":{\"@type\":\"ImageObject\",\"inLanguage\":\"es\",\"@id\":\"https:\\\/\\\/secure.gravatar.com\\\/avatar\\\/2a16057d620a4c646bcfc171c4f23030879ebbdd346f0525bd5d4a564e57e13d?s=96&d=mm&r=g\",\"url\":\"https:\\\/\\\/secure.gravatar.com\\\/avatar\\\/2a16057d620a4c646bcfc171c4f23030879ebbdd346f0525bd5d4a564e57e13d?s=96&d=mm&r=g\",\"contentUrl\":\"https:\\\/\\\/secure.gravatar.com\\\/avatar\\\/2a16057d620a4c646bcfc171c4f23030879ebbdd346f0525bd5d4a564e57e13d?s=96&d=mm&r=g\",\"caption\":\"UGT\"}}]}<\/script>\n<!-- \/ Yoast SEO Premium plugin. -->","yoast_head_json":{"title":"La preparaci\u00f3n digital de nuestra fuerza laboral toca suelo - UGT Comunicaciones","robots":{"index":"index","follow":"follow","max-snippet":"max-snippet:-1","max-image-preview":"max-image-preview:large","max-video-preview":"max-video-preview:-1"},"canonical":"https:\/\/www.ugtcomunicaciones.es\/wordpress\/582053-2\/","og_locale":"es_ES","og_type":"article","og_title":"La preparaci\u00f3n digital de nuestra fuerza laboral toca suelo","og_description":"El \u00faltimo eurobar\u00f3metro de Eurostat constata un nuevo retroceso en las capacidades digitales de personas trabajadoras y ciudadan\u00eda, coloc\u00e1ndonos en el furg\u00f3n de cola de Europa. El 19% de nuestra fuerza laboral se considera incapacitada para hacer uso de tecnolog\u00edas digitales en su puesto de trabajo. Somos uno de los pocos pa\u00edses que retrocede en [&hellip;]","og_url":"https:\/\/www.ugtcomunicaciones.es\/wordpress\/582053-2\/","og_site_name":"UGT Comunicaciones","article_publisher":"https:\/\/www.facebook.com\/ugt.comunicaciones\/","article_published_time":"2020-05-25T06:00:48+00:00","og_image":[{"width":600,"height":338,"url":"https:\/\/www.ugtcomunicaciones.es\/wordpress\/wp-content\/uploads\/2020\/05\/preparacion-digital.jpg","type":"image\/jpeg"}],"author":"UGT","twitter_card":"summary_large_image","twitter_creator":"@ugtcom","twitter_site":"@ugtcom","twitter_misc":{"Escrito por":"UGT","Tiempo de lectura":"4 minutos"},"schema":{"@context":"https:\/\/schema.org","@graph":[{"@type":"Article","@id":"https:\/\/www.ugtcomunicaciones.es\/wordpress\/582053-2\/#article","isPartOf":{"@id":"https:\/\/www.ugtcomunicaciones.es\/wordpress\/582053-2\/"},"author":{"name":"UGT","@id":"https:\/\/www.ugtcomunicaciones.es\/wordpress\/#\/schema\/person\/eba0fc3fe5b444531d94d4368cba89ed"},"headline":"La preparaci\u00f3n digital de nuestra fuerza laboral toca suelo","datePublished":"2020-05-25T06:00:48+00:00","mainEntityOfPage":{"@id":"https:\/\/www.ugtcomunicaciones.es\/wordpress\/582053-2\/"},"wordCount":843,"publisher":{"@id":"https:\/\/www.ugtcomunicaciones.es\/wordpress\/#organization"},"image":{"@id":"https:\/\/www.ugtcomunicaciones.es\/wordpress\/582053-2\/#primaryimage"},"thumbnailUrl":"https:\/\/www.ugtcomunicaciones.es\/wordpress\/wp-content\/uploads\/2020\/05\/preparacion-digital.jpg","articleSection":["Mercado Comunicaciones","Regulaci\u00f3n"],"inLanguage":"es"},{"@type":"WebPage","@id":"https:\/\/www.ugtcomunicaciones.es\/wordpress\/582053-2\/","url":"https:\/\/www.ugtcomunicaciones.es\/wordpress\/582053-2\/","name":"La preparaci\u00f3n digital de nuestra fuerza laboral toca suelo - UGT Comunicaciones","isPartOf":{"@id":"https:\/\/www.ugtcomunicaciones.es\/wordpress\/#website"},"primaryImageOfPage":{"@id":"https:\/\/www.ugtcomunicaciones.es\/wordpress\/582053-2\/#primaryimage"},"image":{"@id":"https:\/\/www.ugtcomunicaciones.es\/wordpress\/582053-2\/#primaryimage"},"thumbnailUrl":"https:\/\/www.ugtcomunicaciones.es\/wordpress\/wp-content\/uploads\/2020\/05\/preparacion-digital.jpg","datePublished":"2020-05-25T06:00:48+00:00","breadcrumb":{"@id":"https:\/\/www.ugtcomunicaciones.es\/wordpress\/582053-2\/#breadcrumb"},"inLanguage":"es","potentialAction":[{"@type":"ReadAction","target":["https:\/\/www.ugtcomunicaciones.es\/wordpress\/582053-2\/"]}]},{"@type":"ImageObject","inLanguage":"es","@id":"https:\/\/www.ugtcomunicaciones.es\/wordpress\/582053-2\/#primaryimage","url":"https:\/\/www.ugtcomunicaciones.es\/wordpress\/wp-content\/uploads\/2020\/05\/preparacion-digital.jpg","contentUrl":"https:\/\/www.ugtcomunicaciones.es\/wordpress\/wp-content\/uploads\/2020\/05\/preparacion-digital.jpg","width":600,"height":338},{"@type":"BreadcrumbList","@id":"https:\/\/www.ugtcomunicaciones.es\/wordpress\/582053-2\/#breadcrumb","itemListElement":[{"@type":"ListItem","position":1,"name":"Portada","item":"https:\/\/www.ugtcomunicaciones.es\/wordpress\/"},{"@type":"ListItem","position":2,"name":"La preparaci\u00f3n digital de nuestra fuerza laboral toca suelo"}]},{"@type":"WebSite","@id":"https:\/\/www.ugtcomunicaciones.es\/wordpress\/#website","url":"https:\/\/www.ugtcomunicaciones.es\/wordpress\/","name":"UGT Comunicaciones","description":"Sindicato de Telecomunicaciones","publisher":{"@id":"https:\/\/www.ugtcomunicaciones.es\/wordpress\/#organization"},"potentialAction":[{"@type":"SearchAction","target":{"@type":"EntryPoint","urlTemplate":"https:\/\/www.ugtcomunicaciones.es\/wordpress\/?s={search_term_string}"},"query-input":{"@type":"PropertyValueSpecification","valueRequired":true,"valueName":"search_term_string"}}],"inLanguage":"es"},{"@type":"Organization","@id":"https:\/\/www.ugtcomunicaciones.es\/wordpress\/#organization","name":"UGT Comunicaciones","url":"https:\/\/www.ugtcomunicaciones.es\/wordpress\/","logo":{"@type":"ImageObject","inLanguage":"es","@id":"https:\/\/www.ugtcomunicaciones.es\/wordpress\/#\/schema\/logo\/image\/","url":"https:\/\/www.ugtcomunicaciones.es\/wordpress\/wp-content\/uploads\/2024\/04\/comunicaciones_logo.png","contentUrl":"https:\/\/www.ugtcomunicaciones.es\/wordpress\/wp-content\/uploads\/2024\/04\/comunicaciones_logo.png","width":298,"height":81,"caption":"UGT Comunicaciones"},"image":{"@id":"https:\/\/www.ugtcomunicaciones.es\/wordpress\/#\/schema\/logo\/image\/"},"sameAs":["https:\/\/www.facebook.com\/ugt.comunicaciones\/","https:\/\/x.com\/ugtcom"]},{"@type":"Person","@id":"https:\/\/www.ugtcomunicaciones.es\/wordpress\/#\/schema\/person\/eba0fc3fe5b444531d94d4368cba89ed","name":"UGT","image":{"@type":"ImageObject","inLanguage":"es","@id":"https:\/\/secure.gravatar.com\/avatar\/2a16057d620a4c646bcfc171c4f23030879ebbdd346f0525bd5d4a564e57e13d?s=96&d=mm&r=g","url":"https:\/\/secure.gravatar.com\/avatar\/2a16057d620a4c646bcfc171c4f23030879ebbdd346f0525bd5d4a564e57e13d?s=96&d=mm&r=g","contentUrl":"https:\/\/secure.gravatar.com\/avatar\/2a16057d620a4c646bcfc171c4f23030879ebbdd346f0525bd5d4a564e57e13d?s=96&d=mm&r=g","caption":"UGT"}}]}},"_links":{"self":[{"href":"https:\/\/www.ugtcomunicaciones.es\/wordpress\/wp-json\/wp\/v2\/posts\/582053","targetHints":{"allow":["GET"]}}],"collection":[{"href":"https:\/\/www.ugtcomunicaciones.es\/wordpress\/wp-json\/wp\/v2\/posts"}],"about":[{"href":"https:\/\/www.ugtcomunicaciones.es\/wordpress\/wp-json\/wp\/v2\/types\/post"}],"author":[{"embeddable":true,"href":"https:\/\/www.ugtcomunicaciones.es\/wordpress\/wp-json\/wp\/v2\/users\/3"}],"replies":[{"embeddable":true,"href":"https:\/\/www.ugtcomunicaciones.es\/wordpress\/wp-json\/wp\/v2\/comments?post=582053"}],"version-history":[{"count":0,"href":"https:\/\/www.ugtcomunicaciones.es\/wordpress\/wp-json\/wp\/v2\/posts\/582053\/revisions"}],"wp:featuredmedia":[{"embeddable":true,"href":"https:\/\/www.ugtcomunicaciones.es\/wordpress\/wp-json\/wp\/v2\/media\/582057"}],"wp:attachment":[{"href":"https:\/\/www.ugtcomunicaciones.es\/wordpress\/wp-json\/wp\/v2\/media?parent=582053"}],"wp:term":[{"taxonomy":"category","embeddable":true,"href":"https:\/\/www.ugtcomunicaciones.es\/wordpress\/wp-json\/wp\/v2\/categories?post=582053"},{"taxonomy":"post_tag","embeddable":true,"href":"https:\/\/www.ugtcomunicaciones.es\/wordpress\/wp-json\/wp\/v2\/tags?post=582053"}],"curies":[{"name":"wp","href":"https:\/\/api.w.org\/{rel}","templated":true}]}}