{"id":590599,"date":"2020-05-28T12:53:56","date_gmt":"2020-05-28T11:53:56","guid":{"rendered":"http:\/\/ugtcomunicaciones.es\/wordpress\/?p=590599"},"modified":"2020-05-28T12:53:56","modified_gmt":"2020-05-28T11:53:56","slug":"comienza-uno-de-los-periodos-competitivos-mas-inciertos-de-nuestra-historia","status":"publish","type":"post","link":"https:\/\/www.ugtcomunicaciones.es\/wordpress\/comienza-uno-de-los-periodos-competitivos-mas-inciertos-de-nuestra-historia\/","title":{"rendered":"Comienza uno de los periodos competitivos m\u00e1s inciertos de nuestra historia"},"content":{"rendered":"<p style=\"text-align: justify;\">El anuncio por parte del Gobierno de la\u00a0<strong>apertura de las portabilidades<\/strong>\u00a0da el pistoletazo de salida a uno de los periodos con mayor incertidumbre competitiva en la historia de nuestro Sector, equiparable al acaecido en 1998, cuando se liber\u00f3 el mercado de las telecomunicaciones en nuestro pa\u00eds.<\/p>\n<p style=\"text-align: justify;\">Con un entorno macroecon\u00f3mico marcado por el descenso de PIB a ritmos nunca vistos, con tasas de paro que podr\u00edan superar las ratios de la Gran Recesi\u00f3n de hace una d\u00e9cada y con\u00a0<strong>el contexto sanitario a\u00fan en m\u00e1xima alerta<\/strong>\u00a0(situaci\u00f3n que, no lo olvidemos, nos acompa\u00f1ar\u00e1 a\u00fan un tiempo),\u00a0<strong>nuestro mercado pulsa el\u00a0<em>play<\/em><\/strong>\u00a0despu\u00e9s de dos meses en pausa.<\/p>\n<p style=\"text-align: justify;\">Por tanto,\u00a0<strong>en s\u00f3lo cinco d\u00edas h\u00e1biles pasaremos casi del 0 al 100 %<\/strong>, amenazando generar, como ya hemos denunciado anteriormente,\u00a0<strong>un laberinto organizativo y sanitario<\/strong>, que correr\u00e1 en paralelo con\u00a0<strong>un panorama sectorial desconocido<\/strong>, con todos los ingredientes para conformar un c\u00f3ctel explosivo.<\/p>\n<p style=\"text-align: justify;\">Por un lado, debemos enfrentar la parte regulatoria y burs\u00e1til, con\u00a0<strong>acciones en m\u00ednimos hist\u00f3ricos<\/strong>,\u00a0<strong>nuevos competidores low-cost<\/strong>\u00a0con ofertas muy agresivas,\u00a0<strong>la ingente inversi\u00f3n en 5G<\/strong>\u00a0a la vuelta de la esquina, una\u00a0<strong>regulaci\u00f3n deficiente y obsoleta,<\/strong>\u00a0centrada en la ya conocida din\u00e1mica de apostar por el precio en vez de por la competencia en infraestructuras, y un volumen de\u00a0<strong>empleo en franca recesi\u00f3n<\/strong>\u00a0en todas las operadoras en Espa\u00f1a y Europa.<\/p>\n<p style=\"text-align: justify;\">Por otro, tendremos que\u00a0<strong>encajar la situaci\u00f3n de nuestros clientes<\/strong>, dando contestaci\u00f3n a preguntas de dif\u00edcil respuesta, respecto a\u00a0<strong>c\u00f3mo afectar\u00e1 a nuestro mercado residencial y gran p\u00fablico la disminuci\u00f3n de la renta<\/strong>\u00a0en movimiento, con una gran parte de la poblaci\u00f3n en ERTE o desempleo,\u00a0<strong>qu\u00e9 repercusi\u00f3n tendr\u00e1 el impacto de la pandemia en las empresas<\/strong>\u00a0<strong>y c\u00f3mo afectar\u00e1 a nuestro segmento de peque\u00f1a y mediana empresa<\/strong>, afectado ya por la anterior crisis, o\u00a0<strong>c\u00f3mo reaccionar\u00e1n los grandes clientes y en qu\u00e9 medida ser\u00e1n capaces de sostener los contratos<\/strong>\u00a0tal y como fueron concebidos o forzar renegociaciones que generen severas tensiones de caja.<\/p>\n<p style=\"text-align: justify;\">Todas las operadoras preparan\u00a0<strong>un aluvi\u00f3n de ofertas<\/strong>, que perfilan el devenir fundament\u00e1ndose en el papel que jugar\u00e1n\u00a0<strong>la banda ancha<\/strong>\u00a0<strong>y el<\/strong>\u00a0<strong>valor a\u00f1adido del entretenimiento<\/strong>\u00a0(series, TV) en la fidelizaci\u00f3n, ante otro posible confinamiento.<\/p>\n<p style=\"text-align: justify;\">Ante este complejo escenario,\u00a0<strong>la contenci\u00f3n de bajas, la captura de nuevos clientes y la fidelizaci\u00f3n<\/strong>\u00a0como factores competitivos ser\u00e1n algunas de las muchas claves que marcar\u00e1n el futuro inmediato del sector,\u00a0<strong>tensionando la actividad y las condiciones laborales<\/strong>.<\/p>\n<p style=\"text-align: justify;\"><span style=\"color: #ff0000;\"><strong>UGT<\/strong><\/span>\u00a0<strong>Comunicaciones<\/strong>\u00a0es plenamente consciente del desaf\u00edo que tenemos por delante. Un reto competitivo que tendr\u00e1, sin duda, interacciones con nuestra vida laboral. Un complejo escenario en el que no cabe ponerse de perfil, sino\u00a0<strong>prepararse, informar y actuar<\/strong>.<\/p>\n<p style=\"text-align: justify;\">Y en estos momentos es cuando\u00a0<strong>cobra m\u00e1s importancia que nunca tener un Convenio como el vigente<\/strong>, quiz\u00e1s el m\u00e1s garantista del pa\u00eds y sin duda el mejor del Sector. Un convenio s\u00f3lido en derechos fruto del compromiso y la capacidad de\u00a0<span style=\"color: #ff0000;\"><strong>UGT<\/strong><\/span>, demostrada crisis tras crisis, de\u00a0<strong>dialogar, negociar y acordar<\/strong>; de\u00a0<strong>mantener una interlocuci\u00f3n<\/strong>\u00a0que nos dota de suficiente experiencia y fortaleza para afrontar\u00a0<strong>cualquier escenario<\/strong>\u00a0que se presente, lo que nos convierte, una vez m\u00e1s, en la\u00a0<strong>garant\u00eda de futuro<\/strong>\u00a0que precisan las personas trabajadoras.<\/p>\n<h4 style=\"text-align: right;\"><strong><span style=\"color: #ff0000;\">UGT<\/span> Comunicaciones<\/strong><\/h4>\n<p>&nbsp;<\/p>\n","protected":false},"excerpt":{"rendered":"<p>El anuncio por parte del Gobierno de la\u00a0apertura de las portabilidades\u00a0da el pistoletazo de salida a uno de los periodos con mayor incertidumbre competitiva en la historia de nuestro Sector, equiparable al acaecido en 1998, cuando se liber\u00f3 el mercado de las telecomunicaciones en nuestro pa\u00eds. Con un entorno macroecon\u00f3mico marcado por el descenso de [&hellip;]<\/p>\n","protected":false},"author":3,"featured_media":590630,"comment_status":"closed","ping_status":"closed","sticky":false,"template":"","format":"standard","meta":{"footnotes":""},"categories":[8,25,7,26],"tags":[],"class_list":["post-590599","post","type-post","status-publish","format-standard","has-post-thumbnail","hentry","category-telefonica-cev","category-telefonica","category-telefonica-moviles","category-telefonica-soluciones"],"yoast_head":"<!-- This site is optimized with the Yoast SEO Premium plugin v27.3 (Yoast SEO v27.4) - https:\/\/yoast.com\/product\/yoast-seo-premium-wordpress\/ -->\n<title>Comienza uno de los periodos competitivos m\u00e1s inciertos de nuestra historia - UGT Comunicaciones<\/title>\n<meta name=\"robots\" content=\"index, follow, max-snippet:-1, max-image-preview:large, max-video-preview:-1\" \/>\n<link rel=\"canonical\" href=\"https:\/\/www.ugtcomunicaciones.es\/wordpress\/comienza-uno-de-los-periodos-competitivos-mas-inciertos-de-nuestra-historia\/\" \/>\n<meta property=\"og:locale\" content=\"es_ES\" \/>\n<meta property=\"og:type\" content=\"article\" \/>\n<meta property=\"og:title\" content=\"Comienza uno de los periodos competitivos m\u00e1s inciertos de nuestra historia\" \/>\n<meta property=\"og:description\" content=\"El anuncio por parte del Gobierno de la\u00a0apertura de las portabilidades\u00a0da el pistoletazo de salida a uno de los periodos con mayor incertidumbre competitiva en la historia de nuestro Sector, equiparable al acaecido en 1998, cuando se liber\u00f3 el mercado de las telecomunicaciones en nuestro pa\u00eds. Con un entorno macroecon\u00f3mico marcado por el descenso de [&hellip;]\" \/>\n<meta property=\"og:url\" content=\"https:\/\/www.ugtcomunicaciones.es\/wordpress\/comienza-uno-de-los-periodos-competitivos-mas-inciertos-de-nuestra-historia\/\" \/>\n<meta property=\"og:site_name\" content=\"UGT Comunicaciones\" \/>\n<meta property=\"article:publisher\" content=\"https:\/\/www.facebook.com\/ugt.comunicaciones\/\" \/>\n<meta property=\"article:published_time\" content=\"2020-05-28T11:53:56+00:00\" \/>\n<meta property=\"og:image\" content=\"https:\/\/www.ugtcomunicaciones.es\/wordpress\/wp-content\/uploads\/2020\/05\/portabilidades-01.jpg\" \/>\n\t<meta property=\"og:image:width\" content=\"600\" \/>\n\t<meta property=\"og:image:height\" content=\"291\" \/>\n\t<meta property=\"og:image:type\" content=\"image\/jpeg\" \/>\n<meta name=\"author\" content=\"UGT\" \/>\n<meta name=\"twitter:card\" content=\"summary_large_image\" \/>\n<meta name=\"twitter:creator\" content=\"@ugtcom\" \/>\n<meta name=\"twitter:site\" content=\"@ugtcom\" \/>\n<meta name=\"twitter:label1\" content=\"Escrito por\" \/>\n\t<meta name=\"twitter:data1\" content=\"UGT\" \/>\n\t<meta name=\"twitter:label2\" content=\"Tiempo de lectura\" \/>\n\t<meta name=\"twitter:data2\" content=\"3 minutos\" \/>\n<script type=\"application\/ld+json\" class=\"yoast-schema-graph\">{\"@context\":\"https:\\\/\\\/schema.org\",\"@graph\":[{\"@type\":\"Article\",\"@id\":\"https:\\\/\\\/www.ugtcomunicaciones.es\\\/wordpress\\\/comienza-uno-de-los-periodos-competitivos-mas-inciertos-de-nuestra-historia\\\/#article\",\"isPartOf\":{\"@id\":\"https:\\\/\\\/www.ugtcomunicaciones.es\\\/wordpress\\\/comienza-uno-de-los-periodos-competitivos-mas-inciertos-de-nuestra-historia\\\/\"},\"author\":{\"name\":\"UGT\",\"@id\":\"https:\\\/\\\/www.ugtcomunicaciones.es\\\/wordpress\\\/#\\\/schema\\\/person\\\/eba0fc3fe5b444531d94d4368cba89ed\"},\"headline\":\"Comienza uno de los periodos competitivos m\u00e1s inciertos de nuestra historia\",\"datePublished\":\"2020-05-28T11:53:56+00:00\",\"mainEntityOfPage\":{\"@id\":\"https:\\\/\\\/www.ugtcomunicaciones.es\\\/wordpress\\\/comienza-uno-de-los-periodos-competitivos-mas-inciertos-de-nuestra-historia\\\/\"},\"wordCount\":597,\"publisher\":{\"@id\":\"https:\\\/\\\/www.ugtcomunicaciones.es\\\/wordpress\\\/#organization\"},\"image\":{\"@id\":\"https:\\\/\\\/www.ugtcomunicaciones.es\\\/wordpress\\\/comienza-uno-de-los-periodos-competitivos-mas-inciertos-de-nuestra-historia\\\/#primaryimage\"},\"thumbnailUrl\":\"https:\\\/\\\/www.ugtcomunicaciones.es\\\/wordpress\\\/wp-content\\\/uploads\\\/2020\\\/05\\\/portabilidades-01.jpg\",\"articleSection\":[\"Telef\u00f3nica CEV\",\"Telef\u00f3nica de Espa\u00f1a\",\"Telef\u00f3nica M\u00f3viles\",\"Telef\u00f3nica Soluciones\"],\"inLanguage\":\"es\"},{\"@type\":\"WebPage\",\"@id\":\"https:\\\/\\\/www.ugtcomunicaciones.es\\\/wordpress\\\/comienza-uno-de-los-periodos-competitivos-mas-inciertos-de-nuestra-historia\\\/\",\"url\":\"https:\\\/\\\/www.ugtcomunicaciones.es\\\/wordpress\\\/comienza-uno-de-los-periodos-competitivos-mas-inciertos-de-nuestra-historia\\\/\",\"name\":\"Comienza uno de los periodos competitivos m\u00e1s inciertos de nuestra historia - UGT Comunicaciones\",\"isPartOf\":{\"@id\":\"https:\\\/\\\/www.ugtcomunicaciones.es\\\/wordpress\\\/#website\"},\"primaryImageOfPage\":{\"@id\":\"https:\\\/\\\/www.ugtcomunicaciones.es\\\/wordpress\\\/comienza-uno-de-los-periodos-competitivos-mas-inciertos-de-nuestra-historia\\\/#primaryimage\"},\"image\":{\"@id\":\"https:\\\/\\\/www.ugtcomunicaciones.es\\\/wordpress\\\/comienza-uno-de-los-periodos-competitivos-mas-inciertos-de-nuestra-historia\\\/#primaryimage\"},\"thumbnailUrl\":\"https:\\\/\\\/www.ugtcomunicaciones.es\\\/wordpress\\\/wp-content\\\/uploads\\\/2020\\\/05\\\/portabilidades-01.jpg\",\"datePublished\":\"2020-05-28T11:53:56+00:00\",\"breadcrumb\":{\"@id\":\"https:\\\/\\\/www.ugtcomunicaciones.es\\\/wordpress\\\/comienza-uno-de-los-periodos-competitivos-mas-inciertos-de-nuestra-historia\\\/#breadcrumb\"},\"inLanguage\":\"es\",\"potentialAction\":[{\"@type\":\"ReadAction\",\"target\":[\"https:\\\/\\\/www.ugtcomunicaciones.es\\\/wordpress\\\/comienza-uno-de-los-periodos-competitivos-mas-inciertos-de-nuestra-historia\\\/\"]}]},{\"@type\":\"ImageObject\",\"inLanguage\":\"es\",\"@id\":\"https:\\\/\\\/www.ugtcomunicaciones.es\\\/wordpress\\\/comienza-uno-de-los-periodos-competitivos-mas-inciertos-de-nuestra-historia\\\/#primaryimage\",\"url\":\"https:\\\/\\\/www.ugtcomunicaciones.es\\\/wordpress\\\/wp-content\\\/uploads\\\/2020\\\/05\\\/portabilidades-01.jpg\",\"contentUrl\":\"https:\\\/\\\/www.ugtcomunicaciones.es\\\/wordpress\\\/wp-content\\\/uploads\\\/2020\\\/05\\\/portabilidades-01.jpg\",\"width\":600,\"height\":291},{\"@type\":\"BreadcrumbList\",\"@id\":\"https:\\\/\\\/www.ugtcomunicaciones.es\\\/wordpress\\\/comienza-uno-de-los-periodos-competitivos-mas-inciertos-de-nuestra-historia\\\/#breadcrumb\",\"itemListElement\":[{\"@type\":\"ListItem\",\"position\":1,\"name\":\"Portada\",\"item\":\"https:\\\/\\\/www.ugtcomunicaciones.es\\\/wordpress\\\/\"},{\"@type\":\"ListItem\",\"position\":2,\"name\":\"Comienza uno de los periodos competitivos m\u00e1s inciertos de nuestra historia\"}]},{\"@type\":\"WebSite\",\"@id\":\"https:\\\/\\\/www.ugtcomunicaciones.es\\\/wordpress\\\/#website\",\"url\":\"https:\\\/\\\/www.ugtcomunicaciones.es\\\/wordpress\\\/\",\"name\":\"UGT Comunicaciones\",\"description\":\"Sindicato de Telecomunicaciones\",\"publisher\":{\"@id\":\"https:\\\/\\\/www.ugtcomunicaciones.es\\\/wordpress\\\/#organization\"},\"potentialAction\":[{\"@type\":\"SearchAction\",\"target\":{\"@type\":\"EntryPoint\",\"urlTemplate\":\"https:\\\/\\\/www.ugtcomunicaciones.es\\\/wordpress\\\/?s={search_term_string}\"},\"query-input\":{\"@type\":\"PropertyValueSpecification\",\"valueRequired\":true,\"valueName\":\"search_term_string\"}}],\"inLanguage\":\"es\"},{\"@type\":\"Organization\",\"@id\":\"https:\\\/\\\/www.ugtcomunicaciones.es\\\/wordpress\\\/#organization\",\"name\":\"UGT Comunicaciones\",\"url\":\"https:\\\/\\\/www.ugtcomunicaciones.es\\\/wordpress\\\/\",\"logo\":{\"@type\":\"ImageObject\",\"inLanguage\":\"es\",\"@id\":\"https:\\\/\\\/www.ugtcomunicaciones.es\\\/wordpress\\\/#\\\/schema\\\/logo\\\/image\\\/\",\"url\":\"https:\\\/\\\/www.ugtcomunicaciones.es\\\/wordpress\\\/wp-content\\\/uploads\\\/2024\\\/04\\\/comunicaciones_logo.png\",\"contentUrl\":\"https:\\\/\\\/www.ugtcomunicaciones.es\\\/wordpress\\\/wp-content\\\/uploads\\\/2024\\\/04\\\/comunicaciones_logo.png\",\"width\":298,\"height\":81,\"caption\":\"UGT Comunicaciones\"},\"image\":{\"@id\":\"https:\\\/\\\/www.ugtcomunicaciones.es\\\/wordpress\\\/#\\\/schema\\\/logo\\\/image\\\/\"},\"sameAs\":[\"https:\\\/\\\/www.facebook.com\\\/ugt.comunicaciones\\\/\",\"https:\\\/\\\/x.com\\\/ugtcom\"]},{\"@type\":\"Person\",\"@id\":\"https:\\\/\\\/www.ugtcomunicaciones.es\\\/wordpress\\\/#\\\/schema\\\/person\\\/eba0fc3fe5b444531d94d4368cba89ed\",\"name\":\"UGT\",\"image\":{\"@type\":\"ImageObject\",\"inLanguage\":\"es\",\"@id\":\"https:\\\/\\\/secure.gravatar.com\\\/avatar\\\/2a16057d620a4c646bcfc171c4f23030879ebbdd346f0525bd5d4a564e57e13d?s=96&d=mm&r=g\",\"url\":\"https:\\\/\\\/secure.gravatar.com\\\/avatar\\\/2a16057d620a4c646bcfc171c4f23030879ebbdd346f0525bd5d4a564e57e13d?s=96&d=mm&r=g\",\"contentUrl\":\"https:\\\/\\\/secure.gravatar.com\\\/avatar\\\/2a16057d620a4c646bcfc171c4f23030879ebbdd346f0525bd5d4a564e57e13d?s=96&d=mm&r=g\",\"caption\":\"UGT\"}}]}<\/script>\n<!-- \/ Yoast SEO Premium plugin. -->","yoast_head_json":{"title":"Comienza uno de los periodos competitivos m\u00e1s inciertos de nuestra historia - UGT Comunicaciones","robots":{"index":"index","follow":"follow","max-snippet":"max-snippet:-1","max-image-preview":"max-image-preview:large","max-video-preview":"max-video-preview:-1"},"canonical":"https:\/\/www.ugtcomunicaciones.es\/wordpress\/comienza-uno-de-los-periodos-competitivos-mas-inciertos-de-nuestra-historia\/","og_locale":"es_ES","og_type":"article","og_title":"Comienza uno de los periodos competitivos m\u00e1s inciertos de nuestra historia","og_description":"El anuncio por parte del Gobierno de la\u00a0apertura de las portabilidades\u00a0da el pistoletazo de salida a uno de los periodos con mayor incertidumbre competitiva en la historia de nuestro Sector, equiparable al acaecido en 1998, cuando se liber\u00f3 el mercado de las telecomunicaciones en nuestro pa\u00eds. Con un entorno macroecon\u00f3mico marcado por el descenso de [&hellip;]","og_url":"https:\/\/www.ugtcomunicaciones.es\/wordpress\/comienza-uno-de-los-periodos-competitivos-mas-inciertos-de-nuestra-historia\/","og_site_name":"UGT Comunicaciones","article_publisher":"https:\/\/www.facebook.com\/ugt.comunicaciones\/","article_published_time":"2020-05-28T11:53:56+00:00","og_image":[{"width":600,"height":291,"url":"https:\/\/www.ugtcomunicaciones.es\/wordpress\/wp-content\/uploads\/2020\/05\/portabilidades-01.jpg","type":"image\/jpeg"}],"author":"UGT","twitter_card":"summary_large_image","twitter_creator":"@ugtcom","twitter_site":"@ugtcom","twitter_misc":{"Escrito por":"UGT","Tiempo de lectura":"3 minutos"},"schema":{"@context":"https:\/\/schema.org","@graph":[{"@type":"Article","@id":"https:\/\/www.ugtcomunicaciones.es\/wordpress\/comienza-uno-de-los-periodos-competitivos-mas-inciertos-de-nuestra-historia\/#article","isPartOf":{"@id":"https:\/\/www.ugtcomunicaciones.es\/wordpress\/comienza-uno-de-los-periodos-competitivos-mas-inciertos-de-nuestra-historia\/"},"author":{"name":"UGT","@id":"https:\/\/www.ugtcomunicaciones.es\/wordpress\/#\/schema\/person\/eba0fc3fe5b444531d94d4368cba89ed"},"headline":"Comienza uno de los periodos competitivos m\u00e1s inciertos de nuestra historia","datePublished":"2020-05-28T11:53:56+00:00","mainEntityOfPage":{"@id":"https:\/\/www.ugtcomunicaciones.es\/wordpress\/comienza-uno-de-los-periodos-competitivos-mas-inciertos-de-nuestra-historia\/"},"wordCount":597,"publisher":{"@id":"https:\/\/www.ugtcomunicaciones.es\/wordpress\/#organization"},"image":{"@id":"https:\/\/www.ugtcomunicaciones.es\/wordpress\/comienza-uno-de-los-periodos-competitivos-mas-inciertos-de-nuestra-historia\/#primaryimage"},"thumbnailUrl":"https:\/\/www.ugtcomunicaciones.es\/wordpress\/wp-content\/uploads\/2020\/05\/portabilidades-01.jpg","articleSection":["Telef\u00f3nica CEV","Telef\u00f3nica de Espa\u00f1a","Telef\u00f3nica M\u00f3viles","Telef\u00f3nica Soluciones"],"inLanguage":"es"},{"@type":"WebPage","@id":"https:\/\/www.ugtcomunicaciones.es\/wordpress\/comienza-uno-de-los-periodos-competitivos-mas-inciertos-de-nuestra-historia\/","url":"https:\/\/www.ugtcomunicaciones.es\/wordpress\/comienza-uno-de-los-periodos-competitivos-mas-inciertos-de-nuestra-historia\/","name":"Comienza uno de los periodos competitivos m\u00e1s inciertos de nuestra historia - UGT Comunicaciones","isPartOf":{"@id":"https:\/\/www.ugtcomunicaciones.es\/wordpress\/#website"},"primaryImageOfPage":{"@id":"https:\/\/www.ugtcomunicaciones.es\/wordpress\/comienza-uno-de-los-periodos-competitivos-mas-inciertos-de-nuestra-historia\/#primaryimage"},"image":{"@id":"https:\/\/www.ugtcomunicaciones.es\/wordpress\/comienza-uno-de-los-periodos-competitivos-mas-inciertos-de-nuestra-historia\/#primaryimage"},"thumbnailUrl":"https:\/\/www.ugtcomunicaciones.es\/wordpress\/wp-content\/uploads\/2020\/05\/portabilidades-01.jpg","datePublished":"2020-05-28T11:53:56+00:00","breadcrumb":{"@id":"https:\/\/www.ugtcomunicaciones.es\/wordpress\/comienza-uno-de-los-periodos-competitivos-mas-inciertos-de-nuestra-historia\/#breadcrumb"},"inLanguage":"es","potentialAction":[{"@type":"ReadAction","target":["https:\/\/www.ugtcomunicaciones.es\/wordpress\/comienza-uno-de-los-periodos-competitivos-mas-inciertos-de-nuestra-historia\/"]}]},{"@type":"ImageObject","inLanguage":"es","@id":"https:\/\/www.ugtcomunicaciones.es\/wordpress\/comienza-uno-de-los-periodos-competitivos-mas-inciertos-de-nuestra-historia\/#primaryimage","url":"https:\/\/www.ugtcomunicaciones.es\/wordpress\/wp-content\/uploads\/2020\/05\/portabilidades-01.jpg","contentUrl":"https:\/\/www.ugtcomunicaciones.es\/wordpress\/wp-content\/uploads\/2020\/05\/portabilidades-01.jpg","width":600,"height":291},{"@type":"BreadcrumbList","@id":"https:\/\/www.ugtcomunicaciones.es\/wordpress\/comienza-uno-de-los-periodos-competitivos-mas-inciertos-de-nuestra-historia\/#breadcrumb","itemListElement":[{"@type":"ListItem","position":1,"name":"Portada","item":"https:\/\/www.ugtcomunicaciones.es\/wordpress\/"},{"@type":"ListItem","position":2,"name":"Comienza uno de los periodos competitivos m\u00e1s inciertos de nuestra historia"}]},{"@type":"WebSite","@id":"https:\/\/www.ugtcomunicaciones.es\/wordpress\/#website","url":"https:\/\/www.ugtcomunicaciones.es\/wordpress\/","name":"UGT Comunicaciones","description":"Sindicato de Telecomunicaciones","publisher":{"@id":"https:\/\/www.ugtcomunicaciones.es\/wordpress\/#organization"},"potentialAction":[{"@type":"SearchAction","target":{"@type":"EntryPoint","urlTemplate":"https:\/\/www.ugtcomunicaciones.es\/wordpress\/?s={search_term_string}"},"query-input":{"@type":"PropertyValueSpecification","valueRequired":true,"valueName":"search_term_string"}}],"inLanguage":"es"},{"@type":"Organization","@id":"https:\/\/www.ugtcomunicaciones.es\/wordpress\/#organization","name":"UGT Comunicaciones","url":"https:\/\/www.ugtcomunicaciones.es\/wordpress\/","logo":{"@type":"ImageObject","inLanguage":"es","@id":"https:\/\/www.ugtcomunicaciones.es\/wordpress\/#\/schema\/logo\/image\/","url":"https:\/\/www.ugtcomunicaciones.es\/wordpress\/wp-content\/uploads\/2024\/04\/comunicaciones_logo.png","contentUrl":"https:\/\/www.ugtcomunicaciones.es\/wordpress\/wp-content\/uploads\/2024\/04\/comunicaciones_logo.png","width":298,"height":81,"caption":"UGT Comunicaciones"},"image":{"@id":"https:\/\/www.ugtcomunicaciones.es\/wordpress\/#\/schema\/logo\/image\/"},"sameAs":["https:\/\/www.facebook.com\/ugt.comunicaciones\/","https:\/\/x.com\/ugtcom"]},{"@type":"Person","@id":"https:\/\/www.ugtcomunicaciones.es\/wordpress\/#\/schema\/person\/eba0fc3fe5b444531d94d4368cba89ed","name":"UGT","image":{"@type":"ImageObject","inLanguage":"es","@id":"https:\/\/secure.gravatar.com\/avatar\/2a16057d620a4c646bcfc171c4f23030879ebbdd346f0525bd5d4a564e57e13d?s=96&d=mm&r=g","url":"https:\/\/secure.gravatar.com\/avatar\/2a16057d620a4c646bcfc171c4f23030879ebbdd346f0525bd5d4a564e57e13d?s=96&d=mm&r=g","contentUrl":"https:\/\/secure.gravatar.com\/avatar\/2a16057d620a4c646bcfc171c4f23030879ebbdd346f0525bd5d4a564e57e13d?s=96&d=mm&r=g","caption":"UGT"}}]}},"_links":{"self":[{"href":"https:\/\/www.ugtcomunicaciones.es\/wordpress\/wp-json\/wp\/v2\/posts\/590599","targetHints":{"allow":["GET"]}}],"collection":[{"href":"https:\/\/www.ugtcomunicaciones.es\/wordpress\/wp-json\/wp\/v2\/posts"}],"about":[{"href":"https:\/\/www.ugtcomunicaciones.es\/wordpress\/wp-json\/wp\/v2\/types\/post"}],"author":[{"embeddable":true,"href":"https:\/\/www.ugtcomunicaciones.es\/wordpress\/wp-json\/wp\/v2\/users\/3"}],"replies":[{"embeddable":true,"href":"https:\/\/www.ugtcomunicaciones.es\/wordpress\/wp-json\/wp\/v2\/comments?post=590599"}],"version-history":[{"count":0,"href":"https:\/\/www.ugtcomunicaciones.es\/wordpress\/wp-json\/wp\/v2\/posts\/590599\/revisions"}],"wp:featuredmedia":[{"embeddable":true,"href":"https:\/\/www.ugtcomunicaciones.es\/wordpress\/wp-json\/wp\/v2\/media\/590630"}],"wp:attachment":[{"href":"https:\/\/www.ugtcomunicaciones.es\/wordpress\/wp-json\/wp\/v2\/media?parent=590599"}],"wp:term":[{"taxonomy":"category","embeddable":true,"href":"https:\/\/www.ugtcomunicaciones.es\/wordpress\/wp-json\/wp\/v2\/categories?post=590599"},{"taxonomy":"post_tag","embeddable":true,"href":"https:\/\/www.ugtcomunicaciones.es\/wordpress\/wp-json\/wp\/v2\/tags?post=590599"}],"curies":[{"name":"wp","href":"https:\/\/api.w.org\/{rel}","templated":true}]}}