{"id":591859,"date":"2020-05-01T15:06:29","date_gmt":"2020-05-01T14:06:29","guid":{"rendered":"http:\/\/ugtcomunicaciones.es\/wordpress\/?p=591859"},"modified":"2020-05-30T10:09:22","modified_gmt":"2020-05-30T09:09:22","slug":"revision-salarial-2020-grupo-orange","status":"publish","type":"post","link":"https:\/\/www.ugtcomunicaciones.es\/wordpress\/revision-salarial-2020-grupo-orange\/","title":{"rendered":"Revisi\u00f3n salarial 2020 &#8211; Grupo Orange"},"content":{"rendered":"<p style=\"text-align: justify;\">Este mes de abril veremos reflejada en la n\u00f3mina la actualizaci\u00f3n de salarios, con car\u00e1cter retroactivo al 1 de Enero, gracias a la firma del Convenio Colectivo el verano pasado.<\/p>\n<p style=\"text-align: justify;\">En aquella negociaci\u00f3n hab\u00eda quienes no cre\u00edan posible conseguirla, y que se conformaban con lo que ten\u00edamos. Gracias a la presi\u00f3n negociadora de <strong>UGT<\/strong>, de la estrategia que nos marcamos, de los argumentos que esgrimimos\u2026 <strong>conseguimos demostrar que s\u00ed era posible mejorar la revisi\u00f3n salarial en TODOS los tramos, algo que algunos ni cre\u00edan posible ni pensaban que fuera prioritario.<\/strong><\/p>\n<p style=\"text-align: justify;\">Y cuando tuvimos un acuerdo con la empresa hubo quien se sum\u00f3 y quien no quiso sumarse. Ambas posiciones son leg\u00edtimas y respetables, pero <strong>la consecuencia de no firmar el acuerdo era la CONGELACION SALARIAL GENERALIZADA.<\/strong><\/p>\n<p style=\"text-align: justify;\">Gracias a nuestra apuesta <strong>la inmensa mayor\u00eda de la plantilla de Orange tendr\u00e1 una<\/strong> <strong>revisi\u00f3n salarial bastante por encima del 0,8% que supone el IPC:<\/strong><\/p>\n<ul style=\"text-align: justify;\">\n<li><strong>Salarios inferiores a 27.360,98\u20ac: <\/strong><strong>3%<\/strong> sobre tu salario real. <strong>ANTES ERA EL 2%<\/strong><\/li>\n<li><strong>Salarios entre 27.360,98\u20ac y 30.240\u20ac:<\/strong> <strong>1,5%<\/strong> sobre tu salario real. <strong>ANTES ERA EL 1% SI SE CUMPL\u00cdA EL OBJETIVO DE EBITDA QUE DECID\u00cdA LA DIRECCI\u00d3N<\/strong><\/li>\n<li><strong>Salarios entre 30.240\u20ac y 35.280\u20ac:<\/strong> <strong>1,25%<\/strong> sobre tu salario real. <strong>ANTES ERA EL 1% SI SE CUMPL\u00cdA EL OBJETIVO DE EBITDA QUE DECID\u00cdA LA DIRECCI\u00d3N<\/strong><\/li>\n<li><strong>Salarios entre 35.280\u20ac y fijo+variable de 47.513,89\u20ac:<\/strong> <strong>1,25%<\/strong> simplemente con que el EBITDA suba 1 c\u00e9ntimo de euro. <strong>ANTES ERA EL 1% SI SE CUMPL\u00cdA EL OBJETIVO DE EBITDA QUE DECID\u00cdA LA DIRECCI\u00d3N<\/strong><\/li>\n<li><strong>Salarios fijo+variable superiores a 47.513,89\u20ac:<\/strong> la direcci\u00f3n, tras la propuesta del \u00e1rea correspondiente, podr\u00e1 aplicar las revisiones salariales que considere.<\/li>\n<\/ul>\n<p style=\"text-align: justify;\">\n<p style=\"text-align: justify;\">Calculad lo que os supondr\u00e1 esta revisi\u00f3n salarial, os ayudamos si lo necesit\u00e1is, y luego comparadla con el escenario que otros planteaban de dejarlo estar o directamente no firmar. Y a partir de ah\u00ed hablamos de lo que hacemos cada uno por el bien com\u00fan de la plantilla en su conjunto.<\/p>\n<p style=\"text-align: justify;\">En un escenario en el que millones de personas o se quedan sin empleo, o est\u00e1n afectadas por ERTEs, o se cierran empresas \u2026 en <strong>Orange<\/strong> no s\u00f3lo mantenemos empleo sino que crecen los salarios. Pero esto no llega ca\u00eddo del cielo, que se lo pregunten a quienes les reducen los salarios en sus empresas.<\/p>\n","protected":false},"excerpt":{"rendered":"<p>Este mes de abril veremos reflejada en la n\u00f3mina la actualizaci\u00f3n de salarios, con car\u00e1cter retroactivo al 1 de Enero, gracias a la firma del Convenio Colectivo el verano pasado. En aquella negociaci\u00f3n hab\u00eda quienes no cre\u00edan posible conseguirla, y que se conformaban con lo que ten\u00edamos. Gracias a la presi\u00f3n negociadora de UGT, de [&hellip;]<\/p>\n","protected":false},"author":3,"featured_media":124340,"comment_status":"closed","ping_status":"closed","sticky":false,"template":"","format":"standard","meta":{"footnotes":""},"categories":[35,36],"tags":[],"class_list":["post-591859","post","type-post","status-publish","format-standard","has-post-thumbnail","hentry","category-orange","category-orange_espagne"],"yoast_head":"<!-- This site is optimized with the Yoast SEO Premium plugin v27.3 (Yoast SEO v27.4) - https:\/\/yoast.com\/product\/yoast-seo-premium-wordpress\/ -->\n<title>Revisi\u00f3n salarial 2020 - Grupo Orange - UGT Comunicaciones<\/title>\n<meta name=\"robots\" content=\"index, follow, max-snippet:-1, max-image-preview:large, max-video-preview:-1\" \/>\n<link rel=\"canonical\" href=\"https:\/\/www.ugtcomunicaciones.es\/wordpress\/revision-salarial-2020-grupo-orange\/\" \/>\n<meta property=\"og:locale\" content=\"es_ES\" \/>\n<meta property=\"og:type\" content=\"article\" \/>\n<meta property=\"og:title\" content=\"Revisi\u00f3n salarial 2020 - Grupo Orange\" \/>\n<meta property=\"og:description\" content=\"Este mes de abril veremos reflejada en la n\u00f3mina la actualizaci\u00f3n de salarios, con car\u00e1cter retroactivo al 1 de Enero, gracias a la firma del Convenio Colectivo el verano pasado. En aquella negociaci\u00f3n hab\u00eda quienes no cre\u00edan posible conseguirla, y que se conformaban con lo que ten\u00edamos. Gracias a la presi\u00f3n negociadora de UGT, de [&hellip;]\" \/>\n<meta property=\"og:url\" content=\"https:\/\/www.ugtcomunicaciones.es\/wordpress\/revision-salarial-2020-grupo-orange\/\" \/>\n<meta property=\"og:site_name\" content=\"UGT Comunicaciones\" \/>\n<meta property=\"article:publisher\" content=\"https:\/\/www.facebook.com\/ugt.comunicaciones\/\" \/>\n<meta property=\"article:published_time\" content=\"2020-05-01T14:06:29+00:00\" \/>\n<meta property=\"article:modified_time\" content=\"2020-05-30T09:09:22+00:00\" \/>\n<meta property=\"og:image\" content=\"https:\/\/www.ugtcomunicaciones.es\/wordpress\/wp-content\/uploads\/2018\/03\/subida_salarial.png\" \/>\n\t<meta property=\"og:image:width\" content=\"400\" \/>\n\t<meta property=\"og:image:height\" content=\"267\" \/>\n\t<meta property=\"og:image:type\" content=\"image\/png\" \/>\n<meta name=\"author\" content=\"UGT\" \/>\n<meta name=\"twitter:card\" content=\"summary_large_image\" \/>\n<meta name=\"twitter:creator\" content=\"@ugtcom\" \/>\n<meta name=\"twitter:site\" content=\"@ugtcom\" \/>\n<meta name=\"twitter:label1\" content=\"Escrito por\" \/>\n\t<meta name=\"twitter:data1\" content=\"UGT\" \/>\n\t<meta name=\"twitter:label2\" content=\"Tiempo de lectura\" \/>\n\t<meta name=\"twitter:data2\" content=\"2 minutos\" \/>\n<script type=\"application\/ld+json\" class=\"yoast-schema-graph\">{\"@context\":\"https:\\\/\\\/schema.org\",\"@graph\":[{\"@type\":\"Article\",\"@id\":\"https:\\\/\\\/www.ugtcomunicaciones.es\\\/wordpress\\\/revision-salarial-2020-grupo-orange\\\/#article\",\"isPartOf\":{\"@id\":\"https:\\\/\\\/www.ugtcomunicaciones.es\\\/wordpress\\\/revision-salarial-2020-grupo-orange\\\/\"},\"author\":{\"name\":\"UGT\",\"@id\":\"https:\\\/\\\/www.ugtcomunicaciones.es\\\/wordpress\\\/#\\\/schema\\\/person\\\/eba0fc3fe5b444531d94d4368cba89ed\"},\"headline\":\"Revisi\u00f3n salarial 2020 &#8211; Grupo Orange\",\"datePublished\":\"2020-05-01T14:06:29+00:00\",\"dateModified\":\"2020-05-30T09:09:22+00:00\",\"mainEntityOfPage\":{\"@id\":\"https:\\\/\\\/www.ugtcomunicaciones.es\\\/wordpress\\\/revision-salarial-2020-grupo-orange\\\/\"},\"wordCount\":391,\"publisher\":{\"@id\":\"https:\\\/\\\/www.ugtcomunicaciones.es\\\/wordpress\\\/#organization\"},\"image\":{\"@id\":\"https:\\\/\\\/www.ugtcomunicaciones.es\\\/wordpress\\\/revision-salarial-2020-grupo-orange\\\/#primaryimage\"},\"thumbnailUrl\":\"https:\\\/\\\/www.ugtcomunicaciones.es\\\/wordpress\\\/wp-content\\\/uploads\\\/2018\\\/03\\\/subida_salarial.png\",\"articleSection\":[\"Grupo MasOrange\",\"Orange Espa\u00f1a\"],\"inLanguage\":\"es\"},{\"@type\":\"WebPage\",\"@id\":\"https:\\\/\\\/www.ugtcomunicaciones.es\\\/wordpress\\\/revision-salarial-2020-grupo-orange\\\/\",\"url\":\"https:\\\/\\\/www.ugtcomunicaciones.es\\\/wordpress\\\/revision-salarial-2020-grupo-orange\\\/\",\"name\":\"Revisi\u00f3n salarial 2020 - Grupo Orange - UGT Comunicaciones\",\"isPartOf\":{\"@id\":\"https:\\\/\\\/www.ugtcomunicaciones.es\\\/wordpress\\\/#website\"},\"primaryImageOfPage\":{\"@id\":\"https:\\\/\\\/www.ugtcomunicaciones.es\\\/wordpress\\\/revision-salarial-2020-grupo-orange\\\/#primaryimage\"},\"image\":{\"@id\":\"https:\\\/\\\/www.ugtcomunicaciones.es\\\/wordpress\\\/revision-salarial-2020-grupo-orange\\\/#primaryimage\"},\"thumbnailUrl\":\"https:\\\/\\\/www.ugtcomunicaciones.es\\\/wordpress\\\/wp-content\\\/uploads\\\/2018\\\/03\\\/subida_salarial.png\",\"datePublished\":\"2020-05-01T14:06:29+00:00\",\"dateModified\":\"2020-05-30T09:09:22+00:00\",\"breadcrumb\":{\"@id\":\"https:\\\/\\\/www.ugtcomunicaciones.es\\\/wordpress\\\/revision-salarial-2020-grupo-orange\\\/#breadcrumb\"},\"inLanguage\":\"es\",\"potentialAction\":[{\"@type\":\"ReadAction\",\"target\":[\"https:\\\/\\\/www.ugtcomunicaciones.es\\\/wordpress\\\/revision-salarial-2020-grupo-orange\\\/\"]}]},{\"@type\":\"ImageObject\",\"inLanguage\":\"es\",\"@id\":\"https:\\\/\\\/www.ugtcomunicaciones.es\\\/wordpress\\\/revision-salarial-2020-grupo-orange\\\/#primaryimage\",\"url\":\"https:\\\/\\\/www.ugtcomunicaciones.es\\\/wordpress\\\/wp-content\\\/uploads\\\/2018\\\/03\\\/subida_salarial.png\",\"contentUrl\":\"https:\\\/\\\/www.ugtcomunicaciones.es\\\/wordpress\\\/wp-content\\\/uploads\\\/2018\\\/03\\\/subida_salarial.png\",\"width\":400,\"height\":267,\"caption\":\"subida_salarial\"},{\"@type\":\"BreadcrumbList\",\"@id\":\"https:\\\/\\\/www.ugtcomunicaciones.es\\\/wordpress\\\/revision-salarial-2020-grupo-orange\\\/#breadcrumb\",\"itemListElement\":[{\"@type\":\"ListItem\",\"position\":1,\"name\":\"Portada\",\"item\":\"https:\\\/\\\/www.ugtcomunicaciones.es\\\/wordpress\\\/\"},{\"@type\":\"ListItem\",\"position\":2,\"name\":\"Revisi\u00f3n salarial 2020 &#8211; Grupo Orange\"}]},{\"@type\":\"WebSite\",\"@id\":\"https:\\\/\\\/www.ugtcomunicaciones.es\\\/wordpress\\\/#website\",\"url\":\"https:\\\/\\\/www.ugtcomunicaciones.es\\\/wordpress\\\/\",\"name\":\"UGT Comunicaciones\",\"description\":\"Sindicato de Telecomunicaciones\",\"publisher\":{\"@id\":\"https:\\\/\\\/www.ugtcomunicaciones.es\\\/wordpress\\\/#organization\"},\"potentialAction\":[{\"@type\":\"SearchAction\",\"target\":{\"@type\":\"EntryPoint\",\"urlTemplate\":\"https:\\\/\\\/www.ugtcomunicaciones.es\\\/wordpress\\\/?s={search_term_string}\"},\"query-input\":{\"@type\":\"PropertyValueSpecification\",\"valueRequired\":true,\"valueName\":\"search_term_string\"}}],\"inLanguage\":\"es\"},{\"@type\":\"Organization\",\"@id\":\"https:\\\/\\\/www.ugtcomunicaciones.es\\\/wordpress\\\/#organization\",\"name\":\"UGT Comunicaciones\",\"url\":\"https:\\\/\\\/www.ugtcomunicaciones.es\\\/wordpress\\\/\",\"logo\":{\"@type\":\"ImageObject\",\"inLanguage\":\"es\",\"@id\":\"https:\\\/\\\/www.ugtcomunicaciones.es\\\/wordpress\\\/#\\\/schema\\\/logo\\\/image\\\/\",\"url\":\"https:\\\/\\\/www.ugtcomunicaciones.es\\\/wordpress\\\/wp-content\\\/uploads\\\/2024\\\/04\\\/comunicaciones_logo.png\",\"contentUrl\":\"https:\\\/\\\/www.ugtcomunicaciones.es\\\/wordpress\\\/wp-content\\\/uploads\\\/2024\\\/04\\\/comunicaciones_logo.png\",\"width\":298,\"height\":81,\"caption\":\"UGT Comunicaciones\"},\"image\":{\"@id\":\"https:\\\/\\\/www.ugtcomunicaciones.es\\\/wordpress\\\/#\\\/schema\\\/logo\\\/image\\\/\"},\"sameAs\":[\"https:\\\/\\\/www.facebook.com\\\/ugt.comunicaciones\\\/\",\"https:\\\/\\\/x.com\\\/ugtcom\"]},{\"@type\":\"Person\",\"@id\":\"https:\\\/\\\/www.ugtcomunicaciones.es\\\/wordpress\\\/#\\\/schema\\\/person\\\/eba0fc3fe5b444531d94d4368cba89ed\",\"name\":\"UGT\",\"image\":{\"@type\":\"ImageObject\",\"inLanguage\":\"es\",\"@id\":\"https:\\\/\\\/secure.gravatar.com\\\/avatar\\\/2a16057d620a4c646bcfc171c4f23030879ebbdd346f0525bd5d4a564e57e13d?s=96&d=mm&r=g\",\"url\":\"https:\\\/\\\/secure.gravatar.com\\\/avatar\\\/2a16057d620a4c646bcfc171c4f23030879ebbdd346f0525bd5d4a564e57e13d?s=96&d=mm&r=g\",\"contentUrl\":\"https:\\\/\\\/secure.gravatar.com\\\/avatar\\\/2a16057d620a4c646bcfc171c4f23030879ebbdd346f0525bd5d4a564e57e13d?s=96&d=mm&r=g\",\"caption\":\"UGT\"}}]}<\/script>\n<!-- \/ Yoast SEO Premium plugin. -->","yoast_head_json":{"title":"Revisi\u00f3n salarial 2020 - Grupo Orange - UGT Comunicaciones","robots":{"index":"index","follow":"follow","max-snippet":"max-snippet:-1","max-image-preview":"max-image-preview:large","max-video-preview":"max-video-preview:-1"},"canonical":"https:\/\/www.ugtcomunicaciones.es\/wordpress\/revision-salarial-2020-grupo-orange\/","og_locale":"es_ES","og_type":"article","og_title":"Revisi\u00f3n salarial 2020 - Grupo Orange","og_description":"Este mes de abril veremos reflejada en la n\u00f3mina la actualizaci\u00f3n de salarios, con car\u00e1cter retroactivo al 1 de Enero, gracias a la firma del Convenio Colectivo el verano pasado. En aquella negociaci\u00f3n hab\u00eda quienes no cre\u00edan posible conseguirla, y que se conformaban con lo que ten\u00edamos. Gracias a la presi\u00f3n negociadora de UGT, de [&hellip;]","og_url":"https:\/\/www.ugtcomunicaciones.es\/wordpress\/revision-salarial-2020-grupo-orange\/","og_site_name":"UGT Comunicaciones","article_publisher":"https:\/\/www.facebook.com\/ugt.comunicaciones\/","article_published_time":"2020-05-01T14:06:29+00:00","article_modified_time":"2020-05-30T09:09:22+00:00","og_image":[{"width":400,"height":267,"url":"https:\/\/www.ugtcomunicaciones.es\/wordpress\/wp-content\/uploads\/2018\/03\/subida_salarial.png","type":"image\/png"}],"author":"UGT","twitter_card":"summary_large_image","twitter_creator":"@ugtcom","twitter_site":"@ugtcom","twitter_misc":{"Escrito por":"UGT","Tiempo de lectura":"2 minutos"},"schema":{"@context":"https:\/\/schema.org","@graph":[{"@type":"Article","@id":"https:\/\/www.ugtcomunicaciones.es\/wordpress\/revision-salarial-2020-grupo-orange\/#article","isPartOf":{"@id":"https:\/\/www.ugtcomunicaciones.es\/wordpress\/revision-salarial-2020-grupo-orange\/"},"author":{"name":"UGT","@id":"https:\/\/www.ugtcomunicaciones.es\/wordpress\/#\/schema\/person\/eba0fc3fe5b444531d94d4368cba89ed"},"headline":"Revisi\u00f3n salarial 2020 &#8211; Grupo Orange","datePublished":"2020-05-01T14:06:29+00:00","dateModified":"2020-05-30T09:09:22+00:00","mainEntityOfPage":{"@id":"https:\/\/www.ugtcomunicaciones.es\/wordpress\/revision-salarial-2020-grupo-orange\/"},"wordCount":391,"publisher":{"@id":"https:\/\/www.ugtcomunicaciones.es\/wordpress\/#organization"},"image":{"@id":"https:\/\/www.ugtcomunicaciones.es\/wordpress\/revision-salarial-2020-grupo-orange\/#primaryimage"},"thumbnailUrl":"https:\/\/www.ugtcomunicaciones.es\/wordpress\/wp-content\/uploads\/2018\/03\/subida_salarial.png","articleSection":["Grupo MasOrange","Orange Espa\u00f1a"],"inLanguage":"es"},{"@type":"WebPage","@id":"https:\/\/www.ugtcomunicaciones.es\/wordpress\/revision-salarial-2020-grupo-orange\/","url":"https:\/\/www.ugtcomunicaciones.es\/wordpress\/revision-salarial-2020-grupo-orange\/","name":"Revisi\u00f3n salarial 2020 - Grupo Orange - UGT Comunicaciones","isPartOf":{"@id":"https:\/\/www.ugtcomunicaciones.es\/wordpress\/#website"},"primaryImageOfPage":{"@id":"https:\/\/www.ugtcomunicaciones.es\/wordpress\/revision-salarial-2020-grupo-orange\/#primaryimage"},"image":{"@id":"https:\/\/www.ugtcomunicaciones.es\/wordpress\/revision-salarial-2020-grupo-orange\/#primaryimage"},"thumbnailUrl":"https:\/\/www.ugtcomunicaciones.es\/wordpress\/wp-content\/uploads\/2018\/03\/subida_salarial.png","datePublished":"2020-05-01T14:06:29+00:00","dateModified":"2020-05-30T09:09:22+00:00","breadcrumb":{"@id":"https:\/\/www.ugtcomunicaciones.es\/wordpress\/revision-salarial-2020-grupo-orange\/#breadcrumb"},"inLanguage":"es","potentialAction":[{"@type":"ReadAction","target":["https:\/\/www.ugtcomunicaciones.es\/wordpress\/revision-salarial-2020-grupo-orange\/"]}]},{"@type":"ImageObject","inLanguage":"es","@id":"https:\/\/www.ugtcomunicaciones.es\/wordpress\/revision-salarial-2020-grupo-orange\/#primaryimage","url":"https:\/\/www.ugtcomunicaciones.es\/wordpress\/wp-content\/uploads\/2018\/03\/subida_salarial.png","contentUrl":"https:\/\/www.ugtcomunicaciones.es\/wordpress\/wp-content\/uploads\/2018\/03\/subida_salarial.png","width":400,"height":267,"caption":"subida_salarial"},{"@type":"BreadcrumbList","@id":"https:\/\/www.ugtcomunicaciones.es\/wordpress\/revision-salarial-2020-grupo-orange\/#breadcrumb","itemListElement":[{"@type":"ListItem","position":1,"name":"Portada","item":"https:\/\/www.ugtcomunicaciones.es\/wordpress\/"},{"@type":"ListItem","position":2,"name":"Revisi\u00f3n salarial 2020 &#8211; Grupo Orange"}]},{"@type":"WebSite","@id":"https:\/\/www.ugtcomunicaciones.es\/wordpress\/#website","url":"https:\/\/www.ugtcomunicaciones.es\/wordpress\/","name":"UGT Comunicaciones","description":"Sindicato de Telecomunicaciones","publisher":{"@id":"https:\/\/www.ugtcomunicaciones.es\/wordpress\/#organization"},"potentialAction":[{"@type":"SearchAction","target":{"@type":"EntryPoint","urlTemplate":"https:\/\/www.ugtcomunicaciones.es\/wordpress\/?s={search_term_string}"},"query-input":{"@type":"PropertyValueSpecification","valueRequired":true,"valueName":"search_term_string"}}],"inLanguage":"es"},{"@type":"Organization","@id":"https:\/\/www.ugtcomunicaciones.es\/wordpress\/#organization","name":"UGT Comunicaciones","url":"https:\/\/www.ugtcomunicaciones.es\/wordpress\/","logo":{"@type":"ImageObject","inLanguage":"es","@id":"https:\/\/www.ugtcomunicaciones.es\/wordpress\/#\/schema\/logo\/image\/","url":"https:\/\/www.ugtcomunicaciones.es\/wordpress\/wp-content\/uploads\/2024\/04\/comunicaciones_logo.png","contentUrl":"https:\/\/www.ugtcomunicaciones.es\/wordpress\/wp-content\/uploads\/2024\/04\/comunicaciones_logo.png","width":298,"height":81,"caption":"UGT Comunicaciones"},"image":{"@id":"https:\/\/www.ugtcomunicaciones.es\/wordpress\/#\/schema\/logo\/image\/"},"sameAs":["https:\/\/www.facebook.com\/ugt.comunicaciones\/","https:\/\/x.com\/ugtcom"]},{"@type":"Person","@id":"https:\/\/www.ugtcomunicaciones.es\/wordpress\/#\/schema\/person\/eba0fc3fe5b444531d94d4368cba89ed","name":"UGT","image":{"@type":"ImageObject","inLanguage":"es","@id":"https:\/\/secure.gravatar.com\/avatar\/2a16057d620a4c646bcfc171c4f23030879ebbdd346f0525bd5d4a564e57e13d?s=96&d=mm&r=g","url":"https:\/\/secure.gravatar.com\/avatar\/2a16057d620a4c646bcfc171c4f23030879ebbdd346f0525bd5d4a564e57e13d?s=96&d=mm&r=g","contentUrl":"https:\/\/secure.gravatar.com\/avatar\/2a16057d620a4c646bcfc171c4f23030879ebbdd346f0525bd5d4a564e57e13d?s=96&d=mm&r=g","caption":"UGT"}}]}},"_links":{"self":[{"href":"https:\/\/www.ugtcomunicaciones.es\/wordpress\/wp-json\/wp\/v2\/posts\/591859","targetHints":{"allow":["GET"]}}],"collection":[{"href":"https:\/\/www.ugtcomunicaciones.es\/wordpress\/wp-json\/wp\/v2\/posts"}],"about":[{"href":"https:\/\/www.ugtcomunicaciones.es\/wordpress\/wp-json\/wp\/v2\/types\/post"}],"author":[{"embeddable":true,"href":"https:\/\/www.ugtcomunicaciones.es\/wordpress\/wp-json\/wp\/v2\/users\/3"}],"replies":[{"embeddable":true,"href":"https:\/\/www.ugtcomunicaciones.es\/wordpress\/wp-json\/wp\/v2\/comments?post=591859"}],"version-history":[{"count":0,"href":"https:\/\/www.ugtcomunicaciones.es\/wordpress\/wp-json\/wp\/v2\/posts\/591859\/revisions"}],"wp:featuredmedia":[{"embeddable":true,"href":"https:\/\/www.ugtcomunicaciones.es\/wordpress\/wp-json\/wp\/v2\/media\/124340"}],"wp:attachment":[{"href":"https:\/\/www.ugtcomunicaciones.es\/wordpress\/wp-json\/wp\/v2\/media?parent=591859"}],"wp:term":[{"taxonomy":"category","embeddable":true,"href":"https:\/\/www.ugtcomunicaciones.es\/wordpress\/wp-json\/wp\/v2\/categories?post=591859"},{"taxonomy":"post_tag","embeddable":true,"href":"https:\/\/www.ugtcomunicaciones.es\/wordpress\/wp-json\/wp\/v2\/tags?post=591859"}],"curies":[{"name":"wp","href":"https:\/\/api.w.org\/{rel}","templated":true}]}}