{"id":600679,"date":"2020-06-12T15:29:41","date_gmt":"2020-06-12T14:29:41","guid":{"rendered":"http:\/\/ugtcomunicaciones.es\/wordpress\/?p=600679"},"modified":"2020-06-12T15:29:41","modified_gmt":"2020-06-12T14:29:41","slug":"covid-19-protejamos-a-los-ninos-contra-el-trabajo-infantil-ahora-mas-que-nunca","status":"publish","type":"post","link":"https:\/\/www.ugtcomunicaciones.es\/wordpress\/covid-19-protejamos-a-los-ninos-contra-el-trabajo-infantil-ahora-mas-que-nunca\/","title":{"rendered":"COVID-19: Protejamos a los ni\u00f1os contra el trabajo infantil,  \u00a1ahora m\u00e1s que nunca!"},"content":{"rendered":"<p style=\"text-align: justify;\">El COVID-19 presenta riesgos sin precedentes para los derechos, la seguridad y el desarrollo de los ni\u00f1os. El D\u00eda mundial contra el trabajo infantil de 2020 insta a los pa\u00edses y las organizaciones a centrarse en las necesidades de los m\u00e1s vulnerables durante la gesti\u00f3n de la crisis y la recuperaci\u00f3n de \u00e9sta. Tenemos la oportunidad, no s\u00f3lo de superar esta pandemia, sino de poner fin al trabajo infantil en todas sus formas de aqu\u00ed a 2025. Pero tenemos que actuar ahora, de una manera decisiva y a gran escala.<\/p>\n<p style=\"text-align: justify;\">La pandemia del COVID-19 y la crisis econ\u00f3mica y social mundial resultante est\u00e1n teniendo un enorme impacto en la vida y los medios de subsistencia de las personas. Para muchos ni\u00f1os y sus familias, esta situaci\u00f3n que evoluciona r\u00e1pidamente significa la interrupci\u00f3n de la educaci\u00f3n, enfermedades en la familia y la p\u00e9rdida potencial de los ingresos del hogar. La ausencia de sistemas de protecci\u00f3n social adecuados exacerba las vulnerabilidades de las familias\u00a0 y, por consiguiente, de sus hijos. Antes de la propagaci\u00f3n del COVID-19, se hab\u00eda retirado a casi 100 millones de ni\u00f1os del trabajo infantil, por lo que el n\u00famero de ni\u00f1os v\u00edctimas de este flagelo se hab\u00eda reducido de 246 millones en 2000 a 152 millones en 2016, 73 millones de los cuales realizaban trabajos peligrosos. Muchos ni\u00f1os en situaci\u00f3n de trabajo infantil corren actualmente un mayor riesgo de realizar formas ocultas o peligrosas de trabajo o de trabajar jornadas m\u00e1s largas. La crisis tambi\u00e9n puede propiciar que millones de ni\u00f1os vulnerables acaben en situaci\u00f3n de trabajo infantil, al tener que contribuir a los ingresos familiares a una edad temprana. Las ni\u00f1as corren un riesgo particular de realizar trabajo dom\u00e9stico o de dedicar m\u00e1s horas al trabajo de cuidados en el hogar, y probablemente est\u00e9n m\u00e1s expuestas a accidentes y a abusos f\u00edsicos o sexuales.<\/p>\n<p style=\"text-align: justify;\">Las peores formas de trabajo infantil, incluida la explotaci\u00f3n sexual, que afecta principalmente a las ni\u00f1as, suele aumentar cuando disminuyen las oportunidades de empleo y los ingresos familiares. Los ni\u00f1os de las familias migrantes que han huido de conflictos y desastres, de la extrema pobreza y de violaciones de los derechos humanos, se ven mucho m\u00e1s afectados. La desigualdad, la exclusi\u00f3n social y la discriminaci\u00f3n, que se ven exacerbadas por las crisis, hacen la situaci\u00f3n a\u00fan m\u00e1s dif\u00edcil. \u00c9ste es particularmente el caso de los pueblos ind\u00edgenas, las minor\u00edas \u00e9tnicas y los desplazados internos, las personas con discapacidad, los hogares monoparentales y los hu\u00e9rfanos.<\/p>\n<p style=\"text-align: justify;\">Los gobiernos de todo el mundo est\u00e1n tomando amplias medidas a fin de contener y mitigar la pandemia. Al apoyarse en mejores pr\u00e1cticas, en decisiones acertadas en materia de pol\u00edtica y en la acci\u00f3n r\u00e1pida para ponerlas en pr\u00e1ctica, es posible crear un futuro mejor para nuestros hijos. Las Naciones Unidas han declarado 2021 el A\u00f1o Internacional para la Eliminaci\u00f3n del Trabajo Infantil. Los eventos y la campa\u00f1a que se organizar\u00e1n a lo largo de este a\u00f1o brindar\u00e1n una oportunidad a todos los Estados Miembros y socios de las Naciones Unidas de concertar esfuerzos para combatir el trabajo infantil.<\/p>\n<p style=\"text-align: justify;\">La lucha contra el trabajo infantil exige alianzas s\u00f3lidas a nivel mundial, regional, nacional y comunitario. La Alianza\u202f8.7 est\u00e1 impulsando una coordinaci\u00f3n m\u00e1s eficaz hacia el logro de la Meta 8.7 de los ODS para poner fin al trabajo infantil en todas sus formas de aqu\u00ed a 2025. Un total de 21 pa\u00edses pioneros y de 250 organizaciones asociadas se han comprometido a acelerar la acci\u00f3n, poner en marcha soluciones innovadoras y compartir conocimientos sobre las mejores pr\u00e1cticas y las lecciones aprendidas. La Alianza Internacional de Cooperaci\u00f3n sobre el Trabajo Infantil y la Agricultura (IPCCLA) y el Grupo Operativo sobre el trabajo infantil de la Alianza para la Protecci\u00f3n de la Ni\u00f1ez y Adolescencia en la Acci\u00f3n Humanitaria, son otros buenos ejemplos de acci\u00f3n concertada.<\/p>\n<p style=\"text-align: justify;\">En todo el mundo, las organizaciones regionales desempe\u00f1an un papel esencial en la coordinaci\u00f3n de esfuerzos. La Uni\u00f3n Africana, la Comunidad Econ\u00f3mica de los Estados de \u00c1frica Occidental (CEDEAO) y la Iniciativa de Asia Meridional para poner fin a la violencia contra los ni\u00f1os (SAIEVAC) han adoptado planes de acci\u00f3n regionales o subregionales con miras a erradicar el trabajo infantil. La Iniciativa Regional Am\u00e9rica Latina y el Caribe Libre de Trabajo Infantil est\u00e1 impulsando los progresos a trav\u00e9s de su plataforma de cooperaci\u00f3n, integrada por 30 gobiernos, as\u00ed como por organizaciones de empleadores y trabajadores. Los pa\u00edses, las comunidades y las ciudades tambi\u00e9n se han sumado a la lucha mundial contra el trabajo infantil.<\/p>\n<p style=\"text-align: justify;\">Los empleadores y los trabajadores, as\u00ed como sus organizaciones, desempe\u00f1an un papel primordial en la prevenci\u00f3n del trabajo infantil al hacer frente a los riesgos para la salud en el trabajo y a las consecuencias econ\u00f3micas de la pandemia. El di\u00e1logo social ha demostrado ser de vital importancia para una gesti\u00f3n de la crisis y una respuesta a la misma que sean equilibradas, asegurando la protecci\u00f3n de los derechos de los trabajadores y de los derechos de los ni\u00f1os, as\u00ed como la continuidad de las empresas.<\/p>\n<p style=\"text-align: justify;\">En este D\u00eda mundial, instamos a todos los pa\u00edses y socios a concertar esfuerzos y preparar actividades para el A\u00f1o Internacional para la Eliminaci\u00f3n del Trabajo Infantil. Estas actividades deber\u00edan apoyarse en los respectivos Convenios y Recomendaciones de la OIT y en la Convenci\u00f3n de las Naciones Unidas sobre los Derechos del Ni\u00f1o, y brindar protecci\u00f3n a todos los ni\u00f1os en situaci\u00f3n de trabajo infantil o que corren el riesgo de estarlo y asegurar que sean una prioridad en la respuesta al COVID-19. Las siguientes recomendaciones de pol\u00edtica han demostrado ser eficaces para luchar contra el trabajo infantil:<\/p>\n<ul style=\"text-align: justify;\">\n<li><strong>La protecci\u00f3n de los trabajadores y sus familias y el apoyo a los medios de subsistencia<\/strong>: La mayor parte del trabajo infantil tiene lugar en la agricultura (el 71\u202fpor ciento de todo el trabajo infantil), as\u00ed como entre las familias que trabajan en la econom\u00eda informal, en la que los trabajadores no tienen vacaciones pagadas, acceso a un seguro de salud, prestaciones de desempleo u otras formas de protecci\u00f3n social. Se deber\u00eda proteger a todos los empleadores y trabajadores y a sus familias contra los riesgos para la salud del COVID-19. Deber\u00edan introducirse medidas de protecci\u00f3n en el lugar de trabajo y en todas las comunidades, y fortalecerse, exigiendo el apoyo p\u00fablico y la inversi\u00f3n p\u00fablica a gran escala. La inversi\u00f3n p\u00fablica en el apoyo al empleo y a los ingresos tambi\u00e9n es crucial en tiempos de crisis. Se necesitan medidas para proteger a las empresas, en particular las peque\u00f1as y medianas empresas, y a los trabajadores contra la p\u00e9rdida inmediata de empleo y de ingresos.<\/li>\n<\/ul>\n<ul style=\"text-align: justify;\">\n<li><strong>El fortalecimiento de la protecci\u00f3n social para todos<\/strong>: En tiempos de crisis, la protecci\u00f3n social proporciona un apoyo esencial que ayuda a las familias a afrontar las perturbaciones clim\u00e1ticas, econ\u00f3micas y de la salud. En la pandemia del COVID-19, el seguro de salud y la protecci\u00f3n social son de vital importancia, ya que mitigan la presi\u00f3n sobre las familias respecto a enviar a sus hijos a trabajar en caso de enfermedad o muerte de un miembro del hogar. Otras medidas de protecci\u00f3n social que han demostrado ser particularmente eficaces para combatir el trabajo infantil son los programas de transferencias en efectivo y en especie (pagos directos en efectivo o en especie a las familias), que aumentan la seguridad de los ingresos del hogar y facilitan el acceso a la educaci\u00f3n y la atenci\u00f3n de salud.<\/li>\n<\/ul>\n<ul style=\"text-align: justify;\">\n<li><strong>Una educaci\u00f3n p\u00fablica de calidad para todos<\/strong>: La educaci\u00f3n desempe\u00f1a un papel fundamental al proporcionar a los ni\u00f1os competencias para la vida y futuras oportunidades de trabajo. Los ni\u00f1os que est\u00e1n escolarizados tienen menos probabilidades de ser v\u00edctimas de trabajo infantil. En tiempos de crisis, la continuidad de la educaci\u00f3n es de suma importancia, en los entornos tanto formales como no formales. A ra\u00edz de la pandemia del COVID-19, en muchos pa\u00edses las escuelas est\u00e1n cerradas, y los ni\u00f1os que ya estaban trabajando a tiempo parcial o que corren el riesgo de caer en una situaci\u00f3n de trabajo infantil tal vez nunca regresen a la escuela. Muchos ni\u00f1os que combinaban la escuela y el trabajo han perdido su entorno protector y de aprendizaje, y puede que tengan que trabajar jornadas m\u00e1s largas para ayudar a sus familias. A la luz del COVID-19, el aprendizaje a distancia se ha hecho esencial. Sin embargo, los ni\u00f1os m\u00e1s vulnerables no tienen acceso al aprendizaje a distancia, ya que no disponen de ordenadores ni de acceso a Internet, y algunas veces ni siquiera tienen electricidad, por lo que necesitan soluciones de baja tecnolog\u00eda o no tecnol\u00f3gicas. Un programa oportuno de educaci\u00f3n de recuperaci\u00f3n para quienes no han podido acceder a ninguna forma de educaci\u00f3n durante una crisis puede ayudar a asegurar que estos ni\u00f1os vuelvan a estar escolarizados. El acceso libre y universal a la educaci\u00f3n obligatoria b\u00e1sica sigue siendo crucial, al igual que las comidas escolares, y los subsidios para los costos indirectos, como los uniformes escolares, los libros de texto y el transporte escolar.<\/li>\n<\/ul>\n<ul style=\"text-align: justify;\">\n<li><strong>Mayor promoci\u00f3n y m\u00e1s alianzas<\/strong>: En tiempos de crisis, es m\u00e1s importante que nunca centrarse en los ni\u00f1os y las familias vulnerables, y mancomunar esfuerzos con todas las partes interesadas a fin de asegurar que las necesidades de los ni\u00f1os ocupen un lugar prioritario en la respuesta a la crisis. Los gobiernos, las organizaciones de empleadores y de trabajadores, las organizaciones de la sociedad civil, los organismos de las Naciones Unidas, los socios regionales y los medios de comunicaci\u00f3n desempe\u00f1an un papel muy importante para lograr que la lucha contra el trabajo infantil contin\u00fae siendo una cuesti\u00f3n prioritaria, abogar por unas pol\u00edticas \u201cacertadas\u201d y movilizar el apoyo pol\u00edtico y financiero.<\/li>\n<\/ul>\n<p style=\"text-align: justify;\">Es importante encarar el reto con una visi\u00f3n integrada de los principios y derechos fundamentales en el trabajo, cuya importancia aumenta en tiempos de crisis. Estos derechos abarcan los derechos de libertad sindical y de negociaci\u00f3n colectiva que contribuyen a un salario decente y a unas buenas condiciones de trabajo para los padres de los ni\u00f1os que corren el riesgo de caer en una situaci\u00f3n de trabajo infantil. Incluyen la igualdad de oportunidades y de trato, para que ning\u00fan trabajador sea objeto de discriminaci\u00f3n por motivos de edad, sexo, raza, situaci\u00f3n migratoria o creencia religiosa. Tambi\u00e9n consideran el trabajo forzoso como una violaci\u00f3n de los derechos humanos que debe erradicarse. Todos estos derechos fundamentales en el trabajo forman parte integrante de la respuesta m\u00e1s amplia basada en los derechos humanos y centrada en los ni\u00f1os que sienta las bases para una recuperaci\u00f3n inclusiva y sostenible que no deje a nadie atr\u00e1s.<\/p>\n","protected":false},"excerpt":{"rendered":"<p>El COVID-19 presenta riesgos sin precedentes para los derechos, la seguridad y el desarrollo de los ni\u00f1os. El D\u00eda mundial contra el trabajo infantil de 2020 insta a los pa\u00edses y las organizaciones a centrarse en las necesidades de los m\u00e1s vulnerables durante la gesti\u00f3n de la crisis y la recuperaci\u00f3n de \u00e9sta. Tenemos la [&hellip;]<\/p>\n","protected":false},"author":3,"featured_media":600698,"comment_status":"closed","ping_status":"closed","sticky":false,"template":"","format":"video","meta":{"footnotes":""},"categories":[1],"tags":[],"class_list":["post-600679","post","type-post","status-publish","format-video","has-post-thumbnail","hentry","category-uncategorized","post_format-post-format-video"],"yoast_head":"<!-- This site is optimized with the Yoast SEO Premium plugin v27.3 (Yoast SEO v27.4) - https:\/\/yoast.com\/product\/yoast-seo-premium-wordpress\/ -->\n<title>COVID-19: Protejamos a los ni\u00f1os contra el trabajo infantil, \u00a1ahora m\u00e1s que nunca! - UGT Comunicaciones<\/title>\n<meta name=\"robots\" content=\"index, follow, max-snippet:-1, max-image-preview:large, max-video-preview:-1\" \/>\n<link rel=\"canonical\" href=\"https:\/\/www.ugtcomunicaciones.es\/wordpress\/covid-19-protejamos-a-los-ninos-contra-el-trabajo-infantil-ahora-mas-que-nunca\/\" \/>\n<meta property=\"og:locale\" content=\"es_ES\" \/>\n<meta property=\"og:type\" content=\"article\" \/>\n<meta property=\"og:title\" content=\"COVID-19: Protejamos a los ni\u00f1os contra el trabajo infantil, \u00a1ahora m\u00e1s que nunca!\" \/>\n<meta property=\"og:description\" content=\"El COVID-19 presenta riesgos sin precedentes para los derechos, la seguridad y el desarrollo de los ni\u00f1os. El D\u00eda mundial contra el trabajo infantil de 2020 insta a los pa\u00edses y las organizaciones a centrarse en las necesidades de los m\u00e1s vulnerables durante la gesti\u00f3n de la crisis y la recuperaci\u00f3n de \u00e9sta. Tenemos la [&hellip;]\" \/>\n<meta property=\"og:url\" content=\"https:\/\/www.ugtcomunicaciones.es\/wordpress\/covid-19-protejamos-a-los-ninos-contra-el-trabajo-infantil-ahora-mas-que-nunca\/\" \/>\n<meta property=\"og:site_name\" content=\"UGT Comunicaciones\" \/>\n<meta property=\"article:publisher\" content=\"https:\/\/www.facebook.com\/ugt.comunicaciones\/\" \/>\n<meta property=\"article:published_time\" content=\"2020-06-12T14:29:41+00:00\" \/>\n<meta property=\"og:image\" content=\"https:\/\/www.ugtcomunicaciones.es\/wordpress\/wp-content\/uploads\/2020\/06\/maxresdefault.jpg\" \/>\n\t<meta property=\"og:image:width\" content=\"1280\" \/>\n\t<meta property=\"og:image:height\" content=\"720\" \/>\n\t<meta property=\"og:image:type\" content=\"image\/jpeg\" \/>\n<meta name=\"author\" content=\"UGT\" \/>\n<meta name=\"twitter:card\" content=\"summary_large_image\" \/>\n<meta name=\"twitter:creator\" content=\"@ugtcom\" \/>\n<meta name=\"twitter:site\" content=\"@ugtcom\" \/>\n<meta name=\"twitter:label1\" content=\"Escrito por\" \/>\n\t<meta name=\"twitter:data1\" content=\"UGT\" \/>\n\t<meta name=\"twitter:label2\" content=\"Tiempo de lectura\" \/>\n\t<meta name=\"twitter:data2\" content=\"10 minutos\" \/>\n<script type=\"application\/ld+json\" class=\"yoast-schema-graph\">{\"@context\":\"https:\\\/\\\/schema.org\",\"@graph\":[{\"@type\":\"Article\",\"@id\":\"https:\\\/\\\/www.ugtcomunicaciones.es\\\/wordpress\\\/covid-19-protejamos-a-los-ninos-contra-el-trabajo-infantil-ahora-mas-que-nunca\\\/#article\",\"isPartOf\":{\"@id\":\"https:\\\/\\\/www.ugtcomunicaciones.es\\\/wordpress\\\/covid-19-protejamos-a-los-ninos-contra-el-trabajo-infantil-ahora-mas-que-nunca\\\/\"},\"author\":{\"name\":\"UGT\",\"@id\":\"https:\\\/\\\/www.ugtcomunicaciones.es\\\/wordpress\\\/#\\\/schema\\\/person\\\/eba0fc3fe5b444531d94d4368cba89ed\"},\"headline\":\"COVID-19: Protejamos a los ni\u00f1os contra el trabajo infantil, \u00a1ahora m\u00e1s que nunca!\",\"datePublished\":\"2020-06-12T14:29:41+00:00\",\"mainEntityOfPage\":{\"@id\":\"https:\\\/\\\/www.ugtcomunicaciones.es\\\/wordpress\\\/covid-19-protejamos-a-los-ninos-contra-el-trabajo-infantil-ahora-mas-que-nunca\\\/\"},\"wordCount\":1931,\"publisher\":{\"@id\":\"https:\\\/\\\/www.ugtcomunicaciones.es\\\/wordpress\\\/#organization\"},\"image\":{\"@id\":\"https:\\\/\\\/www.ugtcomunicaciones.es\\\/wordpress\\\/covid-19-protejamos-a-los-ninos-contra-el-trabajo-infantil-ahora-mas-que-nunca\\\/#primaryimage\"},\"thumbnailUrl\":\"https:\\\/\\\/www.ugtcomunicaciones.es\\\/wordpress\\\/wp-content\\\/uploads\\\/2020\\\/06\\\/maxresdefault.jpg\",\"articleSection\":[\"Uncategorized\"],\"inLanguage\":\"es\"},{\"@type\":\"WebPage\",\"@id\":\"https:\\\/\\\/www.ugtcomunicaciones.es\\\/wordpress\\\/covid-19-protejamos-a-los-ninos-contra-el-trabajo-infantil-ahora-mas-que-nunca\\\/\",\"url\":\"https:\\\/\\\/www.ugtcomunicaciones.es\\\/wordpress\\\/covid-19-protejamos-a-los-ninos-contra-el-trabajo-infantil-ahora-mas-que-nunca\\\/\",\"name\":\"COVID-19: Protejamos a los ni\u00f1os contra el trabajo infantil, \u00a1ahora m\u00e1s que nunca! - UGT Comunicaciones\",\"isPartOf\":{\"@id\":\"https:\\\/\\\/www.ugtcomunicaciones.es\\\/wordpress\\\/#website\"},\"primaryImageOfPage\":{\"@id\":\"https:\\\/\\\/www.ugtcomunicaciones.es\\\/wordpress\\\/covid-19-protejamos-a-los-ninos-contra-el-trabajo-infantil-ahora-mas-que-nunca\\\/#primaryimage\"},\"image\":{\"@id\":\"https:\\\/\\\/www.ugtcomunicaciones.es\\\/wordpress\\\/covid-19-protejamos-a-los-ninos-contra-el-trabajo-infantil-ahora-mas-que-nunca\\\/#primaryimage\"},\"thumbnailUrl\":\"https:\\\/\\\/www.ugtcomunicaciones.es\\\/wordpress\\\/wp-content\\\/uploads\\\/2020\\\/06\\\/maxresdefault.jpg\",\"datePublished\":\"2020-06-12T14:29:41+00:00\",\"breadcrumb\":{\"@id\":\"https:\\\/\\\/www.ugtcomunicaciones.es\\\/wordpress\\\/covid-19-protejamos-a-los-ninos-contra-el-trabajo-infantil-ahora-mas-que-nunca\\\/#breadcrumb\"},\"inLanguage\":\"es\",\"potentialAction\":[{\"@type\":\"ReadAction\",\"target\":[\"https:\\\/\\\/www.ugtcomunicaciones.es\\\/wordpress\\\/covid-19-protejamos-a-los-ninos-contra-el-trabajo-infantil-ahora-mas-que-nunca\\\/\"]}]},{\"@type\":\"ImageObject\",\"inLanguage\":\"es\",\"@id\":\"https:\\\/\\\/www.ugtcomunicaciones.es\\\/wordpress\\\/covid-19-protejamos-a-los-ninos-contra-el-trabajo-infantil-ahora-mas-que-nunca\\\/#primaryimage\",\"url\":\"https:\\\/\\\/www.ugtcomunicaciones.es\\\/wordpress\\\/wp-content\\\/uploads\\\/2020\\\/06\\\/maxresdefault.jpg\",\"contentUrl\":\"https:\\\/\\\/www.ugtcomunicaciones.es\\\/wordpress\\\/wp-content\\\/uploads\\\/2020\\\/06\\\/maxresdefault.jpg\",\"width\":1280,\"height\":720},{\"@type\":\"BreadcrumbList\",\"@id\":\"https:\\\/\\\/www.ugtcomunicaciones.es\\\/wordpress\\\/covid-19-protejamos-a-los-ninos-contra-el-trabajo-infantil-ahora-mas-que-nunca\\\/#breadcrumb\",\"itemListElement\":[{\"@type\":\"ListItem\",\"position\":1,\"name\":\"Portada\",\"item\":\"https:\\\/\\\/www.ugtcomunicaciones.es\\\/wordpress\\\/\"},{\"@type\":\"ListItem\",\"position\":2,\"name\":\"COVID-19: Protejamos a los ni\u00f1os contra el trabajo infantil, \u00a1ahora m\u00e1s que nunca!\"}]},{\"@type\":\"WebSite\",\"@id\":\"https:\\\/\\\/www.ugtcomunicaciones.es\\\/wordpress\\\/#website\",\"url\":\"https:\\\/\\\/www.ugtcomunicaciones.es\\\/wordpress\\\/\",\"name\":\"UGT Comunicaciones\",\"description\":\"Sindicato de Telecomunicaciones\",\"publisher\":{\"@id\":\"https:\\\/\\\/www.ugtcomunicaciones.es\\\/wordpress\\\/#organization\"},\"potentialAction\":[{\"@type\":\"SearchAction\",\"target\":{\"@type\":\"EntryPoint\",\"urlTemplate\":\"https:\\\/\\\/www.ugtcomunicaciones.es\\\/wordpress\\\/?s={search_term_string}\"},\"query-input\":{\"@type\":\"PropertyValueSpecification\",\"valueRequired\":true,\"valueName\":\"search_term_string\"}}],\"inLanguage\":\"es\"},{\"@type\":\"Organization\",\"@id\":\"https:\\\/\\\/www.ugtcomunicaciones.es\\\/wordpress\\\/#organization\",\"name\":\"UGT Comunicaciones\",\"url\":\"https:\\\/\\\/www.ugtcomunicaciones.es\\\/wordpress\\\/\",\"logo\":{\"@type\":\"ImageObject\",\"inLanguage\":\"es\",\"@id\":\"https:\\\/\\\/www.ugtcomunicaciones.es\\\/wordpress\\\/#\\\/schema\\\/logo\\\/image\\\/\",\"url\":\"https:\\\/\\\/www.ugtcomunicaciones.es\\\/wordpress\\\/wp-content\\\/uploads\\\/2024\\\/04\\\/comunicaciones_logo.png\",\"contentUrl\":\"https:\\\/\\\/www.ugtcomunicaciones.es\\\/wordpress\\\/wp-content\\\/uploads\\\/2024\\\/04\\\/comunicaciones_logo.png\",\"width\":298,\"height\":81,\"caption\":\"UGT Comunicaciones\"},\"image\":{\"@id\":\"https:\\\/\\\/www.ugtcomunicaciones.es\\\/wordpress\\\/#\\\/schema\\\/logo\\\/image\\\/\"},\"sameAs\":[\"https:\\\/\\\/www.facebook.com\\\/ugt.comunicaciones\\\/\",\"https:\\\/\\\/x.com\\\/ugtcom\"]},{\"@type\":\"Person\",\"@id\":\"https:\\\/\\\/www.ugtcomunicaciones.es\\\/wordpress\\\/#\\\/schema\\\/person\\\/eba0fc3fe5b444531d94d4368cba89ed\",\"name\":\"UGT\",\"image\":{\"@type\":\"ImageObject\",\"inLanguage\":\"es\",\"@id\":\"https:\\\/\\\/secure.gravatar.com\\\/avatar\\\/2a16057d620a4c646bcfc171c4f23030879ebbdd346f0525bd5d4a564e57e13d?s=96&d=mm&r=g\",\"url\":\"https:\\\/\\\/secure.gravatar.com\\\/avatar\\\/2a16057d620a4c646bcfc171c4f23030879ebbdd346f0525bd5d4a564e57e13d?s=96&d=mm&r=g\",\"contentUrl\":\"https:\\\/\\\/secure.gravatar.com\\\/avatar\\\/2a16057d620a4c646bcfc171c4f23030879ebbdd346f0525bd5d4a564e57e13d?s=96&d=mm&r=g\",\"caption\":\"UGT\"}}]}<\/script>\n<!-- \/ Yoast SEO Premium plugin. -->","yoast_head_json":{"title":"COVID-19: Protejamos a los ni\u00f1os contra el trabajo infantil, \u00a1ahora m\u00e1s que nunca! - UGT Comunicaciones","robots":{"index":"index","follow":"follow","max-snippet":"max-snippet:-1","max-image-preview":"max-image-preview:large","max-video-preview":"max-video-preview:-1"},"canonical":"https:\/\/www.ugtcomunicaciones.es\/wordpress\/covid-19-protejamos-a-los-ninos-contra-el-trabajo-infantil-ahora-mas-que-nunca\/","og_locale":"es_ES","og_type":"article","og_title":"COVID-19: Protejamos a los ni\u00f1os contra el trabajo infantil, \u00a1ahora m\u00e1s que nunca!","og_description":"El COVID-19 presenta riesgos sin precedentes para los derechos, la seguridad y el desarrollo de los ni\u00f1os. El D\u00eda mundial contra el trabajo infantil de 2020 insta a los pa\u00edses y las organizaciones a centrarse en las necesidades de los m\u00e1s vulnerables durante la gesti\u00f3n de la crisis y la recuperaci\u00f3n de \u00e9sta. Tenemos la [&hellip;]","og_url":"https:\/\/www.ugtcomunicaciones.es\/wordpress\/covid-19-protejamos-a-los-ninos-contra-el-trabajo-infantil-ahora-mas-que-nunca\/","og_site_name":"UGT Comunicaciones","article_publisher":"https:\/\/www.facebook.com\/ugt.comunicaciones\/","article_published_time":"2020-06-12T14:29:41+00:00","og_image":[{"width":1280,"height":720,"url":"https:\/\/www.ugtcomunicaciones.es\/wordpress\/wp-content\/uploads\/2020\/06\/maxresdefault.jpg","type":"image\/jpeg"}],"author":"UGT","twitter_card":"summary_large_image","twitter_creator":"@ugtcom","twitter_site":"@ugtcom","twitter_misc":{"Escrito por":"UGT","Tiempo de lectura":"10 minutos"},"schema":{"@context":"https:\/\/schema.org","@graph":[{"@type":"Article","@id":"https:\/\/www.ugtcomunicaciones.es\/wordpress\/covid-19-protejamos-a-los-ninos-contra-el-trabajo-infantil-ahora-mas-que-nunca\/#article","isPartOf":{"@id":"https:\/\/www.ugtcomunicaciones.es\/wordpress\/covid-19-protejamos-a-los-ninos-contra-el-trabajo-infantil-ahora-mas-que-nunca\/"},"author":{"name":"UGT","@id":"https:\/\/www.ugtcomunicaciones.es\/wordpress\/#\/schema\/person\/eba0fc3fe5b444531d94d4368cba89ed"},"headline":"COVID-19: Protejamos a los ni\u00f1os contra el trabajo infantil, \u00a1ahora m\u00e1s que nunca!","datePublished":"2020-06-12T14:29:41+00:00","mainEntityOfPage":{"@id":"https:\/\/www.ugtcomunicaciones.es\/wordpress\/covid-19-protejamos-a-los-ninos-contra-el-trabajo-infantil-ahora-mas-que-nunca\/"},"wordCount":1931,"publisher":{"@id":"https:\/\/www.ugtcomunicaciones.es\/wordpress\/#organization"},"image":{"@id":"https:\/\/www.ugtcomunicaciones.es\/wordpress\/covid-19-protejamos-a-los-ninos-contra-el-trabajo-infantil-ahora-mas-que-nunca\/#primaryimage"},"thumbnailUrl":"https:\/\/www.ugtcomunicaciones.es\/wordpress\/wp-content\/uploads\/2020\/06\/maxresdefault.jpg","articleSection":["Uncategorized"],"inLanguage":"es"},{"@type":"WebPage","@id":"https:\/\/www.ugtcomunicaciones.es\/wordpress\/covid-19-protejamos-a-los-ninos-contra-el-trabajo-infantil-ahora-mas-que-nunca\/","url":"https:\/\/www.ugtcomunicaciones.es\/wordpress\/covid-19-protejamos-a-los-ninos-contra-el-trabajo-infantil-ahora-mas-que-nunca\/","name":"COVID-19: Protejamos a los ni\u00f1os contra el trabajo infantil, \u00a1ahora m\u00e1s que nunca! - UGT Comunicaciones","isPartOf":{"@id":"https:\/\/www.ugtcomunicaciones.es\/wordpress\/#website"},"primaryImageOfPage":{"@id":"https:\/\/www.ugtcomunicaciones.es\/wordpress\/covid-19-protejamos-a-los-ninos-contra-el-trabajo-infantil-ahora-mas-que-nunca\/#primaryimage"},"image":{"@id":"https:\/\/www.ugtcomunicaciones.es\/wordpress\/covid-19-protejamos-a-los-ninos-contra-el-trabajo-infantil-ahora-mas-que-nunca\/#primaryimage"},"thumbnailUrl":"https:\/\/www.ugtcomunicaciones.es\/wordpress\/wp-content\/uploads\/2020\/06\/maxresdefault.jpg","datePublished":"2020-06-12T14:29:41+00:00","breadcrumb":{"@id":"https:\/\/www.ugtcomunicaciones.es\/wordpress\/covid-19-protejamos-a-los-ninos-contra-el-trabajo-infantil-ahora-mas-que-nunca\/#breadcrumb"},"inLanguage":"es","potentialAction":[{"@type":"ReadAction","target":["https:\/\/www.ugtcomunicaciones.es\/wordpress\/covid-19-protejamos-a-los-ninos-contra-el-trabajo-infantil-ahora-mas-que-nunca\/"]}]},{"@type":"ImageObject","inLanguage":"es","@id":"https:\/\/www.ugtcomunicaciones.es\/wordpress\/covid-19-protejamos-a-los-ninos-contra-el-trabajo-infantil-ahora-mas-que-nunca\/#primaryimage","url":"https:\/\/www.ugtcomunicaciones.es\/wordpress\/wp-content\/uploads\/2020\/06\/maxresdefault.jpg","contentUrl":"https:\/\/www.ugtcomunicaciones.es\/wordpress\/wp-content\/uploads\/2020\/06\/maxresdefault.jpg","width":1280,"height":720},{"@type":"BreadcrumbList","@id":"https:\/\/www.ugtcomunicaciones.es\/wordpress\/covid-19-protejamos-a-los-ninos-contra-el-trabajo-infantil-ahora-mas-que-nunca\/#breadcrumb","itemListElement":[{"@type":"ListItem","position":1,"name":"Portada","item":"https:\/\/www.ugtcomunicaciones.es\/wordpress\/"},{"@type":"ListItem","position":2,"name":"COVID-19: Protejamos a los ni\u00f1os contra el trabajo infantil, \u00a1ahora m\u00e1s que nunca!"}]},{"@type":"WebSite","@id":"https:\/\/www.ugtcomunicaciones.es\/wordpress\/#website","url":"https:\/\/www.ugtcomunicaciones.es\/wordpress\/","name":"UGT Comunicaciones","description":"Sindicato de Telecomunicaciones","publisher":{"@id":"https:\/\/www.ugtcomunicaciones.es\/wordpress\/#organization"},"potentialAction":[{"@type":"SearchAction","target":{"@type":"EntryPoint","urlTemplate":"https:\/\/www.ugtcomunicaciones.es\/wordpress\/?s={search_term_string}"},"query-input":{"@type":"PropertyValueSpecification","valueRequired":true,"valueName":"search_term_string"}}],"inLanguage":"es"},{"@type":"Organization","@id":"https:\/\/www.ugtcomunicaciones.es\/wordpress\/#organization","name":"UGT Comunicaciones","url":"https:\/\/www.ugtcomunicaciones.es\/wordpress\/","logo":{"@type":"ImageObject","inLanguage":"es","@id":"https:\/\/www.ugtcomunicaciones.es\/wordpress\/#\/schema\/logo\/image\/","url":"https:\/\/www.ugtcomunicaciones.es\/wordpress\/wp-content\/uploads\/2024\/04\/comunicaciones_logo.png","contentUrl":"https:\/\/www.ugtcomunicaciones.es\/wordpress\/wp-content\/uploads\/2024\/04\/comunicaciones_logo.png","width":298,"height":81,"caption":"UGT Comunicaciones"},"image":{"@id":"https:\/\/www.ugtcomunicaciones.es\/wordpress\/#\/schema\/logo\/image\/"},"sameAs":["https:\/\/www.facebook.com\/ugt.comunicaciones\/","https:\/\/x.com\/ugtcom"]},{"@type":"Person","@id":"https:\/\/www.ugtcomunicaciones.es\/wordpress\/#\/schema\/person\/eba0fc3fe5b444531d94d4368cba89ed","name":"UGT","image":{"@type":"ImageObject","inLanguage":"es","@id":"https:\/\/secure.gravatar.com\/avatar\/2a16057d620a4c646bcfc171c4f23030879ebbdd346f0525bd5d4a564e57e13d?s=96&d=mm&r=g","url":"https:\/\/secure.gravatar.com\/avatar\/2a16057d620a4c646bcfc171c4f23030879ebbdd346f0525bd5d4a564e57e13d?s=96&d=mm&r=g","contentUrl":"https:\/\/secure.gravatar.com\/avatar\/2a16057d620a4c646bcfc171c4f23030879ebbdd346f0525bd5d4a564e57e13d?s=96&d=mm&r=g","caption":"UGT"}}]}},"_links":{"self":[{"href":"https:\/\/www.ugtcomunicaciones.es\/wordpress\/wp-json\/wp\/v2\/posts\/600679","targetHints":{"allow":["GET"]}}],"collection":[{"href":"https:\/\/www.ugtcomunicaciones.es\/wordpress\/wp-json\/wp\/v2\/posts"}],"about":[{"href":"https:\/\/www.ugtcomunicaciones.es\/wordpress\/wp-json\/wp\/v2\/types\/post"}],"author":[{"embeddable":true,"href":"https:\/\/www.ugtcomunicaciones.es\/wordpress\/wp-json\/wp\/v2\/users\/3"}],"replies":[{"embeddable":true,"href":"https:\/\/www.ugtcomunicaciones.es\/wordpress\/wp-json\/wp\/v2\/comments?post=600679"}],"version-history":[{"count":0,"href":"https:\/\/www.ugtcomunicaciones.es\/wordpress\/wp-json\/wp\/v2\/posts\/600679\/revisions"}],"wp:featuredmedia":[{"embeddable":true,"href":"https:\/\/www.ugtcomunicaciones.es\/wordpress\/wp-json\/wp\/v2\/media\/600698"}],"wp:attachment":[{"href":"https:\/\/www.ugtcomunicaciones.es\/wordpress\/wp-json\/wp\/v2\/media?parent=600679"}],"wp:term":[{"taxonomy":"category","embeddable":true,"href":"https:\/\/www.ugtcomunicaciones.es\/wordpress\/wp-json\/wp\/v2\/categories?post=600679"},{"taxonomy":"post_tag","embeddable":true,"href":"https:\/\/www.ugtcomunicaciones.es\/wordpress\/wp-json\/wp\/v2\/tags?post=600679"}],"curies":[{"name":"wp","href":"https:\/\/api.w.org\/{rel}","templated":true}]}}