{"id":603905,"date":"2020-06-22T07:00:38","date_gmt":"2020-06-22T06:00:38","guid":{"rendered":"http:\/\/ugtcomunicaciones.es\/wordpress\/?p=603905"},"modified":"2020-06-17T10:07:55","modified_gmt":"2020-06-17T09:07:55","slug":"eeuu-invertira-20-000-m-en-ayudas-publicas-a-la-banda-ancha","status":"publish","type":"post","link":"https:\/\/www.ugtcomunicaciones.es\/wordpress\/eeuu-invertira-20-000-m-en-ayudas-publicas-a-la-banda-ancha\/","title":{"rendered":"EEUU invertir\u00e1 20.000 M$ en ayudas p\u00fablicas a la banda ancha"},"content":{"rendered":"<p style=\"text-align: justify;\">Decidido paso delante de EEUU para llevar la banda ancha a todo su territorio, gracias a una inversi\u00f3n milmillonaria pero que es preciso explicar en t\u00e9rminos de idoneidad y plazos.<\/p>\n<p style=\"text-align: justify;\">Estados Unidos, como otras tantas potencias mundiales, no presume de una buena red de telecomunicaciones. En las urbes m\u00e1s pobladas reina el cable, una tecnolog\u00eda con seria dificultades de escalabilidad de altas velocidades. Fuera de las grandes ciudades, el ADSL sigue siendo el rey, bajo de una red cobre obsoleta y con serios problemas estructurales (cabe tener en cuenta que en ocasiones las conexiones se cifran en decenas de km). El resultado es una banda ancha hu\u00e9rfana de fibra en comparaci\u00f3n con el resto del mundo:<\/p>\n<p style=\"text-align: justify;\">Conscientes de ello, el regulador estadounidense de las telecos, la FCC, acaba de presentar un plan de inversiones cifrado en 20.400 millones de d\u00f3lares (alrededor de 18.450 millones de euros<sup class=\"modern-footnotes-footnote \" data-mfn=\"1\" data-mfn-post-scope=\"000000000000413c0000000000000000_603905\"><a href=\"javascript:void(0)\"  role=\"button\" aria-pressed=\"false\" aria-describedby=\"mfn-content-000000000000413c0000000000000000_603905-1\">1<\/a><\/sup><span id=\"mfn-content-000000000000413c0000000000000000_603905-1\" role=\"tooltip\" class=\"modern-footnotes-footnote__note\" tabindex=\"0\" data-mfn=\"1\"><a href=\"https:\/\/www.fcc.gov\/document\/fcc-launches-20-billion-rural-digital-opportunity-fund\" target=\"_blank\" rel=\"noopener noreferrer\">https:\/\/www.fcc.gov\/document\/fcc-launches-20-billion-rural-digital-opportunity-fund<\/a><\/span>).<\/p>\n<p style=\"text-align: justify;\">Se trata de una cuant\u00eda que impresiona a simple vista, pero que es preciso matizar. En primer lugar, la dimensi\u00f3n de la inversi\u00f3n: se trata de ayudas a todos los Estados Unidos, un pa\u00eds con una extensi\u00f3n casi tan grande como la de toda Europa. En segundo, el plazo para su consumaci\u00f3n: diez a\u00f1os, lo que rebaja sustancialmente las expectativas. En tercer lugar, el objetivo: aunque se pretendan llevar conexiones de \u201chasta un gigabit\u201d a los entornos rurales<sup class=\"modern-footnotes-footnote \" data-mfn=\"2\" data-mfn-post-scope=\"000000000000413c0000000000000000_603905\"><a href=\"javascript:void(0)\"  role=\"button\" aria-pressed=\"false\" aria-describedby=\"mfn-content-000000000000413c0000000000000000_603905-2\">2<\/a><\/sup><span id=\"mfn-content-000000000000413c0000000000000000_603905-2\" role=\"tooltip\" class=\"modern-footnotes-footnote__note\" tabindex=\"0\" data-mfn=\"2\"><a href=\"http:\/\/ugtcomunicaciones.es\/wordpress\/disponibilidad-de-la-banda-ancha-en-eeuu\/\" target=\"_blank\" rel=\"noopener noreferrer\">http:\/\/ugtcomunicaciones.es\/wordpress\/disponibilidad-de-la-banda-ancha-en-eeuu\/<\/a><\/span>, lo cierto es que solo se garantizar\u00e1 una velocidad de 25 Mbps de descarga<sup class=\"modern-footnotes-footnote \" data-mfn=\"3\" data-mfn-post-scope=\"000000000000413c0000000000000000_603905\"><a href=\"javascript:void(0)\"  role=\"button\" aria-pressed=\"false\" aria-describedby=\"mfn-content-000000000000413c0000000000000000_603905-3\">3<\/a><\/sup><span id=\"mfn-content-000000000000413c0000000000000000_603905-3\" role=\"tooltip\" class=\"modern-footnotes-footnote__note\" tabindex=\"0\" data-mfn=\"3\"><a href=\"http:\/\/ugtcomunicaciones.es\/wordpress\/estado-la-brecha-digital-eeuu\/\" target=\"_blank\" rel=\"noopener noreferrer\">http:\/\/ugtcomunicaciones.es\/wordpress\/estado-la-brecha-digital-eeuu\/<\/a><\/span>. Es m\u00e1s, el plan pretende llevar \u201cbanda ancha\u201d a seis millones de hogares que, aun siendo una cifra enorme, hay que ponerla en contexto: en EEUU casi 50 millones de personas viven en \u00e1reas consideradas rurales. Y por \u00faltimo, estas ayudas son incompatibles con cualquier otro tipo de ayuda p\u00fablica (ya sean estatales, federales o locales<sup class=\"modern-footnotes-footnote \" data-mfn=\"4\" data-mfn-post-scope=\"000000000000413c0000000000000000_603905\"><a href=\"javascript:void(0)\"  role=\"button\" aria-pressed=\"false\" aria-describedby=\"mfn-content-000000000000413c0000000000000000_603905-4\">4<\/a><\/sup><span id=\"mfn-content-000000000000413c0000000000000000_603905-4\" role=\"tooltip\" class=\"modern-footnotes-footnote__note\" tabindex=\"0\" data-mfn=\"4\"><a href=\"https:\/\/www.telecompaper.com\/news\/fcc-approves-new-rural-broadband-subsidy-auction-this-year--1324788\" target=\"_blank\" rel=\"noopener noreferrer\">https:\/\/www.telecompaper.com\/news\/fcc-approves-new-rural-broadband-subsidy-auction-this-year&#8211;1324788<\/a><\/span>), lo que limita mucho la eficacia del plan.<\/p>\n<p style=\"text-align: justify;\">Como casi todo lo que ocurre en la pol\u00edtica actual estadounidense, la medida fue aprobada por la Administraci\u00f3n Trump por tres votos contra dos, los correspondientes a los representantes dem\u00f3cratas en la FCC; aun estando conforme con el fondo de las ayudas, discrepaban sobre la forma de llevarlas a cabo.<\/p>\n<h4 style=\"text-align: right;\"><strong><span style=\"color: #ff0000;\">UGT<\/span> Comunicaciones<\/strong><\/h4>\n","protected":false},"excerpt":{"rendered":"<p>EEUU<\/p>\n","protected":false},"author":3,"featured_media":603931,"comment_status":"closed","ping_status":"closed","sticky":false,"template":"","format":"standard","meta":{"footnotes":""},"categories":[16,12],"tags":[],"class_list":["post-603905","post","type-post","status-publish","format-standard","has-post-thumbnail","hentry","category-internet","category-regulacion"],"yoast_head":"<!-- This site is optimized with the Yoast SEO Premium plugin v27.3 (Yoast SEO v27.4) - https:\/\/yoast.com\/product\/yoast-seo-premium-wordpress\/ -->\n<title>EEUU invertir\u00e1 20.000 M$ en ayudas p\u00fablicas a la banda ancha - UGT Comunicaciones<\/title>\n<meta name=\"robots\" content=\"index, follow, max-snippet:-1, max-image-preview:large, max-video-preview:-1\" \/>\n<link rel=\"canonical\" href=\"https:\/\/www.ugtcomunicaciones.es\/wordpress\/eeuu-invertira-20-000-m-en-ayudas-publicas-a-la-banda-ancha\/\" \/>\n<meta property=\"og:locale\" content=\"es_ES\" \/>\n<meta property=\"og:type\" content=\"article\" \/>\n<meta property=\"og:title\" content=\"EEUU invertir\u00e1 20.000 M$ en ayudas p\u00fablicas a la banda ancha\" \/>\n<meta property=\"og:description\" content=\"EEUU\" \/>\n<meta property=\"og:url\" content=\"https:\/\/www.ugtcomunicaciones.es\/wordpress\/eeuu-invertira-20-000-m-en-ayudas-publicas-a-la-banda-ancha\/\" \/>\n<meta property=\"og:site_name\" content=\"UGT Comunicaciones\" \/>\n<meta property=\"article:publisher\" content=\"https:\/\/www.facebook.com\/ugt.comunicaciones\/\" \/>\n<meta property=\"article:published_time\" content=\"2020-06-22T06:00:38+00:00\" \/>\n<meta property=\"og:image\" content=\"https:\/\/www.ugtcomunicaciones.es\/wordpress\/wp-content\/uploads\/2020\/06\/EEUU-1.jpg\" \/>\n\t<meta property=\"og:image:width\" content=\"600\" \/>\n\t<meta property=\"og:image:height\" content=\"363\" \/>\n\t<meta property=\"og:image:type\" content=\"image\/jpeg\" \/>\n<meta name=\"author\" content=\"UGT\" \/>\n<meta name=\"twitter:card\" content=\"summary_large_image\" \/>\n<meta name=\"twitter:creator\" content=\"@ugtcom\" \/>\n<meta name=\"twitter:site\" content=\"@ugtcom\" \/>\n<meta name=\"twitter:label1\" content=\"Escrito por\" \/>\n\t<meta name=\"twitter:data1\" content=\"UGT\" \/>\n\t<meta name=\"twitter:label2\" content=\"Tiempo de lectura\" \/>\n\t<meta name=\"twitter:data2\" content=\"2 minutos\" \/>\n<script type=\"application\/ld+json\" class=\"yoast-schema-graph\">{\"@context\":\"https:\\\/\\\/schema.org\",\"@graph\":[{\"@type\":\"Article\",\"@id\":\"https:\\\/\\\/www.ugtcomunicaciones.es\\\/wordpress\\\/eeuu-invertira-20-000-m-en-ayudas-publicas-a-la-banda-ancha\\\/#article\",\"isPartOf\":{\"@id\":\"https:\\\/\\\/www.ugtcomunicaciones.es\\\/wordpress\\\/eeuu-invertira-20-000-m-en-ayudas-publicas-a-la-banda-ancha\\\/\"},\"author\":{\"name\":\"UGT\",\"@id\":\"https:\\\/\\\/www.ugtcomunicaciones.es\\\/wordpress\\\/#\\\/schema\\\/person\\\/eba0fc3fe5b444531d94d4368cba89ed\"},\"headline\":\"EEUU invertir\u00e1 20.000 M$ en ayudas p\u00fablicas a la banda ancha\",\"datePublished\":\"2020-06-22T06:00:38+00:00\",\"mainEntityOfPage\":{\"@id\":\"https:\\\/\\\/www.ugtcomunicaciones.es\\\/wordpress\\\/eeuu-invertira-20-000-m-en-ayudas-publicas-a-la-banda-ancha\\\/\"},\"wordCount\":411,\"publisher\":{\"@id\":\"https:\\\/\\\/www.ugtcomunicaciones.es\\\/wordpress\\\/#organization\"},\"image\":{\"@id\":\"https:\\\/\\\/www.ugtcomunicaciones.es\\\/wordpress\\\/eeuu-invertira-20-000-m-en-ayudas-publicas-a-la-banda-ancha\\\/#primaryimage\"},\"thumbnailUrl\":\"https:\\\/\\\/www.ugtcomunicaciones.es\\\/wordpress\\\/wp-content\\\/uploads\\\/2020\\\/06\\\/EEUU-1.jpg\",\"articleSection\":[\"Internet\",\"Regulaci\u00f3n\"],\"inLanguage\":\"es\"},{\"@type\":\"WebPage\",\"@id\":\"https:\\\/\\\/www.ugtcomunicaciones.es\\\/wordpress\\\/eeuu-invertira-20-000-m-en-ayudas-publicas-a-la-banda-ancha\\\/\",\"url\":\"https:\\\/\\\/www.ugtcomunicaciones.es\\\/wordpress\\\/eeuu-invertira-20-000-m-en-ayudas-publicas-a-la-banda-ancha\\\/\",\"name\":\"EEUU invertir\u00e1 20.000 M$ en ayudas p\u00fablicas a la banda ancha - UGT Comunicaciones\",\"isPartOf\":{\"@id\":\"https:\\\/\\\/www.ugtcomunicaciones.es\\\/wordpress\\\/#website\"},\"primaryImageOfPage\":{\"@id\":\"https:\\\/\\\/www.ugtcomunicaciones.es\\\/wordpress\\\/eeuu-invertira-20-000-m-en-ayudas-publicas-a-la-banda-ancha\\\/#primaryimage\"},\"image\":{\"@id\":\"https:\\\/\\\/www.ugtcomunicaciones.es\\\/wordpress\\\/eeuu-invertira-20-000-m-en-ayudas-publicas-a-la-banda-ancha\\\/#primaryimage\"},\"thumbnailUrl\":\"https:\\\/\\\/www.ugtcomunicaciones.es\\\/wordpress\\\/wp-content\\\/uploads\\\/2020\\\/06\\\/EEUU-1.jpg\",\"datePublished\":\"2020-06-22T06:00:38+00:00\",\"breadcrumb\":{\"@id\":\"https:\\\/\\\/www.ugtcomunicaciones.es\\\/wordpress\\\/eeuu-invertira-20-000-m-en-ayudas-publicas-a-la-banda-ancha\\\/#breadcrumb\"},\"inLanguage\":\"es\",\"potentialAction\":[{\"@type\":\"ReadAction\",\"target\":[\"https:\\\/\\\/www.ugtcomunicaciones.es\\\/wordpress\\\/eeuu-invertira-20-000-m-en-ayudas-publicas-a-la-banda-ancha\\\/\"]}]},{\"@type\":\"ImageObject\",\"inLanguage\":\"es\",\"@id\":\"https:\\\/\\\/www.ugtcomunicaciones.es\\\/wordpress\\\/eeuu-invertira-20-000-m-en-ayudas-publicas-a-la-banda-ancha\\\/#primaryimage\",\"url\":\"https:\\\/\\\/www.ugtcomunicaciones.es\\\/wordpress\\\/wp-content\\\/uploads\\\/2020\\\/06\\\/EEUU-1.jpg\",\"contentUrl\":\"https:\\\/\\\/www.ugtcomunicaciones.es\\\/wordpress\\\/wp-content\\\/uploads\\\/2020\\\/06\\\/EEUU-1.jpg\",\"width\":600,\"height\":363},{\"@type\":\"BreadcrumbList\",\"@id\":\"https:\\\/\\\/www.ugtcomunicaciones.es\\\/wordpress\\\/eeuu-invertira-20-000-m-en-ayudas-publicas-a-la-banda-ancha\\\/#breadcrumb\",\"itemListElement\":[{\"@type\":\"ListItem\",\"position\":1,\"name\":\"Portada\",\"item\":\"https:\\\/\\\/www.ugtcomunicaciones.es\\\/wordpress\\\/\"},{\"@type\":\"ListItem\",\"position\":2,\"name\":\"EEUU invertir\u00e1 20.000 M$ en ayudas p\u00fablicas a la banda ancha\"}]},{\"@type\":\"WebSite\",\"@id\":\"https:\\\/\\\/www.ugtcomunicaciones.es\\\/wordpress\\\/#website\",\"url\":\"https:\\\/\\\/www.ugtcomunicaciones.es\\\/wordpress\\\/\",\"name\":\"UGT Comunicaciones\",\"description\":\"Sindicato de Telecomunicaciones\",\"publisher\":{\"@id\":\"https:\\\/\\\/www.ugtcomunicaciones.es\\\/wordpress\\\/#organization\"},\"potentialAction\":[{\"@type\":\"SearchAction\",\"target\":{\"@type\":\"EntryPoint\",\"urlTemplate\":\"https:\\\/\\\/www.ugtcomunicaciones.es\\\/wordpress\\\/?s={search_term_string}\"},\"query-input\":{\"@type\":\"PropertyValueSpecification\",\"valueRequired\":true,\"valueName\":\"search_term_string\"}}],\"inLanguage\":\"es\"},{\"@type\":\"Organization\",\"@id\":\"https:\\\/\\\/www.ugtcomunicaciones.es\\\/wordpress\\\/#organization\",\"name\":\"UGT Comunicaciones\",\"url\":\"https:\\\/\\\/www.ugtcomunicaciones.es\\\/wordpress\\\/\",\"logo\":{\"@type\":\"ImageObject\",\"inLanguage\":\"es\",\"@id\":\"https:\\\/\\\/www.ugtcomunicaciones.es\\\/wordpress\\\/#\\\/schema\\\/logo\\\/image\\\/\",\"url\":\"https:\\\/\\\/www.ugtcomunicaciones.es\\\/wordpress\\\/wp-content\\\/uploads\\\/2024\\\/04\\\/comunicaciones_logo.png\",\"contentUrl\":\"https:\\\/\\\/www.ugtcomunicaciones.es\\\/wordpress\\\/wp-content\\\/uploads\\\/2024\\\/04\\\/comunicaciones_logo.png\",\"width\":298,\"height\":81,\"caption\":\"UGT Comunicaciones\"},\"image\":{\"@id\":\"https:\\\/\\\/www.ugtcomunicaciones.es\\\/wordpress\\\/#\\\/schema\\\/logo\\\/image\\\/\"},\"sameAs\":[\"https:\\\/\\\/www.facebook.com\\\/ugt.comunicaciones\\\/\",\"https:\\\/\\\/x.com\\\/ugtcom\"]},{\"@type\":\"Person\",\"@id\":\"https:\\\/\\\/www.ugtcomunicaciones.es\\\/wordpress\\\/#\\\/schema\\\/person\\\/eba0fc3fe5b444531d94d4368cba89ed\",\"name\":\"UGT\",\"image\":{\"@type\":\"ImageObject\",\"inLanguage\":\"es\",\"@id\":\"https:\\\/\\\/secure.gravatar.com\\\/avatar\\\/2a16057d620a4c646bcfc171c4f23030879ebbdd346f0525bd5d4a564e57e13d?s=96&d=mm&r=g\",\"url\":\"https:\\\/\\\/secure.gravatar.com\\\/avatar\\\/2a16057d620a4c646bcfc171c4f23030879ebbdd346f0525bd5d4a564e57e13d?s=96&d=mm&r=g\",\"contentUrl\":\"https:\\\/\\\/secure.gravatar.com\\\/avatar\\\/2a16057d620a4c646bcfc171c4f23030879ebbdd346f0525bd5d4a564e57e13d?s=96&d=mm&r=g\",\"caption\":\"UGT\"}}]}<\/script>\n<!-- \/ Yoast SEO Premium plugin. -->","yoast_head_json":{"title":"EEUU invertir\u00e1 20.000 M$ en ayudas p\u00fablicas a la banda ancha - UGT Comunicaciones","robots":{"index":"index","follow":"follow","max-snippet":"max-snippet:-1","max-image-preview":"max-image-preview:large","max-video-preview":"max-video-preview:-1"},"canonical":"https:\/\/www.ugtcomunicaciones.es\/wordpress\/eeuu-invertira-20-000-m-en-ayudas-publicas-a-la-banda-ancha\/","og_locale":"es_ES","og_type":"article","og_title":"EEUU invertir\u00e1 20.000 M$ en ayudas p\u00fablicas a la banda ancha","og_description":"EEUU","og_url":"https:\/\/www.ugtcomunicaciones.es\/wordpress\/eeuu-invertira-20-000-m-en-ayudas-publicas-a-la-banda-ancha\/","og_site_name":"UGT Comunicaciones","article_publisher":"https:\/\/www.facebook.com\/ugt.comunicaciones\/","article_published_time":"2020-06-22T06:00:38+00:00","og_image":[{"width":600,"height":363,"url":"https:\/\/www.ugtcomunicaciones.es\/wordpress\/wp-content\/uploads\/2020\/06\/EEUU-1.jpg","type":"image\/jpeg"}],"author":"UGT","twitter_card":"summary_large_image","twitter_creator":"@ugtcom","twitter_site":"@ugtcom","twitter_misc":{"Escrito por":"UGT","Tiempo de lectura":"2 minutos"},"schema":{"@context":"https:\/\/schema.org","@graph":[{"@type":"Article","@id":"https:\/\/www.ugtcomunicaciones.es\/wordpress\/eeuu-invertira-20-000-m-en-ayudas-publicas-a-la-banda-ancha\/#article","isPartOf":{"@id":"https:\/\/www.ugtcomunicaciones.es\/wordpress\/eeuu-invertira-20-000-m-en-ayudas-publicas-a-la-banda-ancha\/"},"author":{"name":"UGT","@id":"https:\/\/www.ugtcomunicaciones.es\/wordpress\/#\/schema\/person\/eba0fc3fe5b444531d94d4368cba89ed"},"headline":"EEUU invertir\u00e1 20.000 M$ en ayudas p\u00fablicas a la banda ancha","datePublished":"2020-06-22T06:00:38+00:00","mainEntityOfPage":{"@id":"https:\/\/www.ugtcomunicaciones.es\/wordpress\/eeuu-invertira-20-000-m-en-ayudas-publicas-a-la-banda-ancha\/"},"wordCount":411,"publisher":{"@id":"https:\/\/www.ugtcomunicaciones.es\/wordpress\/#organization"},"image":{"@id":"https:\/\/www.ugtcomunicaciones.es\/wordpress\/eeuu-invertira-20-000-m-en-ayudas-publicas-a-la-banda-ancha\/#primaryimage"},"thumbnailUrl":"https:\/\/www.ugtcomunicaciones.es\/wordpress\/wp-content\/uploads\/2020\/06\/EEUU-1.jpg","articleSection":["Internet","Regulaci\u00f3n"],"inLanguage":"es"},{"@type":"WebPage","@id":"https:\/\/www.ugtcomunicaciones.es\/wordpress\/eeuu-invertira-20-000-m-en-ayudas-publicas-a-la-banda-ancha\/","url":"https:\/\/www.ugtcomunicaciones.es\/wordpress\/eeuu-invertira-20-000-m-en-ayudas-publicas-a-la-banda-ancha\/","name":"EEUU invertir\u00e1 20.000 M$ en ayudas p\u00fablicas a la banda ancha - UGT Comunicaciones","isPartOf":{"@id":"https:\/\/www.ugtcomunicaciones.es\/wordpress\/#website"},"primaryImageOfPage":{"@id":"https:\/\/www.ugtcomunicaciones.es\/wordpress\/eeuu-invertira-20-000-m-en-ayudas-publicas-a-la-banda-ancha\/#primaryimage"},"image":{"@id":"https:\/\/www.ugtcomunicaciones.es\/wordpress\/eeuu-invertira-20-000-m-en-ayudas-publicas-a-la-banda-ancha\/#primaryimage"},"thumbnailUrl":"https:\/\/www.ugtcomunicaciones.es\/wordpress\/wp-content\/uploads\/2020\/06\/EEUU-1.jpg","datePublished":"2020-06-22T06:00:38+00:00","breadcrumb":{"@id":"https:\/\/www.ugtcomunicaciones.es\/wordpress\/eeuu-invertira-20-000-m-en-ayudas-publicas-a-la-banda-ancha\/#breadcrumb"},"inLanguage":"es","potentialAction":[{"@type":"ReadAction","target":["https:\/\/www.ugtcomunicaciones.es\/wordpress\/eeuu-invertira-20-000-m-en-ayudas-publicas-a-la-banda-ancha\/"]}]},{"@type":"ImageObject","inLanguage":"es","@id":"https:\/\/www.ugtcomunicaciones.es\/wordpress\/eeuu-invertira-20-000-m-en-ayudas-publicas-a-la-banda-ancha\/#primaryimage","url":"https:\/\/www.ugtcomunicaciones.es\/wordpress\/wp-content\/uploads\/2020\/06\/EEUU-1.jpg","contentUrl":"https:\/\/www.ugtcomunicaciones.es\/wordpress\/wp-content\/uploads\/2020\/06\/EEUU-1.jpg","width":600,"height":363},{"@type":"BreadcrumbList","@id":"https:\/\/www.ugtcomunicaciones.es\/wordpress\/eeuu-invertira-20-000-m-en-ayudas-publicas-a-la-banda-ancha\/#breadcrumb","itemListElement":[{"@type":"ListItem","position":1,"name":"Portada","item":"https:\/\/www.ugtcomunicaciones.es\/wordpress\/"},{"@type":"ListItem","position":2,"name":"EEUU invertir\u00e1 20.000 M$ en ayudas p\u00fablicas a la banda ancha"}]},{"@type":"WebSite","@id":"https:\/\/www.ugtcomunicaciones.es\/wordpress\/#website","url":"https:\/\/www.ugtcomunicaciones.es\/wordpress\/","name":"UGT Comunicaciones","description":"Sindicato de Telecomunicaciones","publisher":{"@id":"https:\/\/www.ugtcomunicaciones.es\/wordpress\/#organization"},"potentialAction":[{"@type":"SearchAction","target":{"@type":"EntryPoint","urlTemplate":"https:\/\/www.ugtcomunicaciones.es\/wordpress\/?s={search_term_string}"},"query-input":{"@type":"PropertyValueSpecification","valueRequired":true,"valueName":"search_term_string"}}],"inLanguage":"es"},{"@type":"Organization","@id":"https:\/\/www.ugtcomunicaciones.es\/wordpress\/#organization","name":"UGT Comunicaciones","url":"https:\/\/www.ugtcomunicaciones.es\/wordpress\/","logo":{"@type":"ImageObject","inLanguage":"es","@id":"https:\/\/www.ugtcomunicaciones.es\/wordpress\/#\/schema\/logo\/image\/","url":"https:\/\/www.ugtcomunicaciones.es\/wordpress\/wp-content\/uploads\/2024\/04\/comunicaciones_logo.png","contentUrl":"https:\/\/www.ugtcomunicaciones.es\/wordpress\/wp-content\/uploads\/2024\/04\/comunicaciones_logo.png","width":298,"height":81,"caption":"UGT Comunicaciones"},"image":{"@id":"https:\/\/www.ugtcomunicaciones.es\/wordpress\/#\/schema\/logo\/image\/"},"sameAs":["https:\/\/www.facebook.com\/ugt.comunicaciones\/","https:\/\/x.com\/ugtcom"]},{"@type":"Person","@id":"https:\/\/www.ugtcomunicaciones.es\/wordpress\/#\/schema\/person\/eba0fc3fe5b444531d94d4368cba89ed","name":"UGT","image":{"@type":"ImageObject","inLanguage":"es","@id":"https:\/\/secure.gravatar.com\/avatar\/2a16057d620a4c646bcfc171c4f23030879ebbdd346f0525bd5d4a564e57e13d?s=96&d=mm&r=g","url":"https:\/\/secure.gravatar.com\/avatar\/2a16057d620a4c646bcfc171c4f23030879ebbdd346f0525bd5d4a564e57e13d?s=96&d=mm&r=g","contentUrl":"https:\/\/secure.gravatar.com\/avatar\/2a16057d620a4c646bcfc171c4f23030879ebbdd346f0525bd5d4a564e57e13d?s=96&d=mm&r=g","caption":"UGT"}}]}},"_links":{"self":[{"href":"https:\/\/www.ugtcomunicaciones.es\/wordpress\/wp-json\/wp\/v2\/posts\/603905","targetHints":{"allow":["GET"]}}],"collection":[{"href":"https:\/\/www.ugtcomunicaciones.es\/wordpress\/wp-json\/wp\/v2\/posts"}],"about":[{"href":"https:\/\/www.ugtcomunicaciones.es\/wordpress\/wp-json\/wp\/v2\/types\/post"}],"author":[{"embeddable":true,"href":"https:\/\/www.ugtcomunicaciones.es\/wordpress\/wp-json\/wp\/v2\/users\/3"}],"replies":[{"embeddable":true,"href":"https:\/\/www.ugtcomunicaciones.es\/wordpress\/wp-json\/wp\/v2\/comments?post=603905"}],"version-history":[{"count":0,"href":"https:\/\/www.ugtcomunicaciones.es\/wordpress\/wp-json\/wp\/v2\/posts\/603905\/revisions"}],"wp:featuredmedia":[{"embeddable":true,"href":"https:\/\/www.ugtcomunicaciones.es\/wordpress\/wp-json\/wp\/v2\/media\/603931"}],"wp:attachment":[{"href":"https:\/\/www.ugtcomunicaciones.es\/wordpress\/wp-json\/wp\/v2\/media?parent=603905"}],"wp:term":[{"taxonomy":"category","embeddable":true,"href":"https:\/\/www.ugtcomunicaciones.es\/wordpress\/wp-json\/wp\/v2\/categories?post=603905"},{"taxonomy":"post_tag","embeddable":true,"href":"https:\/\/www.ugtcomunicaciones.es\/wordpress\/wp-json\/wp\/v2\/tags?post=603905"}],"curies":[{"name":"wp","href":"https:\/\/api.w.org\/{rel}","templated":true}]}}